{"id":517413,"date":"2024-09-03T16:37:47","date_gmt":"2024-09-03T14:37:47","guid":{"rendered":"https:\/\/dicodusport.fr\/blog\/?p=517413&#038;preview=true&#038;preview_id=517413"},"modified":"2024-09-03T16:37:47","modified_gmt":"2024-09-03T14:37:47","slug":"tour-despagne-2024-wout-van-aert-chute-et-abandonne-lors-de-la-16eme-etape","status":"publish","type":"post","link":"https:\/\/dicodusport.fr\/blog\/tour-despagne-2024-wout-van-aert-chute-et-abandonne-lors-de-la-16eme-etape\/","title":{"rendered":"Tour d&rsquo;Espagne 2024 : Wout Van Aert chute et abandonne lors de la 16\u00e8me \u00e9tape"},"content":{"rendered":"<p style=\"text-align: justify;\"><em><strong><a href=\"https:\/\/dicodusport.fr\/blog\/actualites\/cyclisme\/cyclisme-sur-route-2024\/tour-espagne-2024\/\">TOUR D&rsquo;ESPAGNE 2024<\/a><\/strong><\/em><em><strong> &#8211; Alors qu&rsquo;il figurait encore dans l&rsquo;\u00e9chap\u00e9e, Wout Van Aert a subi une lourde chute en descente, et a \u00e9t\u00e9 contraint \u00e0 l&rsquo;abandon.<\/strong><\/em><\/p>\n<p style=\"text-align: justify;\">C&rsquo;\u00e9tait encore une bonne journ\u00e9e sur le papier pour\u00a0<strong>Wout van Aert<\/strong> (<span class=\"red hideIfMobile\">Team Visma | Lease a Bike). Membre de l&rsquo;\u00e9chapp\u00e9e du jour, comme souvent sur cette Vuelta, il \u00e9tait pass\u00e9 en t\u00eate des deux premi\u00e8res difficult\u00e9s de la journ\u00e9e. Ainsi, il avait repris le large en t\u00eate du classement de meilleur grimpeur, et comme le maillot vert lui semblait promis, en plus de trois victoires d&rsquo;\u00e9tape, cette Vuelta \u00e9tait un succ\u00e8s.\u00a0<\/span><\/p>\n<ul style=\"text-align: justify;\">\n<li style=\"text-align: justify;\"><strong>\u00c0 ce sujet &#8211; <a href=\"https:\/\/dicodusport.fr\/blog\/tour-despagne-2024-classement-general-de-la-vuelta\/\">Tour d&rsquo;Espagne 2024 &#8211; Classement g\u00e9n\u00e9ral de la Vuelta<\/a><\/strong><\/li>\n<\/ul>\n<p style=\"text-align: justify;\">Jusqu&rsquo;\u00e0 la descente du Collada Llomena. Alors que la pluie faisait son apparition, le Belge a subi une lourde chute dans un virage, allant taper un rocher et sortant de la route tout comme <strong>Isaac del Toro <\/strong>(<span class=\"red hideIfMobile\">UAE Team Emirates) et <strong>Felix Engelhardt <\/strong>(Team Jayco AlUla), qui sont eux repartis. Mais lui paraissait durement touch\u00e9, mettant quelques minutes \u00e0 repartir, et l&rsquo;on craignait alors le pire.\u00a0<\/span><\/p>\n<blockquote class=\"twitter-tweet\">\n<p dir=\"ltr\" lang=\"es\">La cara cruel del ciclismo \ud83d\udc94<\/p>\n<p>Los gritos de dolor de Van Aert tras caerse y verse obligado a abandonar. <a href=\"https:\/\/twitter.com\/hashtag\/LaVuelta24?src=hash&amp;ref_src=twsrc%5Etfw\">#LaVuelta24<\/a> | <a href=\"https:\/\/twitter.com\/hashtag\/LaCasadelCiclismo?src=hash&amp;ref_src=twsrc%5Etfw\">#LaCasadelCiclismo<\/a> <a href=\"https:\/\/t.co\/41ADoz0tEx\">pic.twitter.com\/41ADoz0tEx<\/a><\/p>\n<p>\u2014 Eurosport.es (@Eurosport_ES) <a href=\"https:\/\/twitter.com\/Eurosport_ES\/status\/1830976781521744264?ref_src=twsrc%5Etfw\">September 3, 2024<\/a><\/p><\/blockquote>\n<p style=\"text-align: justify;\"><script async src=\"https:\/\/platform.twitter.com\/widgets.js\" charset=\"utf-8\"><\/script><\/p>\n<p style=\"text-align: justify;\">Et le pire est arriv\u00e9. Quand la voiture de son \u00e9quipe est arriv\u00e9e \u00e0 sa hauteur, elle n&rsquo;a pu que constater les d\u00e9g\u00e2ts. Durement touch\u00e9 au genou, le coude en sang, il criait de douleur, ne laissant gu\u00e8re de suspense sur la suite des op\u00e9rations. <strong>Wout Van Aert<\/strong> \u00e9tait contraint \u00e0 l&rsquo;abandon, laissant un boulevard \u00e0 <strong>Jay Vine<\/strong> (<span class=\"red hideIfMobile\">UAE Team Emirates) pour le maillot \u00e0 pois et \u00e0\u00a0<\/span><strong>Kaden Groves<\/strong> (<span class=\"red hideIfMobile\">Alpecin &#8211; Deceuninck) pour le vert. Reste \u00e0 savoir les cons\u00e9quences sur la suite de la saison du Belge, qui tenait une forme terrible sur cette Vuelta, et qui s&rsquo;affichait d\u00e9j\u00e0 comme un favori des Mondiaux pr\u00e9vus en fin de mois.<\/span><\/p>\n<ul>\n<li style=\"text-align: justify;\"><strong>\u00c0 ce sujet &#8211;\u00a0<a href=\"https:\/\/dicodusport.fr\/blog\/tour-despagne-2024-classement-16eme-etape-de-la-vuelta\/\">Le classement complet de la 16\u00e8me \u00e9tape<\/a><\/strong><\/li>\n<\/ul>\n","protected":false},"excerpt":{"rendered":"<p>TOUR D&rsquo;ESPAGNE 2024 &#8211; Alors qu&rsquo;il figurait encore dans l&rsquo;\u00e9chap\u00e9e, Wout Van Aert a subi une lourde chute en descente, et a \u00e9t\u00e9 contraint \u00e0 l&rsquo;abandon.<\/p>\n","protected":false},"author":59,"featured_media":517416,"comment_status":"open","ping_status":"closed","sticky":false,"template":"","format":"standard","meta":{"_acf_changed":false,"_daextam_enable_autolinks":"1","footnotes":""},"categories":[47042],"tags":[16878,1671,1670],"class_list":["post-517413","post","type-post","status-publish","format-standard","has-post-thumbnail","hentry","category-tour-d-espagne","tag-breve","tag-tour-despagne","tag-vuelta"],"acf":[],"yoast_head":"<!-- This site is optimized with the Yoast SEO Premium plugin v26.7 (Yoast SEO v26.7) - https:\/\/yoast.com\/wordpress\/plugins\/seo\/ -->\n<title>Tour d&#039;Espagne 2024 : Wout Van Aert chute et abandonne lors de la 16\u00e8me \u00e9tape<\/title>\n<meta name=\"description\" content=\"TOUR D&#039;ESPAGNE 2024 - Alors qu&#039;il figurait encore dans l&#039;\u00e9chap\u00e9e, Wout Van Aert a subi une lourde chute en descente, et a \u00e9t\u00e9 contraint \u00e0 l&#039;abandon.\" \/>\n<meta name=\"robots\" content=\"index, follow, max-snippet:-1, max-image-preview:large, max-video-preview:-1\" \/>\n<link rel=\"canonical\" href=\"https:\/\/dicodusport.fr\/blog\/tour-despagne-2024-wout-van-aert-chute-et-abandonne-lors-de-la-16eme-etape\/\" \/>\n<meta property=\"og:locale\" content=\"fr_FR\" \/>\n<meta property=\"og:type\" content=\"article\" \/>\n<meta property=\"og:title\" content=\"Tour d&#039;Espagne 2024 : Wout Van Aert chute et abandonne lors de la 16\u00e8me \u00e9tape\" \/>\n<meta property=\"og:description\" content=\"TOUR D&#039;ESPAGNE 2024 - Alors qu&#039;il figurait encore dans l&#039;\u00e9chap\u00e9e, Wout Van Aert a subi une lourde chute en descente, et a \u00e9t\u00e9 contraint \u00e0 l&#039;abandon.\" \/>\n<meta property=\"og:url\" content=\"https:\/\/dicodusport.fr\/blog\/tour-despagne-2024-wout-van-aert-chute-et-abandonne-lors-de-la-16eme-etape\/\" \/>\n<meta property=\"og:site_name\" content=\"Dicodusport\" \/>\n<meta property=\"article:publisher\" content=\"https:\/\/www.facebook.com\/dicodusport\" \/>\n<meta property=\"article:author\" content=\"https:\/\/www.facebook.com\/sebastien.gente\/\" \/>\n<meta property=\"article:published_time\" content=\"2024-09-03T14:37:47+00:00\" \/>\n<meta property=\"og:image\" content=\"https:\/\/dicodusport.fr\/blog\/wp-content\/uploads\/2024\/09\/Tour-dEspagne-2024-Wout-Van-Aert-chute-et-abandonne-lors-de-la-16eme-etape.png\" \/>\n\t<meta property=\"og:image:width\" content=\"1200\" \/>\n\t<meta property=\"og:image:height\" content=\"674\" \/>\n\t<meta property=\"og:image:type\" content=\"image\/png\" \/>\n<meta name=\"author\" content=\"S\u00e9bastien Gente\" \/>\n<meta name=\"twitter:card\" content=\"summary_large_image\" \/>\n<meta name=\"twitter:title\" content=\"Tour d&#039;Espagne 2024 : Wout Van Aert chute et abandonne lors de la 16\u00e8me \u00e9tape\" \/>\n<meta name=\"twitter:creator\" content=\"@https:\/\/twitter.com\/globulo24\" \/>\n<meta name=\"twitter:site\" content=\"@dicodusport\" \/>\n<script type=\"application\/ld+json\" class=\"yoast-schema-graph\">{\"@context\":\"https:\/\/schema.org\",\"@graph\":[{\"@type\":\"NewsArticle\",\"@id\":\"https:\/\/dicodusport.fr\/blog\/tour-despagne-2024-wout-van-aert-chute-et-abandonne-lors-de-la-16eme-etape\/#article\",\"isPartOf\":{\"@id\":\"https:\/\/dicodusport.fr\/blog\/tour-despagne-2024-wout-van-aert-chute-et-abandonne-lors-de-la-16eme-etape\/\"},\"author\":{\"name\":\"S\u00e9bastien Gente\",\"@id\":\"https:\/\/dicodusport.fr\/blog\/#\/schema\/person\/627966a6cde45dbd8c5e36ac85d783da\"},\"headline\":\"Tour d&rsquo;Espagne 2024 : Wout Van Aert chute et abandonne lors de la 16\u00e8me \u00e9tape\",\"datePublished\":\"2024-09-03T14:37:47+00:00\",\"mainEntityOfPage\":{\"@id\":\"https:\/\/dicodusport.fr\/blog\/tour-despagne-2024-wout-van-aert-chute-et-abandonne-lors-de-la-16eme-etape\/\"},\"wordCount\":362,\"commentCount\":0,\"publisher\":{\"@id\":\"https:\/\/dicodusport.fr\/blog\/#organization\"},\"image\":{\"@id\":\"https:\/\/dicodusport.fr\/blog\/tour-despagne-2024-wout-van-aert-chute-et-abandonne-lors-de-la-16eme-etape\/#primaryimage\"},\"thumbnailUrl\":\"https:\/\/dicodusport.fr\/blog\/wp-content\/uploads\/2024\/09\/Tour-dEspagne-2024-Wout-Van-Aert-chute-et-abandonne-lors-de-la-16eme-etape.png\",\"keywords\":[\"br\u00e8ve\",\"Tour d'Espagne\",\"Vuelta\"],\"articleSection\":[\"Tour d'Espagne\"],\"inLanguage\":\"fr-FR\",\"potentialAction\":[{\"@type\":\"CommentAction\",\"name\":\"Comment\",\"target\":[\"https:\/\/dicodusport.fr\/blog\/tour-despagne-2024-wout-van-aert-chute-et-abandonne-lors-de-la-16eme-etape\/#respond\"]}],\"copyrightYear\":\"2024\",\"copyrightHolder\":{\"@id\":\"https:\/\/dicodusport.fr\/blog\/#organization\"}},{\"@type\":\"WebPage\",\"@id\":\"https:\/\/dicodusport.fr\/blog\/tour-despagne-2024-wout-van-aert-chute-et-abandonne-lors-de-la-16eme-etape\/\",\"url\":\"https:\/\/dicodusport.fr\/blog\/tour-despagne-2024-wout-van-aert-chute-et-abandonne-lors-de-la-16eme-etape\/\",\"name\":\"Tour d'Espagne 2024 : Wout Van Aert chute et abandonne lors de la 16\u00e8me \u00e9tape\",\"isPartOf\":{\"@id\":\"https:\/\/dicodusport.fr\/blog\/#website\"},\"primaryImageOfPage\":{\"@id\":\"https:\/\/dicodusport.fr\/blog\/tour-despagne-2024-wout-van-aert-chute-et-abandonne-lors-de-la-16eme-etape\/#primaryimage\"},\"image\":{\"@id\":\"https:\/\/dicodusport.fr\/blog\/tour-despagne-2024-wout-van-aert-chute-et-abandonne-lors-de-la-16eme-etape\/#primaryimage\"},\"thumbnailUrl\":\"https:\/\/dicodusport.fr\/blog\/wp-content\/uploads\/2024\/09\/Tour-dEspagne-2024-Wout-Van-Aert-chute-et-abandonne-lors-de-la-16eme-etape.png\",\"datePublished\":\"2024-09-03T14:37:47+00:00\",\"description\":\"TOUR D'ESPAGNE 2024 - Alors qu'il figurait encore dans l'\u00e9chap\u00e9e, Wout Van Aert a subi une lourde chute en descente, et a \u00e9t\u00e9 contraint \u00e0 l'abandon.\",\"breadcrumb\":{\"@id\":\"https:\/\/dicodusport.fr\/blog\/tour-despagne-2024-wout-van-aert-chute-et-abandonne-lors-de-la-16eme-etape\/#breadcrumb\"},\"inLanguage\":\"fr-FR\",\"potentialAction\":[{\"@type\":\"ReadAction\",\"target\":[\"https:\/\/dicodusport.fr\/blog\/tour-despagne-2024-wout-van-aert-chute-et-abandonne-lors-de-la-16eme-etape\/\"]}]},{\"@type\":\"ImageObject\",\"inLanguage\":\"fr-FR\",\"@id\":\"https:\/\/dicodusport.fr\/blog\/tour-despagne-2024-wout-van-aert-chute-et-abandonne-lors-de-la-16eme-etape\/#primaryimage\",\"url\":\"https:\/\/dicodusport.fr\/blog\/wp-content\/uploads\/2024\/09\/Tour-dEspagne-2024-Wout-Van-Aert-chute-et-abandonne-lors-de-la-16eme-etape.png\",\"contentUrl\":\"https:\/\/dicodusport.fr\/blog\/wp-content\/uploads\/2024\/09\/Tour-dEspagne-2024-Wout-Van-Aert-chute-et-abandonne-lors-de-la-16eme-etape.png\",\"width\":1200,\"height\":674,\"caption\":\"Tour d'Espagne 2024 Wout Van Aert chute et abandonne lors de la 16\u00e8me \u00e9tape\"},{\"@type\":\"BreadcrumbList\",\"@id\":\"https:\/\/dicodusport.fr\/blog\/tour-despagne-2024-wout-van-aert-chute-et-abandonne-lors-de-la-16eme-etape\/#breadcrumb\",\"itemListElement\":[{\"@type\":\"ListItem\",\"position\":1,\"name\":\"Accueil\",\"item\":\"https:\/\/dicodusport.fr\/blog\/\"},{\"@type\":\"ListItem\",\"position\":2,\"name\":\"Tour d&#8217;Espagne 2024 : Wout Van Aert chute et abandonne lors de la 16\u00e8me \u00e9tape\"}]},{\"@type\":\"WebSite\",\"@id\":\"https:\/\/dicodusport.fr\/blog\/#website\",\"url\":\"https:\/\/dicodusport.fr\/blog\/\",\"name\":\"Dicodusport\",\"description\":\"L&#039;encyclop\u00e9die de l&#039;actualit\u00e9 sportive\",\"publisher\":{\"@id\":\"https:\/\/dicodusport.fr\/blog\/#organization\"},\"potentialAction\":[{\"@type\":\"SearchAction\",\"target\":{\"@type\":\"EntryPoint\",\"urlTemplate\":\"https:\/\/dicodusport.fr\/blog\/?s={search_term_string}\"},\"query-input\":{\"@type\":\"PropertyValueSpecification\",\"valueRequired\":true,\"valueName\":\"search_term_string\"}}],\"inLanguage\":\"fr-FR\"},{\"@type\":\"NewsMediaOrganization\",\"@id\":\"https:\/\/dicodusport.fr\/blog\/#organization\",\"name\":\"Dicodusport\",\"url\":\"https:\/\/dicodusport.fr\/blog\/\",\"logo\":{\"@type\":\"ImageObject\",\"inLanguage\":\"fr-FR\",\"@id\":\"https:\/\/dicodusport.fr\/blog\/#\/schema\/logo\/image\/\",\"url\":\"https:\/\/dicodusport.fr\/blog\/wp-content\/uploads\/2020\/06\/cropped-LOGO-DICODUSPORT-2020-SANS-FOND-SANS-TEXTE.png\",\"contentUrl\":\"https:\/\/dicodusport.fr\/blog\/wp-content\/uploads\/2020\/06\/cropped-LOGO-DICODUSPORT-2020-SANS-FOND-SANS-TEXTE.png\",\"width\":512,\"height\":512,\"caption\":\"Dicodusport\"},\"image\":{\"@id\":\"https:\/\/dicodusport.fr\/blog\/#\/schema\/logo\/image\/\"},\"sameAs\":[\"https:\/\/www.facebook.com\/dicodusport\",\"https:\/\/x.com\/dicodusport\",\"https:\/\/www.instagram.com\/dicodusport\/\",\"https:\/\/www.youtube.com\/channel\/UC7V2KZ5sd3htJivAbA4ZG3w\"],\"description\":\"Dicodusport est l'encyclop\u00e9die de l'actualit\u00e9 sportive.\",\"email\":\"bonjour@dicodusport.fr\",\"legalName\":\"DICODUSPORT\",\"foundingDate\":\"2018-01-14\",\"vatID\":\"FR71834470973\",\"taxID\":\"83447097300043\",\"numberOfEmployees\":{\"@type\":\"QuantitativeValue\",\"minValue\":\"1\",\"maxValue\":\"10\"}},{\"@type\":\"Person\",\"@id\":\"https:\/\/dicodusport.fr\/blog\/#\/schema\/person\/627966a6cde45dbd8c5e36ac85d783da\",\"name\":\"S\u00e9bastien Gente\",\"image\":{\"@type\":\"ImageObject\",\"inLanguage\":\"fr-FR\",\"@id\":\"https:\/\/dicodusport.fr\/blog\/#\/schema\/person\/image\/\",\"url\":\"https:\/\/dicodusport.fr\/blog\/wp-content\/uploads\/2021\/09\/1510990_10205810251400683_4124423575079401707_n-150x150.jpg\",\"contentUrl\":\"https:\/\/dicodusport.fr\/blog\/wp-content\/uploads\/2021\/09\/1510990_10205810251400683_4124423575079401707_n-150x150.jpg\",\"caption\":\"S\u00e9bastien Gente\"},\"description\":\"John Stockton, Gianni Bugno, Zinedine Zidane, Steffi Graf, Frode Andresen, St\u00e9phane Stoecklin, Davis Kamoga, Primoz Peterka, Werner Schlager et Aur\u00e9lien Rougerie. Point commun entre ces sportifs? Ils m'ont fait r\u00eaver et ont berc\u00e9 mon adolescence. Je suis un fondu de sports et j'essaie de retranscrire ma passion \u00e0 travers mes articles. Originaire du P\u00e9rigord, ma passion pour les Girondins, les Jaunards et les Jazzmen transpire dans mes \u00e9crits. \u00c0 Dicodusport depuis 2021, je d\u00e9niche les sports m\u00e9connus dans lesquels la France brille, et il y en a !\",\"sameAs\":[\"https:\/\/www.facebook.com\/sebastien.gente\/\",\"https:\/\/www.instagram.com\/sebgente\/\",\"https:\/\/www.linkedin.com\/in\/sbastien-gente-a29583169\/\",\"https:\/\/x.com\/https:\/\/twitter.com\/globulo24\",\"SebastienGente\"],\"worksFor\":\"S\u00e9bastien GENTE\",\"url\":\"https:\/\/dicodusport.fr\/blog\/author\/sebastiengente\/\"}]}<\/script>\n<!-- \/ Yoast SEO Premium plugin. -->","yoast_head_json":{"title":"Tour d'Espagne 2024 : Wout Van Aert chute et abandonne lors de la 16\u00e8me \u00e9tape","description":"TOUR D'ESPAGNE 2024 - Alors qu'il figurait encore dans l'\u00e9chap\u00e9e, Wout Van Aert a subi une lourde chute en descente, et a \u00e9t\u00e9 contraint \u00e0 l'abandon.","robots":{"index":"index","follow":"follow","max-snippet":"max-snippet:-1","max-image-preview":"max-image-preview:large","max-video-preview":"max-video-preview:-1"},"canonical":"https:\/\/dicodusport.fr\/blog\/tour-despagne-2024-wout-van-aert-chute-et-abandonne-lors-de-la-16eme-etape\/","og_locale":"fr_FR","og_type":"article","og_title":"Tour d'Espagne 2024 : Wout Van Aert chute et abandonne lors de la 16\u00e8me \u00e9tape","og_description":"TOUR D'ESPAGNE 2024 - Alors qu'il figurait encore dans l'\u00e9chap\u00e9e, Wout Van Aert a subi une lourde chute en descente, et a \u00e9t\u00e9 contraint \u00e0 l'abandon.","og_url":"https:\/\/dicodusport.fr\/blog\/tour-despagne-2024-wout-van-aert-chute-et-abandonne-lors-de-la-16eme-etape\/","og_site_name":"Dicodusport","article_publisher":"https:\/\/www.facebook.com\/dicodusport","article_author":"https:\/\/www.facebook.com\/sebastien.gente\/","article_published_time":"2024-09-03T14:37:47+00:00","og_image":[{"width":1200,"height":674,"url":"https:\/\/dicodusport.fr\/blog\/wp-content\/uploads\/2024\/09\/Tour-dEspagne-2024-Wout-Van-Aert-chute-et-abandonne-lors-de-la-16eme-etape.png","type":"image\/png"}],"author":"S\u00e9bastien Gente","twitter_card":"summary_large_image","twitter_title":"Tour d'Espagne 2024 : Wout Van Aert chute et abandonne lors de la 16\u00e8me \u00e9tape","twitter_creator":"@https:\/\/twitter.com\/globulo24","twitter_site":"@dicodusport","schema":{"@context":"https:\/\/schema.org","@graph":[{"@type":"NewsArticle","@id":"https:\/\/dicodusport.fr\/blog\/tour-despagne-2024-wout-van-aert-chute-et-abandonne-lors-de-la-16eme-etape\/#article","isPartOf":{"@id":"https:\/\/dicodusport.fr\/blog\/tour-despagne-2024-wout-van-aert-chute-et-abandonne-lors-de-la-16eme-etape\/"},"author":{"name":"S\u00e9bastien Gente","@id":"https:\/\/dicodusport.fr\/blog\/#\/schema\/person\/627966a6cde45dbd8c5e36ac85d783da"},"headline":"Tour d&rsquo;Espagne 2024 : Wout Van Aert chute et abandonne lors de la 16\u00e8me \u00e9tape","datePublished":"2024-09-03T14:37:47+00:00","mainEntityOfPage":{"@id":"https:\/\/dicodusport.fr\/blog\/tour-despagne-2024-wout-van-aert-chute-et-abandonne-lors-de-la-16eme-etape\/"},"wordCount":362,"commentCount":0,"publisher":{"@id":"https:\/\/dicodusport.fr\/blog\/#organization"},"image":{"@id":"https:\/\/dicodusport.fr\/blog\/tour-despagne-2024-wout-van-aert-chute-et-abandonne-lors-de-la-16eme-etape\/#primaryimage"},"thumbnailUrl":"https:\/\/dicodusport.fr\/blog\/wp-content\/uploads\/2024\/09\/Tour-dEspagne-2024-Wout-Van-Aert-chute-et-abandonne-lors-de-la-16eme-etape.png","keywords":["br\u00e8ve","Tour d'Espagne","Vuelta"],"articleSection":["Tour d'Espagne"],"inLanguage":"fr-FR","potentialAction":[{"@type":"CommentAction","name":"Comment","target":["https:\/\/dicodusport.fr\/blog\/tour-despagne-2024-wout-van-aert-chute-et-abandonne-lors-de-la-16eme-etape\/#respond"]}],"copyrightYear":"2024","copyrightHolder":{"@id":"https:\/\/dicodusport.fr\/blog\/#organization"}},{"@type":"WebPage","@id":"https:\/\/dicodusport.fr\/blog\/tour-despagne-2024-wout-van-aert-chute-et-abandonne-lors-de-la-16eme-etape\/","url":"https:\/\/dicodusport.fr\/blog\/tour-despagne-2024-wout-van-aert-chute-et-abandonne-lors-de-la-16eme-etape\/","name":"Tour d'Espagne 2024 : Wout Van Aert chute et abandonne lors de la 16\u00e8me \u00e9tape","isPartOf":{"@id":"https:\/\/dicodusport.fr\/blog\/#website"},"primaryImageOfPage":{"@id":"https:\/\/dicodusport.fr\/blog\/tour-despagne-2024-wout-van-aert-chute-et-abandonne-lors-de-la-16eme-etape\/#primaryimage"},"image":{"@id":"https:\/\/dicodusport.fr\/blog\/tour-despagne-2024-wout-van-aert-chute-et-abandonne-lors-de-la-16eme-etape\/#primaryimage"},"thumbnailUrl":"https:\/\/dicodusport.fr\/blog\/wp-content\/uploads\/2024\/09\/Tour-dEspagne-2024-Wout-Van-Aert-chute-et-abandonne-lors-de-la-16eme-etape.png","datePublished":"2024-09-03T14:37:47+00:00","description":"TOUR D'ESPAGNE 2024 - Alors qu'il figurait encore dans l'\u00e9chap\u00e9e, Wout Van Aert a subi une lourde chute en descente, et a \u00e9t\u00e9 contraint \u00e0 l'abandon.","breadcrumb":{"@id":"https:\/\/dicodusport.fr\/blog\/tour-despagne-2024-wout-van-aert-chute-et-abandonne-lors-de-la-16eme-etape\/#breadcrumb"},"inLanguage":"fr-FR","potentialAction":[{"@type":"ReadAction","target":["https:\/\/dicodusport.fr\/blog\/tour-despagne-2024-wout-van-aert-chute-et-abandonne-lors-de-la-16eme-etape\/"]}]},{"@type":"ImageObject","inLanguage":"fr-FR","@id":"https:\/\/dicodusport.fr\/blog\/tour-despagne-2024-wout-van-aert-chute-et-abandonne-lors-de-la-16eme-etape\/#primaryimage","url":"https:\/\/dicodusport.fr\/blog\/wp-content\/uploads\/2024\/09\/Tour-dEspagne-2024-Wout-Van-Aert-chute-et-abandonne-lors-de-la-16eme-etape.png","contentUrl":"https:\/\/dicodusport.fr\/blog\/wp-content\/uploads\/2024\/09\/Tour-dEspagne-2024-Wout-Van-Aert-chute-et-abandonne-lors-de-la-16eme-etape.png","width":1200,"height":674,"caption":"Tour d'Espagne 2024 Wout Van Aert chute et abandonne lors de la 16\u00e8me \u00e9tape"},{"@type":"BreadcrumbList","@id":"https:\/\/dicodusport.fr\/blog\/tour-despagne-2024-wout-van-aert-chute-et-abandonne-lors-de-la-16eme-etape\/#breadcrumb","itemListElement":[{"@type":"ListItem","position":1,"name":"Accueil","item":"https:\/\/dicodusport.fr\/blog\/"},{"@type":"ListItem","position":2,"name":"Tour d&#8217;Espagne 2024 : Wout Van Aert chute et abandonne lors de la 16\u00e8me \u00e9tape"}]},{"@type":"WebSite","@id":"https:\/\/dicodusport.fr\/blog\/#website","url":"https:\/\/dicodusport.fr\/blog\/","name":"Dicodusport","description":"L&#039;encyclop\u00e9die de l&#039;actualit\u00e9 sportive","publisher":{"@id":"https:\/\/dicodusport.fr\/blog\/#organization"},"potentialAction":[{"@type":"SearchAction","target":{"@type":"EntryPoint","urlTemplate":"https:\/\/dicodusport.fr\/blog\/?s={search_term_string}"},"query-input":{"@type":"PropertyValueSpecification","valueRequired":true,"valueName":"search_term_string"}}],"inLanguage":"fr-FR"},{"@type":"NewsMediaOrganization","@id":"https:\/\/dicodusport.fr\/blog\/#organization","name":"Dicodusport","url":"https:\/\/dicodusport.fr\/blog\/","logo":{"@type":"ImageObject","inLanguage":"fr-FR","@id":"https:\/\/dicodusport.fr\/blog\/#\/schema\/logo\/image\/","url":"https:\/\/dicodusport.fr\/blog\/wp-content\/uploads\/2020\/06\/cropped-LOGO-DICODUSPORT-2020-SANS-FOND-SANS-TEXTE.png","contentUrl":"https:\/\/dicodusport.fr\/blog\/wp-content\/uploads\/2020\/06\/cropped-LOGO-DICODUSPORT-2020-SANS-FOND-SANS-TEXTE.png","width":512,"height":512,"caption":"Dicodusport"},"image":{"@id":"https:\/\/dicodusport.fr\/blog\/#\/schema\/logo\/image\/"},"sameAs":["https:\/\/www.facebook.com\/dicodusport","https:\/\/x.com\/dicodusport","https:\/\/www.instagram.com\/dicodusport\/","https:\/\/www.youtube.com\/channel\/UC7V2KZ5sd3htJivAbA4ZG3w"],"description":"Dicodusport est l'encyclop\u00e9die de l'actualit\u00e9 sportive.","email":"bonjour@dicodusport.fr","legalName":"DICODUSPORT","foundingDate":"2018-01-14","vatID":"FR71834470973","taxID":"83447097300043","numberOfEmployees":{"@type":"QuantitativeValue","minValue":"1","maxValue":"10"}},{"@type":"Person","@id":"https:\/\/dicodusport.fr\/blog\/#\/schema\/person\/627966a6cde45dbd8c5e36ac85d783da","name":"S\u00e9bastien Gente","image":{"@type":"ImageObject","inLanguage":"fr-FR","@id":"https:\/\/dicodusport.fr\/blog\/#\/schema\/person\/image\/","url":"https:\/\/dicodusport.fr\/blog\/wp-content\/uploads\/2021\/09\/1510990_10205810251400683_4124423575079401707_n-150x150.jpg","contentUrl":"https:\/\/dicodusport.fr\/blog\/wp-content\/uploads\/2021\/09\/1510990_10205810251400683_4124423575079401707_n-150x150.jpg","caption":"S\u00e9bastien Gente"},"description":"John Stockton, Gianni Bugno, Zinedine Zidane, Steffi Graf, Frode Andresen, St\u00e9phane Stoecklin, Davis Kamoga, Primoz Peterka, Werner Schlager et Aur\u00e9lien Rougerie. Point commun entre ces sportifs? Ils m'ont fait r\u00eaver et ont berc\u00e9 mon adolescence. Je suis un fondu de sports et j'essaie de retranscrire ma passion \u00e0 travers mes articles. Originaire du P\u00e9rigord, ma passion pour les Girondins, les Jaunards et les Jazzmen transpire dans mes \u00e9crits. \u00c0 Dicodusport depuis 2021, je d\u00e9niche les sports m\u00e9connus dans lesquels la France brille, et il y en a !","sameAs":["https:\/\/www.facebook.com\/sebastien.gente\/","https:\/\/www.instagram.com\/sebgente\/","https:\/\/www.linkedin.com\/in\/sbastien-gente-a29583169\/","https:\/\/x.com\/https:\/\/twitter.com\/globulo24","SebastienGente"],"worksFor":"S\u00e9bastien GENTE","url":"https:\/\/dicodusport.fr\/blog\/author\/sebastiengente\/"}]}},"_links":{"self":[{"href":"https:\/\/dicodusport.fr\/blog\/wp-json\/wp\/v2\/posts\/517413","targetHints":{"allow":["GET"]}}],"collection":[{"href":"https:\/\/dicodusport.fr\/blog\/wp-json\/wp\/v2\/posts"}],"about":[{"href":"https:\/\/dicodusport.fr\/blog\/wp-json\/wp\/v2\/types\/post"}],"author":[{"embeddable":true,"href":"https:\/\/dicodusport.fr\/blog\/wp-json\/wp\/v2\/users\/59"}],"replies":[{"embeddable":true,"href":"https:\/\/dicodusport.fr\/blog\/wp-json\/wp\/v2\/comments?post=517413"}],"version-history":[{"count":1,"href":"https:\/\/dicodusport.fr\/blog\/wp-json\/wp\/v2\/posts\/517413\/revisions"}],"predecessor-version":[{"id":517417,"href":"https:\/\/dicodusport.fr\/blog\/wp-json\/wp\/v2\/posts\/517413\/revisions\/517417"}],"wp:featuredmedia":[{"embeddable":true,"href":"https:\/\/dicodusport.fr\/blog\/wp-json\/wp\/v2\/media\/517416"}],"wp:attachment":[{"href":"https:\/\/dicodusport.fr\/blog\/wp-json\/wp\/v2\/media?parent=517413"}],"wp:term":[{"taxonomy":"category","embeddable":true,"href":"https:\/\/dicodusport.fr\/blog\/wp-json\/wp\/v2\/categories?post=517413"},{"taxonomy":"post_tag","embeddable":true,"href":"https:\/\/dicodusport.fr\/blog\/wp-json\/wp\/v2\/tags?post=517413"}],"curies":[{"name":"wp","href":"https:\/\/api.w.org\/{rel}","templated":true}]}}