{"id":517475,"date":"2024-09-04T07:47:23","date_gmt":"2024-09-04T05:47:23","guid":{"rendered":"https:\/\/dicodusport.fr\/blog\/?p=517475&#038;preview=true&#038;preview_id=517475"},"modified":"2024-09-04T17:03:29","modified_gmt":"2024-09-04T15:03:29","slug":"jeux-paralympiques-2024-programme-des-francais-du-mercredi-4-septembre","status":"publish","type":"post","link":"https:\/\/dicodusport.fr\/blog\/jeux-paralympiques-2024-programme-des-francais-du-mercredi-4-septembre\/","title":{"rendered":"Jeux Paralympiques 2024 : Programme des Fran\u00e7ais du mercredi 4 septembre"},"content":{"rendered":"<p style=\"text-align: justify;\"><em><strong><a href=\"https:\/\/dicodusport.fr\/blog\/actualites\/jeux-paralympiques-paris-2024\/\">JEUX PARALYMPIQUES PARIS 2024<\/a> &#8211; Du 28 ao\u00fbt au 8 septembre, pr\u00e8s de 240 athl\u00e8tes tricolores se succ\u00e8dent afin de valider un long projet, une m\u00e9daille paralympique. Et pourquoi pas le plus beau des m\u00e9taux ? Voici le programme des Fran\u00e7ais pour le mercredi 4 septembre.<\/strong><\/em><\/p>\n<ul style=\"text-align: justify;\">\n<li style=\"text-align: justify;\"><strong>\u00c0 ce sujet &#8211; <a href=\"https:\/\/dicodusport.fr\/blog\/jeux-paralympiques-2024-les-chances-de-medailles-francaises-du-4-septembre\/\">Jeux Paralympiques 2024 : Les chances de m\u00e9dailles fran\u00e7aises du 4 septembre<\/a><\/strong><\/li>\n<\/ul>\n<p style=\"text-align: justify;\">Si la matin\u00e9e d&rsquo;hier \u00e9tait peu anim\u00e9e, celle de ce mercredi est tr\u00e8s dense. Et \u00e7a commence d\u00e8s 8h. Exit la piste, <strong>He\u00efdi Gaugain<\/strong> et <strong>Marie Patouillet<\/strong> relancent la machine pour l&rsquo;\u00e9quipe de France de cyclisme dans cette journ\u00e9e marqu\u00e9e par douze finales pour les Bleus, sur route. Les hostilit\u00e9s se poursuivent \u00e9galement \u00e0 la <em>Paris la D\u00e9fense Arena<\/em> et au <em>Stade de France<\/em> alors que l&rsquo;escrime entame sa seconde journ\u00e9e au <em>Grand Palais<\/em>. Parmi les Fran\u00e7ais pr\u00e9sents, <strong>Timoth\u00e9e Adolphe<\/strong> veut valider sa place en finale du 100 m T11. \u00c0 l&rsquo;image de <strong>Fabien Lamirault<\/strong> en tennis de table MS2, en qu\u00eate d&rsquo;un troisi\u00e8me succ\u00e8s de rang. Pr\u00e9parez le caf\u00e9 !<\/p>\n<ul style=\"text-align: justify;\">\n<li><strong>\u00c0 ce sujet \u2013\u00a0<a href=\"https:\/\/dicodusport.fr\/blog\/jeux-paralympiques-de-paris-2024-tableau-des-medailles\/\">Jeux Paralympiques de Paris 2024 \u2013 Tableau des m\u00e9dailles<\/a><\/strong><\/li>\n<\/ul>\n<h2 style=\"text-align: justify;\">Les Fran\u00e7ais en lice le 4 septembre<\/h2>\n<p style=\"text-align: justify;\">Horaires avec *\u00a0: si qualification<\/p>\n<p style=\"text-align: justify;\"><span style=\"color: #ff0000;\">Horaires en rouge\u00a0: finale<\/span><\/p>\n<p style=\"text-align: justify;\"><span style=\"color: #ff0000;\"><strong>8h<\/strong>\u00a0: <u>Para cyclisme sur route<\/u> \u2013 Contre-la-montre individuel F C5 (finale, <em>Clichy-sous-Bois<\/em>) avec <strong>He\u00efdi Gaugain<\/strong> et <strong>Marie Patouillet<\/strong><\/span><\/p>\n<p style=\"text-align: justify;\"><span style=\"color: #ff0000;\"><strong>8h27<\/strong>\u00a0: <u>Para cyclisme sur route<\/u> \u2013 Contre-la-montre individuel H C2 (finale, <em>Clichy-sous-Bois<\/em>) avec <strong>Alexandre L\u00e9aut\u00e9<\/strong><\/span><\/p>\n<p style=\"text-align: justify;\"><strong>9h <\/strong>: <u>Escrime fauteuil<\/u> \u2013 Fleuret F Cat. A (tableau de 32, <em>Grand Palais<\/em>) avec <strong>Cl\u00e9mence Delavoipi\u00e8re<\/strong> et <strong>Brianna Vid\u00e9<\/strong><\/p>\n<p><b>9h <\/b>: <u>Goalball (H)<\/u> \u2013 France \ud83c\uddeb\ud83c\uddf7 \u2013 \ud83c\uddf0\ud83c\uddf7 Cor\u00e9e du Sud (Phase de poule A, <em>Arena Paris Sud<\/em>)<\/p>\n<p style=\"text-align: justify;\"><strong>9h30\u00a0<\/strong>:\u00a0<u>Para natation<\/u>\u00a0\u2013 100 m nage libre H S12 (s\u00e9ries,\u00a0<em>Paris La D\u00e9fense Arena<\/em>) avec <strong>Kylian Portal<\/strong><\/p>\n<p style=\"text-align: justify;\"><strong>9h37\u00a0<\/strong>:\u00a0<u>Para natation<\/u>\u00a0\u2013 100 m nage libre F S12 (s\u00e9ries,\u00a0<em>Paris La D\u00e9fense Arena<\/em>) avec\u00a0<strong>L\u00e9ane Morceau<\/strong><\/p>\n<p style=\"text-align: justify;\"><span style=\"color: #ff0000;\"><strong>9h39<\/strong>\u00a0: <u>Para cyclisme sur route<\/u> \u2013 Contre-la-montre individuel H H2 (finale, <em>Clichy-sous-Bois<\/em>) avec <strong>Florian Jouanny<\/strong><\/span><\/p>\n<p style=\"text-align: justify;\"><strong>9h54\u00a0<\/strong>:\u00a0<u>Para natation<\/u>\u00a0\u2013 200 m 4 nages F SM14 (s\u00e9ries,\u00a0<em>Paris La D\u00e9fense Arena<\/em>) avec\u00a0<strong>Assya Maurin-Espiau<\/strong><\/p>\n<p style=\"text-align: justify;\"><strong>10h<\/strong>\u00a0: <u>Para tennis de table<\/u> \u2013 Simple hommes MS4 (quarts, <em>Arena Paris Sud<\/em>) avec <strong>Maxime Thomas<\/strong><\/p>\n<p style=\"text-align: justify;\"><span style=\"color: #ff0000;\"><strong>10h\u00a0<\/strong>: <u>Para \u00e9quitation<\/u> \u2013 Individuelle grade IV, Para Grand Prix Test (finale, Ch\u00e2teau de Versailles) avec <strong>Alexia Pittier<\/strong> et <\/span><strong><span style=\"color: #ff0000;\">Vladimir Vinchon<\/span> <\/strong><\/p>\n<p style=\"text-align: justify;\"><span style=\"color: #ff0000;\"><strong>10h03<\/strong>\u00a0: <u>Para cyclisme sur route<\/u> \u2013 Contre-la-montre individuel F H1-3 (finale, <em>Clichy-sous-Bois<\/em>) avec <strong>Ana\u00efs Vincent<\/strong><\/span><\/p>\n<p style=\"text-align: justify;\"><strong>10h12<\/strong>\u00a0: <u>Para athl\u00e9tisme<\/u> \u2013 100 m H T11 (s\u00e9ries, <em>Stade de France<\/em>) avec <strong>Timoth\u00e9e Adolphe<\/strong> et <strong>Tr\u00e9sor Makunda <\/strong><\/p>\n<p style=\"text-align: justify;\"><strong>10h40 <\/strong>: <u>Escrime fauteuil<\/u> \u2013 Fleuret H Cat. A (tableau de 16, <em>Grand Palais<\/em>) avec <strong>Damian Tokatlian<\/strong> et <strong>Ludovic Lemoine<\/strong><\/p>\n<p style=\"text-align: justify;\"><strong>10h45<\/strong>\u00a0: <u>Para tennis de table<\/u> \u2013 Simple femmes WS6 (quarts, <em>Arena Paris Sud<\/em>) avec <strong>Morgen Caillaud<\/strong><\/p>\n<p style=\"text-align: justify;\"><strong>\u00c0 partir de 11h10 <\/strong>: <u>Escrime fauteuil<\/u> \u2013 Fleuret F Cat. A (tableau de 16, <em>Grand Palais<\/em>) avec <strong>Cl\u00e9mence Delavoipi\u00e8re<\/strong> et <strong>Brianna Vid\u00e9<\/strong><\/p>\n<p style=\"text-align: justify;\"><strong>11h30<\/strong>\u00a0: <u>Para tennis de table<\/u> \u2013 Simple femmes WS4 (quarts, <em>Arena Paris Sud<\/em>) avec <strong>Flora Vautier<\/strong><\/p>\n<p style=\"text-align: justify;\"><strong>11h32\u00a0<\/strong>:\u00a0<u>Para athl\u00e9tisme<\/u>\u00a0\u2013 100 m H T53 (s\u00e9ries,\u00a0<em>Stade de France<\/em>) avec<strong>\u00a0Pierre Fairbank<\/strong><\/p>\n<p style=\"text-align: justify;\"><strong>11h40<\/strong>\u00a0: <u>Escrime fauteuil<\/u> \u2013 Fleuret H Cat. B (quarts, <em>Grand Palais<\/em>) avec <strong>Maxime Valet<\/strong><\/p>\n<p><b>11h50 <\/b>: <u>Boccia<\/u> \u2013 Double mixte BC1\/BC2 (quarts, <em>Arena Paris Sud<\/em>)<\/p>\n<p style=\"text-align: justify;\"><strong>12h<\/strong>\u00a0: <u>Volleyball assis (H)<\/u> \u2013 France \ud83c\uddeb\ud83c\uddf7 \u2013 \ud83c\uddfa\ud83c\udde6 Ukraine (match de classement 7\/8, <em>Arena Paris Nord<\/em>)<\/p>\n<p style=\"text-align: justify;\"><span style=\"color: #ff0000;\"><strong>12h<\/strong>\u00a0: <u>Para halt\u00e9rophilie<\/u> \u2013 Jusqu\u2019\u00e0 49 kg H (finale, <em>Arena Porte de La Chapelle<\/em>) avec <strong>Alex Adela\u00efde<\/strong><\/span><\/p>\n<p style=\"text-align: justify;\"><strong>\u00c0 partir de 12h\u00a0<\/strong>:\u00a0<u>Tennis fauteuil<\/u>\u00a0\u2013 En 2<sup>\u00e8me<\/sup>\u00a0sur le Philippe Chatrier, Simple H (quarts,\u00a0<em>Roland-Garros<\/em>) avec<strong> St\u00e9phane Houdet<\/strong><\/p>\n<p style=\"text-align: justify;\"><strong>\u00c0 partir de 12h\u00a0<\/strong>:\u00a0<u>Tennis fauteuil<\/u>\u00a0\u2013 En 4<sup>\u00e8me<\/sup>\u00a0sur le Suzanne Lenglen, Double H (demies,\u00a0<em>Roland-Garros<\/em>) avec<strong>\u00a0Fr\u00e9d\u00e9ric Cattan\u00e9o<\/strong>\/<strong>St\u00e9phane Houdet<\/strong><\/p>\n<p style=\"text-align: justify;\"><strong>12h30<\/strong>\u00a0: <u>Para tir sportif<\/u> \u2013 R9 carabine 50 m couch\u00e9 mixte SH2 (qualifications, <em>Centre National de Tir<\/em>) avec <strong>Tanguy de La Forest<\/strong> et <strong>Justine B\u00e8ve<\/strong><\/p>\n<p style=\"text-align: justify;\"><strong>\u00c0 partir de 12h40 <\/strong>: <u>Escrime fauteuil<\/u> \u2013 Fleuret H Cat. A (quarts, <em>Grand Palais<\/em>) avec <strong>Damian Tokatlian<\/strong><\/p>\n<p><strong>\u00c0 partir de 12h40 <\/strong>: <u>Escrime fauteuil<\/u> \u2013 Fleuret H Cat. A (rep\u00eachages tour 1, <em>Grand Palais<\/em>) avec <strong>Ludovic Lemoine<\/strong><\/p>\n<p style=\"text-align: justify;\"><span style=\"color: #ff0000;\"><strong>12h55\u00a0<\/strong>: <u>Para \u00e9quitation<\/u> \u2013 Individuelle grade V, Para Grand Prix Test (finale, Ch\u00e2teau de Versailles) avec <strong>Lisa Cez<\/strong><\/span><\/p>\n<p style=\"text-align: justify;\"><strong>13h<\/strong>\u00a0: <u>Para tennis de table<\/u> \u2013 Simple hommes MS9 (quarts, <em>Arena Paris Sud<\/em>) avec<strong> Lucas Didier<\/strong><\/p>\n<p style=\"text-align: justify;\"><strong>\u00c0 partir de 13h10 <\/strong>: <u>Escrime fauteuil<\/u> \u2013 Fleuret F Cat. A (rep\u00eachages tour 1, <em>Grand Palais<\/em>) avec <strong>Cl\u00e9mence Delavoipi\u00e8re<\/strong> et <strong>Brianna Vid\u00e9<\/strong><\/p>\n<p><b>13h40 <\/b>: <u>Boccia<\/u> \u2013 Double mixte BC3 (quarts, <em>Arena Paris Sud<\/em>)<\/p>\n<p style=\"text-align: justify;\"><span style=\"color: #ff0000;\"><strong>13h30<\/strong>\u00a0: <u>Para cyclisme sur route<\/u> \u2013 Contre-la-montre individuel H B (finale, <em>Clichy-sous-Bois<\/em>) avec <strong>\u00c9lie De Carvalho <\/strong>et <strong>Alexandre Lloveras<\/strong><\/span><\/p>\n<p><strong>\u00c0 partir de 13h40<\/strong>\u00a0: <u>Escrime fauteuil<\/u> \u2013 Fleuret H Cat. B (rep\u00eachages tour 2, <em>Grand Palais<\/em>) avec <strong>Maxime Valet<\/strong><\/p>\n<p style=\"text-align: justify;\"><span style=\"color: #ff0000;\"><strong>13h51<\/strong>\u00a0: <u>Para cyclisme sur route<\/u> \u2013 Contre-la-montre individuel H C5 (finale, <em>Clichy-sous-Bois<\/em>) avec <strong>Dorian Foulon<\/strong><\/span><\/p>\n<p><b>14h <\/b>: <u>Volleyball assis (F)<\/u> \u2013 France\u00a0\ud83c\uddeb\ud83c\uddf7 \u2013 \ud83c\uddf7\ud83c\uddfc Rwanda (match de classement 7\/8, <em>Arena Paris Nord<\/em>)<\/p>\n<p><strong>\u00c0 partir de 14h10 <\/strong>: <u>Escrime fauteuil<\/u> \u2013 Fleuret H Cat. A (rep\u00eachages tour 2, <em>Grand Palais<\/em>) avec <strong>Damian Tokatlian<\/strong><\/p>\n<p><strong>\u00c0 partir de 14h10 <\/strong>: <u>Escrime fauteuil<\/u> \u2013 Fleuret F Cat. A (rep\u00eachages tour 2, <em>Grand Palais<\/em>) avec <strong>Brianna Vid\u00e9<\/strong><\/p>\n<p style=\"text-align: justify;\"><span style=\"color: #ff0000;\"><strong>14h11<\/strong>\u00a0: <u>Para cyclisme sur route<\/u> \u2013 Contre-la-montre individuel H C4 (finale, <em>Clichy-sous-Bois<\/em>) avec <strong>Gatien Le Rousseau <\/strong>et <strong>K\u00e9vin Le Cunff<\/strong><\/span><\/p>\n<p style=\"text-align: justify;\"><span style=\"color: #ff0000;\"><strong>14h25 <\/strong>: <u>Para cyclisme sur route<\/u> \u2013 Contre-la-montre individuel H C3 (finale, <em>Clichy-sous-Bois<\/em>) avec <strong>Thomas Peyroton-Dartet<\/strong><\/span><\/p>\n<p><strong>\u00c0 partir de 14h40<\/strong>\u00a0: <u>Escrime fauteuil<\/u> \u2013 Fleuret H Cat. B (rep\u00eachages tour 3, <em>Grand Palais<\/em>) avec <strong>Maxime Valet<\/strong><\/p>\n<p style=\"text-align: justify;\"><span style=\"color: #ff0000;\"><strong>14h44 <\/strong>: <u>Para cyclisme sur route<\/u> \u2013 Contre-la-montre individuel F B (finale, <em>Clichy-sous-Bois<\/em>) avec <strong>Anne-Sophie Centis<\/strong><\/span><\/p>\n<p style=\"text-align: justify;\"><span style=\"color: #ff0000;\"><strong>14h57 <\/strong>: <u>Para cyclisme sur route<\/u> \u2013 Contre-la-montre individuel H H5 (finale, <em>Clichy-sous-Bois<\/em>) avec <strong>Lo\u00efc Vergnaud<\/strong><\/span><\/p>\n<p style=\"text-align: justify;\"><span style=\"color: #ff0000;\"><strong>15h<\/strong>\u00a0: <u>Para tir sportif<\/u> \u2013 R9 carabine 50 m couch\u00e9 mixte SH2 (finale, <em>Centre National de Tir<\/em>) avec <strong>Tanguy de La Forest<\/strong> et <strong>Justine B\u00e8ve<\/strong><\/span><\/p>\n<p><strong>\u00c0 partir de 15h10 <\/strong>: <u>Escrime fauteuil<\/u> \u2013 Fleuret H Cat. A (rep\u00eachages tour 3, <em>Grand Palais<\/em>) avec <strong>Damian Tokatlian<\/strong><\/p>\n<p><strong>\u00c0 partir de 15h10 <\/strong>: <u>Escrime fauteuil<\/u> \u2013 Fleuret F Cat. A (rep\u00eachages tour 3, <em>Grand Palais<\/em>) avec <strong>Brianna Vid\u00e9<\/strong><\/p>\n<p style=\"text-align: justify;\"><span style=\"color: #ff0000;\"><strong>15h11 <\/strong>: <u>Para cyclisme sur route<\/u> \u2013 Contre-la-montre individuel H H4 (finale, <em>Clichy-sous-Bois<\/em>) avec <strong>Joseph Fritsch<\/strong><\/span><\/p>\n<p style=\"text-align: justify;\"><strong>15h27\u00a0<\/strong>: <u>Para tir \u00e0 l\u2019arc<\/u> \u2013 Individuelle open arc classique hommes (8<sup>\u00e8mes<\/sup>, <em>Invalides<\/em>) avec <strong>Guillaume Toucoullet<\/strong><\/p>\n<p style=\"text-align: justify;\"><span style=\"color: #ff0000;\"><strong>15h28 <\/strong>: <u>Para cyclisme sur route<\/u> \u2013 Contre-la-montre individuel H H3 (finale, <em>Clichy-sous-Bois<\/em>) avec <strong>Johan Quaile<\/strong> et <strong>Mathieu Bosredon<\/strong><\/span><\/p>\n<blockquote class=\"twitter-tweet\">\n<p dir=\"ltr\" lang=\"fr\"><a href=\"https:\/\/twitter.com\/hashtag\/Paris2024?src=hash&amp;ref_src=twsrc%5Etfw\">#Paris2024<\/a> | \ud83c\udfd3 Fabien Lamirault se qualifie pour les demi-finales ! \ud83d\udd25<\/p>\n<p>\ud83c\uddeb\ud83c\uddf7 Le pongiste fran\u00e7ais \u00e9carte le Cor\u00e9en Park Jin-cheol en 3 manches et rejoins le Tch\u00e8que Ji\u0159i Such\u00e1nek pour une place en finale.<\/p>\n<p>\ud83d\udcfa Suivez les <a href=\"https:\/\/twitter.com\/hashtag\/JeuxParalympiques?src=hash&amp;ref_src=twsrc%5Etfw\">#JeuxParalympiques<\/a> en direct : <a href=\"https:\/\/t.co\/hHHwOiAOqk\">https:\/\/t.co\/hHHwOiAOqk<\/a> <a href=\"https:\/\/t.co\/F1goEMucOr\">pic.twitter.com\/F1goEMucOr<\/a><\/p>\n<p>\u2014 francetvsport (@francetvsport) <a href=\"https:\/\/twitter.com\/francetvsport\/status\/1830953141329621090?ref_src=twsrc%5Etfw\">September 3, 2024<\/a><\/p><\/blockquote>\n<p><script async src=\"https:\/\/platform.twitter.com\/widgets.js\" charset=\"utf-8\"><\/script><\/p>\n<p><strong>\u00c0 partir de 15h50 <\/strong>: <u>Escrime fauteuil<\/u> \u2013 Fleuret F Cat. A (rep\u00eachages tour 4, <em>Grand Palais<\/em>) avec <strong>Brianna Vid\u00e9<\/strong><\/p>\n<p style=\"text-align: justify;\"><strong>17h<\/strong>\u00a0: <u>Para tennis de table<\/u> \u2013 Simple hommes MS2 (demies, <em>Arena Paris Sud<\/em>) avec<strong> Fabien Lamirault<\/strong><\/p>\n<p style=\"text-align: justify;\"><strong>17h<\/strong>\u00a0: <u>Para tennis de table<\/u> \u2013 Simple hommes MS11 (quarts, <em>Arena Paris Sud<\/em>) avec<strong> Lucas Cr\u00e9ange<\/strong><\/p>\n<p style=\"text-align: justify;\"><span style=\"color: #ff0000;\"><strong>17h30 <\/strong>:\u00a0<u>Para natation<\/u>\u00a0\u2013 100 m nage libre H S12 (finale,\u00a0<em>Paris La D\u00e9fense Arena<\/em>) avec <strong>Kylian Portal<\/strong><\/span><\/p>\n<p style=\"text-align: justify;\"><span style=\"color: #ff0000;\"><strong>18h35<\/strong>\u00a0: <u>Para halt\u00e9rophilie<\/u> \u2013 Jusqu\u2019\u00e0 54 kg H (finale, <em>Arena Porte de La Chapelle<\/em>) avec <strong>Axel Bourlon<\/strong><\/span><\/p>\n<p style=\"text-align: justify;\"><strong>19h<\/strong>\u00a0: <u>Para tennis de table<\/u> \u2013 Simple hommes MS8 (quarts, <em>Arena Paris Sud<\/em>) avec<strong> Cl\u00e9ment Berthier<\/strong><\/p>\n<p style=\"text-align: justify;\"><span style=\"color: #ff0000;\"><strong>19h14 <\/strong>:\u00a0<u>Para athl\u00e9tisme<\/u>\u00a0\u2013 100 m H T53 (finale,\u00a0<em>Stade de France<\/em>) avec<strong>\u00a0Pierre Fairbank<\/strong><\/span><\/p>\n<p style=\"text-align: justify;\"><span style=\"color: #ff0000;\"><strong>20h29\u00a0<\/strong>:\u00a0<u>Para athl\u00e9tisme<\/u>\u00a0\u2013 Saut en longueur H T64 (finale,\u00a0<em>Stade de France<\/em>) avec<strong>\u00a0Dimitri Pavad\u00e9<\/strong><\/span><\/p>\n<p style=\"text-align: justify;\"><strong>20h58<\/strong>\u00a0: <u>Para athl\u00e9tisme<\/u> \u2013 100 m H T11 (demies, <em>Stade de France<\/em>) avec <strong>Timoth\u00e9e Adolphe<\/strong><\/p>\n<p style=\"text-align: justify;\"><strong>21h45\u00a0<\/strong>:\u00a0<u>Para athl\u00e9tisme<\/u> \u2013 100 m F T37 (s\u00e9ries, <em>Stade de France<\/em>) avec<strong>\u00a0Mandy Fran\u00e7ois-\u00c9lie<\/strong><\/p>\n<p style=\"text-align: justify;\">Ce programme est susceptible d\u2019\u00eatre modifi\u00e9 selon les r\u00e9sultats<\/p>\n","protected":false},"excerpt":{"rendered":"<p>Le programme des Fran\u00e7ais du mercredi 4 septembre<\/p>\n","protected":false},"author":18,"featured_media":517515,"comment_status":"open","ping_status":"closed","sticky":false,"template":"","format":"standard","meta":{"_acf_changed":false,"_daextam_enable_autolinks":"1","footnotes":""},"categories":[21286],"tags":[32415,16878,30151],"class_list":["post-517475","post","type-post","status-publish","format-standard","has-post-thumbnail","hentry","category-jeux-paralympiques-paris-2024","tag-actu","tag-breve","tag-jeux-paralympiques-2024"],"acf":[],"yoast_head":"<!-- This site is optimized with the Yoast SEO Premium plugin v26.7 (Yoast SEO v26.7) - https:\/\/yoast.com\/wordpress\/plugins\/seo\/ -->\n<title>Jeux Paralympiques 2024 : Programme des Fran\u00e7ais du mercredi 4 septembre<\/title>\n<meta name=\"description\" content=\"JEUX PARALYMPIQUES PARIS 2024 - D\u00e9couvrez le programme complet des \u00e9preuves des Fran\u00e7ais pour le mercredi 4 septembre.\" \/>\n<meta name=\"robots\" content=\"index, follow, max-snippet:-1, max-image-preview:large, max-video-preview:-1\" \/>\n<link rel=\"canonical\" href=\"https:\/\/dicodusport.fr\/blog\/jeux-paralympiques-2024-programme-des-francais-du-mercredi-4-septembre\/\" \/>\n<meta property=\"og:locale\" content=\"fr_FR\" \/>\n<meta property=\"og:type\" content=\"article\" \/>\n<meta property=\"og:title\" content=\"Jeux Paralympiques 2024 : Programme des Fran\u00e7ais du mercredi 4 septembre\" \/>\n<meta property=\"og:description\" content=\"JEUX PARALYMPIQUES PARIS 2024 - D\u00e9couvrez le programme complet des \u00e9preuves des Fran\u00e7ais pour le mercredi 4 septembre.\" \/>\n<meta property=\"og:url\" content=\"https:\/\/dicodusport.fr\/blog\/jeux-paralympiques-2024-programme-des-francais-du-mercredi-4-septembre\/\" \/>\n<meta property=\"og:site_name\" content=\"Dicodusport\" \/>\n<meta property=\"article:publisher\" content=\"https:\/\/www.facebook.com\/dicodusport\" \/>\n<meta property=\"article:author\" content=\"https:\/\/www.facebook.com\/soocube\" \/>\n<meta property=\"article:published_time\" content=\"2024-09-04T05:47:23+00:00\" \/>\n<meta property=\"article:modified_time\" content=\"2024-09-04T15:03:29+00:00\" \/>\n<meta property=\"og:image\" content=\"https:\/\/dicodusport.fr\/blog\/wp-content\/uploads\/2024\/09\/Jeux-Paralympiques-2024-Programme-des-Francais-du-mercredi-4-septembre.png\" \/>\n\t<meta property=\"og:image:width\" content=\"1200\" \/>\n\t<meta property=\"og:image:height\" content=\"674\" \/>\n\t<meta property=\"og:image:type\" content=\"image\/png\" \/>\n<meta name=\"author\" content=\"Sophie Clapier\" \/>\n<meta name=\"twitter:card\" content=\"summary_large_image\" \/>\n<meta name=\"twitter:title\" content=\"Jeux Paralympiques 2024 : Programme des Fran\u00e7ais du mercredi 4 septembre\" \/>\n<meta name=\"twitter:creator\" content=\"@https:\/\/twitter.com\/soocube\" \/>\n<meta name=\"twitter:site\" content=\"@dicodusport\" \/>\n<script type=\"application\/ld+json\" class=\"yoast-schema-graph\">{\"@context\":\"https:\/\/schema.org\",\"@graph\":[{\"@type\":\"NewsArticle\",\"@id\":\"https:\/\/dicodusport.fr\/blog\/jeux-paralympiques-2024-programme-des-francais-du-mercredi-4-septembre\/#article\",\"isPartOf\":{\"@id\":\"https:\/\/dicodusport.fr\/blog\/jeux-paralympiques-2024-programme-des-francais-du-mercredi-4-septembre\/\"},\"author\":{\"name\":\"Sophie Clapier\",\"@id\":\"https:\/\/dicodusport.fr\/blog\/#\/schema\/person\/416c975648aca9da8839bdfe333a21c9\"},\"headline\":\"Jeux Paralympiques 2024 : Programme des Fran\u00e7ais du mercredi 4 septembre\",\"datePublished\":\"2024-09-04T05:47:23+00:00\",\"dateModified\":\"2024-09-04T15:03:29+00:00\",\"mainEntityOfPage\":{\"@id\":\"https:\/\/dicodusport.fr\/blog\/jeux-paralympiques-2024-programme-des-francais-du-mercredi-4-septembre\/\"},\"wordCount\":1229,\"commentCount\":0,\"publisher\":{\"@id\":\"https:\/\/dicodusport.fr\/blog\/#organization\"},\"image\":{\"@id\":\"https:\/\/dicodusport.fr\/blog\/jeux-paralympiques-2024-programme-des-francais-du-mercredi-4-septembre\/#primaryimage\"},\"thumbnailUrl\":\"https:\/\/dicodusport.fr\/blog\/wp-content\/uploads\/2024\/09\/Jeux-Paralympiques-2024-Programme-des-Francais-du-mercredi-4-septembre.png\",\"keywords\":[\"actu\",\"br\u00e8ve\",\"Jeux Paralympiques 2024\"],\"articleSection\":[\"Jeux Paralympiques de Paris 2024\"],\"inLanguage\":\"fr-FR\",\"potentialAction\":[{\"@type\":\"CommentAction\",\"name\":\"Comment\",\"target\":[\"https:\/\/dicodusport.fr\/blog\/jeux-paralympiques-2024-programme-des-francais-du-mercredi-4-septembre\/#respond\"]}],\"copyrightYear\":\"2024\",\"copyrightHolder\":{\"@id\":\"https:\/\/dicodusport.fr\/blog\/#organization\"}},{\"@type\":\"WebPage\",\"@id\":\"https:\/\/dicodusport.fr\/blog\/jeux-paralympiques-2024-programme-des-francais-du-mercredi-4-septembre\/\",\"url\":\"https:\/\/dicodusport.fr\/blog\/jeux-paralympiques-2024-programme-des-francais-du-mercredi-4-septembre\/\",\"name\":\"Jeux Paralympiques 2024 : Programme des Fran\u00e7ais du mercredi 4 septembre\",\"isPartOf\":{\"@id\":\"https:\/\/dicodusport.fr\/blog\/#website\"},\"primaryImageOfPage\":{\"@id\":\"https:\/\/dicodusport.fr\/blog\/jeux-paralympiques-2024-programme-des-francais-du-mercredi-4-septembre\/#primaryimage\"},\"image\":{\"@id\":\"https:\/\/dicodusport.fr\/blog\/jeux-paralympiques-2024-programme-des-francais-du-mercredi-4-septembre\/#primaryimage\"},\"thumbnailUrl\":\"https:\/\/dicodusport.fr\/blog\/wp-content\/uploads\/2024\/09\/Jeux-Paralympiques-2024-Programme-des-Francais-du-mercredi-4-septembre.png\",\"datePublished\":\"2024-09-04T05:47:23+00:00\",\"dateModified\":\"2024-09-04T15:03:29+00:00\",\"description\":\"JEUX PARALYMPIQUES PARIS 2024 - D\u00e9couvrez le programme complet des \u00e9preuves des Fran\u00e7ais pour le mercredi 4 septembre.\",\"breadcrumb\":{\"@id\":\"https:\/\/dicodusport.fr\/blog\/jeux-paralympiques-2024-programme-des-francais-du-mercredi-4-septembre\/#breadcrumb\"},\"inLanguage\":\"fr-FR\",\"potentialAction\":[{\"@type\":\"ReadAction\",\"target\":[\"https:\/\/dicodusport.fr\/blog\/jeux-paralympiques-2024-programme-des-francais-du-mercredi-4-septembre\/\"]}]},{\"@type\":\"ImageObject\",\"inLanguage\":\"fr-FR\",\"@id\":\"https:\/\/dicodusport.fr\/blog\/jeux-paralympiques-2024-programme-des-francais-du-mercredi-4-septembre\/#primaryimage\",\"url\":\"https:\/\/dicodusport.fr\/blog\/wp-content\/uploads\/2024\/09\/Jeux-Paralympiques-2024-Programme-des-Francais-du-mercredi-4-septembre.png\",\"contentUrl\":\"https:\/\/dicodusport.fr\/blog\/wp-content\/uploads\/2024\/09\/Jeux-Paralympiques-2024-Programme-des-Francais-du-mercredi-4-septembre.png\",\"width\":1200,\"height\":674,\"caption\":\"Jeux Paralympiques 2024 Programme des Fran\u00e7ais du mercredi 4 septembre\"},{\"@type\":\"BreadcrumbList\",\"@id\":\"https:\/\/dicodusport.fr\/blog\/jeux-paralympiques-2024-programme-des-francais-du-mercredi-4-septembre\/#breadcrumb\",\"itemListElement\":[{\"@type\":\"ListItem\",\"position\":1,\"name\":\"Accueil\",\"item\":\"https:\/\/dicodusport.fr\/blog\/\"},{\"@type\":\"ListItem\",\"position\":2,\"name\":\"Jeux Paralympiques 2024 : Programme des Fran\u00e7ais du mercredi 4 septembre\"}]},{\"@type\":\"WebSite\",\"@id\":\"https:\/\/dicodusport.fr\/blog\/#website\",\"url\":\"https:\/\/dicodusport.fr\/blog\/\",\"name\":\"Dicodusport\",\"description\":\"L&#039;encyclop\u00e9die de l&#039;actualit\u00e9 sportive\",\"publisher\":{\"@id\":\"https:\/\/dicodusport.fr\/blog\/#organization\"},\"potentialAction\":[{\"@type\":\"SearchAction\",\"target\":{\"@type\":\"EntryPoint\",\"urlTemplate\":\"https:\/\/dicodusport.fr\/blog\/?s={search_term_string}\"},\"query-input\":{\"@type\":\"PropertyValueSpecification\",\"valueRequired\":true,\"valueName\":\"search_term_string\"}}],\"inLanguage\":\"fr-FR\"},{\"@type\":\"NewsMediaOrganization\",\"@id\":\"https:\/\/dicodusport.fr\/blog\/#organization\",\"name\":\"Dicodusport\",\"url\":\"https:\/\/dicodusport.fr\/blog\/\",\"logo\":{\"@type\":\"ImageObject\",\"inLanguage\":\"fr-FR\",\"@id\":\"https:\/\/dicodusport.fr\/blog\/#\/schema\/logo\/image\/\",\"url\":\"https:\/\/dicodusport.fr\/blog\/wp-content\/uploads\/2020\/06\/cropped-LOGO-DICODUSPORT-2020-SANS-FOND-SANS-TEXTE.png\",\"contentUrl\":\"https:\/\/dicodusport.fr\/blog\/wp-content\/uploads\/2020\/06\/cropped-LOGO-DICODUSPORT-2020-SANS-FOND-SANS-TEXTE.png\",\"width\":512,\"height\":512,\"caption\":\"Dicodusport\"},\"image\":{\"@id\":\"https:\/\/dicodusport.fr\/blog\/#\/schema\/logo\/image\/\"},\"sameAs\":[\"https:\/\/www.facebook.com\/dicodusport\",\"https:\/\/x.com\/dicodusport\",\"https:\/\/www.instagram.com\/dicodusport\/\",\"https:\/\/www.youtube.com\/channel\/UC7V2KZ5sd3htJivAbA4ZG3w\"],\"description\":\"Dicodusport est l'encyclop\u00e9die de l'actualit\u00e9 sportive.\",\"email\":\"bonjour@dicodusport.fr\",\"legalName\":\"DICODUSPORT\",\"foundingDate\":\"2018-01-14\",\"vatID\":\"FR71834470973\",\"taxID\":\"83447097300043\",\"numberOfEmployees\":{\"@type\":\"QuantitativeValue\",\"minValue\":\"1\",\"maxValue\":\"10\"}},{\"@type\":\"Person\",\"@id\":\"https:\/\/dicodusport.fr\/blog\/#\/schema\/person\/416c975648aca9da8839bdfe333a21c9\",\"name\":\"Sophie Clapier\",\"image\":{\"@type\":\"ImageObject\",\"inLanguage\":\"fr-FR\",\"@id\":\"https:\/\/dicodusport.fr\/blog\/#\/schema\/person\/image\/\",\"url\":\"https:\/\/dicodusport.fr\/blog\/wp-content\/uploads\/2021\/05\/Sophie-Clapier-150x150.jpg\",\"contentUrl\":\"https:\/\/dicodusport.fr\/blog\/wp-content\/uploads\/2021\/05\/Sophie-Clapier-150x150.jpg\",\"caption\":\"Sophie Clapier\"},\"description\":\"Journaliste\/r\u00e9dactrice depuis janvier 2016 - Passionn\u00e9e de sport depuis toujours, j\u2019en ai pratiqu\u00e9 quelques-uns. Judo, football, handball ou encore tennis, je n\u2019ai jamais pu me mettre d\u2019accord sur un en particulier. Mais \u00e7a, c\u2019\u00e9tait avant de d\u00e9couvrir le basket, devenu mon sport de pr\u00e9dilection. Les actions NBA, le All-Star Week-end, la fureur des Game 7 pendant les playoffs ou mieux, lors des Finals, this is why we play. Team Spurs T.P, je m\u2019accroche encore \u00e0 Gregg Popovich (don\u2019t leave !). Team chef Curry, je souhaite qu\u2019il finisse aux Warriors (staaaay !). Non, il n\u2019y a pas qu\u2019eux, des petits nouveaux -et des petites nouvelles \u00e9videmment- arrivent chaque jour dans toutes les disciplines et cr\u00e9ent de nouveaux exploits. Alors pour les grands \u00e9v\u00e9nements et comp\u00e9titions internationales, vive les pulsations 240\/minutes et le d\u00e9fibrillateur pas loin, et allez les Bleu(e)s ! C\u2019est s\u00fbr, j\u2019aurai plus vu ma vie sur un terrain de sport, mais \u00e0 d\u00e9faut d\u2019en faire en haut niveau, je le partage avec vous.\",\"sameAs\":[\"https:\/\/www.facebook.com\/soocube\",\"https:\/\/x.com\/https:\/\/twitter.com\/soocube\",\"admin\"],\"url\":\"https:\/\/dicodusport.fr\/blog\/author\/sophie\/\"}]}<\/script>\n<!-- \/ Yoast SEO Premium plugin. -->","yoast_head_json":{"title":"Jeux Paralympiques 2024 : Programme des Fran\u00e7ais du mercredi 4 septembre","description":"JEUX PARALYMPIQUES PARIS 2024 - D\u00e9couvrez le programme complet des \u00e9preuves des Fran\u00e7ais pour le mercredi 4 septembre.","robots":{"index":"index","follow":"follow","max-snippet":"max-snippet:-1","max-image-preview":"max-image-preview:large","max-video-preview":"max-video-preview:-1"},"canonical":"https:\/\/dicodusport.fr\/blog\/jeux-paralympiques-2024-programme-des-francais-du-mercredi-4-septembre\/","og_locale":"fr_FR","og_type":"article","og_title":"Jeux Paralympiques 2024 : Programme des Fran\u00e7ais du mercredi 4 septembre","og_description":"JEUX PARALYMPIQUES PARIS 2024 - D\u00e9couvrez le programme complet des \u00e9preuves des Fran\u00e7ais pour le mercredi 4 septembre.","og_url":"https:\/\/dicodusport.fr\/blog\/jeux-paralympiques-2024-programme-des-francais-du-mercredi-4-septembre\/","og_site_name":"Dicodusport","article_publisher":"https:\/\/www.facebook.com\/dicodusport","article_author":"https:\/\/www.facebook.com\/soocube","article_published_time":"2024-09-04T05:47:23+00:00","article_modified_time":"2024-09-04T15:03:29+00:00","og_image":[{"width":1200,"height":674,"url":"https:\/\/dicodusport.fr\/blog\/wp-content\/uploads\/2024\/09\/Jeux-Paralympiques-2024-Programme-des-Francais-du-mercredi-4-septembre.png","type":"image\/png"}],"author":"Sophie Clapier","twitter_card":"summary_large_image","twitter_title":"Jeux Paralympiques 2024 : Programme des Fran\u00e7ais du mercredi 4 septembre","twitter_creator":"@https:\/\/twitter.com\/soocube","twitter_site":"@dicodusport","schema":{"@context":"https:\/\/schema.org","@graph":[{"@type":"NewsArticle","@id":"https:\/\/dicodusport.fr\/blog\/jeux-paralympiques-2024-programme-des-francais-du-mercredi-4-septembre\/#article","isPartOf":{"@id":"https:\/\/dicodusport.fr\/blog\/jeux-paralympiques-2024-programme-des-francais-du-mercredi-4-septembre\/"},"author":{"name":"Sophie Clapier","@id":"https:\/\/dicodusport.fr\/blog\/#\/schema\/person\/416c975648aca9da8839bdfe333a21c9"},"headline":"Jeux Paralympiques 2024 : Programme des Fran\u00e7ais du mercredi 4 septembre","datePublished":"2024-09-04T05:47:23+00:00","dateModified":"2024-09-04T15:03:29+00:00","mainEntityOfPage":{"@id":"https:\/\/dicodusport.fr\/blog\/jeux-paralympiques-2024-programme-des-francais-du-mercredi-4-septembre\/"},"wordCount":1229,"commentCount":0,"publisher":{"@id":"https:\/\/dicodusport.fr\/blog\/#organization"},"image":{"@id":"https:\/\/dicodusport.fr\/blog\/jeux-paralympiques-2024-programme-des-francais-du-mercredi-4-septembre\/#primaryimage"},"thumbnailUrl":"https:\/\/dicodusport.fr\/blog\/wp-content\/uploads\/2024\/09\/Jeux-Paralympiques-2024-Programme-des-Francais-du-mercredi-4-septembre.png","keywords":["actu","br\u00e8ve","Jeux Paralympiques 2024"],"articleSection":["Jeux Paralympiques de Paris 2024"],"inLanguage":"fr-FR","potentialAction":[{"@type":"CommentAction","name":"Comment","target":["https:\/\/dicodusport.fr\/blog\/jeux-paralympiques-2024-programme-des-francais-du-mercredi-4-septembre\/#respond"]}],"copyrightYear":"2024","copyrightHolder":{"@id":"https:\/\/dicodusport.fr\/blog\/#organization"}},{"@type":"WebPage","@id":"https:\/\/dicodusport.fr\/blog\/jeux-paralympiques-2024-programme-des-francais-du-mercredi-4-septembre\/","url":"https:\/\/dicodusport.fr\/blog\/jeux-paralympiques-2024-programme-des-francais-du-mercredi-4-septembre\/","name":"Jeux Paralympiques 2024 : Programme des Fran\u00e7ais du mercredi 4 septembre","isPartOf":{"@id":"https:\/\/dicodusport.fr\/blog\/#website"},"primaryImageOfPage":{"@id":"https:\/\/dicodusport.fr\/blog\/jeux-paralympiques-2024-programme-des-francais-du-mercredi-4-septembre\/#primaryimage"},"image":{"@id":"https:\/\/dicodusport.fr\/blog\/jeux-paralympiques-2024-programme-des-francais-du-mercredi-4-septembre\/#primaryimage"},"thumbnailUrl":"https:\/\/dicodusport.fr\/blog\/wp-content\/uploads\/2024\/09\/Jeux-Paralympiques-2024-Programme-des-Francais-du-mercredi-4-septembre.png","datePublished":"2024-09-04T05:47:23+00:00","dateModified":"2024-09-04T15:03:29+00:00","description":"JEUX PARALYMPIQUES PARIS 2024 - D\u00e9couvrez le programme complet des \u00e9preuves des Fran\u00e7ais pour le mercredi 4 septembre.","breadcrumb":{"@id":"https:\/\/dicodusport.fr\/blog\/jeux-paralympiques-2024-programme-des-francais-du-mercredi-4-septembre\/#breadcrumb"},"inLanguage":"fr-FR","potentialAction":[{"@type":"ReadAction","target":["https:\/\/dicodusport.fr\/blog\/jeux-paralympiques-2024-programme-des-francais-du-mercredi-4-septembre\/"]}]},{"@type":"ImageObject","inLanguage":"fr-FR","@id":"https:\/\/dicodusport.fr\/blog\/jeux-paralympiques-2024-programme-des-francais-du-mercredi-4-septembre\/#primaryimage","url":"https:\/\/dicodusport.fr\/blog\/wp-content\/uploads\/2024\/09\/Jeux-Paralympiques-2024-Programme-des-Francais-du-mercredi-4-septembre.png","contentUrl":"https:\/\/dicodusport.fr\/blog\/wp-content\/uploads\/2024\/09\/Jeux-Paralympiques-2024-Programme-des-Francais-du-mercredi-4-septembre.png","width":1200,"height":674,"caption":"Jeux Paralympiques 2024 Programme des Fran\u00e7ais du mercredi 4 septembre"},{"@type":"BreadcrumbList","@id":"https:\/\/dicodusport.fr\/blog\/jeux-paralympiques-2024-programme-des-francais-du-mercredi-4-septembre\/#breadcrumb","itemListElement":[{"@type":"ListItem","position":1,"name":"Accueil","item":"https:\/\/dicodusport.fr\/blog\/"},{"@type":"ListItem","position":2,"name":"Jeux Paralympiques 2024 : Programme des Fran\u00e7ais du mercredi 4 septembre"}]},{"@type":"WebSite","@id":"https:\/\/dicodusport.fr\/blog\/#website","url":"https:\/\/dicodusport.fr\/blog\/","name":"Dicodusport","description":"L&#039;encyclop\u00e9die de l&#039;actualit\u00e9 sportive","publisher":{"@id":"https:\/\/dicodusport.fr\/blog\/#organization"},"potentialAction":[{"@type":"SearchAction","target":{"@type":"EntryPoint","urlTemplate":"https:\/\/dicodusport.fr\/blog\/?s={search_term_string}"},"query-input":{"@type":"PropertyValueSpecification","valueRequired":true,"valueName":"search_term_string"}}],"inLanguage":"fr-FR"},{"@type":"NewsMediaOrganization","@id":"https:\/\/dicodusport.fr\/blog\/#organization","name":"Dicodusport","url":"https:\/\/dicodusport.fr\/blog\/","logo":{"@type":"ImageObject","inLanguage":"fr-FR","@id":"https:\/\/dicodusport.fr\/blog\/#\/schema\/logo\/image\/","url":"https:\/\/dicodusport.fr\/blog\/wp-content\/uploads\/2020\/06\/cropped-LOGO-DICODUSPORT-2020-SANS-FOND-SANS-TEXTE.png","contentUrl":"https:\/\/dicodusport.fr\/blog\/wp-content\/uploads\/2020\/06\/cropped-LOGO-DICODUSPORT-2020-SANS-FOND-SANS-TEXTE.png","width":512,"height":512,"caption":"Dicodusport"},"image":{"@id":"https:\/\/dicodusport.fr\/blog\/#\/schema\/logo\/image\/"},"sameAs":["https:\/\/www.facebook.com\/dicodusport","https:\/\/x.com\/dicodusport","https:\/\/www.instagram.com\/dicodusport\/","https:\/\/www.youtube.com\/channel\/UC7V2KZ5sd3htJivAbA4ZG3w"],"description":"Dicodusport est l'encyclop\u00e9die de l'actualit\u00e9 sportive.","email":"bonjour@dicodusport.fr","legalName":"DICODUSPORT","foundingDate":"2018-01-14","vatID":"FR71834470973","taxID":"83447097300043","numberOfEmployees":{"@type":"QuantitativeValue","minValue":"1","maxValue":"10"}},{"@type":"Person","@id":"https:\/\/dicodusport.fr\/blog\/#\/schema\/person\/416c975648aca9da8839bdfe333a21c9","name":"Sophie Clapier","image":{"@type":"ImageObject","inLanguage":"fr-FR","@id":"https:\/\/dicodusport.fr\/blog\/#\/schema\/person\/image\/","url":"https:\/\/dicodusport.fr\/blog\/wp-content\/uploads\/2021\/05\/Sophie-Clapier-150x150.jpg","contentUrl":"https:\/\/dicodusport.fr\/blog\/wp-content\/uploads\/2021\/05\/Sophie-Clapier-150x150.jpg","caption":"Sophie Clapier"},"description":"Journaliste\/r\u00e9dactrice depuis janvier 2016 - Passionn\u00e9e de sport depuis toujours, j\u2019en ai pratiqu\u00e9 quelques-uns. Judo, football, handball ou encore tennis, je n\u2019ai jamais pu me mettre d\u2019accord sur un en particulier. Mais \u00e7a, c\u2019\u00e9tait avant de d\u00e9couvrir le basket, devenu mon sport de pr\u00e9dilection. Les actions NBA, le All-Star Week-end, la fureur des Game 7 pendant les playoffs ou mieux, lors des Finals, this is why we play. Team Spurs T.P, je m\u2019accroche encore \u00e0 Gregg Popovich (don\u2019t leave !). Team chef Curry, je souhaite qu\u2019il finisse aux Warriors (staaaay !). Non, il n\u2019y a pas qu\u2019eux, des petits nouveaux -et des petites nouvelles \u00e9videmment- arrivent chaque jour dans toutes les disciplines et cr\u00e9ent de nouveaux exploits. Alors pour les grands \u00e9v\u00e9nements et comp\u00e9titions internationales, vive les pulsations 240\/minutes et le d\u00e9fibrillateur pas loin, et allez les Bleu(e)s ! C\u2019est s\u00fbr, j\u2019aurai plus vu ma vie sur un terrain de sport, mais \u00e0 d\u00e9faut d\u2019en faire en haut niveau, je le partage avec vous.","sameAs":["https:\/\/www.facebook.com\/soocube","https:\/\/x.com\/https:\/\/twitter.com\/soocube","admin"],"url":"https:\/\/dicodusport.fr\/blog\/author\/sophie\/"}]}},"_links":{"self":[{"href":"https:\/\/dicodusport.fr\/blog\/wp-json\/wp\/v2\/posts\/517475","targetHints":{"allow":["GET"]}}],"collection":[{"href":"https:\/\/dicodusport.fr\/blog\/wp-json\/wp\/v2\/posts"}],"about":[{"href":"https:\/\/dicodusport.fr\/blog\/wp-json\/wp\/v2\/types\/post"}],"author":[{"embeddable":true,"href":"https:\/\/dicodusport.fr\/blog\/wp-json\/wp\/v2\/users\/18"}],"replies":[{"embeddable":true,"href":"https:\/\/dicodusport.fr\/blog\/wp-json\/wp\/v2\/comments?post=517475"}],"version-history":[{"count":6,"href":"https:\/\/dicodusport.fr\/blog\/wp-json\/wp\/v2\/posts\/517475\/revisions"}],"predecessor-version":[{"id":517728,"href":"https:\/\/dicodusport.fr\/blog\/wp-json\/wp\/v2\/posts\/517475\/revisions\/517728"}],"wp:featuredmedia":[{"embeddable":true,"href":"https:\/\/dicodusport.fr\/blog\/wp-json\/wp\/v2\/media\/517515"}],"wp:attachment":[{"href":"https:\/\/dicodusport.fr\/blog\/wp-json\/wp\/v2\/media?parent=517475"}],"wp:term":[{"taxonomy":"category","embeddable":true,"href":"https:\/\/dicodusport.fr\/blog\/wp-json\/wp\/v2\/categories?post=517475"},{"taxonomy":"post_tag","embeddable":true,"href":"https:\/\/dicodusport.fr\/blog\/wp-json\/wp\/v2\/tags?post=517475"}],"curies":[{"name":"wp","href":"https:\/\/api.w.org\/{rel}","templated":true}]}}