{"id":517573,"date":"2024-09-08T14:00:42","date_gmt":"2024-09-08T12:00:42","guid":{"rendered":"https:\/\/dicodusport.fr\/blog\/?p=517573&#038;preview=true&#038;preview_id=517573"},"modified":"2024-09-08T14:00:31","modified_gmt":"2024-09-08T12:00:31","slug":"rallye-de-lacropole-grece-2024-programme-des-speciales-et-resultats","status":"publish","type":"post","link":"https:\/\/dicodusport.fr\/blog\/rallye-de-lacropole-grece-2024-programme-des-speciales-et-resultats\/","title":{"rendered":"Rallye de l&rsquo;Acropole-Gr\u00e8ce 2024 : Les r\u00e9sultats complets"},"content":{"rendered":"<h4 style=\"text-align: justify;\"><em>RALLYE DE L&rsquo;ACROPOLE 2024 &#8211; D\u00e9couvrez le programme, les horaires et les r\u00e9sultats du Rallye WRC de l&rsquo;Acropole en Gr\u00e8ce, dixi\u00e8me manche du championnat des rallyes 2024, qui se d\u00e9roule du jeudi 5 au dimanche 8 septembre 2024.<\/em><\/h4>\n<ul>\n<li style=\"text-align: justify;\"><strong>\u00c0 ce sujet &#8211; <a href=\"https:\/\/dicodusport.fr\/blog\/wrc-calendrier-des-rallyes-2024\/\">WRC \u2013 Calendrier des rallyes 2024<\/a><\/strong><\/li>\n<\/ul>\n<p style=\"text-align: justify;\">La 68\u00e8me \u00e9dition du <strong>Rallye de l&rsquo;Acropole <\/strong>se d\u00e9roule du jeudi 5 au dimanche 8 septembre 2024. R\u00e9cent vainqueur du <a href=\"https:\/\/dicodusport.fr\/blog\/rallye-de-finlande-2024-le-classement-general\/\">Rallye de Finlande<\/a>, le Fran\u00e7ais <strong>S\u00e9bastien Ogier<\/strong> (Toyota) sera de la partie. Cette saison, <strong>Ogier<\/strong> a aussi remport\u00e9 le <a href=\"https:\/\/dicodusport.fr\/blog\/rallye-de-croatie-2024-le-classement-general\/\">Rallye de Croatie<\/a> avant de s&rsquo;imposer sur le <a href=\"https:\/\/dicodusport.fr\/blog\/rallye-du-portugal-2024-le-classement-general\/\">Rallye du Portugal<\/a>. Vainqueur sur les <a href=\"https:\/\/dicodusport.fr\/blog\/rallye-de-pologne-2024-le-classement-general\/\">Rallye de Pologne<\/a> et <a href=\"https:\/\/dicodusport.fr\/blog\/rallye-de-lettonie-2024-le-classement-general\/\">de Lettonie<\/a>\u00a0<strong>Kalle Rovanper\u00e4<\/strong> (Toyota) est lui absent.<\/p>\n<p style=\"text-align: justify;\">Leader du championnat du monde des rallyes 2024 et victorieux du <a href=\"https:\/\/dicodusport.fr\/blog\/rallye-monte-carlo-2024-le-classement-general\/\">Rallye Monte-Carlo<\/a>, <strong>Thierry Neuville<\/strong> (Hyundai) aura pour objectif de renforcer sa place de leader au classement du championnat du monde. On suivra \u00e9galement attentivement l&rsquo;Estonien <strong>Ott T\u00e4nak<\/strong> (Hyundai), vainqueur du <a href=\"https:\/\/dicodusport.fr\/blog\/rallye-de-sardaigne-2024-le-classement-general\/\">Rallye de Sardaigne<\/a>.<\/p>\n<ul>\n<li style=\"text-align: justify;\"><strong>\u00c0 ce sujet \u2013\u00a0<a href=\"https:\/\/dicodusport.fr\/blog\/rallyes-wrc-2024-classement-pilotes-championnat-du-monde\/\">Rallyes WRC 2024 \u2013 Classement pilotes Championnat du monde<\/a><\/strong><\/li>\n<\/ul>\n<h2 style=\"text-align: justify;\">Le palmar\u00e8s r\u00e9cent du Rallye de l&rsquo;Acropole<\/h2>\n<p style=\"text-align: justify;\"><strong>2023 :<\/strong> Kalle Rovanper\u00e4 (Toyota GR Yaris Rally1)<br \/>\n<strong>2022 :<\/strong> Thierry Neuville (Hyundai i20N Rally1)<br \/>\n<strong>2021 :<\/strong> Kalle Rovanper\u00e4 (Toyota Yaris WRC)<br \/>\n<strong>2013 :<\/strong> Jari-Matti Latvala (VW Polo R WRC)<br \/>\n<strong>2012 :<\/strong> S\u00e9bastien Loeb (Citro\u00ebn DS3 WRC)<br \/>\n<strong>2011 :<\/strong> S\u00e9bastien Ogier (Citro\u00ebn DS3 WC)<br \/>\n<strong>2009 :<\/strong> Mikko Hirvonen (Ford Focus WC)<br \/>\n<strong>2008 :<\/strong> S\u00e9bastien Loeb (Citro\u00ebn C4 WRC)<br \/>\n<strong>2007 :<\/strong> Marcus Gr\u00f6nholm (Ford Focus WRC)<br \/>\n<strong>2006 :<\/strong> Marcus Gr\u00f6nholm (Ford Focus WRC)<br \/>\n<strong>2005 :<\/strong> S\u00e9bastien Loeb (Citro\u00ebn Xsara WRC)<br \/>\n<strong>2004 :<\/strong> Petter Solberg (Subaru Impreza S10 WRC)<\/p>\n<h2 style=\"text-align: justify;\">Rallye de l&rsquo;Acropole 2024 &#8211; Programme, horaires et r\u00e9sultats<\/h2>\n<p style=\"text-align: justify;\"><em><strong>Les sp\u00e9ciales sont diffus\u00e9es sur Canal+ Sport 360.<\/strong><\/em><\/p>\n<table style=\"width: 840px; border-collapse: collapse;\">\n<tbody>\n<tr>\n<td style=\"background-color: #fc4c02; width: 959.492px; text-align: center; vertical-align: middle;\" colspan=\"5\"><span style=\"color: #ffffff;\"><strong>JEUDI 5 SEPTEMBRE 2024<\/strong><\/span><span style=\"color: #ffffff;\"><strong><br \/>\n<\/strong><\/span><\/td>\n<\/tr>\n<tr>\n<td style=\"text-align: center; vertical-align: middle; width: 80px; background-color: #000000;\"><span style=\"color: #ffffff; font-size: 0.9em;\"><strong>Horaire<\/strong><\/span><\/td>\n<td style=\"text-align: center; vertical-align: middle; width: 399.492px; background-color: #000000;\" colspan=\"2\"><span style=\"color: #ffffff;\"><span style=\"font-size: 0.9em;\"><b>Sp\u00e9ciale<\/b><\/span><\/span><\/td>\n<td style=\"text-align: center; vertical-align: middle; width: 240px; background-color: #000000;\"><span style=\"color: #ffffff; font-size: 0.9em;\"><strong>Vainqueurs<\/strong><\/span><\/td>\n<td style=\"text-align: center; vertical-align: middle; width: 240px; background-color: #000000;\"><span style=\"color: #ffffff; font-size: 0.9em;\"><strong>Leaders<\/strong><\/span><\/td>\n<\/tr>\n<tr>\n<td style=\"text-align: center; vertical-align: middle; width: 80px; font-size: 0.9em;\"><strong>8h01<\/strong><\/td>\n<td style=\"text-align: center; vertical-align: middle; width: 399.492px; font-size: 0.9em;\" colspan=\"2\"><strong>Shakedown (3,62 km)<br \/>\n<a href=\"https:\/\/www.wrc.com\/c\/event\/csx1_WRC-EKO-Acropolis-Rally-Greece?liveTimingMenu=stageTiming_livetiming&amp;stage=SHD&amp;championshipId=245\"><span style=\"font-size: 11.52px;\"><i>Classement<\/i><\/span><\/a><br \/>\n<\/strong><\/td>\n<td style=\"text-align: center; vertical-align: middle; width: 240px;\"><span style=\"font-size: 0.9em;\"><strong>\ud83c\udde7\ud83c\uddea Thierry NEUVILLE \/ \ud83c\udde7\ud83c\uddea Martijn WYDAEGHE<\/strong><br \/>\n<span style=\"font-size: 0.8em;\">HYUNDAI<\/span><\/span><\/td>\n<td style=\"text-align: center; vertical-align: middle; width: 240px;\"><span style=\"font-size: 0.9em;\"><strong>\ud83c\udde7\ud83c\uddea Thierry NEUVILLE \/ \ud83c\udde7\ud83c\uddea Martijn WYDAEGHE<\/strong><br \/>\n<span style=\"font-size: 0.8em;\">HYUNDAI<\/span><\/span><\/td>\n<\/tr>\n<tr>\n<td style=\"background-color: #fc4c02; width: 959.492px; text-align: center; vertical-align: middle;\" colspan=\"5\"><span style=\"color: #ffffff;\"><strong>VENDREDI 6 SEPTEMBRE 2024<\/strong><\/span><\/td>\n<\/tr>\n<tr>\n<td style=\"text-align: center; vertical-align: middle; width: 80px; background-color: #000000;\"><span style=\"color: #ffffff; font-size: 0.9em;\"><strong>Horaire<\/strong><\/span><\/td>\n<td style=\"text-align: center; vertical-align: middle; width: 399.492px; background-color: #000000;\" colspan=\"2\"><span style=\"color: #ffffff;\"><span style=\"font-size: 0.9em;\"><b>Sp\u00e9ciale<\/b><\/span><\/span><\/td>\n<td style=\"text-align: center; vertical-align: middle; width: 240px; background-color: #000000;\"><span style=\"color: #ffffff; font-size: 0.9em;\"><strong>Vainqueurs<\/strong><\/span><\/td>\n<td style=\"text-align: center; vertical-align: middle; width: 240px; background-color: #000000;\"><span style=\"color: #ffffff; font-size: 0.9em;\"><strong>Leaders<\/strong><\/span><\/td>\n<\/tr>\n<tr>\n<td style=\"text-align: center; vertical-align: middle; width: 80px; font-size: 0.9em;\"><strong>6h58<\/strong><\/td>\n<td style=\"text-align: center; vertical-align: middle; width: 399.492px;\" colspan=\"2\"><strong><span style=\"font-size: 0.9em;\">ES1 (22,47 km)<\/span><br \/>\n<a href=\"https:\/\/www.wrc.com\/c\/event\/csx1_WRC-EKO-Acropolis-Rally-Greece?liveTimingMenu=stageTiming_livetiming&amp;stage=7454&amp;championshipId=245\"><span style=\"font-size: 11.52px;\"><i>Classement<\/i><\/span><\/a><\/strong><\/td>\n<td style=\"text-align: center; vertical-align: middle; width: 240px;\"><span style=\"font-size: 0.9em;\"><strong>\ud83c\uddeb\ud83c\uddf7 S\u00e9bastien OGIER \/ \ud83c\uddeb\ud83c\uddf7 Vincent LANDAIS<\/strong><br \/>\n<span style=\"font-size: 0.8em;\">TOYOTA<\/span><\/span><\/td>\n<td style=\"text-align: center; vertical-align: middle; width: 240px;\"><span style=\"font-size: 0.9em;\"><strong>\ud83c\uddeb\ud83c\uddf7 S\u00e9bastien OGIER \/ \ud83c\uddeb\ud83c\uddf7 Vincent LANDAIS<\/strong><br \/>\n<span style=\"font-size: 0.8em;\">TOYOTA<\/span><\/span><\/td>\n<\/tr>\n<tr>\n<td style=\"text-align: center; vertical-align: middle; width: 80px; font-size: 0.9em;\"><strong>8h09<\/strong><\/td>\n<td style=\"text-align: center; vertical-align: middle; width: 399.492px; font-size: 0.9em;\" colspan=\"2\"><strong>ES2 (21,67 km)<br \/>\n<a href=\"https:\/\/www.wrc.com\/c\/event\/csx1_WRC-EKO-Acropolis-Rally-Greece?liveTimingMenu=stageTiming_livetiming&amp;stage=7455&amp;championshipId=245\"><span style=\"font-size: 11.52px;\"><i>Classement<\/i><\/span><\/a><br \/>\n<\/strong><\/td>\n<td style=\"text-align: center; vertical-align: middle; width: 240px;\"><span style=\"font-size: 0.9em;\"><strong>\ud83c\uddef\ud83c\uddf5 Takamoto KATSUTA \/ \ud83c\uddee\ud83c\uddea Aaron JOHNSTON<br \/>\n<\/strong><span style=\"font-size: 0.8em;\">TOYOTA<\/span><\/span><\/td>\n<td style=\"text-align: center; vertical-align: middle; width: 240px;\"><span style=\"font-size: 0.9em;\"><strong>\ud83c\uddea\ud83c\uddea Ott T\u00c4NAK \/ \ud83c\uddea\ud83c\uddea Martin J\u00c4RVEOJA<\/strong><br \/>\n<span style=\"font-size: 0.8em;\">HYUNDAI<\/span><\/span><\/td>\n<\/tr>\n<tr>\n<td style=\"text-align: center; vertical-align: middle; width: 80px; font-size: 0.9em;\"><strong>10h17<\/strong><\/td>\n<td style=\"text-align: center; vertical-align: middle; width: 399.492px; font-size: 0.9em;\" colspan=\"2\"><strong>ES3 (23,37 km)<br \/>\n<a href=\"https:\/\/www.wrc.com\/c\/event\/csx1_WRC-EKO-Acropolis-Rally-Greece?liveTimingMenu=stageTiming_livetiming&amp;stage=7456&amp;championshipId=245\"><span style=\"font-size: 11.52px;\"><i>Classement<\/i><\/span><\/a><br \/>\n<\/strong><\/td>\n<td style=\"text-align: center; vertical-align: middle; width: 240px;\"><span style=\"font-size: 0.9em;\"><strong>\ud83c\uddeb\ud83c\uddf7 S\u00e9bastien OGIER \/ \ud83c\uddeb\ud83c\uddf7 Vincent LANDAIS<\/strong><br \/>\n<span style=\"font-size: 0.8em;\">TOYOTA<\/span><\/span><\/td>\n<td style=\"text-align: center; vertical-align: middle; width: 240px;\"><span style=\"font-size: 0.9em;\"><strong>\ud83c\uddeb\ud83c\uddf7 S\u00e9bastien OGIER \/ \ud83c\uddeb\ud83c\uddf7 Vincent LANDAIS<\/strong><br \/>\n<span style=\"font-size: 0.8em;\">TOYOTA<\/span><\/span><\/td>\n<\/tr>\n<tr>\n<td style=\"text-align: center; vertical-align: middle; width: 80px; font-size: 0.9em;\"><strong>13h29<\/strong><\/td>\n<td style=\"text-align: center; vertical-align: middle; width: 399.492px; font-size: 0.9em;\" colspan=\"2\"><strong>ES4 (<span style=\"font-size: 0.9em;\">22,47 km)<br \/>\n<a href=\"https:\/\/www.wrc.com\/c\/event\/csx1_WRC-EKO-Acropolis-Rally-Greece?liveTimingMenu=stageTiming_livetiming&amp;stage=7457&amp;championshipId=245\"><span style=\"font-size: 11.52px;\"><i>Classement<\/i><\/span><\/a><\/span><br \/>\n<\/strong><\/td>\n<td style=\"text-align: center; vertical-align: middle; width: 240px;\"><span style=\"font-size: 0.9em;\"><strong>\ud83c\uddeb\ud83c\uddf7 S\u00e9bastien OGIER \/ \ud83c\uddeb\ud83c\uddf7 Vincent LANDAIS<\/strong><br \/>\n<span style=\"font-size: 0.8em;\">TOYOTA<\/span><\/span><\/td>\n<td style=\"text-align: center; vertical-align: middle; width: 240px;\"><span style=\"font-size: 0.9em;\"><strong>\ud83c\uddeb\ud83c\uddf7 S\u00e9bastien OGIER \/ \ud83c\uddeb\ud83c\uddf7 Vincent LANDAIS<\/strong><br \/>\n<span style=\"font-size: 0.8em;\">TOYOTA<\/span><\/span><\/td>\n<\/tr>\n<tr>\n<td style=\"text-align: center; vertical-align: middle; width: 80px; font-size: 0.9em;\"><strong>14h40<\/strong><\/td>\n<td style=\"text-align: center; vertical-align: middle; width: 399.492px; font-size: 0.9em;\" colspan=\"2\"><strong>ES5 (21,67 km)<br \/>\n<a href=\"https:\/\/www.wrc.com\/c\/event\/csx1_WRC-EKO-Acropolis-Rally-Greece?liveTimingMenu=stageTiming_livetiming&amp;stage=7458&amp;championshipId=245\"><span style=\"font-size: 11.52px;\"><i>Classement<\/i><\/span><\/a><br \/>\n<\/strong><\/td>\n<td style=\"text-align: center; vertical-align: middle; width: 240px;\"><span style=\"font-size: 0.9em;\"><strong>\ud83c\uddea\ud83c\uddea Ott T\u00c4NAK \/ \ud83c\uddea\ud83c\uddea Martin J\u00c4RVEOJA<\/strong><br \/>\n<span style=\"font-size: 0.8em;\">HYUNDAI<\/span><\/span><\/td>\n<td style=\"text-align: center; vertical-align: middle; width: 240px;\"><span style=\"font-size: 0.9em;\"><strong>\ud83c\uddea\ud83c\uddea Ott T\u00c4NAK \/ \ud83c\uddea\ud83c\uddea Martin J\u00c4RVEOJA<\/strong><br \/>\n<span style=\"font-size: 0.8em;\">HYUNDAI<\/span><\/span><\/td>\n<\/tr>\n<tr>\n<td style=\"text-align: center; vertical-align: middle; width: 80px; font-size: 0.9em;\"><strong>16h48<\/strong><\/td>\n<td style=\"text-align: center; vertical-align: middle; width: 399.492px; font-size: 0.9em;\" colspan=\"2\"><strong>ES6 (23,37 km)<br \/>\n<a href=\"https:\/\/www.wrc.com\/c\/event\/csx1_WRC-EKO-Acropolis-Rally-Greece?liveTimingMenu=stageTiming_livetiming&amp;stage=7459&amp;championshipId=245\"><span style=\"font-size: 11.52px;\"><i>Classement<\/i><\/span><\/a><br \/>\n<\/strong><\/td>\n<td style=\"text-align: center; vertical-align: middle; width: 240px;\"><span style=\"font-size: 0.9em;\"><strong>\ud83c\udde7\ud83c\uddea Thierry NEUVILLE \/ \ud83c\udde7\ud83c\uddea Martijn WYDAEGHE<\/strong><br \/>\n<span style=\"font-size: 0.8em;\">HYUNDAI<\/span><\/span><\/td>\n<td style=\"text-align: center; vertical-align: middle; width: 240px;\"><span style=\"font-size: 0.9em;\"><strong>\ud83c\uddea\ud83c\uddea Ott T\u00c4NAK \/ \ud83c\uddea\ud83c\uddea Martin J\u00c4RVEOJA<\/strong><br \/>\n<span style=\"font-size: 0.8em;\">HYUNDAI<\/span><\/span><\/td>\n<\/tr>\n<tr>\n<td style=\"background-color: #fc4c02; width: 959.492px; text-align: center; vertical-align: middle;\" colspan=\"5\"><span style=\"color: #ffffff;\"><strong>SAMEDI 7 SEPTEMBRE 2024<\/strong><\/span><span style=\"color: #ffffff;\"><strong><br \/>\n<\/strong><\/span><\/td>\n<\/tr>\n<tr>\n<td style=\"text-align: center; vertical-align: middle; width: 80px; background-color: #000000;\"><span style=\"color: #ffffff; font-size: 0.9em;\"><strong>Horaire<\/strong><\/span><\/td>\n<td style=\"text-align: center; vertical-align: middle; width: 399.492px; background-color: #000000;\" colspan=\"2\"><span style=\"color: #ffffff;\"><span style=\"font-size: 0.9em;\"><b>Sp\u00e9ciale<\/b><\/span><\/span><\/td>\n<td style=\"text-align: center; vertical-align: middle; width: 240px; background-color: #000000;\"><span style=\"color: #ffffff; font-size: 0.9em;\"><strong>Vainqueurs<\/strong><\/span><\/td>\n<td style=\"text-align: center; vertical-align: middle; width: 240px; background-color: #000000;\"><span style=\"color: #ffffff; font-size: 0.9em;\"><strong>Leaders<\/strong><\/span><\/td>\n<\/tr>\n<tr>\n<td style=\"text-align: center; vertical-align: middle; width: 80px; font-size: 0.9em;\"><strong>7h16<\/strong><\/td>\n<td style=\"text-align: center; vertical-align: middle; width: 399.492px; font-size: 0.9em;\" colspan=\"2\"><strong>ES7 (28,67 km)<br \/>\n<a href=\"https:\/\/www.wrc.com\/c\/event\/csx1_WRC-EKO-Acropolis-Rally-Greece?liveTimingMenu=stageTiming_livetiming&amp;stage=7460&amp;championshipId=245\"><span style=\"font-size: 11.52px;\"><i>Classement<\/i><\/span><\/a><br \/>\n<\/strong><\/td>\n<td style=\"text-align: center; vertical-align: middle; width: 240px;\"><span style=\"font-size: 0.9em;\"><strong>\ud83c\udde7\ud83c\uddea Thierry NEUVILLE \/ \ud83c\udde7\ud83c\uddea Martijn WYDAEGHE<\/strong><br \/>\n<span style=\"font-size: 0.8em;\">HYUNDAI<\/span><\/span><\/td>\n<td style=\"text-align: center; vertical-align: middle; width: 240px;\"><span style=\"font-size: 0.9em;\"><strong>\ud83c\uddea\ud83c\uddf8 Dani SORDO \/ \ud83c\uddea\ud83c\uddf8 Candido CARRERA<\/strong><br \/>\n<span style=\"font-size: 0.8em;\">HYUNDAI<\/span><\/span><\/td>\n<\/tr>\n<tr>\n<td style=\"text-align: center; vertical-align: middle; width: 80px; font-size: 0.9em;\"><strong>9h37<\/strong><\/td>\n<td style=\"text-align: center; vertical-align: middle; font-size: 0.9em; width: 399.492px;\" colspan=\"2\"><strong>ES8 (20,95 km)<br \/>\n<a href=\"https:\/\/www.wrc.com\/c\/event\/csx1_WRC-EKO-Acropolis-Rally-Greece?liveTimingMenu=stageTiming_livetiming&amp;stage=7461&amp;championshipId=245\"><span style=\"font-size: 11.52px;\"><i>Classement<\/i><\/span><\/a><br \/>\n<\/strong><\/td>\n<td style=\"text-align: center; vertical-align: middle; width: 240px;\"><span style=\"font-size: 0.9em;\"><strong>\ud83c\uddeb\ud83c\uddf7 S\u00e9bastien OGIER \/ \ud83c\uddeb\ud83c\uddf7 Vincent LANDAIS<\/strong><br \/>\n<span style=\"font-size: 0.8em;\">TOYOTA<\/span><\/span><\/td>\n<td style=\"text-align: center; vertical-align: middle; width: 240px;\"><span style=\"font-size: 0.9em;\"><strong>\ud83c\uddea\ud83c\uddf8 Dani SORDO \/ \ud83c\uddea\ud83c\uddf8 Candido CARRERA<\/strong><br \/>\n<span style=\"font-size: 0.8em;\">HYUNDAI<\/span><\/span><\/td>\n<\/tr>\n<tr>\n<td style=\"text-align: center; vertical-align: middle; width: 80px; font-size: 0.9em;\"><strong>12h05<\/strong><\/td>\n<td style=\"text-align: center; vertical-align: middle; width: 399.492px; font-size: 0.9em;\" colspan=\"2\"><strong>ES9 (25,87 km)<br \/>\n<a href=\"https:\/\/www.wrc.com\/c\/event\/csx1_WRC-EKO-Acropolis-Rally-Greece?liveTimingMenu=stageTiming_livetiming&amp;stage=7462&amp;championshipId=245\"><span style=\"font-size: 11.52px;\"><i>Classement<\/i><\/span><\/a><br \/>\n<\/strong><\/td>\n<td style=\"text-align: center; vertical-align: middle; width: 240px;\"><span style=\"font-size: 0.9em;\"><strong>\ud83c\uddeb\ud83c\uddf7 S\u00e9bastien OGIER \/ \ud83c\uddeb\ud83c\uddf7 Vincent LANDAIS<\/strong><br \/>\n<span style=\"font-size: 0.8em;\">TOYOTA<\/span><\/span><\/td>\n<td style=\"text-align: center; vertical-align: middle; width: 240px;\"><span style=\"font-size: 0.9em;\"><strong>\ud83c\udde7\ud83c\uddea Thierry NEUVILLE \/ \ud83c\udde7\ud83c\uddea Martijn WYDAEGHE<\/strong><br \/>\n<span style=\"font-size: 0.8em;\">HYUNDAI<\/span><\/span><\/td>\n<\/tr>\n<tr>\n<td style=\"text-align: center; vertical-align: middle; width: 80px; font-size: 0.9em;\"><strong>14h46<\/strong><\/td>\n<td style=\"text-align: center; vertical-align: middle; width: 399.492px; font-size: 0.9em;\" colspan=\"2\"><strong>ES10 (28,67 km)<br \/>\n<a href=\"https:\/\/www.wrc.com\/c\/event\/csx1_WRC-EKO-Acropolis-Rally-Greece?liveTimingMenu=stageTiming_livetiming&amp;stage=7463&amp;championshipId=245\"><span style=\"font-size: 11.52px;\"><i>Classement<\/i><\/span><\/a><br \/>\n<\/strong><\/td>\n<td style=\"text-align: center; vertical-align: middle; width: 240px;\"><span style=\"font-size: 0.9em;\"><strong>\ud83c\uddea\ud83c\uddea Ott T\u00c4NAK \/ \ud83c\uddea\ud83c\uddea Martin J\u00c4RVEOJA<\/strong><br \/>\n<span style=\"font-size: 0.8em;\">HYUNDAI<\/span><\/span><\/td>\n<td style=\"text-align: center; vertical-align: middle; width: 240px;\"><span style=\"font-size: 0.9em;\"><strong>\ud83c\udde7\ud83c\uddea Thierry NEUVILLE \/ \ud83c\udde7\ud83c\uddea Martijn WYDAEGHE<\/strong><br \/>\n<span style=\"font-size: 0.8em;\">HYUNDAI<\/span><\/span><\/td>\n<\/tr>\n<tr>\n<td style=\"text-align: center; vertical-align: middle; width: 80px; font-size: 0.9em;\"><strong>16h05<\/strong><\/td>\n<td style=\"text-align: center; vertical-align: middle; width: 399.492px; font-size: 0.9em;\" colspan=\"2\"><strong>ES11 (20,95 km)<br \/>\n<a href=\"https:\/\/www.wrc.com\/c\/event\/csx1_WRC-EKO-Acropolis-Rally-Greece?liveTimingMenu=stageTiming_livetiming&amp;stage=7463&amp;championshipId=245\"><span style=\"font-size: 11.52px;\"><i>Classement<\/i><\/span><\/a><br \/>\n<\/strong><\/td>\n<td style=\"text-align: center; vertical-align: middle; width: 240px;\"><span style=\"font-size: 0.9em;\"><strong>\ud83c\uddea\ud83c\uddea Ott T\u00c4NAK \/ \ud83c\uddea\ud83c\uddea Martin J\u00c4RVEOJA<\/strong><br \/>\n<span style=\"font-size: 0.8em;\">HYUNDAI<\/span><\/span><\/td>\n<td style=\"text-align: center; vertical-align: middle; width: 240px;\"><span style=\"font-size: 0.9em;\"><strong>\ud83c\udde7\ud83c\uddea Thierry NEUVILLE \/ \ud83c\udde7\ud83c\uddea Martijn WYDAEGHE<\/strong><br \/>\n<span style=\"font-size: 0.8em;\">HYUNDAI<\/span><\/span><\/td>\n<\/tr>\n<tr>\n<td style=\"text-align: center; vertical-align: middle; width: 80px; font-size: 0.9em;\"><strong>20h05<\/strong><\/td>\n<td style=\"text-align: center; vertical-align: middle; width: 399.492px; font-size: 0.9em;\" colspan=\"2\"><strong>ES12 (25,87 km)<br \/>\n<a href=\"https:\/\/www.wrc.com\/c\/event\/csx1_WRC-EKO-Acropolis-Rally-Greece?liveTimingMenu=stageTiming_livetiming&amp;stage=7465&amp;championshipId=245\"><span style=\"font-size: 11.52px;\"><i>Classement<\/i><\/span><\/a><br \/>\n<\/strong><\/td>\n<td style=\"text-align: center; vertical-align: middle; width: 240px;\"><span style=\"font-size: 0.9em;\"><strong>\ud83c\udde7\ud83c\uddea Thierry NEUVILLE \/ \ud83c\udde7\ud83c\uddea Martijn WYDAEGHE<\/strong><br \/>\n<span style=\"font-size: 0.8em;\">HYUNDAI<\/span><\/span><\/td>\n<td style=\"text-align: center; vertical-align: middle; width: 240px;\"><span style=\"font-size: 0.9em;\"><strong>\ud83c\udde7\ud83c\uddea Thierry NEUVILLE \/ \ud83c\udde7\ud83c\uddea Martijn WYDAEGHE<\/strong><br \/>\n<span style=\"font-size: 0.8em;\">HYUNDAI<\/span><\/span><\/td>\n<\/tr>\n<tr>\n<td style=\"background-color: #fc4c02; width: 959.492px; text-align: center; vertical-align: middle;\" colspan=\"5\"><span style=\"color: #ffffff;\"><strong>DIMANCHE 8 SEPTEMBRE 2024<\/strong><\/span><span style=\"color: #ffffff;\"><strong><br \/>\n<\/strong><\/span><\/td>\n<\/tr>\n<tr>\n<td style=\"text-align: center; vertical-align: middle; width: 80px; background-color: #000000;\"><span style=\"color: #ffffff; font-size: 0.9em;\"><strong>Horaire<\/strong><\/span><\/td>\n<td style=\"text-align: center; vertical-align: middle; width: 399.492px; background-color: #000000;\" colspan=\"2\"><span style=\"color: #ffffff;\"><span style=\"font-size: 0.9em;\"><b>Sp\u00e9ciale<\/b><\/span><\/span><\/td>\n<td style=\"text-align: center; vertical-align: middle; width: 240px; background-color: #000000;\"><span style=\"color: #ffffff; font-size: 0.9em;\"><strong>Vainqueurs<\/strong><\/span><\/td>\n<td style=\"text-align: center; vertical-align: middle; width: 240px; background-color: #000000;\"><span style=\"color: #ffffff; font-size: 0.9em;\"><strong>Leaders<\/strong><\/span><\/td>\n<\/tr>\n<tr>\n<td style=\"text-align: center; vertical-align: middle; width: 80px; font-size: 0.9em;\"><strong>7h59<\/strong><\/td>\n<td style=\"text-align: center; vertical-align: middle; width: 399.492px; font-size: 0.9em;\" colspan=\"2\"><strong>ES13 (17,47 km)<br \/>\n<a href=\"https:\/\/www.wrc.com\/c\/event\/csx1_WRC-EKO-Acropolis-Rally-Greece?liveTimingMenu=stageTiming_livetiming&amp;stage=7466&amp;championshipId=245\"><span style=\"font-size: 11.52px;\"><i>Classement<\/i><\/span><\/a><br \/>\n<\/strong><\/td>\n<td style=\"text-align: center; vertical-align: middle; width: 240px;\"><span style=\"font-size: 0.9em;\"><strong>\ud83c\uddeb\ud83c\uddf7 S\u00e9bastien OGIER \/ \ud83c\uddeb\ud83c\uddf7 Vincent LANDAIS<\/strong><br \/>\n<span style=\"font-size: 0.8em;\">TOYOTA<\/span><\/span><\/td>\n<td style=\"text-align: center; vertical-align: middle; width: 240px;\"><span style=\"font-size: 0.9em;\"><strong>\ud83c\udde7\ud83c\uddea Thierry NEUVILLE \/ \ud83c\udde7\ud83c\uddea Martijn WYDAEGHE<\/strong><br \/>\n<span style=\"font-size: 0.8em;\">HYUNDAI<\/span><\/span><\/td>\n<\/tr>\n<tr>\n<td style=\"text-align: center; vertical-align: middle; width: 80px; font-size: 0.9em;\"><strong>9h05<\/strong><\/td>\n<td style=\"text-align: center; vertical-align: middle; font-size: 0.9em; width: 399.492px;\" colspan=\"2\"><strong>ES14 (18,29 km)<br \/>\n<a href=\"https:\/\/www.wrc.com\/c\/event\/csx1_WRC-EKO-Acropolis-Rally-Greece?liveTimingMenu=stageTiming_livetiming&amp;stage=7467&amp;championshipId=245\"><span style=\"font-size: 11.52px;\"><i>Classement<\/i><\/span><\/a><br \/>\n<\/strong><\/td>\n<td style=\"text-align: center; vertical-align: middle; width: 240px;\"><span style=\"font-size: 0.9em;\"><strong>\ud83c\uddeb\ud83c\uddf7 S\u00e9bastien OGIER \/ \ud83c\uddeb\ud83c\uddf7 Vincent LANDAIS<\/strong><br \/>\n<span style=\"font-size: 0.8em;\">TOYOTA<\/span><\/span><\/td>\n<td style=\"text-align: center; vertical-align: middle; width: 240px;\"><span style=\"font-size: 0.9em;\"><strong>\ud83c\udde7\ud83c\uddea Thierry NEUVILLE \/ \ud83c\udde7\ud83c\uddea Martijn WYDAEGHE<\/strong><br \/>\n<span style=\"font-size: 0.8em;\">HYUNDAI<\/span><\/span><\/td>\n<\/tr>\n<tr>\n<td style=\"text-align: center; vertical-align: middle; width: 80px; font-size: 0.9em;\"><strong>12h15<\/strong><\/td>\n<td style=\"text-align: center; vertical-align: middle; width: 399.492px; font-size: 0.9em;\" colspan=\"2\"><strong>ES15 &#8211; Power Stage (18,29 km)<br \/>\n<a href=\"https:\/\/www.wrc.com\/c\/event\/csx1_WRC-EKO-Acropolis-Rally-Greece?liveTimingMenu=stageTiming_livetiming&amp;stage=7468&amp;championshipId=245\"><span style=\"font-size: 11.52px;\"><i>Classement<\/i><\/span><\/a><br \/>\n<\/strong><\/td>\n<td style=\"text-align: center; vertical-align: middle; width: 240px;\"><span style=\"font-size: 0.9em;\"><strong>\ud83c\uddeb\ud83c\uddf7 Adrien FOURMAUX \/ \ud83c\uddeb\ud83c\uddf7 Alexandre CORIA<\/strong><br \/>\n<span style=\"font-size: 0.8em;\">FORD<\/span><\/span><\/td>\n<td style=\"text-align: center; vertical-align: middle; width: 240px;\"><span style=\"font-size: 0.9em;\"><strong>\ud83c\udde7\ud83c\uddea Thierry NEUVILLE \/ \ud83c\udde7\ud83c\uddea Martijn WYDAEGHE<\/strong><br \/>\n<span style=\"font-size: 0.8em;\">HYUNDAI<\/span><\/span><\/td>\n<\/tr>\n<\/tbody>\n<\/table>\n<h2 style=\"text-align: justify;\">Le classement g\u00e9n\u00e9ral du Rallye de l&rsquo;Acropole<\/h2>\n<div class=\"vlp-link-container vlp-layout-article\"><a href=\"https:\/\/dicodusport.fr\/blog\/rallye-de-lacropole-grece-2024-le-classement-general\/\" class=\"vlp-link\" title=\"Rallye de l&#039;Acropole-Gr\u00e8ce 2024 - Le classement g\u00e9n\u00e9ral\"><\/a><div class=\"vlp-layout-zone-side\"><div class=\"vlp-block-4 vlp-link-image\"><img loading=\"lazy\" decoding=\"async\" style=\"max-width: 792px;\" width=\"792\" height=\"445\" src=\"https:\/\/dicodusport.fr\/blog\/wp-content\/uploads\/2024\/09\/Rallye-de-lAcropole-Grece-2024-Le-classement-general.png\" class=\"attachment-800x445 size-800x445\" alt=\"Rallye de l&#039;Acropole-Gr\u00e8ce 2024 - Le classement g\u00e9n\u00e9ral\" srcset=\"https:\/\/dicodusport.fr\/blog\/wp-content\/uploads\/2024\/09\/Rallye-de-lAcropole-Grece-2024-Le-classement-general.png 1200w, https:\/\/dicodusport.fr\/blog\/wp-content\/uploads\/2024\/09\/Rallye-de-lAcropole-Grece-2024-Le-classement-general-300x169.png 300w, https:\/\/dicodusport.fr\/blog\/wp-content\/uploads\/2024\/09\/Rallye-de-lAcropole-Grece-2024-Le-classement-general-1024x575.png 1024w, https:\/\/dicodusport.fr\/blog\/wp-content\/uploads\/2024\/09\/Rallye-de-lAcropole-Grece-2024-Le-classement-general-768x431.png 768w\" sizes=\"auto, (max-width: 792px) 100vw, 792px\" \/><\/div><\/div><div class=\"vlp-layout-zone-main\"><div class=\"vlp-block-0 vlp-link-title\">Rallye de l'Acropole-Gr\u00e8ce 2024 - Le classement g\u00e9n\u00e9ral<\/div><div class=\"vlp-block-1 vlp-link-summary\">D\u00e9couvrez le classement g\u00e9n\u00e9ral (top 10) du Rallye de l'Acropole 2024, la 10\u00e8me manche du championnat du monde des rallyes WRC.<\/div><div class=\"vlp-block-2 vlp-link-button\">Lire l'article<\/div><div class=\"vlp-block-3 vlp-link-url\">dicodusport.fr<\/div><\/div><\/div>\n","protected":false},"excerpt":{"rendered":"<p>RALLYE DE L&rsquo;ACROPOLE 2024 &#8211; D\u00e9couvrez le programme, les horaires et les r\u00e9sultats du Rallye WRC de l&rsquo;Acropole.<\/p>\n","protected":false},"author":4,"featured_media":519067,"comment_status":"open","ping_status":"closed","sticky":false,"template":"","format":"standard","meta":{"_acf_changed":false,"_daextam_enable_autolinks":"1","footnotes":""},"categories":[47088],"tags":[16878],"class_list":["post-517573","post","type-post","status-publish","format-standard","has-post-thumbnail","hentry","category-rallye-wrc","tag-breve"],"acf":[],"yoast_head":"<!-- This site is optimized with the Yoast SEO Premium plugin v26.7 (Yoast SEO v26.7) - https:\/\/yoast.com\/wordpress\/plugins\/seo\/ -->\n<title>Rallye de l&#039;Acropole-Gr\u00e8ce 2024 : Les r\u00e9sultats complets<\/title>\n<meta name=\"description\" content=\"RALLYE DE L&#039;ACROPOLE 2024 - D\u00e9couvrez le programme, les horaires et les r\u00e9sultats du Rallye WRC de l&#039;Acropole.\" \/>\n<meta name=\"robots\" content=\"index, follow, max-snippet:-1, max-image-preview:large, max-video-preview:-1\" \/>\n<link rel=\"canonical\" href=\"https:\/\/dicodusport.fr\/blog\/rallye-de-lacropole-grece-2024-programme-des-speciales-et-resultats\/\" \/>\n<meta property=\"og:locale\" content=\"fr_FR\" \/>\n<meta property=\"og:type\" content=\"article\" \/>\n<meta property=\"og:title\" content=\"Rallye de l&#039;Acropole-Gr\u00e8ce 2024 : Les r\u00e9sultats complets\" \/>\n<meta property=\"og:description\" content=\"RALLYE DE L&#039;ACROPOLE 2024 - D\u00e9couvrez le programme, les horaires et les r\u00e9sultats du Rallye WRC de l&#039;Acropole.\" \/>\n<meta property=\"og:url\" content=\"https:\/\/dicodusport.fr\/blog\/rallye-de-lacropole-grece-2024-programme-des-speciales-et-resultats\/\" \/>\n<meta property=\"og:site_name\" content=\"Dicodusport\" \/>\n<meta property=\"article:publisher\" content=\"https:\/\/www.facebook.com\/dicodusport\" \/>\n<meta property=\"article:author\" content=\"https:\/\/www.facebook.com\/florent.ostermann\" \/>\n<meta property=\"article:published_time\" content=\"2024-09-08T12:00:42+00:00\" \/>\n<meta property=\"og:image\" content=\"https:\/\/dicodusport.fr\/blog\/wp-content\/uploads\/2024\/09\/Rallye-de-lAcropole-Grece-2024-Les-resultats-complets.png\" \/>\n\t<meta property=\"og:image:width\" content=\"1200\" \/>\n\t<meta property=\"og:image:height\" content=\"674\" \/>\n\t<meta property=\"og:image:type\" content=\"image\/png\" \/>\n<meta name=\"author\" content=\"Flo Ostermann\" \/>\n<meta name=\"twitter:card\" content=\"summary_large_image\" \/>\n<meta name=\"twitter:title\" content=\"Rallye de l&#039;Acropole-Gr\u00e8ce 2024 : Les r\u00e9sultats complets\" \/>\n<meta name=\"twitter:creator\" content=\"@https:\/\/twitter.com\/FlOstermann\" \/>\n<meta name=\"twitter:site\" content=\"@dicodusport\" \/>\n<script type=\"application\/ld+json\" class=\"yoast-schema-graph\">{\"@context\":\"https:\/\/schema.org\",\"@graph\":[{\"@type\":\"NewsArticle\",\"@id\":\"https:\/\/dicodusport.fr\/blog\/rallye-de-lacropole-grece-2024-programme-des-speciales-et-resultats\/#article\",\"isPartOf\":{\"@id\":\"https:\/\/dicodusport.fr\/blog\/rallye-de-lacropole-grece-2024-programme-des-speciales-et-resultats\/\"},\"author\":{\"name\":\"Flo Ostermann\",\"@id\":\"https:\/\/dicodusport.fr\/blog\/#\/schema\/person\/cb02af4c173ce4a653b55e9baf388d4a\"},\"headline\":\"Rallye de l&rsquo;Acropole-Gr\u00e8ce 2024 : Les r\u00e9sultats complets\",\"datePublished\":\"2024-09-08T12:00:42+00:00\",\"mainEntityOfPage\":{\"@id\":\"https:\/\/dicodusport.fr\/blog\/rallye-de-lacropole-grece-2024-programme-des-speciales-et-resultats\/\"},\"wordCount\":657,\"commentCount\":0,\"publisher\":{\"@id\":\"https:\/\/dicodusport.fr\/blog\/#organization\"},\"image\":{\"@id\":\"https:\/\/dicodusport.fr\/blog\/rallye-de-lacropole-grece-2024-programme-des-speciales-et-resultats\/#primaryimage\"},\"thumbnailUrl\":\"https:\/\/dicodusport.fr\/blog\/wp-content\/uploads\/2024\/09\/Rallye-de-lAcropole-Grece-2024-Les-resultats-complets.png\",\"keywords\":[\"br\u00e8ve\"],\"articleSection\":[\"Rallye WRC\"],\"inLanguage\":\"fr-FR\",\"potentialAction\":[{\"@type\":\"CommentAction\",\"name\":\"Comment\",\"target\":[\"https:\/\/dicodusport.fr\/blog\/rallye-de-lacropole-grece-2024-programme-des-speciales-et-resultats\/#respond\"]}],\"copyrightYear\":\"2024\",\"copyrightHolder\":{\"@id\":\"https:\/\/dicodusport.fr\/blog\/#organization\"}},{\"@type\":\"WebPage\",\"@id\":\"https:\/\/dicodusport.fr\/blog\/rallye-de-lacropole-grece-2024-programme-des-speciales-et-resultats\/\",\"url\":\"https:\/\/dicodusport.fr\/blog\/rallye-de-lacropole-grece-2024-programme-des-speciales-et-resultats\/\",\"name\":\"Rallye de l'Acropole-Gr\u00e8ce 2024 : Les r\u00e9sultats complets\",\"isPartOf\":{\"@id\":\"https:\/\/dicodusport.fr\/blog\/#website\"},\"primaryImageOfPage\":{\"@id\":\"https:\/\/dicodusport.fr\/blog\/rallye-de-lacropole-grece-2024-programme-des-speciales-et-resultats\/#primaryimage\"},\"image\":{\"@id\":\"https:\/\/dicodusport.fr\/blog\/rallye-de-lacropole-grece-2024-programme-des-speciales-et-resultats\/#primaryimage\"},\"thumbnailUrl\":\"https:\/\/dicodusport.fr\/blog\/wp-content\/uploads\/2024\/09\/Rallye-de-lAcropole-Grece-2024-Les-resultats-complets.png\",\"datePublished\":\"2024-09-08T12:00:42+00:00\",\"description\":\"RALLYE DE L'ACROPOLE 2024 - D\u00e9couvrez le programme, les horaires et les r\u00e9sultats du Rallye WRC de l'Acropole.\",\"breadcrumb\":{\"@id\":\"https:\/\/dicodusport.fr\/blog\/rallye-de-lacropole-grece-2024-programme-des-speciales-et-resultats\/#breadcrumb\"},\"inLanguage\":\"fr-FR\",\"potentialAction\":[{\"@type\":\"ReadAction\",\"target\":[\"https:\/\/dicodusport.fr\/blog\/rallye-de-lacropole-grece-2024-programme-des-speciales-et-resultats\/\"]}]},{\"@type\":\"ImageObject\",\"inLanguage\":\"fr-FR\",\"@id\":\"https:\/\/dicodusport.fr\/blog\/rallye-de-lacropole-grece-2024-programme-des-speciales-et-resultats\/#primaryimage\",\"url\":\"https:\/\/dicodusport.fr\/blog\/wp-content\/uploads\/2024\/09\/Rallye-de-lAcropole-Grece-2024-Les-resultats-complets.png\",\"contentUrl\":\"https:\/\/dicodusport.fr\/blog\/wp-content\/uploads\/2024\/09\/Rallye-de-lAcropole-Grece-2024-Les-resultats-complets.png\",\"width\":1200,\"height\":674,\"caption\":\"Rallye de l'Acropole-Gr\u00e8ce 2024 Les r\u00e9sultats complets\"},{\"@type\":\"BreadcrumbList\",\"@id\":\"https:\/\/dicodusport.fr\/blog\/rallye-de-lacropole-grece-2024-programme-des-speciales-et-resultats\/#breadcrumb\",\"itemListElement\":[{\"@type\":\"ListItem\",\"position\":1,\"name\":\"Accueil\",\"item\":\"https:\/\/dicodusport.fr\/blog\/\"},{\"@type\":\"ListItem\",\"position\":2,\"name\":\"Rallye de l&#8217;Acropole-Gr\u00e8ce 2024 : Les r\u00e9sultats complets\"}]},{\"@type\":\"WebSite\",\"@id\":\"https:\/\/dicodusport.fr\/blog\/#website\",\"url\":\"https:\/\/dicodusport.fr\/blog\/\",\"name\":\"Dicodusport\",\"description\":\"L&#039;encyclop\u00e9die de l&#039;actualit\u00e9 sportive\",\"publisher\":{\"@id\":\"https:\/\/dicodusport.fr\/blog\/#organization\"},\"potentialAction\":[{\"@type\":\"SearchAction\",\"target\":{\"@type\":\"EntryPoint\",\"urlTemplate\":\"https:\/\/dicodusport.fr\/blog\/?s={search_term_string}\"},\"query-input\":{\"@type\":\"PropertyValueSpecification\",\"valueRequired\":true,\"valueName\":\"search_term_string\"}}],\"inLanguage\":\"fr-FR\"},{\"@type\":\"NewsMediaOrganization\",\"@id\":\"https:\/\/dicodusport.fr\/blog\/#organization\",\"name\":\"Dicodusport\",\"url\":\"https:\/\/dicodusport.fr\/blog\/\",\"logo\":{\"@type\":\"ImageObject\",\"inLanguage\":\"fr-FR\",\"@id\":\"https:\/\/dicodusport.fr\/blog\/#\/schema\/logo\/image\/\",\"url\":\"https:\/\/dicodusport.fr\/blog\/wp-content\/uploads\/2020\/06\/cropped-LOGO-DICODUSPORT-2020-SANS-FOND-SANS-TEXTE.png\",\"contentUrl\":\"https:\/\/dicodusport.fr\/blog\/wp-content\/uploads\/2020\/06\/cropped-LOGO-DICODUSPORT-2020-SANS-FOND-SANS-TEXTE.png\",\"width\":512,\"height\":512,\"caption\":\"Dicodusport\"},\"image\":{\"@id\":\"https:\/\/dicodusport.fr\/blog\/#\/schema\/logo\/image\/\"},\"sameAs\":[\"https:\/\/www.facebook.com\/dicodusport\",\"https:\/\/x.com\/dicodusport\",\"https:\/\/www.instagram.com\/dicodusport\/\",\"https:\/\/www.youtube.com\/channel\/UC7V2KZ5sd3htJivAbA4ZG3w\"],\"description\":\"Dicodusport est l'encyclop\u00e9die de l'actualit\u00e9 sportive.\",\"email\":\"bonjour@dicodusport.fr\",\"legalName\":\"DICODUSPORT\",\"foundingDate\":\"2018-01-14\",\"vatID\":\"FR71834470973\",\"taxID\":\"83447097300043\",\"numberOfEmployees\":{\"@type\":\"QuantitativeValue\",\"minValue\":\"1\",\"maxValue\":\"10\"}},{\"@type\":\"Person\",\"@id\":\"https:\/\/dicodusport.fr\/blog\/#\/schema\/person\/cb02af4c173ce4a653b55e9baf388d4a\",\"name\":\"Flo Ostermann\",\"image\":{\"@type\":\"ImageObject\",\"inLanguage\":\"fr-FR\",\"@id\":\"https:\/\/dicodusport.fr\/blog\/#\/schema\/person\/image\/\",\"url\":\"https:\/\/dicodusport.fr\/blog\/wp-content\/uploads\/2021\/05\/Flo-Ostermann-150x150.jpg\",\"contentUrl\":\"https:\/\/dicodusport.fr\/blog\/wp-content\/uploads\/2021\/05\/Flo-Ostermann-150x150.jpg\",\"caption\":\"Flo Ostermann\"},\"description\":\"Journaliste\/R\u00e9dacteur depuis septembre 2015 - Mes premiers souvenirs dans le sport ? Les envol\u00e9es du Stade Toulousain et les duels Villeneuve-Schumacher et H\u00e4kkinen-Schumacher \u00e0 la fin des ann\u00e9es 90, la Coupe du monde de football en 1998, l\u2019exploit du XV de France face aux All Blacks en 1999, mais aussi Richard C\u0153ur de Lion qui vole sur les montagnes du Tour de France. Bien parti pour devenir professeur d\u2019EPS, les \u00e9v\u00e9nements de la vie (et la flemme d\u2019animer des s\u00e9ances de 3x500 m\u00e8tres toute ma vie) m\u2019ont conduit \u00e0 revoir mes plans. Me voil\u00e0 depuis fin 2017 sur Dicodusport, m\u00e9dia gr\u00e2ce (et pour) lequel je partage ma passion : le sport dans tous ses \u00e9tats. Le tout accompagn\u00e9 par les fous furieux et folles furieuses cit\u00e9s sur cette page !\",\"sameAs\":[\"https:\/\/www.facebook.com\/florent.ostermann\",\"https:\/\/x.com\/https:\/\/twitter.com\/FlOstermann\",\"admin\"],\"url\":\"https:\/\/dicodusport.fr\/blog\/author\/flo\/\"}]}<\/script>\n<!-- \/ Yoast SEO Premium plugin. -->","yoast_head_json":{"title":"Rallye de l'Acropole-Gr\u00e8ce 2024 : Les r\u00e9sultats complets","description":"RALLYE DE L'ACROPOLE 2024 - D\u00e9couvrez le programme, les horaires et les r\u00e9sultats du Rallye WRC de l'Acropole.","robots":{"index":"index","follow":"follow","max-snippet":"max-snippet:-1","max-image-preview":"max-image-preview:large","max-video-preview":"max-video-preview:-1"},"canonical":"https:\/\/dicodusport.fr\/blog\/rallye-de-lacropole-grece-2024-programme-des-speciales-et-resultats\/","og_locale":"fr_FR","og_type":"article","og_title":"Rallye de l'Acropole-Gr\u00e8ce 2024 : Les r\u00e9sultats complets","og_description":"RALLYE DE L'ACROPOLE 2024 - D\u00e9couvrez le programme, les horaires et les r\u00e9sultats du Rallye WRC de l'Acropole.","og_url":"https:\/\/dicodusport.fr\/blog\/rallye-de-lacropole-grece-2024-programme-des-speciales-et-resultats\/","og_site_name":"Dicodusport","article_publisher":"https:\/\/www.facebook.com\/dicodusport","article_author":"https:\/\/www.facebook.com\/florent.ostermann","article_published_time":"2024-09-08T12:00:42+00:00","og_image":[{"width":1200,"height":674,"url":"https:\/\/dicodusport.fr\/blog\/wp-content\/uploads\/2024\/09\/Rallye-de-lAcropole-Grece-2024-Les-resultats-complets.png","type":"image\/png"}],"author":"Flo Ostermann","twitter_card":"summary_large_image","twitter_title":"Rallye de l'Acropole-Gr\u00e8ce 2024 : Les r\u00e9sultats complets","twitter_creator":"@https:\/\/twitter.com\/FlOstermann","twitter_site":"@dicodusport","schema":{"@context":"https:\/\/schema.org","@graph":[{"@type":"NewsArticle","@id":"https:\/\/dicodusport.fr\/blog\/rallye-de-lacropole-grece-2024-programme-des-speciales-et-resultats\/#article","isPartOf":{"@id":"https:\/\/dicodusport.fr\/blog\/rallye-de-lacropole-grece-2024-programme-des-speciales-et-resultats\/"},"author":{"name":"Flo Ostermann","@id":"https:\/\/dicodusport.fr\/blog\/#\/schema\/person\/cb02af4c173ce4a653b55e9baf388d4a"},"headline":"Rallye de l&rsquo;Acropole-Gr\u00e8ce 2024 : Les r\u00e9sultats complets","datePublished":"2024-09-08T12:00:42+00:00","mainEntityOfPage":{"@id":"https:\/\/dicodusport.fr\/blog\/rallye-de-lacropole-grece-2024-programme-des-speciales-et-resultats\/"},"wordCount":657,"commentCount":0,"publisher":{"@id":"https:\/\/dicodusport.fr\/blog\/#organization"},"image":{"@id":"https:\/\/dicodusport.fr\/blog\/rallye-de-lacropole-grece-2024-programme-des-speciales-et-resultats\/#primaryimage"},"thumbnailUrl":"https:\/\/dicodusport.fr\/blog\/wp-content\/uploads\/2024\/09\/Rallye-de-lAcropole-Grece-2024-Les-resultats-complets.png","keywords":["br\u00e8ve"],"articleSection":["Rallye WRC"],"inLanguage":"fr-FR","potentialAction":[{"@type":"CommentAction","name":"Comment","target":["https:\/\/dicodusport.fr\/blog\/rallye-de-lacropole-grece-2024-programme-des-speciales-et-resultats\/#respond"]}],"copyrightYear":"2024","copyrightHolder":{"@id":"https:\/\/dicodusport.fr\/blog\/#organization"}},{"@type":"WebPage","@id":"https:\/\/dicodusport.fr\/blog\/rallye-de-lacropole-grece-2024-programme-des-speciales-et-resultats\/","url":"https:\/\/dicodusport.fr\/blog\/rallye-de-lacropole-grece-2024-programme-des-speciales-et-resultats\/","name":"Rallye de l'Acropole-Gr\u00e8ce 2024 : Les r\u00e9sultats complets","isPartOf":{"@id":"https:\/\/dicodusport.fr\/blog\/#website"},"primaryImageOfPage":{"@id":"https:\/\/dicodusport.fr\/blog\/rallye-de-lacropole-grece-2024-programme-des-speciales-et-resultats\/#primaryimage"},"image":{"@id":"https:\/\/dicodusport.fr\/blog\/rallye-de-lacropole-grece-2024-programme-des-speciales-et-resultats\/#primaryimage"},"thumbnailUrl":"https:\/\/dicodusport.fr\/blog\/wp-content\/uploads\/2024\/09\/Rallye-de-lAcropole-Grece-2024-Les-resultats-complets.png","datePublished":"2024-09-08T12:00:42+00:00","description":"RALLYE DE L'ACROPOLE 2024 - D\u00e9couvrez le programme, les horaires et les r\u00e9sultats du Rallye WRC de l'Acropole.","breadcrumb":{"@id":"https:\/\/dicodusport.fr\/blog\/rallye-de-lacropole-grece-2024-programme-des-speciales-et-resultats\/#breadcrumb"},"inLanguage":"fr-FR","potentialAction":[{"@type":"ReadAction","target":["https:\/\/dicodusport.fr\/blog\/rallye-de-lacropole-grece-2024-programme-des-speciales-et-resultats\/"]}]},{"@type":"ImageObject","inLanguage":"fr-FR","@id":"https:\/\/dicodusport.fr\/blog\/rallye-de-lacropole-grece-2024-programme-des-speciales-et-resultats\/#primaryimage","url":"https:\/\/dicodusport.fr\/blog\/wp-content\/uploads\/2024\/09\/Rallye-de-lAcropole-Grece-2024-Les-resultats-complets.png","contentUrl":"https:\/\/dicodusport.fr\/blog\/wp-content\/uploads\/2024\/09\/Rallye-de-lAcropole-Grece-2024-Les-resultats-complets.png","width":1200,"height":674,"caption":"Rallye de l'Acropole-Gr\u00e8ce 2024 Les r\u00e9sultats complets"},{"@type":"BreadcrumbList","@id":"https:\/\/dicodusport.fr\/blog\/rallye-de-lacropole-grece-2024-programme-des-speciales-et-resultats\/#breadcrumb","itemListElement":[{"@type":"ListItem","position":1,"name":"Accueil","item":"https:\/\/dicodusport.fr\/blog\/"},{"@type":"ListItem","position":2,"name":"Rallye de l&#8217;Acropole-Gr\u00e8ce 2024 : Les r\u00e9sultats complets"}]},{"@type":"WebSite","@id":"https:\/\/dicodusport.fr\/blog\/#website","url":"https:\/\/dicodusport.fr\/blog\/","name":"Dicodusport","description":"L&#039;encyclop\u00e9die de l&#039;actualit\u00e9 sportive","publisher":{"@id":"https:\/\/dicodusport.fr\/blog\/#organization"},"potentialAction":[{"@type":"SearchAction","target":{"@type":"EntryPoint","urlTemplate":"https:\/\/dicodusport.fr\/blog\/?s={search_term_string}"},"query-input":{"@type":"PropertyValueSpecification","valueRequired":true,"valueName":"search_term_string"}}],"inLanguage":"fr-FR"},{"@type":"NewsMediaOrganization","@id":"https:\/\/dicodusport.fr\/blog\/#organization","name":"Dicodusport","url":"https:\/\/dicodusport.fr\/blog\/","logo":{"@type":"ImageObject","inLanguage":"fr-FR","@id":"https:\/\/dicodusport.fr\/blog\/#\/schema\/logo\/image\/","url":"https:\/\/dicodusport.fr\/blog\/wp-content\/uploads\/2020\/06\/cropped-LOGO-DICODUSPORT-2020-SANS-FOND-SANS-TEXTE.png","contentUrl":"https:\/\/dicodusport.fr\/blog\/wp-content\/uploads\/2020\/06\/cropped-LOGO-DICODUSPORT-2020-SANS-FOND-SANS-TEXTE.png","width":512,"height":512,"caption":"Dicodusport"},"image":{"@id":"https:\/\/dicodusport.fr\/blog\/#\/schema\/logo\/image\/"},"sameAs":["https:\/\/www.facebook.com\/dicodusport","https:\/\/x.com\/dicodusport","https:\/\/www.instagram.com\/dicodusport\/","https:\/\/www.youtube.com\/channel\/UC7V2KZ5sd3htJivAbA4ZG3w"],"description":"Dicodusport est l'encyclop\u00e9die de l'actualit\u00e9 sportive.","email":"bonjour@dicodusport.fr","legalName":"DICODUSPORT","foundingDate":"2018-01-14","vatID":"FR71834470973","taxID":"83447097300043","numberOfEmployees":{"@type":"QuantitativeValue","minValue":"1","maxValue":"10"}},{"@type":"Person","@id":"https:\/\/dicodusport.fr\/blog\/#\/schema\/person\/cb02af4c173ce4a653b55e9baf388d4a","name":"Flo Ostermann","image":{"@type":"ImageObject","inLanguage":"fr-FR","@id":"https:\/\/dicodusport.fr\/blog\/#\/schema\/person\/image\/","url":"https:\/\/dicodusport.fr\/blog\/wp-content\/uploads\/2021\/05\/Flo-Ostermann-150x150.jpg","contentUrl":"https:\/\/dicodusport.fr\/blog\/wp-content\/uploads\/2021\/05\/Flo-Ostermann-150x150.jpg","caption":"Flo Ostermann"},"description":"Journaliste\/R\u00e9dacteur depuis septembre 2015 - Mes premiers souvenirs dans le sport ? Les envol\u00e9es du Stade Toulousain et les duels Villeneuve-Schumacher et H\u00e4kkinen-Schumacher \u00e0 la fin des ann\u00e9es 90, la Coupe du monde de football en 1998, l\u2019exploit du XV de France face aux All Blacks en 1999, mais aussi Richard C\u0153ur de Lion qui vole sur les montagnes du Tour de France. Bien parti pour devenir professeur d\u2019EPS, les \u00e9v\u00e9nements de la vie (et la flemme d\u2019animer des s\u00e9ances de 3x500 m\u00e8tres toute ma vie) m\u2019ont conduit \u00e0 revoir mes plans. Me voil\u00e0 depuis fin 2017 sur Dicodusport, m\u00e9dia gr\u00e2ce (et pour) lequel je partage ma passion : le sport dans tous ses \u00e9tats. Le tout accompagn\u00e9 par les fous furieux et folles furieuses cit\u00e9s sur cette page !","sameAs":["https:\/\/www.facebook.com\/florent.ostermann","https:\/\/x.com\/https:\/\/twitter.com\/FlOstermann","admin"],"url":"https:\/\/dicodusport.fr\/blog\/author\/flo\/"}]}},"_links":{"self":[{"href":"https:\/\/dicodusport.fr\/blog\/wp-json\/wp\/v2\/posts\/517573","targetHints":{"allow":["GET"]}}],"collection":[{"href":"https:\/\/dicodusport.fr\/blog\/wp-json\/wp\/v2\/posts"}],"about":[{"href":"https:\/\/dicodusport.fr\/blog\/wp-json\/wp\/v2\/types\/post"}],"author":[{"embeddable":true,"href":"https:\/\/dicodusport.fr\/blog\/wp-json\/wp\/v2\/users\/4"}],"replies":[{"embeddable":true,"href":"https:\/\/dicodusport.fr\/blog\/wp-json\/wp\/v2\/comments?post=517573"}],"version-history":[{"count":6,"href":"https:\/\/dicodusport.fr\/blog\/wp-json\/wp\/v2\/posts\/517573\/revisions"}],"predecessor-version":[{"id":519085,"href":"https:\/\/dicodusport.fr\/blog\/wp-json\/wp\/v2\/posts\/517573\/revisions\/519085"}],"wp:featuredmedia":[{"embeddable":true,"href":"https:\/\/dicodusport.fr\/blog\/wp-json\/wp\/v2\/media\/519067"}],"wp:attachment":[{"href":"https:\/\/dicodusport.fr\/blog\/wp-json\/wp\/v2\/media?parent=517573"}],"wp:term":[{"taxonomy":"category","embeddable":true,"href":"https:\/\/dicodusport.fr\/blog\/wp-json\/wp\/v2\/categories?post=517573"},{"taxonomy":"post_tag","embeddable":true,"href":"https:\/\/dicodusport.fr\/blog\/wp-json\/wp\/v2\/tags?post=517573"}],"curies":[{"name":"wp","href":"https:\/\/api.w.org\/{rel}","templated":true}]}}