{"id":517757,"date":"2024-09-05T07:55:15","date_gmt":"2024-09-05T05:55:15","guid":{"rendered":"https:\/\/dicodusport.fr\/blog\/?p=517757&#038;preview=true&#038;preview_id=517757"},"modified":"2024-09-05T15:59:21","modified_gmt":"2024-09-05T13:59:21","slug":"jeux-paralympiques-2024-programme-des-francais-du-jeudi-5-septembre","status":"publish","type":"post","link":"https:\/\/dicodusport.fr\/blog\/jeux-paralympiques-2024-programme-des-francais-du-jeudi-5-septembre\/","title":{"rendered":"Jeux Paralympiques 2024 : Programme des Fran\u00e7ais du jeudi 5 septembre"},"content":{"rendered":"<p style=\"text-align: justify;\"><em><strong><a href=\"https:\/\/dicodusport.fr\/blog\/actualites\/jeux-paralympiques-paris-2024\/\">JEUX PARALYMPIQUES PARIS 2024<\/a> &#8211; Du 28 ao\u00fbt au 8 septembre, pr\u00e8s de 240 athl\u00e8tes tricolores se succ\u00e8dent afin de valider un long projet, une m\u00e9daille paralympique. Et pourquoi pas le plus beau des m\u00e9taux ? Voici le programme des Fran\u00e7ais pour le jeudi 5 septembre.<\/strong><\/em><\/p>\n<ul style=\"text-align: justify;\">\n<li style=\"text-align: justify;\"><strong>\u00c0 ce sujet &#8211; <a href=\"https:\/\/dicodusport.fr\/blog\/jeux-paralympiques-2024-les-chances-de-medailles-francaises-du-5-septembre\/\">Jeux Paralympiques 2024 : Les chances de m\u00e9dailles fran\u00e7aises du 5 septembre<\/a><\/strong><\/li>\n<\/ul>\n<p style=\"text-align: justify;\">Retour sur les routes aujourd&rsquo;hui avec une \u00e9quipe de France de <strong>para cyclisme<\/strong>, brillante la veille, qui compte bien continuer d&rsquo;accumuler les m\u00e9dailles. <strong>Anatole Rubin<\/strong> et <strong>Sandrine Martinet<\/strong> d\u00e9barquent tous deux sur les tatamis de l&rsquo;Arena-Champs-de-Mars, ouvrant ainsi la comp\u00e9tition de <strong>para judo<\/strong>. \u00c0 ne pas manquer \u00e9galement, la demi-finale de <strong>c\u00e9cifoot<\/strong> entre nos Bleus et la Colombie. Rendez-vous pour cela \u00e0 17h30.<\/p>\n<ul style=\"text-align: justify;\">\n<li><strong>\u00c0 ce sujet \u2013\u00a0<a href=\"https:\/\/dicodusport.fr\/blog\/jeux-paralympiques-de-paris-2024-tableau-des-medailles\/\">Jeux Paralympiques de Paris 2024 \u2013 Tableau des m\u00e9dailles<\/a><\/strong><\/li>\n<\/ul>\n<h2 style=\"text-align: justify;\">Les Fran\u00e7ais en lice le 5 septembre<\/h2>\n<p style=\"text-align: justify;\">Horaires avec *\u00a0: si qualification<\/p>\n<p style=\"text-align: justify;\"><span style=\"color: #ff0000;\">Horaires en rouge\u00a0: finale<\/span><\/p>\n<p style=\"text-align: justify;\"><strong>9h30<\/strong>\u00a0: <u>Para tir sportif<\/u> \u2013 R6 carabine 50 m couch\u00e9 mixte SH1 (qualifications, <em>Centre National de Tir<\/em>) avec <strong>C\u00e9dric F\u00e8vre<\/strong> et <strong>Jean-Louis Michaud<\/strong><\/p>\n<p style=\"text-align: justify;\"><strong>9h46\u00a0:\u00a0<\/strong><u>Para natation<\/u>\u00a0\u2013 100 m nage libre H S6 (s\u00e9ries,\u00a0<em>Paris La D\u00e9fense Arena<\/em>) avec<strong>\u00a0Laurent Chardard<\/strong><\/p>\n<p style=\"text-align: justify;\"><strong>9h54\u00a0<\/strong>:\u00a0<u>Para natation<\/u>\u00a0\u2013 400 m nage libre F S10 (s\u00e9ries,\u00a0<em>Paris La D\u00e9fense Arena<\/em>) avec <strong>\u00c9lodie Lorandi<\/strong><\/p>\n<p style=\"text-align: justify;\"><strong>10h <\/strong>: <u>Escrime fauteuil<\/u> \u2013 Fleuret par \u00e9quipes F (tableau de 16, <em>Grand Palais<\/em>)<\/p>\n<p style=\"text-align: justify;\"><strong>\u00c0 partir de 10h<\/strong>\u00a0: <u>Para judo<\/u> \u2013 1<sup>er<\/sup> combat sur tapis 1, -60 kg H J2 (8<sup>\u00e8mes<\/sup>, <em>Arena Champs-de-Mars<\/em>) avec <strong>Anatole Rubin<\/strong><\/p>\n<p style=\"text-align: justify;\">\u2013 9<sup>\u00e8me<\/sup> combat sur tapis 1, -48 kg F J2 (quarts, <em>Arena Champs-de-Mars<\/em>) avec <strong>Sandrine Martinet<\/strong><\/p>\n<p>\u2013 17<sup>\u00e8me<\/sup> combat sur tapis 1, -48 kg F J2 (demies, <em>Arena Champs-de-Mars<\/em>) avec <strong>Sandrine Martinet<\/strong><\/p>\n<p><span style=\"color: #ff0000;\"><strong>10h05 <\/strong>:\u00a0<u>Para athl\u00e9tisme<\/u> \u2013 Saut en longueur F T38 (finale, <em>Stade de France<\/em>) avec<strong> Lola Desfeuillet<\/strong><\/span><\/p>\n<p style=\"text-align: justify;\"><strong>10h29<\/strong>\u00a0: <u>Para natation<\/u> \u2013 200 m 4 nages H SM9 (s\u00e9ries, <em>Paris La D\u00e9fense Arena<\/em>) avec <strong>Ugo Didier<\/strong> et <strong>Hector Denayer<\/strong><\/p>\n<p><span style=\"color: #ff0000;\"><strong>10h30<\/strong>\u00a0: <u>Para cyclisme sur route<\/u> \u2013 Course en ligne H H1-2 (finale, <em>Clichy-sous-Bois<\/em>) avec <strong>Florian Jouanny<\/strong><\/span><\/p>\n<p><span style=\"color: #ff0000;\"><strong>10h35<\/strong>\u00a0: <u>Para cyclisme sur route<\/u> \u2013 Course en ligne H H1-4 (finale, <em>Clichy-sous-Bois<\/em>) avec <strong>Ana\u00efs Vincent<\/strong><\/span><\/p>\n<p style=\"text-align: justify;\"><strong>10h40\u00a0<\/strong>: <u>Para tir \u00e0 l\u2019arc<\/u> \u2013 \u00c9quipe mixte open arc classique (8<sup>\u00e8mes<\/sup>, <em>Invalides<\/em>)<\/p>\n<p><span style=\"color: #ff0000;\"><strong>11h09 <\/strong>:\u00a0<u>Para athl\u00e9tisme<\/u> \u2013 100 m F T37 (finale, <em>Stade de France<\/em>) avec<strong>\u00a0Mandy Fran\u00e7ois-\u00c9lie<\/strong><\/span><\/p>\n<p style=\"text-align: justify;\"><strong>\u00c0 partir de 11h30 <\/strong>: <u>Escrime fauteuil<\/u> \u2013 Fleuret par \u00e9quipes F (quarts, <em>Grand Palais<\/em>)<\/p>\n<p><span style=\"color: #ff0000;\"><strong>11h40 <\/strong>:\u00a0<u>Para athl\u00e9tisme<\/u> \u2013 Lancer de poids F F64 (finale, <em>Stade de France<\/em>) avec<strong> Alexandra Nouchet<\/strong><\/span><\/p>\n<p style=\"text-align: justify;\"><span style=\"color: #ff0000;\"><strong>11h45<\/strong>\u00a0: <u>Para tir sportif<\/u> \u2013 R6 carabine 50 m couch\u00e9 mixte SH1 (finale, <em>Centre National de Tir<\/em>) avec <strong>Jean-Louis Michaud<\/strong><\/span><\/p>\n<p style=\"text-align: justify;\"><strong>\u00c0 partir de 12h40 <\/strong>: <u>Escrime fauteuil<\/u> \u2013 Fleuret par \u00e9quipes H (quarts, <em>Grand Palais<\/em>)<\/p>\n<blockquote class=\"twitter-tweet\">\n<p dir=\"ltr\" lang=\"fr\">\ud83d\udeb4\u200d\u2642\ufe0f\ud83c\uddeb\ud83c\uddf7\ud83e\udd48 \ud835\udc15\ud835\udc08\ud835\udc02\ud835\udc04-\ud835\udc02\ud835\udc07\ud835\udc00\ud835\udc0c\ud835\udc0f\ud835\udc08\ud835\udc0e\ud835\udc0d \ud835\udc0f\ud835\udc00\ud835\udc11\ud835\udc00\ud835\udc0b\ud835\udc18\ud835\udc0c\ud835\udc0f\ud835\udc08\ud835\udc10\ud835\udc14\ud835\udc04 !! Quatri\u00e8me m\u00e9daille d&rsquo;argent paralympique pour Loic Vergnaud ! \ud83d\ude31 <a href=\"https:\/\/twitter.com\/hashtag\/AlerteMedaille?src=hash&amp;ref_src=twsrc%5Etfw\">#AlerteMedaille<\/a> <a href=\"https:\/\/twitter.com\/hashtag\/Paris2024?src=hash&amp;ref_src=twsrc%5Etfw\">#Paris2024<\/a> <a href=\"https:\/\/twitter.com\/hashtag\/JeuxParalympiques?src=hash&amp;ref_src=twsrc%5Etfw\">#JeuxParalympiques<\/a> <a href=\"https:\/\/t.co\/h7tTDfzP8S\">pic.twitter.com\/h7tTDfzP8S<\/a><\/p>\n<p>\u2014 Dicodusport \u2b50\u2b50 (@dicodusport) <a href=\"https:\/\/twitter.com\/dicodusport\/status\/1831335266193133816?ref_src=twsrc%5Etfw\">September 4, 2024<\/a><\/p><\/blockquote>\n<p><script async src=\"https:\/\/platform.twitter.com\/widgets.js\" charset=\"utf-8\"><\/script><\/p>\n<p style=\"text-align: justify;\"><span style=\"color: #ff0000;\"><strong>13h30<\/strong>\u00a0: <u>Para cyclisme sur route<\/u> \u2013 Course en ligne H H5 (finale, <em>Clichy-sous-Bois<\/em>) avec <strong>Lo\u00efc Vergnaud<\/strong><\/span><\/p>\n<p style=\"text-align: justify;\"><strong>\u00c0 partir de 14h10 <\/strong>: <u>Escrime fauteuil<\/u> \u2013 Fleuret par \u00e9quipes H (demies, <em>Grand Palais<\/em>)<\/p>\n<p style=\"text-align: justify;\"><span style=\"color: #ff0000;\"><strong>\u00c0 partir de 16h<\/strong>\u00a0: <u>Para judo<\/u> \u2013 12<sup>\u00e8me<\/sup> combat sur tapis 1, -48 kg F J2 (finale, <em>Arena Champs-de-Mars<\/em>) avec <strong>Sandrine Martinet<\/strong><\/span><\/p>\n<p style=\"text-align: justify;\"><span style=\"color: #ff0000;\"><strong>16h<\/strong>\u00a0: <u>Para cyclisme sur route<\/u> \u2013 Course en ligne H H4 (finale, <em>Clichy-sous-Bois<\/em>) avec <strong>Joseph Fritsch<\/strong><\/span><\/p>\n<p style=\"text-align: justify;\"><span style=\"color: #ff0000;\"><strong>16h05<\/strong>\u00a0: <u>Para cyclisme sur route<\/u> \u2013 Course en ligne H H3 (finale, <em>Clichy-sous-Bois<\/em>) avec <strong>Johan Quaile<\/strong> et <strong>Mathieu Bosredon<\/strong><\/span><\/p>\n<p style=\"text-align: justify;\"><strong>17h30<\/strong>\u00a0: <u>C\u00e9cifoot (H)<\/u> \u2013 Colombie \ud83c\udde8\ud83c\uddf4 \u2013\u00a0\ud83c\uddeb\ud83c\uddf7 France (demies, <em>Stade Tour Eiffel<\/em>)<\/p>\n<p style=\"text-align: justify;\"><span style=\"color: #ff0000;\"><strong>17h43 : <\/strong><u>Para natation<\/u>\u00a0\u2013 100 m nage libre H S6 (finale,\u00a0<em>Paris La D\u00e9fense Arena<\/em>) avec<strong>\u00a0Laurent Chardard<\/strong><\/span><\/p>\n<p style=\"text-align: justify;\"><span style=\"color: #ff0000;\"><strong>17h50 <\/strong>:\u00a0<u>Para natation<\/u>\u00a0\u2013 400 m nage libre F S10 (finale,\u00a0<em>Paris La D\u00e9fense Arena<\/em>) avec <strong>\u00c9lodie Lorandi<\/strong><\/span><\/p>\n<p style=\"text-align: justify;\"><strong>18h15<\/strong>\u00a0: <u>Basket fauteuil H<\/u> \u2013 Pays-Bas\u00a0\ud83c\uddf3\ud83c\uddf1 \u2013 \ud83c\uddeb\ud83c\uddf7 France (match de classement 5\/8, <em>Accor Arena<\/em>)<\/p>\n<p style=\"text-align: justify;\"><span style=\"color: #ff0000;\"><strong>18h31<\/strong>\u00a0: <u>Para natation<\/u> \u2013 200 m 4 nages H SM9 (finale, <em>Paris La D\u00e9fense Arena<\/em>) avec <strong>Ugo Didier<\/strong> et <strong>Hector Denayer<\/strong><\/span><\/p>\n<p style=\"text-align: justify;\"><strong>18h45 <\/strong>: <u>Escrime fauteuil<\/u> \u2013 Fleuret par \u00e9quipes H (duel pour le bronze, <em>Grand Palais<\/em>)<\/p>\n<p><span style=\"color: #ff0000;\"><strong>19h08<\/strong>\u00a0: <u>Para athl\u00e9tisme<\/u> \u2013 100 m H T11 (finale, <em>Stade de France<\/em>) avec <strong>Timoth\u00e9e Adolphe<\/strong><\/span><\/p>\n<p><span style=\"color: #ff0000;\"><strong>19h58 <\/strong>:\u00a0<u>Para athl\u00e9tisme<\/u> \u2013 800 m H T53 (finale, <em>Stade de France<\/em>) avec<strong> Pierre Fairbank<\/strong><\/span><\/p>\n<p><b>21h34 <\/b>: <u>Para athl\u00e9tisme<\/u> \u2013 400 m F T13 (s\u00e9ries, <em>Stade de France<\/em>) avec <strong>Nantenin Keita<\/strong><\/p>\n<p style=\"text-align: justify;\">Ce programme est susceptible d\u2019\u00eatre modifi\u00e9 selon les r\u00e9sultats<\/p>\n","protected":false},"excerpt":{"rendered":"<p>Le programme des Fran\u00e7ais du jeudi 5 septembre<\/p>\n","protected":false},"author":18,"featured_media":517821,"comment_status":"open","ping_status":"closed","sticky":false,"template":"","format":"standard","meta":{"_acf_changed":false,"_daextam_enable_autolinks":"1","footnotes":""},"categories":[21286],"tags":[32415,16878,30151],"class_list":["post-517757","post","type-post","status-publish","format-standard","has-post-thumbnail","hentry","category-jeux-paralympiques-paris-2024","tag-actu","tag-breve","tag-jeux-paralympiques-2024"],"acf":[],"yoast_head":"<!-- This site is optimized with the Yoast SEO Premium plugin v26.7 (Yoast SEO v26.7) - https:\/\/yoast.com\/wordpress\/plugins\/seo\/ -->\n<title>Jeux Paralympiques 2024 : Programme des Fran\u00e7ais du jeudi 5 septembre<\/title>\n<meta name=\"description\" content=\"JEUX PARALYMPIQUES PARIS 2024 - D\u00e9couvrez le programme complet des \u00e9preuves des Fran\u00e7ais pour le jeudi 5 septembre.\" \/>\n<meta name=\"robots\" content=\"index, follow, max-snippet:-1, max-image-preview:large, max-video-preview:-1\" \/>\n<link rel=\"canonical\" href=\"https:\/\/dicodusport.fr\/blog\/jeux-paralympiques-2024-programme-des-francais-du-jeudi-5-septembre\/\" \/>\n<meta property=\"og:locale\" content=\"fr_FR\" \/>\n<meta property=\"og:type\" content=\"article\" \/>\n<meta property=\"og:title\" content=\"Jeux Paralympiques 2024 : Programme des Fran\u00e7ais du jeudi 5 septembre\" \/>\n<meta property=\"og:description\" content=\"JEUX PARALYMPIQUES PARIS 2024 - D\u00e9couvrez le programme complet des \u00e9preuves des Fran\u00e7ais pour le jeudi 5 septembre.\" \/>\n<meta property=\"og:url\" content=\"https:\/\/dicodusport.fr\/blog\/jeux-paralympiques-2024-programme-des-francais-du-jeudi-5-septembre\/\" \/>\n<meta property=\"og:site_name\" content=\"Dicodusport\" \/>\n<meta property=\"article:publisher\" content=\"https:\/\/www.facebook.com\/dicodusport\" \/>\n<meta property=\"article:author\" content=\"https:\/\/www.facebook.com\/soocube\" \/>\n<meta property=\"article:published_time\" content=\"2024-09-05T05:55:15+00:00\" \/>\n<meta property=\"article:modified_time\" content=\"2024-09-05T13:59:21+00:00\" \/>\n<meta property=\"og:image\" content=\"https:\/\/dicodusport.fr\/blog\/wp-content\/uploads\/2024\/09\/Jeux-Paralympiques-2024-Programme-des-Francais-du-jeudi-5-septembre.png\" \/>\n\t<meta property=\"og:image:width\" content=\"1200\" \/>\n\t<meta property=\"og:image:height\" content=\"674\" \/>\n\t<meta property=\"og:image:type\" content=\"image\/png\" \/>\n<meta name=\"author\" content=\"Sophie Clapier\" \/>\n<meta name=\"twitter:card\" content=\"summary_large_image\" \/>\n<meta name=\"twitter:title\" content=\"Jeux Paralympiques 2024 : Programme des Fran\u00e7ais du jeudi 5 septembre\" \/>\n<meta name=\"twitter:creator\" content=\"@https:\/\/twitter.com\/soocube\" \/>\n<meta name=\"twitter:site\" content=\"@dicodusport\" \/>\n<script type=\"application\/ld+json\" class=\"yoast-schema-graph\">{\"@context\":\"https:\/\/schema.org\",\"@graph\":[{\"@type\":\"NewsArticle\",\"@id\":\"https:\/\/dicodusport.fr\/blog\/jeux-paralympiques-2024-programme-des-francais-du-jeudi-5-septembre\/#article\",\"isPartOf\":{\"@id\":\"https:\/\/dicodusport.fr\/blog\/jeux-paralympiques-2024-programme-des-francais-du-jeudi-5-septembre\/\"},\"author\":{\"name\":\"Sophie Clapier\",\"@id\":\"https:\/\/dicodusport.fr\/blog\/#\/schema\/person\/416c975648aca9da8839bdfe333a21c9\"},\"headline\":\"Jeux Paralympiques 2024 : Programme des Fran\u00e7ais du jeudi 5 septembre\",\"datePublished\":\"2024-09-05T05:55:15+00:00\",\"dateModified\":\"2024-09-05T13:59:21+00:00\",\"mainEntityOfPage\":{\"@id\":\"https:\/\/dicodusport.fr\/blog\/jeux-paralympiques-2024-programme-des-francais-du-jeudi-5-septembre\/\"},\"wordCount\":680,\"commentCount\":0,\"publisher\":{\"@id\":\"https:\/\/dicodusport.fr\/blog\/#organization\"},\"image\":{\"@id\":\"https:\/\/dicodusport.fr\/blog\/jeux-paralympiques-2024-programme-des-francais-du-jeudi-5-septembre\/#primaryimage\"},\"thumbnailUrl\":\"https:\/\/dicodusport.fr\/blog\/wp-content\/uploads\/2024\/09\/Jeux-Paralympiques-2024-Programme-des-Francais-du-jeudi-5-septembre.png\",\"keywords\":[\"actu\",\"br\u00e8ve\",\"Jeux Paralympiques 2024\"],\"articleSection\":[\"Jeux Paralympiques de Paris 2024\"],\"inLanguage\":\"fr-FR\",\"potentialAction\":[{\"@type\":\"CommentAction\",\"name\":\"Comment\",\"target\":[\"https:\/\/dicodusport.fr\/blog\/jeux-paralympiques-2024-programme-des-francais-du-jeudi-5-septembre\/#respond\"]}],\"copyrightYear\":\"2024\",\"copyrightHolder\":{\"@id\":\"https:\/\/dicodusport.fr\/blog\/#organization\"}},{\"@type\":\"WebPage\",\"@id\":\"https:\/\/dicodusport.fr\/blog\/jeux-paralympiques-2024-programme-des-francais-du-jeudi-5-septembre\/\",\"url\":\"https:\/\/dicodusport.fr\/blog\/jeux-paralympiques-2024-programme-des-francais-du-jeudi-5-septembre\/\",\"name\":\"Jeux Paralympiques 2024 : Programme des Fran\u00e7ais du jeudi 5 septembre\",\"isPartOf\":{\"@id\":\"https:\/\/dicodusport.fr\/blog\/#website\"},\"primaryImageOfPage\":{\"@id\":\"https:\/\/dicodusport.fr\/blog\/jeux-paralympiques-2024-programme-des-francais-du-jeudi-5-septembre\/#primaryimage\"},\"image\":{\"@id\":\"https:\/\/dicodusport.fr\/blog\/jeux-paralympiques-2024-programme-des-francais-du-jeudi-5-septembre\/#primaryimage\"},\"thumbnailUrl\":\"https:\/\/dicodusport.fr\/blog\/wp-content\/uploads\/2024\/09\/Jeux-Paralympiques-2024-Programme-des-Francais-du-jeudi-5-septembre.png\",\"datePublished\":\"2024-09-05T05:55:15+00:00\",\"dateModified\":\"2024-09-05T13:59:21+00:00\",\"description\":\"JEUX PARALYMPIQUES PARIS 2024 - D\u00e9couvrez le programme complet des \u00e9preuves des Fran\u00e7ais pour le jeudi 5 septembre.\",\"breadcrumb\":{\"@id\":\"https:\/\/dicodusport.fr\/blog\/jeux-paralympiques-2024-programme-des-francais-du-jeudi-5-septembre\/#breadcrumb\"},\"inLanguage\":\"fr-FR\",\"potentialAction\":[{\"@type\":\"ReadAction\",\"target\":[\"https:\/\/dicodusport.fr\/blog\/jeux-paralympiques-2024-programme-des-francais-du-jeudi-5-septembre\/\"]}]},{\"@type\":\"ImageObject\",\"inLanguage\":\"fr-FR\",\"@id\":\"https:\/\/dicodusport.fr\/blog\/jeux-paralympiques-2024-programme-des-francais-du-jeudi-5-septembre\/#primaryimage\",\"url\":\"https:\/\/dicodusport.fr\/blog\/wp-content\/uploads\/2024\/09\/Jeux-Paralympiques-2024-Programme-des-Francais-du-jeudi-5-septembre.png\",\"contentUrl\":\"https:\/\/dicodusport.fr\/blog\/wp-content\/uploads\/2024\/09\/Jeux-Paralympiques-2024-Programme-des-Francais-du-jeudi-5-septembre.png\",\"width\":1200,\"height\":674,\"caption\":\"Jeux Paralympiques 2024 Programme des Fran\u00e7ais du jeudi 5 septembre\"},{\"@type\":\"BreadcrumbList\",\"@id\":\"https:\/\/dicodusport.fr\/blog\/jeux-paralympiques-2024-programme-des-francais-du-jeudi-5-septembre\/#breadcrumb\",\"itemListElement\":[{\"@type\":\"ListItem\",\"position\":1,\"name\":\"Accueil\",\"item\":\"https:\/\/dicodusport.fr\/blog\/\"},{\"@type\":\"ListItem\",\"position\":2,\"name\":\"Jeux Paralympiques 2024 : Programme des Fran\u00e7ais du jeudi 5 septembre\"}]},{\"@type\":\"WebSite\",\"@id\":\"https:\/\/dicodusport.fr\/blog\/#website\",\"url\":\"https:\/\/dicodusport.fr\/blog\/\",\"name\":\"Dicodusport\",\"description\":\"L&#039;encyclop\u00e9die de l&#039;actualit\u00e9 sportive\",\"publisher\":{\"@id\":\"https:\/\/dicodusport.fr\/blog\/#organization\"},\"potentialAction\":[{\"@type\":\"SearchAction\",\"target\":{\"@type\":\"EntryPoint\",\"urlTemplate\":\"https:\/\/dicodusport.fr\/blog\/?s={search_term_string}\"},\"query-input\":{\"@type\":\"PropertyValueSpecification\",\"valueRequired\":true,\"valueName\":\"search_term_string\"}}],\"inLanguage\":\"fr-FR\"},{\"@type\":\"NewsMediaOrganization\",\"@id\":\"https:\/\/dicodusport.fr\/blog\/#organization\",\"name\":\"Dicodusport\",\"url\":\"https:\/\/dicodusport.fr\/blog\/\",\"logo\":{\"@type\":\"ImageObject\",\"inLanguage\":\"fr-FR\",\"@id\":\"https:\/\/dicodusport.fr\/blog\/#\/schema\/logo\/image\/\",\"url\":\"https:\/\/dicodusport.fr\/blog\/wp-content\/uploads\/2020\/06\/cropped-LOGO-DICODUSPORT-2020-SANS-FOND-SANS-TEXTE.png\",\"contentUrl\":\"https:\/\/dicodusport.fr\/blog\/wp-content\/uploads\/2020\/06\/cropped-LOGO-DICODUSPORT-2020-SANS-FOND-SANS-TEXTE.png\",\"width\":512,\"height\":512,\"caption\":\"Dicodusport\"},\"image\":{\"@id\":\"https:\/\/dicodusport.fr\/blog\/#\/schema\/logo\/image\/\"},\"sameAs\":[\"https:\/\/www.facebook.com\/dicodusport\",\"https:\/\/x.com\/dicodusport\",\"https:\/\/www.instagram.com\/dicodusport\/\",\"https:\/\/www.youtube.com\/channel\/UC7V2KZ5sd3htJivAbA4ZG3w\"],\"description\":\"Dicodusport est l'encyclop\u00e9die de l'actualit\u00e9 sportive.\",\"email\":\"bonjour@dicodusport.fr\",\"legalName\":\"DICODUSPORT\",\"foundingDate\":\"2018-01-14\",\"vatID\":\"FR71834470973\",\"taxID\":\"83447097300043\",\"numberOfEmployees\":{\"@type\":\"QuantitativeValue\",\"minValue\":\"1\",\"maxValue\":\"10\"}},{\"@type\":\"Person\",\"@id\":\"https:\/\/dicodusport.fr\/blog\/#\/schema\/person\/416c975648aca9da8839bdfe333a21c9\",\"name\":\"Sophie Clapier\",\"image\":{\"@type\":\"ImageObject\",\"inLanguage\":\"fr-FR\",\"@id\":\"https:\/\/dicodusport.fr\/blog\/#\/schema\/person\/image\/\",\"url\":\"https:\/\/dicodusport.fr\/blog\/wp-content\/uploads\/2021\/05\/Sophie-Clapier-150x150.jpg\",\"contentUrl\":\"https:\/\/dicodusport.fr\/blog\/wp-content\/uploads\/2021\/05\/Sophie-Clapier-150x150.jpg\",\"caption\":\"Sophie Clapier\"},\"description\":\"Journaliste\/r\u00e9dactrice depuis janvier 2016 - Passionn\u00e9e de sport depuis toujours, j\u2019en ai pratiqu\u00e9 quelques-uns. Judo, football, handball ou encore tennis, je n\u2019ai jamais pu me mettre d\u2019accord sur un en particulier. Mais \u00e7a, c\u2019\u00e9tait avant de d\u00e9couvrir le basket, devenu mon sport de pr\u00e9dilection. Les actions NBA, le All-Star Week-end, la fureur des Game 7 pendant les playoffs ou mieux, lors des Finals, this is why we play. Team Spurs T.P, je m\u2019accroche encore \u00e0 Gregg Popovich (don\u2019t leave !). Team chef Curry, je souhaite qu\u2019il finisse aux Warriors (staaaay !). Non, il n\u2019y a pas qu\u2019eux, des petits nouveaux -et des petites nouvelles \u00e9videmment- arrivent chaque jour dans toutes les disciplines et cr\u00e9ent de nouveaux exploits. Alors pour les grands \u00e9v\u00e9nements et comp\u00e9titions internationales, vive les pulsations 240\/minutes et le d\u00e9fibrillateur pas loin, et allez les Bleu(e)s ! C\u2019est s\u00fbr, j\u2019aurai plus vu ma vie sur un terrain de sport, mais \u00e0 d\u00e9faut d\u2019en faire en haut niveau, je le partage avec vous.\",\"sameAs\":[\"https:\/\/www.facebook.com\/soocube\",\"https:\/\/x.com\/https:\/\/twitter.com\/soocube\",\"admin\"],\"url\":\"https:\/\/dicodusport.fr\/blog\/author\/sophie\/\"}]}<\/script>\n<!-- \/ Yoast SEO Premium plugin. -->","yoast_head_json":{"title":"Jeux Paralympiques 2024 : Programme des Fran\u00e7ais du jeudi 5 septembre","description":"JEUX PARALYMPIQUES PARIS 2024 - D\u00e9couvrez le programme complet des \u00e9preuves des Fran\u00e7ais pour le jeudi 5 septembre.","robots":{"index":"index","follow":"follow","max-snippet":"max-snippet:-1","max-image-preview":"max-image-preview:large","max-video-preview":"max-video-preview:-1"},"canonical":"https:\/\/dicodusport.fr\/blog\/jeux-paralympiques-2024-programme-des-francais-du-jeudi-5-septembre\/","og_locale":"fr_FR","og_type":"article","og_title":"Jeux Paralympiques 2024 : Programme des Fran\u00e7ais du jeudi 5 septembre","og_description":"JEUX PARALYMPIQUES PARIS 2024 - D\u00e9couvrez le programme complet des \u00e9preuves des Fran\u00e7ais pour le jeudi 5 septembre.","og_url":"https:\/\/dicodusport.fr\/blog\/jeux-paralympiques-2024-programme-des-francais-du-jeudi-5-septembre\/","og_site_name":"Dicodusport","article_publisher":"https:\/\/www.facebook.com\/dicodusport","article_author":"https:\/\/www.facebook.com\/soocube","article_published_time":"2024-09-05T05:55:15+00:00","article_modified_time":"2024-09-05T13:59:21+00:00","og_image":[{"width":1200,"height":674,"url":"https:\/\/dicodusport.fr\/blog\/wp-content\/uploads\/2024\/09\/Jeux-Paralympiques-2024-Programme-des-Francais-du-jeudi-5-septembre.png","type":"image\/png"}],"author":"Sophie Clapier","twitter_card":"summary_large_image","twitter_title":"Jeux Paralympiques 2024 : Programme des Fran\u00e7ais du jeudi 5 septembre","twitter_creator":"@https:\/\/twitter.com\/soocube","twitter_site":"@dicodusport","schema":{"@context":"https:\/\/schema.org","@graph":[{"@type":"NewsArticle","@id":"https:\/\/dicodusport.fr\/blog\/jeux-paralympiques-2024-programme-des-francais-du-jeudi-5-septembre\/#article","isPartOf":{"@id":"https:\/\/dicodusport.fr\/blog\/jeux-paralympiques-2024-programme-des-francais-du-jeudi-5-septembre\/"},"author":{"name":"Sophie Clapier","@id":"https:\/\/dicodusport.fr\/blog\/#\/schema\/person\/416c975648aca9da8839bdfe333a21c9"},"headline":"Jeux Paralympiques 2024 : Programme des Fran\u00e7ais du jeudi 5 septembre","datePublished":"2024-09-05T05:55:15+00:00","dateModified":"2024-09-05T13:59:21+00:00","mainEntityOfPage":{"@id":"https:\/\/dicodusport.fr\/blog\/jeux-paralympiques-2024-programme-des-francais-du-jeudi-5-septembre\/"},"wordCount":680,"commentCount":0,"publisher":{"@id":"https:\/\/dicodusport.fr\/blog\/#organization"},"image":{"@id":"https:\/\/dicodusport.fr\/blog\/jeux-paralympiques-2024-programme-des-francais-du-jeudi-5-septembre\/#primaryimage"},"thumbnailUrl":"https:\/\/dicodusport.fr\/blog\/wp-content\/uploads\/2024\/09\/Jeux-Paralympiques-2024-Programme-des-Francais-du-jeudi-5-septembre.png","keywords":["actu","br\u00e8ve","Jeux Paralympiques 2024"],"articleSection":["Jeux Paralympiques de Paris 2024"],"inLanguage":"fr-FR","potentialAction":[{"@type":"CommentAction","name":"Comment","target":["https:\/\/dicodusport.fr\/blog\/jeux-paralympiques-2024-programme-des-francais-du-jeudi-5-septembre\/#respond"]}],"copyrightYear":"2024","copyrightHolder":{"@id":"https:\/\/dicodusport.fr\/blog\/#organization"}},{"@type":"WebPage","@id":"https:\/\/dicodusport.fr\/blog\/jeux-paralympiques-2024-programme-des-francais-du-jeudi-5-septembre\/","url":"https:\/\/dicodusport.fr\/blog\/jeux-paralympiques-2024-programme-des-francais-du-jeudi-5-septembre\/","name":"Jeux Paralympiques 2024 : Programme des Fran\u00e7ais du jeudi 5 septembre","isPartOf":{"@id":"https:\/\/dicodusport.fr\/blog\/#website"},"primaryImageOfPage":{"@id":"https:\/\/dicodusport.fr\/blog\/jeux-paralympiques-2024-programme-des-francais-du-jeudi-5-septembre\/#primaryimage"},"image":{"@id":"https:\/\/dicodusport.fr\/blog\/jeux-paralympiques-2024-programme-des-francais-du-jeudi-5-septembre\/#primaryimage"},"thumbnailUrl":"https:\/\/dicodusport.fr\/blog\/wp-content\/uploads\/2024\/09\/Jeux-Paralympiques-2024-Programme-des-Francais-du-jeudi-5-septembre.png","datePublished":"2024-09-05T05:55:15+00:00","dateModified":"2024-09-05T13:59:21+00:00","description":"JEUX PARALYMPIQUES PARIS 2024 - D\u00e9couvrez le programme complet des \u00e9preuves des Fran\u00e7ais pour le jeudi 5 septembre.","breadcrumb":{"@id":"https:\/\/dicodusport.fr\/blog\/jeux-paralympiques-2024-programme-des-francais-du-jeudi-5-septembre\/#breadcrumb"},"inLanguage":"fr-FR","potentialAction":[{"@type":"ReadAction","target":["https:\/\/dicodusport.fr\/blog\/jeux-paralympiques-2024-programme-des-francais-du-jeudi-5-septembre\/"]}]},{"@type":"ImageObject","inLanguage":"fr-FR","@id":"https:\/\/dicodusport.fr\/blog\/jeux-paralympiques-2024-programme-des-francais-du-jeudi-5-septembre\/#primaryimage","url":"https:\/\/dicodusport.fr\/blog\/wp-content\/uploads\/2024\/09\/Jeux-Paralympiques-2024-Programme-des-Francais-du-jeudi-5-septembre.png","contentUrl":"https:\/\/dicodusport.fr\/blog\/wp-content\/uploads\/2024\/09\/Jeux-Paralympiques-2024-Programme-des-Francais-du-jeudi-5-septembre.png","width":1200,"height":674,"caption":"Jeux Paralympiques 2024 Programme des Fran\u00e7ais du jeudi 5 septembre"},{"@type":"BreadcrumbList","@id":"https:\/\/dicodusport.fr\/blog\/jeux-paralympiques-2024-programme-des-francais-du-jeudi-5-septembre\/#breadcrumb","itemListElement":[{"@type":"ListItem","position":1,"name":"Accueil","item":"https:\/\/dicodusport.fr\/blog\/"},{"@type":"ListItem","position":2,"name":"Jeux Paralympiques 2024 : Programme des Fran\u00e7ais du jeudi 5 septembre"}]},{"@type":"WebSite","@id":"https:\/\/dicodusport.fr\/blog\/#website","url":"https:\/\/dicodusport.fr\/blog\/","name":"Dicodusport","description":"L&#039;encyclop\u00e9die de l&#039;actualit\u00e9 sportive","publisher":{"@id":"https:\/\/dicodusport.fr\/blog\/#organization"},"potentialAction":[{"@type":"SearchAction","target":{"@type":"EntryPoint","urlTemplate":"https:\/\/dicodusport.fr\/blog\/?s={search_term_string}"},"query-input":{"@type":"PropertyValueSpecification","valueRequired":true,"valueName":"search_term_string"}}],"inLanguage":"fr-FR"},{"@type":"NewsMediaOrganization","@id":"https:\/\/dicodusport.fr\/blog\/#organization","name":"Dicodusport","url":"https:\/\/dicodusport.fr\/blog\/","logo":{"@type":"ImageObject","inLanguage":"fr-FR","@id":"https:\/\/dicodusport.fr\/blog\/#\/schema\/logo\/image\/","url":"https:\/\/dicodusport.fr\/blog\/wp-content\/uploads\/2020\/06\/cropped-LOGO-DICODUSPORT-2020-SANS-FOND-SANS-TEXTE.png","contentUrl":"https:\/\/dicodusport.fr\/blog\/wp-content\/uploads\/2020\/06\/cropped-LOGO-DICODUSPORT-2020-SANS-FOND-SANS-TEXTE.png","width":512,"height":512,"caption":"Dicodusport"},"image":{"@id":"https:\/\/dicodusport.fr\/blog\/#\/schema\/logo\/image\/"},"sameAs":["https:\/\/www.facebook.com\/dicodusport","https:\/\/x.com\/dicodusport","https:\/\/www.instagram.com\/dicodusport\/","https:\/\/www.youtube.com\/channel\/UC7V2KZ5sd3htJivAbA4ZG3w"],"description":"Dicodusport est l'encyclop\u00e9die de l'actualit\u00e9 sportive.","email":"bonjour@dicodusport.fr","legalName":"DICODUSPORT","foundingDate":"2018-01-14","vatID":"FR71834470973","taxID":"83447097300043","numberOfEmployees":{"@type":"QuantitativeValue","minValue":"1","maxValue":"10"}},{"@type":"Person","@id":"https:\/\/dicodusport.fr\/blog\/#\/schema\/person\/416c975648aca9da8839bdfe333a21c9","name":"Sophie Clapier","image":{"@type":"ImageObject","inLanguage":"fr-FR","@id":"https:\/\/dicodusport.fr\/blog\/#\/schema\/person\/image\/","url":"https:\/\/dicodusport.fr\/blog\/wp-content\/uploads\/2021\/05\/Sophie-Clapier-150x150.jpg","contentUrl":"https:\/\/dicodusport.fr\/blog\/wp-content\/uploads\/2021\/05\/Sophie-Clapier-150x150.jpg","caption":"Sophie Clapier"},"description":"Journaliste\/r\u00e9dactrice depuis janvier 2016 - Passionn\u00e9e de sport depuis toujours, j\u2019en ai pratiqu\u00e9 quelques-uns. Judo, football, handball ou encore tennis, je n\u2019ai jamais pu me mettre d\u2019accord sur un en particulier. Mais \u00e7a, c\u2019\u00e9tait avant de d\u00e9couvrir le basket, devenu mon sport de pr\u00e9dilection. Les actions NBA, le All-Star Week-end, la fureur des Game 7 pendant les playoffs ou mieux, lors des Finals, this is why we play. Team Spurs T.P, je m\u2019accroche encore \u00e0 Gregg Popovich (don\u2019t leave !). Team chef Curry, je souhaite qu\u2019il finisse aux Warriors (staaaay !). Non, il n\u2019y a pas qu\u2019eux, des petits nouveaux -et des petites nouvelles \u00e9videmment- arrivent chaque jour dans toutes les disciplines et cr\u00e9ent de nouveaux exploits. Alors pour les grands \u00e9v\u00e9nements et comp\u00e9titions internationales, vive les pulsations 240\/minutes et le d\u00e9fibrillateur pas loin, et allez les Bleu(e)s ! C\u2019est s\u00fbr, j\u2019aurai plus vu ma vie sur un terrain de sport, mais \u00e0 d\u00e9faut d\u2019en faire en haut niveau, je le partage avec vous.","sameAs":["https:\/\/www.facebook.com\/soocube","https:\/\/x.com\/https:\/\/twitter.com\/soocube","admin"],"url":"https:\/\/dicodusport.fr\/blog\/author\/sophie\/"}]}},"_links":{"self":[{"href":"https:\/\/dicodusport.fr\/blog\/wp-json\/wp\/v2\/posts\/517757","targetHints":{"allow":["GET"]}}],"collection":[{"href":"https:\/\/dicodusport.fr\/blog\/wp-json\/wp\/v2\/posts"}],"about":[{"href":"https:\/\/dicodusport.fr\/blog\/wp-json\/wp\/v2\/types\/post"}],"author":[{"embeddable":true,"href":"https:\/\/dicodusport.fr\/blog\/wp-json\/wp\/v2\/users\/18"}],"replies":[{"embeddable":true,"href":"https:\/\/dicodusport.fr\/blog\/wp-json\/wp\/v2\/comments?post=517757"}],"version-history":[{"count":7,"href":"https:\/\/dicodusport.fr\/blog\/wp-json\/wp\/v2\/posts\/517757\/revisions"}],"predecessor-version":[{"id":517999,"href":"https:\/\/dicodusport.fr\/blog\/wp-json\/wp\/v2\/posts\/517757\/revisions\/517999"}],"wp:featuredmedia":[{"embeddable":true,"href":"https:\/\/dicodusport.fr\/blog\/wp-json\/wp\/v2\/media\/517821"}],"wp:attachment":[{"href":"https:\/\/dicodusport.fr\/blog\/wp-json\/wp\/v2\/media?parent=517757"}],"wp:term":[{"taxonomy":"category","embeddable":true,"href":"https:\/\/dicodusport.fr\/blog\/wp-json\/wp\/v2\/categories?post=517757"},{"taxonomy":"post_tag","embeddable":true,"href":"https:\/\/dicodusport.fr\/blog\/wp-json\/wp\/v2\/tags?post=517757"}],"curies":[{"name":"wp","href":"https:\/\/api.w.org\/{rel}","templated":true}]}}