{"id":517858,"date":"2024-09-09T15:00:54","date_gmt":"2024-09-09T13:00:54","guid":{"rendered":"https:\/\/dicodusport.fr\/blog\/?p=517858&#038;preview=true&#038;preview_id=517858"},"modified":"2024-09-09T12:59:31","modified_gmt":"2024-09-09T10:59:31","slug":"lily-abriat-pour-moi-cetait-clairement-un-reve-ce-titre","status":"publish","type":"post","link":"https:\/\/dicodusport.fr\/blog\/lily-abriat-pour-moi-cetait-clairement-un-reve-ce-titre\/","title":{"rendered":"Lily Abriat : \u00ab\u00a0Pour moi, c&rsquo;\u00e9tait clairement un r\u00eave ce titre\u00a0\u00bb"},"content":{"rendered":"<p style=\"text-align: justify;\"><strong><em>ESCALADE &#8211; R\u00e9cente championne du monde juniors sur l&rsquo;\u00e9preuve du bloc, Lily Abriat est revenue sur sa performance, avec une \u00e9norme fiert\u00e9 et les yeux tourn\u00e9s vers la suite d&rsquo;une carri\u00e8re extr\u00eamement prometteuse.\u00a0<\/em><\/strong><\/p>\n<h3 style=\"text-align: justify;\">Bonjour Lily, f\u00e9licitations pour le titre mondial. Vous n&rsquo;\u00eates pas la premi\u00e8re championne du monde juniors fran\u00e7aise d&rsquo;escalade &#8211; et sans doute pas la derni\u00e8re &#8211; mais vous avez le sentiment d&rsquo;avoir accompli quelque chose d&rsquo;historique ?<\/h3>\n<p style=\"text-align: justify;\">Oui, \u00e9videmment, car pour moi, c&rsquo;\u00e9tait clairement un r\u00eave ce titre. J&rsquo;ai \u00e9norm\u00e9ment de mal \u00e0 r\u00e9aliser. Quand tu rentres en France, tu sens que pour les gens, c&rsquo;\u00e9tait un peu \u00e9crit ce titre. Mais moi, j&rsquo;ai toujours du mal \u00e0 me dire \u00ab\u00a0je l&rsquo;ai fait\u00a0\u00bb. Mais on me l&rsquo;a dit, qu&rsquo;un titre de championne du monde, on ne peut pas me l&rsquo;enlever, et \u00e7a restera dans les m\u00e9moires.<\/p>\n<h3 style=\"text-align: justify;\">Mais c&rsquo;\u00e9tait v\u00e9ritablement un objectif quoi qu&rsquo;il en soit&#8230;<\/h3>\n<p style=\"text-align: justify;\">C&rsquo;\u00e9tait un objectif, mais c&rsquo;\u00e9tait surtout un r\u00eave depuis toujours !<\/p>\n<h3 style=\"text-align: justify;\">Ce n&rsquo;\u00e9tait pas votre premi\u00e8re participation \u00e0 ces Mondiaux pourtant&#8230;<\/h3>\n<p style=\"text-align: justify;\">Non, j&rsquo;avais d\u00e9j\u00e0 particip\u00e9 deux fois. En 2021, pour ma premi\u00e8re participation, j&rsquo;avais fini 4e, et l&rsquo;an dernier, j&rsquo;avais termin\u00e9 troisi\u00e8me, j&rsquo;\u00e9tais pass\u00e9e \u00e0 rien de gagner. Mais cette ann\u00e9e, cela ne s&rsquo;est pas jou\u00e9 \u00e0 rien, c&rsquo;\u00e9tait valid\u00e9 (rires).<\/p>\n<h3 style=\"text-align: justify;\">Mais cette ann\u00e9e, tu es arriv\u00e9e avec un statut diff\u00e9rent en termes de renomm\u00e9e&#8230;<\/h3>\n<p style=\"text-align: justify;\">Clairement. Je pense que les autres ann\u00e9es, je venais aussi pour gagner, mais \u00e7a met du temps. Je pense que les Championnats du monde que j&rsquo;ai v\u00e9cu auparavant, ils ont contribu\u00e9 \u00e0 ma r\u00e9ussite.<\/p>\n<h3 style=\"text-align: justify;\">Comment est la pression sur un \u00e9v\u00e8nement de ce genre ?<\/h3>\n<p style=\"text-align: justify;\">Je dirai que ce n&rsquo;est pas la comp\u00e9tition sur laquelle j&rsquo;ai eu le plus de pression. En fait, \u00e7a a beau \u00eatre l&rsquo;objectif de l&rsquo;ann\u00e9e, \u00e7a a beau \u00eatre la comp\u00e9tition la plus prestigieuse que je puisse faire pendant l&rsquo;ann\u00e9e, on sait tous que pour r\u00e9ussir cette performance, il faut r\u00e9ussir \u00e0 g\u00e9rer cette pression et qu&rsquo;elle ne devienne pas n\u00e9gative. Je me suis sentie \u00e0 ma place, et je ne me suis pas mis une pression \u00e9norme.<\/p>\n<p style=\"text-align: justify;\">Mais le tour le plus stressant, c&rsquo;\u00e9taient les demi-finales. Il faut rentrer en finale, et une fois que c&rsquo;est fait, l&rsquo;objectif n&rsquo;est pas atteint, mais tu peux un peu plus l\u00e2cher les chevaux. Mais franchement, les demi-finales, c&rsquo;est tr\u00e8s stressant, surtout quand tu fais partie des favorites, parce que tu sais que tu as le niveau, que tu as \u00ab\u00a0juste \u00e0 bien grimper\u00a0\u00bb pour aller en finale, sauf que le \u00ab\u00a0juste \u00e0 bien grimper\u00a0\u00bb est tr\u00e8s dur \u00e0 r\u00e9aliser.<\/p>\n<h3 style=\"text-align: justify;\">Est-ce qu&rsquo;il existait une pression \u00ab\u00a0leader de l&rsquo;\u00e9quipe de France\u00a0\u00bb, ce qui \u00e9tait le cas sur le papier ?<\/h3>\n<p style=\"text-align: justify;\">On le ressent, oui, et l&rsquo;\u00e9quipe de France est hyper soud\u00e9e. Quand il y a de la r\u00e9ussite, \u00e7a remonte le groupe, mais quand il y a des d\u00e9ceptions, c&rsquo;est tr\u00e8s dur \u00e0 g\u00e9rer. Mais j&rsquo;ai parl\u00e9 avec les coachs, j&rsquo;ai travaill\u00e9 sur \u00e7a en parall\u00e8le, pour essayer de ne ressentir que le positif venant de l&rsquo;\u00e9quipe. Tout le monde m&rsquo;a encourag\u00e9, tout le monde a contribu\u00e9, mais il n&rsquo;y avait pas tant de pression au final.<\/p>\n<div class=\"vlp-link-container vlp-layout-article\"><a href=\"https:\/\/dicodusport.fr\/blog\/escalade-lily-abriat-championne-du-monde-u20-de-bloc\/\" class=\"vlp-link\" title=\"Escalade : Lily Abriat championne du monde U20 de bloc\"><\/a><div class=\"vlp-layout-zone-side\"><div class=\"vlp-block-4 vlp-link-image\"><img loading=\"lazy\" decoding=\"async\" style=\"max-width: 792px;\" width=\"792\" height=\"445\" src=\"https:\/\/dicodusport.fr\/blog\/wp-content\/uploads\/2024\/08\/Escalade-Lily-Abriat-championne-du-monde-U20-de-bloc.png\" class=\"attachment-800x445 size-800x445\" alt=\"Escalade Lily Abriat championne du monde U20 de bloc\" srcset=\"https:\/\/dicodusport.fr\/blog\/wp-content\/uploads\/2024\/08\/Escalade-Lily-Abriat-championne-du-monde-U20-de-bloc.png 1200w, https:\/\/dicodusport.fr\/blog\/wp-content\/uploads\/2024\/08\/Escalade-Lily-Abriat-championne-du-monde-U20-de-bloc-300x169.png 300w, https:\/\/dicodusport.fr\/blog\/wp-content\/uploads\/2024\/08\/Escalade-Lily-Abriat-championne-du-monde-U20-de-bloc-1024x575.png 1024w, https:\/\/dicodusport.fr\/blog\/wp-content\/uploads\/2024\/08\/Escalade-Lily-Abriat-championne-du-monde-U20-de-bloc-768x431.png 768w\" sizes=\"auto, (max-width: 792px) 100vw, 792px\" \/><\/div><\/div><div class=\"vlp-layout-zone-main\"><div class=\"vlp-block-0 vlp-link-title\">Escalade : Lily Abriat championne du monde U20 de bloc<\/div><div class=\"vlp-block-1 vlp-link-summary\">Lily Abriat championne du monde U20 de bloc<\/div><div class=\"vlp-block-2 vlp-link-button\">Lire l'article<\/div><div class=\"vlp-block-3 vlp-link-url\">dicodusport.fr<\/div><\/div><\/div>\n<h3 style=\"text-align: justify;\">Quelle \u00e9tait la taille de la d\u00e9l\u00e9gation fran\u00e7aise sur ces Mondiaux ?<\/h3>\n<p style=\"text-align: justify;\">Nous \u00e9tions huit athl\u00e8tes au total, avec deux coachs et un kin\u00e9. La f\u00e9d\u00e9ration g\u00e8re tout ce qui est budget, et on a la chance d&rsquo;\u00eatre bien accompagn\u00e9s. On a eu beaucoup de stages pour apprendre \u00e0 travailler avec ces coachs qui ne sont pas les n\u00f4tres au quotidien. C&rsquo;est quelque chose qui se construit pendant les stages, c&rsquo;est hyper important.<\/p>\n<h3 style=\"text-align: justify;\">Quelle est la suite ? Est-il possible de refaire les Mondiaux juniors l&rsquo;an prochain ?<\/h3>\n<p style=\"text-align: justify;\">Non parce que l&rsquo;an prochain, le fonctionnement change. Il y avait des comp\u00e9titions U16, U18 et U20 &#8211; ma cat\u00e9gorie &#8211; mais l&rsquo;an prochain, ils passent \u00e0 U17 et U19. Du coup, c&rsquo;\u00e9taient officiellement mes derniers Championnats du monde juniors, c&rsquo;est encore mieux (rires).<\/p>\n<p style=\"text-align: justify;\">En ce qui concerne les s\u00e9niors, cela fait trois ans que je suis surclass\u00e9e pour concourir en s\u00e9niors, et trois ans que j&rsquo;ai de grosses attentes. J&rsquo;ai fait une bonne saison, je ne suis pass\u00e9e \u00e0 rien d&rsquo;aller en Coupe du monde, donc c&rsquo;est \u00e7a l&rsquo;objectif. L&rsquo;ann\u00e9e prochaine, je serai exclusivement en s\u00e9niors, je pense que ce sera un peu plus clair dans ma t\u00eate, je n&rsquo;aurai pas les comp\u00e9titions jeunes \u00e0 g\u00e9rer, mais un surcroit de pression.<\/p>\n<p style=\"text-align: justify;\">Et pour finir cette saison, il reste les Championnats d&rsquo;Europe jeunes \u00e0 Troyes \u00e0 la fin du mois d&rsquo;une part, et je vais peut-\u00eatre \u00eatre qualifi\u00e9e pour une Coupe d&rsquo;Europe s\u00e9niors qui aura lieu en Italie. Mais il est aussi possible que gr\u00e2ce \u00e0 mon titre mondial, je sois qualifi\u00e9e pour une \u00e9preuve de Coupe du monde \u00e0 S\u00e9oul. En d\u00e9but de saison, cela nous avait \u00e9t\u00e9 annonc\u00e9. Mais l&rsquo;\u00e9quipe de France a fait de grosses performances cette saison, donc cela va \u00eatre compliqu\u00e9 d&rsquo;y entrer. Sauf qu&rsquo;il y a ce crit\u00e8re, donc j&rsquo;attends la r\u00e9ponse du comit\u00e9 de s\u00e9lection qui va arriver tr\u00e8s vite.<\/p>\n<h3 style=\"text-align: justify;\">Et du coup, ce serait une s\u00e9lection uniquement sur le bloc ? Ce serait ton \u00e9preuve de pr\u00e9dilection ?<\/h3>\n<p style=\"text-align: justify;\">Oui. Cela fait pas mal d&rsquo;ann\u00e9es que je me suis sp\u00e9cialis\u00e9e sur le bloc. J&rsquo;adore la difficult\u00e9, mais en comp\u00e9tition je ne m&rsquo;amuse pas beaucoup dans cette discipline, donc je vais rester sp\u00e9cialis\u00e9e sur le bloc. Apr\u00e8s, il y a les JO de Los Angeles qui arrivent, et dans \u00e0 peu pr\u00e8s un an, on va savoir si la difficult\u00e9 et le bloc seront deux \u00e9preuves distinctes, o\u00f9 si cela reste du combin\u00e9. S&rsquo;ils s\u00e9parent, je resterai sur le bloc, mais sinon je ferai peut-\u00eatre de la difficult\u00e9 (rires).<\/p>\n<h3 style=\"text-align: justify;\">Tu r\u00e9ussis \u00e0 combiner tout cela avec ton parcours scolaire ?<\/h3>\n<p style=\"text-align: justify;\">J&rsquo;ai fait ma rentr\u00e9e il y a deux jours, en premi\u00e8re ann\u00e9e de licence de psychologie. Je ne pense pas l&rsquo;\u00e9taler pour l&rsquo;instant, mais je vais voir comment \u00e7a se passe, car je voudrais plus m&rsquo;entra\u00eener cette ann\u00e9e, augmenter le volume, ce qui \u00e9tait compliqu\u00e9 au lyc\u00e9e. Mais on verra la suite.<\/p>\n<h3 style=\"text-align: justify;\">Les objectifs sont \u00e9lev\u00e9s pour les Championnats d&rsquo;Europe ?<\/h3>\n<p style=\"text-align: justify;\">Oui, mais je les aborderai de la m\u00eame mani\u00e8re que les Mondiaux. On peut potentiellement aller chercher beaucoup de m\u00e9dailles, il devrait y avoir un bel effet de groupe.<\/p>\n<h3 style=\"text-align: justify;\">Comment est-ce que tu es venue \u00e0 l&rsquo;escalade ?<\/h3>\n<p style=\"text-align: justify;\">C&rsquo;est par ma famille, mes parents faisaient de l&rsquo;escalade et j&rsquo;ai \u00e9t\u00e9 plong\u00e9e dans cet univers toute petite. J&rsquo;ai commenc\u00e9 en falaise, en ext\u00e9rieur, ce que faisaient mes parents. On allait quand m\u00eame dans une salle \u00e0 Lyon, mais quand on a d\u00e9m\u00e9nag\u00e9, il y avait un club d&rsquo;escalade, mais au d\u00e9but, je ne voulais pas y aller. C&rsquo;est mon fr\u00e8re qui a commenc\u00e9 \u00e0 en faire, alors que moi, je d\u00e9testais \u00e7a, je faisais de la gymnastique \u00e0 l&rsquo;\u00e9poque.<\/p>\n<p style=\"text-align: justify;\">Ce qui m&rsquo;a tourn\u00e9 vers l&rsquo;escalade, ce sont les comp\u00e9titions. J&rsquo;ai vu mon fr\u00e8re faire des comp\u00e9titions et je me suis dit \u00ab\u00a0c&rsquo;est g\u00e9nial ! Comment je peux faire pour faire de la comp\u00e9tition ?\u00a0\u00bb et je me suis mise \u00e0 l&rsquo;escalade (rires). C&rsquo;\u00e9tait juste pour la comp\u00e9tition, et au final, \u00e7a a tr\u00e8s bien march\u00e9 !<\/p>\n","protected":false},"excerpt":{"rendered":"<p>\u00ab\u00a0Pour moi, c&rsquo;\u00e9tait clairement un r\u00eave ce titre\u00a0\u00bb<\/p>\n","protected":false},"author":59,"featured_media":517937,"comment_status":"open","ping_status":"closed","sticky":false,"template":"","format":"standard","meta":{"_acf_changed":false,"_daextam_enable_autolinks":"1","footnotes":""},"categories":[10930],"tags":[32415,16878],"class_list":["post-517858","post","type-post","status-publish","format-standard","has-post-thumbnail","hentry","category-escalade","tag-actu","tag-breve"],"acf":[],"yoast_head":"<!-- This site is optimized with the Yoast SEO Premium plugin v26.7 (Yoast SEO v26.7) - https:\/\/yoast.com\/wordpress\/plugins\/seo\/ -->\n<title>Lily Abriat : &quot;Pour moi, c&#039;\u00e9tait clairement un r\u00eave ce titre&quot;<\/title>\n<meta name=\"description\" content=\"ESCALADE - R\u00e9cente championne du monde juniors sur l&#039;\u00e9preuve du bloc, Lily Abriat est revenue sur sa performance.\" \/>\n<meta name=\"robots\" content=\"index, follow, max-snippet:-1, max-image-preview:large, max-video-preview:-1\" \/>\n<link rel=\"canonical\" href=\"https:\/\/dicodusport.fr\/blog\/lily-abriat-pour-moi-cetait-clairement-un-reve-ce-titre\/\" \/>\n<meta property=\"og:locale\" content=\"fr_FR\" \/>\n<meta property=\"og:type\" content=\"article\" \/>\n<meta property=\"og:title\" content=\"Lily Abriat : &quot;Pour moi, c&#039;\u00e9tait clairement un r\u00eave ce titre&quot;\" \/>\n<meta property=\"og:description\" content=\"ESCALADE - R\u00e9cente championne du monde juniors sur l&#039;\u00e9preuve du bloc, Lily Abriat est revenue sur sa performance.\" \/>\n<meta property=\"og:url\" content=\"https:\/\/dicodusport.fr\/blog\/lily-abriat-pour-moi-cetait-clairement-un-reve-ce-titre\/\" \/>\n<meta property=\"og:site_name\" content=\"Dicodusport\" \/>\n<meta property=\"article:publisher\" content=\"https:\/\/www.facebook.com\/dicodusport\" \/>\n<meta property=\"article:author\" content=\"https:\/\/www.facebook.com\/sebastien.gente\/\" \/>\n<meta property=\"article:published_time\" content=\"2024-09-09T13:00:54+00:00\" \/>\n<meta property=\"og:image\" content=\"https:\/\/dicodusport.fr\/blog\/wp-content\/uploads\/2024\/09\/Lily-Abriat-Pour-moi-cetait-clairement-un-reve-ce-titre.png\" \/>\n\t<meta property=\"og:image:width\" content=\"1200\" \/>\n\t<meta property=\"og:image:height\" content=\"674\" \/>\n\t<meta property=\"og:image:type\" content=\"image\/png\" \/>\n<meta name=\"author\" content=\"S\u00e9bastien Gente\" \/>\n<meta name=\"twitter:card\" content=\"summary_large_image\" \/>\n<meta name=\"twitter:title\" content=\"Lily Abriat : &quot;Pour moi, c&#039;\u00e9tait clairement un r\u00eave ce titre&quot;\" \/>\n<meta name=\"twitter:creator\" content=\"@https:\/\/twitter.com\/globulo24\" \/>\n<meta name=\"twitter:site\" content=\"@dicodusport\" \/>\n<script type=\"application\/ld+json\" class=\"yoast-schema-graph\">{\"@context\":\"https:\/\/schema.org\",\"@graph\":[{\"@type\":\"NewsArticle\",\"@id\":\"https:\/\/dicodusport.fr\/blog\/lily-abriat-pour-moi-cetait-clairement-un-reve-ce-titre\/#article\",\"isPartOf\":{\"@id\":\"https:\/\/dicodusport.fr\/blog\/lily-abriat-pour-moi-cetait-clairement-un-reve-ce-titre\/\"},\"author\":{\"name\":\"S\u00e9bastien Gente\",\"@id\":\"https:\/\/dicodusport.fr\/blog\/#\/schema\/person\/627966a6cde45dbd8c5e36ac85d783da\"},\"headline\":\"Lily Abriat : \u00ab\u00a0Pour moi, c&rsquo;\u00e9tait clairement un r\u00eave ce titre\u00a0\u00bb\",\"datePublished\":\"2024-09-09T13:00:54+00:00\",\"mainEntityOfPage\":{\"@id\":\"https:\/\/dicodusport.fr\/blog\/lily-abriat-pour-moi-cetait-clairement-un-reve-ce-titre\/\"},\"wordCount\":1436,\"commentCount\":0,\"publisher\":{\"@id\":\"https:\/\/dicodusport.fr\/blog\/#organization\"},\"image\":{\"@id\":\"https:\/\/dicodusport.fr\/blog\/lily-abriat-pour-moi-cetait-clairement-un-reve-ce-titre\/#primaryimage\"},\"thumbnailUrl\":\"https:\/\/dicodusport.fr\/blog\/wp-content\/uploads\/2024\/09\/Lily-Abriat-Pour-moi-cetait-clairement-un-reve-ce-titre.png\",\"keywords\":[\"actu\",\"br\u00e8ve\"],\"articleSection\":[\"Escalade\"],\"inLanguage\":\"fr-FR\",\"potentialAction\":[{\"@type\":\"CommentAction\",\"name\":\"Comment\",\"target\":[\"https:\/\/dicodusport.fr\/blog\/lily-abriat-pour-moi-cetait-clairement-un-reve-ce-titre\/#respond\"]}],\"copyrightYear\":\"2024\",\"copyrightHolder\":{\"@id\":\"https:\/\/dicodusport.fr\/blog\/#organization\"}},{\"@type\":\"WebPage\",\"@id\":\"https:\/\/dicodusport.fr\/blog\/lily-abriat-pour-moi-cetait-clairement-un-reve-ce-titre\/\",\"url\":\"https:\/\/dicodusport.fr\/blog\/lily-abriat-pour-moi-cetait-clairement-un-reve-ce-titre\/\",\"name\":\"Lily Abriat : \\\"Pour moi, c'\u00e9tait clairement un r\u00eave ce titre\\\"\",\"isPartOf\":{\"@id\":\"https:\/\/dicodusport.fr\/blog\/#website\"},\"primaryImageOfPage\":{\"@id\":\"https:\/\/dicodusport.fr\/blog\/lily-abriat-pour-moi-cetait-clairement-un-reve-ce-titre\/#primaryimage\"},\"image\":{\"@id\":\"https:\/\/dicodusport.fr\/blog\/lily-abriat-pour-moi-cetait-clairement-un-reve-ce-titre\/#primaryimage\"},\"thumbnailUrl\":\"https:\/\/dicodusport.fr\/blog\/wp-content\/uploads\/2024\/09\/Lily-Abriat-Pour-moi-cetait-clairement-un-reve-ce-titre.png\",\"datePublished\":\"2024-09-09T13:00:54+00:00\",\"description\":\"ESCALADE - R\u00e9cente championne du monde juniors sur l'\u00e9preuve du bloc, Lily Abriat est revenue sur sa performance.\",\"breadcrumb\":{\"@id\":\"https:\/\/dicodusport.fr\/blog\/lily-abriat-pour-moi-cetait-clairement-un-reve-ce-titre\/#breadcrumb\"},\"inLanguage\":\"fr-FR\",\"potentialAction\":[{\"@type\":\"ReadAction\",\"target\":[\"https:\/\/dicodusport.fr\/blog\/lily-abriat-pour-moi-cetait-clairement-un-reve-ce-titre\/\"]}]},{\"@type\":\"ImageObject\",\"inLanguage\":\"fr-FR\",\"@id\":\"https:\/\/dicodusport.fr\/blog\/lily-abriat-pour-moi-cetait-clairement-un-reve-ce-titre\/#primaryimage\",\"url\":\"https:\/\/dicodusport.fr\/blog\/wp-content\/uploads\/2024\/09\/Lily-Abriat-Pour-moi-cetait-clairement-un-reve-ce-titre.png\",\"contentUrl\":\"https:\/\/dicodusport.fr\/blog\/wp-content\/uploads\/2024\/09\/Lily-Abriat-Pour-moi-cetait-clairement-un-reve-ce-titre.png\",\"width\":1200,\"height\":674,\"caption\":\"Lily Abriat Pour moi, c'\u00e9tait clairement un r\u00eave ce titre\"},{\"@type\":\"BreadcrumbList\",\"@id\":\"https:\/\/dicodusport.fr\/blog\/lily-abriat-pour-moi-cetait-clairement-un-reve-ce-titre\/#breadcrumb\",\"itemListElement\":[{\"@type\":\"ListItem\",\"position\":1,\"name\":\"Accueil\",\"item\":\"https:\/\/dicodusport.fr\/blog\/\"},{\"@type\":\"ListItem\",\"position\":2,\"name\":\"Lily Abriat : \u00ab\u00a0Pour moi, c&rsquo;\u00e9tait clairement un r\u00eave ce titre\u00a0\u00bb\"}]},{\"@type\":\"WebSite\",\"@id\":\"https:\/\/dicodusport.fr\/blog\/#website\",\"url\":\"https:\/\/dicodusport.fr\/blog\/\",\"name\":\"Dicodusport\",\"description\":\"L&#039;encyclop\u00e9die de l&#039;actualit\u00e9 sportive\",\"publisher\":{\"@id\":\"https:\/\/dicodusport.fr\/blog\/#organization\"},\"potentialAction\":[{\"@type\":\"SearchAction\",\"target\":{\"@type\":\"EntryPoint\",\"urlTemplate\":\"https:\/\/dicodusport.fr\/blog\/?s={search_term_string}\"},\"query-input\":{\"@type\":\"PropertyValueSpecification\",\"valueRequired\":true,\"valueName\":\"search_term_string\"}}],\"inLanguage\":\"fr-FR\"},{\"@type\":\"NewsMediaOrganization\",\"@id\":\"https:\/\/dicodusport.fr\/blog\/#organization\",\"name\":\"Dicodusport\",\"url\":\"https:\/\/dicodusport.fr\/blog\/\",\"logo\":{\"@type\":\"ImageObject\",\"inLanguage\":\"fr-FR\",\"@id\":\"https:\/\/dicodusport.fr\/blog\/#\/schema\/logo\/image\/\",\"url\":\"https:\/\/dicodusport.fr\/blog\/wp-content\/uploads\/2020\/06\/cropped-LOGO-DICODUSPORT-2020-SANS-FOND-SANS-TEXTE.png\",\"contentUrl\":\"https:\/\/dicodusport.fr\/blog\/wp-content\/uploads\/2020\/06\/cropped-LOGO-DICODUSPORT-2020-SANS-FOND-SANS-TEXTE.png\",\"width\":512,\"height\":512,\"caption\":\"Dicodusport\"},\"image\":{\"@id\":\"https:\/\/dicodusport.fr\/blog\/#\/schema\/logo\/image\/\"},\"sameAs\":[\"https:\/\/www.facebook.com\/dicodusport\",\"https:\/\/x.com\/dicodusport\",\"https:\/\/www.instagram.com\/dicodusport\/\",\"https:\/\/www.youtube.com\/channel\/UC7V2KZ5sd3htJivAbA4ZG3w\"],\"description\":\"Dicodusport est l'encyclop\u00e9die de l'actualit\u00e9 sportive.\",\"email\":\"bonjour@dicodusport.fr\",\"legalName\":\"DICODUSPORT\",\"foundingDate\":\"2018-01-14\",\"vatID\":\"FR71834470973\",\"taxID\":\"83447097300043\",\"numberOfEmployees\":{\"@type\":\"QuantitativeValue\",\"minValue\":\"1\",\"maxValue\":\"10\"}},{\"@type\":\"Person\",\"@id\":\"https:\/\/dicodusport.fr\/blog\/#\/schema\/person\/627966a6cde45dbd8c5e36ac85d783da\",\"name\":\"S\u00e9bastien Gente\",\"image\":{\"@type\":\"ImageObject\",\"inLanguage\":\"fr-FR\",\"@id\":\"https:\/\/dicodusport.fr\/blog\/#\/schema\/person\/image\/\",\"url\":\"https:\/\/dicodusport.fr\/blog\/wp-content\/uploads\/2021\/09\/1510990_10205810251400683_4124423575079401707_n-150x150.jpg\",\"contentUrl\":\"https:\/\/dicodusport.fr\/blog\/wp-content\/uploads\/2021\/09\/1510990_10205810251400683_4124423575079401707_n-150x150.jpg\",\"caption\":\"S\u00e9bastien Gente\"},\"description\":\"John Stockton, Gianni Bugno, Zinedine Zidane, Steffi Graf, Frode Andresen, St\u00e9phane Stoecklin, Davis Kamoga, Primoz Peterka, Werner Schlager et Aur\u00e9lien Rougerie. Point commun entre ces sportifs? Ils m'ont fait r\u00eaver et ont berc\u00e9 mon adolescence. Je suis un fondu de sports et j'essaie de retranscrire ma passion \u00e0 travers mes articles. Originaire du P\u00e9rigord, ma passion pour les Girondins, les Jaunards et les Jazzmen transpire dans mes \u00e9crits. \u00c0 Dicodusport depuis 2021, je d\u00e9niche les sports m\u00e9connus dans lesquels la France brille, et il y en a !\",\"sameAs\":[\"https:\/\/www.facebook.com\/sebastien.gente\/\",\"https:\/\/www.instagram.com\/sebgente\/\",\"https:\/\/www.linkedin.com\/in\/sbastien-gente-a29583169\/\",\"https:\/\/x.com\/https:\/\/twitter.com\/globulo24\",\"SebastienGente\"],\"worksFor\":\"S\u00e9bastien GENTE\",\"url\":\"https:\/\/dicodusport.fr\/blog\/author\/sebastiengente\/\"}]}<\/script>\n<!-- \/ Yoast SEO Premium plugin. -->","yoast_head_json":{"title":"Lily Abriat : \"Pour moi, c'\u00e9tait clairement un r\u00eave ce titre\"","description":"ESCALADE - R\u00e9cente championne du monde juniors sur l'\u00e9preuve du bloc, Lily Abriat est revenue sur sa performance.","robots":{"index":"index","follow":"follow","max-snippet":"max-snippet:-1","max-image-preview":"max-image-preview:large","max-video-preview":"max-video-preview:-1"},"canonical":"https:\/\/dicodusport.fr\/blog\/lily-abriat-pour-moi-cetait-clairement-un-reve-ce-titre\/","og_locale":"fr_FR","og_type":"article","og_title":"Lily Abriat : \"Pour moi, c'\u00e9tait clairement un r\u00eave ce titre\"","og_description":"ESCALADE - R\u00e9cente championne du monde juniors sur l'\u00e9preuve du bloc, Lily Abriat est revenue sur sa performance.","og_url":"https:\/\/dicodusport.fr\/blog\/lily-abriat-pour-moi-cetait-clairement-un-reve-ce-titre\/","og_site_name":"Dicodusport","article_publisher":"https:\/\/www.facebook.com\/dicodusport","article_author":"https:\/\/www.facebook.com\/sebastien.gente\/","article_published_time":"2024-09-09T13:00:54+00:00","og_image":[{"width":1200,"height":674,"url":"https:\/\/dicodusport.fr\/blog\/wp-content\/uploads\/2024\/09\/Lily-Abriat-Pour-moi-cetait-clairement-un-reve-ce-titre.png","type":"image\/png"}],"author":"S\u00e9bastien Gente","twitter_card":"summary_large_image","twitter_title":"Lily Abriat : \"Pour moi, c'\u00e9tait clairement un r\u00eave ce titre\"","twitter_creator":"@https:\/\/twitter.com\/globulo24","twitter_site":"@dicodusport","schema":{"@context":"https:\/\/schema.org","@graph":[{"@type":"NewsArticle","@id":"https:\/\/dicodusport.fr\/blog\/lily-abriat-pour-moi-cetait-clairement-un-reve-ce-titre\/#article","isPartOf":{"@id":"https:\/\/dicodusport.fr\/blog\/lily-abriat-pour-moi-cetait-clairement-un-reve-ce-titre\/"},"author":{"name":"S\u00e9bastien Gente","@id":"https:\/\/dicodusport.fr\/blog\/#\/schema\/person\/627966a6cde45dbd8c5e36ac85d783da"},"headline":"Lily Abriat : \u00ab\u00a0Pour moi, c&rsquo;\u00e9tait clairement un r\u00eave ce titre\u00a0\u00bb","datePublished":"2024-09-09T13:00:54+00:00","mainEntityOfPage":{"@id":"https:\/\/dicodusport.fr\/blog\/lily-abriat-pour-moi-cetait-clairement-un-reve-ce-titre\/"},"wordCount":1436,"commentCount":0,"publisher":{"@id":"https:\/\/dicodusport.fr\/blog\/#organization"},"image":{"@id":"https:\/\/dicodusport.fr\/blog\/lily-abriat-pour-moi-cetait-clairement-un-reve-ce-titre\/#primaryimage"},"thumbnailUrl":"https:\/\/dicodusport.fr\/blog\/wp-content\/uploads\/2024\/09\/Lily-Abriat-Pour-moi-cetait-clairement-un-reve-ce-titre.png","keywords":["actu","br\u00e8ve"],"articleSection":["Escalade"],"inLanguage":"fr-FR","potentialAction":[{"@type":"CommentAction","name":"Comment","target":["https:\/\/dicodusport.fr\/blog\/lily-abriat-pour-moi-cetait-clairement-un-reve-ce-titre\/#respond"]}],"copyrightYear":"2024","copyrightHolder":{"@id":"https:\/\/dicodusport.fr\/blog\/#organization"}},{"@type":"WebPage","@id":"https:\/\/dicodusport.fr\/blog\/lily-abriat-pour-moi-cetait-clairement-un-reve-ce-titre\/","url":"https:\/\/dicodusport.fr\/blog\/lily-abriat-pour-moi-cetait-clairement-un-reve-ce-titre\/","name":"Lily Abriat : \"Pour moi, c'\u00e9tait clairement un r\u00eave ce titre\"","isPartOf":{"@id":"https:\/\/dicodusport.fr\/blog\/#website"},"primaryImageOfPage":{"@id":"https:\/\/dicodusport.fr\/blog\/lily-abriat-pour-moi-cetait-clairement-un-reve-ce-titre\/#primaryimage"},"image":{"@id":"https:\/\/dicodusport.fr\/blog\/lily-abriat-pour-moi-cetait-clairement-un-reve-ce-titre\/#primaryimage"},"thumbnailUrl":"https:\/\/dicodusport.fr\/blog\/wp-content\/uploads\/2024\/09\/Lily-Abriat-Pour-moi-cetait-clairement-un-reve-ce-titre.png","datePublished":"2024-09-09T13:00:54+00:00","description":"ESCALADE - R\u00e9cente championne du monde juniors sur l'\u00e9preuve du bloc, Lily Abriat est revenue sur sa performance.","breadcrumb":{"@id":"https:\/\/dicodusport.fr\/blog\/lily-abriat-pour-moi-cetait-clairement-un-reve-ce-titre\/#breadcrumb"},"inLanguage":"fr-FR","potentialAction":[{"@type":"ReadAction","target":["https:\/\/dicodusport.fr\/blog\/lily-abriat-pour-moi-cetait-clairement-un-reve-ce-titre\/"]}]},{"@type":"ImageObject","inLanguage":"fr-FR","@id":"https:\/\/dicodusport.fr\/blog\/lily-abriat-pour-moi-cetait-clairement-un-reve-ce-titre\/#primaryimage","url":"https:\/\/dicodusport.fr\/blog\/wp-content\/uploads\/2024\/09\/Lily-Abriat-Pour-moi-cetait-clairement-un-reve-ce-titre.png","contentUrl":"https:\/\/dicodusport.fr\/blog\/wp-content\/uploads\/2024\/09\/Lily-Abriat-Pour-moi-cetait-clairement-un-reve-ce-titre.png","width":1200,"height":674,"caption":"Lily Abriat Pour moi, c'\u00e9tait clairement un r\u00eave ce titre"},{"@type":"BreadcrumbList","@id":"https:\/\/dicodusport.fr\/blog\/lily-abriat-pour-moi-cetait-clairement-un-reve-ce-titre\/#breadcrumb","itemListElement":[{"@type":"ListItem","position":1,"name":"Accueil","item":"https:\/\/dicodusport.fr\/blog\/"},{"@type":"ListItem","position":2,"name":"Lily Abriat : \u00ab\u00a0Pour moi, c&rsquo;\u00e9tait clairement un r\u00eave ce titre\u00a0\u00bb"}]},{"@type":"WebSite","@id":"https:\/\/dicodusport.fr\/blog\/#website","url":"https:\/\/dicodusport.fr\/blog\/","name":"Dicodusport","description":"L&#039;encyclop\u00e9die de l&#039;actualit\u00e9 sportive","publisher":{"@id":"https:\/\/dicodusport.fr\/blog\/#organization"},"potentialAction":[{"@type":"SearchAction","target":{"@type":"EntryPoint","urlTemplate":"https:\/\/dicodusport.fr\/blog\/?s={search_term_string}"},"query-input":{"@type":"PropertyValueSpecification","valueRequired":true,"valueName":"search_term_string"}}],"inLanguage":"fr-FR"},{"@type":"NewsMediaOrganization","@id":"https:\/\/dicodusport.fr\/blog\/#organization","name":"Dicodusport","url":"https:\/\/dicodusport.fr\/blog\/","logo":{"@type":"ImageObject","inLanguage":"fr-FR","@id":"https:\/\/dicodusport.fr\/blog\/#\/schema\/logo\/image\/","url":"https:\/\/dicodusport.fr\/blog\/wp-content\/uploads\/2020\/06\/cropped-LOGO-DICODUSPORT-2020-SANS-FOND-SANS-TEXTE.png","contentUrl":"https:\/\/dicodusport.fr\/blog\/wp-content\/uploads\/2020\/06\/cropped-LOGO-DICODUSPORT-2020-SANS-FOND-SANS-TEXTE.png","width":512,"height":512,"caption":"Dicodusport"},"image":{"@id":"https:\/\/dicodusport.fr\/blog\/#\/schema\/logo\/image\/"},"sameAs":["https:\/\/www.facebook.com\/dicodusport","https:\/\/x.com\/dicodusport","https:\/\/www.instagram.com\/dicodusport\/","https:\/\/www.youtube.com\/channel\/UC7V2KZ5sd3htJivAbA4ZG3w"],"description":"Dicodusport est l'encyclop\u00e9die de l'actualit\u00e9 sportive.","email":"bonjour@dicodusport.fr","legalName":"DICODUSPORT","foundingDate":"2018-01-14","vatID":"FR71834470973","taxID":"83447097300043","numberOfEmployees":{"@type":"QuantitativeValue","minValue":"1","maxValue":"10"}},{"@type":"Person","@id":"https:\/\/dicodusport.fr\/blog\/#\/schema\/person\/627966a6cde45dbd8c5e36ac85d783da","name":"S\u00e9bastien Gente","image":{"@type":"ImageObject","inLanguage":"fr-FR","@id":"https:\/\/dicodusport.fr\/blog\/#\/schema\/person\/image\/","url":"https:\/\/dicodusport.fr\/blog\/wp-content\/uploads\/2021\/09\/1510990_10205810251400683_4124423575079401707_n-150x150.jpg","contentUrl":"https:\/\/dicodusport.fr\/blog\/wp-content\/uploads\/2021\/09\/1510990_10205810251400683_4124423575079401707_n-150x150.jpg","caption":"S\u00e9bastien Gente"},"description":"John Stockton, Gianni Bugno, Zinedine Zidane, Steffi Graf, Frode Andresen, St\u00e9phane Stoecklin, Davis Kamoga, Primoz Peterka, Werner Schlager et Aur\u00e9lien Rougerie. Point commun entre ces sportifs? Ils m'ont fait r\u00eaver et ont berc\u00e9 mon adolescence. Je suis un fondu de sports et j'essaie de retranscrire ma passion \u00e0 travers mes articles. Originaire du P\u00e9rigord, ma passion pour les Girondins, les Jaunards et les Jazzmen transpire dans mes \u00e9crits. \u00c0 Dicodusport depuis 2021, je d\u00e9niche les sports m\u00e9connus dans lesquels la France brille, et il y en a !","sameAs":["https:\/\/www.facebook.com\/sebastien.gente\/","https:\/\/www.instagram.com\/sebgente\/","https:\/\/www.linkedin.com\/in\/sbastien-gente-a29583169\/","https:\/\/x.com\/https:\/\/twitter.com\/globulo24","SebastienGente"],"worksFor":"S\u00e9bastien GENTE","url":"https:\/\/dicodusport.fr\/blog\/author\/sebastiengente\/"}]}},"_links":{"self":[{"href":"https:\/\/dicodusport.fr\/blog\/wp-json\/wp\/v2\/posts\/517858","targetHints":{"allow":["GET"]}}],"collection":[{"href":"https:\/\/dicodusport.fr\/blog\/wp-json\/wp\/v2\/posts"}],"about":[{"href":"https:\/\/dicodusport.fr\/blog\/wp-json\/wp\/v2\/types\/post"}],"author":[{"embeddable":true,"href":"https:\/\/dicodusport.fr\/blog\/wp-json\/wp\/v2\/users\/59"}],"replies":[{"embeddable":true,"href":"https:\/\/dicodusport.fr\/blog\/wp-json\/wp\/v2\/comments?post=517858"}],"version-history":[{"count":4,"href":"https:\/\/dicodusport.fr\/blog\/wp-json\/wp\/v2\/posts\/517858\/revisions"}],"predecessor-version":[{"id":519378,"href":"https:\/\/dicodusport.fr\/blog\/wp-json\/wp\/v2\/posts\/517858\/revisions\/519378"}],"wp:featuredmedia":[{"embeddable":true,"href":"https:\/\/dicodusport.fr\/blog\/wp-json\/wp\/v2\/media\/517937"}],"wp:attachment":[{"href":"https:\/\/dicodusport.fr\/blog\/wp-json\/wp\/v2\/media?parent=517858"}],"wp:term":[{"taxonomy":"category","embeddable":true,"href":"https:\/\/dicodusport.fr\/blog\/wp-json\/wp\/v2\/categories?post=517858"},{"taxonomy":"post_tag","embeddable":true,"href":"https:\/\/dicodusport.fr\/blog\/wp-json\/wp\/v2\/tags?post=517858"}],"curies":[{"name":"wp","href":"https:\/\/api.w.org\/{rel}","templated":true}]}}