{"id":518035,"date":"2024-09-05T18:32:35","date_gmt":"2024-09-05T16:32:35","guid":{"rendered":"https:\/\/dicodusport.fr\/blog\/?p=518035&#038;preview=true&#038;preview_id=518035"},"modified":"2024-09-05T19:42:48","modified_gmt":"2024-09-05T17:42:48","slug":"judo-jeux-paralympiques-2024-sandrine-martinet-vice-championne-paralympique-chez-les-48kg-j2","status":"publish","type":"post","link":"https:\/\/dicodusport.fr\/blog\/judo-jeux-paralympiques-2024-sandrine-martinet-vice-championne-paralympique-chez-les-48kg-j2\/","title":{"rendered":"Judo Jeux Paralympiques 2024 : Sandrine Martinet vice-championne paralympique chez les -48kg (J2)"},"content":{"rendered":"<p><strong><em>JUDO JEUX PARALYMPIQUES 2024 \u2013 Sandrine Martinet s\u2019est inclin\u00e9e contre Nauatbek, en finale du para-judo -48kg, classe J2. La Fran\u00e7aise d\u00e9croche tout de m\u00eame sa 5<sup>e<\/sup> m\u00e9daille paralympique. <\/em><\/strong><\/p>\n<ul>\n<li style=\"text-align: justify;\"><strong>\u00c0 ce sujet \u2013\u00a0<a href=\"https:\/\/dicodusport.fr\/blog\/actualites\/jeux-paralympiques-paris-2024\/\">L\u2019actualit\u00e9 des Jeux Paralympiques de Paris 2024<\/a><\/strong><\/li>\n<\/ul>\n<h2 style=\"text-align: justify;\"><strong>Sandrine Martinet en argent !<\/strong><\/h2>\n<p style=\"text-align: justify;\"><strong>Sandrine Martinet<\/strong> affrontait la Kazakhe <strong>Akmaral Nauatbek<\/strong>, avec pour objectif de d\u00e9crocher une 5<sup>e<\/sup> m\u00e9daille paralympique en carri\u00e8re, deux d\u00e9cennies apr\u00e8s la premi\u00e8re remport\u00e9e \u00e0 Ath\u00e8nes. Une adversaire de taille que conna\u00eet tr\u00e8s bien l\u2019exp\u00e9riment\u00e9e fran\u00e7aise de 41 ans, puisqu\u2019elle l\u2019avait battu deux fois lors des championnats du monde 2022 et 2023. \u00c0 domicile, la licenci\u00e9e du PSG Judo comptait bien prendre sa revanche.<\/p>\n<p style=\"text-align: justify;\">Les \u00e9v\u00e9nements n\u2019ont pourtant pas pris une tournure favorable pour la Tricolore, men\u00e9 0-1 apr\u00e8s moins d\u2019une minute de combat. Mais ce waza-ari conc\u00e9d\u00e9 n\u2019a pas redonn\u00e9 un nouvel \u00e9lan \u00e0 la Fran\u00e7aise, qui a continu\u00e9 de subir les assauts de la Kazakhe. <strong>Nauatbek<\/strong> verrouille sa prise de soumission et inscrit l\u2019ippon. <strong>Martinet<\/strong> est tomb\u00e9e sur plus forte qu\u2019elle, mais elle remporte tout de m\u00eame une nouvelle m\u00e9daille d\u2019argent, comme \u00e0 Tokyo.<\/p>\n<blockquote class=\"twitter-tweet\">\n<p dir=\"ltr\" lang=\"fr\"><a href=\"https:\/\/twitter.com\/hashtag\/Paris2024?src=hash&amp;ref_src=twsrc%5Etfw\">#Paris2024<\/a> | \ud83e\udd48\ud83e\udd4b L&rsquo;argent pour Sandrine Martinet !<\/p>\n<p>La Fran\u00e7aise perd en finale contre la Kazakhe et num\u00e9ro 1 mondiale Akmaral Nauatbek. Sandrine Martinet r\u00e9colte sa 5e m\u00e9daille aux Jeux Paralympiques, la 4e en argent ! Quel palmar\u00e8s \ud83e\udd79\ud83d\udc4f <a href=\"https:\/\/t.co\/5pu7RZApzl\">pic.twitter.com\/5pu7RZApzl<\/a><\/p>\n<p>\u2014 francetvsport (@francetvsport) <a href=\"https:\/\/twitter.com\/francetvsport\/status\/1831733188852404617?ref_src=twsrc%5Etfw\">September 5, 2024<\/a><\/p><\/blockquote>\n<p><script async src=\"https:\/\/platform.twitter.com\/widgets.js\" charset=\"utf-8\"><\/script><\/p>\n","protected":false},"excerpt":{"rendered":"<p>Sandrine Martinet vice-championne paralympique chez les -48kg (J2)<\/p>\n","protected":false},"author":86,"featured_media":518139,"comment_status":"open","ping_status":"closed","sticky":false,"template":"","format":"standard","meta":{"_acf_changed":false,"_daextam_enable_autolinks":"1","footnotes":""},"categories":[21286,8651],"tags":[16878,30151,34960,1004,6635,24],"class_list":["post-518035","post","type-post","status-publish","format-standard","has-post-thumbnail","hentry","category-jeux-paralympiques-paris-2024","category-judo","tag-breve","tag-jeux-paralympiques-2024","tag-jeux-paralympiques-de-paris","tag-paris-2024","tag-sandrine-martinet","tag-sport"],"acf":[],"yoast_head":"<!-- This site is optimized with the Yoast SEO Premium plugin v26.7 (Yoast SEO v26.7) - https:\/\/yoast.com\/wordpress\/plugins\/seo\/ -->\n<title>Judo Jeux Paralympiques 2024 : Sandrine Martinet vice-championne paralympique chez les -48kg (J2)<\/title>\n<meta name=\"description\" content=\"Sandrine Martinet vice-championne paralympique de judo chez les -48kg (J2)\" \/>\n<meta name=\"robots\" content=\"index, follow, max-snippet:-1, max-image-preview:large, max-video-preview:-1\" \/>\n<link rel=\"canonical\" href=\"https:\/\/dicodusport.fr\/blog\/judo-jeux-paralympiques-2024-sandrine-martinet-vice-championne-paralympique-chez-les-48kg-j2\/\" \/>\n<meta property=\"og:locale\" content=\"fr_FR\" \/>\n<meta property=\"og:type\" content=\"article\" \/>\n<meta property=\"og:title\" content=\"Judo Jeux Paralympiques 2024 : Sandrine Martinet vice-championne paralympique chez les -48kg (J2)\" \/>\n<meta property=\"og:description\" content=\"Sandrine Martinet vice-championne paralympique de judo chez les -48kg (J2)\" \/>\n<meta property=\"og:url\" content=\"https:\/\/dicodusport.fr\/blog\/judo-jeux-paralympiques-2024-sandrine-martinet-vice-championne-paralympique-chez-les-48kg-j2\/\" \/>\n<meta property=\"og:site_name\" content=\"Dicodusport\" \/>\n<meta property=\"article:publisher\" content=\"https:\/\/www.facebook.com\/dicodusport\" \/>\n<meta property=\"article:published_time\" content=\"2024-09-05T16:32:35+00:00\" \/>\n<meta property=\"article:modified_time\" content=\"2024-09-05T17:42:48+00:00\" \/>\n<meta property=\"og:image\" content=\"https:\/\/dicodusport.fr\/blog\/wp-content\/uploads\/2024\/09\/Judo-Jeux-Paralympiques-2024-Sandrine-Martinet-vice-championne-paralympique-chez-les-48kg-J2-1.png\" \/>\n\t<meta property=\"og:image:width\" content=\"1200\" \/>\n\t<meta property=\"og:image:height\" content=\"674\" \/>\n\t<meta property=\"og:image:type\" content=\"image\/png\" \/>\n<meta name=\"author\" content=\"Nicolas Parant\" \/>\n<meta name=\"twitter:card\" content=\"summary_large_image\" \/>\n<meta name=\"twitter:title\" content=\"Judo Jeux Paralympiques 2024 : Sandrine Martinet vice-championne paralympique chez les -48kg (J2)\" \/>\n<meta name=\"twitter:creator\" content=\"@dicodusport\" \/>\n<meta name=\"twitter:site\" content=\"@dicodusport\" \/>\n<script type=\"application\/ld+json\" class=\"yoast-schema-graph\">{\"@context\":\"https:\/\/schema.org\",\"@graph\":[{\"@type\":\"NewsArticle\",\"@id\":\"https:\/\/dicodusport.fr\/blog\/judo-jeux-paralympiques-2024-sandrine-martinet-vice-championne-paralympique-chez-les-48kg-j2\/#article\",\"isPartOf\":{\"@id\":\"https:\/\/dicodusport.fr\/blog\/judo-jeux-paralympiques-2024-sandrine-martinet-vice-championne-paralympique-chez-les-48kg-j2\/\"},\"author\":{\"name\":\"Nicolas Parant\",\"@id\":\"https:\/\/dicodusport.fr\/blog\/#\/schema\/person\/816f1c1bae6e11b6ef5b39687639be63\"},\"headline\":\"Judo Jeux Paralympiques 2024 : Sandrine Martinet vice-championne paralympique chez les -48kg (J2)\",\"datePublished\":\"2024-09-05T16:32:35+00:00\",\"dateModified\":\"2024-09-05T17:42:48+00:00\",\"mainEntityOfPage\":{\"@id\":\"https:\/\/dicodusport.fr\/blog\/judo-jeux-paralympiques-2024-sandrine-martinet-vice-championne-paralympique-chez-les-48kg-j2\/\"},\"wordCount\":264,\"commentCount\":0,\"publisher\":{\"@id\":\"https:\/\/dicodusport.fr\/blog\/#organization\"},\"image\":{\"@id\":\"https:\/\/dicodusport.fr\/blog\/judo-jeux-paralympiques-2024-sandrine-martinet-vice-championne-paralympique-chez-les-48kg-j2\/#primaryimage\"},\"thumbnailUrl\":\"https:\/\/dicodusport.fr\/blog\/wp-content\/uploads\/2024\/09\/Judo-Jeux-Paralympiques-2024-Sandrine-Martinet-vice-championne-paralympique-chez-les-48kg-J2-1.png\",\"keywords\":[\"br\u00e8ve\",\"Jeux Paralympiques 2024\",\"Jeux Paralympiques de Paris\",\"Paris 2024\",\"Sandrine Martinet\",\"sport\"],\"articleSection\":[\"Jeux Paralympiques de Paris 2024\",\"Judo\"],\"inLanguage\":\"fr-FR\",\"potentialAction\":[{\"@type\":\"CommentAction\",\"name\":\"Comment\",\"target\":[\"https:\/\/dicodusport.fr\/blog\/judo-jeux-paralympiques-2024-sandrine-martinet-vice-championne-paralympique-chez-les-48kg-j2\/#respond\"]}],\"copyrightYear\":\"2024\",\"copyrightHolder\":{\"@id\":\"https:\/\/dicodusport.fr\/blog\/#organization\"}},{\"@type\":\"WebPage\",\"@id\":\"https:\/\/dicodusport.fr\/blog\/judo-jeux-paralympiques-2024-sandrine-martinet-vice-championne-paralympique-chez-les-48kg-j2\/\",\"url\":\"https:\/\/dicodusport.fr\/blog\/judo-jeux-paralympiques-2024-sandrine-martinet-vice-championne-paralympique-chez-les-48kg-j2\/\",\"name\":\"Judo Jeux Paralympiques 2024 : Sandrine Martinet vice-championne paralympique chez les -48kg (J2)\",\"isPartOf\":{\"@id\":\"https:\/\/dicodusport.fr\/blog\/#website\"},\"primaryImageOfPage\":{\"@id\":\"https:\/\/dicodusport.fr\/blog\/judo-jeux-paralympiques-2024-sandrine-martinet-vice-championne-paralympique-chez-les-48kg-j2\/#primaryimage\"},\"image\":{\"@id\":\"https:\/\/dicodusport.fr\/blog\/judo-jeux-paralympiques-2024-sandrine-martinet-vice-championne-paralympique-chez-les-48kg-j2\/#primaryimage\"},\"thumbnailUrl\":\"https:\/\/dicodusport.fr\/blog\/wp-content\/uploads\/2024\/09\/Judo-Jeux-Paralympiques-2024-Sandrine-Martinet-vice-championne-paralympique-chez-les-48kg-J2-1.png\",\"datePublished\":\"2024-09-05T16:32:35+00:00\",\"dateModified\":\"2024-09-05T17:42:48+00:00\",\"description\":\"Sandrine Martinet vice-championne paralympique de judo chez les -48kg (J2)\",\"breadcrumb\":{\"@id\":\"https:\/\/dicodusport.fr\/blog\/judo-jeux-paralympiques-2024-sandrine-martinet-vice-championne-paralympique-chez-les-48kg-j2\/#breadcrumb\"},\"inLanguage\":\"fr-FR\",\"potentialAction\":[{\"@type\":\"ReadAction\",\"target\":[\"https:\/\/dicodusport.fr\/blog\/judo-jeux-paralympiques-2024-sandrine-martinet-vice-championne-paralympique-chez-les-48kg-j2\/\"]}]},{\"@type\":\"ImageObject\",\"inLanguage\":\"fr-FR\",\"@id\":\"https:\/\/dicodusport.fr\/blog\/judo-jeux-paralympiques-2024-sandrine-martinet-vice-championne-paralympique-chez-les-48kg-j2\/#primaryimage\",\"url\":\"https:\/\/dicodusport.fr\/blog\/wp-content\/uploads\/2024\/09\/Judo-Jeux-Paralympiques-2024-Sandrine-Martinet-vice-championne-paralympique-chez-les-48kg-J2-1.png\",\"contentUrl\":\"https:\/\/dicodusport.fr\/blog\/wp-content\/uploads\/2024\/09\/Judo-Jeux-Paralympiques-2024-Sandrine-Martinet-vice-championne-paralympique-chez-les-48kg-J2-1.png\",\"width\":1200,\"height\":674,\"caption\":\"Judo Jeux Paralympiques 2024 Sandrine Martinet vice-championne paralympique chez les -48kg (J2) (1)\"},{\"@type\":\"BreadcrumbList\",\"@id\":\"https:\/\/dicodusport.fr\/blog\/judo-jeux-paralympiques-2024-sandrine-martinet-vice-championne-paralympique-chez-les-48kg-j2\/#breadcrumb\",\"itemListElement\":[{\"@type\":\"ListItem\",\"position\":1,\"name\":\"Accueil\",\"item\":\"https:\/\/dicodusport.fr\/blog\/\"},{\"@type\":\"ListItem\",\"position\":2,\"name\":\"Judo Jeux Paralympiques 2024 : Sandrine Martinet vice-championne paralympique chez les -48kg (J2)\"}]},{\"@type\":\"WebSite\",\"@id\":\"https:\/\/dicodusport.fr\/blog\/#website\",\"url\":\"https:\/\/dicodusport.fr\/blog\/\",\"name\":\"Dicodusport\",\"description\":\"L&#039;encyclop\u00e9die de l&#039;actualit\u00e9 sportive\",\"publisher\":{\"@id\":\"https:\/\/dicodusport.fr\/blog\/#organization\"},\"potentialAction\":[{\"@type\":\"SearchAction\",\"target\":{\"@type\":\"EntryPoint\",\"urlTemplate\":\"https:\/\/dicodusport.fr\/blog\/?s={search_term_string}\"},\"query-input\":{\"@type\":\"PropertyValueSpecification\",\"valueRequired\":true,\"valueName\":\"search_term_string\"}}],\"inLanguage\":\"fr-FR\"},{\"@type\":\"NewsMediaOrganization\",\"@id\":\"https:\/\/dicodusport.fr\/blog\/#organization\",\"name\":\"Dicodusport\",\"url\":\"https:\/\/dicodusport.fr\/blog\/\",\"logo\":{\"@type\":\"ImageObject\",\"inLanguage\":\"fr-FR\",\"@id\":\"https:\/\/dicodusport.fr\/blog\/#\/schema\/logo\/image\/\",\"url\":\"https:\/\/dicodusport.fr\/blog\/wp-content\/uploads\/2020\/06\/cropped-LOGO-DICODUSPORT-2020-SANS-FOND-SANS-TEXTE.png\",\"contentUrl\":\"https:\/\/dicodusport.fr\/blog\/wp-content\/uploads\/2020\/06\/cropped-LOGO-DICODUSPORT-2020-SANS-FOND-SANS-TEXTE.png\",\"width\":512,\"height\":512,\"caption\":\"Dicodusport\"},\"image\":{\"@id\":\"https:\/\/dicodusport.fr\/blog\/#\/schema\/logo\/image\/\"},\"sameAs\":[\"https:\/\/www.facebook.com\/dicodusport\",\"https:\/\/x.com\/dicodusport\",\"https:\/\/www.instagram.com\/dicodusport\/\",\"https:\/\/www.youtube.com\/channel\/UC7V2KZ5sd3htJivAbA4ZG3w\"],\"description\":\"Dicodusport est l'encyclop\u00e9die de l'actualit\u00e9 sportive.\",\"email\":\"bonjour@dicodusport.fr\",\"legalName\":\"DICODUSPORT\",\"foundingDate\":\"2018-01-14\",\"vatID\":\"FR71834470973\",\"taxID\":\"83447097300043\",\"numberOfEmployees\":{\"@type\":\"QuantitativeValue\",\"minValue\":\"1\",\"maxValue\":\"10\"}},{\"@type\":\"Person\",\"@id\":\"https:\/\/dicodusport.fr\/blog\/#\/schema\/person\/816f1c1bae6e11b6ef5b39687639be63\",\"name\":\"Nicolas Parant\",\"image\":{\"@type\":\"ImageObject\",\"inLanguage\":\"fr-FR\",\"@id\":\"https:\/\/dicodusport.fr\/blog\/#\/schema\/person\/image\/\",\"url\":\"https:\/\/dicodusport.fr\/blog\/wp-content\/uploads\/2023\/04\/1B6E3319-7CA3-49A2-A3FB-D53C46115743-150x150.jpeg\",\"contentUrl\":\"https:\/\/dicodusport.fr\/blog\/wp-content\/uploads\/2023\/04\/1B6E3319-7CA3-49A2-A3FB-D53C46115743-150x150.jpeg\",\"caption\":\"Nicolas Parant\"},\"description\":\"Passionn\u00e9 de sport et d\u2019\u00e9criture, r\u00e9diger des articles a \u00e9t\u00e9 une v\u00e9ritable r\u00e9v\u00e9lation quand j\u2019ai pris la plume num\u00e9rique pour la premi\u00e8re fois en 2021. Admiratif des exploits de Nadal \u00e0 Roland Garros et du charisme de Zlatan Ibrahimovi\u0107 \u00e0 son arriv\u00e9e dans la capitale, je m\u2019efforce de transmettre au mieux les \u00e9motions des athl\u00e8tes de la nouvelle g\u00e9n\u00e9ration. \u00c0 Dicodusport depuis 2023, je commente principalement les batailles qui se d\u00e9roulent dans l\u2019octogone de l\u2019UFC ou sur les pelouses de football et de rugby.\",\"url\":\"https:\/\/dicodusport.fr\/blog\/author\/nicolas-parant\/\"}]}<\/script>\n<!-- \/ Yoast SEO Premium plugin. -->","yoast_head_json":{"title":"Judo Jeux Paralympiques 2024 : Sandrine Martinet vice-championne paralympique chez les -48kg (J2)","description":"Sandrine Martinet vice-championne paralympique de judo chez les -48kg (J2)","robots":{"index":"index","follow":"follow","max-snippet":"max-snippet:-1","max-image-preview":"max-image-preview:large","max-video-preview":"max-video-preview:-1"},"canonical":"https:\/\/dicodusport.fr\/blog\/judo-jeux-paralympiques-2024-sandrine-martinet-vice-championne-paralympique-chez-les-48kg-j2\/","og_locale":"fr_FR","og_type":"article","og_title":"Judo Jeux Paralympiques 2024 : Sandrine Martinet vice-championne paralympique chez les -48kg (J2)","og_description":"Sandrine Martinet vice-championne paralympique de judo chez les -48kg (J2)","og_url":"https:\/\/dicodusport.fr\/blog\/judo-jeux-paralympiques-2024-sandrine-martinet-vice-championne-paralympique-chez-les-48kg-j2\/","og_site_name":"Dicodusport","article_publisher":"https:\/\/www.facebook.com\/dicodusport","article_published_time":"2024-09-05T16:32:35+00:00","article_modified_time":"2024-09-05T17:42:48+00:00","og_image":[{"width":1200,"height":674,"url":"https:\/\/dicodusport.fr\/blog\/wp-content\/uploads\/2024\/09\/Judo-Jeux-Paralympiques-2024-Sandrine-Martinet-vice-championne-paralympique-chez-les-48kg-J2-1.png","type":"image\/png"}],"author":"Nicolas Parant","twitter_card":"summary_large_image","twitter_title":"Judo Jeux Paralympiques 2024 : Sandrine Martinet vice-championne paralympique chez les -48kg (J2)","twitter_creator":"@dicodusport","twitter_site":"@dicodusport","schema":{"@context":"https:\/\/schema.org","@graph":[{"@type":"NewsArticle","@id":"https:\/\/dicodusport.fr\/blog\/judo-jeux-paralympiques-2024-sandrine-martinet-vice-championne-paralympique-chez-les-48kg-j2\/#article","isPartOf":{"@id":"https:\/\/dicodusport.fr\/blog\/judo-jeux-paralympiques-2024-sandrine-martinet-vice-championne-paralympique-chez-les-48kg-j2\/"},"author":{"name":"Nicolas Parant","@id":"https:\/\/dicodusport.fr\/blog\/#\/schema\/person\/816f1c1bae6e11b6ef5b39687639be63"},"headline":"Judo Jeux Paralympiques 2024 : Sandrine Martinet vice-championne paralympique chez les -48kg (J2)","datePublished":"2024-09-05T16:32:35+00:00","dateModified":"2024-09-05T17:42:48+00:00","mainEntityOfPage":{"@id":"https:\/\/dicodusport.fr\/blog\/judo-jeux-paralympiques-2024-sandrine-martinet-vice-championne-paralympique-chez-les-48kg-j2\/"},"wordCount":264,"commentCount":0,"publisher":{"@id":"https:\/\/dicodusport.fr\/blog\/#organization"},"image":{"@id":"https:\/\/dicodusport.fr\/blog\/judo-jeux-paralympiques-2024-sandrine-martinet-vice-championne-paralympique-chez-les-48kg-j2\/#primaryimage"},"thumbnailUrl":"https:\/\/dicodusport.fr\/blog\/wp-content\/uploads\/2024\/09\/Judo-Jeux-Paralympiques-2024-Sandrine-Martinet-vice-championne-paralympique-chez-les-48kg-J2-1.png","keywords":["br\u00e8ve","Jeux Paralympiques 2024","Jeux Paralympiques de Paris","Paris 2024","Sandrine Martinet","sport"],"articleSection":["Jeux Paralympiques de Paris 2024","Judo"],"inLanguage":"fr-FR","potentialAction":[{"@type":"CommentAction","name":"Comment","target":["https:\/\/dicodusport.fr\/blog\/judo-jeux-paralympiques-2024-sandrine-martinet-vice-championne-paralympique-chez-les-48kg-j2\/#respond"]}],"copyrightYear":"2024","copyrightHolder":{"@id":"https:\/\/dicodusport.fr\/blog\/#organization"}},{"@type":"WebPage","@id":"https:\/\/dicodusport.fr\/blog\/judo-jeux-paralympiques-2024-sandrine-martinet-vice-championne-paralympique-chez-les-48kg-j2\/","url":"https:\/\/dicodusport.fr\/blog\/judo-jeux-paralympiques-2024-sandrine-martinet-vice-championne-paralympique-chez-les-48kg-j2\/","name":"Judo Jeux Paralympiques 2024 : Sandrine Martinet vice-championne paralympique chez les -48kg (J2)","isPartOf":{"@id":"https:\/\/dicodusport.fr\/blog\/#website"},"primaryImageOfPage":{"@id":"https:\/\/dicodusport.fr\/blog\/judo-jeux-paralympiques-2024-sandrine-martinet-vice-championne-paralympique-chez-les-48kg-j2\/#primaryimage"},"image":{"@id":"https:\/\/dicodusport.fr\/blog\/judo-jeux-paralympiques-2024-sandrine-martinet-vice-championne-paralympique-chez-les-48kg-j2\/#primaryimage"},"thumbnailUrl":"https:\/\/dicodusport.fr\/blog\/wp-content\/uploads\/2024\/09\/Judo-Jeux-Paralympiques-2024-Sandrine-Martinet-vice-championne-paralympique-chez-les-48kg-J2-1.png","datePublished":"2024-09-05T16:32:35+00:00","dateModified":"2024-09-05T17:42:48+00:00","description":"Sandrine Martinet vice-championne paralympique de judo chez les -48kg (J2)","breadcrumb":{"@id":"https:\/\/dicodusport.fr\/blog\/judo-jeux-paralympiques-2024-sandrine-martinet-vice-championne-paralympique-chez-les-48kg-j2\/#breadcrumb"},"inLanguage":"fr-FR","potentialAction":[{"@type":"ReadAction","target":["https:\/\/dicodusport.fr\/blog\/judo-jeux-paralympiques-2024-sandrine-martinet-vice-championne-paralympique-chez-les-48kg-j2\/"]}]},{"@type":"ImageObject","inLanguage":"fr-FR","@id":"https:\/\/dicodusport.fr\/blog\/judo-jeux-paralympiques-2024-sandrine-martinet-vice-championne-paralympique-chez-les-48kg-j2\/#primaryimage","url":"https:\/\/dicodusport.fr\/blog\/wp-content\/uploads\/2024\/09\/Judo-Jeux-Paralympiques-2024-Sandrine-Martinet-vice-championne-paralympique-chez-les-48kg-J2-1.png","contentUrl":"https:\/\/dicodusport.fr\/blog\/wp-content\/uploads\/2024\/09\/Judo-Jeux-Paralympiques-2024-Sandrine-Martinet-vice-championne-paralympique-chez-les-48kg-J2-1.png","width":1200,"height":674,"caption":"Judo Jeux Paralympiques 2024 Sandrine Martinet vice-championne paralympique chez les -48kg (J2) (1)"},{"@type":"BreadcrumbList","@id":"https:\/\/dicodusport.fr\/blog\/judo-jeux-paralympiques-2024-sandrine-martinet-vice-championne-paralympique-chez-les-48kg-j2\/#breadcrumb","itemListElement":[{"@type":"ListItem","position":1,"name":"Accueil","item":"https:\/\/dicodusport.fr\/blog\/"},{"@type":"ListItem","position":2,"name":"Judo Jeux Paralympiques 2024 : Sandrine Martinet vice-championne paralympique chez les -48kg (J2)"}]},{"@type":"WebSite","@id":"https:\/\/dicodusport.fr\/blog\/#website","url":"https:\/\/dicodusport.fr\/blog\/","name":"Dicodusport","description":"L&#039;encyclop\u00e9die de l&#039;actualit\u00e9 sportive","publisher":{"@id":"https:\/\/dicodusport.fr\/blog\/#organization"},"potentialAction":[{"@type":"SearchAction","target":{"@type":"EntryPoint","urlTemplate":"https:\/\/dicodusport.fr\/blog\/?s={search_term_string}"},"query-input":{"@type":"PropertyValueSpecification","valueRequired":true,"valueName":"search_term_string"}}],"inLanguage":"fr-FR"},{"@type":"NewsMediaOrganization","@id":"https:\/\/dicodusport.fr\/blog\/#organization","name":"Dicodusport","url":"https:\/\/dicodusport.fr\/blog\/","logo":{"@type":"ImageObject","inLanguage":"fr-FR","@id":"https:\/\/dicodusport.fr\/blog\/#\/schema\/logo\/image\/","url":"https:\/\/dicodusport.fr\/blog\/wp-content\/uploads\/2020\/06\/cropped-LOGO-DICODUSPORT-2020-SANS-FOND-SANS-TEXTE.png","contentUrl":"https:\/\/dicodusport.fr\/blog\/wp-content\/uploads\/2020\/06\/cropped-LOGO-DICODUSPORT-2020-SANS-FOND-SANS-TEXTE.png","width":512,"height":512,"caption":"Dicodusport"},"image":{"@id":"https:\/\/dicodusport.fr\/blog\/#\/schema\/logo\/image\/"},"sameAs":["https:\/\/www.facebook.com\/dicodusport","https:\/\/x.com\/dicodusport","https:\/\/www.instagram.com\/dicodusport\/","https:\/\/www.youtube.com\/channel\/UC7V2KZ5sd3htJivAbA4ZG3w"],"description":"Dicodusport est l'encyclop\u00e9die de l'actualit\u00e9 sportive.","email":"bonjour@dicodusport.fr","legalName":"DICODUSPORT","foundingDate":"2018-01-14","vatID":"FR71834470973","taxID":"83447097300043","numberOfEmployees":{"@type":"QuantitativeValue","minValue":"1","maxValue":"10"}},{"@type":"Person","@id":"https:\/\/dicodusport.fr\/blog\/#\/schema\/person\/816f1c1bae6e11b6ef5b39687639be63","name":"Nicolas Parant","image":{"@type":"ImageObject","inLanguage":"fr-FR","@id":"https:\/\/dicodusport.fr\/blog\/#\/schema\/person\/image\/","url":"https:\/\/dicodusport.fr\/blog\/wp-content\/uploads\/2023\/04\/1B6E3319-7CA3-49A2-A3FB-D53C46115743-150x150.jpeg","contentUrl":"https:\/\/dicodusport.fr\/blog\/wp-content\/uploads\/2023\/04\/1B6E3319-7CA3-49A2-A3FB-D53C46115743-150x150.jpeg","caption":"Nicolas Parant"},"description":"Passionn\u00e9 de sport et d\u2019\u00e9criture, r\u00e9diger des articles a \u00e9t\u00e9 une v\u00e9ritable r\u00e9v\u00e9lation quand j\u2019ai pris la plume num\u00e9rique pour la premi\u00e8re fois en 2021. Admiratif des exploits de Nadal \u00e0 Roland Garros et du charisme de Zlatan Ibrahimovi\u0107 \u00e0 son arriv\u00e9e dans la capitale, je m\u2019efforce de transmettre au mieux les \u00e9motions des athl\u00e8tes de la nouvelle g\u00e9n\u00e9ration. \u00c0 Dicodusport depuis 2023, je commente principalement les batailles qui se d\u00e9roulent dans l\u2019octogone de l\u2019UFC ou sur les pelouses de football et de rugby.","url":"https:\/\/dicodusport.fr\/blog\/author\/nicolas-parant\/"}]}},"_links":{"self":[{"href":"https:\/\/dicodusport.fr\/blog\/wp-json\/wp\/v2\/posts\/518035","targetHints":{"allow":["GET"]}}],"collection":[{"href":"https:\/\/dicodusport.fr\/blog\/wp-json\/wp\/v2\/posts"}],"about":[{"href":"https:\/\/dicodusport.fr\/blog\/wp-json\/wp\/v2\/types\/post"}],"author":[{"embeddable":true,"href":"https:\/\/dicodusport.fr\/blog\/wp-json\/wp\/v2\/users\/86"}],"replies":[{"embeddable":true,"href":"https:\/\/dicodusport.fr\/blog\/wp-json\/wp\/v2\/comments?post=518035"}],"version-history":[{"count":5,"href":"https:\/\/dicodusport.fr\/blog\/wp-json\/wp\/v2\/posts\/518035\/revisions"}],"predecessor-version":[{"id":518140,"href":"https:\/\/dicodusport.fr\/blog\/wp-json\/wp\/v2\/posts\/518035\/revisions\/518140"}],"wp:featuredmedia":[{"embeddable":true,"href":"https:\/\/dicodusport.fr\/blog\/wp-json\/wp\/v2\/media\/518139"}],"wp:attachment":[{"href":"https:\/\/dicodusport.fr\/blog\/wp-json\/wp\/v2\/media?parent=518035"}],"wp:term":[{"taxonomy":"category","embeddable":true,"href":"https:\/\/dicodusport.fr\/blog\/wp-json\/wp\/v2\/categories?post=518035"},{"taxonomy":"post_tag","embeddable":true,"href":"https:\/\/dicodusport.fr\/blog\/wp-json\/wp\/v2\/tags?post=518035"}],"curies":[{"name":"wp","href":"https:\/\/api.w.org\/{rel}","templated":true}]}}