{"id":518067,"date":"2024-09-05T17:58:14","date_gmt":"2024-09-05T15:58:14","guid":{"rendered":"https:\/\/dicodusport.fr\/blog\/?p=518067&#038;preview=true&#038;preview_id=518067"},"modified":"2024-09-05T22:11:43","modified_gmt":"2024-09-05T20:11:43","slug":"equipe-de-france-la-composition-probable-des-bleus-pour-defier-litalie","status":"publish","type":"post","link":"https:\/\/dicodusport.fr\/blog\/equipe-de-france-la-composition-probable-des-bleus-pour-defier-litalie\/","title":{"rendered":"\u00c9quipe de France : La composition probable des Bleus pour d\u00e9fier l&rsquo;Italie"},"content":{"rendered":"<p style=\"text-align: justify;\" align=\"justify\"><em><b>FOOTBALL &#8211; Selon L&rsquo;\u00c9quipe, voici la composition des Bleus pour le match face \u00e0 l&rsquo;Italie ce vendredi \u00e0 21 heures.<\/b><\/em><\/p>\n<ul style=\"text-align: justify;\">\n<li style=\"text-align: justify;\"><strong>\u00c0 ce sujet &#8211; <a href=\"https:\/\/dicodusport.fr\/blog\/france-italie-chaine-tv-heure-et-cotes-du-match-des-bleus\/\" target=\"_blank\" rel=\"noopener\">France \u2013 Italie : Cha\u00eene TV, Heure et Cotes du match des Bleus<\/a><br \/>\n<\/strong><\/li>\n<\/ul>\n<p style=\"text-align: justify;\" align=\"justify\"><strong>Didier<\/strong> <strong>Deschamps<\/strong> devrait proposer quelques surprises dans sa composition pour affronter l&rsquo;Italie en <strong>Ligue<\/strong> <strong>des Nations<\/strong>. En d\u00e9fense, <strong>Jonathan<\/strong> <strong>Clauss<\/strong>, qui vient de rejoindre <strong>Nice<\/strong>, devrait d\u00e9buter dans le couloir droit alors que <strong>Th\u00e9o Hernandez<\/strong> sera son pendant \u00e0 gauche. Dans l&rsquo;axe, il existe une incertitude entre <strong>Ibrahima<\/strong> <strong>Konat\u00e9<\/strong> et <strong>Dayot<\/strong> <strong>Upamecano<\/strong> pour accompagner <strong>William<\/strong> <strong>Saliba<\/strong>.<\/p>\n<p style=\"text-align: justify;\" align=\"justify\">Le s\u00e9lectionneur des Bleus pourrait n&rsquo;aligner que deux milieux axiaux et se passer d&rsquo;<strong>Antoine Griezmann<\/strong>. <strong>N&rsquo;Golo<\/strong> <strong>Kant\u00e9<\/strong> et <strong>Youssouf<\/strong> <strong>Fofana<\/strong> devraient d\u00e9buter alors que <strong>Michael<\/strong> <strong>Olise<\/strong> devrait \u00eatre positionn\u00e9 en num\u00e9ro 10.<\/p>\n<ul style=\"text-align: justify;\">\n<li style=\"text-align: justify;\"><strong>\u00c0 ce sujet &#8211; <a href=\"https:\/\/dicodusport.fr\/blog\/pronostic-france-italie-cotes-analyse-et-conseil-football\/\" target=\"_blank\" rel=\"noopener\">Pronostic France \u2013 Italie : Cotes, analyse et conseil<\/a><br \/>\n<\/strong><\/li>\n<\/ul>\n<p style=\"text-align: justify;\"><strong>Randal Kolo Muani<\/strong> devrait \u00eatre pr\u00e9f\u00e9r\u00e9 \u00e0 <strong>Ousmane<\/strong> <strong>Demb\u00e9l\u00e9<\/strong> dans le couloir droit alors que <strong>Bradley<\/strong> <strong>Barcola<\/strong> devrait \u00eatre align\u00e9 de l&rsquo;autre c\u00f4t\u00e9. Enfin, <strong>Kylian<\/strong> <strong>Mbapp\u00e9<\/strong> sera \u00e0 la pointe de l&rsquo;attaque de l&rsquo;\u00e9quipe de <strong>France<\/strong>.<\/p>\n<h2 style=\"text-align: justify;\" align=\"justify\">La composition probable des Bleus pour affronter l&rsquo;Italie<\/h2>\n<p style=\"text-align: justify;\">Maignan &#8211; Clauss, Upamecano (ou Konat\u00e9), Saliba, T. Hernandez &#8211; Y. Fofana, Kant\u00e9 &#8211; Kolo Muani, Olise, Barcola &#8211; Mbapp\u00e9 (cap).<\/p>\n","protected":false},"excerpt":{"rendered":"<p>FOOTBALL &#8211; Selon L&rsquo;\u00c9quipe, voici la composition des Bleus pour le match face \u00e0 l&rsquo;Italie ce vendredi \u00e0 21 heures.<\/p>\n","protected":false},"author":1,"featured_media":518069,"comment_status":"open","ping_status":"closed","sticky":false,"template":"","format":"standard","meta":{"_acf_changed":false,"_daextam_enable_autolinks":"1","footnotes":""},"categories":[2301],"tags":[32415,16878,7276,6966,75,30],"class_list":["post-518067","post","type-post","status-publish","format-standard","has-post-thumbnail","hentry","category-football","tag-actu","tag-breve","tag-composition-france","tag-equipe-de-france-de-football","tag-football","tag-france"],"acf":[],"yoast_head":"<!-- This site is optimized with the Yoast SEO Premium plugin v26.7 (Yoast SEO v26.7) - https:\/\/yoast.com\/wordpress\/plugins\/seo\/ -->\n<title>\u00c9quipe de France : La composition probable des Bleus pour d\u00e9fier l&#039;Italie<\/title>\n<meta name=\"description\" content=\"FOOTBALL - Selon L&#039;\u00c9quipe, voici la composition des Bleus pour le match face \u00e0 l&#039;Italie ce vendredi \u00e0 21 heures.\" \/>\n<meta name=\"robots\" content=\"index, follow, max-snippet:-1, max-image-preview:large, max-video-preview:-1\" \/>\n<link rel=\"canonical\" href=\"https:\/\/dicodusport.fr\/blog\/equipe-de-france-la-composition-probable-des-bleus-pour-defier-litalie\/\" \/>\n<meta property=\"og:locale\" content=\"fr_FR\" \/>\n<meta property=\"og:type\" content=\"article\" \/>\n<meta property=\"og:title\" content=\"\u00c9quipe de France : La composition probable des Bleus pour d\u00e9fier l&#039;Italie\" \/>\n<meta property=\"og:description\" content=\"FOOTBALL - Selon L&#039;\u00c9quipe, voici la composition des Bleus pour le match face \u00e0 l&#039;Italie ce vendredi \u00e0 21 heures.\" \/>\n<meta property=\"og:url\" content=\"https:\/\/dicodusport.fr\/blog\/equipe-de-france-la-composition-probable-des-bleus-pour-defier-litalie\/\" \/>\n<meta property=\"og:site_name\" content=\"Dicodusport\" \/>\n<meta property=\"article:publisher\" content=\"https:\/\/www.facebook.com\/dicodusport\" \/>\n<meta property=\"article:author\" content=\"https:\/\/www.facebook.com\/dicodusport\" \/>\n<meta property=\"article:published_time\" content=\"2024-09-05T15:58:14+00:00\" \/>\n<meta property=\"article:modified_time\" content=\"2024-09-05T20:11:43+00:00\" \/>\n<meta property=\"og:image\" content=\"https:\/\/dicodusport.fr\/blog\/wp-content\/uploads\/2024\/09\/Equipe-de-France-La-composition-probable-des-Bleus-pour-defier-lItalie.png\" \/>\n\t<meta property=\"og:image:width\" content=\"1200\" \/>\n\t<meta property=\"og:image:height\" content=\"674\" \/>\n\t<meta property=\"og:image:type\" content=\"image\/png\" \/>\n<meta name=\"author\" content=\"Nicolas Jacquemard\" \/>\n<meta name=\"twitter:card\" content=\"summary_large_image\" \/>\n<meta name=\"twitter:title\" content=\"\u00c9quipe de France : La composition probable des Bleus pour d\u00e9fier l&#039;Italie\" \/>\n<meta name=\"twitter:creator\" content=\"@https:\/\/twitter.com\/Nico_Jacquemard\" \/>\n<meta name=\"twitter:site\" content=\"@dicodusport\" \/>\n<script type=\"application\/ld+json\" class=\"yoast-schema-graph\">{\"@context\":\"https:\/\/schema.org\",\"@graph\":[{\"@type\":\"NewsArticle\",\"@id\":\"https:\/\/dicodusport.fr\/blog\/equipe-de-france-la-composition-probable-des-bleus-pour-defier-litalie\/#article\",\"isPartOf\":{\"@id\":\"https:\/\/dicodusport.fr\/blog\/equipe-de-france-la-composition-probable-des-bleus-pour-defier-litalie\/\"},\"author\":{\"name\":\"Nicolas Jacquemard\",\"@id\":\"https:\/\/dicodusport.fr\/blog\/#\/schema\/person\/55dcb50ad410894e431ed812bbb70191\"},\"headline\":\"\u00c9quipe de France : La composition probable des Bleus pour d\u00e9fier l&rsquo;Italie\",\"datePublished\":\"2024-09-05T15:58:14+00:00\",\"dateModified\":\"2024-09-05T20:11:43+00:00\",\"mainEntityOfPage\":{\"@id\":\"https:\/\/dicodusport.fr\/blog\/equipe-de-france-la-composition-probable-des-bleus-pour-defier-litalie\/\"},\"wordCount\":225,\"commentCount\":0,\"publisher\":{\"@id\":\"https:\/\/dicodusport.fr\/blog\/#organization\"},\"image\":{\"@id\":\"https:\/\/dicodusport.fr\/blog\/equipe-de-france-la-composition-probable-des-bleus-pour-defier-litalie\/#primaryimage\"},\"thumbnailUrl\":\"https:\/\/dicodusport.fr\/blog\/wp-content\/uploads\/2024\/09\/Equipe-de-France-La-composition-probable-des-Bleus-pour-defier-lItalie.png\",\"keywords\":[\"actu\",\"br\u00e8ve\",\"Composition France\",\"Equipe de France de football\",\"Football\",\"France\"],\"articleSection\":[\"Football\"],\"inLanguage\":\"fr-FR\",\"potentialAction\":[{\"@type\":\"CommentAction\",\"name\":\"Comment\",\"target\":[\"https:\/\/dicodusport.fr\/blog\/equipe-de-france-la-composition-probable-des-bleus-pour-defier-litalie\/#respond\"]}],\"copyrightYear\":\"2024\",\"copyrightHolder\":{\"@id\":\"https:\/\/dicodusport.fr\/blog\/#organization\"}},{\"@type\":\"WebPage\",\"@id\":\"https:\/\/dicodusport.fr\/blog\/equipe-de-france-la-composition-probable-des-bleus-pour-defier-litalie\/\",\"url\":\"https:\/\/dicodusport.fr\/blog\/equipe-de-france-la-composition-probable-des-bleus-pour-defier-litalie\/\",\"name\":\"\u00c9quipe de France : La composition probable des Bleus pour d\u00e9fier l'Italie\",\"isPartOf\":{\"@id\":\"https:\/\/dicodusport.fr\/blog\/#website\"},\"primaryImageOfPage\":{\"@id\":\"https:\/\/dicodusport.fr\/blog\/equipe-de-france-la-composition-probable-des-bleus-pour-defier-litalie\/#primaryimage\"},\"image\":{\"@id\":\"https:\/\/dicodusport.fr\/blog\/equipe-de-france-la-composition-probable-des-bleus-pour-defier-litalie\/#primaryimage\"},\"thumbnailUrl\":\"https:\/\/dicodusport.fr\/blog\/wp-content\/uploads\/2024\/09\/Equipe-de-France-La-composition-probable-des-Bleus-pour-defier-lItalie.png\",\"datePublished\":\"2024-09-05T15:58:14+00:00\",\"dateModified\":\"2024-09-05T20:11:43+00:00\",\"description\":\"FOOTBALL - Selon L'\u00c9quipe, voici la composition des Bleus pour le match face \u00e0 l'Italie ce vendredi \u00e0 21 heures.\",\"breadcrumb\":{\"@id\":\"https:\/\/dicodusport.fr\/blog\/equipe-de-france-la-composition-probable-des-bleus-pour-defier-litalie\/#breadcrumb\"},\"inLanguage\":\"fr-FR\",\"potentialAction\":[{\"@type\":\"ReadAction\",\"target\":[\"https:\/\/dicodusport.fr\/blog\/equipe-de-france-la-composition-probable-des-bleus-pour-defier-litalie\/\"]}]},{\"@type\":\"ImageObject\",\"inLanguage\":\"fr-FR\",\"@id\":\"https:\/\/dicodusport.fr\/blog\/equipe-de-france-la-composition-probable-des-bleus-pour-defier-litalie\/#primaryimage\",\"url\":\"https:\/\/dicodusport.fr\/blog\/wp-content\/uploads\/2024\/09\/Equipe-de-France-La-composition-probable-des-Bleus-pour-defier-lItalie.png\",\"contentUrl\":\"https:\/\/dicodusport.fr\/blog\/wp-content\/uploads\/2024\/09\/Equipe-de-France-La-composition-probable-des-Bleus-pour-defier-lItalie.png\",\"width\":1200,\"height\":674},{\"@type\":\"BreadcrumbList\",\"@id\":\"https:\/\/dicodusport.fr\/blog\/equipe-de-france-la-composition-probable-des-bleus-pour-defier-litalie\/#breadcrumb\",\"itemListElement\":[{\"@type\":\"ListItem\",\"position\":1,\"name\":\"Accueil\",\"item\":\"https:\/\/dicodusport.fr\/blog\/\"},{\"@type\":\"ListItem\",\"position\":2,\"name\":\"\u00c9quipe de France : La composition probable des Bleus pour d\u00e9fier l&#8217;Italie\"}]},{\"@type\":\"WebSite\",\"@id\":\"https:\/\/dicodusport.fr\/blog\/#website\",\"url\":\"https:\/\/dicodusport.fr\/blog\/\",\"name\":\"Dicodusport\",\"description\":\"L&#039;encyclop\u00e9die de l&#039;actualit\u00e9 sportive\",\"publisher\":{\"@id\":\"https:\/\/dicodusport.fr\/blog\/#organization\"},\"potentialAction\":[{\"@type\":\"SearchAction\",\"target\":{\"@type\":\"EntryPoint\",\"urlTemplate\":\"https:\/\/dicodusport.fr\/blog\/?s={search_term_string}\"},\"query-input\":{\"@type\":\"PropertyValueSpecification\",\"valueRequired\":true,\"valueName\":\"search_term_string\"}}],\"inLanguage\":\"fr-FR\"},{\"@type\":\"NewsMediaOrganization\",\"@id\":\"https:\/\/dicodusport.fr\/blog\/#organization\",\"name\":\"Dicodusport\",\"url\":\"https:\/\/dicodusport.fr\/blog\/\",\"logo\":{\"@type\":\"ImageObject\",\"inLanguage\":\"fr-FR\",\"@id\":\"https:\/\/dicodusport.fr\/blog\/#\/schema\/logo\/image\/\",\"url\":\"https:\/\/dicodusport.fr\/blog\/wp-content\/uploads\/2020\/06\/cropped-LOGO-DICODUSPORT-2020-SANS-FOND-SANS-TEXTE.png\",\"contentUrl\":\"https:\/\/dicodusport.fr\/blog\/wp-content\/uploads\/2020\/06\/cropped-LOGO-DICODUSPORT-2020-SANS-FOND-SANS-TEXTE.png\",\"width\":512,\"height\":512,\"caption\":\"Dicodusport\"},\"image\":{\"@id\":\"https:\/\/dicodusport.fr\/blog\/#\/schema\/logo\/image\/\"},\"sameAs\":[\"https:\/\/www.facebook.com\/dicodusport\",\"https:\/\/x.com\/dicodusport\",\"https:\/\/www.instagram.com\/dicodusport\/\",\"https:\/\/www.youtube.com\/channel\/UC7V2KZ5sd3htJivAbA4ZG3w\"],\"description\":\"Dicodusport est l'encyclop\u00e9die de l'actualit\u00e9 sportive.\",\"email\":\"bonjour@dicodusport.fr\",\"legalName\":\"DICODUSPORT\",\"foundingDate\":\"2018-01-14\",\"vatID\":\"FR71834470973\",\"taxID\":\"83447097300043\",\"numberOfEmployees\":{\"@type\":\"QuantitativeValue\",\"minValue\":\"1\",\"maxValue\":\"10\"}},{\"@type\":\"Person\",\"@id\":\"https:\/\/dicodusport.fr\/blog\/#\/schema\/person\/55dcb50ad410894e431ed812bbb70191\",\"name\":\"Nicolas Jacquemard\",\"image\":{\"@type\":\"ImageObject\",\"inLanguage\":\"fr-FR\",\"@id\":\"https:\/\/dicodusport.fr\/blog\/#\/schema\/person\/image\/\",\"url\":\"https:\/\/dicodusport.fr\/blog\/wp-content\/uploads\/2021\/05\/Nicolas-Jacquemard-150x150.jpeg\",\"contentUrl\":\"https:\/\/dicodusport.fr\/blog\/wp-content\/uploads\/2021\/05\/Nicolas-Jacquemard-150x150.jpeg\",\"caption\":\"Nicolas Jacquemard\"},\"description\":\"Passionn\u00e9 de sport et entrepreneur depuis mes 18 ans, la cr\u00e9ation de Dicodusport m'a sembl\u00e9 \u00e9vidente pour participer \u00e0 la m\u00e9diatisation d'un plus grand nombre de sports. Le chemin est long mais avec une \u00e9quipe des plus motiv\u00e9es et les Jeux Olympiques de Paris 2024 en point de mire, nous y arriverons ! Journaliste dans le monde du sport depuis plus de 5 ans, je traite aussi bien de football, de rugby, de biathlon que de cyclisme.\",\"sameAs\":[\"https:\/\/www.facebook.com\/dicodusport\",\"https:\/\/x.com\/https:\/\/twitter.com\/Nico_Jacquemard\"],\"url\":\"https:\/\/dicodusport.fr\/blog\/author\/dicodusport\/\"}]}<\/script>\n<!-- \/ Yoast SEO Premium plugin. -->","yoast_head_json":{"title":"\u00c9quipe de France : La composition probable des Bleus pour d\u00e9fier l'Italie","description":"FOOTBALL - Selon L'\u00c9quipe, voici la composition des Bleus pour le match face \u00e0 l'Italie ce vendredi \u00e0 21 heures.","robots":{"index":"index","follow":"follow","max-snippet":"max-snippet:-1","max-image-preview":"max-image-preview:large","max-video-preview":"max-video-preview:-1"},"canonical":"https:\/\/dicodusport.fr\/blog\/equipe-de-france-la-composition-probable-des-bleus-pour-defier-litalie\/","og_locale":"fr_FR","og_type":"article","og_title":"\u00c9quipe de France : La composition probable des Bleus pour d\u00e9fier l'Italie","og_description":"FOOTBALL - Selon L'\u00c9quipe, voici la composition des Bleus pour le match face \u00e0 l'Italie ce vendredi \u00e0 21 heures.","og_url":"https:\/\/dicodusport.fr\/blog\/equipe-de-france-la-composition-probable-des-bleus-pour-defier-litalie\/","og_site_name":"Dicodusport","article_publisher":"https:\/\/www.facebook.com\/dicodusport","article_author":"https:\/\/www.facebook.com\/dicodusport","article_published_time":"2024-09-05T15:58:14+00:00","article_modified_time":"2024-09-05T20:11:43+00:00","og_image":[{"width":1200,"height":674,"url":"https:\/\/dicodusport.fr\/blog\/wp-content\/uploads\/2024\/09\/Equipe-de-France-La-composition-probable-des-Bleus-pour-defier-lItalie.png","type":"image\/png"}],"author":"Nicolas Jacquemard","twitter_card":"summary_large_image","twitter_title":"\u00c9quipe de France : La composition probable des Bleus pour d\u00e9fier l'Italie","twitter_creator":"@https:\/\/twitter.com\/Nico_Jacquemard","twitter_site":"@dicodusport","schema":{"@context":"https:\/\/schema.org","@graph":[{"@type":"NewsArticle","@id":"https:\/\/dicodusport.fr\/blog\/equipe-de-france-la-composition-probable-des-bleus-pour-defier-litalie\/#article","isPartOf":{"@id":"https:\/\/dicodusport.fr\/blog\/equipe-de-france-la-composition-probable-des-bleus-pour-defier-litalie\/"},"author":{"name":"Nicolas Jacquemard","@id":"https:\/\/dicodusport.fr\/blog\/#\/schema\/person\/55dcb50ad410894e431ed812bbb70191"},"headline":"\u00c9quipe de France : La composition probable des Bleus pour d\u00e9fier l&rsquo;Italie","datePublished":"2024-09-05T15:58:14+00:00","dateModified":"2024-09-05T20:11:43+00:00","mainEntityOfPage":{"@id":"https:\/\/dicodusport.fr\/blog\/equipe-de-france-la-composition-probable-des-bleus-pour-defier-litalie\/"},"wordCount":225,"commentCount":0,"publisher":{"@id":"https:\/\/dicodusport.fr\/blog\/#organization"},"image":{"@id":"https:\/\/dicodusport.fr\/blog\/equipe-de-france-la-composition-probable-des-bleus-pour-defier-litalie\/#primaryimage"},"thumbnailUrl":"https:\/\/dicodusport.fr\/blog\/wp-content\/uploads\/2024\/09\/Equipe-de-France-La-composition-probable-des-Bleus-pour-defier-lItalie.png","keywords":["actu","br\u00e8ve","Composition France","Equipe de France de football","Football","France"],"articleSection":["Football"],"inLanguage":"fr-FR","potentialAction":[{"@type":"CommentAction","name":"Comment","target":["https:\/\/dicodusport.fr\/blog\/equipe-de-france-la-composition-probable-des-bleus-pour-defier-litalie\/#respond"]}],"copyrightYear":"2024","copyrightHolder":{"@id":"https:\/\/dicodusport.fr\/blog\/#organization"}},{"@type":"WebPage","@id":"https:\/\/dicodusport.fr\/blog\/equipe-de-france-la-composition-probable-des-bleus-pour-defier-litalie\/","url":"https:\/\/dicodusport.fr\/blog\/equipe-de-france-la-composition-probable-des-bleus-pour-defier-litalie\/","name":"\u00c9quipe de France : La composition probable des Bleus pour d\u00e9fier l'Italie","isPartOf":{"@id":"https:\/\/dicodusport.fr\/blog\/#website"},"primaryImageOfPage":{"@id":"https:\/\/dicodusport.fr\/blog\/equipe-de-france-la-composition-probable-des-bleus-pour-defier-litalie\/#primaryimage"},"image":{"@id":"https:\/\/dicodusport.fr\/blog\/equipe-de-france-la-composition-probable-des-bleus-pour-defier-litalie\/#primaryimage"},"thumbnailUrl":"https:\/\/dicodusport.fr\/blog\/wp-content\/uploads\/2024\/09\/Equipe-de-France-La-composition-probable-des-Bleus-pour-defier-lItalie.png","datePublished":"2024-09-05T15:58:14+00:00","dateModified":"2024-09-05T20:11:43+00:00","description":"FOOTBALL - Selon L'\u00c9quipe, voici la composition des Bleus pour le match face \u00e0 l'Italie ce vendredi \u00e0 21 heures.","breadcrumb":{"@id":"https:\/\/dicodusport.fr\/blog\/equipe-de-france-la-composition-probable-des-bleus-pour-defier-litalie\/#breadcrumb"},"inLanguage":"fr-FR","potentialAction":[{"@type":"ReadAction","target":["https:\/\/dicodusport.fr\/blog\/equipe-de-france-la-composition-probable-des-bleus-pour-defier-litalie\/"]}]},{"@type":"ImageObject","inLanguage":"fr-FR","@id":"https:\/\/dicodusport.fr\/blog\/equipe-de-france-la-composition-probable-des-bleus-pour-defier-litalie\/#primaryimage","url":"https:\/\/dicodusport.fr\/blog\/wp-content\/uploads\/2024\/09\/Equipe-de-France-La-composition-probable-des-Bleus-pour-defier-lItalie.png","contentUrl":"https:\/\/dicodusport.fr\/blog\/wp-content\/uploads\/2024\/09\/Equipe-de-France-La-composition-probable-des-Bleus-pour-defier-lItalie.png","width":1200,"height":674},{"@type":"BreadcrumbList","@id":"https:\/\/dicodusport.fr\/blog\/equipe-de-france-la-composition-probable-des-bleus-pour-defier-litalie\/#breadcrumb","itemListElement":[{"@type":"ListItem","position":1,"name":"Accueil","item":"https:\/\/dicodusport.fr\/blog\/"},{"@type":"ListItem","position":2,"name":"\u00c9quipe de France : La composition probable des Bleus pour d\u00e9fier l&#8217;Italie"}]},{"@type":"WebSite","@id":"https:\/\/dicodusport.fr\/blog\/#website","url":"https:\/\/dicodusport.fr\/blog\/","name":"Dicodusport","description":"L&#039;encyclop\u00e9die de l&#039;actualit\u00e9 sportive","publisher":{"@id":"https:\/\/dicodusport.fr\/blog\/#organization"},"potentialAction":[{"@type":"SearchAction","target":{"@type":"EntryPoint","urlTemplate":"https:\/\/dicodusport.fr\/blog\/?s={search_term_string}"},"query-input":{"@type":"PropertyValueSpecification","valueRequired":true,"valueName":"search_term_string"}}],"inLanguage":"fr-FR"},{"@type":"NewsMediaOrganization","@id":"https:\/\/dicodusport.fr\/blog\/#organization","name":"Dicodusport","url":"https:\/\/dicodusport.fr\/blog\/","logo":{"@type":"ImageObject","inLanguage":"fr-FR","@id":"https:\/\/dicodusport.fr\/blog\/#\/schema\/logo\/image\/","url":"https:\/\/dicodusport.fr\/blog\/wp-content\/uploads\/2020\/06\/cropped-LOGO-DICODUSPORT-2020-SANS-FOND-SANS-TEXTE.png","contentUrl":"https:\/\/dicodusport.fr\/blog\/wp-content\/uploads\/2020\/06\/cropped-LOGO-DICODUSPORT-2020-SANS-FOND-SANS-TEXTE.png","width":512,"height":512,"caption":"Dicodusport"},"image":{"@id":"https:\/\/dicodusport.fr\/blog\/#\/schema\/logo\/image\/"},"sameAs":["https:\/\/www.facebook.com\/dicodusport","https:\/\/x.com\/dicodusport","https:\/\/www.instagram.com\/dicodusport\/","https:\/\/www.youtube.com\/channel\/UC7V2KZ5sd3htJivAbA4ZG3w"],"description":"Dicodusport est l'encyclop\u00e9die de l'actualit\u00e9 sportive.","email":"bonjour@dicodusport.fr","legalName":"DICODUSPORT","foundingDate":"2018-01-14","vatID":"FR71834470973","taxID":"83447097300043","numberOfEmployees":{"@type":"QuantitativeValue","minValue":"1","maxValue":"10"}},{"@type":"Person","@id":"https:\/\/dicodusport.fr\/blog\/#\/schema\/person\/55dcb50ad410894e431ed812bbb70191","name":"Nicolas Jacquemard","image":{"@type":"ImageObject","inLanguage":"fr-FR","@id":"https:\/\/dicodusport.fr\/blog\/#\/schema\/person\/image\/","url":"https:\/\/dicodusport.fr\/blog\/wp-content\/uploads\/2021\/05\/Nicolas-Jacquemard-150x150.jpeg","contentUrl":"https:\/\/dicodusport.fr\/blog\/wp-content\/uploads\/2021\/05\/Nicolas-Jacquemard-150x150.jpeg","caption":"Nicolas Jacquemard"},"description":"Passionn\u00e9 de sport et entrepreneur depuis mes 18 ans, la cr\u00e9ation de Dicodusport m'a sembl\u00e9 \u00e9vidente pour participer \u00e0 la m\u00e9diatisation d'un plus grand nombre de sports. Le chemin est long mais avec une \u00e9quipe des plus motiv\u00e9es et les Jeux Olympiques de Paris 2024 en point de mire, nous y arriverons ! Journaliste dans le monde du sport depuis plus de 5 ans, je traite aussi bien de football, de rugby, de biathlon que de cyclisme.","sameAs":["https:\/\/www.facebook.com\/dicodusport","https:\/\/x.com\/https:\/\/twitter.com\/Nico_Jacquemard"],"url":"https:\/\/dicodusport.fr\/blog\/author\/dicodusport\/"}]}},"_links":{"self":[{"href":"https:\/\/dicodusport.fr\/blog\/wp-json\/wp\/v2\/posts\/518067","targetHints":{"allow":["GET"]}}],"collection":[{"href":"https:\/\/dicodusport.fr\/blog\/wp-json\/wp\/v2\/posts"}],"about":[{"href":"https:\/\/dicodusport.fr\/blog\/wp-json\/wp\/v2\/types\/post"}],"author":[{"embeddable":true,"href":"https:\/\/dicodusport.fr\/blog\/wp-json\/wp\/v2\/users\/1"}],"replies":[{"embeddable":true,"href":"https:\/\/dicodusport.fr\/blog\/wp-json\/wp\/v2\/comments?post=518067"}],"version-history":[{"count":5,"href":"https:\/\/dicodusport.fr\/blog\/wp-json\/wp\/v2\/posts\/518067\/revisions"}],"predecessor-version":[{"id":518204,"href":"https:\/\/dicodusport.fr\/blog\/wp-json\/wp\/v2\/posts\/518067\/revisions\/518204"}],"wp:featuredmedia":[{"embeddable":true,"href":"https:\/\/dicodusport.fr\/blog\/wp-json\/wp\/v2\/media\/518069"}],"wp:attachment":[{"href":"https:\/\/dicodusport.fr\/blog\/wp-json\/wp\/v2\/media?parent=518067"}],"wp:term":[{"taxonomy":"category","embeddable":true,"href":"https:\/\/dicodusport.fr\/blog\/wp-json\/wp\/v2\/categories?post=518067"},{"taxonomy":"post_tag","embeddable":true,"href":"https:\/\/dicodusport.fr\/blog\/wp-json\/wp\/v2\/tags?post=518067"}],"curies":[{"name":"wp","href":"https:\/\/api.w.org\/{rel}","templated":true}]}}