{"id":518249,"date":"2024-09-11T08:00:37","date_gmt":"2024-09-11T06:00:37","guid":{"rendered":"https:\/\/dicodusport.fr\/blog\/?p=518249&#038;preview=true&#038;preview_id=518249"},"modified":"2024-09-11T09:32:50","modified_gmt":"2024-09-11T07:32:50","slug":"diamond-league-2024-les-francais-engages-pour-les-finales","status":"publish","type":"post","link":"https:\/\/dicodusport.fr\/blog\/diamond-league-2024-les-francais-engages-pour-les-finales\/","title":{"rendered":"Diamond League 2024 : Les Fran\u00e7ais engag\u00e9s pour les finales"},"content":{"rendered":"<p style=\"text-align: justify;\"><b><i><a title=\"Diamond League 2023 : Calendrier et Classement\" href=\"https:\/\/dicodusport.fr\/blog\/diamond-league-2024-calendrier-et-classement\/\" target=\"_blank\" rel=\"noopener\">DIAMOND LEAGUE 2024<\/a> &#8211; 12 Fran\u00e7ais seront pr\u00e9sents \u00e0 Bruxelles pour participer \u00e0 la grande finale de la Diamond League<\/i><\/b><b><i>.<\/i><\/b><\/p>\n<p style=\"text-align: justify;\">Que ce soit gr\u00e2ce \u00e0 leur <a href=\"https:\/\/dicodusport.fr\/blog\/diamond-league-2024-calendrier-et-classement\/\" rel=\"\"><strong>classement<\/strong><\/a>, au forfait de certains ou aux invitations, de nombreux Fran\u00e7ais seront pr\u00e9sent \u00e0 Bruxelles pour disputer les finales de la <strong>Diamond League<\/strong>. Ils seront 8 en piste vendredi et 4 samedi. Au contraire, Alice Finot, qualifi\u00e9e pour le 3000 m steeple, ne sera pas de la partie.<\/p>\n<h2 style=\"text-align: justify;\">Fran\u00e7ais participant \u00e0 la finale de la Diamond League 2024<\/h2>\n<h3>Vendredi 13 septembre<\/h3>\n<p><strong>Timoth\u00e9e Adolphe, Tr\u00e9sor Makunda :<\/strong> 100 m T11\/T12 (non Diamond League)<\/p>\n<p><strong>Amandine Brossier :<\/strong> 400 m<\/p>\n<p><strong>R\u00e9nelle Lamote : <\/strong>800 m<\/p>\n<p><strong>Mounir Akbache, Azeddine Habz : <\/strong>1500 m<\/p>\n<p><strong>Sasha Zhoya : <\/strong>110 m haies<\/p>\n<p><strong>Thibaut Collet : <\/strong>saut \u00e0 la perche<\/p>\n<ul>\n<li style=\"text-align: justify;\"><strong>\u00c0 ce sujet &#8211; <a href=\"https:\/\/dicodusport.fr\/blog\/finales-diamond-league-meeting-de-bruxelles-2024-calendrier-et-resultats\/\" target=\"_blank\" rel=\"noopener\">Programme et r\u00e9sultats de la finale de la Diamond League 2024<\/a><\/strong><\/li>\n<\/ul>\n<h3>Samedi 14 septembre<\/h3>\n<p><strong>Gabriel Tual : <\/strong>800 m<\/p>\n<p><strong>Cyr\u00e9na Samba-Mayela : <\/strong>100 m haies<\/p>\n<p style=\"text-align: justify;\"><strong>Wilfried Happio : <\/strong>400 m haies<\/p>\n<p><strong>Jean-Marc Pontvianne : <\/strong>triple saut<\/p>\n<p style=\"text-align: justify;\">Depuis l&rsquo;instauration de la Ligue de Diamant en 2010, seuls 3 Fran\u00e7ais se sont impos\u00e9s : <strong>Teddy Tamgho<\/strong> (triple saut),\u00a0<strong>Pascal Martinot-Lagarde\u00a0<\/strong>(110 m haies) et\u00a0<strong>Renaud Lavillenie\u00a0<\/strong>(saut \u00e0 la perche). Celui-ci d\u00e9tient d&rsquo;ailleurs avec Christian Taylor le record du nombre de victoires (7).<\/p>\n","protected":false},"excerpt":{"rendered":"<p>DIAMOND LEAGUE 2024 &#8211; 12 Fran\u00e7ais seront pr\u00e9sents \u00e0 Bruxelles pour participer \u00e0 la grande finale de la Diamond League.<\/p>\n","protected":false},"author":12,"featured_media":519592,"comment_status":"open","ping_status":"closed","sticky":false,"template":"","format":"standard","meta":{"_acf_changed":false,"_daextam_enable_autolinks":"1","footnotes":""},"categories":[2308],"tags":[16878],"class_list":["post-518249","post","type-post","status-publish","format-standard","has-post-thumbnail","hentry","category-athletisme","tag-breve"],"acf":[],"yoast_head":"<!-- This site is optimized with the Yoast SEO Premium plugin v26.7 (Yoast SEO v26.7) - https:\/\/yoast.com\/wordpress\/plugins\/seo\/ -->\n<title>Athl\u00e9tisme - Diamond League 2024 : Les Fran\u00e7ais engag\u00e9s pour les finales - Dicodusport<\/title>\n<meta name=\"description\" content=\"DIAMOND LEAGUE 2024 - 12 Fran\u00e7ais seront pr\u00e9sents \u00e0 Bruxelles pour participer \u00e0 la grande finale de la Diamond League.\" \/>\n<meta name=\"robots\" content=\"index, follow, max-snippet:-1, max-image-preview:large, max-video-preview:-1\" \/>\n<link rel=\"canonical\" href=\"https:\/\/dicodusport.fr\/blog\/diamond-league-2024-les-francais-engages-pour-les-finales\/\" \/>\n<meta property=\"og:locale\" content=\"fr_FR\" \/>\n<meta property=\"og:type\" content=\"article\" \/>\n<meta property=\"og:title\" content=\"Diamond League 2024 : Les Fran\u00e7ais engag\u00e9s pour les finales\" \/>\n<meta property=\"og:description\" content=\"DIAMOND LEAGUE 2024 - 12 Fran\u00e7ais seront pr\u00e9sents \u00e0 Bruxelles pour participer \u00e0 la grande finale de la Diamond League.\" \/>\n<meta property=\"og:url\" content=\"https:\/\/dicodusport.fr\/blog\/diamond-league-2024-les-francais-engages-pour-les-finales\/\" \/>\n<meta property=\"og:site_name\" content=\"Dicodusport\" \/>\n<meta property=\"article:publisher\" content=\"https:\/\/www.facebook.com\/dicodusport\" \/>\n<meta property=\"article:published_time\" content=\"2024-09-11T06:00:37+00:00\" \/>\n<meta property=\"article:modified_time\" content=\"2024-09-11T07:32:50+00:00\" \/>\n<meta property=\"og:image\" content=\"https:\/\/dicodusport.fr\/blog\/wp-content\/uploads\/2024\/09\/Diamond-League-2024-Les-Francais-engages-pour-les-finales.png\" \/>\n\t<meta property=\"og:image:width\" content=\"1200\" \/>\n\t<meta property=\"og:image:height\" content=\"674\" \/>\n\t<meta property=\"og:image:type\" content=\"image\/png\" \/>\n<meta name=\"author\" content=\"Arlette Yeye\" \/>\n<meta name=\"twitter:card\" content=\"summary_large_image\" \/>\n<meta name=\"twitter:title\" content=\"Diamond League 2024 : Les Fran\u00e7ais engag\u00e9s pour les finales\" \/>\n<meta name=\"twitter:creator\" content=\"@https:\/\/twitter.com\/Shiclette94\" \/>\n<meta name=\"twitter:site\" content=\"@dicodusport\" \/>\n<script type=\"application\/ld+json\" class=\"yoast-schema-graph\">{\"@context\":\"https:\/\/schema.org\",\"@graph\":[{\"@type\":\"NewsArticle\",\"@id\":\"https:\/\/dicodusport.fr\/blog\/diamond-league-2024-les-francais-engages-pour-les-finales\/#article\",\"isPartOf\":{\"@id\":\"https:\/\/dicodusport.fr\/blog\/diamond-league-2024-les-francais-engages-pour-les-finales\/\"},\"author\":{\"name\":\"Arlette Yeye\",\"@id\":\"https:\/\/dicodusport.fr\/blog\/#\/schema\/person\/cce96fa88785bd8573e3d43078ac8c79\"},\"headline\":\"Diamond League 2024 : Les Fran\u00e7ais engag\u00e9s pour les finales\",\"datePublished\":\"2024-09-11T06:00:37+00:00\",\"dateModified\":\"2024-09-11T07:32:50+00:00\",\"mainEntityOfPage\":{\"@id\":\"https:\/\/dicodusport.fr\/blog\/diamond-league-2024-les-francais-engages-pour-les-finales\/\"},\"wordCount\":201,\"commentCount\":0,\"publisher\":{\"@id\":\"https:\/\/dicodusport.fr\/blog\/#organization\"},\"image\":{\"@id\":\"https:\/\/dicodusport.fr\/blog\/diamond-league-2024-les-francais-engages-pour-les-finales\/#primaryimage\"},\"thumbnailUrl\":\"https:\/\/dicodusport.fr\/blog\/wp-content\/uploads\/2024\/09\/Diamond-League-2024-Les-Francais-engages-pour-les-finales.png\",\"keywords\":[\"br\u00e8ve\"],\"articleSection\":[\"Athl\u00e9tisme\"],\"inLanguage\":\"fr-FR\",\"potentialAction\":[{\"@type\":\"CommentAction\",\"name\":\"Comment\",\"target\":[\"https:\/\/dicodusport.fr\/blog\/diamond-league-2024-les-francais-engages-pour-les-finales\/#respond\"]}],\"copyrightYear\":\"2024\",\"copyrightHolder\":{\"@id\":\"https:\/\/dicodusport.fr\/blog\/#organization\"}},{\"@type\":\"WebPage\",\"@id\":\"https:\/\/dicodusport.fr\/blog\/diamond-league-2024-les-francais-engages-pour-les-finales\/\",\"url\":\"https:\/\/dicodusport.fr\/blog\/diamond-league-2024-les-francais-engages-pour-les-finales\/\",\"name\":\"Athl\u00e9tisme - Diamond League 2024 : Les Fran\u00e7ais engag\u00e9s pour les finales - Dicodusport\",\"isPartOf\":{\"@id\":\"https:\/\/dicodusport.fr\/blog\/#website\"},\"primaryImageOfPage\":{\"@id\":\"https:\/\/dicodusport.fr\/blog\/diamond-league-2024-les-francais-engages-pour-les-finales\/#primaryimage\"},\"image\":{\"@id\":\"https:\/\/dicodusport.fr\/blog\/diamond-league-2024-les-francais-engages-pour-les-finales\/#primaryimage\"},\"thumbnailUrl\":\"https:\/\/dicodusport.fr\/blog\/wp-content\/uploads\/2024\/09\/Diamond-League-2024-Les-Francais-engages-pour-les-finales.png\",\"datePublished\":\"2024-09-11T06:00:37+00:00\",\"dateModified\":\"2024-09-11T07:32:50+00:00\",\"description\":\"DIAMOND LEAGUE 2024 - 12 Fran\u00e7ais seront pr\u00e9sents \u00e0 Bruxelles pour participer \u00e0 la grande finale de la Diamond League.\",\"breadcrumb\":{\"@id\":\"https:\/\/dicodusport.fr\/blog\/diamond-league-2024-les-francais-engages-pour-les-finales\/#breadcrumb\"},\"inLanguage\":\"fr-FR\",\"potentialAction\":[{\"@type\":\"ReadAction\",\"target\":[\"https:\/\/dicodusport.fr\/blog\/diamond-league-2024-les-francais-engages-pour-les-finales\/\"]}]},{\"@type\":\"ImageObject\",\"inLanguage\":\"fr-FR\",\"@id\":\"https:\/\/dicodusport.fr\/blog\/diamond-league-2024-les-francais-engages-pour-les-finales\/#primaryimage\",\"url\":\"https:\/\/dicodusport.fr\/blog\/wp-content\/uploads\/2024\/09\/Diamond-League-2024-Les-Francais-engages-pour-les-finales.png\",\"contentUrl\":\"https:\/\/dicodusport.fr\/blog\/wp-content\/uploads\/2024\/09\/Diamond-League-2024-Les-Francais-engages-pour-les-finales.png\",\"width\":1200,\"height\":674,\"caption\":\"Diamond League 2024 Les Fran\u00e7ais engag\u00e9s pour les finales\"},{\"@type\":\"BreadcrumbList\",\"@id\":\"https:\/\/dicodusport.fr\/blog\/diamond-league-2024-les-francais-engages-pour-les-finales\/#breadcrumb\",\"itemListElement\":[{\"@type\":\"ListItem\",\"position\":1,\"name\":\"Accueil\",\"item\":\"https:\/\/dicodusport.fr\/blog\/\"},{\"@type\":\"ListItem\",\"position\":2,\"name\":\"Diamond League 2024 : Les Fran\u00e7ais engag\u00e9s pour les finales\"}]},{\"@type\":\"WebSite\",\"@id\":\"https:\/\/dicodusport.fr\/blog\/#website\",\"url\":\"https:\/\/dicodusport.fr\/blog\/\",\"name\":\"Dicodusport\",\"description\":\"L&#039;encyclop\u00e9die de l&#039;actualit\u00e9 sportive\",\"publisher\":{\"@id\":\"https:\/\/dicodusport.fr\/blog\/#organization\"},\"potentialAction\":[{\"@type\":\"SearchAction\",\"target\":{\"@type\":\"EntryPoint\",\"urlTemplate\":\"https:\/\/dicodusport.fr\/blog\/?s={search_term_string}\"},\"query-input\":{\"@type\":\"PropertyValueSpecification\",\"valueRequired\":true,\"valueName\":\"search_term_string\"}}],\"inLanguage\":\"fr-FR\"},{\"@type\":\"NewsMediaOrganization\",\"@id\":\"https:\/\/dicodusport.fr\/blog\/#organization\",\"name\":\"Dicodusport\",\"url\":\"https:\/\/dicodusport.fr\/blog\/\",\"logo\":{\"@type\":\"ImageObject\",\"inLanguage\":\"fr-FR\",\"@id\":\"https:\/\/dicodusport.fr\/blog\/#\/schema\/logo\/image\/\",\"url\":\"https:\/\/dicodusport.fr\/blog\/wp-content\/uploads\/2020\/06\/cropped-LOGO-DICODUSPORT-2020-SANS-FOND-SANS-TEXTE.png\",\"contentUrl\":\"https:\/\/dicodusport.fr\/blog\/wp-content\/uploads\/2020\/06\/cropped-LOGO-DICODUSPORT-2020-SANS-FOND-SANS-TEXTE.png\",\"width\":512,\"height\":512,\"caption\":\"Dicodusport\"},\"image\":{\"@id\":\"https:\/\/dicodusport.fr\/blog\/#\/schema\/logo\/image\/\"},\"sameAs\":[\"https:\/\/www.facebook.com\/dicodusport\",\"https:\/\/x.com\/dicodusport\",\"https:\/\/www.instagram.com\/dicodusport\/\",\"https:\/\/www.youtube.com\/channel\/UC7V2KZ5sd3htJivAbA4ZG3w\"],\"description\":\"Dicodusport est l'encyclop\u00e9die de l'actualit\u00e9 sportive.\",\"email\":\"bonjour@dicodusport.fr\",\"legalName\":\"DICODUSPORT\",\"foundingDate\":\"2018-01-14\",\"vatID\":\"FR71834470973\",\"taxID\":\"83447097300043\",\"numberOfEmployees\":{\"@type\":\"QuantitativeValue\",\"minValue\":\"1\",\"maxValue\":\"10\"}},{\"@type\":\"Person\",\"@id\":\"https:\/\/dicodusport.fr\/blog\/#\/schema\/person\/cce96fa88785bd8573e3d43078ac8c79\",\"name\":\"Arlette Yeye\",\"image\":{\"@type\":\"ImageObject\",\"inLanguage\":\"fr-FR\",\"@id\":\"https:\/\/dicodusport.fr\/blog\/#\/schema\/person\/image\/\",\"url\":\"https:\/\/secure.gravatar.com\/avatar\/dca4a6239e6d708e46c45d60e160de6c?s=96&d=wp_user_avatar&r=g\",\"contentUrl\":\"https:\/\/secure.gravatar.com\/avatar\/dca4a6239e6d708e46c45d60e160de6c?s=96&d=wp_user_avatar&r=g\",\"caption\":\"Arlette Yeye\"},\"description\":\"Journaliste\/r\u00e9dactrice depuis septembre 2015 - Supportrice de Chelsea, j'ai pour sports de pr\u00e9dilection le handball, l'athl\u00e9tisme et le tennis. Si je tweete plus vite que mon ombre, vous pouvez aussi me retrouver les week-ends sur les playgrounds de Bruxelles pour un petit foot ou basket entre potes. Parcourir la France, l'Europe et plus si affinit\u00e9s pour suivre mes sportifs pr\u00e9f\u00e9r\u00e9s ? Mon kif ! Et c'est avec plaisir que je partage les r\u00e9sultats des sports populaires mais \u00e9galement plus confidentiels pour Dicodusport.\",\"sameAs\":[\"https:\/\/x.com\/https:\/\/twitter.com\/Shiclette94\"],\"url\":\"https:\/\/dicodusport.fr\/blog\/author\/arlette\/\"}]}<\/script>\n<!-- \/ Yoast SEO Premium plugin. -->","yoast_head_json":{"title":"Athl\u00e9tisme - Diamond League 2024 : Les Fran\u00e7ais engag\u00e9s pour les finales - Dicodusport","description":"DIAMOND LEAGUE 2024 - 12 Fran\u00e7ais seront pr\u00e9sents \u00e0 Bruxelles pour participer \u00e0 la grande finale de la Diamond League.","robots":{"index":"index","follow":"follow","max-snippet":"max-snippet:-1","max-image-preview":"max-image-preview:large","max-video-preview":"max-video-preview:-1"},"canonical":"https:\/\/dicodusport.fr\/blog\/diamond-league-2024-les-francais-engages-pour-les-finales\/","og_locale":"fr_FR","og_type":"article","og_title":"Diamond League 2024 : Les Fran\u00e7ais engag\u00e9s pour les finales","og_description":"DIAMOND LEAGUE 2024 - 12 Fran\u00e7ais seront pr\u00e9sents \u00e0 Bruxelles pour participer \u00e0 la grande finale de la Diamond League.","og_url":"https:\/\/dicodusport.fr\/blog\/diamond-league-2024-les-francais-engages-pour-les-finales\/","og_site_name":"Dicodusport","article_publisher":"https:\/\/www.facebook.com\/dicodusport","article_published_time":"2024-09-11T06:00:37+00:00","article_modified_time":"2024-09-11T07:32:50+00:00","og_image":[{"width":1200,"height":674,"url":"https:\/\/dicodusport.fr\/blog\/wp-content\/uploads\/2024\/09\/Diamond-League-2024-Les-Francais-engages-pour-les-finales.png","type":"image\/png"}],"author":"Arlette Yeye","twitter_card":"summary_large_image","twitter_title":"Diamond League 2024 : Les Fran\u00e7ais engag\u00e9s pour les finales","twitter_creator":"@https:\/\/twitter.com\/Shiclette94","twitter_site":"@dicodusport","schema":{"@context":"https:\/\/schema.org","@graph":[{"@type":"NewsArticle","@id":"https:\/\/dicodusport.fr\/blog\/diamond-league-2024-les-francais-engages-pour-les-finales\/#article","isPartOf":{"@id":"https:\/\/dicodusport.fr\/blog\/diamond-league-2024-les-francais-engages-pour-les-finales\/"},"author":{"name":"Arlette Yeye","@id":"https:\/\/dicodusport.fr\/blog\/#\/schema\/person\/cce96fa88785bd8573e3d43078ac8c79"},"headline":"Diamond League 2024 : Les Fran\u00e7ais engag\u00e9s pour les finales","datePublished":"2024-09-11T06:00:37+00:00","dateModified":"2024-09-11T07:32:50+00:00","mainEntityOfPage":{"@id":"https:\/\/dicodusport.fr\/blog\/diamond-league-2024-les-francais-engages-pour-les-finales\/"},"wordCount":201,"commentCount":0,"publisher":{"@id":"https:\/\/dicodusport.fr\/blog\/#organization"},"image":{"@id":"https:\/\/dicodusport.fr\/blog\/diamond-league-2024-les-francais-engages-pour-les-finales\/#primaryimage"},"thumbnailUrl":"https:\/\/dicodusport.fr\/blog\/wp-content\/uploads\/2024\/09\/Diamond-League-2024-Les-Francais-engages-pour-les-finales.png","keywords":["br\u00e8ve"],"articleSection":["Athl\u00e9tisme"],"inLanguage":"fr-FR","potentialAction":[{"@type":"CommentAction","name":"Comment","target":["https:\/\/dicodusport.fr\/blog\/diamond-league-2024-les-francais-engages-pour-les-finales\/#respond"]}],"copyrightYear":"2024","copyrightHolder":{"@id":"https:\/\/dicodusport.fr\/blog\/#organization"}},{"@type":"WebPage","@id":"https:\/\/dicodusport.fr\/blog\/diamond-league-2024-les-francais-engages-pour-les-finales\/","url":"https:\/\/dicodusport.fr\/blog\/diamond-league-2024-les-francais-engages-pour-les-finales\/","name":"Athl\u00e9tisme - Diamond League 2024 : Les Fran\u00e7ais engag\u00e9s pour les finales - Dicodusport","isPartOf":{"@id":"https:\/\/dicodusport.fr\/blog\/#website"},"primaryImageOfPage":{"@id":"https:\/\/dicodusport.fr\/blog\/diamond-league-2024-les-francais-engages-pour-les-finales\/#primaryimage"},"image":{"@id":"https:\/\/dicodusport.fr\/blog\/diamond-league-2024-les-francais-engages-pour-les-finales\/#primaryimage"},"thumbnailUrl":"https:\/\/dicodusport.fr\/blog\/wp-content\/uploads\/2024\/09\/Diamond-League-2024-Les-Francais-engages-pour-les-finales.png","datePublished":"2024-09-11T06:00:37+00:00","dateModified":"2024-09-11T07:32:50+00:00","description":"DIAMOND LEAGUE 2024 - 12 Fran\u00e7ais seront pr\u00e9sents \u00e0 Bruxelles pour participer \u00e0 la grande finale de la Diamond League.","breadcrumb":{"@id":"https:\/\/dicodusport.fr\/blog\/diamond-league-2024-les-francais-engages-pour-les-finales\/#breadcrumb"},"inLanguage":"fr-FR","potentialAction":[{"@type":"ReadAction","target":["https:\/\/dicodusport.fr\/blog\/diamond-league-2024-les-francais-engages-pour-les-finales\/"]}]},{"@type":"ImageObject","inLanguage":"fr-FR","@id":"https:\/\/dicodusport.fr\/blog\/diamond-league-2024-les-francais-engages-pour-les-finales\/#primaryimage","url":"https:\/\/dicodusport.fr\/blog\/wp-content\/uploads\/2024\/09\/Diamond-League-2024-Les-Francais-engages-pour-les-finales.png","contentUrl":"https:\/\/dicodusport.fr\/blog\/wp-content\/uploads\/2024\/09\/Diamond-League-2024-Les-Francais-engages-pour-les-finales.png","width":1200,"height":674,"caption":"Diamond League 2024 Les Fran\u00e7ais engag\u00e9s pour les finales"},{"@type":"BreadcrumbList","@id":"https:\/\/dicodusport.fr\/blog\/diamond-league-2024-les-francais-engages-pour-les-finales\/#breadcrumb","itemListElement":[{"@type":"ListItem","position":1,"name":"Accueil","item":"https:\/\/dicodusport.fr\/blog\/"},{"@type":"ListItem","position":2,"name":"Diamond League 2024 : Les Fran\u00e7ais engag\u00e9s pour les finales"}]},{"@type":"WebSite","@id":"https:\/\/dicodusport.fr\/blog\/#website","url":"https:\/\/dicodusport.fr\/blog\/","name":"Dicodusport","description":"L&#039;encyclop\u00e9die de l&#039;actualit\u00e9 sportive","publisher":{"@id":"https:\/\/dicodusport.fr\/blog\/#organization"},"potentialAction":[{"@type":"SearchAction","target":{"@type":"EntryPoint","urlTemplate":"https:\/\/dicodusport.fr\/blog\/?s={search_term_string}"},"query-input":{"@type":"PropertyValueSpecification","valueRequired":true,"valueName":"search_term_string"}}],"inLanguage":"fr-FR"},{"@type":"NewsMediaOrganization","@id":"https:\/\/dicodusport.fr\/blog\/#organization","name":"Dicodusport","url":"https:\/\/dicodusport.fr\/blog\/","logo":{"@type":"ImageObject","inLanguage":"fr-FR","@id":"https:\/\/dicodusport.fr\/blog\/#\/schema\/logo\/image\/","url":"https:\/\/dicodusport.fr\/blog\/wp-content\/uploads\/2020\/06\/cropped-LOGO-DICODUSPORT-2020-SANS-FOND-SANS-TEXTE.png","contentUrl":"https:\/\/dicodusport.fr\/blog\/wp-content\/uploads\/2020\/06\/cropped-LOGO-DICODUSPORT-2020-SANS-FOND-SANS-TEXTE.png","width":512,"height":512,"caption":"Dicodusport"},"image":{"@id":"https:\/\/dicodusport.fr\/blog\/#\/schema\/logo\/image\/"},"sameAs":["https:\/\/www.facebook.com\/dicodusport","https:\/\/x.com\/dicodusport","https:\/\/www.instagram.com\/dicodusport\/","https:\/\/www.youtube.com\/channel\/UC7V2KZ5sd3htJivAbA4ZG3w"],"description":"Dicodusport est l'encyclop\u00e9die de l'actualit\u00e9 sportive.","email":"bonjour@dicodusport.fr","legalName":"DICODUSPORT","foundingDate":"2018-01-14","vatID":"FR71834470973","taxID":"83447097300043","numberOfEmployees":{"@type":"QuantitativeValue","minValue":"1","maxValue":"10"}},{"@type":"Person","@id":"https:\/\/dicodusport.fr\/blog\/#\/schema\/person\/cce96fa88785bd8573e3d43078ac8c79","name":"Arlette Yeye","image":{"@type":"ImageObject","inLanguage":"fr-FR","@id":"https:\/\/dicodusport.fr\/blog\/#\/schema\/person\/image\/","url":"https:\/\/secure.gravatar.com\/avatar\/dca4a6239e6d708e46c45d60e160de6c?s=96&d=wp_user_avatar&r=g","contentUrl":"https:\/\/secure.gravatar.com\/avatar\/dca4a6239e6d708e46c45d60e160de6c?s=96&d=wp_user_avatar&r=g","caption":"Arlette Yeye"},"description":"Journaliste\/r\u00e9dactrice depuis septembre 2015 - Supportrice de Chelsea, j'ai pour sports de pr\u00e9dilection le handball, l'athl\u00e9tisme et le tennis. Si je tweete plus vite que mon ombre, vous pouvez aussi me retrouver les week-ends sur les playgrounds de Bruxelles pour un petit foot ou basket entre potes. Parcourir la France, l'Europe et plus si affinit\u00e9s pour suivre mes sportifs pr\u00e9f\u00e9r\u00e9s ? Mon kif ! Et c'est avec plaisir que je partage les r\u00e9sultats des sports populaires mais \u00e9galement plus confidentiels pour Dicodusport.","sameAs":["https:\/\/x.com\/https:\/\/twitter.com\/Shiclette94"],"url":"https:\/\/dicodusport.fr\/blog\/author\/arlette\/"}]}},"_links":{"self":[{"href":"https:\/\/dicodusport.fr\/blog\/wp-json\/wp\/v2\/posts\/518249","targetHints":{"allow":["GET"]}}],"collection":[{"href":"https:\/\/dicodusport.fr\/blog\/wp-json\/wp\/v2\/posts"}],"about":[{"href":"https:\/\/dicodusport.fr\/blog\/wp-json\/wp\/v2\/types\/post"}],"author":[{"embeddable":true,"href":"https:\/\/dicodusport.fr\/blog\/wp-json\/wp\/v2\/users\/12"}],"replies":[{"embeddable":true,"href":"https:\/\/dicodusport.fr\/blog\/wp-json\/wp\/v2\/comments?post=518249"}],"version-history":[{"count":3,"href":"https:\/\/dicodusport.fr\/blog\/wp-json\/wp\/v2\/posts\/518249\/revisions"}],"predecessor-version":[{"id":519626,"href":"https:\/\/dicodusport.fr\/blog\/wp-json\/wp\/v2\/posts\/518249\/revisions\/519626"}],"wp:featuredmedia":[{"embeddable":true,"href":"https:\/\/dicodusport.fr\/blog\/wp-json\/wp\/v2\/media\/519592"}],"wp:attachment":[{"href":"https:\/\/dicodusport.fr\/blog\/wp-json\/wp\/v2\/media?parent=518249"}],"wp:term":[{"taxonomy":"category","embeddable":true,"href":"https:\/\/dicodusport.fr\/blog\/wp-json\/wp\/v2\/categories?post=518249"},{"taxonomy":"post_tag","embeddable":true,"href":"https:\/\/dicodusport.fr\/blog\/wp-json\/wp\/v2\/tags?post=518249"}],"curies":[{"name":"wp","href":"https:\/\/api.w.org\/{rel}","templated":true}]}}