{"id":518539,"date":"2024-09-07T09:18:30","date_gmt":"2024-09-07T07:18:30","guid":{"rendered":"https:\/\/dicodusport.fr\/blog\/?p=518539&#038;preview=true&#038;preview_id=518539"},"modified":"2024-09-07T09:18:30","modified_gmt":"2024-09-07T07:18:30","slug":"pentathlon-moderne-deux-medailles-pour-les-bleuets-aux-championnats-deurope-u24","status":"publish","type":"post","link":"https:\/\/dicodusport.fr\/blog\/pentathlon-moderne-deux-medailles-pour-les-bleuets-aux-championnats-deurope-u24\/","title":{"rendered":"Pentathlon moderne : Deux m\u00e9dailles pour les Bleuets aux Championnats d&rsquo;Europe U24"},"content":{"rendered":"<p style=\"text-align: justify;\"><strong><em>CHAMPIONNATS D&rsquo;EUROPE U24 DE PENTATHLON MODERNE 2024 &#8211; L\u00e9o Bories est devenu vice-champion d&rsquo;Europe apr\u00e8s une belle \u00e9preuve, ce qui a permis \u00e0 la France de monter sur le podium par \u00e9quipes.<\/em><\/strong><\/p>\n<p style=\"text-align: justify;\">Seule une \u00e9quipe de France masculine \u00e9tait envoy\u00e9e aux Championnats d&rsquo;Europe U24 de pentathlon moderne, qui avaient lieu \u00e0 Drzonkow, en Pologne. Mais la faible quantit\u00e9 n&rsquo;a pas emp\u00each\u00e9 la qualit\u00e9. Et c&rsquo;est un des espoirs du pentathlon fran\u00e7ais, <strong>L\u00e9o Bories<\/strong>, qui s&rsquo;est distingu\u00e9. Un an apr\u00e8s sa m\u00e9daille de bronze aux Mondiaux juniors, trois mois apr\u00e8s du bronze, encore, <a href=\"https:\/\/dicodusport.fr\/blog\/pentathlon-moderne-le-relais-ugo-fleurot-leo-bories-medaille-de-bronze-aux-mondiaux\/\">mais cette fois en relais chez les s\u00e9niors<\/a>, il s&rsquo;est cette fois par\u00e9 d&rsquo;argent en ayant cru \u00e0 l&rsquo;or jusqu&rsquo;au bout, ne c\u00e9dant que lors de l&rsquo;ultime tir du Laser Run contre l&rsquo;Ukrainien <strong>Yuriy Kovalchuk<\/strong>, sacr\u00e9 avec moins de dix secondes d&rsquo;avance.<\/p>\n<p style=\"text-align: justify;\">Une m\u00e9daille d&rsquo;argent qui confirme le statut de <strong>L\u00e9o Bories<\/strong>, qui a bien failli \u00eatre accompagn\u00e9 sur le podium par <strong>Mathis Rochat<\/strong>, soit tout simplement <a href=\"https:\/\/dicodusport.fr\/blog\/pentathlon-moderne-mathis-rochat-et-lequipe-de-france-champions-du-monde-juniors\/\">le champion du monde juniors 2023<\/a>. 9e au d\u00e9part du Laser Run, il a effectu\u00e9 une remont\u00e9e ph\u00e9nom\u00e9nale&#8230; pour venir mourir \u00e0 4 secondes du podium. Mais avec la 10e place de <strong>Melvin Perrier<\/strong>, l&rsquo;\u00e9quipe de France termine \u00e9galement deuxi\u00e8me par \u00e9quipes, derri\u00e8re l&rsquo;Ukraine, et repart donc de cet Euro U24 avec deux m\u00e9dailles d&rsquo;argent, ce qui prolonge la superbe saison du pentathlon moderne fran\u00e7ais.<\/p>\n<blockquote class=\"twitter-tweet\">\n<p dir=\"ltr\" lang=\"fr\">\ud83c\udf0d\ud83c\uddf5\ud83c\uddf1 Europe U24 : L\u00e9o Bories m\u00e9daill\u00e9 d\u2019argent en individuel, les Bleus 2e par \u00e9quipe \ud83e\udd48\ud83e\udd48\ud83e\udd73<\/p>\n<p>Les Tricolores ont brill\u00e9 ce vendredi \u00e0 Drzonkow !<\/p>\n<p>Vous pouvez lire l&rsquo;article en bas du post pour en savoir davantage\ud83d\udc47<a href=\"https:\/\/twitter.com\/hashtag\/TeamFrancePenta?src=hash&amp;ref_src=twsrc%5Etfw\">#TeamFrancePenta<\/a>\ud83c\uddeb\ud83c\uddf7<a href=\"https:\/\/t.co\/cIbWyRq5TC\">https:\/\/t.co\/cIbWyRq5TC<\/a><\/p>\n<p>\u2014 F\u00e9d\u00e9ration Fran\u00e7aise de Pentathlon Moderne (@FFPentathlon) <a href=\"https:\/\/twitter.com\/FFPentathlon\/status\/1832168398471733366?ref_src=twsrc%5Etfw\">September 6, 2024<\/a><\/p><\/blockquote>\n<p style=\"text-align: justify;\"><script async src=\"https:\/\/platform.twitter.com\/widgets.js\" charset=\"utf-8\"><\/script><\/p>\n","protected":false},"excerpt":{"rendered":"<p>CHAMPIONNATS D&rsquo;EUROPE U24 DE PENTATHLON MODERNE 2024 &#8211; L\u00e9o Bories est devenu vice-champion d&rsquo;Europe apr\u00e8s une belle \u00e9preuve, ce qui a permis \u00e0 la France de monter sur le podium par \u00e9quipes.<\/p>\n","protected":false},"author":59,"featured_media":518542,"comment_status":"open","ping_status":"closed","sticky":false,"template":"","format":"standard","meta":{"_acf_changed":false,"_daextam_enable_autolinks":"1","footnotes":""},"categories":[11850],"tags":[16878,40115],"class_list":["post-518539","post","type-post","status-publish","format-standard","has-post-thumbnail","hentry","category-pentathlon-moderne","tag-breve","tag-equipe-de-france-de-pentathlon-moderne"],"acf":[],"yoast_head":"<!-- This site is optimized with the Yoast SEO Premium plugin v26.7 (Yoast SEO v26.7) - https:\/\/yoast.com\/wordpress\/plugins\/seo\/ -->\n<title>Pentathlon moderne : Deux m\u00e9dailles pour les Bleuets aux Championnats d&#039;Europe U24<\/title>\n<meta name=\"description\" content=\"CHAMPIONNATS D&#039;EUROPE U24 DE PENTATHLON MODERNE 2024 - L\u00e9o Bories est devenu vice-champion d&#039;Europe apr\u00e8s une belle \u00e9preuve.\" \/>\n<meta name=\"robots\" content=\"index, follow, max-snippet:-1, max-image-preview:large, max-video-preview:-1\" \/>\n<link rel=\"canonical\" href=\"https:\/\/dicodusport.fr\/blog\/pentathlon-moderne-deux-medailles-pour-les-bleuets-aux-championnats-deurope-u24\/\" \/>\n<meta property=\"og:locale\" content=\"fr_FR\" \/>\n<meta property=\"og:type\" content=\"article\" \/>\n<meta property=\"og:title\" content=\"Pentathlon moderne : Deux m\u00e9dailles pour les Bleuets aux Championnats d&#039;Europe U24\" \/>\n<meta property=\"og:description\" content=\"CHAMPIONNATS D&#039;EUROPE U24 DE PENTATHLON MODERNE 2024 - L\u00e9o Bories est devenu vice-champion d&#039;Europe apr\u00e8s une belle \u00e9preuve.\" \/>\n<meta property=\"og:url\" content=\"https:\/\/dicodusport.fr\/blog\/pentathlon-moderne-deux-medailles-pour-les-bleuets-aux-championnats-deurope-u24\/\" \/>\n<meta property=\"og:site_name\" content=\"Dicodusport\" \/>\n<meta property=\"article:publisher\" content=\"https:\/\/www.facebook.com\/dicodusport\" \/>\n<meta property=\"article:author\" content=\"https:\/\/www.facebook.com\/sebastien.gente\/\" \/>\n<meta property=\"article:published_time\" content=\"2024-09-07T07:18:30+00:00\" \/>\n<meta property=\"og:image\" content=\"https:\/\/dicodusport.fr\/blog\/wp-content\/uploads\/2024\/09\/Pentathlon-moderne-Deux-medailles-pour-les-Bleuets-aux-Championnats-dEurope-U24.png\" \/>\n\t<meta property=\"og:image:width\" content=\"1200\" \/>\n\t<meta property=\"og:image:height\" content=\"674\" \/>\n\t<meta property=\"og:image:type\" content=\"image\/png\" \/>\n<meta name=\"author\" content=\"S\u00e9bastien Gente\" \/>\n<meta name=\"twitter:card\" content=\"summary_large_image\" \/>\n<meta name=\"twitter:title\" content=\"Pentathlon moderne : Deux m\u00e9dailles pour les Bleuets aux Championnats d&#039;Europe U24\" \/>\n<meta name=\"twitter:creator\" content=\"@https:\/\/twitter.com\/globulo24\" \/>\n<meta name=\"twitter:site\" content=\"@dicodusport\" \/>\n<script type=\"application\/ld+json\" class=\"yoast-schema-graph\">{\"@context\":\"https:\/\/schema.org\",\"@graph\":[{\"@type\":\"NewsArticle\",\"@id\":\"https:\/\/dicodusport.fr\/blog\/pentathlon-moderne-deux-medailles-pour-les-bleuets-aux-championnats-deurope-u24\/#article\",\"isPartOf\":{\"@id\":\"https:\/\/dicodusport.fr\/blog\/pentathlon-moderne-deux-medailles-pour-les-bleuets-aux-championnats-deurope-u24\/\"},\"author\":{\"name\":\"S\u00e9bastien Gente\",\"@id\":\"https:\/\/dicodusport.fr\/blog\/#\/schema\/person\/627966a6cde45dbd8c5e36ac85d783da\"},\"headline\":\"Pentathlon moderne : Deux m\u00e9dailles pour les Bleuets aux Championnats d&rsquo;Europe U24\",\"datePublished\":\"2024-09-07T07:18:30+00:00\",\"mainEntityOfPage\":{\"@id\":\"https:\/\/dicodusport.fr\/blog\/pentathlon-moderne-deux-medailles-pour-les-bleuets-aux-championnats-deurope-u24\/\"},\"wordCount\":320,\"commentCount\":0,\"publisher\":{\"@id\":\"https:\/\/dicodusport.fr\/blog\/#organization\"},\"image\":{\"@id\":\"https:\/\/dicodusport.fr\/blog\/pentathlon-moderne-deux-medailles-pour-les-bleuets-aux-championnats-deurope-u24\/#primaryimage\"},\"thumbnailUrl\":\"https:\/\/dicodusport.fr\/blog\/wp-content\/uploads\/2024\/09\/Pentathlon-moderne-Deux-medailles-pour-les-Bleuets-aux-Championnats-dEurope-U24.png\",\"keywords\":[\"br\u00e8ve\",\"\u00e9quipe de France de pentathlon moderne\"],\"articleSection\":[\"Pentathlon moderne\"],\"inLanguage\":\"fr-FR\",\"potentialAction\":[{\"@type\":\"CommentAction\",\"name\":\"Comment\",\"target\":[\"https:\/\/dicodusport.fr\/blog\/pentathlon-moderne-deux-medailles-pour-les-bleuets-aux-championnats-deurope-u24\/#respond\"]}],\"copyrightYear\":\"2024\",\"copyrightHolder\":{\"@id\":\"https:\/\/dicodusport.fr\/blog\/#organization\"}},{\"@type\":\"WebPage\",\"@id\":\"https:\/\/dicodusport.fr\/blog\/pentathlon-moderne-deux-medailles-pour-les-bleuets-aux-championnats-deurope-u24\/\",\"url\":\"https:\/\/dicodusport.fr\/blog\/pentathlon-moderne-deux-medailles-pour-les-bleuets-aux-championnats-deurope-u24\/\",\"name\":\"Pentathlon moderne : Deux m\u00e9dailles pour les Bleuets aux Championnats d'Europe U24\",\"isPartOf\":{\"@id\":\"https:\/\/dicodusport.fr\/blog\/#website\"},\"primaryImageOfPage\":{\"@id\":\"https:\/\/dicodusport.fr\/blog\/pentathlon-moderne-deux-medailles-pour-les-bleuets-aux-championnats-deurope-u24\/#primaryimage\"},\"image\":{\"@id\":\"https:\/\/dicodusport.fr\/blog\/pentathlon-moderne-deux-medailles-pour-les-bleuets-aux-championnats-deurope-u24\/#primaryimage\"},\"thumbnailUrl\":\"https:\/\/dicodusport.fr\/blog\/wp-content\/uploads\/2024\/09\/Pentathlon-moderne-Deux-medailles-pour-les-Bleuets-aux-Championnats-dEurope-U24.png\",\"datePublished\":\"2024-09-07T07:18:30+00:00\",\"description\":\"CHAMPIONNATS D'EUROPE U24 DE PENTATHLON MODERNE 2024 - L\u00e9o Bories est devenu vice-champion d'Europe apr\u00e8s une belle \u00e9preuve.\",\"breadcrumb\":{\"@id\":\"https:\/\/dicodusport.fr\/blog\/pentathlon-moderne-deux-medailles-pour-les-bleuets-aux-championnats-deurope-u24\/#breadcrumb\"},\"inLanguage\":\"fr-FR\",\"potentialAction\":[{\"@type\":\"ReadAction\",\"target\":[\"https:\/\/dicodusport.fr\/blog\/pentathlon-moderne-deux-medailles-pour-les-bleuets-aux-championnats-deurope-u24\/\"]}]},{\"@type\":\"ImageObject\",\"inLanguage\":\"fr-FR\",\"@id\":\"https:\/\/dicodusport.fr\/blog\/pentathlon-moderne-deux-medailles-pour-les-bleuets-aux-championnats-deurope-u24\/#primaryimage\",\"url\":\"https:\/\/dicodusport.fr\/blog\/wp-content\/uploads\/2024\/09\/Pentathlon-moderne-Deux-medailles-pour-les-Bleuets-aux-Championnats-dEurope-U24.png\",\"contentUrl\":\"https:\/\/dicodusport.fr\/blog\/wp-content\/uploads\/2024\/09\/Pentathlon-moderne-Deux-medailles-pour-les-Bleuets-aux-Championnats-dEurope-U24.png\",\"width\":1200,\"height\":674,\"caption\":\"Pentathlon moderne Deux m\u00e9dailles pour les Bleuets aux Championnats d'Europe U24\"},{\"@type\":\"BreadcrumbList\",\"@id\":\"https:\/\/dicodusport.fr\/blog\/pentathlon-moderne-deux-medailles-pour-les-bleuets-aux-championnats-deurope-u24\/#breadcrumb\",\"itemListElement\":[{\"@type\":\"ListItem\",\"position\":1,\"name\":\"Accueil\",\"item\":\"https:\/\/dicodusport.fr\/blog\/\"},{\"@type\":\"ListItem\",\"position\":2,\"name\":\"Pentathlon moderne : Deux m\u00e9dailles pour les Bleuets aux Championnats d&#8217;Europe U24\"}]},{\"@type\":\"WebSite\",\"@id\":\"https:\/\/dicodusport.fr\/blog\/#website\",\"url\":\"https:\/\/dicodusport.fr\/blog\/\",\"name\":\"Dicodusport\",\"description\":\"L&#039;encyclop\u00e9die de l&#039;actualit\u00e9 sportive\",\"publisher\":{\"@id\":\"https:\/\/dicodusport.fr\/blog\/#organization\"},\"potentialAction\":[{\"@type\":\"SearchAction\",\"target\":{\"@type\":\"EntryPoint\",\"urlTemplate\":\"https:\/\/dicodusport.fr\/blog\/?s={search_term_string}\"},\"query-input\":{\"@type\":\"PropertyValueSpecification\",\"valueRequired\":true,\"valueName\":\"search_term_string\"}}],\"inLanguage\":\"fr-FR\"},{\"@type\":\"NewsMediaOrganization\",\"@id\":\"https:\/\/dicodusport.fr\/blog\/#organization\",\"name\":\"Dicodusport\",\"url\":\"https:\/\/dicodusport.fr\/blog\/\",\"logo\":{\"@type\":\"ImageObject\",\"inLanguage\":\"fr-FR\",\"@id\":\"https:\/\/dicodusport.fr\/blog\/#\/schema\/logo\/image\/\",\"url\":\"https:\/\/dicodusport.fr\/blog\/wp-content\/uploads\/2020\/06\/cropped-LOGO-DICODUSPORT-2020-SANS-FOND-SANS-TEXTE.png\",\"contentUrl\":\"https:\/\/dicodusport.fr\/blog\/wp-content\/uploads\/2020\/06\/cropped-LOGO-DICODUSPORT-2020-SANS-FOND-SANS-TEXTE.png\",\"width\":512,\"height\":512,\"caption\":\"Dicodusport\"},\"image\":{\"@id\":\"https:\/\/dicodusport.fr\/blog\/#\/schema\/logo\/image\/\"},\"sameAs\":[\"https:\/\/www.facebook.com\/dicodusport\",\"https:\/\/x.com\/dicodusport\",\"https:\/\/www.instagram.com\/dicodusport\/\",\"https:\/\/www.youtube.com\/channel\/UC7V2KZ5sd3htJivAbA4ZG3w\"],\"description\":\"Dicodusport est l'encyclop\u00e9die de l'actualit\u00e9 sportive.\",\"email\":\"bonjour@dicodusport.fr\",\"legalName\":\"DICODUSPORT\",\"foundingDate\":\"2018-01-14\",\"vatID\":\"FR71834470973\",\"taxID\":\"83447097300043\",\"numberOfEmployees\":{\"@type\":\"QuantitativeValue\",\"minValue\":\"1\",\"maxValue\":\"10\"}},{\"@type\":\"Person\",\"@id\":\"https:\/\/dicodusport.fr\/blog\/#\/schema\/person\/627966a6cde45dbd8c5e36ac85d783da\",\"name\":\"S\u00e9bastien Gente\",\"image\":{\"@type\":\"ImageObject\",\"inLanguage\":\"fr-FR\",\"@id\":\"https:\/\/dicodusport.fr\/blog\/#\/schema\/person\/image\/\",\"url\":\"https:\/\/dicodusport.fr\/blog\/wp-content\/uploads\/2021\/09\/1510990_10205810251400683_4124423575079401707_n-150x150.jpg\",\"contentUrl\":\"https:\/\/dicodusport.fr\/blog\/wp-content\/uploads\/2021\/09\/1510990_10205810251400683_4124423575079401707_n-150x150.jpg\",\"caption\":\"S\u00e9bastien Gente\"},\"description\":\"John Stockton, Gianni Bugno, Zinedine Zidane, Steffi Graf, Frode Andresen, St\u00e9phane Stoecklin, Davis Kamoga, Primoz Peterka, Werner Schlager et Aur\u00e9lien Rougerie. Point commun entre ces sportifs? Ils m'ont fait r\u00eaver et ont berc\u00e9 mon adolescence. Je suis un fondu de sports et j'essaie de retranscrire ma passion \u00e0 travers mes articles. Originaire du P\u00e9rigord, ma passion pour les Girondins, les Jaunards et les Jazzmen transpire dans mes \u00e9crits. \u00c0 Dicodusport depuis 2021, je d\u00e9niche les sports m\u00e9connus dans lesquels la France brille, et il y en a !\",\"sameAs\":[\"https:\/\/www.facebook.com\/sebastien.gente\/\",\"https:\/\/www.instagram.com\/sebgente\/\",\"https:\/\/www.linkedin.com\/in\/sbastien-gente-a29583169\/\",\"https:\/\/x.com\/https:\/\/twitter.com\/globulo24\",\"SebastienGente\"],\"worksFor\":\"S\u00e9bastien GENTE\",\"url\":\"https:\/\/dicodusport.fr\/blog\/author\/sebastiengente\/\"}]}<\/script>\n<!-- \/ Yoast SEO Premium plugin. -->","yoast_head_json":{"title":"Pentathlon moderne : Deux m\u00e9dailles pour les Bleuets aux Championnats d'Europe U24","description":"CHAMPIONNATS D'EUROPE U24 DE PENTATHLON MODERNE 2024 - L\u00e9o Bories est devenu vice-champion d'Europe apr\u00e8s une belle \u00e9preuve.","robots":{"index":"index","follow":"follow","max-snippet":"max-snippet:-1","max-image-preview":"max-image-preview:large","max-video-preview":"max-video-preview:-1"},"canonical":"https:\/\/dicodusport.fr\/blog\/pentathlon-moderne-deux-medailles-pour-les-bleuets-aux-championnats-deurope-u24\/","og_locale":"fr_FR","og_type":"article","og_title":"Pentathlon moderne : Deux m\u00e9dailles pour les Bleuets aux Championnats d'Europe U24","og_description":"CHAMPIONNATS D'EUROPE U24 DE PENTATHLON MODERNE 2024 - L\u00e9o Bories est devenu vice-champion d'Europe apr\u00e8s une belle \u00e9preuve.","og_url":"https:\/\/dicodusport.fr\/blog\/pentathlon-moderne-deux-medailles-pour-les-bleuets-aux-championnats-deurope-u24\/","og_site_name":"Dicodusport","article_publisher":"https:\/\/www.facebook.com\/dicodusport","article_author":"https:\/\/www.facebook.com\/sebastien.gente\/","article_published_time":"2024-09-07T07:18:30+00:00","og_image":[{"width":1200,"height":674,"url":"https:\/\/dicodusport.fr\/blog\/wp-content\/uploads\/2024\/09\/Pentathlon-moderne-Deux-medailles-pour-les-Bleuets-aux-Championnats-dEurope-U24.png","type":"image\/png"}],"author":"S\u00e9bastien Gente","twitter_card":"summary_large_image","twitter_title":"Pentathlon moderne : Deux m\u00e9dailles pour les Bleuets aux Championnats d'Europe U24","twitter_creator":"@https:\/\/twitter.com\/globulo24","twitter_site":"@dicodusport","schema":{"@context":"https:\/\/schema.org","@graph":[{"@type":"NewsArticle","@id":"https:\/\/dicodusport.fr\/blog\/pentathlon-moderne-deux-medailles-pour-les-bleuets-aux-championnats-deurope-u24\/#article","isPartOf":{"@id":"https:\/\/dicodusport.fr\/blog\/pentathlon-moderne-deux-medailles-pour-les-bleuets-aux-championnats-deurope-u24\/"},"author":{"name":"S\u00e9bastien Gente","@id":"https:\/\/dicodusport.fr\/blog\/#\/schema\/person\/627966a6cde45dbd8c5e36ac85d783da"},"headline":"Pentathlon moderne : Deux m\u00e9dailles pour les Bleuets aux Championnats d&rsquo;Europe U24","datePublished":"2024-09-07T07:18:30+00:00","mainEntityOfPage":{"@id":"https:\/\/dicodusport.fr\/blog\/pentathlon-moderne-deux-medailles-pour-les-bleuets-aux-championnats-deurope-u24\/"},"wordCount":320,"commentCount":0,"publisher":{"@id":"https:\/\/dicodusport.fr\/blog\/#organization"},"image":{"@id":"https:\/\/dicodusport.fr\/blog\/pentathlon-moderne-deux-medailles-pour-les-bleuets-aux-championnats-deurope-u24\/#primaryimage"},"thumbnailUrl":"https:\/\/dicodusport.fr\/blog\/wp-content\/uploads\/2024\/09\/Pentathlon-moderne-Deux-medailles-pour-les-Bleuets-aux-Championnats-dEurope-U24.png","keywords":["br\u00e8ve","\u00e9quipe de France de pentathlon moderne"],"articleSection":["Pentathlon moderne"],"inLanguage":"fr-FR","potentialAction":[{"@type":"CommentAction","name":"Comment","target":["https:\/\/dicodusport.fr\/blog\/pentathlon-moderne-deux-medailles-pour-les-bleuets-aux-championnats-deurope-u24\/#respond"]}],"copyrightYear":"2024","copyrightHolder":{"@id":"https:\/\/dicodusport.fr\/blog\/#organization"}},{"@type":"WebPage","@id":"https:\/\/dicodusport.fr\/blog\/pentathlon-moderne-deux-medailles-pour-les-bleuets-aux-championnats-deurope-u24\/","url":"https:\/\/dicodusport.fr\/blog\/pentathlon-moderne-deux-medailles-pour-les-bleuets-aux-championnats-deurope-u24\/","name":"Pentathlon moderne : Deux m\u00e9dailles pour les Bleuets aux Championnats d'Europe U24","isPartOf":{"@id":"https:\/\/dicodusport.fr\/blog\/#website"},"primaryImageOfPage":{"@id":"https:\/\/dicodusport.fr\/blog\/pentathlon-moderne-deux-medailles-pour-les-bleuets-aux-championnats-deurope-u24\/#primaryimage"},"image":{"@id":"https:\/\/dicodusport.fr\/blog\/pentathlon-moderne-deux-medailles-pour-les-bleuets-aux-championnats-deurope-u24\/#primaryimage"},"thumbnailUrl":"https:\/\/dicodusport.fr\/blog\/wp-content\/uploads\/2024\/09\/Pentathlon-moderne-Deux-medailles-pour-les-Bleuets-aux-Championnats-dEurope-U24.png","datePublished":"2024-09-07T07:18:30+00:00","description":"CHAMPIONNATS D'EUROPE U24 DE PENTATHLON MODERNE 2024 - L\u00e9o Bories est devenu vice-champion d'Europe apr\u00e8s une belle \u00e9preuve.","breadcrumb":{"@id":"https:\/\/dicodusport.fr\/blog\/pentathlon-moderne-deux-medailles-pour-les-bleuets-aux-championnats-deurope-u24\/#breadcrumb"},"inLanguage":"fr-FR","potentialAction":[{"@type":"ReadAction","target":["https:\/\/dicodusport.fr\/blog\/pentathlon-moderne-deux-medailles-pour-les-bleuets-aux-championnats-deurope-u24\/"]}]},{"@type":"ImageObject","inLanguage":"fr-FR","@id":"https:\/\/dicodusport.fr\/blog\/pentathlon-moderne-deux-medailles-pour-les-bleuets-aux-championnats-deurope-u24\/#primaryimage","url":"https:\/\/dicodusport.fr\/blog\/wp-content\/uploads\/2024\/09\/Pentathlon-moderne-Deux-medailles-pour-les-Bleuets-aux-Championnats-dEurope-U24.png","contentUrl":"https:\/\/dicodusport.fr\/blog\/wp-content\/uploads\/2024\/09\/Pentathlon-moderne-Deux-medailles-pour-les-Bleuets-aux-Championnats-dEurope-U24.png","width":1200,"height":674,"caption":"Pentathlon moderne Deux m\u00e9dailles pour les Bleuets aux Championnats d'Europe U24"},{"@type":"BreadcrumbList","@id":"https:\/\/dicodusport.fr\/blog\/pentathlon-moderne-deux-medailles-pour-les-bleuets-aux-championnats-deurope-u24\/#breadcrumb","itemListElement":[{"@type":"ListItem","position":1,"name":"Accueil","item":"https:\/\/dicodusport.fr\/blog\/"},{"@type":"ListItem","position":2,"name":"Pentathlon moderne : Deux m\u00e9dailles pour les Bleuets aux Championnats d&#8217;Europe U24"}]},{"@type":"WebSite","@id":"https:\/\/dicodusport.fr\/blog\/#website","url":"https:\/\/dicodusport.fr\/blog\/","name":"Dicodusport","description":"L&#039;encyclop\u00e9die de l&#039;actualit\u00e9 sportive","publisher":{"@id":"https:\/\/dicodusport.fr\/blog\/#organization"},"potentialAction":[{"@type":"SearchAction","target":{"@type":"EntryPoint","urlTemplate":"https:\/\/dicodusport.fr\/blog\/?s={search_term_string}"},"query-input":{"@type":"PropertyValueSpecification","valueRequired":true,"valueName":"search_term_string"}}],"inLanguage":"fr-FR"},{"@type":"NewsMediaOrganization","@id":"https:\/\/dicodusport.fr\/blog\/#organization","name":"Dicodusport","url":"https:\/\/dicodusport.fr\/blog\/","logo":{"@type":"ImageObject","inLanguage":"fr-FR","@id":"https:\/\/dicodusport.fr\/blog\/#\/schema\/logo\/image\/","url":"https:\/\/dicodusport.fr\/blog\/wp-content\/uploads\/2020\/06\/cropped-LOGO-DICODUSPORT-2020-SANS-FOND-SANS-TEXTE.png","contentUrl":"https:\/\/dicodusport.fr\/blog\/wp-content\/uploads\/2020\/06\/cropped-LOGO-DICODUSPORT-2020-SANS-FOND-SANS-TEXTE.png","width":512,"height":512,"caption":"Dicodusport"},"image":{"@id":"https:\/\/dicodusport.fr\/blog\/#\/schema\/logo\/image\/"},"sameAs":["https:\/\/www.facebook.com\/dicodusport","https:\/\/x.com\/dicodusport","https:\/\/www.instagram.com\/dicodusport\/","https:\/\/www.youtube.com\/channel\/UC7V2KZ5sd3htJivAbA4ZG3w"],"description":"Dicodusport est l'encyclop\u00e9die de l'actualit\u00e9 sportive.","email":"bonjour@dicodusport.fr","legalName":"DICODUSPORT","foundingDate":"2018-01-14","vatID":"FR71834470973","taxID":"83447097300043","numberOfEmployees":{"@type":"QuantitativeValue","minValue":"1","maxValue":"10"}},{"@type":"Person","@id":"https:\/\/dicodusport.fr\/blog\/#\/schema\/person\/627966a6cde45dbd8c5e36ac85d783da","name":"S\u00e9bastien Gente","image":{"@type":"ImageObject","inLanguage":"fr-FR","@id":"https:\/\/dicodusport.fr\/blog\/#\/schema\/person\/image\/","url":"https:\/\/dicodusport.fr\/blog\/wp-content\/uploads\/2021\/09\/1510990_10205810251400683_4124423575079401707_n-150x150.jpg","contentUrl":"https:\/\/dicodusport.fr\/blog\/wp-content\/uploads\/2021\/09\/1510990_10205810251400683_4124423575079401707_n-150x150.jpg","caption":"S\u00e9bastien Gente"},"description":"John Stockton, Gianni Bugno, Zinedine Zidane, Steffi Graf, Frode Andresen, St\u00e9phane Stoecklin, Davis Kamoga, Primoz Peterka, Werner Schlager et Aur\u00e9lien Rougerie. Point commun entre ces sportifs? Ils m'ont fait r\u00eaver et ont berc\u00e9 mon adolescence. Je suis un fondu de sports et j'essaie de retranscrire ma passion \u00e0 travers mes articles. Originaire du P\u00e9rigord, ma passion pour les Girondins, les Jaunards et les Jazzmen transpire dans mes \u00e9crits. \u00c0 Dicodusport depuis 2021, je d\u00e9niche les sports m\u00e9connus dans lesquels la France brille, et il y en a !","sameAs":["https:\/\/www.facebook.com\/sebastien.gente\/","https:\/\/www.instagram.com\/sebgente\/","https:\/\/www.linkedin.com\/in\/sbastien-gente-a29583169\/","https:\/\/x.com\/https:\/\/twitter.com\/globulo24","SebastienGente"],"worksFor":"S\u00e9bastien GENTE","url":"https:\/\/dicodusport.fr\/blog\/author\/sebastiengente\/"}]}},"_links":{"self":[{"href":"https:\/\/dicodusport.fr\/blog\/wp-json\/wp\/v2\/posts\/518539","targetHints":{"allow":["GET"]}}],"collection":[{"href":"https:\/\/dicodusport.fr\/blog\/wp-json\/wp\/v2\/posts"}],"about":[{"href":"https:\/\/dicodusport.fr\/blog\/wp-json\/wp\/v2\/types\/post"}],"author":[{"embeddable":true,"href":"https:\/\/dicodusport.fr\/blog\/wp-json\/wp\/v2\/users\/59"}],"replies":[{"embeddable":true,"href":"https:\/\/dicodusport.fr\/blog\/wp-json\/wp\/v2\/comments?post=518539"}],"version-history":[{"count":1,"href":"https:\/\/dicodusport.fr\/blog\/wp-json\/wp\/v2\/posts\/518539\/revisions"}],"predecessor-version":[{"id":518543,"href":"https:\/\/dicodusport.fr\/blog\/wp-json\/wp\/v2\/posts\/518539\/revisions\/518543"}],"wp:featuredmedia":[{"embeddable":true,"href":"https:\/\/dicodusport.fr\/blog\/wp-json\/wp\/v2\/media\/518542"}],"wp:attachment":[{"href":"https:\/\/dicodusport.fr\/blog\/wp-json\/wp\/v2\/media?parent=518539"}],"wp:term":[{"taxonomy":"category","embeddable":true,"href":"https:\/\/dicodusport.fr\/blog\/wp-json\/wp\/v2\/categories?post=518539"},{"taxonomy":"post_tag","embeddable":true,"href":"https:\/\/dicodusport.fr\/blog\/wp-json\/wp\/v2\/tags?post=518539"}],"curies":[{"name":"wp","href":"https:\/\/api.w.org\/{rel}","templated":true}]}}