{"id":518711,"date":"2024-09-07T16:24:51","date_gmt":"2024-09-07T14:24:51","guid":{"rendered":"https:\/\/dicodusport.fr\/blog\/?p=518711&#038;preview=true&#038;preview_id=518711"},"modified":"2024-09-07T18:07:12","modified_gmt":"2024-09-07T16:07:12","slug":"judo-jeux-paralympiques-2024-jason-grandry-en-bronze-en-90kg-j1","status":"publish","type":"post","link":"https:\/\/dicodusport.fr\/blog\/judo-jeux-paralympiques-2024-jason-grandry-en-bronze-en-90kg-j1\/","title":{"rendered":"Judo Jeux Paralympiques 2024 : Jason Grandry en bronze en +90kg J1"},"content":{"rendered":"<h4 style=\"text-align: justify;\"><em>JUDO JEUX PARALYMPIQUES 2024 \u2013 Jason Grandry s&rsquo;est \u00e0 son tour par\u00e9 de la m\u00e9daille de bronze. Il s&rsquo;est impos\u00e9 contre le Turc Onur Tastan.<\/em><\/h4>\n<ul>\n<li style=\"text-align: justify;\"><strong>\u00c0 ce sujet \u2013\u00a0<a href=\"https:\/\/dicodusport.fr\/blog\/actualites\/jeux-paralympiques-paris-2024\/\">L\u2019actualit\u00e9 des Jeux Paralympiques de Paris 2024<\/a><\/strong><\/li>\n<\/ul>\n<p style=\"text-align: justify;\">Dans la foul\u00e9e de <a href=\"https:\/\/dicodusport.fr\/blog\/judo-jeux-paralympiques-2024-cyril-jonard-remporte-le-bronze\/\">la m\u00e9daille de bronze obtenue par <strong>Cyril Jonard<\/strong><\/a>, <strong>Jason Grandry<\/strong> montera lui aussi sur le podium ! Le Breton s&rsquo;est impos\u00e9 dans la petite finale contre le Turc <strong>Onur Tastan<\/strong>. Apr\u00e8s un \u00e9tranglement qui l&rsquo;a contraint \u00e0 taper d\u00e8s le d\u00e9but de sa demi-finale, <strong>Grandry<\/strong> a su se remobiliser parfaitement. Oppos\u00e9 au m\u00e9daill\u00e9 de bronze des championnats du monde 2022, le Fran\u00e7ais n&rsquo;a pas fait dans la dentelle ! Il ne lui aura fallu que 29 secondes pour crocheter son adversaire et marquer <em>ippon<\/em> pour sa toute premi\u00e8re attaque du match.<\/p>\n<p style=\"text-align: justify;\">Triple m\u00e9daill\u00e9 de bronze mondial en individuel, le Fran\u00e7ais d\u00e9croche l\u00e0 sa premi\u00e8re m\u00e9daille paralympique pour ce qui \u00e9tait, \u00e0 36 ans, sa premi\u00e8re participation. Il s&rsquo;agit de la troisi\u00e8me m\u00e9daille de l&rsquo;\u00e9quipe de France en para judo dans ces Jeux Paralympiques. Assur\u00e9e d&rsquo;une nouvelle m\u00e9daille d&rsquo;or ou d&rsquo;argent et en lice pour une cinqui\u00e8me en bronze, la France est d&rsquo;ores et d\u00e9j\u00e0 assur\u00e9e de faire mieux qu&rsquo;\u00e0 Tokyo, il y a trois ans.<\/p>\n<blockquote class=\"twitter-tweet\">\n<p dir=\"ltr\" lang=\"fr\"><a href=\"https:\/\/twitter.com\/hashtag\/Paris2024?src=hash&amp;ref_src=twsrc%5Etfw\">#Paris2024<\/a> | \ud83e\udd49 LE JASON GRANDRY EXPRESS ! LE BRONZE EN 29 SECONDES !<\/p>\n<p>\ud83e\udd4b Jason Grandry n&rsquo;a pas perdu de temps dans cette petite finale et s&rsquo;impose sur ippon en moins de 30 secondes.<\/p>\n<p>\ud83d\udcfa Suivez les <a href=\"https:\/\/twitter.com\/hashtag\/JeuxParalympiques?src=hash&amp;ref_src=twsrc%5Etfw\">#JeuxParalympiques<\/a> en direct : <a href=\"https:\/\/t.co\/hHHwOiAOqk\">https:\/\/t.co\/hHHwOiAOqk<\/a> <a href=\"https:\/\/t.co\/E74HL0Z3mr\">pic.twitter.com\/E74HL0Z3mr<\/a><\/p>\n<p>\u2014 francetvsport (@francetvsport) <a href=\"https:\/\/twitter.com\/francetvsport\/status\/1832423835162812539?ref_src=twsrc%5Etfw\">September 7, 2024<\/a><\/p><\/blockquote>\n<p><script src=\"https:\/\/platform.twitter.com\/widgets.js\" async=\"\" charset=\"utf-8\"><\/script><\/p>\n","protected":false},"excerpt":{"rendered":"<p>Jason Grandry en bronze en +90kg J1<\/p>\n","protected":false},"author":91,"featured_media":518842,"comment_status":"open","ping_status":"closed","sticky":false,"template":"","format":"standard","meta":{"_acf_changed":false,"_daextam_enable_autolinks":"1","footnotes":""},"categories":[21286,8651],"tags":[32415,16878,30151,34960,1004],"class_list":["post-518711","post","type-post","status-publish","format-standard","has-post-thumbnail","hentry","category-jeux-paralympiques-paris-2024","category-judo","tag-actu","tag-breve","tag-jeux-paralympiques-2024","tag-jeux-paralympiques-de-paris","tag-paris-2024"],"acf":[],"yoast_head":"<!-- This site is optimized with the Yoast SEO Premium plugin v26.7 (Yoast SEO v26.7) - https:\/\/yoast.com\/wordpress\/plugins\/seo\/ -->\n<title>Judo Jeux Paralympiques 2024 : Jason Grandry en bronze en +90kg J1<\/title>\n<meta name=\"description\" content=\"JUDO JEUX PARALYMPIQUES 2024 \u2013 Jason Grandry s&#039;est \u00e0 son tour par\u00e9 de la m\u00e9daille de bronze. Il s&#039;est impos\u00e9 contre le Turc Onur Tastan.\" \/>\n<meta name=\"robots\" content=\"index, follow, max-snippet:-1, max-image-preview:large, max-video-preview:-1\" \/>\n<link rel=\"canonical\" href=\"https:\/\/dicodusport.fr\/blog\/judo-jeux-paralympiques-2024-jason-grandry-en-bronze-en-90kg-j1\/\" \/>\n<meta property=\"og:locale\" content=\"fr_FR\" \/>\n<meta property=\"og:type\" content=\"article\" \/>\n<meta property=\"og:title\" content=\"Judo Jeux Paralympiques 2024 : Jason Grandry en bronze en +90kg J1\" \/>\n<meta property=\"og:description\" content=\"JUDO JEUX PARALYMPIQUES 2024 \u2013 Jason Grandry s&#039;est \u00e0 son tour par\u00e9 de la m\u00e9daille de bronze. Il s&#039;est impos\u00e9 contre le Turc Onur Tastan.\" \/>\n<meta property=\"og:url\" content=\"https:\/\/dicodusport.fr\/blog\/judo-jeux-paralympiques-2024-jason-grandry-en-bronze-en-90kg-j1\/\" \/>\n<meta property=\"og:site_name\" content=\"Dicodusport\" \/>\n<meta property=\"article:publisher\" content=\"https:\/\/www.facebook.com\/dicodusport\" \/>\n<meta property=\"article:published_time\" content=\"2024-09-07T14:24:51+00:00\" \/>\n<meta property=\"article:modified_time\" content=\"2024-09-07T16:07:12+00:00\" \/>\n<meta property=\"og:image\" content=\"https:\/\/dicodusport.fr\/blog\/wp-content\/uploads\/2024\/09\/Judo-Jeux-Paralympiques-2024-Jason-Grandry-en-bronze-en-90kg-J1-1.png\" \/>\n\t<meta property=\"og:image:width\" content=\"1200\" \/>\n\t<meta property=\"og:image:height\" content=\"674\" \/>\n\t<meta property=\"og:image:type\" content=\"image\/png\" \/>\n<meta name=\"author\" content=\"Victor Clot-Amiot\" \/>\n<meta name=\"twitter:card\" content=\"summary_large_image\" \/>\n<meta name=\"twitter:title\" content=\"Judo Jeux Paralympiques 2024 : Jason Grandry en bronze en +90kg J1\" \/>\n<meta name=\"twitter:creator\" content=\"@https:\/\/x.com\/VictorClotAmiot\" \/>\n<meta name=\"twitter:site\" content=\"@dicodusport\" \/>\n<script type=\"application\/ld+json\" class=\"yoast-schema-graph\">{\"@context\":\"https:\/\/schema.org\",\"@graph\":[{\"@type\":\"NewsArticle\",\"@id\":\"https:\/\/dicodusport.fr\/blog\/judo-jeux-paralympiques-2024-jason-grandry-en-bronze-en-90kg-j1\/#article\",\"isPartOf\":{\"@id\":\"https:\/\/dicodusport.fr\/blog\/judo-jeux-paralympiques-2024-jason-grandry-en-bronze-en-90kg-j1\/\"},\"author\":{\"name\":\"Victor Clot-Amiot\",\"@id\":\"https:\/\/dicodusport.fr\/blog\/#\/schema\/person\/b623199cba9ba90fe84a3d16e9282360\"},\"headline\":\"Judo Jeux Paralympiques 2024 : Jason Grandry en bronze en +90kg J1\",\"datePublished\":\"2024-09-07T14:24:51+00:00\",\"dateModified\":\"2024-09-07T16:07:12+00:00\",\"mainEntityOfPage\":{\"@id\":\"https:\/\/dicodusport.fr\/blog\/judo-jeux-paralympiques-2024-jason-grandry-en-bronze-en-90kg-j1\/\"},\"wordCount\":285,\"commentCount\":0,\"publisher\":{\"@id\":\"https:\/\/dicodusport.fr\/blog\/#organization\"},\"image\":{\"@id\":\"https:\/\/dicodusport.fr\/blog\/judo-jeux-paralympiques-2024-jason-grandry-en-bronze-en-90kg-j1\/#primaryimage\"},\"thumbnailUrl\":\"https:\/\/dicodusport.fr\/blog\/wp-content\/uploads\/2024\/09\/Judo-Jeux-Paralympiques-2024-Jason-Grandry-en-bronze-en-90kg-J1-1.png\",\"keywords\":[\"actu\",\"br\u00e8ve\",\"Jeux Paralympiques 2024\",\"Jeux Paralympiques de Paris\",\"Paris 2024\"],\"articleSection\":[\"Jeux Paralympiques de Paris 2024\",\"Judo\"],\"inLanguage\":\"fr-FR\",\"potentialAction\":[{\"@type\":\"CommentAction\",\"name\":\"Comment\",\"target\":[\"https:\/\/dicodusport.fr\/blog\/judo-jeux-paralympiques-2024-jason-grandry-en-bronze-en-90kg-j1\/#respond\"]}],\"copyrightYear\":\"2024\",\"copyrightHolder\":{\"@id\":\"https:\/\/dicodusport.fr\/blog\/#organization\"}},{\"@type\":\"WebPage\",\"@id\":\"https:\/\/dicodusport.fr\/blog\/judo-jeux-paralympiques-2024-jason-grandry-en-bronze-en-90kg-j1\/\",\"url\":\"https:\/\/dicodusport.fr\/blog\/judo-jeux-paralympiques-2024-jason-grandry-en-bronze-en-90kg-j1\/\",\"name\":\"Judo Jeux Paralympiques 2024 : Jason Grandry en bronze en +90kg J1\",\"isPartOf\":{\"@id\":\"https:\/\/dicodusport.fr\/blog\/#website\"},\"primaryImageOfPage\":{\"@id\":\"https:\/\/dicodusport.fr\/blog\/judo-jeux-paralympiques-2024-jason-grandry-en-bronze-en-90kg-j1\/#primaryimage\"},\"image\":{\"@id\":\"https:\/\/dicodusport.fr\/blog\/judo-jeux-paralympiques-2024-jason-grandry-en-bronze-en-90kg-j1\/#primaryimage\"},\"thumbnailUrl\":\"https:\/\/dicodusport.fr\/blog\/wp-content\/uploads\/2024\/09\/Judo-Jeux-Paralympiques-2024-Jason-Grandry-en-bronze-en-90kg-J1-1.png\",\"datePublished\":\"2024-09-07T14:24:51+00:00\",\"dateModified\":\"2024-09-07T16:07:12+00:00\",\"description\":\"JUDO JEUX PARALYMPIQUES 2024 \u2013 Jason Grandry s'est \u00e0 son tour par\u00e9 de la m\u00e9daille de bronze. Il s'est impos\u00e9 contre le Turc Onur Tastan.\",\"breadcrumb\":{\"@id\":\"https:\/\/dicodusport.fr\/blog\/judo-jeux-paralympiques-2024-jason-grandry-en-bronze-en-90kg-j1\/#breadcrumb\"},\"inLanguage\":\"fr-FR\",\"potentialAction\":[{\"@type\":\"ReadAction\",\"target\":[\"https:\/\/dicodusport.fr\/blog\/judo-jeux-paralympiques-2024-jason-grandry-en-bronze-en-90kg-j1\/\"]}]},{\"@type\":\"ImageObject\",\"inLanguage\":\"fr-FR\",\"@id\":\"https:\/\/dicodusport.fr\/blog\/judo-jeux-paralympiques-2024-jason-grandry-en-bronze-en-90kg-j1\/#primaryimage\",\"url\":\"https:\/\/dicodusport.fr\/blog\/wp-content\/uploads\/2024\/09\/Judo-Jeux-Paralympiques-2024-Jason-Grandry-en-bronze-en-90kg-J1-1.png\",\"contentUrl\":\"https:\/\/dicodusport.fr\/blog\/wp-content\/uploads\/2024\/09\/Judo-Jeux-Paralympiques-2024-Jason-Grandry-en-bronze-en-90kg-J1-1.png\",\"width\":1200,\"height\":674,\"caption\":\"Judo Jeux Paralympiques 2024 Jason Grandry en bronze en +90kg J1 (1)\"},{\"@type\":\"BreadcrumbList\",\"@id\":\"https:\/\/dicodusport.fr\/blog\/judo-jeux-paralympiques-2024-jason-grandry-en-bronze-en-90kg-j1\/#breadcrumb\",\"itemListElement\":[{\"@type\":\"ListItem\",\"position\":1,\"name\":\"Accueil\",\"item\":\"https:\/\/dicodusport.fr\/blog\/\"},{\"@type\":\"ListItem\",\"position\":2,\"name\":\"Judo Jeux Paralympiques 2024 : Jason Grandry en bronze en +90kg J1\"}]},{\"@type\":\"WebSite\",\"@id\":\"https:\/\/dicodusport.fr\/blog\/#website\",\"url\":\"https:\/\/dicodusport.fr\/blog\/\",\"name\":\"Dicodusport\",\"description\":\"L&#039;encyclop\u00e9die de l&#039;actualit\u00e9 sportive\",\"publisher\":{\"@id\":\"https:\/\/dicodusport.fr\/blog\/#organization\"},\"potentialAction\":[{\"@type\":\"SearchAction\",\"target\":{\"@type\":\"EntryPoint\",\"urlTemplate\":\"https:\/\/dicodusport.fr\/blog\/?s={search_term_string}\"},\"query-input\":{\"@type\":\"PropertyValueSpecification\",\"valueRequired\":true,\"valueName\":\"search_term_string\"}}],\"inLanguage\":\"fr-FR\"},{\"@type\":\"NewsMediaOrganization\",\"@id\":\"https:\/\/dicodusport.fr\/blog\/#organization\",\"name\":\"Dicodusport\",\"url\":\"https:\/\/dicodusport.fr\/blog\/\",\"logo\":{\"@type\":\"ImageObject\",\"inLanguage\":\"fr-FR\",\"@id\":\"https:\/\/dicodusport.fr\/blog\/#\/schema\/logo\/image\/\",\"url\":\"https:\/\/dicodusport.fr\/blog\/wp-content\/uploads\/2020\/06\/cropped-LOGO-DICODUSPORT-2020-SANS-FOND-SANS-TEXTE.png\",\"contentUrl\":\"https:\/\/dicodusport.fr\/blog\/wp-content\/uploads\/2020\/06\/cropped-LOGO-DICODUSPORT-2020-SANS-FOND-SANS-TEXTE.png\",\"width\":512,\"height\":512,\"caption\":\"Dicodusport\"},\"image\":{\"@id\":\"https:\/\/dicodusport.fr\/blog\/#\/schema\/logo\/image\/\"},\"sameAs\":[\"https:\/\/www.facebook.com\/dicodusport\",\"https:\/\/x.com\/dicodusport\",\"https:\/\/www.instagram.com\/dicodusport\/\",\"https:\/\/www.youtube.com\/channel\/UC7V2KZ5sd3htJivAbA4ZG3w\"],\"description\":\"Dicodusport est l'encyclop\u00e9die de l'actualit\u00e9 sportive.\",\"email\":\"bonjour@dicodusport.fr\",\"legalName\":\"DICODUSPORT\",\"foundingDate\":\"2018-01-14\",\"vatID\":\"FR71834470973\",\"taxID\":\"83447097300043\",\"numberOfEmployees\":{\"@type\":\"QuantitativeValue\",\"minValue\":\"1\",\"maxValue\":\"10\"}},{\"@type\":\"Person\",\"@id\":\"https:\/\/dicodusport.fr\/blog\/#\/schema\/person\/b623199cba9ba90fe84a3d16e9282360\",\"name\":\"Victor Clot-Amiot\",\"image\":{\"@type\":\"ImageObject\",\"inLanguage\":\"fr-FR\",\"@id\":\"https:\/\/dicodusport.fr\/blog\/#\/schema\/person\/image\/\",\"url\":\"https:\/\/dicodusport.fr\/blog\/wp-content\/uploads\/2023\/09\/IMG_20190826_114722-150x150.jpg\",\"contentUrl\":\"https:\/\/dicodusport.fr\/blog\/wp-content\/uploads\/2023\/09\/IMG_20190826_114722-150x150.jpg\",\"caption\":\"Victor Clot-Amiot\"},\"description\":\"Passionn\u00e9 de sport depuis toujours, un jour \u00e0 l'adolescence mes parents m'ont dit : \\\"quitte \u00e0 passer ton temps \u00e0 regarder du sport, au moins va le voir en vrai\\\" ! Depuis, cette remarque ne m'a plus quitt\u00e9 et je passe une grande partie de mon temps libre \u00e0 assister \u00e0 des comp\u00e9titions de tous sports. Je m\u00eale d'ailleurs mes deux passions, le sport et les voyages afin de faire une pierre deux coups ! Outre l'US Open ou l'Euro 2021 par exemple, j'ai assist\u00e9 cet \u00e9t\u00e9 aux Mondiaux d'athl\u00e9tisme \u00e0 Budapest. Mon plus gros coup dur est et restera les JO 2020-2021 pour lesquels j'avais r\u00e9serv\u00e9 17 \u00e9preuves. La suite, vous la connaissez...\",\"sameAs\":[\"https:\/\/x.com\/https:\/\/x.com\/VictorClotAmiot\"],\"url\":\"https:\/\/dicodusport.fr\/blog\/author\/victor-clot-amiot\/\"}]}<\/script>\n<!-- \/ Yoast SEO Premium plugin. -->","yoast_head_json":{"title":"Judo Jeux Paralympiques 2024 : Jason Grandry en bronze en +90kg J1","description":"JUDO JEUX PARALYMPIQUES 2024 \u2013 Jason Grandry s'est \u00e0 son tour par\u00e9 de la m\u00e9daille de bronze. Il s'est impos\u00e9 contre le Turc Onur Tastan.","robots":{"index":"index","follow":"follow","max-snippet":"max-snippet:-1","max-image-preview":"max-image-preview:large","max-video-preview":"max-video-preview:-1"},"canonical":"https:\/\/dicodusport.fr\/blog\/judo-jeux-paralympiques-2024-jason-grandry-en-bronze-en-90kg-j1\/","og_locale":"fr_FR","og_type":"article","og_title":"Judo Jeux Paralympiques 2024 : Jason Grandry en bronze en +90kg J1","og_description":"JUDO JEUX PARALYMPIQUES 2024 \u2013 Jason Grandry s'est \u00e0 son tour par\u00e9 de la m\u00e9daille de bronze. Il s'est impos\u00e9 contre le Turc Onur Tastan.","og_url":"https:\/\/dicodusport.fr\/blog\/judo-jeux-paralympiques-2024-jason-grandry-en-bronze-en-90kg-j1\/","og_site_name":"Dicodusport","article_publisher":"https:\/\/www.facebook.com\/dicodusport","article_published_time":"2024-09-07T14:24:51+00:00","article_modified_time":"2024-09-07T16:07:12+00:00","og_image":[{"width":1200,"height":674,"url":"https:\/\/dicodusport.fr\/blog\/wp-content\/uploads\/2024\/09\/Judo-Jeux-Paralympiques-2024-Jason-Grandry-en-bronze-en-90kg-J1-1.png","type":"image\/png"}],"author":"Victor Clot-Amiot","twitter_card":"summary_large_image","twitter_title":"Judo Jeux Paralympiques 2024 : Jason Grandry en bronze en +90kg J1","twitter_creator":"@https:\/\/x.com\/VictorClotAmiot","twitter_site":"@dicodusport","schema":{"@context":"https:\/\/schema.org","@graph":[{"@type":"NewsArticle","@id":"https:\/\/dicodusport.fr\/blog\/judo-jeux-paralympiques-2024-jason-grandry-en-bronze-en-90kg-j1\/#article","isPartOf":{"@id":"https:\/\/dicodusport.fr\/blog\/judo-jeux-paralympiques-2024-jason-grandry-en-bronze-en-90kg-j1\/"},"author":{"name":"Victor Clot-Amiot","@id":"https:\/\/dicodusport.fr\/blog\/#\/schema\/person\/b623199cba9ba90fe84a3d16e9282360"},"headline":"Judo Jeux Paralympiques 2024 : Jason Grandry en bronze en +90kg J1","datePublished":"2024-09-07T14:24:51+00:00","dateModified":"2024-09-07T16:07:12+00:00","mainEntityOfPage":{"@id":"https:\/\/dicodusport.fr\/blog\/judo-jeux-paralympiques-2024-jason-grandry-en-bronze-en-90kg-j1\/"},"wordCount":285,"commentCount":0,"publisher":{"@id":"https:\/\/dicodusport.fr\/blog\/#organization"},"image":{"@id":"https:\/\/dicodusport.fr\/blog\/judo-jeux-paralympiques-2024-jason-grandry-en-bronze-en-90kg-j1\/#primaryimage"},"thumbnailUrl":"https:\/\/dicodusport.fr\/blog\/wp-content\/uploads\/2024\/09\/Judo-Jeux-Paralympiques-2024-Jason-Grandry-en-bronze-en-90kg-J1-1.png","keywords":["actu","br\u00e8ve","Jeux Paralympiques 2024","Jeux Paralympiques de Paris","Paris 2024"],"articleSection":["Jeux Paralympiques de Paris 2024","Judo"],"inLanguage":"fr-FR","potentialAction":[{"@type":"CommentAction","name":"Comment","target":["https:\/\/dicodusport.fr\/blog\/judo-jeux-paralympiques-2024-jason-grandry-en-bronze-en-90kg-j1\/#respond"]}],"copyrightYear":"2024","copyrightHolder":{"@id":"https:\/\/dicodusport.fr\/blog\/#organization"}},{"@type":"WebPage","@id":"https:\/\/dicodusport.fr\/blog\/judo-jeux-paralympiques-2024-jason-grandry-en-bronze-en-90kg-j1\/","url":"https:\/\/dicodusport.fr\/blog\/judo-jeux-paralympiques-2024-jason-grandry-en-bronze-en-90kg-j1\/","name":"Judo Jeux Paralympiques 2024 : Jason Grandry en bronze en +90kg J1","isPartOf":{"@id":"https:\/\/dicodusport.fr\/blog\/#website"},"primaryImageOfPage":{"@id":"https:\/\/dicodusport.fr\/blog\/judo-jeux-paralympiques-2024-jason-grandry-en-bronze-en-90kg-j1\/#primaryimage"},"image":{"@id":"https:\/\/dicodusport.fr\/blog\/judo-jeux-paralympiques-2024-jason-grandry-en-bronze-en-90kg-j1\/#primaryimage"},"thumbnailUrl":"https:\/\/dicodusport.fr\/blog\/wp-content\/uploads\/2024\/09\/Judo-Jeux-Paralympiques-2024-Jason-Grandry-en-bronze-en-90kg-J1-1.png","datePublished":"2024-09-07T14:24:51+00:00","dateModified":"2024-09-07T16:07:12+00:00","description":"JUDO JEUX PARALYMPIQUES 2024 \u2013 Jason Grandry s'est \u00e0 son tour par\u00e9 de la m\u00e9daille de bronze. Il s'est impos\u00e9 contre le Turc Onur Tastan.","breadcrumb":{"@id":"https:\/\/dicodusport.fr\/blog\/judo-jeux-paralympiques-2024-jason-grandry-en-bronze-en-90kg-j1\/#breadcrumb"},"inLanguage":"fr-FR","potentialAction":[{"@type":"ReadAction","target":["https:\/\/dicodusport.fr\/blog\/judo-jeux-paralympiques-2024-jason-grandry-en-bronze-en-90kg-j1\/"]}]},{"@type":"ImageObject","inLanguage":"fr-FR","@id":"https:\/\/dicodusport.fr\/blog\/judo-jeux-paralympiques-2024-jason-grandry-en-bronze-en-90kg-j1\/#primaryimage","url":"https:\/\/dicodusport.fr\/blog\/wp-content\/uploads\/2024\/09\/Judo-Jeux-Paralympiques-2024-Jason-Grandry-en-bronze-en-90kg-J1-1.png","contentUrl":"https:\/\/dicodusport.fr\/blog\/wp-content\/uploads\/2024\/09\/Judo-Jeux-Paralympiques-2024-Jason-Grandry-en-bronze-en-90kg-J1-1.png","width":1200,"height":674,"caption":"Judo Jeux Paralympiques 2024 Jason Grandry en bronze en +90kg J1 (1)"},{"@type":"BreadcrumbList","@id":"https:\/\/dicodusport.fr\/blog\/judo-jeux-paralympiques-2024-jason-grandry-en-bronze-en-90kg-j1\/#breadcrumb","itemListElement":[{"@type":"ListItem","position":1,"name":"Accueil","item":"https:\/\/dicodusport.fr\/blog\/"},{"@type":"ListItem","position":2,"name":"Judo Jeux Paralympiques 2024 : Jason Grandry en bronze en +90kg J1"}]},{"@type":"WebSite","@id":"https:\/\/dicodusport.fr\/blog\/#website","url":"https:\/\/dicodusport.fr\/blog\/","name":"Dicodusport","description":"L&#039;encyclop\u00e9die de l&#039;actualit\u00e9 sportive","publisher":{"@id":"https:\/\/dicodusport.fr\/blog\/#organization"},"potentialAction":[{"@type":"SearchAction","target":{"@type":"EntryPoint","urlTemplate":"https:\/\/dicodusport.fr\/blog\/?s={search_term_string}"},"query-input":{"@type":"PropertyValueSpecification","valueRequired":true,"valueName":"search_term_string"}}],"inLanguage":"fr-FR"},{"@type":"NewsMediaOrganization","@id":"https:\/\/dicodusport.fr\/blog\/#organization","name":"Dicodusport","url":"https:\/\/dicodusport.fr\/blog\/","logo":{"@type":"ImageObject","inLanguage":"fr-FR","@id":"https:\/\/dicodusport.fr\/blog\/#\/schema\/logo\/image\/","url":"https:\/\/dicodusport.fr\/blog\/wp-content\/uploads\/2020\/06\/cropped-LOGO-DICODUSPORT-2020-SANS-FOND-SANS-TEXTE.png","contentUrl":"https:\/\/dicodusport.fr\/blog\/wp-content\/uploads\/2020\/06\/cropped-LOGO-DICODUSPORT-2020-SANS-FOND-SANS-TEXTE.png","width":512,"height":512,"caption":"Dicodusport"},"image":{"@id":"https:\/\/dicodusport.fr\/blog\/#\/schema\/logo\/image\/"},"sameAs":["https:\/\/www.facebook.com\/dicodusport","https:\/\/x.com\/dicodusport","https:\/\/www.instagram.com\/dicodusport\/","https:\/\/www.youtube.com\/channel\/UC7V2KZ5sd3htJivAbA4ZG3w"],"description":"Dicodusport est l'encyclop\u00e9die de l'actualit\u00e9 sportive.","email":"bonjour@dicodusport.fr","legalName":"DICODUSPORT","foundingDate":"2018-01-14","vatID":"FR71834470973","taxID":"83447097300043","numberOfEmployees":{"@type":"QuantitativeValue","minValue":"1","maxValue":"10"}},{"@type":"Person","@id":"https:\/\/dicodusport.fr\/blog\/#\/schema\/person\/b623199cba9ba90fe84a3d16e9282360","name":"Victor Clot-Amiot","image":{"@type":"ImageObject","inLanguage":"fr-FR","@id":"https:\/\/dicodusport.fr\/blog\/#\/schema\/person\/image\/","url":"https:\/\/dicodusport.fr\/blog\/wp-content\/uploads\/2023\/09\/IMG_20190826_114722-150x150.jpg","contentUrl":"https:\/\/dicodusport.fr\/blog\/wp-content\/uploads\/2023\/09\/IMG_20190826_114722-150x150.jpg","caption":"Victor Clot-Amiot"},"description":"Passionn\u00e9 de sport depuis toujours, un jour \u00e0 l'adolescence mes parents m'ont dit : \"quitte \u00e0 passer ton temps \u00e0 regarder du sport, au moins va le voir en vrai\" ! Depuis, cette remarque ne m'a plus quitt\u00e9 et je passe une grande partie de mon temps libre \u00e0 assister \u00e0 des comp\u00e9titions de tous sports. Je m\u00eale d'ailleurs mes deux passions, le sport et les voyages afin de faire une pierre deux coups ! Outre l'US Open ou l'Euro 2021 par exemple, j'ai assist\u00e9 cet \u00e9t\u00e9 aux Mondiaux d'athl\u00e9tisme \u00e0 Budapest. Mon plus gros coup dur est et restera les JO 2020-2021 pour lesquels j'avais r\u00e9serv\u00e9 17 \u00e9preuves. La suite, vous la connaissez...","sameAs":["https:\/\/x.com\/https:\/\/x.com\/VictorClotAmiot"],"url":"https:\/\/dicodusport.fr\/blog\/author\/victor-clot-amiot\/"}]}},"_links":{"self":[{"href":"https:\/\/dicodusport.fr\/blog\/wp-json\/wp\/v2\/posts\/518711","targetHints":{"allow":["GET"]}}],"collection":[{"href":"https:\/\/dicodusport.fr\/blog\/wp-json\/wp\/v2\/posts"}],"about":[{"href":"https:\/\/dicodusport.fr\/blog\/wp-json\/wp\/v2\/types\/post"}],"author":[{"embeddable":true,"href":"https:\/\/dicodusport.fr\/blog\/wp-json\/wp\/v2\/users\/91"}],"replies":[{"embeddable":true,"href":"https:\/\/dicodusport.fr\/blog\/wp-json\/wp\/v2\/comments?post=518711"}],"version-history":[{"count":5,"href":"https:\/\/dicodusport.fr\/blog\/wp-json\/wp\/v2\/posts\/518711\/revisions"}],"predecessor-version":[{"id":518764,"href":"https:\/\/dicodusport.fr\/blog\/wp-json\/wp\/v2\/posts\/518711\/revisions\/518764"}],"wp:featuredmedia":[{"embeddable":true,"href":"https:\/\/dicodusport.fr\/blog\/wp-json\/wp\/v2\/media\/518842"}],"wp:attachment":[{"href":"https:\/\/dicodusport.fr\/blog\/wp-json\/wp\/v2\/media?parent=518711"}],"wp:term":[{"taxonomy":"category","embeddable":true,"href":"https:\/\/dicodusport.fr\/blog\/wp-json\/wp\/v2\/categories?post=518711"},{"taxonomy":"post_tag","embeddable":true,"href":"https:\/\/dicodusport.fr\/blog\/wp-json\/wp\/v2\/tags?post=518711"}],"curies":[{"name":"wp","href":"https:\/\/api.w.org\/{rel}","templated":true}]}}