{"id":518999,"date":"2024-09-08T09:24:24","date_gmt":"2024-09-08T07:24:24","guid":{"rendered":"https:\/\/dicodusport.fr\/blog\/?p=518999&#038;preview=true&#038;preview_id=518999"},"modified":"2024-09-08T09:24:24","modified_gmt":"2024-09-08T07:24:24","slug":"escalade-sam-avezou-en-bronze-en-difficulte-sur-la-coupe-du-monde-de-koper","status":"publish","type":"post","link":"https:\/\/dicodusport.fr\/blog\/escalade-sam-avezou-en-bronze-en-difficulte-sur-la-coupe-du-monde-de-koper\/","title":{"rendered":"Escalade : Sam Avezou en bronze en difficult\u00e9 sur la Coupe du monde de Koper"},"content":{"rendered":"<p style=\"text-align: justify;\"><strong><em>COUPE DU MONDE D&rsquo;ESCALADE 2024 &#8211; Confirmant sa bonne passe actuelle, Sam Avezou s&rsquo;est offert un nouveau podium en Coupe du monde \u00e0 Koper.<\/em><\/strong><\/p>\n<p style=\"text-align: justify;\">Le weekend dernier, <strong>Sam Avezou<\/strong> <a href=\"https:\/\/dicodusport.fr\/blog\/escalade-sam-avezou-naile-maignan-et-les-para-escaladeurs-triomphent-aux-championnats-deurope\/\">a r\u00e9gn\u00e9 sur les Championnats d&rsquo;Europe<\/a>. Sacr\u00e9 en combin\u00e9 et en bloc, il avait rat\u00e9 d&rsquo;un souffle le tripl\u00e9 en ne prenant \u00ab\u00a0que\u00a0\u00bb l&rsquo;argent sur l&rsquo;\u00e9preuve de difficult\u00e9. C&rsquo;est cette discipline qui \u00e9tait au programme ce weekend, sur la manche de Coupe du monde qui avait lieu \u00e0 Koper, en Slov\u00e9nie, patrie de la l\u00e9gendaire <strong>Janja Garnbret<\/strong> qui a triomph\u00e9 sur l&rsquo;\u00e9preuve dames (La soeur de <strong>Sam, Z\u00e9lia Avezou<\/strong>, seule Fran\u00e7aise en finale, a pris une honorable 5e place \u00e0 2 prises du podium).<\/p>\n<p style=\"text-align: justify;\">Pour le Fran\u00e7ais, les ambitions \u00e9taient toutes autres. Si l&rsquo;autre Bleu, Max Bertone, n&rsquo;a pu faire mieux que 6e,<strong> Sam Avezou<\/strong> s&rsquo;est arrach\u00e9 lors d&rsquo;une finale sur un circuit compliqu\u00e9. Mais il a tout de m\u00eame r\u00e9ussi \u00e0 valider 31 prises, et la 31e lui a offert la 3e place d&rsquo;un cheveu. Devant lui, le champion olympique <strong>Toby Roberts<\/strong>, vainqueur en \u00e9tant le seul \u00e0 aller au bout de la mont\u00e9e, devant son dauphin \u00e0 Paris <strong>Sorato Anraku<\/strong>. Une belle troisi\u00e8me place donc pour <strong>Sam Avezou<\/strong>, de plus en plus install\u00e9 dans le gratin de la discipline.<\/p>\n<blockquote class=\"twitter-tweet\">\n<p dir=\"ltr\" lang=\"en\">TOBY ROBERTS TAKES GOLD IN KOPER AT THE END OF ANOTHER TIGHT BATTLE WITH ANRAKU SORATO! SAM AVEZOU COMPLETES THE PODIUM IN THIRD PLACE!<\/p>\n<p>\ud83e\udd47 Toby Roberts \ud83c\uddec\ud83c\udde7<br \/>\n\ud83e\udd48 Anraku Sorato \ud83c\uddef\ud83c\uddf5<br \/>\n\ud83e\udd49 Sam Avezou \ud83c\uddeb\ud83c\uddf7 <a href=\"https:\/\/twitter.com\/hashtag\/WorldClimbing?src=hash&amp;ref_src=twsrc%5Etfw\">#WorldClimbing<\/a> <a href=\"https:\/\/twitter.com\/hashtag\/KoperWC?src=hash&amp;ref_src=twsrc%5Etfw\">#KoperWC<\/a> <a href=\"https:\/\/t.co\/mNRwux5pXc\">pic.twitter.com\/mNRwux5pXc<\/a><\/p>\n<p>\u2014 International Federation of Sport Climbing (@ifsclimbing) <a href=\"https:\/\/twitter.com\/ifsclimbing\/status\/1832504002497466664?ref_src=twsrc%5Etfw\">September 7, 2024<\/a><\/p><\/blockquote>\n<p style=\"text-align: justify;\"><script async src=\"https:\/\/platform.twitter.com\/widgets.js\" charset=\"utf-8\"><\/script><\/p>\n","protected":false},"excerpt":{"rendered":"<p>COUPE DU MONDE D&rsquo;ESCALADE 2024 &#8211; Confirmant sa bonne passe actuelle, Sam Avezou s&rsquo;est offert un nouveau podium en Coupe du monde \u00e0 Koper.<\/p>\n","protected":false},"author":59,"featured_media":519005,"comment_status":"open","ping_status":"closed","sticky":false,"template":"","format":"standard","meta":{"_acf_changed":false,"_daextam_enable_autolinks":"1","footnotes":""},"categories":[10930],"tags":[16878,25772],"class_list":["post-518999","post","type-post","status-publish","format-standard","has-post-thumbnail","hentry","category-escalade","tag-breve","tag-sam-avezou"],"acf":[],"yoast_head":"<!-- This site is optimized with the Yoast SEO Premium plugin v26.7 (Yoast SEO v26.7) - https:\/\/yoast.com\/wordpress\/plugins\/seo\/ -->\n<title>Escalade : Sam Avezou en bronze en difficult\u00e9 sur la Coupe du monde de Koper<\/title>\n<meta name=\"description\" content=\"COUPE DU MONDE D&#039;ESCALADE 2024 - Confirmant sa bonne passe actuelle, Sam Avezou s&#039;est offert un nouveau podium en Coupe du monde \u00e0 Koper.\" \/>\n<meta name=\"robots\" content=\"index, follow, max-snippet:-1, max-image-preview:large, max-video-preview:-1\" \/>\n<link rel=\"canonical\" href=\"https:\/\/dicodusport.fr\/blog\/escalade-sam-avezou-en-bronze-en-difficulte-sur-la-coupe-du-monde-de-koper\/\" \/>\n<meta property=\"og:locale\" content=\"fr_FR\" \/>\n<meta property=\"og:type\" content=\"article\" \/>\n<meta property=\"og:title\" content=\"Escalade : Sam Avezou en bronze en difficult\u00e9 sur la Coupe du monde de Koper\" \/>\n<meta property=\"og:description\" content=\"COUPE DU MONDE D&#039;ESCALADE 2024 - Confirmant sa bonne passe actuelle, Sam Avezou s&#039;est offert un nouveau podium en Coupe du monde \u00e0 Koper.\" \/>\n<meta property=\"og:url\" content=\"https:\/\/dicodusport.fr\/blog\/escalade-sam-avezou-en-bronze-en-difficulte-sur-la-coupe-du-monde-de-koper\/\" \/>\n<meta property=\"og:site_name\" content=\"Dicodusport\" \/>\n<meta property=\"article:publisher\" content=\"https:\/\/www.facebook.com\/dicodusport\" \/>\n<meta property=\"article:author\" content=\"https:\/\/www.facebook.com\/sebastien.gente\/\" \/>\n<meta property=\"article:published_time\" content=\"2024-09-08T07:24:24+00:00\" \/>\n<meta property=\"og:image\" content=\"https:\/\/dicodusport.fr\/blog\/wp-content\/uploads\/2024\/09\/Escalade-Sam-Avezou-en-bronze-en-difficulte-sur-la-Coupe-du-monde-de-Koper.png\" \/>\n\t<meta property=\"og:image:width\" content=\"1200\" \/>\n\t<meta property=\"og:image:height\" content=\"674\" \/>\n\t<meta property=\"og:image:type\" content=\"image\/png\" \/>\n<meta name=\"author\" content=\"S\u00e9bastien Gente\" \/>\n<meta name=\"twitter:card\" content=\"summary_large_image\" \/>\n<meta name=\"twitter:title\" content=\"Escalade : Sam Avezou en bronze en difficult\u00e9 sur la Coupe du monde de Koper\" \/>\n<meta name=\"twitter:creator\" content=\"@https:\/\/twitter.com\/globulo24\" \/>\n<meta name=\"twitter:site\" content=\"@dicodusport\" \/>\n<script type=\"application\/ld+json\" class=\"yoast-schema-graph\">{\"@context\":\"https:\/\/schema.org\",\"@graph\":[{\"@type\":\"NewsArticle\",\"@id\":\"https:\/\/dicodusport.fr\/blog\/escalade-sam-avezou-en-bronze-en-difficulte-sur-la-coupe-du-monde-de-koper\/#article\",\"isPartOf\":{\"@id\":\"https:\/\/dicodusport.fr\/blog\/escalade-sam-avezou-en-bronze-en-difficulte-sur-la-coupe-du-monde-de-koper\/\"},\"author\":{\"name\":\"S\u00e9bastien Gente\",\"@id\":\"https:\/\/dicodusport.fr\/blog\/#\/schema\/person\/627966a6cde45dbd8c5e36ac85d783da\"},\"headline\":\"Escalade : Sam Avezou en bronze en difficult\u00e9 sur la Coupe du monde de Koper\",\"datePublished\":\"2024-09-08T07:24:24+00:00\",\"mainEntityOfPage\":{\"@id\":\"https:\/\/dicodusport.fr\/blog\/escalade-sam-avezou-en-bronze-en-difficulte-sur-la-coupe-du-monde-de-koper\/\"},\"wordCount\":282,\"commentCount\":0,\"publisher\":{\"@id\":\"https:\/\/dicodusport.fr\/blog\/#organization\"},\"image\":{\"@id\":\"https:\/\/dicodusport.fr\/blog\/escalade-sam-avezou-en-bronze-en-difficulte-sur-la-coupe-du-monde-de-koper\/#primaryimage\"},\"thumbnailUrl\":\"https:\/\/dicodusport.fr\/blog\/wp-content\/uploads\/2024\/09\/Escalade-Sam-Avezou-en-bronze-en-difficulte-sur-la-Coupe-du-monde-de-Koper.png\",\"keywords\":[\"br\u00e8ve\",\"Sam Avezou\"],\"articleSection\":[\"Escalade\"],\"inLanguage\":\"fr-FR\",\"potentialAction\":[{\"@type\":\"CommentAction\",\"name\":\"Comment\",\"target\":[\"https:\/\/dicodusport.fr\/blog\/escalade-sam-avezou-en-bronze-en-difficulte-sur-la-coupe-du-monde-de-koper\/#respond\"]}],\"copyrightYear\":\"2024\",\"copyrightHolder\":{\"@id\":\"https:\/\/dicodusport.fr\/blog\/#organization\"}},{\"@type\":\"WebPage\",\"@id\":\"https:\/\/dicodusport.fr\/blog\/escalade-sam-avezou-en-bronze-en-difficulte-sur-la-coupe-du-monde-de-koper\/\",\"url\":\"https:\/\/dicodusport.fr\/blog\/escalade-sam-avezou-en-bronze-en-difficulte-sur-la-coupe-du-monde-de-koper\/\",\"name\":\"Escalade : Sam Avezou en bronze en difficult\u00e9 sur la Coupe du monde de Koper\",\"isPartOf\":{\"@id\":\"https:\/\/dicodusport.fr\/blog\/#website\"},\"primaryImageOfPage\":{\"@id\":\"https:\/\/dicodusport.fr\/blog\/escalade-sam-avezou-en-bronze-en-difficulte-sur-la-coupe-du-monde-de-koper\/#primaryimage\"},\"image\":{\"@id\":\"https:\/\/dicodusport.fr\/blog\/escalade-sam-avezou-en-bronze-en-difficulte-sur-la-coupe-du-monde-de-koper\/#primaryimage\"},\"thumbnailUrl\":\"https:\/\/dicodusport.fr\/blog\/wp-content\/uploads\/2024\/09\/Escalade-Sam-Avezou-en-bronze-en-difficulte-sur-la-Coupe-du-monde-de-Koper.png\",\"datePublished\":\"2024-09-08T07:24:24+00:00\",\"description\":\"COUPE DU MONDE D'ESCALADE 2024 - Confirmant sa bonne passe actuelle, Sam Avezou s'est offert un nouveau podium en Coupe du monde \u00e0 Koper.\",\"breadcrumb\":{\"@id\":\"https:\/\/dicodusport.fr\/blog\/escalade-sam-avezou-en-bronze-en-difficulte-sur-la-coupe-du-monde-de-koper\/#breadcrumb\"},\"inLanguage\":\"fr-FR\",\"potentialAction\":[{\"@type\":\"ReadAction\",\"target\":[\"https:\/\/dicodusport.fr\/blog\/escalade-sam-avezou-en-bronze-en-difficulte-sur-la-coupe-du-monde-de-koper\/\"]}]},{\"@type\":\"ImageObject\",\"inLanguage\":\"fr-FR\",\"@id\":\"https:\/\/dicodusport.fr\/blog\/escalade-sam-avezou-en-bronze-en-difficulte-sur-la-coupe-du-monde-de-koper\/#primaryimage\",\"url\":\"https:\/\/dicodusport.fr\/blog\/wp-content\/uploads\/2024\/09\/Escalade-Sam-Avezou-en-bronze-en-difficulte-sur-la-Coupe-du-monde-de-Koper.png\",\"contentUrl\":\"https:\/\/dicodusport.fr\/blog\/wp-content\/uploads\/2024\/09\/Escalade-Sam-Avezou-en-bronze-en-difficulte-sur-la-Coupe-du-monde-de-Koper.png\",\"width\":1200,\"height\":674,\"caption\":\"Escalade Sam Avezou en bronze en difficult\u00e9 sur la Coupe du monde de Koper\"},{\"@type\":\"BreadcrumbList\",\"@id\":\"https:\/\/dicodusport.fr\/blog\/escalade-sam-avezou-en-bronze-en-difficulte-sur-la-coupe-du-monde-de-koper\/#breadcrumb\",\"itemListElement\":[{\"@type\":\"ListItem\",\"position\":1,\"name\":\"Accueil\",\"item\":\"https:\/\/dicodusport.fr\/blog\/\"},{\"@type\":\"ListItem\",\"position\":2,\"name\":\"Escalade : Sam Avezou en bronze en difficult\u00e9 sur la Coupe du monde de Koper\"}]},{\"@type\":\"WebSite\",\"@id\":\"https:\/\/dicodusport.fr\/blog\/#website\",\"url\":\"https:\/\/dicodusport.fr\/blog\/\",\"name\":\"Dicodusport\",\"description\":\"L&#039;encyclop\u00e9die de l&#039;actualit\u00e9 sportive\",\"publisher\":{\"@id\":\"https:\/\/dicodusport.fr\/blog\/#organization\"},\"potentialAction\":[{\"@type\":\"SearchAction\",\"target\":{\"@type\":\"EntryPoint\",\"urlTemplate\":\"https:\/\/dicodusport.fr\/blog\/?s={search_term_string}\"},\"query-input\":{\"@type\":\"PropertyValueSpecification\",\"valueRequired\":true,\"valueName\":\"search_term_string\"}}],\"inLanguage\":\"fr-FR\"},{\"@type\":\"NewsMediaOrganization\",\"@id\":\"https:\/\/dicodusport.fr\/blog\/#organization\",\"name\":\"Dicodusport\",\"url\":\"https:\/\/dicodusport.fr\/blog\/\",\"logo\":{\"@type\":\"ImageObject\",\"inLanguage\":\"fr-FR\",\"@id\":\"https:\/\/dicodusport.fr\/blog\/#\/schema\/logo\/image\/\",\"url\":\"https:\/\/dicodusport.fr\/blog\/wp-content\/uploads\/2020\/06\/cropped-LOGO-DICODUSPORT-2020-SANS-FOND-SANS-TEXTE.png\",\"contentUrl\":\"https:\/\/dicodusport.fr\/blog\/wp-content\/uploads\/2020\/06\/cropped-LOGO-DICODUSPORT-2020-SANS-FOND-SANS-TEXTE.png\",\"width\":512,\"height\":512,\"caption\":\"Dicodusport\"},\"image\":{\"@id\":\"https:\/\/dicodusport.fr\/blog\/#\/schema\/logo\/image\/\"},\"sameAs\":[\"https:\/\/www.facebook.com\/dicodusport\",\"https:\/\/x.com\/dicodusport\",\"https:\/\/www.instagram.com\/dicodusport\/\",\"https:\/\/www.youtube.com\/channel\/UC7V2KZ5sd3htJivAbA4ZG3w\"],\"description\":\"Dicodusport est l'encyclop\u00e9die de l'actualit\u00e9 sportive.\",\"email\":\"bonjour@dicodusport.fr\",\"legalName\":\"DICODUSPORT\",\"foundingDate\":\"2018-01-14\",\"vatID\":\"FR71834470973\",\"taxID\":\"83447097300043\",\"numberOfEmployees\":{\"@type\":\"QuantitativeValue\",\"minValue\":\"1\",\"maxValue\":\"10\"}},{\"@type\":\"Person\",\"@id\":\"https:\/\/dicodusport.fr\/blog\/#\/schema\/person\/627966a6cde45dbd8c5e36ac85d783da\",\"name\":\"S\u00e9bastien Gente\",\"image\":{\"@type\":\"ImageObject\",\"inLanguage\":\"fr-FR\",\"@id\":\"https:\/\/dicodusport.fr\/blog\/#\/schema\/person\/image\/\",\"url\":\"https:\/\/dicodusport.fr\/blog\/wp-content\/uploads\/2021\/09\/1510990_10205810251400683_4124423575079401707_n-150x150.jpg\",\"contentUrl\":\"https:\/\/dicodusport.fr\/blog\/wp-content\/uploads\/2021\/09\/1510990_10205810251400683_4124423575079401707_n-150x150.jpg\",\"caption\":\"S\u00e9bastien Gente\"},\"description\":\"John Stockton, Gianni Bugno, Zinedine Zidane, Steffi Graf, Frode Andresen, St\u00e9phane Stoecklin, Davis Kamoga, Primoz Peterka, Werner Schlager et Aur\u00e9lien Rougerie. Point commun entre ces sportifs? Ils m'ont fait r\u00eaver et ont berc\u00e9 mon adolescence. Je suis un fondu de sports et j'essaie de retranscrire ma passion \u00e0 travers mes articles. Originaire du P\u00e9rigord, ma passion pour les Girondins, les Jaunards et les Jazzmen transpire dans mes \u00e9crits. \u00c0 Dicodusport depuis 2021, je d\u00e9niche les sports m\u00e9connus dans lesquels la France brille, et il y en a !\",\"sameAs\":[\"https:\/\/www.facebook.com\/sebastien.gente\/\",\"https:\/\/www.instagram.com\/sebgente\/\",\"https:\/\/www.linkedin.com\/in\/sbastien-gente-a29583169\/\",\"https:\/\/x.com\/https:\/\/twitter.com\/globulo24\",\"SebastienGente\"],\"worksFor\":\"S\u00e9bastien GENTE\",\"url\":\"https:\/\/dicodusport.fr\/blog\/author\/sebastiengente\/\"}]}<\/script>\n<!-- \/ Yoast SEO Premium plugin. -->","yoast_head_json":{"title":"Escalade : Sam Avezou en bronze en difficult\u00e9 sur la Coupe du monde de Koper","description":"COUPE DU MONDE D'ESCALADE 2024 - Confirmant sa bonne passe actuelle, Sam Avezou s'est offert un nouveau podium en Coupe du monde \u00e0 Koper.","robots":{"index":"index","follow":"follow","max-snippet":"max-snippet:-1","max-image-preview":"max-image-preview:large","max-video-preview":"max-video-preview:-1"},"canonical":"https:\/\/dicodusport.fr\/blog\/escalade-sam-avezou-en-bronze-en-difficulte-sur-la-coupe-du-monde-de-koper\/","og_locale":"fr_FR","og_type":"article","og_title":"Escalade : Sam Avezou en bronze en difficult\u00e9 sur la Coupe du monde de Koper","og_description":"COUPE DU MONDE D'ESCALADE 2024 - Confirmant sa bonne passe actuelle, Sam Avezou s'est offert un nouveau podium en Coupe du monde \u00e0 Koper.","og_url":"https:\/\/dicodusport.fr\/blog\/escalade-sam-avezou-en-bronze-en-difficulte-sur-la-coupe-du-monde-de-koper\/","og_site_name":"Dicodusport","article_publisher":"https:\/\/www.facebook.com\/dicodusport","article_author":"https:\/\/www.facebook.com\/sebastien.gente\/","article_published_time":"2024-09-08T07:24:24+00:00","og_image":[{"width":1200,"height":674,"url":"https:\/\/dicodusport.fr\/blog\/wp-content\/uploads\/2024\/09\/Escalade-Sam-Avezou-en-bronze-en-difficulte-sur-la-Coupe-du-monde-de-Koper.png","type":"image\/png"}],"author":"S\u00e9bastien Gente","twitter_card":"summary_large_image","twitter_title":"Escalade : Sam Avezou en bronze en difficult\u00e9 sur la Coupe du monde de Koper","twitter_creator":"@https:\/\/twitter.com\/globulo24","twitter_site":"@dicodusport","schema":{"@context":"https:\/\/schema.org","@graph":[{"@type":"NewsArticle","@id":"https:\/\/dicodusport.fr\/blog\/escalade-sam-avezou-en-bronze-en-difficulte-sur-la-coupe-du-monde-de-koper\/#article","isPartOf":{"@id":"https:\/\/dicodusport.fr\/blog\/escalade-sam-avezou-en-bronze-en-difficulte-sur-la-coupe-du-monde-de-koper\/"},"author":{"name":"S\u00e9bastien Gente","@id":"https:\/\/dicodusport.fr\/blog\/#\/schema\/person\/627966a6cde45dbd8c5e36ac85d783da"},"headline":"Escalade : Sam Avezou en bronze en difficult\u00e9 sur la Coupe du monde de Koper","datePublished":"2024-09-08T07:24:24+00:00","mainEntityOfPage":{"@id":"https:\/\/dicodusport.fr\/blog\/escalade-sam-avezou-en-bronze-en-difficulte-sur-la-coupe-du-monde-de-koper\/"},"wordCount":282,"commentCount":0,"publisher":{"@id":"https:\/\/dicodusport.fr\/blog\/#organization"},"image":{"@id":"https:\/\/dicodusport.fr\/blog\/escalade-sam-avezou-en-bronze-en-difficulte-sur-la-coupe-du-monde-de-koper\/#primaryimage"},"thumbnailUrl":"https:\/\/dicodusport.fr\/blog\/wp-content\/uploads\/2024\/09\/Escalade-Sam-Avezou-en-bronze-en-difficulte-sur-la-Coupe-du-monde-de-Koper.png","keywords":["br\u00e8ve","Sam Avezou"],"articleSection":["Escalade"],"inLanguage":"fr-FR","potentialAction":[{"@type":"CommentAction","name":"Comment","target":["https:\/\/dicodusport.fr\/blog\/escalade-sam-avezou-en-bronze-en-difficulte-sur-la-coupe-du-monde-de-koper\/#respond"]}],"copyrightYear":"2024","copyrightHolder":{"@id":"https:\/\/dicodusport.fr\/blog\/#organization"}},{"@type":"WebPage","@id":"https:\/\/dicodusport.fr\/blog\/escalade-sam-avezou-en-bronze-en-difficulte-sur-la-coupe-du-monde-de-koper\/","url":"https:\/\/dicodusport.fr\/blog\/escalade-sam-avezou-en-bronze-en-difficulte-sur-la-coupe-du-monde-de-koper\/","name":"Escalade : Sam Avezou en bronze en difficult\u00e9 sur la Coupe du monde de Koper","isPartOf":{"@id":"https:\/\/dicodusport.fr\/blog\/#website"},"primaryImageOfPage":{"@id":"https:\/\/dicodusport.fr\/blog\/escalade-sam-avezou-en-bronze-en-difficulte-sur-la-coupe-du-monde-de-koper\/#primaryimage"},"image":{"@id":"https:\/\/dicodusport.fr\/blog\/escalade-sam-avezou-en-bronze-en-difficulte-sur-la-coupe-du-monde-de-koper\/#primaryimage"},"thumbnailUrl":"https:\/\/dicodusport.fr\/blog\/wp-content\/uploads\/2024\/09\/Escalade-Sam-Avezou-en-bronze-en-difficulte-sur-la-Coupe-du-monde-de-Koper.png","datePublished":"2024-09-08T07:24:24+00:00","description":"COUPE DU MONDE D'ESCALADE 2024 - Confirmant sa bonne passe actuelle, Sam Avezou s'est offert un nouveau podium en Coupe du monde \u00e0 Koper.","breadcrumb":{"@id":"https:\/\/dicodusport.fr\/blog\/escalade-sam-avezou-en-bronze-en-difficulte-sur-la-coupe-du-monde-de-koper\/#breadcrumb"},"inLanguage":"fr-FR","potentialAction":[{"@type":"ReadAction","target":["https:\/\/dicodusport.fr\/blog\/escalade-sam-avezou-en-bronze-en-difficulte-sur-la-coupe-du-monde-de-koper\/"]}]},{"@type":"ImageObject","inLanguage":"fr-FR","@id":"https:\/\/dicodusport.fr\/blog\/escalade-sam-avezou-en-bronze-en-difficulte-sur-la-coupe-du-monde-de-koper\/#primaryimage","url":"https:\/\/dicodusport.fr\/blog\/wp-content\/uploads\/2024\/09\/Escalade-Sam-Avezou-en-bronze-en-difficulte-sur-la-Coupe-du-monde-de-Koper.png","contentUrl":"https:\/\/dicodusport.fr\/blog\/wp-content\/uploads\/2024\/09\/Escalade-Sam-Avezou-en-bronze-en-difficulte-sur-la-Coupe-du-monde-de-Koper.png","width":1200,"height":674,"caption":"Escalade Sam Avezou en bronze en difficult\u00e9 sur la Coupe du monde de Koper"},{"@type":"BreadcrumbList","@id":"https:\/\/dicodusport.fr\/blog\/escalade-sam-avezou-en-bronze-en-difficulte-sur-la-coupe-du-monde-de-koper\/#breadcrumb","itemListElement":[{"@type":"ListItem","position":1,"name":"Accueil","item":"https:\/\/dicodusport.fr\/blog\/"},{"@type":"ListItem","position":2,"name":"Escalade : Sam Avezou en bronze en difficult\u00e9 sur la Coupe du monde de Koper"}]},{"@type":"WebSite","@id":"https:\/\/dicodusport.fr\/blog\/#website","url":"https:\/\/dicodusport.fr\/blog\/","name":"Dicodusport","description":"L&#039;encyclop\u00e9die de l&#039;actualit\u00e9 sportive","publisher":{"@id":"https:\/\/dicodusport.fr\/blog\/#organization"},"potentialAction":[{"@type":"SearchAction","target":{"@type":"EntryPoint","urlTemplate":"https:\/\/dicodusport.fr\/blog\/?s={search_term_string}"},"query-input":{"@type":"PropertyValueSpecification","valueRequired":true,"valueName":"search_term_string"}}],"inLanguage":"fr-FR"},{"@type":"NewsMediaOrganization","@id":"https:\/\/dicodusport.fr\/blog\/#organization","name":"Dicodusport","url":"https:\/\/dicodusport.fr\/blog\/","logo":{"@type":"ImageObject","inLanguage":"fr-FR","@id":"https:\/\/dicodusport.fr\/blog\/#\/schema\/logo\/image\/","url":"https:\/\/dicodusport.fr\/blog\/wp-content\/uploads\/2020\/06\/cropped-LOGO-DICODUSPORT-2020-SANS-FOND-SANS-TEXTE.png","contentUrl":"https:\/\/dicodusport.fr\/blog\/wp-content\/uploads\/2020\/06\/cropped-LOGO-DICODUSPORT-2020-SANS-FOND-SANS-TEXTE.png","width":512,"height":512,"caption":"Dicodusport"},"image":{"@id":"https:\/\/dicodusport.fr\/blog\/#\/schema\/logo\/image\/"},"sameAs":["https:\/\/www.facebook.com\/dicodusport","https:\/\/x.com\/dicodusport","https:\/\/www.instagram.com\/dicodusport\/","https:\/\/www.youtube.com\/channel\/UC7V2KZ5sd3htJivAbA4ZG3w"],"description":"Dicodusport est l'encyclop\u00e9die de l'actualit\u00e9 sportive.","email":"bonjour@dicodusport.fr","legalName":"DICODUSPORT","foundingDate":"2018-01-14","vatID":"FR71834470973","taxID":"83447097300043","numberOfEmployees":{"@type":"QuantitativeValue","minValue":"1","maxValue":"10"}},{"@type":"Person","@id":"https:\/\/dicodusport.fr\/blog\/#\/schema\/person\/627966a6cde45dbd8c5e36ac85d783da","name":"S\u00e9bastien Gente","image":{"@type":"ImageObject","inLanguage":"fr-FR","@id":"https:\/\/dicodusport.fr\/blog\/#\/schema\/person\/image\/","url":"https:\/\/dicodusport.fr\/blog\/wp-content\/uploads\/2021\/09\/1510990_10205810251400683_4124423575079401707_n-150x150.jpg","contentUrl":"https:\/\/dicodusport.fr\/blog\/wp-content\/uploads\/2021\/09\/1510990_10205810251400683_4124423575079401707_n-150x150.jpg","caption":"S\u00e9bastien Gente"},"description":"John Stockton, Gianni Bugno, Zinedine Zidane, Steffi Graf, Frode Andresen, St\u00e9phane Stoecklin, Davis Kamoga, Primoz Peterka, Werner Schlager et Aur\u00e9lien Rougerie. Point commun entre ces sportifs? Ils m'ont fait r\u00eaver et ont berc\u00e9 mon adolescence. Je suis un fondu de sports et j'essaie de retranscrire ma passion \u00e0 travers mes articles. Originaire du P\u00e9rigord, ma passion pour les Girondins, les Jaunards et les Jazzmen transpire dans mes \u00e9crits. \u00c0 Dicodusport depuis 2021, je d\u00e9niche les sports m\u00e9connus dans lesquels la France brille, et il y en a !","sameAs":["https:\/\/www.facebook.com\/sebastien.gente\/","https:\/\/www.instagram.com\/sebgente\/","https:\/\/www.linkedin.com\/in\/sbastien-gente-a29583169\/","https:\/\/x.com\/https:\/\/twitter.com\/globulo24","SebastienGente"],"worksFor":"S\u00e9bastien GENTE","url":"https:\/\/dicodusport.fr\/blog\/author\/sebastiengente\/"}]}},"_links":{"self":[{"href":"https:\/\/dicodusport.fr\/blog\/wp-json\/wp\/v2\/posts\/518999","targetHints":{"allow":["GET"]}}],"collection":[{"href":"https:\/\/dicodusport.fr\/blog\/wp-json\/wp\/v2\/posts"}],"about":[{"href":"https:\/\/dicodusport.fr\/blog\/wp-json\/wp\/v2\/types\/post"}],"author":[{"embeddable":true,"href":"https:\/\/dicodusport.fr\/blog\/wp-json\/wp\/v2\/users\/59"}],"replies":[{"embeddable":true,"href":"https:\/\/dicodusport.fr\/blog\/wp-json\/wp\/v2\/comments?post=518999"}],"version-history":[{"count":1,"href":"https:\/\/dicodusport.fr\/blog\/wp-json\/wp\/v2\/posts\/518999\/revisions"}],"predecessor-version":[{"id":519007,"href":"https:\/\/dicodusport.fr\/blog\/wp-json\/wp\/v2\/posts\/518999\/revisions\/519007"}],"wp:featuredmedia":[{"embeddable":true,"href":"https:\/\/dicodusport.fr\/blog\/wp-json\/wp\/v2\/media\/519005"}],"wp:attachment":[{"href":"https:\/\/dicodusport.fr\/blog\/wp-json\/wp\/v2\/media?parent=518999"}],"wp:term":[{"taxonomy":"category","embeddable":true,"href":"https:\/\/dicodusport.fr\/blog\/wp-json\/wp\/v2\/categories?post=518999"},{"taxonomy":"post_tag","embeddable":true,"href":"https:\/\/dicodusport.fr\/blog\/wp-json\/wp\/v2\/tags?post=518999"}],"curies":[{"name":"wp","href":"https:\/\/api.w.org\/{rel}","templated":true}]}}