{"id":519184,"date":"2024-09-08T19:38:03","date_gmt":"2024-09-08T17:38:03","guid":{"rendered":"https:\/\/dicodusport.fr\/blog\/?p=519184&#038;preview=true&#038;preview_id=519184"},"modified":"2024-09-09T16:58:27","modified_gmt":"2024-09-09T14:58:27","slug":"tour-despagne-2024-le-general-pour-primoz-roglic-le-chrono-final-pour-stefan-kung","status":"publish","type":"post","link":"https:\/\/dicodusport.fr\/blog\/tour-despagne-2024-le-general-pour-primoz-roglic-le-chrono-final-pour-stefan-kung\/","title":{"rendered":"Tour d&rsquo;Espagne 2024 : Le g\u00e9n\u00e9ral pour Primoz Roglic, le chrono final pour Stefan K\u00fcng"},"content":{"rendered":"<p style=\"text-align: justify;\"><strong><em>TOUR D&rsquo;ESPAGNE 2024 &#8211; Stefan K\u00fcng (Groupama-FDJ) a d\u00e9croch\u00e9 la victoire sur la 21e \u00e9tape en remportant le chrono final dans les rues de Madrid. Deuxi\u00e8me de l&rsquo;\u00e9tape, Primoz Roglic (Red Bull-Bora-Hansgrohe) s&rsquo;est adjug\u00e9 pour la quatri\u00e8me fois de sa carri\u00e8re le classement g\u00e9n\u00e9ral de La Vuelta.<\/em><\/strong><\/p>\n<ul style=\"text-align: justify;\">\n<li style=\"text-align: justify;\"><strong>\u00c0 ce sujet \u2013\u00a0<a href=\"https:\/\/dicodusport.fr\/blog\/tour-despagne-2024-classement-general-de-la-vuelta\/\">Tour d\u2019Espagne 2024 : Classement g\u00e9n\u00e9ral de la Vuelta<\/a><\/strong><\/li>\n<li style=\"text-align: justify;\"><strong>\u00c0 ce sujet \u2013 <a href=\"https:\/\/dicodusport.fr\/blog\/tour-despagne-2024-classement-21eme-etape-de-la-vuelta\/\">Le classement de la 21e \u00e9tape du Tour d&rsquo;Espagne 2024<\/a><\/strong><\/li>\n<\/ul>\n<p style=\"text-align: justify;\">D&rsquo;abord,\u00a0<strong>Stefan K\u00fcng\u00a0<\/strong>(Groupama-FDJ) a fin \u00e0 deux ans, trois mois et 19 jours de disette pour la formation de Marc Madiot en Grand Tour, soit depuis la razzia d&rsquo;Arnaud D\u00e9mare sur le Giro 2022. Le champion de Suisse du contre-la-montre a \u00e9t\u00e9 intraitable sur un parcours plut\u00f4t plat \u00e0 Madrid. Au premier temps interm\u00e9diaire, il avait 13.84 secondes d&rsquo;avance sur <strong>Primoz Roglic<\/strong> (Red Bull-Bora-Hansgrohe). Puis, au second interm\u00e9diaire, il a accentu\u00e9 son avance sur son dauphin slov\u00e8ne avec 28.07 secondes d&rsquo;avance. Enfin, il a sign\u00e9 le meilleur temps en 26 minutes 28 secondes et 37 centi\u00e8mes \u00e0 55,755 km\/h de moyenne.<\/p>\n<p style=\"text-align: justify;\"><strong>Primoz Roglic<\/strong> (Red Bull-Bora-Hansgrohe) a effectu\u00e9 un chrono s\u00e9rieux avec le deuxi\u00e8me temps \u00e0 30.68 secondes pour s&rsquo;adjuger pour la quatri\u00e8me fois le classement g\u00e9n\u00e9ral du Tour d&rsquo;Espagne, apr\u00e8s 2019, 2020 et 2021. Le Slov\u00e8ne a rejoint Roberto Heras chez les recordmans de succ\u00e8s sur le g\u00e9n\u00e9ral de ce Grand Tour. Ensuite, <strong>Mattia Cattaneo<\/strong> (Soudal Quick-Step) a compl\u00e9t\u00e9 le podium de l&rsquo;\u00e9tape \u00e0 41.90 mais le coureur italien pourrait prendre une p\u00e9nalit\u00e9 puisqu&rsquo;il n&rsquo;a pas respect\u00e9 l&rsquo;itin\u00e9raire.<\/p>\n<blockquote class=\"twitter-tweet\">\n<p dir=\"ltr\" lang=\"fr\">\ud835\udc0f\ud835\udc2b\ud835\udc22\ud835\udc26\ud835\udc28\ud835\udc33 \ud835\udc11\ud835\udc28\ud835\udc20\ud835\udc25\ud835\udc22\ud835\udc1c \ud835\udc2b\ud835\udc28\ud835\udc22 \ud835\udc1d&rsquo;\ud835\udc04\ud835\udc2c\ud835\udc29\ud835\udc1a\ud835\udc20\ud835\udc27\ud835\udc1e ! Le Slov\u00e8ne inscrit son nom au palmar\u00e8s de la Vuelta pour la quatri\u00e8me fois, Stefan K\u00fcng remporte le contre-la-montre final \u00e0 Madrid <a href=\"https:\/\/twitter.com\/hashtag\/LaVuelta24?src=hash&amp;ref_src=twsrc%5Etfw\">#LaVuelta24<\/a> <a href=\"https:\/\/twitter.com\/hashtag\/LesRP?src=hash&amp;ref_src=twsrc%5Etfw\">#LesRP<\/a> <a href=\"https:\/\/t.co\/zZT89drrlT\">pic.twitter.com\/zZT89drrlT<\/a><\/p>\n<p>\u2014 Eurosport France (@Eurosport_FR) <a href=\"https:\/\/twitter.com\/Eurosport_FR\/status\/1832836662067425741?ref_src=twsrc%5Etfw\">September 8, 2024<\/a><\/p><\/blockquote>\n<p><script async src=\"https:\/\/platform.twitter.com\/widgets.js\" charset=\"utf-8\"><\/script><\/p>\n<h2 style=\"text-align: justify;\">O&rsquo;Connor, bon deuxi\u00e8me<\/h2>\n<p style=\"text-align: justify;\">La lutte pour la deuxi\u00e8me place au g\u00e9n\u00e9ral, la bataille n&rsquo;a pas dur\u00e9 longtemps. En effet,\u00a0<strong>Ben O&rsquo;Connor\u00a0<\/strong>(Decathlon AG2R La Mondiale) a rapidement pris le meilleur sur\u00a0<strong>Enric Mas\u00a0<\/strong>(Movistar). Le coureur australien a fini onzi\u00e8me \u00e0 1:05.54 tandis que le grimpeur espagnol a termin\u00e9 23e \u00e0 1:37.11. <strong>Ben O&rsquo;Connor<\/strong> (Decathlon AG2R La Mondiale) a donc fini deuxi\u00e8me du g\u00e9n\u00e9ral \u00e0 2:36 de Roglic.<\/p>\n<p style=\"text-align: justify;\">Enfin,\u00a0<strong>David Gaudu\u00a0<\/strong>(Groupama-FDJ) n&rsquo;a pas pu r\u00e9sister \u00e0 <strong>Mattias Skjelmose\u00a0<\/strong>(Lidl-Trek) dans la lutte pour le top 5. Bien moins fort sur ce type d&rsquo;effort, le grimpeur breton a c\u00e9d\u00e9 1:13 au coureur danois alors qu&rsquo;il avait 30 secondes d&rsquo;avance au d\u00e9part. N\u00e9anmoins, Gaudu peut \u00eatre satisfait de son Tour d&rsquo;Espagne avec une sixi\u00e8me place \u00e0 6:32. Un autre coureur tricolore a fini dans le top 10 avec <strong>Pavel Sivakov<\/strong> (UAE Team Emirates), neuvi\u00e8me \u00e0 10:04. Malheureusement, les coureurs fran\u00e7ais n&rsquo;ont pas r\u00e9ussi \u00e0 glaner une victoire d&rsquo;\u00e9tape sur ce Tour d&rsquo;Espagne.<\/p>\n","protected":false},"excerpt":{"rendered":"<p>Le g\u00e9n\u00e9ral pour Primoz Roglic, le chrono final pour Stefan K\u00fcng<\/p>\n","protected":false},"author":48,"featured_media":519298,"comment_status":"open","ping_status":"closed","sticky":false,"template":"","format":"standard","meta":{"_acf_changed":false,"_daextam_enable_autolinks":"1","footnotes":""},"categories":[47042],"tags":[16878,24,1671],"class_list":["post-519184","post","type-post","status-publish","format-standard","has-post-thumbnail","hentry","category-tour-d-espagne","tag-breve","tag-sport","tag-tour-despagne"],"acf":[],"yoast_head":"<!-- This site is optimized with the Yoast SEO Premium plugin v26.7 (Yoast SEO v26.7) - https:\/\/yoast.com\/wordpress\/plugins\/seo\/ -->\n<title>Tour d&#039;Espagne 2024 : Le g\u00e9n\u00e9ral pour Primoz Roglic, le chrono final pour Stefan K\u00fcng<\/title>\n<meta name=\"description\" content=\"TOUR D&#039;ESPAGNE 2024 - Primoz Roglic (Red Bull-Bora-Hansgrohe) s&#039;est adjug\u00e9 pour la quatri\u00e8me fois de la carri\u00e8re le classement g\u00e9n\u00e9ral de La Vuelta.\" \/>\n<meta name=\"robots\" content=\"index, follow, max-snippet:-1, max-image-preview:large, max-video-preview:-1\" \/>\n<link rel=\"canonical\" href=\"https:\/\/dicodusport.fr\/blog\/tour-despagne-2024-le-general-pour-primoz-roglic-le-chrono-final-pour-stefan-kung\/\" \/>\n<meta property=\"og:locale\" content=\"fr_FR\" \/>\n<meta property=\"og:type\" content=\"article\" \/>\n<meta property=\"og:title\" content=\"Tour d&#039;Espagne 2024 : Le g\u00e9n\u00e9ral pour Primoz Roglic, le chrono final pour Stefan K\u00fcng\" \/>\n<meta property=\"og:description\" content=\"TOUR D&#039;ESPAGNE 2024 - Primoz Roglic (Red Bull-Bora-Hansgrohe) s&#039;est adjug\u00e9 pour la quatri\u00e8me fois de la carri\u00e8re le classement g\u00e9n\u00e9ral de La Vuelta.\" \/>\n<meta property=\"og:url\" content=\"https:\/\/dicodusport.fr\/blog\/tour-despagne-2024-le-general-pour-primoz-roglic-le-chrono-final-pour-stefan-kung\/\" \/>\n<meta property=\"og:site_name\" content=\"Dicodusport\" \/>\n<meta property=\"article:publisher\" content=\"https:\/\/www.facebook.com\/dicodusport\" \/>\n<meta property=\"article:author\" content=\"https:\/\/www.facebook.com\/groups\/LesRoisDuPeloton\" \/>\n<meta property=\"article:published_time\" content=\"2024-09-08T17:38:03+00:00\" \/>\n<meta property=\"article:modified_time\" content=\"2024-09-09T14:58:27+00:00\" \/>\n<meta property=\"og:image\" content=\"https:\/\/dicodusport.fr\/blog\/wp-content\/uploads\/2024\/09\/Tour-dEspagne-2024-Le-general-pour-Primoz-Roglic-le-chrono-final-pour-Stefan-Kung-1.png\" \/>\n\t<meta property=\"og:image:width\" content=\"1200\" \/>\n\t<meta property=\"og:image:height\" content=\"674\" \/>\n\t<meta property=\"og:image:type\" content=\"image\/png\" \/>\n<meta name=\"author\" content=\"Emilien Descampiaux\" \/>\n<meta name=\"twitter:card\" content=\"summary_large_image\" \/>\n<meta name=\"twitter:title\" content=\"Tour d&#039;Espagne 2024 : Le g\u00e9n\u00e9ral pour Primoz Roglic, le chrono final pour Stefan K\u00fcng\" \/>\n<meta name=\"twitter:creator\" content=\"@https:\/\/twitter.com\/LRoisDuPeloton\" \/>\n<meta name=\"twitter:site\" content=\"@dicodusport\" \/>\n<script type=\"application\/ld+json\" class=\"yoast-schema-graph\">{\"@context\":\"https:\/\/schema.org\",\"@graph\":[{\"@type\":\"NewsArticle\",\"@id\":\"https:\/\/dicodusport.fr\/blog\/tour-despagne-2024-le-general-pour-primoz-roglic-le-chrono-final-pour-stefan-kung\/#article\",\"isPartOf\":{\"@id\":\"https:\/\/dicodusport.fr\/blog\/tour-despagne-2024-le-general-pour-primoz-roglic-le-chrono-final-pour-stefan-kung\/\"},\"author\":{\"name\":\"Emilien Descampiaux\",\"@id\":\"https:\/\/dicodusport.fr\/blog\/#\/schema\/person\/6db4bae06b171592211be385b32876a7\"},\"headline\":\"Tour d&rsquo;Espagne 2024 : Le g\u00e9n\u00e9ral pour Primoz Roglic, le chrono final pour Stefan K\u00fcng\",\"datePublished\":\"2024-09-08T17:38:03+00:00\",\"dateModified\":\"2024-09-09T14:58:27+00:00\",\"mainEntityOfPage\":{\"@id\":\"https:\/\/dicodusport.fr\/blog\/tour-despagne-2024-le-general-pour-primoz-roglic-le-chrono-final-pour-stefan-kung\/\"},\"wordCount\":501,\"commentCount\":0,\"publisher\":{\"@id\":\"https:\/\/dicodusport.fr\/blog\/#organization\"},\"image\":{\"@id\":\"https:\/\/dicodusport.fr\/blog\/tour-despagne-2024-le-general-pour-primoz-roglic-le-chrono-final-pour-stefan-kung\/#primaryimage\"},\"thumbnailUrl\":\"https:\/\/dicodusport.fr\/blog\/wp-content\/uploads\/2024\/09\/Tour-dEspagne-2024-Le-general-pour-Primoz-Roglic-le-chrono-final-pour-Stefan-Kung-1.png\",\"keywords\":[\"br\u00e8ve\",\"sport\",\"Tour d'Espagne\"],\"articleSection\":[\"Tour d'Espagne\"],\"inLanguage\":\"fr-FR\",\"potentialAction\":[{\"@type\":\"CommentAction\",\"name\":\"Comment\",\"target\":[\"https:\/\/dicodusport.fr\/blog\/tour-despagne-2024-le-general-pour-primoz-roglic-le-chrono-final-pour-stefan-kung\/#respond\"]}],\"copyrightYear\":\"2024\",\"copyrightHolder\":{\"@id\":\"https:\/\/dicodusport.fr\/blog\/#organization\"}},{\"@type\":\"WebPage\",\"@id\":\"https:\/\/dicodusport.fr\/blog\/tour-despagne-2024-le-general-pour-primoz-roglic-le-chrono-final-pour-stefan-kung\/\",\"url\":\"https:\/\/dicodusport.fr\/blog\/tour-despagne-2024-le-general-pour-primoz-roglic-le-chrono-final-pour-stefan-kung\/\",\"name\":\"Tour d'Espagne 2024 : Le g\u00e9n\u00e9ral pour Primoz Roglic, le chrono final pour Stefan K\u00fcng\",\"isPartOf\":{\"@id\":\"https:\/\/dicodusport.fr\/blog\/#website\"},\"primaryImageOfPage\":{\"@id\":\"https:\/\/dicodusport.fr\/blog\/tour-despagne-2024-le-general-pour-primoz-roglic-le-chrono-final-pour-stefan-kung\/#primaryimage\"},\"image\":{\"@id\":\"https:\/\/dicodusport.fr\/blog\/tour-despagne-2024-le-general-pour-primoz-roglic-le-chrono-final-pour-stefan-kung\/#primaryimage\"},\"thumbnailUrl\":\"https:\/\/dicodusport.fr\/blog\/wp-content\/uploads\/2024\/09\/Tour-dEspagne-2024-Le-general-pour-Primoz-Roglic-le-chrono-final-pour-Stefan-Kung-1.png\",\"datePublished\":\"2024-09-08T17:38:03+00:00\",\"dateModified\":\"2024-09-09T14:58:27+00:00\",\"description\":\"TOUR D'ESPAGNE 2024 - Primoz Roglic (Red Bull-Bora-Hansgrohe) s'est adjug\u00e9 pour la quatri\u00e8me fois de la carri\u00e8re le classement g\u00e9n\u00e9ral de La Vuelta.\",\"breadcrumb\":{\"@id\":\"https:\/\/dicodusport.fr\/blog\/tour-despagne-2024-le-general-pour-primoz-roglic-le-chrono-final-pour-stefan-kung\/#breadcrumb\"},\"inLanguage\":\"fr-FR\",\"potentialAction\":[{\"@type\":\"ReadAction\",\"target\":[\"https:\/\/dicodusport.fr\/blog\/tour-despagne-2024-le-general-pour-primoz-roglic-le-chrono-final-pour-stefan-kung\/\"]}]},{\"@type\":\"ImageObject\",\"inLanguage\":\"fr-FR\",\"@id\":\"https:\/\/dicodusport.fr\/blog\/tour-despagne-2024-le-general-pour-primoz-roglic-le-chrono-final-pour-stefan-kung\/#primaryimage\",\"url\":\"https:\/\/dicodusport.fr\/blog\/wp-content\/uploads\/2024\/09\/Tour-dEspagne-2024-Le-general-pour-Primoz-Roglic-le-chrono-final-pour-Stefan-Kung-1.png\",\"contentUrl\":\"https:\/\/dicodusport.fr\/blog\/wp-content\/uploads\/2024\/09\/Tour-dEspagne-2024-Le-general-pour-Primoz-Roglic-le-chrono-final-pour-Stefan-Kung-1.png\",\"width\":1200,\"height\":674,\"caption\":\"Tour d'Espagne 2024 Le g\u00e9n\u00e9ral pour Primoz Roglic, le chrono final pour Stefan K\u00fcng (1)\"},{\"@type\":\"BreadcrumbList\",\"@id\":\"https:\/\/dicodusport.fr\/blog\/tour-despagne-2024-le-general-pour-primoz-roglic-le-chrono-final-pour-stefan-kung\/#breadcrumb\",\"itemListElement\":[{\"@type\":\"ListItem\",\"position\":1,\"name\":\"Accueil\",\"item\":\"https:\/\/dicodusport.fr\/blog\/\"},{\"@type\":\"ListItem\",\"position\":2,\"name\":\"Tour d&#8217;Espagne 2024 : Le g\u00e9n\u00e9ral pour Primoz Roglic, le chrono final pour Stefan K\u00fcng\"}]},{\"@type\":\"WebSite\",\"@id\":\"https:\/\/dicodusport.fr\/blog\/#website\",\"url\":\"https:\/\/dicodusport.fr\/blog\/\",\"name\":\"Dicodusport\",\"description\":\"L&#039;encyclop\u00e9die de l&#039;actualit\u00e9 sportive\",\"publisher\":{\"@id\":\"https:\/\/dicodusport.fr\/blog\/#organization\"},\"potentialAction\":[{\"@type\":\"SearchAction\",\"target\":{\"@type\":\"EntryPoint\",\"urlTemplate\":\"https:\/\/dicodusport.fr\/blog\/?s={search_term_string}\"},\"query-input\":{\"@type\":\"PropertyValueSpecification\",\"valueRequired\":true,\"valueName\":\"search_term_string\"}}],\"inLanguage\":\"fr-FR\"},{\"@type\":\"NewsMediaOrganization\",\"@id\":\"https:\/\/dicodusport.fr\/blog\/#organization\",\"name\":\"Dicodusport\",\"url\":\"https:\/\/dicodusport.fr\/blog\/\",\"logo\":{\"@type\":\"ImageObject\",\"inLanguage\":\"fr-FR\",\"@id\":\"https:\/\/dicodusport.fr\/blog\/#\/schema\/logo\/image\/\",\"url\":\"https:\/\/dicodusport.fr\/blog\/wp-content\/uploads\/2020\/06\/cropped-LOGO-DICODUSPORT-2020-SANS-FOND-SANS-TEXTE.png\",\"contentUrl\":\"https:\/\/dicodusport.fr\/blog\/wp-content\/uploads\/2020\/06\/cropped-LOGO-DICODUSPORT-2020-SANS-FOND-SANS-TEXTE.png\",\"width\":512,\"height\":512,\"caption\":\"Dicodusport\"},\"image\":{\"@id\":\"https:\/\/dicodusport.fr\/blog\/#\/schema\/logo\/image\/\"},\"sameAs\":[\"https:\/\/www.facebook.com\/dicodusport\",\"https:\/\/x.com\/dicodusport\",\"https:\/\/www.instagram.com\/dicodusport\/\",\"https:\/\/www.youtube.com\/channel\/UC7V2KZ5sd3htJivAbA4ZG3w\"],\"description\":\"Dicodusport est l'encyclop\u00e9die de l'actualit\u00e9 sportive.\",\"email\":\"bonjour@dicodusport.fr\",\"legalName\":\"DICODUSPORT\",\"foundingDate\":\"2018-01-14\",\"vatID\":\"FR71834470973\",\"taxID\":\"83447097300043\",\"numberOfEmployees\":{\"@type\":\"QuantitativeValue\",\"minValue\":\"1\",\"maxValue\":\"10\"}},{\"@type\":\"Person\",\"@id\":\"https:\/\/dicodusport.fr\/blog\/#\/schema\/person\/6db4bae06b171592211be385b32876a7\",\"name\":\"Emilien Descampiaux\",\"image\":{\"@type\":\"ImageObject\",\"inLanguage\":\"fr-FR\",\"@id\":\"https:\/\/dicodusport.fr\/blog\/#\/schema\/person\/image\/\",\"url\":\"https:\/\/dicodusport.fr\/blog\/wp-content\/uploads\/2021\/05\/Emilien-Descampiaux-150x150.jpg\",\"contentUrl\":\"https:\/\/dicodusport.fr\/blog\/wp-content\/uploads\/2021\/05\/Emilien-Descampiaux-150x150.jpg\",\"caption\":\"Emilien Descampiaux\"},\"description\":\"Journaliste\/r\u00e9dacteur depuis 2014 - Fan de la classe de Frank Vandenbroucke, je vis cyclisme (et de ses paysages) depuis plus de 20 ans. Je suis tr\u00e8s impliqu\u00e9 sur mes diff\u00e9rents r\u00e9seaux sociaux pour partager ma passion sur le monde et l'Histoire de la bicyclette avec ma voix sur les images en noir et blanc du succ\u00e8s de Rik Van Steenbergen lors du Ronde sur le V\u00e9lodrome de Gand.\",\"sameAs\":[\"https:\/\/www.facebook.com\/groups\/LesRoisDuPeloton\",\"https:\/\/x.com\/https:\/\/twitter.com\/LRoisDuPeloton\"],\"url\":\"https:\/\/dicodusport.fr\/blog\/author\/emiliend\/\"}]}<\/script>\n<!-- \/ Yoast SEO Premium plugin. -->","yoast_head_json":{"title":"Tour d'Espagne 2024 : Le g\u00e9n\u00e9ral pour Primoz Roglic, le chrono final pour Stefan K\u00fcng","description":"TOUR D'ESPAGNE 2024 - Primoz Roglic (Red Bull-Bora-Hansgrohe) s'est adjug\u00e9 pour la quatri\u00e8me fois de la carri\u00e8re le classement g\u00e9n\u00e9ral de La Vuelta.","robots":{"index":"index","follow":"follow","max-snippet":"max-snippet:-1","max-image-preview":"max-image-preview:large","max-video-preview":"max-video-preview:-1"},"canonical":"https:\/\/dicodusport.fr\/blog\/tour-despagne-2024-le-general-pour-primoz-roglic-le-chrono-final-pour-stefan-kung\/","og_locale":"fr_FR","og_type":"article","og_title":"Tour d'Espagne 2024 : Le g\u00e9n\u00e9ral pour Primoz Roglic, le chrono final pour Stefan K\u00fcng","og_description":"TOUR D'ESPAGNE 2024 - Primoz Roglic (Red Bull-Bora-Hansgrohe) s'est adjug\u00e9 pour la quatri\u00e8me fois de la carri\u00e8re le classement g\u00e9n\u00e9ral de La Vuelta.","og_url":"https:\/\/dicodusport.fr\/blog\/tour-despagne-2024-le-general-pour-primoz-roglic-le-chrono-final-pour-stefan-kung\/","og_site_name":"Dicodusport","article_publisher":"https:\/\/www.facebook.com\/dicodusport","article_author":"https:\/\/www.facebook.com\/groups\/LesRoisDuPeloton","article_published_time":"2024-09-08T17:38:03+00:00","article_modified_time":"2024-09-09T14:58:27+00:00","og_image":[{"width":1200,"height":674,"url":"https:\/\/dicodusport.fr\/blog\/wp-content\/uploads\/2024\/09\/Tour-dEspagne-2024-Le-general-pour-Primoz-Roglic-le-chrono-final-pour-Stefan-Kung-1.png","type":"image\/png"}],"author":"Emilien Descampiaux","twitter_card":"summary_large_image","twitter_title":"Tour d'Espagne 2024 : Le g\u00e9n\u00e9ral pour Primoz Roglic, le chrono final pour Stefan K\u00fcng","twitter_creator":"@https:\/\/twitter.com\/LRoisDuPeloton","twitter_site":"@dicodusport","schema":{"@context":"https:\/\/schema.org","@graph":[{"@type":"NewsArticle","@id":"https:\/\/dicodusport.fr\/blog\/tour-despagne-2024-le-general-pour-primoz-roglic-le-chrono-final-pour-stefan-kung\/#article","isPartOf":{"@id":"https:\/\/dicodusport.fr\/blog\/tour-despagne-2024-le-general-pour-primoz-roglic-le-chrono-final-pour-stefan-kung\/"},"author":{"name":"Emilien Descampiaux","@id":"https:\/\/dicodusport.fr\/blog\/#\/schema\/person\/6db4bae06b171592211be385b32876a7"},"headline":"Tour d&rsquo;Espagne 2024 : Le g\u00e9n\u00e9ral pour Primoz Roglic, le chrono final pour Stefan K\u00fcng","datePublished":"2024-09-08T17:38:03+00:00","dateModified":"2024-09-09T14:58:27+00:00","mainEntityOfPage":{"@id":"https:\/\/dicodusport.fr\/blog\/tour-despagne-2024-le-general-pour-primoz-roglic-le-chrono-final-pour-stefan-kung\/"},"wordCount":501,"commentCount":0,"publisher":{"@id":"https:\/\/dicodusport.fr\/blog\/#organization"},"image":{"@id":"https:\/\/dicodusport.fr\/blog\/tour-despagne-2024-le-general-pour-primoz-roglic-le-chrono-final-pour-stefan-kung\/#primaryimage"},"thumbnailUrl":"https:\/\/dicodusport.fr\/blog\/wp-content\/uploads\/2024\/09\/Tour-dEspagne-2024-Le-general-pour-Primoz-Roglic-le-chrono-final-pour-Stefan-Kung-1.png","keywords":["br\u00e8ve","sport","Tour d'Espagne"],"articleSection":["Tour d'Espagne"],"inLanguage":"fr-FR","potentialAction":[{"@type":"CommentAction","name":"Comment","target":["https:\/\/dicodusport.fr\/blog\/tour-despagne-2024-le-general-pour-primoz-roglic-le-chrono-final-pour-stefan-kung\/#respond"]}],"copyrightYear":"2024","copyrightHolder":{"@id":"https:\/\/dicodusport.fr\/blog\/#organization"}},{"@type":"WebPage","@id":"https:\/\/dicodusport.fr\/blog\/tour-despagne-2024-le-general-pour-primoz-roglic-le-chrono-final-pour-stefan-kung\/","url":"https:\/\/dicodusport.fr\/blog\/tour-despagne-2024-le-general-pour-primoz-roglic-le-chrono-final-pour-stefan-kung\/","name":"Tour d'Espagne 2024 : Le g\u00e9n\u00e9ral pour Primoz Roglic, le chrono final pour Stefan K\u00fcng","isPartOf":{"@id":"https:\/\/dicodusport.fr\/blog\/#website"},"primaryImageOfPage":{"@id":"https:\/\/dicodusport.fr\/blog\/tour-despagne-2024-le-general-pour-primoz-roglic-le-chrono-final-pour-stefan-kung\/#primaryimage"},"image":{"@id":"https:\/\/dicodusport.fr\/blog\/tour-despagne-2024-le-general-pour-primoz-roglic-le-chrono-final-pour-stefan-kung\/#primaryimage"},"thumbnailUrl":"https:\/\/dicodusport.fr\/blog\/wp-content\/uploads\/2024\/09\/Tour-dEspagne-2024-Le-general-pour-Primoz-Roglic-le-chrono-final-pour-Stefan-Kung-1.png","datePublished":"2024-09-08T17:38:03+00:00","dateModified":"2024-09-09T14:58:27+00:00","description":"TOUR D'ESPAGNE 2024 - Primoz Roglic (Red Bull-Bora-Hansgrohe) s'est adjug\u00e9 pour la quatri\u00e8me fois de la carri\u00e8re le classement g\u00e9n\u00e9ral de La Vuelta.","breadcrumb":{"@id":"https:\/\/dicodusport.fr\/blog\/tour-despagne-2024-le-general-pour-primoz-roglic-le-chrono-final-pour-stefan-kung\/#breadcrumb"},"inLanguage":"fr-FR","potentialAction":[{"@type":"ReadAction","target":["https:\/\/dicodusport.fr\/blog\/tour-despagne-2024-le-general-pour-primoz-roglic-le-chrono-final-pour-stefan-kung\/"]}]},{"@type":"ImageObject","inLanguage":"fr-FR","@id":"https:\/\/dicodusport.fr\/blog\/tour-despagne-2024-le-general-pour-primoz-roglic-le-chrono-final-pour-stefan-kung\/#primaryimage","url":"https:\/\/dicodusport.fr\/blog\/wp-content\/uploads\/2024\/09\/Tour-dEspagne-2024-Le-general-pour-Primoz-Roglic-le-chrono-final-pour-Stefan-Kung-1.png","contentUrl":"https:\/\/dicodusport.fr\/blog\/wp-content\/uploads\/2024\/09\/Tour-dEspagne-2024-Le-general-pour-Primoz-Roglic-le-chrono-final-pour-Stefan-Kung-1.png","width":1200,"height":674,"caption":"Tour d'Espagne 2024 Le g\u00e9n\u00e9ral pour Primoz Roglic, le chrono final pour Stefan K\u00fcng (1)"},{"@type":"BreadcrumbList","@id":"https:\/\/dicodusport.fr\/blog\/tour-despagne-2024-le-general-pour-primoz-roglic-le-chrono-final-pour-stefan-kung\/#breadcrumb","itemListElement":[{"@type":"ListItem","position":1,"name":"Accueil","item":"https:\/\/dicodusport.fr\/blog\/"},{"@type":"ListItem","position":2,"name":"Tour d&#8217;Espagne 2024 : Le g\u00e9n\u00e9ral pour Primoz Roglic, le chrono final pour Stefan K\u00fcng"}]},{"@type":"WebSite","@id":"https:\/\/dicodusport.fr\/blog\/#website","url":"https:\/\/dicodusport.fr\/blog\/","name":"Dicodusport","description":"L&#039;encyclop\u00e9die de l&#039;actualit\u00e9 sportive","publisher":{"@id":"https:\/\/dicodusport.fr\/blog\/#organization"},"potentialAction":[{"@type":"SearchAction","target":{"@type":"EntryPoint","urlTemplate":"https:\/\/dicodusport.fr\/blog\/?s={search_term_string}"},"query-input":{"@type":"PropertyValueSpecification","valueRequired":true,"valueName":"search_term_string"}}],"inLanguage":"fr-FR"},{"@type":"NewsMediaOrganization","@id":"https:\/\/dicodusport.fr\/blog\/#organization","name":"Dicodusport","url":"https:\/\/dicodusport.fr\/blog\/","logo":{"@type":"ImageObject","inLanguage":"fr-FR","@id":"https:\/\/dicodusport.fr\/blog\/#\/schema\/logo\/image\/","url":"https:\/\/dicodusport.fr\/blog\/wp-content\/uploads\/2020\/06\/cropped-LOGO-DICODUSPORT-2020-SANS-FOND-SANS-TEXTE.png","contentUrl":"https:\/\/dicodusport.fr\/blog\/wp-content\/uploads\/2020\/06\/cropped-LOGO-DICODUSPORT-2020-SANS-FOND-SANS-TEXTE.png","width":512,"height":512,"caption":"Dicodusport"},"image":{"@id":"https:\/\/dicodusport.fr\/blog\/#\/schema\/logo\/image\/"},"sameAs":["https:\/\/www.facebook.com\/dicodusport","https:\/\/x.com\/dicodusport","https:\/\/www.instagram.com\/dicodusport\/","https:\/\/www.youtube.com\/channel\/UC7V2KZ5sd3htJivAbA4ZG3w"],"description":"Dicodusport est l'encyclop\u00e9die de l'actualit\u00e9 sportive.","email":"bonjour@dicodusport.fr","legalName":"DICODUSPORT","foundingDate":"2018-01-14","vatID":"FR71834470973","taxID":"83447097300043","numberOfEmployees":{"@type":"QuantitativeValue","minValue":"1","maxValue":"10"}},{"@type":"Person","@id":"https:\/\/dicodusport.fr\/blog\/#\/schema\/person\/6db4bae06b171592211be385b32876a7","name":"Emilien Descampiaux","image":{"@type":"ImageObject","inLanguage":"fr-FR","@id":"https:\/\/dicodusport.fr\/blog\/#\/schema\/person\/image\/","url":"https:\/\/dicodusport.fr\/blog\/wp-content\/uploads\/2021\/05\/Emilien-Descampiaux-150x150.jpg","contentUrl":"https:\/\/dicodusport.fr\/blog\/wp-content\/uploads\/2021\/05\/Emilien-Descampiaux-150x150.jpg","caption":"Emilien Descampiaux"},"description":"Journaliste\/r\u00e9dacteur depuis 2014 - Fan de la classe de Frank Vandenbroucke, je vis cyclisme (et de ses paysages) depuis plus de 20 ans. Je suis tr\u00e8s impliqu\u00e9 sur mes diff\u00e9rents r\u00e9seaux sociaux pour partager ma passion sur le monde et l'Histoire de la bicyclette avec ma voix sur les images en noir et blanc du succ\u00e8s de Rik Van Steenbergen lors du Ronde sur le V\u00e9lodrome de Gand.","sameAs":["https:\/\/www.facebook.com\/groups\/LesRoisDuPeloton","https:\/\/x.com\/https:\/\/twitter.com\/LRoisDuPeloton"],"url":"https:\/\/dicodusport.fr\/blog\/author\/emiliend\/"}]}},"_links":{"self":[{"href":"https:\/\/dicodusport.fr\/blog\/wp-json\/wp\/v2\/posts\/519184","targetHints":{"allow":["GET"]}}],"collection":[{"href":"https:\/\/dicodusport.fr\/blog\/wp-json\/wp\/v2\/posts"}],"about":[{"href":"https:\/\/dicodusport.fr\/blog\/wp-json\/wp\/v2\/types\/post"}],"author":[{"embeddable":true,"href":"https:\/\/dicodusport.fr\/blog\/wp-json\/wp\/v2\/users\/48"}],"replies":[{"embeddable":true,"href":"https:\/\/dicodusport.fr\/blog\/wp-json\/wp\/v2\/comments?post=519184"}],"version-history":[{"count":6,"href":"https:\/\/dicodusport.fr\/blog\/wp-json\/wp\/v2\/posts\/519184\/revisions"}],"predecessor-version":[{"id":519299,"href":"https:\/\/dicodusport.fr\/blog\/wp-json\/wp\/v2\/posts\/519184\/revisions\/519299"}],"wp:featuredmedia":[{"embeddable":true,"href":"https:\/\/dicodusport.fr\/blog\/wp-json\/wp\/v2\/media\/519298"}],"wp:attachment":[{"href":"https:\/\/dicodusport.fr\/blog\/wp-json\/wp\/v2\/media?parent=519184"}],"wp:term":[{"taxonomy":"category","embeddable":true,"href":"https:\/\/dicodusport.fr\/blog\/wp-json\/wp\/v2\/categories?post=519184"},{"taxonomy":"post_tag","embeddable":true,"href":"https:\/\/dicodusport.fr\/blog\/wp-json\/wp\/v2\/tags?post=519184"}],"curies":[{"name":"wp","href":"https:\/\/api.w.org\/{rel}","templated":true}]}}