{"id":519388,"date":"2024-09-15T17:40:48","date_gmt":"2024-09-15T15:40:48","guid":{"rendered":"https:\/\/dicodusport.fr\/blog\/?p=519388&#038;preview=true&#038;preview_id=519388"},"modified":"2024-09-15T17:40:16","modified_gmt":"2024-09-15T15:40:16","slug":"programme-et-resultats-cyclisme-sur-route-championnats-deurope-2024","status":"publish","type":"post","link":"https:\/\/dicodusport.fr\/blog\/programme-et-resultats-cyclisme-sur-route-championnats-deurope-2024\/","title":{"rendered":"Palmar\u00e8s et r\u00e9sultats Cyclisme sur route Championnats d&rsquo;Europe 2024"},"content":{"rendered":"<p style=\"text-align: justify;\"><strong><em>CYCLISME SUR ROUTE CHAMPIONNATS D&rsquo;EUROPE 2024 &#8211; D\u00e9couvrez le programme complet et les r\u00e9sultats des championnats d&rsquo;Europe de cyclisme sur route 2024, qui se d\u00e9roulent dans le Limbourg (Belgique), du 11 au 15 septembre 2024.<\/em><\/strong><\/p>\n<ul>\n<li style=\"text-align: justify;\"><strong>\u00c0 ce sujet &#8211; <a href=\"https:\/\/dicodusport.fr\/blog\/actualites\/cyclisme\/cyclisme-sur-route-2024\/\">L&rsquo;actualit\u00e9 du cyclisme sur route<\/a><\/strong><\/li>\n<\/ul>\n<p style=\"text-align: justify;\">Les <strong>championnats d&rsquo;Europe de cyclisme sur route 2024<\/strong> se d\u00e9roulent du mercredi 11 au dimanche 15 septembre dans <strong>la Province de Limbourg<\/strong>, en Belgique. Les cat\u00e9gories juniors (-19 ans), espoirs (-23 ans) et \u00e9lites seront repr\u00e9sent\u00e9es sur les \u00e9preuves du contre-la-montre et de la course en ligne. Un relais mixte est \u00e9galement propos\u00e9 pour les cat\u00e9gories juniors et \u00e9lites.<\/p>\n<p style=\"text-align: justify;\">L&rsquo;an dernier, lors des championnats d&rsquo;Europe 2023 dans la Province de Drenthe (Pays-Bas), la <strong>France<\/strong> avait rafl\u00e9 pas moins de six m\u00e9dailles, dont deux titres. <strong>Audrey Cordon-Ragot<\/strong>, <strong>C\u00e9drine Kerbaol<\/strong>, <strong>Juliette Labous<\/strong>, <strong>Bruno Armirail<\/strong>, <strong>R\u00e9mi Cavagna<\/strong> et <strong>Benjamin Thomas<\/strong> avaient d\u00e9croch\u00e9 <a href=\"https:\/\/dicodusport.fr\/blog\/cyclisme-championnats-deurope-2023-la-france-triomphe-sur-le-relais-mixte\/\">le titre continental sur le relais mixte \u00e9lites<\/a>. De son c\u00f4t\u00e9, <strong>Christophe Laporte<\/strong> avait r\u00e9sist\u00e9 au retour du Belge <strong>Wout Van Aert<\/strong> et du N\u00e9erlandais <strong>Olav Kooij<\/strong> sur les pentes du Col de VAM, <a href=\"https:\/\/dicodusport.fr\/blog\/cyclisme-championnats-deurope-2023-christophe-laporte-champion-deurope\/\">devenant le premier coureur fran\u00e7ais \u00e0 glaner le maillot \u00e9toil\u00e9 chez les \u00e9lites<\/a>.<\/p>\n<p style=\"text-align: justify;\">\u00c0 noter que faute de moyens, la France n&rsquo;enverra aucun athl\u00e8te sur les \u00e9preuves chronom\u00e9tr\u00e9es lors de ces championnats d&rsquo;Europe 2024, ni sur les chronos individuels, ni sur les relais mixtes. <strong>Julien Thollet<\/strong>, manager des \u00e9quipes de France, l&rsquo;avait annonc\u00e9 dans les colonnes de <a href=\"https:\/\/www.directvelo.com\/actualite\/113917\/la-france-absente-des-chronos-du-championnat-d-europe\"><em>Direct V\u00e9lo<\/em><\/a>, en juin dernier. Les \u00e9lites ne d\u00e9fendront donc pas leur titre europ\u00e9en sur le relais mixte.<\/p>\n<h2 style=\"text-align: justify;\">Programme et horaires des Championnats d&rsquo;Europe de cyclisme sur route 2024<\/h2>\n<div class=\"su-tabs su-tabs-style-default su-tabs-mobile-stack\" data-active=\"1\" data-scroll-offset=\"0\" data-anchor-in-url=\"no\"><div class=\"su-tabs-nav\"><span class=\"\" data-url=\"\" data-target=\"blank\" tabindex=\"0\" role=\"button\">Mercredi 11 septembre<\/span><span class=\"\" data-url=\"\" data-target=\"blank\" tabindex=\"0\" role=\"button\">Jeudi 12 septembre<\/span><span class=\"\" data-url=\"\" data-target=\"blank\" tabindex=\"0\" role=\"button\">Vendredi 13 septembre<\/span><span class=\"\" data-url=\"\" data-target=\"blank\" tabindex=\"0\" role=\"button\">Samedi 14 septembre<\/span><span class=\"\" data-url=\"\" data-target=\"blank\" tabindex=\"0\" role=\"button\">Dimanche 15 septembre<\/span><\/div><div class=\"su-tabs-panes\"><div class=\"su-tabs-pane su-u-clearfix su-u-trim\" data-title=\"Mercredi 11 septembre\">\n<p style=\"text-align: justify;\"><strong>9h00 : Contre-la-montre Juniors femmes (13,3 km)<\/strong><\/p>\n<p style=\"text-align: justify;\"><strong>10h15 : Contre-la-montre Juniors hommes (31,1 km)<\/strong><\/p>\n<p style=\"text-align: justify;\"><strong>11h45 : Contre-la-montre Espoirs femmes (31,1 km)<\/strong><\/p>\n<p style=\"text-align: justify;\"><strong>13h15 : Contre-la-montre Espoirs hommes (31,1 km)<\/strong><\/p>\n<p style=\"text-align: justify;\"><strong>15h00 : Contre-la-montre \u00c9lites femmes (31,1 km) sur <em>La cha\u00eene L&rsquo;\u00c9quipe\/Eurosport 1<\/em><\/strong><\/p>\n<p style=\"text-align: justify;\"><strong>16h30 : Contre-la-montre \u00c9lites hommes (31,1 km) sur <em>La cha\u00eene L&rsquo;\u00c9quipe\/Eurosport 1<\/em><\/strong><\/p>\n<ul>\n<li style=\"text-align: justify;\"><strong>\u00c0 ce sujet &#8211; <a href=\"https:\/\/dicodusport.fr\/blog\/cyclisme-championnats-deurope-2024-parcours-et-favoris-du-contre-la-montre\/\">Cyclisme Championnats d\u2019Europe 2024 : Parcours et favoris du contre-la-montre<\/a><\/strong><\/li>\n<\/ul>\n<\/div>\n<div class=\"su-tabs-pane su-u-clearfix su-u-trim\" data-title=\"Jeudi 12 septembre\">\n<p style=\"text-align: justify;\"><strong>11h30 : Relais mixte Juniors (51,3 km)<\/strong><\/p>\n<p style=\"text-align: justify;\"><strong>14h20 : Relais mixte \u00c9lites (51,3 km) sur <em>La cha\u00eene L&rsquo;\u00c9quipe\/Eurosport 1<\/em><\/strong><\/p>\n<\/div>\n<div class=\"su-tabs-pane su-u-clearfix su-u-trim\" data-title=\"Vendredi 13 septembre\">\n<p style=\"text-align: justify;\"><strong>9h00 : Course en ligne Espoirs femmes (101,0 km)<\/strong><\/p>\n<p style=\"text-align: justify;\"><strong>13h30 : Course en ligne Espoirs hommes (160,0 km)<\/strong><\/p>\n<\/div>\n<div class=\"su-tabs-pane su-u-clearfix su-u-trim\" data-title=\"Samedi 14 septembre\">\n<p style=\"text-align: justify;\"><strong>9h00 : Course en ligne Juniors hommes (129,0 km)<\/strong><\/p>\n<p style=\"text-align: justify;\"><strong>13h30 : Course en ligne \u00c9lites femmes (162,0 km) sur <em>La cha\u00eene L&rsquo;\u00c9quipe\/Eurosport 1<\/em><\/strong><\/p>\n<\/div>\n<div class=\"su-tabs-pane su-u-clearfix su-u-trim\" data-title=\"Dimanche 15 septembre\">\n<p style=\"text-align: justify;\"><strong>9h00 : Course en ligne Juniors femmes (72,0 km)<\/strong><\/p>\n<p style=\"text-align: justify;\"><strong>12h30 : Course en ligne \u00c9lites hommes (220,9 km) sur\u00a0<em>La cha\u00eene L&rsquo;\u00c9quipe\/Eurosport 1<\/em><\/strong><\/p>\n<ul>\n<li class=\"mvp-post-title left entry-title\" style=\"text-align: justify;\"><strong>\u00c0 ce sujet &#8211; <a href=\"https:\/\/dicodusport.fr\/blog\/course-en-ligne-championnats-deurope-2024-parcours-profil-et-favoris\/\">Course en ligne Championnats d\u2019Europe 2024 : Parcours, profil et favoris<\/a><\/strong><\/li>\n<\/ul>\n<\/div><\/div><\/div>\n<h2 style=\"text-align: justify;\">Palmar\u00e8s et r\u00e9sultats des championnats d&rsquo;Europe de cyclisme sur route 2024<\/h2>\n<div class=\"su-table su-table-alternate\">\n<table style=\"width: 800px;border-collapse: collapse\">\n<tbody>\n<tr>\n<td style=\"text-align: center;width: 200px;vertical-align: middle\"><strong>\u00c9preuves<\/strong><\/td>\n<td style=\"background-color: #fff242;text-align: center;width: 200px;vertical-align: middle\"><strong>\ud83e\udd47 Or<\/strong><\/td>\n<td style=\"background-color: #a8a8a8;text-align: center;width: 200px;vertical-align: middle\"><strong>\ud83e\udd48 Argent<\/strong><\/td>\n<td style=\"background-color: #c97159;text-align: center;width: 200px;vertical-align: middle\"><strong>\ud83e\udd49 Bronze<\/strong><\/td>\n<\/tr>\n<tr>\n<td style=\"text-align: center;width: 200px;vertical-align: middle\"><strong>Contre-la-montre Juniors femmes<br \/>\n<em><span style=\"font-size: 0.9em\"><span style=\"font-size: 0.8em\"><a href=\"https:\/\/dicodusport.fr\/blog\/cyclisme-championnats-deurope-2024-paula-ostiz-taco-sacree-dun-souffle-sur-le-contre-la-montre-juniors\/\">R\u00e9sum\u00e9<\/a> &#8211; <\/span><\/span><\/em><a href=\"https:\/\/www.procyclingstats.com\/race\/european-championship-wj-itt\/2024\/result\"><em><span style=\"font-size: 0.9em\"><span style=\"font-size: 0.8em\">Classement<\/span><\/span><\/em><\/a><br \/>\n<\/strong><\/td>\n<td style=\"text-align: center;width: 200px;vertical-align: middle\"><strong><span style=\"font-size: 12px\">\ud83c\uddea\ud83c\uddf8 PAULA OSTIZ TACO<br \/>\n<em>17:53<\/em><\/span><\/strong><\/td>\n<td style=\"text-align: center;width: 200px;vertical-align: middle\"><span style=\"font-size: 12px\">\ud83c\uddf3\ud83c\uddf1 FEE KNAVEN<br \/>\n<em>+0:01<\/em><\/span><\/td>\n<td style=\"text-align: center;width: 200px;vertical-align: middle\"><span style=\"font-size: 12px\">\ud83c\uddf8\ud83c\uddf0 VIKTORIA CHLADONOVA<br \/>\n<em>+0:11<\/em><\/span><\/td>\n<\/tr>\n<tr>\n<td style=\"text-align: center;width: 200px;vertical-align: middle\"><strong>Contre-la-montre Juniors hommes<br \/>\n<em><span style=\"font-size: 0.9em\"><span style=\"font-size: 0.8em\"><a href=\"https:\/\/dicodusport.fr\/blog\/cyclisme-championnats-deurope-2024-michiel-mouris-sacre-champion-deurope-juniors-du-contre-la-montre\/\">R\u00e9sum\u00e9<\/a> &#8211; <\/span><\/span><\/em><a href=\"https:\/\/www.procyclingstats.com\/race\/european-championship-itt-mj\/2024\/result\"><em><span style=\"font-size: 0.9em\"><span style=\"font-size: 0.8em\">Classement<\/span><\/span><\/em><\/a><br \/>\n<\/strong><\/td>\n<td style=\"text-align: center;width: 200px;vertical-align: middle\"><strong><span style=\"font-size: 12px\">\ud83c\uddf3\ud83c\uddf1 MICHIEL MOURIS<br \/>\n<em>37:09<\/em><\/span><\/strong><\/td>\n<td style=\"text-align: center;width: 200px;vertical-align: middle\"><span style=\"font-size: 12px\">\ud83c\udde7\ud83c\uddea JASPER SCHOOFS<\/span><br \/>\n<span style=\"font-size: 12px\"><em>+0:08<\/em><\/span><\/td>\n<td style=\"text-align: center;width: 200px;vertical-align: middle\"><span style=\"font-size: 12px\">\ud83c\udde9\ud83c\uddea PAUL FIETZKE<br \/>\n<em>+0:24<\/em><\/span><\/td>\n<\/tr>\n<tr>\n<td style=\"text-align: center;width: 200px;vertical-align: middle\"><strong>Contre-la-montre Espoirs femmes<br \/>\n<em><span style=\"font-size: 0.9em\"><span style=\"font-size: 0.8em\"><a href=\"https:\/\/dicodusport.fr\/blog\/cyclisme-championnats-deurope-2024-anniina-ahtosalo-remporte-un-titre-historique-sur-le-contre-la-montre-u23\/\">R\u00e9sum\u00e9<\/a> &#8211; <\/span><\/span><\/em><a href=\"https:\/\/www.procyclingstats.com\/race\/european-continental-championships-u23-itt\/2024\/result\"><em><span style=\"font-size: 0.9em\"><span style=\"font-size: 0.8em\">Classement<\/span><\/span><\/em><\/a><br \/>\n<\/strong><\/td>\n<td style=\"text-align: center;width: 200px;vertical-align: middle\"><strong><span style=\"font-size: 12px\">\ud83c\uddeb\ud83c\uddee ANNIINA AHTOSALO<br \/>\n<em>40:55<\/em><\/span><\/strong><\/td>\n<td style=\"text-align: center;width: 200px;vertical-align: middle\"><span style=\"font-size: 12px\">\ud83c\udde9\ud83c\uddea ANTONIA NIEDERMAIER<br \/>\n<em>+0:30<\/em><\/span><\/td>\n<td style=\"text-align: center;width: 200px;vertical-align: middle\"><span style=\"font-size: 12px\">\ud83c\uddf1\ud83c\uddfa MARIE SCHREIBER<br \/>\n<em>+0:32<\/em><\/span><\/td>\n<\/tr>\n<tr>\n<td style=\"text-align: center;width: 200px;vertical-align: middle\"><strong>Contre-la-montre Espoirs hommes<br \/>\n<em><span style=\"font-size: 0.9em\"><span style=\"font-size: 0.8em\"><a href=\"https:\/\/dicodusport.fr\/blog\/cyclisme-championnats-deurope-2024-alec-segaert-garde-sa-couronne-sur-le-contre-la-montre-u23\/\">R\u00e9sum\u00e9<\/a> &#8211; <\/span><\/span><\/em><a href=\"https:\/\/www.procyclingstats.com\/race\/european-continental-championships-u23-itt\/2024\/result\"><em><span style=\"font-size: 0.9em\"><span style=\"font-size: 0.8em\">Classement<\/span><\/span><\/em><\/a><br \/>\n<\/strong><\/td>\n<td style=\"text-align: center;width: 200px;vertical-align: middle\"><strong><span style=\"font-size: 12px\">\ud83c\udde7\ud83c\uddea ALEC SEGAERT<\/span><\/strong><br \/>\n<strong><span style=\"font-size: 12px\"><em>35:07<\/em><\/span><\/strong><\/td>\n<td style=\"text-align: center;width: 200px;vertical-align: middle\"><span style=\"font-size: 12px\">\ud83c\uddf8\ud83c\uddea JAKOB S\u00d6DERQVIST<br \/>\n<em>+0:31<\/em><\/span><\/td>\n<td style=\"text-align: center;width: 200px;vertical-align: middle\"><span style=\"font-size: 12px\">\ud83c\uddf3\ud83c\uddf1 WESSEL MOURIS<br \/>\n<em>+0:35<\/em><\/span><\/td>\n<\/tr>\n<tr>\n<td style=\"text-align: center;width: 200px;vertical-align: middle\"><strong>Contre-la-montre \u00c9lites femmes<br \/>\n<em><span style=\"font-size: 0.9em\"><span style=\"font-size: 0.8em\"><a href=\"https:\/\/dicodusport.fr\/blog\/cyclisme-championnats-deurope-2024-lotte-kopecky-ecrase-le-chrono-femmes\/\">R\u00e9sum\u00e9<\/a> &#8211; <\/span><\/span><\/em><a href=\"https:\/\/dicodusport.fr\/blog\/classement-contre-la-montre-championnats-deurope-2024\/#femmes\"><em><span style=\"font-size: 0.9em\"><span style=\"font-size: 0.8em\">Classement<\/span><\/span><\/em><\/a><br \/>\n<\/strong><\/td>\n<td style=\"text-align: center;width: 200px;vertical-align: middle\"><strong><span style=\"font-size: 12px\">\ud83c\udde7\ud83c\uddea LOTTE KOPECKY<\/span><\/strong><br \/>\n<strong><span style=\"font-size: 12px\"><em>39:01<\/em><\/span><\/strong><\/td>\n<td style=\"text-align: center;width: 200px;vertical-align: middle\"><span style=\"font-size: 12px\">\ud83c\uddf3\ud83c\uddf1 ELLEN VAN DIJK<br \/>\n<em>+0:44<\/em><\/span><\/td>\n<td style=\"text-align: center;width: 200px;vertical-align: middle\"><span style=\"font-size: 12px\">\ud83c\udde6\ud83c\uddf9 CHRISTINA SCHWEINBERGER<br \/>\n<em>+1:03<\/em><\/span><\/td>\n<\/tr>\n<tr>\n<td style=\"text-align: center;width: 200px;vertical-align: middle\"><strong>Contre-la-montre \u00c9lites hommes<br \/>\n<em><span style=\"font-size: 0.9em\"><span style=\"font-size: 0.8em\"><a href=\"https:\/\/dicodusport.fr\/blog\/cyclisme-championnats-deurope-2024-edoardo-affini-sacre-sur-le-contre-la-montre\/\">R\u00e9sum\u00e9<\/a> &#8211; <\/span><\/span><\/em><a href=\"https:\/\/dicodusport.fr\/blog\/classement-contre-la-montre-championnats-deurope-2024\/#hommes\"><em><span style=\"font-size: 0.9em\"><span style=\"font-size: 0.8em\">Classement<\/span><\/span><\/em><\/a><br \/>\n<\/strong><\/td>\n<td style=\"text-align: center;width: 200px;vertical-align: middle\"><strong><span style=\"font-size: 12px\">\ud83c\uddee\ud83c\uddf9 EDOARDO AFFINI<\/span><\/strong><br \/>\n<strong><span style=\"font-size: 12px\"><em>35:15<\/em><\/span><\/strong><\/td>\n<td style=\"text-align: center;width: 200px;vertical-align: middle\"><span style=\"font-size: 12px\">\ud83c\udde8\ud83c\udded STEFAN K\u00dcNG<br \/>\n<em>+0:10<\/em><\/span><\/td>\n<td style=\"text-align: center;width: 200px;vertical-align: middle\"><span style=\"font-size: 12px\">\ud83c\uddee\ud83c\uddf9 MATTIA CATTANEO<\/span><br \/>\n<span style=\"font-size: 12px\"><em>+0:20<\/em><\/span><\/td>\n<\/tr>\n<tr>\n<td style=\"text-align: center;width: 200px;vertical-align: middle\"><strong>Relais mixte Juniors<br \/>\n<em><span style=\"font-size: 0.9em\"><span style=\"font-size: 0.8em\"><a href=\"https:\/\/dicodusport.fr\/blog\/cyclisme-championnats-deurope-2024-les-pays-bas-sacres-en-relais-mixte-chez-les-juniors\/\">R\u00e9sum\u00e9<\/a> &#8211; <\/span><\/span><\/em><a href=\"https:\/\/www.procyclingstats.com\/race\/european-continental-championships-jr-mixed-relay-\/2024\/result\"><em><span style=\"font-size: 0.9em\"><span style=\"font-size: 0.8em\">Classement<\/span><\/span><\/em><\/a><br \/>\n<\/strong><\/td>\n<td style=\"text-align: center;width: 200px;vertical-align: middle\"><strong><span style=\"font-size: 12px\">\ud83c\uddf3\ud83c\uddf1 PAYS-BAS<br \/>\n<em>1h05:21<\/em><\/span><\/strong><\/td>\n<td style=\"text-align: center;width: 200px;vertical-align: middle\"><span style=\"font-size: 12px\">\ud83c\udde9\ud83c\uddea ALLEMAGNE<br \/>\n<em>+0:13<\/em><\/span><\/td>\n<td style=\"text-align: center;width: 200px;vertical-align: middle\"><span style=\"font-size: 12px\">\ud83c\uddf3\ud83c\uddf4 NORV\u00c8GE<\/span><br \/>\n<span style=\"font-size: 12px\"><em>+0:23<\/em><\/span><\/td>\n<\/tr>\n<tr>\n<td style=\"text-align: center;width: 200px;vertical-align: middle\"><strong>Relais mixte \u00c9lites<br \/>\n<em><span style=\"font-size: 0.9em\"><span style=\"font-size: 0.8em\"><a href=\"https:\/\/dicodusport.fr\/blog\/cyclisme-championnats-deurope-2024-litalie-succede-a-la-france-sur-le-relais-mixte-elites\/\">R\u00e9sum\u00e9<\/a> &#8211; <\/span><\/span><\/em><a href=\"https:\/\/dicodusport.fr\/blog\/classement-relais-mixte-championnats-deurope-2024\/\"><em><span style=\"font-size: 0.9em\"><span style=\"font-size: 0.8em\">Classement<\/span><\/span><\/em><\/a><br \/>\n<\/strong><\/td>\n<td style=\"text-align: center;width: 200px;vertical-align: middle\"><strong><span style=\"font-size: 12px\">\ud83c\uddee\ud83c\uddf9 ITALIE<\/span><\/strong><br \/>\n<strong><span style=\"font-size: 12px\"><em>1h01:43<\/em><\/span><\/strong><\/td>\n<td style=\"text-align: center;width: 200px;vertical-align: middle\"><span style=\"font-size: 12px\">\ud83c\udde9\ud83c\uddea ALLEMAGNE<br \/>\n<em>+0:18<\/em><\/span><\/td>\n<td style=\"text-align: center;width: 200px;vertical-align: middle\"><span style=\"font-size: 12px\">\ud83c\udde7\ud83c\uddea JASPER SCHOOFS<\/span><br \/>\n<span style=\"font-size: 12px\"><em>+1:33<\/em><\/span><\/td>\n<\/tr>\n<tr>\n<td style=\"text-align: center;width: 200px;vertical-align: middle\"><strong>Course en ligne Juniors femmes<br \/>\n<em><span style=\"font-size: 0.9em\"><span style=\"font-size: 0.8em\"><a href=\"https:\/\/dicodusport.fr\/blog\/cyclisme-championnats-deurope-2024-puck-langenbarg-asseoit-la-domination-hollandaise-sur-course-juniors-feminine\/\">R\u00e9sum\u00e9<\/a> &#8211; <\/span><\/span><\/em><a href=\"https:\/\/www.procyclingstats.com\/race\/european-continental-championships-wj-road-race\/2024\/result\"><em><span style=\"font-size: 0.9em\"><span style=\"font-size: 0.8em\">Classement<\/span><\/span><\/em><\/a><br \/>\n<\/strong><\/td>\n<td style=\"text-align: center;width: 200px;vertical-align: middle\"><strong><span style=\"font-size: 12px\">\ud83c\uddf3\ud83c\uddf1 PUCK LANGENBARG<br \/>\n<em>1h43:15<\/em><\/span><\/strong><\/td>\n<td style=\"text-align: center;width: 200px;vertical-align: middle\"><span style=\"font-size: 12px\">\ud83c\udde9\ud83c\uddea MESSANE BR\u00c4UTIGAM<br \/>\n<em>+0:00<\/em><\/span><\/td>\n<td style=\"text-align: center;width: 200px;vertical-align: middle\"><span style=\"font-size: 12px\">\ud83c\udde8\ud83c\uddff STEPANKA DUBCOVA<br \/>\n<em>+0:00<\/em><\/span><\/td>\n<\/tr>\n<tr>\n<td style=\"text-align: center;width: 200px;vertical-align: middle\"><strong>Course en ligne Juniors hommes<br \/>\n<em><span style=\"font-size: 0.9em\"><span style=\"font-size: 0.8em\"><a href=\"https:\/\/dicodusport.fr\/blog\/cyclisme-championnats-deurope-2024-felix-orn-kristoff-sacre-en-juniors-paul-seixas-en-bronze\/\">R\u00e9sum\u00e9<\/a> &#8211; <\/span><\/span><\/em><a href=\"https:\/\/www.procyclingstats.com\/race\/european-championship-mj\/2024\/result\"><em><span style=\"font-size: 0.9em\"><span style=\"font-size: 0.8em\">Classement<\/span><\/span><\/em><\/a><br \/>\n<\/strong><\/td>\n<td style=\"text-align: center;width: 200px;vertical-align: middle\"><strong><span style=\"font-size: 12px\">\ud83c\uddf3\ud83c\uddf4 FELIX \u00d8RN-KRISTOFF<\/span><\/strong><br \/>\n<strong><span style=\"font-size: 12px\"><em>2h40:40<\/em><\/span><\/strong><\/td>\n<td style=\"text-align: center;width: 200px;vertical-align: middle\"><span style=\"font-size: 12px\">\ud83c\uddea\ud83c\uddf8 HECTOR ALVAREZ MARTINEZ<br \/>\n<em>+0:00<\/em><\/span><\/td>\n<td style=\"text-align: center;width: 200px;vertical-align: middle\"><span style=\"font-size: 12px\">\ud83c\uddeb\ud83c\uddf7 PAUL SEIXAS<\/span><br \/>\n<span style=\"font-size: 12px\"><em>+0:10<\/em><\/span><\/td>\n<\/tr>\n<tr>\n<td style=\"text-align: center;width: 200px;vertical-align: middle\"><strong>Course en ligne Espoirs femmes<br \/>\n<em><span style=\"font-size: 0.9em\"><span style=\"font-size: 0.8em\"><a href=\"https:\/\/dicodusport.fr\/blog\/cyclisme-championnats-deurope-2024-sofie-van-rooijen-sacree-championne-deurope-u23\/\">R\u00e9sum\u00e9<\/a> &#8211; <\/span><\/span><\/em><a href=\"https:\/\/www.procyclingstats.com\/race\/european-championship-we-u23\/2024\/result\"><em><span style=\"font-size: 0.9em\"><span style=\"font-size: 0.8em\">Classement<\/span><\/span><\/em><\/a><br \/>\n<\/strong><\/td>\n<td style=\"text-align: center;width: 200px;vertical-align: middle\"><strong><span style=\"font-size: 12px\">\ud83c\uddf3\ud83c\uddf1 SOFIE VAN ROOIJEN<br \/>\n<em>2h26:21<\/em><\/span><\/strong><\/td>\n<td style=\"text-align: center;width: 200px;vertical-align: middle\"><span style=\"font-size: 12px\">\ud83c\uddf3\ud83c\uddf1 SCARLETT SOUREN<br \/>\n<em>+0:00<\/em><\/span><\/td>\n<td style=\"text-align: center;width: 200px;vertical-align: middle\"><span style=\"font-size: 12px\">\ud83c\uddee\ud83c\uddf9 ELEONORA CAMILLA GASPARRINI<\/span><br \/>\n<span style=\"font-size: 12px\"><em>+0:00<\/em><\/span><\/td>\n<\/tr>\n<tr>\n<td style=\"text-align: center;width: 200px;vertical-align: middle\"><strong>Course en ligne Espoirs hommes<br \/>\n<em><span style=\"font-size: 0.9em\"><span style=\"font-size: 0.8em\"><a href=\"https:\/\/dicodusport.fr\/blog\/cyclisme-championnats-deurope-2024-le-titre-pour-huub-artz-chez-les-u23-leandre-lozouet-en-bronze\/\">R\u00e9sum\u00e9<\/a> &#8211; <\/span><\/span><\/em><a href=\"https:\/\/www.procyclingstats.com\/race\/european-championships\/2024\/result\"><em><span style=\"font-size: 0.9em\"><span style=\"font-size: 0.8em\">Classement<\/span><\/span><\/em><\/a><br \/>\n<\/strong><\/td>\n<td style=\"text-align: center;width: 200px;vertical-align: middle\"><strong><span style=\"font-size: 12px\">\ud83c\uddf3\ud83c\uddf1 HUUB ARTZ<br \/>\n<em>3h22:33<\/em><\/span><\/strong><\/td>\n<td style=\"text-align: center;width: 200px;vertical-align: middle\"><span style=\"font-size: 12px\">\ud83c\udde9\ud83c\uddea NIKLAS BEHRENS<br \/>\n<em>+0:00<\/em><\/span><\/td>\n<td style=\"text-align: center;width: 200px;vertical-align: middle\"><span style=\"font-size: 12px\">\ud83c\uddeb\ud83c\uddf7 L\u00c9ANDRE LOZOUET<\/span><br \/>\n<span style=\"font-size: 12px\"><em>+0:10<\/em><\/span><\/td>\n<\/tr>\n<tr>\n<td style=\"text-align: center;width: 200px;vertical-align: middle\"><strong>Course en ligne \u00c9lites femmes<br \/>\n<em><span style=\"font-size: 0.9em\"><span style=\"font-size: 0.8em\"><a href=\"https:\/\/dicodusport.fr\/blog\/cyclisme-championnats-deurope-2024-lorena-wiebes-paracheve-la-demonstration-neerlandaise\/\">R\u00e9sum\u00e9<\/a> &#8211; <\/span><\/span><\/em><a href=\"https:\/\/dicodusport.fr\/blog\/cyclisme-championnats-deurope-2024-classement-course-en-ligne-femmes\/\"><em><span style=\"font-size: 0.9em\"><span style=\"font-size: 0.8em\">Classement<\/span><\/span><\/em><\/a><br \/>\n<\/strong><\/td>\n<td style=\"text-align: center;width: 200px;vertical-align: middle\"><strong><span style=\"font-size: 12px\">\ud83c\uddf3\ud83c\uddf1 LORENA WIEBES<br \/>\n<em>3h56:34<\/em><\/span><\/strong><\/td>\n<td style=\"text-align: center;width: 200px;vertical-align: middle\"><span style=\"font-size: 12px\">\ud83c\uddee\ud83c\uddf9 ELISA BALSAMO<\/span><br \/>\n<span style=\"font-size: 12px\"><em>+0:00<\/em><\/span><\/td>\n<td style=\"text-align: center;width: 200px;vertical-align: middle\"><span style=\"font-size: 12px\">\ud83c\uddf5\ud83c\uddf1 DARIA PIKULIK<\/span><br \/>\n<span style=\"font-size: 12px\"><em>+0:00<\/em><\/span><\/td>\n<\/tr>\n<tr>\n<td style=\"text-align: center;width: 200px;vertical-align: middle\"><strong>Course en ligne \u00c9lites hommes<br \/>\n<em><span style=\"font-size: 0.9em\"><span style=\"font-size: 0.8em\"><a href=\"https:\/\/dicodusport.fr\/blog\/cyclisme-championnats-deurope-2024-tim-merlier-sacre-champion-deurope\/\">R\u00e9sum\u00e9<\/a> &#8211; <\/span><\/span><\/em><a href=\"https:\/\/dicodusport.fr\/blog\/classement-course-en-ligne-hommes-championnats-deurope-de-cyclisme-2024\/\"><em><span style=\"font-size: 0.9em\"><span style=\"font-size: 0.8em\">Classement<\/span><\/span><\/em><\/a><br \/>\n<\/strong><\/td>\n<td style=\"text-align: center;width: 200px;vertical-align: middle\"><strong><span style=\"font-size: 12px\">\ud83c\udde7\ud83c\uddea TIM MERLIER<\/span><\/strong><br \/>\n<span style=\"font-size: 12px\"><b><i>4h37:09<\/i><\/b><\/span><\/td>\n<td style=\"text-align: center;width: 200px;vertical-align: middle\"><span style=\"font-size: 12px\">\ud83c\uddf3\ud83c\uddf1 OLAV KOOIJ<br \/>\n<em>+0:00<\/em><\/span><\/td>\n<td style=\"text-align: center;width: 200px;vertical-align: middle\"><span style=\"font-size: 12px\">\ud83c\uddea\ud83c\uddea MADIS MIHKELS<\/span><br \/>\n<span style=\"font-size: 12px\"><em>+0:00<\/em><\/span><\/td>\n<\/tr>\n<\/tbody>\n<\/table>\n<\/div>\n<p>&nbsp;<\/p>\n","protected":false},"excerpt":{"rendered":"<p>D\u00e9couvrez le programme complet et les r\u00e9sultats des championnats d&rsquo;Europe de cyclisme sur route 2024, qui se d\u00e9roulent en Belgique.<\/p>\n","protected":false},"author":4,"featured_media":520431,"comment_status":"open","ping_status":"closed","sticky":false,"template":"","format":"standard","meta":{"_acf_changed":false,"_daextam_enable_autolinks":"1","footnotes":""},"categories":[46994],"tags":[16878,23805],"class_list":["post-519388","post","type-post","status-publish","format-standard","has-post-thumbnail","hentry","category-cyclisme-sur-route","tag-breve","tag-championnats-deurope-de-cyclisme-sur-route"],"acf":[],"yoast_head":"<!-- This site is optimized with the Yoast SEO Premium plugin v26.7 (Yoast SEO v26.7) - https:\/\/yoast.com\/wordpress\/plugins\/seo\/ -->\n<title>Palmar\u00e8s et r\u00e9sultats Cyclisme sur route Championnats d&#039;Europe 2024<\/title>\n<meta name=\"description\" content=\"D\u00e9couvrez le programme complet et les r\u00e9sultats des championnats d&#039;Europe de cyclisme sur route 2024, qui se d\u00e9roulent dans le Limbourg (Belgique).\" \/>\n<meta name=\"robots\" content=\"index, follow, max-snippet:-1, max-image-preview:large, max-video-preview:-1\" \/>\n<link rel=\"canonical\" href=\"https:\/\/dicodusport.fr\/blog\/programme-et-resultats-cyclisme-sur-route-championnats-deurope-2024\/\" \/>\n<meta property=\"og:locale\" content=\"fr_FR\" \/>\n<meta property=\"og:type\" content=\"article\" \/>\n<meta property=\"og:title\" content=\"Palmar\u00e8s et r\u00e9sultats Cyclisme sur route Championnats d&#039;Europe 2024\" \/>\n<meta property=\"og:description\" content=\"D\u00e9couvrez le programme complet et les r\u00e9sultats des championnats d&#039;Europe de cyclisme sur route 2024, qui se d\u00e9roulent dans le Limbourg (Belgique).\" \/>\n<meta property=\"og:url\" content=\"https:\/\/dicodusport.fr\/blog\/programme-et-resultats-cyclisme-sur-route-championnats-deurope-2024\/\" \/>\n<meta property=\"og:site_name\" content=\"Dicodusport\" \/>\n<meta property=\"article:publisher\" content=\"https:\/\/www.facebook.com\/dicodusport\" \/>\n<meta property=\"article:author\" content=\"https:\/\/www.facebook.com\/florent.ostermann\" \/>\n<meta property=\"article:published_time\" content=\"2024-09-15T15:40:48+00:00\" \/>\n<meta property=\"og:image\" content=\"https:\/\/dicodusport.fr\/blog\/wp-content\/uploads\/2024\/09\/Cyclisme-Championnats-dEurope-2024-Lorena-Wiebes-paracheve-la-demonstration-neerlandaise-2.png\" \/>\n\t<meta property=\"og:image:width\" content=\"1200\" \/>\n\t<meta property=\"og:image:height\" content=\"674\" \/>\n\t<meta property=\"og:image:type\" content=\"image\/png\" \/>\n<meta name=\"author\" content=\"Flo Ostermann\" \/>\n<meta name=\"twitter:card\" content=\"summary_large_image\" \/>\n<meta name=\"twitter:title\" content=\"Palmar\u00e8s et r\u00e9sultats Cyclisme sur route Championnats d&#039;Europe 2024\" \/>\n<meta name=\"twitter:creator\" content=\"@https:\/\/twitter.com\/FlOstermann\" \/>\n<meta name=\"twitter:site\" content=\"@dicodusport\" \/>\n<script type=\"application\/ld+json\" class=\"yoast-schema-graph\">{\"@context\":\"https:\/\/schema.org\",\"@graph\":[{\"@type\":\"NewsArticle\",\"@id\":\"https:\/\/dicodusport.fr\/blog\/programme-et-resultats-cyclisme-sur-route-championnats-deurope-2024\/#article\",\"isPartOf\":{\"@id\":\"https:\/\/dicodusport.fr\/blog\/programme-et-resultats-cyclisme-sur-route-championnats-deurope-2024\/\"},\"author\":{\"name\":\"Flo Ostermann\",\"@id\":\"https:\/\/dicodusport.fr\/blog\/#\/schema\/person\/cb02af4c173ce4a653b55e9baf388d4a\"},\"headline\":\"Palmar\u00e8s et r\u00e9sultats Cyclisme sur route Championnats d&rsquo;Europe 2024\",\"datePublished\":\"2024-09-15T15:40:48+00:00\",\"mainEntityOfPage\":{\"@id\":\"https:\/\/dicodusport.fr\/blog\/programme-et-resultats-cyclisme-sur-route-championnats-deurope-2024\/\"},\"wordCount\":743,\"commentCount\":0,\"publisher\":{\"@id\":\"https:\/\/dicodusport.fr\/blog\/#organization\"},\"image\":{\"@id\":\"https:\/\/dicodusport.fr\/blog\/programme-et-resultats-cyclisme-sur-route-championnats-deurope-2024\/#primaryimage\"},\"thumbnailUrl\":\"https:\/\/dicodusport.fr\/blog\/wp-content\/uploads\/2024\/09\/Cyclisme-Championnats-dEurope-2024-Lorena-Wiebes-paracheve-la-demonstration-neerlandaise-2.png\",\"keywords\":[\"br\u00e8ve\",\"Championnats d'Europe de cyclisme sur route\"],\"articleSection\":[\"Cyclisme sur route\"],\"inLanguage\":\"fr-FR\",\"potentialAction\":[{\"@type\":\"CommentAction\",\"name\":\"Comment\",\"target\":[\"https:\/\/dicodusport.fr\/blog\/programme-et-resultats-cyclisme-sur-route-championnats-deurope-2024\/#respond\"]}],\"copyrightYear\":\"2024\",\"copyrightHolder\":{\"@id\":\"https:\/\/dicodusport.fr\/blog\/#organization\"}},{\"@type\":\"WebPage\",\"@id\":\"https:\/\/dicodusport.fr\/blog\/programme-et-resultats-cyclisme-sur-route-championnats-deurope-2024\/\",\"url\":\"https:\/\/dicodusport.fr\/blog\/programme-et-resultats-cyclisme-sur-route-championnats-deurope-2024\/\",\"name\":\"Palmar\u00e8s et r\u00e9sultats Cyclisme sur route Championnats d'Europe 2024\",\"isPartOf\":{\"@id\":\"https:\/\/dicodusport.fr\/blog\/#website\"},\"primaryImageOfPage\":{\"@id\":\"https:\/\/dicodusport.fr\/blog\/programme-et-resultats-cyclisme-sur-route-championnats-deurope-2024\/#primaryimage\"},\"image\":{\"@id\":\"https:\/\/dicodusport.fr\/blog\/programme-et-resultats-cyclisme-sur-route-championnats-deurope-2024\/#primaryimage\"},\"thumbnailUrl\":\"https:\/\/dicodusport.fr\/blog\/wp-content\/uploads\/2024\/09\/Cyclisme-Championnats-dEurope-2024-Lorena-Wiebes-paracheve-la-demonstration-neerlandaise-2.png\",\"datePublished\":\"2024-09-15T15:40:48+00:00\",\"description\":\"D\u00e9couvrez le programme complet et les r\u00e9sultats des championnats d'Europe de cyclisme sur route 2024, qui se d\u00e9roulent dans le Limbourg (Belgique).\",\"breadcrumb\":{\"@id\":\"https:\/\/dicodusport.fr\/blog\/programme-et-resultats-cyclisme-sur-route-championnats-deurope-2024\/#breadcrumb\"},\"inLanguage\":\"fr-FR\",\"potentialAction\":[{\"@type\":\"ReadAction\",\"target\":[\"https:\/\/dicodusport.fr\/blog\/programme-et-resultats-cyclisme-sur-route-championnats-deurope-2024\/\"]}]},{\"@type\":\"ImageObject\",\"inLanguage\":\"fr-FR\",\"@id\":\"https:\/\/dicodusport.fr\/blog\/programme-et-resultats-cyclisme-sur-route-championnats-deurope-2024\/#primaryimage\",\"url\":\"https:\/\/dicodusport.fr\/blog\/wp-content\/uploads\/2024\/09\/Cyclisme-Championnats-dEurope-2024-Lorena-Wiebes-paracheve-la-demonstration-neerlandaise-2.png\",\"contentUrl\":\"https:\/\/dicodusport.fr\/blog\/wp-content\/uploads\/2024\/09\/Cyclisme-Championnats-dEurope-2024-Lorena-Wiebes-paracheve-la-demonstration-neerlandaise-2.png\",\"width\":1200,\"height\":674,\"caption\":\"Cyclisme Championnats d'Europe 2024 Lorena Wiebes parach\u00e8ve la d\u00e9monstration n\u00e9erlandaise (2)\"},{\"@type\":\"BreadcrumbList\",\"@id\":\"https:\/\/dicodusport.fr\/blog\/programme-et-resultats-cyclisme-sur-route-championnats-deurope-2024\/#breadcrumb\",\"itemListElement\":[{\"@type\":\"ListItem\",\"position\":1,\"name\":\"Accueil\",\"item\":\"https:\/\/dicodusport.fr\/blog\/\"},{\"@type\":\"ListItem\",\"position\":2,\"name\":\"Palmar\u00e8s et r\u00e9sultats Cyclisme sur route Championnats d&#8217;Europe 2024\"}]},{\"@type\":\"WebSite\",\"@id\":\"https:\/\/dicodusport.fr\/blog\/#website\",\"url\":\"https:\/\/dicodusport.fr\/blog\/\",\"name\":\"Dicodusport\",\"description\":\"L&#039;encyclop\u00e9die de l&#039;actualit\u00e9 sportive\",\"publisher\":{\"@id\":\"https:\/\/dicodusport.fr\/blog\/#organization\"},\"potentialAction\":[{\"@type\":\"SearchAction\",\"target\":{\"@type\":\"EntryPoint\",\"urlTemplate\":\"https:\/\/dicodusport.fr\/blog\/?s={search_term_string}\"},\"query-input\":{\"@type\":\"PropertyValueSpecification\",\"valueRequired\":true,\"valueName\":\"search_term_string\"}}],\"inLanguage\":\"fr-FR\"},{\"@type\":\"NewsMediaOrganization\",\"@id\":\"https:\/\/dicodusport.fr\/blog\/#organization\",\"name\":\"Dicodusport\",\"url\":\"https:\/\/dicodusport.fr\/blog\/\",\"logo\":{\"@type\":\"ImageObject\",\"inLanguage\":\"fr-FR\",\"@id\":\"https:\/\/dicodusport.fr\/blog\/#\/schema\/logo\/image\/\",\"url\":\"https:\/\/dicodusport.fr\/blog\/wp-content\/uploads\/2020\/06\/cropped-LOGO-DICODUSPORT-2020-SANS-FOND-SANS-TEXTE.png\",\"contentUrl\":\"https:\/\/dicodusport.fr\/blog\/wp-content\/uploads\/2020\/06\/cropped-LOGO-DICODUSPORT-2020-SANS-FOND-SANS-TEXTE.png\",\"width\":512,\"height\":512,\"caption\":\"Dicodusport\"},\"image\":{\"@id\":\"https:\/\/dicodusport.fr\/blog\/#\/schema\/logo\/image\/\"},\"sameAs\":[\"https:\/\/www.facebook.com\/dicodusport\",\"https:\/\/x.com\/dicodusport\",\"https:\/\/www.instagram.com\/dicodusport\/\",\"https:\/\/www.youtube.com\/channel\/UC7V2KZ5sd3htJivAbA4ZG3w\"],\"description\":\"Dicodusport est l'encyclop\u00e9die de l'actualit\u00e9 sportive.\",\"email\":\"bonjour@dicodusport.fr\",\"legalName\":\"DICODUSPORT\",\"foundingDate\":\"2018-01-14\",\"vatID\":\"FR71834470973\",\"taxID\":\"83447097300043\",\"numberOfEmployees\":{\"@type\":\"QuantitativeValue\",\"minValue\":\"1\",\"maxValue\":\"10\"}},{\"@type\":\"Person\",\"@id\":\"https:\/\/dicodusport.fr\/blog\/#\/schema\/person\/cb02af4c173ce4a653b55e9baf388d4a\",\"name\":\"Flo Ostermann\",\"image\":{\"@type\":\"ImageObject\",\"inLanguage\":\"fr-FR\",\"@id\":\"https:\/\/dicodusport.fr\/blog\/#\/schema\/person\/image\/\",\"url\":\"https:\/\/dicodusport.fr\/blog\/wp-content\/uploads\/2021\/05\/Flo-Ostermann-150x150.jpg\",\"contentUrl\":\"https:\/\/dicodusport.fr\/blog\/wp-content\/uploads\/2021\/05\/Flo-Ostermann-150x150.jpg\",\"caption\":\"Flo Ostermann\"},\"description\":\"Journaliste\/R\u00e9dacteur depuis septembre 2015 - Mes premiers souvenirs dans le sport ? Les envol\u00e9es du Stade Toulousain et les duels Villeneuve-Schumacher et H\u00e4kkinen-Schumacher \u00e0 la fin des ann\u00e9es 90, la Coupe du monde de football en 1998, l\u2019exploit du XV de France face aux All Blacks en 1999, mais aussi Richard C\u0153ur de Lion qui vole sur les montagnes du Tour de France. Bien parti pour devenir professeur d\u2019EPS, les \u00e9v\u00e9nements de la vie (et la flemme d\u2019animer des s\u00e9ances de 3x500 m\u00e8tres toute ma vie) m\u2019ont conduit \u00e0 revoir mes plans. Me voil\u00e0 depuis fin 2017 sur Dicodusport, m\u00e9dia gr\u00e2ce (et pour) lequel je partage ma passion : le sport dans tous ses \u00e9tats. Le tout accompagn\u00e9 par les fous furieux et folles furieuses cit\u00e9s sur cette page !\",\"sameAs\":[\"https:\/\/www.facebook.com\/florent.ostermann\",\"https:\/\/x.com\/https:\/\/twitter.com\/FlOstermann\",\"admin\"],\"url\":\"https:\/\/dicodusport.fr\/blog\/author\/flo\/\"}]}<\/script>\n<!-- \/ Yoast SEO Premium plugin. -->","yoast_head_json":{"title":"Palmar\u00e8s et r\u00e9sultats Cyclisme sur route Championnats d'Europe 2024","description":"D\u00e9couvrez le programme complet et les r\u00e9sultats des championnats d'Europe de cyclisme sur route 2024, qui se d\u00e9roulent dans le Limbourg (Belgique).","robots":{"index":"index","follow":"follow","max-snippet":"max-snippet:-1","max-image-preview":"max-image-preview:large","max-video-preview":"max-video-preview:-1"},"canonical":"https:\/\/dicodusport.fr\/blog\/programme-et-resultats-cyclisme-sur-route-championnats-deurope-2024\/","og_locale":"fr_FR","og_type":"article","og_title":"Palmar\u00e8s et r\u00e9sultats Cyclisme sur route Championnats d'Europe 2024","og_description":"D\u00e9couvrez le programme complet et les r\u00e9sultats des championnats d'Europe de cyclisme sur route 2024, qui se d\u00e9roulent dans le Limbourg (Belgique).","og_url":"https:\/\/dicodusport.fr\/blog\/programme-et-resultats-cyclisme-sur-route-championnats-deurope-2024\/","og_site_name":"Dicodusport","article_publisher":"https:\/\/www.facebook.com\/dicodusport","article_author":"https:\/\/www.facebook.com\/florent.ostermann","article_published_time":"2024-09-15T15:40:48+00:00","og_image":[{"width":1200,"height":674,"url":"https:\/\/dicodusport.fr\/blog\/wp-content\/uploads\/2024\/09\/Cyclisme-Championnats-dEurope-2024-Lorena-Wiebes-paracheve-la-demonstration-neerlandaise-2.png","type":"image\/png"}],"author":"Flo Ostermann","twitter_card":"summary_large_image","twitter_title":"Palmar\u00e8s et r\u00e9sultats Cyclisme sur route Championnats d'Europe 2024","twitter_creator":"@https:\/\/twitter.com\/FlOstermann","twitter_site":"@dicodusport","schema":{"@context":"https:\/\/schema.org","@graph":[{"@type":"NewsArticle","@id":"https:\/\/dicodusport.fr\/blog\/programme-et-resultats-cyclisme-sur-route-championnats-deurope-2024\/#article","isPartOf":{"@id":"https:\/\/dicodusport.fr\/blog\/programme-et-resultats-cyclisme-sur-route-championnats-deurope-2024\/"},"author":{"name":"Flo Ostermann","@id":"https:\/\/dicodusport.fr\/blog\/#\/schema\/person\/cb02af4c173ce4a653b55e9baf388d4a"},"headline":"Palmar\u00e8s et r\u00e9sultats Cyclisme sur route Championnats d&rsquo;Europe 2024","datePublished":"2024-09-15T15:40:48+00:00","mainEntityOfPage":{"@id":"https:\/\/dicodusport.fr\/blog\/programme-et-resultats-cyclisme-sur-route-championnats-deurope-2024\/"},"wordCount":743,"commentCount":0,"publisher":{"@id":"https:\/\/dicodusport.fr\/blog\/#organization"},"image":{"@id":"https:\/\/dicodusport.fr\/blog\/programme-et-resultats-cyclisme-sur-route-championnats-deurope-2024\/#primaryimage"},"thumbnailUrl":"https:\/\/dicodusport.fr\/blog\/wp-content\/uploads\/2024\/09\/Cyclisme-Championnats-dEurope-2024-Lorena-Wiebes-paracheve-la-demonstration-neerlandaise-2.png","keywords":["br\u00e8ve","Championnats d'Europe de cyclisme sur route"],"articleSection":["Cyclisme sur route"],"inLanguage":"fr-FR","potentialAction":[{"@type":"CommentAction","name":"Comment","target":["https:\/\/dicodusport.fr\/blog\/programme-et-resultats-cyclisme-sur-route-championnats-deurope-2024\/#respond"]}],"copyrightYear":"2024","copyrightHolder":{"@id":"https:\/\/dicodusport.fr\/blog\/#organization"}},{"@type":"WebPage","@id":"https:\/\/dicodusport.fr\/blog\/programme-et-resultats-cyclisme-sur-route-championnats-deurope-2024\/","url":"https:\/\/dicodusport.fr\/blog\/programme-et-resultats-cyclisme-sur-route-championnats-deurope-2024\/","name":"Palmar\u00e8s et r\u00e9sultats Cyclisme sur route Championnats d'Europe 2024","isPartOf":{"@id":"https:\/\/dicodusport.fr\/blog\/#website"},"primaryImageOfPage":{"@id":"https:\/\/dicodusport.fr\/blog\/programme-et-resultats-cyclisme-sur-route-championnats-deurope-2024\/#primaryimage"},"image":{"@id":"https:\/\/dicodusport.fr\/blog\/programme-et-resultats-cyclisme-sur-route-championnats-deurope-2024\/#primaryimage"},"thumbnailUrl":"https:\/\/dicodusport.fr\/blog\/wp-content\/uploads\/2024\/09\/Cyclisme-Championnats-dEurope-2024-Lorena-Wiebes-paracheve-la-demonstration-neerlandaise-2.png","datePublished":"2024-09-15T15:40:48+00:00","description":"D\u00e9couvrez le programme complet et les r\u00e9sultats des championnats d'Europe de cyclisme sur route 2024, qui se d\u00e9roulent dans le Limbourg (Belgique).","breadcrumb":{"@id":"https:\/\/dicodusport.fr\/blog\/programme-et-resultats-cyclisme-sur-route-championnats-deurope-2024\/#breadcrumb"},"inLanguage":"fr-FR","potentialAction":[{"@type":"ReadAction","target":["https:\/\/dicodusport.fr\/blog\/programme-et-resultats-cyclisme-sur-route-championnats-deurope-2024\/"]}]},{"@type":"ImageObject","inLanguage":"fr-FR","@id":"https:\/\/dicodusport.fr\/blog\/programme-et-resultats-cyclisme-sur-route-championnats-deurope-2024\/#primaryimage","url":"https:\/\/dicodusport.fr\/blog\/wp-content\/uploads\/2024\/09\/Cyclisme-Championnats-dEurope-2024-Lorena-Wiebes-paracheve-la-demonstration-neerlandaise-2.png","contentUrl":"https:\/\/dicodusport.fr\/blog\/wp-content\/uploads\/2024\/09\/Cyclisme-Championnats-dEurope-2024-Lorena-Wiebes-paracheve-la-demonstration-neerlandaise-2.png","width":1200,"height":674,"caption":"Cyclisme Championnats d'Europe 2024 Lorena Wiebes parach\u00e8ve la d\u00e9monstration n\u00e9erlandaise (2)"},{"@type":"BreadcrumbList","@id":"https:\/\/dicodusport.fr\/blog\/programme-et-resultats-cyclisme-sur-route-championnats-deurope-2024\/#breadcrumb","itemListElement":[{"@type":"ListItem","position":1,"name":"Accueil","item":"https:\/\/dicodusport.fr\/blog\/"},{"@type":"ListItem","position":2,"name":"Palmar\u00e8s et r\u00e9sultats Cyclisme sur route Championnats d&#8217;Europe 2024"}]},{"@type":"WebSite","@id":"https:\/\/dicodusport.fr\/blog\/#website","url":"https:\/\/dicodusport.fr\/blog\/","name":"Dicodusport","description":"L&#039;encyclop\u00e9die de l&#039;actualit\u00e9 sportive","publisher":{"@id":"https:\/\/dicodusport.fr\/blog\/#organization"},"potentialAction":[{"@type":"SearchAction","target":{"@type":"EntryPoint","urlTemplate":"https:\/\/dicodusport.fr\/blog\/?s={search_term_string}"},"query-input":{"@type":"PropertyValueSpecification","valueRequired":true,"valueName":"search_term_string"}}],"inLanguage":"fr-FR"},{"@type":"NewsMediaOrganization","@id":"https:\/\/dicodusport.fr\/blog\/#organization","name":"Dicodusport","url":"https:\/\/dicodusport.fr\/blog\/","logo":{"@type":"ImageObject","inLanguage":"fr-FR","@id":"https:\/\/dicodusport.fr\/blog\/#\/schema\/logo\/image\/","url":"https:\/\/dicodusport.fr\/blog\/wp-content\/uploads\/2020\/06\/cropped-LOGO-DICODUSPORT-2020-SANS-FOND-SANS-TEXTE.png","contentUrl":"https:\/\/dicodusport.fr\/blog\/wp-content\/uploads\/2020\/06\/cropped-LOGO-DICODUSPORT-2020-SANS-FOND-SANS-TEXTE.png","width":512,"height":512,"caption":"Dicodusport"},"image":{"@id":"https:\/\/dicodusport.fr\/blog\/#\/schema\/logo\/image\/"},"sameAs":["https:\/\/www.facebook.com\/dicodusport","https:\/\/x.com\/dicodusport","https:\/\/www.instagram.com\/dicodusport\/","https:\/\/www.youtube.com\/channel\/UC7V2KZ5sd3htJivAbA4ZG3w"],"description":"Dicodusport est l'encyclop\u00e9die de l'actualit\u00e9 sportive.","email":"bonjour@dicodusport.fr","legalName":"DICODUSPORT","foundingDate":"2018-01-14","vatID":"FR71834470973","taxID":"83447097300043","numberOfEmployees":{"@type":"QuantitativeValue","minValue":"1","maxValue":"10"}},{"@type":"Person","@id":"https:\/\/dicodusport.fr\/blog\/#\/schema\/person\/cb02af4c173ce4a653b55e9baf388d4a","name":"Flo Ostermann","image":{"@type":"ImageObject","inLanguage":"fr-FR","@id":"https:\/\/dicodusport.fr\/blog\/#\/schema\/person\/image\/","url":"https:\/\/dicodusport.fr\/blog\/wp-content\/uploads\/2021\/05\/Flo-Ostermann-150x150.jpg","contentUrl":"https:\/\/dicodusport.fr\/blog\/wp-content\/uploads\/2021\/05\/Flo-Ostermann-150x150.jpg","caption":"Flo Ostermann"},"description":"Journaliste\/R\u00e9dacteur depuis septembre 2015 - Mes premiers souvenirs dans le sport ? Les envol\u00e9es du Stade Toulousain et les duels Villeneuve-Schumacher et H\u00e4kkinen-Schumacher \u00e0 la fin des ann\u00e9es 90, la Coupe du monde de football en 1998, l\u2019exploit du XV de France face aux All Blacks en 1999, mais aussi Richard C\u0153ur de Lion qui vole sur les montagnes du Tour de France. Bien parti pour devenir professeur d\u2019EPS, les \u00e9v\u00e9nements de la vie (et la flemme d\u2019animer des s\u00e9ances de 3x500 m\u00e8tres toute ma vie) m\u2019ont conduit \u00e0 revoir mes plans. Me voil\u00e0 depuis fin 2017 sur Dicodusport, m\u00e9dia gr\u00e2ce (et pour) lequel je partage ma passion : le sport dans tous ses \u00e9tats. Le tout accompagn\u00e9 par les fous furieux et folles furieuses cit\u00e9s sur cette page !","sameAs":["https:\/\/www.facebook.com\/florent.ostermann","https:\/\/x.com\/https:\/\/twitter.com\/FlOstermann","admin"],"url":"https:\/\/dicodusport.fr\/blog\/author\/flo\/"}]}},"_links":{"self":[{"href":"https:\/\/dicodusport.fr\/blog\/wp-json\/wp\/v2\/posts\/519388","targetHints":{"allow":["GET"]}}],"collection":[{"href":"https:\/\/dicodusport.fr\/blog\/wp-json\/wp\/v2\/posts"}],"about":[{"href":"https:\/\/dicodusport.fr\/blog\/wp-json\/wp\/v2\/types\/post"}],"author":[{"embeddable":true,"href":"https:\/\/dicodusport.fr\/blog\/wp-json\/wp\/v2\/users\/4"}],"replies":[{"embeddable":true,"href":"https:\/\/dicodusport.fr\/blog\/wp-json\/wp\/v2\/comments?post=519388"}],"version-history":[{"count":6,"href":"https:\/\/dicodusport.fr\/blog\/wp-json\/wp\/v2\/posts\/519388\/revisions"}],"predecessor-version":[{"id":520718,"href":"https:\/\/dicodusport.fr\/blog\/wp-json\/wp\/v2\/posts\/519388\/revisions\/520718"}],"wp:featuredmedia":[{"embeddable":true,"href":"https:\/\/dicodusport.fr\/blog\/wp-json\/wp\/v2\/media\/520431"}],"wp:attachment":[{"href":"https:\/\/dicodusport.fr\/blog\/wp-json\/wp\/v2\/media?parent=519388"}],"wp:term":[{"taxonomy":"category","embeddable":true,"href":"https:\/\/dicodusport.fr\/blog\/wp-json\/wp\/v2\/categories?post=519388"},{"taxonomy":"post_tag","embeddable":true,"href":"https:\/\/dicodusport.fr\/blog\/wp-json\/wp\/v2\/tags?post=519388"}],"curies":[{"name":"wp","href":"https:\/\/api.w.org\/{rel}","templated":true}]}}