{"id":519390,"date":"2024-09-09T22:47:57","date_gmt":"2024-09-09T20:47:57","guid":{"rendered":"https:\/\/dicodusport.fr\/blog\/?p=519390&#038;preview=true&#038;preview_id=519390"},"modified":"2024-09-09T23:10:25","modified_gmt":"2024-09-09T21:10:25","slug":"football-ligue-des-nations-les-bleus-se-reprennent-face-a-la-belgique","status":"publish","type":"post","link":"https:\/\/dicodusport.fr\/blog\/football-ligue-des-nations-les-bleus-se-reprennent-face-a-la-belgique\/","title":{"rendered":"Football Ligue des Nations : Les Bleus se reprennent face \u00e0 la Belgique"},"content":{"rendered":"<h4 style=\"text-align: justify;\"><em>LIGUE DES NATIONS 2024\/2025 &#8211; Bien plus inspir\u00e9s, les Bleus ont retrouv\u00e9 des couleurs ce soir face \u00e0 la Belgique et s&rsquo;imposent 2-0, gr\u00e2ce aux buts de Randal Kolo Muani et Ousmane Demb\u00e9l\u00e9.<\/em><\/h4>\n<ul>\n<li style=\"text-align: justify;\"><strong>\u00c0 ce sujet &#8211; <a href=\"https:\/\/dicodusport.fr\/blog\/foot-france-belgique-les-notes-des-bleus\/\">Foot France \u2013 Belgique : Les notes des Bleus<\/a><\/strong><\/li>\n<\/ul>\n<p style=\"text-align: justify;\">Apr\u00e8s leur cuisante d\u00e9faite face \u00e0 l\u2019Italie il y a quelques jours, une r\u00e9action \u00e9tait attendue de la part des Bleus de l\u2019\u00e9quipe de France. Pour cela, le s\u00e9lectionneur <strong>Didier Deschamps<\/strong> a mis\u00e9 sur une \u00e9quipe remani\u00e9e, face \u00e0 la Belgique.<\/p>\n<h2 style=\"text-align: justify;\">Une premi\u00e8re p\u00e9riode en deux temps<\/h2>\n<p style=\"text-align: justify;\">Le moins que l\u2019on puisse dire, c\u2019est que les Bleus ne vont pas rassurer, durant les 20 premi\u00e8res minutes de jeu. Une lenteur dans le jeu, des difficult\u00e9s \u00e0 trouver les attaquants et une possession bien trop faible. Heureusement pour eux, les Belges ne tentent pas \u00e9norm\u00e9ment. N\u00e9anmoins, l\u2019\u00e9quipe de France se r\u00e9veille et se cr\u00e9e des occasions dans la deuxi\u00e8me moiti\u00e9 de mi-temps.<\/p>\n<p style=\"text-align: justify;\">Durant cinq minutes, les tentatives de frappes s\u2019encha\u00eenent, et cela finit par payer. <strong>Kant\u00e9<\/strong> r\u00e9cup\u00e8re un ballon dans la surface, il d\u00e9vie \u00e0 droite sur <strong>Demb\u00e9l\u00e9<\/strong> qui frappe. La balle est repouss\u00e9e par <strong>Casteels<\/strong> mais <strong>Kolo Muani<\/strong> est sur le coup, frappe et ouvre le score (29\u2019).<\/p>\n<blockquote class=\"twitter-tweet\">\n<p dir=\"ltr\" lang=\"fr\">\ud83c\uddeb\ud83c\uddf7 FRANCE 1-0 BELGIQUE \ud83c\udde7\ud83c\uddea<\/p>\n<p>28&prime; &#8211; BUUUUUUUT POUR L&rsquo;EQUIPE DE FRANCE ! Et c&rsquo;est Randal Kolo Muani qui ouvre le score sur une frappe puissante apr\u00e8s un bel arr\u00eat de Casteels ! Les Bleus m\u00e8nent 1-0 !<\/p>\n<p>Pour suivre le match en direct sur TF1+ : <a href=\"https:\/\/t.co\/weZlNONQil\">https:\/\/t.co\/weZlNONQil<\/a> <a href=\"https:\/\/t.co\/GvMtnoh64f\">pic.twitter.com\/GvMtnoh64f<\/a><\/p>\n<p>\u2014 TF1 (@TF1) <a href=\"https:\/\/twitter.com\/TF1\/status\/1833222835072057417?ref_src=twsrc%5Etfw\">September 9, 2024<\/a><\/p><\/blockquote>\n<p><script async src=\"https:\/\/platform.twitter.com\/widgets.js\" charset=\"utf-8\"><\/script><\/p>\n<p style=\"text-align: justify;\">Les Tricolores sont nettement mieux dans ce match, le ballon tourne bien mieux et les possibilit\u00e9s de frappes bien plus nombreuses.<\/p>\n<p style=\"text-align: justify;\">\u00c0 la pause, les Bleus sont devant (1-0). Apr\u00e8s 20 minutes compliqu\u00e9es, ils se sont remis dedans et ont tout de suite concr\u00e9tis\u00e9.<\/p>\n<ul>\n<li style=\"text-align: justify;\"><strong>\u00c0 ce sujet &#8211; <a href=\"https:\/\/dicodusport.fr\/blog\/video-resume-france-belgique-2eme-journee-de-ligue-des-nations\/\">[Vid\u00e9o] R\u00e9sum\u00e9 France \u2013 Belgique, 2\u00e8me journ\u00e9e de Ligue des Nations<\/a><\/strong><\/li>\n<\/ul>\n<h2 style=\"text-align: justify;\">Des Bleus solides toute la seconde p\u00e9riode<\/h2>\n<p style=\"text-align: justify;\">Les Fran\u00e7ais reprennent le match avec les m\u00eames intentions qu\u2019en fin de premi\u00e8re p\u00e9riode. La ligne d\u00e9fensive est solide et retient le peu d\u2019imagination des Belges.<\/p>\n<p style=\"text-align: justify;\">Et lorsque tout est en place, quoi de mieux qu\u2019une somptueuse frappe d\u2019<strong>Ousmane Demb\u00e9l\u00e9<\/strong>. De son puissant pied gauche, l\u2019attaquant fran\u00e7ais vient trouver le fond de la cage de <strong>Koen Casteels<\/strong> (57\u2019).<\/p>\n<p style=\"text-align: justify;\"><strong>Didier Deschamps<\/strong> effectue son coaching de fin de match pour faire tourner et tenter de trouver des automatismes. <strong>Barcola<\/strong> remplace <strong>Thuram<\/strong> et <strong>Mbapp\u00e9<\/strong> remplace <strong>Kolo Muani<\/strong>, auteur d\u2019un beau match. En plus du bon travail des d\u00e9fenseurs, <strong>Mike Maignan<\/strong> est tr\u00e8s bon dans ses cages et ne laisse rien passer.<\/p>\n<p style=\"text-align: justify;\">C\u2019est au tour d\u2019<strong>Antoine Griezmann<\/strong> d&rsquo;entrer sur le terrain, \u00e0 la place de <strong>Matt\u00e9o Guendouzi<\/strong>, et de <strong>Michael Olise<\/strong> de prendre la place d\u2019<strong>Ousmane Demb\u00e9l\u00e9<\/strong>. <strong>Kylian Mbapp\u00e9<\/strong> fait une belle entr\u00e9e en jeu et seul <strong>Koen Casteels<\/strong> parvient \u00e0 l\u2019arr\u00eater.<\/p>\n<p style=\"text-align: justify;\">L\u2019arbitre siffle la fin du match, les Bleus s\u2019imposent logiquement face \u00e0 de p\u00e2les belges (2-0). Bien mieux que face \u00e0 l\u2019Italie, ces Bleus remani\u00e9s ont propos\u00e9 des choses int\u00e9ressantes, \u00e0 approfondir pour les prochains matchs.<\/p>\n<blockquote class=\"twitter-tweet\">\n<p dir=\"ltr\" lang=\"fr\">\ud835\uddd6&rsquo;\ud835\uddd8\ud835\udde6\ud835\udde7 \ud835\udde7\ud835\uddd8\ud835\udde5\ud835\udde0\ud835\udddc\ud835\udde1\ud835\uddd8<\/p>\n<p>Nos Bleus remportent leur 2\u00e8me match de la Ligue des Nations face \u00e0 la Belgique, 2 buts \u00e0 0 \u2705<\/p>\n<p>\ud83c\uddeb\ud83c\uddf72-0\ud83c\udde7\ud83c\uddea | <a href=\"https:\/\/twitter.com\/hashtag\/FRABEL?src=hash&amp;ref_src=twsrc%5Etfw\">#FRABEL<\/a> | <a href=\"https:\/\/twitter.com\/hashtag\/FiersdetreBleus?src=hash&amp;ref_src=twsrc%5Etfw\">#FiersdetreBleus<\/a> <a href=\"https:\/\/t.co\/vDyIiaYhu6\">pic.twitter.com\/vDyIiaYhu6<\/a><\/p>\n<p>\u2014 Equipe de France \u2b50\u2b50 (@equipedefrance) <a href=\"https:\/\/twitter.com\/equipedefrance\/status\/1833245252096037240?ref_src=twsrc%5Etfw\">September 9, 2024<\/a><\/p><\/blockquote>\n<p><script async src=\"https:\/\/platform.twitter.com\/widgets.js\" charset=\"utf-8\"><\/script><\/p>\n","protected":false},"excerpt":{"rendered":"<p>Les Bleus se reprennent face \u00e0 la Belgique<\/p>\n","protected":false},"author":89,"featured_media":519476,"comment_status":"open","ping_status":"closed","sticky":false,"template":"","format":"standard","meta":{"_acf_changed":false,"_daextam_enable_autolinks":"1","footnotes":""},"categories":[2301],"tags":[373,16878,75,30,3514,24],"class_list":["post-519390","post","type-post","status-publish","format-standard","has-post-thumbnail","hentry","category-football","tag-belgique","tag-breve","tag-football","tag-france","tag-ligue-des-nations","tag-sport"],"acf":[],"yoast_head":"<!-- This site is optimized with the Yoast SEO Premium plugin v26.7 (Yoast SEO v26.7) - https:\/\/yoast.com\/wordpress\/plugins\/seo\/ -->\n<title>Football Ligue des Nations : Les Bleus se reprennent face \u00e0 la Belgique<\/title>\n<meta name=\"description\" content=\"LIGUE DES NATIONS 2024\/2025 - Bien plus inspir\u00e9s, les Bleus ont retrouv\u00e9 des couleurs ce soir face \u00e0 la Belgique et s&#039;imposent 2-0.\" \/>\n<meta name=\"robots\" content=\"index, follow, max-snippet:-1, max-image-preview:large, max-video-preview:-1\" \/>\n<link rel=\"canonical\" href=\"https:\/\/dicodusport.fr\/blog\/football-ligue-des-nations-les-bleus-se-reprennent-face-a-la-belgique\/\" \/>\n<meta property=\"og:locale\" content=\"fr_FR\" \/>\n<meta property=\"og:type\" content=\"article\" \/>\n<meta property=\"og:title\" content=\"Football Ligue des Nations : Les Bleus se reprennent face \u00e0 la Belgique\" \/>\n<meta property=\"og:description\" content=\"LIGUE DES NATIONS 2024\/2025 - Bien plus inspir\u00e9s, les Bleus ont retrouv\u00e9 des couleurs ce soir face \u00e0 la Belgique et s&#039;imposent 2-0.\" \/>\n<meta property=\"og:url\" content=\"https:\/\/dicodusport.fr\/blog\/football-ligue-des-nations-les-bleus-se-reprennent-face-a-la-belgique\/\" \/>\n<meta property=\"og:site_name\" content=\"Dicodusport\" \/>\n<meta property=\"article:publisher\" content=\"https:\/\/www.facebook.com\/dicodusport\" \/>\n<meta property=\"article:published_time\" content=\"2024-09-09T20:47:57+00:00\" \/>\n<meta property=\"article:modified_time\" content=\"2024-09-09T21:10:25+00:00\" \/>\n<meta property=\"og:image\" content=\"https:\/\/dicodusport.fr\/blog\/wp-content\/uploads\/2024\/09\/Football-Ligue-des-Nations-Les-Bleus-se-reprennent-face-a-la-Belgique.png\" \/>\n\t<meta property=\"og:image:width\" content=\"1200\" \/>\n\t<meta property=\"og:image:height\" content=\"674\" \/>\n\t<meta property=\"og:image:type\" content=\"image\/png\" \/>\n<meta name=\"author\" content=\"Louka Lesueur\" \/>\n<meta name=\"twitter:card\" content=\"summary_large_image\" \/>\n<meta name=\"twitter:title\" content=\"Football Ligue des Nations : Les Bleus se reprennent face \u00e0 la Belgique\" \/>\n<meta name=\"twitter:creator\" content=\"@https:\/\/twitter.com\/LNewsSF\" \/>\n<meta name=\"twitter:site\" content=\"@dicodusport\" \/>\n<script type=\"application\/ld+json\" class=\"yoast-schema-graph\">{\"@context\":\"https:\/\/schema.org\",\"@graph\":[{\"@type\":\"NewsArticle\",\"@id\":\"https:\/\/dicodusport.fr\/blog\/football-ligue-des-nations-les-bleus-se-reprennent-face-a-la-belgique\/#article\",\"isPartOf\":{\"@id\":\"https:\/\/dicodusport.fr\/blog\/football-ligue-des-nations-les-bleus-se-reprennent-face-a-la-belgique\/\"},\"author\":{\"name\":\"Louka Lesueur\",\"@id\":\"https:\/\/dicodusport.fr\/blog\/#\/schema\/person\/54b6cdccebdfcd5a1036c594aecffc2a\"},\"headline\":\"Football Ligue des Nations : Les Bleus se reprennent face \u00e0 la Belgique\",\"datePublished\":\"2024-09-09T20:47:57+00:00\",\"dateModified\":\"2024-09-09T21:10:25+00:00\",\"mainEntityOfPage\":{\"@id\":\"https:\/\/dicodusport.fr\/blog\/football-ligue-des-nations-les-bleus-se-reprennent-face-a-la-belgique\/\"},\"wordCount\":596,\"commentCount\":0,\"publisher\":{\"@id\":\"https:\/\/dicodusport.fr\/blog\/#organization\"},\"image\":{\"@id\":\"https:\/\/dicodusport.fr\/blog\/football-ligue-des-nations-les-bleus-se-reprennent-face-a-la-belgique\/#primaryimage\"},\"thumbnailUrl\":\"https:\/\/dicodusport.fr\/blog\/wp-content\/uploads\/2024\/09\/Football-Ligue-des-Nations-Les-Bleus-se-reprennent-face-a-la-Belgique.png\",\"keywords\":[\"Belgique\",\"br\u00e8ve\",\"Football\",\"France\",\"Ligue des nations\",\"sport\"],\"articleSection\":[\"Football\"],\"inLanguage\":\"fr-FR\",\"potentialAction\":[{\"@type\":\"CommentAction\",\"name\":\"Comment\",\"target\":[\"https:\/\/dicodusport.fr\/blog\/football-ligue-des-nations-les-bleus-se-reprennent-face-a-la-belgique\/#respond\"]}],\"copyrightYear\":\"2024\",\"copyrightHolder\":{\"@id\":\"https:\/\/dicodusport.fr\/blog\/#organization\"}},{\"@type\":\"WebPage\",\"@id\":\"https:\/\/dicodusport.fr\/blog\/football-ligue-des-nations-les-bleus-se-reprennent-face-a-la-belgique\/\",\"url\":\"https:\/\/dicodusport.fr\/blog\/football-ligue-des-nations-les-bleus-se-reprennent-face-a-la-belgique\/\",\"name\":\"Football Ligue des Nations : Les Bleus se reprennent face \u00e0 la Belgique\",\"isPartOf\":{\"@id\":\"https:\/\/dicodusport.fr\/blog\/#website\"},\"primaryImageOfPage\":{\"@id\":\"https:\/\/dicodusport.fr\/blog\/football-ligue-des-nations-les-bleus-se-reprennent-face-a-la-belgique\/#primaryimage\"},\"image\":{\"@id\":\"https:\/\/dicodusport.fr\/blog\/football-ligue-des-nations-les-bleus-se-reprennent-face-a-la-belgique\/#primaryimage\"},\"thumbnailUrl\":\"https:\/\/dicodusport.fr\/blog\/wp-content\/uploads\/2024\/09\/Football-Ligue-des-Nations-Les-Bleus-se-reprennent-face-a-la-Belgique.png\",\"datePublished\":\"2024-09-09T20:47:57+00:00\",\"dateModified\":\"2024-09-09T21:10:25+00:00\",\"description\":\"LIGUE DES NATIONS 2024\/2025 - Bien plus inspir\u00e9s, les Bleus ont retrouv\u00e9 des couleurs ce soir face \u00e0 la Belgique et s'imposent 2-0.\",\"breadcrumb\":{\"@id\":\"https:\/\/dicodusport.fr\/blog\/football-ligue-des-nations-les-bleus-se-reprennent-face-a-la-belgique\/#breadcrumb\"},\"inLanguage\":\"fr-FR\",\"potentialAction\":[{\"@type\":\"ReadAction\",\"target\":[\"https:\/\/dicodusport.fr\/blog\/football-ligue-des-nations-les-bleus-se-reprennent-face-a-la-belgique\/\"]}]},{\"@type\":\"ImageObject\",\"inLanguage\":\"fr-FR\",\"@id\":\"https:\/\/dicodusport.fr\/blog\/football-ligue-des-nations-les-bleus-se-reprennent-face-a-la-belgique\/#primaryimage\",\"url\":\"https:\/\/dicodusport.fr\/blog\/wp-content\/uploads\/2024\/09\/Football-Ligue-des-Nations-Les-Bleus-se-reprennent-face-a-la-Belgique.png\",\"contentUrl\":\"https:\/\/dicodusport.fr\/blog\/wp-content\/uploads\/2024\/09\/Football-Ligue-des-Nations-Les-Bleus-se-reprennent-face-a-la-Belgique.png\",\"width\":1200,\"height\":674,\"caption\":\"Football Ligue des Nations Les Bleus se reprennent face \u00e0 la Belgique\"},{\"@type\":\"BreadcrumbList\",\"@id\":\"https:\/\/dicodusport.fr\/blog\/football-ligue-des-nations-les-bleus-se-reprennent-face-a-la-belgique\/#breadcrumb\",\"itemListElement\":[{\"@type\":\"ListItem\",\"position\":1,\"name\":\"Accueil\",\"item\":\"https:\/\/dicodusport.fr\/blog\/\"},{\"@type\":\"ListItem\",\"position\":2,\"name\":\"Football Ligue des Nations : Les Bleus se reprennent face \u00e0 la Belgique\"}]},{\"@type\":\"WebSite\",\"@id\":\"https:\/\/dicodusport.fr\/blog\/#website\",\"url\":\"https:\/\/dicodusport.fr\/blog\/\",\"name\":\"Dicodusport\",\"description\":\"L&#039;encyclop\u00e9die de l&#039;actualit\u00e9 sportive\",\"publisher\":{\"@id\":\"https:\/\/dicodusport.fr\/blog\/#organization\"},\"potentialAction\":[{\"@type\":\"SearchAction\",\"target\":{\"@type\":\"EntryPoint\",\"urlTemplate\":\"https:\/\/dicodusport.fr\/blog\/?s={search_term_string}\"},\"query-input\":{\"@type\":\"PropertyValueSpecification\",\"valueRequired\":true,\"valueName\":\"search_term_string\"}}],\"inLanguage\":\"fr-FR\"},{\"@type\":\"NewsMediaOrganization\",\"@id\":\"https:\/\/dicodusport.fr\/blog\/#organization\",\"name\":\"Dicodusport\",\"url\":\"https:\/\/dicodusport.fr\/blog\/\",\"logo\":{\"@type\":\"ImageObject\",\"inLanguage\":\"fr-FR\",\"@id\":\"https:\/\/dicodusport.fr\/blog\/#\/schema\/logo\/image\/\",\"url\":\"https:\/\/dicodusport.fr\/blog\/wp-content\/uploads\/2020\/06\/cropped-LOGO-DICODUSPORT-2020-SANS-FOND-SANS-TEXTE.png\",\"contentUrl\":\"https:\/\/dicodusport.fr\/blog\/wp-content\/uploads\/2020\/06\/cropped-LOGO-DICODUSPORT-2020-SANS-FOND-SANS-TEXTE.png\",\"width\":512,\"height\":512,\"caption\":\"Dicodusport\"},\"image\":{\"@id\":\"https:\/\/dicodusport.fr\/blog\/#\/schema\/logo\/image\/\"},\"sameAs\":[\"https:\/\/www.facebook.com\/dicodusport\",\"https:\/\/x.com\/dicodusport\",\"https:\/\/www.instagram.com\/dicodusport\/\",\"https:\/\/www.youtube.com\/channel\/UC7V2KZ5sd3htJivAbA4ZG3w\"],\"description\":\"Dicodusport est l'encyclop\u00e9die de l'actualit\u00e9 sportive.\",\"email\":\"bonjour@dicodusport.fr\",\"legalName\":\"DICODUSPORT\",\"foundingDate\":\"2018-01-14\",\"vatID\":\"FR71834470973\",\"taxID\":\"83447097300043\",\"numberOfEmployees\":{\"@type\":\"QuantitativeValue\",\"minValue\":\"1\",\"maxValue\":\"10\"}},{\"@type\":\"Person\",\"@id\":\"https:\/\/dicodusport.fr\/blog\/#\/schema\/person\/54b6cdccebdfcd5a1036c594aecffc2a\",\"name\":\"Louka Lesueur\",\"image\":{\"@type\":\"ImageObject\",\"inLanguage\":\"fr-FR\",\"@id\":\"https:\/\/dicodusport.fr\/blog\/#\/schema\/person\/image\/\",\"url\":\"https:\/\/dicodusport.fr\/blog\/wp-content\/uploads\/2023\/09\/IMG_2783-150x150.jpeg\",\"contentUrl\":\"https:\/\/dicodusport.fr\/blog\/wp-content\/uploads\/2023\/09\/IMG_2783-150x150.jpeg\",\"caption\":\"Louka Lesueur\"},\"description\":\"Passionn\u00e9 depuis tout petit par les exploits de Bolt, Fourcade, Riner, Lavillenie, Wilkinson, Hirscher. Les \u00e9motions provoqu\u00e9es par le sport ont berc\u00e9 mon enfance et continuent de le faire aujourd'hui. C'est ainsi qu'il m'est arriv\u00e9 de pleurer devant la d\u00e9faite des Bleus face aux Blacks en 2011, ou encore devant le titre olympique de Florent Manaudou \u00e0 Londres. Bien loin de ce milieu professionnel, j'ai os\u00e9 tenter ma chance pour rejoindre l'\u00e9quipe de r\u00e9daction de Dicodusport, et depuis septembre 2023, je tente de retransmettre au mieux les exploits des athl\u00e8tes, tous sports confondus. Grand chauvin, c'est bel et bien sur les sportifs tricolores que je pr\u00e9f\u00e8re \u00e9crire.\",\"sameAs\":[\"https:\/\/x.com\/https:\/\/twitter.com\/LNewsSF\"],\"gender\":\"Homme\",\"worksFor\":\"Louka LESUEUR\",\"url\":\"https:\/\/dicodusport.fr\/blog\/author\/louka-lesueur\/\"}]}<\/script>\n<!-- \/ Yoast SEO Premium plugin. -->","yoast_head_json":{"title":"Football Ligue des Nations : Les Bleus se reprennent face \u00e0 la Belgique","description":"LIGUE DES NATIONS 2024\/2025 - Bien plus inspir\u00e9s, les Bleus ont retrouv\u00e9 des couleurs ce soir face \u00e0 la Belgique et s'imposent 2-0.","robots":{"index":"index","follow":"follow","max-snippet":"max-snippet:-1","max-image-preview":"max-image-preview:large","max-video-preview":"max-video-preview:-1"},"canonical":"https:\/\/dicodusport.fr\/blog\/football-ligue-des-nations-les-bleus-se-reprennent-face-a-la-belgique\/","og_locale":"fr_FR","og_type":"article","og_title":"Football Ligue des Nations : Les Bleus se reprennent face \u00e0 la Belgique","og_description":"LIGUE DES NATIONS 2024\/2025 - Bien plus inspir\u00e9s, les Bleus ont retrouv\u00e9 des couleurs ce soir face \u00e0 la Belgique et s'imposent 2-0.","og_url":"https:\/\/dicodusport.fr\/blog\/football-ligue-des-nations-les-bleus-se-reprennent-face-a-la-belgique\/","og_site_name":"Dicodusport","article_publisher":"https:\/\/www.facebook.com\/dicodusport","article_published_time":"2024-09-09T20:47:57+00:00","article_modified_time":"2024-09-09T21:10:25+00:00","og_image":[{"width":1200,"height":674,"url":"https:\/\/dicodusport.fr\/blog\/wp-content\/uploads\/2024\/09\/Football-Ligue-des-Nations-Les-Bleus-se-reprennent-face-a-la-Belgique.png","type":"image\/png"}],"author":"Louka Lesueur","twitter_card":"summary_large_image","twitter_title":"Football Ligue des Nations : Les Bleus se reprennent face \u00e0 la Belgique","twitter_creator":"@https:\/\/twitter.com\/LNewsSF","twitter_site":"@dicodusport","schema":{"@context":"https:\/\/schema.org","@graph":[{"@type":"NewsArticle","@id":"https:\/\/dicodusport.fr\/blog\/football-ligue-des-nations-les-bleus-se-reprennent-face-a-la-belgique\/#article","isPartOf":{"@id":"https:\/\/dicodusport.fr\/blog\/football-ligue-des-nations-les-bleus-se-reprennent-face-a-la-belgique\/"},"author":{"name":"Louka Lesueur","@id":"https:\/\/dicodusport.fr\/blog\/#\/schema\/person\/54b6cdccebdfcd5a1036c594aecffc2a"},"headline":"Football Ligue des Nations : Les Bleus se reprennent face \u00e0 la Belgique","datePublished":"2024-09-09T20:47:57+00:00","dateModified":"2024-09-09T21:10:25+00:00","mainEntityOfPage":{"@id":"https:\/\/dicodusport.fr\/blog\/football-ligue-des-nations-les-bleus-se-reprennent-face-a-la-belgique\/"},"wordCount":596,"commentCount":0,"publisher":{"@id":"https:\/\/dicodusport.fr\/blog\/#organization"},"image":{"@id":"https:\/\/dicodusport.fr\/blog\/football-ligue-des-nations-les-bleus-se-reprennent-face-a-la-belgique\/#primaryimage"},"thumbnailUrl":"https:\/\/dicodusport.fr\/blog\/wp-content\/uploads\/2024\/09\/Football-Ligue-des-Nations-Les-Bleus-se-reprennent-face-a-la-Belgique.png","keywords":["Belgique","br\u00e8ve","Football","France","Ligue des nations","sport"],"articleSection":["Football"],"inLanguage":"fr-FR","potentialAction":[{"@type":"CommentAction","name":"Comment","target":["https:\/\/dicodusport.fr\/blog\/football-ligue-des-nations-les-bleus-se-reprennent-face-a-la-belgique\/#respond"]}],"copyrightYear":"2024","copyrightHolder":{"@id":"https:\/\/dicodusport.fr\/blog\/#organization"}},{"@type":"WebPage","@id":"https:\/\/dicodusport.fr\/blog\/football-ligue-des-nations-les-bleus-se-reprennent-face-a-la-belgique\/","url":"https:\/\/dicodusport.fr\/blog\/football-ligue-des-nations-les-bleus-se-reprennent-face-a-la-belgique\/","name":"Football Ligue des Nations : Les Bleus se reprennent face \u00e0 la Belgique","isPartOf":{"@id":"https:\/\/dicodusport.fr\/blog\/#website"},"primaryImageOfPage":{"@id":"https:\/\/dicodusport.fr\/blog\/football-ligue-des-nations-les-bleus-se-reprennent-face-a-la-belgique\/#primaryimage"},"image":{"@id":"https:\/\/dicodusport.fr\/blog\/football-ligue-des-nations-les-bleus-se-reprennent-face-a-la-belgique\/#primaryimage"},"thumbnailUrl":"https:\/\/dicodusport.fr\/blog\/wp-content\/uploads\/2024\/09\/Football-Ligue-des-Nations-Les-Bleus-se-reprennent-face-a-la-Belgique.png","datePublished":"2024-09-09T20:47:57+00:00","dateModified":"2024-09-09T21:10:25+00:00","description":"LIGUE DES NATIONS 2024\/2025 - Bien plus inspir\u00e9s, les Bleus ont retrouv\u00e9 des couleurs ce soir face \u00e0 la Belgique et s'imposent 2-0.","breadcrumb":{"@id":"https:\/\/dicodusport.fr\/blog\/football-ligue-des-nations-les-bleus-se-reprennent-face-a-la-belgique\/#breadcrumb"},"inLanguage":"fr-FR","potentialAction":[{"@type":"ReadAction","target":["https:\/\/dicodusport.fr\/blog\/football-ligue-des-nations-les-bleus-se-reprennent-face-a-la-belgique\/"]}]},{"@type":"ImageObject","inLanguage":"fr-FR","@id":"https:\/\/dicodusport.fr\/blog\/football-ligue-des-nations-les-bleus-se-reprennent-face-a-la-belgique\/#primaryimage","url":"https:\/\/dicodusport.fr\/blog\/wp-content\/uploads\/2024\/09\/Football-Ligue-des-Nations-Les-Bleus-se-reprennent-face-a-la-Belgique.png","contentUrl":"https:\/\/dicodusport.fr\/blog\/wp-content\/uploads\/2024\/09\/Football-Ligue-des-Nations-Les-Bleus-se-reprennent-face-a-la-Belgique.png","width":1200,"height":674,"caption":"Football Ligue des Nations Les Bleus se reprennent face \u00e0 la Belgique"},{"@type":"BreadcrumbList","@id":"https:\/\/dicodusport.fr\/blog\/football-ligue-des-nations-les-bleus-se-reprennent-face-a-la-belgique\/#breadcrumb","itemListElement":[{"@type":"ListItem","position":1,"name":"Accueil","item":"https:\/\/dicodusport.fr\/blog\/"},{"@type":"ListItem","position":2,"name":"Football Ligue des Nations : Les Bleus se reprennent face \u00e0 la Belgique"}]},{"@type":"WebSite","@id":"https:\/\/dicodusport.fr\/blog\/#website","url":"https:\/\/dicodusport.fr\/blog\/","name":"Dicodusport","description":"L&#039;encyclop\u00e9die de l&#039;actualit\u00e9 sportive","publisher":{"@id":"https:\/\/dicodusport.fr\/blog\/#organization"},"potentialAction":[{"@type":"SearchAction","target":{"@type":"EntryPoint","urlTemplate":"https:\/\/dicodusport.fr\/blog\/?s={search_term_string}"},"query-input":{"@type":"PropertyValueSpecification","valueRequired":true,"valueName":"search_term_string"}}],"inLanguage":"fr-FR"},{"@type":"NewsMediaOrganization","@id":"https:\/\/dicodusport.fr\/blog\/#organization","name":"Dicodusport","url":"https:\/\/dicodusport.fr\/blog\/","logo":{"@type":"ImageObject","inLanguage":"fr-FR","@id":"https:\/\/dicodusport.fr\/blog\/#\/schema\/logo\/image\/","url":"https:\/\/dicodusport.fr\/blog\/wp-content\/uploads\/2020\/06\/cropped-LOGO-DICODUSPORT-2020-SANS-FOND-SANS-TEXTE.png","contentUrl":"https:\/\/dicodusport.fr\/blog\/wp-content\/uploads\/2020\/06\/cropped-LOGO-DICODUSPORT-2020-SANS-FOND-SANS-TEXTE.png","width":512,"height":512,"caption":"Dicodusport"},"image":{"@id":"https:\/\/dicodusport.fr\/blog\/#\/schema\/logo\/image\/"},"sameAs":["https:\/\/www.facebook.com\/dicodusport","https:\/\/x.com\/dicodusport","https:\/\/www.instagram.com\/dicodusport\/","https:\/\/www.youtube.com\/channel\/UC7V2KZ5sd3htJivAbA4ZG3w"],"description":"Dicodusport est l'encyclop\u00e9die de l'actualit\u00e9 sportive.","email":"bonjour@dicodusport.fr","legalName":"DICODUSPORT","foundingDate":"2018-01-14","vatID":"FR71834470973","taxID":"83447097300043","numberOfEmployees":{"@type":"QuantitativeValue","minValue":"1","maxValue":"10"}},{"@type":"Person","@id":"https:\/\/dicodusport.fr\/blog\/#\/schema\/person\/54b6cdccebdfcd5a1036c594aecffc2a","name":"Louka Lesueur","image":{"@type":"ImageObject","inLanguage":"fr-FR","@id":"https:\/\/dicodusport.fr\/blog\/#\/schema\/person\/image\/","url":"https:\/\/dicodusport.fr\/blog\/wp-content\/uploads\/2023\/09\/IMG_2783-150x150.jpeg","contentUrl":"https:\/\/dicodusport.fr\/blog\/wp-content\/uploads\/2023\/09\/IMG_2783-150x150.jpeg","caption":"Louka Lesueur"},"description":"Passionn\u00e9 depuis tout petit par les exploits de Bolt, Fourcade, Riner, Lavillenie, Wilkinson, Hirscher. Les \u00e9motions provoqu\u00e9es par le sport ont berc\u00e9 mon enfance et continuent de le faire aujourd'hui. C'est ainsi qu'il m'est arriv\u00e9 de pleurer devant la d\u00e9faite des Bleus face aux Blacks en 2011, ou encore devant le titre olympique de Florent Manaudou \u00e0 Londres. Bien loin de ce milieu professionnel, j'ai os\u00e9 tenter ma chance pour rejoindre l'\u00e9quipe de r\u00e9daction de Dicodusport, et depuis septembre 2023, je tente de retransmettre au mieux les exploits des athl\u00e8tes, tous sports confondus. Grand chauvin, c'est bel et bien sur les sportifs tricolores que je pr\u00e9f\u00e8re \u00e9crire.","sameAs":["https:\/\/x.com\/https:\/\/twitter.com\/LNewsSF"],"gender":"Homme","worksFor":"Louka LESUEUR","url":"https:\/\/dicodusport.fr\/blog\/author\/louka-lesueur\/"}]}},"_links":{"self":[{"href":"https:\/\/dicodusport.fr\/blog\/wp-json\/wp\/v2\/posts\/519390","targetHints":{"allow":["GET"]}}],"collection":[{"href":"https:\/\/dicodusport.fr\/blog\/wp-json\/wp\/v2\/posts"}],"about":[{"href":"https:\/\/dicodusport.fr\/blog\/wp-json\/wp\/v2\/types\/post"}],"author":[{"embeddable":true,"href":"https:\/\/dicodusport.fr\/blog\/wp-json\/wp\/v2\/users\/89"}],"replies":[{"embeddable":true,"href":"https:\/\/dicodusport.fr\/blog\/wp-json\/wp\/v2\/comments?post=519390"}],"version-history":[{"count":5,"href":"https:\/\/dicodusport.fr\/blog\/wp-json\/wp\/v2\/posts\/519390\/revisions"}],"predecessor-version":[{"id":519492,"href":"https:\/\/dicodusport.fr\/blog\/wp-json\/wp\/v2\/posts\/519390\/revisions\/519492"}],"wp:featuredmedia":[{"embeddable":true,"href":"https:\/\/dicodusport.fr\/blog\/wp-json\/wp\/v2\/media\/519476"}],"wp:attachment":[{"href":"https:\/\/dicodusport.fr\/blog\/wp-json\/wp\/v2\/media?parent=519390"}],"wp:term":[{"taxonomy":"category","embeddable":true,"href":"https:\/\/dicodusport.fr\/blog\/wp-json\/wp\/v2\/categories?post=519390"},{"taxonomy":"post_tag","embeddable":true,"href":"https:\/\/dicodusport.fr\/blog\/wp-json\/wp\/v2\/tags?post=519390"}],"curies":[{"name":"wp","href":"https:\/\/api.w.org\/{rel}","templated":true}]}}