{"id":519397,"date":"2024-09-10T09:11:41","date_gmt":"2024-09-10T07:11:41","guid":{"rendered":"https:\/\/dicodusport.fr\/blog\/?p=519397&#038;preview=true&#038;preview_id=519397"},"modified":"2024-09-11T09:36:23","modified_gmt":"2024-09-11T07:36:23","slug":"cyclisme-championnats-deurope-2024-parcours-et-favoris-du-contre-la-montre","status":"publish","type":"post","link":"https:\/\/dicodusport.fr\/blog\/cyclisme-championnats-deurope-2024-parcours-et-favoris-du-contre-la-montre\/","title":{"rendered":"Cyclisme Championnats d&rsquo;Europe 2024 : Parcours et favoris du contre-la-montre"},"content":{"rendered":"<h4 style=\"text-align: justify;\"><em>CYCLISME SUR ROUTE CHAMPIONNATS D&rsquo;EUROPE 2024 &#8211; Pas de Remco Evenepoel, ni de Filippo Ganna, ni de Wout van Aert et ni de Joshua Tarling. Les quatre meilleurs rouleurs au monde seront absents des championnats d&rsquo;Europe du contre-la-montre pour diverses raisons. Cela offrira des opportunit\u00e9s aux coureurs consid\u00e9r\u00e9s habituellement comme des outsiders. Qui sera le successeur de Tarling ?<\/em><\/h4>\n<ul style=\"text-align: justify;\">\n<li style=\"text-align: justify;\"><strong><strong>\u00c0 ce sujet \u2013 <\/strong><a href=\"https:\/\/dicodusport.fr\/blog\/programme-et-resultats-cyclisme-sur-route-championnats-deurope-2024\/\">Programme et r\u00e9sultats Cyclisme sur route Championnats d\u2019Europe 2024<\/a><\/strong><\/li>\n<\/ul>\n<h2 style=\"text-align: justify;\"><strong>Le parcours du contre-la-montre des championnats d&rsquo;Europe<\/strong><\/h2>\n<p style=\"text-align: justify;\">Ce mercredi 11 septembre, se d\u00e9roulera donc les championnats d&rsquo;Europe de contre-la-montre chez les \u00e9lites hommes, mais aussi dans les autres cat\u00e9gories, entre Heusden-Zolder et Hasselt, sur une distance de 31,2 km (hormis pour les juniors femmes, 13,3 km). L&rsquo;itin\u00e9raire sera plus long que les ann\u00e9es pr\u00e9c\u00e9dentes. En 2016, 2017 et 2018, les coureurs devaient parcourir plus de 45 kilom\u00e8tres, mais lors des derni\u00e8res \u00e9ditions, la distance n&rsquo;a jamais d\u00e9pass\u00e9 une trentaine kilom\u00e8tres. \u00c0 Drenthe, en 2023, le parcours \u00e9tait long de 28,7 kilom\u00e8tres.<\/p>\n<p style=\"text-align: justify;\">Le parcours sera plat avec seulement 135 m\u00e8tres de d\u00e9nivel\u00e9. Apr\u00e8s le d\u00e9part d&rsquo;<strong>Heusden-Zolder<\/strong>, il y aura un passage un peu plus technique avec notamment une boucle au nord de la ville de d\u00e9part pour le premier tiers de la course. Ensuite, les coureurs continueront principalement sur des routes assez rectilignes jusqu&rsquo;\u00e0 <strong>Hasselt<\/strong>, en direction du sud-ouest. Les gros moteurs pourront mettre leur puissance \u00e0 profit sur ces bouts droits.<\/p>\n<div id=\"attachment_519508\" style=\"width: 1028px\" class=\"wp-caption aligncenter\"><a href=\"https:\/\/dicodusport.fr\/blog\/wp-content\/uploads\/2024\/09\/Profil-Contre-la-montre-Championnats-dEurope-de-cyclisme-sur-route-2024.webp\"><img loading=\"lazy\" decoding=\"async\" aria-describedby=\"caption-attachment-519508\" class=\"size-full wp-image-519508\" src=\"https:\/\/dicodusport.fr\/blog\/wp-content\/uploads\/2024\/09\/Profil-Contre-la-montre-Championnats-dEurope-de-cyclisme-sur-route-2024.webp\" alt=\"Profil Contre-la-montre Championnats d'Europe de cyclisme sur route 2024\" width=\"1018\" height=\"282\" srcset=\"https:\/\/dicodusport.fr\/blog\/wp-content\/uploads\/2024\/09\/Profil-Contre-la-montre-Championnats-dEurope-de-cyclisme-sur-route-2024.webp 1018w, https:\/\/dicodusport.fr\/blog\/wp-content\/uploads\/2024\/09\/Profil-Contre-la-montre-Championnats-dEurope-de-cyclisme-sur-route-2024-300x83.webp 300w, https:\/\/dicodusport.fr\/blog\/wp-content\/uploads\/2024\/09\/Profil-Contre-la-montre-Championnats-dEurope-de-cyclisme-sur-route-2024-768x213.webp 768w\" sizes=\"auto, (max-width: 1018px) 100vw, 1018px\" \/><\/a><p id=\"caption-attachment-519508\" class=\"wp-caption-text\">Profil Contre-la-montre Championnats d&rsquo;Europe de cyclisme sur route 2024<\/p><\/div>\n<h2 style=\"text-align: justify;\">Les favoris du contre-la-montre des championnats d&rsquo;Europe<\/h2>\n<p style=\"text-align: justify;\"><strong>Stefan K\u00fcng<\/strong> sera le favori num\u00e9ro un, puisqu&rsquo;il a glan\u00e9 le titre europ\u00e9en du contre-la-montre \u00e0 deux reprises, en 2020 et 2021. Cette ann\u00e9e, le Suisse n&rsquo;a r\u00e9ussi \u00e0 remporter que deux chronos, mais on peut toujours le compter parmi les meilleurs rouleurs du monde. Il est d\u00e9j\u00e0 mont\u00e9 \u00e0 deux reprises sur le podium des Championnats du monde de contre-la-montre (2020 et 2022). De plus, ce qui parle \u00e9galement en faveur du champion de Suisse de la discipline, c&rsquo;est la forme affich\u00e9e sur la Vuelta en \u00e9tant bon dans les montagnes espagnoles et bien s\u00fbr, <a href=\"https:\/\/dicodusport.fr\/blog\/tour-despagne-2024-le-general-pour-primoz-roglic-le-chrono-final-pour-stefan-kung\/\">en triomphant lors du contre-la-montre final dans les rues de Madrid<\/a>, sur un itin\u00e9raire rectiligne et plat. Maintenant, reste \u00e0 savoir comment il aura r\u00e9cup\u00e9r\u00e9 des trois semaines de course. De plus, il a annonc\u00e9 viser les Mondiaux sur ses terres zurichoises.<\/p>\n<p style=\"text-align: justify;\">La principale concurrence pourrait venir d&rsquo;un autre coureur helv\u00e9tique, avec <strong>Stefan Bissegger<\/strong>, sacr\u00e9 champion d&rsquo;Europe en 2022. Le coureur de l&rsquo;\u00e9quipe EF Education-EasyPost a montr\u00e9 de bonnes choses sur le dernier Renewi Tour, malgr\u00e9 sa d\u00e9faite face \u00e0 Alec Segaert. Peu \u00e0 l&rsquo;aise sur les portions techniques, le parcours de ces championnats d&rsquo;Europe lui conviendra parfaitement.<\/p>\n<div id=\"attachment_519509\" style=\"width: 750px\" class=\"wp-caption aligncenter\"><a href=\"https:\/\/dicodusport.fr\/blog\/wp-content\/uploads\/2024\/09\/Stefan-Kung-et-Stefan-Bissegger-un-duo-suisse-en-favori.png\"><img loading=\"lazy\" decoding=\"async\" aria-describedby=\"caption-attachment-519509\" class=\"size-large wp-image-519509\" src=\"https:\/\/dicodusport.fr\/blog\/wp-content\/uploads\/2024\/09\/Stefan-Kung-et-Stefan-Bissegger-un-duo-suisse-en-favori-1024x575.png\" alt=\"Stefan K\u00fcng et Stefan Bissegger, un duo suisse en favori\" width=\"740\" height=\"416\" srcset=\"https:\/\/dicodusport.fr\/blog\/wp-content\/uploads\/2024\/09\/Stefan-Kung-et-Stefan-Bissegger-un-duo-suisse-en-favori-1024x575.png 1024w, https:\/\/dicodusport.fr\/blog\/wp-content\/uploads\/2024\/09\/Stefan-Kung-et-Stefan-Bissegger-un-duo-suisse-en-favori-300x169.png 300w, https:\/\/dicodusport.fr\/blog\/wp-content\/uploads\/2024\/09\/Stefan-Kung-et-Stefan-Bissegger-un-duo-suisse-en-favori-768x431.png 768w, https:\/\/dicodusport.fr\/blog\/wp-content\/uploads\/2024\/09\/Stefan-Kung-et-Stefan-Bissegger-un-duo-suisse-en-favori.png 1200w\" sizes=\"auto, (max-width: 740px) 100vw, 740px\" \/><\/a><p id=\"caption-attachment-519509\" class=\"wp-caption-text\">Stefan K\u00fcng et Stefan Bissegger, un duo suisse en favori &#8211; Photo Icon Sport<\/p><\/div>\n<p style=\"text-align: justify;\">Du c\u00f4t\u00e9 de la Belgique, <strong>Victor Campenaerts<\/strong> sera tr\u00e8s attendu apr\u00e8s un bon Tour d&rsquo;Espagne et surtout un succ\u00e8s d&rsquo;\u00e9tape en derni\u00e8re semaine sur le Tour de France. N\u00e9anmoins, il n&rsquo;est plus le rouleur qui a \u00e9t\u00e9 sacr\u00e9 champion d&rsquo;Europe de la discipline en 2017 et en 2018. Le futur coureur de la Visma Lease a Bike a vari\u00e9 son savoir-faire en \u00e9tant plus \u00e0 l&rsquo;aise sur les courses en ligne avec du relief.<\/p>\n<p style=\"text-align: justify;\">Ensuite,<strong> Edoardo Affini<\/strong> est d\u00e9j\u00e0 mont\u00e9 sur le podium des Championnats d&rsquo;Europe de contre-la-montre. En 2019, un an apr\u00e8s avoir remport\u00e9 le titre europ\u00e9en du contre-la-montre chez les espoirs, l&rsquo;Italien a termin\u00e9 troisi\u00e8me \u00e0 Alkmaar derri\u00e8re Kasper Asgreen et Remco Evenepoel. Avec l&rsquo;absence de Ganna, ext\u00e9nu\u00e9 apr\u00e8s les Jeux Olympiques sur route et sur piste, les espoirs italiens reposeront \u00e0 nouveau sur lui. Bien que les Transalpins pourraient miser aussi sur <strong>Mattia Cattaneo,<\/strong> troisi\u00e8me du contre-la-montre final de la Vuelta. Reste \u00e0 savoir comment il aura dig\u00e9r\u00e9 son Tour d\u2019Espagne.<\/p>\n<p style=\"text-align: justify;\">Cinqui\u00e8me l&rsquo;an dernier, <strong>Mikkel Bjerg<\/strong> peut enfin vider une m\u00e9daille \u00e0 25 ans, lui qui a \u00e9t\u00e9 sacr\u00e9 champion du monde du contre-la-montre chez les espoirs pendant trois ann\u00e9es cons\u00e9cutives. Hormis un contre-la-montre sur le Crit\u00e9rium du Dauphin\u00e9 2023, Bjerg n&rsquo;a pas encore r\u00e9pondu aux attentes chez les professionnels. De plus, au sein de l&rsquo;UAE Team Emirates, il a \u00e9t\u00e9 oblig\u00e9 de devenir polyvalent afin d&rsquo;aider ses leaders en montagne.<\/p>\n<p style=\"text-align: justify;\"><strong>S\u00f8ren W\u00e6renskjold <\/strong>devrait \u00e9galement \u00eatre capable se faire remarquer en terre limbourgeoise. Le Norv\u00e9gien de 24 ans a d\u00e9j\u00e0 remport\u00e9 trois contre-la-montre cette ann\u00e9e : le championnat de Norv\u00e8ge du contre-la-montre, le contre-la-montre du Baloise Belgium Tour et celui du Tour Poitou-Charentes Nouvelle-Aquitaine. Cette derni\u00e8re victoire date du 23 ao\u00fbt, il y a seulement quelques semaines. En bref, W\u00e6renskjold est pr\u00eat pour le Championnat d\u2019Europe avec sa deuxi\u00e8me place au Grand Prix de Fourmies, dimanche. Peut-il nous faire une Foss ?<\/p>\n<div class=\"vlp-link-container vlp-layout-article\"><a href=\"https:\/\/dicodusport.fr\/blog\/tour-de-belgique-2024-tim-merlier-gagne-la-derniere-etape-soren-waerenskjold-rafle-le-general\/\" class=\"vlp-link\" title=\"Tour de Belgique 2024 : Tim Merlier gagne la derni\u00e8re \u00e9tape, S\u00f8ren W\u00e6renskjold rafle le g\u00e9n\u00e9ral\"><\/a><div class=\"vlp-layout-zone-side\"><div class=\"vlp-block-4 vlp-link-image\"><img loading=\"lazy\" decoding=\"async\" style=\"max-width: 792px;\" width=\"792\" height=\"445\" src=\"https:\/\/dicodusport.fr\/blog\/wp-content\/uploads\/2024\/06\/Tour-de-Belgique-2024-Tim-Merlier-gagne-la-derniere-etape-Soren-Waerenskjold-rafle-le-general-1.png\" class=\"attachment-800x445 size-800x445\" alt=\"Tour de Belgique 2024 Tim Merlier gagne la derni\u00e8re \u00e9tape, S\u00f8ren W\u00e6renskjold rafle le g\u00e9n\u00e9ral\" srcset=\"https:\/\/dicodusport.fr\/blog\/wp-content\/uploads\/2024\/06\/Tour-de-Belgique-2024-Tim-Merlier-gagne-la-derniere-etape-Soren-Waerenskjold-rafle-le-general-1.png 1200w, https:\/\/dicodusport.fr\/blog\/wp-content\/uploads\/2024\/06\/Tour-de-Belgique-2024-Tim-Merlier-gagne-la-derniere-etape-Soren-Waerenskjold-rafle-le-general-1-300x169.png 300w, https:\/\/dicodusport.fr\/blog\/wp-content\/uploads\/2024\/06\/Tour-de-Belgique-2024-Tim-Merlier-gagne-la-derniere-etape-Soren-Waerenskjold-rafle-le-general-1-1024x575.png 1024w, https:\/\/dicodusport.fr\/blog\/wp-content\/uploads\/2024\/06\/Tour-de-Belgique-2024-Tim-Merlier-gagne-la-derniere-etape-Soren-Waerenskjold-rafle-le-general-1-768x431.png 768w\" sizes=\"auto, (max-width: 792px) 100vw, 792px\" \/><\/div><\/div><div class=\"vlp-layout-zone-main\"><div class=\"vlp-block-0 vlp-link-title\">Tour de Belgique 2024 : Tim Merlier gagne la derni\u00e8re \u00e9tape, S\u00f8ren W\u00e6renskjold rafle le g\u00e9n\u00e9ral<\/div><div class=\"vlp-block-1 vlp-link-summary\">TOUR DE BELGIQUE 2024 - Tim Merlier (Soudal Quick-Step) s'est impos\u00e9 sur la cinqui\u00e8me et la derni\u00e8re \u00e9tape \u00e9tape du Baloise Belgium Tour \u00e0 Bruxelles, dimanche. S\u00f8ren W\u00e6renskjold (Uno X Mobility) a remport\u00e9 le classement g\u00e9n\u00e9ral final.\u00a0<\/div><div class=\"vlp-block-2 vlp-link-button\">Lire l'article<\/div><div class=\"vlp-block-3 vlp-link-url\">dicodusport.fr<\/div><\/div><\/div>\n<p>&nbsp;<\/p>\n<p style=\"text-align: justify;\">Enfin, les Pays-Bas aligneront <strong>Thymen Arensman<\/strong> et <strong>Daan Hoole<\/strong> avec de nombreux doutes. Arensman a d\u00fb se retirer de la Vuelta \u00e0 cause de la Covid-19. Pourra-t-il d\u00e9sormais retrouver son meilleur niveau \u00e0 temps ? Si c\u2019est le cas, alors c\u2019est un client dangereux pour le titre. Il a termin\u00e9 troisi\u00e8me et quatri\u00e8me des contre-la-montre du Giro d&rsquo;Italia et a pris la sixi\u00e8me place du chrono de la Vuelta \u00e0 Burgos.<\/p>\n<p style=\"text-align: justify;\">Pour rappel, faute de moyens, la France n\u2019envoie aucun athl\u00e8te sur les \u00e9preuves chronom\u00e9tr\u00e9es lors de ces championnats d\u2019Europe 2024. <strong>Julien Thollet<\/strong>, manager des \u00e9quipes de France, l\u2019avait annonc\u00e9 dans les colonnes de\u00a0<a href=\"https:\/\/www.directvelo.com\/actualite\/113917\/la-france-absente-des-chronos-du-championnat-d-europe\"><em>Direct V\u00e9lo<\/em><\/a>, en juin dernier.<\/p>\n<h2 style=\"text-align: justify;\">Palmar\u00e8s du contre-la-montre des championnats d&rsquo;Europe<\/h2>\n<p style=\"text-align: justify;\"><strong>2023 :<\/strong> Joshua Tarling &#8211; <a href=\"https:\/\/dicodusport.fr\/blog\/cyclisme-championnats-deurope-2023-classement-contre-la-montre-hommes\/\"><em>Classement<\/em><\/a><\/p>\n<p style=\"text-align: justify;\"><strong>2022 :<\/strong> Stefan Bissegger<\/p>\n<p style=\"text-align: justify;\"><strong>2021 :<\/strong> Stefan K\u00fcng &#8211; <a href=\"https:\/\/dicodusport.fr\/blog\/championnats-deurope-de-cyclisme-le-classement-du-contre-la-montre-elites-hommes\/\"><em>Classement<\/em><\/a><\/p>\n<p style=\"text-align: justify;\"><strong>2020 :<\/strong> Stefan K\u00fcng<\/p>\n<p style=\"text-align: justify;\"><strong>2019 :<\/strong> Remco Evenepoel<\/p>\n<p style=\"text-align: justify;\"><strong>2018 :<\/strong> Victor Campenaerts<\/p>\n<p style=\"text-align: justify;\"><strong>2017 :<\/strong> Victor Campenaerts<\/p>\n<p style=\"text-align: justify;\"><strong>2016 :<\/strong> Jonathan Castroviejo<\/p>\n","protected":false},"excerpt":{"rendered":"<p>Parcours et favoris du contre-la-montre<\/p>\n","protected":false},"author":48,"featured_media":519510,"comment_status":"open","ping_status":"closed","sticky":false,"template":"","format":"standard","meta":{"_acf_changed":false,"_daextam_enable_autolinks":"1","footnotes":""},"categories":[46994],"tags":[32415,16878,23805],"class_list":["post-519397","post","type-post","status-publish","format-standard","has-post-thumbnail","hentry","category-cyclisme-sur-route","tag-actu","tag-breve","tag-championnats-deurope-de-cyclisme-sur-route"],"acf":[],"yoast_head":"<!-- This site is optimized with the Yoast SEO Premium plugin v26.7 (Yoast SEO v26.7) - https:\/\/yoast.com\/wordpress\/plugins\/seo\/ -->\n<title>Cyclisme Championnats d&#039;Europe 2024 : Parcours et favoris du contre-la-montre<\/title>\n<meta name=\"description\" content=\"Retrouvez le parcours et les favoris du contre-la-montre des championnats d&#039;Europe de cyclisme sur route 2024, qui se d\u00e9roule ce mercredi 11 septembre.\" \/>\n<meta name=\"robots\" content=\"index, follow, max-snippet:-1, max-image-preview:large, max-video-preview:-1\" \/>\n<link rel=\"canonical\" href=\"https:\/\/dicodusport.fr\/blog\/cyclisme-championnats-deurope-2024-parcours-et-favoris-du-contre-la-montre\/\" \/>\n<meta property=\"og:locale\" content=\"fr_FR\" \/>\n<meta property=\"og:type\" content=\"article\" \/>\n<meta property=\"og:title\" content=\"Cyclisme Championnats d&#039;Europe 2024 : Parcours et favoris du contre-la-montre\" \/>\n<meta property=\"og:description\" content=\"Retrouvez le parcours et les favoris du contre-la-montre des championnats d&#039;Europe de cyclisme sur route 2024, qui se d\u00e9roule ce mercredi 11 septembre.\" \/>\n<meta property=\"og:url\" content=\"https:\/\/dicodusport.fr\/blog\/cyclisme-championnats-deurope-2024-parcours-et-favoris-du-contre-la-montre\/\" \/>\n<meta property=\"og:site_name\" content=\"Dicodusport\" \/>\n<meta property=\"article:publisher\" content=\"https:\/\/www.facebook.com\/dicodusport\" \/>\n<meta property=\"article:author\" content=\"https:\/\/www.facebook.com\/groups\/LesRoisDuPeloton\" \/>\n<meta property=\"article:published_time\" content=\"2024-09-10T07:11:41+00:00\" \/>\n<meta property=\"article:modified_time\" content=\"2024-09-11T07:36:23+00:00\" \/>\n<meta property=\"og:image\" content=\"https:\/\/dicodusport.fr\/blog\/wp-content\/uploads\/2024\/09\/Cyclisme-Championnats-dEurope-2024-Parcours-et-favoris-du-contre-la-montre.png\" \/>\n\t<meta property=\"og:image:width\" content=\"1200\" \/>\n\t<meta property=\"og:image:height\" content=\"674\" \/>\n\t<meta property=\"og:image:type\" content=\"image\/png\" \/>\n<meta name=\"author\" content=\"Emilien Descampiaux\" \/>\n<meta name=\"twitter:card\" content=\"summary_large_image\" \/>\n<meta name=\"twitter:title\" content=\"Cyclisme Championnats d&#039;Europe 2024 : Parcours et favoris du contre-la-montre\" \/>\n<meta name=\"twitter:creator\" content=\"@https:\/\/twitter.com\/LRoisDuPeloton\" \/>\n<meta name=\"twitter:site\" content=\"@dicodusport\" \/>\n<script type=\"application\/ld+json\" class=\"yoast-schema-graph\">{\"@context\":\"https:\/\/schema.org\",\"@graph\":[{\"@type\":\"NewsArticle\",\"@id\":\"https:\/\/dicodusport.fr\/blog\/cyclisme-championnats-deurope-2024-parcours-et-favoris-du-contre-la-montre\/#article\",\"isPartOf\":{\"@id\":\"https:\/\/dicodusport.fr\/blog\/cyclisme-championnats-deurope-2024-parcours-et-favoris-du-contre-la-montre\/\"},\"author\":{\"name\":\"Emilien Descampiaux\",\"@id\":\"https:\/\/dicodusport.fr\/blog\/#\/schema\/person\/6db4bae06b171592211be385b32876a7\"},\"headline\":\"Cyclisme Championnats d&rsquo;Europe 2024 : Parcours et favoris du contre-la-montre\",\"datePublished\":\"2024-09-10T07:11:41+00:00\",\"dateModified\":\"2024-09-11T07:36:23+00:00\",\"mainEntityOfPage\":{\"@id\":\"https:\/\/dicodusport.fr\/blog\/cyclisme-championnats-deurope-2024-parcours-et-favoris-du-contre-la-montre\/\"},\"wordCount\":1103,\"commentCount\":0,\"publisher\":{\"@id\":\"https:\/\/dicodusport.fr\/blog\/#organization\"},\"image\":{\"@id\":\"https:\/\/dicodusport.fr\/blog\/cyclisme-championnats-deurope-2024-parcours-et-favoris-du-contre-la-montre\/#primaryimage\"},\"thumbnailUrl\":\"https:\/\/dicodusport.fr\/blog\/wp-content\/uploads\/2024\/09\/Cyclisme-Championnats-dEurope-2024-Parcours-et-favoris-du-contre-la-montre.png\",\"keywords\":[\"actu\",\"br\u00e8ve\",\"Championnats d'Europe de cyclisme sur route\"],\"articleSection\":[\"Cyclisme sur route\"],\"inLanguage\":\"fr-FR\",\"potentialAction\":[{\"@type\":\"CommentAction\",\"name\":\"Comment\",\"target\":[\"https:\/\/dicodusport.fr\/blog\/cyclisme-championnats-deurope-2024-parcours-et-favoris-du-contre-la-montre\/#respond\"]}],\"copyrightYear\":\"2024\",\"copyrightHolder\":{\"@id\":\"https:\/\/dicodusport.fr\/blog\/#organization\"}},{\"@type\":\"WebPage\",\"@id\":\"https:\/\/dicodusport.fr\/blog\/cyclisme-championnats-deurope-2024-parcours-et-favoris-du-contre-la-montre\/\",\"url\":\"https:\/\/dicodusport.fr\/blog\/cyclisme-championnats-deurope-2024-parcours-et-favoris-du-contre-la-montre\/\",\"name\":\"Cyclisme Championnats d'Europe 2024 : Parcours et favoris du contre-la-montre\",\"isPartOf\":{\"@id\":\"https:\/\/dicodusport.fr\/blog\/#website\"},\"primaryImageOfPage\":{\"@id\":\"https:\/\/dicodusport.fr\/blog\/cyclisme-championnats-deurope-2024-parcours-et-favoris-du-contre-la-montre\/#primaryimage\"},\"image\":{\"@id\":\"https:\/\/dicodusport.fr\/blog\/cyclisme-championnats-deurope-2024-parcours-et-favoris-du-contre-la-montre\/#primaryimage\"},\"thumbnailUrl\":\"https:\/\/dicodusport.fr\/blog\/wp-content\/uploads\/2024\/09\/Cyclisme-Championnats-dEurope-2024-Parcours-et-favoris-du-contre-la-montre.png\",\"datePublished\":\"2024-09-10T07:11:41+00:00\",\"dateModified\":\"2024-09-11T07:36:23+00:00\",\"description\":\"Retrouvez le parcours et les favoris du contre-la-montre des championnats d'Europe de cyclisme sur route 2024, qui se d\u00e9roule ce mercredi 11 septembre.\",\"breadcrumb\":{\"@id\":\"https:\/\/dicodusport.fr\/blog\/cyclisme-championnats-deurope-2024-parcours-et-favoris-du-contre-la-montre\/#breadcrumb\"},\"inLanguage\":\"fr-FR\",\"potentialAction\":[{\"@type\":\"ReadAction\",\"target\":[\"https:\/\/dicodusport.fr\/blog\/cyclisme-championnats-deurope-2024-parcours-et-favoris-du-contre-la-montre\/\"]}]},{\"@type\":\"ImageObject\",\"inLanguage\":\"fr-FR\",\"@id\":\"https:\/\/dicodusport.fr\/blog\/cyclisme-championnats-deurope-2024-parcours-et-favoris-du-contre-la-montre\/#primaryimage\",\"url\":\"https:\/\/dicodusport.fr\/blog\/wp-content\/uploads\/2024\/09\/Cyclisme-Championnats-dEurope-2024-Parcours-et-favoris-du-contre-la-montre.png\",\"contentUrl\":\"https:\/\/dicodusport.fr\/blog\/wp-content\/uploads\/2024\/09\/Cyclisme-Championnats-dEurope-2024-Parcours-et-favoris-du-contre-la-montre.png\",\"width\":1200,\"height\":674,\"caption\":\"Cyclisme Championnats d'Europe 2024 Parcours et favoris du contre-la-montre\"},{\"@type\":\"BreadcrumbList\",\"@id\":\"https:\/\/dicodusport.fr\/blog\/cyclisme-championnats-deurope-2024-parcours-et-favoris-du-contre-la-montre\/#breadcrumb\",\"itemListElement\":[{\"@type\":\"ListItem\",\"position\":1,\"name\":\"Accueil\",\"item\":\"https:\/\/dicodusport.fr\/blog\/\"},{\"@type\":\"ListItem\",\"position\":2,\"name\":\"Cyclisme Championnats d&#8217;Europe 2024 : Parcours et favoris du contre-la-montre\"}]},{\"@type\":\"WebSite\",\"@id\":\"https:\/\/dicodusport.fr\/blog\/#website\",\"url\":\"https:\/\/dicodusport.fr\/blog\/\",\"name\":\"Dicodusport\",\"description\":\"L&#039;encyclop\u00e9die de l&#039;actualit\u00e9 sportive\",\"publisher\":{\"@id\":\"https:\/\/dicodusport.fr\/blog\/#organization\"},\"potentialAction\":[{\"@type\":\"SearchAction\",\"target\":{\"@type\":\"EntryPoint\",\"urlTemplate\":\"https:\/\/dicodusport.fr\/blog\/?s={search_term_string}\"},\"query-input\":{\"@type\":\"PropertyValueSpecification\",\"valueRequired\":true,\"valueName\":\"search_term_string\"}}],\"inLanguage\":\"fr-FR\"},{\"@type\":\"NewsMediaOrganization\",\"@id\":\"https:\/\/dicodusport.fr\/blog\/#organization\",\"name\":\"Dicodusport\",\"url\":\"https:\/\/dicodusport.fr\/blog\/\",\"logo\":{\"@type\":\"ImageObject\",\"inLanguage\":\"fr-FR\",\"@id\":\"https:\/\/dicodusport.fr\/blog\/#\/schema\/logo\/image\/\",\"url\":\"https:\/\/dicodusport.fr\/blog\/wp-content\/uploads\/2020\/06\/cropped-LOGO-DICODUSPORT-2020-SANS-FOND-SANS-TEXTE.png\",\"contentUrl\":\"https:\/\/dicodusport.fr\/blog\/wp-content\/uploads\/2020\/06\/cropped-LOGO-DICODUSPORT-2020-SANS-FOND-SANS-TEXTE.png\",\"width\":512,\"height\":512,\"caption\":\"Dicodusport\"},\"image\":{\"@id\":\"https:\/\/dicodusport.fr\/blog\/#\/schema\/logo\/image\/\"},\"sameAs\":[\"https:\/\/www.facebook.com\/dicodusport\",\"https:\/\/x.com\/dicodusport\",\"https:\/\/www.instagram.com\/dicodusport\/\",\"https:\/\/www.youtube.com\/channel\/UC7V2KZ5sd3htJivAbA4ZG3w\"],\"description\":\"Dicodusport est l'encyclop\u00e9die de l'actualit\u00e9 sportive.\",\"email\":\"bonjour@dicodusport.fr\",\"legalName\":\"DICODUSPORT\",\"foundingDate\":\"2018-01-14\",\"vatID\":\"FR71834470973\",\"taxID\":\"83447097300043\",\"numberOfEmployees\":{\"@type\":\"QuantitativeValue\",\"minValue\":\"1\",\"maxValue\":\"10\"}},{\"@type\":\"Person\",\"@id\":\"https:\/\/dicodusport.fr\/blog\/#\/schema\/person\/6db4bae06b171592211be385b32876a7\",\"name\":\"Emilien Descampiaux\",\"image\":{\"@type\":\"ImageObject\",\"inLanguage\":\"fr-FR\",\"@id\":\"https:\/\/dicodusport.fr\/blog\/#\/schema\/person\/image\/\",\"url\":\"https:\/\/dicodusport.fr\/blog\/wp-content\/uploads\/2021\/05\/Emilien-Descampiaux-150x150.jpg\",\"contentUrl\":\"https:\/\/dicodusport.fr\/blog\/wp-content\/uploads\/2021\/05\/Emilien-Descampiaux-150x150.jpg\",\"caption\":\"Emilien Descampiaux\"},\"description\":\"Journaliste\/r\u00e9dacteur depuis 2014 - Fan de la classe de Frank Vandenbroucke, je vis cyclisme (et de ses paysages) depuis plus de 20 ans. Je suis tr\u00e8s impliqu\u00e9 sur mes diff\u00e9rents r\u00e9seaux sociaux pour partager ma passion sur le monde et l'Histoire de la bicyclette avec ma voix sur les images en noir et blanc du succ\u00e8s de Rik Van Steenbergen lors du Ronde sur le V\u00e9lodrome de Gand.\",\"sameAs\":[\"https:\/\/www.facebook.com\/groups\/LesRoisDuPeloton\",\"https:\/\/x.com\/https:\/\/twitter.com\/LRoisDuPeloton\"],\"url\":\"https:\/\/dicodusport.fr\/blog\/author\/emiliend\/\"}]}<\/script>\n<!-- \/ Yoast SEO Premium plugin. -->","yoast_head_json":{"title":"Cyclisme Championnats d'Europe 2024 : Parcours et favoris du contre-la-montre","description":"Retrouvez le parcours et les favoris du contre-la-montre des championnats d'Europe de cyclisme sur route 2024, qui se d\u00e9roule ce mercredi 11 septembre.","robots":{"index":"index","follow":"follow","max-snippet":"max-snippet:-1","max-image-preview":"max-image-preview:large","max-video-preview":"max-video-preview:-1"},"canonical":"https:\/\/dicodusport.fr\/blog\/cyclisme-championnats-deurope-2024-parcours-et-favoris-du-contre-la-montre\/","og_locale":"fr_FR","og_type":"article","og_title":"Cyclisme Championnats d'Europe 2024 : Parcours et favoris du contre-la-montre","og_description":"Retrouvez le parcours et les favoris du contre-la-montre des championnats d'Europe de cyclisme sur route 2024, qui se d\u00e9roule ce mercredi 11 septembre.","og_url":"https:\/\/dicodusport.fr\/blog\/cyclisme-championnats-deurope-2024-parcours-et-favoris-du-contre-la-montre\/","og_site_name":"Dicodusport","article_publisher":"https:\/\/www.facebook.com\/dicodusport","article_author":"https:\/\/www.facebook.com\/groups\/LesRoisDuPeloton","article_published_time":"2024-09-10T07:11:41+00:00","article_modified_time":"2024-09-11T07:36:23+00:00","og_image":[{"width":1200,"height":674,"url":"https:\/\/dicodusport.fr\/blog\/wp-content\/uploads\/2024\/09\/Cyclisme-Championnats-dEurope-2024-Parcours-et-favoris-du-contre-la-montre.png","type":"image\/png"}],"author":"Emilien Descampiaux","twitter_card":"summary_large_image","twitter_title":"Cyclisme Championnats d'Europe 2024 : Parcours et favoris du contre-la-montre","twitter_creator":"@https:\/\/twitter.com\/LRoisDuPeloton","twitter_site":"@dicodusport","schema":{"@context":"https:\/\/schema.org","@graph":[{"@type":"NewsArticle","@id":"https:\/\/dicodusport.fr\/blog\/cyclisme-championnats-deurope-2024-parcours-et-favoris-du-contre-la-montre\/#article","isPartOf":{"@id":"https:\/\/dicodusport.fr\/blog\/cyclisme-championnats-deurope-2024-parcours-et-favoris-du-contre-la-montre\/"},"author":{"name":"Emilien Descampiaux","@id":"https:\/\/dicodusport.fr\/blog\/#\/schema\/person\/6db4bae06b171592211be385b32876a7"},"headline":"Cyclisme Championnats d&rsquo;Europe 2024 : Parcours et favoris du contre-la-montre","datePublished":"2024-09-10T07:11:41+00:00","dateModified":"2024-09-11T07:36:23+00:00","mainEntityOfPage":{"@id":"https:\/\/dicodusport.fr\/blog\/cyclisme-championnats-deurope-2024-parcours-et-favoris-du-contre-la-montre\/"},"wordCount":1103,"commentCount":0,"publisher":{"@id":"https:\/\/dicodusport.fr\/blog\/#organization"},"image":{"@id":"https:\/\/dicodusport.fr\/blog\/cyclisme-championnats-deurope-2024-parcours-et-favoris-du-contre-la-montre\/#primaryimage"},"thumbnailUrl":"https:\/\/dicodusport.fr\/blog\/wp-content\/uploads\/2024\/09\/Cyclisme-Championnats-dEurope-2024-Parcours-et-favoris-du-contre-la-montre.png","keywords":["actu","br\u00e8ve","Championnats d'Europe de cyclisme sur route"],"articleSection":["Cyclisme sur route"],"inLanguage":"fr-FR","potentialAction":[{"@type":"CommentAction","name":"Comment","target":["https:\/\/dicodusport.fr\/blog\/cyclisme-championnats-deurope-2024-parcours-et-favoris-du-contre-la-montre\/#respond"]}],"copyrightYear":"2024","copyrightHolder":{"@id":"https:\/\/dicodusport.fr\/blog\/#organization"}},{"@type":"WebPage","@id":"https:\/\/dicodusport.fr\/blog\/cyclisme-championnats-deurope-2024-parcours-et-favoris-du-contre-la-montre\/","url":"https:\/\/dicodusport.fr\/blog\/cyclisme-championnats-deurope-2024-parcours-et-favoris-du-contre-la-montre\/","name":"Cyclisme Championnats d'Europe 2024 : Parcours et favoris du contre-la-montre","isPartOf":{"@id":"https:\/\/dicodusport.fr\/blog\/#website"},"primaryImageOfPage":{"@id":"https:\/\/dicodusport.fr\/blog\/cyclisme-championnats-deurope-2024-parcours-et-favoris-du-contre-la-montre\/#primaryimage"},"image":{"@id":"https:\/\/dicodusport.fr\/blog\/cyclisme-championnats-deurope-2024-parcours-et-favoris-du-contre-la-montre\/#primaryimage"},"thumbnailUrl":"https:\/\/dicodusport.fr\/blog\/wp-content\/uploads\/2024\/09\/Cyclisme-Championnats-dEurope-2024-Parcours-et-favoris-du-contre-la-montre.png","datePublished":"2024-09-10T07:11:41+00:00","dateModified":"2024-09-11T07:36:23+00:00","description":"Retrouvez le parcours et les favoris du contre-la-montre des championnats d'Europe de cyclisme sur route 2024, qui se d\u00e9roule ce mercredi 11 septembre.","breadcrumb":{"@id":"https:\/\/dicodusport.fr\/blog\/cyclisme-championnats-deurope-2024-parcours-et-favoris-du-contre-la-montre\/#breadcrumb"},"inLanguage":"fr-FR","potentialAction":[{"@type":"ReadAction","target":["https:\/\/dicodusport.fr\/blog\/cyclisme-championnats-deurope-2024-parcours-et-favoris-du-contre-la-montre\/"]}]},{"@type":"ImageObject","inLanguage":"fr-FR","@id":"https:\/\/dicodusport.fr\/blog\/cyclisme-championnats-deurope-2024-parcours-et-favoris-du-contre-la-montre\/#primaryimage","url":"https:\/\/dicodusport.fr\/blog\/wp-content\/uploads\/2024\/09\/Cyclisme-Championnats-dEurope-2024-Parcours-et-favoris-du-contre-la-montre.png","contentUrl":"https:\/\/dicodusport.fr\/blog\/wp-content\/uploads\/2024\/09\/Cyclisme-Championnats-dEurope-2024-Parcours-et-favoris-du-contre-la-montre.png","width":1200,"height":674,"caption":"Cyclisme Championnats d'Europe 2024 Parcours et favoris du contre-la-montre"},{"@type":"BreadcrumbList","@id":"https:\/\/dicodusport.fr\/blog\/cyclisme-championnats-deurope-2024-parcours-et-favoris-du-contre-la-montre\/#breadcrumb","itemListElement":[{"@type":"ListItem","position":1,"name":"Accueil","item":"https:\/\/dicodusport.fr\/blog\/"},{"@type":"ListItem","position":2,"name":"Cyclisme Championnats d&#8217;Europe 2024 : Parcours et favoris du contre-la-montre"}]},{"@type":"WebSite","@id":"https:\/\/dicodusport.fr\/blog\/#website","url":"https:\/\/dicodusport.fr\/blog\/","name":"Dicodusport","description":"L&#039;encyclop\u00e9die de l&#039;actualit\u00e9 sportive","publisher":{"@id":"https:\/\/dicodusport.fr\/blog\/#organization"},"potentialAction":[{"@type":"SearchAction","target":{"@type":"EntryPoint","urlTemplate":"https:\/\/dicodusport.fr\/blog\/?s={search_term_string}"},"query-input":{"@type":"PropertyValueSpecification","valueRequired":true,"valueName":"search_term_string"}}],"inLanguage":"fr-FR"},{"@type":"NewsMediaOrganization","@id":"https:\/\/dicodusport.fr\/blog\/#organization","name":"Dicodusport","url":"https:\/\/dicodusport.fr\/blog\/","logo":{"@type":"ImageObject","inLanguage":"fr-FR","@id":"https:\/\/dicodusport.fr\/blog\/#\/schema\/logo\/image\/","url":"https:\/\/dicodusport.fr\/blog\/wp-content\/uploads\/2020\/06\/cropped-LOGO-DICODUSPORT-2020-SANS-FOND-SANS-TEXTE.png","contentUrl":"https:\/\/dicodusport.fr\/blog\/wp-content\/uploads\/2020\/06\/cropped-LOGO-DICODUSPORT-2020-SANS-FOND-SANS-TEXTE.png","width":512,"height":512,"caption":"Dicodusport"},"image":{"@id":"https:\/\/dicodusport.fr\/blog\/#\/schema\/logo\/image\/"},"sameAs":["https:\/\/www.facebook.com\/dicodusport","https:\/\/x.com\/dicodusport","https:\/\/www.instagram.com\/dicodusport\/","https:\/\/www.youtube.com\/channel\/UC7V2KZ5sd3htJivAbA4ZG3w"],"description":"Dicodusport est l'encyclop\u00e9die de l'actualit\u00e9 sportive.","email":"bonjour@dicodusport.fr","legalName":"DICODUSPORT","foundingDate":"2018-01-14","vatID":"FR71834470973","taxID":"83447097300043","numberOfEmployees":{"@type":"QuantitativeValue","minValue":"1","maxValue":"10"}},{"@type":"Person","@id":"https:\/\/dicodusport.fr\/blog\/#\/schema\/person\/6db4bae06b171592211be385b32876a7","name":"Emilien Descampiaux","image":{"@type":"ImageObject","inLanguage":"fr-FR","@id":"https:\/\/dicodusport.fr\/blog\/#\/schema\/person\/image\/","url":"https:\/\/dicodusport.fr\/blog\/wp-content\/uploads\/2021\/05\/Emilien-Descampiaux-150x150.jpg","contentUrl":"https:\/\/dicodusport.fr\/blog\/wp-content\/uploads\/2021\/05\/Emilien-Descampiaux-150x150.jpg","caption":"Emilien Descampiaux"},"description":"Journaliste\/r\u00e9dacteur depuis 2014 - Fan de la classe de Frank Vandenbroucke, je vis cyclisme (et de ses paysages) depuis plus de 20 ans. Je suis tr\u00e8s impliqu\u00e9 sur mes diff\u00e9rents r\u00e9seaux sociaux pour partager ma passion sur le monde et l'Histoire de la bicyclette avec ma voix sur les images en noir et blanc du succ\u00e8s de Rik Van Steenbergen lors du Ronde sur le V\u00e9lodrome de Gand.","sameAs":["https:\/\/www.facebook.com\/groups\/LesRoisDuPeloton","https:\/\/x.com\/https:\/\/twitter.com\/LRoisDuPeloton"],"url":"https:\/\/dicodusport.fr\/blog\/author\/emiliend\/"}]}},"_links":{"self":[{"href":"https:\/\/dicodusport.fr\/blog\/wp-json\/wp\/v2\/posts\/519397","targetHints":{"allow":["GET"]}}],"collection":[{"href":"https:\/\/dicodusport.fr\/blog\/wp-json\/wp\/v2\/posts"}],"about":[{"href":"https:\/\/dicodusport.fr\/blog\/wp-json\/wp\/v2\/types\/post"}],"author":[{"embeddable":true,"href":"https:\/\/dicodusport.fr\/blog\/wp-json\/wp\/v2\/users\/48"}],"replies":[{"embeddable":true,"href":"https:\/\/dicodusport.fr\/blog\/wp-json\/wp\/v2\/comments?post=519397"}],"version-history":[{"count":5,"href":"https:\/\/dicodusport.fr\/blog\/wp-json\/wp\/v2\/posts\/519397\/revisions"}],"predecessor-version":[{"id":519627,"href":"https:\/\/dicodusport.fr\/blog\/wp-json\/wp\/v2\/posts\/519397\/revisions\/519627"}],"wp:featuredmedia":[{"embeddable":true,"href":"https:\/\/dicodusport.fr\/blog\/wp-json\/wp\/v2\/media\/519510"}],"wp:attachment":[{"href":"https:\/\/dicodusport.fr\/blog\/wp-json\/wp\/v2\/media?parent=519397"}],"wp:term":[{"taxonomy":"category","embeddable":true,"href":"https:\/\/dicodusport.fr\/blog\/wp-json\/wp\/v2\/categories?post=519397"},{"taxonomy":"post_tag","embeddable":true,"href":"https:\/\/dicodusport.fr\/blog\/wp-json\/wp\/v2\/tags?post=519397"}],"curies":[{"name":"wp","href":"https:\/\/api.w.org\/{rel}","templated":true}]}}