{"id":519440,"date":"2024-09-09T22:58:46","date_gmt":"2024-09-09T20:58:46","guid":{"rendered":"https:\/\/dicodusport.fr\/blog\/?p=519440&#038;preview=true&#038;preview_id=519440"},"modified":"2024-09-09T23:08:27","modified_gmt":"2024-09-09T21:08:27","slug":"foot-france-belgique-les-notes-des-bleus","status":"publish","type":"post","link":"https:\/\/dicodusport.fr\/blog\/foot-france-belgique-les-notes-des-bleus\/","title":{"rendered":"Foot France &#8211; Belgique : Les notes des Bleus"},"content":{"rendered":"<p style=\"text-align: justify;\"><strong><em>LIGUE DES NATIONS &#8211; D\u00e9couvrez les notes des Bleus apr\u00e8s <a href=\"https:\/\/dicodusport.fr\/blog\/football-ligue-des-nations-les-bleus-se-reprennent-face-a-la-belgique\/\">la victoire contre la Belgique<\/a> au Groupama Stadium (2-0).<\/em><\/strong><\/p>\n<ul style=\"text-align: justify;\">\n<li style=\"text-align: justify;\"><strong>\u00c0 ce sujet \u2013\u00a0<a href=\"https:\/\/dicodusport.fr\/blog\/actualites\/football\/\">L&rsquo;actualit\u00e9 du football<\/a><\/strong><\/li>\n<\/ul>\n<h2 style=\"text-align: justify;\">Les notes des Bleus face \u00e0 la Belgique<\/h2>\n<p style=\"text-align: justify;\"><strong>Mike Maignan &#8211; 6<\/strong><\/p>\n<p style=\"text-align: justify;\">Le Milanais a pass\u00e9 une soir\u00e9e bien plus tranquille que contre l&rsquo;Italie et il ne s&rsquo;en plaindra sans doute pas ce soir. N\u00e9anmoins, sur sa seule intervention, il a \u00e9t\u00e9 vigilant sur une frappe de Lo\u00efs Openda (18e). Il y avait 0-0 \u00e0 ce moment du match.<\/p>\n<p style=\"text-align: justify;\"><strong>Jules Kound\u00e9 &#8211; 6<\/strong><\/p>\n<p style=\"text-align: justify;\">Offensivement, toujours cette petite pointe de timidit\u00e9, m\u00eame s&rsquo;il y a eu des choses int\u00e9ressantes avec Ousmane Demb\u00e9l\u00e9. Mais aussi cette t\u00eate au-dessus (45+2). D\u00e9fensivement, malgr\u00e9 deux fautes conc\u00e9d\u00e9es, c&rsquo;est un roc qui a sans doute fait du bien ce soir.<\/p>\n<p style=\"text-align: justify;\"><strong>Dayot Upamecano &#8211; 6<\/strong><\/p>\n<p style=\"text-align: justify;\">Hormis une erreur en premi\u00e8re mi-temps, c&rsquo;est un match solide, pour celui qui n&rsquo;a pas jou\u00e9 contre l&rsquo;Italie et qui vient s\u00fbrement de rappeler qu&rsquo;il n&rsquo;\u00e9tait pas titulaire en Bleu pour rien. Derri\u00e8re, c&rsquo;est le cas de le dire, c&rsquo;est solide. Six interventions d\u00e9fensives, seulement trois pertes de balles en 44 ballons touch\u00e9s (un nombre cependant inhabituellement bas pour lui). Il a m\u00eame tent\u00e9 sa chance, sans succ\u00e8s.<\/p>\n<p style=\"text-align: justify;\"><strong>William Saliba &#8211; 7<\/strong><\/p>\n<p style=\"text-align: justify;\">\u00c7a ne respire toujours pas la s\u00e9r\u00e9nit\u00e9 sur quelques relances (sept ballons perdus sur 57 touch\u00e9s). Mais c&rsquo;est d\u00e9fensivement tr\u00e8s solide ce soir, contrairement au match contre l&rsquo;Italie, o\u00f9 ce fut bien plus dur. Bien inspir\u00e9 de se reprendre. On sent que le retour de <strong>Dayot Upamecano<\/strong> lui a fait beaucoup de bien ce soir. Six interventions d\u00e9fensives et pris \u00e0 d\u00e9faut \u00e0 aucune reprise dans la partie.<\/p>\n<blockquote class=\"twitter-tweet\">\n<p dir=\"ltr\" lang=\"en\">Another clean sheet for William Saliba. \u26a1\ufe0f<\/p>\n<p>France\u2019s finest. \ud83c\uddeb\ud83c\uddf7 <a href=\"https:\/\/t.co\/83Yo4AYGQF\">pic.twitter.com\/83Yo4AYGQF<\/a><\/p>\n<p>\u2014 Eduardo Hagn (@EduardoHagn) <a href=\"https:\/\/twitter.com\/EduardoHagn\/status\/1833246140898414867?ref_src=twsrc%5Etfw\">September 9, 2024<\/a><\/p><\/blockquote>\n<p><script async src=\"https:\/\/platform.twitter.com\/widgets.js\" charset=\"utf-8\"><\/script><\/p>\n<p style=\"text-align: justify;\"><strong>Lucas Digne &#8211; 6<\/strong><\/p>\n<p style=\"text-align: justify;\">Plut\u00f4t actif offensivement, avec quelques mont\u00e9es tranchantes, mais des derni\u00e8res touches qui manquent de pr\u00e9cision. Ceci dit, il n&rsquo;a perdu que six ballons, malgr\u00e9 ses 74 touch\u00e9s. Et a vraiment impact\u00e9, \u00e0 l&rsquo;image d&rsquo;un coup franc qui aurait pu m\u00e9riter mieux (83e). Pris dans son dos par<strong> Dodi Lukebakio<\/strong> sur une belle situation belge (9e). C&rsquo;est sans doute la seule fois de la partie dans laquelle il a commis une erreur d\u00e9fensive.<\/p>\n<p style=\"text-align: justify;\"><strong>N&rsquo;Golo Kant\u00e9 &#8211; 6<\/strong><\/p>\n<p style=\"text-align: justify;\">On a quelque peu retrouv\u00e9 le<strong> N&rsquo;Golo Kant\u00e9<\/strong> perdu depuis la moiti\u00e9 de l&rsquo;Euro. Il ne fait pas le match du si\u00e8cle, mais a \u00e9t\u00e9 bon. Notamment dans les duels (4\/5), contrairement contre l&rsquo;Italie o\u00f9 il a \u00e9t\u00e9 noy\u00e9 dans l&rsquo;impact. Et il a \u00e9t\u00e9 d\u00e9cisif. Quand il r\u00e9cup\u00e8re un ballon \u00e0 l&rsquo;origine de l&rsquo;ouverture du score des Bleus (30e), sans oublier deux passes cl\u00e9s en 45 minutes et une frappe contr\u00e9e (45+1).<\/p>\n<p style=\"text-align: justify;\"><strong>Matt\u00e9o Guendouzi &#8211; 5,5<\/strong><\/p>\n<p style=\"text-align: justify;\">L&rsquo;ancien Marseillais a fait des efforts pour se projeter \u00e0 l&rsquo;avant. Ce qui en a fait parfois un joueur dangereux. Avec une frappe cadr\u00e9e (14e) et une autre contr\u00e9e (25e). Et surtout cette situation sur laquelle il manque son contr\u00f4le (23e). Il n&rsquo;a pas \u00e9t\u00e9 le joueur le plus utilis\u00e9 en milieu de terrain (43 ballons en 78 minutes jou\u00e9s). Remplac\u00e9 par <strong>Antoine Griezmann<\/strong> (78e).<\/p>\n<p style=\"text-align: justify;\"><strong>Manu Kon\u00e9 &#8211; 7,5<\/strong><\/p>\n<p style=\"text-align: justify;\">Il a fait un match un peu en copie de celui contre l&rsquo;Italie. En \u00e9tant d&rsquo;abord averti tr\u00e8s t\u00f4t (4e). Puis en abattant un gros travail au milieu de terrain. Avec trois passes cl\u00e9s (dont deux dans le premier acte) et 71 ballons touch\u00e9s. Ce ne fut pas totalement propre (neuf ballons perdus), mais a \u00e9t\u00e9 le d\u00e9clencheur de quelques occasions (trois passes cl\u00e9s). Il a \u00e9galement tent\u00e9 sa chance de loin, mais a su aussi \u00e9liminer (deux dribbles r\u00e9ussis en deux tent\u00e9s). Et sans rechigner sur le travail d\u00e9fensif (quatre interceptions), m\u00eame s&rsquo;il n&rsquo;a pas toujours \u00e9t\u00e9 imp\u00e9rial dans ses interventions. N\u00e9anmoins, c&rsquo;est une satisfaction cette semaine, apr\u00e8s son entr\u00e9e contre l&rsquo;Italie.<\/p>\n<blockquote class=\"twitter-tweet\">\n<p dir=\"ltr\" lang=\"fr\">De bonnes projections, des initiatives et une sacr\u00e9e activit\u00e9 : le d\u00e9but \u00e9tait brouillon mais j\u2019aime beaucoup ce que propose Manu Kon\u00e9 ce soir.<\/p>\n<p>Dans la continuit\u00e9 de ses tr\u00e8s bons JO. Si on doit reb\u00e2tir le milieu d\u2019ici deux ans et le mondial, bien envie de miser sur lui.<\/p>\n<p>\u2014 Scipion (@Scipionista) <a href=\"https:\/\/twitter.com\/Scipionista\/status\/1833227534210617459?ref_src=twsrc%5Etfw\">September 9, 2024<\/a><\/p><\/blockquote>\n<p><script async src=\"https:\/\/platform.twitter.com\/widgets.js\" charset=\"utf-8\"><\/script><\/p>\n<p style=\"text-align: justify;\"><strong>Ousmane Demb\u00e9l\u00e9 &#8211; 7,5<\/strong><\/p>\n<p style=\"text-align: justify;\">Incontestablement le meilleur bleu de ce soir. Car en plus d&rsquo;\u00eatre dangereux, il est (ENFIN) d\u00e9cisif. Avec le second but inscrit qui, on l&rsquo;esp\u00e8re, va lui faire du bien dans la t\u00eate (58e). De plus, il est directement \u00e0 l&rsquo;origine de l&rsquo;ouverture du score fran\u00e7aise, avec sa frappe repouss\u00e9e (30e). Il a beaucoup percut\u00e9, provoqu\u00e9 des br\u00e8ches dans la d\u00e9fense belges et effectu\u00e9 pas moins de quatre passes cl\u00e9s, dont une belle passe vers Kylian Mbapp\u00e9 (73e). Et r\u00e9ussi trois dribbles (en cinq tent\u00e9s). Remplac\u00e9 par <strong>Michael Olise<\/strong> (80e).<\/p>\n<blockquote class=\"twitter-tweet\">\n<p dir=\"ltr\" lang=\"fr\">La grosse frappe d\u2019Ousmane Dembele \u2604\ufe0f\ud83c\uddeb\ud83c\uddf7<a href=\"https:\/\/t.co\/Q2ucnmVKZi\">pic.twitter.com\/Q2ucnmVKZi<\/a><\/p>\n<p>\u2014 Canal Supporters (@CanalSupporters) <a href=\"https:\/\/twitter.com\/CanalSupporters\/status\/1833238600907137385?ref_src=twsrc%5Etfw\">September 9, 2024<\/a><\/p><\/blockquote>\n<p><script async src=\"https:\/\/platform.twitter.com\/widgets.js\" charset=\"utf-8\"><\/script><\/p>\n<p style=\"text-align: justify;\"><strong>Marcus Thuram &#8211; 5<\/strong><\/p>\n<p style=\"text-align: justify;\">Hormis sa frappe contr\u00e9e (29e), son match n&rsquo;entrera pas dans les annales ce soir. M\u00eame s&rsquo;il a fait ce qu&rsquo;on lui demande. On peut regretter son manque d&rsquo;impact a\u00e9rien (z\u00e9ro duel gagn\u00e9 sur deux), qui peine \u00e0 en faire un rempla\u00e7ant \u00e0 Olivier Giroud.\u00a0 Remplac\u00e9 par <strong>Bradley Barcola<\/strong> (68e).<\/p>\n<p style=\"text-align: justify;\"><strong>Randal Kolo Muani &#8211; 5,5<\/strong><\/p>\n<p style=\"text-align: justify;\">Ce but va forc\u00e9ment lui donner confiance. Sur un deuxi\u00e8me ballon, il ouvre le score en force (30e). Un but, il faut le dire, qui a bien lanc\u00e9 les Bleus dans ce match. De la maladresse encore, comme quand il tergiverse trop dans la surface (11e). Ce but est paradoxal, car change sa lecture du match. En r\u00e9alit\u00e9, c&rsquo;est encore tr\u00e8s pauvre, avec 17 petits ballons touch\u00e9s, dont sept perdus. Mais on a dit que ce but changeait la lecture du match&#8230; Remplac\u00e9 par <strong>Kylian Mbapp\u00e9<\/strong> (68e). Qui manque son duel face au gardien belge (73e).<\/p>\n","protected":false},"excerpt":{"rendered":"<p>Les notes des Bleus face \u00e0 la Belgique<\/p>\n","protected":false},"author":83,"featured_media":519478,"comment_status":"open","ping_status":"closed","sticky":false,"template":"","format":"standard","meta":{"_acf_changed":false,"_daextam_enable_autolinks":"1","footnotes":""},"categories":[2301],"tags":[32415,16878,6966,75],"class_list":["post-519440","post","type-post","status-publish","format-standard","has-post-thumbnail","hentry","category-football","tag-actu","tag-breve","tag-equipe-de-france-de-football","tag-football"],"acf":[],"yoast_head":"<!-- This site is optimized with the Yoast SEO Premium plugin v26.7 (Yoast SEO v26.7) - https:\/\/yoast.com\/wordpress\/plugins\/seo\/ -->\n<title>Foot France - Belgique : Les notes des Bleus<\/title>\n<meta name=\"description\" content=\"LIGUE DES NATIONS - D\u00e9couvrez les notes des Bleus apr\u00e8s la victoire contre la Belgique au Groupama Stadium (2-0).\" \/>\n<meta name=\"robots\" content=\"index, follow, max-snippet:-1, max-image-preview:large, max-video-preview:-1\" \/>\n<link rel=\"canonical\" href=\"https:\/\/dicodusport.fr\/blog\/foot-france-belgique-les-notes-des-bleus\/\" \/>\n<meta property=\"og:locale\" content=\"fr_FR\" \/>\n<meta property=\"og:type\" content=\"article\" \/>\n<meta property=\"og:title\" content=\"Foot France - Belgique : Les notes des Bleus\" \/>\n<meta property=\"og:description\" content=\"LIGUE DES NATIONS - D\u00e9couvrez les notes des Bleus apr\u00e8s la victoire contre la Belgique au Groupama Stadium (2-0).\" \/>\n<meta property=\"og:url\" content=\"https:\/\/dicodusport.fr\/blog\/foot-france-belgique-les-notes-des-bleus\/\" \/>\n<meta property=\"og:site_name\" content=\"Dicodusport\" \/>\n<meta property=\"article:publisher\" content=\"https:\/\/www.facebook.com\/dicodusport\" \/>\n<meta property=\"article:published_time\" content=\"2024-09-09T20:58:46+00:00\" \/>\n<meta property=\"article:modified_time\" content=\"2024-09-09T21:08:27+00:00\" \/>\n<meta property=\"og:image\" content=\"https:\/\/dicodusport.fr\/blog\/wp-content\/uploads\/2024\/09\/Foot-France-Belgique-Les-notes-des-Bleus.png\" \/>\n\t<meta property=\"og:image:width\" content=\"1200\" \/>\n\t<meta property=\"og:image:height\" content=\"674\" \/>\n\t<meta property=\"og:image:type\" content=\"image\/png\" \/>\n<meta name=\"author\" content=\"Etienne Goursaud\" \/>\n<meta name=\"twitter:card\" content=\"summary_large_image\" \/>\n<meta name=\"twitter:title\" content=\"Foot France - Belgique : Les notes des Bleus\" \/>\n<meta name=\"twitter:creator\" content=\"@dicodusport\" \/>\n<meta name=\"twitter:site\" content=\"@dicodusport\" \/>\n<script type=\"application\/ld+json\" class=\"yoast-schema-graph\">{\"@context\":\"https:\/\/schema.org\",\"@graph\":[{\"@type\":\"NewsArticle\",\"@id\":\"https:\/\/dicodusport.fr\/blog\/foot-france-belgique-les-notes-des-bleus\/#article\",\"isPartOf\":{\"@id\":\"https:\/\/dicodusport.fr\/blog\/foot-france-belgique-les-notes-des-bleus\/\"},\"author\":{\"name\":\"Etienne Goursaud\",\"@id\":\"https:\/\/dicodusport.fr\/blog\/#\/schema\/person\/d603dd7da31fb2b46c82b9835a77ec13\"},\"headline\":\"Foot France &#8211; Belgique : Les notes des Bleus\",\"datePublished\":\"2024-09-09T20:58:46+00:00\",\"dateModified\":\"2024-09-09T21:08:27+00:00\",\"mainEntityOfPage\":{\"@id\":\"https:\/\/dicodusport.fr\/blog\/foot-france-belgique-les-notes-des-bleus\/\"},\"wordCount\":1047,\"commentCount\":0,\"publisher\":{\"@id\":\"https:\/\/dicodusport.fr\/blog\/#organization\"},\"image\":{\"@id\":\"https:\/\/dicodusport.fr\/blog\/foot-france-belgique-les-notes-des-bleus\/#primaryimage\"},\"thumbnailUrl\":\"https:\/\/dicodusport.fr\/blog\/wp-content\/uploads\/2024\/09\/Foot-France-Belgique-Les-notes-des-Bleus.png\",\"keywords\":[\"actu\",\"br\u00e8ve\",\"Equipe de France de football\",\"Football\"],\"articleSection\":[\"Football\"],\"inLanguage\":\"fr-FR\",\"potentialAction\":[{\"@type\":\"CommentAction\",\"name\":\"Comment\",\"target\":[\"https:\/\/dicodusport.fr\/blog\/foot-france-belgique-les-notes-des-bleus\/#respond\"]}],\"copyrightYear\":\"2024\",\"copyrightHolder\":{\"@id\":\"https:\/\/dicodusport.fr\/blog\/#organization\"}},{\"@type\":\"WebPage\",\"@id\":\"https:\/\/dicodusport.fr\/blog\/foot-france-belgique-les-notes-des-bleus\/\",\"url\":\"https:\/\/dicodusport.fr\/blog\/foot-france-belgique-les-notes-des-bleus\/\",\"name\":\"Foot France - Belgique : Les notes des Bleus\",\"isPartOf\":{\"@id\":\"https:\/\/dicodusport.fr\/blog\/#website\"},\"primaryImageOfPage\":{\"@id\":\"https:\/\/dicodusport.fr\/blog\/foot-france-belgique-les-notes-des-bleus\/#primaryimage\"},\"image\":{\"@id\":\"https:\/\/dicodusport.fr\/blog\/foot-france-belgique-les-notes-des-bleus\/#primaryimage\"},\"thumbnailUrl\":\"https:\/\/dicodusport.fr\/blog\/wp-content\/uploads\/2024\/09\/Foot-France-Belgique-Les-notes-des-Bleus.png\",\"datePublished\":\"2024-09-09T20:58:46+00:00\",\"dateModified\":\"2024-09-09T21:08:27+00:00\",\"description\":\"LIGUE DES NATIONS - D\u00e9couvrez les notes des Bleus apr\u00e8s la victoire contre la Belgique au Groupama Stadium (2-0).\",\"breadcrumb\":{\"@id\":\"https:\/\/dicodusport.fr\/blog\/foot-france-belgique-les-notes-des-bleus\/#breadcrumb\"},\"inLanguage\":\"fr-FR\",\"potentialAction\":[{\"@type\":\"ReadAction\",\"target\":[\"https:\/\/dicodusport.fr\/blog\/foot-france-belgique-les-notes-des-bleus\/\"]}]},{\"@type\":\"ImageObject\",\"inLanguage\":\"fr-FR\",\"@id\":\"https:\/\/dicodusport.fr\/blog\/foot-france-belgique-les-notes-des-bleus\/#primaryimage\",\"url\":\"https:\/\/dicodusport.fr\/blog\/wp-content\/uploads\/2024\/09\/Foot-France-Belgique-Les-notes-des-Bleus.png\",\"contentUrl\":\"https:\/\/dicodusport.fr\/blog\/wp-content\/uploads\/2024\/09\/Foot-France-Belgique-Les-notes-des-Bleus.png\",\"width\":1200,\"height\":674,\"caption\":\"Foot France - Belgique Les notes des Bleus\"},{\"@type\":\"BreadcrumbList\",\"@id\":\"https:\/\/dicodusport.fr\/blog\/foot-france-belgique-les-notes-des-bleus\/#breadcrumb\",\"itemListElement\":[{\"@type\":\"ListItem\",\"position\":1,\"name\":\"Accueil\",\"item\":\"https:\/\/dicodusport.fr\/blog\/\"},{\"@type\":\"ListItem\",\"position\":2,\"name\":\"Foot France &#8211; Belgique : Les notes des Bleus\"}]},{\"@type\":\"WebSite\",\"@id\":\"https:\/\/dicodusport.fr\/blog\/#website\",\"url\":\"https:\/\/dicodusport.fr\/blog\/\",\"name\":\"Dicodusport\",\"description\":\"L&#039;encyclop\u00e9die de l&#039;actualit\u00e9 sportive\",\"publisher\":{\"@id\":\"https:\/\/dicodusport.fr\/blog\/#organization\"},\"potentialAction\":[{\"@type\":\"SearchAction\",\"target\":{\"@type\":\"EntryPoint\",\"urlTemplate\":\"https:\/\/dicodusport.fr\/blog\/?s={search_term_string}\"},\"query-input\":{\"@type\":\"PropertyValueSpecification\",\"valueRequired\":true,\"valueName\":\"search_term_string\"}}],\"inLanguage\":\"fr-FR\"},{\"@type\":\"NewsMediaOrganization\",\"@id\":\"https:\/\/dicodusport.fr\/blog\/#organization\",\"name\":\"Dicodusport\",\"url\":\"https:\/\/dicodusport.fr\/blog\/\",\"logo\":{\"@type\":\"ImageObject\",\"inLanguage\":\"fr-FR\",\"@id\":\"https:\/\/dicodusport.fr\/blog\/#\/schema\/logo\/image\/\",\"url\":\"https:\/\/dicodusport.fr\/blog\/wp-content\/uploads\/2020\/06\/cropped-LOGO-DICODUSPORT-2020-SANS-FOND-SANS-TEXTE.png\",\"contentUrl\":\"https:\/\/dicodusport.fr\/blog\/wp-content\/uploads\/2020\/06\/cropped-LOGO-DICODUSPORT-2020-SANS-FOND-SANS-TEXTE.png\",\"width\":512,\"height\":512,\"caption\":\"Dicodusport\"},\"image\":{\"@id\":\"https:\/\/dicodusport.fr\/blog\/#\/schema\/logo\/image\/\"},\"sameAs\":[\"https:\/\/www.facebook.com\/dicodusport\",\"https:\/\/x.com\/dicodusport\",\"https:\/\/www.instagram.com\/dicodusport\/\",\"https:\/\/www.youtube.com\/channel\/UC7V2KZ5sd3htJivAbA4ZG3w\"],\"description\":\"Dicodusport est l'encyclop\u00e9die de l'actualit\u00e9 sportive.\",\"email\":\"bonjour@dicodusport.fr\",\"legalName\":\"DICODUSPORT\",\"foundingDate\":\"2018-01-14\",\"vatID\":\"FR71834470973\",\"taxID\":\"83447097300043\",\"numberOfEmployees\":{\"@type\":\"QuantitativeValue\",\"minValue\":\"1\",\"maxValue\":\"10\"}},{\"@type\":\"Person\",\"@id\":\"https:\/\/dicodusport.fr\/blog\/#\/schema\/person\/d603dd7da31fb2b46c82b9835a77ec13\",\"name\":\"Etienne Goursaud\",\"image\":{\"@type\":\"ImageObject\",\"inLanguage\":\"fr-FR\",\"@id\":\"https:\/\/dicodusport.fr\/blog\/#\/schema\/person\/image\/\",\"url\":\"https:\/\/dicodusport.fr\/blog\/wp-content\/uploads\/2023\/12\/410122264_10231602061736049_5565839791558026645_n-150x150.jpg\",\"contentUrl\":\"https:\/\/dicodusport.fr\/blog\/wp-content\/uploads\/2023\/12\/410122264_10231602061736049_5565839791558026645_n-150x150.jpg\",\"caption\":\"Etienne Goursaud\"},\"description\":\"Journaliste et amoureux de sport. Ancien footballeur reconverti athl\u00e8te quand ses muscles le laissent tranquille. \u00c9lev\u00e9 \u00e0 la sauce des exploits de Thomas Voeckler en 2004, du dernier essai de l\u00e9gende de Eunice Barber \u00e0 la longueur lors des championnats du monde d'athl\u00e9tisme de 2003 mais aussi Zidane, Omeyer et Titou Lamaison.\",\"url\":\"https:\/\/dicodusport.fr\/blog\/author\/etienne-goursaud\/\"}]}<\/script>\n<!-- \/ Yoast SEO Premium plugin. -->","yoast_head_json":{"title":"Foot France - Belgique : Les notes des Bleus","description":"LIGUE DES NATIONS - D\u00e9couvrez les notes des Bleus apr\u00e8s la victoire contre la Belgique au Groupama Stadium (2-0).","robots":{"index":"index","follow":"follow","max-snippet":"max-snippet:-1","max-image-preview":"max-image-preview:large","max-video-preview":"max-video-preview:-1"},"canonical":"https:\/\/dicodusport.fr\/blog\/foot-france-belgique-les-notes-des-bleus\/","og_locale":"fr_FR","og_type":"article","og_title":"Foot France - Belgique : Les notes des Bleus","og_description":"LIGUE DES NATIONS - D\u00e9couvrez les notes des Bleus apr\u00e8s la victoire contre la Belgique au Groupama Stadium (2-0).","og_url":"https:\/\/dicodusport.fr\/blog\/foot-france-belgique-les-notes-des-bleus\/","og_site_name":"Dicodusport","article_publisher":"https:\/\/www.facebook.com\/dicodusport","article_published_time":"2024-09-09T20:58:46+00:00","article_modified_time":"2024-09-09T21:08:27+00:00","og_image":[{"width":1200,"height":674,"url":"https:\/\/dicodusport.fr\/blog\/wp-content\/uploads\/2024\/09\/Foot-France-Belgique-Les-notes-des-Bleus.png","type":"image\/png"}],"author":"Etienne Goursaud","twitter_card":"summary_large_image","twitter_title":"Foot France - Belgique : Les notes des Bleus","twitter_creator":"@dicodusport","twitter_site":"@dicodusport","schema":{"@context":"https:\/\/schema.org","@graph":[{"@type":"NewsArticle","@id":"https:\/\/dicodusport.fr\/blog\/foot-france-belgique-les-notes-des-bleus\/#article","isPartOf":{"@id":"https:\/\/dicodusport.fr\/blog\/foot-france-belgique-les-notes-des-bleus\/"},"author":{"name":"Etienne Goursaud","@id":"https:\/\/dicodusport.fr\/blog\/#\/schema\/person\/d603dd7da31fb2b46c82b9835a77ec13"},"headline":"Foot France &#8211; Belgique : Les notes des Bleus","datePublished":"2024-09-09T20:58:46+00:00","dateModified":"2024-09-09T21:08:27+00:00","mainEntityOfPage":{"@id":"https:\/\/dicodusport.fr\/blog\/foot-france-belgique-les-notes-des-bleus\/"},"wordCount":1047,"commentCount":0,"publisher":{"@id":"https:\/\/dicodusport.fr\/blog\/#organization"},"image":{"@id":"https:\/\/dicodusport.fr\/blog\/foot-france-belgique-les-notes-des-bleus\/#primaryimage"},"thumbnailUrl":"https:\/\/dicodusport.fr\/blog\/wp-content\/uploads\/2024\/09\/Foot-France-Belgique-Les-notes-des-Bleus.png","keywords":["actu","br\u00e8ve","Equipe de France de football","Football"],"articleSection":["Football"],"inLanguage":"fr-FR","potentialAction":[{"@type":"CommentAction","name":"Comment","target":["https:\/\/dicodusport.fr\/blog\/foot-france-belgique-les-notes-des-bleus\/#respond"]}],"copyrightYear":"2024","copyrightHolder":{"@id":"https:\/\/dicodusport.fr\/blog\/#organization"}},{"@type":"WebPage","@id":"https:\/\/dicodusport.fr\/blog\/foot-france-belgique-les-notes-des-bleus\/","url":"https:\/\/dicodusport.fr\/blog\/foot-france-belgique-les-notes-des-bleus\/","name":"Foot France - Belgique : Les notes des Bleus","isPartOf":{"@id":"https:\/\/dicodusport.fr\/blog\/#website"},"primaryImageOfPage":{"@id":"https:\/\/dicodusport.fr\/blog\/foot-france-belgique-les-notes-des-bleus\/#primaryimage"},"image":{"@id":"https:\/\/dicodusport.fr\/blog\/foot-france-belgique-les-notes-des-bleus\/#primaryimage"},"thumbnailUrl":"https:\/\/dicodusport.fr\/blog\/wp-content\/uploads\/2024\/09\/Foot-France-Belgique-Les-notes-des-Bleus.png","datePublished":"2024-09-09T20:58:46+00:00","dateModified":"2024-09-09T21:08:27+00:00","description":"LIGUE DES NATIONS - D\u00e9couvrez les notes des Bleus apr\u00e8s la victoire contre la Belgique au Groupama Stadium (2-0).","breadcrumb":{"@id":"https:\/\/dicodusport.fr\/blog\/foot-france-belgique-les-notes-des-bleus\/#breadcrumb"},"inLanguage":"fr-FR","potentialAction":[{"@type":"ReadAction","target":["https:\/\/dicodusport.fr\/blog\/foot-france-belgique-les-notes-des-bleus\/"]}]},{"@type":"ImageObject","inLanguage":"fr-FR","@id":"https:\/\/dicodusport.fr\/blog\/foot-france-belgique-les-notes-des-bleus\/#primaryimage","url":"https:\/\/dicodusport.fr\/blog\/wp-content\/uploads\/2024\/09\/Foot-France-Belgique-Les-notes-des-Bleus.png","contentUrl":"https:\/\/dicodusport.fr\/blog\/wp-content\/uploads\/2024\/09\/Foot-France-Belgique-Les-notes-des-Bleus.png","width":1200,"height":674,"caption":"Foot France - Belgique Les notes des Bleus"},{"@type":"BreadcrumbList","@id":"https:\/\/dicodusport.fr\/blog\/foot-france-belgique-les-notes-des-bleus\/#breadcrumb","itemListElement":[{"@type":"ListItem","position":1,"name":"Accueil","item":"https:\/\/dicodusport.fr\/blog\/"},{"@type":"ListItem","position":2,"name":"Foot France &#8211; Belgique : Les notes des Bleus"}]},{"@type":"WebSite","@id":"https:\/\/dicodusport.fr\/blog\/#website","url":"https:\/\/dicodusport.fr\/blog\/","name":"Dicodusport","description":"L&#039;encyclop\u00e9die de l&#039;actualit\u00e9 sportive","publisher":{"@id":"https:\/\/dicodusport.fr\/blog\/#organization"},"potentialAction":[{"@type":"SearchAction","target":{"@type":"EntryPoint","urlTemplate":"https:\/\/dicodusport.fr\/blog\/?s={search_term_string}"},"query-input":{"@type":"PropertyValueSpecification","valueRequired":true,"valueName":"search_term_string"}}],"inLanguage":"fr-FR"},{"@type":"NewsMediaOrganization","@id":"https:\/\/dicodusport.fr\/blog\/#organization","name":"Dicodusport","url":"https:\/\/dicodusport.fr\/blog\/","logo":{"@type":"ImageObject","inLanguage":"fr-FR","@id":"https:\/\/dicodusport.fr\/blog\/#\/schema\/logo\/image\/","url":"https:\/\/dicodusport.fr\/blog\/wp-content\/uploads\/2020\/06\/cropped-LOGO-DICODUSPORT-2020-SANS-FOND-SANS-TEXTE.png","contentUrl":"https:\/\/dicodusport.fr\/blog\/wp-content\/uploads\/2020\/06\/cropped-LOGO-DICODUSPORT-2020-SANS-FOND-SANS-TEXTE.png","width":512,"height":512,"caption":"Dicodusport"},"image":{"@id":"https:\/\/dicodusport.fr\/blog\/#\/schema\/logo\/image\/"},"sameAs":["https:\/\/www.facebook.com\/dicodusport","https:\/\/x.com\/dicodusport","https:\/\/www.instagram.com\/dicodusport\/","https:\/\/www.youtube.com\/channel\/UC7V2KZ5sd3htJivAbA4ZG3w"],"description":"Dicodusport est l'encyclop\u00e9die de l'actualit\u00e9 sportive.","email":"bonjour@dicodusport.fr","legalName":"DICODUSPORT","foundingDate":"2018-01-14","vatID":"FR71834470973","taxID":"83447097300043","numberOfEmployees":{"@type":"QuantitativeValue","minValue":"1","maxValue":"10"}},{"@type":"Person","@id":"https:\/\/dicodusport.fr\/blog\/#\/schema\/person\/d603dd7da31fb2b46c82b9835a77ec13","name":"Etienne Goursaud","image":{"@type":"ImageObject","inLanguage":"fr-FR","@id":"https:\/\/dicodusport.fr\/blog\/#\/schema\/person\/image\/","url":"https:\/\/dicodusport.fr\/blog\/wp-content\/uploads\/2023\/12\/410122264_10231602061736049_5565839791558026645_n-150x150.jpg","contentUrl":"https:\/\/dicodusport.fr\/blog\/wp-content\/uploads\/2023\/12\/410122264_10231602061736049_5565839791558026645_n-150x150.jpg","caption":"Etienne Goursaud"},"description":"Journaliste et amoureux de sport. Ancien footballeur reconverti athl\u00e8te quand ses muscles le laissent tranquille. \u00c9lev\u00e9 \u00e0 la sauce des exploits de Thomas Voeckler en 2004, du dernier essai de l\u00e9gende de Eunice Barber \u00e0 la longueur lors des championnats du monde d'athl\u00e9tisme de 2003 mais aussi Zidane, Omeyer et Titou Lamaison.","url":"https:\/\/dicodusport.fr\/blog\/author\/etienne-goursaud\/"}]}},"_links":{"self":[{"href":"https:\/\/dicodusport.fr\/blog\/wp-json\/wp\/v2\/posts\/519440","targetHints":{"allow":["GET"]}}],"collection":[{"href":"https:\/\/dicodusport.fr\/blog\/wp-json\/wp\/v2\/posts"}],"about":[{"href":"https:\/\/dicodusport.fr\/blog\/wp-json\/wp\/v2\/types\/post"}],"author":[{"embeddable":true,"href":"https:\/\/dicodusport.fr\/blog\/wp-json\/wp\/v2\/users\/83"}],"replies":[{"embeddable":true,"href":"https:\/\/dicodusport.fr\/blog\/wp-json\/wp\/v2\/comments?post=519440"}],"version-history":[{"count":5,"href":"https:\/\/dicodusport.fr\/blog\/wp-json\/wp\/v2\/posts\/519440\/revisions"}],"predecessor-version":[{"id":519490,"href":"https:\/\/dicodusport.fr\/blog\/wp-json\/wp\/v2\/posts\/519440\/revisions\/519490"}],"wp:featuredmedia":[{"embeddable":true,"href":"https:\/\/dicodusport.fr\/blog\/wp-json\/wp\/v2\/media\/519478"}],"wp:attachment":[{"href":"https:\/\/dicodusport.fr\/blog\/wp-json\/wp\/v2\/media?parent=519440"}],"wp:term":[{"taxonomy":"category","embeddable":true,"href":"https:\/\/dicodusport.fr\/blog\/wp-json\/wp\/v2\/categories?post=519440"},{"taxonomy":"post_tag","embeddable":true,"href":"https:\/\/dicodusport.fr\/blog\/wp-json\/wp\/v2\/tags?post=519440"}],"curies":[{"name":"wp","href":"https:\/\/api.w.org\/{rel}","templated":true}]}}