{"id":519645,"date":"2024-09-11T11:21:00","date_gmt":"2024-09-11T09:21:00","guid":{"rendered":"https:\/\/dicodusport.fr\/blog\/?p=519645&#038;preview=true&#038;preview_id=519645"},"modified":"2024-09-11T11:41:19","modified_gmt":"2024-09-11T09:41:19","slug":"carnet-noir-didier-roustan-est-mort","status":"publish","type":"post","link":"https:\/\/dicodusport.fr\/blog\/carnet-noir-didier-roustan-est-mort\/","title":{"rendered":"Carnet noir : Didier Roustan est mort"},"content":{"rendered":"<h4 style=\"text-align: justify;\"><em>CARNET NOIR &#8211; Le journaliste fran\u00e7ais Didier Roustan est mort \u00e0 l&rsquo;\u00e2ge de 66 ans. Il aura anim\u00e9, pendant 40 ans, le paysage du football en France.<\/em><\/h4>\n<p align=\"JUSTIFY\">L&rsquo;information terrible a \u00e9t\u00e9 communiqu\u00e9e ce matin par nos confr\u00e8res de <em>Nice-Matin<\/em>. Le journaliste fran\u00e7ais <strong>Didier Roustan<\/strong>, sp\u00e9cialiste en football, est mort \u00e0 l&rsquo;\u00e2ge 66 ans. N\u00e9 en 1957 \u00e0 Brazzaville (R\u00e9publique du Congo) il est d\u00e9c\u00e9d\u00e9 brutalement la nuit de mardi \u00e0 mercredi, des suites d&rsquo;une longue maladie. <strong>Didier Roustan<\/strong> s&rsquo;est fait conna\u00eetre, quand il a pris la pr\u00e9sentation de la c\u00e9l\u00e8bre \u00e9mission de foot <em>T\u00e9l\u00e9foot<\/em> sur TF1. Pass\u00e9 \u00e9galement par <em>Antenne 2<\/em>, il a particip\u00e9 \u00e0 la cr\u00e9ation de la Coupe de la Ligue en 1994. Il est aussi pass\u00e9 par <em>Canal+<\/em> ou encore <em>TV5 Monde<\/em> et <em>TPS<\/em>.<\/p>\n<p align=\"JUSTIFY\">On le retrouve aussi au sein d&rsquo;\u00e9missions embl\u00e9matiques comme <em>Stade 2<\/em>, mais aussi <em>L&rsquo;\u00c9quipe du Soir<\/em>, sur l&rsquo;<em>\u00c9quipe 21<\/em> (puis <em>La chaine l&rsquo;\u00c9quipe<\/em>) depuis 2008. Chroniqueur r\u00e9gulier et membre d&rsquo;honneur de l&rsquo;\u00e9mission diffus\u00e9e en deuxi\u00e8me partie de soir\u00e9e. Il fut aussi du projet, lanc\u00e9 par <strong>Eric Cantona<\/strong> et <strong>Diego Maradona<\/strong>, de cr\u00e9er un syndicat pour les joueurs de football professionnel, et s&rsquo;engagera aussi contre les violences et le racisme dans le football.<\/p>\n<p style=\"text-align: justify;\" align=\"JUSTIFY\">Toute l&rsquo;\u00e9quipe de <strong>Dicodusport<\/strong> adresse, \u00e0 sa famille et ses proches, ses plus sinc\u00e8res condol\u00e9ances.<\/p>\n<blockquote class=\"twitter-tweet\">\n<p dir=\"ltr\" lang=\"fr\">Didier Roustan est d\u00e9c\u00e9d\u00e9.<br \/>\nQuelle tristesse \ud83d\ude2a<br \/>\nLui qui aimait tant le football et le beau jeu. <a href=\"https:\/\/t.co\/73zvidmkVU\">https:\/\/t.co\/73zvidmkVU<\/a> <a href=\"https:\/\/t.co\/UywSbptPmd\">pic.twitter.com\/UywSbptPmd<\/a><\/p>\n<p>\u2014 En Pleine Lucarne (@EnPleineLucarne) <a href=\"https:\/\/twitter.com\/EnPleineLucarne\/status\/1833788654260552027?ref_src=twsrc%5Etfw\">September 11, 2024<\/a><\/p><\/blockquote>\n<p><script async src=\"https:\/\/platform.twitter.com\/widgets.js\" charset=\"utf-8\"><\/script><\/p>\n<p style=\"text-align: justify;\">\n","protected":false},"excerpt":{"rendered":"<p>Didier Roustan est mort<\/p>\n","protected":false},"author":83,"featured_media":519647,"comment_status":"open","ping_status":"closed","sticky":false,"template":"","format":"standard","meta":{"_acf_changed":false,"_daextam_enable_autolinks":"1","footnotes":""},"categories":[12712,2301],"tags":[32415,16878,8716,75],"class_list":["post-519645","post","type-post","status-publish","format-standard","has-post-thumbnail","hentry","category-carnet-noir","category-football","tag-actu","tag-breve","tag-carnet-noir","tag-football"],"acf":[],"yoast_head":"<!-- This site is optimized with the Yoast SEO Premium plugin v26.7 (Yoast SEO v26.7) - https:\/\/yoast.com\/wordpress\/plugins\/seo\/ -->\n<title>Carnet noir : Didier Roustan est mort<\/title>\n<meta name=\"description\" content=\"CARNET NOIR - Le journaliste fran\u00e7ais Didier Roustan est mort \u00e0 l&#039;\u00e2ge de 66 ans. Il aura anim\u00e9, pendant 40 ans, le paysage du football en France.\" \/>\n<meta name=\"robots\" content=\"index, follow, max-snippet:-1, max-image-preview:large, max-video-preview:-1\" \/>\n<link rel=\"canonical\" href=\"https:\/\/dicodusport.fr\/blog\/carnet-noir-didier-roustan-est-mort\/\" \/>\n<meta property=\"og:locale\" content=\"fr_FR\" \/>\n<meta property=\"og:type\" content=\"article\" \/>\n<meta property=\"og:title\" content=\"Carnet noir : Didier Roustan est mort\" \/>\n<meta property=\"og:description\" content=\"CARNET NOIR - Le journaliste fran\u00e7ais Didier Roustan est mort \u00e0 l&#039;\u00e2ge de 66 ans. Il aura anim\u00e9, pendant 40 ans, le paysage du football en France.\" \/>\n<meta property=\"og:url\" content=\"https:\/\/dicodusport.fr\/blog\/carnet-noir-didier-roustan-est-mort\/\" \/>\n<meta property=\"og:site_name\" content=\"Dicodusport\" \/>\n<meta property=\"article:publisher\" content=\"https:\/\/www.facebook.com\/dicodusport\" \/>\n<meta property=\"article:published_time\" content=\"2024-09-11T09:21:00+00:00\" \/>\n<meta property=\"article:modified_time\" content=\"2024-09-11T09:41:19+00:00\" \/>\n<meta property=\"og:image\" content=\"https:\/\/dicodusport.fr\/blog\/wp-content\/uploads\/2024\/09\/Carnet-noir-Le-journaliste-Didier-Roustan-est-mort.png\" \/>\n\t<meta property=\"og:image:width\" content=\"1200\" \/>\n\t<meta property=\"og:image:height\" content=\"674\" \/>\n\t<meta property=\"og:image:type\" content=\"image\/png\" \/>\n<meta name=\"author\" content=\"Etienne Goursaud\" \/>\n<meta name=\"twitter:card\" content=\"summary_large_image\" \/>\n<meta name=\"twitter:title\" content=\"Carnet noir : Didier Roustan est mort\" \/>\n<meta name=\"twitter:creator\" content=\"@dicodusport\" \/>\n<meta name=\"twitter:site\" content=\"@dicodusport\" \/>\n<script type=\"application\/ld+json\" class=\"yoast-schema-graph\">{\"@context\":\"https:\/\/schema.org\",\"@graph\":[{\"@type\":\"NewsArticle\",\"@id\":\"https:\/\/dicodusport.fr\/blog\/carnet-noir-didier-roustan-est-mort\/#article\",\"isPartOf\":{\"@id\":\"https:\/\/dicodusport.fr\/blog\/carnet-noir-didier-roustan-est-mort\/\"},\"author\":{\"name\":\"Etienne Goursaud\",\"@id\":\"https:\/\/dicodusport.fr\/blog\/#\/schema\/person\/d603dd7da31fb2b46c82b9835a77ec13\"},\"headline\":\"Carnet noir : Didier Roustan est mort\",\"datePublished\":\"2024-09-11T09:21:00+00:00\",\"dateModified\":\"2024-09-11T09:41:19+00:00\",\"mainEntityOfPage\":{\"@id\":\"https:\/\/dicodusport.fr\/blog\/carnet-noir-didier-roustan-est-mort\/\"},\"wordCount\":272,\"commentCount\":0,\"publisher\":{\"@id\":\"https:\/\/dicodusport.fr\/blog\/#organization\"},\"image\":{\"@id\":\"https:\/\/dicodusport.fr\/blog\/carnet-noir-didier-roustan-est-mort\/#primaryimage\"},\"thumbnailUrl\":\"https:\/\/dicodusport.fr\/blog\/wp-content\/uploads\/2024\/09\/Carnet-noir-Le-journaliste-Didier-Roustan-est-mort.png\",\"keywords\":[\"actu\",\"br\u00e8ve\",\"Carnet noir\",\"Football\"],\"articleSection\":[\"Carnet noir\",\"Football\"],\"inLanguage\":\"fr-FR\",\"potentialAction\":[{\"@type\":\"CommentAction\",\"name\":\"Comment\",\"target\":[\"https:\/\/dicodusport.fr\/blog\/carnet-noir-didier-roustan-est-mort\/#respond\"]}],\"copyrightYear\":\"2024\",\"copyrightHolder\":{\"@id\":\"https:\/\/dicodusport.fr\/blog\/#organization\"}},{\"@type\":\"WebPage\",\"@id\":\"https:\/\/dicodusport.fr\/blog\/carnet-noir-didier-roustan-est-mort\/\",\"url\":\"https:\/\/dicodusport.fr\/blog\/carnet-noir-didier-roustan-est-mort\/\",\"name\":\"Carnet noir : Didier Roustan est mort\",\"isPartOf\":{\"@id\":\"https:\/\/dicodusport.fr\/blog\/#website\"},\"primaryImageOfPage\":{\"@id\":\"https:\/\/dicodusport.fr\/blog\/carnet-noir-didier-roustan-est-mort\/#primaryimage\"},\"image\":{\"@id\":\"https:\/\/dicodusport.fr\/blog\/carnet-noir-didier-roustan-est-mort\/#primaryimage\"},\"thumbnailUrl\":\"https:\/\/dicodusport.fr\/blog\/wp-content\/uploads\/2024\/09\/Carnet-noir-Le-journaliste-Didier-Roustan-est-mort.png\",\"datePublished\":\"2024-09-11T09:21:00+00:00\",\"dateModified\":\"2024-09-11T09:41:19+00:00\",\"description\":\"CARNET NOIR - Le journaliste fran\u00e7ais Didier Roustan est mort \u00e0 l'\u00e2ge de 66 ans. Il aura anim\u00e9, pendant 40 ans, le paysage du football en France.\",\"breadcrumb\":{\"@id\":\"https:\/\/dicodusport.fr\/blog\/carnet-noir-didier-roustan-est-mort\/#breadcrumb\"},\"inLanguage\":\"fr-FR\",\"potentialAction\":[{\"@type\":\"ReadAction\",\"target\":[\"https:\/\/dicodusport.fr\/blog\/carnet-noir-didier-roustan-est-mort\/\"]}]},{\"@type\":\"ImageObject\",\"inLanguage\":\"fr-FR\",\"@id\":\"https:\/\/dicodusport.fr\/blog\/carnet-noir-didier-roustan-est-mort\/#primaryimage\",\"url\":\"https:\/\/dicodusport.fr\/blog\/wp-content\/uploads\/2024\/09\/Carnet-noir-Le-journaliste-Didier-Roustan-est-mort.png\",\"contentUrl\":\"https:\/\/dicodusport.fr\/blog\/wp-content\/uploads\/2024\/09\/Carnet-noir-Le-journaliste-Didier-Roustan-est-mort.png\",\"width\":1200,\"height\":674,\"caption\":\"Carnet noir - Le journaliste Didier Roustan est mort\"},{\"@type\":\"BreadcrumbList\",\"@id\":\"https:\/\/dicodusport.fr\/blog\/carnet-noir-didier-roustan-est-mort\/#breadcrumb\",\"itemListElement\":[{\"@type\":\"ListItem\",\"position\":1,\"name\":\"Accueil\",\"item\":\"https:\/\/dicodusport.fr\/blog\/\"},{\"@type\":\"ListItem\",\"position\":2,\"name\":\"Carnet noir : Didier Roustan est mort\"}]},{\"@type\":\"WebSite\",\"@id\":\"https:\/\/dicodusport.fr\/blog\/#website\",\"url\":\"https:\/\/dicodusport.fr\/blog\/\",\"name\":\"Dicodusport\",\"description\":\"L&#039;encyclop\u00e9die de l&#039;actualit\u00e9 sportive\",\"publisher\":{\"@id\":\"https:\/\/dicodusport.fr\/blog\/#organization\"},\"potentialAction\":[{\"@type\":\"SearchAction\",\"target\":{\"@type\":\"EntryPoint\",\"urlTemplate\":\"https:\/\/dicodusport.fr\/blog\/?s={search_term_string}\"},\"query-input\":{\"@type\":\"PropertyValueSpecification\",\"valueRequired\":true,\"valueName\":\"search_term_string\"}}],\"inLanguage\":\"fr-FR\"},{\"@type\":\"NewsMediaOrganization\",\"@id\":\"https:\/\/dicodusport.fr\/blog\/#organization\",\"name\":\"Dicodusport\",\"url\":\"https:\/\/dicodusport.fr\/blog\/\",\"logo\":{\"@type\":\"ImageObject\",\"inLanguage\":\"fr-FR\",\"@id\":\"https:\/\/dicodusport.fr\/blog\/#\/schema\/logo\/image\/\",\"url\":\"https:\/\/dicodusport.fr\/blog\/wp-content\/uploads\/2020\/06\/cropped-LOGO-DICODUSPORT-2020-SANS-FOND-SANS-TEXTE.png\",\"contentUrl\":\"https:\/\/dicodusport.fr\/blog\/wp-content\/uploads\/2020\/06\/cropped-LOGO-DICODUSPORT-2020-SANS-FOND-SANS-TEXTE.png\",\"width\":512,\"height\":512,\"caption\":\"Dicodusport\"},\"image\":{\"@id\":\"https:\/\/dicodusport.fr\/blog\/#\/schema\/logo\/image\/\"},\"sameAs\":[\"https:\/\/www.facebook.com\/dicodusport\",\"https:\/\/x.com\/dicodusport\",\"https:\/\/www.instagram.com\/dicodusport\/\",\"https:\/\/www.youtube.com\/channel\/UC7V2KZ5sd3htJivAbA4ZG3w\"],\"description\":\"Dicodusport est l'encyclop\u00e9die de l'actualit\u00e9 sportive.\",\"email\":\"bonjour@dicodusport.fr\",\"legalName\":\"DICODUSPORT\",\"foundingDate\":\"2018-01-14\",\"vatID\":\"FR71834470973\",\"taxID\":\"83447097300043\",\"numberOfEmployees\":{\"@type\":\"QuantitativeValue\",\"minValue\":\"1\",\"maxValue\":\"10\"}},{\"@type\":\"Person\",\"@id\":\"https:\/\/dicodusport.fr\/blog\/#\/schema\/person\/d603dd7da31fb2b46c82b9835a77ec13\",\"name\":\"Etienne Goursaud\",\"image\":{\"@type\":\"ImageObject\",\"inLanguage\":\"fr-FR\",\"@id\":\"https:\/\/dicodusport.fr\/blog\/#\/schema\/person\/image\/\",\"url\":\"https:\/\/dicodusport.fr\/blog\/wp-content\/uploads\/2023\/12\/410122264_10231602061736049_5565839791558026645_n-150x150.jpg\",\"contentUrl\":\"https:\/\/dicodusport.fr\/blog\/wp-content\/uploads\/2023\/12\/410122264_10231602061736049_5565839791558026645_n-150x150.jpg\",\"caption\":\"Etienne Goursaud\"},\"description\":\"Journaliste et amoureux de sport. Ancien footballeur reconverti athl\u00e8te quand ses muscles le laissent tranquille. \u00c9lev\u00e9 \u00e0 la sauce des exploits de Thomas Voeckler en 2004, du dernier essai de l\u00e9gende de Eunice Barber \u00e0 la longueur lors des championnats du monde d'athl\u00e9tisme de 2003 mais aussi Zidane, Omeyer et Titou Lamaison.\",\"url\":\"https:\/\/dicodusport.fr\/blog\/author\/etienne-goursaud\/\"}]}<\/script>\n<!-- \/ Yoast SEO Premium plugin. -->","yoast_head_json":{"title":"Carnet noir : Didier Roustan est mort","description":"CARNET NOIR - Le journaliste fran\u00e7ais Didier Roustan est mort \u00e0 l'\u00e2ge de 66 ans. Il aura anim\u00e9, pendant 40 ans, le paysage du football en France.","robots":{"index":"index","follow":"follow","max-snippet":"max-snippet:-1","max-image-preview":"max-image-preview:large","max-video-preview":"max-video-preview:-1"},"canonical":"https:\/\/dicodusport.fr\/blog\/carnet-noir-didier-roustan-est-mort\/","og_locale":"fr_FR","og_type":"article","og_title":"Carnet noir : Didier Roustan est mort","og_description":"CARNET NOIR - Le journaliste fran\u00e7ais Didier Roustan est mort \u00e0 l'\u00e2ge de 66 ans. Il aura anim\u00e9, pendant 40 ans, le paysage du football en France.","og_url":"https:\/\/dicodusport.fr\/blog\/carnet-noir-didier-roustan-est-mort\/","og_site_name":"Dicodusport","article_publisher":"https:\/\/www.facebook.com\/dicodusport","article_published_time":"2024-09-11T09:21:00+00:00","article_modified_time":"2024-09-11T09:41:19+00:00","og_image":[{"width":1200,"height":674,"url":"https:\/\/dicodusport.fr\/blog\/wp-content\/uploads\/2024\/09\/Carnet-noir-Le-journaliste-Didier-Roustan-est-mort.png","type":"image\/png"}],"author":"Etienne Goursaud","twitter_card":"summary_large_image","twitter_title":"Carnet noir : Didier Roustan est mort","twitter_creator":"@dicodusport","twitter_site":"@dicodusport","schema":{"@context":"https:\/\/schema.org","@graph":[{"@type":"NewsArticle","@id":"https:\/\/dicodusport.fr\/blog\/carnet-noir-didier-roustan-est-mort\/#article","isPartOf":{"@id":"https:\/\/dicodusport.fr\/blog\/carnet-noir-didier-roustan-est-mort\/"},"author":{"name":"Etienne Goursaud","@id":"https:\/\/dicodusport.fr\/blog\/#\/schema\/person\/d603dd7da31fb2b46c82b9835a77ec13"},"headline":"Carnet noir : Didier Roustan est mort","datePublished":"2024-09-11T09:21:00+00:00","dateModified":"2024-09-11T09:41:19+00:00","mainEntityOfPage":{"@id":"https:\/\/dicodusport.fr\/blog\/carnet-noir-didier-roustan-est-mort\/"},"wordCount":272,"commentCount":0,"publisher":{"@id":"https:\/\/dicodusport.fr\/blog\/#organization"},"image":{"@id":"https:\/\/dicodusport.fr\/blog\/carnet-noir-didier-roustan-est-mort\/#primaryimage"},"thumbnailUrl":"https:\/\/dicodusport.fr\/blog\/wp-content\/uploads\/2024\/09\/Carnet-noir-Le-journaliste-Didier-Roustan-est-mort.png","keywords":["actu","br\u00e8ve","Carnet noir","Football"],"articleSection":["Carnet noir","Football"],"inLanguage":"fr-FR","potentialAction":[{"@type":"CommentAction","name":"Comment","target":["https:\/\/dicodusport.fr\/blog\/carnet-noir-didier-roustan-est-mort\/#respond"]}],"copyrightYear":"2024","copyrightHolder":{"@id":"https:\/\/dicodusport.fr\/blog\/#organization"}},{"@type":"WebPage","@id":"https:\/\/dicodusport.fr\/blog\/carnet-noir-didier-roustan-est-mort\/","url":"https:\/\/dicodusport.fr\/blog\/carnet-noir-didier-roustan-est-mort\/","name":"Carnet noir : Didier Roustan est mort","isPartOf":{"@id":"https:\/\/dicodusport.fr\/blog\/#website"},"primaryImageOfPage":{"@id":"https:\/\/dicodusport.fr\/blog\/carnet-noir-didier-roustan-est-mort\/#primaryimage"},"image":{"@id":"https:\/\/dicodusport.fr\/blog\/carnet-noir-didier-roustan-est-mort\/#primaryimage"},"thumbnailUrl":"https:\/\/dicodusport.fr\/blog\/wp-content\/uploads\/2024\/09\/Carnet-noir-Le-journaliste-Didier-Roustan-est-mort.png","datePublished":"2024-09-11T09:21:00+00:00","dateModified":"2024-09-11T09:41:19+00:00","description":"CARNET NOIR - Le journaliste fran\u00e7ais Didier Roustan est mort \u00e0 l'\u00e2ge de 66 ans. Il aura anim\u00e9, pendant 40 ans, le paysage du football en France.","breadcrumb":{"@id":"https:\/\/dicodusport.fr\/blog\/carnet-noir-didier-roustan-est-mort\/#breadcrumb"},"inLanguage":"fr-FR","potentialAction":[{"@type":"ReadAction","target":["https:\/\/dicodusport.fr\/blog\/carnet-noir-didier-roustan-est-mort\/"]}]},{"@type":"ImageObject","inLanguage":"fr-FR","@id":"https:\/\/dicodusport.fr\/blog\/carnet-noir-didier-roustan-est-mort\/#primaryimage","url":"https:\/\/dicodusport.fr\/blog\/wp-content\/uploads\/2024\/09\/Carnet-noir-Le-journaliste-Didier-Roustan-est-mort.png","contentUrl":"https:\/\/dicodusport.fr\/blog\/wp-content\/uploads\/2024\/09\/Carnet-noir-Le-journaliste-Didier-Roustan-est-mort.png","width":1200,"height":674,"caption":"Carnet noir - Le journaliste Didier Roustan est mort"},{"@type":"BreadcrumbList","@id":"https:\/\/dicodusport.fr\/blog\/carnet-noir-didier-roustan-est-mort\/#breadcrumb","itemListElement":[{"@type":"ListItem","position":1,"name":"Accueil","item":"https:\/\/dicodusport.fr\/blog\/"},{"@type":"ListItem","position":2,"name":"Carnet noir : Didier Roustan est mort"}]},{"@type":"WebSite","@id":"https:\/\/dicodusport.fr\/blog\/#website","url":"https:\/\/dicodusport.fr\/blog\/","name":"Dicodusport","description":"L&#039;encyclop\u00e9die de l&#039;actualit\u00e9 sportive","publisher":{"@id":"https:\/\/dicodusport.fr\/blog\/#organization"},"potentialAction":[{"@type":"SearchAction","target":{"@type":"EntryPoint","urlTemplate":"https:\/\/dicodusport.fr\/blog\/?s={search_term_string}"},"query-input":{"@type":"PropertyValueSpecification","valueRequired":true,"valueName":"search_term_string"}}],"inLanguage":"fr-FR"},{"@type":"NewsMediaOrganization","@id":"https:\/\/dicodusport.fr\/blog\/#organization","name":"Dicodusport","url":"https:\/\/dicodusport.fr\/blog\/","logo":{"@type":"ImageObject","inLanguage":"fr-FR","@id":"https:\/\/dicodusport.fr\/blog\/#\/schema\/logo\/image\/","url":"https:\/\/dicodusport.fr\/blog\/wp-content\/uploads\/2020\/06\/cropped-LOGO-DICODUSPORT-2020-SANS-FOND-SANS-TEXTE.png","contentUrl":"https:\/\/dicodusport.fr\/blog\/wp-content\/uploads\/2020\/06\/cropped-LOGO-DICODUSPORT-2020-SANS-FOND-SANS-TEXTE.png","width":512,"height":512,"caption":"Dicodusport"},"image":{"@id":"https:\/\/dicodusport.fr\/blog\/#\/schema\/logo\/image\/"},"sameAs":["https:\/\/www.facebook.com\/dicodusport","https:\/\/x.com\/dicodusport","https:\/\/www.instagram.com\/dicodusport\/","https:\/\/www.youtube.com\/channel\/UC7V2KZ5sd3htJivAbA4ZG3w"],"description":"Dicodusport est l'encyclop\u00e9die de l'actualit\u00e9 sportive.","email":"bonjour@dicodusport.fr","legalName":"DICODUSPORT","foundingDate":"2018-01-14","vatID":"FR71834470973","taxID":"83447097300043","numberOfEmployees":{"@type":"QuantitativeValue","minValue":"1","maxValue":"10"}},{"@type":"Person","@id":"https:\/\/dicodusport.fr\/blog\/#\/schema\/person\/d603dd7da31fb2b46c82b9835a77ec13","name":"Etienne Goursaud","image":{"@type":"ImageObject","inLanguage":"fr-FR","@id":"https:\/\/dicodusport.fr\/blog\/#\/schema\/person\/image\/","url":"https:\/\/dicodusport.fr\/blog\/wp-content\/uploads\/2023\/12\/410122264_10231602061736049_5565839791558026645_n-150x150.jpg","contentUrl":"https:\/\/dicodusport.fr\/blog\/wp-content\/uploads\/2023\/12\/410122264_10231602061736049_5565839791558026645_n-150x150.jpg","caption":"Etienne Goursaud"},"description":"Journaliste et amoureux de sport. Ancien footballeur reconverti athl\u00e8te quand ses muscles le laissent tranquille. \u00c9lev\u00e9 \u00e0 la sauce des exploits de Thomas Voeckler en 2004, du dernier essai de l\u00e9gende de Eunice Barber \u00e0 la longueur lors des championnats du monde d'athl\u00e9tisme de 2003 mais aussi Zidane, Omeyer et Titou Lamaison.","url":"https:\/\/dicodusport.fr\/blog\/author\/etienne-goursaud\/"}]}},"_links":{"self":[{"href":"https:\/\/dicodusport.fr\/blog\/wp-json\/wp\/v2\/posts\/519645","targetHints":{"allow":["GET"]}}],"collection":[{"href":"https:\/\/dicodusport.fr\/blog\/wp-json\/wp\/v2\/posts"}],"about":[{"href":"https:\/\/dicodusport.fr\/blog\/wp-json\/wp\/v2\/types\/post"}],"author":[{"embeddable":true,"href":"https:\/\/dicodusport.fr\/blog\/wp-json\/wp\/v2\/users\/83"}],"replies":[{"embeddable":true,"href":"https:\/\/dicodusport.fr\/blog\/wp-json\/wp\/v2\/comments?post=519645"}],"version-history":[{"count":4,"href":"https:\/\/dicodusport.fr\/blog\/wp-json\/wp\/v2\/posts\/519645\/revisions"}],"predecessor-version":[{"id":519654,"href":"https:\/\/dicodusport.fr\/blog\/wp-json\/wp\/v2\/posts\/519645\/revisions\/519654"}],"wp:featuredmedia":[{"embeddable":true,"href":"https:\/\/dicodusport.fr\/blog\/wp-json\/wp\/v2\/media\/519647"}],"wp:attachment":[{"href":"https:\/\/dicodusport.fr\/blog\/wp-json\/wp\/v2\/media?parent=519645"}],"wp:term":[{"taxonomy":"category","embeddable":true,"href":"https:\/\/dicodusport.fr\/blog\/wp-json\/wp\/v2\/categories?post=519645"},{"taxonomy":"post_tag","embeddable":true,"href":"https:\/\/dicodusport.fr\/blog\/wp-json\/wp\/v2\/tags?post=519645"}],"curies":[{"name":"wp","href":"https:\/\/api.w.org\/{rel}","templated":true}]}}