{"id":519766,"date":"2024-09-11T19:07:49","date_gmt":"2024-09-11T17:07:49","guid":{"rendered":"https:\/\/dicodusport.fr\/blog\/?p=519766&#038;preview=true&#038;preview_id=519766"},"modified":"2024-09-11T20:12:04","modified_gmt":"2024-09-11T18:12:04","slug":"transferts-ubb-un-2eme-club-de-top-14-veut-signer-mateo-garcia","status":"publish","type":"post","link":"https:\/\/dicodusport.fr\/blog\/transferts-ubb-un-2eme-club-de-top-14-veut-signer-mateo-garcia\/","title":{"rendered":"Transferts UBB : Un 2\u00e8me club de Top 14 veut signer Mateo Garcia"},"content":{"rendered":"<h4 style=\"text-align: justify;\"><em>TOP 14 2024-2025 &#8211; Selon le Midi Olympique, l&rsquo;Aviron Bayonnais est aussi en course pour signer l&rsquo;ouvreur de l&rsquo;UBB, Mateo Garcia.<\/em><\/h4>\n<p style=\"text-align: justify;\">L&rsquo;avenir de <strong>Mateo<\/strong> <strong>Garcia<\/strong> est au c\u0153ur des d\u00e9bats depuis plusieurs semaines et pour cause, le demi d&rsquo;ouverture de l&rsquo;<strong>UBB<\/strong> est en fin de contrat dans un an. D\u00e9j\u00e0 cet \u00e9t\u00e9, des discussions ont eu lieu entre le <strong>Montpellier HR<\/strong> et l&rsquo;<strong>Union Bordeaux-B\u00e8gles<\/strong> pour une lib\u00e9ration anticip\u00e9e de l&rsquo;ouvreur, mais elles n&rsquo;ont finalement pas abouti.<\/p>\n<ul style=\"text-align: justify;\">\n<li style=\"text-align: justify;\"><strong>\u00c0 lire aussi &#8211; <a href=\"https:\/\/dicodusport.fr\/blog\/transferts-lou-3-cadors-de-top-14-sarrachent-davit-niniashvili\/\" target=\"_blank\" rel=\"noopener\">Transferts LOU : 3 cadors de Top 14 s\u2019arrachent Davit Niniashvili<\/a><\/strong><\/li>\n<\/ul>\n<h2 style=\"text-align: justify;\">Bayonne pense \u00e0 Mateo Garcia<\/h2>\n<p style=\"text-align: justify;\"><strong>Bernard<\/strong> <strong>Laporte<\/strong> n&rsquo;a pas abandonn\u00e9 l&rsquo;id\u00e9e de recruter <strong>Mateo<\/strong> <strong>Garcia<\/strong> dans les mois \u00e0 venir. Les<strong> H\u00e9raultais<\/strong> ont r\u00e9cemment perdu <strong>Paolo<\/strong> <strong>Garbisi<\/strong>, parti \u00e0 <strong>Toulon<\/strong>, et <strong>Louis<\/strong> <strong>Carbonel<\/strong>, qui a trouv\u00e9 refuge au Stade Fran\u00e7ais. Le <strong>Montpellier<\/strong> <strong>HR<\/strong> a de la concurrence <a href=\"https:\/\/dicodusport.fr\/blog\/transferts-ubb-mateo-garcia-courtise-par-un-club-de-top-14\/\">pour recruter le jeune ouvreur de 22 ans<\/a>, puisque l&rsquo;<strong>Aviron Bayonnais<\/strong> est aussi rentr\u00e9 en contact avec le jeune ouvreur.<\/p>\n<p style=\"text-align: justify;\">D\u00e9j\u00e0 pass\u00e9 par le club basque entre 2016 et 2020, <strong>Mateo Garcia<\/strong> pourrait donc revenir \u00e0 l&rsquo;<strong>Aviron Bayonnais<\/strong>. Le demi d&rsquo;ouverture se pose des questions sur son avenir puisqu&rsquo;il est devenu num\u00e9ro 3 dans la hi\u00e9rarchie des ouvreurs avec l&rsquo;arriv\u00e9e de <strong>Joey<\/strong> <strong>Carbery<\/strong>. <strong>Bayonne<\/strong>, <strong>Montpellier<\/strong> ou <strong>Bordeaux<\/strong>, <strong>Mateo<\/strong> <strong>Garcia<\/strong> est donc \u00e0 la crois\u00e9e des chemins pour la saison prochaine.<\/p>\n<blockquote class=\"twitter-tweet\">\n<p dir=\"ltr\" lang=\"fr\">Mateo Garcia est un des principaux animateurs d\u2019un march\u00e9 des ouvreurs assez terne. Apr\u00e8s Montpellier, Bayonne est, selon nos informations, pass\u00e9 \u00e0 l\u2019offensive pour tenter d\u2019enr\u00f4ler l\u2019ouvreur bordelais.<a href=\"https:\/\/t.co\/YTO7i75V5p\">https:\/\/t.co\/YTO7i75V5p<\/a><\/p>\n<p>\u2014 RUGBYRAMA (@RugbyramaFR) <a href=\"https:\/\/twitter.com\/RugbyramaFR\/status\/1833780738770026813?ref_src=twsrc%5Etfw\">September 11, 2024<\/a><\/p><\/blockquote>\n<p style=\"text-align: justify;\"><script async src=\"https:\/\/platform.twitter.com\/widgets.js\" charset=\"utf-8\"><\/script><\/p>\n<p style=\"text-align: justify;\">\n","protected":false},"excerpt":{"rendered":"<p>TOP 14 2024-2025 &#8211; Selon le Midi Olympique, l&rsquo;Aviron Bayonnais est aussi en course pour signer l&rsquo;ouvreur Mateo Garcia.<\/p>\n","protected":false},"author":1,"featured_media":519768,"comment_status":"open","ping_status":"closed","sticky":false,"template":"","format":"standard","meta":{"_acf_changed":false,"_daextam_enable_autolinks":"1","footnotes":""},"categories":[9129,47050],"tags":[16878,1618],"class_list":["post-519766","post","type-post","status-publish","format-standard","has-post-thumbnail","hentry","category-rugby-a-xv","category-top-14","tag-breve","tag-garcia"],"acf":[],"yoast_head":"<!-- This site is optimized with the Yoast SEO Premium plugin v26.7 (Yoast SEO v26.7) - https:\/\/yoast.com\/wordpress\/plugins\/seo\/ -->\n<title>Transferts UBB : Un 2\u00e8me club de Top 14 veut signer Mateo Garcia<\/title>\n<meta name=\"description\" content=\"TOP 14 2024-2025 - Selon le Midi Olympique, l&#039;Aviron Bayonnais est aussi en course pour signer l&#039;ouvreur Mateo Garcia\" \/>\n<meta name=\"robots\" content=\"index, follow, max-snippet:-1, max-image-preview:large, max-video-preview:-1\" \/>\n<link rel=\"canonical\" href=\"https:\/\/dicodusport.fr\/blog\/transferts-ubb-un-2eme-club-de-top-14-veut-signer-mateo-garcia\/\" \/>\n<meta property=\"og:locale\" content=\"fr_FR\" \/>\n<meta property=\"og:type\" content=\"article\" \/>\n<meta property=\"og:title\" content=\"Transferts UBB : Un 2\u00e8me club de Top 14 veut signer Mateo Garcia\" \/>\n<meta property=\"og:description\" content=\"TOP 14 2024-2025 - Selon le Midi Olympique, l&#039;Aviron Bayonnais est aussi en course pour signer l&#039;ouvreur Mateo Garcia\" \/>\n<meta property=\"og:url\" content=\"https:\/\/dicodusport.fr\/blog\/transferts-ubb-un-2eme-club-de-top-14-veut-signer-mateo-garcia\/\" \/>\n<meta property=\"og:site_name\" content=\"Dicodusport\" \/>\n<meta property=\"article:publisher\" content=\"https:\/\/www.facebook.com\/dicodusport\" \/>\n<meta property=\"article:author\" content=\"https:\/\/www.facebook.com\/dicodusport\" \/>\n<meta property=\"article:published_time\" content=\"2024-09-11T17:07:49+00:00\" \/>\n<meta property=\"article:modified_time\" content=\"2024-09-11T18:12:04+00:00\" \/>\n<meta property=\"og:image\" content=\"https:\/\/dicodusport.fr\/blog\/wp-content\/uploads\/2024\/09\/Transferts-UBB-Un-2eme-club-de-Top-14-veut-signer-Mateo-Garcia-.png\" \/>\n\t<meta property=\"og:image:width\" content=\"1200\" \/>\n\t<meta property=\"og:image:height\" content=\"674\" \/>\n\t<meta property=\"og:image:type\" content=\"image\/png\" \/>\n<meta name=\"author\" content=\"Nicolas Jacquemard\" \/>\n<meta name=\"twitter:card\" content=\"summary_large_image\" \/>\n<meta name=\"twitter:title\" content=\"Transferts UBB : Un 2\u00e8me club de Top 14 veut signer Mateo Garcia\" \/>\n<meta name=\"twitter:creator\" content=\"@https:\/\/twitter.com\/Nico_Jacquemard\" \/>\n<meta name=\"twitter:site\" content=\"@dicodusport\" \/>\n<script type=\"application\/ld+json\" class=\"yoast-schema-graph\">{\"@context\":\"https:\/\/schema.org\",\"@graph\":[{\"@type\":\"NewsArticle\",\"@id\":\"https:\/\/dicodusport.fr\/blog\/transferts-ubb-un-2eme-club-de-top-14-veut-signer-mateo-garcia\/#article\",\"isPartOf\":{\"@id\":\"https:\/\/dicodusport.fr\/blog\/transferts-ubb-un-2eme-club-de-top-14-veut-signer-mateo-garcia\/\"},\"author\":{\"name\":\"Nicolas Jacquemard\",\"@id\":\"https:\/\/dicodusport.fr\/blog\/#\/schema\/person\/55dcb50ad410894e431ed812bbb70191\"},\"headline\":\"Transferts UBB : Un 2\u00e8me club de Top 14 veut signer Mateo Garcia\",\"datePublished\":\"2024-09-11T17:07:49+00:00\",\"dateModified\":\"2024-09-11T18:12:04+00:00\",\"mainEntityOfPage\":{\"@id\":\"https:\/\/dicodusport.fr\/blog\/transferts-ubb-un-2eme-club-de-top-14-veut-signer-mateo-garcia\/\"},\"wordCount\":290,\"commentCount\":0,\"publisher\":{\"@id\":\"https:\/\/dicodusport.fr\/blog\/#organization\"},\"image\":{\"@id\":\"https:\/\/dicodusport.fr\/blog\/transferts-ubb-un-2eme-club-de-top-14-veut-signer-mateo-garcia\/#primaryimage\"},\"thumbnailUrl\":\"https:\/\/dicodusport.fr\/blog\/wp-content\/uploads\/2024\/09\/Transferts-UBB-Un-2eme-club-de-Top-14-veut-signer-Mateo-Garcia-.png\",\"keywords\":[\"br\u00e8ve\",\"Garcia\"],\"articleSection\":[\"Rugby \u00e0 XV\",\"Top 14\"],\"inLanguage\":\"fr-FR\",\"potentialAction\":[{\"@type\":\"CommentAction\",\"name\":\"Comment\",\"target\":[\"https:\/\/dicodusport.fr\/blog\/transferts-ubb-un-2eme-club-de-top-14-veut-signer-mateo-garcia\/#respond\"]}],\"copyrightYear\":\"2024\",\"copyrightHolder\":{\"@id\":\"https:\/\/dicodusport.fr\/blog\/#organization\"}},{\"@type\":\"WebPage\",\"@id\":\"https:\/\/dicodusport.fr\/blog\/transferts-ubb-un-2eme-club-de-top-14-veut-signer-mateo-garcia\/\",\"url\":\"https:\/\/dicodusport.fr\/blog\/transferts-ubb-un-2eme-club-de-top-14-veut-signer-mateo-garcia\/\",\"name\":\"Transferts UBB : Un 2\u00e8me club de Top 14 veut signer Mateo Garcia\",\"isPartOf\":{\"@id\":\"https:\/\/dicodusport.fr\/blog\/#website\"},\"primaryImageOfPage\":{\"@id\":\"https:\/\/dicodusport.fr\/blog\/transferts-ubb-un-2eme-club-de-top-14-veut-signer-mateo-garcia\/#primaryimage\"},\"image\":{\"@id\":\"https:\/\/dicodusport.fr\/blog\/transferts-ubb-un-2eme-club-de-top-14-veut-signer-mateo-garcia\/#primaryimage\"},\"thumbnailUrl\":\"https:\/\/dicodusport.fr\/blog\/wp-content\/uploads\/2024\/09\/Transferts-UBB-Un-2eme-club-de-Top-14-veut-signer-Mateo-Garcia-.png\",\"datePublished\":\"2024-09-11T17:07:49+00:00\",\"dateModified\":\"2024-09-11T18:12:04+00:00\",\"description\":\"TOP 14 2024-2025 - Selon le Midi Olympique, l'Aviron Bayonnais est aussi en course pour signer l'ouvreur Mateo Garcia\",\"breadcrumb\":{\"@id\":\"https:\/\/dicodusport.fr\/blog\/transferts-ubb-un-2eme-club-de-top-14-veut-signer-mateo-garcia\/#breadcrumb\"},\"inLanguage\":\"fr-FR\",\"potentialAction\":[{\"@type\":\"ReadAction\",\"target\":[\"https:\/\/dicodusport.fr\/blog\/transferts-ubb-un-2eme-club-de-top-14-veut-signer-mateo-garcia\/\"]}]},{\"@type\":\"ImageObject\",\"inLanguage\":\"fr-FR\",\"@id\":\"https:\/\/dicodusport.fr\/blog\/transferts-ubb-un-2eme-club-de-top-14-veut-signer-mateo-garcia\/#primaryimage\",\"url\":\"https:\/\/dicodusport.fr\/blog\/wp-content\/uploads\/2024\/09\/Transferts-UBB-Un-2eme-club-de-Top-14-veut-signer-Mateo-Garcia-.png\",\"contentUrl\":\"https:\/\/dicodusport.fr\/blog\/wp-content\/uploads\/2024\/09\/Transferts-UBB-Un-2eme-club-de-Top-14-veut-signer-Mateo-Garcia-.png\",\"width\":1200,\"height\":674,\"caption\":\"Transferts Rugby : Mat\u00e9o Garcia, Enzo Herv\u00e9, Sireli Maqala, les infos du mercredi 9 octobre\"},{\"@type\":\"BreadcrumbList\",\"@id\":\"https:\/\/dicodusport.fr\/blog\/transferts-ubb-un-2eme-club-de-top-14-veut-signer-mateo-garcia\/#breadcrumb\",\"itemListElement\":[{\"@type\":\"ListItem\",\"position\":1,\"name\":\"Accueil\",\"item\":\"https:\/\/dicodusport.fr\/blog\/\"},{\"@type\":\"ListItem\",\"position\":2,\"name\":\"Transferts UBB : Un 2\u00e8me club de Top 14 veut signer Mateo Garcia\"}]},{\"@type\":\"WebSite\",\"@id\":\"https:\/\/dicodusport.fr\/blog\/#website\",\"url\":\"https:\/\/dicodusport.fr\/blog\/\",\"name\":\"Dicodusport\",\"description\":\"L&#039;encyclop\u00e9die de l&#039;actualit\u00e9 sportive\",\"publisher\":{\"@id\":\"https:\/\/dicodusport.fr\/blog\/#organization\"},\"potentialAction\":[{\"@type\":\"SearchAction\",\"target\":{\"@type\":\"EntryPoint\",\"urlTemplate\":\"https:\/\/dicodusport.fr\/blog\/?s={search_term_string}\"},\"query-input\":{\"@type\":\"PropertyValueSpecification\",\"valueRequired\":true,\"valueName\":\"search_term_string\"}}],\"inLanguage\":\"fr-FR\"},{\"@type\":\"NewsMediaOrganization\",\"@id\":\"https:\/\/dicodusport.fr\/blog\/#organization\",\"name\":\"Dicodusport\",\"url\":\"https:\/\/dicodusport.fr\/blog\/\",\"logo\":{\"@type\":\"ImageObject\",\"inLanguage\":\"fr-FR\",\"@id\":\"https:\/\/dicodusport.fr\/blog\/#\/schema\/logo\/image\/\",\"url\":\"https:\/\/dicodusport.fr\/blog\/wp-content\/uploads\/2020\/06\/cropped-LOGO-DICODUSPORT-2020-SANS-FOND-SANS-TEXTE.png\",\"contentUrl\":\"https:\/\/dicodusport.fr\/blog\/wp-content\/uploads\/2020\/06\/cropped-LOGO-DICODUSPORT-2020-SANS-FOND-SANS-TEXTE.png\",\"width\":512,\"height\":512,\"caption\":\"Dicodusport\"},\"image\":{\"@id\":\"https:\/\/dicodusport.fr\/blog\/#\/schema\/logo\/image\/\"},\"sameAs\":[\"https:\/\/www.facebook.com\/dicodusport\",\"https:\/\/x.com\/dicodusport\",\"https:\/\/www.instagram.com\/dicodusport\/\",\"https:\/\/www.youtube.com\/channel\/UC7V2KZ5sd3htJivAbA4ZG3w\"],\"description\":\"Dicodusport est l'encyclop\u00e9die de l'actualit\u00e9 sportive.\",\"email\":\"bonjour@dicodusport.fr\",\"legalName\":\"DICODUSPORT\",\"foundingDate\":\"2018-01-14\",\"vatID\":\"FR71834470973\",\"taxID\":\"83447097300043\",\"numberOfEmployees\":{\"@type\":\"QuantitativeValue\",\"minValue\":\"1\",\"maxValue\":\"10\"}},{\"@type\":\"Person\",\"@id\":\"https:\/\/dicodusport.fr\/blog\/#\/schema\/person\/55dcb50ad410894e431ed812bbb70191\",\"name\":\"Nicolas Jacquemard\",\"image\":{\"@type\":\"ImageObject\",\"inLanguage\":\"fr-FR\",\"@id\":\"https:\/\/dicodusport.fr\/blog\/#\/schema\/person\/image\/\",\"url\":\"https:\/\/dicodusport.fr\/blog\/wp-content\/uploads\/2021\/05\/Nicolas-Jacquemard-150x150.jpeg\",\"contentUrl\":\"https:\/\/dicodusport.fr\/blog\/wp-content\/uploads\/2021\/05\/Nicolas-Jacquemard-150x150.jpeg\",\"caption\":\"Nicolas Jacquemard\"},\"description\":\"Passionn\u00e9 de sport et entrepreneur depuis mes 18 ans, la cr\u00e9ation de Dicodusport m'a sembl\u00e9 \u00e9vidente pour participer \u00e0 la m\u00e9diatisation d'un plus grand nombre de sports. Le chemin est long mais avec une \u00e9quipe des plus motiv\u00e9es et les Jeux Olympiques de Paris 2024 en point de mire, nous y arriverons ! Journaliste dans le monde du sport depuis plus de 5 ans, je traite aussi bien de football, de rugby, de biathlon que de cyclisme.\",\"sameAs\":[\"https:\/\/www.facebook.com\/dicodusport\",\"https:\/\/x.com\/https:\/\/twitter.com\/Nico_Jacquemard\"],\"url\":\"https:\/\/dicodusport.fr\/blog\/author\/dicodusport\/\"}]}<\/script>\n<!-- \/ Yoast SEO Premium plugin. -->","yoast_head_json":{"title":"Transferts UBB : Un 2\u00e8me club de Top 14 veut signer Mateo Garcia","description":"TOP 14 2024-2025 - Selon le Midi Olympique, l'Aviron Bayonnais est aussi en course pour signer l'ouvreur Mateo Garcia","robots":{"index":"index","follow":"follow","max-snippet":"max-snippet:-1","max-image-preview":"max-image-preview:large","max-video-preview":"max-video-preview:-1"},"canonical":"https:\/\/dicodusport.fr\/blog\/transferts-ubb-un-2eme-club-de-top-14-veut-signer-mateo-garcia\/","og_locale":"fr_FR","og_type":"article","og_title":"Transferts UBB : Un 2\u00e8me club de Top 14 veut signer Mateo Garcia","og_description":"TOP 14 2024-2025 - Selon le Midi Olympique, l'Aviron Bayonnais est aussi en course pour signer l'ouvreur Mateo Garcia","og_url":"https:\/\/dicodusport.fr\/blog\/transferts-ubb-un-2eme-club-de-top-14-veut-signer-mateo-garcia\/","og_site_name":"Dicodusport","article_publisher":"https:\/\/www.facebook.com\/dicodusport","article_author":"https:\/\/www.facebook.com\/dicodusport","article_published_time":"2024-09-11T17:07:49+00:00","article_modified_time":"2024-09-11T18:12:04+00:00","og_image":[{"width":1200,"height":674,"url":"https:\/\/dicodusport.fr\/blog\/wp-content\/uploads\/2024\/09\/Transferts-UBB-Un-2eme-club-de-Top-14-veut-signer-Mateo-Garcia-.png","type":"image\/png"}],"author":"Nicolas Jacquemard","twitter_card":"summary_large_image","twitter_title":"Transferts UBB : Un 2\u00e8me club de Top 14 veut signer Mateo Garcia","twitter_creator":"@https:\/\/twitter.com\/Nico_Jacquemard","twitter_site":"@dicodusport","schema":{"@context":"https:\/\/schema.org","@graph":[{"@type":"NewsArticle","@id":"https:\/\/dicodusport.fr\/blog\/transferts-ubb-un-2eme-club-de-top-14-veut-signer-mateo-garcia\/#article","isPartOf":{"@id":"https:\/\/dicodusport.fr\/blog\/transferts-ubb-un-2eme-club-de-top-14-veut-signer-mateo-garcia\/"},"author":{"name":"Nicolas Jacquemard","@id":"https:\/\/dicodusport.fr\/blog\/#\/schema\/person\/55dcb50ad410894e431ed812bbb70191"},"headline":"Transferts UBB : Un 2\u00e8me club de Top 14 veut signer Mateo Garcia","datePublished":"2024-09-11T17:07:49+00:00","dateModified":"2024-09-11T18:12:04+00:00","mainEntityOfPage":{"@id":"https:\/\/dicodusport.fr\/blog\/transferts-ubb-un-2eme-club-de-top-14-veut-signer-mateo-garcia\/"},"wordCount":290,"commentCount":0,"publisher":{"@id":"https:\/\/dicodusport.fr\/blog\/#organization"},"image":{"@id":"https:\/\/dicodusport.fr\/blog\/transferts-ubb-un-2eme-club-de-top-14-veut-signer-mateo-garcia\/#primaryimage"},"thumbnailUrl":"https:\/\/dicodusport.fr\/blog\/wp-content\/uploads\/2024\/09\/Transferts-UBB-Un-2eme-club-de-Top-14-veut-signer-Mateo-Garcia-.png","keywords":["br\u00e8ve","Garcia"],"articleSection":["Rugby \u00e0 XV","Top 14"],"inLanguage":"fr-FR","potentialAction":[{"@type":"CommentAction","name":"Comment","target":["https:\/\/dicodusport.fr\/blog\/transferts-ubb-un-2eme-club-de-top-14-veut-signer-mateo-garcia\/#respond"]}],"copyrightYear":"2024","copyrightHolder":{"@id":"https:\/\/dicodusport.fr\/blog\/#organization"}},{"@type":"WebPage","@id":"https:\/\/dicodusport.fr\/blog\/transferts-ubb-un-2eme-club-de-top-14-veut-signer-mateo-garcia\/","url":"https:\/\/dicodusport.fr\/blog\/transferts-ubb-un-2eme-club-de-top-14-veut-signer-mateo-garcia\/","name":"Transferts UBB : Un 2\u00e8me club de Top 14 veut signer Mateo Garcia","isPartOf":{"@id":"https:\/\/dicodusport.fr\/blog\/#website"},"primaryImageOfPage":{"@id":"https:\/\/dicodusport.fr\/blog\/transferts-ubb-un-2eme-club-de-top-14-veut-signer-mateo-garcia\/#primaryimage"},"image":{"@id":"https:\/\/dicodusport.fr\/blog\/transferts-ubb-un-2eme-club-de-top-14-veut-signer-mateo-garcia\/#primaryimage"},"thumbnailUrl":"https:\/\/dicodusport.fr\/blog\/wp-content\/uploads\/2024\/09\/Transferts-UBB-Un-2eme-club-de-Top-14-veut-signer-Mateo-Garcia-.png","datePublished":"2024-09-11T17:07:49+00:00","dateModified":"2024-09-11T18:12:04+00:00","description":"TOP 14 2024-2025 - Selon le Midi Olympique, l'Aviron Bayonnais est aussi en course pour signer l'ouvreur Mateo Garcia","breadcrumb":{"@id":"https:\/\/dicodusport.fr\/blog\/transferts-ubb-un-2eme-club-de-top-14-veut-signer-mateo-garcia\/#breadcrumb"},"inLanguage":"fr-FR","potentialAction":[{"@type":"ReadAction","target":["https:\/\/dicodusport.fr\/blog\/transferts-ubb-un-2eme-club-de-top-14-veut-signer-mateo-garcia\/"]}]},{"@type":"ImageObject","inLanguage":"fr-FR","@id":"https:\/\/dicodusport.fr\/blog\/transferts-ubb-un-2eme-club-de-top-14-veut-signer-mateo-garcia\/#primaryimage","url":"https:\/\/dicodusport.fr\/blog\/wp-content\/uploads\/2024\/09\/Transferts-UBB-Un-2eme-club-de-Top-14-veut-signer-Mateo-Garcia-.png","contentUrl":"https:\/\/dicodusport.fr\/blog\/wp-content\/uploads\/2024\/09\/Transferts-UBB-Un-2eme-club-de-Top-14-veut-signer-Mateo-Garcia-.png","width":1200,"height":674,"caption":"Transferts Rugby : Mat\u00e9o Garcia, Enzo Herv\u00e9, Sireli Maqala, les infos du mercredi 9 octobre"},{"@type":"BreadcrumbList","@id":"https:\/\/dicodusport.fr\/blog\/transferts-ubb-un-2eme-club-de-top-14-veut-signer-mateo-garcia\/#breadcrumb","itemListElement":[{"@type":"ListItem","position":1,"name":"Accueil","item":"https:\/\/dicodusport.fr\/blog\/"},{"@type":"ListItem","position":2,"name":"Transferts UBB : Un 2\u00e8me club de Top 14 veut signer Mateo Garcia"}]},{"@type":"WebSite","@id":"https:\/\/dicodusport.fr\/blog\/#website","url":"https:\/\/dicodusport.fr\/blog\/","name":"Dicodusport","description":"L&#039;encyclop\u00e9die de l&#039;actualit\u00e9 sportive","publisher":{"@id":"https:\/\/dicodusport.fr\/blog\/#organization"},"potentialAction":[{"@type":"SearchAction","target":{"@type":"EntryPoint","urlTemplate":"https:\/\/dicodusport.fr\/blog\/?s={search_term_string}"},"query-input":{"@type":"PropertyValueSpecification","valueRequired":true,"valueName":"search_term_string"}}],"inLanguage":"fr-FR"},{"@type":"NewsMediaOrganization","@id":"https:\/\/dicodusport.fr\/blog\/#organization","name":"Dicodusport","url":"https:\/\/dicodusport.fr\/blog\/","logo":{"@type":"ImageObject","inLanguage":"fr-FR","@id":"https:\/\/dicodusport.fr\/blog\/#\/schema\/logo\/image\/","url":"https:\/\/dicodusport.fr\/blog\/wp-content\/uploads\/2020\/06\/cropped-LOGO-DICODUSPORT-2020-SANS-FOND-SANS-TEXTE.png","contentUrl":"https:\/\/dicodusport.fr\/blog\/wp-content\/uploads\/2020\/06\/cropped-LOGO-DICODUSPORT-2020-SANS-FOND-SANS-TEXTE.png","width":512,"height":512,"caption":"Dicodusport"},"image":{"@id":"https:\/\/dicodusport.fr\/blog\/#\/schema\/logo\/image\/"},"sameAs":["https:\/\/www.facebook.com\/dicodusport","https:\/\/x.com\/dicodusport","https:\/\/www.instagram.com\/dicodusport\/","https:\/\/www.youtube.com\/channel\/UC7V2KZ5sd3htJivAbA4ZG3w"],"description":"Dicodusport est l'encyclop\u00e9die de l'actualit\u00e9 sportive.","email":"bonjour@dicodusport.fr","legalName":"DICODUSPORT","foundingDate":"2018-01-14","vatID":"FR71834470973","taxID":"83447097300043","numberOfEmployees":{"@type":"QuantitativeValue","minValue":"1","maxValue":"10"}},{"@type":"Person","@id":"https:\/\/dicodusport.fr\/blog\/#\/schema\/person\/55dcb50ad410894e431ed812bbb70191","name":"Nicolas Jacquemard","image":{"@type":"ImageObject","inLanguage":"fr-FR","@id":"https:\/\/dicodusport.fr\/blog\/#\/schema\/person\/image\/","url":"https:\/\/dicodusport.fr\/blog\/wp-content\/uploads\/2021\/05\/Nicolas-Jacquemard-150x150.jpeg","contentUrl":"https:\/\/dicodusport.fr\/blog\/wp-content\/uploads\/2021\/05\/Nicolas-Jacquemard-150x150.jpeg","caption":"Nicolas Jacquemard"},"description":"Passionn\u00e9 de sport et entrepreneur depuis mes 18 ans, la cr\u00e9ation de Dicodusport m'a sembl\u00e9 \u00e9vidente pour participer \u00e0 la m\u00e9diatisation d'un plus grand nombre de sports. Le chemin est long mais avec une \u00e9quipe des plus motiv\u00e9es et les Jeux Olympiques de Paris 2024 en point de mire, nous y arriverons ! Journaliste dans le monde du sport depuis plus de 5 ans, je traite aussi bien de football, de rugby, de biathlon que de cyclisme.","sameAs":["https:\/\/www.facebook.com\/dicodusport","https:\/\/x.com\/https:\/\/twitter.com\/Nico_Jacquemard"],"url":"https:\/\/dicodusport.fr\/blog\/author\/dicodusport\/"}]}},"_links":{"self":[{"href":"https:\/\/dicodusport.fr\/blog\/wp-json\/wp\/v2\/posts\/519766","targetHints":{"allow":["GET"]}}],"collection":[{"href":"https:\/\/dicodusport.fr\/blog\/wp-json\/wp\/v2\/posts"}],"about":[{"href":"https:\/\/dicodusport.fr\/blog\/wp-json\/wp\/v2\/types\/post"}],"author":[{"embeddable":true,"href":"https:\/\/dicodusport.fr\/blog\/wp-json\/wp\/v2\/users\/1"}],"replies":[{"embeddable":true,"href":"https:\/\/dicodusport.fr\/blog\/wp-json\/wp\/v2\/comments?post=519766"}],"version-history":[{"count":2,"href":"https:\/\/dicodusport.fr\/blog\/wp-json\/wp\/v2\/posts\/519766\/revisions"}],"predecessor-version":[{"id":519782,"href":"https:\/\/dicodusport.fr\/blog\/wp-json\/wp\/v2\/posts\/519766\/revisions\/519782"}],"wp:featuredmedia":[{"embeddable":true,"href":"https:\/\/dicodusport.fr\/blog\/wp-json\/wp\/v2\/media\/519768"}],"wp:attachment":[{"href":"https:\/\/dicodusport.fr\/blog\/wp-json\/wp\/v2\/media?parent=519766"}],"wp:term":[{"taxonomy":"category","embeddable":true,"href":"https:\/\/dicodusport.fr\/blog\/wp-json\/wp\/v2\/categories?post=519766"},{"taxonomy":"post_tag","embeddable":true,"href":"https:\/\/dicodusport.fr\/blog\/wp-json\/wp\/v2\/tags?post=519766"}],"curies":[{"name":"wp","href":"https:\/\/api.w.org\/{rel}","templated":true}]}}