{"id":520088,"date":"2024-09-13T21:52:41","date_gmt":"2024-09-13T19:52:41","guid":{"rendered":"https:\/\/dicodusport.fr\/blog\/?p=520088&#038;preview=true&#038;preview_id=520088"},"modified":"2024-09-13T22:28:30","modified_gmt":"2024-09-13T20:28:30","slug":"grand-prix-de-quebec-2024-michael-matthews-simpose-pour-la-troisieme-fois","status":"publish","type":"post","link":"https:\/\/dicodusport.fr\/blog\/grand-prix-de-quebec-2024-michael-matthews-simpose-pour-la-troisieme-fois\/","title":{"rendered":"Grand Prix de Qu\u00e9bec 2024 : Michael Matthews s&rsquo;impose pour la troisi\u00e8me fois"},"content":{"rendered":"<h4 style=\"text-align: justify;\"><em>GRAND PRIX DE QU\u00c9BEC 2024 &#8211; Michael Matthews (Team Jayco AlUla) <\/em><em><span class=\"tojvnm2t a6sixzi8 abs2jz4q a8s20v7p t1p8iaqh k5wvi7nf q3lfd5jv pk4s997a bipmatt0 cebpdrjk qowsmv63 owwhemhu dp1hu0rb dhp61c6y iyyx5f41\"><span class=\"f7rl1if4 adechonz f6oz4yja dahkl6ri axrg9lpx rufpak1n qtovjlwq qbmienfq rfyhaz4c rdmi1yqr ohrdq8us nswx41af fawcizw8 l1aqi3e3 sdu1flz4\">s&rsquo;est impos\u00e9 sur la 13\u00e8me \u00e9dition du Grand Prix Cycliste de Qu\u00e9bec, vendredi. Il a devanc\u00e9 <strong>Biniam Girmay<\/strong> (Intermarch\u00e9-Wanty) et <strong>Rudy Molard<\/strong> (Groupama-FDJ).<\/span><\/span><\/em><\/h4>\n<ul>\n<li style=\"text-align: justify;\"><strong>\u00c0 ce sujet &#8211; <a href=\"https:\/\/dicodusport.fr\/blog\/classement-grand-prix-de-quebec-2024\/\">Classement Grand Prix de Qu\u00e9bec 2024<\/a><\/strong><\/li>\n<\/ul>\n<p style=\"text-align: justify;\">D&rsquo;abord, cinq coureurs ont form\u00e9 d\u00e8s le premier tour de circuit l&rsquo;\u00e9chapp\u00e9e matinale : <strong>Artem Shmidt<\/strong> (INEOS Grenadiers), <strong>Frank van den Broek<\/strong> (Team Ssm-Dirmenich PostNL), <strong>Filippo Ridolfo<\/strong> (Team Novo Nordisk), <strong>F\u00e9lix Hamel<\/strong> et <strong>Jonas Walton<\/strong> (Canada). Malheureusement, <strong>Antonio Polga<\/strong> (Team Novo Nordisk) n&rsquo;a pas pu suivre le rythme impos\u00e9 \u00e0 l&rsquo;avant de la course. Deux \u00e9quipes ont rapidement pris les commandes du peloton pour ne laisser que cinq minutes d&rsquo;avance au maximum \u00e0 l&rsquo;\u00e9chapp\u00e9e : Intermarch\u00e9-Wanty et Lotto Dstny.<\/p>\n<p style=\"text-align: justify;\">Puis, <strong>Artem Shmidt<\/strong> (INEOS Grenadiers), <strong>Frank van den Broek<\/strong> (Team Dsm-Firmenich PostNL) ont us\u00e9 et distanc\u00e9 <strong>Filippo Ridolfo<\/strong> (Team Novo Nordisk), <strong>F\u00e9lix Hamel<\/strong> et <strong>Jonas Walton<\/strong> (Canada) pour se retrouver \u00e0 deux, \u00e0 moins de 80 kilom\u00e8tres du terme, alors que l&rsquo;\u00e9cart \u00e9tait encore d&rsquo;un peu moins de cinq minutes. L&rsquo;\u00e9quipe UAE Team Emirates a d\u00e9cid\u00e9 de durcir la course, \u00e0 50 kilom\u00e8tres du terme. Cette acc\u00e9l\u00e9ration a \u00e9t\u00e9 fatale notamment \u00e0 <strong>Axel Laurence<\/strong> (Alpecin-Deceuninck). Par la suite, l&rsquo;\u00e9cart est descendu sous les 2 minutes 30, \u00e0 30 kilom\u00e8tres de l&rsquo;arriv\u00e9e.<\/p>\n<p style=\"text-align: justify;\">Ensuite, <strong>Alex Baudin<\/strong> (Decathlon AG2R La Mondiale) et <strong>Gil Gelders<\/strong> (Soudal Quick-Step) sont sortis en contre, \u00e0 plus de deux tours de la fin. Mais, le duo a \u00e9t\u00e9 repris rapidement \u00e0 la suite d&rsquo;une acc\u00e9l\u00e9ration de <strong>Jan Tratnik<\/strong> (Visma Lease a Bike). Peu apr\u00e8s, les deux rescap\u00e9s de l&rsquo;\u00e9chapp\u00e9e matinale ont \u00e9t\u00e9 repris, \u00e0 14 kilom\u00e8tres du terme, par un peloton \u00e9tir\u00e9, \u00e0 la suite du travail de <strong>Tim Wellens<\/strong> et <strong>Juan Ayuso<\/strong> (UAE Team Emirates).<\/p>\n<ul>\n<li style=\"text-align: justify;\"><strong>\u00c0 ce sujet &#8211; <a href=\"https:\/\/dicodusport.fr\/blog\/cyclisme-calendrier-world-tour-2024\/\">Cyclisme \u2013 Calendrier World Tour 2024<\/a><\/strong><\/li>\n<\/ul>\n<h2 style=\"text-align: justify;\">Alaphilippe met le feu aux poudres, Lotto-Dstny vendange<\/h2>\n<p style=\"text-align: justify;\">D\u00e8s l&rsquo;entame du dernier tour, <strong>Matteo Jorgenson<\/strong> (Visma Lease a Bike) est sorti du peloton. Le vainqueur sortant de Paris-Nice a \u00e9t\u00e9 aval\u00e9 dans la C\u00f4te de la Montagne, \u00e0 la suite d&rsquo;une attaque de <strong>Julian Alaphilippe<\/strong> (Soudal Quick-Step). Juste apr\u00e8s, <b>Tadej Poga\u010dar<\/b> (UAE Team Emirates) a tent\u00e9 une derni\u00e8re fois de faire la diff\u00e9rence. Mais, l&rsquo;\u00e9quipe Lotto-Dstny \u00e9tait au marquage du Slov\u00e8ne avec <strong>Maxim Van Gils<\/strong>,<strong> Jenno Berckmoes<\/strong> et le tenant du titre <strong>Arnaud De Lie<\/strong>. Malgr\u00e9 la sup\u00e9riorit\u00e9 num\u00e9rique de la formation belge, le peloton est revenu sur les hommes de t\u00eate dans le dernier kilom\u00e8tre.<\/p>\n<p style=\"text-align: justify;\">Finalement,<strong> Michael Matthews<\/strong> (Team Jayco AlUla) a lanc\u00e9 son sprint de loin, \u00e0 300 m\u00e8tres de la ligne, sur un final en faux plat montant. L&rsquo;Australien a r\u00e9sist\u00e9 au retour de <strong>Biniam Girmay<\/strong> (Intermarch\u00e9-Wanty). <strong>Rudy Molard<\/strong> (Groupama-FDJ) a \u00e9t\u00e9 chercher une tr\u00e8s belle troisi\u00e8me place devant <strong>Tiesj Benoot<\/strong> et <strong>Per Stand Hagenes<\/strong> (Visma Lease a Bike). Le sprinteur de Canberra a remport\u00e9 pour la troisi\u00e8me fois la classique canadienne apr\u00e8s 2018 et 2019.<\/p>\n<blockquote class=\"twitter-tweet\">\n<p dir=\"ltr\" lang=\"en\">Michael Matthews takes the win in Quebec after attacking earlier in a chaotic sprint finish \ud83d\udd25<a href=\"https:\/\/twitter.com\/hashtag\/roadcycling?src=hash&amp;ref_src=twsrc%5Etfw\">#roadcycling<\/a> <a href=\"https:\/\/t.co\/DbrBe5WloL\">pic.twitter.com\/DbrBe5WloL<\/a><\/p>\n<p>\u2014 Eurosport (@eurosport) <a href=\"https:\/\/twitter.com\/eurosport\/status\/1834686345114951709?ref_src=twsrc%5Etfw\">September 13, 2024<\/a><\/p><\/blockquote>\n<p><script async src=\"https:\/\/platform.twitter.com\/widgets.js\" charset=\"utf-8\"><\/script><\/p>\n<p>&nbsp;<\/p>\n","protected":false},"excerpt":{"rendered":"<p>Michael Matthews s&rsquo;impose pour la troisi\u00e8me fois<\/p>\n","protected":false},"author":48,"featured_media":520149,"comment_status":"open","ping_status":"closed","sticky":false,"template":"","format":"standard","meta":{"_acf_changed":false,"_daextam_enable_autolinks":"1","footnotes":""},"categories":[46994],"tags":[16878,574,26288,8764,24],"class_list":["post-520088","post","type-post","status-publish","format-standard","has-post-thumbnail","hentry","category-cyclisme-sur-route","tag-breve","tag-cyclisme","tag-grand-prix-cycliste-de-quebec","tag-grand-prix-de-quebec","tag-sport"],"acf":[],"yoast_head":"<!-- This site is optimized with the Yoast SEO Premium plugin v26.7 (Yoast SEO v26.7) - https:\/\/yoast.com\/wordpress\/plugins\/seo\/ -->\n<title>Grand Prix de Qu\u00e9bec 2024 : Michael Matthews s&#039;impose pour la troisi\u00e8me fois<\/title>\n<meta name=\"description\" content=\"GRAND PRIX DE QU\u00c9BEC 2024 - Michael Matthews (Team Jayco AlUla) s&#039;est impos\u00e9 sur la 13\u00e8me \u00e9dition du Grand Prix Cycliste de Qu\u00e9bec, vendredi.\u00a0\" \/>\n<meta name=\"robots\" content=\"index, follow, max-snippet:-1, max-image-preview:large, max-video-preview:-1\" \/>\n<link rel=\"canonical\" href=\"https:\/\/dicodusport.fr\/blog\/grand-prix-de-quebec-2024-michael-matthews-simpose-pour-la-troisieme-fois\/\" \/>\n<meta property=\"og:locale\" content=\"fr_FR\" \/>\n<meta property=\"og:type\" content=\"article\" \/>\n<meta property=\"og:title\" content=\"Grand Prix de Qu\u00e9bec 2024 : Michael Matthews s&#039;impose pour la troisi\u00e8me fois\" \/>\n<meta property=\"og:description\" content=\"GRAND PRIX DE QU\u00c9BEC 2024 - Michael Matthews (Team Jayco AlUla) s&#039;est impos\u00e9 sur la 13\u00e8me \u00e9dition du Grand Prix Cycliste de Qu\u00e9bec, vendredi.\u00a0\" \/>\n<meta property=\"og:url\" content=\"https:\/\/dicodusport.fr\/blog\/grand-prix-de-quebec-2024-michael-matthews-simpose-pour-la-troisieme-fois\/\" \/>\n<meta property=\"og:site_name\" content=\"Dicodusport\" \/>\n<meta property=\"article:publisher\" content=\"https:\/\/www.facebook.com\/dicodusport\" \/>\n<meta property=\"article:author\" content=\"https:\/\/www.facebook.com\/groups\/LesRoisDuPeloton\" \/>\n<meta property=\"article:published_time\" content=\"2024-09-13T19:52:41+00:00\" \/>\n<meta property=\"article:modified_time\" content=\"2024-09-13T20:28:30+00:00\" \/>\n<meta property=\"og:image\" content=\"https:\/\/dicodusport.fr\/blog\/wp-content\/uploads\/2024\/09\/Grand-Prix-de-Quebec-2024-Michael-Matthews-simpose-pour-la-troisieme-fois-1.png\" \/>\n\t<meta property=\"og:image:width\" content=\"1200\" \/>\n\t<meta property=\"og:image:height\" content=\"674\" \/>\n\t<meta property=\"og:image:type\" content=\"image\/png\" \/>\n<meta name=\"author\" content=\"Emilien Descampiaux\" \/>\n<meta name=\"twitter:card\" content=\"summary_large_image\" \/>\n<meta name=\"twitter:title\" content=\"Grand Prix de Qu\u00e9bec 2024 : Michael Matthews s&#039;impose pour la troisi\u00e8me fois\" \/>\n<meta name=\"twitter:creator\" content=\"@https:\/\/twitter.com\/LRoisDuPeloton\" \/>\n<meta name=\"twitter:site\" content=\"@dicodusport\" \/>\n<script type=\"application\/ld+json\" class=\"yoast-schema-graph\">{\"@context\":\"https:\/\/schema.org\",\"@graph\":[{\"@type\":\"NewsArticle\",\"@id\":\"https:\/\/dicodusport.fr\/blog\/grand-prix-de-quebec-2024-michael-matthews-simpose-pour-la-troisieme-fois\/#article\",\"isPartOf\":{\"@id\":\"https:\/\/dicodusport.fr\/blog\/grand-prix-de-quebec-2024-michael-matthews-simpose-pour-la-troisieme-fois\/\"},\"author\":{\"name\":\"Emilien Descampiaux\",\"@id\":\"https:\/\/dicodusport.fr\/blog\/#\/schema\/person\/6db4bae06b171592211be385b32876a7\"},\"headline\":\"Grand Prix de Qu\u00e9bec 2024 : Michael Matthews s&rsquo;impose pour la troisi\u00e8me fois\",\"datePublished\":\"2024-09-13T19:52:41+00:00\",\"dateModified\":\"2024-09-13T20:28:30+00:00\",\"mainEntityOfPage\":{\"@id\":\"https:\/\/dicodusport.fr\/blog\/grand-prix-de-quebec-2024-michael-matthews-simpose-pour-la-troisieme-fois\/\"},\"wordCount\":549,\"commentCount\":0,\"publisher\":{\"@id\":\"https:\/\/dicodusport.fr\/blog\/#organization\"},\"image\":{\"@id\":\"https:\/\/dicodusport.fr\/blog\/grand-prix-de-quebec-2024-michael-matthews-simpose-pour-la-troisieme-fois\/#primaryimage\"},\"thumbnailUrl\":\"https:\/\/dicodusport.fr\/blog\/wp-content\/uploads\/2024\/09\/Grand-Prix-de-Quebec-2024-Michael-Matthews-simpose-pour-la-troisieme-fois-1.png\",\"keywords\":[\"br\u00e8ve\",\"Cyclisme\",\"Grand Prix Cycliste de Qu\u00e9bec\",\"Grand Prix de Qu\u00e9bec\",\"sport\"],\"articleSection\":[\"Cyclisme sur route\"],\"inLanguage\":\"fr-FR\",\"potentialAction\":[{\"@type\":\"CommentAction\",\"name\":\"Comment\",\"target\":[\"https:\/\/dicodusport.fr\/blog\/grand-prix-de-quebec-2024-michael-matthews-simpose-pour-la-troisieme-fois\/#respond\"]}],\"copyrightYear\":\"2024\",\"copyrightHolder\":{\"@id\":\"https:\/\/dicodusport.fr\/blog\/#organization\"}},{\"@type\":\"WebPage\",\"@id\":\"https:\/\/dicodusport.fr\/blog\/grand-prix-de-quebec-2024-michael-matthews-simpose-pour-la-troisieme-fois\/\",\"url\":\"https:\/\/dicodusport.fr\/blog\/grand-prix-de-quebec-2024-michael-matthews-simpose-pour-la-troisieme-fois\/\",\"name\":\"Grand Prix de Qu\u00e9bec 2024 : Michael Matthews s'impose pour la troisi\u00e8me fois\",\"isPartOf\":{\"@id\":\"https:\/\/dicodusport.fr\/blog\/#website\"},\"primaryImageOfPage\":{\"@id\":\"https:\/\/dicodusport.fr\/blog\/grand-prix-de-quebec-2024-michael-matthews-simpose-pour-la-troisieme-fois\/#primaryimage\"},\"image\":{\"@id\":\"https:\/\/dicodusport.fr\/blog\/grand-prix-de-quebec-2024-michael-matthews-simpose-pour-la-troisieme-fois\/#primaryimage\"},\"thumbnailUrl\":\"https:\/\/dicodusport.fr\/blog\/wp-content\/uploads\/2024\/09\/Grand-Prix-de-Quebec-2024-Michael-Matthews-simpose-pour-la-troisieme-fois-1.png\",\"datePublished\":\"2024-09-13T19:52:41+00:00\",\"dateModified\":\"2024-09-13T20:28:30+00:00\",\"description\":\"GRAND PRIX DE QU\u00c9BEC 2024 - Michael Matthews (Team Jayco AlUla) s'est impos\u00e9 sur la 13\u00e8me \u00e9dition du Grand Prix Cycliste de Qu\u00e9bec, vendredi.\u00a0\",\"breadcrumb\":{\"@id\":\"https:\/\/dicodusport.fr\/blog\/grand-prix-de-quebec-2024-michael-matthews-simpose-pour-la-troisieme-fois\/#breadcrumb\"},\"inLanguage\":\"fr-FR\",\"potentialAction\":[{\"@type\":\"ReadAction\",\"target\":[\"https:\/\/dicodusport.fr\/blog\/grand-prix-de-quebec-2024-michael-matthews-simpose-pour-la-troisieme-fois\/\"]}]},{\"@type\":\"ImageObject\",\"inLanguage\":\"fr-FR\",\"@id\":\"https:\/\/dicodusport.fr\/blog\/grand-prix-de-quebec-2024-michael-matthews-simpose-pour-la-troisieme-fois\/#primaryimage\",\"url\":\"https:\/\/dicodusport.fr\/blog\/wp-content\/uploads\/2024\/09\/Grand-Prix-de-Quebec-2024-Michael-Matthews-simpose-pour-la-troisieme-fois-1.png\",\"contentUrl\":\"https:\/\/dicodusport.fr\/blog\/wp-content\/uploads\/2024\/09\/Grand-Prix-de-Quebec-2024-Michael-Matthews-simpose-pour-la-troisieme-fois-1.png\",\"width\":1200,\"height\":674,\"caption\":\"Grand Prix de Qu\u00e9bec 2024 Michael Matthews s'impose pour la troisi\u00e8me fois (1)\"},{\"@type\":\"BreadcrumbList\",\"@id\":\"https:\/\/dicodusport.fr\/blog\/grand-prix-de-quebec-2024-michael-matthews-simpose-pour-la-troisieme-fois\/#breadcrumb\",\"itemListElement\":[{\"@type\":\"ListItem\",\"position\":1,\"name\":\"Accueil\",\"item\":\"https:\/\/dicodusport.fr\/blog\/\"},{\"@type\":\"ListItem\",\"position\":2,\"name\":\"Grand Prix de Qu\u00e9bec 2024 : Michael Matthews s&#8217;impose pour la troisi\u00e8me fois\"}]},{\"@type\":\"WebSite\",\"@id\":\"https:\/\/dicodusport.fr\/blog\/#website\",\"url\":\"https:\/\/dicodusport.fr\/blog\/\",\"name\":\"Dicodusport\",\"description\":\"L&#039;encyclop\u00e9die de l&#039;actualit\u00e9 sportive\",\"publisher\":{\"@id\":\"https:\/\/dicodusport.fr\/blog\/#organization\"},\"potentialAction\":[{\"@type\":\"SearchAction\",\"target\":{\"@type\":\"EntryPoint\",\"urlTemplate\":\"https:\/\/dicodusport.fr\/blog\/?s={search_term_string}\"},\"query-input\":{\"@type\":\"PropertyValueSpecification\",\"valueRequired\":true,\"valueName\":\"search_term_string\"}}],\"inLanguage\":\"fr-FR\"},{\"@type\":\"NewsMediaOrganization\",\"@id\":\"https:\/\/dicodusport.fr\/blog\/#organization\",\"name\":\"Dicodusport\",\"url\":\"https:\/\/dicodusport.fr\/blog\/\",\"logo\":{\"@type\":\"ImageObject\",\"inLanguage\":\"fr-FR\",\"@id\":\"https:\/\/dicodusport.fr\/blog\/#\/schema\/logo\/image\/\",\"url\":\"https:\/\/dicodusport.fr\/blog\/wp-content\/uploads\/2020\/06\/cropped-LOGO-DICODUSPORT-2020-SANS-FOND-SANS-TEXTE.png\",\"contentUrl\":\"https:\/\/dicodusport.fr\/blog\/wp-content\/uploads\/2020\/06\/cropped-LOGO-DICODUSPORT-2020-SANS-FOND-SANS-TEXTE.png\",\"width\":512,\"height\":512,\"caption\":\"Dicodusport\"},\"image\":{\"@id\":\"https:\/\/dicodusport.fr\/blog\/#\/schema\/logo\/image\/\"},\"sameAs\":[\"https:\/\/www.facebook.com\/dicodusport\",\"https:\/\/x.com\/dicodusport\",\"https:\/\/www.instagram.com\/dicodusport\/\",\"https:\/\/www.youtube.com\/channel\/UC7V2KZ5sd3htJivAbA4ZG3w\"],\"description\":\"Dicodusport est l'encyclop\u00e9die de l'actualit\u00e9 sportive.\",\"email\":\"bonjour@dicodusport.fr\",\"legalName\":\"DICODUSPORT\",\"foundingDate\":\"2018-01-14\",\"vatID\":\"FR71834470973\",\"taxID\":\"83447097300043\",\"numberOfEmployees\":{\"@type\":\"QuantitativeValue\",\"minValue\":\"1\",\"maxValue\":\"10\"}},{\"@type\":\"Person\",\"@id\":\"https:\/\/dicodusport.fr\/blog\/#\/schema\/person\/6db4bae06b171592211be385b32876a7\",\"name\":\"Emilien Descampiaux\",\"image\":{\"@type\":\"ImageObject\",\"inLanguage\":\"fr-FR\",\"@id\":\"https:\/\/dicodusport.fr\/blog\/#\/schema\/person\/image\/\",\"url\":\"https:\/\/dicodusport.fr\/blog\/wp-content\/uploads\/2021\/05\/Emilien-Descampiaux-150x150.jpg\",\"contentUrl\":\"https:\/\/dicodusport.fr\/blog\/wp-content\/uploads\/2021\/05\/Emilien-Descampiaux-150x150.jpg\",\"caption\":\"Emilien Descampiaux\"},\"description\":\"Journaliste\/r\u00e9dacteur depuis 2014 - Fan de la classe de Frank Vandenbroucke, je vis cyclisme (et de ses paysages) depuis plus de 20 ans. Je suis tr\u00e8s impliqu\u00e9 sur mes diff\u00e9rents r\u00e9seaux sociaux pour partager ma passion sur le monde et l'Histoire de la bicyclette avec ma voix sur les images en noir et blanc du succ\u00e8s de Rik Van Steenbergen lors du Ronde sur le V\u00e9lodrome de Gand.\",\"sameAs\":[\"https:\/\/www.facebook.com\/groups\/LesRoisDuPeloton\",\"https:\/\/x.com\/https:\/\/twitter.com\/LRoisDuPeloton\"],\"url\":\"https:\/\/dicodusport.fr\/blog\/author\/emiliend\/\"}]}<\/script>\n<!-- \/ Yoast SEO Premium plugin. -->","yoast_head_json":{"title":"Grand Prix de Qu\u00e9bec 2024 : Michael Matthews s'impose pour la troisi\u00e8me fois","description":"GRAND PRIX DE QU\u00c9BEC 2024 - Michael Matthews (Team Jayco AlUla) s'est impos\u00e9 sur la 13\u00e8me \u00e9dition du Grand Prix Cycliste de Qu\u00e9bec, vendredi.\u00a0","robots":{"index":"index","follow":"follow","max-snippet":"max-snippet:-1","max-image-preview":"max-image-preview:large","max-video-preview":"max-video-preview:-1"},"canonical":"https:\/\/dicodusport.fr\/blog\/grand-prix-de-quebec-2024-michael-matthews-simpose-pour-la-troisieme-fois\/","og_locale":"fr_FR","og_type":"article","og_title":"Grand Prix de Qu\u00e9bec 2024 : Michael Matthews s'impose pour la troisi\u00e8me fois","og_description":"GRAND PRIX DE QU\u00c9BEC 2024 - Michael Matthews (Team Jayco AlUla) s'est impos\u00e9 sur la 13\u00e8me \u00e9dition du Grand Prix Cycliste de Qu\u00e9bec, vendredi.\u00a0","og_url":"https:\/\/dicodusport.fr\/blog\/grand-prix-de-quebec-2024-michael-matthews-simpose-pour-la-troisieme-fois\/","og_site_name":"Dicodusport","article_publisher":"https:\/\/www.facebook.com\/dicodusport","article_author":"https:\/\/www.facebook.com\/groups\/LesRoisDuPeloton","article_published_time":"2024-09-13T19:52:41+00:00","article_modified_time":"2024-09-13T20:28:30+00:00","og_image":[{"width":1200,"height":674,"url":"https:\/\/dicodusport.fr\/blog\/wp-content\/uploads\/2024\/09\/Grand-Prix-de-Quebec-2024-Michael-Matthews-simpose-pour-la-troisieme-fois-1.png","type":"image\/png"}],"author":"Emilien Descampiaux","twitter_card":"summary_large_image","twitter_title":"Grand Prix de Qu\u00e9bec 2024 : Michael Matthews s'impose pour la troisi\u00e8me fois","twitter_creator":"@https:\/\/twitter.com\/LRoisDuPeloton","twitter_site":"@dicodusport","schema":{"@context":"https:\/\/schema.org","@graph":[{"@type":"NewsArticle","@id":"https:\/\/dicodusport.fr\/blog\/grand-prix-de-quebec-2024-michael-matthews-simpose-pour-la-troisieme-fois\/#article","isPartOf":{"@id":"https:\/\/dicodusport.fr\/blog\/grand-prix-de-quebec-2024-michael-matthews-simpose-pour-la-troisieme-fois\/"},"author":{"name":"Emilien Descampiaux","@id":"https:\/\/dicodusport.fr\/blog\/#\/schema\/person\/6db4bae06b171592211be385b32876a7"},"headline":"Grand Prix de Qu\u00e9bec 2024 : Michael Matthews s&rsquo;impose pour la troisi\u00e8me fois","datePublished":"2024-09-13T19:52:41+00:00","dateModified":"2024-09-13T20:28:30+00:00","mainEntityOfPage":{"@id":"https:\/\/dicodusport.fr\/blog\/grand-prix-de-quebec-2024-michael-matthews-simpose-pour-la-troisieme-fois\/"},"wordCount":549,"commentCount":0,"publisher":{"@id":"https:\/\/dicodusport.fr\/blog\/#organization"},"image":{"@id":"https:\/\/dicodusport.fr\/blog\/grand-prix-de-quebec-2024-michael-matthews-simpose-pour-la-troisieme-fois\/#primaryimage"},"thumbnailUrl":"https:\/\/dicodusport.fr\/blog\/wp-content\/uploads\/2024\/09\/Grand-Prix-de-Quebec-2024-Michael-Matthews-simpose-pour-la-troisieme-fois-1.png","keywords":["br\u00e8ve","Cyclisme","Grand Prix Cycliste de Qu\u00e9bec","Grand Prix de Qu\u00e9bec","sport"],"articleSection":["Cyclisme sur route"],"inLanguage":"fr-FR","potentialAction":[{"@type":"CommentAction","name":"Comment","target":["https:\/\/dicodusport.fr\/blog\/grand-prix-de-quebec-2024-michael-matthews-simpose-pour-la-troisieme-fois\/#respond"]}],"copyrightYear":"2024","copyrightHolder":{"@id":"https:\/\/dicodusport.fr\/blog\/#organization"}},{"@type":"WebPage","@id":"https:\/\/dicodusport.fr\/blog\/grand-prix-de-quebec-2024-michael-matthews-simpose-pour-la-troisieme-fois\/","url":"https:\/\/dicodusport.fr\/blog\/grand-prix-de-quebec-2024-michael-matthews-simpose-pour-la-troisieme-fois\/","name":"Grand Prix de Qu\u00e9bec 2024 : Michael Matthews s'impose pour la troisi\u00e8me fois","isPartOf":{"@id":"https:\/\/dicodusport.fr\/blog\/#website"},"primaryImageOfPage":{"@id":"https:\/\/dicodusport.fr\/blog\/grand-prix-de-quebec-2024-michael-matthews-simpose-pour-la-troisieme-fois\/#primaryimage"},"image":{"@id":"https:\/\/dicodusport.fr\/blog\/grand-prix-de-quebec-2024-michael-matthews-simpose-pour-la-troisieme-fois\/#primaryimage"},"thumbnailUrl":"https:\/\/dicodusport.fr\/blog\/wp-content\/uploads\/2024\/09\/Grand-Prix-de-Quebec-2024-Michael-Matthews-simpose-pour-la-troisieme-fois-1.png","datePublished":"2024-09-13T19:52:41+00:00","dateModified":"2024-09-13T20:28:30+00:00","description":"GRAND PRIX DE QU\u00c9BEC 2024 - Michael Matthews (Team Jayco AlUla) s'est impos\u00e9 sur la 13\u00e8me \u00e9dition du Grand Prix Cycliste de Qu\u00e9bec, vendredi.\u00a0","breadcrumb":{"@id":"https:\/\/dicodusport.fr\/blog\/grand-prix-de-quebec-2024-michael-matthews-simpose-pour-la-troisieme-fois\/#breadcrumb"},"inLanguage":"fr-FR","potentialAction":[{"@type":"ReadAction","target":["https:\/\/dicodusport.fr\/blog\/grand-prix-de-quebec-2024-michael-matthews-simpose-pour-la-troisieme-fois\/"]}]},{"@type":"ImageObject","inLanguage":"fr-FR","@id":"https:\/\/dicodusport.fr\/blog\/grand-prix-de-quebec-2024-michael-matthews-simpose-pour-la-troisieme-fois\/#primaryimage","url":"https:\/\/dicodusport.fr\/blog\/wp-content\/uploads\/2024\/09\/Grand-Prix-de-Quebec-2024-Michael-Matthews-simpose-pour-la-troisieme-fois-1.png","contentUrl":"https:\/\/dicodusport.fr\/blog\/wp-content\/uploads\/2024\/09\/Grand-Prix-de-Quebec-2024-Michael-Matthews-simpose-pour-la-troisieme-fois-1.png","width":1200,"height":674,"caption":"Grand Prix de Qu\u00e9bec 2024 Michael Matthews s'impose pour la troisi\u00e8me fois (1)"},{"@type":"BreadcrumbList","@id":"https:\/\/dicodusport.fr\/blog\/grand-prix-de-quebec-2024-michael-matthews-simpose-pour-la-troisieme-fois\/#breadcrumb","itemListElement":[{"@type":"ListItem","position":1,"name":"Accueil","item":"https:\/\/dicodusport.fr\/blog\/"},{"@type":"ListItem","position":2,"name":"Grand Prix de Qu\u00e9bec 2024 : Michael Matthews s&#8217;impose pour la troisi\u00e8me fois"}]},{"@type":"WebSite","@id":"https:\/\/dicodusport.fr\/blog\/#website","url":"https:\/\/dicodusport.fr\/blog\/","name":"Dicodusport","description":"L&#039;encyclop\u00e9die de l&#039;actualit\u00e9 sportive","publisher":{"@id":"https:\/\/dicodusport.fr\/blog\/#organization"},"potentialAction":[{"@type":"SearchAction","target":{"@type":"EntryPoint","urlTemplate":"https:\/\/dicodusport.fr\/blog\/?s={search_term_string}"},"query-input":{"@type":"PropertyValueSpecification","valueRequired":true,"valueName":"search_term_string"}}],"inLanguage":"fr-FR"},{"@type":"NewsMediaOrganization","@id":"https:\/\/dicodusport.fr\/blog\/#organization","name":"Dicodusport","url":"https:\/\/dicodusport.fr\/blog\/","logo":{"@type":"ImageObject","inLanguage":"fr-FR","@id":"https:\/\/dicodusport.fr\/blog\/#\/schema\/logo\/image\/","url":"https:\/\/dicodusport.fr\/blog\/wp-content\/uploads\/2020\/06\/cropped-LOGO-DICODUSPORT-2020-SANS-FOND-SANS-TEXTE.png","contentUrl":"https:\/\/dicodusport.fr\/blog\/wp-content\/uploads\/2020\/06\/cropped-LOGO-DICODUSPORT-2020-SANS-FOND-SANS-TEXTE.png","width":512,"height":512,"caption":"Dicodusport"},"image":{"@id":"https:\/\/dicodusport.fr\/blog\/#\/schema\/logo\/image\/"},"sameAs":["https:\/\/www.facebook.com\/dicodusport","https:\/\/x.com\/dicodusport","https:\/\/www.instagram.com\/dicodusport\/","https:\/\/www.youtube.com\/channel\/UC7V2KZ5sd3htJivAbA4ZG3w"],"description":"Dicodusport est l'encyclop\u00e9die de l'actualit\u00e9 sportive.","email":"bonjour@dicodusport.fr","legalName":"DICODUSPORT","foundingDate":"2018-01-14","vatID":"FR71834470973","taxID":"83447097300043","numberOfEmployees":{"@type":"QuantitativeValue","minValue":"1","maxValue":"10"}},{"@type":"Person","@id":"https:\/\/dicodusport.fr\/blog\/#\/schema\/person\/6db4bae06b171592211be385b32876a7","name":"Emilien Descampiaux","image":{"@type":"ImageObject","inLanguage":"fr-FR","@id":"https:\/\/dicodusport.fr\/blog\/#\/schema\/person\/image\/","url":"https:\/\/dicodusport.fr\/blog\/wp-content\/uploads\/2021\/05\/Emilien-Descampiaux-150x150.jpg","contentUrl":"https:\/\/dicodusport.fr\/blog\/wp-content\/uploads\/2021\/05\/Emilien-Descampiaux-150x150.jpg","caption":"Emilien Descampiaux"},"description":"Journaliste\/r\u00e9dacteur depuis 2014 - Fan de la classe de Frank Vandenbroucke, je vis cyclisme (et de ses paysages) depuis plus de 20 ans. Je suis tr\u00e8s impliqu\u00e9 sur mes diff\u00e9rents r\u00e9seaux sociaux pour partager ma passion sur le monde et l'Histoire de la bicyclette avec ma voix sur les images en noir et blanc du succ\u00e8s de Rik Van Steenbergen lors du Ronde sur le V\u00e9lodrome de Gand.","sameAs":["https:\/\/www.facebook.com\/groups\/LesRoisDuPeloton","https:\/\/x.com\/https:\/\/twitter.com\/LRoisDuPeloton"],"url":"https:\/\/dicodusport.fr\/blog\/author\/emiliend\/"}]}},"_links":{"self":[{"href":"https:\/\/dicodusport.fr\/blog\/wp-json\/wp\/v2\/posts\/520088","targetHints":{"allow":["GET"]}}],"collection":[{"href":"https:\/\/dicodusport.fr\/blog\/wp-json\/wp\/v2\/posts"}],"about":[{"href":"https:\/\/dicodusport.fr\/blog\/wp-json\/wp\/v2\/types\/post"}],"author":[{"embeddable":true,"href":"https:\/\/dicodusport.fr\/blog\/wp-json\/wp\/v2\/users\/48"}],"replies":[{"embeddable":true,"href":"https:\/\/dicodusport.fr\/blog\/wp-json\/wp\/v2\/comments?post=520088"}],"version-history":[{"count":6,"href":"https:\/\/dicodusport.fr\/blog\/wp-json\/wp\/v2\/posts\/520088\/revisions"}],"predecessor-version":[{"id":520151,"href":"https:\/\/dicodusport.fr\/blog\/wp-json\/wp\/v2\/posts\/520088\/revisions\/520151"}],"wp:featuredmedia":[{"embeddable":true,"href":"https:\/\/dicodusport.fr\/blog\/wp-json\/wp\/v2\/media\/520149"}],"wp:attachment":[{"href":"https:\/\/dicodusport.fr\/blog\/wp-json\/wp\/v2\/media?parent=520088"}],"wp:term":[{"taxonomy":"category","embeddable":true,"href":"https:\/\/dicodusport.fr\/blog\/wp-json\/wp\/v2\/categories?post=520088"},{"taxonomy":"post_tag","embeddable":true,"href":"https:\/\/dicodusport.fr\/blog\/wp-json\/wp\/v2\/tags?post=520088"}],"curies":[{"name":"wp","href":"https:\/\/api.w.org\/{rel}","templated":true}]}}