{"id":520743,"date":"2024-09-15T21:49:37","date_gmt":"2024-09-15T19:49:37","guid":{"rendered":"https:\/\/dicodusport.fr\/blog\/?p=520743&#038;preview=true&#038;preview_id=520743"},"modified":"2024-09-15T23:26:44","modified_gmt":"2024-09-15T21:26:44","slug":"grand-prix-cycliste-montreal-2024-tadej-pogacar-simpose-pour-la-deuxieme-fois-alaphilippe-3eme","status":"publish","type":"post","link":"https:\/\/dicodusport.fr\/blog\/grand-prix-cycliste-montreal-2024-tadej-pogacar-simpose-pour-la-deuxieme-fois-alaphilippe-3eme\/","title":{"rendered":"Grand Prix Cycliste Montr\u00e9al 2024 : Tadej Pogacar s&rsquo;impose pour la deuxi\u00e8me fois, Alaphilippe 3\u00e8me"},"content":{"rendered":"<p style=\"text-align: justify;\"><em><strong>GRAND PRIX CYCLISTE MONTR\u00c9AL 2024 &#8211; <\/strong><\/em><em><strong><span class=\"tojvnm2t a6sixzi8 abs2jz4q a8s20v7p t1p8iaqh k5wvi7nf q3lfd5jv pk4s997a bipmatt0 cebpdrjk qowsmv63 owwhemhu dp1hu0rb dhp61c6y iyyx5f41\"><span class=\"f7rl1if4 adechonz f6oz4yja dahkl6ri axrg9lpx rufpak1n qtovjlwq qbmienfq rfyhaz4c rdmi1yqr ohrdq8us nswx41af fawcizw8 l1aqi3e3 sdu1flz4\">Deux jours apr\u00e8s <a href=\"https:\/\/dicodusport.fr\/blog\/grand-prix-de-quebec-2024-michael-matthews-simpose-pour-la-troisieme-fois\/\">le Grand Prix de Qu\u00e9bec remport\u00e9 pour la troisi\u00e8me fois par Michael Matthews<\/a>, Tadej Poga\u010dar (UAE Team Emirates) a enlev\u00e9 la 13\u00e8me \u00e9dition du Grand Prix Cycliste Montr\u00e9al, dimanche.\u00a0<\/span><\/span><\/strong><\/em><\/p>\n<ul>\n<li style=\"text-align: justify;\"><strong>\u00c0 lire aussi &#8211; <a href=\"https:\/\/dicodusport.fr\/blog\/classement-grand-prix-cycliste-de-montreal-2024\/\">Le classement du Grand Prix Cycliste Montr\u00e9al<\/a>\u00a0<\/strong><\/li>\n<\/ul>\n<p style=\"text-align: justify;\">D&rsquo;abord, <strong>Gil Gelders<\/strong> (Soudal Quick-Step), <strong>Michael Leonard<\/strong> (INEOS Grenadiers) et <strong>Dries De Bondt<\/strong> (Decathlon AG2r La Mondiale) ont form\u00e9 l&rsquo;\u00e9chapp\u00e9e matinale, d\u00e8s les premiers kilom\u00e8tres de course. L&rsquo;avance des attaquants est mont\u00e9e jusqu&rsquo;\u00e0 5 minutes 30, apr\u00e8s 40 kilom\u00e8tres de course.<\/p>\n<p style=\"text-align: justify;\">Puis, le rouleau-compresseur de l&rsquo;\u00e9quipe UAE Team Emirates s&rsquo;est mis progressivement en marche. Devant, <strong>Gil Gelders<\/strong> (Soudal Quick-Step) a l\u00e2ch\u00e9 ses compagnons de fugue avant d&rsquo;\u00eatre rejoint par <strong>Matej Mohoric<\/strong> (Bahrain Victorious). Mais, ce duo a \u00e9t\u00e9 aval\u00e9 par un peloton d&rsquo;une soixante de coureurs \u00e0 36 kilom\u00e8tres du terme.<\/p>\n<h2 style=\"text-align: justify;\">UAE Team Emirates lessive le peloton avant l&rsquo;attaque de Pogacar<\/h2>\n<p style=\"text-align: justify;\">Apr\u00e8s un gros travail de <strong>Tim Wellens<\/strong>, <strong>Domen Novak<\/strong> et <strong>Rafal Majka<\/strong> (UAE Team Emirates),<strong> Tadej Poga\u010dar<\/strong> a attaqu\u00e9 dans la C\u00f4te de Camillien Houde, \u00e0 23 kilom\u00e8tres de l&rsquo;arriv\u00e9e. Derri\u00e8re, on s&rsquo;est rapidement avou\u00e9 vaincu et aucune des \u00e9quipes en sup\u00e9riorit\u00e9 num\u00e9rique n&rsquo;a sacrifi\u00e9 de coureurs dans la poursuite derri\u00e8re le triple vainqueur du Tour de France, comme la Visma Lease a Bike et la Lidl-Trek.<\/p>\n<p style=\"text-align: justify;\">Par la suite, <strong>Pello Bilbao<\/strong> (Bahrain Victorious), <strong>Julian Alaphilippe<\/strong> (Soudal Quick-Step), <strong>Alex Aranburu<\/strong> (Movistar) et <strong>Bart Lemmen<\/strong> (Visma Lease a Bike) sont sortis en contre. Le coureur basque a profit\u00e9 de la C\u00f4te de Camillien Houde, dans le dernier tour, pour l\u00e2cher ses trois compagnons de chasse pour aller chercher la deuxi\u00e8me place.<\/p>\n<p style=\"text-align: justify;\">Enfin, <strong>Tadej Pogacar<\/strong> (UAE Team Emirates) s&rsquo;est impos\u00e9 pour la 85e fois de sa carri\u00e8re avec 24 secondes d&rsquo;avance sur <strong>Pello Bilbao<\/strong> (Bahrain Victorious). Pour la troisi\u00e8me place, <strong>Julian Alaphilippe<\/strong> (Soudal Quick-Step) s&rsquo;est arrach\u00e9 au sprint pour prendre le meilleur sur <strong>Maxim Van Gils<\/strong> (Lotto Dstny) et <strong>Ion Izagirre<\/strong> (Cofidis).<\/p>\n<blockquote class=\"twitter-tweet\">\n<p dir=\"ltr\" lang=\"fr\">\ud83e\udd2f\ud83d\udd25 \ud835\udde3\ud835\uddfc\ud835\uddf4\ud835\uddee\ud835\uddf0\ud835\uddee\ud835\uddff \ud835\ude00&rsquo;\ud835\uddf6\ud835\uddfa\ud835\uddfd\ud835\uddfc\ud835\ude00\ud835\uddf2 \ud835\uddf2\ud835\uddfb \ud835\ude00\ud835\uddfc\ud835\uddf9\ud835\uddf6\ud835\ude01\ud835\uddee\ud835\uddf6\ud835\uddff\ud835\uddf2 \ud835\uddee\u0300 \ud835\udde0\ud835\uddfc\ud835\uddfb\ud835\ude01\ud835\uddff\ud835\uddf2\u0301\ud835\uddee\ud835\uddf9 !<\/p>\n<p>Aucun coureur n&rsquo;a pu r\u00e9pondre au d\u00e9marrage du Slov\u00e8ne, qui s&rsquo;offre sa 21\u00e8me victoire cette saison !<a href=\"https:\/\/twitter.com\/hashtag\/LesRP?src=hash&amp;ref_src=twsrc%5Etfw\">#LesRP<\/a> <a href=\"https:\/\/twitter.com\/hashtag\/GPCQM?src=hash&amp;ref_src=twsrc%5Etfw\">#GPCQM<\/a> <a href=\"https:\/\/twitter.com\/hashtag\/GPMontreal?src=hash&amp;ref_src=twsrc%5Etfw\">#GPMontreal<\/a> <a href=\"https:\/\/t.co\/7LTcBqCm35\">pic.twitter.com\/7LTcBqCm35<\/a><\/p>\n<p>\u2014 Eurosport France (@Eurosport_FR) <a href=\"https:\/\/twitter.com\/Eurosport_FR\/status\/1835405126623764684?ref_src=twsrc%5Etfw\">September 15, 2024<\/a><\/p><\/blockquote>\n<p><script async src=\"https:\/\/platform.twitter.com\/widgets.js\" charset=\"utf-8\"><\/script><\/p>\n","protected":false},"excerpt":{"rendered":"<p>Tadej Pogacar s&rsquo;impose pour la deuxi\u00e8me fois, Alaphilippe 3\u00e8me<\/p>\n","protected":false},"author":48,"featured_media":520810,"comment_status":"open","ping_status":"closed","sticky":false,"template":"","format":"standard","meta":{"_acf_changed":false,"_daextam_enable_autolinks":"1","footnotes":""},"categories":[46994],"tags":[16878,574,26290,24],"class_list":["post-520743","post","type-post","status-publish","format-standard","has-post-thumbnail","hentry","category-cyclisme-sur-route","tag-breve","tag-cyclisme","tag-grand-prix-cycliste-de-montreal","tag-sport"],"acf":[],"yoast_head":"<!-- This site is optimized with the Yoast SEO Premium plugin v26.7 (Yoast SEO v26.7) - https:\/\/yoast.com\/wordpress\/plugins\/seo\/ -->\n<title>Grand Prix Cycliste Montr\u00e9al 2024 : Tadej Pogacar s&#039;impose pour la deuxi\u00e8me fois, Alaphilippe 3\u00e8me<\/title>\n<meta name=\"description\" content=\"GRAND PRIX CYCLISTE MONTR\u00c9AL 2024 - Tadej Pogacar (UAE Team Emirates) a remport\u00e9 la 13\u00e8me \u00e9dition du Grand Prix Cycliste Montr\u00e9al, dimanche.\u00a0\" \/>\n<meta name=\"robots\" content=\"index, follow, max-snippet:-1, max-image-preview:large, max-video-preview:-1\" \/>\n<link rel=\"canonical\" href=\"https:\/\/dicodusport.fr\/blog\/grand-prix-cycliste-montreal-2024-tadej-pogacar-simpose-pour-la-deuxieme-fois-alaphilippe-3eme\/\" \/>\n<meta property=\"og:locale\" content=\"fr_FR\" \/>\n<meta property=\"og:type\" content=\"article\" \/>\n<meta property=\"og:title\" content=\"Grand Prix Cycliste Montr\u00e9al 2024 : Tadej Pogacar s&#039;impose pour la deuxi\u00e8me fois, Alaphilippe 3\u00e8me\" \/>\n<meta property=\"og:description\" content=\"GRAND PRIX CYCLISTE MONTR\u00c9AL 2024 - Tadej Pogacar (UAE Team Emirates) a remport\u00e9 la 13\u00e8me \u00e9dition du Grand Prix Cycliste Montr\u00e9al, dimanche.\u00a0\" \/>\n<meta property=\"og:url\" content=\"https:\/\/dicodusport.fr\/blog\/grand-prix-cycliste-montreal-2024-tadej-pogacar-simpose-pour-la-deuxieme-fois-alaphilippe-3eme\/\" \/>\n<meta property=\"og:site_name\" content=\"Dicodusport\" \/>\n<meta property=\"article:publisher\" content=\"https:\/\/www.facebook.com\/dicodusport\" \/>\n<meta property=\"article:author\" content=\"https:\/\/www.facebook.com\/groups\/LesRoisDuPeloton\" \/>\n<meta property=\"article:published_time\" content=\"2024-09-15T19:49:37+00:00\" \/>\n<meta property=\"article:modified_time\" content=\"2024-09-15T21:26:44+00:00\" \/>\n<meta property=\"og:image\" content=\"https:\/\/dicodusport.fr\/blog\/wp-content\/uploads\/2024\/09\/Grand-Prix-Cycliste-Montreal-2024-Tadej-Pogacar-simpose-pour-la-deuxieme-fois-Alaphilippe-3eme-2.png\" \/>\n\t<meta property=\"og:image:width\" content=\"1200\" \/>\n\t<meta property=\"og:image:height\" content=\"674\" \/>\n\t<meta property=\"og:image:type\" content=\"image\/png\" \/>\n<meta name=\"author\" content=\"Emilien Descampiaux\" \/>\n<meta name=\"twitter:card\" content=\"summary_large_image\" \/>\n<meta name=\"twitter:title\" content=\"Grand Prix Cycliste Montr\u00e9al 2024 : Tadej Pogacar s&#039;impose pour la deuxi\u00e8me fois, Alaphilippe 3\u00e8me\" \/>\n<meta name=\"twitter:creator\" content=\"@https:\/\/twitter.com\/LRoisDuPeloton\" \/>\n<meta name=\"twitter:site\" content=\"@dicodusport\" \/>\n<script type=\"application\/ld+json\" class=\"yoast-schema-graph\">{\"@context\":\"https:\/\/schema.org\",\"@graph\":[{\"@type\":\"NewsArticle\",\"@id\":\"https:\/\/dicodusport.fr\/blog\/grand-prix-cycliste-montreal-2024-tadej-pogacar-simpose-pour-la-deuxieme-fois-alaphilippe-3eme\/#article\",\"isPartOf\":{\"@id\":\"https:\/\/dicodusport.fr\/blog\/grand-prix-cycliste-montreal-2024-tadej-pogacar-simpose-pour-la-deuxieme-fois-alaphilippe-3eme\/\"},\"author\":{\"name\":\"Emilien Descampiaux\",\"@id\":\"https:\/\/dicodusport.fr\/blog\/#\/schema\/person\/6db4bae06b171592211be385b32876a7\"},\"headline\":\"Grand Prix Cycliste Montr\u00e9al 2024 : Tadej Pogacar s&rsquo;impose pour la deuxi\u00e8me fois, Alaphilippe 3\u00e8me\",\"datePublished\":\"2024-09-15T19:49:37+00:00\",\"dateModified\":\"2024-09-15T21:26:44+00:00\",\"mainEntityOfPage\":{\"@id\":\"https:\/\/dicodusport.fr\/blog\/grand-prix-cycliste-montreal-2024-tadej-pogacar-simpose-pour-la-deuxieme-fois-alaphilippe-3eme\/\"},\"wordCount\":403,\"commentCount\":0,\"publisher\":{\"@id\":\"https:\/\/dicodusport.fr\/blog\/#organization\"},\"image\":{\"@id\":\"https:\/\/dicodusport.fr\/blog\/grand-prix-cycliste-montreal-2024-tadej-pogacar-simpose-pour-la-deuxieme-fois-alaphilippe-3eme\/#primaryimage\"},\"thumbnailUrl\":\"https:\/\/dicodusport.fr\/blog\/wp-content\/uploads\/2024\/09\/Grand-Prix-Cycliste-Montreal-2024-Tadej-Pogacar-simpose-pour-la-deuxieme-fois-Alaphilippe-3eme-2.png\",\"keywords\":[\"br\u00e8ve\",\"Cyclisme\",\"Grand Prix Cycliste de Montr\u00e9al\",\"sport\"],\"articleSection\":[\"Cyclisme sur route\"],\"inLanguage\":\"fr-FR\",\"potentialAction\":[{\"@type\":\"CommentAction\",\"name\":\"Comment\",\"target\":[\"https:\/\/dicodusport.fr\/blog\/grand-prix-cycliste-montreal-2024-tadej-pogacar-simpose-pour-la-deuxieme-fois-alaphilippe-3eme\/#respond\"]}],\"copyrightYear\":\"2024\",\"copyrightHolder\":{\"@id\":\"https:\/\/dicodusport.fr\/blog\/#organization\"}},{\"@type\":\"WebPage\",\"@id\":\"https:\/\/dicodusport.fr\/blog\/grand-prix-cycliste-montreal-2024-tadej-pogacar-simpose-pour-la-deuxieme-fois-alaphilippe-3eme\/\",\"url\":\"https:\/\/dicodusport.fr\/blog\/grand-prix-cycliste-montreal-2024-tadej-pogacar-simpose-pour-la-deuxieme-fois-alaphilippe-3eme\/\",\"name\":\"Grand Prix Cycliste Montr\u00e9al 2024 : Tadej Pogacar s'impose pour la deuxi\u00e8me fois, Alaphilippe 3\u00e8me\",\"isPartOf\":{\"@id\":\"https:\/\/dicodusport.fr\/blog\/#website\"},\"primaryImageOfPage\":{\"@id\":\"https:\/\/dicodusport.fr\/blog\/grand-prix-cycliste-montreal-2024-tadej-pogacar-simpose-pour-la-deuxieme-fois-alaphilippe-3eme\/#primaryimage\"},\"image\":{\"@id\":\"https:\/\/dicodusport.fr\/blog\/grand-prix-cycliste-montreal-2024-tadej-pogacar-simpose-pour-la-deuxieme-fois-alaphilippe-3eme\/#primaryimage\"},\"thumbnailUrl\":\"https:\/\/dicodusport.fr\/blog\/wp-content\/uploads\/2024\/09\/Grand-Prix-Cycliste-Montreal-2024-Tadej-Pogacar-simpose-pour-la-deuxieme-fois-Alaphilippe-3eme-2.png\",\"datePublished\":\"2024-09-15T19:49:37+00:00\",\"dateModified\":\"2024-09-15T21:26:44+00:00\",\"description\":\"GRAND PRIX CYCLISTE MONTR\u00c9AL 2024 - Tadej Pogacar (UAE Team Emirates) a remport\u00e9 la 13\u00e8me \u00e9dition du Grand Prix Cycliste Montr\u00e9al, dimanche.\u00a0\",\"breadcrumb\":{\"@id\":\"https:\/\/dicodusport.fr\/blog\/grand-prix-cycliste-montreal-2024-tadej-pogacar-simpose-pour-la-deuxieme-fois-alaphilippe-3eme\/#breadcrumb\"},\"inLanguage\":\"fr-FR\",\"potentialAction\":[{\"@type\":\"ReadAction\",\"target\":[\"https:\/\/dicodusport.fr\/blog\/grand-prix-cycliste-montreal-2024-tadej-pogacar-simpose-pour-la-deuxieme-fois-alaphilippe-3eme\/\"]}]},{\"@type\":\"ImageObject\",\"inLanguage\":\"fr-FR\",\"@id\":\"https:\/\/dicodusport.fr\/blog\/grand-prix-cycliste-montreal-2024-tadej-pogacar-simpose-pour-la-deuxieme-fois-alaphilippe-3eme\/#primaryimage\",\"url\":\"https:\/\/dicodusport.fr\/blog\/wp-content\/uploads\/2024\/09\/Grand-Prix-Cycliste-Montreal-2024-Tadej-Pogacar-simpose-pour-la-deuxieme-fois-Alaphilippe-3eme-2.png\",\"contentUrl\":\"https:\/\/dicodusport.fr\/blog\/wp-content\/uploads\/2024\/09\/Grand-Prix-Cycliste-Montreal-2024-Tadej-Pogacar-simpose-pour-la-deuxieme-fois-Alaphilippe-3eme-2.png\",\"width\":1200,\"height\":674,\"caption\":\"Grand Prix Cycliste Montr\u00e9al 2024 Tadej Pogacar s'impose pour la deuxi\u00e8me fois, Alaphilippe 3\u00e8me (2)\"},{\"@type\":\"BreadcrumbList\",\"@id\":\"https:\/\/dicodusport.fr\/blog\/grand-prix-cycliste-montreal-2024-tadej-pogacar-simpose-pour-la-deuxieme-fois-alaphilippe-3eme\/#breadcrumb\",\"itemListElement\":[{\"@type\":\"ListItem\",\"position\":1,\"name\":\"Accueil\",\"item\":\"https:\/\/dicodusport.fr\/blog\/\"},{\"@type\":\"ListItem\",\"position\":2,\"name\":\"Grand Prix Cycliste Montr\u00e9al 2024 : Tadej Pogacar s&#8217;impose pour la deuxi\u00e8me fois, Alaphilippe 3\u00e8me\"}]},{\"@type\":\"WebSite\",\"@id\":\"https:\/\/dicodusport.fr\/blog\/#website\",\"url\":\"https:\/\/dicodusport.fr\/blog\/\",\"name\":\"Dicodusport\",\"description\":\"L&#039;encyclop\u00e9die de l&#039;actualit\u00e9 sportive\",\"publisher\":{\"@id\":\"https:\/\/dicodusport.fr\/blog\/#organization\"},\"potentialAction\":[{\"@type\":\"SearchAction\",\"target\":{\"@type\":\"EntryPoint\",\"urlTemplate\":\"https:\/\/dicodusport.fr\/blog\/?s={search_term_string}\"},\"query-input\":{\"@type\":\"PropertyValueSpecification\",\"valueRequired\":true,\"valueName\":\"search_term_string\"}}],\"inLanguage\":\"fr-FR\"},{\"@type\":\"NewsMediaOrganization\",\"@id\":\"https:\/\/dicodusport.fr\/blog\/#organization\",\"name\":\"Dicodusport\",\"url\":\"https:\/\/dicodusport.fr\/blog\/\",\"logo\":{\"@type\":\"ImageObject\",\"inLanguage\":\"fr-FR\",\"@id\":\"https:\/\/dicodusport.fr\/blog\/#\/schema\/logo\/image\/\",\"url\":\"https:\/\/dicodusport.fr\/blog\/wp-content\/uploads\/2020\/06\/cropped-LOGO-DICODUSPORT-2020-SANS-FOND-SANS-TEXTE.png\",\"contentUrl\":\"https:\/\/dicodusport.fr\/blog\/wp-content\/uploads\/2020\/06\/cropped-LOGO-DICODUSPORT-2020-SANS-FOND-SANS-TEXTE.png\",\"width\":512,\"height\":512,\"caption\":\"Dicodusport\"},\"image\":{\"@id\":\"https:\/\/dicodusport.fr\/blog\/#\/schema\/logo\/image\/\"},\"sameAs\":[\"https:\/\/www.facebook.com\/dicodusport\",\"https:\/\/x.com\/dicodusport\",\"https:\/\/www.instagram.com\/dicodusport\/\",\"https:\/\/www.youtube.com\/channel\/UC7V2KZ5sd3htJivAbA4ZG3w\"],\"description\":\"Dicodusport est l'encyclop\u00e9die de l'actualit\u00e9 sportive.\",\"email\":\"bonjour@dicodusport.fr\",\"legalName\":\"DICODUSPORT\",\"foundingDate\":\"2018-01-14\",\"vatID\":\"FR71834470973\",\"taxID\":\"83447097300043\",\"numberOfEmployees\":{\"@type\":\"QuantitativeValue\",\"minValue\":\"1\",\"maxValue\":\"10\"}},{\"@type\":\"Person\",\"@id\":\"https:\/\/dicodusport.fr\/blog\/#\/schema\/person\/6db4bae06b171592211be385b32876a7\",\"name\":\"Emilien Descampiaux\",\"image\":{\"@type\":\"ImageObject\",\"inLanguage\":\"fr-FR\",\"@id\":\"https:\/\/dicodusport.fr\/blog\/#\/schema\/person\/image\/\",\"url\":\"https:\/\/dicodusport.fr\/blog\/wp-content\/uploads\/2021\/05\/Emilien-Descampiaux-150x150.jpg\",\"contentUrl\":\"https:\/\/dicodusport.fr\/blog\/wp-content\/uploads\/2021\/05\/Emilien-Descampiaux-150x150.jpg\",\"caption\":\"Emilien Descampiaux\"},\"description\":\"Journaliste\/r\u00e9dacteur depuis 2014 - Fan de la classe de Frank Vandenbroucke, je vis cyclisme (et de ses paysages) depuis plus de 20 ans. Je suis tr\u00e8s impliqu\u00e9 sur mes diff\u00e9rents r\u00e9seaux sociaux pour partager ma passion sur le monde et l'Histoire de la bicyclette avec ma voix sur les images en noir et blanc du succ\u00e8s de Rik Van Steenbergen lors du Ronde sur le V\u00e9lodrome de Gand.\",\"sameAs\":[\"https:\/\/www.facebook.com\/groups\/LesRoisDuPeloton\",\"https:\/\/x.com\/https:\/\/twitter.com\/LRoisDuPeloton\"],\"url\":\"https:\/\/dicodusport.fr\/blog\/author\/emiliend\/\"}]}<\/script>\n<!-- \/ Yoast SEO Premium plugin. -->","yoast_head_json":{"title":"Grand Prix Cycliste Montr\u00e9al 2024 : Tadej Pogacar s'impose pour la deuxi\u00e8me fois, Alaphilippe 3\u00e8me","description":"GRAND PRIX CYCLISTE MONTR\u00c9AL 2024 - Tadej Pogacar (UAE Team Emirates) a remport\u00e9 la 13\u00e8me \u00e9dition du Grand Prix Cycliste Montr\u00e9al, dimanche.\u00a0","robots":{"index":"index","follow":"follow","max-snippet":"max-snippet:-1","max-image-preview":"max-image-preview:large","max-video-preview":"max-video-preview:-1"},"canonical":"https:\/\/dicodusport.fr\/blog\/grand-prix-cycliste-montreal-2024-tadej-pogacar-simpose-pour-la-deuxieme-fois-alaphilippe-3eme\/","og_locale":"fr_FR","og_type":"article","og_title":"Grand Prix Cycliste Montr\u00e9al 2024 : Tadej Pogacar s'impose pour la deuxi\u00e8me fois, Alaphilippe 3\u00e8me","og_description":"GRAND PRIX CYCLISTE MONTR\u00c9AL 2024 - Tadej Pogacar (UAE Team Emirates) a remport\u00e9 la 13\u00e8me \u00e9dition du Grand Prix Cycliste Montr\u00e9al, dimanche.\u00a0","og_url":"https:\/\/dicodusport.fr\/blog\/grand-prix-cycliste-montreal-2024-tadej-pogacar-simpose-pour-la-deuxieme-fois-alaphilippe-3eme\/","og_site_name":"Dicodusport","article_publisher":"https:\/\/www.facebook.com\/dicodusport","article_author":"https:\/\/www.facebook.com\/groups\/LesRoisDuPeloton","article_published_time":"2024-09-15T19:49:37+00:00","article_modified_time":"2024-09-15T21:26:44+00:00","og_image":[{"width":1200,"height":674,"url":"https:\/\/dicodusport.fr\/blog\/wp-content\/uploads\/2024\/09\/Grand-Prix-Cycliste-Montreal-2024-Tadej-Pogacar-simpose-pour-la-deuxieme-fois-Alaphilippe-3eme-2.png","type":"image\/png"}],"author":"Emilien Descampiaux","twitter_card":"summary_large_image","twitter_title":"Grand Prix Cycliste Montr\u00e9al 2024 : Tadej Pogacar s'impose pour la deuxi\u00e8me fois, Alaphilippe 3\u00e8me","twitter_creator":"@https:\/\/twitter.com\/LRoisDuPeloton","twitter_site":"@dicodusport","schema":{"@context":"https:\/\/schema.org","@graph":[{"@type":"NewsArticle","@id":"https:\/\/dicodusport.fr\/blog\/grand-prix-cycliste-montreal-2024-tadej-pogacar-simpose-pour-la-deuxieme-fois-alaphilippe-3eme\/#article","isPartOf":{"@id":"https:\/\/dicodusport.fr\/blog\/grand-prix-cycliste-montreal-2024-tadej-pogacar-simpose-pour-la-deuxieme-fois-alaphilippe-3eme\/"},"author":{"name":"Emilien Descampiaux","@id":"https:\/\/dicodusport.fr\/blog\/#\/schema\/person\/6db4bae06b171592211be385b32876a7"},"headline":"Grand Prix Cycliste Montr\u00e9al 2024 : Tadej Pogacar s&rsquo;impose pour la deuxi\u00e8me fois, Alaphilippe 3\u00e8me","datePublished":"2024-09-15T19:49:37+00:00","dateModified":"2024-09-15T21:26:44+00:00","mainEntityOfPage":{"@id":"https:\/\/dicodusport.fr\/blog\/grand-prix-cycliste-montreal-2024-tadej-pogacar-simpose-pour-la-deuxieme-fois-alaphilippe-3eme\/"},"wordCount":403,"commentCount":0,"publisher":{"@id":"https:\/\/dicodusport.fr\/blog\/#organization"},"image":{"@id":"https:\/\/dicodusport.fr\/blog\/grand-prix-cycliste-montreal-2024-tadej-pogacar-simpose-pour-la-deuxieme-fois-alaphilippe-3eme\/#primaryimage"},"thumbnailUrl":"https:\/\/dicodusport.fr\/blog\/wp-content\/uploads\/2024\/09\/Grand-Prix-Cycliste-Montreal-2024-Tadej-Pogacar-simpose-pour-la-deuxieme-fois-Alaphilippe-3eme-2.png","keywords":["br\u00e8ve","Cyclisme","Grand Prix Cycliste de Montr\u00e9al","sport"],"articleSection":["Cyclisme sur route"],"inLanguage":"fr-FR","potentialAction":[{"@type":"CommentAction","name":"Comment","target":["https:\/\/dicodusport.fr\/blog\/grand-prix-cycliste-montreal-2024-tadej-pogacar-simpose-pour-la-deuxieme-fois-alaphilippe-3eme\/#respond"]}],"copyrightYear":"2024","copyrightHolder":{"@id":"https:\/\/dicodusport.fr\/blog\/#organization"}},{"@type":"WebPage","@id":"https:\/\/dicodusport.fr\/blog\/grand-prix-cycliste-montreal-2024-tadej-pogacar-simpose-pour-la-deuxieme-fois-alaphilippe-3eme\/","url":"https:\/\/dicodusport.fr\/blog\/grand-prix-cycliste-montreal-2024-tadej-pogacar-simpose-pour-la-deuxieme-fois-alaphilippe-3eme\/","name":"Grand Prix Cycliste Montr\u00e9al 2024 : Tadej Pogacar s'impose pour la deuxi\u00e8me fois, Alaphilippe 3\u00e8me","isPartOf":{"@id":"https:\/\/dicodusport.fr\/blog\/#website"},"primaryImageOfPage":{"@id":"https:\/\/dicodusport.fr\/blog\/grand-prix-cycliste-montreal-2024-tadej-pogacar-simpose-pour-la-deuxieme-fois-alaphilippe-3eme\/#primaryimage"},"image":{"@id":"https:\/\/dicodusport.fr\/blog\/grand-prix-cycliste-montreal-2024-tadej-pogacar-simpose-pour-la-deuxieme-fois-alaphilippe-3eme\/#primaryimage"},"thumbnailUrl":"https:\/\/dicodusport.fr\/blog\/wp-content\/uploads\/2024\/09\/Grand-Prix-Cycliste-Montreal-2024-Tadej-Pogacar-simpose-pour-la-deuxieme-fois-Alaphilippe-3eme-2.png","datePublished":"2024-09-15T19:49:37+00:00","dateModified":"2024-09-15T21:26:44+00:00","description":"GRAND PRIX CYCLISTE MONTR\u00c9AL 2024 - Tadej Pogacar (UAE Team Emirates) a remport\u00e9 la 13\u00e8me \u00e9dition du Grand Prix Cycliste Montr\u00e9al, dimanche.\u00a0","breadcrumb":{"@id":"https:\/\/dicodusport.fr\/blog\/grand-prix-cycliste-montreal-2024-tadej-pogacar-simpose-pour-la-deuxieme-fois-alaphilippe-3eme\/#breadcrumb"},"inLanguage":"fr-FR","potentialAction":[{"@type":"ReadAction","target":["https:\/\/dicodusport.fr\/blog\/grand-prix-cycliste-montreal-2024-tadej-pogacar-simpose-pour-la-deuxieme-fois-alaphilippe-3eme\/"]}]},{"@type":"ImageObject","inLanguage":"fr-FR","@id":"https:\/\/dicodusport.fr\/blog\/grand-prix-cycliste-montreal-2024-tadej-pogacar-simpose-pour-la-deuxieme-fois-alaphilippe-3eme\/#primaryimage","url":"https:\/\/dicodusport.fr\/blog\/wp-content\/uploads\/2024\/09\/Grand-Prix-Cycliste-Montreal-2024-Tadej-Pogacar-simpose-pour-la-deuxieme-fois-Alaphilippe-3eme-2.png","contentUrl":"https:\/\/dicodusport.fr\/blog\/wp-content\/uploads\/2024\/09\/Grand-Prix-Cycliste-Montreal-2024-Tadej-Pogacar-simpose-pour-la-deuxieme-fois-Alaphilippe-3eme-2.png","width":1200,"height":674,"caption":"Grand Prix Cycliste Montr\u00e9al 2024 Tadej Pogacar s'impose pour la deuxi\u00e8me fois, Alaphilippe 3\u00e8me (2)"},{"@type":"BreadcrumbList","@id":"https:\/\/dicodusport.fr\/blog\/grand-prix-cycliste-montreal-2024-tadej-pogacar-simpose-pour-la-deuxieme-fois-alaphilippe-3eme\/#breadcrumb","itemListElement":[{"@type":"ListItem","position":1,"name":"Accueil","item":"https:\/\/dicodusport.fr\/blog\/"},{"@type":"ListItem","position":2,"name":"Grand Prix Cycliste Montr\u00e9al 2024 : Tadej Pogacar s&#8217;impose pour la deuxi\u00e8me fois, Alaphilippe 3\u00e8me"}]},{"@type":"WebSite","@id":"https:\/\/dicodusport.fr\/blog\/#website","url":"https:\/\/dicodusport.fr\/blog\/","name":"Dicodusport","description":"L&#039;encyclop\u00e9die de l&#039;actualit\u00e9 sportive","publisher":{"@id":"https:\/\/dicodusport.fr\/blog\/#organization"},"potentialAction":[{"@type":"SearchAction","target":{"@type":"EntryPoint","urlTemplate":"https:\/\/dicodusport.fr\/blog\/?s={search_term_string}"},"query-input":{"@type":"PropertyValueSpecification","valueRequired":true,"valueName":"search_term_string"}}],"inLanguage":"fr-FR"},{"@type":"NewsMediaOrganization","@id":"https:\/\/dicodusport.fr\/blog\/#organization","name":"Dicodusport","url":"https:\/\/dicodusport.fr\/blog\/","logo":{"@type":"ImageObject","inLanguage":"fr-FR","@id":"https:\/\/dicodusport.fr\/blog\/#\/schema\/logo\/image\/","url":"https:\/\/dicodusport.fr\/blog\/wp-content\/uploads\/2020\/06\/cropped-LOGO-DICODUSPORT-2020-SANS-FOND-SANS-TEXTE.png","contentUrl":"https:\/\/dicodusport.fr\/blog\/wp-content\/uploads\/2020\/06\/cropped-LOGO-DICODUSPORT-2020-SANS-FOND-SANS-TEXTE.png","width":512,"height":512,"caption":"Dicodusport"},"image":{"@id":"https:\/\/dicodusport.fr\/blog\/#\/schema\/logo\/image\/"},"sameAs":["https:\/\/www.facebook.com\/dicodusport","https:\/\/x.com\/dicodusport","https:\/\/www.instagram.com\/dicodusport\/","https:\/\/www.youtube.com\/channel\/UC7V2KZ5sd3htJivAbA4ZG3w"],"description":"Dicodusport est l'encyclop\u00e9die de l'actualit\u00e9 sportive.","email":"bonjour@dicodusport.fr","legalName":"DICODUSPORT","foundingDate":"2018-01-14","vatID":"FR71834470973","taxID":"83447097300043","numberOfEmployees":{"@type":"QuantitativeValue","minValue":"1","maxValue":"10"}},{"@type":"Person","@id":"https:\/\/dicodusport.fr\/blog\/#\/schema\/person\/6db4bae06b171592211be385b32876a7","name":"Emilien Descampiaux","image":{"@type":"ImageObject","inLanguage":"fr-FR","@id":"https:\/\/dicodusport.fr\/blog\/#\/schema\/person\/image\/","url":"https:\/\/dicodusport.fr\/blog\/wp-content\/uploads\/2021\/05\/Emilien-Descampiaux-150x150.jpg","contentUrl":"https:\/\/dicodusport.fr\/blog\/wp-content\/uploads\/2021\/05\/Emilien-Descampiaux-150x150.jpg","caption":"Emilien Descampiaux"},"description":"Journaliste\/r\u00e9dacteur depuis 2014 - Fan de la classe de Frank Vandenbroucke, je vis cyclisme (et de ses paysages) depuis plus de 20 ans. Je suis tr\u00e8s impliqu\u00e9 sur mes diff\u00e9rents r\u00e9seaux sociaux pour partager ma passion sur le monde et l'Histoire de la bicyclette avec ma voix sur les images en noir et blanc du succ\u00e8s de Rik Van Steenbergen lors du Ronde sur le V\u00e9lodrome de Gand.","sameAs":["https:\/\/www.facebook.com\/groups\/LesRoisDuPeloton","https:\/\/x.com\/https:\/\/twitter.com\/LRoisDuPeloton"],"url":"https:\/\/dicodusport.fr\/blog\/author\/emiliend\/"}]}},"_links":{"self":[{"href":"https:\/\/dicodusport.fr\/blog\/wp-json\/wp\/v2\/posts\/520743","targetHints":{"allow":["GET"]}}],"collection":[{"href":"https:\/\/dicodusport.fr\/blog\/wp-json\/wp\/v2\/posts"}],"about":[{"href":"https:\/\/dicodusport.fr\/blog\/wp-json\/wp\/v2\/types\/post"}],"author":[{"embeddable":true,"href":"https:\/\/dicodusport.fr\/blog\/wp-json\/wp\/v2\/users\/48"}],"replies":[{"embeddable":true,"href":"https:\/\/dicodusport.fr\/blog\/wp-json\/wp\/v2\/comments?post=520743"}],"version-history":[{"count":5,"href":"https:\/\/dicodusport.fr\/blog\/wp-json\/wp\/v2\/posts\/520743\/revisions"}],"predecessor-version":[{"id":520788,"href":"https:\/\/dicodusport.fr\/blog\/wp-json\/wp\/v2\/posts\/520743\/revisions\/520788"}],"wp:featuredmedia":[{"embeddable":true,"href":"https:\/\/dicodusport.fr\/blog\/wp-json\/wp\/v2\/media\/520810"}],"wp:attachment":[{"href":"https:\/\/dicodusport.fr\/blog\/wp-json\/wp\/v2\/media?parent=520743"}],"wp:term":[{"taxonomy":"category","embeddable":true,"href":"https:\/\/dicodusport.fr\/blog\/wp-json\/wp\/v2\/categories?post=520743"},{"taxonomy":"post_tag","embeddable":true,"href":"https:\/\/dicodusport.fr\/blog\/wp-json\/wp\/v2\/tags?post=520743"}],"curies":[{"name":"wp","href":"https:\/\/api.w.org\/{rel}","templated":true}]}}