{"id":520891,"date":"2024-09-16T16:31:49","date_gmt":"2024-09-16T14:31:49","guid":{"rendered":"https:\/\/dicodusport.fr\/blog\/?p=520891&#038;preview=true&#038;preview_id=520891"},"modified":"2024-09-16T16:36:25","modified_gmt":"2024-09-16T14:36:25","slug":"transferts-castres-lheure-du-choix-pour-santiago-arata","status":"publish","type":"post","link":"https:\/\/dicodusport.fr\/blog\/transferts-castres-lheure-du-choix-pour-santiago-arata\/","title":{"rendered":"Transferts Castres : L&rsquo;heure du choix pour Santiago Arata"},"content":{"rendered":"<h4 style=\"text-align: justify;\"><em>TOP 14 2024-2025 &#8211; Selon le Midi Olympique, Santiago Arata (Castres) devrait choisir sa future destination dans les prochains jours.\u00a0<\/em><\/h4>\n<p style=\"text-align: justify;\">Ce n&rsquo;est plus un secret depuis quelques semaines, <strong>Santiago<\/strong> <strong>Arata<\/strong> va quitter le <strong>Castres<\/strong> <strong>Olympique<\/strong> au terme de la saison 2024-2025. L&rsquo;international uruguayen a pr\u00e9venu ses dirigeants qu&rsquo;il allait se lancer un nouveau challenge, mais il doit maintenant choisir son futur club, puisqu&rsquo;il a re\u00e7u plusieurs propositions.<\/p>\n<ul style=\"text-align: justify;\">\n<li style=\"text-align: justify;\"><strong>\u00c0 ce sujet &#8211; <a href=\"https:\/\/dicodusport.fr\/blog\/transferts-james-oconnor-de-retour-en-top-14\/\" target=\"_blank\" rel=\"noopener\">Transferts : James O\u2019Connor de retour en Top 14 ?<\/a><\/strong><\/li>\n<\/ul>\n<h2 style=\"text-align: justify;\">Santiago Arata entre le Stade Fran\u00e7ais et le Racing 92<\/h2>\n<p style=\"text-align: justify;\">Le <strong>Stade<\/strong> <strong>Toulousain<\/strong> a longtemps \u00e9t\u00e9 en course pour recruter <strong>Santiago<\/strong> <strong>Arata<\/strong>, mais les champions de France ne seraient finalement plus en course. Le <strong>Racing 92<\/strong> est lui toujours sur le coup pour le signer et remplacer <strong>Nolann<\/strong> <strong>Le<\/strong> <strong>Garrec<\/strong>, qui a d\u00e9cid\u00e9 de rejoindre La Rochelle. Les Franciliens sont sur plusieurs dossiers en m\u00eame temps, avec aussi <strong>L\u00e9o Carbonneau<\/strong> comme cible.<\/p>\n<p style=\"text-align: justify;\">Le grand favori sur ce dossier est le <strong>Stade<\/strong> <strong>Fran\u00e7ais<\/strong> qui a transmis une belle offre \u00e0 l&rsquo;Uruguayen. Les Parisiens ne sont pas franchement emball\u00e9s par les performances de Brad Weber (un avis \u00e9mis avant le doubl\u00e9 du N\u00e9o-Z\u00e9landais ce week-end en championnat) et cherchent une pointure \u00e0 positionner aux c\u00f4t\u00e9s de <strong>Louis<\/strong> <strong>Carbonel<\/strong>. <strong>Santiago<\/strong> <strong>Arata<\/strong> devrait donner sa d\u00e9cision finale dans les jours \u00e0 venir et fera forc\u00e9ment un d\u00e9\u00e7u.<\/p>\n<blockquote class=\"twitter-tweet\">\n<p dir=\"ltr\" lang=\"fr\">Toulouse au forceps en Une de votre journal ! \ud83d\uddde\ufe0f<\/p>\n<p>C&rsquo;est par ici &gt; <a href=\"https:\/\/t.co\/RhUD3ocCaV\">https:\/\/t.co\/RhUD3ocCaV<\/a> <a href=\"https:\/\/t.co\/IHkhVlff7d\">pic.twitter.com\/IHkhVlff7d<\/a><\/p>\n<p>\u2014 RUGBYRAMA (@RugbyramaFR) <a href=\"https:\/\/twitter.com\/RugbyramaFR\/status\/1835429786178760910?ref_src=twsrc%5Etfw\">September 15, 2024<\/a><\/p><\/blockquote>\n<p style=\"text-align: justify;\"><script async src=\"https:\/\/platform.twitter.com\/widgets.js\" charset=\"utf-8\"><\/script><\/p>\n","protected":false},"excerpt":{"rendered":"<p>TOP 14 2024-2025 &#8211; Selon le Midi Olympique, Santiago Arata (Castres) devrait choisir sa future destination dans les prochains jours.\u00a0<\/p>\n","protected":false},"author":1,"featured_media":520896,"comment_status":"open","ping_status":"closed","sticky":false,"template":"","format":"standard","meta":{"_acf_changed":false,"_daextam_enable_autolinks":"1","footnotes":""},"categories":[9129,47050],"tags":[16878,3077,32594],"class_list":["post-520891","post","type-post","status-publish","format-standard","has-post-thumbnail","hentry","category-rugby-a-xv","category-top-14","tag-breve","tag-castres","tag-santiago-arata"],"acf":[],"yoast_head":"<!-- This site is optimized with the Yoast SEO Premium plugin v26.7 (Yoast SEO v26.7) - https:\/\/yoast.com\/wordpress\/plugins\/seo\/ -->\n<title>Transferts Castres : L&#039;heure du choix pour Santiago Arata<\/title>\n<meta name=\"description\" content=\"TOP 14 2024-2025 - Selon le Midi Olympique, Santiago Arata (Castres) devrait choisir sa future destination dans les prochains jours.\u00a0\" \/>\n<meta name=\"robots\" content=\"index, follow, max-snippet:-1, max-image-preview:large, max-video-preview:-1\" \/>\n<link rel=\"canonical\" href=\"https:\/\/dicodusport.fr\/blog\/transferts-castres-lheure-du-choix-pour-santiago-arata\/\" \/>\n<meta property=\"og:locale\" content=\"fr_FR\" \/>\n<meta property=\"og:type\" content=\"article\" \/>\n<meta property=\"og:title\" content=\"Transferts Castres : L&#039;heure du choix pour Santiago Arata\" \/>\n<meta property=\"og:description\" content=\"TOP 14 2024-2025 - Selon le Midi Olympique, Santiago Arata (Castres) devrait choisir sa future destination dans les prochains jours.\u00a0\" \/>\n<meta property=\"og:url\" content=\"https:\/\/dicodusport.fr\/blog\/transferts-castres-lheure-du-choix-pour-santiago-arata\/\" \/>\n<meta property=\"og:site_name\" content=\"Dicodusport\" \/>\n<meta property=\"article:publisher\" content=\"https:\/\/www.facebook.com\/dicodusport\" \/>\n<meta property=\"article:author\" content=\"https:\/\/www.facebook.com\/dicodusport\" \/>\n<meta property=\"article:published_time\" content=\"2024-09-16T14:31:49+00:00\" \/>\n<meta property=\"article:modified_time\" content=\"2024-09-16T14:36:25+00:00\" \/>\n<meta property=\"og:image\" content=\"https:\/\/dicodusport.fr\/blog\/wp-content\/uploads\/2024\/09\/Transferts-Castres-Lheure-du-choix-pour-Santiago-Arata.png\" \/>\n\t<meta property=\"og:image:width\" content=\"1200\" \/>\n\t<meta property=\"og:image:height\" content=\"674\" \/>\n\t<meta property=\"og:image:type\" content=\"image\/png\" \/>\n<meta name=\"author\" content=\"Nicolas Jacquemard\" \/>\n<meta name=\"twitter:card\" content=\"summary_large_image\" \/>\n<meta name=\"twitter:title\" content=\"Transferts Castres : L&#039;heure du choix pour Santiago Arata\" \/>\n<meta name=\"twitter:creator\" content=\"@https:\/\/twitter.com\/Nico_Jacquemard\" \/>\n<meta name=\"twitter:site\" content=\"@dicodusport\" \/>\n<script type=\"application\/ld+json\" class=\"yoast-schema-graph\">{\"@context\":\"https:\/\/schema.org\",\"@graph\":[{\"@type\":\"NewsArticle\",\"@id\":\"https:\/\/dicodusport.fr\/blog\/transferts-castres-lheure-du-choix-pour-santiago-arata\/#article\",\"isPartOf\":{\"@id\":\"https:\/\/dicodusport.fr\/blog\/transferts-castres-lheure-du-choix-pour-santiago-arata\/\"},\"author\":{\"name\":\"Nicolas Jacquemard\",\"@id\":\"https:\/\/dicodusport.fr\/blog\/#\/schema\/person\/55dcb50ad410894e431ed812bbb70191\"},\"headline\":\"Transferts Castres : L&rsquo;heure du choix pour Santiago Arata\",\"datePublished\":\"2024-09-16T14:31:49+00:00\",\"dateModified\":\"2024-09-16T14:36:25+00:00\",\"mainEntityOfPage\":{\"@id\":\"https:\/\/dicodusport.fr\/blog\/transferts-castres-lheure-du-choix-pour-santiago-arata\/\"},\"wordCount\":270,\"commentCount\":0,\"publisher\":{\"@id\":\"https:\/\/dicodusport.fr\/blog\/#organization\"},\"image\":{\"@id\":\"https:\/\/dicodusport.fr\/blog\/transferts-castres-lheure-du-choix-pour-santiago-arata\/#primaryimage\"},\"thumbnailUrl\":\"https:\/\/dicodusport.fr\/blog\/wp-content\/uploads\/2024\/09\/Transferts-Castres-Lheure-du-choix-pour-Santiago-Arata.png\",\"keywords\":[\"br\u00e8ve\",\"Castres\",\"Santiago Arata\"],\"articleSection\":[\"Rugby \u00e0 XV\",\"Top 14\"],\"inLanguage\":\"fr-FR\",\"potentialAction\":[{\"@type\":\"CommentAction\",\"name\":\"Comment\",\"target\":[\"https:\/\/dicodusport.fr\/blog\/transferts-castres-lheure-du-choix-pour-santiago-arata\/#respond\"]}],\"copyrightYear\":\"2024\",\"copyrightHolder\":{\"@id\":\"https:\/\/dicodusport.fr\/blog\/#organization\"}},{\"@type\":\"WebPage\",\"@id\":\"https:\/\/dicodusport.fr\/blog\/transferts-castres-lheure-du-choix-pour-santiago-arata\/\",\"url\":\"https:\/\/dicodusport.fr\/blog\/transferts-castres-lheure-du-choix-pour-santiago-arata\/\",\"name\":\"Transferts Castres : L'heure du choix pour Santiago Arata\",\"isPartOf\":{\"@id\":\"https:\/\/dicodusport.fr\/blog\/#website\"},\"primaryImageOfPage\":{\"@id\":\"https:\/\/dicodusport.fr\/blog\/transferts-castres-lheure-du-choix-pour-santiago-arata\/#primaryimage\"},\"image\":{\"@id\":\"https:\/\/dicodusport.fr\/blog\/transferts-castres-lheure-du-choix-pour-santiago-arata\/#primaryimage\"},\"thumbnailUrl\":\"https:\/\/dicodusport.fr\/blog\/wp-content\/uploads\/2024\/09\/Transferts-Castres-Lheure-du-choix-pour-Santiago-Arata.png\",\"datePublished\":\"2024-09-16T14:31:49+00:00\",\"dateModified\":\"2024-09-16T14:36:25+00:00\",\"description\":\"TOP 14 2024-2025 - Selon le Midi Olympique, Santiago Arata (Castres) devrait choisir sa future destination dans les prochains jours.\u00a0\",\"breadcrumb\":{\"@id\":\"https:\/\/dicodusport.fr\/blog\/transferts-castres-lheure-du-choix-pour-santiago-arata\/#breadcrumb\"},\"inLanguage\":\"fr-FR\",\"potentialAction\":[{\"@type\":\"ReadAction\",\"target\":[\"https:\/\/dicodusport.fr\/blog\/transferts-castres-lheure-du-choix-pour-santiago-arata\/\"]}]},{\"@type\":\"ImageObject\",\"inLanguage\":\"fr-FR\",\"@id\":\"https:\/\/dicodusport.fr\/blog\/transferts-castres-lheure-du-choix-pour-santiago-arata\/#primaryimage\",\"url\":\"https:\/\/dicodusport.fr\/blog\/wp-content\/uploads\/2024\/09\/Transferts-Castres-Lheure-du-choix-pour-Santiago-Arata.png\",\"contentUrl\":\"https:\/\/dicodusport.fr\/blog\/wp-content\/uploads\/2024\/09\/Transferts-Castres-Lheure-du-choix-pour-Santiago-Arata.png\",\"width\":1200,\"height\":674},{\"@type\":\"BreadcrumbList\",\"@id\":\"https:\/\/dicodusport.fr\/blog\/transferts-castres-lheure-du-choix-pour-santiago-arata\/#breadcrumb\",\"itemListElement\":[{\"@type\":\"ListItem\",\"position\":1,\"name\":\"Accueil\",\"item\":\"https:\/\/dicodusport.fr\/blog\/\"},{\"@type\":\"ListItem\",\"position\":2,\"name\":\"Transferts Castres : L&#8217;heure du choix pour Santiago Arata\"}]},{\"@type\":\"WebSite\",\"@id\":\"https:\/\/dicodusport.fr\/blog\/#website\",\"url\":\"https:\/\/dicodusport.fr\/blog\/\",\"name\":\"Dicodusport\",\"description\":\"L&#039;encyclop\u00e9die de l&#039;actualit\u00e9 sportive\",\"publisher\":{\"@id\":\"https:\/\/dicodusport.fr\/blog\/#organization\"},\"potentialAction\":[{\"@type\":\"SearchAction\",\"target\":{\"@type\":\"EntryPoint\",\"urlTemplate\":\"https:\/\/dicodusport.fr\/blog\/?s={search_term_string}\"},\"query-input\":{\"@type\":\"PropertyValueSpecification\",\"valueRequired\":true,\"valueName\":\"search_term_string\"}}],\"inLanguage\":\"fr-FR\"},{\"@type\":\"NewsMediaOrganization\",\"@id\":\"https:\/\/dicodusport.fr\/blog\/#organization\",\"name\":\"Dicodusport\",\"url\":\"https:\/\/dicodusport.fr\/blog\/\",\"logo\":{\"@type\":\"ImageObject\",\"inLanguage\":\"fr-FR\",\"@id\":\"https:\/\/dicodusport.fr\/blog\/#\/schema\/logo\/image\/\",\"url\":\"https:\/\/dicodusport.fr\/blog\/wp-content\/uploads\/2020\/06\/cropped-LOGO-DICODUSPORT-2020-SANS-FOND-SANS-TEXTE.png\",\"contentUrl\":\"https:\/\/dicodusport.fr\/blog\/wp-content\/uploads\/2020\/06\/cropped-LOGO-DICODUSPORT-2020-SANS-FOND-SANS-TEXTE.png\",\"width\":512,\"height\":512,\"caption\":\"Dicodusport\"},\"image\":{\"@id\":\"https:\/\/dicodusport.fr\/blog\/#\/schema\/logo\/image\/\"},\"sameAs\":[\"https:\/\/www.facebook.com\/dicodusport\",\"https:\/\/x.com\/dicodusport\",\"https:\/\/www.instagram.com\/dicodusport\/\",\"https:\/\/www.youtube.com\/channel\/UC7V2KZ5sd3htJivAbA4ZG3w\"],\"description\":\"Dicodusport est l'encyclop\u00e9die de l'actualit\u00e9 sportive.\",\"email\":\"bonjour@dicodusport.fr\",\"legalName\":\"DICODUSPORT\",\"foundingDate\":\"2018-01-14\",\"vatID\":\"FR71834470973\",\"taxID\":\"83447097300043\",\"numberOfEmployees\":{\"@type\":\"QuantitativeValue\",\"minValue\":\"1\",\"maxValue\":\"10\"}},{\"@type\":\"Person\",\"@id\":\"https:\/\/dicodusport.fr\/blog\/#\/schema\/person\/55dcb50ad410894e431ed812bbb70191\",\"name\":\"Nicolas Jacquemard\",\"image\":{\"@type\":\"ImageObject\",\"inLanguage\":\"fr-FR\",\"@id\":\"https:\/\/dicodusport.fr\/blog\/#\/schema\/person\/image\/\",\"url\":\"https:\/\/dicodusport.fr\/blog\/wp-content\/uploads\/2021\/05\/Nicolas-Jacquemard-150x150.jpeg\",\"contentUrl\":\"https:\/\/dicodusport.fr\/blog\/wp-content\/uploads\/2021\/05\/Nicolas-Jacquemard-150x150.jpeg\",\"caption\":\"Nicolas Jacquemard\"},\"description\":\"Passionn\u00e9 de sport et entrepreneur depuis mes 18 ans, la cr\u00e9ation de Dicodusport m'a sembl\u00e9 \u00e9vidente pour participer \u00e0 la m\u00e9diatisation d'un plus grand nombre de sports. Le chemin est long mais avec une \u00e9quipe des plus motiv\u00e9es et les Jeux Olympiques de Paris 2024 en point de mire, nous y arriverons ! Journaliste dans le monde du sport depuis plus de 5 ans, je traite aussi bien de football, de rugby, de biathlon que de cyclisme.\",\"sameAs\":[\"https:\/\/www.facebook.com\/dicodusport\",\"https:\/\/x.com\/https:\/\/twitter.com\/Nico_Jacquemard\"],\"url\":\"https:\/\/dicodusport.fr\/blog\/author\/dicodusport\/\"}]}<\/script>\n<!-- \/ Yoast SEO Premium plugin. -->","yoast_head_json":{"title":"Transferts Castres : L'heure du choix pour Santiago Arata","description":"TOP 14 2024-2025 - Selon le Midi Olympique, Santiago Arata (Castres) devrait choisir sa future destination dans les prochains jours.\u00a0","robots":{"index":"index","follow":"follow","max-snippet":"max-snippet:-1","max-image-preview":"max-image-preview:large","max-video-preview":"max-video-preview:-1"},"canonical":"https:\/\/dicodusport.fr\/blog\/transferts-castres-lheure-du-choix-pour-santiago-arata\/","og_locale":"fr_FR","og_type":"article","og_title":"Transferts Castres : L'heure du choix pour Santiago Arata","og_description":"TOP 14 2024-2025 - Selon le Midi Olympique, Santiago Arata (Castres) devrait choisir sa future destination dans les prochains jours.\u00a0","og_url":"https:\/\/dicodusport.fr\/blog\/transferts-castres-lheure-du-choix-pour-santiago-arata\/","og_site_name":"Dicodusport","article_publisher":"https:\/\/www.facebook.com\/dicodusport","article_author":"https:\/\/www.facebook.com\/dicodusport","article_published_time":"2024-09-16T14:31:49+00:00","article_modified_time":"2024-09-16T14:36:25+00:00","og_image":[{"width":1200,"height":674,"url":"https:\/\/dicodusport.fr\/blog\/wp-content\/uploads\/2024\/09\/Transferts-Castres-Lheure-du-choix-pour-Santiago-Arata.png","type":"image\/png"}],"author":"Nicolas Jacquemard","twitter_card":"summary_large_image","twitter_title":"Transferts Castres : L'heure du choix pour Santiago Arata","twitter_creator":"@https:\/\/twitter.com\/Nico_Jacquemard","twitter_site":"@dicodusport","schema":{"@context":"https:\/\/schema.org","@graph":[{"@type":"NewsArticle","@id":"https:\/\/dicodusport.fr\/blog\/transferts-castres-lheure-du-choix-pour-santiago-arata\/#article","isPartOf":{"@id":"https:\/\/dicodusport.fr\/blog\/transferts-castres-lheure-du-choix-pour-santiago-arata\/"},"author":{"name":"Nicolas Jacquemard","@id":"https:\/\/dicodusport.fr\/blog\/#\/schema\/person\/55dcb50ad410894e431ed812bbb70191"},"headline":"Transferts Castres : L&rsquo;heure du choix pour Santiago Arata","datePublished":"2024-09-16T14:31:49+00:00","dateModified":"2024-09-16T14:36:25+00:00","mainEntityOfPage":{"@id":"https:\/\/dicodusport.fr\/blog\/transferts-castres-lheure-du-choix-pour-santiago-arata\/"},"wordCount":270,"commentCount":0,"publisher":{"@id":"https:\/\/dicodusport.fr\/blog\/#organization"},"image":{"@id":"https:\/\/dicodusport.fr\/blog\/transferts-castres-lheure-du-choix-pour-santiago-arata\/#primaryimage"},"thumbnailUrl":"https:\/\/dicodusport.fr\/blog\/wp-content\/uploads\/2024\/09\/Transferts-Castres-Lheure-du-choix-pour-Santiago-Arata.png","keywords":["br\u00e8ve","Castres","Santiago Arata"],"articleSection":["Rugby \u00e0 XV","Top 14"],"inLanguage":"fr-FR","potentialAction":[{"@type":"CommentAction","name":"Comment","target":["https:\/\/dicodusport.fr\/blog\/transferts-castres-lheure-du-choix-pour-santiago-arata\/#respond"]}],"copyrightYear":"2024","copyrightHolder":{"@id":"https:\/\/dicodusport.fr\/blog\/#organization"}},{"@type":"WebPage","@id":"https:\/\/dicodusport.fr\/blog\/transferts-castres-lheure-du-choix-pour-santiago-arata\/","url":"https:\/\/dicodusport.fr\/blog\/transferts-castres-lheure-du-choix-pour-santiago-arata\/","name":"Transferts Castres : L'heure du choix pour Santiago Arata","isPartOf":{"@id":"https:\/\/dicodusport.fr\/blog\/#website"},"primaryImageOfPage":{"@id":"https:\/\/dicodusport.fr\/blog\/transferts-castres-lheure-du-choix-pour-santiago-arata\/#primaryimage"},"image":{"@id":"https:\/\/dicodusport.fr\/blog\/transferts-castres-lheure-du-choix-pour-santiago-arata\/#primaryimage"},"thumbnailUrl":"https:\/\/dicodusport.fr\/blog\/wp-content\/uploads\/2024\/09\/Transferts-Castres-Lheure-du-choix-pour-Santiago-Arata.png","datePublished":"2024-09-16T14:31:49+00:00","dateModified":"2024-09-16T14:36:25+00:00","description":"TOP 14 2024-2025 - Selon le Midi Olympique, Santiago Arata (Castres) devrait choisir sa future destination dans les prochains jours.\u00a0","breadcrumb":{"@id":"https:\/\/dicodusport.fr\/blog\/transferts-castres-lheure-du-choix-pour-santiago-arata\/#breadcrumb"},"inLanguage":"fr-FR","potentialAction":[{"@type":"ReadAction","target":["https:\/\/dicodusport.fr\/blog\/transferts-castres-lheure-du-choix-pour-santiago-arata\/"]}]},{"@type":"ImageObject","inLanguage":"fr-FR","@id":"https:\/\/dicodusport.fr\/blog\/transferts-castres-lheure-du-choix-pour-santiago-arata\/#primaryimage","url":"https:\/\/dicodusport.fr\/blog\/wp-content\/uploads\/2024\/09\/Transferts-Castres-Lheure-du-choix-pour-Santiago-Arata.png","contentUrl":"https:\/\/dicodusport.fr\/blog\/wp-content\/uploads\/2024\/09\/Transferts-Castres-Lheure-du-choix-pour-Santiago-Arata.png","width":1200,"height":674},{"@type":"BreadcrumbList","@id":"https:\/\/dicodusport.fr\/blog\/transferts-castres-lheure-du-choix-pour-santiago-arata\/#breadcrumb","itemListElement":[{"@type":"ListItem","position":1,"name":"Accueil","item":"https:\/\/dicodusport.fr\/blog\/"},{"@type":"ListItem","position":2,"name":"Transferts Castres : L&#8217;heure du choix pour Santiago Arata"}]},{"@type":"WebSite","@id":"https:\/\/dicodusport.fr\/blog\/#website","url":"https:\/\/dicodusport.fr\/blog\/","name":"Dicodusport","description":"L&#039;encyclop\u00e9die de l&#039;actualit\u00e9 sportive","publisher":{"@id":"https:\/\/dicodusport.fr\/blog\/#organization"},"potentialAction":[{"@type":"SearchAction","target":{"@type":"EntryPoint","urlTemplate":"https:\/\/dicodusport.fr\/blog\/?s={search_term_string}"},"query-input":{"@type":"PropertyValueSpecification","valueRequired":true,"valueName":"search_term_string"}}],"inLanguage":"fr-FR"},{"@type":"NewsMediaOrganization","@id":"https:\/\/dicodusport.fr\/blog\/#organization","name":"Dicodusport","url":"https:\/\/dicodusport.fr\/blog\/","logo":{"@type":"ImageObject","inLanguage":"fr-FR","@id":"https:\/\/dicodusport.fr\/blog\/#\/schema\/logo\/image\/","url":"https:\/\/dicodusport.fr\/blog\/wp-content\/uploads\/2020\/06\/cropped-LOGO-DICODUSPORT-2020-SANS-FOND-SANS-TEXTE.png","contentUrl":"https:\/\/dicodusport.fr\/blog\/wp-content\/uploads\/2020\/06\/cropped-LOGO-DICODUSPORT-2020-SANS-FOND-SANS-TEXTE.png","width":512,"height":512,"caption":"Dicodusport"},"image":{"@id":"https:\/\/dicodusport.fr\/blog\/#\/schema\/logo\/image\/"},"sameAs":["https:\/\/www.facebook.com\/dicodusport","https:\/\/x.com\/dicodusport","https:\/\/www.instagram.com\/dicodusport\/","https:\/\/www.youtube.com\/channel\/UC7V2KZ5sd3htJivAbA4ZG3w"],"description":"Dicodusport est l'encyclop\u00e9die de l'actualit\u00e9 sportive.","email":"bonjour@dicodusport.fr","legalName":"DICODUSPORT","foundingDate":"2018-01-14","vatID":"FR71834470973","taxID":"83447097300043","numberOfEmployees":{"@type":"QuantitativeValue","minValue":"1","maxValue":"10"}},{"@type":"Person","@id":"https:\/\/dicodusport.fr\/blog\/#\/schema\/person\/55dcb50ad410894e431ed812bbb70191","name":"Nicolas Jacquemard","image":{"@type":"ImageObject","inLanguage":"fr-FR","@id":"https:\/\/dicodusport.fr\/blog\/#\/schema\/person\/image\/","url":"https:\/\/dicodusport.fr\/blog\/wp-content\/uploads\/2021\/05\/Nicolas-Jacquemard-150x150.jpeg","contentUrl":"https:\/\/dicodusport.fr\/blog\/wp-content\/uploads\/2021\/05\/Nicolas-Jacquemard-150x150.jpeg","caption":"Nicolas Jacquemard"},"description":"Passionn\u00e9 de sport et entrepreneur depuis mes 18 ans, la cr\u00e9ation de Dicodusport m'a sembl\u00e9 \u00e9vidente pour participer \u00e0 la m\u00e9diatisation d'un plus grand nombre de sports. Le chemin est long mais avec une \u00e9quipe des plus motiv\u00e9es et les Jeux Olympiques de Paris 2024 en point de mire, nous y arriverons ! Journaliste dans le monde du sport depuis plus de 5 ans, je traite aussi bien de football, de rugby, de biathlon que de cyclisme.","sameAs":["https:\/\/www.facebook.com\/dicodusport","https:\/\/x.com\/https:\/\/twitter.com\/Nico_Jacquemard"],"url":"https:\/\/dicodusport.fr\/blog\/author\/dicodusport\/"}]}},"_links":{"self":[{"href":"https:\/\/dicodusport.fr\/blog\/wp-json\/wp\/v2\/posts\/520891","targetHints":{"allow":["GET"]}}],"collection":[{"href":"https:\/\/dicodusport.fr\/blog\/wp-json\/wp\/v2\/posts"}],"about":[{"href":"https:\/\/dicodusport.fr\/blog\/wp-json\/wp\/v2\/types\/post"}],"author":[{"embeddable":true,"href":"https:\/\/dicodusport.fr\/blog\/wp-json\/wp\/v2\/users\/1"}],"replies":[{"embeddable":true,"href":"https:\/\/dicodusport.fr\/blog\/wp-json\/wp\/v2\/comments?post=520891"}],"version-history":[{"count":3,"href":"https:\/\/dicodusport.fr\/blog\/wp-json\/wp\/v2\/posts\/520891\/revisions"}],"predecessor-version":[{"id":520901,"href":"https:\/\/dicodusport.fr\/blog\/wp-json\/wp\/v2\/posts\/520891\/revisions\/520901"}],"wp:featuredmedia":[{"embeddable":true,"href":"https:\/\/dicodusport.fr\/blog\/wp-json\/wp\/v2\/media\/520896"}],"wp:attachment":[{"href":"https:\/\/dicodusport.fr\/blog\/wp-json\/wp\/v2\/media?parent=520891"}],"wp:term":[{"taxonomy":"category","embeddable":true,"href":"https:\/\/dicodusport.fr\/blog\/wp-json\/wp\/v2\/categories?post=520891"},{"taxonomy":"post_tag","embeddable":true,"href":"https:\/\/dicodusport.fr\/blog\/wp-json\/wp\/v2\/tags?post=520891"}],"curies":[{"name":"wp","href":"https:\/\/api.w.org\/{rel}","templated":true}]}}