{"id":521011,"date":"2024-09-18T17:34:28","date_gmt":"2024-09-18T15:34:28","guid":{"rendered":"https:\/\/dicodusport.fr\/blog\/?p=521011&#038;preview=true&#038;preview_id=521011"},"modified":"2025-09-16T08:52:29","modified_gmt":"2025-09-16T06:52:29","slug":"pronostic-brest-sturm-graz-cotes-analyse-et-conseil","status":"publish","type":"post","link":"https:\/\/dicodusport.fr\/blog\/pronostic-brest-sturm-graz-cotes-analyse-et-conseil\/","title":{"rendered":"Pronostic Brest &#8211; Sturm Graz : Cotes, analyse et conseil"},"content":{"rendered":"<p style=\"text-align: justify;\"><em><strong>LIGUE DES CHAMPIONS<\/strong><b> 2024-2025 &#8211; Brest re\u00e7oit le Sturm Graz lors de la 1\u00e8re journ\u00e9e de Ligue des Champions. Notre pronostic pour la rencontre.<\/b><\/em><\/p>\n<ul style=\"text-align: justify;\">\n<li><strong>\u00c0 ce sujet &#8211; <a href=\"https:\/\/dicodusport.fr\/blog\/classement-ligue-des-champions-2024-2025-psg-lille-monaco-et-brest\/\">Classement de la Ligue des Champions 2024-2025<\/a><\/strong><\/li>\n<\/ul>\n<h2 style=\"text-align: justify;\">Pronostic Brest &#8211; Sturm Graz : Jeudi 19 septembre, 21h00<\/h2>\n<p style=\"text-align: justify;\">Le <strong>Stade<\/strong> <strong>Brestois<\/strong> fait ses grands d\u00e9buts en Ligue des Champions face \u00e0 un adversaire plut\u00f4t dans ses cordes, le <strong>Sturm Graz<\/strong>. Les Brestois restent sur une saison exceptionnelle en Ligue 1, mais ont du mal \u00e0 se remettre en route depuis quelques semaines. Ils ont notamment \u00e9t\u00e9 largement battus par l&rsquo;<strong>Olympique de Marseille<\/strong> lors de la premi\u00e8re journ\u00e9e.<\/p>\n<ul style=\"text-align: justify;\">\n<li><strong>\u00c0 ce sujet &#8211; <a title=\"Brest \u2013 Sturm Graz : Cha\u00eene TV, Heure et Cotes du match de Ligue des Champions\" href=\"https:\/\/dicodusport.fr\/blog\/brest-sturm-graz-chaine-tv-heure-et-cotes-du-match-de-ligue-des-champions\/\" rel=\"\">Brest &#8211; Sturm Graz : Cha\u00eene TV, Heure et Cotes du match de Ligue des Champions<\/a><\/strong><\/li>\n<\/ul>\n<p style=\"text-align: justify;\"><strong>Brest<\/strong> va donc devoir essayer de retrouver son meilleur niveau pour ne pas vivre une saison gal\u00e8re apr\u00e8s avoir tutoy\u00e9 les sommets. <strong>Graz<\/strong> a bien lanc\u00e9 sa saison dans son championnat local et pointe au premier rang du classement avec 12 points apr\u00e8s cinq journ\u00e9es. Habitu\u00e9 des <strong>Coupe d&rsquo;Europe<\/strong>, le <strong>Sturm<\/strong> <strong>Graz<\/strong> pourra faire jouer son exp\u00e9rience sur cette rencontre.<\/p>\n<p style=\"text-align: justify;\">On voit le <strong>Stade<\/strong> <strong>Brestois<\/strong> un peu meilleur sur cette rencontre mais aucune garantie apr\u00e8s ce d\u00e9but de saison rat\u00e9. On pr\u00e9f\u00e8re partir sur les deux \u00e9quipes qui marquent dans une rencontre qu&rsquo;on voit assez ouverte.<\/p>\n<table style=\"width: 100%;\">\n<tbody>\n<tr style=\"height: 16px;\">\n<td style=\"background-color: #404040; text-align: left; border-color: #ededed; width: 600px;\"><strong><span style=\"font-size: 12px; color: #ffffff;\">Jeudi 19 septembre, 21h00<\/span><\/strong><\/td>\n<td style=\"background-color: #525252; border-color: #ededed; width: 240px; text-align: center;\" colspan=\"2\"><span style=\"font-size: 12px; color: #ffffff;\">Les deux \u00e9quipes marquent ?<\/span><\/td>\n<\/tr>\n<tr style=\"height: 24px;\">\n<td style=\"background-color: #ffffff; text-align: justify; border-color: #ededed; vertical-align: middle; width: 600px;\"><strong>Brest &#8211; Sturm Graz <\/strong><\/td>\n<td style=\"background-color: #ffffff; border-color: #ededed; width: 120px; text-align: center; vertical-align: middle;\"><span style=\"font-size: 10px;\"><span style=\"font-size: 12px;\"><strong>Oui<\/strong><\/span><br \/>\n<a href=\"https:\/\/www.winamax.fr\/paris-sportifs\/match\/53151985?banid=33423\" class=\"su-button su-button-style-flat\" style=\"color:#ffffff;background-color:#07125C;border-color:#060f4a;border-radius:5px\" target=\"_blank\" rel=\"noopener noreferrer\"><span style=\"color:#ffffff;padding:0px 16px;font-size:13px;line-height:26px;border-color:#525a8d;border-radius:5px;text-shadow:none\"> 1.76<\/span><\/a><\/span><\/td>\n<td style=\"background-color: #ffffff; border-color: #ededed; width: 120px; text-align: center; vertical-align: middle;\"><span style=\"font-size: 10px;\"><span style=\"font-size: 12px;\"><strong>Non<\/strong><\/span><br \/>\n<a href=\"https:\/\/www.winamax.fr\/paris-sportifs\/match\/53151985?banid=33423\" class=\"su-button su-button-style-flat\" style=\"color:#FFFFFF;background-color:#000000;border-color:#000000;border-radius:5px\" target=\"_blank\" rel=\"noopener noreferrer\"><span style=\"color:#FFFFFF;padding:0px 16px;font-size:13px;line-height:26px;border-color:#4d4d4d;border-radius:5px;text-shadow:none\"> 1.94<\/span><\/a><\/span><\/td>\n<\/tr>\n<\/tbody>\n<\/table>\n<p style=\"text-align: justify;\">Tentez votre chance en profitant de votre <a href=\"https:\/\/www.winamax.fr\/registration\/landing\/affiliation_Bonus100?banid=33423\">1er d\u00e9p\u00f4t doubl\u00e9 jusqu&rsquo;\u00e0 100 \u20ac<\/a> direct en paris gratuits sur Winamax !<\/p>\n","protected":false},"excerpt":{"rendered":"<p>LIGUE DES CHAMPIONS 2024-2025 &#8211; Brest re\u00e7oit le Sturm Graz lors de la 1\u00e8re journ\u00e9e de Ligue des Champions. Notre pronostic pour la rencontre.<\/p>\n","protected":false},"author":1,"featured_media":521012,"comment_status":"open","ping_status":"closed","sticky":false,"template":"","format":"standard","meta":{"_acf_changed":false,"_daextam_enable_autolinks":"1","footnotes":""},"categories":[47250],"tags":[5460,75,419,4949,19257],"class_list":["post-521011","post","type-post","status-publish","format-standard","has-post-thumbnail","hentry","category-ligue-des-champions-de-football","tag-brest","tag-football","tag-ligue-des-champions","tag-pronostics","tag-sturm-graz"],"acf":[],"yoast_head":"<!-- This site is optimized with the Yoast SEO Premium plugin v26.7 (Yoast SEO v26.7) - https:\/\/yoast.com\/wordpress\/plugins\/seo\/ -->\n<title>Pronostic Brest - Sturm Graz : Cotes, analyse et conseil - Dicodusport<\/title>\n<meta name=\"description\" content=\"LIGUE DES CHAMPIONS 2024-2025 - Brest re\u00e7oit le Sturm Graz lors de la 1\u00e8re journ\u00e9e de Ligue des Champions. Notre pronostic pour la rencontre.\" \/>\n<meta name=\"robots\" content=\"index, follow, max-snippet:-1, max-image-preview:large, max-video-preview:-1\" \/>\n<link rel=\"canonical\" href=\"https:\/\/dicodusport.fr\/blog\/pronostic-brest-sturm-graz-cotes-analyse-et-conseil\/\" \/>\n<meta property=\"og:locale\" content=\"fr_FR\" \/>\n<meta property=\"og:type\" content=\"article\" \/>\n<meta property=\"og:title\" content=\"Pronostic Brest - Sturm Graz : Cotes, analyse et conseil\" \/>\n<meta property=\"og:description\" content=\"LIGUE DES CHAMPIONS 2024-2025 - Brest re\u00e7oit le Sturm Graz lors de la 1\u00e8re journ\u00e9e de Ligue des Champions. Notre pronostic pour la rencontre.\" \/>\n<meta property=\"og:url\" content=\"https:\/\/dicodusport.fr\/blog\/pronostic-brest-sturm-graz-cotes-analyse-et-conseil\/\" \/>\n<meta property=\"og:site_name\" content=\"Dicodusport\" \/>\n<meta property=\"article:publisher\" content=\"https:\/\/www.facebook.com\/dicodusport\" \/>\n<meta property=\"article:author\" content=\"https:\/\/www.facebook.com\/dicodusport\" \/>\n<meta property=\"article:published_time\" content=\"2024-09-18T15:34:28+00:00\" \/>\n<meta property=\"article:modified_time\" content=\"2025-09-16T06:52:29+00:00\" \/>\n<meta property=\"og:image\" content=\"https:\/\/dicodusport.fr\/blog\/wp-content\/uploads\/2024\/09\/Pronostic-Brest-Sturm-Graz-Cotes-analyse-et-conseil.png\" \/>\n\t<meta property=\"og:image:width\" content=\"1200\" \/>\n\t<meta property=\"og:image:height\" content=\"674\" \/>\n\t<meta property=\"og:image:type\" content=\"image\/png\" \/>\n<meta name=\"author\" content=\"Nicolas Jacquemard\" \/>\n<meta name=\"twitter:card\" content=\"summary_large_image\" \/>\n<meta name=\"twitter:title\" content=\"Pronostic Brest - Sturm Graz : Cotes, analyse et conseil\" \/>\n<meta name=\"twitter:creator\" content=\"@https:\/\/twitter.com\/Nico_Jacquemard\" \/>\n<meta name=\"twitter:site\" content=\"@dicodusport\" \/>\n<script type=\"application\/ld+json\" class=\"yoast-schema-graph\">{\"@context\":\"https:\/\/schema.org\",\"@graph\":[{\"@type\":\"NewsArticle\",\"@id\":\"https:\/\/dicodusport.fr\/blog\/pronostic-brest-sturm-graz-cotes-analyse-et-conseil\/#article\",\"isPartOf\":{\"@id\":\"https:\/\/dicodusport.fr\/blog\/pronostic-brest-sturm-graz-cotes-analyse-et-conseil\/\"},\"author\":{\"name\":\"Nicolas Jacquemard\",\"@id\":\"https:\/\/dicodusport.fr\/blog\/#\/schema\/person\/55dcb50ad410894e431ed812bbb70191\"},\"headline\":\"Pronostic Brest &#8211; Sturm Graz : Cotes, analyse et conseil\",\"datePublished\":\"2024-09-18T15:34:28+00:00\",\"dateModified\":\"2025-09-16T06:52:29+00:00\",\"mainEntityOfPage\":{\"@id\":\"https:\/\/dicodusport.fr\/blog\/pronostic-brest-sturm-graz-cotes-analyse-et-conseil\/\"},\"wordCount\":312,\"commentCount\":0,\"publisher\":{\"@id\":\"https:\/\/dicodusport.fr\/blog\/#organization\"},\"image\":{\"@id\":\"https:\/\/dicodusport.fr\/blog\/pronostic-brest-sturm-graz-cotes-analyse-et-conseil\/#primaryimage\"},\"thumbnailUrl\":\"https:\/\/dicodusport.fr\/blog\/wp-content\/uploads\/2024\/09\/Pronostic-Brest-Sturm-Graz-Cotes-analyse-et-conseil.png\",\"keywords\":[\"Brest\",\"Football\",\"Ligue des champions\",\"Pronostics\",\"Sturm Graz\"],\"articleSection\":[\"Ligue des Champions de football\"],\"inLanguage\":\"fr-FR\",\"potentialAction\":[{\"@type\":\"CommentAction\",\"name\":\"Comment\",\"target\":[\"https:\/\/dicodusport.fr\/blog\/pronostic-brest-sturm-graz-cotes-analyse-et-conseil\/#respond\"]}],\"copyrightYear\":\"2024\",\"copyrightHolder\":{\"@id\":\"https:\/\/dicodusport.fr\/blog\/#organization\"}},{\"@type\":\"WebPage\",\"@id\":\"https:\/\/dicodusport.fr\/blog\/pronostic-brest-sturm-graz-cotes-analyse-et-conseil\/\",\"url\":\"https:\/\/dicodusport.fr\/blog\/pronostic-brest-sturm-graz-cotes-analyse-et-conseil\/\",\"name\":\"Pronostic Brest - Sturm Graz : Cotes, analyse et conseil - Dicodusport\",\"isPartOf\":{\"@id\":\"https:\/\/dicodusport.fr\/blog\/#website\"},\"primaryImageOfPage\":{\"@id\":\"https:\/\/dicodusport.fr\/blog\/pronostic-brest-sturm-graz-cotes-analyse-et-conseil\/#primaryimage\"},\"image\":{\"@id\":\"https:\/\/dicodusport.fr\/blog\/pronostic-brest-sturm-graz-cotes-analyse-et-conseil\/#primaryimage\"},\"thumbnailUrl\":\"https:\/\/dicodusport.fr\/blog\/wp-content\/uploads\/2024\/09\/Pronostic-Brest-Sturm-Graz-Cotes-analyse-et-conseil.png\",\"datePublished\":\"2024-09-18T15:34:28+00:00\",\"dateModified\":\"2025-09-16T06:52:29+00:00\",\"description\":\"LIGUE DES CHAMPIONS 2024-2025 - Brest re\u00e7oit le Sturm Graz lors de la 1\u00e8re journ\u00e9e de Ligue des Champions. Notre pronostic pour la rencontre.\",\"breadcrumb\":{\"@id\":\"https:\/\/dicodusport.fr\/blog\/pronostic-brest-sturm-graz-cotes-analyse-et-conseil\/#breadcrumb\"},\"inLanguage\":\"fr-FR\",\"potentialAction\":[{\"@type\":\"ReadAction\",\"target\":[\"https:\/\/dicodusport.fr\/blog\/pronostic-brest-sturm-graz-cotes-analyse-et-conseil\/\"]}]},{\"@type\":\"ImageObject\",\"inLanguage\":\"fr-FR\",\"@id\":\"https:\/\/dicodusport.fr\/blog\/pronostic-brest-sturm-graz-cotes-analyse-et-conseil\/#primaryimage\",\"url\":\"https:\/\/dicodusport.fr\/blog\/wp-content\/uploads\/2024\/09\/Pronostic-Brest-Sturm-Graz-Cotes-analyse-et-conseil.png\",\"contentUrl\":\"https:\/\/dicodusport.fr\/blog\/wp-content\/uploads\/2024\/09\/Pronostic-Brest-Sturm-Graz-Cotes-analyse-et-conseil.png\",\"width\":1200,\"height\":674,\"caption\":\"Pronostic Brest - Sturm Graz Cotes, analyse et conseil\"},{\"@type\":\"BreadcrumbList\",\"@id\":\"https:\/\/dicodusport.fr\/blog\/pronostic-brest-sturm-graz-cotes-analyse-et-conseil\/#breadcrumb\",\"itemListElement\":[{\"@type\":\"ListItem\",\"position\":1,\"name\":\"Accueil\",\"item\":\"https:\/\/dicodusport.fr\/blog\/\"},{\"@type\":\"ListItem\",\"position\":2,\"name\":\"Pronostic Brest &#8211; Sturm Graz : Cotes, analyse et conseil\"}]},{\"@type\":\"WebSite\",\"@id\":\"https:\/\/dicodusport.fr\/blog\/#website\",\"url\":\"https:\/\/dicodusport.fr\/blog\/\",\"name\":\"Dicodusport\",\"description\":\"L&#039;encyclop\u00e9die de l&#039;actualit\u00e9 sportive\",\"publisher\":{\"@id\":\"https:\/\/dicodusport.fr\/blog\/#organization\"},\"potentialAction\":[{\"@type\":\"SearchAction\",\"target\":{\"@type\":\"EntryPoint\",\"urlTemplate\":\"https:\/\/dicodusport.fr\/blog\/?s={search_term_string}\"},\"query-input\":{\"@type\":\"PropertyValueSpecification\",\"valueRequired\":true,\"valueName\":\"search_term_string\"}}],\"inLanguage\":\"fr-FR\"},{\"@type\":\"NewsMediaOrganization\",\"@id\":\"https:\/\/dicodusport.fr\/blog\/#organization\",\"name\":\"Dicodusport\",\"url\":\"https:\/\/dicodusport.fr\/blog\/\",\"logo\":{\"@type\":\"ImageObject\",\"inLanguage\":\"fr-FR\",\"@id\":\"https:\/\/dicodusport.fr\/blog\/#\/schema\/logo\/image\/\",\"url\":\"https:\/\/dicodusport.fr\/blog\/wp-content\/uploads\/2020\/06\/cropped-LOGO-DICODUSPORT-2020-SANS-FOND-SANS-TEXTE.png\",\"contentUrl\":\"https:\/\/dicodusport.fr\/blog\/wp-content\/uploads\/2020\/06\/cropped-LOGO-DICODUSPORT-2020-SANS-FOND-SANS-TEXTE.png\",\"width\":512,\"height\":512,\"caption\":\"Dicodusport\"},\"image\":{\"@id\":\"https:\/\/dicodusport.fr\/blog\/#\/schema\/logo\/image\/\"},\"sameAs\":[\"https:\/\/www.facebook.com\/dicodusport\",\"https:\/\/x.com\/dicodusport\",\"https:\/\/www.instagram.com\/dicodusport\/\",\"https:\/\/www.youtube.com\/channel\/UC7V2KZ5sd3htJivAbA4ZG3w\"],\"description\":\"Dicodusport est l'encyclop\u00e9die de l'actualit\u00e9 sportive.\",\"email\":\"bonjour@dicodusport.fr\",\"legalName\":\"DICODUSPORT\",\"foundingDate\":\"2018-01-14\",\"vatID\":\"FR71834470973\",\"taxID\":\"83447097300043\",\"numberOfEmployees\":{\"@type\":\"QuantitativeValue\",\"minValue\":\"1\",\"maxValue\":\"10\"}},{\"@type\":\"Person\",\"@id\":\"https:\/\/dicodusport.fr\/blog\/#\/schema\/person\/55dcb50ad410894e431ed812bbb70191\",\"name\":\"Nicolas Jacquemard\",\"image\":{\"@type\":\"ImageObject\",\"inLanguage\":\"fr-FR\",\"@id\":\"https:\/\/dicodusport.fr\/blog\/#\/schema\/person\/image\/\",\"url\":\"https:\/\/dicodusport.fr\/blog\/wp-content\/uploads\/2021\/05\/Nicolas-Jacquemard-150x150.jpeg\",\"contentUrl\":\"https:\/\/dicodusport.fr\/blog\/wp-content\/uploads\/2021\/05\/Nicolas-Jacquemard-150x150.jpeg\",\"caption\":\"Nicolas Jacquemard\"},\"description\":\"Passionn\u00e9 de sport et entrepreneur depuis mes 18 ans, la cr\u00e9ation de Dicodusport m'a sembl\u00e9 \u00e9vidente pour participer \u00e0 la m\u00e9diatisation d'un plus grand nombre de sports. Le chemin est long mais avec une \u00e9quipe des plus motiv\u00e9es et les Jeux Olympiques de Paris 2024 en point de mire, nous y arriverons ! Journaliste dans le monde du sport depuis plus de 5 ans, je traite aussi bien de football, de rugby, de biathlon que de cyclisme.\",\"sameAs\":[\"https:\/\/www.facebook.com\/dicodusport\",\"https:\/\/x.com\/https:\/\/twitter.com\/Nico_Jacquemard\"],\"url\":\"https:\/\/dicodusport.fr\/blog\/author\/dicodusport\/\"}]}<\/script>\n<!-- \/ Yoast SEO Premium plugin. -->","yoast_head_json":{"title":"Pronostic Brest - Sturm Graz : Cotes, analyse et conseil - Dicodusport","description":"LIGUE DES CHAMPIONS 2024-2025 - Brest re\u00e7oit le Sturm Graz lors de la 1\u00e8re journ\u00e9e de Ligue des Champions. Notre pronostic pour la rencontre.","robots":{"index":"index","follow":"follow","max-snippet":"max-snippet:-1","max-image-preview":"max-image-preview:large","max-video-preview":"max-video-preview:-1"},"canonical":"https:\/\/dicodusport.fr\/blog\/pronostic-brest-sturm-graz-cotes-analyse-et-conseil\/","og_locale":"fr_FR","og_type":"article","og_title":"Pronostic Brest - Sturm Graz : Cotes, analyse et conseil","og_description":"LIGUE DES CHAMPIONS 2024-2025 - Brest re\u00e7oit le Sturm Graz lors de la 1\u00e8re journ\u00e9e de Ligue des Champions. Notre pronostic pour la rencontre.","og_url":"https:\/\/dicodusport.fr\/blog\/pronostic-brest-sturm-graz-cotes-analyse-et-conseil\/","og_site_name":"Dicodusport","article_publisher":"https:\/\/www.facebook.com\/dicodusport","article_author":"https:\/\/www.facebook.com\/dicodusport","article_published_time":"2024-09-18T15:34:28+00:00","article_modified_time":"2025-09-16T06:52:29+00:00","og_image":[{"width":1200,"height":674,"url":"https:\/\/dicodusport.fr\/blog\/wp-content\/uploads\/2024\/09\/Pronostic-Brest-Sturm-Graz-Cotes-analyse-et-conseil.png","type":"image\/png"}],"author":"Nicolas Jacquemard","twitter_card":"summary_large_image","twitter_title":"Pronostic Brest - Sturm Graz : Cotes, analyse et conseil","twitter_creator":"@https:\/\/twitter.com\/Nico_Jacquemard","twitter_site":"@dicodusport","schema":{"@context":"https:\/\/schema.org","@graph":[{"@type":"NewsArticle","@id":"https:\/\/dicodusport.fr\/blog\/pronostic-brest-sturm-graz-cotes-analyse-et-conseil\/#article","isPartOf":{"@id":"https:\/\/dicodusport.fr\/blog\/pronostic-brest-sturm-graz-cotes-analyse-et-conseil\/"},"author":{"name":"Nicolas Jacquemard","@id":"https:\/\/dicodusport.fr\/blog\/#\/schema\/person\/55dcb50ad410894e431ed812bbb70191"},"headline":"Pronostic Brest &#8211; Sturm Graz : Cotes, analyse et conseil","datePublished":"2024-09-18T15:34:28+00:00","dateModified":"2025-09-16T06:52:29+00:00","mainEntityOfPage":{"@id":"https:\/\/dicodusport.fr\/blog\/pronostic-brest-sturm-graz-cotes-analyse-et-conseil\/"},"wordCount":312,"commentCount":0,"publisher":{"@id":"https:\/\/dicodusport.fr\/blog\/#organization"},"image":{"@id":"https:\/\/dicodusport.fr\/blog\/pronostic-brest-sturm-graz-cotes-analyse-et-conseil\/#primaryimage"},"thumbnailUrl":"https:\/\/dicodusport.fr\/blog\/wp-content\/uploads\/2024\/09\/Pronostic-Brest-Sturm-Graz-Cotes-analyse-et-conseil.png","keywords":["Brest","Football","Ligue des champions","Pronostics","Sturm Graz"],"articleSection":["Ligue des Champions de football"],"inLanguage":"fr-FR","potentialAction":[{"@type":"CommentAction","name":"Comment","target":["https:\/\/dicodusport.fr\/blog\/pronostic-brest-sturm-graz-cotes-analyse-et-conseil\/#respond"]}],"copyrightYear":"2024","copyrightHolder":{"@id":"https:\/\/dicodusport.fr\/blog\/#organization"}},{"@type":"WebPage","@id":"https:\/\/dicodusport.fr\/blog\/pronostic-brest-sturm-graz-cotes-analyse-et-conseil\/","url":"https:\/\/dicodusport.fr\/blog\/pronostic-brest-sturm-graz-cotes-analyse-et-conseil\/","name":"Pronostic Brest - Sturm Graz : Cotes, analyse et conseil - Dicodusport","isPartOf":{"@id":"https:\/\/dicodusport.fr\/blog\/#website"},"primaryImageOfPage":{"@id":"https:\/\/dicodusport.fr\/blog\/pronostic-brest-sturm-graz-cotes-analyse-et-conseil\/#primaryimage"},"image":{"@id":"https:\/\/dicodusport.fr\/blog\/pronostic-brest-sturm-graz-cotes-analyse-et-conseil\/#primaryimage"},"thumbnailUrl":"https:\/\/dicodusport.fr\/blog\/wp-content\/uploads\/2024\/09\/Pronostic-Brest-Sturm-Graz-Cotes-analyse-et-conseil.png","datePublished":"2024-09-18T15:34:28+00:00","dateModified":"2025-09-16T06:52:29+00:00","description":"LIGUE DES CHAMPIONS 2024-2025 - Brest re\u00e7oit le Sturm Graz lors de la 1\u00e8re journ\u00e9e de Ligue des Champions. Notre pronostic pour la rencontre.","breadcrumb":{"@id":"https:\/\/dicodusport.fr\/blog\/pronostic-brest-sturm-graz-cotes-analyse-et-conseil\/#breadcrumb"},"inLanguage":"fr-FR","potentialAction":[{"@type":"ReadAction","target":["https:\/\/dicodusport.fr\/blog\/pronostic-brest-sturm-graz-cotes-analyse-et-conseil\/"]}]},{"@type":"ImageObject","inLanguage":"fr-FR","@id":"https:\/\/dicodusport.fr\/blog\/pronostic-brest-sturm-graz-cotes-analyse-et-conseil\/#primaryimage","url":"https:\/\/dicodusport.fr\/blog\/wp-content\/uploads\/2024\/09\/Pronostic-Brest-Sturm-Graz-Cotes-analyse-et-conseil.png","contentUrl":"https:\/\/dicodusport.fr\/blog\/wp-content\/uploads\/2024\/09\/Pronostic-Brest-Sturm-Graz-Cotes-analyse-et-conseil.png","width":1200,"height":674,"caption":"Pronostic Brest - Sturm Graz Cotes, analyse et conseil"},{"@type":"BreadcrumbList","@id":"https:\/\/dicodusport.fr\/blog\/pronostic-brest-sturm-graz-cotes-analyse-et-conseil\/#breadcrumb","itemListElement":[{"@type":"ListItem","position":1,"name":"Accueil","item":"https:\/\/dicodusport.fr\/blog\/"},{"@type":"ListItem","position":2,"name":"Pronostic Brest &#8211; Sturm Graz : Cotes, analyse et conseil"}]},{"@type":"WebSite","@id":"https:\/\/dicodusport.fr\/blog\/#website","url":"https:\/\/dicodusport.fr\/blog\/","name":"Dicodusport","description":"L&#039;encyclop\u00e9die de l&#039;actualit\u00e9 sportive","publisher":{"@id":"https:\/\/dicodusport.fr\/blog\/#organization"},"potentialAction":[{"@type":"SearchAction","target":{"@type":"EntryPoint","urlTemplate":"https:\/\/dicodusport.fr\/blog\/?s={search_term_string}"},"query-input":{"@type":"PropertyValueSpecification","valueRequired":true,"valueName":"search_term_string"}}],"inLanguage":"fr-FR"},{"@type":"NewsMediaOrganization","@id":"https:\/\/dicodusport.fr\/blog\/#organization","name":"Dicodusport","url":"https:\/\/dicodusport.fr\/blog\/","logo":{"@type":"ImageObject","inLanguage":"fr-FR","@id":"https:\/\/dicodusport.fr\/blog\/#\/schema\/logo\/image\/","url":"https:\/\/dicodusport.fr\/blog\/wp-content\/uploads\/2020\/06\/cropped-LOGO-DICODUSPORT-2020-SANS-FOND-SANS-TEXTE.png","contentUrl":"https:\/\/dicodusport.fr\/blog\/wp-content\/uploads\/2020\/06\/cropped-LOGO-DICODUSPORT-2020-SANS-FOND-SANS-TEXTE.png","width":512,"height":512,"caption":"Dicodusport"},"image":{"@id":"https:\/\/dicodusport.fr\/blog\/#\/schema\/logo\/image\/"},"sameAs":["https:\/\/www.facebook.com\/dicodusport","https:\/\/x.com\/dicodusport","https:\/\/www.instagram.com\/dicodusport\/","https:\/\/www.youtube.com\/channel\/UC7V2KZ5sd3htJivAbA4ZG3w"],"description":"Dicodusport est l'encyclop\u00e9die de l'actualit\u00e9 sportive.","email":"bonjour@dicodusport.fr","legalName":"DICODUSPORT","foundingDate":"2018-01-14","vatID":"FR71834470973","taxID":"83447097300043","numberOfEmployees":{"@type":"QuantitativeValue","minValue":"1","maxValue":"10"}},{"@type":"Person","@id":"https:\/\/dicodusport.fr\/blog\/#\/schema\/person\/55dcb50ad410894e431ed812bbb70191","name":"Nicolas Jacquemard","image":{"@type":"ImageObject","inLanguage":"fr-FR","@id":"https:\/\/dicodusport.fr\/blog\/#\/schema\/person\/image\/","url":"https:\/\/dicodusport.fr\/blog\/wp-content\/uploads\/2021\/05\/Nicolas-Jacquemard-150x150.jpeg","contentUrl":"https:\/\/dicodusport.fr\/blog\/wp-content\/uploads\/2021\/05\/Nicolas-Jacquemard-150x150.jpeg","caption":"Nicolas Jacquemard"},"description":"Passionn\u00e9 de sport et entrepreneur depuis mes 18 ans, la cr\u00e9ation de Dicodusport m'a sembl\u00e9 \u00e9vidente pour participer \u00e0 la m\u00e9diatisation d'un plus grand nombre de sports. Le chemin est long mais avec une \u00e9quipe des plus motiv\u00e9es et les Jeux Olympiques de Paris 2024 en point de mire, nous y arriverons ! Journaliste dans le monde du sport depuis plus de 5 ans, je traite aussi bien de football, de rugby, de biathlon que de cyclisme.","sameAs":["https:\/\/www.facebook.com\/dicodusport","https:\/\/x.com\/https:\/\/twitter.com\/Nico_Jacquemard"],"url":"https:\/\/dicodusport.fr\/blog\/author\/dicodusport\/"}]}},"_links":{"self":[{"href":"https:\/\/dicodusport.fr\/blog\/wp-json\/wp\/v2\/posts\/521011","targetHints":{"allow":["GET"]}}],"collection":[{"href":"https:\/\/dicodusport.fr\/blog\/wp-json\/wp\/v2\/posts"}],"about":[{"href":"https:\/\/dicodusport.fr\/blog\/wp-json\/wp\/v2\/types\/post"}],"author":[{"embeddable":true,"href":"https:\/\/dicodusport.fr\/blog\/wp-json\/wp\/v2\/users\/1"}],"replies":[{"embeddable":true,"href":"https:\/\/dicodusport.fr\/blog\/wp-json\/wp\/v2\/comments?post=521011"}],"version-history":[{"count":5,"href":"https:\/\/dicodusport.fr\/blog\/wp-json\/wp\/v2\/posts\/521011\/revisions"}],"predecessor-version":[{"id":521222,"href":"https:\/\/dicodusport.fr\/blog\/wp-json\/wp\/v2\/posts\/521011\/revisions\/521222"}],"wp:featuredmedia":[{"embeddable":true,"href":"https:\/\/dicodusport.fr\/blog\/wp-json\/wp\/v2\/media\/521012"}],"wp:attachment":[{"href":"https:\/\/dicodusport.fr\/blog\/wp-json\/wp\/v2\/media?parent=521011"}],"wp:term":[{"taxonomy":"category","embeddable":true,"href":"https:\/\/dicodusport.fr\/blog\/wp-json\/wp\/v2\/categories?post=521011"},{"taxonomy":"post_tag","embeddable":true,"href":"https:\/\/dicodusport.fr\/blog\/wp-json\/wp\/v2\/tags?post=521011"}],"curies":[{"name":"wp","href":"https:\/\/api.w.org\/{rel}","templated":true}]}}