{"id":521122,"date":"2024-09-18T11:39:14","date_gmt":"2024-09-18T09:39:14","guid":{"rendered":"https:\/\/dicodusport.fr\/blog\/?p=521122&#038;preview=true&#038;preview_id=521122"},"modified":"2024-09-18T12:01:49","modified_gmt":"2024-09-18T10:01:49","slug":"transferts-decathlon-ag2r-la-mondiale-promeut-5-jeunes-dont-paul-seixas","status":"publish","type":"post","link":"https:\/\/dicodusport.fr\/blog\/transferts-decathlon-ag2r-la-mondiale-promeut-5-jeunes-dont-paul-seixas\/","title":{"rendered":"Transferts : Decathlon AG2R La Mondiale promeut 5 jeunes, dont Paul Seixas"},"content":{"rendered":"<p style=\"text-align: justify;\"><strong><em>CYCLISME SUR ROUTE &#8211; Ce mercredi, la formation Decathlon-AG2R La Mondiale a annonc\u00e9 la promotion en World Tour de cinq membres de son \u00e9quipe de d\u00e9veloppement, en 2025. Et non des moindres, avec notamment le ph\u00e9nom\u00e8ne Paul Seixas, ou l&rsquo;actuel champion du Danemark, Rasmus S\u00f8jberg Pedersen.<\/em><\/strong><\/p>\n<ul style=\"text-align: justify;\">\n<li style=\"text-align: justify;\"><strong>\u00c0 voir \u00e9galement : <a href=\"https:\/\/dicodusport.fr\/blog\/actualites\/cyclisme\/\">Toute l&rsquo;actualit\u00e9 du cyclisme<\/a><\/strong><\/li>\n<\/ul>\n<p style=\"text-align: justify;\">Jusque-l\u00e0 discr\u00e8te dans le sens des arriv\u00e9es, la formation <strong>Decathlon AG2R La Mondiale<\/strong> passe \u00e0 l&rsquo;action. Apr\u00e8s <strong><a href=\"https:\/\/dicodusport.fr\/blog\/transferts-cyclisme-johannes-staune-mittet-vers-une-equipe-francaise\/\">Johannes Staune-Mittet<\/a><\/strong>, en provenance de la Visma Lease a bike, ce sont cinq nouveaux coureurs qui ont \u00e9t\u00e9 annonc\u00e9s pour int\u00e9grer l&rsquo;\u00e9quipe en 2025 ! L\u00e0 encore, la structure savoyarde va s&rsquo;appuyer sur de la jeunesse, mais cette fois-ci en piochant au sein de son \u00e9quipe de d\u00e9veloppement.<\/p>\n<ul style=\"text-align: justify;\">\n<li style=\"text-align: justify;\"><strong>\u00c0 voir \u00e9galement : <a href=\"https:\/\/dicodusport.fr\/blog\/cyclisme-mercato-2024-2025-tableau-des-transferts\/\">Cyclisme Mercato 2024-2025 \u2013 Tableau des transferts<\/a><\/strong><\/li>\n<\/ul>\n<h2 style=\"text-align: justify;\">Decathlon AG2R La Mondiale pr\u00e9pare l&rsquo;avenir<\/h2>\n<p style=\"text-align: justify;\">Le surprenant dernier champion du Danemark, <strong>Rasmus S\u00f8jberg Pedersen<\/strong>, fait partie des heureux \u00e9lus, tout comme le Fran\u00e7ais qui cartonne sur le circuit Juniors, <a href=\"https:\/\/dicodusport.fr\/blog\/paul-seixas-du-talent-et-des-promesses\/\"><strong>Paul Seixas<\/strong><\/a>. Troisi\u00e8me des derniers championnats d&rsquo;Europe, il a rafl\u00e9 une grosse dizaine de victoires cette ann\u00e9e, dont Li\u00e8ge-Bastogne-Li\u00e8ge et les championnats de France. Impressionnant, son passage au plus haut niveau sera scrut\u00e9 avec attention alors qu&rsquo;il f\u00eatera seulement ses 18 ans la semaine prochaine. \u00c0 leurs c\u00f4t\u00e9s, on retrouvera un autre gar\u00e7on bien connu des sp\u00e9cialistes du cyclo-cross, en la personne de <strong>L\u00e9o Bisiaux<\/strong>. Le gar\u00e7on de 19 ans avait brill\u00e9 il y a un an et demi en \u00e9crasant le circuit Juniors, raflant les titres de champions de France, d&rsquo;Europe et du monde !<\/p>\n<p style=\"text-align: justify;\">Pour compl\u00e9ter le tableau, le champion du monde du contre-la-montre junior, le Britannique <strong>Oscar Chamberlain<\/strong> (19 ans), est \u00e9galement promu. Tout comme l&rsquo;ancien pensionnaire de CIC U Nantes Atlantique, <strong>Noa Isidore<\/strong> (20 ans). Ce quintet a fi\u00e8re allure, et forme un noyau de jeunes extr\u00eamement prometteur pour l&rsquo;avenir, tous ayant sign\u00e9 pour des dur\u00e9es de deux \u00e0 quatre ans. Dans le flou il y a encore un an, le projet Decathlon AG2R La Mondiale reprend des couleurs, fort de 30 bouquets glan\u00e9s en 2024.<\/p>\n<p style=\"text-align: justify;\"><em><strong>\u00c9ch\u00e9ance des contrats :<\/strong><\/em> L\u00e9o Bisiaux (2028), Paul Seixas (2027), Rasmus S\u00f8jberg Pedersen (2027), Oscar Chamberlain (2027), Noa Isidore (2026).<\/p>\n<blockquote class=\"twitter-tweet\">\n<p dir=\"ltr\" lang=\"fr\">\ud835\ude47\ud835\ude56 \ud835\ude49\ud835\ude5a\ud835\ude6c\ud835\ude42\ud835\ude5a\ud835\ude63 \ud835\ude56\u0300 \ud835\ude61\u2019\ud835\ude56\ud835\ude68\ud835\ude68\ud835\ude56\ud835\ude6a\ud835\ude69 \ud835\ude59\ud835\ude5a \ud835\ude61\ud835\ude56 \ud835\ude52\ud835\ude64\ud835\ude67\ud835\ude61\ud835\ude59\ud835\ude4f\ud835\ude64\ud835\ude6a\ud835\ude67 \u2694\ufe0f<\/p>\n<p>Nous sommes heureux de vous annoncer que 5 coureurs de notre \u00e9quipe <a href=\"https:\/\/twitter.com\/DAT_NewGen?ref_src=twsrc%5Etfw\">@DAT_NewGen<\/a> int\u00e8greront la WorldTour en 2025.<\/p>\n<p>\ud83c\uddeb\ud83c\uddf7 <a href=\"https:\/\/twitter.com\/lbsx1?ref_src=twsrc%5Etfw\">@lbsx1<\/a> (2025 &#8211; 2028)<br \/>\n\ud83c\udde6\ud83c\uddfa <a href=\"https:\/\/twitter.com\/oscarchambo?ref_src=twsrc%5Etfw\">@oscarchambo<\/a> (2025 &#8211; 2027)<br \/>\n\ud83c\uddeb\ud83c\uddf7 Noa Isidore (2025 &#8211; 2026)<br \/>\n\ud83c\udde9\ud83c\uddf0\u2026 <a href=\"https:\/\/t.co\/WHrJm4K7Iy\">pic.twitter.com\/WHrJm4K7Iy<\/a><\/p>\n<p>\u2014 DECATHLON AG2R LA MONDIALE TEAM (@decathlonAG2RLM) <a href=\"https:\/\/twitter.com\/decathlonAG2RLM\/status\/1836329362511024181?ref_src=twsrc%5Etfw\">September 18, 2024<\/a><\/p><\/blockquote>\n<p><script async src=\"https:\/\/platform.twitter.com\/widgets.js\" charset=\"utf-8\"><\/script><\/p>\n","protected":false},"excerpt":{"rendered":"<p>CYCLISME SUR ROUTE &#8211; Ce mercredi, la formation Decathlon-AG2R La Mondiale a annonc\u00e9 la promotion dans l&rsquo;effectif World Tour de cinq membres de son \u00e9quipe de d\u00e9veloppement, en 2025. Et non des moindres, avec notamment le ph\u00e9nom\u00e8ne Paul Seixas, ou l&rsquo;actuel champion du Danemark, Rasmus S\u00f8jberg Pedersen.<\/p>\n","protected":false},"author":55,"featured_media":521125,"comment_status":"open","ping_status":"closed","sticky":false,"template":"","format":"standard","meta":{"_acf_changed":false,"_daextam_enable_autolinks":"1","footnotes":""},"categories":[46994],"tags":[32415,16878,574,36132,27754,39260],"class_list":["post-521122","post","type-post","status-publish","format-standard","has-post-thumbnail","hentry","category-cyclisme-sur-route","tag-actu","tag-breve","tag-cyclisme","tag-decathlon-ag2r-la-mondiale","tag-leo-bisiaux","tag-paul-seixas"],"acf":[],"yoast_head":"<!-- This site is optimized with the Yoast SEO Premium plugin v26.7 (Yoast SEO v26.7) - https:\/\/yoast.com\/wordpress\/plugins\/seo\/ -->\n<title>Transferts : Decathlon AG2R La Mondiale promeut 5 jeunes, dont Paul Seixas<\/title>\n<meta name=\"description\" content=\"TRANSFERTS CYCLISME : Decathlon-AG2R La Mondiale a annonc\u00e9 la promotion de cinq jeunes en World Tour d\u00e8s 2025, dont Paul Seixas.\" \/>\n<meta name=\"robots\" content=\"index, follow, max-snippet:-1, max-image-preview:large, max-video-preview:-1\" \/>\n<link rel=\"canonical\" href=\"https:\/\/dicodusport.fr\/blog\/transferts-decathlon-ag2r-la-mondiale-promeut-5-jeunes-dont-paul-seixas\/\" \/>\n<meta property=\"og:locale\" content=\"fr_FR\" \/>\n<meta property=\"og:type\" content=\"article\" \/>\n<meta property=\"og:title\" content=\"Transferts : Decathlon AG2R La Mondiale promeut 5 jeunes, dont Paul Seixas\" \/>\n<meta property=\"og:description\" content=\"TRANSFERTS CYCLISME : Decathlon-AG2R La Mondiale a annonc\u00e9 la promotion de cinq jeunes en World Tour d\u00e8s 2025, dont Paul Seixas.\" \/>\n<meta property=\"og:url\" content=\"https:\/\/dicodusport.fr\/blog\/transferts-decathlon-ag2r-la-mondiale-promeut-5-jeunes-dont-paul-seixas\/\" \/>\n<meta property=\"og:site_name\" content=\"Dicodusport\" \/>\n<meta property=\"article:publisher\" content=\"https:\/\/www.facebook.com\/dicodusport\" \/>\n<meta property=\"article:published_time\" content=\"2024-09-18T09:39:14+00:00\" \/>\n<meta property=\"article:modified_time\" content=\"2024-09-18T10:01:49+00:00\" \/>\n<meta property=\"og:image\" content=\"https:\/\/dicodusport.fr\/blog\/wp-content\/uploads\/2024\/09\/Transferts-Decathlon-AG2R-La-Mondiale-promeut-5-jeunes-dont-Paul-Seixas.png\" \/>\n\t<meta property=\"og:image:width\" content=\"1200\" \/>\n\t<meta property=\"og:image:height\" content=\"674\" \/>\n\t<meta property=\"og:image:type\" content=\"image\/png\" \/>\n<meta name=\"author\" content=\"Maxime Cazenave\" \/>\n<meta name=\"twitter:card\" content=\"summary_large_image\" \/>\n<meta name=\"twitter:title\" content=\"Transferts : Decathlon AG2R La Mondiale promeut 5 jeunes, dont Paul Seixas\" \/>\n<meta name=\"twitter:creator\" content=\"@https:\/\/twitter.com\/Maxime_Caze\" \/>\n<meta name=\"twitter:site\" content=\"@dicodusport\" \/>\n<script type=\"application\/ld+json\" class=\"yoast-schema-graph\">{\"@context\":\"https:\/\/schema.org\",\"@graph\":[{\"@type\":\"NewsArticle\",\"@id\":\"https:\/\/dicodusport.fr\/blog\/transferts-decathlon-ag2r-la-mondiale-promeut-5-jeunes-dont-paul-seixas\/#article\",\"isPartOf\":{\"@id\":\"https:\/\/dicodusport.fr\/blog\/transferts-decathlon-ag2r-la-mondiale-promeut-5-jeunes-dont-paul-seixas\/\"},\"author\":{\"name\":\"Maxime Cazenave\",\"@id\":\"https:\/\/dicodusport.fr\/blog\/#\/schema\/person\/37def232098a7a5cbab3974a3690abb0\"},\"headline\":\"Transferts : Decathlon AG2R La Mondiale promeut 5 jeunes, dont Paul Seixas\",\"datePublished\":\"2024-09-18T09:39:14+00:00\",\"dateModified\":\"2024-09-18T10:01:49+00:00\",\"mainEntityOfPage\":{\"@id\":\"https:\/\/dicodusport.fr\/blog\/transferts-decathlon-ag2r-la-mondiale-promeut-5-jeunes-dont-paul-seixas\/\"},\"wordCount\":434,\"commentCount\":0,\"publisher\":{\"@id\":\"https:\/\/dicodusport.fr\/blog\/#organization\"},\"image\":{\"@id\":\"https:\/\/dicodusport.fr\/blog\/transferts-decathlon-ag2r-la-mondiale-promeut-5-jeunes-dont-paul-seixas\/#primaryimage\"},\"thumbnailUrl\":\"https:\/\/dicodusport.fr\/blog\/wp-content\/uploads\/2024\/09\/Transferts-Decathlon-AG2R-La-Mondiale-promeut-5-jeunes-dont-Paul-Seixas.png\",\"keywords\":[\"actu\",\"br\u00e8ve\",\"Cyclisme\",\"Decathlon AG2R La mondiale\",\"L\u00e9o Bisiaux\",\"paul seixas\"],\"articleSection\":[\"Cyclisme sur route\"],\"inLanguage\":\"fr-FR\",\"potentialAction\":[{\"@type\":\"CommentAction\",\"name\":\"Comment\",\"target\":[\"https:\/\/dicodusport.fr\/blog\/transferts-decathlon-ag2r-la-mondiale-promeut-5-jeunes-dont-paul-seixas\/#respond\"]}],\"copyrightYear\":\"2024\",\"copyrightHolder\":{\"@id\":\"https:\/\/dicodusport.fr\/blog\/#organization\"}},{\"@type\":\"WebPage\",\"@id\":\"https:\/\/dicodusport.fr\/blog\/transferts-decathlon-ag2r-la-mondiale-promeut-5-jeunes-dont-paul-seixas\/\",\"url\":\"https:\/\/dicodusport.fr\/blog\/transferts-decathlon-ag2r-la-mondiale-promeut-5-jeunes-dont-paul-seixas\/\",\"name\":\"Transferts : Decathlon AG2R La Mondiale promeut 5 jeunes, dont Paul Seixas\",\"isPartOf\":{\"@id\":\"https:\/\/dicodusport.fr\/blog\/#website\"},\"primaryImageOfPage\":{\"@id\":\"https:\/\/dicodusport.fr\/blog\/transferts-decathlon-ag2r-la-mondiale-promeut-5-jeunes-dont-paul-seixas\/#primaryimage\"},\"image\":{\"@id\":\"https:\/\/dicodusport.fr\/blog\/transferts-decathlon-ag2r-la-mondiale-promeut-5-jeunes-dont-paul-seixas\/#primaryimage\"},\"thumbnailUrl\":\"https:\/\/dicodusport.fr\/blog\/wp-content\/uploads\/2024\/09\/Transferts-Decathlon-AG2R-La-Mondiale-promeut-5-jeunes-dont-Paul-Seixas.png\",\"datePublished\":\"2024-09-18T09:39:14+00:00\",\"dateModified\":\"2024-09-18T10:01:49+00:00\",\"description\":\"TRANSFERTS CYCLISME : Decathlon-AG2R La Mondiale a annonc\u00e9 la promotion de cinq jeunes en World Tour d\u00e8s 2025, dont Paul Seixas.\",\"breadcrumb\":{\"@id\":\"https:\/\/dicodusport.fr\/blog\/transferts-decathlon-ag2r-la-mondiale-promeut-5-jeunes-dont-paul-seixas\/#breadcrumb\"},\"inLanguage\":\"fr-FR\",\"potentialAction\":[{\"@type\":\"ReadAction\",\"target\":[\"https:\/\/dicodusport.fr\/blog\/transferts-decathlon-ag2r-la-mondiale-promeut-5-jeunes-dont-paul-seixas\/\"]}]},{\"@type\":\"ImageObject\",\"inLanguage\":\"fr-FR\",\"@id\":\"https:\/\/dicodusport.fr\/blog\/transferts-decathlon-ag2r-la-mondiale-promeut-5-jeunes-dont-paul-seixas\/#primaryimage\",\"url\":\"https:\/\/dicodusport.fr\/blog\/wp-content\/uploads\/2024\/09\/Transferts-Decathlon-AG2R-La-Mondiale-promeut-5-jeunes-dont-Paul-Seixas.png\",\"contentUrl\":\"https:\/\/dicodusport.fr\/blog\/wp-content\/uploads\/2024\/09\/Transferts-Decathlon-AG2R-La-Mondiale-promeut-5-jeunes-dont-Paul-Seixas.png\",\"width\":1200,\"height\":674,\"caption\":\"Transferts : Decathlon-AG2R La Mondiale promeut 5 jeunes, dont Paul Seixas\"},{\"@type\":\"BreadcrumbList\",\"@id\":\"https:\/\/dicodusport.fr\/blog\/transferts-decathlon-ag2r-la-mondiale-promeut-5-jeunes-dont-paul-seixas\/#breadcrumb\",\"itemListElement\":[{\"@type\":\"ListItem\",\"position\":1,\"name\":\"Accueil\",\"item\":\"https:\/\/dicodusport.fr\/blog\/\"},{\"@type\":\"ListItem\",\"position\":2,\"name\":\"Transferts : Decathlon AG2R La Mondiale promeut 5 jeunes, dont Paul Seixas\"}]},{\"@type\":\"WebSite\",\"@id\":\"https:\/\/dicodusport.fr\/blog\/#website\",\"url\":\"https:\/\/dicodusport.fr\/blog\/\",\"name\":\"Dicodusport\",\"description\":\"L&#039;encyclop\u00e9die de l&#039;actualit\u00e9 sportive\",\"publisher\":{\"@id\":\"https:\/\/dicodusport.fr\/blog\/#organization\"},\"potentialAction\":[{\"@type\":\"SearchAction\",\"target\":{\"@type\":\"EntryPoint\",\"urlTemplate\":\"https:\/\/dicodusport.fr\/blog\/?s={search_term_string}\"},\"query-input\":{\"@type\":\"PropertyValueSpecification\",\"valueRequired\":true,\"valueName\":\"search_term_string\"}}],\"inLanguage\":\"fr-FR\"},{\"@type\":\"NewsMediaOrganization\",\"@id\":\"https:\/\/dicodusport.fr\/blog\/#organization\",\"name\":\"Dicodusport\",\"url\":\"https:\/\/dicodusport.fr\/blog\/\",\"logo\":{\"@type\":\"ImageObject\",\"inLanguage\":\"fr-FR\",\"@id\":\"https:\/\/dicodusport.fr\/blog\/#\/schema\/logo\/image\/\",\"url\":\"https:\/\/dicodusport.fr\/blog\/wp-content\/uploads\/2020\/06\/cropped-LOGO-DICODUSPORT-2020-SANS-FOND-SANS-TEXTE.png\",\"contentUrl\":\"https:\/\/dicodusport.fr\/blog\/wp-content\/uploads\/2020\/06\/cropped-LOGO-DICODUSPORT-2020-SANS-FOND-SANS-TEXTE.png\",\"width\":512,\"height\":512,\"caption\":\"Dicodusport\"},\"image\":{\"@id\":\"https:\/\/dicodusport.fr\/blog\/#\/schema\/logo\/image\/\"},\"sameAs\":[\"https:\/\/www.facebook.com\/dicodusport\",\"https:\/\/x.com\/dicodusport\",\"https:\/\/www.instagram.com\/dicodusport\/\",\"https:\/\/www.youtube.com\/channel\/UC7V2KZ5sd3htJivAbA4ZG3w\"],\"description\":\"Dicodusport est l'encyclop\u00e9die de l'actualit\u00e9 sportive.\",\"email\":\"bonjour@dicodusport.fr\",\"legalName\":\"DICODUSPORT\",\"foundingDate\":\"2018-01-14\",\"vatID\":\"FR71834470973\",\"taxID\":\"83447097300043\",\"numberOfEmployees\":{\"@type\":\"QuantitativeValue\",\"minValue\":\"1\",\"maxValue\":\"10\"}},{\"@type\":\"Person\",\"@id\":\"https:\/\/dicodusport.fr\/blog\/#\/schema\/person\/37def232098a7a5cbab3974a3690abb0\",\"name\":\"Maxime Cazenave\",\"image\":{\"@type\":\"ImageObject\",\"inLanguage\":\"fr-FR\",\"@id\":\"https:\/\/dicodusport.fr\/blog\/#\/schema\/person\/image\/\",\"url\":\"https:\/\/dicodusport.fr\/blog\/wp-content\/uploads\/2021\/05\/Maxime-Cazenave-150x150.jpg\",\"contentUrl\":\"https:\/\/dicodusport.fr\/blog\/wp-content\/uploads\/2021\/05\/Maxime-Cazenave-150x150.jpg\",\"caption\":\"Maxime Cazenave\"},\"description\":\"Journaliste\/R\u00e9dacteur depuis 2012 - Berc\u00e9 par l\u2019amour des Girondins de Bordeaux, les \u00e9checs de Christophe Moreau sur le Tour de France sous l'\u00e8re Lance Armstrong et le fade-away l\u00e9tal de Dirk Nowitzki, ma passion d\u00e9vorante pour le sport a toujours \u00e9t\u00e9 un pan incontournable de ma vie. Transmettre ma passion \u00e0 l\u2019\u00e9crit a \u00e9t\u00e9 une transition naturelle. Suiveur assidu de basket et de hockey sur glace, je garde toujours un peu de place pour suivre le cyclisme, le football et le maximum de performances fran\u00e7aises.\",\"sameAs\":[\"https:\/\/x.com\/https:\/\/twitter.com\/Maxime_Caze\"],\"url\":\"https:\/\/dicodusport.fr\/blog\/author\/maximec\/\"}]}<\/script>\n<!-- \/ Yoast SEO Premium plugin. -->","yoast_head_json":{"title":"Transferts : Decathlon AG2R La Mondiale promeut 5 jeunes, dont Paul Seixas","description":"TRANSFERTS CYCLISME : Decathlon-AG2R La Mondiale a annonc\u00e9 la promotion de cinq jeunes en World Tour d\u00e8s 2025, dont Paul Seixas.","robots":{"index":"index","follow":"follow","max-snippet":"max-snippet:-1","max-image-preview":"max-image-preview:large","max-video-preview":"max-video-preview:-1"},"canonical":"https:\/\/dicodusport.fr\/blog\/transferts-decathlon-ag2r-la-mondiale-promeut-5-jeunes-dont-paul-seixas\/","og_locale":"fr_FR","og_type":"article","og_title":"Transferts : Decathlon AG2R La Mondiale promeut 5 jeunes, dont Paul Seixas","og_description":"TRANSFERTS CYCLISME : Decathlon-AG2R La Mondiale a annonc\u00e9 la promotion de cinq jeunes en World Tour d\u00e8s 2025, dont Paul Seixas.","og_url":"https:\/\/dicodusport.fr\/blog\/transferts-decathlon-ag2r-la-mondiale-promeut-5-jeunes-dont-paul-seixas\/","og_site_name":"Dicodusport","article_publisher":"https:\/\/www.facebook.com\/dicodusport","article_published_time":"2024-09-18T09:39:14+00:00","article_modified_time":"2024-09-18T10:01:49+00:00","og_image":[{"width":1200,"height":674,"url":"https:\/\/dicodusport.fr\/blog\/wp-content\/uploads\/2024\/09\/Transferts-Decathlon-AG2R-La-Mondiale-promeut-5-jeunes-dont-Paul-Seixas.png","type":"image\/png"}],"author":"Maxime Cazenave","twitter_card":"summary_large_image","twitter_title":"Transferts : Decathlon AG2R La Mondiale promeut 5 jeunes, dont Paul Seixas","twitter_creator":"@https:\/\/twitter.com\/Maxime_Caze","twitter_site":"@dicodusport","schema":{"@context":"https:\/\/schema.org","@graph":[{"@type":"NewsArticle","@id":"https:\/\/dicodusport.fr\/blog\/transferts-decathlon-ag2r-la-mondiale-promeut-5-jeunes-dont-paul-seixas\/#article","isPartOf":{"@id":"https:\/\/dicodusport.fr\/blog\/transferts-decathlon-ag2r-la-mondiale-promeut-5-jeunes-dont-paul-seixas\/"},"author":{"name":"Maxime Cazenave","@id":"https:\/\/dicodusport.fr\/blog\/#\/schema\/person\/37def232098a7a5cbab3974a3690abb0"},"headline":"Transferts : Decathlon AG2R La Mondiale promeut 5 jeunes, dont Paul Seixas","datePublished":"2024-09-18T09:39:14+00:00","dateModified":"2024-09-18T10:01:49+00:00","mainEntityOfPage":{"@id":"https:\/\/dicodusport.fr\/blog\/transferts-decathlon-ag2r-la-mondiale-promeut-5-jeunes-dont-paul-seixas\/"},"wordCount":434,"commentCount":0,"publisher":{"@id":"https:\/\/dicodusport.fr\/blog\/#organization"},"image":{"@id":"https:\/\/dicodusport.fr\/blog\/transferts-decathlon-ag2r-la-mondiale-promeut-5-jeunes-dont-paul-seixas\/#primaryimage"},"thumbnailUrl":"https:\/\/dicodusport.fr\/blog\/wp-content\/uploads\/2024\/09\/Transferts-Decathlon-AG2R-La-Mondiale-promeut-5-jeunes-dont-Paul-Seixas.png","keywords":["actu","br\u00e8ve","Cyclisme","Decathlon AG2R La mondiale","L\u00e9o Bisiaux","paul seixas"],"articleSection":["Cyclisme sur route"],"inLanguage":"fr-FR","potentialAction":[{"@type":"CommentAction","name":"Comment","target":["https:\/\/dicodusport.fr\/blog\/transferts-decathlon-ag2r-la-mondiale-promeut-5-jeunes-dont-paul-seixas\/#respond"]}],"copyrightYear":"2024","copyrightHolder":{"@id":"https:\/\/dicodusport.fr\/blog\/#organization"}},{"@type":"WebPage","@id":"https:\/\/dicodusport.fr\/blog\/transferts-decathlon-ag2r-la-mondiale-promeut-5-jeunes-dont-paul-seixas\/","url":"https:\/\/dicodusport.fr\/blog\/transferts-decathlon-ag2r-la-mondiale-promeut-5-jeunes-dont-paul-seixas\/","name":"Transferts : Decathlon AG2R La Mondiale promeut 5 jeunes, dont Paul Seixas","isPartOf":{"@id":"https:\/\/dicodusport.fr\/blog\/#website"},"primaryImageOfPage":{"@id":"https:\/\/dicodusport.fr\/blog\/transferts-decathlon-ag2r-la-mondiale-promeut-5-jeunes-dont-paul-seixas\/#primaryimage"},"image":{"@id":"https:\/\/dicodusport.fr\/blog\/transferts-decathlon-ag2r-la-mondiale-promeut-5-jeunes-dont-paul-seixas\/#primaryimage"},"thumbnailUrl":"https:\/\/dicodusport.fr\/blog\/wp-content\/uploads\/2024\/09\/Transferts-Decathlon-AG2R-La-Mondiale-promeut-5-jeunes-dont-Paul-Seixas.png","datePublished":"2024-09-18T09:39:14+00:00","dateModified":"2024-09-18T10:01:49+00:00","description":"TRANSFERTS CYCLISME : Decathlon-AG2R La Mondiale a annonc\u00e9 la promotion de cinq jeunes en World Tour d\u00e8s 2025, dont Paul Seixas.","breadcrumb":{"@id":"https:\/\/dicodusport.fr\/blog\/transferts-decathlon-ag2r-la-mondiale-promeut-5-jeunes-dont-paul-seixas\/#breadcrumb"},"inLanguage":"fr-FR","potentialAction":[{"@type":"ReadAction","target":["https:\/\/dicodusport.fr\/blog\/transferts-decathlon-ag2r-la-mondiale-promeut-5-jeunes-dont-paul-seixas\/"]}]},{"@type":"ImageObject","inLanguage":"fr-FR","@id":"https:\/\/dicodusport.fr\/blog\/transferts-decathlon-ag2r-la-mondiale-promeut-5-jeunes-dont-paul-seixas\/#primaryimage","url":"https:\/\/dicodusport.fr\/blog\/wp-content\/uploads\/2024\/09\/Transferts-Decathlon-AG2R-La-Mondiale-promeut-5-jeunes-dont-Paul-Seixas.png","contentUrl":"https:\/\/dicodusport.fr\/blog\/wp-content\/uploads\/2024\/09\/Transferts-Decathlon-AG2R-La-Mondiale-promeut-5-jeunes-dont-Paul-Seixas.png","width":1200,"height":674,"caption":"Transferts : Decathlon-AG2R La Mondiale promeut 5 jeunes, dont Paul Seixas"},{"@type":"BreadcrumbList","@id":"https:\/\/dicodusport.fr\/blog\/transferts-decathlon-ag2r-la-mondiale-promeut-5-jeunes-dont-paul-seixas\/#breadcrumb","itemListElement":[{"@type":"ListItem","position":1,"name":"Accueil","item":"https:\/\/dicodusport.fr\/blog\/"},{"@type":"ListItem","position":2,"name":"Transferts : Decathlon AG2R La Mondiale promeut 5 jeunes, dont Paul Seixas"}]},{"@type":"WebSite","@id":"https:\/\/dicodusport.fr\/blog\/#website","url":"https:\/\/dicodusport.fr\/blog\/","name":"Dicodusport","description":"L&#039;encyclop\u00e9die de l&#039;actualit\u00e9 sportive","publisher":{"@id":"https:\/\/dicodusport.fr\/blog\/#organization"},"potentialAction":[{"@type":"SearchAction","target":{"@type":"EntryPoint","urlTemplate":"https:\/\/dicodusport.fr\/blog\/?s={search_term_string}"},"query-input":{"@type":"PropertyValueSpecification","valueRequired":true,"valueName":"search_term_string"}}],"inLanguage":"fr-FR"},{"@type":"NewsMediaOrganization","@id":"https:\/\/dicodusport.fr\/blog\/#organization","name":"Dicodusport","url":"https:\/\/dicodusport.fr\/blog\/","logo":{"@type":"ImageObject","inLanguage":"fr-FR","@id":"https:\/\/dicodusport.fr\/blog\/#\/schema\/logo\/image\/","url":"https:\/\/dicodusport.fr\/blog\/wp-content\/uploads\/2020\/06\/cropped-LOGO-DICODUSPORT-2020-SANS-FOND-SANS-TEXTE.png","contentUrl":"https:\/\/dicodusport.fr\/blog\/wp-content\/uploads\/2020\/06\/cropped-LOGO-DICODUSPORT-2020-SANS-FOND-SANS-TEXTE.png","width":512,"height":512,"caption":"Dicodusport"},"image":{"@id":"https:\/\/dicodusport.fr\/blog\/#\/schema\/logo\/image\/"},"sameAs":["https:\/\/www.facebook.com\/dicodusport","https:\/\/x.com\/dicodusport","https:\/\/www.instagram.com\/dicodusport\/","https:\/\/www.youtube.com\/channel\/UC7V2KZ5sd3htJivAbA4ZG3w"],"description":"Dicodusport est l'encyclop\u00e9die de l'actualit\u00e9 sportive.","email":"bonjour@dicodusport.fr","legalName":"DICODUSPORT","foundingDate":"2018-01-14","vatID":"FR71834470973","taxID":"83447097300043","numberOfEmployees":{"@type":"QuantitativeValue","minValue":"1","maxValue":"10"}},{"@type":"Person","@id":"https:\/\/dicodusport.fr\/blog\/#\/schema\/person\/37def232098a7a5cbab3974a3690abb0","name":"Maxime Cazenave","image":{"@type":"ImageObject","inLanguage":"fr-FR","@id":"https:\/\/dicodusport.fr\/blog\/#\/schema\/person\/image\/","url":"https:\/\/dicodusport.fr\/blog\/wp-content\/uploads\/2021\/05\/Maxime-Cazenave-150x150.jpg","contentUrl":"https:\/\/dicodusport.fr\/blog\/wp-content\/uploads\/2021\/05\/Maxime-Cazenave-150x150.jpg","caption":"Maxime Cazenave"},"description":"Journaliste\/R\u00e9dacteur depuis 2012 - Berc\u00e9 par l\u2019amour des Girondins de Bordeaux, les \u00e9checs de Christophe Moreau sur le Tour de France sous l'\u00e8re Lance Armstrong et le fade-away l\u00e9tal de Dirk Nowitzki, ma passion d\u00e9vorante pour le sport a toujours \u00e9t\u00e9 un pan incontournable de ma vie. Transmettre ma passion \u00e0 l\u2019\u00e9crit a \u00e9t\u00e9 une transition naturelle. Suiveur assidu de basket et de hockey sur glace, je garde toujours un peu de place pour suivre le cyclisme, le football et le maximum de performances fran\u00e7aises.","sameAs":["https:\/\/x.com\/https:\/\/twitter.com\/Maxime_Caze"],"url":"https:\/\/dicodusport.fr\/blog\/author\/maximec\/"}]}},"_links":{"self":[{"href":"https:\/\/dicodusport.fr\/blog\/wp-json\/wp\/v2\/posts\/521122","targetHints":{"allow":["GET"]}}],"collection":[{"href":"https:\/\/dicodusport.fr\/blog\/wp-json\/wp\/v2\/posts"}],"about":[{"href":"https:\/\/dicodusport.fr\/blog\/wp-json\/wp\/v2\/types\/post"}],"author":[{"embeddable":true,"href":"https:\/\/dicodusport.fr\/blog\/wp-json\/wp\/v2\/users\/55"}],"replies":[{"embeddable":true,"href":"https:\/\/dicodusport.fr\/blog\/wp-json\/wp\/v2\/comments?post=521122"}],"version-history":[{"count":5,"href":"https:\/\/dicodusport.fr\/blog\/wp-json\/wp\/v2\/posts\/521122\/revisions"}],"predecessor-version":[{"id":521134,"href":"https:\/\/dicodusport.fr\/blog\/wp-json\/wp\/v2\/posts\/521122\/revisions\/521134"}],"wp:featuredmedia":[{"embeddable":true,"href":"https:\/\/dicodusport.fr\/blog\/wp-json\/wp\/v2\/media\/521125"}],"wp:attachment":[{"href":"https:\/\/dicodusport.fr\/blog\/wp-json\/wp\/v2\/media?parent=521122"}],"wp:term":[{"taxonomy":"category","embeddable":true,"href":"https:\/\/dicodusport.fr\/blog\/wp-json\/wp\/v2\/categories?post=521122"},{"taxonomy":"post_tag","embeddable":true,"href":"https:\/\/dicodusport.fr\/blog\/wp-json\/wp\/v2\/tags?post=521122"}],"curies":[{"name":"wp","href":"https:\/\/api.w.org\/{rel}","templated":true}]}}