{"id":521309,"date":"2024-09-22T15:37:43","date_gmt":"2024-09-22T13:37:43","guid":{"rendered":"https:\/\/dicodusport.fr\/blog\/?p=521309&#038;preview=true&#038;preview_id=521309"},"modified":"2024-09-22T15:37:51","modified_gmt":"2024-09-22T13:37:51","slug":"motogp-emilie-romagne-2024-horaires-programme-tv-et-resultats","status":"publish","type":"post","link":"https:\/\/dicodusport.fr\/blog\/motogp-emilie-romagne-2024-horaires-programme-tv-et-resultats\/","title":{"rendered":"MotoGP \u00c9milie-Romagne 2024 : Les r\u00e9sultats complets"},"content":{"rendered":"<h4 style=\"text-align: justify;\"><em><a href=\"https:\/\/dicodusport.fr\/blog\/actualites\/sports-mecaniques\/moto\/\">MOTOGP 2024<\/a> &#8211; Le Grand Prix d&rsquo;\u00c9milie-Romagne 2024 de MotoGP se d\u00e9roulera ce week-end sur le circuit du Misano.<span class=\"tsp-di\"> Dans un championnat tr\u00e8s serr\u00e9, les pilotes ont d\u00e9j\u00e0 couru ici lors de la derni\u00e8re manche. <\/span>Programme TV, horaires, enjeux et r\u00e9sultats : soyez incollables avant la 14<sup>\u00e8me<\/sup> manche du Championnat du monde de MotoGP 2024.<\/em><\/h4>\n<ul>\n<li style=\"text-align: justify;\"><strong>\u00c0 ce sujet &#8211; <a href=\"https:\/\/dicodusport.fr\/blog\/calendrier-motogp-2024-dates-et-horaires-des-grands-prix\/\" rel=\"\">Calendrier MotoGP 2024 : Dates et horaires des Grands Prix<\/a><\/strong><\/li>\n<\/ul>\n<h2 style=\"text-align: justify;\">L&rsquo;Histoire du Grand Prix d&rsquo;\u00c9milie-Romagne de MotoGP<\/h2>\n<p style=\"text-align: justify;\">Le<strong> Grand Prix d&rsquo;\u00c9milie-Romagne<\/strong> n&rsquo;existe \u00e0 la base pas dans le calendrier. Il est apparu en 2020 en raison de la crise de la Covid-19 et des nombreuses annulations de Grands Prix \u00e0 travers le monde. Le <strong>GP d&rsquo;\u00c9milie-Romagne<\/strong> se d\u00e9roule ainsi \u00e0 Saint-Marin, sur le trac\u00e9 du <strong>Misano<\/strong>. En 2020, <strong>Marc Marquez<\/strong> (Honda) s&rsquo;\u00e9tait impos\u00e9, avec que son compatriote <strong>Maverick Vi\u00f1ales<\/strong> ne fasse de m\u00eame l&rsquo;ann\u00e9e suivante, au guidon de la Yamaha. Absente du calendrier en 2022 et 2023, la manche en <strong>\u00c9milie-Romagne<\/strong> fait son retour cette ann\u00e9e, en remplacement du Grand Prix d&rsquo;Inde, annul\u00e9.<\/p>\n<p style=\"text-align: justify;\">\u00c0 noter qu&rsquo;il y a 15 jours, <strong>Marc Marquez <\/strong>a gagn\u00e9 la course au Misano, dans le cadre du <a href=\"https:\/\/dicodusport.fr\/blog\/motogp-classement-du-grand-prix-de-saint-marin-2024\/\">Grand Prix de Saint-Marin<\/a>.<\/p>\n<div class=\"vlp-link-container vlp-layout-article\"><a href=\"https:\/\/dicodusport.fr\/blog\/motogp-saint-marin-2024-marc-marquez-gagne-a-nouveau-devant-bagnaia-martin-rate-son-coup\/\" class=\"vlp-link\" title=\"MotoGP Saint-Marin 2024 : Marc Marquez gagne \u00e0 nouveau devant Bagnaia, Martin rate son coup\"><\/a><div class=\"vlp-layout-zone-side\"><div class=\"vlp-block-4 vlp-link-image\"><img loading=\"lazy\" decoding=\"async\" style=\"max-width: 792px;\" width=\"792\" height=\"445\" src=\"https:\/\/dicodusport.fr\/blog\/wp-content\/uploads\/2024\/09\/MotoGP-Saint-Marin-2024-Marc-Marquez-gagne-a-nouveau-devant-Bagnaia-Martin-rate-son-coup-1.png\" class=\"attachment-800x445 size-800x445\" alt=\"MotoGP Saint-Marin 2024 Marc Marquez gagne \u00e0 nouveau devant Bagnaia, Martin rate son coup\" srcset=\"https:\/\/dicodusport.fr\/blog\/wp-content\/uploads\/2024\/09\/MotoGP-Saint-Marin-2024-Marc-Marquez-gagne-a-nouveau-devant-Bagnaia-Martin-rate-son-coup-1.png 1200w, https:\/\/dicodusport.fr\/blog\/wp-content\/uploads\/2024\/09\/MotoGP-Saint-Marin-2024-Marc-Marquez-gagne-a-nouveau-devant-Bagnaia-Martin-rate-son-coup-1-300x169.png 300w, https:\/\/dicodusport.fr\/blog\/wp-content\/uploads\/2024\/09\/MotoGP-Saint-Marin-2024-Marc-Marquez-gagne-a-nouveau-devant-Bagnaia-Martin-rate-son-coup-1-1024x575.png 1024w, https:\/\/dicodusport.fr\/blog\/wp-content\/uploads\/2024\/09\/MotoGP-Saint-Marin-2024-Marc-Marquez-gagne-a-nouveau-devant-Bagnaia-Martin-rate-son-coup-1-768x431.png 768w\" sizes=\"auto, (max-width: 792px) 100vw, 792px\" \/><\/div><\/div><div class=\"vlp-layout-zone-main\"><div class=\"vlp-block-0 vlp-link-title\">MotoGP Saint-Marin 2024 : Marc Marquez gagne \u00e0 nouveau devant Bagnaia, Martin rate son coup<\/div><div class=\"vlp-block-1 vlp-link-summary\">MOTOGP \u2013 GRAND PRIX DE SAINT-MARIN 2024 \u2013 Jorge Martin a fait un pari qui s'est av\u00e9r\u00e9 perdant, et Marc Marquez en a profit\u00e9 pour aller chercher la victoire devant Francesco Bagnaia, provoquant un resserrement au Championnat du monde.<\/div><div class=\"vlp-block-2 vlp-link-button\">Lire l'article<\/div><div class=\"vlp-block-3 vlp-link-url\">dicodusport.fr<\/div><\/div><\/div>\n<h2 style=\"text-align: justify;\">Les sp\u00e9cificit\u00e9s du circuit Misano<\/h2>\n<p style=\"text-align: justify;\">Un tour de ce circuit, c\u2019est 4,2 km ! Le circuit\u00a0<strong>Misano World Circuit Marco Simoncelli<\/strong>\u00a0comporte 16 virages, 6 \u00e0 gauche et 10 \u00e0 droite. Il est consid\u00e9r\u00e9 comme un circuit moderne des sports m\u00e9caniques, et c\u2019est aussi l\u2019un des plus diversifi\u00e9s. La course se d\u00e9roulera sur 27 tours, soit environ 114 km. La plus longue ligne droite mesure 530 m, o\u00f9 les pilotes atteignent g\u00e9n\u00e9ralement les 300 km\/h.<\/p>\n<div class=\"code-block code-block-3\">\n<div class=\"optidigital-wrapper-div\">\n<div class=\"optidigital-brand\">\n<div id=\"attachment_257743\" style=\"width: 1119px\" class=\"wp-caption aligncenter\"><img loading=\"lazy\" decoding=\"async\" aria-describedby=\"caption-attachment-257743\" class=\"size-full wp-image-257743\" src=\"https:\/\/dicodusport.fr\/blog\/wp-content\/uploads\/2022\/08\/MotoGP-Circuit-de-Misano-Grand-Prix-de-Saint-Marin.png\" alt=\"MotoGP - Circuit de Misano - Grand Prix de Saint-Marin\" width=\"1109\" height=\"661\" srcset=\"https:\/\/dicodusport.fr\/blog\/wp-content\/uploads\/2022\/08\/MotoGP-Circuit-de-Misano-Grand-Prix-de-Saint-Marin.png 1109w, https:\/\/dicodusport.fr\/blog\/wp-content\/uploads\/2022\/08\/MotoGP-Circuit-de-Misano-Grand-Prix-de-Saint-Marin-300x179.png 300w, https:\/\/dicodusport.fr\/blog\/wp-content\/uploads\/2022\/08\/MotoGP-Circuit-de-Misano-Grand-Prix-de-Saint-Marin-1024x610.png 1024w, https:\/\/dicodusport.fr\/blog\/wp-content\/uploads\/2022\/08\/MotoGP-Circuit-de-Misano-Grand-Prix-de-Saint-Marin-768x458.png 768w\" sizes=\"auto, (max-width: 1109px) 100vw, 1109px\" \/><p id=\"caption-attachment-257743\" class=\"wp-caption-text\">MotoGP &#8211; Circuit de Misano &#8211; Grand Prix de Saint-Marin<\/p><\/div>\n<div data-google-query-id=\"CLGH_6bk-4YDFU2o_QcdPacFbQ\"><\/div>\n<div data-google-query-id=\"CLGH_6bk-4YDFU2o_QcdPacFbQ\"><\/div>\n<div id=\"optidigital-adslot-Content_2\" class=\"Content_2\" style=\"text-align: justify;\" data-google-query-id=\"CLGH_6bk-4YDFU2o_QcdPacFbQ\"><span style=\"text-align: justify;\">C\u00f4t\u00e9 m\u00e9t\u00e9o, il est pr\u00e9vu ce week-end une alternance de soleil et de nuages, mais un temps sec, sur les trois jours. Les temp\u00e9ratures oscilleront entre 25 et 28 degr\u00e9s l&rsquo;apr\u00e8s-midi.<\/span><\/div>\n<\/div>\n<\/div>\n<\/div>\n<h2 style=\"text-align: justify;\">MotoGP Grand Prix d&rsquo;\u00c9milie-Romagne 2024 &#8211; Programme TV et horaires<\/h2>\n<table style=\"width: 100%; border-collapse: collapse;\">\n<tbody>\n<tr>\n<td style=\"background-color: #c80502; width: 800px; text-align: center; vertical-align: middle;\" colspan=\"6\"><span style=\"color: #ffffff;\"><strong>VENDREDI 20 SEPTEMBRE 2024<\/strong><\/span><\/td>\n<\/tr>\n<tr>\n<td style=\"text-align: center; vertical-align: middle; width: 20%; background-color: #000000;\"><span style=\"color: #ffffff; font-size: 0.9em;\"><strong>Horaire<\/strong><\/span><\/td>\n<td style=\"text-align: center; vertical-align: middle; width: 20%; background-color: #000000;\" colspan=\"2\"><span style=\"color: #ffffff;\"><span style=\"font-size: 0.9em;\"><b>\u00c9preuve<\/b><\/span><\/span><\/td>\n<td style=\"text-align: center; vertical-align: middle; width: 20%; background-color: #000000;\"><span style=\"color: #ffffff; font-size: 0.9em;\"><strong>Premier<\/strong><\/span><\/td>\n<td style=\"text-align: center; vertical-align: middle; width: 20%; background-color: #000000;\"><span style=\"color: #ffffff; font-size: 0.9em;\"><strong>Deuxi\u00e8me<\/strong><\/span><\/td>\n<td style=\"text-align: center; vertical-align: middle; width: 20%; background-color: #000000;\"><span style=\"color: #ffffff; font-size: 0.9em;\"><strong>Troisi\u00e8me<\/strong><\/span><\/td>\n<\/tr>\n<tr>\n<td style=\"text-align: center; vertical-align: middle; width: 20%;\"><strong>10H45 &#8211; 11H30<\/strong><\/td>\n<td style=\"vertical-align: middle; width: 20%; text-align: center;\" colspan=\"2\"><strong>Essais libres 1<span style=\"font-size: 0.9em;\"><em><span style=\"font-size: 0.8em;\"><br \/>\n<\/span><\/em><\/span><a href=\"https:\/\/www.motogp.com\/fr\/gp-results\/2024\/emi\/motogp\/fp1\/classification\"><span style=\"font-size: 11.52px;\"><i>Classement<\/i><\/span><\/a><br \/>\n<\/strong><\/td>\n<td style=\"text-align: center; vertical-align: middle; width: 20%;\"><span style=\"font-size: 0.9em;\"><strong><img loading=\"lazy\" decoding=\"async\" class=\"\" src=\"https:\/\/cdn-8.motorsport.com\/images\/vcl\/q633yq6A\/s3\/ducati-desmosedici-gp23-3.png\" width=\"55\" height=\"23\" \/><br \/>\n\ud83c\uddea\ud83c\uddf8 MARC MARQUEZ<br \/>\n<\/strong><span style=\"font-size: 0.8em;\">GRESINI RACING MOTOGP<br \/>\n<strong><em>1:32.082<\/em><\/strong><\/span><\/span><\/td>\n<td style=\"text-align: center; vertical-align: middle; width: 20%;\"><strong><span style=\"font-size: 0.9em;\"><img loading=\"lazy\" decoding=\"async\" class=\"\" src=\"https:\/\/cdn-4.motorsport.com\/images\/vcl\/K6x9JM0Q\/s2\/ducati-desmosedici-gp24-2.png\" width=\"55\" height=\"23\" \/><br \/>\n\ud83c\uddea\ud83c\uddf8 JORGE MARTIN<br \/>\n<\/span><\/strong><span style=\"font-size: 0.9em;\"><span style=\"font-size: 0.8em;\">PRIMA PRAMAC RACING<br \/>\n<strong><em>+0.063<\/em><\/strong><br \/>\n<\/span><\/span><\/td>\n<td style=\"text-align: center; vertical-align: middle; width: 20%;\"><span style=\"font-size: 0.9em;\"><strong><img loading=\"lazy\" decoding=\"async\" class=\"\" src=\"https:\/\/cdn-4.motorsport.com\/images\/vcl\/K6x9JM0Q\/s2\/ducati-desmosedici-gp24-2.png\" width=\"55\" height=\"23\" \/><br \/>\n\ud83c\uddee\ud83c\uddf9 FRANCO MORBIDELLI<br \/>\n<\/strong><span style=\"font-size: 0.8em;\">PRIMA PRAMAC RACING<br \/>\n<strong><em>+0.186<\/em><\/strong><\/span><\/span><\/td>\n<\/tr>\n<tr>\n<td style=\"text-align: center; vertical-align: middle; width: 20%;\"><strong>15H00 &#8211; 16H00<\/strong><\/td>\n<td style=\"text-align: center; vertical-align: middle;\" colspan=\"2\"><strong>Essais libres 2<br \/>\n<a href=\"https:\/\/www.motogp.com\/fr\/gp-results\/2024\/emi\/motogp\/pr\/classification\"><span style=\"font-size: 11.52px;\"><i>Classement<\/i><\/span><\/a><br \/>\n<\/strong><\/td>\n<td style=\"text-align: center; vertical-align: middle; width: 20%;\"><span style=\"font-size: 0.9em;\"><strong><img loading=\"lazy\" decoding=\"async\" class=\"\" src=\"https:\/\/cdn-3.motorsport.com\/images\/vcl\/KYpzmA01\/s2\/ducati-desmosedici-gp24-2.png\" width=\"55\" height=\"23\" \/><br \/>\n\ud83c\uddee\ud83c\uddf9 FRANCESCO BAGNAIA<br \/>\n<\/strong><span style=\"font-size: 0.8em;\">DUCATI LENOVO TEAM<br \/>\n<strong><em>1:30.286<\/em><\/strong><br \/>\n<\/span><\/span><\/td>\n<td style=\"text-align: center; vertical-align: middle; width: 20%;\"><strong><span style=\"font-size: 0.9em;\"><img loading=\"lazy\" decoding=\"async\" class=\"\" src=\"https:\/\/cdn-4.motorsport.com\/images\/vcl\/K6x9JM0Q\/s2\/ducati-desmosedici-gp24-2.png\" width=\"55\" height=\"23\" \/><br \/>\n\ud83c\uddea\ud83c\uddf8 JORGE MARTIN<br \/>\n<\/span><\/strong><span style=\"font-size: 0.9em;\"><span style=\"font-size: 0.8em;\">PRIMA PRAMAC RACING<br \/>\n<strong><em>+0.198<\/em><\/strong><\/span><\/span><\/td>\n<td style=\"text-align: center; vertical-align: middle; width: 20%;\"><span style=\"font-size: 0.9em;\"><strong><img loading=\"lazy\" decoding=\"async\" class=\"\" src=\"https:\/\/cdn-8.motorsport.com\/images\/vcl\/q633yq6A\/s3\/ducati-desmosedici-gp23-3.png\" width=\"55\" height=\"23\" \/><br \/>\n\ud83c\uddea\ud83c\uddf8 MARC MARQUEZ<br \/>\n<\/strong><span style=\"font-size: 0.8em;\">GRESINI RACING MOTOGP<br \/>\n<strong><em>+0.299<\/em><\/strong><\/span><\/span><\/td>\n<\/tr>\n<tr>\n<td style=\"background-color: #c80502; width: 800px; text-align: center; vertical-align: middle;\" colspan=\"6\"><span style=\"color: #ffffff;\"><strong>SAMEDI 21 SEPTEMBRE 2024<\/strong><\/span><\/td>\n<\/tr>\n<tr>\n<td style=\"text-align: center; vertical-align: middle; width: 20%; background-color: #000000;\"><span style=\"color: #ffffff; font-size: 0.9em;\"><strong>Horaire<\/strong><\/span><\/td>\n<td style=\"text-align: center; vertical-align: middle; width: 20%; background-color: #000000;\" colspan=\"2\"><span style=\"color: #ffffff;\"><span style=\"font-size: 0.9em;\"><b>\u00c9preuve<\/b><\/span><\/span><\/td>\n<td style=\"text-align: center; vertical-align: middle; width: 20%; background-color: #000000;\"><span style=\"color: #ffffff; font-size: 0.9em;\"><strong>Premier<\/strong><\/span><\/td>\n<td style=\"text-align: center; vertical-align: middle; width: 20%; background-color: #000000;\"><span style=\"color: #ffffff; font-size: 0.9em;\"><strong>Deuxi\u00e8me<\/strong><\/span><\/td>\n<td style=\"text-align: center; vertical-align: middle; width: 20%; background-color: #000000;\"><span style=\"color: #ffffff; font-size: 0.9em;\"><strong>Troisi\u00e8me<\/strong><\/span><\/td>\n<\/tr>\n<tr>\n<td style=\"text-align: center; vertical-align: middle; width: 20%;\"><strong>10H10 &#8211; 10H40<\/strong><\/td>\n<td style=\"text-align: center; vertical-align: middle; width: 20%;\" colspan=\"2\"><strong>Essais libres 3<span style=\"font-size: 0.9em;\"><em><span style=\"font-size: 0.8em;\"><br \/>\n<\/span><\/em><\/span><a href=\"https:\/\/www.motogp.com\/fr\/gp-results\/2024\/emi\/motogp\/fp2\/classification\"><span style=\"font-size: 11.52px;\"><i>Classement<\/i><\/span><\/a><br \/>\n<\/strong><\/td>\n<td style=\"text-align: center; vertical-align: middle; width: 20%;\"><span style=\"font-size: 0.9em;\"><strong><img loading=\"lazy\" decoding=\"async\" class=\"\" src=\"https:\/\/cdn-1.motorsport.com\/images\/vcl\/jYNlEb0D\/s2\/ktm-rc16-2.png\" width=\"55\" height=\"23\" \/><br \/>\n\ud83c\uddea\ud83c\uddf8 PEDRO ACOSTA<br \/>\n<\/strong><span style=\"font-size: 0.8em;\">RED BULL GASGAS TECH3<br \/>\n<strong><em>1:31.451<\/em><\/strong><\/span><\/span><\/td>\n<td style=\"text-align: center; vertical-align: middle; width: 20%;\"><span style=\"font-size: 0.9em;\"><strong><img loading=\"lazy\" decoding=\"async\" class=\"\" src=\"https:\/\/cdn-7.motorsport.com\/images\/vcl\/e2dwVp0J\/s2\/yamaha-yzr-m1-3.png\" width=\"55\" height=\"23\" \/><br \/>\n\ud83c\uddeb\ud83c\uddf7 FABIO QUARTARARO<strong style=\"font-size: 14.4px;\"><br style=\"font-size: 14.4px;\" \/><\/strong><\/strong><span style=\"font-size: 0.8em;\">MONSTER ENERGY YAMAHA MOTOGP<br \/>\n<strong><em>+0.004<\/em><\/strong><\/span><\/span><\/td>\n<td style=\"text-align: center; vertical-align: middle; width: 20%;\"><span style=\"font-size: 0.9em;\"><strong><img loading=\"lazy\" decoding=\"async\" class=\"\" src=\"https:\/\/cdn-3.motorsport.com\/images\/vcl\/KYpzmA01\/s2\/ducati-desmosedici-gp24-2.png\" width=\"55\" height=\"23\" \/><br \/>\n\ud83c\uddee\ud83c\uddf9 FRANCESCO BAGNAIA<br \/>\n<\/strong><span style=\"font-size: 0.8em;\">DUCATI LENOVO TEAM<br \/>\n<strong><em>+0.021<\/em><\/strong><\/span><\/span><\/td>\n<\/tr>\n<tr>\n<td style=\"text-align: center; vertical-align: middle; width: 20%;\"><strong>10H50 &#8211; 11<\/strong><strong>H05<\/strong><\/td>\n<td style=\"text-align: center; vertical-align: middle;\" colspan=\"2\"><strong>Qualifications 1<br \/>\n<a href=\"https:\/\/www.motogp.com\/fr\/gp-results\/2024\/emi\/motogp\/q1\/classification\"><span style=\"font-size: 11.52px;\"><i>Classement<\/i><\/span><\/a><br \/>\n<\/strong><\/td>\n<td style=\"text-align: center; vertical-align: middle; width: 20%;\"><span style=\"font-size: 0.9em;\"><strong><img loading=\"lazy\" decoding=\"async\" class=\"\" src=\"https:\/\/cdn-8.motorsport.com\/images\/vcl\/80Zl1VYe\/s2\/ktm-rc16-2.png\" width=\"55\" height=\"23\" \/><br \/>\n\ud83c\uddff\ud83c\udde6 BRAD BINDER<br style=\"font-size: 14.4px;\" \/><\/strong><span style=\"font-size: 0.8em;\">RED BULL KTM FACTORY RACING<br \/>\n<strong><em>1:31.070<\/em><\/strong><\/span><\/span><\/td>\n<td style=\"text-align: center; vertical-align: middle; width: 20%;\"><span style=\"font-size: 0.9em;\"><strong><img loading=\"lazy\" decoding=\"async\" class=\"\" src=\"https:\/\/cdn-2.motorsport.com\/images\/vcl\/B6bwVj0x\/s2\/aprilia-rs-gp-3.png\" width=\"56\" height=\"24\" \/><br \/>\n\ud83c\uddf5\ud83c\uddf9 MIGUEL OLIVEIRA<br \/>\n<\/strong><span style=\"font-size: 0.8em;\">TRACKHOUSE RACING<br \/>\n<strong><em>+0.076<\/em><\/strong><\/span><\/span><\/td>\n<td style=\"text-align: center; vertical-align: middle; width: 20%;\"><span style=\"font-size: 0.9em;\"><strong><img loading=\"lazy\" decoding=\"async\" class=\"\" src=\"https:\/\/cdn-1.motorsport.com\/images\/vcl\/vYMlBV2E\/s2\/ducati-desmosedici-gp23-2.png\" width=\"55\" height=\"23\" \/><br \/>\n\ud83c\uddee\ud83c\uddf9 FABIO DI GIANNANTONIO<br \/>\n<\/strong><span style=\"font-size: 0.8em;\">VR46 RACING TEAM<br \/>\n<strong><em>+0.215<\/em><\/strong><\/span><\/span><\/td>\n<\/tr>\n<tr>\n<td style=\"text-align: center; vertical-align: middle; width: 20%;\"><strong>11H15 &#8211; 11H30<\/strong><\/td>\n<td style=\"text-align: center; vertical-align: middle;\" colspan=\"2\"><strong>Qualifications 2<br \/>\n<span style=\"font-size: 11.52px;\"><i><a href=\"https:\/\/dicodusport.fr\/blog\/motogp-emilie-romagne-2024-francesco-bagnaia-en-pole-position\/\">R\u00e9sum\u00e9<\/a> &#8211; <a href=\"https:\/\/www.motogp.com\/fr\/gp-results\/2024\/emi\/motogp\/q2\/classification\">Classement<\/a><\/i><\/span><br \/>\n<\/strong><\/td>\n<td style=\"text-align: center; vertical-align: middle; width: 20%;\"><span style=\"font-size: 0.9em;\"><strong><img loading=\"lazy\" decoding=\"async\" class=\"\" src=\"https:\/\/cdn-3.motorsport.com\/images\/vcl\/KYpzmA01\/s2\/ducati-desmosedici-gp24-2.png\" width=\"55\" height=\"23\" \/><br \/>\n\ud83c\uddee\ud83c\uddf9 FRANCESCO BAGNAIA<br \/>\n<\/strong><span style=\"font-size: 0.8em;\">DUCATI LENOVO TEAM<br \/>\n<strong><em>1:30.031<\/em><\/strong><\/span><\/span><\/td>\n<td style=\"text-align: center; vertical-align: middle; width: 20%;\"><strong><span style=\"font-size: 0.9em;\"><img loading=\"lazy\" decoding=\"async\" class=\"\" src=\"https:\/\/cdn-4.motorsport.com\/images\/vcl\/K6x9JM0Q\/s2\/ducati-desmosedici-gp24-2.png\" width=\"55\" height=\"23\" \/><br \/>\n\ud83c\uddea\ud83c\uddf8 JORGE MARTIN<br \/>\n<\/span><\/strong><span style=\"font-size: 0.9em;\"><span style=\"font-size: 0.8em;\">PRIMA PRAMAC RACING<br \/>\n<strong><em>+0.214<\/em><\/strong><\/span><\/span><\/td>\n<td style=\"text-align: center; vertical-align: middle; width: 20%;\"><span style=\"font-size: 0.9em;\"><strong><img loading=\"lazy\" decoding=\"async\" class=\"\" src=\"https:\/\/cdn-3.motorsport.com\/images\/vcl\/KYpzmA01\/s2\/ducati-desmosedici-gp24-2.png\" width=\"55\" height=\"23\" \/><br \/>\n\ud83c\uddee\ud83c\uddf9 ENEA BASTIANINI<br \/>\n<\/strong><span style=\"font-size: 0.8em;\">DUCATI LENOVO TEAM<br \/>\n<strong><em>+0.533<\/em><\/strong><\/span><\/span><\/td>\n<\/tr>\n<tr>\n<td style=\"text-align: center; vertical-align: middle; width: 20%;\"><strong>15H00<\/strong><\/td>\n<td style=\"text-align: center; vertical-align: middle; width: 20%;\" colspan=\"2\"><strong>Course Sprint<br \/>\n<span style=\"font-size: 11.52px;\"><i><a href=\"https:\/\/dicodusport.fr\/blog\/motogp-emilie-romagne-2024-francesco-bagnaia-simpose-en-course-sprint\/\">R\u00e9sum\u00e9<\/a> &#8211; <a href=\"https:\/\/dicodusport.fr\/blog\/motogp-emilie-romagne-2024-classement-course-sprint\/\">Classement<\/a><\/i><\/span><br \/>\n<\/strong><\/td>\n<td style=\"text-align: center; vertical-align: middle; width: 20%;\"><span style=\"font-size: 0.9em;\"><strong><img loading=\"lazy\" decoding=\"async\" class=\"\" src=\"https:\/\/cdn-3.motorsport.com\/images\/vcl\/KYpzmA01\/s2\/ducati-desmosedici-gp24-2.png\" width=\"55\" height=\"23\" \/><br \/>\n\ud83c\uddee\ud83c\uddf9 FRANCESCO BAGNAIA<br \/>\n<\/strong><span style=\"font-size: 0.8em;\">DUCATI LENOVO TEAM<br \/>\n<strong><em>19:50.237<\/em><\/strong><\/span><\/span><\/td>\n<td style=\"text-align: center; vertical-align: middle; width: 20%;\"><strong><span style=\"font-size: 0.9em;\"><img loading=\"lazy\" decoding=\"async\" class=\"\" src=\"https:\/\/cdn-4.motorsport.com\/images\/vcl\/K6x9JM0Q\/s2\/ducati-desmosedici-gp24-2.png\" width=\"55\" height=\"23\" \/><br \/>\n\ud83c\uddea\ud83c\uddf8 JORGE MARTIN<br \/>\n<\/span><\/strong><span style=\"font-size: 0.9em;\"><span style=\"font-size: 0.8em;\">PRIMA PRAMAC RACING<br \/>\n<strong><em>+0.285<\/em><\/strong><\/span><\/span><\/td>\n<td style=\"text-align: center; vertical-align: middle; width: 20%;\"><span style=\"font-size: 0.9em;\"><strong><img loading=\"lazy\" decoding=\"async\" class=\"\" src=\"https:\/\/cdn-3.motorsport.com\/images\/vcl\/KYpzmA01\/s2\/ducati-desmosedici-gp24-2.png\" width=\"55\" height=\"23\" \/><br \/>\n\ud83c\uddee\ud83c\uddf9 ENEA BASTIANINI<br \/>\n<\/strong><span style=\"font-size: 0.8em;\">DUCATI LENOVO TEAM<br \/>\n<strong><em>+1.319<\/em><\/strong><\/span><\/span><\/td>\n<\/tr>\n<tr>\n<td style=\"background-color: #c80502; width: 800px; text-align: center; vertical-align: middle;\" colspan=\"6\"><span style=\"color: #ffffff;\"><strong>DIMANCHE 22 SEPTEMBRE 2024<\/strong><\/span><\/td>\n<\/tr>\n<tr>\n<td style=\"text-align: center; vertical-align: middle; width: 20%; background-color: #000000;\"><span style=\"color: #ffffff; font-size: 0.9em;\"><strong>Horaire<\/strong><\/span><\/td>\n<td style=\"text-align: center; vertical-align: middle; width: 20%; background-color: #000000;\" colspan=\"2\"><span style=\"color: #ffffff;\"><span style=\"font-size: 0.9em;\"><b>\u00c9preuve<\/b><\/span><\/span><\/td>\n<td style=\"text-align: center; vertical-align: middle; width: 20%; background-color: #000000;\"><span style=\"color: #ffffff; font-size: 0.9em;\"><strong>Premier<\/strong><\/span><\/td>\n<td style=\"text-align: center; vertical-align: middle; width: 20%; background-color: #000000;\"><span style=\"color: #ffffff; font-size: 0.9em;\"><strong>Deuxi\u00e8me<\/strong><\/span><\/td>\n<td style=\"text-align: center; vertical-align: middle; width: 20%; background-color: #000000;\"><span style=\"color: #ffffff; font-size: 0.9em;\"><strong>Troisi\u00e8me<\/strong><\/span><\/td>\n<\/tr>\n<tr>\n<td style=\"text-align: center; vertical-align: middle; width: 20%;\"><strong>9H40 &#8211; 9H50<\/strong><\/td>\n<td style=\"text-align: center; vertical-align: middle;\" colspan=\"2\"><strong>Warm-up<br \/>\n<span style=\"font-size: 11.52px;\"><i><a href=\"https:\/\/www.motogp.com\/fr\/gp-results\/2024\/emi\/motogp\/wup\/classification\">Classement<\/a><\/i><\/span><br \/>\n<\/strong><\/td>\n<td style=\"text-align: center; vertical-align: middle; width: 20%;\"><span style=\"font-size: 0.9em;\"><strong><img loading=\"lazy\" decoding=\"async\" class=\"\" src=\"https:\/\/cdn-3.motorsport.com\/images\/vcl\/KYpzmA01\/s2\/ducati-desmosedici-gp24-2.png\" width=\"55\" height=\"23\" \/><br \/>\n\ud83c\uddee\ud83c\uddf9 ENEA BASTIANINI<br \/>\n<\/strong><span style=\"font-size: 0.8em;\">DUCATI LENOVO TEAM<br \/>\n<strong><em>1:31.519<\/em><\/strong><br \/>\n<\/span><\/span><\/td>\n<td style=\"text-align: center; vertical-align: middle; width: 20%;\"><span style=\"font-size: 0.9em;\"><strong><img loading=\"lazy\" decoding=\"async\" class=\"\" src=\"https:\/\/cdn-4.motorsport.com\/images\/vcl\/K6x9JM0Q\/s2\/ducati-desmosedici-gp24-2.png\" width=\"55\" height=\"23\" \/><br \/>\n\ud83c\uddee\ud83c\uddf9 FRANCO MORBIDELLI<br \/>\n<\/strong><span style=\"font-size: 0.8em;\">PRIMA PRAMAC RACING<br \/>\n<strong><em>+0.257<\/em><\/strong><\/span><\/span><\/td>\n<td style=\"text-align: center; vertical-align: middle; width: 20%;\"><span style=\"font-size: 0.9em;\"><strong><img loading=\"lazy\" decoding=\"async\" class=\"\" src=\"https:\/\/cdn-7.motorsport.com\/images\/vcl\/e2dwVp0J\/s2\/yamaha-yzr-m1-3.png\" width=\"55\" height=\"23\" \/><br \/>\n\ud83c\uddeb\ud83c\uddf7 FABIO QUARTARARO<strong style=\"font-size: 14.4px;\"><br style=\"font-size: 14.4px;\" \/><\/strong><\/strong><span style=\"font-size: 0.8em;\">MONSTER ENERGY YAMAHA MOTOGP<br \/>\n<strong><em>+0.437<\/em><\/strong><\/span><\/span><\/td>\n<\/tr>\n<tr>\n<td style=\"text-align: center; vertical-align: middle; width: 20%;\"><strong>13H00<\/strong><\/td>\n<td style=\"text-align: center; vertical-align: middle; width: 20%;\" colspan=\"2\"><strong>Grand Prix<br \/>\n<span style=\"font-size: 11.52px;\"><i><a title=\"MotoGP \u00c9milie-Romagne 2024 : Enea Bastianini surprend Jorge Martin dans le dernier tour pour l\u2019emporter\" href=\"https:\/\/dicodusport.fr\/blog\/motogp-emilie-romagne-2024-enea-bastianini-surprend-jorge-martin-dans-le-dernier-tour-pour-lemporter\/\" rel=\"\">R\u00e9sum\u00e9<\/a> &#8211; <a title=\"MotoGP \u2013 Classement Grand Prix d\u2019\u00c9milie-Romagne 2024\" href=\"https:\/\/dicodusport.fr\/blog\/motogp-classement-grand-prix-demilie-romagne-2024\/\" rel=\"\">Classement<\/a><\/i><\/span><\/strong><\/td>\n<td style=\"text-align: center; vertical-align: middle; width: 20%;\"><span style=\"font-size: 0.9em;\"><strong><img loading=\"lazy\" decoding=\"async\" class=\"\" src=\"https:\/\/cdn-3.motorsport.com\/images\/vcl\/KYpzmA01\/s2\/ducati-desmosedici-gp24-2.png\" width=\"55\" height=\"23\" \/><br \/>\n\ud83c\uddee\ud83c\uddf9 ENEA BASTIANINI<br \/>\n<\/strong><span style=\"font-size: 0.8em;\">DUCATI LENOVO TEAM<br \/>\n<strong><em>41:14.653<\/em><\/strong><\/span><\/span><\/td>\n<td style=\"text-align: center; vertical-align: middle; width: 20%;\"><strong><span style=\"font-size: 0.9em;\"><img loading=\"lazy\" decoding=\"async\" class=\"\" src=\"https:\/\/cdn-4.motorsport.com\/images\/vcl\/K6x9JM0Q\/s2\/ducati-desmosedici-gp24-2.png\" width=\"55\" height=\"23\" \/><br \/>\n\ud83c\uddea\ud83c\uddf8 JORGE MARTIN<br \/>\n<\/span><\/strong><span style=\"font-size: 0.9em;\"><span style=\"font-size: 0.8em;\">PRIMA PRAMAC RACING<br \/>\n<strong><em>+5.002<\/em><\/strong><\/span><\/span><\/td>\n<td style=\"text-align: center; vertical-align: middle; width: 20%;\"><span style=\"font-size: 0.9em;\"><strong><img loading=\"lazy\" decoding=\"async\" class=\"\" src=\"https:\/\/cdn-8.motorsport.com\/images\/vcl\/q633yq6A\/s3\/ducati-desmosedici-gp23-3.png\" width=\"55\" height=\"23\" \/><br \/>\n\ud83c\uddea\ud83c\uddf8 MARC MARQUEZ<br \/>\n<\/strong><span style=\"font-size: 0.8em;\">GRESINI RACING MOTOGP<br \/>\n<strong><em>+7.848<\/em><\/strong><\/span><\/span><\/td>\n<\/tr>\n<\/tbody>\n<\/table>\n<h2 style=\"text-align: justify;\">Les enjeux du Grand Prix d&rsquo;\u00c9milie-Romagne<\/h2>\n<p style=\"text-align: justify;\">Apr\u00e8s les treize premi\u00e8res manches de la saison, <strong>Francesco Bagnaia<\/strong>\u00a0et\u00a0<strong>Jorge Martin<\/strong> semblent un cran au-dessus de la concurrence et devraient jouer le titre tous les deux. Le premier est en confiance et son \u00e9quipe Ducati le soutient toujours suite \u00e0 ses deux titres de champion du monde. Il a malheureusement chut\u00e9 derni\u00e8rement et a perdu de pr\u00e9cieux points. Il est deuxi\u00e8me du classement pilotes avec 305 points. Son rival espagnol de chez Pramac Ducati (en partance chez Aprilia avec <strong>Marco Bezzecchi<\/strong>) le devance de 7 points. Un seul rookie\/d\u00e9butant est arriv\u00e9 cette saison : <strong>Pedro Acosta<\/strong>. Il a d\u2019ailleurs d\u00e9j\u00e0 impressionn\u00e9 avec trois podiums lors des premiers Grands Prix. Pour rappel, ce dernier a remport\u00e9 les championnats de Moto 2 et Moto 3 et a rejoint Red Bull GasGas Tech3 pour cette saison. Il est 6\u00e8me du championnat avec 152 points.<\/p>\n<p style=\"text-align: justify;\">D\u2019autres pilotes ont chang\u00e9 d\u2019\u00e9curie, dont la l\u00e9gende\u00a0<strong>Marc Marquez<\/strong>, qui a quitt\u00e9 Honda apr\u00e8s 11 ans pass\u00e9s chez le constructeur japonais. L\u2019Espagnol pilote d\u00e9sormais pour Gresini Racing, \u00e9curie motoris\u00e9e par Ducati. Il rejoindra d&rsquo;ailleurs le team officiel de Ducati en 2025. Il est tr\u00e8s comp\u00e9titif cette saison en \u00e9tant actuellement troisi\u00e8me du championnat avec 259 points. Juste derri\u00e8re, <strong>Enea Bastianini<\/strong> (Ducati) est 4\u00e8me et a accumul\u00e9 250 points, notamment gr\u00e2ce \u00e0 ses deux victoires r\u00e9centes. <strong>Maverick Vi\u00f1ales\u00a0<\/strong>(Aprilia) se trouve septi\u00e8me avec 139 unit\u00e9s, 22 points derri\u00e8re <strong>Brad Binder<\/strong> (Red Bull KTM). Plus loin, le Fran\u00e7ais <strong>Fabio Quartararo<\/strong>, qui a prolong\u00e9 son contrat avec son \u00e9curie Yamaha, est 14\u00e8me avec 61 points. L\u2019autre tricolore <strong>Johann Zarco<\/strong> (LCR Honda) est en difficult\u00e9 depuis son passage chez Honda, mais comme tous les pilotes des deux \u00e9curies japonaises : il se classe 18\u00e8me du plateau avec 21 points.<\/p>\n<ul>\n<li style=\"text-align: justify;\"><strong><a href=\"https:\/\/dicodusport.fr\/blog\/motogp-2024-classement-championnat-du-monde-des-pilotes\/\">Moto GP 2024 \u2013 Classement Championnat du monde des pilotes<\/a><\/strong><\/li>\n<\/ul>\n","protected":false},"excerpt":{"rendered":"<p>MOTOGP &#8211; \u00c9MILIE-ROMAGNE 2024 : Horaires, programme TV et r\u00e9sultats complets du Grand Prix d&rsquo;\u00c9milie-Romagne de MotoGP 2024.<\/p>\n","protected":false},"author":54,"featured_media":521471,"comment_status":"open","ping_status":"closed","sticky":false,"template":"","format":"standard","meta":{"_acf_changed":false,"_daextam_enable_autolinks":"1","footnotes":""},"categories":[47087],"tags":[16878,20037,10938,19977],"class_list":["post-521309","post","type-post","status-publish","format-standard","has-post-thumbnail","hentry","category-motogp","tag-breve","tag-grand-prix-demilie-romagne-motogp","tag-motogp","tag-motogp-emilie-romagne"],"acf":[],"yoast_head":"<!-- This site is optimized with the Yoast SEO Premium plugin v26.7 (Yoast SEO v26.7) - https:\/\/yoast.com\/wordpress\/plugins\/seo\/ -->\n<title>MotoGP \u00c9milie-Romagne 2024 : Les r\u00e9sultats complets<\/title>\n<meta name=\"description\" content=\"MOTOGP - \u00c9MILIE-ROMAGNE 2024 : Horaires, programme TV et r\u00e9sultats complets du Grand Prix d&#039;\u00c9milie-Romagne de MotoGP 2024, 14\u00e8me manche.\" \/>\n<meta name=\"robots\" content=\"index, follow, max-snippet:-1, max-image-preview:large, max-video-preview:-1\" \/>\n<link rel=\"canonical\" href=\"https:\/\/dicodusport.fr\/blog\/motogp-emilie-romagne-2024-horaires-programme-tv-et-resultats\/\" \/>\n<meta property=\"og:locale\" content=\"fr_FR\" \/>\n<meta property=\"og:type\" content=\"article\" \/>\n<meta property=\"og:title\" content=\"MotoGP \u00c9milie-Romagne 2024 : Les r\u00e9sultats complets\" \/>\n<meta property=\"og:description\" content=\"MOTOGP - \u00c9MILIE-ROMAGNE 2024 : Horaires, programme TV et r\u00e9sultats complets du Grand Prix d&#039;\u00c9milie-Romagne de MotoGP 2024, 14\u00e8me manche.\" \/>\n<meta property=\"og:url\" content=\"https:\/\/dicodusport.fr\/blog\/motogp-emilie-romagne-2024-horaires-programme-tv-et-resultats\/\" \/>\n<meta property=\"og:site_name\" content=\"Dicodusport\" \/>\n<meta property=\"article:publisher\" content=\"https:\/\/www.facebook.com\/dicodusport\" \/>\n<meta property=\"article:author\" content=\"https:\/\/www.facebook.com\/roxane.lecacher\" \/>\n<meta property=\"article:published_time\" content=\"2024-09-22T13:37:43+00:00\" \/>\n<meta property=\"article:modified_time\" content=\"2024-09-22T13:37:51+00:00\" \/>\n<meta property=\"og:image\" content=\"https:\/\/dicodusport.fr\/blog\/wp-content\/uploads\/2024\/09\/MotoGP-Emilie-Romagne-2024-Horaires-programme-TV-et-resultats.png\" \/>\n\t<meta property=\"og:image:width\" content=\"1200\" \/>\n\t<meta property=\"og:image:height\" content=\"674\" \/>\n\t<meta property=\"og:image:type\" content=\"image\/png\" \/>\n<meta name=\"author\" content=\"Roxane Lecacher\" \/>\n<meta name=\"twitter:card\" content=\"summary_large_image\" \/>\n<meta name=\"twitter:title\" content=\"MotoGP \u00c9milie-Romagne 2024 : Les r\u00e9sultats complets\" \/>\n<meta name=\"twitter:creator\" content=\"@dicodusport\" \/>\n<meta name=\"twitter:site\" content=\"@dicodusport\" \/>\n<script type=\"application\/ld+json\" class=\"yoast-schema-graph\">{\"@context\":\"https:\/\/schema.org\",\"@graph\":[{\"@type\":\"NewsArticle\",\"@id\":\"https:\/\/dicodusport.fr\/blog\/motogp-emilie-romagne-2024-horaires-programme-tv-et-resultats\/#article\",\"isPartOf\":{\"@id\":\"https:\/\/dicodusport.fr\/blog\/motogp-emilie-romagne-2024-horaires-programme-tv-et-resultats\/\"},\"author\":{\"name\":\"Roxane Lecacher\",\"@id\":\"https:\/\/dicodusport.fr\/blog\/#\/schema\/person\/819fb2545dd2715bd7c0580d6d4b411a\"},\"headline\":\"MotoGP \u00c9milie-Romagne 2024 : Les r\u00e9sultats complets\",\"datePublished\":\"2024-09-22T13:37:43+00:00\",\"dateModified\":\"2024-09-22T13:37:51+00:00\",\"mainEntityOfPage\":{\"@id\":\"https:\/\/dicodusport.fr\/blog\/motogp-emilie-romagne-2024-horaires-programme-tv-et-resultats\/\"},\"wordCount\":974,\"commentCount\":0,\"publisher\":{\"@id\":\"https:\/\/dicodusport.fr\/blog\/#organization\"},\"image\":{\"@id\":\"https:\/\/dicodusport.fr\/blog\/motogp-emilie-romagne-2024-horaires-programme-tv-et-resultats\/#primaryimage\"},\"thumbnailUrl\":\"https:\/\/dicodusport.fr\/blog\/wp-content\/uploads\/2024\/09\/MotoGP-Emilie-Romagne-2024-Horaires-programme-TV-et-resultats.png\",\"keywords\":[\"br\u00e8ve\",\"Grand Prix d'\u00c9milie-Romagne MotoGP\",\"MotoGP\",\"MotoGP Emilie-Romagne\"],\"articleSection\":[\"MotoGP\"],\"inLanguage\":\"fr-FR\",\"potentialAction\":[{\"@type\":\"CommentAction\",\"name\":\"Comment\",\"target\":[\"https:\/\/dicodusport.fr\/blog\/motogp-emilie-romagne-2024-horaires-programme-tv-et-resultats\/#respond\"]}],\"copyrightYear\":\"2024\",\"copyrightHolder\":{\"@id\":\"https:\/\/dicodusport.fr\/blog\/#organization\"}},{\"@type\":\"WebPage\",\"@id\":\"https:\/\/dicodusport.fr\/blog\/motogp-emilie-romagne-2024-horaires-programme-tv-et-resultats\/\",\"url\":\"https:\/\/dicodusport.fr\/blog\/motogp-emilie-romagne-2024-horaires-programme-tv-et-resultats\/\",\"name\":\"MotoGP \u00c9milie-Romagne 2024 : Les r\u00e9sultats complets\",\"isPartOf\":{\"@id\":\"https:\/\/dicodusport.fr\/blog\/#website\"},\"primaryImageOfPage\":{\"@id\":\"https:\/\/dicodusport.fr\/blog\/motogp-emilie-romagne-2024-horaires-programme-tv-et-resultats\/#primaryimage\"},\"image\":{\"@id\":\"https:\/\/dicodusport.fr\/blog\/motogp-emilie-romagne-2024-horaires-programme-tv-et-resultats\/#primaryimage\"},\"thumbnailUrl\":\"https:\/\/dicodusport.fr\/blog\/wp-content\/uploads\/2024\/09\/MotoGP-Emilie-Romagne-2024-Horaires-programme-TV-et-resultats.png\",\"datePublished\":\"2024-09-22T13:37:43+00:00\",\"dateModified\":\"2024-09-22T13:37:51+00:00\",\"description\":\"MOTOGP - \u00c9MILIE-ROMAGNE 2024 : Horaires, programme TV et r\u00e9sultats complets du Grand Prix d'\u00c9milie-Romagne de MotoGP 2024, 14\u00e8me manche.\",\"breadcrumb\":{\"@id\":\"https:\/\/dicodusport.fr\/blog\/motogp-emilie-romagne-2024-horaires-programme-tv-et-resultats\/#breadcrumb\"},\"inLanguage\":\"fr-FR\",\"potentialAction\":[{\"@type\":\"ReadAction\",\"target\":[\"https:\/\/dicodusport.fr\/blog\/motogp-emilie-romagne-2024-horaires-programme-tv-et-resultats\/\"]}]},{\"@type\":\"ImageObject\",\"inLanguage\":\"fr-FR\",\"@id\":\"https:\/\/dicodusport.fr\/blog\/motogp-emilie-romagne-2024-horaires-programme-tv-et-resultats\/#primaryimage\",\"url\":\"https:\/\/dicodusport.fr\/blog\/wp-content\/uploads\/2024\/09\/MotoGP-Emilie-Romagne-2024-Horaires-programme-TV-et-resultats.png\",\"contentUrl\":\"https:\/\/dicodusport.fr\/blog\/wp-content\/uploads\/2024\/09\/MotoGP-Emilie-Romagne-2024-Horaires-programme-TV-et-resultats.png\",\"width\":1200,\"height\":674,\"caption\":\"MotoGP Emilie-Romagne 2024 Horaires, programme TV et r\u00e9sultats\"},{\"@type\":\"BreadcrumbList\",\"@id\":\"https:\/\/dicodusport.fr\/blog\/motogp-emilie-romagne-2024-horaires-programme-tv-et-resultats\/#breadcrumb\",\"itemListElement\":[{\"@type\":\"ListItem\",\"position\":1,\"name\":\"Accueil\",\"item\":\"https:\/\/dicodusport.fr\/blog\/\"},{\"@type\":\"ListItem\",\"position\":2,\"name\":\"MotoGP \u00c9milie-Romagne 2024 : Les r\u00e9sultats complets\"}]},{\"@type\":\"WebSite\",\"@id\":\"https:\/\/dicodusport.fr\/blog\/#website\",\"url\":\"https:\/\/dicodusport.fr\/blog\/\",\"name\":\"Dicodusport\",\"description\":\"L&#039;encyclop\u00e9die de l&#039;actualit\u00e9 sportive\",\"publisher\":{\"@id\":\"https:\/\/dicodusport.fr\/blog\/#organization\"},\"potentialAction\":[{\"@type\":\"SearchAction\",\"target\":{\"@type\":\"EntryPoint\",\"urlTemplate\":\"https:\/\/dicodusport.fr\/blog\/?s={search_term_string}\"},\"query-input\":{\"@type\":\"PropertyValueSpecification\",\"valueRequired\":true,\"valueName\":\"search_term_string\"}}],\"inLanguage\":\"fr-FR\"},{\"@type\":\"NewsMediaOrganization\",\"@id\":\"https:\/\/dicodusport.fr\/blog\/#organization\",\"name\":\"Dicodusport\",\"url\":\"https:\/\/dicodusport.fr\/blog\/\",\"logo\":{\"@type\":\"ImageObject\",\"inLanguage\":\"fr-FR\",\"@id\":\"https:\/\/dicodusport.fr\/blog\/#\/schema\/logo\/image\/\",\"url\":\"https:\/\/dicodusport.fr\/blog\/wp-content\/uploads\/2020\/06\/cropped-LOGO-DICODUSPORT-2020-SANS-FOND-SANS-TEXTE.png\",\"contentUrl\":\"https:\/\/dicodusport.fr\/blog\/wp-content\/uploads\/2020\/06\/cropped-LOGO-DICODUSPORT-2020-SANS-FOND-SANS-TEXTE.png\",\"width\":512,\"height\":512,\"caption\":\"Dicodusport\"},\"image\":{\"@id\":\"https:\/\/dicodusport.fr\/blog\/#\/schema\/logo\/image\/\"},\"sameAs\":[\"https:\/\/www.facebook.com\/dicodusport\",\"https:\/\/x.com\/dicodusport\",\"https:\/\/www.instagram.com\/dicodusport\/\",\"https:\/\/www.youtube.com\/channel\/UC7V2KZ5sd3htJivAbA4ZG3w\"],\"description\":\"Dicodusport est l'encyclop\u00e9die de l'actualit\u00e9 sportive.\",\"email\":\"bonjour@dicodusport.fr\",\"legalName\":\"DICODUSPORT\",\"foundingDate\":\"2018-01-14\",\"vatID\":\"FR71834470973\",\"taxID\":\"83447097300043\",\"numberOfEmployees\":{\"@type\":\"QuantitativeValue\",\"minValue\":\"1\",\"maxValue\":\"10\"}},{\"@type\":\"Person\",\"@id\":\"https:\/\/dicodusport.fr\/blog\/#\/schema\/person\/819fb2545dd2715bd7c0580d6d4b411a\",\"name\":\"Roxane Lecacher\",\"image\":{\"@type\":\"ImageObject\",\"inLanguage\":\"fr-FR\",\"@id\":\"https:\/\/dicodusport.fr\/blog\/#\/schema\/person\/image\/\",\"url\":\"https:\/\/dicodusport.fr\/blog\/wp-content\/uploads\/2021\/05\/Roxane-Lecacher-150x150.jpg\",\"contentUrl\":\"https:\/\/dicodusport.fr\/blog\/wp-content\/uploads\/2021\/05\/Roxane-Lecacher-150x150.jpg\",\"caption\":\"Roxane Lecacher\"},\"description\":\"Journaliste\/r\u00e9dactrice depuis janvier 2021 - N\u00e9e quelques jours avant la premi\u00e8re \u00e9toile des Bleus, je baigne dans une famille tr\u00e8s sportive. Je n\u2019ai eu d\u2019autres choix que de me passionner pour le sujet. Pratiquante de l\u2019athl\u00e9tisme depuis toute petite, j\u2019ai aussi un attrait tout particulier pour la Formule 1, le biathlon et le foot. Pendant les grands \u00e9v\u00e9nements, il est impossible de d\u00e9crocher de ma t\u00e9l\u00e9. C\u2019est \u00e0 travers Dicodusport que j\u2019aime d\u00e9sormais vous transmettre mes \u00e9motions et ma passion.\",\"sameAs\":[\"https:\/\/www.facebook.com\/roxane.lecacher\",\"https:\/\/fr.linkedin.com\/in\/roxane-lecacher-23368313b\"],\"url\":\"https:\/\/dicodusport.fr\/blog\/author\/roxanel\/\"}]}<\/script>\n<!-- \/ Yoast SEO Premium plugin. -->","yoast_head_json":{"title":"MotoGP \u00c9milie-Romagne 2024 : Les r\u00e9sultats complets","description":"MOTOGP - \u00c9MILIE-ROMAGNE 2024 : Horaires, programme TV et r\u00e9sultats complets du Grand Prix d'\u00c9milie-Romagne de MotoGP 2024, 14\u00e8me manche.","robots":{"index":"index","follow":"follow","max-snippet":"max-snippet:-1","max-image-preview":"max-image-preview:large","max-video-preview":"max-video-preview:-1"},"canonical":"https:\/\/dicodusport.fr\/blog\/motogp-emilie-romagne-2024-horaires-programme-tv-et-resultats\/","og_locale":"fr_FR","og_type":"article","og_title":"MotoGP \u00c9milie-Romagne 2024 : Les r\u00e9sultats complets","og_description":"MOTOGP - \u00c9MILIE-ROMAGNE 2024 : Horaires, programme TV et r\u00e9sultats complets du Grand Prix d'\u00c9milie-Romagne de MotoGP 2024, 14\u00e8me manche.","og_url":"https:\/\/dicodusport.fr\/blog\/motogp-emilie-romagne-2024-horaires-programme-tv-et-resultats\/","og_site_name":"Dicodusport","article_publisher":"https:\/\/www.facebook.com\/dicodusport","article_author":"https:\/\/www.facebook.com\/roxane.lecacher","article_published_time":"2024-09-22T13:37:43+00:00","article_modified_time":"2024-09-22T13:37:51+00:00","og_image":[{"width":1200,"height":674,"url":"https:\/\/dicodusport.fr\/blog\/wp-content\/uploads\/2024\/09\/MotoGP-Emilie-Romagne-2024-Horaires-programme-TV-et-resultats.png","type":"image\/png"}],"author":"Roxane Lecacher","twitter_card":"summary_large_image","twitter_title":"MotoGP \u00c9milie-Romagne 2024 : Les r\u00e9sultats complets","twitter_creator":"@dicodusport","twitter_site":"@dicodusport","schema":{"@context":"https:\/\/schema.org","@graph":[{"@type":"NewsArticle","@id":"https:\/\/dicodusport.fr\/blog\/motogp-emilie-romagne-2024-horaires-programme-tv-et-resultats\/#article","isPartOf":{"@id":"https:\/\/dicodusport.fr\/blog\/motogp-emilie-romagne-2024-horaires-programme-tv-et-resultats\/"},"author":{"name":"Roxane Lecacher","@id":"https:\/\/dicodusport.fr\/blog\/#\/schema\/person\/819fb2545dd2715bd7c0580d6d4b411a"},"headline":"MotoGP \u00c9milie-Romagne 2024 : Les r\u00e9sultats complets","datePublished":"2024-09-22T13:37:43+00:00","dateModified":"2024-09-22T13:37:51+00:00","mainEntityOfPage":{"@id":"https:\/\/dicodusport.fr\/blog\/motogp-emilie-romagne-2024-horaires-programme-tv-et-resultats\/"},"wordCount":974,"commentCount":0,"publisher":{"@id":"https:\/\/dicodusport.fr\/blog\/#organization"},"image":{"@id":"https:\/\/dicodusport.fr\/blog\/motogp-emilie-romagne-2024-horaires-programme-tv-et-resultats\/#primaryimage"},"thumbnailUrl":"https:\/\/dicodusport.fr\/blog\/wp-content\/uploads\/2024\/09\/MotoGP-Emilie-Romagne-2024-Horaires-programme-TV-et-resultats.png","keywords":["br\u00e8ve","Grand Prix d'\u00c9milie-Romagne MotoGP","MotoGP","MotoGP Emilie-Romagne"],"articleSection":["MotoGP"],"inLanguage":"fr-FR","potentialAction":[{"@type":"CommentAction","name":"Comment","target":["https:\/\/dicodusport.fr\/blog\/motogp-emilie-romagne-2024-horaires-programme-tv-et-resultats\/#respond"]}],"copyrightYear":"2024","copyrightHolder":{"@id":"https:\/\/dicodusport.fr\/blog\/#organization"}},{"@type":"WebPage","@id":"https:\/\/dicodusport.fr\/blog\/motogp-emilie-romagne-2024-horaires-programme-tv-et-resultats\/","url":"https:\/\/dicodusport.fr\/blog\/motogp-emilie-romagne-2024-horaires-programme-tv-et-resultats\/","name":"MotoGP \u00c9milie-Romagne 2024 : Les r\u00e9sultats complets","isPartOf":{"@id":"https:\/\/dicodusport.fr\/blog\/#website"},"primaryImageOfPage":{"@id":"https:\/\/dicodusport.fr\/blog\/motogp-emilie-romagne-2024-horaires-programme-tv-et-resultats\/#primaryimage"},"image":{"@id":"https:\/\/dicodusport.fr\/blog\/motogp-emilie-romagne-2024-horaires-programme-tv-et-resultats\/#primaryimage"},"thumbnailUrl":"https:\/\/dicodusport.fr\/blog\/wp-content\/uploads\/2024\/09\/MotoGP-Emilie-Romagne-2024-Horaires-programme-TV-et-resultats.png","datePublished":"2024-09-22T13:37:43+00:00","dateModified":"2024-09-22T13:37:51+00:00","description":"MOTOGP - \u00c9MILIE-ROMAGNE 2024 : Horaires, programme TV et r\u00e9sultats complets du Grand Prix d'\u00c9milie-Romagne de MotoGP 2024, 14\u00e8me manche.","breadcrumb":{"@id":"https:\/\/dicodusport.fr\/blog\/motogp-emilie-romagne-2024-horaires-programme-tv-et-resultats\/#breadcrumb"},"inLanguage":"fr-FR","potentialAction":[{"@type":"ReadAction","target":["https:\/\/dicodusport.fr\/blog\/motogp-emilie-romagne-2024-horaires-programme-tv-et-resultats\/"]}]},{"@type":"ImageObject","inLanguage":"fr-FR","@id":"https:\/\/dicodusport.fr\/blog\/motogp-emilie-romagne-2024-horaires-programme-tv-et-resultats\/#primaryimage","url":"https:\/\/dicodusport.fr\/blog\/wp-content\/uploads\/2024\/09\/MotoGP-Emilie-Romagne-2024-Horaires-programme-TV-et-resultats.png","contentUrl":"https:\/\/dicodusport.fr\/blog\/wp-content\/uploads\/2024\/09\/MotoGP-Emilie-Romagne-2024-Horaires-programme-TV-et-resultats.png","width":1200,"height":674,"caption":"MotoGP Emilie-Romagne 2024 Horaires, programme TV et r\u00e9sultats"},{"@type":"BreadcrumbList","@id":"https:\/\/dicodusport.fr\/blog\/motogp-emilie-romagne-2024-horaires-programme-tv-et-resultats\/#breadcrumb","itemListElement":[{"@type":"ListItem","position":1,"name":"Accueil","item":"https:\/\/dicodusport.fr\/blog\/"},{"@type":"ListItem","position":2,"name":"MotoGP \u00c9milie-Romagne 2024 : Les r\u00e9sultats complets"}]},{"@type":"WebSite","@id":"https:\/\/dicodusport.fr\/blog\/#website","url":"https:\/\/dicodusport.fr\/blog\/","name":"Dicodusport","description":"L&#039;encyclop\u00e9die de l&#039;actualit\u00e9 sportive","publisher":{"@id":"https:\/\/dicodusport.fr\/blog\/#organization"},"potentialAction":[{"@type":"SearchAction","target":{"@type":"EntryPoint","urlTemplate":"https:\/\/dicodusport.fr\/blog\/?s={search_term_string}"},"query-input":{"@type":"PropertyValueSpecification","valueRequired":true,"valueName":"search_term_string"}}],"inLanguage":"fr-FR"},{"@type":"NewsMediaOrganization","@id":"https:\/\/dicodusport.fr\/blog\/#organization","name":"Dicodusport","url":"https:\/\/dicodusport.fr\/blog\/","logo":{"@type":"ImageObject","inLanguage":"fr-FR","@id":"https:\/\/dicodusport.fr\/blog\/#\/schema\/logo\/image\/","url":"https:\/\/dicodusport.fr\/blog\/wp-content\/uploads\/2020\/06\/cropped-LOGO-DICODUSPORT-2020-SANS-FOND-SANS-TEXTE.png","contentUrl":"https:\/\/dicodusport.fr\/blog\/wp-content\/uploads\/2020\/06\/cropped-LOGO-DICODUSPORT-2020-SANS-FOND-SANS-TEXTE.png","width":512,"height":512,"caption":"Dicodusport"},"image":{"@id":"https:\/\/dicodusport.fr\/blog\/#\/schema\/logo\/image\/"},"sameAs":["https:\/\/www.facebook.com\/dicodusport","https:\/\/x.com\/dicodusport","https:\/\/www.instagram.com\/dicodusport\/","https:\/\/www.youtube.com\/channel\/UC7V2KZ5sd3htJivAbA4ZG3w"],"description":"Dicodusport est l'encyclop\u00e9die de l'actualit\u00e9 sportive.","email":"bonjour@dicodusport.fr","legalName":"DICODUSPORT","foundingDate":"2018-01-14","vatID":"FR71834470973","taxID":"83447097300043","numberOfEmployees":{"@type":"QuantitativeValue","minValue":"1","maxValue":"10"}},{"@type":"Person","@id":"https:\/\/dicodusport.fr\/blog\/#\/schema\/person\/819fb2545dd2715bd7c0580d6d4b411a","name":"Roxane Lecacher","image":{"@type":"ImageObject","inLanguage":"fr-FR","@id":"https:\/\/dicodusport.fr\/blog\/#\/schema\/person\/image\/","url":"https:\/\/dicodusport.fr\/blog\/wp-content\/uploads\/2021\/05\/Roxane-Lecacher-150x150.jpg","contentUrl":"https:\/\/dicodusport.fr\/blog\/wp-content\/uploads\/2021\/05\/Roxane-Lecacher-150x150.jpg","caption":"Roxane Lecacher"},"description":"Journaliste\/r\u00e9dactrice depuis janvier 2021 - N\u00e9e quelques jours avant la premi\u00e8re \u00e9toile des Bleus, je baigne dans une famille tr\u00e8s sportive. Je n\u2019ai eu d\u2019autres choix que de me passionner pour le sujet. Pratiquante de l\u2019athl\u00e9tisme depuis toute petite, j\u2019ai aussi un attrait tout particulier pour la Formule 1, le biathlon et le foot. Pendant les grands \u00e9v\u00e9nements, il est impossible de d\u00e9crocher de ma t\u00e9l\u00e9. C\u2019est \u00e0 travers Dicodusport que j\u2019aime d\u00e9sormais vous transmettre mes \u00e9motions et ma passion.","sameAs":["https:\/\/www.facebook.com\/roxane.lecacher","https:\/\/fr.linkedin.com\/in\/roxane-lecacher-23368313b"],"url":"https:\/\/dicodusport.fr\/blog\/author\/roxanel\/"}]}},"_links":{"self":[{"href":"https:\/\/dicodusport.fr\/blog\/wp-json\/wp\/v2\/posts\/521309","targetHints":{"allow":["GET"]}}],"collection":[{"href":"https:\/\/dicodusport.fr\/blog\/wp-json\/wp\/v2\/posts"}],"about":[{"href":"https:\/\/dicodusport.fr\/blog\/wp-json\/wp\/v2\/types\/post"}],"author":[{"embeddable":true,"href":"https:\/\/dicodusport.fr\/blog\/wp-json\/wp\/v2\/users\/54"}],"replies":[{"embeddable":true,"href":"https:\/\/dicodusport.fr\/blog\/wp-json\/wp\/v2\/comments?post=521309"}],"version-history":[{"count":5,"href":"https:\/\/dicodusport.fr\/blog\/wp-json\/wp\/v2\/posts\/521309\/revisions"}],"predecessor-version":[{"id":522044,"href":"https:\/\/dicodusport.fr\/blog\/wp-json\/wp\/v2\/posts\/521309\/revisions\/522044"}],"wp:featuredmedia":[{"embeddable":true,"href":"https:\/\/dicodusport.fr\/blog\/wp-json\/wp\/v2\/media\/521471"}],"wp:attachment":[{"href":"https:\/\/dicodusport.fr\/blog\/wp-json\/wp\/v2\/media?parent=521309"}],"wp:term":[{"taxonomy":"category","embeddable":true,"href":"https:\/\/dicodusport.fr\/blog\/wp-json\/wp\/v2\/categories?post=521309"},{"taxonomy":"post_tag","embeddable":true,"href":"https:\/\/dicodusport.fr\/blog\/wp-json\/wp\/v2\/tags?post=521309"}],"curies":[{"name":"wp","href":"https:\/\/api.w.org\/{rel}","templated":true}]}}