{"id":521342,"date":"2024-09-25T10:00:12","date_gmt":"2024-09-25T08:00:12","guid":{"rendered":"https:\/\/dicodusport.fr\/blog\/?p=521342&#038;preview=true&#038;preview_id=521342"},"modified":"2024-09-25T09:17:52","modified_gmt":"2024-09-25T07:17:52","slug":"chloe-le-roch-marche-jai-eu-des-moments-compliques-avant-les-mondiaux-u20","status":"publish","type":"post","link":"https:\/\/dicodusport.fr\/blog\/chloe-le-roch-marche-jai-eu-des-moments-compliques-avant-les-mondiaux-u20\/","title":{"rendered":"Chlo\u00e9 Le Roch (marche) : \u00ab\u00a0J&rsquo;ai eu des moments compliqu\u00e9s avant les Mondiaux U20\u00a0\u00bb"},"content":{"rendered":"<h4 style=\"text-align: justify;\"><em>ATHL\u00c9TISME &#8211; Entretien avec la jeune marcheuse Chlo\u00e9 Le Roch, qui a pris la 8e place des Mondiaux U20 sur 10 000 m marche au mois d&rsquo;ao\u00fbt. Alors qu&rsquo;elle n&rsquo;\u00e9tait que cadette (U18), elle s&rsquo;est hiss\u00e9e parmi les finalistes et a explos\u00e9 le record de France U20 d&rsquo;une certaine Camille Moutard, le portant \u00e0 45:52.89. Elle revient sur la comp\u00e9tition et sa tr\u00e8s belle ann\u00e9e 2024, o\u00f9 elle s&rsquo;est empar\u00e9e de plusieurs records de France. Mais aussi l&rsquo;entra\u00eenement tout l&rsquo;\u00e9t\u00e9, pendant que ses amis profitaient de leurs vacances. Elle \u00e9voque la suite, sa rentr\u00e9e en Terminale mais aussi comment elle a commenc\u00e9 la marche.<\/em><\/h4>\n<h2 style=\"text-align: justify;\">Chlo\u00e9 Le Roch : \u00ab\u00a0On apprend beaucoup quand on part \u00e0 l&rsquo;\u00e9tranger\u00a0\u00bb<\/h2>\n<h3 style=\"text-align: justify;\">On est quelques jours apr\u00e8s la fin des championnats du monde U20. Qu&rsquo;est-ce que tu retiens de cette aventure ?<\/h3>\n<p style=\"text-align: justify;\"><strong>Chlo\u00e9 Le Roch (recordwoman de France juniors du 10000 m marche)<\/strong> : C&rsquo;est la meilleure comp\u00e9tition que j&rsquo;ai pu faire depuis que j&rsquo;ai commenc\u00e9 l&rsquo;athl\u00e9tisme. Que ce soit au niveau de l&rsquo;ambiance, qui \u00e9tait incroyable. Cela reste une de mes meilleures performances. Dans sa totalit\u00e9, tout \u00e9tait parfait. Je retiens aussi ma premi\u00e8re grande performance sur 10 000 m. Qui me rapproche de ma prochaine distance, quand je vais grandir, qui est le 20 kilom\u00e8tres.<\/p>\n<h3 style=\"text-align: justify;\">Tu as d\u00e9j\u00e0 port\u00e9 le maillot bleu \u00e0 plusieurs reprises cette ann\u00e9e, mais cela reste ta premi\u00e8re grande exp\u00e9rience internationale. Tu as beaucoup appris sur toi et le haut niveau ?<\/h3>\n<p style=\"text-align: justify;\">Oui, on apprend beaucoup. Sur comment g\u00e9rer le stress, g\u00e9rer la comp\u00e9tition. Il y a des chambres d&rsquo;appel qu&rsquo;on n&rsquo;a pas forc\u00e9ment en France, sur de plus petites comp\u00e9titions. C&rsquo;est quelque chose \u00e0 g\u00e9rer. On est \u00e9galement arriv\u00e9 deux semaines en avance au P\u00e9rou. Il faut g\u00e9rer son alimentation, son sommeil et le d\u00e9calage horaire. On apprend beaucoup sur soi, sur ce qu&rsquo;il ne va pas, quand on part \u00e0 l&rsquo;\u00e9tranger. C&rsquo;est en faisant des comp\u00e9titions loin de chez soi que l&rsquo;on grandit en tant qu&rsquo;athl\u00e8te.<\/p>\n<div id=\"attachment_521488\" style=\"width: 750px\" class=\"wp-caption aligncenter\"><a href=\"https:\/\/dicodusport.fr\/blog\/wp-content\/uploads\/2024\/09\/unnamed-33.jpg\"><img loading=\"lazy\" decoding=\"async\" aria-describedby=\"caption-attachment-521488\" class=\"wp-image-521488 size-large\" src=\"https:\/\/dicodusport.fr\/blog\/wp-content\/uploads\/2024\/09\/unnamed-33-824x1024.jpg\" alt=\"Chlo\u00e9 Le Roch\" width=\"740\" height=\"920\" srcset=\"https:\/\/dicodusport.fr\/blog\/wp-content\/uploads\/2024\/09\/unnamed-33-824x1024.jpg 824w, https:\/\/dicodusport.fr\/blog\/wp-content\/uploads\/2024\/09\/unnamed-33-241x300.jpg 241w, https:\/\/dicodusport.fr\/blog\/wp-content\/uploads\/2024\/09\/unnamed-33-768x955.jpg 768w, https:\/\/dicodusport.fr\/blog\/wp-content\/uploads\/2024\/09\/unnamed-33.jpg 1179w\" sizes=\"auto, (max-width: 740px) 100vw, 740px\" \/><\/a><p id=\"caption-attachment-521488\" class=\"wp-caption-text\">Chlo\u00e9 Le Roch<\/p><\/div>\n<h2 style=\"text-align: justify;\">Chlo\u00e9 Le Roch : \u00ab\u00a0Je ne m&rsquo;attendais pas du tout \u00e0 la 8e place\u00a0\u00bb<\/h2>\n<h3 style=\"text-align: justify;\">Surtout que vous \u00e9tiez \u00e0 l&rsquo;autre bout du monde.<\/h3>\n<p style=\"text-align: justify;\">Je pense que c&rsquo;est un point qui m&rsquo;a permis de performer. Le fait de me dire que je suis loin. J&rsquo;avais des personnes \u00e0 rendre fi\u00e8res, mais aussi l&rsquo;envie de montrer que j&rsquo;\u00e9tais l\u00e0, malgr\u00e9 ma blessure en juin. Gr\u00e2ce \u00e0 mon coach et ma pr\u00e9paration, j&rsquo;ai r\u00e9ussi \u00e0 refaire surface et performer. J&rsquo;\u00e9tais au P\u00e9rou, avec rien \u00e0 perdre et en \u00e9tant une des plus jeunes. A part se donner \u00e0 fond, il n&rsquo;y avait rien \u00e0 faire d&rsquo;autre. Et je pense que cela a jou\u00e9.<\/p>\n<h3 style=\"text-align: justify;\">T&rsquo;attendais-tu \u00e0 terminer dans le top 8 et battre un record de France ?<\/h3>\n<p style=\"text-align: justify;\">La 8e place, franchement, pas du tout. Mais avant de partir, j&rsquo;esp\u00e9rais me rapprocher du Top 12, mais au meilleur des cas. Mais en termes de chrono, je connaissais le record de France et j&rsquo;esp\u00e9rais m&rsquo;y approcher, voire le battre. J&rsquo;esp\u00e9rais ces 46:30. Mais de l\u00e0 \u00e0 faire moins de 46, pas du tout. Mais, deux jours avant la course, sur les r\u00e9veils et activations, je sentais que j&rsquo;avais de super jambes. Cela m&rsquo;a mis en confiance et le jour J, je suis arriv\u00e9e avec beaucoup d&rsquo;adr\u00e9naline et d&rsquo;envie de marcher. J&rsquo;\u00e9tais surprise et \u00e9mue apr\u00e8s la course, mais au fond de moi, j&rsquo;esp\u00e9rais ces 46:30.<\/p>\n<blockquote class=\"twitter-tweet\">\n<p dir=\"ltr\" lang=\"fr\">RECORD DE FRANCE U20 POUR LA CADETTE CHLOE LE ROCH<\/p>\n<p>Elle explose de plus de 40 secondes l&rsquo;ancien record de Camille Moutard et passe sous les 46 minutes (45:52.29)<\/p>\n<p>Elle est 8e, alors qu&rsquo;elle est cadette !<\/p>\n<p>Absolument stratosph\u00e9rique !!<a href=\"https:\/\/twitter.com\/hashtag\/Lima2024?src=hash&amp;ref_src=twsrc%5Etfw\">#Lima2024<\/a> <a href=\"https:\/\/t.co\/SJpbtqCfUc\">pic.twitter.com\/SJpbtqCfUc<\/a><\/p>\n<p>\u2014 Etienne Goursaud \uea00\ud83c\uddeb\ud83c\uddf7 (@EtienneGoursaud) <a href=\"https:\/\/twitter.com\/EtienneGoursaud\/status\/1829553314033525232?ref_src=twsrc%5Etfw\">August 30, 2024<\/a><\/p><\/blockquote>\n<p><script async src=\"https:\/\/platform.twitter.com\/widgets.js\" charset=\"utf-8\"><\/script><\/p>\n<h2 style=\"text-align: justify;\">Chlo\u00e9 Le Roch : \u00ab\u00a0J&rsquo;ai jou\u00e9 au chat et \u00e0 la souris avec les filles devant\u00a0\u00bb<\/h2>\n<h3 style=\"text-align: justify;\">Et le sch\u00e9ma de course est \u00e0 ton avantage. Tu remontes des concurrentes et cela doit \u00eatre motivant.<\/h3>\n<p style=\"text-align: justify;\">C&rsquo;est clair. Mais je pars plus vite que pr\u00e9vu, car je me sentais bien. Devant, cela part tr\u00e8s vite. Je me suis dit que je ne devais pas me fatiguer et je savais qu&rsquo;elles \u00e9taient plus fortes. Je pars dans mon rythme, mais je fais un premier 1000 m en 4:30. Je continue dans l&rsquo;allure, en me calant sur du 4:35. Ce qui \u00e9tait pr\u00e9vu dans le cas o\u00f9 j&rsquo;\u00e9tais tr\u00e8s en forme. Et au fur et \u00e0 mesure, j&rsquo;ai vu que cela se d\u00e9cantait derri\u00e8re et devant. Forc\u00e9ment, cela motive. J&rsquo;ai jou\u00e9 au jeu du chat et de la souris. J&rsquo;\u00e9tais le chat et je devais rattraper toutes les filles devant. Chose que j&rsquo;aime bien faire en comp\u00e9tition. Cela m&rsquo;a motiv\u00e9 et aid\u00e9. Pendant la course, je ne connaissais pas ma place, mais je savais que je rattrape le groupe de fille devant. Quand j&rsquo;arrive, j&rsquo;ai vu le podium arriver et j&rsquo;ai compris que je ne devais pas \u00eatre trop loin. C&rsquo;\u00e9tait, je pense, le bon sch\u00e9ma de course.<\/p>\n<h3 style=\"text-align: justify;\">Tu te fais une entorse \u00e0 la cheville au d\u00e9but de l&rsquo;\u00e9t\u00e9, tu ne peux pas faire les Europe cadets, as-tu eu peur que ta saison estivale soit termin\u00e9e ?<\/h3>\n<p style=\"text-align: justify;\">Oui. Je suis rest\u00e9e dans le doute jusqu&rsquo;\u00e0 une semaine des Europe, pour savoir si j&rsquo;y allais ou non. Quand j&rsquo;ai su que je n&rsquo;y allais pas, j&rsquo;ai eu des moments compliqu\u00e9s. Car avant qu&rsquo;ils me proposent d&rsquo;aller potentiellement aux Mondiaux, il fallait que j&rsquo;attende le r\u00e9sultat des France jeunes, j&rsquo;ai quand m\u00eame v\u00e9cu trois semaines compliqu\u00e9es et stressantes. Si je n&rsquo;\u00e9tais pas qualifi\u00e9e pour les Monde, c&rsquo;\u00e9tait deux ans de pr\u00e9paration \u00e0 un grand championnat pour rien. En plus, apr\u00e8s avoir vu les r\u00e9sultats aux Europe, si je n&rsquo;allais pas aux Mondiaux, je sentais que j&rsquo;allais d\u00e9primer tout l&rsquo;\u00e9t\u00e9. J&rsquo;ai eu une grande peur.<\/p>\n<blockquote class=\"twitter-tweet\">\n<p dir=\"ltr\" lang=\"fr\">Grosse blessure \u00e0 la cheville pour la jeune prodige de la marche Chlo\u00e9 Le Roch<\/p>\n<p>Elle a donn\u00e9 des nouvelles sur son compte instagram <a href=\"https:\/\/t.co\/sY1b8z8o4O\">pic.twitter.com\/sY1b8z8o4O<\/a><\/p>\n<p>\u2014 Etienne Goursaud \uea00\ud83c\uddeb\ud83c\uddf7 (@EtienneGoursaud) <a href=\"https:\/\/twitter.com\/EtienneGoursaud\/status\/1803870804347883779?ref_src=twsrc%5Etfw\">June 20, 2024<\/a><\/p><\/blockquote>\n<p><script async src=\"https:\/\/platform.twitter.com\/widgets.js\" charset=\"utf-8\"><\/script><\/p>\n<h2 style=\"text-align: justify;\">Chlo\u00e9 Le Roch : \u00ab\u00a0Mon pr\u00e9parateur mental m&rsquo;a aid\u00e9 \u00e0 garder la t\u00eate froide\u00a0\u00bb<\/h2>\n<h3 style=\"text-align: justify;\">Avec le recul, cette 8e place aux Mondiaux a sans doute plus de valeur que ce titre chez les cadettes.<\/h3>\n<p style=\"text-align: justify;\">Personnellement, je pr\u00e9f\u00e8re avoir fait ce que j&rsquo;ai fait aux Mondiaux plut\u00f4t qu&rsquo;un podium aux Europe. Aux Europe, j&rsquo;aurais \u00e9t\u00e9 avec des filles de ma cat\u00e9gorie, que j&rsquo;ai d\u00e9j\u00e0 quasi toutes crois\u00e9es. Le fait de faire cette 8e place, sachant que je suis une des plus jeunes du Top 8, je me suis dit que dans deux ans, je peux faire un beau truc aux prochains championnats du monde. Et pourquoi pas viser la premi\u00e8re place. Cette blessure \u00e9tait finalement un mal pour un bien.<\/p>\n<h3 style=\"text-align: justify;\">Cette ann\u00e9e 2024 est l&rsquo;ann\u00e9e r\u00e9v\u00e9lation pour toi. Tu encha\u00eenes des records de France. Comment as-tu fait pour garder la t\u00eate froide, notamment cet hiver ?<\/h3>\n<p style=\"text-align: justify;\">Apr\u00e8s de grandes comp\u00e9titions, o\u00f9 on bat des records, on met forc\u00e9ment un peu de temps \u00e0 redescendre sur terre. J&rsquo;\u00e9tais sur mon nuage. On n&rsquo;arrive jamais vraiment \u00e0 croire ce qu&rsquo;on vient de r\u00e9aliser. M\u00eame au c\u0153ur de l&rsquo;hiver, je savais que mon objectif \u00e9tait les 10 kilom\u00e8tres, qui arrivaient alors un mois plus tard. C&rsquo;\u00e9taient les \u00e9ch\u00e9ances de la saison en plus des mondiaux. Se dire, apr\u00e8s les records de cet hiver, que je pouvais me rel\u00e2cher, que le travail \u00e9tait d\u00e9j\u00e0 \u00e0 moiti\u00e9 fait, je n&rsquo;aurais pas \u00e9t\u00e9 pr\u00eate mentalement et physiquement. C&rsquo;est mon pr\u00e9parateur mental qui m&rsquo;a aid\u00e9 \u00e0 garder la t\u00eate froide, rester fix\u00e9 sur des objectifs principaux. J&rsquo;arrive \u00e0 me remettre dans le mood de l&rsquo;entra\u00eenement, pour pouvoir performer.<\/p>\n<h2 style=\"text-align: justify;\">Chlo\u00e9 Le Roch : \u00ab\u00a0Tu as envie d&rsquo;arr\u00eater et quand tu arr\u00eates, tu as envie de reprendre\u00a0\u00bb<\/h2>\n<h3 style=\"text-align: justify;\">J&rsquo;imagine que tu dois \u00eatre en coupure actuellement. Est-ce que tu es d\u00e9j\u00e0 tourn\u00e9e vers l&rsquo;avenir ou tu as eu ce besoin de souffler avec l&rsquo;athl\u00e9tisme ?<\/h3>\n<p style=\"text-align: justify;\">Je suis en coupure, je reprends au d\u00e9but de semaine prochaine (NDLR : Interview r\u00e9alis\u00e9e le 17 septembre). \u00c0 partir du moment o\u00f9 j&rsquo;ai appris que j&rsquo;allais \u00e0 Lima et le d\u00e9part au 20 ao\u00fbt, il y a eu un mois. Et pendant ce mois, c&rsquo;\u00e9tait compliqu\u00e9. Mes amis profitaient de leur \u00e9t\u00e9, sortaient sans restrictions. Et moi, je devais faire attention \u00e0 mon sommeil, \u00e0 mon alimentation. Je m&rsquo;entra\u00eenais tous les jours et je n&rsquo;\u00e9tais pas toujours libre. Cela commen\u00e7ait \u00e0 \u00eatre long. Mais j&rsquo;\u00e9tais heureuse que la saison se termine. Pour me reposer, profiter avec mes amis et manger ce que je veux, sans forc\u00e9ment faire attention. Mais au bout de deux semaines, j&rsquo;ai d\u00e9j\u00e0 envie de reprendre, de revoir les amis de l&rsquo;athl\u00e9tisme. Tu as envie d&rsquo;arr\u00eater et quand tu arr\u00eates, tu as envie de reprendre.<\/p>\n<h3 style=\"text-align: justify;\">Puis cela valait le coup&#8230;<\/h3>\n<p style=\"text-align: justify;\">Apr\u00e8s la comp\u00e9tition, je me suis dit que j&rsquo;avais eu bien raison de faire tout cela. On a la tentation de se dire qu&rsquo;on peut faire sauter une endurance, qu&rsquo;une en plus ou en moins, c&rsquo;est la m\u00eame chose. Mais quand on performe, on se dit qu&rsquo;on a bien raison de ne laisser aucune s\u00e9ance passer. Car si j&rsquo;avais loup\u00e9 deux ou trois s\u00e9ances, j&rsquo;aurais peut-\u00eatre fait une ou deux places en moins.<\/p>\n<h2 style=\"text-align: justify;\">Chlo\u00e9 Le Roch : \u00ab\u00a0Cl\u00e9mence, Camille, Pauline et Ana sont des mod\u00e8les\u00a0\u00bb<\/h2>\n<h3 style=\"text-align: justify;\">Ton \u00e9closion arrive au moment o\u00f9 la marche f\u00e9minine est bien install\u00e9e en France. Voire ces filles performer, cela t&rsquo;aide au quotidien ?<\/h3>\n<p style=\"text-align: justify;\">Tu \u00e9voques les quatre (on a parl\u00e9 de <strong>Cl\u00e9mence Beretta, Ana Delahaie, Camille Moutard et Pauline Stey<\/strong>), cela reste des mod\u00e8les. Elles ont fait de grandes performances. Certaines ont fait les JO. Ce sont des exemples. Sur les stages partag\u00e9s ensemble, je les \u00e9coute parler, je prends leurs conseils. Cela me motive et les voir aux JO, cela me motive \u00e0 continuer \u00e0 m&rsquo;entra\u00eener, pour arriver \u00e0 leur niveau et vivre ce qu&rsquo;elles ont pu vivre \u00e0 Paris, mais cette fois-ci \u00e0 Los Angeles ou en Australie, dans huit ans.<\/p>\n<h3 style=\"text-align: justify;\">Et si on t&rsquo;inclut parmi les juniors, ta cat\u00e9gorie est tr\u00e8s performante en France. Cela doit aussi \u00eatre motivant de ne pas \u00eatre seule.<\/h3>\n<p style=\"text-align: justify;\">Franchement oui, en plus on s&rsquo;entend vraiment tr\u00e8s bien toutes les trois. Le fait de se retrouver sur des stages et des comp\u00e9titions, cela me motive. On peut partager des s\u00e9ances ensemble. Avec <strong>L\u00e9na (Auvray<\/strong>, qui \u00e9tait aussi \u00e0 Lima), on habite \u00e0 une heure l&rsquo;une de l&rsquo;autre. On risque de se retrouver ensemble cet hiver, pour partager diverses s\u00e9ances. Quand il pleut ou qu&rsquo;il vente, ce n&rsquo;est pas rigolo d&rsquo;\u00eatre toute seule.<\/p>\n<h3 style=\"text-align: justify;\">La marche s&rsquo;est popularis\u00e9e en France depuis 20 ans. Vous arrivez \u00ab\u00a0au bon moment\u00a0\u00bb.<\/h3>\n<p style=\"text-align: justify;\">Oui. La marche est de plus en plus m\u00e9diatis\u00e9e. On est de plus en plus mis en valeur. Quand on fait une comp\u00e9tition, on est toujours content de recevoir des photos. Avoir des appels de journalistes. Cela nous permet d&rsquo;\u00eatre mis en avant, d&rsquo;\u00eatre suivis sur les r\u00e9seaux. C&rsquo;est important, pour aller chercher des partenaires.<\/p>\n<h2 style=\"text-align: justify;\">Chlo\u00e9 Le Roch : \u00ab\u00a0J&rsquo;ai besoin de dormir neuf heures par nuit\u00a0\u00bb<\/h2>\n<h3 style=\"text-align: justify;\">Tu es rentr\u00e9e en Terminale. Comment fais-tu pour conjuguer ton quotidien d&rsquo;athl\u00e8te et celui de lyc\u00e9enne ? Est-ce que tu as des am\u00e9nagements d&#8217;emploi du temps ?<\/h3>\n<p style=\"text-align: justify;\">Pour le moment, c&rsquo;est un emploi du temps classique, mais qui n&rsquo;est pas si mal que cela. Je termine assez t\u00f4t, ce qui me permet d&rsquo;aller \u00e0 l&rsquo;entra\u00eenement. Je pourrai mettre en place un am\u00e9nagement, car le lyc\u00e9e et mes professeurs sont totalement ouverts. Et me soutiennent dans mon projet sportif. Pour le moment, je n&rsquo;en ai pas besoin. Peut-\u00eatre \u00e0 partir du milieu d&rsquo;ann\u00e9e, quand les entra\u00eenements vont commencer \u00e0 s&rsquo;intensifier. Pour que je puisse dormir un peu plus longtemps. Parce que j&rsquo;ai besoin d&rsquo;au moins neuf heures de sommeil. Chose que j&rsquo;arrive plut\u00f4t bien \u00e0 g\u00e9rer, car je suis plut\u00f4t organis\u00e9e. J&rsquo;arrive \u00e0 travailler, aller \u00e0 l&rsquo;entra\u00eenement, revenir le soir sans me coucher trop tard. L&rsquo;an prochain, ce sera une tout autre organisation, quand j&rsquo;entrerai \u00e0 la fac. Mais je ne me fais pas de souci.<\/p>\n<div id=\"attachment_521490\" style=\"width: 750px\" class=\"wp-caption aligncenter\"><a href=\"https:\/\/dicodusport.fr\/blog\/wp-content\/uploads\/2024\/09\/unnamed-35-scaled.jpg\"><img loading=\"lazy\" decoding=\"async\" aria-describedby=\"caption-attachment-521490\" class=\"wp-image-521490 size-large\" src=\"https:\/\/dicodusport.fr\/blog\/wp-content\/uploads\/2024\/09\/unnamed-35-768x1024.jpg\" alt=\"Chlo\u00e9 Le Roch avant les Mondiaux U20\" width=\"740\" height=\"987\" srcset=\"https:\/\/dicodusport.fr\/blog\/wp-content\/uploads\/2024\/09\/unnamed-35-768x1024.jpg 768w, https:\/\/dicodusport.fr\/blog\/wp-content\/uploads\/2024\/09\/unnamed-35-225x300.jpg 225w, https:\/\/dicodusport.fr\/blog\/wp-content\/uploads\/2024\/09\/unnamed-35-1152x1536.jpg 1152w, https:\/\/dicodusport.fr\/blog\/wp-content\/uploads\/2024\/09\/unnamed-35-1536x2048.jpg 1536w, https:\/\/dicodusport.fr\/blog\/wp-content\/uploads\/2024\/09\/unnamed-35-scaled.jpg 1920w\" sizes=\"auto, (max-width: 740px) 100vw, 740px\" \/><\/a><p id=\"caption-attachment-521490\" class=\"wp-caption-text\">Chlo\u00e9 Le Roch avant les Mondiaux U20<\/p><\/div>\n<h3 style=\"text-align: justify;\">\u00c0 ce propos, de plus en plus d&rsquo;athl\u00e8tes m\u00e8nent des double-projets. Tu vois ton avenir comment, niveau \u00e9tudes ?<\/h3>\n<p style=\"text-align: justify;\">J&rsquo;ai plusieurs id\u00e9es. Mais la principale reste d&rsquo;aller en Fac de Chimie \u00e0 Nantes. Apr\u00e8s, je sais que ce sont des \u00e9tudes compliqu\u00e9es. Si j&rsquo;ai des soucis et que cela reste trop compliqu\u00e9, j&rsquo;aime beaucoup tout ce qui est nutrition et di\u00e9t\u00e9tique. Mais je suis \u00e9galement passionn\u00e9e par l&rsquo;automobile. Ce sont deux voies qui peuvent me plaire et je suis assez ouverte sur cela.<\/p>\n<h3 style=\"text-align: justify;\">Tu as pris des contacts avec des athl\u00e8tes plus \u00e2g\u00e9s, qui m\u00e8nent un double projet ?<\/h3>\n<p style=\"text-align: justify;\">Les autres athl\u00e8tes de l&rsquo;\u00e9quipe de France U20, <strong>Bastien Picart, Quentin Chenuet <\/strong>et <strong>L\u00e9na Auvray<\/strong>, sont entr\u00e9s \u00e0 la fac. Quentin est d\u00e9j\u00e0 en deuxi\u00e8me ann\u00e9e. Ils ont des am\u00e9nagements mis en place, pour d\u00e9doubler des ann\u00e9es. \u00c9taler une ann\u00e9e en deux ans. Pour s&rsquo;entra\u00eener tous les jours. Ils n&rsquo;ont pas encore demand\u00e9 ces am\u00e9nagements et s&rsquo;en d\u00e9brouillent bien.<\/p>\n<h2 style=\"text-align: justify;\">Chlo\u00e9 Le Roch : \u00ab\u00a0J&rsquo;ai une grande admiration pour les cyclistes professionnels\u00a0\u00bb<\/h2>\n<h3 style=\"text-align: justify;\">Qu&rsquo;est-ce qui t&rsquo;a amen\u00e9 \u00e0 l&rsquo;athl\u00e9tisme et \u00e0 la marche ?<\/h3>\n<p style=\"text-align: justify;\">J&rsquo;ai commenc\u00e9 par la danse, en \u00e9tant toute petite. Un sport qui ne me plaisait pas, car je ne bougeais pas assez. Vu que j&rsquo;\u00e9tais sur Dinart, je me suis dit : <em>\u00ab Pourquoi ne pas tester l&rsquo;athl\u00e9tisme ? \u00bb<\/em>. Je n&rsquo;ai jamais arr\u00eat\u00e9. J&rsquo;ai commenc\u00e9 \u00e0 cinq ans, donc j&rsquo;ai 12 ans d&rsquo;athl\u00e9tisme derri\u00e8re moi, cela fait beaucoup (rires). Pour la marche, ils ont organis\u00e9 un stage de d\u00e9couverte pour les petits. Vu que j&rsquo;aimais bien toucher \u00e0 tout, je me suis dit pourquoi pas.<\/p>\n<p style=\"text-align: justify;\">J&rsquo;\u00e9tais en Benjamine deuxi\u00e8me ann\u00e9e. Avec <strong>Axel (Gaborit)<\/strong>, qui est encore mon coach aujourd&rsquo;hui, ils sont venus \u00e0 Saint-Malo faire une s\u00e9ance de d\u00e9couverte. J&rsquo;y suis all\u00e9e. Il revenait tous les mois, donc j&rsquo;avais une s\u00e9ance par mois avec lui. J&rsquo;ai fait ma premi\u00e8re comp\u00e9tition sur un 1 000 m. Et c&rsquo;est l\u00e0 qu&rsquo;ils ont vu que j&rsquo;avais potentiellement du talent. Quand tu es petite et que tu commences \u00e0 gagner tes premi\u00e8res m\u00e9dailles dans une discipline, forc\u00e9ment, tu continues. C&rsquo;est comme cela que j&rsquo;ai continu\u00e9. Et j&rsquo;ai intensifi\u00e9 les entra\u00eenements.<\/p>\n<h3 style=\"text-align: justify;\">J&rsquo;ai \u00e9galement vu que tu faisais pas mal de v\u00e9lo. C&rsquo;est une passion ou cela entre dans ta pr\u00e9paration ?<\/h3>\n<p style=\"text-align: justify;\">Je dirai les deux. C&rsquo;est int\u00e9gr\u00e9 \u00e0 certaines p\u00e9riodes de l&rsquo;ann\u00e9e. Quand il faut que je travaille le foncier et faire des kilom\u00e8tres. Mais c&rsquo;est un sport que je kiffe. J&rsquo;adore faire des sorties de plusieurs heures. J&rsquo;avais le choix entre v\u00e9lo et natation, mais le choix a \u00e9t\u00e9 vite fait. Je n&rsquo;aime pas trop la natation et je ne me d\u00e9brouille pas trop bien. J&rsquo;ai aussi une grande admiration pour les cyclistes professionnels. Le v\u00e9lo, c&rsquo;est tr\u00e8s qualitatif dans la pr\u00e9paration.<\/p>\n","protected":false},"excerpt":{"rendered":"<p>\u00ab\u00a0J&rsquo;ai eu des moments compliqu\u00e9s avant les Mondiaux U20\u00a0\u00bb<\/p>\n","protected":false},"author":83,"featured_media":521487,"comment_status":"open","ping_status":"closed","sticky":false,"template":"","format":"standard","meta":{"_acf_changed":false,"_daextam_enable_autolinks":"1","footnotes":""},"categories":[2308],"tags":[32415,143,16878,31430,31429],"class_list":["post-521342","post","type-post","status-publish","format-standard","has-post-thumbnail","hentry","category-athletisme","tag-actu","tag-athletisme","tag-breve","tag-chloe-le-roch","tag-marche-athletique"],"acf":[],"yoast_head":"<!-- This site is optimized with the Yoast SEO Premium plugin v26.7 (Yoast SEO v26.7) - https:\/\/yoast.com\/wordpress\/plugins\/seo\/ -->\n<title>Chlo\u00e9 Le Roch (marche) : &quot;J&#039;ai eu des moments compliqu\u00e9s avant les Mondiaux U20&quot;<\/title>\n<meta name=\"description\" content=\"ATHL\u00c9TISME - Entretien avec la jeune marcheuse Chlo\u00e9 Le Roch, qui a pris la 8e place des Mondiaux U20 sur 10 000 m marche au mois d&#039;ao\u00fbt.\" \/>\n<meta name=\"robots\" content=\"index, follow, max-snippet:-1, max-image-preview:large, max-video-preview:-1\" \/>\n<link rel=\"canonical\" href=\"https:\/\/dicodusport.fr\/blog\/chloe-le-roch-marche-jai-eu-des-moments-compliques-avant-les-mondiaux-u20\/\" \/>\n<meta property=\"og:locale\" content=\"fr_FR\" \/>\n<meta property=\"og:type\" content=\"article\" \/>\n<meta property=\"og:title\" content=\"Chlo\u00e9 Le Roch (marche) : &quot;J&#039;ai eu des moments compliqu\u00e9s avant les Mondiaux U20&quot;\" \/>\n<meta property=\"og:description\" content=\"ATHL\u00c9TISME - Entretien avec la jeune marcheuse Chlo\u00e9 Le Roch, qui a pris la 8e place des Mondiaux U20 sur 10 000 m marche au mois d&#039;ao\u00fbt.\" \/>\n<meta property=\"og:url\" content=\"https:\/\/dicodusport.fr\/blog\/chloe-le-roch-marche-jai-eu-des-moments-compliques-avant-les-mondiaux-u20\/\" \/>\n<meta property=\"og:site_name\" content=\"Dicodusport\" \/>\n<meta property=\"article:publisher\" content=\"https:\/\/www.facebook.com\/dicodusport\" \/>\n<meta property=\"article:published_time\" content=\"2024-09-25T08:00:12+00:00\" \/>\n<meta property=\"og:image\" content=\"https:\/\/dicodusport.fr\/blog\/wp-content\/uploads\/2024\/09\/Athletisme-Chloe-Le-Roch-Jai-eu-des-moments-compliques-avant-les-mondiaux.png\" \/>\n\t<meta property=\"og:image:width\" content=\"1200\" \/>\n\t<meta property=\"og:image:height\" content=\"674\" \/>\n\t<meta property=\"og:image:type\" content=\"image\/png\" \/>\n<meta name=\"author\" content=\"Etienne Goursaud\" \/>\n<meta name=\"twitter:card\" content=\"summary_large_image\" \/>\n<meta name=\"twitter:title\" content=\"Chlo\u00e9 Le Roch (marche) : &quot;J&#039;ai eu des moments compliqu\u00e9s avant les Mondiaux U20&quot;\" \/>\n<meta name=\"twitter:creator\" content=\"@dicodusport\" \/>\n<meta name=\"twitter:site\" content=\"@dicodusport\" \/>\n<script type=\"application\/ld+json\" class=\"yoast-schema-graph\">{\"@context\":\"https:\/\/schema.org\",\"@graph\":[{\"@type\":\"NewsArticle\",\"@id\":\"https:\/\/dicodusport.fr\/blog\/chloe-le-roch-marche-jai-eu-des-moments-compliques-avant-les-mondiaux-u20\/#article\",\"isPartOf\":{\"@id\":\"https:\/\/dicodusport.fr\/blog\/chloe-le-roch-marche-jai-eu-des-moments-compliques-avant-les-mondiaux-u20\/\"},\"author\":{\"name\":\"Etienne Goursaud\",\"@id\":\"https:\/\/dicodusport.fr\/blog\/#\/schema\/person\/d603dd7da31fb2b46c82b9835a77ec13\"},\"headline\":\"Chlo\u00e9 Le Roch (marche) : \u00ab\u00a0J&rsquo;ai eu des moments compliqu\u00e9s avant les Mondiaux U20\u00a0\u00bb\",\"datePublished\":\"2024-09-25T08:00:12+00:00\",\"mainEntityOfPage\":{\"@id\":\"https:\/\/dicodusport.fr\/blog\/chloe-le-roch-marche-jai-eu-des-moments-compliques-avant-les-mondiaux-u20\/\"},\"wordCount\":2762,\"commentCount\":1,\"publisher\":{\"@id\":\"https:\/\/dicodusport.fr\/blog\/#organization\"},\"image\":{\"@id\":\"https:\/\/dicodusport.fr\/blog\/chloe-le-roch-marche-jai-eu-des-moments-compliques-avant-les-mondiaux-u20\/#primaryimage\"},\"thumbnailUrl\":\"https:\/\/dicodusport.fr\/blog\/wp-content\/uploads\/2024\/09\/Athletisme-Chloe-Le-Roch-Jai-eu-des-moments-compliques-avant-les-mondiaux.png\",\"keywords\":[\"actu\",\"Athl\u00e9tisme\",\"br\u00e8ve\",\"Chlo\u00e9 Le Roch\",\"marche athl\u00e9tique\"],\"articleSection\":[\"Athl\u00e9tisme\"],\"inLanguage\":\"fr-FR\",\"potentialAction\":[{\"@type\":\"CommentAction\",\"name\":\"Comment\",\"target\":[\"https:\/\/dicodusport.fr\/blog\/chloe-le-roch-marche-jai-eu-des-moments-compliques-avant-les-mondiaux-u20\/#respond\"]}],\"copyrightYear\":\"2024\",\"copyrightHolder\":{\"@id\":\"https:\/\/dicodusport.fr\/blog\/#organization\"}},{\"@type\":\"WebPage\",\"@id\":\"https:\/\/dicodusport.fr\/blog\/chloe-le-roch-marche-jai-eu-des-moments-compliques-avant-les-mondiaux-u20\/\",\"url\":\"https:\/\/dicodusport.fr\/blog\/chloe-le-roch-marche-jai-eu-des-moments-compliques-avant-les-mondiaux-u20\/\",\"name\":\"Chlo\u00e9 Le Roch (marche) : \\\"J'ai eu des moments compliqu\u00e9s avant les Mondiaux U20\\\"\",\"isPartOf\":{\"@id\":\"https:\/\/dicodusport.fr\/blog\/#website\"},\"primaryImageOfPage\":{\"@id\":\"https:\/\/dicodusport.fr\/blog\/chloe-le-roch-marche-jai-eu-des-moments-compliques-avant-les-mondiaux-u20\/#primaryimage\"},\"image\":{\"@id\":\"https:\/\/dicodusport.fr\/blog\/chloe-le-roch-marche-jai-eu-des-moments-compliques-avant-les-mondiaux-u20\/#primaryimage\"},\"thumbnailUrl\":\"https:\/\/dicodusport.fr\/blog\/wp-content\/uploads\/2024\/09\/Athletisme-Chloe-Le-Roch-Jai-eu-des-moments-compliques-avant-les-mondiaux.png\",\"datePublished\":\"2024-09-25T08:00:12+00:00\",\"description\":\"ATHL\u00c9TISME - Entretien avec la jeune marcheuse Chlo\u00e9 Le Roch, qui a pris la 8e place des Mondiaux U20 sur 10 000 m marche au mois d'ao\u00fbt.\",\"breadcrumb\":{\"@id\":\"https:\/\/dicodusport.fr\/blog\/chloe-le-roch-marche-jai-eu-des-moments-compliques-avant-les-mondiaux-u20\/#breadcrumb\"},\"inLanguage\":\"fr-FR\",\"potentialAction\":[{\"@type\":\"ReadAction\",\"target\":[\"https:\/\/dicodusport.fr\/blog\/chloe-le-roch-marche-jai-eu-des-moments-compliques-avant-les-mondiaux-u20\/\"]}]},{\"@type\":\"ImageObject\",\"inLanguage\":\"fr-FR\",\"@id\":\"https:\/\/dicodusport.fr\/blog\/chloe-le-roch-marche-jai-eu-des-moments-compliques-avant-les-mondiaux-u20\/#primaryimage\",\"url\":\"https:\/\/dicodusport.fr\/blog\/wp-content\/uploads\/2024\/09\/Athletisme-Chloe-Le-Roch-Jai-eu-des-moments-compliques-avant-les-mondiaux.png\",\"contentUrl\":\"https:\/\/dicodusport.fr\/blog\/wp-content\/uploads\/2024\/09\/Athletisme-Chloe-Le-Roch-Jai-eu-des-moments-compliques-avant-les-mondiaux.png\",\"width\":1200,\"height\":674,\"caption\":\"Athl\u00e9tisme - Chlo\u00e9 Le Roch : \\\"J'ai eu des moments compliqu\u00e9s avant les mondiaux\\\"\"},{\"@type\":\"BreadcrumbList\",\"@id\":\"https:\/\/dicodusport.fr\/blog\/chloe-le-roch-marche-jai-eu-des-moments-compliques-avant-les-mondiaux-u20\/#breadcrumb\",\"itemListElement\":[{\"@type\":\"ListItem\",\"position\":1,\"name\":\"Accueil\",\"item\":\"https:\/\/dicodusport.fr\/blog\/\"},{\"@type\":\"ListItem\",\"position\":2,\"name\":\"Chlo\u00e9 Le Roch (marche) : \u00ab\u00a0J&rsquo;ai eu des moments compliqu\u00e9s avant les Mondiaux U20\u00a0\u00bb\"}]},{\"@type\":\"WebSite\",\"@id\":\"https:\/\/dicodusport.fr\/blog\/#website\",\"url\":\"https:\/\/dicodusport.fr\/blog\/\",\"name\":\"Dicodusport\",\"description\":\"L&#039;encyclop\u00e9die de l&#039;actualit\u00e9 sportive\",\"publisher\":{\"@id\":\"https:\/\/dicodusport.fr\/blog\/#organization\"},\"potentialAction\":[{\"@type\":\"SearchAction\",\"target\":{\"@type\":\"EntryPoint\",\"urlTemplate\":\"https:\/\/dicodusport.fr\/blog\/?s={search_term_string}\"},\"query-input\":{\"@type\":\"PropertyValueSpecification\",\"valueRequired\":true,\"valueName\":\"search_term_string\"}}],\"inLanguage\":\"fr-FR\"},{\"@type\":\"NewsMediaOrganization\",\"@id\":\"https:\/\/dicodusport.fr\/blog\/#organization\",\"name\":\"Dicodusport\",\"url\":\"https:\/\/dicodusport.fr\/blog\/\",\"logo\":{\"@type\":\"ImageObject\",\"inLanguage\":\"fr-FR\",\"@id\":\"https:\/\/dicodusport.fr\/blog\/#\/schema\/logo\/image\/\",\"url\":\"https:\/\/dicodusport.fr\/blog\/wp-content\/uploads\/2020\/06\/cropped-LOGO-DICODUSPORT-2020-SANS-FOND-SANS-TEXTE.png\",\"contentUrl\":\"https:\/\/dicodusport.fr\/blog\/wp-content\/uploads\/2020\/06\/cropped-LOGO-DICODUSPORT-2020-SANS-FOND-SANS-TEXTE.png\",\"width\":512,\"height\":512,\"caption\":\"Dicodusport\"},\"image\":{\"@id\":\"https:\/\/dicodusport.fr\/blog\/#\/schema\/logo\/image\/\"},\"sameAs\":[\"https:\/\/www.facebook.com\/dicodusport\",\"https:\/\/x.com\/dicodusport\",\"https:\/\/www.instagram.com\/dicodusport\/\",\"https:\/\/www.youtube.com\/channel\/UC7V2KZ5sd3htJivAbA4ZG3w\"],\"description\":\"Dicodusport est l'encyclop\u00e9die de l'actualit\u00e9 sportive.\",\"email\":\"bonjour@dicodusport.fr\",\"legalName\":\"DICODUSPORT\",\"foundingDate\":\"2018-01-14\",\"vatID\":\"FR71834470973\",\"taxID\":\"83447097300043\",\"numberOfEmployees\":{\"@type\":\"QuantitativeValue\",\"minValue\":\"1\",\"maxValue\":\"10\"}},{\"@type\":\"Person\",\"@id\":\"https:\/\/dicodusport.fr\/blog\/#\/schema\/person\/d603dd7da31fb2b46c82b9835a77ec13\",\"name\":\"Etienne Goursaud\",\"image\":{\"@type\":\"ImageObject\",\"inLanguage\":\"fr-FR\",\"@id\":\"https:\/\/dicodusport.fr\/blog\/#\/schema\/person\/image\/\",\"url\":\"https:\/\/dicodusport.fr\/blog\/wp-content\/uploads\/2023\/12\/410122264_10231602061736049_5565839791558026645_n-150x150.jpg\",\"contentUrl\":\"https:\/\/dicodusport.fr\/blog\/wp-content\/uploads\/2023\/12\/410122264_10231602061736049_5565839791558026645_n-150x150.jpg\",\"caption\":\"Etienne Goursaud\"},\"description\":\"Journaliste et amoureux de sport. Ancien footballeur reconverti athl\u00e8te quand ses muscles le laissent tranquille. \u00c9lev\u00e9 \u00e0 la sauce des exploits de Thomas Voeckler en 2004, du dernier essai de l\u00e9gende de Eunice Barber \u00e0 la longueur lors des championnats du monde d'athl\u00e9tisme de 2003 mais aussi Zidane, Omeyer et Titou Lamaison.\",\"url\":\"https:\/\/dicodusport.fr\/blog\/author\/etienne-goursaud\/\"}]}<\/script>\n<!-- \/ Yoast SEO Premium plugin. -->","yoast_head_json":{"title":"Chlo\u00e9 Le Roch (marche) : \"J'ai eu des moments compliqu\u00e9s avant les Mondiaux U20\"","description":"ATHL\u00c9TISME - Entretien avec la jeune marcheuse Chlo\u00e9 Le Roch, qui a pris la 8e place des Mondiaux U20 sur 10 000 m marche au mois d'ao\u00fbt.","robots":{"index":"index","follow":"follow","max-snippet":"max-snippet:-1","max-image-preview":"max-image-preview:large","max-video-preview":"max-video-preview:-1"},"canonical":"https:\/\/dicodusport.fr\/blog\/chloe-le-roch-marche-jai-eu-des-moments-compliques-avant-les-mondiaux-u20\/","og_locale":"fr_FR","og_type":"article","og_title":"Chlo\u00e9 Le Roch (marche) : \"J'ai eu des moments compliqu\u00e9s avant les Mondiaux U20\"","og_description":"ATHL\u00c9TISME - Entretien avec la jeune marcheuse Chlo\u00e9 Le Roch, qui a pris la 8e place des Mondiaux U20 sur 10 000 m marche au mois d'ao\u00fbt.","og_url":"https:\/\/dicodusport.fr\/blog\/chloe-le-roch-marche-jai-eu-des-moments-compliques-avant-les-mondiaux-u20\/","og_site_name":"Dicodusport","article_publisher":"https:\/\/www.facebook.com\/dicodusport","article_published_time":"2024-09-25T08:00:12+00:00","og_image":[{"width":1200,"height":674,"url":"https:\/\/dicodusport.fr\/blog\/wp-content\/uploads\/2024\/09\/Athletisme-Chloe-Le-Roch-Jai-eu-des-moments-compliques-avant-les-mondiaux.png","type":"image\/png"}],"author":"Etienne Goursaud","twitter_card":"summary_large_image","twitter_title":"Chlo\u00e9 Le Roch (marche) : \"J'ai eu des moments compliqu\u00e9s avant les Mondiaux U20\"","twitter_creator":"@dicodusport","twitter_site":"@dicodusport","schema":{"@context":"https:\/\/schema.org","@graph":[{"@type":"NewsArticle","@id":"https:\/\/dicodusport.fr\/blog\/chloe-le-roch-marche-jai-eu-des-moments-compliques-avant-les-mondiaux-u20\/#article","isPartOf":{"@id":"https:\/\/dicodusport.fr\/blog\/chloe-le-roch-marche-jai-eu-des-moments-compliques-avant-les-mondiaux-u20\/"},"author":{"name":"Etienne Goursaud","@id":"https:\/\/dicodusport.fr\/blog\/#\/schema\/person\/d603dd7da31fb2b46c82b9835a77ec13"},"headline":"Chlo\u00e9 Le Roch (marche) : \u00ab\u00a0J&rsquo;ai eu des moments compliqu\u00e9s avant les Mondiaux U20\u00a0\u00bb","datePublished":"2024-09-25T08:00:12+00:00","mainEntityOfPage":{"@id":"https:\/\/dicodusport.fr\/blog\/chloe-le-roch-marche-jai-eu-des-moments-compliques-avant-les-mondiaux-u20\/"},"wordCount":2762,"commentCount":1,"publisher":{"@id":"https:\/\/dicodusport.fr\/blog\/#organization"},"image":{"@id":"https:\/\/dicodusport.fr\/blog\/chloe-le-roch-marche-jai-eu-des-moments-compliques-avant-les-mondiaux-u20\/#primaryimage"},"thumbnailUrl":"https:\/\/dicodusport.fr\/blog\/wp-content\/uploads\/2024\/09\/Athletisme-Chloe-Le-Roch-Jai-eu-des-moments-compliques-avant-les-mondiaux.png","keywords":["actu","Athl\u00e9tisme","br\u00e8ve","Chlo\u00e9 Le Roch","marche athl\u00e9tique"],"articleSection":["Athl\u00e9tisme"],"inLanguage":"fr-FR","potentialAction":[{"@type":"CommentAction","name":"Comment","target":["https:\/\/dicodusport.fr\/blog\/chloe-le-roch-marche-jai-eu-des-moments-compliques-avant-les-mondiaux-u20\/#respond"]}],"copyrightYear":"2024","copyrightHolder":{"@id":"https:\/\/dicodusport.fr\/blog\/#organization"}},{"@type":"WebPage","@id":"https:\/\/dicodusport.fr\/blog\/chloe-le-roch-marche-jai-eu-des-moments-compliques-avant-les-mondiaux-u20\/","url":"https:\/\/dicodusport.fr\/blog\/chloe-le-roch-marche-jai-eu-des-moments-compliques-avant-les-mondiaux-u20\/","name":"Chlo\u00e9 Le Roch (marche) : \"J'ai eu des moments compliqu\u00e9s avant les Mondiaux U20\"","isPartOf":{"@id":"https:\/\/dicodusport.fr\/blog\/#website"},"primaryImageOfPage":{"@id":"https:\/\/dicodusport.fr\/blog\/chloe-le-roch-marche-jai-eu-des-moments-compliques-avant-les-mondiaux-u20\/#primaryimage"},"image":{"@id":"https:\/\/dicodusport.fr\/blog\/chloe-le-roch-marche-jai-eu-des-moments-compliques-avant-les-mondiaux-u20\/#primaryimage"},"thumbnailUrl":"https:\/\/dicodusport.fr\/blog\/wp-content\/uploads\/2024\/09\/Athletisme-Chloe-Le-Roch-Jai-eu-des-moments-compliques-avant-les-mondiaux.png","datePublished":"2024-09-25T08:00:12+00:00","description":"ATHL\u00c9TISME - Entretien avec la jeune marcheuse Chlo\u00e9 Le Roch, qui a pris la 8e place des Mondiaux U20 sur 10 000 m marche au mois d'ao\u00fbt.","breadcrumb":{"@id":"https:\/\/dicodusport.fr\/blog\/chloe-le-roch-marche-jai-eu-des-moments-compliques-avant-les-mondiaux-u20\/#breadcrumb"},"inLanguage":"fr-FR","potentialAction":[{"@type":"ReadAction","target":["https:\/\/dicodusport.fr\/blog\/chloe-le-roch-marche-jai-eu-des-moments-compliques-avant-les-mondiaux-u20\/"]}]},{"@type":"ImageObject","inLanguage":"fr-FR","@id":"https:\/\/dicodusport.fr\/blog\/chloe-le-roch-marche-jai-eu-des-moments-compliques-avant-les-mondiaux-u20\/#primaryimage","url":"https:\/\/dicodusport.fr\/blog\/wp-content\/uploads\/2024\/09\/Athletisme-Chloe-Le-Roch-Jai-eu-des-moments-compliques-avant-les-mondiaux.png","contentUrl":"https:\/\/dicodusport.fr\/blog\/wp-content\/uploads\/2024\/09\/Athletisme-Chloe-Le-Roch-Jai-eu-des-moments-compliques-avant-les-mondiaux.png","width":1200,"height":674,"caption":"Athl\u00e9tisme - Chlo\u00e9 Le Roch : \"J'ai eu des moments compliqu\u00e9s avant les mondiaux\""},{"@type":"BreadcrumbList","@id":"https:\/\/dicodusport.fr\/blog\/chloe-le-roch-marche-jai-eu-des-moments-compliques-avant-les-mondiaux-u20\/#breadcrumb","itemListElement":[{"@type":"ListItem","position":1,"name":"Accueil","item":"https:\/\/dicodusport.fr\/blog\/"},{"@type":"ListItem","position":2,"name":"Chlo\u00e9 Le Roch (marche) : \u00ab\u00a0J&rsquo;ai eu des moments compliqu\u00e9s avant les Mondiaux U20\u00a0\u00bb"}]},{"@type":"WebSite","@id":"https:\/\/dicodusport.fr\/blog\/#website","url":"https:\/\/dicodusport.fr\/blog\/","name":"Dicodusport","description":"L&#039;encyclop\u00e9die de l&#039;actualit\u00e9 sportive","publisher":{"@id":"https:\/\/dicodusport.fr\/blog\/#organization"},"potentialAction":[{"@type":"SearchAction","target":{"@type":"EntryPoint","urlTemplate":"https:\/\/dicodusport.fr\/blog\/?s={search_term_string}"},"query-input":{"@type":"PropertyValueSpecification","valueRequired":true,"valueName":"search_term_string"}}],"inLanguage":"fr-FR"},{"@type":"NewsMediaOrganization","@id":"https:\/\/dicodusport.fr\/blog\/#organization","name":"Dicodusport","url":"https:\/\/dicodusport.fr\/blog\/","logo":{"@type":"ImageObject","inLanguage":"fr-FR","@id":"https:\/\/dicodusport.fr\/blog\/#\/schema\/logo\/image\/","url":"https:\/\/dicodusport.fr\/blog\/wp-content\/uploads\/2020\/06\/cropped-LOGO-DICODUSPORT-2020-SANS-FOND-SANS-TEXTE.png","contentUrl":"https:\/\/dicodusport.fr\/blog\/wp-content\/uploads\/2020\/06\/cropped-LOGO-DICODUSPORT-2020-SANS-FOND-SANS-TEXTE.png","width":512,"height":512,"caption":"Dicodusport"},"image":{"@id":"https:\/\/dicodusport.fr\/blog\/#\/schema\/logo\/image\/"},"sameAs":["https:\/\/www.facebook.com\/dicodusport","https:\/\/x.com\/dicodusport","https:\/\/www.instagram.com\/dicodusport\/","https:\/\/www.youtube.com\/channel\/UC7V2KZ5sd3htJivAbA4ZG3w"],"description":"Dicodusport est l'encyclop\u00e9die de l'actualit\u00e9 sportive.","email":"bonjour@dicodusport.fr","legalName":"DICODUSPORT","foundingDate":"2018-01-14","vatID":"FR71834470973","taxID":"83447097300043","numberOfEmployees":{"@type":"QuantitativeValue","minValue":"1","maxValue":"10"}},{"@type":"Person","@id":"https:\/\/dicodusport.fr\/blog\/#\/schema\/person\/d603dd7da31fb2b46c82b9835a77ec13","name":"Etienne Goursaud","image":{"@type":"ImageObject","inLanguage":"fr-FR","@id":"https:\/\/dicodusport.fr\/blog\/#\/schema\/person\/image\/","url":"https:\/\/dicodusport.fr\/blog\/wp-content\/uploads\/2023\/12\/410122264_10231602061736049_5565839791558026645_n-150x150.jpg","contentUrl":"https:\/\/dicodusport.fr\/blog\/wp-content\/uploads\/2023\/12\/410122264_10231602061736049_5565839791558026645_n-150x150.jpg","caption":"Etienne Goursaud"},"description":"Journaliste et amoureux de sport. Ancien footballeur reconverti athl\u00e8te quand ses muscles le laissent tranquille. \u00c9lev\u00e9 \u00e0 la sauce des exploits de Thomas Voeckler en 2004, du dernier essai de l\u00e9gende de Eunice Barber \u00e0 la longueur lors des championnats du monde d'athl\u00e9tisme de 2003 mais aussi Zidane, Omeyer et Titou Lamaison.","url":"https:\/\/dicodusport.fr\/blog\/author\/etienne-goursaud\/"}]}},"_links":{"self":[{"href":"https:\/\/dicodusport.fr\/blog\/wp-json\/wp\/v2\/posts\/521342","targetHints":{"allow":["GET"]}}],"collection":[{"href":"https:\/\/dicodusport.fr\/blog\/wp-json\/wp\/v2\/posts"}],"about":[{"href":"https:\/\/dicodusport.fr\/blog\/wp-json\/wp\/v2\/types\/post"}],"author":[{"embeddable":true,"href":"https:\/\/dicodusport.fr\/blog\/wp-json\/wp\/v2\/users\/83"}],"replies":[{"embeddable":true,"href":"https:\/\/dicodusport.fr\/blog\/wp-json\/wp\/v2\/comments?post=521342"}],"version-history":[{"count":5,"href":"https:\/\/dicodusport.fr\/blog\/wp-json\/wp\/v2\/posts\/521342\/revisions"}],"predecessor-version":[{"id":522565,"href":"https:\/\/dicodusport.fr\/blog\/wp-json\/wp\/v2\/posts\/521342\/revisions\/522565"}],"wp:featuredmedia":[{"embeddable":true,"href":"https:\/\/dicodusport.fr\/blog\/wp-json\/wp\/v2\/media\/521487"}],"wp:attachment":[{"href":"https:\/\/dicodusport.fr\/blog\/wp-json\/wp\/v2\/media?parent=521342"}],"wp:term":[{"taxonomy":"category","embeddable":true,"href":"https:\/\/dicodusport.fr\/blog\/wp-json\/wp\/v2\/categories?post=521342"},{"taxonomy":"post_tag","embeddable":true,"href":"https:\/\/dicodusport.fr\/blog\/wp-json\/wp\/v2\/tags?post=521342"}],"curies":[{"name":"wp","href":"https:\/\/api.w.org\/{rel}","templated":true}]}}