{"id":521386,"date":"2024-09-19T23:00:46","date_gmt":"2024-09-19T21:00:46","guid":{"rendered":"https:\/\/dicodusport.fr\/blog\/?p=521386&#038;preview=true&#038;preview_id=521386"},"modified":"2025-09-16T08:52:24","modified_gmt":"2025-09-16T06:52:24","slug":"ligue-des-champions-brest-entame-parfaitement-sa-campagne-en-battant-le-sturm-graz","status":"publish","type":"post","link":"https:\/\/dicodusport.fr\/blog\/ligue-des-champions-brest-entame-parfaitement-sa-campagne-en-battant-le-sturm-graz\/","title":{"rendered":"Ligue des Champions : Brest entame parfaitement sa campagne en battant le Sturm Graz"},"content":{"rendered":"<h4 style=\"text-align: justify;\"><em>LIGUE DES CHAMPIONS &#8211; Le Stade Brestois r\u00e9ussit son entr\u00e9e en Ligue des Champions avec une victoire 2-1 contre le Sturm Graz, au Roudourou. La meilleure des op\u00e9rations pour les Bretons.<\/em><\/h4>\n<ul>\n<li style=\"text-align: justify;\"><strong>\u00c0 ce sujet \u2013\u00a0<a title=\"Classement Ligue des Champions 2024-2025 (PSG, Lille, Monaco et Brest)\" href=\"https:\/\/dicodusport.fr\/blog\/classement-ligue-des-champions-2024-2025-psg-lille-monaco-et-brest\/\" rel=\"\">Classement Ligue des Champions<\/a><\/strong><\/li>\n<\/ul>\n<p style=\"text-align: justify;\"><span style=\"font-weight: 400;\">Un grand succ\u00e8s pour leur entr\u00e9e dans le grand monde. Dans l\u2019antre de leur voisin guingampais, les Brestois ont d\u00e9couvert la Ligue des Champions de la plus belle des mani\u00e8res. En disposant du Sturm Graz gr\u00e2ce \u00e0 <\/span><b>Magnetti <\/b><span style=\"font-weight: 400;\">et <\/span><b>Sima<\/b><span style=\"font-weight: 400;\">, les Bretons ont fait un premier pas vers le Top 24. Un match ma\u00eetris\u00e9, o\u00f9 Brest aurait pu perdre le fil apr\u00e8s avoir offert l\u2019\u00e9galisation aux <\/span><i><span style=\"font-weight: 400;\">Grazer<\/span><\/i><span style=\"font-weight: 400;\">. Mais ils ont tenu et auraient m\u00eame pu aggraver le score dans les derni\u00e8res minutes. Il y avait du SB29 2023-2024 ce soir.<\/span><\/p>\n<ul>\n<li style=\"text-align: justify;\"><strong><strong>\u00c0 ce sujet \u2013 <\/strong><a href=\"https:\/\/dicodusport.fr\/blog\/video-resume-brest-sturm-graz-1ere-journee-de-ligue-des-champions\/\">[Vid\u00e9o] R\u00e9sum\u00e9 Brest \u2013 Sturm Graz, 1\u00e8re journ\u00e9e de Ligue des Champions<\/a><\/strong><\/li>\n<\/ul>\n<h2 style=\"text-align: justify;\">Brest tenu en \u00e9chec \u00e0 la mi-temps<\/h2>\n<p style=\"text-align: justify;\"><span style=\"font-weight: 400;\">Les hommes d\u2019<\/span><b>Eric Roy <\/b><span style=\"font-weight: 400;\">r\u00e9alisent un bon d\u00e9but de partie. Ses joueurs se portent vers l\u2019avant avec un jeu assez direct, remportant la plupart des duels. Des premi\u00e8res minutes marqu\u00e9es par la blessure, semble-t-il importante, du d\u00e9fenseur n\u00e9o-international suisse <\/span><b>Gr\u00e9gory W\u00fcthrich<\/b><span style=\"font-weight: 400;\">. Sur une r\u00e9ception, sa cheville a tourn\u00e9 violemment. Brest a bien failli se faire surprendre dans la foul\u00e9e. Sur un contre rondement men\u00e9, les Autrichiens mettent le ballon au fond des filets par <\/span><b>Jatta<\/b><span style=\"font-weight: 400;\">. Mais un hors-jeu est visiblement signal\u00e9.\u00a0<\/span><\/p>\n<p style=\"text-align: justify;\"><span style=\"font-weight: 400;\">Au Roudourou, \u201cles locaux\u201d prennent finalement l\u2019avantage \u00e0 la 23e minute. La balle arrive dans les pieds de <\/span><b>Hugo Magnetti, <\/b><span style=\"font-weight: 400;\">qui r\u00e9ussit une demi-vol\u00e9e, ras du poteau. Le geste est parfait, le Marseillais entre dans l\u2019histoire en devenant le premier buteur de l\u2019histoire du SB29 en Coupe d\u2019Europe. Brest paraissait en contr\u00f4le dans cette fin de premi\u00e8re p\u00e9riode, mais g\u00e2che son avance. Sur un centre-tir un peu manqu\u00e9 de <strong>B\u00f8ving, Fernandes\u00a0<\/strong>marque contre son camp. Le score est de 1-1 \u00e0 la pause.<\/span><\/p>\n<blockquote class=\"twitter-tweet\">\n<p dir=\"ltr\" lang=\"fr\">SIMA FAIT CHAVIRER LE ROUDOUROU ET REDONNE L&rsquo;AVANTAGE \u00c0 BREST ! \ud83e\udd29<a href=\"https:\/\/twitter.com\/hashtag\/SB29STU?src=hash&amp;ref_src=twsrc%5Etfw\">#SB29STU<\/a> | <a href=\"https:\/\/twitter.com\/hashtag\/UCL?src=hash&amp;ref_src=twsrc%5Etfw\">#UCL<\/a> <a href=\"https:\/\/t.co\/X5CXASvYP1\">pic.twitter.com\/X5CXASvYP1<\/a><\/p>\n<p>\u2014 CANAL+ Foot (@CanalplusFoot) <a href=\"https:\/\/twitter.com\/CanalplusFoot\/status\/1836862504183497119?ref_src=twsrc%5Etfw\">September 19, 2024<\/a><\/p><\/blockquote>\n<p><script async src=\"https:\/\/platform.twitter.com\/widgets.js\" charset=\"utf-8\"><\/script><\/p>\n<h2 style=\"text-align: justify;\">Les Brestois assomment Graz<\/h2>\n<p style=\"text-align: justify;\">Le rythme s\u2019est consid\u00e9rablement r\u00e9duit en seconde mi-temps et c\u2019est pourtant le moment choisi par Brest pour reprendre l\u2019avantage. <strong>Abdallah Sima <\/strong>permet aux Bretons de repasser devant gr\u00e2ce \u00e0 un jeu en pivot de <strong>Ludovic\u00a0<\/strong><strong>Ajorque<\/strong><span style=\"font-weight: 400;\">, toujours excellent dans ce r\u00f4le.\u00a0<\/span><\/p>\n<blockquote class=\"twitter-tweet\">\n<p dir=\"ltr\" lang=\"fr\">SIMA FAIT CHAVIRER LE ROUDOUROU ET REDONNE L&rsquo;AVANTAGE \u00c0 BREST ! \ud83e\udd29<a href=\"https:\/\/twitter.com\/hashtag\/SB29STU?src=hash&amp;ref_src=twsrc%5Etfw\">#SB29STU<\/a> | <a href=\"https:\/\/twitter.com\/hashtag\/UCL?src=hash&amp;ref_src=twsrc%5Etfw\">#UCL<\/a> <a href=\"https:\/\/t.co\/X5CXASvYP1\">pic.twitter.com\/X5CXASvYP1<\/a><\/p>\n<p>\u2014 CANAL+ Foot (@CanalplusFoot) <a href=\"https:\/\/twitter.com\/CanalplusFoot\/status\/1836862504183497119?ref_src=twsrc%5Etfw\">September 19, 2024<\/a><\/p><\/blockquote>\n<p><script async src=\"https:\/\/platform.twitter.com\/widgets.js\" charset=\"utf-8\"><\/script><\/p>\n<p style=\"text-align: justify;\"><span style=\"font-weight: 400;\"><strong>Brest<\/strong> r\u00e9ussit une meilleure conservation du ballon apr\u00e8s ce second but. Plus de ma\u00eetrise, qui am\u00e8ne de nouvelles occasions, mais la projection vers l\u2019avant des champions d\u2019Autriche restent dangereuses \u00e0 chaque fois. <\/span><b>Kenny Lala <\/b><span style=\"font-weight: 400;\">et compagnie r\u00e9ussissent \u00e0 boucler \u00e0 double tour leur cage, Graz \u00e9tant m\u00eame r\u00e9duit \u00e0 10 en fin de match. Ils prennent trois points ce soir sur leurs deux seuls tirs cadr\u00e9s. Des points cruciaux dans la lutte aux 24 premi\u00e8res places de cette phase de ligue. Historiques Brestois !<\/span><\/p>\n","protected":false},"excerpt":{"rendered":"<p>LIGUE DES CHAMPIONS &#8211; Le Stade Brestois r\u00e9ussit son entr\u00e9e en Ligue des Champions avec une victoire 2-1 contre le Sturm Graz, au Roudourou.<\/p>\n","protected":false},"author":61,"featured_media":521445,"comment_status":"open","ping_status":"closed","sticky":false,"template":"","format":"standard","meta":{"_acf_changed":false,"_daextam_enable_autolinks":"1","footnotes":""},"categories":[47250],"tags":[16878,75,419,24,5617,19257],"class_list":["post-521386","post","type-post","status-publish","format-standard","has-post-thumbnail","hentry","category-ligue-des-champions-de-football","tag-breve","tag-football","tag-ligue-des-champions","tag-sport","tag-stade-brestois","tag-sturm-graz"],"acf":[],"yoast_head":"<!-- This site is optimized with the Yoast SEO Premium plugin v26.7 (Yoast SEO v26.7) - https:\/\/yoast.com\/wordpress\/plugins\/seo\/ -->\n<title>Ligue des Champions : Brest entame parfaitement sa campagne en battant le Sturm Graz<\/title>\n<meta name=\"description\" content=\"Le Stade Brestois r\u00e9ussit son entr\u00e9e en Ligue des Champions avec une victoire 2-1 contre le Sturm Graz, au Roudourou.\" \/>\n<meta name=\"robots\" content=\"index, follow, max-snippet:-1, max-image-preview:large, max-video-preview:-1\" \/>\n<link rel=\"canonical\" href=\"https:\/\/dicodusport.fr\/blog\/ligue-des-champions-brest-entame-parfaitement-sa-campagne-en-battant-le-sturm-graz\/\" \/>\n<meta property=\"og:locale\" content=\"fr_FR\" \/>\n<meta property=\"og:type\" content=\"article\" \/>\n<meta property=\"og:title\" content=\"Ligue des Champions : Brest entame parfaitement sa campagne en battant le Sturm Graz\" \/>\n<meta property=\"og:description\" content=\"Le Stade Brestois r\u00e9ussit son entr\u00e9e en Ligue des Champions avec une victoire 2-1 contre le Sturm Graz, au Roudourou.\" \/>\n<meta property=\"og:url\" content=\"https:\/\/dicodusport.fr\/blog\/ligue-des-champions-brest-entame-parfaitement-sa-campagne-en-battant-le-sturm-graz\/\" \/>\n<meta property=\"og:site_name\" content=\"Dicodusport\" \/>\n<meta property=\"article:publisher\" content=\"https:\/\/www.facebook.com\/dicodusport\" \/>\n<meta property=\"article:published_time\" content=\"2024-09-19T21:00:46+00:00\" \/>\n<meta property=\"article:modified_time\" content=\"2025-09-16T06:52:24+00:00\" \/>\n<meta property=\"og:image\" content=\"https:\/\/dicodusport.fr\/blog\/wp-content\/uploads\/2024\/09\/Ligue-des-Champions-Brest-entame-parfaitement-sa-campagne-en-battant-le-Sturm-Graz.png\" \/>\n\t<meta property=\"og:image:width\" content=\"1200\" \/>\n\t<meta property=\"og:image:height\" content=\"674\" \/>\n\t<meta property=\"og:image:type\" content=\"image\/png\" \/>\n<meta name=\"author\" content=\"Pierre Gorce\" \/>\n<meta name=\"twitter:card\" content=\"summary_large_image\" \/>\n<meta name=\"twitter:title\" content=\"Ligue des Champions : Brest entame parfaitement sa campagne en battant le Sturm Graz\" \/>\n<meta name=\"twitter:creator\" content=\"@https:\/\/twitter.com\/pierregorce12\" \/>\n<meta name=\"twitter:site\" content=\"@dicodusport\" \/>\n<script type=\"application\/ld+json\" class=\"yoast-schema-graph\">{\"@context\":\"https:\/\/schema.org\",\"@graph\":[{\"@type\":\"NewsArticle\",\"@id\":\"https:\/\/dicodusport.fr\/blog\/ligue-des-champions-brest-entame-parfaitement-sa-campagne-en-battant-le-sturm-graz\/#article\",\"isPartOf\":{\"@id\":\"https:\/\/dicodusport.fr\/blog\/ligue-des-champions-brest-entame-parfaitement-sa-campagne-en-battant-le-sturm-graz\/\"},\"author\":{\"name\":\"Pierre Gorce\",\"@id\":\"https:\/\/dicodusport.fr\/blog\/#\/schema\/person\/0eaf70b33d703a1a66b1155ac1bda018\"},\"headline\":\"Ligue des Champions : Brest entame parfaitement sa campagne en battant le Sturm Graz\",\"datePublished\":\"2024-09-19T21:00:46+00:00\",\"dateModified\":\"2025-09-16T06:52:24+00:00\",\"mainEntityOfPage\":{\"@id\":\"https:\/\/dicodusport.fr\/blog\/ligue-des-champions-brest-entame-parfaitement-sa-campagne-en-battant-le-sturm-graz\/\"},\"wordCount\":542,\"commentCount\":0,\"publisher\":{\"@id\":\"https:\/\/dicodusport.fr\/blog\/#organization\"},\"image\":{\"@id\":\"https:\/\/dicodusport.fr\/blog\/ligue-des-champions-brest-entame-parfaitement-sa-campagne-en-battant-le-sturm-graz\/#primaryimage\"},\"thumbnailUrl\":\"https:\/\/dicodusport.fr\/blog\/wp-content\/uploads\/2024\/09\/Ligue-des-Champions-Brest-entame-parfaitement-sa-campagne-en-battant-le-Sturm-Graz.png\",\"keywords\":[\"br\u00e8ve\",\"Football\",\"Ligue des champions\",\"sport\",\"Stade Brestois\",\"Sturm Graz\"],\"articleSection\":[\"Ligue des Champions de football\"],\"inLanguage\":\"fr-FR\",\"potentialAction\":[{\"@type\":\"CommentAction\",\"name\":\"Comment\",\"target\":[\"https:\/\/dicodusport.fr\/blog\/ligue-des-champions-brest-entame-parfaitement-sa-campagne-en-battant-le-sturm-graz\/#respond\"]}],\"copyrightYear\":\"2024\",\"copyrightHolder\":{\"@id\":\"https:\/\/dicodusport.fr\/blog\/#organization\"}},{\"@type\":\"WebPage\",\"@id\":\"https:\/\/dicodusport.fr\/blog\/ligue-des-champions-brest-entame-parfaitement-sa-campagne-en-battant-le-sturm-graz\/\",\"url\":\"https:\/\/dicodusport.fr\/blog\/ligue-des-champions-brest-entame-parfaitement-sa-campagne-en-battant-le-sturm-graz\/\",\"name\":\"Ligue des Champions : Brest entame parfaitement sa campagne en battant le Sturm Graz\",\"isPartOf\":{\"@id\":\"https:\/\/dicodusport.fr\/blog\/#website\"},\"primaryImageOfPage\":{\"@id\":\"https:\/\/dicodusport.fr\/blog\/ligue-des-champions-brest-entame-parfaitement-sa-campagne-en-battant-le-sturm-graz\/#primaryimage\"},\"image\":{\"@id\":\"https:\/\/dicodusport.fr\/blog\/ligue-des-champions-brest-entame-parfaitement-sa-campagne-en-battant-le-sturm-graz\/#primaryimage\"},\"thumbnailUrl\":\"https:\/\/dicodusport.fr\/blog\/wp-content\/uploads\/2024\/09\/Ligue-des-Champions-Brest-entame-parfaitement-sa-campagne-en-battant-le-Sturm-Graz.png\",\"datePublished\":\"2024-09-19T21:00:46+00:00\",\"dateModified\":\"2025-09-16T06:52:24+00:00\",\"description\":\"Le Stade Brestois r\u00e9ussit son entr\u00e9e en Ligue des Champions avec une victoire 2-1 contre le Sturm Graz, au Roudourou.\",\"breadcrumb\":{\"@id\":\"https:\/\/dicodusport.fr\/blog\/ligue-des-champions-brest-entame-parfaitement-sa-campagne-en-battant-le-sturm-graz\/#breadcrumb\"},\"inLanguage\":\"fr-FR\",\"potentialAction\":[{\"@type\":\"ReadAction\",\"target\":[\"https:\/\/dicodusport.fr\/blog\/ligue-des-champions-brest-entame-parfaitement-sa-campagne-en-battant-le-sturm-graz\/\"]}]},{\"@type\":\"ImageObject\",\"inLanguage\":\"fr-FR\",\"@id\":\"https:\/\/dicodusport.fr\/blog\/ligue-des-champions-brest-entame-parfaitement-sa-campagne-en-battant-le-sturm-graz\/#primaryimage\",\"url\":\"https:\/\/dicodusport.fr\/blog\/wp-content\/uploads\/2024\/09\/Ligue-des-Champions-Brest-entame-parfaitement-sa-campagne-en-battant-le-Sturm-Graz.png\",\"contentUrl\":\"https:\/\/dicodusport.fr\/blog\/wp-content\/uploads\/2024\/09\/Ligue-des-Champions-Brest-entame-parfaitement-sa-campagne-en-battant-le-Sturm-Graz.png\",\"width\":1200,\"height\":674,\"caption\":\"Ligue des Champions Brest entame parfaitement sa campagne en battant le Sturm Graz\"},{\"@type\":\"BreadcrumbList\",\"@id\":\"https:\/\/dicodusport.fr\/blog\/ligue-des-champions-brest-entame-parfaitement-sa-campagne-en-battant-le-sturm-graz\/#breadcrumb\",\"itemListElement\":[{\"@type\":\"ListItem\",\"position\":1,\"name\":\"Accueil\",\"item\":\"https:\/\/dicodusport.fr\/blog\/\"},{\"@type\":\"ListItem\",\"position\":2,\"name\":\"Ligue des Champions : Brest entame parfaitement sa campagne en battant le Sturm Graz\"}]},{\"@type\":\"WebSite\",\"@id\":\"https:\/\/dicodusport.fr\/blog\/#website\",\"url\":\"https:\/\/dicodusport.fr\/blog\/\",\"name\":\"Dicodusport\",\"description\":\"L&#039;encyclop\u00e9die de l&#039;actualit\u00e9 sportive\",\"publisher\":{\"@id\":\"https:\/\/dicodusport.fr\/blog\/#organization\"},\"potentialAction\":[{\"@type\":\"SearchAction\",\"target\":{\"@type\":\"EntryPoint\",\"urlTemplate\":\"https:\/\/dicodusport.fr\/blog\/?s={search_term_string}\"},\"query-input\":{\"@type\":\"PropertyValueSpecification\",\"valueRequired\":true,\"valueName\":\"search_term_string\"}}],\"inLanguage\":\"fr-FR\"},{\"@type\":\"NewsMediaOrganization\",\"@id\":\"https:\/\/dicodusport.fr\/blog\/#organization\",\"name\":\"Dicodusport\",\"url\":\"https:\/\/dicodusport.fr\/blog\/\",\"logo\":{\"@type\":\"ImageObject\",\"inLanguage\":\"fr-FR\",\"@id\":\"https:\/\/dicodusport.fr\/blog\/#\/schema\/logo\/image\/\",\"url\":\"https:\/\/dicodusport.fr\/blog\/wp-content\/uploads\/2020\/06\/cropped-LOGO-DICODUSPORT-2020-SANS-FOND-SANS-TEXTE.png\",\"contentUrl\":\"https:\/\/dicodusport.fr\/blog\/wp-content\/uploads\/2020\/06\/cropped-LOGO-DICODUSPORT-2020-SANS-FOND-SANS-TEXTE.png\",\"width\":512,\"height\":512,\"caption\":\"Dicodusport\"},\"image\":{\"@id\":\"https:\/\/dicodusport.fr\/blog\/#\/schema\/logo\/image\/\"},\"sameAs\":[\"https:\/\/www.facebook.com\/dicodusport\",\"https:\/\/x.com\/dicodusport\",\"https:\/\/www.instagram.com\/dicodusport\/\",\"https:\/\/www.youtube.com\/channel\/UC7V2KZ5sd3htJivAbA4ZG3w\"],\"description\":\"Dicodusport est l'encyclop\u00e9die de l'actualit\u00e9 sportive.\",\"email\":\"bonjour@dicodusport.fr\",\"legalName\":\"DICODUSPORT\",\"foundingDate\":\"2018-01-14\",\"vatID\":\"FR71834470973\",\"taxID\":\"83447097300043\",\"numberOfEmployees\":{\"@type\":\"QuantitativeValue\",\"minValue\":\"1\",\"maxValue\":\"10\"}},{\"@type\":\"Person\",\"@id\":\"https:\/\/dicodusport.fr\/blog\/#\/schema\/person\/0eaf70b33d703a1a66b1155ac1bda018\",\"name\":\"Pierre Gorce\",\"image\":{\"@type\":\"ImageObject\",\"inLanguage\":\"fr-FR\",\"@id\":\"https:\/\/dicodusport.fr\/blog\/#\/schema\/person\/image\/\",\"url\":\"https:\/\/dicodusport.fr\/blog\/wp-content\/uploads\/2022\/03\/IMG_20211214_233053_722-150x150.jpg\",\"contentUrl\":\"https:\/\/dicodusport.fr\/blog\/wp-content\/uploads\/2022\/03\/IMG_20211214_233053_722-150x150.jpg\",\"caption\":\"Pierre Gorce\"},\"description\":\"Couteau suisse venant tout droit de Haute-Savoie. Habitu\u00e9 \u00e0 regarder du sport depuis petit, j'en ai maintenant fait mon m\u00e9tier. Des sports d'hiver au surf, en passant par le tennis, la F1, le handball et l'athl\u00e9tisme, j'essaie d'avoir mes yeux sur l'enti\u00e8ret\u00e9 de l'actualit\u00e9. Jeune homme berc\u00e9 par les exploits de Jean-Baptiste Grange, Sebastian Vettel et des Experts. Membre de la g\u00e9n\u00e9ration 1999 comme Luka Doncic, Sydney McLaughlin, Lando Norris et Loana Lecomte, mais avec beaucoup moins de talent qu'eux.\",\"sameAs\":[\"https:\/\/x.com\/https:\/\/twitter.com\/pierregorce12\"],\"birthDate\":\"1999-08-29\",\"url\":\"https:\/\/dicodusport.fr\/blog\/author\/pierreg\/\"}]}<\/script>\n<!-- \/ Yoast SEO Premium plugin. -->","yoast_head_json":{"title":"Ligue des Champions : Brest entame parfaitement sa campagne en battant le Sturm Graz","description":"Le Stade Brestois r\u00e9ussit son entr\u00e9e en Ligue des Champions avec une victoire 2-1 contre le Sturm Graz, au Roudourou.","robots":{"index":"index","follow":"follow","max-snippet":"max-snippet:-1","max-image-preview":"max-image-preview:large","max-video-preview":"max-video-preview:-1"},"canonical":"https:\/\/dicodusport.fr\/blog\/ligue-des-champions-brest-entame-parfaitement-sa-campagne-en-battant-le-sturm-graz\/","og_locale":"fr_FR","og_type":"article","og_title":"Ligue des Champions : Brest entame parfaitement sa campagne en battant le Sturm Graz","og_description":"Le Stade Brestois r\u00e9ussit son entr\u00e9e en Ligue des Champions avec une victoire 2-1 contre le Sturm Graz, au Roudourou.","og_url":"https:\/\/dicodusport.fr\/blog\/ligue-des-champions-brest-entame-parfaitement-sa-campagne-en-battant-le-sturm-graz\/","og_site_name":"Dicodusport","article_publisher":"https:\/\/www.facebook.com\/dicodusport","article_published_time":"2024-09-19T21:00:46+00:00","article_modified_time":"2025-09-16T06:52:24+00:00","og_image":[{"width":1200,"height":674,"url":"https:\/\/dicodusport.fr\/blog\/wp-content\/uploads\/2024\/09\/Ligue-des-Champions-Brest-entame-parfaitement-sa-campagne-en-battant-le-Sturm-Graz.png","type":"image\/png"}],"author":"Pierre Gorce","twitter_card":"summary_large_image","twitter_title":"Ligue des Champions : Brest entame parfaitement sa campagne en battant le Sturm Graz","twitter_creator":"@https:\/\/twitter.com\/pierregorce12","twitter_site":"@dicodusport","schema":{"@context":"https:\/\/schema.org","@graph":[{"@type":"NewsArticle","@id":"https:\/\/dicodusport.fr\/blog\/ligue-des-champions-brest-entame-parfaitement-sa-campagne-en-battant-le-sturm-graz\/#article","isPartOf":{"@id":"https:\/\/dicodusport.fr\/blog\/ligue-des-champions-brest-entame-parfaitement-sa-campagne-en-battant-le-sturm-graz\/"},"author":{"name":"Pierre Gorce","@id":"https:\/\/dicodusport.fr\/blog\/#\/schema\/person\/0eaf70b33d703a1a66b1155ac1bda018"},"headline":"Ligue des Champions : Brest entame parfaitement sa campagne en battant le Sturm Graz","datePublished":"2024-09-19T21:00:46+00:00","dateModified":"2025-09-16T06:52:24+00:00","mainEntityOfPage":{"@id":"https:\/\/dicodusport.fr\/blog\/ligue-des-champions-brest-entame-parfaitement-sa-campagne-en-battant-le-sturm-graz\/"},"wordCount":542,"commentCount":0,"publisher":{"@id":"https:\/\/dicodusport.fr\/blog\/#organization"},"image":{"@id":"https:\/\/dicodusport.fr\/blog\/ligue-des-champions-brest-entame-parfaitement-sa-campagne-en-battant-le-sturm-graz\/#primaryimage"},"thumbnailUrl":"https:\/\/dicodusport.fr\/blog\/wp-content\/uploads\/2024\/09\/Ligue-des-Champions-Brest-entame-parfaitement-sa-campagne-en-battant-le-Sturm-Graz.png","keywords":["br\u00e8ve","Football","Ligue des champions","sport","Stade Brestois","Sturm Graz"],"articleSection":["Ligue des Champions de football"],"inLanguage":"fr-FR","potentialAction":[{"@type":"CommentAction","name":"Comment","target":["https:\/\/dicodusport.fr\/blog\/ligue-des-champions-brest-entame-parfaitement-sa-campagne-en-battant-le-sturm-graz\/#respond"]}],"copyrightYear":"2024","copyrightHolder":{"@id":"https:\/\/dicodusport.fr\/blog\/#organization"}},{"@type":"WebPage","@id":"https:\/\/dicodusport.fr\/blog\/ligue-des-champions-brest-entame-parfaitement-sa-campagne-en-battant-le-sturm-graz\/","url":"https:\/\/dicodusport.fr\/blog\/ligue-des-champions-brest-entame-parfaitement-sa-campagne-en-battant-le-sturm-graz\/","name":"Ligue des Champions : Brest entame parfaitement sa campagne en battant le Sturm Graz","isPartOf":{"@id":"https:\/\/dicodusport.fr\/blog\/#website"},"primaryImageOfPage":{"@id":"https:\/\/dicodusport.fr\/blog\/ligue-des-champions-brest-entame-parfaitement-sa-campagne-en-battant-le-sturm-graz\/#primaryimage"},"image":{"@id":"https:\/\/dicodusport.fr\/blog\/ligue-des-champions-brest-entame-parfaitement-sa-campagne-en-battant-le-sturm-graz\/#primaryimage"},"thumbnailUrl":"https:\/\/dicodusport.fr\/blog\/wp-content\/uploads\/2024\/09\/Ligue-des-Champions-Brest-entame-parfaitement-sa-campagne-en-battant-le-Sturm-Graz.png","datePublished":"2024-09-19T21:00:46+00:00","dateModified":"2025-09-16T06:52:24+00:00","description":"Le Stade Brestois r\u00e9ussit son entr\u00e9e en Ligue des Champions avec une victoire 2-1 contre le Sturm Graz, au Roudourou.","breadcrumb":{"@id":"https:\/\/dicodusport.fr\/blog\/ligue-des-champions-brest-entame-parfaitement-sa-campagne-en-battant-le-sturm-graz\/#breadcrumb"},"inLanguage":"fr-FR","potentialAction":[{"@type":"ReadAction","target":["https:\/\/dicodusport.fr\/blog\/ligue-des-champions-brest-entame-parfaitement-sa-campagne-en-battant-le-sturm-graz\/"]}]},{"@type":"ImageObject","inLanguage":"fr-FR","@id":"https:\/\/dicodusport.fr\/blog\/ligue-des-champions-brest-entame-parfaitement-sa-campagne-en-battant-le-sturm-graz\/#primaryimage","url":"https:\/\/dicodusport.fr\/blog\/wp-content\/uploads\/2024\/09\/Ligue-des-Champions-Brest-entame-parfaitement-sa-campagne-en-battant-le-Sturm-Graz.png","contentUrl":"https:\/\/dicodusport.fr\/blog\/wp-content\/uploads\/2024\/09\/Ligue-des-Champions-Brest-entame-parfaitement-sa-campagne-en-battant-le-Sturm-Graz.png","width":1200,"height":674,"caption":"Ligue des Champions Brest entame parfaitement sa campagne en battant le Sturm Graz"},{"@type":"BreadcrumbList","@id":"https:\/\/dicodusport.fr\/blog\/ligue-des-champions-brest-entame-parfaitement-sa-campagne-en-battant-le-sturm-graz\/#breadcrumb","itemListElement":[{"@type":"ListItem","position":1,"name":"Accueil","item":"https:\/\/dicodusport.fr\/blog\/"},{"@type":"ListItem","position":2,"name":"Ligue des Champions : Brest entame parfaitement sa campagne en battant le Sturm Graz"}]},{"@type":"WebSite","@id":"https:\/\/dicodusport.fr\/blog\/#website","url":"https:\/\/dicodusport.fr\/blog\/","name":"Dicodusport","description":"L&#039;encyclop\u00e9die de l&#039;actualit\u00e9 sportive","publisher":{"@id":"https:\/\/dicodusport.fr\/blog\/#organization"},"potentialAction":[{"@type":"SearchAction","target":{"@type":"EntryPoint","urlTemplate":"https:\/\/dicodusport.fr\/blog\/?s={search_term_string}"},"query-input":{"@type":"PropertyValueSpecification","valueRequired":true,"valueName":"search_term_string"}}],"inLanguage":"fr-FR"},{"@type":"NewsMediaOrganization","@id":"https:\/\/dicodusport.fr\/blog\/#organization","name":"Dicodusport","url":"https:\/\/dicodusport.fr\/blog\/","logo":{"@type":"ImageObject","inLanguage":"fr-FR","@id":"https:\/\/dicodusport.fr\/blog\/#\/schema\/logo\/image\/","url":"https:\/\/dicodusport.fr\/blog\/wp-content\/uploads\/2020\/06\/cropped-LOGO-DICODUSPORT-2020-SANS-FOND-SANS-TEXTE.png","contentUrl":"https:\/\/dicodusport.fr\/blog\/wp-content\/uploads\/2020\/06\/cropped-LOGO-DICODUSPORT-2020-SANS-FOND-SANS-TEXTE.png","width":512,"height":512,"caption":"Dicodusport"},"image":{"@id":"https:\/\/dicodusport.fr\/blog\/#\/schema\/logo\/image\/"},"sameAs":["https:\/\/www.facebook.com\/dicodusport","https:\/\/x.com\/dicodusport","https:\/\/www.instagram.com\/dicodusport\/","https:\/\/www.youtube.com\/channel\/UC7V2KZ5sd3htJivAbA4ZG3w"],"description":"Dicodusport est l'encyclop\u00e9die de l'actualit\u00e9 sportive.","email":"bonjour@dicodusport.fr","legalName":"DICODUSPORT","foundingDate":"2018-01-14","vatID":"FR71834470973","taxID":"83447097300043","numberOfEmployees":{"@type":"QuantitativeValue","minValue":"1","maxValue":"10"}},{"@type":"Person","@id":"https:\/\/dicodusport.fr\/blog\/#\/schema\/person\/0eaf70b33d703a1a66b1155ac1bda018","name":"Pierre Gorce","image":{"@type":"ImageObject","inLanguage":"fr-FR","@id":"https:\/\/dicodusport.fr\/blog\/#\/schema\/person\/image\/","url":"https:\/\/dicodusport.fr\/blog\/wp-content\/uploads\/2022\/03\/IMG_20211214_233053_722-150x150.jpg","contentUrl":"https:\/\/dicodusport.fr\/blog\/wp-content\/uploads\/2022\/03\/IMG_20211214_233053_722-150x150.jpg","caption":"Pierre Gorce"},"description":"Couteau suisse venant tout droit de Haute-Savoie. Habitu\u00e9 \u00e0 regarder du sport depuis petit, j'en ai maintenant fait mon m\u00e9tier. Des sports d'hiver au surf, en passant par le tennis, la F1, le handball et l'athl\u00e9tisme, j'essaie d'avoir mes yeux sur l'enti\u00e8ret\u00e9 de l'actualit\u00e9. Jeune homme berc\u00e9 par les exploits de Jean-Baptiste Grange, Sebastian Vettel et des Experts. Membre de la g\u00e9n\u00e9ration 1999 comme Luka Doncic, Sydney McLaughlin, Lando Norris et Loana Lecomte, mais avec beaucoup moins de talent qu'eux.","sameAs":["https:\/\/x.com\/https:\/\/twitter.com\/pierregorce12"],"birthDate":"1999-08-29","url":"https:\/\/dicodusport.fr\/blog\/author\/pierreg\/"}]}},"_links":{"self":[{"href":"https:\/\/dicodusport.fr\/blog\/wp-json\/wp\/v2\/posts\/521386","targetHints":{"allow":["GET"]}}],"collection":[{"href":"https:\/\/dicodusport.fr\/blog\/wp-json\/wp\/v2\/posts"}],"about":[{"href":"https:\/\/dicodusport.fr\/blog\/wp-json\/wp\/v2\/types\/post"}],"author":[{"embeddable":true,"href":"https:\/\/dicodusport.fr\/blog\/wp-json\/wp\/v2\/users\/61"}],"replies":[{"embeddable":true,"href":"https:\/\/dicodusport.fr\/blog\/wp-json\/wp\/v2\/comments?post=521386"}],"version-history":[{"count":5,"href":"https:\/\/dicodusport.fr\/blog\/wp-json\/wp\/v2\/posts\/521386\/revisions"}],"predecessor-version":[{"id":521460,"href":"https:\/\/dicodusport.fr\/blog\/wp-json\/wp\/v2\/posts\/521386\/revisions\/521460"}],"wp:featuredmedia":[{"embeddable":true,"href":"https:\/\/dicodusport.fr\/blog\/wp-json\/wp\/v2\/media\/521445"}],"wp:attachment":[{"href":"https:\/\/dicodusport.fr\/blog\/wp-json\/wp\/v2\/media?parent=521386"}],"wp:term":[{"taxonomy":"category","embeddable":true,"href":"https:\/\/dicodusport.fr\/blog\/wp-json\/wp\/v2\/categories?post=521386"},{"taxonomy":"post_tag","embeddable":true,"href":"https:\/\/dicodusport.fr\/blog\/wp-json\/wp\/v2\/tags?post=521386"}],"curies":[{"name":"wp","href":"https:\/\/api.w.org\/{rel}","templated":true}]}}