{"id":521502,"date":"2024-09-20T11:22:15","date_gmt":"2024-09-20T09:22:15","guid":{"rendered":"https:\/\/dicodusport.fr\/blog\/?p=521502&#038;preview=true&#038;preview_id=521502"},"modified":"2024-09-22T02:44:24","modified_gmt":"2024-09-22T00:44:24","slug":"cyclisme-championnats-du-monde-2024-alaphilippe-madouas-la-selection-des-bleus","status":"publish","type":"post","link":"https:\/\/dicodusport.fr\/blog\/cyclisme-championnats-du-monde-2024-alaphilippe-madouas-la-selection-des-bleus\/","title":{"rendered":"Cyclisme Championnats du monde 2024 : Alaphilippe, Madouas, la s\u00e9lection des Bleus"},"content":{"rendered":"<h4 style=\"text-align: justify;\"><em>CYCLISME SUR ROUTE CHAMPIONNATS DU MONDE 2024 &#8211; Ce vendredi, la FFC a d\u00e9voil\u00e9 la s\u00e9lection \u00e9lites masculine pour les Mondiaux de Zurich (Suisse). Avec Julian Alaphilippe et Valentin Madouas en chefs de file.<\/em><\/h4>\n<ul>\n<li style=\"text-align: justify;\"><strong>\u00c0 ce sujet &#8211; <a href=\"https:\/\/dicodusport.fr\/blog\/programme-et-resultats-championnats-du-monde-cyclisme-sur-route-2024\/\">Programme et r\u00e9sultats Championnats du monde cyclisme sur route 2024<\/a><\/strong><\/li>\n<\/ul>\n<p style=\"text-align: justify;\">\u00c7a y est ! On connait la s\u00e9lection compl\u00e8te de l&rsquo;\u00e9quipe de France, pour les championnats du monde \u00e0 Zurich (Suisse). Le s\u00e9lectionneur des Bleus, <strong>Thomas Voeckler<\/strong>, a annonc\u00e9 ce vendredi matin, la liste des coureurs qui d\u00e9fendront les couleurs de la France. Et si l&rsquo;UCI avait mis en ligne une liste provisoire, l&rsquo;ancien maillot jaune du Tour 2004 et 2011 a r\u00e9ussi \u00e0 duper les foules. Annonc\u00e9 absent, <strong>David Gaudu<\/strong>, 6e de la derni\u00e8re Vuelta, sera bien de la partie sur la course en ligne. Annonc\u00e9s dans un premier temps,<strong> Aur\u00e9lien Paret-Peintre, Mathieu Burgaudeau<\/strong> et <strong>Warren Barguil<\/strong> n&rsquo;iront pas en Suisse.<\/p>\n<p style=\"text-align: justify;\">Et cette \u00e9quipe de France, bien que pas favorite sur le papier, aura une \u00e9quipe tr\u00e8s s\u00e9duisante. Avec en chefs de file le double champion du monde (2020-2021) <strong>Julian Alaphilippe<\/strong>, plut\u00f4t en forme ces derniers temps, avec <a href=\"https:\/\/dicodusport.fr\/blog\/grand-prix-cycliste-montreal-2024-tadej-pogacar-simpose-pour-la-deuxieme-fois-alaphilippe-3eme\/\">une 3e place sur le Grand Prix de Montr\u00e9al<\/a>, dimanche dernier. Mais aussi <strong>Valentin Madouas<\/strong>, toujours excellent sur les courses tr\u00e8s longues et qui a d\u00e9croch\u00e9 <a href=\"https:\/\/dicodusport.fr\/blog\/course-en-ligne-jo-2024-argent-et-bronze-pour-madouas-et-laporte-remco-evenepoel-en-or\/\">la m\u00e9daille d&rsquo;argent aux Jeux Olympiques<\/a>. On n&rsquo;oubliera pas <strong>Romain Bardet<\/strong>, 2e de Li\u00e8ge-Bastogne-Li\u00e8ge en avril dernier. Mais aussi <strong>Julien Bernard<\/strong> en capitaine de route. <strong>Romain Gr\u00e9goire<\/strong> et <strong>Rudy Molard<\/strong> pourraient quant \u00e0 eux se glisser dans des coups tr\u00e8s t\u00f4t. Car les Bleus ont le profil pour mettre la pagaille tr\u00e8s t\u00f4t dans la course, comme ils l&rsquo;avaient fait en 2021, l&rsquo;ann\u00e9e du deuxi\u00e8me sacre de<strong> Julian Alaphilippe<\/strong>.<\/p>\n<p style=\"text-align: justify;\"><strong>Thomas Voeckler<\/strong>, qui a d\u00e9croch\u00e9 d\u00e9j\u00e0 cinq m\u00e9dailles au niveau mondial (trois aux mondiaux et deux aux JO), ajoutera-t-il une nouvelle breloque \u00e0 son palmar\u00e8s de s\u00e9lectionneur ? R\u00e9ponse le 29 septembre prochain. \u00c0 noter que <strong>Bruno Armirail<\/strong> (Decathlon AG2R La Mondiale) et <strong>Thibault Guernalec<\/strong> (Ark\u00e9a B&amp;B Hotels) seront en lice sur le chrono, ce dimanche 22 septembre.<\/p>\n<ul>\n<li style=\"text-align: justify;\"><strong>\u00c0 ce sujet &#8211; <a href=\"https:\/\/dicodusport.fr\/blog\/cyclisme-championnats-du-monde-2024-les-selections-des-nations\/\">Cyclisme Championnats du monde 2024 : Les s\u00e9lections des nations<\/a><\/strong><\/li>\n<\/ul>\n<h2 style=\"text-align: justify;\">La s\u00e9lection \u00e9lites hommes pour les Mondiaux de Zurich<\/h2>\n<p style=\"text-align: justify;\"><strong>Course en ligne<\/strong> : Julian Alaphilippe, Romain Bardet, Julien Bernard, David Gaudu, Romain Gr\u00e9goire, Valentin Madouas, Rudy Molard et Pavel Sivakov.<\/p>\n<p style=\"text-align: justify;\"><strong>Contre-la-montre<\/strong> : Bruno Armirail et Thibault Guernalec.<\/p>\n<p style=\"text-align: justify;\"><strong>Relais mixte :<\/strong> Bruno Armirail, Thibault Guernalec, Benjamin Thomas.<\/p>\n<p><span class=\"8ePQvONKfdbEFnysL2z1hrSA65lVqIimTR0HXGkxYct\"><\/p>\n<blockquote class=\"instagram-media\" data-instgrm-captioned data-instgrm-permalink=\"https:\/\/www.instagram.com\/p\/DAIhay7KU85\/?utm_source=ig_embed&amp;utm_campaign=loading\" data-instgrm-version=\"14\" style=\" background:#FFF; border:0; border-radius:3px; box-shadow:0 0 1px 0 rgba(0,0,0,0.5),0 1px 10px 0 rgba(0,0,0,0.15); margin: 1px; max-width:658px; min-width:326px; padding:0; width:99.375%; width:-webkit-calc(100% - 2px); width:calc(100% - 2px);\">\n<div style=\"padding:16px;\"> <a href=\"https:\/\/www.instagram.com\/p\/DAIhay7KU85\/?utm_source=ig_embed&amp;utm_campaign=loading\" style=\" background:#FFFFFF; line-height:0; padding:0 0; text-align:center; text-decoration:none; width:100%;\" target=\"_blank\"> <\/p>\n<div style=\" display: flex; flex-direction: row; align-items: center;\">\n<div style=\"background-color: #F4F4F4; border-radius: 50%; flex-grow: 0; height: 40px; margin-right: 14px; width: 40px;\"><\/div>\n<div style=\"display: flex; flex-direction: column; flex-grow: 1; justify-content: center;\">\n<div style=\" background-color: #F4F4F4; border-radius: 4px; flex-grow: 0; height: 14px; margin-bottom: 6px; width: 100px;\"><\/div>\n<div style=\" background-color: #F4F4F4; border-radius: 4px; flex-grow: 0; height: 14px; width: 60px;\"><\/div>\n<\/div>\n<\/div>\n<div style=\"padding: 19% 0;\"><\/div>\n<div style=\"display:block; height:50px; margin:0 auto 12px; width:50px;\"><svg width=\"50px\" height=\"50px\" viewBox=\"0 0 60 60\" version=\"1.1\" xmlns=\"https:\/\/www.w3.org\/2000\/svg\" xmlns:xlink=\"https:\/\/www.w3.org\/1999\/xlink\"><g stroke=\"none\" stroke-width=\"1\" fill=\"none\" fill-rule=\"evenodd\"><g transform=\"translate(-511.000000, -20.000000)\" fill=\"#000000\"><g><path d=\"M556.869,30.41 C554.814,30.41 553.148,32.076 553.148,34.131 C553.148,36.186 554.814,37.852 556.869,37.852 C558.924,37.852 560.59,36.186 560.59,34.131 C560.59,32.076 558.924,30.41 556.869,30.41 M541,60.657 C535.114,60.657 530.342,55.887 530.342,50 C530.342,44.114 535.114,39.342 541,39.342 C546.887,39.342 551.658,44.114 551.658,50 C551.658,55.887 546.887,60.657 541,60.657 M541,33.886 C532.1,33.886 524.886,41.1 524.886,50 C524.886,58.899 532.1,66.113 541,66.113 C549.9,66.113 557.115,58.899 557.115,50 C557.115,41.1 549.9,33.886 541,33.886 M565.378,62.101 C565.244,65.022 564.756,66.606 564.346,67.663 C563.803,69.06 563.154,70.057 562.106,71.106 C561.058,72.155 560.06,72.803 558.662,73.347 C557.607,73.757 556.021,74.244 553.102,74.378 C549.944,74.521 548.997,74.552 541,74.552 C533.003,74.552 532.056,74.521 528.898,74.378 C525.979,74.244 524.393,73.757 523.338,73.347 C521.94,72.803 520.942,72.155 519.894,71.106 C518.846,70.057 518.197,69.06 517.654,67.663 C517.244,66.606 516.755,65.022 516.623,62.101 C516.479,58.943 516.448,57.996 516.448,50 C516.448,42.003 516.479,41.056 516.623,37.899 C516.755,34.978 517.244,33.391 517.654,32.338 C518.197,30.938 518.846,29.942 519.894,28.894 C520.942,27.846 521.94,27.196 523.338,26.654 C524.393,26.244 525.979,25.756 528.898,25.623 C532.057,25.479 533.004,25.448 541,25.448 C548.997,25.448 549.943,25.479 553.102,25.623 C556.021,25.756 557.607,26.244 558.662,26.654 C560.06,27.196 561.058,27.846 562.106,28.894 C563.154,29.942 563.803,30.938 564.346,32.338 C564.756,33.391 565.244,34.978 565.378,37.899 C565.522,41.056 565.552,42.003 565.552,50 C565.552,57.996 565.522,58.943 565.378,62.101 M570.82,37.631 C570.674,34.438 570.167,32.258 569.425,30.349 C568.659,28.377 567.633,26.702 565.965,25.035 C564.297,23.368 562.623,22.342 560.652,21.575 C558.743,20.834 556.562,20.326 553.369,20.18 C550.169,20.033 549.148,20 541,20 C532.853,20 531.831,20.033 528.631,20.18 C525.438,20.326 523.257,20.834 521.349,21.575 C519.376,22.342 517.703,23.368 516.035,25.035 C514.368,26.702 513.342,28.377 512.574,30.349 C511.834,32.258 511.326,34.438 511.181,37.631 C511.035,40.831 511,41.851 511,50 C511,58.147 511.035,59.17 511.181,62.369 C511.326,65.562 511.834,67.743 512.574,69.651 C513.342,71.625 514.368,73.296 516.035,74.965 C517.703,76.634 519.376,77.658 521.349,78.425 C523.257,79.167 525.438,79.673 528.631,79.82 C531.831,79.965 532.853,80.001 541,80.001 C549.148,80.001 550.169,79.965 553.369,79.82 C556.562,79.673 558.743,79.167 560.652,78.425 C562.623,77.658 564.297,76.634 565.965,74.965 C567.633,73.296 568.659,71.625 569.425,69.651 C570.167,67.743 570.674,65.562 570.82,62.369 C570.966,59.17 571,58.147 571,50 C571,41.851 570.966,40.831 570.82,37.631\"><\/path><\/g><\/g><\/g><\/svg><\/div>\n<div style=\"padding-top: 8px;\">\n<div style=\" color:#3897f0; font-family:Arial,sans-serif; font-size:14px; font-style:normal; font-weight:550; line-height:18px;\">View this post on Instagram<\/div>\n<\/div>\n<div style=\"padding: 12.5% 0;\"><\/div>\n<div style=\"display: flex; flex-direction: row; margin-bottom: 14px; align-items: center;\">\n<div>\n<div style=\"background-color: #F4F4F4; border-radius: 50%; height: 12.5px; width: 12.5px; transform: translateX(0px) translateY(7px);\"><\/div>\n<div style=\"background-color: #F4F4F4; height: 12.5px; transform: rotate(-45deg) translateX(3px) translateY(1px); width: 12.5px; flex-grow: 0; margin-right: 14px; margin-left: 2px;\"><\/div>\n<div style=\"background-color: #F4F4F4; border-radius: 50%; height: 12.5px; width: 12.5px; transform: translateX(9px) translateY(-18px);\"><\/div>\n<\/div>\n<div style=\"margin-left: 8px;\">\n<div style=\" background-color: #F4F4F4; border-radius: 50%; flex-grow: 0; height: 20px; width: 20px;\"><\/div>\n<div style=\" width: 0; height: 0; border-top: 2px solid transparent; border-left: 6px solid #f4f4f4; border-bottom: 2px solid transparent; transform: translateX(16px) translateY(-4px) rotate(30deg)\"><\/div>\n<\/div>\n<div style=\"margin-left: auto;\">\n<div style=\" width: 0px; border-top: 8px solid #F4F4F4; border-right: 8px solid transparent; transform: translateY(16px);\"><\/div>\n<div style=\" background-color: #F4F4F4; flex-grow: 0; height: 12px; width: 16px; transform: translateY(-4px);\"><\/div>\n<div style=\" width: 0; height: 0; border-top: 8px solid #F4F4F4; border-left: 8px solid transparent; transform: translateY(-4px) translateX(8px);\"><\/div>\n<\/div>\n<\/div>\n<div style=\"display: flex; flex-direction: column; flex-grow: 1; justify-content: center; margin-bottom: 24px;\">\n<div style=\" background-color: #F4F4F4; border-radius: 4px; flex-grow: 0; height: 14px; margin-bottom: 6px; width: 224px;\"><\/div>\n<div style=\" background-color: #F4F4F4; border-radius: 4px; flex-grow: 0; height: 14px; width: 144px;\"><\/div>\n<\/div>\n<p><\/a><\/p>\n<p style=\" color:#c9c8cd; font-family:Arial,sans-serif; font-size:14px; line-height:17px; margin-bottom:0; margin-top:8px; overflow:hidden; padding:8px 0 7px; text-align:center; text-overflow:ellipsis; white-space:nowrap;\"><a href=\"https:\/\/www.instagram.com\/p\/DAIhay7KU85\/?utm_source=ig_embed&amp;utm_campaign=loading\" style=\" color:#c9c8cd; font-family:Arial,sans-serif; font-size:14px; font-style:normal; font-weight:normal; line-height:17px; text-decoration:none;\" target=\"_blank\">A post shared by F\u00e9d\u00e9ration \ud83c\uddeb\ud83c\uddf7 de Cyclisme (@ffcyclisme)<\/a><\/p>\n<\/div>\n<\/blockquote>\n<p><script async src=\"\/\/platform.instagram.com\/en_US\/embeds.js\"><\/script><\/span><\/p>\n<h2 style=\"text-align: justify;\">Les autres s\u00e9lections dans le d\u00e9tail<\/h2>\n<p style=\"text-align: justify;\"><strong>\u00c9lites femmes :<\/strong> Marion Bunel, L\u00e9a Curinier, Pauline Ferrand-Pr\u00e9vot, C\u00e9drine Kerbaol (+CLM), Juliette Labous (+CLM), Evita Muzic, Jade Wiel.<\/p>\n<p style=\"text-align: justify;\"><strong>U19 femmes :<\/strong> M\u00e9lanie Dupin, C\u00e9lia Gery (+CLM), Nina Lavenu, Amandine Muller (+CLM), Ma\u00ebva Plagniol<\/p>\n<p style=\"text-align: justify;\"><strong>U19 hommes :<\/strong> Eliott Boulet, Baptiste Gr\u00e9goire, Paul Seixas (+CLM), Aubin Sparfel, Paul Thierry. Louis Chaleil disputera le contre-la-montre, mais pas la course en ligne.<\/p>\n<p style=\"text-align: justify;\"><strong>U23 hommes :<\/strong> Ewen Costiou, Thibaud Gruel, Noa Isidore, Cl\u00e9ment Izquierdo, Pierre Thierry, Brieuc Rolland. Arthur Blaise et Maxime Decomble disputeront le contre-la-montre.<\/p>\n<div class=\"vlp-link-container vlp-layout-article\"><a href=\"https:\/\/dicodusport.fr\/blog\/cyclisme-championnats-du-monde-2024-ferrand-prevot-muzic-costiou-les-premieres-selections-devoilees\/\" class=\"vlp-link\" title=\"Cyclisme Championnats du monde 2024 : Ferrand-Pr\u00e9vot, Muzic, Costiou, les premi\u00e8res s\u00e9lections d\u00e9voil\u00e9es\"><\/a><div class=\"vlp-layout-zone-side\"><div class=\"vlp-block-4 vlp-link-image\"><img loading=\"lazy\" decoding=\"async\" style=\"max-width: 792px;\" width=\"792\" height=\"445\" src=\"https:\/\/dicodusport.fr\/blog\/wp-content\/uploads\/2024\/09\/Cyclisme-Championnats-du-monde-2024-Ferrand-Prevot-Muzic-Costiou-les-premieres-selections-devoilees.png\" class=\"attachment-800x445 size-800x445\" alt=\"Cyclisme Championnats du monde 2024 Ferrand-Pr\u00e9vot, Muzic, Costiou, les premi\u00e8res s\u00e9lections d\u00e9voil\u00e9es\" srcset=\"https:\/\/dicodusport.fr\/blog\/wp-content\/uploads\/2024\/09\/Cyclisme-Championnats-du-monde-2024-Ferrand-Prevot-Muzic-Costiou-les-premieres-selections-devoilees.png 1200w, https:\/\/dicodusport.fr\/blog\/wp-content\/uploads\/2024\/09\/Cyclisme-Championnats-du-monde-2024-Ferrand-Prevot-Muzic-Costiou-les-premieres-selections-devoilees-300x169.png 300w, https:\/\/dicodusport.fr\/blog\/wp-content\/uploads\/2024\/09\/Cyclisme-Championnats-du-monde-2024-Ferrand-Prevot-Muzic-Costiou-les-premieres-selections-devoilees-1024x575.png 1024w, https:\/\/dicodusport.fr\/blog\/wp-content\/uploads\/2024\/09\/Cyclisme-Championnats-du-monde-2024-Ferrand-Prevot-Muzic-Costiou-les-premieres-selections-devoilees-768x431.png 768w\" sizes=\"auto, (max-width: 792px) 100vw, 792px\" \/><\/div><\/div><div class=\"vlp-layout-zone-main\"><div class=\"vlp-block-0 vlp-link-title\">Cyclisme Championnats du monde 2024 : Ferrand-Pr\u00e9vot, Muzic, Costiou, les premi\u00e8res s\u00e9lections d\u00e9voil\u00e9es<\/div><div class=\"vlp-block-1 vlp-link-summary\">Ferrand-Pr\u00e9vot, Muzic, Costiou, les premi\u00e8res s\u00e9lections d\u00e9voil\u00e9es<\/div><div class=\"vlp-block-2 vlp-link-button\">Lire l'article<\/div><div class=\"vlp-block-3 vlp-link-url\">dicodusport.fr<\/div><\/div><\/div>\n<p style=\"text-align: justify;\">\n","protected":false},"excerpt":{"rendered":"<p>Alaphilippe, Madouas, la s\u00e9lection des Bleus<\/p>\n","protected":false},"author":83,"featured_media":521507,"comment_status":"open","ping_status":"closed","sticky":false,"template":"","format":"standard","meta":{"_acf_changed":false,"_daextam_enable_autolinks":"1","footnotes":""},"categories":[46994],"tags":[32415,16878],"class_list":["post-521502","post","type-post","status-publish","format-standard","has-post-thumbnail","hentry","category-cyclisme-sur-route","tag-actu","tag-breve"],"acf":[],"yoast_head":"<!-- This site is optimized with the Yoast SEO Premium plugin v26.7 (Yoast SEO v26.7) - https:\/\/yoast.com\/wordpress\/plugins\/seo\/ -->\n<title>Cyclisme Championnats du monde 2024 : Alaphilippe, Madouas, la s\u00e9lection des Bleus<\/title>\n<meta name=\"description\" content=\"CYCLISME SUR ROUTE CHAMPIONNATS DU MONDE 2024 - Ce vendredi, la FFC a d\u00e9voil\u00e9 la s\u00e9lection \u00e9lites masculine pour les Mondiaux de Zurich (Suisse).\" \/>\n<meta name=\"robots\" content=\"index, follow, max-snippet:-1, max-image-preview:large, max-video-preview:-1\" \/>\n<link rel=\"canonical\" href=\"https:\/\/dicodusport.fr\/blog\/cyclisme-championnats-du-monde-2024-alaphilippe-madouas-la-selection-des-bleus\/\" \/>\n<meta property=\"og:locale\" content=\"fr_FR\" \/>\n<meta property=\"og:type\" content=\"article\" \/>\n<meta property=\"og:title\" content=\"Cyclisme Championnats du monde 2024 : Alaphilippe, Madouas, la s\u00e9lection des Bleus\" \/>\n<meta property=\"og:description\" content=\"CYCLISME SUR ROUTE CHAMPIONNATS DU MONDE 2024 - Ce vendredi, la FFC a d\u00e9voil\u00e9 la s\u00e9lection \u00e9lites masculine pour les Mondiaux de Zurich (Suisse).\" \/>\n<meta property=\"og:url\" content=\"https:\/\/dicodusport.fr\/blog\/cyclisme-championnats-du-monde-2024-alaphilippe-madouas-la-selection-des-bleus\/\" \/>\n<meta property=\"og:site_name\" content=\"Dicodusport\" \/>\n<meta property=\"article:publisher\" content=\"https:\/\/www.facebook.com\/dicodusport\" \/>\n<meta property=\"article:published_time\" content=\"2024-09-20T09:22:15+00:00\" \/>\n<meta property=\"article:modified_time\" content=\"2024-09-22T00:44:24+00:00\" \/>\n<meta property=\"og:image\" content=\"https:\/\/dicodusport.fr\/blog\/wp-content\/uploads\/2024\/09\/Cyclisme-Championnats-du-monde-2024-Alaphilippe-Madouas-la-selection-des-Bleus.png\" \/>\n\t<meta property=\"og:image:width\" content=\"1200\" \/>\n\t<meta property=\"og:image:height\" content=\"674\" \/>\n\t<meta property=\"og:image:type\" content=\"image\/png\" \/>\n<meta name=\"author\" content=\"Etienne Goursaud\" \/>\n<meta name=\"twitter:card\" content=\"summary_large_image\" \/>\n<meta name=\"twitter:title\" content=\"Cyclisme Championnats du monde 2024 : Alaphilippe, Madouas, la s\u00e9lection des Bleus\" \/>\n<meta name=\"twitter:creator\" content=\"@dicodusport\" \/>\n<meta name=\"twitter:site\" content=\"@dicodusport\" \/>\n<script type=\"application\/ld+json\" class=\"yoast-schema-graph\">{\"@context\":\"https:\/\/schema.org\",\"@graph\":[{\"@type\":\"NewsArticle\",\"@id\":\"https:\/\/dicodusport.fr\/blog\/cyclisme-championnats-du-monde-2024-alaphilippe-madouas-la-selection-des-bleus\/#article\",\"isPartOf\":{\"@id\":\"https:\/\/dicodusport.fr\/blog\/cyclisme-championnats-du-monde-2024-alaphilippe-madouas-la-selection-des-bleus\/\"},\"author\":{\"name\":\"Etienne Goursaud\",\"@id\":\"https:\/\/dicodusport.fr\/blog\/#\/schema\/person\/d603dd7da31fb2b46c82b9835a77ec13\"},\"headline\":\"Cyclisme Championnats du monde 2024 : Alaphilippe, Madouas, la s\u00e9lection des Bleus\",\"datePublished\":\"2024-09-20T09:22:15+00:00\",\"dateModified\":\"2024-09-22T00:44:24+00:00\",\"mainEntityOfPage\":{\"@id\":\"https:\/\/dicodusport.fr\/blog\/cyclisme-championnats-du-monde-2024-alaphilippe-madouas-la-selection-des-bleus\/\"},\"wordCount\":639,\"commentCount\":0,\"publisher\":{\"@id\":\"https:\/\/dicodusport.fr\/blog\/#organization\"},\"image\":{\"@id\":\"https:\/\/dicodusport.fr\/blog\/cyclisme-championnats-du-monde-2024-alaphilippe-madouas-la-selection-des-bleus\/#primaryimage\"},\"thumbnailUrl\":\"https:\/\/dicodusport.fr\/blog\/wp-content\/uploads\/2024\/09\/Cyclisme-Championnats-du-monde-2024-Alaphilippe-Madouas-la-selection-des-Bleus.png\",\"keywords\":[\"actu\",\"br\u00e8ve\"],\"articleSection\":[\"Cyclisme sur route\"],\"inLanguage\":\"fr-FR\",\"potentialAction\":[{\"@type\":\"CommentAction\",\"name\":\"Comment\",\"target\":[\"https:\/\/dicodusport.fr\/blog\/cyclisme-championnats-du-monde-2024-alaphilippe-madouas-la-selection-des-bleus\/#respond\"]}],\"copyrightYear\":\"2024\",\"copyrightHolder\":{\"@id\":\"https:\/\/dicodusport.fr\/blog\/#organization\"}},{\"@type\":\"WebPage\",\"@id\":\"https:\/\/dicodusport.fr\/blog\/cyclisme-championnats-du-monde-2024-alaphilippe-madouas-la-selection-des-bleus\/\",\"url\":\"https:\/\/dicodusport.fr\/blog\/cyclisme-championnats-du-monde-2024-alaphilippe-madouas-la-selection-des-bleus\/\",\"name\":\"Cyclisme Championnats du monde 2024 : Alaphilippe, Madouas, la s\u00e9lection des Bleus\",\"isPartOf\":{\"@id\":\"https:\/\/dicodusport.fr\/blog\/#website\"},\"primaryImageOfPage\":{\"@id\":\"https:\/\/dicodusport.fr\/blog\/cyclisme-championnats-du-monde-2024-alaphilippe-madouas-la-selection-des-bleus\/#primaryimage\"},\"image\":{\"@id\":\"https:\/\/dicodusport.fr\/blog\/cyclisme-championnats-du-monde-2024-alaphilippe-madouas-la-selection-des-bleus\/#primaryimage\"},\"thumbnailUrl\":\"https:\/\/dicodusport.fr\/blog\/wp-content\/uploads\/2024\/09\/Cyclisme-Championnats-du-monde-2024-Alaphilippe-Madouas-la-selection-des-Bleus.png\",\"datePublished\":\"2024-09-20T09:22:15+00:00\",\"dateModified\":\"2024-09-22T00:44:24+00:00\",\"description\":\"CYCLISME SUR ROUTE CHAMPIONNATS DU MONDE 2024 - Ce vendredi, la FFC a d\u00e9voil\u00e9 la s\u00e9lection \u00e9lites masculine pour les Mondiaux de Zurich (Suisse).\",\"breadcrumb\":{\"@id\":\"https:\/\/dicodusport.fr\/blog\/cyclisme-championnats-du-monde-2024-alaphilippe-madouas-la-selection-des-bleus\/#breadcrumb\"},\"inLanguage\":\"fr-FR\",\"potentialAction\":[{\"@type\":\"ReadAction\",\"target\":[\"https:\/\/dicodusport.fr\/blog\/cyclisme-championnats-du-monde-2024-alaphilippe-madouas-la-selection-des-bleus\/\"]}]},{\"@type\":\"ImageObject\",\"inLanguage\":\"fr-FR\",\"@id\":\"https:\/\/dicodusport.fr\/blog\/cyclisme-championnats-du-monde-2024-alaphilippe-madouas-la-selection-des-bleus\/#primaryimage\",\"url\":\"https:\/\/dicodusport.fr\/blog\/wp-content\/uploads\/2024\/09\/Cyclisme-Championnats-du-monde-2024-Alaphilippe-Madouas-la-selection-des-Bleus.png\",\"contentUrl\":\"https:\/\/dicodusport.fr\/blog\/wp-content\/uploads\/2024\/09\/Cyclisme-Championnats-du-monde-2024-Alaphilippe-Madouas-la-selection-des-Bleus.png\",\"width\":1200,\"height\":674,\"caption\":\"Cyclisme Championnats du monde 2024 Alaphilippe, Madouas, la s\u00e9lection des Bleus\"},{\"@type\":\"BreadcrumbList\",\"@id\":\"https:\/\/dicodusport.fr\/blog\/cyclisme-championnats-du-monde-2024-alaphilippe-madouas-la-selection-des-bleus\/#breadcrumb\",\"itemListElement\":[{\"@type\":\"ListItem\",\"position\":1,\"name\":\"Accueil\",\"item\":\"https:\/\/dicodusport.fr\/blog\/\"},{\"@type\":\"ListItem\",\"position\":2,\"name\":\"Cyclisme Championnats du monde 2024 : Alaphilippe, Madouas, la s\u00e9lection des Bleus\"}]},{\"@type\":\"WebSite\",\"@id\":\"https:\/\/dicodusport.fr\/blog\/#website\",\"url\":\"https:\/\/dicodusport.fr\/blog\/\",\"name\":\"Dicodusport\",\"description\":\"L&#039;encyclop\u00e9die de l&#039;actualit\u00e9 sportive\",\"publisher\":{\"@id\":\"https:\/\/dicodusport.fr\/blog\/#organization\"},\"potentialAction\":[{\"@type\":\"SearchAction\",\"target\":{\"@type\":\"EntryPoint\",\"urlTemplate\":\"https:\/\/dicodusport.fr\/blog\/?s={search_term_string}\"},\"query-input\":{\"@type\":\"PropertyValueSpecification\",\"valueRequired\":true,\"valueName\":\"search_term_string\"}}],\"inLanguage\":\"fr-FR\"},{\"@type\":\"NewsMediaOrganization\",\"@id\":\"https:\/\/dicodusport.fr\/blog\/#organization\",\"name\":\"Dicodusport\",\"url\":\"https:\/\/dicodusport.fr\/blog\/\",\"logo\":{\"@type\":\"ImageObject\",\"inLanguage\":\"fr-FR\",\"@id\":\"https:\/\/dicodusport.fr\/blog\/#\/schema\/logo\/image\/\",\"url\":\"https:\/\/dicodusport.fr\/blog\/wp-content\/uploads\/2020\/06\/cropped-LOGO-DICODUSPORT-2020-SANS-FOND-SANS-TEXTE.png\",\"contentUrl\":\"https:\/\/dicodusport.fr\/blog\/wp-content\/uploads\/2020\/06\/cropped-LOGO-DICODUSPORT-2020-SANS-FOND-SANS-TEXTE.png\",\"width\":512,\"height\":512,\"caption\":\"Dicodusport\"},\"image\":{\"@id\":\"https:\/\/dicodusport.fr\/blog\/#\/schema\/logo\/image\/\"},\"sameAs\":[\"https:\/\/www.facebook.com\/dicodusport\",\"https:\/\/x.com\/dicodusport\",\"https:\/\/www.instagram.com\/dicodusport\/\",\"https:\/\/www.youtube.com\/channel\/UC7V2KZ5sd3htJivAbA4ZG3w\"],\"description\":\"Dicodusport est l'encyclop\u00e9die de l'actualit\u00e9 sportive.\",\"email\":\"bonjour@dicodusport.fr\",\"legalName\":\"DICODUSPORT\",\"foundingDate\":\"2018-01-14\",\"vatID\":\"FR71834470973\",\"taxID\":\"83447097300043\",\"numberOfEmployees\":{\"@type\":\"QuantitativeValue\",\"minValue\":\"1\",\"maxValue\":\"10\"}},{\"@type\":\"Person\",\"@id\":\"https:\/\/dicodusport.fr\/blog\/#\/schema\/person\/d603dd7da31fb2b46c82b9835a77ec13\",\"name\":\"Etienne Goursaud\",\"image\":{\"@type\":\"ImageObject\",\"inLanguage\":\"fr-FR\",\"@id\":\"https:\/\/dicodusport.fr\/blog\/#\/schema\/person\/image\/\",\"url\":\"https:\/\/dicodusport.fr\/blog\/wp-content\/uploads\/2023\/12\/410122264_10231602061736049_5565839791558026645_n-150x150.jpg\",\"contentUrl\":\"https:\/\/dicodusport.fr\/blog\/wp-content\/uploads\/2023\/12\/410122264_10231602061736049_5565839791558026645_n-150x150.jpg\",\"caption\":\"Etienne Goursaud\"},\"description\":\"Journaliste et amoureux de sport. Ancien footballeur reconverti athl\u00e8te quand ses muscles le laissent tranquille. \u00c9lev\u00e9 \u00e0 la sauce des exploits de Thomas Voeckler en 2004, du dernier essai de l\u00e9gende de Eunice Barber \u00e0 la longueur lors des championnats du monde d'athl\u00e9tisme de 2003 mais aussi Zidane, Omeyer et Titou Lamaison.\",\"url\":\"https:\/\/dicodusport.fr\/blog\/author\/etienne-goursaud\/\"}]}<\/script>\n<!-- \/ Yoast SEO Premium plugin. -->","yoast_head_json":{"title":"Cyclisme Championnats du monde 2024 : Alaphilippe, Madouas, la s\u00e9lection des Bleus","description":"CYCLISME SUR ROUTE CHAMPIONNATS DU MONDE 2024 - Ce vendredi, la FFC a d\u00e9voil\u00e9 la s\u00e9lection \u00e9lites masculine pour les Mondiaux de Zurich (Suisse).","robots":{"index":"index","follow":"follow","max-snippet":"max-snippet:-1","max-image-preview":"max-image-preview:large","max-video-preview":"max-video-preview:-1"},"canonical":"https:\/\/dicodusport.fr\/blog\/cyclisme-championnats-du-monde-2024-alaphilippe-madouas-la-selection-des-bleus\/","og_locale":"fr_FR","og_type":"article","og_title":"Cyclisme Championnats du monde 2024 : Alaphilippe, Madouas, la s\u00e9lection des Bleus","og_description":"CYCLISME SUR ROUTE CHAMPIONNATS DU MONDE 2024 - Ce vendredi, la FFC a d\u00e9voil\u00e9 la s\u00e9lection \u00e9lites masculine pour les Mondiaux de Zurich (Suisse).","og_url":"https:\/\/dicodusport.fr\/blog\/cyclisme-championnats-du-monde-2024-alaphilippe-madouas-la-selection-des-bleus\/","og_site_name":"Dicodusport","article_publisher":"https:\/\/www.facebook.com\/dicodusport","article_published_time":"2024-09-20T09:22:15+00:00","article_modified_time":"2024-09-22T00:44:24+00:00","og_image":[{"width":1200,"height":674,"url":"https:\/\/dicodusport.fr\/blog\/wp-content\/uploads\/2024\/09\/Cyclisme-Championnats-du-monde-2024-Alaphilippe-Madouas-la-selection-des-Bleus.png","type":"image\/png"}],"author":"Etienne Goursaud","twitter_card":"summary_large_image","twitter_title":"Cyclisme Championnats du monde 2024 : Alaphilippe, Madouas, la s\u00e9lection des Bleus","twitter_creator":"@dicodusport","twitter_site":"@dicodusport","schema":{"@context":"https:\/\/schema.org","@graph":[{"@type":"NewsArticle","@id":"https:\/\/dicodusport.fr\/blog\/cyclisme-championnats-du-monde-2024-alaphilippe-madouas-la-selection-des-bleus\/#article","isPartOf":{"@id":"https:\/\/dicodusport.fr\/blog\/cyclisme-championnats-du-monde-2024-alaphilippe-madouas-la-selection-des-bleus\/"},"author":{"name":"Etienne Goursaud","@id":"https:\/\/dicodusport.fr\/blog\/#\/schema\/person\/d603dd7da31fb2b46c82b9835a77ec13"},"headline":"Cyclisme Championnats du monde 2024 : Alaphilippe, Madouas, la s\u00e9lection des Bleus","datePublished":"2024-09-20T09:22:15+00:00","dateModified":"2024-09-22T00:44:24+00:00","mainEntityOfPage":{"@id":"https:\/\/dicodusport.fr\/blog\/cyclisme-championnats-du-monde-2024-alaphilippe-madouas-la-selection-des-bleus\/"},"wordCount":639,"commentCount":0,"publisher":{"@id":"https:\/\/dicodusport.fr\/blog\/#organization"},"image":{"@id":"https:\/\/dicodusport.fr\/blog\/cyclisme-championnats-du-monde-2024-alaphilippe-madouas-la-selection-des-bleus\/#primaryimage"},"thumbnailUrl":"https:\/\/dicodusport.fr\/blog\/wp-content\/uploads\/2024\/09\/Cyclisme-Championnats-du-monde-2024-Alaphilippe-Madouas-la-selection-des-Bleus.png","keywords":["actu","br\u00e8ve"],"articleSection":["Cyclisme sur route"],"inLanguage":"fr-FR","potentialAction":[{"@type":"CommentAction","name":"Comment","target":["https:\/\/dicodusport.fr\/blog\/cyclisme-championnats-du-monde-2024-alaphilippe-madouas-la-selection-des-bleus\/#respond"]}],"copyrightYear":"2024","copyrightHolder":{"@id":"https:\/\/dicodusport.fr\/blog\/#organization"}},{"@type":"WebPage","@id":"https:\/\/dicodusport.fr\/blog\/cyclisme-championnats-du-monde-2024-alaphilippe-madouas-la-selection-des-bleus\/","url":"https:\/\/dicodusport.fr\/blog\/cyclisme-championnats-du-monde-2024-alaphilippe-madouas-la-selection-des-bleus\/","name":"Cyclisme Championnats du monde 2024 : Alaphilippe, Madouas, la s\u00e9lection des Bleus","isPartOf":{"@id":"https:\/\/dicodusport.fr\/blog\/#website"},"primaryImageOfPage":{"@id":"https:\/\/dicodusport.fr\/blog\/cyclisme-championnats-du-monde-2024-alaphilippe-madouas-la-selection-des-bleus\/#primaryimage"},"image":{"@id":"https:\/\/dicodusport.fr\/blog\/cyclisme-championnats-du-monde-2024-alaphilippe-madouas-la-selection-des-bleus\/#primaryimage"},"thumbnailUrl":"https:\/\/dicodusport.fr\/blog\/wp-content\/uploads\/2024\/09\/Cyclisme-Championnats-du-monde-2024-Alaphilippe-Madouas-la-selection-des-Bleus.png","datePublished":"2024-09-20T09:22:15+00:00","dateModified":"2024-09-22T00:44:24+00:00","description":"CYCLISME SUR ROUTE CHAMPIONNATS DU MONDE 2024 - Ce vendredi, la FFC a d\u00e9voil\u00e9 la s\u00e9lection \u00e9lites masculine pour les Mondiaux de Zurich (Suisse).","breadcrumb":{"@id":"https:\/\/dicodusport.fr\/blog\/cyclisme-championnats-du-monde-2024-alaphilippe-madouas-la-selection-des-bleus\/#breadcrumb"},"inLanguage":"fr-FR","potentialAction":[{"@type":"ReadAction","target":["https:\/\/dicodusport.fr\/blog\/cyclisme-championnats-du-monde-2024-alaphilippe-madouas-la-selection-des-bleus\/"]}]},{"@type":"ImageObject","inLanguage":"fr-FR","@id":"https:\/\/dicodusport.fr\/blog\/cyclisme-championnats-du-monde-2024-alaphilippe-madouas-la-selection-des-bleus\/#primaryimage","url":"https:\/\/dicodusport.fr\/blog\/wp-content\/uploads\/2024\/09\/Cyclisme-Championnats-du-monde-2024-Alaphilippe-Madouas-la-selection-des-Bleus.png","contentUrl":"https:\/\/dicodusport.fr\/blog\/wp-content\/uploads\/2024\/09\/Cyclisme-Championnats-du-monde-2024-Alaphilippe-Madouas-la-selection-des-Bleus.png","width":1200,"height":674,"caption":"Cyclisme Championnats du monde 2024 Alaphilippe, Madouas, la s\u00e9lection des Bleus"},{"@type":"BreadcrumbList","@id":"https:\/\/dicodusport.fr\/blog\/cyclisme-championnats-du-monde-2024-alaphilippe-madouas-la-selection-des-bleus\/#breadcrumb","itemListElement":[{"@type":"ListItem","position":1,"name":"Accueil","item":"https:\/\/dicodusport.fr\/blog\/"},{"@type":"ListItem","position":2,"name":"Cyclisme Championnats du monde 2024 : Alaphilippe, Madouas, la s\u00e9lection des Bleus"}]},{"@type":"WebSite","@id":"https:\/\/dicodusport.fr\/blog\/#website","url":"https:\/\/dicodusport.fr\/blog\/","name":"Dicodusport","description":"L&#039;encyclop\u00e9die de l&#039;actualit\u00e9 sportive","publisher":{"@id":"https:\/\/dicodusport.fr\/blog\/#organization"},"potentialAction":[{"@type":"SearchAction","target":{"@type":"EntryPoint","urlTemplate":"https:\/\/dicodusport.fr\/blog\/?s={search_term_string}"},"query-input":{"@type":"PropertyValueSpecification","valueRequired":true,"valueName":"search_term_string"}}],"inLanguage":"fr-FR"},{"@type":"NewsMediaOrganization","@id":"https:\/\/dicodusport.fr\/blog\/#organization","name":"Dicodusport","url":"https:\/\/dicodusport.fr\/blog\/","logo":{"@type":"ImageObject","inLanguage":"fr-FR","@id":"https:\/\/dicodusport.fr\/blog\/#\/schema\/logo\/image\/","url":"https:\/\/dicodusport.fr\/blog\/wp-content\/uploads\/2020\/06\/cropped-LOGO-DICODUSPORT-2020-SANS-FOND-SANS-TEXTE.png","contentUrl":"https:\/\/dicodusport.fr\/blog\/wp-content\/uploads\/2020\/06\/cropped-LOGO-DICODUSPORT-2020-SANS-FOND-SANS-TEXTE.png","width":512,"height":512,"caption":"Dicodusport"},"image":{"@id":"https:\/\/dicodusport.fr\/blog\/#\/schema\/logo\/image\/"},"sameAs":["https:\/\/www.facebook.com\/dicodusport","https:\/\/x.com\/dicodusport","https:\/\/www.instagram.com\/dicodusport\/","https:\/\/www.youtube.com\/channel\/UC7V2KZ5sd3htJivAbA4ZG3w"],"description":"Dicodusport est l'encyclop\u00e9die de l'actualit\u00e9 sportive.","email":"bonjour@dicodusport.fr","legalName":"DICODUSPORT","foundingDate":"2018-01-14","vatID":"FR71834470973","taxID":"83447097300043","numberOfEmployees":{"@type":"QuantitativeValue","minValue":"1","maxValue":"10"}},{"@type":"Person","@id":"https:\/\/dicodusport.fr\/blog\/#\/schema\/person\/d603dd7da31fb2b46c82b9835a77ec13","name":"Etienne Goursaud","image":{"@type":"ImageObject","inLanguage":"fr-FR","@id":"https:\/\/dicodusport.fr\/blog\/#\/schema\/person\/image\/","url":"https:\/\/dicodusport.fr\/blog\/wp-content\/uploads\/2023\/12\/410122264_10231602061736049_5565839791558026645_n-150x150.jpg","contentUrl":"https:\/\/dicodusport.fr\/blog\/wp-content\/uploads\/2023\/12\/410122264_10231602061736049_5565839791558026645_n-150x150.jpg","caption":"Etienne Goursaud"},"description":"Journaliste et amoureux de sport. Ancien footballeur reconverti athl\u00e8te quand ses muscles le laissent tranquille. \u00c9lev\u00e9 \u00e0 la sauce des exploits de Thomas Voeckler en 2004, du dernier essai de l\u00e9gende de Eunice Barber \u00e0 la longueur lors des championnats du monde d'athl\u00e9tisme de 2003 mais aussi Zidane, Omeyer et Titou Lamaison.","url":"https:\/\/dicodusport.fr\/blog\/author\/etienne-goursaud\/"}]}},"_links":{"self":[{"href":"https:\/\/dicodusport.fr\/blog\/wp-json\/wp\/v2\/posts\/521502","targetHints":{"allow":["GET"]}}],"collection":[{"href":"https:\/\/dicodusport.fr\/blog\/wp-json\/wp\/v2\/posts"}],"about":[{"href":"https:\/\/dicodusport.fr\/blog\/wp-json\/wp\/v2\/types\/post"}],"author":[{"embeddable":true,"href":"https:\/\/dicodusport.fr\/blog\/wp-json\/wp\/v2\/users\/83"}],"replies":[{"embeddable":true,"href":"https:\/\/dicodusport.fr\/blog\/wp-json\/wp\/v2\/comments?post=521502"}],"version-history":[{"count":5,"href":"https:\/\/dicodusport.fr\/blog\/wp-json\/wp\/v2\/posts\/521502\/revisions"}],"predecessor-version":[{"id":521938,"href":"https:\/\/dicodusport.fr\/blog\/wp-json\/wp\/v2\/posts\/521502\/revisions\/521938"}],"wp:featuredmedia":[{"embeddable":true,"href":"https:\/\/dicodusport.fr\/blog\/wp-json\/wp\/v2\/media\/521507"}],"wp:attachment":[{"href":"https:\/\/dicodusport.fr\/blog\/wp-json\/wp\/v2\/media?parent=521502"}],"wp:term":[{"taxonomy":"category","embeddable":true,"href":"https:\/\/dicodusport.fr\/blog\/wp-json\/wp\/v2\/categories?post=521502"},{"taxonomy":"post_tag","embeddable":true,"href":"https:\/\/dicodusport.fr\/blog\/wp-json\/wp\/v2\/tags?post=521502"}],"curies":[{"name":"wp","href":"https:\/\/api.w.org\/{rel}","templated":true}]}}