{"id":521736,"date":"2024-09-21T15:29:57","date_gmt":"2024-09-21T13:29:57","guid":{"rendered":"https:\/\/dicodusport.fr\/blog\/?p=521736&#038;preview=true&#038;preview_id=521736"},"modified":"2024-09-21T15:38:58","modified_gmt":"2024-09-21T13:38:58","slug":"motogp-emilie-romagne-2024-francesco-bagnaia-simpose-en-course-sprint","status":"publish","type":"post","link":"https:\/\/dicodusport.fr\/blog\/motogp-emilie-romagne-2024-francesco-bagnaia-simpose-en-course-sprint\/","title":{"rendered":"MotoGP \u00c9milie-Romagne 2024 : Francesco Bagnaia s&rsquo;impose en course sprint"},"content":{"rendered":"<p style=\"text-align: justify;\"><a href=\"https:\/\/dicodusport.fr\/blog\/motogp-emilie-romagne-2024-horaires-programme-tv-et-resultats\/\"><em><strong>MOTOGP &#8211; GRAND PRIX D&rsquo;EMILIE-ROMAGNE 2024<\/strong><\/em>\u00a0<\/a><em>&#8211; <\/em><em><strong>L\u2019Italien Francesco Bagnaia s\u2019est empar\u00e9 de la victoire lors de la course sprint sur le circuit de Misano<\/strong><b>. Alors que son rival au championnat Jorge Martin termine deuxi\u00e8me,<\/b><b> il <\/b><b>a su saisir l\u2019opportunit\u00e9 de reprendre des points et est d\u00e9sormais seulement 4 unit\u00e9s derri\u00e8re le Transalpin. Enea Bastianini (Ducati) compl\u00e8te le podium du jour. Le Fran\u00e7ais Fabio Quartararo (Yamaha) a fini 7\u00e8me et son compatriote Johann Zarco (LCR Honda) 18\u00e8me.<\/b><\/em><\/p>\n<div class=\"code-block code-block-1\">\n<div class=\"optidigital-wrapper-div\">\n<div class=\"optidigital-brand\">\n<div id=\"optidigital-adslot-Content_1\" class=\"Content_1\" data-google-query-id=\"COT9_4W9kocDFeRspAQdFgwBrg\">\n<div id=\"google_ads_iframe_\/21859823806\/dicodusport.fr\/blog-article_1__container__\">\n<ul>\n<li><strong>\u00c0 lire aussi \u2013\u00a0<\/strong><a href=\"https:\/\/dicodusport.fr\/blog\/motogp-emilie-romagne-2024-classement-course-sprint\/\"><strong>Le classement de la course sprint du Grand Prix d&rsquo;Emilie-Romagne 2024<\/strong><\/a><\/li>\n<\/ul>\n<p style=\"text-align: justify;\">Quelques heures plus t\u00f4t, les qualifications ont eu lieu et c\u2019est\u00a0<strong>Francesco Bagnaia<\/strong> (Ducati) qui a r\u00e9alis\u00e9 la pole position ! Son rival espagnol <strong>Jorge Martin<\/strong> (Pramac Ducati) partait 2<sup>\u00e8me<\/sup>, tandis que <strong>Enea Bastianini<\/strong> (Ducati) les accompagnait sur la premi\u00e8re ligne. Les Fran\u00e7ais <strong>Fabio Quartararo<\/strong>\u00a0(Yamaha) et\u00a0<strong>Johann Zarco\u00a0<\/strong>(Pramac Ducati) s\u2019\u00e9lan\u00e7aient respectivement 9<sup>\u00e8me<\/sup>\u00a0et 17<sup>\u00e8me<\/sup>.<\/p>\n<h2><strong>D\u00e9part en t\u00eate de Jorge Martin<\/strong><\/h2>\n<p style=\"text-align: justify;\">La course a d\u00e9marr\u00e9 sous le soleil, et devant les nombreux spectateurs du circuit Marco Simoncelli de Misano. Feux \u00e9teints, c\u2019est <strong>Jorge Martin<\/strong>\u00a0qui s\u2019est envol\u00e9 de la grille de d\u00e9part pour r\u00e9aliser le\u00a0<em>holeshot<\/em> suivi de pr\u00e8s par <strong>Brad Binder<\/strong> (Red Bull KTM), parti de la 4<sup>\u00e8me<\/sup> place. Rapidement,\u00a0<strong>Francesco Bagnaia<\/strong> est revenu derri\u00e8re le leader et les deux hommes encha\u00eenent les tours sur un rythme de qualification.<\/p>\n<h2><strong>Francesco Bagnaia revient \u00e0 4 points<\/strong><\/h2>\n<p style=\"text-align: justify;\">Lors du 8<sup>\u00e8me<\/sup> tour, <strong>Jorge Martin<\/strong> a commis une petite erreur et son dauphin lui est pass\u00e9 devant. <strong>Francesco Bagnaia <\/strong>restera devant jusqu\u2019\u00e0 la fin et revient \u00e0 4 points au classement g\u00e9n\u00e9ral du leader. <strong>Enea Bastianini <\/strong>(Ducati) compl\u00e8te le podium devant <strong>Marc Marquez<\/strong> (Gresini Racing) et le rookie <strong>Pedro Acosta<\/strong> (GasGas Tech3).<\/p>\n<blockquote class=\"twitter-tweet\">\n<p dir=\"ltr\" lang=\"fr\">FRANCESCO BAGNAIA S&rsquo;IMPOSE \u00c0 DOMICILE ! \ud83d\udca5<\/p>\n<p>Le pilote Ducati remporte sa 4\u00e8me course sprint de la saison devant Jorge Martin, et se rapproche de la t\u00eate du championnat ! \ud83e\udd29<\/p>\n<p>Fabio Quartararo termine 7\u00e8me, Johann Zarco 18\u00e8me <a href=\"https:\/\/twitter.com\/hashtag\/EmiliaRomagnaGP?src=hash&amp;ref_src=twsrc%5Etfw\">#EmiliaRomagnaGP<\/a> | <a href=\"https:\/\/twitter.com\/hashtag\/MotoGP?src=hash&amp;ref_src=twsrc%5Etfw\">#MotoGP<\/a> <a href=\"https:\/\/t.co\/JzQLRkZmeb\">pic.twitter.com\/JzQLRkZmeb<\/a><\/p>\n<p>\u2014 CANAL+ MotoGP\u2122 (@CanalplusMotoGP) <a href=\"https:\/\/twitter.com\/CanalplusMotoGP\/status\/1837483789917831441?ref_src=twsrc%5Etfw\">September 21, 2024<\/a><\/p><\/blockquote>\n<p><script async src=\"https:\/\/platform.twitter.com\/widgets.js\" charset=\"utf-8\"><\/script><\/p>\n<p style=\"text-align: justify;\"><strong>Brad Binder<\/strong> (Red Bull KTM) a pris la 6<sup>\u00e8me<\/sup>\u00a0place devant l\u2019excellent pilote Fran\u00e7ais <strong>Fabio Quartararo<\/strong> (Yamaha) qui accumule 3 points suppl\u00e9mentaires aujourd\u2019hui. Marco Bezzecchi (Mooney VR46) et Franco Morbidelli (Pramac Ducati) compl\u00e8tent le Top 9, synonyme de point(s). L\u2019autre tricolore,<strong>\u00a0Johann Zarco\u00a0<\/strong>(LCR Honda), a pris la 18<sup>\u00e8me<\/sup>\u00a0place. Rendez-vous demain \u00e0 13h sur Canal+ pour\u00a0<strong>le Grand Prix d\u2019Emilie-Romagne 2024 <\/strong>de MotoGP.<\/p>\n<\/div>\n<\/div>\n<\/div>\n<\/div>\n<\/div>\n<ul>\n<li style=\"text-align: justify;\"><strong>\u00c0 lire aussi &#8211; <\/strong><a href=\"https:\/\/dicodusport.fr\/blog\/motogp-grille-de-depart-grand-prix-demilie-romagne-2024\/\"><strong>La grille de d\u00e9part du Grand Prix d&rsquo;Emilie-Romagne 2024<\/strong><\/a><\/li>\n<\/ul>\n<p style=\"text-align: justify;\">\n","protected":false},"excerpt":{"rendered":"<p>MOTOGP &#8211; GRAND PRIX D&rsquo;\u00c9MILIE-ROMAGNE 2024\u00a0&#8211; L\u2019Italien Francesco Bagnaia s\u2019est empar\u00e9 de la victoire lors de la course sprint sur le circuit de Misano.<\/p>\n","protected":false},"author":54,"featured_media":521741,"comment_status":"open","ping_status":"closed","sticky":false,"template":"","format":"standard","meta":{"_acf_changed":false,"_daextam_enable_autolinks":"1","footnotes":""},"categories":[47087],"tags":[16878,34171,20037,10938,19977],"class_list":["post-521736","post","type-post","status-publish","format-standard","has-post-thumbnail","hentry","category-motogp","tag-breve","tag-circuit-de-misano","tag-grand-prix-demilie-romagne-motogp","tag-motogp","tag-motogp-emilie-romagne"],"acf":[],"yoast_head":"<!-- This site is optimized with the Yoast SEO Premium plugin v26.7 (Yoast SEO v26.7) - https:\/\/yoast.com\/wordpress\/plugins\/seo\/ -->\n<title>MotoGP \u00c9milie-Romagne 2024 : Francesco Bagnaia s&#039;impose en course sprint<\/title>\n<meta name=\"description\" content=\"MOTOGP - GRAND PRIX D&#039;\u00c9MILIE-ROMAGNE 2024\u00a0- L\u2019Italien Francesco Bagnaia s\u2019est empar\u00e9 de la victoire lors de la course sprint sur le circuit de Misano.\" \/>\n<meta name=\"robots\" content=\"index, follow, max-snippet:-1, max-image-preview:large, max-video-preview:-1\" \/>\n<link rel=\"canonical\" href=\"https:\/\/dicodusport.fr\/blog\/motogp-emilie-romagne-2024-francesco-bagnaia-simpose-en-course-sprint\/\" \/>\n<meta property=\"og:locale\" content=\"fr_FR\" \/>\n<meta property=\"og:type\" content=\"article\" \/>\n<meta property=\"og:title\" content=\"MotoGP \u00c9milie-Romagne 2024 : Francesco Bagnaia s&#039;impose en course sprint\" \/>\n<meta property=\"og:description\" content=\"MOTOGP - GRAND PRIX D&#039;\u00c9MILIE-ROMAGNE 2024\u00a0- L\u2019Italien Francesco Bagnaia s\u2019est empar\u00e9 de la victoire lors de la course sprint sur le circuit de Misano.\" \/>\n<meta property=\"og:url\" content=\"https:\/\/dicodusport.fr\/blog\/motogp-emilie-romagne-2024-francesco-bagnaia-simpose-en-course-sprint\/\" \/>\n<meta property=\"og:site_name\" content=\"Dicodusport\" \/>\n<meta property=\"article:publisher\" content=\"https:\/\/www.facebook.com\/dicodusport\" \/>\n<meta property=\"article:author\" content=\"https:\/\/www.facebook.com\/roxane.lecacher\" \/>\n<meta property=\"article:published_time\" content=\"2024-09-21T13:29:57+00:00\" \/>\n<meta property=\"article:modified_time\" content=\"2024-09-21T13:38:58+00:00\" \/>\n<meta property=\"og:image\" content=\"https:\/\/dicodusport.fr\/blog\/wp-content\/uploads\/2024\/09\/MotoGP-Emilie-Romagne-2024-Francesco-Bagnaia-simpose-en-course-sprint.png\" \/>\n\t<meta property=\"og:image:width\" content=\"1200\" \/>\n\t<meta property=\"og:image:height\" content=\"674\" \/>\n\t<meta property=\"og:image:type\" content=\"image\/png\" \/>\n<meta name=\"author\" content=\"Roxane Lecacher\" \/>\n<meta name=\"twitter:card\" content=\"summary_large_image\" \/>\n<meta name=\"twitter:title\" content=\"MotoGP \u00c9milie-Romagne 2024 : Francesco Bagnaia s&#039;impose en course sprint\" \/>\n<meta name=\"twitter:creator\" content=\"@dicodusport\" \/>\n<meta name=\"twitter:site\" content=\"@dicodusport\" \/>\n<script type=\"application\/ld+json\" class=\"yoast-schema-graph\">{\"@context\":\"https:\/\/schema.org\",\"@graph\":[{\"@type\":\"NewsArticle\",\"@id\":\"https:\/\/dicodusport.fr\/blog\/motogp-emilie-romagne-2024-francesco-bagnaia-simpose-en-course-sprint\/#article\",\"isPartOf\":{\"@id\":\"https:\/\/dicodusport.fr\/blog\/motogp-emilie-romagne-2024-francesco-bagnaia-simpose-en-course-sprint\/\"},\"author\":{\"name\":\"Roxane Lecacher\",\"@id\":\"https:\/\/dicodusport.fr\/blog\/#\/schema\/person\/819fb2545dd2715bd7c0580d6d4b411a\"},\"headline\":\"MotoGP \u00c9milie-Romagne 2024 : Francesco Bagnaia s&rsquo;impose en course sprint\",\"datePublished\":\"2024-09-21T13:29:57+00:00\",\"dateModified\":\"2024-09-21T13:38:58+00:00\",\"mainEntityOfPage\":{\"@id\":\"https:\/\/dicodusport.fr\/blog\/motogp-emilie-romagne-2024-francesco-bagnaia-simpose-en-course-sprint\/\"},\"wordCount\":438,\"commentCount\":0,\"publisher\":{\"@id\":\"https:\/\/dicodusport.fr\/blog\/#organization\"},\"image\":{\"@id\":\"https:\/\/dicodusport.fr\/blog\/motogp-emilie-romagne-2024-francesco-bagnaia-simpose-en-course-sprint\/#primaryimage\"},\"thumbnailUrl\":\"https:\/\/dicodusport.fr\/blog\/wp-content\/uploads\/2024\/09\/MotoGP-Emilie-Romagne-2024-Francesco-Bagnaia-simpose-en-course-sprint.png\",\"keywords\":[\"br\u00e8ve\",\"Circuit de Misano\",\"Grand Prix d'\u00c9milie-Romagne MotoGP\",\"MotoGP\",\"MotoGP Emilie-Romagne\"],\"articleSection\":[\"MotoGP\"],\"inLanguage\":\"fr-FR\",\"potentialAction\":[{\"@type\":\"CommentAction\",\"name\":\"Comment\",\"target\":[\"https:\/\/dicodusport.fr\/blog\/motogp-emilie-romagne-2024-francesco-bagnaia-simpose-en-course-sprint\/#respond\"]}],\"copyrightYear\":\"2024\",\"copyrightHolder\":{\"@id\":\"https:\/\/dicodusport.fr\/blog\/#organization\"}},{\"@type\":\"WebPage\",\"@id\":\"https:\/\/dicodusport.fr\/blog\/motogp-emilie-romagne-2024-francesco-bagnaia-simpose-en-course-sprint\/\",\"url\":\"https:\/\/dicodusport.fr\/blog\/motogp-emilie-romagne-2024-francesco-bagnaia-simpose-en-course-sprint\/\",\"name\":\"MotoGP \u00c9milie-Romagne 2024 : Francesco Bagnaia s'impose en course sprint\",\"isPartOf\":{\"@id\":\"https:\/\/dicodusport.fr\/blog\/#website\"},\"primaryImageOfPage\":{\"@id\":\"https:\/\/dicodusport.fr\/blog\/motogp-emilie-romagne-2024-francesco-bagnaia-simpose-en-course-sprint\/#primaryimage\"},\"image\":{\"@id\":\"https:\/\/dicodusport.fr\/blog\/motogp-emilie-romagne-2024-francesco-bagnaia-simpose-en-course-sprint\/#primaryimage\"},\"thumbnailUrl\":\"https:\/\/dicodusport.fr\/blog\/wp-content\/uploads\/2024\/09\/MotoGP-Emilie-Romagne-2024-Francesco-Bagnaia-simpose-en-course-sprint.png\",\"datePublished\":\"2024-09-21T13:29:57+00:00\",\"dateModified\":\"2024-09-21T13:38:58+00:00\",\"description\":\"MOTOGP - GRAND PRIX D'\u00c9MILIE-ROMAGNE 2024\u00a0- L\u2019Italien Francesco Bagnaia s\u2019est empar\u00e9 de la victoire lors de la course sprint sur le circuit de Misano.\",\"breadcrumb\":{\"@id\":\"https:\/\/dicodusport.fr\/blog\/motogp-emilie-romagne-2024-francesco-bagnaia-simpose-en-course-sprint\/#breadcrumb\"},\"inLanguage\":\"fr-FR\",\"potentialAction\":[{\"@type\":\"ReadAction\",\"target\":[\"https:\/\/dicodusport.fr\/blog\/motogp-emilie-romagne-2024-francesco-bagnaia-simpose-en-course-sprint\/\"]}]},{\"@type\":\"ImageObject\",\"inLanguage\":\"fr-FR\",\"@id\":\"https:\/\/dicodusport.fr\/blog\/motogp-emilie-romagne-2024-francesco-bagnaia-simpose-en-course-sprint\/#primaryimage\",\"url\":\"https:\/\/dicodusport.fr\/blog\/wp-content\/uploads\/2024\/09\/MotoGP-Emilie-Romagne-2024-Francesco-Bagnaia-simpose-en-course-sprint.png\",\"contentUrl\":\"https:\/\/dicodusport.fr\/blog\/wp-content\/uploads\/2024\/09\/MotoGP-Emilie-Romagne-2024-Francesco-Bagnaia-simpose-en-course-sprint.png\",\"width\":1200,\"height\":674,\"caption\":\"MotoGP \u00c9milie-Romagne 2024 Francesco Bagnaia s'impose en course sprint\"},{\"@type\":\"BreadcrumbList\",\"@id\":\"https:\/\/dicodusport.fr\/blog\/motogp-emilie-romagne-2024-francesco-bagnaia-simpose-en-course-sprint\/#breadcrumb\",\"itemListElement\":[{\"@type\":\"ListItem\",\"position\":1,\"name\":\"Accueil\",\"item\":\"https:\/\/dicodusport.fr\/blog\/\"},{\"@type\":\"ListItem\",\"position\":2,\"name\":\"MotoGP \u00c9milie-Romagne 2024 : Francesco Bagnaia s&#8217;impose en course sprint\"}]},{\"@type\":\"WebSite\",\"@id\":\"https:\/\/dicodusport.fr\/blog\/#website\",\"url\":\"https:\/\/dicodusport.fr\/blog\/\",\"name\":\"Dicodusport\",\"description\":\"L&#039;encyclop\u00e9die de l&#039;actualit\u00e9 sportive\",\"publisher\":{\"@id\":\"https:\/\/dicodusport.fr\/blog\/#organization\"},\"potentialAction\":[{\"@type\":\"SearchAction\",\"target\":{\"@type\":\"EntryPoint\",\"urlTemplate\":\"https:\/\/dicodusport.fr\/blog\/?s={search_term_string}\"},\"query-input\":{\"@type\":\"PropertyValueSpecification\",\"valueRequired\":true,\"valueName\":\"search_term_string\"}}],\"inLanguage\":\"fr-FR\"},{\"@type\":\"NewsMediaOrganization\",\"@id\":\"https:\/\/dicodusport.fr\/blog\/#organization\",\"name\":\"Dicodusport\",\"url\":\"https:\/\/dicodusport.fr\/blog\/\",\"logo\":{\"@type\":\"ImageObject\",\"inLanguage\":\"fr-FR\",\"@id\":\"https:\/\/dicodusport.fr\/blog\/#\/schema\/logo\/image\/\",\"url\":\"https:\/\/dicodusport.fr\/blog\/wp-content\/uploads\/2020\/06\/cropped-LOGO-DICODUSPORT-2020-SANS-FOND-SANS-TEXTE.png\",\"contentUrl\":\"https:\/\/dicodusport.fr\/blog\/wp-content\/uploads\/2020\/06\/cropped-LOGO-DICODUSPORT-2020-SANS-FOND-SANS-TEXTE.png\",\"width\":512,\"height\":512,\"caption\":\"Dicodusport\"},\"image\":{\"@id\":\"https:\/\/dicodusport.fr\/blog\/#\/schema\/logo\/image\/\"},\"sameAs\":[\"https:\/\/www.facebook.com\/dicodusport\",\"https:\/\/x.com\/dicodusport\",\"https:\/\/www.instagram.com\/dicodusport\/\",\"https:\/\/www.youtube.com\/channel\/UC7V2KZ5sd3htJivAbA4ZG3w\"],\"description\":\"Dicodusport est l'encyclop\u00e9die de l'actualit\u00e9 sportive.\",\"email\":\"bonjour@dicodusport.fr\",\"legalName\":\"DICODUSPORT\",\"foundingDate\":\"2018-01-14\",\"vatID\":\"FR71834470973\",\"taxID\":\"83447097300043\",\"numberOfEmployees\":{\"@type\":\"QuantitativeValue\",\"minValue\":\"1\",\"maxValue\":\"10\"}},{\"@type\":\"Person\",\"@id\":\"https:\/\/dicodusport.fr\/blog\/#\/schema\/person\/819fb2545dd2715bd7c0580d6d4b411a\",\"name\":\"Roxane Lecacher\",\"image\":{\"@type\":\"ImageObject\",\"inLanguage\":\"fr-FR\",\"@id\":\"https:\/\/dicodusport.fr\/blog\/#\/schema\/person\/image\/\",\"url\":\"https:\/\/dicodusport.fr\/blog\/wp-content\/uploads\/2021\/05\/Roxane-Lecacher-150x150.jpg\",\"contentUrl\":\"https:\/\/dicodusport.fr\/blog\/wp-content\/uploads\/2021\/05\/Roxane-Lecacher-150x150.jpg\",\"caption\":\"Roxane Lecacher\"},\"description\":\"Journaliste\/r\u00e9dactrice depuis janvier 2021 - N\u00e9e quelques jours avant la premi\u00e8re \u00e9toile des Bleus, je baigne dans une famille tr\u00e8s sportive. Je n\u2019ai eu d\u2019autres choix que de me passionner pour le sujet. Pratiquante de l\u2019athl\u00e9tisme depuis toute petite, j\u2019ai aussi un attrait tout particulier pour la Formule 1, le biathlon et le foot. Pendant les grands \u00e9v\u00e9nements, il est impossible de d\u00e9crocher de ma t\u00e9l\u00e9. C\u2019est \u00e0 travers Dicodusport que j\u2019aime d\u00e9sormais vous transmettre mes \u00e9motions et ma passion.\",\"sameAs\":[\"https:\/\/www.facebook.com\/roxane.lecacher\",\"https:\/\/fr.linkedin.com\/in\/roxane-lecacher-23368313b\"],\"url\":\"https:\/\/dicodusport.fr\/blog\/author\/roxanel\/\"}]}<\/script>\n<!-- \/ Yoast SEO Premium plugin. -->","yoast_head_json":{"title":"MotoGP \u00c9milie-Romagne 2024 : Francesco Bagnaia s'impose en course sprint","description":"MOTOGP - GRAND PRIX D'\u00c9MILIE-ROMAGNE 2024\u00a0- L\u2019Italien Francesco Bagnaia s\u2019est empar\u00e9 de la victoire lors de la course sprint sur le circuit de Misano.","robots":{"index":"index","follow":"follow","max-snippet":"max-snippet:-1","max-image-preview":"max-image-preview:large","max-video-preview":"max-video-preview:-1"},"canonical":"https:\/\/dicodusport.fr\/blog\/motogp-emilie-romagne-2024-francesco-bagnaia-simpose-en-course-sprint\/","og_locale":"fr_FR","og_type":"article","og_title":"MotoGP \u00c9milie-Romagne 2024 : Francesco Bagnaia s'impose en course sprint","og_description":"MOTOGP - GRAND PRIX D'\u00c9MILIE-ROMAGNE 2024\u00a0- L\u2019Italien Francesco Bagnaia s\u2019est empar\u00e9 de la victoire lors de la course sprint sur le circuit de Misano.","og_url":"https:\/\/dicodusport.fr\/blog\/motogp-emilie-romagne-2024-francesco-bagnaia-simpose-en-course-sprint\/","og_site_name":"Dicodusport","article_publisher":"https:\/\/www.facebook.com\/dicodusport","article_author":"https:\/\/www.facebook.com\/roxane.lecacher","article_published_time":"2024-09-21T13:29:57+00:00","article_modified_time":"2024-09-21T13:38:58+00:00","og_image":[{"width":1200,"height":674,"url":"https:\/\/dicodusport.fr\/blog\/wp-content\/uploads\/2024\/09\/MotoGP-Emilie-Romagne-2024-Francesco-Bagnaia-simpose-en-course-sprint.png","type":"image\/png"}],"author":"Roxane Lecacher","twitter_card":"summary_large_image","twitter_title":"MotoGP \u00c9milie-Romagne 2024 : Francesco Bagnaia s'impose en course sprint","twitter_creator":"@dicodusport","twitter_site":"@dicodusport","schema":{"@context":"https:\/\/schema.org","@graph":[{"@type":"NewsArticle","@id":"https:\/\/dicodusport.fr\/blog\/motogp-emilie-romagne-2024-francesco-bagnaia-simpose-en-course-sprint\/#article","isPartOf":{"@id":"https:\/\/dicodusport.fr\/blog\/motogp-emilie-romagne-2024-francesco-bagnaia-simpose-en-course-sprint\/"},"author":{"name":"Roxane Lecacher","@id":"https:\/\/dicodusport.fr\/blog\/#\/schema\/person\/819fb2545dd2715bd7c0580d6d4b411a"},"headline":"MotoGP \u00c9milie-Romagne 2024 : Francesco Bagnaia s&rsquo;impose en course sprint","datePublished":"2024-09-21T13:29:57+00:00","dateModified":"2024-09-21T13:38:58+00:00","mainEntityOfPage":{"@id":"https:\/\/dicodusport.fr\/blog\/motogp-emilie-romagne-2024-francesco-bagnaia-simpose-en-course-sprint\/"},"wordCount":438,"commentCount":0,"publisher":{"@id":"https:\/\/dicodusport.fr\/blog\/#organization"},"image":{"@id":"https:\/\/dicodusport.fr\/blog\/motogp-emilie-romagne-2024-francesco-bagnaia-simpose-en-course-sprint\/#primaryimage"},"thumbnailUrl":"https:\/\/dicodusport.fr\/blog\/wp-content\/uploads\/2024\/09\/MotoGP-Emilie-Romagne-2024-Francesco-Bagnaia-simpose-en-course-sprint.png","keywords":["br\u00e8ve","Circuit de Misano","Grand Prix d'\u00c9milie-Romagne MotoGP","MotoGP","MotoGP Emilie-Romagne"],"articleSection":["MotoGP"],"inLanguage":"fr-FR","potentialAction":[{"@type":"CommentAction","name":"Comment","target":["https:\/\/dicodusport.fr\/blog\/motogp-emilie-romagne-2024-francesco-bagnaia-simpose-en-course-sprint\/#respond"]}],"copyrightYear":"2024","copyrightHolder":{"@id":"https:\/\/dicodusport.fr\/blog\/#organization"}},{"@type":"WebPage","@id":"https:\/\/dicodusport.fr\/blog\/motogp-emilie-romagne-2024-francesco-bagnaia-simpose-en-course-sprint\/","url":"https:\/\/dicodusport.fr\/blog\/motogp-emilie-romagne-2024-francesco-bagnaia-simpose-en-course-sprint\/","name":"MotoGP \u00c9milie-Romagne 2024 : Francesco Bagnaia s'impose en course sprint","isPartOf":{"@id":"https:\/\/dicodusport.fr\/blog\/#website"},"primaryImageOfPage":{"@id":"https:\/\/dicodusport.fr\/blog\/motogp-emilie-romagne-2024-francesco-bagnaia-simpose-en-course-sprint\/#primaryimage"},"image":{"@id":"https:\/\/dicodusport.fr\/blog\/motogp-emilie-romagne-2024-francesco-bagnaia-simpose-en-course-sprint\/#primaryimage"},"thumbnailUrl":"https:\/\/dicodusport.fr\/blog\/wp-content\/uploads\/2024\/09\/MotoGP-Emilie-Romagne-2024-Francesco-Bagnaia-simpose-en-course-sprint.png","datePublished":"2024-09-21T13:29:57+00:00","dateModified":"2024-09-21T13:38:58+00:00","description":"MOTOGP - GRAND PRIX D'\u00c9MILIE-ROMAGNE 2024\u00a0- L\u2019Italien Francesco Bagnaia s\u2019est empar\u00e9 de la victoire lors de la course sprint sur le circuit de Misano.","breadcrumb":{"@id":"https:\/\/dicodusport.fr\/blog\/motogp-emilie-romagne-2024-francesco-bagnaia-simpose-en-course-sprint\/#breadcrumb"},"inLanguage":"fr-FR","potentialAction":[{"@type":"ReadAction","target":["https:\/\/dicodusport.fr\/blog\/motogp-emilie-romagne-2024-francesco-bagnaia-simpose-en-course-sprint\/"]}]},{"@type":"ImageObject","inLanguage":"fr-FR","@id":"https:\/\/dicodusport.fr\/blog\/motogp-emilie-romagne-2024-francesco-bagnaia-simpose-en-course-sprint\/#primaryimage","url":"https:\/\/dicodusport.fr\/blog\/wp-content\/uploads\/2024\/09\/MotoGP-Emilie-Romagne-2024-Francesco-Bagnaia-simpose-en-course-sprint.png","contentUrl":"https:\/\/dicodusport.fr\/blog\/wp-content\/uploads\/2024\/09\/MotoGP-Emilie-Romagne-2024-Francesco-Bagnaia-simpose-en-course-sprint.png","width":1200,"height":674,"caption":"MotoGP \u00c9milie-Romagne 2024 Francesco Bagnaia s'impose en course sprint"},{"@type":"BreadcrumbList","@id":"https:\/\/dicodusport.fr\/blog\/motogp-emilie-romagne-2024-francesco-bagnaia-simpose-en-course-sprint\/#breadcrumb","itemListElement":[{"@type":"ListItem","position":1,"name":"Accueil","item":"https:\/\/dicodusport.fr\/blog\/"},{"@type":"ListItem","position":2,"name":"MotoGP \u00c9milie-Romagne 2024 : Francesco Bagnaia s&#8217;impose en course sprint"}]},{"@type":"WebSite","@id":"https:\/\/dicodusport.fr\/blog\/#website","url":"https:\/\/dicodusport.fr\/blog\/","name":"Dicodusport","description":"L&#039;encyclop\u00e9die de l&#039;actualit\u00e9 sportive","publisher":{"@id":"https:\/\/dicodusport.fr\/blog\/#organization"},"potentialAction":[{"@type":"SearchAction","target":{"@type":"EntryPoint","urlTemplate":"https:\/\/dicodusport.fr\/blog\/?s={search_term_string}"},"query-input":{"@type":"PropertyValueSpecification","valueRequired":true,"valueName":"search_term_string"}}],"inLanguage":"fr-FR"},{"@type":"NewsMediaOrganization","@id":"https:\/\/dicodusport.fr\/blog\/#organization","name":"Dicodusport","url":"https:\/\/dicodusport.fr\/blog\/","logo":{"@type":"ImageObject","inLanguage":"fr-FR","@id":"https:\/\/dicodusport.fr\/blog\/#\/schema\/logo\/image\/","url":"https:\/\/dicodusport.fr\/blog\/wp-content\/uploads\/2020\/06\/cropped-LOGO-DICODUSPORT-2020-SANS-FOND-SANS-TEXTE.png","contentUrl":"https:\/\/dicodusport.fr\/blog\/wp-content\/uploads\/2020\/06\/cropped-LOGO-DICODUSPORT-2020-SANS-FOND-SANS-TEXTE.png","width":512,"height":512,"caption":"Dicodusport"},"image":{"@id":"https:\/\/dicodusport.fr\/blog\/#\/schema\/logo\/image\/"},"sameAs":["https:\/\/www.facebook.com\/dicodusport","https:\/\/x.com\/dicodusport","https:\/\/www.instagram.com\/dicodusport\/","https:\/\/www.youtube.com\/channel\/UC7V2KZ5sd3htJivAbA4ZG3w"],"description":"Dicodusport est l'encyclop\u00e9die de l'actualit\u00e9 sportive.","email":"bonjour@dicodusport.fr","legalName":"DICODUSPORT","foundingDate":"2018-01-14","vatID":"FR71834470973","taxID":"83447097300043","numberOfEmployees":{"@type":"QuantitativeValue","minValue":"1","maxValue":"10"}},{"@type":"Person","@id":"https:\/\/dicodusport.fr\/blog\/#\/schema\/person\/819fb2545dd2715bd7c0580d6d4b411a","name":"Roxane Lecacher","image":{"@type":"ImageObject","inLanguage":"fr-FR","@id":"https:\/\/dicodusport.fr\/blog\/#\/schema\/person\/image\/","url":"https:\/\/dicodusport.fr\/blog\/wp-content\/uploads\/2021\/05\/Roxane-Lecacher-150x150.jpg","contentUrl":"https:\/\/dicodusport.fr\/blog\/wp-content\/uploads\/2021\/05\/Roxane-Lecacher-150x150.jpg","caption":"Roxane Lecacher"},"description":"Journaliste\/r\u00e9dactrice depuis janvier 2021 - N\u00e9e quelques jours avant la premi\u00e8re \u00e9toile des Bleus, je baigne dans une famille tr\u00e8s sportive. Je n\u2019ai eu d\u2019autres choix que de me passionner pour le sujet. Pratiquante de l\u2019athl\u00e9tisme depuis toute petite, j\u2019ai aussi un attrait tout particulier pour la Formule 1, le biathlon et le foot. Pendant les grands \u00e9v\u00e9nements, il est impossible de d\u00e9crocher de ma t\u00e9l\u00e9. C\u2019est \u00e0 travers Dicodusport que j\u2019aime d\u00e9sormais vous transmettre mes \u00e9motions et ma passion.","sameAs":["https:\/\/www.facebook.com\/roxane.lecacher","https:\/\/fr.linkedin.com\/in\/roxane-lecacher-23368313b"],"url":"https:\/\/dicodusport.fr\/blog\/author\/roxanel\/"}]}},"_links":{"self":[{"href":"https:\/\/dicodusport.fr\/blog\/wp-json\/wp\/v2\/posts\/521736","targetHints":{"allow":["GET"]}}],"collection":[{"href":"https:\/\/dicodusport.fr\/blog\/wp-json\/wp\/v2\/posts"}],"about":[{"href":"https:\/\/dicodusport.fr\/blog\/wp-json\/wp\/v2\/types\/post"}],"author":[{"embeddable":true,"href":"https:\/\/dicodusport.fr\/blog\/wp-json\/wp\/v2\/users\/54"}],"replies":[{"embeddable":true,"href":"https:\/\/dicodusport.fr\/blog\/wp-json\/wp\/v2\/comments?post=521736"}],"version-history":[{"count":3,"href":"https:\/\/dicodusport.fr\/blog\/wp-json\/wp\/v2\/posts\/521736\/revisions"}],"predecessor-version":[{"id":521747,"href":"https:\/\/dicodusport.fr\/blog\/wp-json\/wp\/v2\/posts\/521736\/revisions\/521747"}],"wp:featuredmedia":[{"embeddable":true,"href":"https:\/\/dicodusport.fr\/blog\/wp-json\/wp\/v2\/media\/521741"}],"wp:attachment":[{"href":"https:\/\/dicodusport.fr\/blog\/wp-json\/wp\/v2\/media?parent=521736"}],"wp:term":[{"taxonomy":"category","embeddable":true,"href":"https:\/\/dicodusport.fr\/blog\/wp-json\/wp\/v2\/categories?post=521736"},{"taxonomy":"post_tag","embeddable":true,"href":"https:\/\/dicodusport.fr\/blog\/wp-json\/wp\/v2\/tags?post=521736"}],"curies":[{"name":"wp","href":"https:\/\/api.w.org\/{rel}","templated":true}]}}