{"id":521985,"date":"2024-09-22T15:17:41","date_gmt":"2024-09-22T13:17:41","guid":{"rendered":"https:\/\/dicodusport.fr\/blog\/?p=521985&#038;preview=true&#038;preview_id=521985"},"modified":"2024-09-22T18:40:59","modified_gmt":"2024-09-22T16:40:59","slug":"tour-de-luxembourg-2024-david-gaudu-rafle-la-derniere-etape-antonio-tiberi-remporte-le-general","status":"publish","type":"post","link":"https:\/\/dicodusport.fr\/blog\/tour-de-luxembourg-2024-david-gaudu-rafle-la-derniere-etape-antonio-tiberi-remporte-le-general\/","title":{"rendered":"Tour de Luxembourg 2024 : David Gaudu rafle la derni\u00e8re \u00e9tape, Antonio Tiberi remporte le g\u00e9n\u00e9ral"},"content":{"rendered":"<h4 style=\"text-align: justify;\"><em>SKODA TOUR DE LUXEMBOURG 2024 \u2013 Parti peu avant le dernier kilom\u00e8tre, David Gaudu (Groupama-FDJ) remporte la derni\u00e8re \u00e9tape. Son deuxi\u00e8me succ\u00e8s en 2024. Antonio Tiberi (Bahrain-Victorious), pr\u00e9sent dans le groupe qui s&rsquo;est jou\u00e9 la gagne, remporte le classement g\u00e9n\u00e9ral, en pi\u00e9geant Mathieu van der Poel.<\/em><\/h4>\n<ul>\n<li style=\"text-align: justify;\"><strong>\u00c0 ce sujet \u2013 <a href=\"https:\/\/dicodusport.fr\/blog\/tour-de-luxembourg-2024-classement-5eme-etape\/\">Tour de Luxembourg 2024 : Classement de la 5\u00e8me \u00e9tape<\/a><\/strong><\/li>\n<li style=\"text-align: justify;\"><strong>\u00c0 ce sujet \u2013 <a href=\"https:\/\/dicodusport.fr\/blog\/tour-de-luxembourg-2024-classement-general\/\">Tour de Luxembourg 2024 : Classement g\u00e9n\u00e9ral<\/a><\/strong><\/li>\n<\/ul>\n<p style=\"text-align: justify;\">Dans cette \u00e9tape compliqu\u00e9e pour cl\u00f4turer ce <strong>Tour de Luxembourg 2024<\/strong>, trois hommes se sont projet\u00e9s \u00e0 l&rsquo;avant. Leur point commun ? Ce sont trois jeunes tr\u00e8s prometteurs. Tous trois ont 22 ans et repr\u00e9sentent de grandes promesses. Que ce soit<strong>\u00a0Archie Ryan<\/strong> (EF Education-Easy Post),<strong> Lorenzo Milesi<\/strong> (Movistar) ou le grimpeur norv\u00e9gien <strong>Johannes Staune-Mittet<\/strong> (Visma-Lease a bike). <strong>Archie Ryan<\/strong> a m\u00eame connu les joies de la victoire, au mois de mars. Cette \u00e9chapp\u00e9e a \u00e9t\u00e9 prise au s\u00e9rieux, d&rsquo;autant que Staune-Mittet n&rsquo;est plac\u00e9 qu&rsquo;\u00e0 1:59 de <strong>Mathieu van der Poel<\/strong>, qui a r\u00e9sist\u00e9 la veille sur le contre-la-montre. Et qui a provoqu\u00e9 la s\u00e9lection, en d\u00e9but de course, se projetant \u00e0 l&rsquo;avant avec 18 coureurs, avant que le calme ne revienne sur la course.<\/p>\n<p style=\"text-align: justify;\">Et si l&rsquo;\u00e9cart n&rsquo;a pas d\u00e9pass\u00e9 les 3:30, avec le trio, le jeune coureur de la Visma-Lease a bike s&rsquo;est retrouv\u00e9 pendant une cinquantaine de kilom\u00e8tres leader virtuel de la course. Avant que le peloton, emmen\u00e9 par <strong>Julien Bernard<\/strong> (Lidl-Trek), n&rsquo;acc\u00e9l\u00e8re et r\u00e9duise l&rsquo;\u00e9cart. Deux minutes \u00e0 50 kilom\u00e8tres de l&rsquo;arriv\u00e9e et 1:20 \u00e0 42 kilom\u00e8tres de l&rsquo;arriv\u00e9e. Le Fran\u00e7ais, s\u00e9lectionn\u00e9 pour la course en ligne des championnats, s&rsquo;est offert un bon d\u00e9blocage en vue de Zurich.<\/p>\n<h2>La UAE d\u00e9clenche les hostilit\u00e9s<\/h2>\n<p style=\"text-align: justify;\">\u00c0 25 kilom\u00e8tres de l&rsquo;arriv\u00e9e, dans l&rsquo;amorce du premier passage de la ligne d&rsquo;arriv\u00e9e, la formation UAE Team Emirates secoue le peloton. Et <strong>Marc Hirschi<\/strong> d\u00e9clenche la premi\u00e8re attaque pour provoquer une s\u00e9lection. Alors qu&rsquo;\u00e0 l&rsquo;avant, <strong>Lorenzo Milesi<\/strong> a craqu\u00e9. C&rsquo;est le d\u00e9but du grand bazar chez les favoris. Et c&rsquo;est un peloton \u00e9tir\u00e9 et amaigri qui a pass\u00e9 pour la premi\u00e8re fois la ligne d&rsquo;arriv\u00e9e. Les attaques fusent. <strong>Wilco Kelderman<\/strong> (Visma-Lease a bike), <strong>Mauri Vansevenant<\/strong> (Soudal-Quick Step), <strong>Valentin Madouas<\/strong> (Groupama-FDJ) ont tent\u00e9 de provoquer une course de mouvement.<\/p>\n<p style=\"text-align: justify;\">Et c&rsquo;est le premier cit\u00e9 qui provoque un coup, avec <strong>Alex Kirsch<\/strong> (Lidl-Trek) et <strong>Bob Jungels<\/strong> (Red Bull-Bora Hansgrohe), deux luxembourgeois qui \u00e9voluent \u00e0 domicile. Rejoints ensuite par <strong>Alexis Vuillermoz<\/strong>, qui court l\u00e0 la derni\u00e8re \u00e9tape de la derni\u00e8re course de sa jolie carri\u00e8re. Le vainqueur de Mur-de-Bretagne sur le Tour 2015 a r\u00e9ussi \u00e0 boucher un trou, avec <strong>Pelayo Sanchez<\/strong> (Movistar). Mais les cinq hommes sont rapidement repris par le peloton. Et le duo de t\u00eate sera aval\u00e9 dans la mont\u00e9e qui pr\u00e9c\u00e8de la ligne d&rsquo;arriv\u00e9e. Et <strong>Marc Hirschi<\/strong> tente de nouveau sa chance. Une nouvelle fois, Mathieu van der Poel est imp\u00e9rial. <strong>Wilco Kelderman<\/strong> empoche 3 secondes de bonifications, devant <strong>Mauri Vansevenant<\/strong> et <strong>Mathieu van der Poel<\/strong>, qui n&rsquo;a plus que deux secondes d&rsquo;avance sur le Belge.<\/p>\n<h2>Et se fait pi\u00e9ger<\/h2>\n<p style=\"text-align: justify;\">Mais la course rebondit encore une fois \u00e0 neuf kilom\u00e8tres de l&rsquo;arriv\u00e9e. <strong>Antonio Tiberi, Bastien Tronchon, David Gaudu, Quinn Simmons<\/strong> et<strong> Wilco Kelderman<\/strong> prennent la poudre d&rsquo;escampette. <strong>Jordan Jegat<\/strong> revient sur eux, alors que le N\u00e9erlandais flanche, comme <strong>Bastien Tronchon<\/strong>. Mathieu van der Poel est pi\u00e9g\u00e9 dans le peloton et est alors menac\u00e9 par <strong>Antonio Tiberi<\/strong> \u00e0 11 secondes au g\u00e9n\u00e9ral \u00e0 ce moment-l\u00e0 de la course. Qui roule \u00e0 bloc pour tenter de renverser le classement g\u00e9n\u00e9ral. La formation UAE Team Emirates, qui a roul\u00e9 fort, est \u00e9galement pi\u00e9g\u00e9e. A 3 kilom\u00e8tres de l&rsquo;arriv\u00e9e, le peloton est \u00e0 39 secondes. La gagne est devant !<\/p>\n<p style=\"text-align: justify;\">Et elle est pour <strong>David Gaudu<\/strong>, qui place une attaque au sommet. Le Fran\u00e7ais s&rsquo;envole seul et ne sera pas revu. Il s&rsquo;impose devant <strong>Quinn Simmons et Jordan Jegat<\/strong>, alors qu&rsquo;<strong>Antonio Tiberi<\/strong> prend lui le classement g\u00e9n\u00e9ral.<\/p>\n<blockquote class=\"twitter-tweet\">\n<p dir=\"ltr\" lang=\"fr\">David Gaudu \ud83c\uddeb\ud83c\uddf7 remporte la derni\u00e8re \u00e9tape du Tour du Luxembourg ! Antonio Tiberi renverse Mathieu Van der Poel et s&rsquo;impose au g\u00e9n\u00e9ral <a href=\"https:\/\/twitter.com\/hashtag\/LesRP?src=hash&amp;ref_src=twsrc%5Etfw\">#LesRP<\/a> <a href=\"https:\/\/t.co\/tEQhhnUSKy\">pic.twitter.com\/tEQhhnUSKy<\/a><\/p>\n<p>\u2014 Eurosport France (@Eurosport_FR) <a href=\"https:\/\/twitter.com\/Eurosport_FR\/status\/1837863938005836203?ref_src=twsrc%5Etfw\">September 22, 2024<\/a><\/p><\/blockquote>\n<p><script async src=\"https:\/\/platform.twitter.com\/widgets.js\" charset=\"utf-8\"><\/script><\/p>\n<blockquote class=\"twitter-tweet\">\n<p dir=\"ltr\" lang=\"fr\">\n<\/blockquote>\n","protected":false},"excerpt":{"rendered":"<p>SKODA TOUR DE LUXEMBOURG 2024 \u2013 Parti peu avant le dernier kilom\u00e8tre, David Gaudu (Groupama-FDJ) remporte la derni\u00e8re \u00e9tape. Son deuxi\u00e8me succ\u00e8s en 2024. Antonio Tiberi (Bahrain-Victorious), pr\u00e9sent dans le groupe qui s&rsquo;est jou\u00e9 la gagne, remporte le classement g\u00e9n\u00e9ral, en pi\u00e9geant Mathieu van der Poel.<\/p>\n","protected":false},"author":83,"featured_media":522183,"comment_status":"open","ping_status":"closed","sticky":false,"template":"","format":"standard","meta":{"_acf_changed":false,"_daextam_enable_autolinks":"1","footnotes":""},"categories":[46994],"tags":[32415,16878,3113,6597],"class_list":["post-521985","post","type-post","status-publish","format-standard","has-post-thumbnail","hentry","category-cyclisme-sur-route","tag-actu","tag-breve","tag-david-gaudu","tag-mathieu-van-der-poel"],"acf":[],"yoast_head":"<!-- This site is optimized with the Yoast SEO Premium plugin v26.7 (Yoast SEO v26.7) - https:\/\/yoast.com\/wordpress\/plugins\/seo\/ -->\n<title>Tour de Luxembourg 2024 : David Gaudu rafle la derni\u00e8re \u00e9tape, Antonio Tiberi remporte le g\u00e9n\u00e9ral<\/title>\n<meta name=\"description\" content=\"SKODA TOUR DE LUXEMBOURG 2024 \u2013 Parti peu avant le dernier kilom\u00e8tre, David Gaudu (Groupama-FDJ) remporte la derni\u00e8re \u00e9tape.\" \/>\n<meta name=\"robots\" content=\"index, follow, max-snippet:-1, max-image-preview:large, max-video-preview:-1\" \/>\n<link rel=\"canonical\" href=\"https:\/\/dicodusport.fr\/blog\/tour-de-luxembourg-2024-david-gaudu-rafle-la-derniere-etape-antonio-tiberi-remporte-le-general\/\" \/>\n<meta property=\"og:locale\" content=\"fr_FR\" \/>\n<meta property=\"og:type\" content=\"article\" \/>\n<meta property=\"og:title\" content=\"Tour de Luxembourg 2024 : David Gaudu rafle la derni\u00e8re \u00e9tape, Antonio Tiberi remporte le g\u00e9n\u00e9ral\" \/>\n<meta property=\"og:description\" content=\"SKODA TOUR DE LUXEMBOURG 2024 \u2013 Parti peu avant le dernier kilom\u00e8tre, David Gaudu (Groupama-FDJ) remporte la derni\u00e8re \u00e9tape.\" \/>\n<meta property=\"og:url\" content=\"https:\/\/dicodusport.fr\/blog\/tour-de-luxembourg-2024-david-gaudu-rafle-la-derniere-etape-antonio-tiberi-remporte-le-general\/\" \/>\n<meta property=\"og:site_name\" content=\"Dicodusport\" \/>\n<meta property=\"article:publisher\" content=\"https:\/\/www.facebook.com\/dicodusport\" \/>\n<meta property=\"article:published_time\" content=\"2024-09-22T13:17:41+00:00\" \/>\n<meta property=\"article:modified_time\" content=\"2024-09-22T16:40:59+00:00\" \/>\n<meta property=\"og:image\" content=\"https:\/\/dicodusport.fr\/blog\/wp-content\/uploads\/2024\/09\/Tour-de-Luxembourg-2024-David-Gaudu-rafle-la-derniere-etape-Antonio-Tiberi-remporte-le-general-1.png\" \/>\n\t<meta property=\"og:image:width\" content=\"1200\" \/>\n\t<meta property=\"og:image:height\" content=\"674\" \/>\n\t<meta property=\"og:image:type\" content=\"image\/png\" \/>\n<meta name=\"author\" content=\"Etienne Goursaud\" \/>\n<meta name=\"twitter:card\" content=\"summary_large_image\" \/>\n<meta name=\"twitter:title\" content=\"Tour de Luxembourg 2024 : David Gaudu rafle la derni\u00e8re \u00e9tape, Antonio Tiberi remporte le g\u00e9n\u00e9ral\" \/>\n<meta name=\"twitter:creator\" content=\"@dicodusport\" \/>\n<meta name=\"twitter:site\" content=\"@dicodusport\" \/>\n<script type=\"application\/ld+json\" class=\"yoast-schema-graph\">{\"@context\":\"https:\/\/schema.org\",\"@graph\":[{\"@type\":\"NewsArticle\",\"@id\":\"https:\/\/dicodusport.fr\/blog\/tour-de-luxembourg-2024-david-gaudu-rafle-la-derniere-etape-antonio-tiberi-remporte-le-general\/#article\",\"isPartOf\":{\"@id\":\"https:\/\/dicodusport.fr\/blog\/tour-de-luxembourg-2024-david-gaudu-rafle-la-derniere-etape-antonio-tiberi-remporte-le-general\/\"},\"author\":{\"name\":\"Etienne Goursaud\",\"@id\":\"https:\/\/dicodusport.fr\/blog\/#\/schema\/person\/d603dd7da31fb2b46c82b9835a77ec13\"},\"headline\":\"Tour de Luxembourg 2024 : David Gaudu rafle la derni\u00e8re \u00e9tape, Antonio Tiberi remporte le g\u00e9n\u00e9ral\",\"datePublished\":\"2024-09-22T13:17:41+00:00\",\"dateModified\":\"2024-09-22T16:40:59+00:00\",\"mainEntityOfPage\":{\"@id\":\"https:\/\/dicodusport.fr\/blog\/tour-de-luxembourg-2024-david-gaudu-rafle-la-derniere-etape-antonio-tiberi-remporte-le-general\/\"},\"wordCount\":757,\"commentCount\":0,\"publisher\":{\"@id\":\"https:\/\/dicodusport.fr\/blog\/#organization\"},\"image\":{\"@id\":\"https:\/\/dicodusport.fr\/blog\/tour-de-luxembourg-2024-david-gaudu-rafle-la-derniere-etape-antonio-tiberi-remporte-le-general\/#primaryimage\"},\"thumbnailUrl\":\"https:\/\/dicodusport.fr\/blog\/wp-content\/uploads\/2024\/09\/Tour-de-Luxembourg-2024-David-Gaudu-rafle-la-derniere-etape-Antonio-Tiberi-remporte-le-general-1.png\",\"keywords\":[\"actu\",\"br\u00e8ve\",\"David Gaudu\",\"Mathieu van der Poel\"],\"articleSection\":[\"Cyclisme sur route\"],\"inLanguage\":\"fr-FR\",\"potentialAction\":[{\"@type\":\"CommentAction\",\"name\":\"Comment\",\"target\":[\"https:\/\/dicodusport.fr\/blog\/tour-de-luxembourg-2024-david-gaudu-rafle-la-derniere-etape-antonio-tiberi-remporte-le-general\/#respond\"]}],\"copyrightYear\":\"2024\",\"copyrightHolder\":{\"@id\":\"https:\/\/dicodusport.fr\/blog\/#organization\"}},{\"@type\":\"WebPage\",\"@id\":\"https:\/\/dicodusport.fr\/blog\/tour-de-luxembourg-2024-david-gaudu-rafle-la-derniere-etape-antonio-tiberi-remporte-le-general\/\",\"url\":\"https:\/\/dicodusport.fr\/blog\/tour-de-luxembourg-2024-david-gaudu-rafle-la-derniere-etape-antonio-tiberi-remporte-le-general\/\",\"name\":\"Tour de Luxembourg 2024 : David Gaudu rafle la derni\u00e8re \u00e9tape, Antonio Tiberi remporte le g\u00e9n\u00e9ral\",\"isPartOf\":{\"@id\":\"https:\/\/dicodusport.fr\/blog\/#website\"},\"primaryImageOfPage\":{\"@id\":\"https:\/\/dicodusport.fr\/blog\/tour-de-luxembourg-2024-david-gaudu-rafle-la-derniere-etape-antonio-tiberi-remporte-le-general\/#primaryimage\"},\"image\":{\"@id\":\"https:\/\/dicodusport.fr\/blog\/tour-de-luxembourg-2024-david-gaudu-rafle-la-derniere-etape-antonio-tiberi-remporte-le-general\/#primaryimage\"},\"thumbnailUrl\":\"https:\/\/dicodusport.fr\/blog\/wp-content\/uploads\/2024\/09\/Tour-de-Luxembourg-2024-David-Gaudu-rafle-la-derniere-etape-Antonio-Tiberi-remporte-le-general-1.png\",\"datePublished\":\"2024-09-22T13:17:41+00:00\",\"dateModified\":\"2024-09-22T16:40:59+00:00\",\"description\":\"SKODA TOUR DE LUXEMBOURG 2024 \u2013 Parti peu avant le dernier kilom\u00e8tre, David Gaudu (Groupama-FDJ) remporte la derni\u00e8re \u00e9tape.\",\"breadcrumb\":{\"@id\":\"https:\/\/dicodusport.fr\/blog\/tour-de-luxembourg-2024-david-gaudu-rafle-la-derniere-etape-antonio-tiberi-remporte-le-general\/#breadcrumb\"},\"inLanguage\":\"fr-FR\",\"potentialAction\":[{\"@type\":\"ReadAction\",\"target\":[\"https:\/\/dicodusport.fr\/blog\/tour-de-luxembourg-2024-david-gaudu-rafle-la-derniere-etape-antonio-tiberi-remporte-le-general\/\"]}]},{\"@type\":\"ImageObject\",\"inLanguage\":\"fr-FR\",\"@id\":\"https:\/\/dicodusport.fr\/blog\/tour-de-luxembourg-2024-david-gaudu-rafle-la-derniere-etape-antonio-tiberi-remporte-le-general\/#primaryimage\",\"url\":\"https:\/\/dicodusport.fr\/blog\/wp-content\/uploads\/2024\/09\/Tour-de-Luxembourg-2024-David-Gaudu-rafle-la-derniere-etape-Antonio-Tiberi-remporte-le-general-1.png\",\"contentUrl\":\"https:\/\/dicodusport.fr\/blog\/wp-content\/uploads\/2024\/09\/Tour-de-Luxembourg-2024-David-Gaudu-rafle-la-derniere-etape-Antonio-Tiberi-remporte-le-general-1.png\",\"width\":1200,\"height\":674,\"caption\":\"Tour de Luxembourg 2024 David Gaudu rafle la derni\u00e8re \u00e9tape, Antonio Tiberi remporte le g\u00e9n\u00e9ral\"},{\"@type\":\"BreadcrumbList\",\"@id\":\"https:\/\/dicodusport.fr\/blog\/tour-de-luxembourg-2024-david-gaudu-rafle-la-derniere-etape-antonio-tiberi-remporte-le-general\/#breadcrumb\",\"itemListElement\":[{\"@type\":\"ListItem\",\"position\":1,\"name\":\"Accueil\",\"item\":\"https:\/\/dicodusport.fr\/blog\/\"},{\"@type\":\"ListItem\",\"position\":2,\"name\":\"Tour de Luxembourg 2024 : David Gaudu rafle la derni\u00e8re \u00e9tape, Antonio Tiberi remporte le g\u00e9n\u00e9ral\"}]},{\"@type\":\"WebSite\",\"@id\":\"https:\/\/dicodusport.fr\/blog\/#website\",\"url\":\"https:\/\/dicodusport.fr\/blog\/\",\"name\":\"Dicodusport\",\"description\":\"L&#039;encyclop\u00e9die de l&#039;actualit\u00e9 sportive\",\"publisher\":{\"@id\":\"https:\/\/dicodusport.fr\/blog\/#organization\"},\"potentialAction\":[{\"@type\":\"SearchAction\",\"target\":{\"@type\":\"EntryPoint\",\"urlTemplate\":\"https:\/\/dicodusport.fr\/blog\/?s={search_term_string}\"},\"query-input\":{\"@type\":\"PropertyValueSpecification\",\"valueRequired\":true,\"valueName\":\"search_term_string\"}}],\"inLanguage\":\"fr-FR\"},{\"@type\":\"NewsMediaOrganization\",\"@id\":\"https:\/\/dicodusport.fr\/blog\/#organization\",\"name\":\"Dicodusport\",\"url\":\"https:\/\/dicodusport.fr\/blog\/\",\"logo\":{\"@type\":\"ImageObject\",\"inLanguage\":\"fr-FR\",\"@id\":\"https:\/\/dicodusport.fr\/blog\/#\/schema\/logo\/image\/\",\"url\":\"https:\/\/dicodusport.fr\/blog\/wp-content\/uploads\/2020\/06\/cropped-LOGO-DICODUSPORT-2020-SANS-FOND-SANS-TEXTE.png\",\"contentUrl\":\"https:\/\/dicodusport.fr\/blog\/wp-content\/uploads\/2020\/06\/cropped-LOGO-DICODUSPORT-2020-SANS-FOND-SANS-TEXTE.png\",\"width\":512,\"height\":512,\"caption\":\"Dicodusport\"},\"image\":{\"@id\":\"https:\/\/dicodusport.fr\/blog\/#\/schema\/logo\/image\/\"},\"sameAs\":[\"https:\/\/www.facebook.com\/dicodusport\",\"https:\/\/x.com\/dicodusport\",\"https:\/\/www.instagram.com\/dicodusport\/\",\"https:\/\/www.youtube.com\/channel\/UC7V2KZ5sd3htJivAbA4ZG3w\"],\"description\":\"Dicodusport est l'encyclop\u00e9die de l'actualit\u00e9 sportive.\",\"email\":\"bonjour@dicodusport.fr\",\"legalName\":\"DICODUSPORT\",\"foundingDate\":\"2018-01-14\",\"vatID\":\"FR71834470973\",\"taxID\":\"83447097300043\",\"numberOfEmployees\":{\"@type\":\"QuantitativeValue\",\"minValue\":\"1\",\"maxValue\":\"10\"}},{\"@type\":\"Person\",\"@id\":\"https:\/\/dicodusport.fr\/blog\/#\/schema\/person\/d603dd7da31fb2b46c82b9835a77ec13\",\"name\":\"Etienne Goursaud\",\"image\":{\"@type\":\"ImageObject\",\"inLanguage\":\"fr-FR\",\"@id\":\"https:\/\/dicodusport.fr\/blog\/#\/schema\/person\/image\/\",\"url\":\"https:\/\/dicodusport.fr\/blog\/wp-content\/uploads\/2023\/12\/410122264_10231602061736049_5565839791558026645_n-150x150.jpg\",\"contentUrl\":\"https:\/\/dicodusport.fr\/blog\/wp-content\/uploads\/2023\/12\/410122264_10231602061736049_5565839791558026645_n-150x150.jpg\",\"caption\":\"Etienne Goursaud\"},\"description\":\"Journaliste et amoureux de sport. Ancien footballeur reconverti athl\u00e8te quand ses muscles le laissent tranquille. \u00c9lev\u00e9 \u00e0 la sauce des exploits de Thomas Voeckler en 2004, du dernier essai de l\u00e9gende de Eunice Barber \u00e0 la longueur lors des championnats du monde d'athl\u00e9tisme de 2003 mais aussi Zidane, Omeyer et Titou Lamaison.\",\"url\":\"https:\/\/dicodusport.fr\/blog\/author\/etienne-goursaud\/\"}]}<\/script>\n<!-- \/ Yoast SEO Premium plugin. -->","yoast_head_json":{"title":"Tour de Luxembourg 2024 : David Gaudu rafle la derni\u00e8re \u00e9tape, Antonio Tiberi remporte le g\u00e9n\u00e9ral","description":"SKODA TOUR DE LUXEMBOURG 2024 \u2013 Parti peu avant le dernier kilom\u00e8tre, David Gaudu (Groupama-FDJ) remporte la derni\u00e8re \u00e9tape.","robots":{"index":"index","follow":"follow","max-snippet":"max-snippet:-1","max-image-preview":"max-image-preview:large","max-video-preview":"max-video-preview:-1"},"canonical":"https:\/\/dicodusport.fr\/blog\/tour-de-luxembourg-2024-david-gaudu-rafle-la-derniere-etape-antonio-tiberi-remporte-le-general\/","og_locale":"fr_FR","og_type":"article","og_title":"Tour de Luxembourg 2024 : David Gaudu rafle la derni\u00e8re \u00e9tape, Antonio Tiberi remporte le g\u00e9n\u00e9ral","og_description":"SKODA TOUR DE LUXEMBOURG 2024 \u2013 Parti peu avant le dernier kilom\u00e8tre, David Gaudu (Groupama-FDJ) remporte la derni\u00e8re \u00e9tape.","og_url":"https:\/\/dicodusport.fr\/blog\/tour-de-luxembourg-2024-david-gaudu-rafle-la-derniere-etape-antonio-tiberi-remporte-le-general\/","og_site_name":"Dicodusport","article_publisher":"https:\/\/www.facebook.com\/dicodusport","article_published_time":"2024-09-22T13:17:41+00:00","article_modified_time":"2024-09-22T16:40:59+00:00","og_image":[{"width":1200,"height":674,"url":"https:\/\/dicodusport.fr\/blog\/wp-content\/uploads\/2024\/09\/Tour-de-Luxembourg-2024-David-Gaudu-rafle-la-derniere-etape-Antonio-Tiberi-remporte-le-general-1.png","type":"image\/png"}],"author":"Etienne Goursaud","twitter_card":"summary_large_image","twitter_title":"Tour de Luxembourg 2024 : David Gaudu rafle la derni\u00e8re \u00e9tape, Antonio Tiberi remporte le g\u00e9n\u00e9ral","twitter_creator":"@dicodusport","twitter_site":"@dicodusport","schema":{"@context":"https:\/\/schema.org","@graph":[{"@type":"NewsArticle","@id":"https:\/\/dicodusport.fr\/blog\/tour-de-luxembourg-2024-david-gaudu-rafle-la-derniere-etape-antonio-tiberi-remporte-le-general\/#article","isPartOf":{"@id":"https:\/\/dicodusport.fr\/blog\/tour-de-luxembourg-2024-david-gaudu-rafle-la-derniere-etape-antonio-tiberi-remporte-le-general\/"},"author":{"name":"Etienne Goursaud","@id":"https:\/\/dicodusport.fr\/blog\/#\/schema\/person\/d603dd7da31fb2b46c82b9835a77ec13"},"headline":"Tour de Luxembourg 2024 : David Gaudu rafle la derni\u00e8re \u00e9tape, Antonio Tiberi remporte le g\u00e9n\u00e9ral","datePublished":"2024-09-22T13:17:41+00:00","dateModified":"2024-09-22T16:40:59+00:00","mainEntityOfPage":{"@id":"https:\/\/dicodusport.fr\/blog\/tour-de-luxembourg-2024-david-gaudu-rafle-la-derniere-etape-antonio-tiberi-remporte-le-general\/"},"wordCount":757,"commentCount":0,"publisher":{"@id":"https:\/\/dicodusport.fr\/blog\/#organization"},"image":{"@id":"https:\/\/dicodusport.fr\/blog\/tour-de-luxembourg-2024-david-gaudu-rafle-la-derniere-etape-antonio-tiberi-remporte-le-general\/#primaryimage"},"thumbnailUrl":"https:\/\/dicodusport.fr\/blog\/wp-content\/uploads\/2024\/09\/Tour-de-Luxembourg-2024-David-Gaudu-rafle-la-derniere-etape-Antonio-Tiberi-remporte-le-general-1.png","keywords":["actu","br\u00e8ve","David Gaudu","Mathieu van der Poel"],"articleSection":["Cyclisme sur route"],"inLanguage":"fr-FR","potentialAction":[{"@type":"CommentAction","name":"Comment","target":["https:\/\/dicodusport.fr\/blog\/tour-de-luxembourg-2024-david-gaudu-rafle-la-derniere-etape-antonio-tiberi-remporte-le-general\/#respond"]}],"copyrightYear":"2024","copyrightHolder":{"@id":"https:\/\/dicodusport.fr\/blog\/#organization"}},{"@type":"WebPage","@id":"https:\/\/dicodusport.fr\/blog\/tour-de-luxembourg-2024-david-gaudu-rafle-la-derniere-etape-antonio-tiberi-remporte-le-general\/","url":"https:\/\/dicodusport.fr\/blog\/tour-de-luxembourg-2024-david-gaudu-rafle-la-derniere-etape-antonio-tiberi-remporte-le-general\/","name":"Tour de Luxembourg 2024 : David Gaudu rafle la derni\u00e8re \u00e9tape, Antonio Tiberi remporte le g\u00e9n\u00e9ral","isPartOf":{"@id":"https:\/\/dicodusport.fr\/blog\/#website"},"primaryImageOfPage":{"@id":"https:\/\/dicodusport.fr\/blog\/tour-de-luxembourg-2024-david-gaudu-rafle-la-derniere-etape-antonio-tiberi-remporte-le-general\/#primaryimage"},"image":{"@id":"https:\/\/dicodusport.fr\/blog\/tour-de-luxembourg-2024-david-gaudu-rafle-la-derniere-etape-antonio-tiberi-remporte-le-general\/#primaryimage"},"thumbnailUrl":"https:\/\/dicodusport.fr\/blog\/wp-content\/uploads\/2024\/09\/Tour-de-Luxembourg-2024-David-Gaudu-rafle-la-derniere-etape-Antonio-Tiberi-remporte-le-general-1.png","datePublished":"2024-09-22T13:17:41+00:00","dateModified":"2024-09-22T16:40:59+00:00","description":"SKODA TOUR DE LUXEMBOURG 2024 \u2013 Parti peu avant le dernier kilom\u00e8tre, David Gaudu (Groupama-FDJ) remporte la derni\u00e8re \u00e9tape.","breadcrumb":{"@id":"https:\/\/dicodusport.fr\/blog\/tour-de-luxembourg-2024-david-gaudu-rafle-la-derniere-etape-antonio-tiberi-remporte-le-general\/#breadcrumb"},"inLanguage":"fr-FR","potentialAction":[{"@type":"ReadAction","target":["https:\/\/dicodusport.fr\/blog\/tour-de-luxembourg-2024-david-gaudu-rafle-la-derniere-etape-antonio-tiberi-remporte-le-general\/"]}]},{"@type":"ImageObject","inLanguage":"fr-FR","@id":"https:\/\/dicodusport.fr\/blog\/tour-de-luxembourg-2024-david-gaudu-rafle-la-derniere-etape-antonio-tiberi-remporte-le-general\/#primaryimage","url":"https:\/\/dicodusport.fr\/blog\/wp-content\/uploads\/2024\/09\/Tour-de-Luxembourg-2024-David-Gaudu-rafle-la-derniere-etape-Antonio-Tiberi-remporte-le-general-1.png","contentUrl":"https:\/\/dicodusport.fr\/blog\/wp-content\/uploads\/2024\/09\/Tour-de-Luxembourg-2024-David-Gaudu-rafle-la-derniere-etape-Antonio-Tiberi-remporte-le-general-1.png","width":1200,"height":674,"caption":"Tour de Luxembourg 2024 David Gaudu rafle la derni\u00e8re \u00e9tape, Antonio Tiberi remporte le g\u00e9n\u00e9ral"},{"@type":"BreadcrumbList","@id":"https:\/\/dicodusport.fr\/blog\/tour-de-luxembourg-2024-david-gaudu-rafle-la-derniere-etape-antonio-tiberi-remporte-le-general\/#breadcrumb","itemListElement":[{"@type":"ListItem","position":1,"name":"Accueil","item":"https:\/\/dicodusport.fr\/blog\/"},{"@type":"ListItem","position":2,"name":"Tour de Luxembourg 2024 : David Gaudu rafle la derni\u00e8re \u00e9tape, Antonio Tiberi remporte le g\u00e9n\u00e9ral"}]},{"@type":"WebSite","@id":"https:\/\/dicodusport.fr\/blog\/#website","url":"https:\/\/dicodusport.fr\/blog\/","name":"Dicodusport","description":"L&#039;encyclop\u00e9die de l&#039;actualit\u00e9 sportive","publisher":{"@id":"https:\/\/dicodusport.fr\/blog\/#organization"},"potentialAction":[{"@type":"SearchAction","target":{"@type":"EntryPoint","urlTemplate":"https:\/\/dicodusport.fr\/blog\/?s={search_term_string}"},"query-input":{"@type":"PropertyValueSpecification","valueRequired":true,"valueName":"search_term_string"}}],"inLanguage":"fr-FR"},{"@type":"NewsMediaOrganization","@id":"https:\/\/dicodusport.fr\/blog\/#organization","name":"Dicodusport","url":"https:\/\/dicodusport.fr\/blog\/","logo":{"@type":"ImageObject","inLanguage":"fr-FR","@id":"https:\/\/dicodusport.fr\/blog\/#\/schema\/logo\/image\/","url":"https:\/\/dicodusport.fr\/blog\/wp-content\/uploads\/2020\/06\/cropped-LOGO-DICODUSPORT-2020-SANS-FOND-SANS-TEXTE.png","contentUrl":"https:\/\/dicodusport.fr\/blog\/wp-content\/uploads\/2020\/06\/cropped-LOGO-DICODUSPORT-2020-SANS-FOND-SANS-TEXTE.png","width":512,"height":512,"caption":"Dicodusport"},"image":{"@id":"https:\/\/dicodusport.fr\/blog\/#\/schema\/logo\/image\/"},"sameAs":["https:\/\/www.facebook.com\/dicodusport","https:\/\/x.com\/dicodusport","https:\/\/www.instagram.com\/dicodusport\/","https:\/\/www.youtube.com\/channel\/UC7V2KZ5sd3htJivAbA4ZG3w"],"description":"Dicodusport est l'encyclop\u00e9die de l'actualit\u00e9 sportive.","email":"bonjour@dicodusport.fr","legalName":"DICODUSPORT","foundingDate":"2018-01-14","vatID":"FR71834470973","taxID":"83447097300043","numberOfEmployees":{"@type":"QuantitativeValue","minValue":"1","maxValue":"10"}},{"@type":"Person","@id":"https:\/\/dicodusport.fr\/blog\/#\/schema\/person\/d603dd7da31fb2b46c82b9835a77ec13","name":"Etienne Goursaud","image":{"@type":"ImageObject","inLanguage":"fr-FR","@id":"https:\/\/dicodusport.fr\/blog\/#\/schema\/person\/image\/","url":"https:\/\/dicodusport.fr\/blog\/wp-content\/uploads\/2023\/12\/410122264_10231602061736049_5565839791558026645_n-150x150.jpg","contentUrl":"https:\/\/dicodusport.fr\/blog\/wp-content\/uploads\/2023\/12\/410122264_10231602061736049_5565839791558026645_n-150x150.jpg","caption":"Etienne Goursaud"},"description":"Journaliste et amoureux de sport. Ancien footballeur reconverti athl\u00e8te quand ses muscles le laissent tranquille. \u00c9lev\u00e9 \u00e0 la sauce des exploits de Thomas Voeckler en 2004, du dernier essai de l\u00e9gende de Eunice Barber \u00e0 la longueur lors des championnats du monde d'athl\u00e9tisme de 2003 mais aussi Zidane, Omeyer et Titou Lamaison.","url":"https:\/\/dicodusport.fr\/blog\/author\/etienne-goursaud\/"}]}},"_links":{"self":[{"href":"https:\/\/dicodusport.fr\/blog\/wp-json\/wp\/v2\/posts\/521985","targetHints":{"allow":["GET"]}}],"collection":[{"href":"https:\/\/dicodusport.fr\/blog\/wp-json\/wp\/v2\/posts"}],"about":[{"href":"https:\/\/dicodusport.fr\/blog\/wp-json\/wp\/v2\/types\/post"}],"author":[{"embeddable":true,"href":"https:\/\/dicodusport.fr\/blog\/wp-json\/wp\/v2\/users\/83"}],"replies":[{"embeddable":true,"href":"https:\/\/dicodusport.fr\/blog\/wp-json\/wp\/v2\/comments?post=521985"}],"version-history":[{"count":5,"href":"https:\/\/dicodusport.fr\/blog\/wp-json\/wp\/v2\/posts\/521985\/revisions"}],"predecessor-version":[{"id":522184,"href":"https:\/\/dicodusport.fr\/blog\/wp-json\/wp\/v2\/posts\/521985\/revisions\/522184"}],"wp:featuredmedia":[{"embeddable":true,"href":"https:\/\/dicodusport.fr\/blog\/wp-json\/wp\/v2\/media\/522183"}],"wp:attachment":[{"href":"https:\/\/dicodusport.fr\/blog\/wp-json\/wp\/v2\/media?parent=521985"}],"wp:term":[{"taxonomy":"category","embeddable":true,"href":"https:\/\/dicodusport.fr\/blog\/wp-json\/wp\/v2\/categories?post=521985"},{"taxonomy":"post_tag","embeddable":true,"href":"https:\/\/dicodusport.fr\/blog\/wp-json\/wp\/v2\/tags?post=521985"}],"curies":[{"name":"wp","href":"https:\/\/api.w.org\/{rel}","templated":true}]}}