{"id":522054,"date":"2024-09-22T17:32:23","date_gmt":"2024-09-22T15:32:23","guid":{"rendered":"https:\/\/dicodusport.fr\/blog\/?p=522054&#038;preview=true&#038;preview_id=522054"},"modified":"2024-09-23T17:41:10","modified_gmt":"2024-09-23T15:41:10","slug":"mondiaux-cyclisme-2024-remco-evenepoel-conserve-son-titre","status":"publish","type":"post","link":"https:\/\/dicodusport.fr\/blog\/mondiaux-cyclisme-2024-remco-evenepoel-conserve-son-titre\/","title":{"rendered":"Mondiaux Cyclisme 2024 : Remco Evenepoel conserve son titre sur le contre-la-montre !"},"content":{"rendered":"<h4 style=\"text-align: justify;\"><em>CYCLISME CHAMPIONNATS DU MONDE 2024 \u2013 Remco Evenepoel <\/em><em>a conserv\u00e9 le maillot arc-en-ciel du contre-la-montre sur le parcours zurichois, ce dimanche. Il a devanc\u00e9 les Italiens Filippo Ganna et Edoardo Affini.<\/em><\/h4>\n<ul style=\"text-align: justify;\">\n<li style=\"text-align: justify;\"><strong>\u00c0 ce sujet \u2013\u00a0<a href=\"https:\/\/dicodusport.fr\/blog\/programme-et-resultats-championnats-du-monde-cyclisme-sur-route-2024\/\">Programme et r\u00e9sultats Championnats du monde cyclisme sur route 2024<\/a><\/strong><\/li>\n<\/ul>\n<p style=\"text-align: justify;\">Dernier coureur \u00e0 s&rsquo;\u00e9lancer sur le v\u00e9lodrome de Zurich, le tenant du titre <strong>Remco Evenepoel<\/strong> a connu un petit moment de panique avec un saut de cha\u00eene avant le d\u00e9part. Il a fallu se d\u00e9p\u00eacher pour le d\u00e9panner pour que le Belge puisse partir. Au premier interm\u00e9diaire, apr\u00e8s 12,5km sur une longue portion plate et rectiligne, <strong>Remco Evenepoel<\/strong> \u00e9tait en t\u00eate avec 6 secondes d&rsquo;avance sur <strong>Filippo Ganna<\/strong>. Le Britannique <strong>Joshua Tarling<\/strong> a accus\u00e9 12 secondes de retard alors que <strong>Edoardo Affini<\/strong> avait d\u00e9j\u00e0 perdu 30 secondes.<\/p>\n<p style=\"text-align: justify;\">Ensuite, <strong>Remco Evenepoel<\/strong> a l\u00e9g\u00e8rement accentu\u00e9 son avance au deuxi\u00e8me interm\u00e9diaire, apr\u00e8s 26,6km de course au sommet de la principale bosse du parcours. Le double champion olympique avait d\u00e9sormais 9 secondes d&rsquo;avance sur <strong>Filippo Ganna<\/strong> et 28 secondes sur <strong>Jay Vine<\/strong>, auteur d&rsquo;une grosse mont\u00e9e. Mais, l&rsquo;Australien a chut\u00e9 dans la descente, peu apr\u00e8s.<\/p>\n<ul style=\"text-align: justify;\">\n<li><strong>\u00c0 ce sujet &#8211; <a href=\"https:\/\/dicodusport.fr\/blog\/championnats-du-monde-2024-classement-contre-la-montre-hommes\/\">Le classement du contre-la-montre messieurs<\/a><\/strong><\/li>\n<\/ul>\n<p style=\"text-align: justify;\">Puis, au 3e interm\u00e9diaire, \u00e0 10 kilom\u00e8tres du terme,<strong> Remco Evenepoel<\/strong> \u00e9tait toujours en t\u00eate avec 19 secondes d&rsquo;avance sur <strong>Filippo Ganna<\/strong>. <strong>Edoardo Affini<\/strong> est revenu \u00e0 \u00e9galit\u00e9 sur<strong> Jay Vine<\/strong> pour la lutte pour la m\u00e9daille de bronze sur la longue portion plate pour revenir sur Zurich.<\/p>\n<p style=\"text-align: justify;\">Finalement, <strong>Remco Evenepoel<\/strong> a sign\u00e9 le meilleur temps en 53 minutes 01 secondes et 98 centi\u00e8mes \u00e0 52.156 km\/h, apr\u00e8s 46,1 kilom\u00e8tres de course. Le Belge a pu lever les bras sur la ligne d&rsquo;arriv\u00e9e mais il ne s&rsquo;est impos\u00e9 qu&rsquo;avec 6 secondes d&rsquo;avance sur <strong>Filippo Ganna<\/strong>. Le rouleur de l&rsquo;\u00e9quipe INEOS Grenadiers a r\u00e9alis\u00e9 un gros finish en d\u00e9passant dans les derniers m\u00e8tres <strong>Primoz Roglic<\/strong>. <strong>Edoardo Affini<\/strong> a compl\u00e9t\u00e9 le podium \u00e0 54 secondes avec lui-aussi une grosse fin de course. <strong>Joshua Tarling<\/strong> a fini au pied du podium \u00e0 1:17 devant <strong>Jay Vine<\/strong>, cinqui\u00e8me \u00e0 1:24. Les Fran\u00e7ais ont fini loin : <strong>Bruno Armirail<\/strong>, 11e \u00e0 2:04, et <strong>Thibault Guernalec<\/strong>, 21e \u00e0 3:13.<\/p>\n<blockquote class=\"twitter-tweet\">\n<p dir=\"ltr\" lang=\"en\">\ud83c\udde7\ud83c\uddea\ud83e\udd47 Remco Evenepoel \ud83e\udd47\ud83c\udde7\ud83c\uddea<\/p>\n<p>Men Elite Individual Time Trial UCI World Champion \ud83c\udf08<a href=\"https:\/\/twitter.com\/hashtag\/Zurich2024?src=hash&amp;ref_src=twsrc%5Etfw\">#Zurich2024<\/a> <a href=\"https:\/\/t.co\/UE77EgeMMy\">pic.twitter.com\/UE77EgeMMy<\/a><\/p>\n<p>\u2014 UCI (@UCI_cycling) <a href=\"https:\/\/twitter.com\/UCI_cycling\/status\/1837877753280172349?ref_src=twsrc%5Etfw\">September 22, 2024<\/a><\/p><\/blockquote>\n<p style=\"text-align: justify;\"><script async src=\"https:\/\/platform.twitter.com\/widgets.js\" charset=\"utf-8\"><\/script><\/p>\n","protected":false},"excerpt":{"rendered":"<p>CYCLISME CHAMPIONNATS DU MONDE 2024 \u2013 Remco Evenepoel a conserv\u00e9 le maillot arc-en-ciel du contre-la-montre sur le parcours zurichois, ce dimanche. Il a devanc\u00e9 les Italiens Filippo Ganna et Edoardo Affini.<\/p>\n","protected":false},"author":48,"featured_media":522176,"comment_status":"open","ping_status":"closed","sticky":false,"template":"","format":"standard","meta":{"_acf_changed":false,"_daextam_enable_autolinks":"1","footnotes":""},"categories":[46994],"tags":[16878,574,24],"class_list":["post-522054","post","type-post","status-publish","format-standard","has-post-thumbnail","hentry","category-cyclisme-sur-route","tag-breve","tag-cyclisme","tag-sport"],"acf":[],"yoast_head":"<!-- This site is optimized with the Yoast SEO Premium plugin v26.7 (Yoast SEO v26.7) - https:\/\/yoast.com\/wordpress\/plugins\/seo\/ -->\n<title>Mondiaux Cyclisme 2024 : Remco Evenepoel conserve son titre sur le contre-la-montre !<\/title>\n<meta name=\"description\" content=\"CYCLISME CHAMPIONNATS DU MONDE 2024 \u2013 Remco Evenepoel a conserv\u00e9 le maillot arc-en-ciel du contre-la-montre sur le parcours zurichois.\" \/>\n<meta name=\"robots\" content=\"index, follow, max-snippet:-1, max-image-preview:large, max-video-preview:-1\" \/>\n<link rel=\"canonical\" href=\"https:\/\/dicodusport.fr\/blog\/mondiaux-cyclisme-2024-remco-evenepoel-conserve-son-titre\/\" \/>\n<meta property=\"og:locale\" content=\"fr_FR\" \/>\n<meta property=\"og:type\" content=\"article\" \/>\n<meta property=\"og:title\" content=\"Mondiaux Cyclisme 2024 : Remco Evenepoel conserve son titre sur le contre-la-montre !\" \/>\n<meta property=\"og:description\" content=\"CYCLISME CHAMPIONNATS DU MONDE 2024 \u2013 Remco Evenepoel a conserv\u00e9 le maillot arc-en-ciel du contre-la-montre sur le parcours zurichois.\" \/>\n<meta property=\"og:url\" content=\"https:\/\/dicodusport.fr\/blog\/mondiaux-cyclisme-2024-remco-evenepoel-conserve-son-titre\/\" \/>\n<meta property=\"og:site_name\" content=\"Dicodusport\" \/>\n<meta property=\"article:publisher\" content=\"https:\/\/www.facebook.com\/dicodusport\" \/>\n<meta property=\"article:author\" content=\"https:\/\/www.facebook.com\/groups\/LesRoisDuPeloton\" \/>\n<meta property=\"article:published_time\" content=\"2024-09-22T15:32:23+00:00\" \/>\n<meta property=\"article:modified_time\" content=\"2024-09-23T15:41:10+00:00\" \/>\n<meta property=\"og:image\" content=\"https:\/\/dicodusport.fr\/blog\/wp-content\/uploads\/2024\/09\/Mondiaux-cyclisme-2024-Remco-Evenepoel-conserve-son-titre-sur-le-contre-la-montre-.png\" \/>\n\t<meta property=\"og:image:width\" content=\"1200\" \/>\n\t<meta property=\"og:image:height\" content=\"674\" \/>\n\t<meta property=\"og:image:type\" content=\"image\/png\" \/>\n<meta name=\"author\" content=\"Emilien Descampiaux\" \/>\n<meta name=\"twitter:card\" content=\"summary_large_image\" \/>\n<meta name=\"twitter:title\" content=\"Mondiaux Cyclisme 2024 : Remco Evenepoel conserve son titre sur le contre-la-montre !\" \/>\n<meta name=\"twitter:creator\" content=\"@https:\/\/twitter.com\/LRoisDuPeloton\" \/>\n<meta name=\"twitter:site\" content=\"@dicodusport\" \/>\n<script type=\"application\/ld+json\" class=\"yoast-schema-graph\">{\"@context\":\"https:\/\/schema.org\",\"@graph\":[{\"@type\":\"NewsArticle\",\"@id\":\"https:\/\/dicodusport.fr\/blog\/mondiaux-cyclisme-2024-remco-evenepoel-conserve-son-titre\/#article\",\"isPartOf\":{\"@id\":\"https:\/\/dicodusport.fr\/blog\/mondiaux-cyclisme-2024-remco-evenepoel-conserve-son-titre\/\"},\"author\":{\"name\":\"Emilien Descampiaux\",\"@id\":\"https:\/\/dicodusport.fr\/blog\/#\/schema\/person\/6db4bae06b171592211be385b32876a7\"},\"headline\":\"Mondiaux Cyclisme 2024 : Remco Evenepoel conserve son titre sur le contre-la-montre !\",\"datePublished\":\"2024-09-22T15:32:23+00:00\",\"dateModified\":\"2024-09-23T15:41:10+00:00\",\"mainEntityOfPage\":{\"@id\":\"https:\/\/dicodusport.fr\/blog\/mondiaux-cyclisme-2024-remco-evenepoel-conserve-son-titre\/\"},\"wordCount\":399,\"commentCount\":0,\"publisher\":{\"@id\":\"https:\/\/dicodusport.fr\/blog\/#organization\"},\"image\":{\"@id\":\"https:\/\/dicodusport.fr\/blog\/mondiaux-cyclisme-2024-remco-evenepoel-conserve-son-titre\/#primaryimage\"},\"thumbnailUrl\":\"https:\/\/dicodusport.fr\/blog\/wp-content\/uploads\/2024\/09\/Mondiaux-cyclisme-2024-Remco-Evenepoel-conserve-son-titre-sur-le-contre-la-montre-.png\",\"keywords\":[\"br\u00e8ve\",\"Cyclisme\",\"sport\"],\"articleSection\":[\"Cyclisme sur route\"],\"inLanguage\":\"fr-FR\",\"potentialAction\":[{\"@type\":\"CommentAction\",\"name\":\"Comment\",\"target\":[\"https:\/\/dicodusport.fr\/blog\/mondiaux-cyclisme-2024-remco-evenepoel-conserve-son-titre\/#respond\"]}],\"copyrightYear\":\"2024\",\"copyrightHolder\":{\"@id\":\"https:\/\/dicodusport.fr\/blog\/#organization\"}},{\"@type\":\"WebPage\",\"@id\":\"https:\/\/dicodusport.fr\/blog\/mondiaux-cyclisme-2024-remco-evenepoel-conserve-son-titre\/\",\"url\":\"https:\/\/dicodusport.fr\/blog\/mondiaux-cyclisme-2024-remco-evenepoel-conserve-son-titre\/\",\"name\":\"Mondiaux Cyclisme 2024 : Remco Evenepoel conserve son titre sur le contre-la-montre !\",\"isPartOf\":{\"@id\":\"https:\/\/dicodusport.fr\/blog\/#website\"},\"primaryImageOfPage\":{\"@id\":\"https:\/\/dicodusport.fr\/blog\/mondiaux-cyclisme-2024-remco-evenepoel-conserve-son-titre\/#primaryimage\"},\"image\":{\"@id\":\"https:\/\/dicodusport.fr\/blog\/mondiaux-cyclisme-2024-remco-evenepoel-conserve-son-titre\/#primaryimage\"},\"thumbnailUrl\":\"https:\/\/dicodusport.fr\/blog\/wp-content\/uploads\/2024\/09\/Mondiaux-cyclisme-2024-Remco-Evenepoel-conserve-son-titre-sur-le-contre-la-montre-.png\",\"datePublished\":\"2024-09-22T15:32:23+00:00\",\"dateModified\":\"2024-09-23T15:41:10+00:00\",\"description\":\"CYCLISME CHAMPIONNATS DU MONDE 2024 \u2013 Remco Evenepoel a conserv\u00e9 le maillot arc-en-ciel du contre-la-montre sur le parcours zurichois.\",\"breadcrumb\":{\"@id\":\"https:\/\/dicodusport.fr\/blog\/mondiaux-cyclisme-2024-remco-evenepoel-conserve-son-titre\/#breadcrumb\"},\"inLanguage\":\"fr-FR\",\"potentialAction\":[{\"@type\":\"ReadAction\",\"target\":[\"https:\/\/dicodusport.fr\/blog\/mondiaux-cyclisme-2024-remco-evenepoel-conserve-son-titre\/\"]}]},{\"@type\":\"ImageObject\",\"inLanguage\":\"fr-FR\",\"@id\":\"https:\/\/dicodusport.fr\/blog\/mondiaux-cyclisme-2024-remco-evenepoel-conserve-son-titre\/#primaryimage\",\"url\":\"https:\/\/dicodusport.fr\/blog\/wp-content\/uploads\/2024\/09\/Mondiaux-cyclisme-2024-Remco-Evenepoel-conserve-son-titre-sur-le-contre-la-montre-.png\",\"contentUrl\":\"https:\/\/dicodusport.fr\/blog\/wp-content\/uploads\/2024\/09\/Mondiaux-cyclisme-2024-Remco-Evenepoel-conserve-son-titre-sur-le-contre-la-montre-.png\",\"width\":1200,\"height\":674,\"caption\":\"Mondiaux cyclisme 2024 Remco Evenepoel conserve son titre sur le contre-la-montre !\"},{\"@type\":\"BreadcrumbList\",\"@id\":\"https:\/\/dicodusport.fr\/blog\/mondiaux-cyclisme-2024-remco-evenepoel-conserve-son-titre\/#breadcrumb\",\"itemListElement\":[{\"@type\":\"ListItem\",\"position\":1,\"name\":\"Accueil\",\"item\":\"https:\/\/dicodusport.fr\/blog\/\"},{\"@type\":\"ListItem\",\"position\":2,\"name\":\"Mondiaux Cyclisme 2024 : Remco Evenepoel conserve son titre sur le contre-la-montre !\"}]},{\"@type\":\"WebSite\",\"@id\":\"https:\/\/dicodusport.fr\/blog\/#website\",\"url\":\"https:\/\/dicodusport.fr\/blog\/\",\"name\":\"Dicodusport\",\"description\":\"L&#039;encyclop\u00e9die de l&#039;actualit\u00e9 sportive\",\"publisher\":{\"@id\":\"https:\/\/dicodusport.fr\/blog\/#organization\"},\"potentialAction\":[{\"@type\":\"SearchAction\",\"target\":{\"@type\":\"EntryPoint\",\"urlTemplate\":\"https:\/\/dicodusport.fr\/blog\/?s={search_term_string}\"},\"query-input\":{\"@type\":\"PropertyValueSpecification\",\"valueRequired\":true,\"valueName\":\"search_term_string\"}}],\"inLanguage\":\"fr-FR\"},{\"@type\":\"NewsMediaOrganization\",\"@id\":\"https:\/\/dicodusport.fr\/blog\/#organization\",\"name\":\"Dicodusport\",\"url\":\"https:\/\/dicodusport.fr\/blog\/\",\"logo\":{\"@type\":\"ImageObject\",\"inLanguage\":\"fr-FR\",\"@id\":\"https:\/\/dicodusport.fr\/blog\/#\/schema\/logo\/image\/\",\"url\":\"https:\/\/dicodusport.fr\/blog\/wp-content\/uploads\/2020\/06\/cropped-LOGO-DICODUSPORT-2020-SANS-FOND-SANS-TEXTE.png\",\"contentUrl\":\"https:\/\/dicodusport.fr\/blog\/wp-content\/uploads\/2020\/06\/cropped-LOGO-DICODUSPORT-2020-SANS-FOND-SANS-TEXTE.png\",\"width\":512,\"height\":512,\"caption\":\"Dicodusport\"},\"image\":{\"@id\":\"https:\/\/dicodusport.fr\/blog\/#\/schema\/logo\/image\/\"},\"sameAs\":[\"https:\/\/www.facebook.com\/dicodusport\",\"https:\/\/x.com\/dicodusport\",\"https:\/\/www.instagram.com\/dicodusport\/\",\"https:\/\/www.youtube.com\/channel\/UC7V2KZ5sd3htJivAbA4ZG3w\"],\"description\":\"Dicodusport est l'encyclop\u00e9die de l'actualit\u00e9 sportive.\",\"email\":\"bonjour@dicodusport.fr\",\"legalName\":\"DICODUSPORT\",\"foundingDate\":\"2018-01-14\",\"vatID\":\"FR71834470973\",\"taxID\":\"83447097300043\",\"numberOfEmployees\":{\"@type\":\"QuantitativeValue\",\"minValue\":\"1\",\"maxValue\":\"10\"}},{\"@type\":\"Person\",\"@id\":\"https:\/\/dicodusport.fr\/blog\/#\/schema\/person\/6db4bae06b171592211be385b32876a7\",\"name\":\"Emilien Descampiaux\",\"image\":{\"@type\":\"ImageObject\",\"inLanguage\":\"fr-FR\",\"@id\":\"https:\/\/dicodusport.fr\/blog\/#\/schema\/person\/image\/\",\"url\":\"https:\/\/dicodusport.fr\/blog\/wp-content\/uploads\/2021\/05\/Emilien-Descampiaux-150x150.jpg\",\"contentUrl\":\"https:\/\/dicodusport.fr\/blog\/wp-content\/uploads\/2021\/05\/Emilien-Descampiaux-150x150.jpg\",\"caption\":\"Emilien Descampiaux\"},\"description\":\"Journaliste\/r\u00e9dacteur depuis 2014 - Fan de la classe de Frank Vandenbroucke, je vis cyclisme (et de ses paysages) depuis plus de 20 ans. Je suis tr\u00e8s impliqu\u00e9 sur mes diff\u00e9rents r\u00e9seaux sociaux pour partager ma passion sur le monde et l'Histoire de la bicyclette avec ma voix sur les images en noir et blanc du succ\u00e8s de Rik Van Steenbergen lors du Ronde sur le V\u00e9lodrome de Gand.\",\"sameAs\":[\"https:\/\/www.facebook.com\/groups\/LesRoisDuPeloton\",\"https:\/\/x.com\/https:\/\/twitter.com\/LRoisDuPeloton\"],\"url\":\"https:\/\/dicodusport.fr\/blog\/author\/emiliend\/\"}]}<\/script>\n<!-- \/ Yoast SEO Premium plugin. -->","yoast_head_json":{"title":"Mondiaux Cyclisme 2024 : Remco Evenepoel conserve son titre sur le contre-la-montre !","description":"CYCLISME CHAMPIONNATS DU MONDE 2024 \u2013 Remco Evenepoel a conserv\u00e9 le maillot arc-en-ciel du contre-la-montre sur le parcours zurichois.","robots":{"index":"index","follow":"follow","max-snippet":"max-snippet:-1","max-image-preview":"max-image-preview:large","max-video-preview":"max-video-preview:-1"},"canonical":"https:\/\/dicodusport.fr\/blog\/mondiaux-cyclisme-2024-remco-evenepoel-conserve-son-titre\/","og_locale":"fr_FR","og_type":"article","og_title":"Mondiaux Cyclisme 2024 : Remco Evenepoel conserve son titre sur le contre-la-montre !","og_description":"CYCLISME CHAMPIONNATS DU MONDE 2024 \u2013 Remco Evenepoel a conserv\u00e9 le maillot arc-en-ciel du contre-la-montre sur le parcours zurichois.","og_url":"https:\/\/dicodusport.fr\/blog\/mondiaux-cyclisme-2024-remco-evenepoel-conserve-son-titre\/","og_site_name":"Dicodusport","article_publisher":"https:\/\/www.facebook.com\/dicodusport","article_author":"https:\/\/www.facebook.com\/groups\/LesRoisDuPeloton","article_published_time":"2024-09-22T15:32:23+00:00","article_modified_time":"2024-09-23T15:41:10+00:00","og_image":[{"width":1200,"height":674,"url":"https:\/\/dicodusport.fr\/blog\/wp-content\/uploads\/2024\/09\/Mondiaux-cyclisme-2024-Remco-Evenepoel-conserve-son-titre-sur-le-contre-la-montre-.png","type":"image\/png"}],"author":"Emilien Descampiaux","twitter_card":"summary_large_image","twitter_title":"Mondiaux Cyclisme 2024 : Remco Evenepoel conserve son titre sur le contre-la-montre !","twitter_creator":"@https:\/\/twitter.com\/LRoisDuPeloton","twitter_site":"@dicodusport","schema":{"@context":"https:\/\/schema.org","@graph":[{"@type":"NewsArticle","@id":"https:\/\/dicodusport.fr\/blog\/mondiaux-cyclisme-2024-remco-evenepoel-conserve-son-titre\/#article","isPartOf":{"@id":"https:\/\/dicodusport.fr\/blog\/mondiaux-cyclisme-2024-remco-evenepoel-conserve-son-titre\/"},"author":{"name":"Emilien Descampiaux","@id":"https:\/\/dicodusport.fr\/blog\/#\/schema\/person\/6db4bae06b171592211be385b32876a7"},"headline":"Mondiaux Cyclisme 2024 : Remco Evenepoel conserve son titre sur le contre-la-montre !","datePublished":"2024-09-22T15:32:23+00:00","dateModified":"2024-09-23T15:41:10+00:00","mainEntityOfPage":{"@id":"https:\/\/dicodusport.fr\/blog\/mondiaux-cyclisme-2024-remco-evenepoel-conserve-son-titre\/"},"wordCount":399,"commentCount":0,"publisher":{"@id":"https:\/\/dicodusport.fr\/blog\/#organization"},"image":{"@id":"https:\/\/dicodusport.fr\/blog\/mondiaux-cyclisme-2024-remco-evenepoel-conserve-son-titre\/#primaryimage"},"thumbnailUrl":"https:\/\/dicodusport.fr\/blog\/wp-content\/uploads\/2024\/09\/Mondiaux-cyclisme-2024-Remco-Evenepoel-conserve-son-titre-sur-le-contre-la-montre-.png","keywords":["br\u00e8ve","Cyclisme","sport"],"articleSection":["Cyclisme sur route"],"inLanguage":"fr-FR","potentialAction":[{"@type":"CommentAction","name":"Comment","target":["https:\/\/dicodusport.fr\/blog\/mondiaux-cyclisme-2024-remco-evenepoel-conserve-son-titre\/#respond"]}],"copyrightYear":"2024","copyrightHolder":{"@id":"https:\/\/dicodusport.fr\/blog\/#organization"}},{"@type":"WebPage","@id":"https:\/\/dicodusport.fr\/blog\/mondiaux-cyclisme-2024-remco-evenepoel-conserve-son-titre\/","url":"https:\/\/dicodusport.fr\/blog\/mondiaux-cyclisme-2024-remco-evenepoel-conserve-son-titre\/","name":"Mondiaux Cyclisme 2024 : Remco Evenepoel conserve son titre sur le contre-la-montre !","isPartOf":{"@id":"https:\/\/dicodusport.fr\/blog\/#website"},"primaryImageOfPage":{"@id":"https:\/\/dicodusport.fr\/blog\/mondiaux-cyclisme-2024-remco-evenepoel-conserve-son-titre\/#primaryimage"},"image":{"@id":"https:\/\/dicodusport.fr\/blog\/mondiaux-cyclisme-2024-remco-evenepoel-conserve-son-titre\/#primaryimage"},"thumbnailUrl":"https:\/\/dicodusport.fr\/blog\/wp-content\/uploads\/2024\/09\/Mondiaux-cyclisme-2024-Remco-Evenepoel-conserve-son-titre-sur-le-contre-la-montre-.png","datePublished":"2024-09-22T15:32:23+00:00","dateModified":"2024-09-23T15:41:10+00:00","description":"CYCLISME CHAMPIONNATS DU MONDE 2024 \u2013 Remco Evenepoel a conserv\u00e9 le maillot arc-en-ciel du contre-la-montre sur le parcours zurichois.","breadcrumb":{"@id":"https:\/\/dicodusport.fr\/blog\/mondiaux-cyclisme-2024-remco-evenepoel-conserve-son-titre\/#breadcrumb"},"inLanguage":"fr-FR","potentialAction":[{"@type":"ReadAction","target":["https:\/\/dicodusport.fr\/blog\/mondiaux-cyclisme-2024-remco-evenepoel-conserve-son-titre\/"]}]},{"@type":"ImageObject","inLanguage":"fr-FR","@id":"https:\/\/dicodusport.fr\/blog\/mondiaux-cyclisme-2024-remco-evenepoel-conserve-son-titre\/#primaryimage","url":"https:\/\/dicodusport.fr\/blog\/wp-content\/uploads\/2024\/09\/Mondiaux-cyclisme-2024-Remco-Evenepoel-conserve-son-titre-sur-le-contre-la-montre-.png","contentUrl":"https:\/\/dicodusport.fr\/blog\/wp-content\/uploads\/2024\/09\/Mondiaux-cyclisme-2024-Remco-Evenepoel-conserve-son-titre-sur-le-contre-la-montre-.png","width":1200,"height":674,"caption":"Mondiaux cyclisme 2024 Remco Evenepoel conserve son titre sur le contre-la-montre !"},{"@type":"BreadcrumbList","@id":"https:\/\/dicodusport.fr\/blog\/mondiaux-cyclisme-2024-remco-evenepoel-conserve-son-titre\/#breadcrumb","itemListElement":[{"@type":"ListItem","position":1,"name":"Accueil","item":"https:\/\/dicodusport.fr\/blog\/"},{"@type":"ListItem","position":2,"name":"Mondiaux Cyclisme 2024 : Remco Evenepoel conserve son titre sur le contre-la-montre !"}]},{"@type":"WebSite","@id":"https:\/\/dicodusport.fr\/blog\/#website","url":"https:\/\/dicodusport.fr\/blog\/","name":"Dicodusport","description":"L&#039;encyclop\u00e9die de l&#039;actualit\u00e9 sportive","publisher":{"@id":"https:\/\/dicodusport.fr\/blog\/#organization"},"potentialAction":[{"@type":"SearchAction","target":{"@type":"EntryPoint","urlTemplate":"https:\/\/dicodusport.fr\/blog\/?s={search_term_string}"},"query-input":{"@type":"PropertyValueSpecification","valueRequired":true,"valueName":"search_term_string"}}],"inLanguage":"fr-FR"},{"@type":"NewsMediaOrganization","@id":"https:\/\/dicodusport.fr\/blog\/#organization","name":"Dicodusport","url":"https:\/\/dicodusport.fr\/blog\/","logo":{"@type":"ImageObject","inLanguage":"fr-FR","@id":"https:\/\/dicodusport.fr\/blog\/#\/schema\/logo\/image\/","url":"https:\/\/dicodusport.fr\/blog\/wp-content\/uploads\/2020\/06\/cropped-LOGO-DICODUSPORT-2020-SANS-FOND-SANS-TEXTE.png","contentUrl":"https:\/\/dicodusport.fr\/blog\/wp-content\/uploads\/2020\/06\/cropped-LOGO-DICODUSPORT-2020-SANS-FOND-SANS-TEXTE.png","width":512,"height":512,"caption":"Dicodusport"},"image":{"@id":"https:\/\/dicodusport.fr\/blog\/#\/schema\/logo\/image\/"},"sameAs":["https:\/\/www.facebook.com\/dicodusport","https:\/\/x.com\/dicodusport","https:\/\/www.instagram.com\/dicodusport\/","https:\/\/www.youtube.com\/channel\/UC7V2KZ5sd3htJivAbA4ZG3w"],"description":"Dicodusport est l'encyclop\u00e9die de l'actualit\u00e9 sportive.","email":"bonjour@dicodusport.fr","legalName":"DICODUSPORT","foundingDate":"2018-01-14","vatID":"FR71834470973","taxID":"83447097300043","numberOfEmployees":{"@type":"QuantitativeValue","minValue":"1","maxValue":"10"}},{"@type":"Person","@id":"https:\/\/dicodusport.fr\/blog\/#\/schema\/person\/6db4bae06b171592211be385b32876a7","name":"Emilien Descampiaux","image":{"@type":"ImageObject","inLanguage":"fr-FR","@id":"https:\/\/dicodusport.fr\/blog\/#\/schema\/person\/image\/","url":"https:\/\/dicodusport.fr\/blog\/wp-content\/uploads\/2021\/05\/Emilien-Descampiaux-150x150.jpg","contentUrl":"https:\/\/dicodusport.fr\/blog\/wp-content\/uploads\/2021\/05\/Emilien-Descampiaux-150x150.jpg","caption":"Emilien Descampiaux"},"description":"Journaliste\/r\u00e9dacteur depuis 2014 - Fan de la classe de Frank Vandenbroucke, je vis cyclisme (et de ses paysages) depuis plus de 20 ans. Je suis tr\u00e8s impliqu\u00e9 sur mes diff\u00e9rents r\u00e9seaux sociaux pour partager ma passion sur le monde et l'Histoire de la bicyclette avec ma voix sur les images en noir et blanc du succ\u00e8s de Rik Van Steenbergen lors du Ronde sur le V\u00e9lodrome de Gand.","sameAs":["https:\/\/www.facebook.com\/groups\/LesRoisDuPeloton","https:\/\/x.com\/https:\/\/twitter.com\/LRoisDuPeloton"],"url":"https:\/\/dicodusport.fr\/blog\/author\/emiliend\/"}]}},"_links":{"self":[{"href":"https:\/\/dicodusport.fr\/blog\/wp-json\/wp\/v2\/posts\/522054","targetHints":{"allow":["GET"]}}],"collection":[{"href":"https:\/\/dicodusport.fr\/blog\/wp-json\/wp\/v2\/posts"}],"about":[{"href":"https:\/\/dicodusport.fr\/blog\/wp-json\/wp\/v2\/types\/post"}],"author":[{"embeddable":true,"href":"https:\/\/dicodusport.fr\/blog\/wp-json\/wp\/v2\/users\/48"}],"replies":[{"embeddable":true,"href":"https:\/\/dicodusport.fr\/blog\/wp-json\/wp\/v2\/comments?post=522054"}],"version-history":[{"count":5,"href":"https:\/\/dicodusport.fr\/blog\/wp-json\/wp\/v2\/posts\/522054\/revisions"}],"predecessor-version":[{"id":522299,"href":"https:\/\/dicodusport.fr\/blog\/wp-json\/wp\/v2\/posts\/522054\/revisions\/522299"}],"wp:featuredmedia":[{"embeddable":true,"href":"https:\/\/dicodusport.fr\/blog\/wp-json\/wp\/v2\/media\/522176"}],"wp:attachment":[{"href":"https:\/\/dicodusport.fr\/blog\/wp-json\/wp\/v2\/media?parent=522054"}],"wp:term":[{"taxonomy":"category","embeddable":true,"href":"https:\/\/dicodusport.fr\/blog\/wp-json\/wp\/v2\/categories?post=522054"},{"taxonomy":"post_tag","embeddable":true,"href":"https:\/\/dicodusport.fr\/blog\/wp-json\/wp\/v2\/tags?post=522054"}],"curies":[{"name":"wp","href":"https:\/\/api.w.org\/{rel}","templated":true}]}}