{"id":522265,"date":"2024-09-23T09:05:34","date_gmt":"2024-09-23T07:05:34","guid":{"rendered":"https:\/\/dicodusport.fr\/blog\/?p=522265&#038;preview=true&#038;preview_id=522265"},"modified":"2024-09-23T10:10:50","modified_gmt":"2024-09-23T08:10:50","slug":"transferts-toulouse-courtise-en-top-14-paul-graou-a-tranche-pour-son-avenir","status":"publish","type":"post","link":"https:\/\/dicodusport.fr\/blog\/transferts-toulouse-courtise-en-top-14-paul-graou-a-tranche-pour-son-avenir\/","title":{"rendered":"Transferts Toulouse : Courtis\u00e9 en Top 14, Paul Graou a tranch\u00e9 pour son avenir"},"content":{"rendered":"<h4 style=\"text-align: justify;\"><em>TOP 14 2024-2025 &#8211; Selon le Midi Olympique, Paul Graou devrait prolonger \u00e0 Toulouse malgr\u00e9 l&rsquo;int\u00e9r\u00eat du Racing 92.\u00a0<\/em><\/h4>\n<p style=\"text-align: justify;\">Depuis la signature de <strong>Nolann<\/strong> <strong>Le<\/strong> <strong>Garrec<\/strong> au <strong>Stade<\/strong> <strong>Rochelais<\/strong> et la prolongation de <strong>Baptiste<\/strong> <strong>Couilloud<\/strong> au <strong>LOU<\/strong>, le march\u00e9 des demis de m\u00eal\u00e9e s&#8217;emballe en Top 14. <strong>Santiago<\/strong> <strong>Arata<\/strong> a annonc\u00e9 son d\u00e9part du <strong>Castres<\/strong> <strong>Olympique<\/strong> sans avoir trouv\u00e9 de point de chute pour le moment, alors que le Racing 92 est notamment en qu\u00eate de la perle rare.<\/p>\n<ul style=\"text-align: justify;\">\n<li style=\"text-align: justify;\"><strong>\u00c0 ce sujet &#8211; <a href=\"https:\/\/dicodusport.fr\/blog\/transferts-makazole-mapimpi-pourrait-debarquer-en-top-14\/\" target=\"_blank\" rel=\"noopener\">Transferts : Makazole Mapimpi pourrait d\u00e9barquer en Top 14<\/a><\/strong><\/li>\n<\/ul>\n<h2 style=\"text-align: justify;\">Le Racing 92 a tent\u00e9 Paul Graou<\/h2>\n<p style=\"text-align: justify;\">Les Franciliens ont activ\u00e9 de nombreuses pistes pour se renforcer et <strong>Santiago<\/strong> <strong>Arata<\/strong> semblait tout proche ces derniers jours. Mais selon nos confr\u00e8res du <a href=\"https:\/\/www.rugbyrama.fr\/2024\/09\/23\/transfertstop-14-marche-des-9-santiago-arata-et-paul-graou-a-la-croisee-des-chemins-12214574.php\"><em>Midi Olympique<\/em><\/a>, l&rsquo;<strong>Uruguayen<\/strong> et le <strong>Racing<\/strong> <strong>92<\/strong> ne parviennent pas \u00e0 se mettre d&rsquo;accord sur les modalit\u00e9s du contrat, malgr\u00e9 plusieurs rencontres. Le demi de m\u00eal\u00e9e castrais est donc toujours sur le march\u00e9 pour le moment.<\/p>\n<ul>\n<li style=\"text-align: justify;\"><strong>\u00c0 ce sujet &#8211; <a href=\"https:\/\/dicodusport.fr\/blog\/transferts-castres-3-pistes-etudiees-pour-remplacer-santiago-arata\/\">Transferts Castres : 3 pistes \u00e9tudi\u00e9es pour remplacer Santiago Arata<\/a><\/strong><\/li>\n<\/ul>\n<p style=\"text-align: justify;\">Le <strong>Racing<\/strong> <strong>92<\/strong> a de son c\u00f4t\u00e9 tent\u00e9 un autre coup en transmettant une offre de contrat \u00e0 <strong>Paul<\/strong> <strong>Graou<\/strong>, qui est en fin de bail avec le <strong>Stade<\/strong> <strong>Toulousain<\/strong>. La doublure d&rsquo;<strong>Antoine Dupont<\/strong> ne devrait pas donner suite \u00e0 la proposition des <em>Ciel &amp; Blanc<\/em> et serait m\u00eame proche de prolonger avec les doubles champions de France. <strong>Stuart<\/strong> <strong>Lancaster<\/strong> et les dirigeants franciliens pourraient se tourner vers <strong>L\u00e9o<\/strong> <strong>Carbonneau<\/strong>, m\u00eame si le dossier est compliqu\u00e9, puisqu&rsquo;il est sous contrat jusqu&rsquo;en juin 2026.<\/p>\n<blockquote class=\"twitter-tweet\">\n<p dir=\"ltr\" lang=\"fr\">Premi\u00e8re historique en Une du Midol ! \ud83d\uddde\ufe0f<\/p>\n<p>Pour lire le journal : <a href=\"https:\/\/t.co\/cIlUIU6QWt\">https:\/\/t.co\/cIlUIU6QWt<\/a> <a href=\"https:\/\/t.co\/1lmg7Xtbms\">pic.twitter.com\/1lmg7Xtbms<\/a><\/p>\n<p>\u2014 RUGBYRAMA (@RugbyramaFR) <a href=\"https:\/\/twitter.com\/RugbyramaFR\/status\/1837985973705335027?ref_src=twsrc%5Etfw\">September 22, 2024<\/a><\/p><\/blockquote>\n<p style=\"text-align: justify;\"><script async src=\"https:\/\/platform.twitter.com\/widgets.js\" charset=\"utf-8\"><\/script><\/p>\n","protected":false},"excerpt":{"rendered":"<p>TOP 14 2024-2025 &#8211; Selon le Midi Olympique, Paul Graou devrait prolonger \u00e0 Toulouse malgr\u00e9 l&rsquo;int\u00e9r\u00eat du Racing 92.\u00a0<\/p>\n","protected":false},"author":1,"featured_media":522268,"comment_status":"open","ping_status":"closed","sticky":false,"template":"","format":"standard","meta":{"_acf_changed":false,"_daextam_enable_autolinks":"1","footnotes":""},"categories":[9129,47050],"tags":[16878,21837,3131,4008,463],"class_list":["post-522265","post","type-post","status-publish","format-standard","has-post-thumbnail","hentry","category-rugby-a-xv","category-top-14","tag-breve","tag-paul-graou","tag-racing-92","tag-stade-toulousain","tag-toulouse"],"acf":[],"yoast_head":"<!-- This site is optimized with the Yoast SEO Premium plugin v26.7 (Yoast SEO v26.7) - https:\/\/yoast.com\/wordpress\/plugins\/seo\/ -->\n<title>Transferts Toulouse : Courtis\u00e9 en Top 14, Paul Graou a tranch\u00e9 pour son avenir<\/title>\n<meta name=\"description\" content=\"TOP 14 2024-2025 - Selon le Midi Olympique, Paul Graou devrait prolonger \u00e0 Toulouse malgr\u00e9 l&#039;int\u00e9r\u00eat du Racing 92.\u00a0\" \/>\n<meta name=\"robots\" content=\"index, follow, max-snippet:-1, max-image-preview:large, max-video-preview:-1\" \/>\n<link rel=\"canonical\" href=\"https:\/\/dicodusport.fr\/blog\/transferts-toulouse-courtise-en-top-14-paul-graou-a-tranche-pour-son-avenir\/\" \/>\n<meta property=\"og:locale\" content=\"fr_FR\" \/>\n<meta property=\"og:type\" content=\"article\" \/>\n<meta property=\"og:title\" content=\"Transferts Toulouse : Courtis\u00e9 en Top 14, Paul Graou a tranch\u00e9 pour son avenir\" \/>\n<meta property=\"og:description\" content=\"TOP 14 2024-2025 - Selon le Midi Olympique, Paul Graou devrait prolonger \u00e0 Toulouse malgr\u00e9 l&#039;int\u00e9r\u00eat du Racing 92.\u00a0\" \/>\n<meta property=\"og:url\" content=\"https:\/\/dicodusport.fr\/blog\/transferts-toulouse-courtise-en-top-14-paul-graou-a-tranche-pour-son-avenir\/\" \/>\n<meta property=\"og:site_name\" content=\"Dicodusport\" \/>\n<meta property=\"article:publisher\" content=\"https:\/\/www.facebook.com\/dicodusport\" \/>\n<meta property=\"article:author\" content=\"https:\/\/www.facebook.com\/dicodusport\" \/>\n<meta property=\"article:published_time\" content=\"2024-09-23T07:05:34+00:00\" \/>\n<meta property=\"article:modified_time\" content=\"2024-09-23T08:10:50+00:00\" \/>\n<meta property=\"og:image\" content=\"https:\/\/dicodusport.fr\/blog\/wp-content\/uploads\/2024\/09\/Transferts-Toulouse-Courtise-en-Top-14-Paul-Graou-a-tranche-pour-son-avenir.png\" \/>\n\t<meta property=\"og:image:width\" content=\"1200\" \/>\n\t<meta property=\"og:image:height\" content=\"674\" \/>\n\t<meta property=\"og:image:type\" content=\"image\/png\" \/>\n<meta name=\"author\" content=\"Nicolas Jacquemard\" \/>\n<meta name=\"twitter:card\" content=\"summary_large_image\" \/>\n<meta name=\"twitter:title\" content=\"Transferts Toulouse : Courtis\u00e9 en Top 14, Paul Graou a tranch\u00e9 pour son avenir\" \/>\n<meta name=\"twitter:creator\" content=\"@https:\/\/twitter.com\/Nico_Jacquemard\" \/>\n<meta name=\"twitter:site\" content=\"@dicodusport\" \/>\n<script type=\"application\/ld+json\" class=\"yoast-schema-graph\">{\"@context\":\"https:\/\/schema.org\",\"@graph\":[{\"@type\":\"NewsArticle\",\"@id\":\"https:\/\/dicodusport.fr\/blog\/transferts-toulouse-courtise-en-top-14-paul-graou-a-tranche-pour-son-avenir\/#article\",\"isPartOf\":{\"@id\":\"https:\/\/dicodusport.fr\/blog\/transferts-toulouse-courtise-en-top-14-paul-graou-a-tranche-pour-son-avenir\/\"},\"author\":{\"name\":\"Nicolas Jacquemard\",\"@id\":\"https:\/\/dicodusport.fr\/blog\/#\/schema\/person\/55dcb50ad410894e431ed812bbb70191\"},\"headline\":\"Transferts Toulouse : Courtis\u00e9 en Top 14, Paul Graou a tranch\u00e9 pour son avenir\",\"datePublished\":\"2024-09-23T07:05:34+00:00\",\"dateModified\":\"2024-09-23T08:10:50+00:00\",\"mainEntityOfPage\":{\"@id\":\"https:\/\/dicodusport.fr\/blog\/transferts-toulouse-courtise-en-top-14-paul-graou-a-tranche-pour-son-avenir\/\"},\"wordCount\":297,\"commentCount\":0,\"publisher\":{\"@id\":\"https:\/\/dicodusport.fr\/blog\/#organization\"},\"image\":{\"@id\":\"https:\/\/dicodusport.fr\/blog\/transferts-toulouse-courtise-en-top-14-paul-graou-a-tranche-pour-son-avenir\/#primaryimage\"},\"thumbnailUrl\":\"https:\/\/dicodusport.fr\/blog\/wp-content\/uploads\/2024\/09\/Transferts-Toulouse-Courtise-en-Top-14-Paul-Graou-a-tranche-pour-son-avenir.png\",\"keywords\":[\"br\u00e8ve\",\"Paul Graou\",\"Racing 92\",\"Stade Toulousain\",\"Toulouse\"],\"articleSection\":[\"Rugby \u00e0 XV\",\"Top 14\"],\"inLanguage\":\"fr-FR\",\"potentialAction\":[{\"@type\":\"CommentAction\",\"name\":\"Comment\",\"target\":[\"https:\/\/dicodusport.fr\/blog\/transferts-toulouse-courtise-en-top-14-paul-graou-a-tranche-pour-son-avenir\/#respond\"]}],\"copyrightYear\":\"2024\",\"copyrightHolder\":{\"@id\":\"https:\/\/dicodusport.fr\/blog\/#organization\"}},{\"@type\":\"WebPage\",\"@id\":\"https:\/\/dicodusport.fr\/blog\/transferts-toulouse-courtise-en-top-14-paul-graou-a-tranche-pour-son-avenir\/\",\"url\":\"https:\/\/dicodusport.fr\/blog\/transferts-toulouse-courtise-en-top-14-paul-graou-a-tranche-pour-son-avenir\/\",\"name\":\"Transferts Toulouse : Courtis\u00e9 en Top 14, Paul Graou a tranch\u00e9 pour son avenir\",\"isPartOf\":{\"@id\":\"https:\/\/dicodusport.fr\/blog\/#website\"},\"primaryImageOfPage\":{\"@id\":\"https:\/\/dicodusport.fr\/blog\/transferts-toulouse-courtise-en-top-14-paul-graou-a-tranche-pour-son-avenir\/#primaryimage\"},\"image\":{\"@id\":\"https:\/\/dicodusport.fr\/blog\/transferts-toulouse-courtise-en-top-14-paul-graou-a-tranche-pour-son-avenir\/#primaryimage\"},\"thumbnailUrl\":\"https:\/\/dicodusport.fr\/blog\/wp-content\/uploads\/2024\/09\/Transferts-Toulouse-Courtise-en-Top-14-Paul-Graou-a-tranche-pour-son-avenir.png\",\"datePublished\":\"2024-09-23T07:05:34+00:00\",\"dateModified\":\"2024-09-23T08:10:50+00:00\",\"description\":\"TOP 14 2024-2025 - Selon le Midi Olympique, Paul Graou devrait prolonger \u00e0 Toulouse malgr\u00e9 l'int\u00e9r\u00eat du Racing 92.\u00a0\",\"breadcrumb\":{\"@id\":\"https:\/\/dicodusport.fr\/blog\/transferts-toulouse-courtise-en-top-14-paul-graou-a-tranche-pour-son-avenir\/#breadcrumb\"},\"inLanguage\":\"fr-FR\",\"potentialAction\":[{\"@type\":\"ReadAction\",\"target\":[\"https:\/\/dicodusport.fr\/blog\/transferts-toulouse-courtise-en-top-14-paul-graou-a-tranche-pour-son-avenir\/\"]}]},{\"@type\":\"ImageObject\",\"inLanguage\":\"fr-FR\",\"@id\":\"https:\/\/dicodusport.fr\/blog\/transferts-toulouse-courtise-en-top-14-paul-graou-a-tranche-pour-son-avenir\/#primaryimage\",\"url\":\"https:\/\/dicodusport.fr\/blog\/wp-content\/uploads\/2024\/09\/Transferts-Toulouse-Courtise-en-Top-14-Paul-Graou-a-tranche-pour-son-avenir.png\",\"contentUrl\":\"https:\/\/dicodusport.fr\/blog\/wp-content\/uploads\/2024\/09\/Transferts-Toulouse-Courtise-en-Top-14-Paul-Graou-a-tranche-pour-son-avenir.png\",\"width\":1200,\"height\":674},{\"@type\":\"BreadcrumbList\",\"@id\":\"https:\/\/dicodusport.fr\/blog\/transferts-toulouse-courtise-en-top-14-paul-graou-a-tranche-pour-son-avenir\/#breadcrumb\",\"itemListElement\":[{\"@type\":\"ListItem\",\"position\":1,\"name\":\"Accueil\",\"item\":\"https:\/\/dicodusport.fr\/blog\/\"},{\"@type\":\"ListItem\",\"position\":2,\"name\":\"Transferts Toulouse : Courtis\u00e9 en Top 14, Paul Graou a tranch\u00e9 pour son avenir\"}]},{\"@type\":\"WebSite\",\"@id\":\"https:\/\/dicodusport.fr\/blog\/#website\",\"url\":\"https:\/\/dicodusport.fr\/blog\/\",\"name\":\"Dicodusport\",\"description\":\"L&#039;encyclop\u00e9die de l&#039;actualit\u00e9 sportive\",\"publisher\":{\"@id\":\"https:\/\/dicodusport.fr\/blog\/#organization\"},\"potentialAction\":[{\"@type\":\"SearchAction\",\"target\":{\"@type\":\"EntryPoint\",\"urlTemplate\":\"https:\/\/dicodusport.fr\/blog\/?s={search_term_string}\"},\"query-input\":{\"@type\":\"PropertyValueSpecification\",\"valueRequired\":true,\"valueName\":\"search_term_string\"}}],\"inLanguage\":\"fr-FR\"},{\"@type\":\"NewsMediaOrganization\",\"@id\":\"https:\/\/dicodusport.fr\/blog\/#organization\",\"name\":\"Dicodusport\",\"url\":\"https:\/\/dicodusport.fr\/blog\/\",\"logo\":{\"@type\":\"ImageObject\",\"inLanguage\":\"fr-FR\",\"@id\":\"https:\/\/dicodusport.fr\/blog\/#\/schema\/logo\/image\/\",\"url\":\"https:\/\/dicodusport.fr\/blog\/wp-content\/uploads\/2020\/06\/cropped-LOGO-DICODUSPORT-2020-SANS-FOND-SANS-TEXTE.png\",\"contentUrl\":\"https:\/\/dicodusport.fr\/blog\/wp-content\/uploads\/2020\/06\/cropped-LOGO-DICODUSPORT-2020-SANS-FOND-SANS-TEXTE.png\",\"width\":512,\"height\":512,\"caption\":\"Dicodusport\"},\"image\":{\"@id\":\"https:\/\/dicodusport.fr\/blog\/#\/schema\/logo\/image\/\"},\"sameAs\":[\"https:\/\/www.facebook.com\/dicodusport\",\"https:\/\/x.com\/dicodusport\",\"https:\/\/www.instagram.com\/dicodusport\/\",\"https:\/\/www.youtube.com\/channel\/UC7V2KZ5sd3htJivAbA4ZG3w\"],\"description\":\"Dicodusport est l'encyclop\u00e9die de l'actualit\u00e9 sportive.\",\"email\":\"bonjour@dicodusport.fr\",\"legalName\":\"DICODUSPORT\",\"foundingDate\":\"2018-01-14\",\"vatID\":\"FR71834470973\",\"taxID\":\"83447097300043\",\"numberOfEmployees\":{\"@type\":\"QuantitativeValue\",\"minValue\":\"1\",\"maxValue\":\"10\"}},{\"@type\":\"Person\",\"@id\":\"https:\/\/dicodusport.fr\/blog\/#\/schema\/person\/55dcb50ad410894e431ed812bbb70191\",\"name\":\"Nicolas Jacquemard\",\"image\":{\"@type\":\"ImageObject\",\"inLanguage\":\"fr-FR\",\"@id\":\"https:\/\/dicodusport.fr\/blog\/#\/schema\/person\/image\/\",\"url\":\"https:\/\/dicodusport.fr\/blog\/wp-content\/uploads\/2021\/05\/Nicolas-Jacquemard-150x150.jpeg\",\"contentUrl\":\"https:\/\/dicodusport.fr\/blog\/wp-content\/uploads\/2021\/05\/Nicolas-Jacquemard-150x150.jpeg\",\"caption\":\"Nicolas Jacquemard\"},\"description\":\"Passionn\u00e9 de sport et entrepreneur depuis mes 18 ans, la cr\u00e9ation de Dicodusport m'a sembl\u00e9 \u00e9vidente pour participer \u00e0 la m\u00e9diatisation d'un plus grand nombre de sports. Le chemin est long mais avec une \u00e9quipe des plus motiv\u00e9es et les Jeux Olympiques de Paris 2024 en point de mire, nous y arriverons ! Journaliste dans le monde du sport depuis plus de 5 ans, je traite aussi bien de football, de rugby, de biathlon que de cyclisme.\",\"sameAs\":[\"https:\/\/www.facebook.com\/dicodusport\",\"https:\/\/x.com\/https:\/\/twitter.com\/Nico_Jacquemard\"],\"url\":\"https:\/\/dicodusport.fr\/blog\/author\/dicodusport\/\"}]}<\/script>\n<!-- \/ Yoast SEO Premium plugin. -->","yoast_head_json":{"title":"Transferts Toulouse : Courtis\u00e9 en Top 14, Paul Graou a tranch\u00e9 pour son avenir","description":"TOP 14 2024-2025 - Selon le Midi Olympique, Paul Graou devrait prolonger \u00e0 Toulouse malgr\u00e9 l'int\u00e9r\u00eat du Racing 92.\u00a0","robots":{"index":"index","follow":"follow","max-snippet":"max-snippet:-1","max-image-preview":"max-image-preview:large","max-video-preview":"max-video-preview:-1"},"canonical":"https:\/\/dicodusport.fr\/blog\/transferts-toulouse-courtise-en-top-14-paul-graou-a-tranche-pour-son-avenir\/","og_locale":"fr_FR","og_type":"article","og_title":"Transferts Toulouse : Courtis\u00e9 en Top 14, Paul Graou a tranch\u00e9 pour son avenir","og_description":"TOP 14 2024-2025 - Selon le Midi Olympique, Paul Graou devrait prolonger \u00e0 Toulouse malgr\u00e9 l'int\u00e9r\u00eat du Racing 92.\u00a0","og_url":"https:\/\/dicodusport.fr\/blog\/transferts-toulouse-courtise-en-top-14-paul-graou-a-tranche-pour-son-avenir\/","og_site_name":"Dicodusport","article_publisher":"https:\/\/www.facebook.com\/dicodusport","article_author":"https:\/\/www.facebook.com\/dicodusport","article_published_time":"2024-09-23T07:05:34+00:00","article_modified_time":"2024-09-23T08:10:50+00:00","og_image":[{"width":1200,"height":674,"url":"https:\/\/dicodusport.fr\/blog\/wp-content\/uploads\/2024\/09\/Transferts-Toulouse-Courtise-en-Top-14-Paul-Graou-a-tranche-pour-son-avenir.png","type":"image\/png"}],"author":"Nicolas Jacquemard","twitter_card":"summary_large_image","twitter_title":"Transferts Toulouse : Courtis\u00e9 en Top 14, Paul Graou a tranch\u00e9 pour son avenir","twitter_creator":"@https:\/\/twitter.com\/Nico_Jacquemard","twitter_site":"@dicodusport","schema":{"@context":"https:\/\/schema.org","@graph":[{"@type":"NewsArticle","@id":"https:\/\/dicodusport.fr\/blog\/transferts-toulouse-courtise-en-top-14-paul-graou-a-tranche-pour-son-avenir\/#article","isPartOf":{"@id":"https:\/\/dicodusport.fr\/blog\/transferts-toulouse-courtise-en-top-14-paul-graou-a-tranche-pour-son-avenir\/"},"author":{"name":"Nicolas Jacquemard","@id":"https:\/\/dicodusport.fr\/blog\/#\/schema\/person\/55dcb50ad410894e431ed812bbb70191"},"headline":"Transferts Toulouse : Courtis\u00e9 en Top 14, Paul Graou a tranch\u00e9 pour son avenir","datePublished":"2024-09-23T07:05:34+00:00","dateModified":"2024-09-23T08:10:50+00:00","mainEntityOfPage":{"@id":"https:\/\/dicodusport.fr\/blog\/transferts-toulouse-courtise-en-top-14-paul-graou-a-tranche-pour-son-avenir\/"},"wordCount":297,"commentCount":0,"publisher":{"@id":"https:\/\/dicodusport.fr\/blog\/#organization"},"image":{"@id":"https:\/\/dicodusport.fr\/blog\/transferts-toulouse-courtise-en-top-14-paul-graou-a-tranche-pour-son-avenir\/#primaryimage"},"thumbnailUrl":"https:\/\/dicodusport.fr\/blog\/wp-content\/uploads\/2024\/09\/Transferts-Toulouse-Courtise-en-Top-14-Paul-Graou-a-tranche-pour-son-avenir.png","keywords":["br\u00e8ve","Paul Graou","Racing 92","Stade Toulousain","Toulouse"],"articleSection":["Rugby \u00e0 XV","Top 14"],"inLanguage":"fr-FR","potentialAction":[{"@type":"CommentAction","name":"Comment","target":["https:\/\/dicodusport.fr\/blog\/transferts-toulouse-courtise-en-top-14-paul-graou-a-tranche-pour-son-avenir\/#respond"]}],"copyrightYear":"2024","copyrightHolder":{"@id":"https:\/\/dicodusport.fr\/blog\/#organization"}},{"@type":"WebPage","@id":"https:\/\/dicodusport.fr\/blog\/transferts-toulouse-courtise-en-top-14-paul-graou-a-tranche-pour-son-avenir\/","url":"https:\/\/dicodusport.fr\/blog\/transferts-toulouse-courtise-en-top-14-paul-graou-a-tranche-pour-son-avenir\/","name":"Transferts Toulouse : Courtis\u00e9 en Top 14, Paul Graou a tranch\u00e9 pour son avenir","isPartOf":{"@id":"https:\/\/dicodusport.fr\/blog\/#website"},"primaryImageOfPage":{"@id":"https:\/\/dicodusport.fr\/blog\/transferts-toulouse-courtise-en-top-14-paul-graou-a-tranche-pour-son-avenir\/#primaryimage"},"image":{"@id":"https:\/\/dicodusport.fr\/blog\/transferts-toulouse-courtise-en-top-14-paul-graou-a-tranche-pour-son-avenir\/#primaryimage"},"thumbnailUrl":"https:\/\/dicodusport.fr\/blog\/wp-content\/uploads\/2024\/09\/Transferts-Toulouse-Courtise-en-Top-14-Paul-Graou-a-tranche-pour-son-avenir.png","datePublished":"2024-09-23T07:05:34+00:00","dateModified":"2024-09-23T08:10:50+00:00","description":"TOP 14 2024-2025 - Selon le Midi Olympique, Paul Graou devrait prolonger \u00e0 Toulouse malgr\u00e9 l'int\u00e9r\u00eat du Racing 92.\u00a0","breadcrumb":{"@id":"https:\/\/dicodusport.fr\/blog\/transferts-toulouse-courtise-en-top-14-paul-graou-a-tranche-pour-son-avenir\/#breadcrumb"},"inLanguage":"fr-FR","potentialAction":[{"@type":"ReadAction","target":["https:\/\/dicodusport.fr\/blog\/transferts-toulouse-courtise-en-top-14-paul-graou-a-tranche-pour-son-avenir\/"]}]},{"@type":"ImageObject","inLanguage":"fr-FR","@id":"https:\/\/dicodusport.fr\/blog\/transferts-toulouse-courtise-en-top-14-paul-graou-a-tranche-pour-son-avenir\/#primaryimage","url":"https:\/\/dicodusport.fr\/blog\/wp-content\/uploads\/2024\/09\/Transferts-Toulouse-Courtise-en-Top-14-Paul-Graou-a-tranche-pour-son-avenir.png","contentUrl":"https:\/\/dicodusport.fr\/blog\/wp-content\/uploads\/2024\/09\/Transferts-Toulouse-Courtise-en-Top-14-Paul-Graou-a-tranche-pour-son-avenir.png","width":1200,"height":674},{"@type":"BreadcrumbList","@id":"https:\/\/dicodusport.fr\/blog\/transferts-toulouse-courtise-en-top-14-paul-graou-a-tranche-pour-son-avenir\/#breadcrumb","itemListElement":[{"@type":"ListItem","position":1,"name":"Accueil","item":"https:\/\/dicodusport.fr\/blog\/"},{"@type":"ListItem","position":2,"name":"Transferts Toulouse : Courtis\u00e9 en Top 14, Paul Graou a tranch\u00e9 pour son avenir"}]},{"@type":"WebSite","@id":"https:\/\/dicodusport.fr\/blog\/#website","url":"https:\/\/dicodusport.fr\/blog\/","name":"Dicodusport","description":"L&#039;encyclop\u00e9die de l&#039;actualit\u00e9 sportive","publisher":{"@id":"https:\/\/dicodusport.fr\/blog\/#organization"},"potentialAction":[{"@type":"SearchAction","target":{"@type":"EntryPoint","urlTemplate":"https:\/\/dicodusport.fr\/blog\/?s={search_term_string}"},"query-input":{"@type":"PropertyValueSpecification","valueRequired":true,"valueName":"search_term_string"}}],"inLanguage":"fr-FR"},{"@type":"NewsMediaOrganization","@id":"https:\/\/dicodusport.fr\/blog\/#organization","name":"Dicodusport","url":"https:\/\/dicodusport.fr\/blog\/","logo":{"@type":"ImageObject","inLanguage":"fr-FR","@id":"https:\/\/dicodusport.fr\/blog\/#\/schema\/logo\/image\/","url":"https:\/\/dicodusport.fr\/blog\/wp-content\/uploads\/2020\/06\/cropped-LOGO-DICODUSPORT-2020-SANS-FOND-SANS-TEXTE.png","contentUrl":"https:\/\/dicodusport.fr\/blog\/wp-content\/uploads\/2020\/06\/cropped-LOGO-DICODUSPORT-2020-SANS-FOND-SANS-TEXTE.png","width":512,"height":512,"caption":"Dicodusport"},"image":{"@id":"https:\/\/dicodusport.fr\/blog\/#\/schema\/logo\/image\/"},"sameAs":["https:\/\/www.facebook.com\/dicodusport","https:\/\/x.com\/dicodusport","https:\/\/www.instagram.com\/dicodusport\/","https:\/\/www.youtube.com\/channel\/UC7V2KZ5sd3htJivAbA4ZG3w"],"description":"Dicodusport est l'encyclop\u00e9die de l'actualit\u00e9 sportive.","email":"bonjour@dicodusport.fr","legalName":"DICODUSPORT","foundingDate":"2018-01-14","vatID":"FR71834470973","taxID":"83447097300043","numberOfEmployees":{"@type":"QuantitativeValue","minValue":"1","maxValue":"10"}},{"@type":"Person","@id":"https:\/\/dicodusport.fr\/blog\/#\/schema\/person\/55dcb50ad410894e431ed812bbb70191","name":"Nicolas Jacquemard","image":{"@type":"ImageObject","inLanguage":"fr-FR","@id":"https:\/\/dicodusport.fr\/blog\/#\/schema\/person\/image\/","url":"https:\/\/dicodusport.fr\/blog\/wp-content\/uploads\/2021\/05\/Nicolas-Jacquemard-150x150.jpeg","contentUrl":"https:\/\/dicodusport.fr\/blog\/wp-content\/uploads\/2021\/05\/Nicolas-Jacquemard-150x150.jpeg","caption":"Nicolas Jacquemard"},"description":"Passionn\u00e9 de sport et entrepreneur depuis mes 18 ans, la cr\u00e9ation de Dicodusport m'a sembl\u00e9 \u00e9vidente pour participer \u00e0 la m\u00e9diatisation d'un plus grand nombre de sports. Le chemin est long mais avec une \u00e9quipe des plus motiv\u00e9es et les Jeux Olympiques de Paris 2024 en point de mire, nous y arriverons ! Journaliste dans le monde du sport depuis plus de 5 ans, je traite aussi bien de football, de rugby, de biathlon que de cyclisme.","sameAs":["https:\/\/www.facebook.com\/dicodusport","https:\/\/x.com\/https:\/\/twitter.com\/Nico_Jacquemard"],"url":"https:\/\/dicodusport.fr\/blog\/author\/dicodusport\/"}]}},"_links":{"self":[{"href":"https:\/\/dicodusport.fr\/blog\/wp-json\/wp\/v2\/posts\/522265","targetHints":{"allow":["GET"]}}],"collection":[{"href":"https:\/\/dicodusport.fr\/blog\/wp-json\/wp\/v2\/posts"}],"about":[{"href":"https:\/\/dicodusport.fr\/blog\/wp-json\/wp\/v2\/types\/post"}],"author":[{"embeddable":true,"href":"https:\/\/dicodusport.fr\/blog\/wp-json\/wp\/v2\/users\/1"}],"replies":[{"embeddable":true,"href":"https:\/\/dicodusport.fr\/blog\/wp-json\/wp\/v2\/comments?post=522265"}],"version-history":[{"count":5,"href":"https:\/\/dicodusport.fr\/blog\/wp-json\/wp\/v2\/posts\/522265\/revisions"}],"predecessor-version":[{"id":522291,"href":"https:\/\/dicodusport.fr\/blog\/wp-json\/wp\/v2\/posts\/522265\/revisions\/522291"}],"wp:featuredmedia":[{"embeddable":true,"href":"https:\/\/dicodusport.fr\/blog\/wp-json\/wp\/v2\/media\/522268"}],"wp:attachment":[{"href":"https:\/\/dicodusport.fr\/blog\/wp-json\/wp\/v2\/media?parent=522265"}],"wp:term":[{"taxonomy":"category","embeddable":true,"href":"https:\/\/dicodusport.fr\/blog\/wp-json\/wp\/v2\/categories?post=522265"},{"taxonomy":"post_tag","embeddable":true,"href":"https:\/\/dicodusport.fr\/blog\/wp-json\/wp\/v2\/tags?post=522265"}],"curies":[{"name":"wp","href":"https:\/\/api.w.org\/{rel}","templated":true}]}}