{"id":522285,"date":"2024-09-23T11:27:31","date_gmt":"2024-09-23T09:27:31","guid":{"rendered":"https:\/\/dicodusport.fr\/blog\/?p=522285&#038;preview=true&#038;preview_id=522285"},"modified":"2024-09-23T11:56:54","modified_gmt":"2024-09-23T09:56:54","slug":"mondiaux-cyclisme-2024-paul-seixas-champion-du-monde-juniors-du-contre-la-montre","status":"publish","type":"post","link":"https:\/\/dicodusport.fr\/blog\/mondiaux-cyclisme-2024-paul-seixas-champion-du-monde-juniors-du-contre-la-montre\/","title":{"rendered":"Mondiaux Cyclisme 2024 : Paul Seixas champion du monde juniors du contre-la-montre !"},"content":{"rendered":"<p style=\"text-align: justify;\"><em><strong>CYCLISME SUR ROUTE CHAMPIONNATS DU MONDE 2024 &#8211; Grande premi\u00e8re pour la France, puisque Paul Seixas est devenu le premier Tricolore sacr\u00e9 sur le contre-la-montre juniors gar\u00e7ons.\u00a0<\/strong><\/em><\/p>\n<p style=\"text-align: justify;\">Un grand favori pour ce contre-la-montre juniors gar\u00e7ons : <strong>Albert Philipsen<\/strong>, <a href=\"https:\/\/dicodusport.fr\/blog\/cyclisme-mondiaux-2023-albert-philipsen-champion-du-monde-juniors\/\">sacr\u00e9 sur la course en ligne l&rsquo;an dernier<\/a>, et dont on voyait mal comment il pouvait perdre cette \u00e9preuve, m\u00eame si <a href=\"https:\/\/dicodusport.fr\/blog\/cyclisme-championnats-deurope-2024-michiel-mouris-sacre-champion-deurope-juniors-du-contre-la-montre\/\">le r\u00e9cent champion d&rsquo;Europe de la sp\u00e9cialit\u00e9<\/a> <strong>Michiel Mouris<\/strong> et <strong>Finlay Tarling<\/strong> \u00e9taient des candidats s\u00e9rieux. Deux Bleuets \u00e9taient engag\u00e9s, <strong>Louis Chaleil<\/strong> et <strong>Paul Seixas<\/strong>, mais les chances de podium \u00e9taient moindres.<\/p>\n<ul style=\"text-align: justify;\">\n<li style=\"text-align: justify;\"><strong>\u00c0 ce sujet \u2013\u00a0<a href=\"https:\/\/dicodusport.fr\/blog\/programme-et-resultats-championnats-du-monde-cyclisme-sur-route-2024\/\">Programme et r\u00e9sultats Championnats du monde cyclisme sur route 2024<\/a><\/strong><\/li>\n<\/ul>\n<p style=\"text-align: justify;\">Deuxi\u00e8me \u00e0 s&rsquo;\u00e9lancer, le Belge <strong>Matisse van Kerckhove<\/strong> a sign\u00e9 un temps de r\u00e9f\u00e9rence (<strong>28:15.56<\/strong>) qui devait suppos\u00e9ment tenir un moment. Effectivement, personne ne parvenait \u00e0 s&rsquo;approcher de ce chrono ne serait-ce que d&rsquo;une minute. Le premier \u00e0 r\u00e9aliser ceci \u00e9tait&#8230; <strong>Louis Chaleil<\/strong>, qui coupait toutefois la ligne \u00e0 38 secondes. Mais c&rsquo;est le second Tricolore, <strong>Paul Seixas<\/strong>, qui frappait un grand coup. Alors qu&rsquo;il \u00e9tait en retard \u00e0 chaque interm\u00e9diaire, il a termin\u00e9 en boulet de canon pour prendre la t\u00eate avec 7 secondes de marge !<\/p>\n<ul style=\"text-align: justify;\">\n<li style=\"text-align: justify;\"><strong>\u00c0 ce sujet \u2013 <a href=\"https:\/\/dicodusport.fr\/blog\/mondiaux-cyclisme-2024-classement-contre-la-montre-juniors-hommes\/\">Le classement du contre-la-montre juniors<\/a><\/strong><\/li>\n<\/ul>\n<p style=\"text-align: justify;\">Et \u00e0 ce moment-l\u00e0, la m\u00e9daille paraissait certaine, et le titre devenait bien plus qu&rsquo;une illusion. <strong>Albert Philipsen<\/strong>, jamais dans les clous, terminait loin du compte au final. Le principal danger \u00e9tait <strong>Jasper Schoofs<\/strong> et <strong>William Holmes<\/strong>, dans les clous au deuxi\u00e8me interm\u00e9diaire. Mais la fin de parcours du Fran\u00e7ais \u00e9tait telle qu&rsquo;aucun concurrent n&rsquo;allait r\u00e9ussir \u00e0 rivaliser, <strong>Schoofs<\/strong> prenant la 2e place \u00e0 six secondes devant <strong>van Kerckhove<\/strong> et <strong>Holmes,<\/strong> dindon de la farce. Pour la premi\u00e8re fois, un junior fran\u00e7ais est champion du monde du contre-la-montre, en la personne de <strong>Paul Seixas<\/strong> !<\/p>\n<blockquote class=\"twitter-tweet\">\n<p dir=\"ltr\" lang=\"en\">\ud83c\uddeb\ud83c\uddf7 \ud83e\udd47Paul Seixas \ud83e\udd47\ud83c\uddeb\ud83c\uddf7<\/p>\n<p>Men Junior Individual Time Trial UCI World Champion \ud83c\udf08 and the first time France have ever won this title! <a href=\"https:\/\/twitter.com\/hashtag\/Zurich2024?src=hash&amp;ref_src=twsrc%5Etfw\">#Zurich2024<\/a> <a href=\"https:\/\/t.co\/qTaRUirCRL\">pic.twitter.com\/qTaRUirCRL<\/a><\/p>\n<p>\u2014 UCI (@UCI_cycling) <a href=\"https:\/\/twitter.com\/UCI_cycling\/status\/1838148590687928787?ref_src=twsrc%5Etfw\">September 23, 2024<\/a><\/p><\/blockquote>\n<p><script async src=\"https:\/\/platform.twitter.com\/widgets.js\" charset=\"utf-8\"><\/script><\/p>\n","protected":false},"excerpt":{"rendered":"<p>CYCLISME SUR ROUTE CHAMPIONNATS DU MONDE 2024 &#8211; Grande premi\u00e8re pour la France, puisque Paul Seixas est devenu le premier Tricolore sacr\u00e9 sur le contre-la-montre juniors gar\u00e7ons.\u00a0<\/p>\n","protected":false},"author":59,"featured_media":522319,"comment_status":"open","ping_status":"closed","sticky":false,"template":"","format":"standard","meta":{"_acf_changed":false,"_daextam_enable_autolinks":"1","footnotes":""},"categories":[46994],"tags":[16878,19450,41979,24],"class_list":["post-522285","post","type-post","status-publish","format-standard","has-post-thumbnail","hentry","category-cyclisme-sur-route","tag-breve","tag-championnats-du-monde-de-cyclisme-sur-route","tag-contre-la-montre-championnats-du-monde-de-cyclisme-sur-route","tag-sport"],"acf":[],"yoast_head":"<!-- This site is optimized with the Yoast SEO Premium plugin v26.7 (Yoast SEO v26.7) - https:\/\/yoast.com\/wordpress\/plugins\/seo\/ -->\n<title>Mondiaux Cyclisme 2024 : Paul Seixas champion du monde juniors du contre-la-montre !<\/title>\n<meta name=\"description\" content=\"CYCLISME SUR ROUTE CHAMPIONNATS DU MONDE 2024 - Paul Seixas est devenu le premier Tricolore sacr\u00e9 sur le contre-la-montre juniors gar\u00e7ons.\u00a0\" \/>\n<meta name=\"robots\" content=\"index, follow, max-snippet:-1, max-image-preview:large, max-video-preview:-1\" \/>\n<link rel=\"canonical\" href=\"https:\/\/dicodusport.fr\/blog\/mondiaux-cyclisme-2024-paul-seixas-champion-du-monde-juniors-du-contre-la-montre\/\" \/>\n<meta property=\"og:locale\" content=\"fr_FR\" \/>\n<meta property=\"og:type\" content=\"article\" \/>\n<meta property=\"og:title\" content=\"Mondiaux Cyclisme 2024 : Paul Seixas champion du monde juniors du contre-la-montre !\" \/>\n<meta property=\"og:description\" content=\"CYCLISME SUR ROUTE CHAMPIONNATS DU MONDE 2024 - Paul Seixas est devenu le premier Tricolore sacr\u00e9 sur le contre-la-montre juniors gar\u00e7ons.\u00a0\" \/>\n<meta property=\"og:url\" content=\"https:\/\/dicodusport.fr\/blog\/mondiaux-cyclisme-2024-paul-seixas-champion-du-monde-juniors-du-contre-la-montre\/\" \/>\n<meta property=\"og:site_name\" content=\"Dicodusport\" \/>\n<meta property=\"article:publisher\" content=\"https:\/\/www.facebook.com\/dicodusport\" \/>\n<meta property=\"article:author\" content=\"https:\/\/www.facebook.com\/sebastien.gente\/\" \/>\n<meta property=\"article:published_time\" content=\"2024-09-23T09:27:31+00:00\" \/>\n<meta property=\"article:modified_time\" content=\"2024-09-23T09:56:54+00:00\" \/>\n<meta property=\"og:image\" content=\"https:\/\/dicodusport.fr\/blog\/wp-content\/uploads\/2024\/09\/Mondiaux-Cyclisme-2024-Paul-Seixas-champion-du-monde-juniors-du-contre-la-montre-1-1.png\" \/>\n\t<meta property=\"og:image:width\" content=\"1200\" \/>\n\t<meta property=\"og:image:height\" content=\"674\" \/>\n\t<meta property=\"og:image:type\" content=\"image\/png\" \/>\n<meta name=\"author\" content=\"S\u00e9bastien Gente\" \/>\n<meta name=\"twitter:card\" content=\"summary_large_image\" \/>\n<meta name=\"twitter:title\" content=\"Mondiaux Cyclisme 2024 : Paul Seixas champion du monde juniors du contre-la-montre !\" \/>\n<meta name=\"twitter:creator\" content=\"@https:\/\/twitter.com\/globulo24\" \/>\n<meta name=\"twitter:site\" content=\"@dicodusport\" \/>\n<script type=\"application\/ld+json\" class=\"yoast-schema-graph\">{\"@context\":\"https:\/\/schema.org\",\"@graph\":[{\"@type\":\"NewsArticle\",\"@id\":\"https:\/\/dicodusport.fr\/blog\/mondiaux-cyclisme-2024-paul-seixas-champion-du-monde-juniors-du-contre-la-montre\/#article\",\"isPartOf\":{\"@id\":\"https:\/\/dicodusport.fr\/blog\/mondiaux-cyclisme-2024-paul-seixas-champion-du-monde-juniors-du-contre-la-montre\/\"},\"author\":{\"name\":\"S\u00e9bastien Gente\",\"@id\":\"https:\/\/dicodusport.fr\/blog\/#\/schema\/person\/627966a6cde45dbd8c5e36ac85d783da\"},\"headline\":\"Mondiaux Cyclisme 2024 : Paul Seixas champion du monde juniors du contre-la-montre !\",\"datePublished\":\"2024-09-23T09:27:31+00:00\",\"dateModified\":\"2024-09-23T09:56:54+00:00\",\"mainEntityOfPage\":{\"@id\":\"https:\/\/dicodusport.fr\/blog\/mondiaux-cyclisme-2024-paul-seixas-champion-du-monde-juniors-du-contre-la-montre\/\"},\"wordCount\":349,\"commentCount\":0,\"publisher\":{\"@id\":\"https:\/\/dicodusport.fr\/blog\/#organization\"},\"image\":{\"@id\":\"https:\/\/dicodusport.fr\/blog\/mondiaux-cyclisme-2024-paul-seixas-champion-du-monde-juniors-du-contre-la-montre\/#primaryimage\"},\"thumbnailUrl\":\"https:\/\/dicodusport.fr\/blog\/wp-content\/uploads\/2024\/09\/Mondiaux-Cyclisme-2024-Paul-Seixas-champion-du-monde-juniors-du-contre-la-montre-1-1.png\",\"keywords\":[\"br\u00e8ve\",\"Championnats du monde de cyclisme sur route\",\"Contre-la-montre Championnats du monde de cyclisme sur route\",\"sport\"],\"articleSection\":[\"Cyclisme sur route\"],\"inLanguage\":\"fr-FR\",\"potentialAction\":[{\"@type\":\"CommentAction\",\"name\":\"Comment\",\"target\":[\"https:\/\/dicodusport.fr\/blog\/mondiaux-cyclisme-2024-paul-seixas-champion-du-monde-juniors-du-contre-la-montre\/#respond\"]}],\"copyrightYear\":\"2024\",\"copyrightHolder\":{\"@id\":\"https:\/\/dicodusport.fr\/blog\/#organization\"}},{\"@type\":\"WebPage\",\"@id\":\"https:\/\/dicodusport.fr\/blog\/mondiaux-cyclisme-2024-paul-seixas-champion-du-monde-juniors-du-contre-la-montre\/\",\"url\":\"https:\/\/dicodusport.fr\/blog\/mondiaux-cyclisme-2024-paul-seixas-champion-du-monde-juniors-du-contre-la-montre\/\",\"name\":\"Mondiaux Cyclisme 2024 : Paul Seixas champion du monde juniors du contre-la-montre !\",\"isPartOf\":{\"@id\":\"https:\/\/dicodusport.fr\/blog\/#website\"},\"primaryImageOfPage\":{\"@id\":\"https:\/\/dicodusport.fr\/blog\/mondiaux-cyclisme-2024-paul-seixas-champion-du-monde-juniors-du-contre-la-montre\/#primaryimage\"},\"image\":{\"@id\":\"https:\/\/dicodusport.fr\/blog\/mondiaux-cyclisme-2024-paul-seixas-champion-du-monde-juniors-du-contre-la-montre\/#primaryimage\"},\"thumbnailUrl\":\"https:\/\/dicodusport.fr\/blog\/wp-content\/uploads\/2024\/09\/Mondiaux-Cyclisme-2024-Paul-Seixas-champion-du-monde-juniors-du-contre-la-montre-1-1.png\",\"datePublished\":\"2024-09-23T09:27:31+00:00\",\"dateModified\":\"2024-09-23T09:56:54+00:00\",\"description\":\"CYCLISME SUR ROUTE CHAMPIONNATS DU MONDE 2024 - Paul Seixas est devenu le premier Tricolore sacr\u00e9 sur le contre-la-montre juniors gar\u00e7ons.\u00a0\",\"breadcrumb\":{\"@id\":\"https:\/\/dicodusport.fr\/blog\/mondiaux-cyclisme-2024-paul-seixas-champion-du-monde-juniors-du-contre-la-montre\/#breadcrumb\"},\"inLanguage\":\"fr-FR\",\"potentialAction\":[{\"@type\":\"ReadAction\",\"target\":[\"https:\/\/dicodusport.fr\/blog\/mondiaux-cyclisme-2024-paul-seixas-champion-du-monde-juniors-du-contre-la-montre\/\"]}]},{\"@type\":\"ImageObject\",\"inLanguage\":\"fr-FR\",\"@id\":\"https:\/\/dicodusport.fr\/blog\/mondiaux-cyclisme-2024-paul-seixas-champion-du-monde-juniors-du-contre-la-montre\/#primaryimage\",\"url\":\"https:\/\/dicodusport.fr\/blog\/wp-content\/uploads\/2024\/09\/Mondiaux-Cyclisme-2024-Paul-Seixas-champion-du-monde-juniors-du-contre-la-montre-1-1.png\",\"contentUrl\":\"https:\/\/dicodusport.fr\/blog\/wp-content\/uploads\/2024\/09\/Mondiaux-Cyclisme-2024-Paul-Seixas-champion-du-monde-juniors-du-contre-la-montre-1-1.png\",\"width\":1200,\"height\":674,\"caption\":\"Mondiaux Cyclisme 2024 Paul Seixas champion du monde juniors du contre-la-montre !\"},{\"@type\":\"BreadcrumbList\",\"@id\":\"https:\/\/dicodusport.fr\/blog\/mondiaux-cyclisme-2024-paul-seixas-champion-du-monde-juniors-du-contre-la-montre\/#breadcrumb\",\"itemListElement\":[{\"@type\":\"ListItem\",\"position\":1,\"name\":\"Accueil\",\"item\":\"https:\/\/dicodusport.fr\/blog\/\"},{\"@type\":\"ListItem\",\"position\":2,\"name\":\"Mondiaux Cyclisme 2024 : Paul Seixas champion du monde juniors du contre-la-montre !\"}]},{\"@type\":\"WebSite\",\"@id\":\"https:\/\/dicodusport.fr\/blog\/#website\",\"url\":\"https:\/\/dicodusport.fr\/blog\/\",\"name\":\"Dicodusport\",\"description\":\"L&#039;encyclop\u00e9die de l&#039;actualit\u00e9 sportive\",\"publisher\":{\"@id\":\"https:\/\/dicodusport.fr\/blog\/#organization\"},\"potentialAction\":[{\"@type\":\"SearchAction\",\"target\":{\"@type\":\"EntryPoint\",\"urlTemplate\":\"https:\/\/dicodusport.fr\/blog\/?s={search_term_string}\"},\"query-input\":{\"@type\":\"PropertyValueSpecification\",\"valueRequired\":true,\"valueName\":\"search_term_string\"}}],\"inLanguage\":\"fr-FR\"},{\"@type\":\"NewsMediaOrganization\",\"@id\":\"https:\/\/dicodusport.fr\/blog\/#organization\",\"name\":\"Dicodusport\",\"url\":\"https:\/\/dicodusport.fr\/blog\/\",\"logo\":{\"@type\":\"ImageObject\",\"inLanguage\":\"fr-FR\",\"@id\":\"https:\/\/dicodusport.fr\/blog\/#\/schema\/logo\/image\/\",\"url\":\"https:\/\/dicodusport.fr\/blog\/wp-content\/uploads\/2020\/06\/cropped-LOGO-DICODUSPORT-2020-SANS-FOND-SANS-TEXTE.png\",\"contentUrl\":\"https:\/\/dicodusport.fr\/blog\/wp-content\/uploads\/2020\/06\/cropped-LOGO-DICODUSPORT-2020-SANS-FOND-SANS-TEXTE.png\",\"width\":512,\"height\":512,\"caption\":\"Dicodusport\"},\"image\":{\"@id\":\"https:\/\/dicodusport.fr\/blog\/#\/schema\/logo\/image\/\"},\"sameAs\":[\"https:\/\/www.facebook.com\/dicodusport\",\"https:\/\/x.com\/dicodusport\",\"https:\/\/www.instagram.com\/dicodusport\/\",\"https:\/\/www.youtube.com\/channel\/UC7V2KZ5sd3htJivAbA4ZG3w\"],\"description\":\"Dicodusport est l'encyclop\u00e9die de l'actualit\u00e9 sportive.\",\"email\":\"bonjour@dicodusport.fr\",\"legalName\":\"DICODUSPORT\",\"foundingDate\":\"2018-01-14\",\"vatID\":\"FR71834470973\",\"taxID\":\"83447097300043\",\"numberOfEmployees\":{\"@type\":\"QuantitativeValue\",\"minValue\":\"1\",\"maxValue\":\"10\"}},{\"@type\":\"Person\",\"@id\":\"https:\/\/dicodusport.fr\/blog\/#\/schema\/person\/627966a6cde45dbd8c5e36ac85d783da\",\"name\":\"S\u00e9bastien Gente\",\"image\":{\"@type\":\"ImageObject\",\"inLanguage\":\"fr-FR\",\"@id\":\"https:\/\/dicodusport.fr\/blog\/#\/schema\/person\/image\/\",\"url\":\"https:\/\/dicodusport.fr\/blog\/wp-content\/uploads\/2021\/09\/1510990_10205810251400683_4124423575079401707_n-150x150.jpg\",\"contentUrl\":\"https:\/\/dicodusport.fr\/blog\/wp-content\/uploads\/2021\/09\/1510990_10205810251400683_4124423575079401707_n-150x150.jpg\",\"caption\":\"S\u00e9bastien Gente\"},\"description\":\"John Stockton, Gianni Bugno, Zinedine Zidane, Steffi Graf, Frode Andresen, St\u00e9phane Stoecklin, Davis Kamoga, Primoz Peterka, Werner Schlager et Aur\u00e9lien Rougerie. Point commun entre ces sportifs? Ils m'ont fait r\u00eaver et ont berc\u00e9 mon adolescence. Je suis un fondu de sports et j'essaie de retranscrire ma passion \u00e0 travers mes articles. Originaire du P\u00e9rigord, ma passion pour les Girondins, les Jaunards et les Jazzmen transpire dans mes \u00e9crits. \u00c0 Dicodusport depuis 2021, je d\u00e9niche les sports m\u00e9connus dans lesquels la France brille, et il y en a !\",\"sameAs\":[\"https:\/\/www.facebook.com\/sebastien.gente\/\",\"https:\/\/www.instagram.com\/sebgente\/\",\"https:\/\/www.linkedin.com\/in\/sbastien-gente-a29583169\/\",\"https:\/\/x.com\/https:\/\/twitter.com\/globulo24\",\"SebastienGente\"],\"worksFor\":\"S\u00e9bastien GENTE\",\"url\":\"https:\/\/dicodusport.fr\/blog\/author\/sebastiengente\/\"}]}<\/script>\n<!-- \/ Yoast SEO Premium plugin. -->","yoast_head_json":{"title":"Mondiaux Cyclisme 2024 : Paul Seixas champion du monde juniors du contre-la-montre !","description":"CYCLISME SUR ROUTE CHAMPIONNATS DU MONDE 2024 - Paul Seixas est devenu le premier Tricolore sacr\u00e9 sur le contre-la-montre juniors gar\u00e7ons.\u00a0","robots":{"index":"index","follow":"follow","max-snippet":"max-snippet:-1","max-image-preview":"max-image-preview:large","max-video-preview":"max-video-preview:-1"},"canonical":"https:\/\/dicodusport.fr\/blog\/mondiaux-cyclisme-2024-paul-seixas-champion-du-monde-juniors-du-contre-la-montre\/","og_locale":"fr_FR","og_type":"article","og_title":"Mondiaux Cyclisme 2024 : Paul Seixas champion du monde juniors du contre-la-montre !","og_description":"CYCLISME SUR ROUTE CHAMPIONNATS DU MONDE 2024 - Paul Seixas est devenu le premier Tricolore sacr\u00e9 sur le contre-la-montre juniors gar\u00e7ons.\u00a0","og_url":"https:\/\/dicodusport.fr\/blog\/mondiaux-cyclisme-2024-paul-seixas-champion-du-monde-juniors-du-contre-la-montre\/","og_site_name":"Dicodusport","article_publisher":"https:\/\/www.facebook.com\/dicodusport","article_author":"https:\/\/www.facebook.com\/sebastien.gente\/","article_published_time":"2024-09-23T09:27:31+00:00","article_modified_time":"2024-09-23T09:56:54+00:00","og_image":[{"width":1200,"height":674,"url":"https:\/\/dicodusport.fr\/blog\/wp-content\/uploads\/2024\/09\/Mondiaux-Cyclisme-2024-Paul-Seixas-champion-du-monde-juniors-du-contre-la-montre-1-1.png","type":"image\/png"}],"author":"S\u00e9bastien Gente","twitter_card":"summary_large_image","twitter_title":"Mondiaux Cyclisme 2024 : Paul Seixas champion du monde juniors du contre-la-montre !","twitter_creator":"@https:\/\/twitter.com\/globulo24","twitter_site":"@dicodusport","schema":{"@context":"https:\/\/schema.org","@graph":[{"@type":"NewsArticle","@id":"https:\/\/dicodusport.fr\/blog\/mondiaux-cyclisme-2024-paul-seixas-champion-du-monde-juniors-du-contre-la-montre\/#article","isPartOf":{"@id":"https:\/\/dicodusport.fr\/blog\/mondiaux-cyclisme-2024-paul-seixas-champion-du-monde-juniors-du-contre-la-montre\/"},"author":{"name":"S\u00e9bastien Gente","@id":"https:\/\/dicodusport.fr\/blog\/#\/schema\/person\/627966a6cde45dbd8c5e36ac85d783da"},"headline":"Mondiaux Cyclisme 2024 : Paul Seixas champion du monde juniors du contre-la-montre !","datePublished":"2024-09-23T09:27:31+00:00","dateModified":"2024-09-23T09:56:54+00:00","mainEntityOfPage":{"@id":"https:\/\/dicodusport.fr\/blog\/mondiaux-cyclisme-2024-paul-seixas-champion-du-monde-juniors-du-contre-la-montre\/"},"wordCount":349,"commentCount":0,"publisher":{"@id":"https:\/\/dicodusport.fr\/blog\/#organization"},"image":{"@id":"https:\/\/dicodusport.fr\/blog\/mondiaux-cyclisme-2024-paul-seixas-champion-du-monde-juniors-du-contre-la-montre\/#primaryimage"},"thumbnailUrl":"https:\/\/dicodusport.fr\/blog\/wp-content\/uploads\/2024\/09\/Mondiaux-Cyclisme-2024-Paul-Seixas-champion-du-monde-juniors-du-contre-la-montre-1-1.png","keywords":["br\u00e8ve","Championnats du monde de cyclisme sur route","Contre-la-montre Championnats du monde de cyclisme sur route","sport"],"articleSection":["Cyclisme sur route"],"inLanguage":"fr-FR","potentialAction":[{"@type":"CommentAction","name":"Comment","target":["https:\/\/dicodusport.fr\/blog\/mondiaux-cyclisme-2024-paul-seixas-champion-du-monde-juniors-du-contre-la-montre\/#respond"]}],"copyrightYear":"2024","copyrightHolder":{"@id":"https:\/\/dicodusport.fr\/blog\/#organization"}},{"@type":"WebPage","@id":"https:\/\/dicodusport.fr\/blog\/mondiaux-cyclisme-2024-paul-seixas-champion-du-monde-juniors-du-contre-la-montre\/","url":"https:\/\/dicodusport.fr\/blog\/mondiaux-cyclisme-2024-paul-seixas-champion-du-monde-juniors-du-contre-la-montre\/","name":"Mondiaux Cyclisme 2024 : Paul Seixas champion du monde juniors du contre-la-montre !","isPartOf":{"@id":"https:\/\/dicodusport.fr\/blog\/#website"},"primaryImageOfPage":{"@id":"https:\/\/dicodusport.fr\/blog\/mondiaux-cyclisme-2024-paul-seixas-champion-du-monde-juniors-du-contre-la-montre\/#primaryimage"},"image":{"@id":"https:\/\/dicodusport.fr\/blog\/mondiaux-cyclisme-2024-paul-seixas-champion-du-monde-juniors-du-contre-la-montre\/#primaryimage"},"thumbnailUrl":"https:\/\/dicodusport.fr\/blog\/wp-content\/uploads\/2024\/09\/Mondiaux-Cyclisme-2024-Paul-Seixas-champion-du-monde-juniors-du-contre-la-montre-1-1.png","datePublished":"2024-09-23T09:27:31+00:00","dateModified":"2024-09-23T09:56:54+00:00","description":"CYCLISME SUR ROUTE CHAMPIONNATS DU MONDE 2024 - Paul Seixas est devenu le premier Tricolore sacr\u00e9 sur le contre-la-montre juniors gar\u00e7ons.\u00a0","breadcrumb":{"@id":"https:\/\/dicodusport.fr\/blog\/mondiaux-cyclisme-2024-paul-seixas-champion-du-monde-juniors-du-contre-la-montre\/#breadcrumb"},"inLanguage":"fr-FR","potentialAction":[{"@type":"ReadAction","target":["https:\/\/dicodusport.fr\/blog\/mondiaux-cyclisme-2024-paul-seixas-champion-du-monde-juniors-du-contre-la-montre\/"]}]},{"@type":"ImageObject","inLanguage":"fr-FR","@id":"https:\/\/dicodusport.fr\/blog\/mondiaux-cyclisme-2024-paul-seixas-champion-du-monde-juniors-du-contre-la-montre\/#primaryimage","url":"https:\/\/dicodusport.fr\/blog\/wp-content\/uploads\/2024\/09\/Mondiaux-Cyclisme-2024-Paul-Seixas-champion-du-monde-juniors-du-contre-la-montre-1-1.png","contentUrl":"https:\/\/dicodusport.fr\/blog\/wp-content\/uploads\/2024\/09\/Mondiaux-Cyclisme-2024-Paul-Seixas-champion-du-monde-juniors-du-contre-la-montre-1-1.png","width":1200,"height":674,"caption":"Mondiaux Cyclisme 2024 Paul Seixas champion du monde juniors du contre-la-montre !"},{"@type":"BreadcrumbList","@id":"https:\/\/dicodusport.fr\/blog\/mondiaux-cyclisme-2024-paul-seixas-champion-du-monde-juniors-du-contre-la-montre\/#breadcrumb","itemListElement":[{"@type":"ListItem","position":1,"name":"Accueil","item":"https:\/\/dicodusport.fr\/blog\/"},{"@type":"ListItem","position":2,"name":"Mondiaux Cyclisme 2024 : Paul Seixas champion du monde juniors du contre-la-montre !"}]},{"@type":"WebSite","@id":"https:\/\/dicodusport.fr\/blog\/#website","url":"https:\/\/dicodusport.fr\/blog\/","name":"Dicodusport","description":"L&#039;encyclop\u00e9die de l&#039;actualit\u00e9 sportive","publisher":{"@id":"https:\/\/dicodusport.fr\/blog\/#organization"},"potentialAction":[{"@type":"SearchAction","target":{"@type":"EntryPoint","urlTemplate":"https:\/\/dicodusport.fr\/blog\/?s={search_term_string}"},"query-input":{"@type":"PropertyValueSpecification","valueRequired":true,"valueName":"search_term_string"}}],"inLanguage":"fr-FR"},{"@type":"NewsMediaOrganization","@id":"https:\/\/dicodusport.fr\/blog\/#organization","name":"Dicodusport","url":"https:\/\/dicodusport.fr\/blog\/","logo":{"@type":"ImageObject","inLanguage":"fr-FR","@id":"https:\/\/dicodusport.fr\/blog\/#\/schema\/logo\/image\/","url":"https:\/\/dicodusport.fr\/blog\/wp-content\/uploads\/2020\/06\/cropped-LOGO-DICODUSPORT-2020-SANS-FOND-SANS-TEXTE.png","contentUrl":"https:\/\/dicodusport.fr\/blog\/wp-content\/uploads\/2020\/06\/cropped-LOGO-DICODUSPORT-2020-SANS-FOND-SANS-TEXTE.png","width":512,"height":512,"caption":"Dicodusport"},"image":{"@id":"https:\/\/dicodusport.fr\/blog\/#\/schema\/logo\/image\/"},"sameAs":["https:\/\/www.facebook.com\/dicodusport","https:\/\/x.com\/dicodusport","https:\/\/www.instagram.com\/dicodusport\/","https:\/\/www.youtube.com\/channel\/UC7V2KZ5sd3htJivAbA4ZG3w"],"description":"Dicodusport est l'encyclop\u00e9die de l'actualit\u00e9 sportive.","email":"bonjour@dicodusport.fr","legalName":"DICODUSPORT","foundingDate":"2018-01-14","vatID":"FR71834470973","taxID":"83447097300043","numberOfEmployees":{"@type":"QuantitativeValue","minValue":"1","maxValue":"10"}},{"@type":"Person","@id":"https:\/\/dicodusport.fr\/blog\/#\/schema\/person\/627966a6cde45dbd8c5e36ac85d783da","name":"S\u00e9bastien Gente","image":{"@type":"ImageObject","inLanguage":"fr-FR","@id":"https:\/\/dicodusport.fr\/blog\/#\/schema\/person\/image\/","url":"https:\/\/dicodusport.fr\/blog\/wp-content\/uploads\/2021\/09\/1510990_10205810251400683_4124423575079401707_n-150x150.jpg","contentUrl":"https:\/\/dicodusport.fr\/blog\/wp-content\/uploads\/2021\/09\/1510990_10205810251400683_4124423575079401707_n-150x150.jpg","caption":"S\u00e9bastien Gente"},"description":"John Stockton, Gianni Bugno, Zinedine Zidane, Steffi Graf, Frode Andresen, St\u00e9phane Stoecklin, Davis Kamoga, Primoz Peterka, Werner Schlager et Aur\u00e9lien Rougerie. Point commun entre ces sportifs? Ils m'ont fait r\u00eaver et ont berc\u00e9 mon adolescence. Je suis un fondu de sports et j'essaie de retranscrire ma passion \u00e0 travers mes articles. Originaire du P\u00e9rigord, ma passion pour les Girondins, les Jaunards et les Jazzmen transpire dans mes \u00e9crits. \u00c0 Dicodusport depuis 2021, je d\u00e9niche les sports m\u00e9connus dans lesquels la France brille, et il y en a !","sameAs":["https:\/\/www.facebook.com\/sebastien.gente\/","https:\/\/www.instagram.com\/sebgente\/","https:\/\/www.linkedin.com\/in\/sbastien-gente-a29583169\/","https:\/\/x.com\/https:\/\/twitter.com\/globulo24","SebastienGente"],"worksFor":"S\u00e9bastien GENTE","url":"https:\/\/dicodusport.fr\/blog\/author\/sebastiengente\/"}]}},"_links":{"self":[{"href":"https:\/\/dicodusport.fr\/blog\/wp-json\/wp\/v2\/posts\/522285","targetHints":{"allow":["GET"]}}],"collection":[{"href":"https:\/\/dicodusport.fr\/blog\/wp-json\/wp\/v2\/posts"}],"about":[{"href":"https:\/\/dicodusport.fr\/blog\/wp-json\/wp\/v2\/types\/post"}],"author":[{"embeddable":true,"href":"https:\/\/dicodusport.fr\/blog\/wp-json\/wp\/v2\/users\/59"}],"replies":[{"embeddable":true,"href":"https:\/\/dicodusport.fr\/blog\/wp-json\/wp\/v2\/comments?post=522285"}],"version-history":[{"count":3,"href":"https:\/\/dicodusport.fr\/blog\/wp-json\/wp\/v2\/posts\/522285\/revisions"}],"predecessor-version":[{"id":522320,"href":"https:\/\/dicodusport.fr\/blog\/wp-json\/wp\/v2\/posts\/522285\/revisions\/522320"}],"wp:featuredmedia":[{"embeddable":true,"href":"https:\/\/dicodusport.fr\/blog\/wp-json\/wp\/v2\/media\/522319"}],"wp:attachment":[{"href":"https:\/\/dicodusport.fr\/blog\/wp-json\/wp\/v2\/media?parent=522285"}],"wp:term":[{"taxonomy":"category","embeddable":true,"href":"https:\/\/dicodusport.fr\/blog\/wp-json\/wp\/v2\/categories?post=522285"},{"taxonomy":"post_tag","embeddable":true,"href":"https:\/\/dicodusport.fr\/blog\/wp-json\/wp\/v2\/tags?post=522285"}],"curies":[{"name":"wp","href":"https:\/\/api.w.org\/{rel}","templated":true}]}}