{"id":522292,"date":"2024-09-23T11:07:08","date_gmt":"2024-09-23T09:07:08","guid":{"rendered":"https:\/\/dicodusport.fr\/blog\/?p=522292&#038;preview=true&#038;preview_id=522292"},"modified":"2024-09-23T11:07:08","modified_gmt":"2024-09-23T09:07:08","slug":"mondiaux-canoe-kayak-marathon-2024-lequipe-de-france-repart-avec-six-medailles-de-croatie","status":"publish","type":"post","link":"https:\/\/dicodusport.fr\/blog\/mondiaux-canoe-kayak-marathon-2024-lequipe-de-france-repart-avec-six-medailles-de-croatie\/","title":{"rendered":"Mondiaux cano\u00eb-kayak marathon 2024 : L&rsquo;\u00e9quipe de France repart avec six m\u00e9dailles de Croatie"},"content":{"rendered":"<h4 style=\"text-align: justify;\"><em>CHAMPIONNATS DU MONDE DE CANO\u00cb-KAYAK MARATHON 2024 &#8211; Du 16 au 22 septembre, les Bleus avaient rendez-vous en Croatie. Et l\u2019\u00e9quipe de France n\u2019est pas repartie bredouille, loin de l\u00e0, avec six m\u00e9dailles mondiales dont quatre apport\u00e9es par le para cano\u00eb-kayak.<\/em><\/h4>\n<p style=\"text-align: justify;\">C\u2019\u00e9tait un objectif pour <strong>Thomas Dunilac<\/strong>, monter sur le podium de ces Mondiaux en monoplace apr\u00e8s l\u2019argent d\u00e9croch\u00e9 avec son fr\u00e8re en 2017. Voil\u00e0 chose faite sur la <em>short race<\/em>. Le Fran\u00e7ais a pris le bronze en C1 derri\u00e8re l\u2019Espagnol <strong>Ignacio Calvo<\/strong>, sacr\u00e9, et le Polonais <strong>Mateusz Borgiel<\/strong>, second. Pour sceller la comp\u00e9tition, la paire tricolore compos\u00e9e de <strong>J\u00e9r\u00e9my Candy<\/strong> et <strong>Quentin Urban<\/strong> ont conserv\u00e9 leur statut de vice-champions du monde. D\u2019un petit rien, encore une fois, les Bleus restent derri\u00e8re le duo portugais Pimenta\/Ramalho qui s\u2019offre un troisi\u00e8me titre de rang sur la longue distance K2.<\/p>\n<blockquote class=\"twitter-tweet\">\n<p dir=\"ltr\" lang=\"fr\">\ud83e\udd47Immense bravo \u00e0 Gabin Keirel champion du monde marathon Paracano\u00eb (KL3).<br \/>\nA 18 ans le sportif de l\u2019\u00e9quipe EDF ASL Espoir s\u2019impose \u00e0 Metkovic \ud83c\udded\ud83c\uddf7<br \/>\nBravo \u00e0 tous ceux qui l\u2019accompagnent au quotidien, dont <a href=\"https:\/\/twitter.com\/ASLCanoeKayak?ref_src=twsrc%5Etfw\">@ASLCanoeKayak<\/a> bien s\u00fbr. Quel beau cadeau pour nos 35 ans de partenariat! <a href=\"https:\/\/t.co\/h151PMiVKn\">pic.twitter.com\/h151PMiVKn<\/a><\/p>\n<p>\u2014 EDF Hauts De France (@EDF_HDF) <a href=\"https:\/\/twitter.com\/EDF_HDF\/status\/1837105251662336381?ref_src=twsrc%5Etfw\">September 20, 2024<\/a><\/p><\/blockquote>\n<p style=\"text-align: justify;\"><script async src=\"https:\/\/platform.twitter.com\/widgets.js\" charset=\"utf-8\"><\/script><\/p>\n<p style=\"text-align: justify;\">Entre ces deux r\u00e9compenses fran\u00e7aises, le para cano\u00eb a permis \u00e0 l\u2019\u00e9quipe de France de charger davantage les valises retour. <strong>Mehdi Degmache<\/strong>, deuxi\u00e8me de sa cat\u00e9gorie KL2 a ainsi inspir\u00e9 ses compatriotes. On est ensuite pass\u00e9 de peu \u00e0 c\u00f4t\u00e9 du podium 100% bleu avec les trois Fran\u00e7ais placer dans le top 4 du KL3 mais le Britannique <strong>Timothy Lodge<\/strong> s\u2019immisce en seconde position entre <strong>Gabin Keirel<\/strong>, sur la premi\u00e8re marche du podium, et <strong>Yves Grondin<\/strong>, sur la troisi\u00e8me. <strong>Thierry Bazin<\/strong> est le malheureux 4<sup>\u00e8me<\/sup>. Chez les femmes, on a \u00e9galement eu le droit \u00e0 une <em>Marseille<\/em>, <strong>Sophie Brillant<\/strong> laissant les deux Br\u00e9siliennes pr\u00e9sentes dans la course VL3 derri\u00e8re elle.<\/p>\n<ul style=\"list-style-type: disc; text-align: justify;\">\n<li><strong>\u00c0 ce sujet &#8211; <a href=\"https:\/\/dicodusport.fr\/blog\/mieux-comprendre-le-handisport-le-canoe-kayak\/\">Mieux comprendre le para cano\u00eb-kayak<\/a><\/strong><\/li>\n<\/ul>\n<h2 style=\"text-align: justify;\">Les 6 m\u00e9dailles fran\u00e7aises de cano\u00eb-kayak marathon<\/h2>\n<p style=\"text-align: justify;\"><span style=\"text-decoration: underline;\">OR<\/span> : Gabin KEIREL (para cano\u00eb-kayak KL3), Sophie BRILLANT (para cano\u00eb-kayak VL3)<\/p>\n<p style=\"text-align: justify;\"><span style=\"text-decoration: underline;\">ARGENT<\/span> : Mehdi DEGMACHE (para cano\u00eb-kayak KL2), J\u00e9r\u00e9my CANDY\/Quentin URBAN (K2 longue distance)<\/p>\n<p style=\"text-align: justify;\"><span style=\"text-decoration: underline;\">BRONZE<\/span> : Thomas DUNILAC (C1 sprint), Yves GRONDIN (para cano\u00eb-kayak KL3)<\/p>\n","protected":false},"excerpt":{"rendered":"<p>CHAMPIONNATS DU MONDE DE CANO\u00cb-KAYAK MARATHON 2024 &#8211; Du 16 au 22 septembre, les Bleus avaient rendez-vous en Croatie. Et l\u2019\u00e9quipe de France n\u2019est pas repartie bredouille, loin de l\u00e0, avec six m\u00e9dailles mondiales dont quatre apport\u00e9es par le para cano\u00eb-kayak.<\/p>\n","protected":false},"author":18,"featured_media":522306,"comment_status":"open","ping_status":"closed","sticky":false,"template":"","format":"standard","meta":{"_acf_changed":false,"_daextam_enable_autolinks":"1","footnotes":""},"categories":[10458],"tags":[16878,1123],"class_list":["post-522292","post","type-post","status-publish","format-standard","has-post-thumbnail","hentry","category-canoe-kayak","tag-breve","tag-canoe-kayak"],"acf":[],"yoast_head":"<!-- This site is optimized with the Yoast SEO Premium plugin v26.7 (Yoast SEO v26.7) - https:\/\/yoast.com\/wordpress\/plugins\/seo\/ -->\n<title>Mondiaux cano\u00eb-kayak marathon 2024 : L&#039;\u00e9quipe de France repart avec six m\u00e9dailles de Croatie<\/title>\n<meta name=\"description\" content=\"CHAMPIONNATS DU MONDE DE CANO\u00cb-KAYAK MARATHON 2024 - Du 16 au 22 septembre, les Bleus avaient rendez-vous en Croatie.\" \/>\n<meta name=\"robots\" content=\"index, follow, max-snippet:-1, max-image-preview:large, max-video-preview:-1\" \/>\n<link rel=\"canonical\" href=\"https:\/\/dicodusport.fr\/blog\/mondiaux-canoe-kayak-marathon-2024-lequipe-de-france-repart-avec-six-medailles-de-croatie\/\" \/>\n<meta property=\"og:locale\" content=\"fr_FR\" \/>\n<meta property=\"og:type\" content=\"article\" \/>\n<meta property=\"og:title\" content=\"Mondiaux cano\u00eb-kayak marathon 2024 : L&#039;\u00e9quipe de France repart avec six m\u00e9dailles de Croatie\" \/>\n<meta property=\"og:description\" content=\"CHAMPIONNATS DU MONDE DE CANO\u00cb-KAYAK MARATHON 2024 - Du 16 au 22 septembre, les Bleus avaient rendez-vous en Croatie.\" \/>\n<meta property=\"og:url\" content=\"https:\/\/dicodusport.fr\/blog\/mondiaux-canoe-kayak-marathon-2024-lequipe-de-france-repart-avec-six-medailles-de-croatie\/\" \/>\n<meta property=\"og:site_name\" content=\"Dicodusport\" \/>\n<meta property=\"article:publisher\" content=\"https:\/\/www.facebook.com\/dicodusport\" \/>\n<meta property=\"article:author\" content=\"https:\/\/www.facebook.com\/soocube\" \/>\n<meta property=\"article:published_time\" content=\"2024-09-23T09:07:08+00:00\" \/>\n<meta property=\"og:image\" content=\"https:\/\/dicodusport.fr\/blog\/wp-content\/uploads\/2024\/09\/Mondiaux-canoe-kayak-marathon-2024-Lequipe-de-France-repart-avec-six-medailles-de-Croatie.png\" \/>\n\t<meta property=\"og:image:width\" content=\"1200\" \/>\n\t<meta property=\"og:image:height\" content=\"674\" \/>\n\t<meta property=\"og:image:type\" content=\"image\/png\" \/>\n<meta name=\"author\" content=\"Sophie Clapier\" \/>\n<meta name=\"twitter:card\" content=\"summary_large_image\" \/>\n<meta name=\"twitter:title\" content=\"Mondiaux cano\u00eb-kayak marathon 2024 : L&#039;\u00e9quipe de France repart avec six m\u00e9dailles de Croatie\" \/>\n<meta name=\"twitter:creator\" content=\"@https:\/\/twitter.com\/soocube\" \/>\n<meta name=\"twitter:site\" content=\"@dicodusport\" \/>\n<script type=\"application\/ld+json\" class=\"yoast-schema-graph\">{\"@context\":\"https:\/\/schema.org\",\"@graph\":[{\"@type\":\"NewsArticle\",\"@id\":\"https:\/\/dicodusport.fr\/blog\/mondiaux-canoe-kayak-marathon-2024-lequipe-de-france-repart-avec-six-medailles-de-croatie\/#article\",\"isPartOf\":{\"@id\":\"https:\/\/dicodusport.fr\/blog\/mondiaux-canoe-kayak-marathon-2024-lequipe-de-france-repart-avec-six-medailles-de-croatie\/\"},\"author\":{\"name\":\"Sophie Clapier\",\"@id\":\"https:\/\/dicodusport.fr\/blog\/#\/schema\/person\/416c975648aca9da8839bdfe333a21c9\"},\"headline\":\"Mondiaux cano\u00eb-kayak marathon 2024 : L&rsquo;\u00e9quipe de France repart avec six m\u00e9dailles de Croatie\",\"datePublished\":\"2024-09-23T09:07:08+00:00\",\"mainEntityOfPage\":{\"@id\":\"https:\/\/dicodusport.fr\/blog\/mondiaux-canoe-kayak-marathon-2024-lequipe-de-france-repart-avec-six-medailles-de-croatie\/\"},\"wordCount\":404,\"commentCount\":0,\"publisher\":{\"@id\":\"https:\/\/dicodusport.fr\/blog\/#organization\"},\"image\":{\"@id\":\"https:\/\/dicodusport.fr\/blog\/mondiaux-canoe-kayak-marathon-2024-lequipe-de-france-repart-avec-six-medailles-de-croatie\/#primaryimage\"},\"thumbnailUrl\":\"https:\/\/dicodusport.fr\/blog\/wp-content\/uploads\/2024\/09\/Mondiaux-canoe-kayak-marathon-2024-Lequipe-de-France-repart-avec-six-medailles-de-Croatie.png\",\"keywords\":[\"br\u00e8ve\",\"canoe kayak\"],\"articleSection\":[\"Cano\u00eb-Kayak\"],\"inLanguage\":\"fr-FR\",\"potentialAction\":[{\"@type\":\"CommentAction\",\"name\":\"Comment\",\"target\":[\"https:\/\/dicodusport.fr\/blog\/mondiaux-canoe-kayak-marathon-2024-lequipe-de-france-repart-avec-six-medailles-de-croatie\/#respond\"]}],\"copyrightYear\":\"2024\",\"copyrightHolder\":{\"@id\":\"https:\/\/dicodusport.fr\/blog\/#organization\"}},{\"@type\":\"WebPage\",\"@id\":\"https:\/\/dicodusport.fr\/blog\/mondiaux-canoe-kayak-marathon-2024-lequipe-de-france-repart-avec-six-medailles-de-croatie\/\",\"url\":\"https:\/\/dicodusport.fr\/blog\/mondiaux-canoe-kayak-marathon-2024-lequipe-de-france-repart-avec-six-medailles-de-croatie\/\",\"name\":\"Mondiaux cano\u00eb-kayak marathon 2024 : L'\u00e9quipe de France repart avec six m\u00e9dailles de Croatie\",\"isPartOf\":{\"@id\":\"https:\/\/dicodusport.fr\/blog\/#website\"},\"primaryImageOfPage\":{\"@id\":\"https:\/\/dicodusport.fr\/blog\/mondiaux-canoe-kayak-marathon-2024-lequipe-de-france-repart-avec-six-medailles-de-croatie\/#primaryimage\"},\"image\":{\"@id\":\"https:\/\/dicodusport.fr\/blog\/mondiaux-canoe-kayak-marathon-2024-lequipe-de-france-repart-avec-six-medailles-de-croatie\/#primaryimage\"},\"thumbnailUrl\":\"https:\/\/dicodusport.fr\/blog\/wp-content\/uploads\/2024\/09\/Mondiaux-canoe-kayak-marathon-2024-Lequipe-de-France-repart-avec-six-medailles-de-Croatie.png\",\"datePublished\":\"2024-09-23T09:07:08+00:00\",\"description\":\"CHAMPIONNATS DU MONDE DE CANO\u00cb-KAYAK MARATHON 2024 - Du 16 au 22 septembre, les Bleus avaient rendez-vous en Croatie.\",\"breadcrumb\":{\"@id\":\"https:\/\/dicodusport.fr\/blog\/mondiaux-canoe-kayak-marathon-2024-lequipe-de-france-repart-avec-six-medailles-de-croatie\/#breadcrumb\"},\"inLanguage\":\"fr-FR\",\"potentialAction\":[{\"@type\":\"ReadAction\",\"target\":[\"https:\/\/dicodusport.fr\/blog\/mondiaux-canoe-kayak-marathon-2024-lequipe-de-france-repart-avec-six-medailles-de-croatie\/\"]}]},{\"@type\":\"ImageObject\",\"inLanguage\":\"fr-FR\",\"@id\":\"https:\/\/dicodusport.fr\/blog\/mondiaux-canoe-kayak-marathon-2024-lequipe-de-france-repart-avec-six-medailles-de-croatie\/#primaryimage\",\"url\":\"https:\/\/dicodusport.fr\/blog\/wp-content\/uploads\/2024\/09\/Mondiaux-canoe-kayak-marathon-2024-Lequipe-de-France-repart-avec-six-medailles-de-Croatie.png\",\"contentUrl\":\"https:\/\/dicodusport.fr\/blog\/wp-content\/uploads\/2024\/09\/Mondiaux-canoe-kayak-marathon-2024-Lequipe-de-France-repart-avec-six-medailles-de-Croatie.png\",\"width\":1200,\"height\":674,\"caption\":\"Mondiaux cano\u00eb-kayak marathon 2024 L'\u00e9quipe de France repart avec six m\u00e9dailles de Croatie\"},{\"@type\":\"BreadcrumbList\",\"@id\":\"https:\/\/dicodusport.fr\/blog\/mondiaux-canoe-kayak-marathon-2024-lequipe-de-france-repart-avec-six-medailles-de-croatie\/#breadcrumb\",\"itemListElement\":[{\"@type\":\"ListItem\",\"position\":1,\"name\":\"Accueil\",\"item\":\"https:\/\/dicodusport.fr\/blog\/\"},{\"@type\":\"ListItem\",\"position\":2,\"name\":\"Mondiaux cano\u00eb-kayak marathon 2024 : L&#8217;\u00e9quipe de France repart avec six m\u00e9dailles de Croatie\"}]},{\"@type\":\"WebSite\",\"@id\":\"https:\/\/dicodusport.fr\/blog\/#website\",\"url\":\"https:\/\/dicodusport.fr\/blog\/\",\"name\":\"Dicodusport\",\"description\":\"L&#039;encyclop\u00e9die de l&#039;actualit\u00e9 sportive\",\"publisher\":{\"@id\":\"https:\/\/dicodusport.fr\/blog\/#organization\"},\"potentialAction\":[{\"@type\":\"SearchAction\",\"target\":{\"@type\":\"EntryPoint\",\"urlTemplate\":\"https:\/\/dicodusport.fr\/blog\/?s={search_term_string}\"},\"query-input\":{\"@type\":\"PropertyValueSpecification\",\"valueRequired\":true,\"valueName\":\"search_term_string\"}}],\"inLanguage\":\"fr-FR\"},{\"@type\":\"NewsMediaOrganization\",\"@id\":\"https:\/\/dicodusport.fr\/blog\/#organization\",\"name\":\"Dicodusport\",\"url\":\"https:\/\/dicodusport.fr\/blog\/\",\"logo\":{\"@type\":\"ImageObject\",\"inLanguage\":\"fr-FR\",\"@id\":\"https:\/\/dicodusport.fr\/blog\/#\/schema\/logo\/image\/\",\"url\":\"https:\/\/dicodusport.fr\/blog\/wp-content\/uploads\/2020\/06\/cropped-LOGO-DICODUSPORT-2020-SANS-FOND-SANS-TEXTE.png\",\"contentUrl\":\"https:\/\/dicodusport.fr\/blog\/wp-content\/uploads\/2020\/06\/cropped-LOGO-DICODUSPORT-2020-SANS-FOND-SANS-TEXTE.png\",\"width\":512,\"height\":512,\"caption\":\"Dicodusport\"},\"image\":{\"@id\":\"https:\/\/dicodusport.fr\/blog\/#\/schema\/logo\/image\/\"},\"sameAs\":[\"https:\/\/www.facebook.com\/dicodusport\",\"https:\/\/x.com\/dicodusport\",\"https:\/\/www.instagram.com\/dicodusport\/\",\"https:\/\/www.youtube.com\/channel\/UC7V2KZ5sd3htJivAbA4ZG3w\"],\"description\":\"Dicodusport est l'encyclop\u00e9die de l'actualit\u00e9 sportive.\",\"email\":\"bonjour@dicodusport.fr\",\"legalName\":\"DICODUSPORT\",\"foundingDate\":\"2018-01-14\",\"vatID\":\"FR71834470973\",\"taxID\":\"83447097300043\",\"numberOfEmployees\":{\"@type\":\"QuantitativeValue\",\"minValue\":\"1\",\"maxValue\":\"10\"}},{\"@type\":\"Person\",\"@id\":\"https:\/\/dicodusport.fr\/blog\/#\/schema\/person\/416c975648aca9da8839bdfe333a21c9\",\"name\":\"Sophie Clapier\",\"image\":{\"@type\":\"ImageObject\",\"inLanguage\":\"fr-FR\",\"@id\":\"https:\/\/dicodusport.fr\/blog\/#\/schema\/person\/image\/\",\"url\":\"https:\/\/dicodusport.fr\/blog\/wp-content\/uploads\/2021\/05\/Sophie-Clapier-150x150.jpg\",\"contentUrl\":\"https:\/\/dicodusport.fr\/blog\/wp-content\/uploads\/2021\/05\/Sophie-Clapier-150x150.jpg\",\"caption\":\"Sophie Clapier\"},\"description\":\"Journaliste\/r\u00e9dactrice depuis janvier 2016 - Passionn\u00e9e de sport depuis toujours, j\u2019en ai pratiqu\u00e9 quelques-uns. Judo, football, handball ou encore tennis, je n\u2019ai jamais pu me mettre d\u2019accord sur un en particulier. Mais \u00e7a, c\u2019\u00e9tait avant de d\u00e9couvrir le basket, devenu mon sport de pr\u00e9dilection. Les actions NBA, le All-Star Week-end, la fureur des Game 7 pendant les playoffs ou mieux, lors des Finals, this is why we play. Team Spurs T.P, je m\u2019accroche encore \u00e0 Gregg Popovich (don\u2019t leave !). Team chef Curry, je souhaite qu\u2019il finisse aux Warriors (staaaay !). Non, il n\u2019y a pas qu\u2019eux, des petits nouveaux -et des petites nouvelles \u00e9videmment- arrivent chaque jour dans toutes les disciplines et cr\u00e9ent de nouveaux exploits. Alors pour les grands \u00e9v\u00e9nements et comp\u00e9titions internationales, vive les pulsations 240\/minutes et le d\u00e9fibrillateur pas loin, et allez les Bleu(e)s ! C\u2019est s\u00fbr, j\u2019aurai plus vu ma vie sur un terrain de sport, mais \u00e0 d\u00e9faut d\u2019en faire en haut niveau, je le partage avec vous.\",\"sameAs\":[\"https:\/\/www.facebook.com\/soocube\",\"https:\/\/x.com\/https:\/\/twitter.com\/soocube\",\"admin\"],\"url\":\"https:\/\/dicodusport.fr\/blog\/author\/sophie\/\"}]}<\/script>\n<!-- \/ Yoast SEO Premium plugin. -->","yoast_head_json":{"title":"Mondiaux cano\u00eb-kayak marathon 2024 : L'\u00e9quipe de France repart avec six m\u00e9dailles de Croatie","description":"CHAMPIONNATS DU MONDE DE CANO\u00cb-KAYAK MARATHON 2024 - Du 16 au 22 septembre, les Bleus avaient rendez-vous en Croatie.","robots":{"index":"index","follow":"follow","max-snippet":"max-snippet:-1","max-image-preview":"max-image-preview:large","max-video-preview":"max-video-preview:-1"},"canonical":"https:\/\/dicodusport.fr\/blog\/mondiaux-canoe-kayak-marathon-2024-lequipe-de-france-repart-avec-six-medailles-de-croatie\/","og_locale":"fr_FR","og_type":"article","og_title":"Mondiaux cano\u00eb-kayak marathon 2024 : L'\u00e9quipe de France repart avec six m\u00e9dailles de Croatie","og_description":"CHAMPIONNATS DU MONDE DE CANO\u00cb-KAYAK MARATHON 2024 - Du 16 au 22 septembre, les Bleus avaient rendez-vous en Croatie.","og_url":"https:\/\/dicodusport.fr\/blog\/mondiaux-canoe-kayak-marathon-2024-lequipe-de-france-repart-avec-six-medailles-de-croatie\/","og_site_name":"Dicodusport","article_publisher":"https:\/\/www.facebook.com\/dicodusport","article_author":"https:\/\/www.facebook.com\/soocube","article_published_time":"2024-09-23T09:07:08+00:00","og_image":[{"width":1200,"height":674,"url":"https:\/\/dicodusport.fr\/blog\/wp-content\/uploads\/2024\/09\/Mondiaux-canoe-kayak-marathon-2024-Lequipe-de-France-repart-avec-six-medailles-de-Croatie.png","type":"image\/png"}],"author":"Sophie Clapier","twitter_card":"summary_large_image","twitter_title":"Mondiaux cano\u00eb-kayak marathon 2024 : L'\u00e9quipe de France repart avec six m\u00e9dailles de Croatie","twitter_creator":"@https:\/\/twitter.com\/soocube","twitter_site":"@dicodusport","schema":{"@context":"https:\/\/schema.org","@graph":[{"@type":"NewsArticle","@id":"https:\/\/dicodusport.fr\/blog\/mondiaux-canoe-kayak-marathon-2024-lequipe-de-france-repart-avec-six-medailles-de-croatie\/#article","isPartOf":{"@id":"https:\/\/dicodusport.fr\/blog\/mondiaux-canoe-kayak-marathon-2024-lequipe-de-france-repart-avec-six-medailles-de-croatie\/"},"author":{"name":"Sophie Clapier","@id":"https:\/\/dicodusport.fr\/blog\/#\/schema\/person\/416c975648aca9da8839bdfe333a21c9"},"headline":"Mondiaux cano\u00eb-kayak marathon 2024 : L&rsquo;\u00e9quipe de France repart avec six m\u00e9dailles de Croatie","datePublished":"2024-09-23T09:07:08+00:00","mainEntityOfPage":{"@id":"https:\/\/dicodusport.fr\/blog\/mondiaux-canoe-kayak-marathon-2024-lequipe-de-france-repart-avec-six-medailles-de-croatie\/"},"wordCount":404,"commentCount":0,"publisher":{"@id":"https:\/\/dicodusport.fr\/blog\/#organization"},"image":{"@id":"https:\/\/dicodusport.fr\/blog\/mondiaux-canoe-kayak-marathon-2024-lequipe-de-france-repart-avec-six-medailles-de-croatie\/#primaryimage"},"thumbnailUrl":"https:\/\/dicodusport.fr\/blog\/wp-content\/uploads\/2024\/09\/Mondiaux-canoe-kayak-marathon-2024-Lequipe-de-France-repart-avec-six-medailles-de-Croatie.png","keywords":["br\u00e8ve","canoe kayak"],"articleSection":["Cano\u00eb-Kayak"],"inLanguage":"fr-FR","potentialAction":[{"@type":"CommentAction","name":"Comment","target":["https:\/\/dicodusport.fr\/blog\/mondiaux-canoe-kayak-marathon-2024-lequipe-de-france-repart-avec-six-medailles-de-croatie\/#respond"]}],"copyrightYear":"2024","copyrightHolder":{"@id":"https:\/\/dicodusport.fr\/blog\/#organization"}},{"@type":"WebPage","@id":"https:\/\/dicodusport.fr\/blog\/mondiaux-canoe-kayak-marathon-2024-lequipe-de-france-repart-avec-six-medailles-de-croatie\/","url":"https:\/\/dicodusport.fr\/blog\/mondiaux-canoe-kayak-marathon-2024-lequipe-de-france-repart-avec-six-medailles-de-croatie\/","name":"Mondiaux cano\u00eb-kayak marathon 2024 : L'\u00e9quipe de France repart avec six m\u00e9dailles de Croatie","isPartOf":{"@id":"https:\/\/dicodusport.fr\/blog\/#website"},"primaryImageOfPage":{"@id":"https:\/\/dicodusport.fr\/blog\/mondiaux-canoe-kayak-marathon-2024-lequipe-de-france-repart-avec-six-medailles-de-croatie\/#primaryimage"},"image":{"@id":"https:\/\/dicodusport.fr\/blog\/mondiaux-canoe-kayak-marathon-2024-lequipe-de-france-repart-avec-six-medailles-de-croatie\/#primaryimage"},"thumbnailUrl":"https:\/\/dicodusport.fr\/blog\/wp-content\/uploads\/2024\/09\/Mondiaux-canoe-kayak-marathon-2024-Lequipe-de-France-repart-avec-six-medailles-de-Croatie.png","datePublished":"2024-09-23T09:07:08+00:00","description":"CHAMPIONNATS DU MONDE DE CANO\u00cb-KAYAK MARATHON 2024 - Du 16 au 22 septembre, les Bleus avaient rendez-vous en Croatie.","breadcrumb":{"@id":"https:\/\/dicodusport.fr\/blog\/mondiaux-canoe-kayak-marathon-2024-lequipe-de-france-repart-avec-six-medailles-de-croatie\/#breadcrumb"},"inLanguage":"fr-FR","potentialAction":[{"@type":"ReadAction","target":["https:\/\/dicodusport.fr\/blog\/mondiaux-canoe-kayak-marathon-2024-lequipe-de-france-repart-avec-six-medailles-de-croatie\/"]}]},{"@type":"ImageObject","inLanguage":"fr-FR","@id":"https:\/\/dicodusport.fr\/blog\/mondiaux-canoe-kayak-marathon-2024-lequipe-de-france-repart-avec-six-medailles-de-croatie\/#primaryimage","url":"https:\/\/dicodusport.fr\/blog\/wp-content\/uploads\/2024\/09\/Mondiaux-canoe-kayak-marathon-2024-Lequipe-de-France-repart-avec-six-medailles-de-Croatie.png","contentUrl":"https:\/\/dicodusport.fr\/blog\/wp-content\/uploads\/2024\/09\/Mondiaux-canoe-kayak-marathon-2024-Lequipe-de-France-repart-avec-six-medailles-de-Croatie.png","width":1200,"height":674,"caption":"Mondiaux cano\u00eb-kayak marathon 2024 L'\u00e9quipe de France repart avec six m\u00e9dailles de Croatie"},{"@type":"BreadcrumbList","@id":"https:\/\/dicodusport.fr\/blog\/mondiaux-canoe-kayak-marathon-2024-lequipe-de-france-repart-avec-six-medailles-de-croatie\/#breadcrumb","itemListElement":[{"@type":"ListItem","position":1,"name":"Accueil","item":"https:\/\/dicodusport.fr\/blog\/"},{"@type":"ListItem","position":2,"name":"Mondiaux cano\u00eb-kayak marathon 2024 : L&#8217;\u00e9quipe de France repart avec six m\u00e9dailles de Croatie"}]},{"@type":"WebSite","@id":"https:\/\/dicodusport.fr\/blog\/#website","url":"https:\/\/dicodusport.fr\/blog\/","name":"Dicodusport","description":"L&#039;encyclop\u00e9die de l&#039;actualit\u00e9 sportive","publisher":{"@id":"https:\/\/dicodusport.fr\/blog\/#organization"},"potentialAction":[{"@type":"SearchAction","target":{"@type":"EntryPoint","urlTemplate":"https:\/\/dicodusport.fr\/blog\/?s={search_term_string}"},"query-input":{"@type":"PropertyValueSpecification","valueRequired":true,"valueName":"search_term_string"}}],"inLanguage":"fr-FR"},{"@type":"NewsMediaOrganization","@id":"https:\/\/dicodusport.fr\/blog\/#organization","name":"Dicodusport","url":"https:\/\/dicodusport.fr\/blog\/","logo":{"@type":"ImageObject","inLanguage":"fr-FR","@id":"https:\/\/dicodusport.fr\/blog\/#\/schema\/logo\/image\/","url":"https:\/\/dicodusport.fr\/blog\/wp-content\/uploads\/2020\/06\/cropped-LOGO-DICODUSPORT-2020-SANS-FOND-SANS-TEXTE.png","contentUrl":"https:\/\/dicodusport.fr\/blog\/wp-content\/uploads\/2020\/06\/cropped-LOGO-DICODUSPORT-2020-SANS-FOND-SANS-TEXTE.png","width":512,"height":512,"caption":"Dicodusport"},"image":{"@id":"https:\/\/dicodusport.fr\/blog\/#\/schema\/logo\/image\/"},"sameAs":["https:\/\/www.facebook.com\/dicodusport","https:\/\/x.com\/dicodusport","https:\/\/www.instagram.com\/dicodusport\/","https:\/\/www.youtube.com\/channel\/UC7V2KZ5sd3htJivAbA4ZG3w"],"description":"Dicodusport est l'encyclop\u00e9die de l'actualit\u00e9 sportive.","email":"bonjour@dicodusport.fr","legalName":"DICODUSPORT","foundingDate":"2018-01-14","vatID":"FR71834470973","taxID":"83447097300043","numberOfEmployees":{"@type":"QuantitativeValue","minValue":"1","maxValue":"10"}},{"@type":"Person","@id":"https:\/\/dicodusport.fr\/blog\/#\/schema\/person\/416c975648aca9da8839bdfe333a21c9","name":"Sophie Clapier","image":{"@type":"ImageObject","inLanguage":"fr-FR","@id":"https:\/\/dicodusport.fr\/blog\/#\/schema\/person\/image\/","url":"https:\/\/dicodusport.fr\/blog\/wp-content\/uploads\/2021\/05\/Sophie-Clapier-150x150.jpg","contentUrl":"https:\/\/dicodusport.fr\/blog\/wp-content\/uploads\/2021\/05\/Sophie-Clapier-150x150.jpg","caption":"Sophie Clapier"},"description":"Journaliste\/r\u00e9dactrice depuis janvier 2016 - Passionn\u00e9e de sport depuis toujours, j\u2019en ai pratiqu\u00e9 quelques-uns. Judo, football, handball ou encore tennis, je n\u2019ai jamais pu me mettre d\u2019accord sur un en particulier. Mais \u00e7a, c\u2019\u00e9tait avant de d\u00e9couvrir le basket, devenu mon sport de pr\u00e9dilection. Les actions NBA, le All-Star Week-end, la fureur des Game 7 pendant les playoffs ou mieux, lors des Finals, this is why we play. Team Spurs T.P, je m\u2019accroche encore \u00e0 Gregg Popovich (don\u2019t leave !). Team chef Curry, je souhaite qu\u2019il finisse aux Warriors (staaaay !). Non, il n\u2019y a pas qu\u2019eux, des petits nouveaux -et des petites nouvelles \u00e9videmment- arrivent chaque jour dans toutes les disciplines et cr\u00e9ent de nouveaux exploits. Alors pour les grands \u00e9v\u00e9nements et comp\u00e9titions internationales, vive les pulsations 240\/minutes et le d\u00e9fibrillateur pas loin, et allez les Bleu(e)s ! C\u2019est s\u00fbr, j\u2019aurai plus vu ma vie sur un terrain de sport, mais \u00e0 d\u00e9faut d\u2019en faire en haut niveau, je le partage avec vous.","sameAs":["https:\/\/www.facebook.com\/soocube","https:\/\/x.com\/https:\/\/twitter.com\/soocube","admin"],"url":"https:\/\/dicodusport.fr\/blog\/author\/sophie\/"}]}},"_links":{"self":[{"href":"https:\/\/dicodusport.fr\/blog\/wp-json\/wp\/v2\/posts\/522292","targetHints":{"allow":["GET"]}}],"collection":[{"href":"https:\/\/dicodusport.fr\/blog\/wp-json\/wp\/v2\/posts"}],"about":[{"href":"https:\/\/dicodusport.fr\/blog\/wp-json\/wp\/v2\/types\/post"}],"author":[{"embeddable":true,"href":"https:\/\/dicodusport.fr\/blog\/wp-json\/wp\/v2\/users\/18"}],"replies":[{"embeddable":true,"href":"https:\/\/dicodusport.fr\/blog\/wp-json\/wp\/v2\/comments?post=522292"}],"version-history":[{"count":4,"href":"https:\/\/dicodusport.fr\/blog\/wp-json\/wp\/v2\/posts\/522292\/revisions"}],"predecessor-version":[{"id":522307,"href":"https:\/\/dicodusport.fr\/blog\/wp-json\/wp\/v2\/posts\/522292\/revisions\/522307"}],"wp:featuredmedia":[{"embeddable":true,"href":"https:\/\/dicodusport.fr\/blog\/wp-json\/wp\/v2\/media\/522306"}],"wp:attachment":[{"href":"https:\/\/dicodusport.fr\/blog\/wp-json\/wp\/v2\/media?parent=522292"}],"wp:term":[{"taxonomy":"category","embeddable":true,"href":"https:\/\/dicodusport.fr\/blog\/wp-json\/wp\/v2\/categories?post=522292"},{"taxonomy":"post_tag","embeddable":true,"href":"https:\/\/dicodusport.fr\/blog\/wp-json\/wp\/v2\/tags?post=522292"}],"curies":[{"name":"wp","href":"https:\/\/api.w.org\/{rel}","templated":true}]}}