{"id":522406,"date":"2024-09-28T19:11:54","date_gmt":"2024-09-28T17:11:54","guid":{"rendered":"https:\/\/dicodusport.fr\/blog\/?p=522406&#038;preview=true&#038;preview_id=522406"},"modified":"2024-09-28T19:14:09","modified_gmt":"2024-09-28T17:14:09","slug":"mondiaux-cyclisme-2024-et-si-les-bleus-mettaient-la-pagaille","status":"publish","type":"post","link":"https:\/\/dicodusport.fr\/blog\/mondiaux-cyclisme-2024-et-si-les-bleus-mettaient-la-pagaille\/","title":{"rendered":"Mondiaux Cyclisme 2024 : Et si les Bleus mettaient la pagaille ?"},"content":{"rendered":"<h4 style=\"text-align: justify;\"><em>CYCLISME CHAMPIONNATS DU MONDE 2024 \u2013 Arm\u00e9e de coureurs solides, l&rsquo;\u00e9quipe de France doit se montrer offensive pour d\u00e9jouer les pronostics. On essaye de d\u00e9crypter la tactique potentielle de Thomas Voeckler ce dimanche et les forces en pr\u00e9sence, c\u00f4t\u00e9 Bleu.<\/em><\/h4>\n<ul style=\"text-align: justify;\">\n<li style=\"text-align: justify;\"><strong>\u00c0 ce sujet \u2013\u00a0<a href=\"https:\/\/dicodusport.fr\/blog\/programme-et-resultats-championnats-du-monde-cyclisme-sur-route-2024\/\">Programme et r\u00e9sultats Championnats du monde cyclisme sur route 2024<\/a><\/strong><\/li>\n<\/ul>\n<h2 style=\"text-align: justify;\">Une \u00e9quipe de France s\u00e9duisante<\/h2>\n<p style=\"text-align: justify;\">Et si <strong>Thomas Voeckler<\/strong> nous r\u00e9servait un nouveau tour de magie ? Ce n&rsquo;est pas nouveau, le s\u00e9lectionneur de l&rsquo;\u00e9quipe de France est connu pour tenter des coups de poker. On se souvient du second titre mondial de <strong>Julian Alaphilippe,<\/strong> en 2021. O\u00f9 l&rsquo;\u00e9quipe de France avait mis le feu d\u00e8s le d\u00e9but de la course. Avec des attaques incessantes des lieutenants comme <strong>Valentin Madouas<\/strong>, infatigable ce jour-l\u00e0. Et au vu du collectif fran\u00e7ais, cela pourrait \u00eatre une excellente tactique de tenter de se d\u00e9voiler tr\u00e8s t\u00f4t, avec des coureurs importants. Et il y a mati\u00e8re \u00e0 le faire ce dimanche, dans une course en ligne qui promet d&rsquo;\u00eatre explosive.<\/p>\n<p style=\"text-align: justify;\">Car, il faut le dire, sur le papier, cette \u00e9quipe de France est sacr\u00e9ment s\u00e9duisante. Avec<strong> Julian Alaphilippe<\/strong>, <strong>Romain Bardet<\/strong>,<strong> Julien Bernard<\/strong>,<strong> David Gaudu<\/strong>,<strong> Romain Gr\u00e9goire<\/strong>,<strong> Valentin Madouas<\/strong>,<strong> Rudy Molard<\/strong> et <strong>Pavel Sivakov<\/strong>. Pas d&rsquo;immenses favoris, surtout compar\u00e9s \u00e0 des <strong>Tadej Pogacar<\/strong>,<strong> Remco Evenepoel<\/strong> ou <strong>Mathieu van der Poel<\/strong>, qui s&rsquo;annoncent comme les trois grands coureurs \u00e0 suivre.<\/p>\n<div class=\"vlp-link-container vlp-layout-article\"><a href=\"https:\/\/dicodusport.fr\/blog\/cyclisme-championnats-du-monde-2024-alaphilippe-madouas-la-selection-des-bleus\/\" class=\"vlp-link\" title=\"Cyclisme Championnats du monde 2024 : Alaphilippe, Madouas, la s\u00e9lection des Bleus\"><\/a><div class=\"vlp-layout-zone-side\"><div class=\"vlp-block-4 vlp-link-image\"><img loading=\"lazy\" decoding=\"async\" style=\"max-width: 792px;\" width=\"792\" height=\"445\" src=\"https:\/\/dicodusport.fr\/blog\/wp-content\/uploads\/2024\/09\/Cyclisme-Championnats-du-monde-2024-Alaphilippe-Madouas-la-selection-des-Bleus.png\" class=\"attachment-800x445 size-800x445\" alt=\"Cyclisme Championnats du monde 2024 Alaphilippe, Madouas, la s\u00e9lection des Bleus\" srcset=\"https:\/\/dicodusport.fr\/blog\/wp-content\/uploads\/2024\/09\/Cyclisme-Championnats-du-monde-2024-Alaphilippe-Madouas-la-selection-des-Bleus.png 1200w, https:\/\/dicodusport.fr\/blog\/wp-content\/uploads\/2024\/09\/Cyclisme-Championnats-du-monde-2024-Alaphilippe-Madouas-la-selection-des-Bleus-300x169.png 300w, https:\/\/dicodusport.fr\/blog\/wp-content\/uploads\/2024\/09\/Cyclisme-Championnats-du-monde-2024-Alaphilippe-Madouas-la-selection-des-Bleus-1024x575.png 1024w, https:\/\/dicodusport.fr\/blog\/wp-content\/uploads\/2024\/09\/Cyclisme-Championnats-du-monde-2024-Alaphilippe-Madouas-la-selection-des-Bleus-768x431.png 768w\" sizes=\"auto, (max-width: 792px) 100vw, 792px\" \/><\/div><\/div><div class=\"vlp-layout-zone-main\"><div class=\"vlp-block-0 vlp-link-title\">Cyclisme Championnats du monde 2024 : Alaphilippe, Madouas, la s\u00e9lection des Bleus<\/div><div class=\"vlp-block-1 vlp-link-summary\">Alaphilippe, Madouas, la s\u00e9lection des Bleus<\/div><div class=\"vlp-block-2 vlp-link-button\">Lire l'article<\/div><div class=\"vlp-block-3 vlp-link-url\">dicodusport.fr<\/div><\/div><\/div>\n<h2 style=\"text-align: justify;\">Des coureurs qui ont des r\u00e9f\u00e9rences sur des Monuments<\/h2>\n<p style=\"text-align: justify;\">Et quel int\u00e9r\u00eat aurait cette \u00e9quipe de France \u00e0 tenter des coups de loin et de projeter des coureurs importants dans tous les coups ? Car si la France n&rsquo;a pas d&rsquo;immense favori, elle peut composer sur le nombre, la seule tactique qui peut \u00e9ventuellement mettre en difficult\u00e9 les trois leaders. Pour ceux qui ont suivi le Tour de Luxembourg, on a vu un <strong>Mathieu van der Poel<\/strong>, qui \u00e9tait sans doute tr\u00e8s fort, se faire harceler par plusieurs coureurs, sur divers moments de course, y compris sur des replats. Et le N\u00e9erlandais a fini par se faire pi\u00e9ger et perdre le classement g\u00e9n\u00e9ral, alors que sur son attaque finale, il a affich\u00e9 une excellente condition. Preuve que m\u00eame un ogre comme lui peut-\u00eatre pi\u00e9g\u00e9 \u00e0 un moment.<\/p>\n<ul>\n<li style=\"text-align: justify;\"><strong>\u00c0 ce sujet &#8211; <a href=\"https:\/\/dicodusport.fr\/blog\/favoris-et-outsiders-course-en-ligne-championnats-du-monde-2024\/\">Favoris et outsiders de la course en ligne des championnats du monde<\/a><\/strong><\/li>\n<\/ul>\n<p style=\"text-align: justify;\">Et quand on se penche sur la composition de l&rsquo;\u00e9quipe de France, on s&rsquo;aper\u00e7oit qu&rsquo;il y a quelques coureurs qui ont des r\u00e9f\u00e9rences sur de longues courses usantes, avec la route qui peut se cabrer, comme ce sera le cas \u00e0 Zurich. On ne pr\u00e9sente plus <strong>Julian Alaphilippe<\/strong>, double champion du monde et vainqueur de Milan-San Remo. Un coureur qui a gagn\u00e9 une course majeure en 2019, 2020 et 2021 et qui est revenu en forme en 2024. Mais<strong> Romain Bardet<\/strong> (podium sur Li\u00e8ge-Bastogne-Li\u00e8ge 2018 et 2024), <strong>Valentin Madouas<\/strong> (podium sur le Tour des Flandres 2022) et <strong>David Gaudu<\/strong> (podium sur Li\u00e8ge-Bastogne-Li\u00e8ge 2021) ont aussi des arguments \u00e0 faire-valoir. Des courses qui se caract\u00e9risent par leur long kilom\u00e9trage.<\/p>\n<h2 style=\"text-align: justify;\">Attaquer, se sacrifier pour user les co\u00e9quipiers adverses<\/h2>\n<p style=\"text-align: justify;\">Si la France veut avoir une petite chance face aux trois ogres, il faut compter sur le marquage entre les immenses favoris. Il est vrai que si <strong>Tadej Pogacar<\/strong>,<strong> Remco Evenepoel<\/strong> ou <strong>Mathieu van der Poel <\/strong>sont isol\u00e9s, qui fera l&rsquo;effort pour l&rsquo;autre ? On connait la g\u00e9n\u00e9rosit\u00e9 du Slov\u00e8ne, mais le voir se sacrifier et s&rsquo;exposer aux contres, c&rsquo;est peut-\u00eatre quelque chose qui peut trotter dans sa t\u00eate. Mais pour les isoler, il faut fatiguer les diff\u00e9rents \u00e9quipiers. Que ce soit la Belgique, la Slov\u00e9nie et les Pays-Bas, les \u00e9quipes sont belles sur le papier et les \u00e9quipiers solides. Il faudra que la France sacrifie un (ou plusieurs) de ses leaders, pour obliger les autres \u00e0 faire des efforts. Et pour user les co\u00e9quipiers, il faudra oser de loin et peut-\u00eatre avant le d\u00e9but du circuit.<\/p>\n<p style=\"text-align: justify;\">Et m\u00eame comme cela, cela risque de ne pas marcher. Mais on ne va pas se mentir, \u00e0 la p\u00e9dale, n&rsquo;importe quel Fran\u00e7ais n&rsquo;aura m\u00eame pas 1% de chance de sortir un des trois \u00ab\u00a0monstres\u00a0\u00bb. Alors les trois dans la m\u00eame course, cela devient une utopie. Mais une utopie partag\u00e9e par d&rsquo;autres pays. Et c&rsquo;est l\u00e0 que la France peut se trouver des alli\u00e9es. On pense \u00e0 l&rsquo;<strong>Italie<\/strong> qui poss\u00e8de quelques solides coureurs, comme la <strong>Colombie<\/strong>, le <strong>Danemark<\/strong> et m\u00eame l&rsquo;<strong>Espagne<\/strong>. Des pays qui auront, eux aussi, int\u00e9r\u00eat \u00e0 lancer la course de loin. On ne connait \u00e9videmment pas le futur champion du monde et le successeur de<strong> Mathieu van der Poel<\/strong>. Mais on a une intuition, celle que la course de dimanche peut-\u00eatre d\u00e9brid\u00e9e. Et si c&rsquo;est le cas, il est possible que <strong>Thomas Voeckler<\/strong> ne soit pas \u00e9tranger \u00e0 cela. On en salive d\u00e9j\u00e0 d&rsquo;avance.<\/p>\n<div class=\"vlp-link-container vlp-layout-article\"><a href=\"https:\/\/dicodusport.fr\/blog\/parcours-et-profil-course-en-ligne-championnats-du-monde-2024\/\" class=\"vlp-link\" title=\"Parcours et profil Course en ligne Championnats du monde 2024\"><\/a><div class=\"vlp-layout-zone-side\"><div class=\"vlp-block-4 vlp-link-image\"><img loading=\"lazy\" decoding=\"async\" style=\"max-width: 792px;\" width=\"792\" height=\"445\" src=\"https:\/\/dicodusport.fr\/blog\/wp-content\/uploads\/2024\/09\/Parcours-et-profil-Course-en-ligne-Championnats-du-monde-2024.png\" class=\"attachment-800x445 size-800x445\" alt=\"Parcours et profil Course en ligne Championnats du monde 2024\" srcset=\"https:\/\/dicodusport.fr\/blog\/wp-content\/uploads\/2024\/09\/Parcours-et-profil-Course-en-ligne-Championnats-du-monde-2024.png 1200w, https:\/\/dicodusport.fr\/blog\/wp-content\/uploads\/2024\/09\/Parcours-et-profil-Course-en-ligne-Championnats-du-monde-2024-300x169.png 300w, https:\/\/dicodusport.fr\/blog\/wp-content\/uploads\/2024\/09\/Parcours-et-profil-Course-en-ligne-Championnats-du-monde-2024-1024x575.png 1024w, https:\/\/dicodusport.fr\/blog\/wp-content\/uploads\/2024\/09\/Parcours-et-profil-Course-en-ligne-Championnats-du-monde-2024-768x431.png 768w\" sizes=\"auto, (max-width: 792px) 100vw, 792px\" \/><\/div><\/div><div class=\"vlp-layout-zone-main\"><div class=\"vlp-block-0 vlp-link-title\">Parcours et profil Course en ligne Championnats du monde 2024<\/div><div class=\"vlp-block-1 vlp-link-summary\">Parcours et profil Course en ligne Championnats du monde 2024<\/div><div class=\"vlp-block-2 vlp-link-button\">Lire l'article<\/div><div class=\"vlp-block-3 vlp-link-url\">dicodusport.fr<\/div><\/div><\/div>\n","protected":false},"excerpt":{"rendered":"<p>Et si les Bleus mettaient la pagaille ?<\/p>\n","protected":false},"author":83,"featured_media":523280,"comment_status":"open","ping_status":"closed","sticky":false,"template":"","format":"standard","meta":{"_acf_changed":false,"_daextam_enable_autolinks":"1","footnotes":""},"categories":[46994],"tags":[32415,16878,574,3113,1719,3646],"class_list":["post-522406","post","type-post","status-publish","format-standard","has-post-thumbnail","hentry","category-cyclisme-sur-route","tag-actu","tag-breve","tag-cyclisme","tag-david-gaudu","tag-julian-alaphilippe","tag-romain-bardet"],"acf":[],"yoast_head":"<!-- This site is optimized with the Yoast SEO Premium plugin v26.7 (Yoast SEO v26.7) - https:\/\/yoast.com\/wordpress\/plugins\/seo\/ -->\n<title>Mondiaux Cyclisme 2024 : Et si les Bleus mettaient la pagaille ?<\/title>\n<meta name=\"description\" content=\"CYCLISME CHAMPIONNATS DU MONDE 2024 \u2013 Arm\u00e9e de coureurs solides, l&#039;\u00e9quipe de France doit se montrer offensive pour d\u00e9jouer les pronostics.\" \/>\n<meta name=\"robots\" content=\"index, follow, max-snippet:-1, max-image-preview:large, max-video-preview:-1\" \/>\n<link rel=\"canonical\" href=\"https:\/\/dicodusport.fr\/blog\/mondiaux-cyclisme-2024-et-si-les-bleus-mettaient-la-pagaille\/\" \/>\n<meta property=\"og:locale\" content=\"fr_FR\" \/>\n<meta property=\"og:type\" content=\"article\" \/>\n<meta property=\"og:title\" content=\"Mondiaux Cyclisme 2024 : Et si les Bleus mettaient la pagaille ?\" \/>\n<meta property=\"og:description\" content=\"CYCLISME CHAMPIONNATS DU MONDE 2024 \u2013 Arm\u00e9e de coureurs solides, l&#039;\u00e9quipe de France doit se montrer offensive pour d\u00e9jouer les pronostics.\" \/>\n<meta property=\"og:url\" content=\"https:\/\/dicodusport.fr\/blog\/mondiaux-cyclisme-2024-et-si-les-bleus-mettaient-la-pagaille\/\" \/>\n<meta property=\"og:site_name\" content=\"Dicodusport\" \/>\n<meta property=\"article:publisher\" content=\"https:\/\/www.facebook.com\/dicodusport\" \/>\n<meta property=\"article:published_time\" content=\"2024-09-28T17:11:54+00:00\" \/>\n<meta property=\"article:modified_time\" content=\"2024-09-28T17:14:09+00:00\" \/>\n<meta property=\"og:image\" content=\"https:\/\/dicodusport.fr\/blog\/wp-content\/uploads\/2024\/09\/Mondiaux-Cyclisme-2024-Et-si-les-Bleus-mettaient-la-pagaille-.png\" \/>\n\t<meta property=\"og:image:width\" content=\"1200\" \/>\n\t<meta property=\"og:image:height\" content=\"674\" \/>\n\t<meta property=\"og:image:type\" content=\"image\/png\" \/>\n<meta name=\"author\" content=\"Etienne Goursaud\" \/>\n<meta name=\"twitter:card\" content=\"summary_large_image\" \/>\n<meta name=\"twitter:title\" content=\"Mondiaux Cyclisme 2024 : Et si les Bleus mettaient la pagaille ?\" \/>\n<meta name=\"twitter:creator\" content=\"@dicodusport\" \/>\n<meta name=\"twitter:site\" content=\"@dicodusport\" \/>\n<script type=\"application\/ld+json\" class=\"yoast-schema-graph\">{\"@context\":\"https:\/\/schema.org\",\"@graph\":[{\"@type\":\"NewsArticle\",\"@id\":\"https:\/\/dicodusport.fr\/blog\/mondiaux-cyclisme-2024-et-si-les-bleus-mettaient-la-pagaille\/#article\",\"isPartOf\":{\"@id\":\"https:\/\/dicodusport.fr\/blog\/mondiaux-cyclisme-2024-et-si-les-bleus-mettaient-la-pagaille\/\"},\"author\":{\"name\":\"Etienne Goursaud\",\"@id\":\"https:\/\/dicodusport.fr\/blog\/#\/schema\/person\/d603dd7da31fb2b46c82b9835a77ec13\"},\"headline\":\"Mondiaux Cyclisme 2024 : Et si les Bleus mettaient la pagaille ?\",\"datePublished\":\"2024-09-28T17:11:54+00:00\",\"dateModified\":\"2024-09-28T17:14:09+00:00\",\"mainEntityOfPage\":{\"@id\":\"https:\/\/dicodusport.fr\/blog\/mondiaux-cyclisme-2024-et-si-les-bleus-mettaient-la-pagaille\/\"},\"wordCount\":1008,\"commentCount\":0,\"publisher\":{\"@id\":\"https:\/\/dicodusport.fr\/blog\/#organization\"},\"image\":{\"@id\":\"https:\/\/dicodusport.fr\/blog\/mondiaux-cyclisme-2024-et-si-les-bleus-mettaient-la-pagaille\/#primaryimage\"},\"thumbnailUrl\":\"https:\/\/dicodusport.fr\/blog\/wp-content\/uploads\/2024\/09\/Mondiaux-Cyclisme-2024-Et-si-les-Bleus-mettaient-la-pagaille-.png\",\"keywords\":[\"actu\",\"br\u00e8ve\",\"Cyclisme\",\"David Gaudu\",\"Julian Alaphilippe\",\"Romain Bardet\"],\"articleSection\":[\"Cyclisme sur route\"],\"inLanguage\":\"fr-FR\",\"potentialAction\":[{\"@type\":\"CommentAction\",\"name\":\"Comment\",\"target\":[\"https:\/\/dicodusport.fr\/blog\/mondiaux-cyclisme-2024-et-si-les-bleus-mettaient-la-pagaille\/#respond\"]}],\"copyrightYear\":\"2024\",\"copyrightHolder\":{\"@id\":\"https:\/\/dicodusport.fr\/blog\/#organization\"}},{\"@type\":\"WebPage\",\"@id\":\"https:\/\/dicodusport.fr\/blog\/mondiaux-cyclisme-2024-et-si-les-bleus-mettaient-la-pagaille\/\",\"url\":\"https:\/\/dicodusport.fr\/blog\/mondiaux-cyclisme-2024-et-si-les-bleus-mettaient-la-pagaille\/\",\"name\":\"Mondiaux Cyclisme 2024 : Et si les Bleus mettaient la pagaille ?\",\"isPartOf\":{\"@id\":\"https:\/\/dicodusport.fr\/blog\/#website\"},\"primaryImageOfPage\":{\"@id\":\"https:\/\/dicodusport.fr\/blog\/mondiaux-cyclisme-2024-et-si-les-bleus-mettaient-la-pagaille\/#primaryimage\"},\"image\":{\"@id\":\"https:\/\/dicodusport.fr\/blog\/mondiaux-cyclisme-2024-et-si-les-bleus-mettaient-la-pagaille\/#primaryimage\"},\"thumbnailUrl\":\"https:\/\/dicodusport.fr\/blog\/wp-content\/uploads\/2024\/09\/Mondiaux-Cyclisme-2024-Et-si-les-Bleus-mettaient-la-pagaille-.png\",\"datePublished\":\"2024-09-28T17:11:54+00:00\",\"dateModified\":\"2024-09-28T17:14:09+00:00\",\"description\":\"CYCLISME CHAMPIONNATS DU MONDE 2024 \u2013 Arm\u00e9e de coureurs solides, l'\u00e9quipe de France doit se montrer offensive pour d\u00e9jouer les pronostics.\",\"breadcrumb\":{\"@id\":\"https:\/\/dicodusport.fr\/blog\/mondiaux-cyclisme-2024-et-si-les-bleus-mettaient-la-pagaille\/#breadcrumb\"},\"inLanguage\":\"fr-FR\",\"potentialAction\":[{\"@type\":\"ReadAction\",\"target\":[\"https:\/\/dicodusport.fr\/blog\/mondiaux-cyclisme-2024-et-si-les-bleus-mettaient-la-pagaille\/\"]}]},{\"@type\":\"ImageObject\",\"inLanguage\":\"fr-FR\",\"@id\":\"https:\/\/dicodusport.fr\/blog\/mondiaux-cyclisme-2024-et-si-les-bleus-mettaient-la-pagaille\/#primaryimage\",\"url\":\"https:\/\/dicodusport.fr\/blog\/wp-content\/uploads\/2024\/09\/Mondiaux-Cyclisme-2024-Et-si-les-Bleus-mettaient-la-pagaille-.png\",\"contentUrl\":\"https:\/\/dicodusport.fr\/blog\/wp-content\/uploads\/2024\/09\/Mondiaux-Cyclisme-2024-Et-si-les-Bleus-mettaient-la-pagaille-.png\",\"width\":1200,\"height\":674,\"caption\":\"Mondiaux Cyclisme 2024 Et si les Bleus mettaient la pagaille\"},{\"@type\":\"BreadcrumbList\",\"@id\":\"https:\/\/dicodusport.fr\/blog\/mondiaux-cyclisme-2024-et-si-les-bleus-mettaient-la-pagaille\/#breadcrumb\",\"itemListElement\":[{\"@type\":\"ListItem\",\"position\":1,\"name\":\"Accueil\",\"item\":\"https:\/\/dicodusport.fr\/blog\/\"},{\"@type\":\"ListItem\",\"position\":2,\"name\":\"Mondiaux Cyclisme 2024 : Et si les Bleus mettaient la pagaille ?\"}]},{\"@type\":\"WebSite\",\"@id\":\"https:\/\/dicodusport.fr\/blog\/#website\",\"url\":\"https:\/\/dicodusport.fr\/blog\/\",\"name\":\"Dicodusport\",\"description\":\"L&#039;encyclop\u00e9die de l&#039;actualit\u00e9 sportive\",\"publisher\":{\"@id\":\"https:\/\/dicodusport.fr\/blog\/#organization\"},\"potentialAction\":[{\"@type\":\"SearchAction\",\"target\":{\"@type\":\"EntryPoint\",\"urlTemplate\":\"https:\/\/dicodusport.fr\/blog\/?s={search_term_string}\"},\"query-input\":{\"@type\":\"PropertyValueSpecification\",\"valueRequired\":true,\"valueName\":\"search_term_string\"}}],\"inLanguage\":\"fr-FR\"},{\"@type\":\"NewsMediaOrganization\",\"@id\":\"https:\/\/dicodusport.fr\/blog\/#organization\",\"name\":\"Dicodusport\",\"url\":\"https:\/\/dicodusport.fr\/blog\/\",\"logo\":{\"@type\":\"ImageObject\",\"inLanguage\":\"fr-FR\",\"@id\":\"https:\/\/dicodusport.fr\/blog\/#\/schema\/logo\/image\/\",\"url\":\"https:\/\/dicodusport.fr\/blog\/wp-content\/uploads\/2020\/06\/cropped-LOGO-DICODUSPORT-2020-SANS-FOND-SANS-TEXTE.png\",\"contentUrl\":\"https:\/\/dicodusport.fr\/blog\/wp-content\/uploads\/2020\/06\/cropped-LOGO-DICODUSPORT-2020-SANS-FOND-SANS-TEXTE.png\",\"width\":512,\"height\":512,\"caption\":\"Dicodusport\"},\"image\":{\"@id\":\"https:\/\/dicodusport.fr\/blog\/#\/schema\/logo\/image\/\"},\"sameAs\":[\"https:\/\/www.facebook.com\/dicodusport\",\"https:\/\/x.com\/dicodusport\",\"https:\/\/www.instagram.com\/dicodusport\/\",\"https:\/\/www.youtube.com\/channel\/UC7V2KZ5sd3htJivAbA4ZG3w\"],\"description\":\"Dicodusport est l'encyclop\u00e9die de l'actualit\u00e9 sportive.\",\"email\":\"bonjour@dicodusport.fr\",\"legalName\":\"DICODUSPORT\",\"foundingDate\":\"2018-01-14\",\"vatID\":\"FR71834470973\",\"taxID\":\"83447097300043\",\"numberOfEmployees\":{\"@type\":\"QuantitativeValue\",\"minValue\":\"1\",\"maxValue\":\"10\"}},{\"@type\":\"Person\",\"@id\":\"https:\/\/dicodusport.fr\/blog\/#\/schema\/person\/d603dd7da31fb2b46c82b9835a77ec13\",\"name\":\"Etienne Goursaud\",\"image\":{\"@type\":\"ImageObject\",\"inLanguage\":\"fr-FR\",\"@id\":\"https:\/\/dicodusport.fr\/blog\/#\/schema\/person\/image\/\",\"url\":\"https:\/\/dicodusport.fr\/blog\/wp-content\/uploads\/2023\/12\/410122264_10231602061736049_5565839791558026645_n-150x150.jpg\",\"contentUrl\":\"https:\/\/dicodusport.fr\/blog\/wp-content\/uploads\/2023\/12\/410122264_10231602061736049_5565839791558026645_n-150x150.jpg\",\"caption\":\"Etienne Goursaud\"},\"description\":\"Journaliste et amoureux de sport. Ancien footballeur reconverti athl\u00e8te quand ses muscles le laissent tranquille. \u00c9lev\u00e9 \u00e0 la sauce des exploits de Thomas Voeckler en 2004, du dernier essai de l\u00e9gende de Eunice Barber \u00e0 la longueur lors des championnats du monde d'athl\u00e9tisme de 2003 mais aussi Zidane, Omeyer et Titou Lamaison.\",\"url\":\"https:\/\/dicodusport.fr\/blog\/author\/etienne-goursaud\/\"}]}<\/script>\n<!-- \/ Yoast SEO Premium plugin. -->","yoast_head_json":{"title":"Mondiaux Cyclisme 2024 : Et si les Bleus mettaient la pagaille ?","description":"CYCLISME CHAMPIONNATS DU MONDE 2024 \u2013 Arm\u00e9e de coureurs solides, l'\u00e9quipe de France doit se montrer offensive pour d\u00e9jouer les pronostics.","robots":{"index":"index","follow":"follow","max-snippet":"max-snippet:-1","max-image-preview":"max-image-preview:large","max-video-preview":"max-video-preview:-1"},"canonical":"https:\/\/dicodusport.fr\/blog\/mondiaux-cyclisme-2024-et-si-les-bleus-mettaient-la-pagaille\/","og_locale":"fr_FR","og_type":"article","og_title":"Mondiaux Cyclisme 2024 : Et si les Bleus mettaient la pagaille ?","og_description":"CYCLISME CHAMPIONNATS DU MONDE 2024 \u2013 Arm\u00e9e de coureurs solides, l'\u00e9quipe de France doit se montrer offensive pour d\u00e9jouer les pronostics.","og_url":"https:\/\/dicodusport.fr\/blog\/mondiaux-cyclisme-2024-et-si-les-bleus-mettaient-la-pagaille\/","og_site_name":"Dicodusport","article_publisher":"https:\/\/www.facebook.com\/dicodusport","article_published_time":"2024-09-28T17:11:54+00:00","article_modified_time":"2024-09-28T17:14:09+00:00","og_image":[{"width":1200,"height":674,"url":"https:\/\/dicodusport.fr\/blog\/wp-content\/uploads\/2024\/09\/Mondiaux-Cyclisme-2024-Et-si-les-Bleus-mettaient-la-pagaille-.png","type":"image\/png"}],"author":"Etienne Goursaud","twitter_card":"summary_large_image","twitter_title":"Mondiaux Cyclisme 2024 : Et si les Bleus mettaient la pagaille ?","twitter_creator":"@dicodusport","twitter_site":"@dicodusport","schema":{"@context":"https:\/\/schema.org","@graph":[{"@type":"NewsArticle","@id":"https:\/\/dicodusport.fr\/blog\/mondiaux-cyclisme-2024-et-si-les-bleus-mettaient-la-pagaille\/#article","isPartOf":{"@id":"https:\/\/dicodusport.fr\/blog\/mondiaux-cyclisme-2024-et-si-les-bleus-mettaient-la-pagaille\/"},"author":{"name":"Etienne Goursaud","@id":"https:\/\/dicodusport.fr\/blog\/#\/schema\/person\/d603dd7da31fb2b46c82b9835a77ec13"},"headline":"Mondiaux Cyclisme 2024 : Et si les Bleus mettaient la pagaille ?","datePublished":"2024-09-28T17:11:54+00:00","dateModified":"2024-09-28T17:14:09+00:00","mainEntityOfPage":{"@id":"https:\/\/dicodusport.fr\/blog\/mondiaux-cyclisme-2024-et-si-les-bleus-mettaient-la-pagaille\/"},"wordCount":1008,"commentCount":0,"publisher":{"@id":"https:\/\/dicodusport.fr\/blog\/#organization"},"image":{"@id":"https:\/\/dicodusport.fr\/blog\/mondiaux-cyclisme-2024-et-si-les-bleus-mettaient-la-pagaille\/#primaryimage"},"thumbnailUrl":"https:\/\/dicodusport.fr\/blog\/wp-content\/uploads\/2024\/09\/Mondiaux-Cyclisme-2024-Et-si-les-Bleus-mettaient-la-pagaille-.png","keywords":["actu","br\u00e8ve","Cyclisme","David Gaudu","Julian Alaphilippe","Romain Bardet"],"articleSection":["Cyclisme sur route"],"inLanguage":"fr-FR","potentialAction":[{"@type":"CommentAction","name":"Comment","target":["https:\/\/dicodusport.fr\/blog\/mondiaux-cyclisme-2024-et-si-les-bleus-mettaient-la-pagaille\/#respond"]}],"copyrightYear":"2024","copyrightHolder":{"@id":"https:\/\/dicodusport.fr\/blog\/#organization"}},{"@type":"WebPage","@id":"https:\/\/dicodusport.fr\/blog\/mondiaux-cyclisme-2024-et-si-les-bleus-mettaient-la-pagaille\/","url":"https:\/\/dicodusport.fr\/blog\/mondiaux-cyclisme-2024-et-si-les-bleus-mettaient-la-pagaille\/","name":"Mondiaux Cyclisme 2024 : Et si les Bleus mettaient la pagaille ?","isPartOf":{"@id":"https:\/\/dicodusport.fr\/blog\/#website"},"primaryImageOfPage":{"@id":"https:\/\/dicodusport.fr\/blog\/mondiaux-cyclisme-2024-et-si-les-bleus-mettaient-la-pagaille\/#primaryimage"},"image":{"@id":"https:\/\/dicodusport.fr\/blog\/mondiaux-cyclisme-2024-et-si-les-bleus-mettaient-la-pagaille\/#primaryimage"},"thumbnailUrl":"https:\/\/dicodusport.fr\/blog\/wp-content\/uploads\/2024\/09\/Mondiaux-Cyclisme-2024-Et-si-les-Bleus-mettaient-la-pagaille-.png","datePublished":"2024-09-28T17:11:54+00:00","dateModified":"2024-09-28T17:14:09+00:00","description":"CYCLISME CHAMPIONNATS DU MONDE 2024 \u2013 Arm\u00e9e de coureurs solides, l'\u00e9quipe de France doit se montrer offensive pour d\u00e9jouer les pronostics.","breadcrumb":{"@id":"https:\/\/dicodusport.fr\/blog\/mondiaux-cyclisme-2024-et-si-les-bleus-mettaient-la-pagaille\/#breadcrumb"},"inLanguage":"fr-FR","potentialAction":[{"@type":"ReadAction","target":["https:\/\/dicodusport.fr\/blog\/mondiaux-cyclisme-2024-et-si-les-bleus-mettaient-la-pagaille\/"]}]},{"@type":"ImageObject","inLanguage":"fr-FR","@id":"https:\/\/dicodusport.fr\/blog\/mondiaux-cyclisme-2024-et-si-les-bleus-mettaient-la-pagaille\/#primaryimage","url":"https:\/\/dicodusport.fr\/blog\/wp-content\/uploads\/2024\/09\/Mondiaux-Cyclisme-2024-Et-si-les-Bleus-mettaient-la-pagaille-.png","contentUrl":"https:\/\/dicodusport.fr\/blog\/wp-content\/uploads\/2024\/09\/Mondiaux-Cyclisme-2024-Et-si-les-Bleus-mettaient-la-pagaille-.png","width":1200,"height":674,"caption":"Mondiaux Cyclisme 2024 Et si les Bleus mettaient la pagaille"},{"@type":"BreadcrumbList","@id":"https:\/\/dicodusport.fr\/blog\/mondiaux-cyclisme-2024-et-si-les-bleus-mettaient-la-pagaille\/#breadcrumb","itemListElement":[{"@type":"ListItem","position":1,"name":"Accueil","item":"https:\/\/dicodusport.fr\/blog\/"},{"@type":"ListItem","position":2,"name":"Mondiaux Cyclisme 2024 : Et si les Bleus mettaient la pagaille ?"}]},{"@type":"WebSite","@id":"https:\/\/dicodusport.fr\/blog\/#website","url":"https:\/\/dicodusport.fr\/blog\/","name":"Dicodusport","description":"L&#039;encyclop\u00e9die de l&#039;actualit\u00e9 sportive","publisher":{"@id":"https:\/\/dicodusport.fr\/blog\/#organization"},"potentialAction":[{"@type":"SearchAction","target":{"@type":"EntryPoint","urlTemplate":"https:\/\/dicodusport.fr\/blog\/?s={search_term_string}"},"query-input":{"@type":"PropertyValueSpecification","valueRequired":true,"valueName":"search_term_string"}}],"inLanguage":"fr-FR"},{"@type":"NewsMediaOrganization","@id":"https:\/\/dicodusport.fr\/blog\/#organization","name":"Dicodusport","url":"https:\/\/dicodusport.fr\/blog\/","logo":{"@type":"ImageObject","inLanguage":"fr-FR","@id":"https:\/\/dicodusport.fr\/blog\/#\/schema\/logo\/image\/","url":"https:\/\/dicodusport.fr\/blog\/wp-content\/uploads\/2020\/06\/cropped-LOGO-DICODUSPORT-2020-SANS-FOND-SANS-TEXTE.png","contentUrl":"https:\/\/dicodusport.fr\/blog\/wp-content\/uploads\/2020\/06\/cropped-LOGO-DICODUSPORT-2020-SANS-FOND-SANS-TEXTE.png","width":512,"height":512,"caption":"Dicodusport"},"image":{"@id":"https:\/\/dicodusport.fr\/blog\/#\/schema\/logo\/image\/"},"sameAs":["https:\/\/www.facebook.com\/dicodusport","https:\/\/x.com\/dicodusport","https:\/\/www.instagram.com\/dicodusport\/","https:\/\/www.youtube.com\/channel\/UC7V2KZ5sd3htJivAbA4ZG3w"],"description":"Dicodusport est l'encyclop\u00e9die de l'actualit\u00e9 sportive.","email":"bonjour@dicodusport.fr","legalName":"DICODUSPORT","foundingDate":"2018-01-14","vatID":"FR71834470973","taxID":"83447097300043","numberOfEmployees":{"@type":"QuantitativeValue","minValue":"1","maxValue":"10"}},{"@type":"Person","@id":"https:\/\/dicodusport.fr\/blog\/#\/schema\/person\/d603dd7da31fb2b46c82b9835a77ec13","name":"Etienne Goursaud","image":{"@type":"ImageObject","inLanguage":"fr-FR","@id":"https:\/\/dicodusport.fr\/blog\/#\/schema\/person\/image\/","url":"https:\/\/dicodusport.fr\/blog\/wp-content\/uploads\/2023\/12\/410122264_10231602061736049_5565839791558026645_n-150x150.jpg","contentUrl":"https:\/\/dicodusport.fr\/blog\/wp-content\/uploads\/2023\/12\/410122264_10231602061736049_5565839791558026645_n-150x150.jpg","caption":"Etienne Goursaud"},"description":"Journaliste et amoureux de sport. Ancien footballeur reconverti athl\u00e8te quand ses muscles le laissent tranquille. \u00c9lev\u00e9 \u00e0 la sauce des exploits de Thomas Voeckler en 2004, du dernier essai de l\u00e9gende de Eunice Barber \u00e0 la longueur lors des championnats du monde d'athl\u00e9tisme de 2003 mais aussi Zidane, Omeyer et Titou Lamaison.","url":"https:\/\/dicodusport.fr\/blog\/author\/etienne-goursaud\/"}]}},"_links":{"self":[{"href":"https:\/\/dicodusport.fr\/blog\/wp-json\/wp\/v2\/posts\/522406","targetHints":{"allow":["GET"]}}],"collection":[{"href":"https:\/\/dicodusport.fr\/blog\/wp-json\/wp\/v2\/posts"}],"about":[{"href":"https:\/\/dicodusport.fr\/blog\/wp-json\/wp\/v2\/types\/post"}],"author":[{"embeddable":true,"href":"https:\/\/dicodusport.fr\/blog\/wp-json\/wp\/v2\/users\/83"}],"replies":[{"embeddable":true,"href":"https:\/\/dicodusport.fr\/blog\/wp-json\/wp\/v2\/comments?post=522406"}],"version-history":[{"count":5,"href":"https:\/\/dicodusport.fr\/blog\/wp-json\/wp\/v2\/posts\/522406\/revisions"}],"predecessor-version":[{"id":523284,"href":"https:\/\/dicodusport.fr\/blog\/wp-json\/wp\/v2\/posts\/522406\/revisions\/523284"}],"wp:featuredmedia":[{"embeddable":true,"href":"https:\/\/dicodusport.fr\/blog\/wp-json\/wp\/v2\/media\/523280"}],"wp:attachment":[{"href":"https:\/\/dicodusport.fr\/blog\/wp-json\/wp\/v2\/media?parent=522406"}],"wp:term":[{"taxonomy":"category","embeddable":true,"href":"https:\/\/dicodusport.fr\/blog\/wp-json\/wp\/v2\/categories?post=522406"},{"taxonomy":"post_tag","embeddable":true,"href":"https:\/\/dicodusport.fr\/blog\/wp-json\/wp\/v2\/tags?post=522406"}],"curies":[{"name":"wp","href":"https:\/\/api.w.org\/{rel}","templated":true}]}}