{"id":522986,"date":"2024-09-27T15:11:55","date_gmt":"2024-09-27T13:11:55","guid":{"rendered":"https:\/\/dicodusport.fr\/blog\/?p=522986&#038;preview=true&#038;preview_id=522986"},"modified":"2024-09-27T19:26:06","modified_gmt":"2024-09-27T17:26:06","slug":"cyclisme-sur-route-juniors-muriel-furrer-est-decedee","status":"publish","type":"post","link":"https:\/\/dicodusport.fr\/blog\/cyclisme-sur-route-juniors-muriel-furrer-est-decedee\/","title":{"rendered":"Cyclisme sur route Juniors : Muriel Furrer est d\u00e9c\u00e9d\u00e9e"},"content":{"rendered":"<h4 style=\"text-align: justify;\"><em>CARNET NOIR CYCLISME &#8211; Victime d&rsquo;une lourde chute ce jeudi sur la course en ligne juniors des Mondiaux, Muriel Furrer est d\u00e9c\u00e9d\u00e9e ce vendredi, a annonc\u00e9 l&rsquo;UCI. Le monde du cyclisme est plong\u00e9 dans un nouveau deuil.<\/em><\/h4>\n<p style=\"text-align: justify;\">C&rsquo;est une terrible nouvelle annonc\u00e9e par l&rsquo;UCI, en ce d\u00e9but de vendredi apr\u00e8s-midi, dans un communiqu\u00e9. La Suissesse <strong>Muriel Furrer<\/strong>, \u00e2g\u00e9e de seulement 18 ans, est d\u00e9c\u00e9d\u00e9e aujourd&rsquo;hui. Tomb\u00e9e lourdement la veille, lors de <a href=\"https:\/\/dicodusport.fr\/blog\/mondiaux-cyclisme-2024-classement-course-en-ligne-juniors-femmes\/\">la course en ligne juniors<\/a>, elle a succomb\u00e9 \u00e0 ses blessures. <em>\u00ab<\/em> <em>UCI et le Comit\u00e9 d\u2019organisation des Championnats du Monde Route et Route Paracyclisme UCI 2024 tiennent \u00e0 pr\u00e9senter leurs sinc\u00e8res condol\u00e9ances \u00e0 la famille de Muriel Furrer, \u00e0 ses amis et \u00e0 sa F\u00e9d\u00e9ration Swiss Cycling \u00bb.<\/em><\/p>\n<p style=\"text-align: justify;\">Ce drame nous ram\u00e8ne plus d&rsquo;un an en arri\u00e8re et la mort de son compatriote <strong>Gino M\u00e4der<\/strong>, d\u00e9c\u00e9d\u00e9 apr\u00e8s une chute sur le Tour de Suisse 2023. Dont la famille a apport\u00e9 son soutien \u00e0 la jeune Suissesse. La deuxi\u00e8me des championnats de Suisse n&rsquo;a pas surv\u00e9cu \u00e0 un grave traumatisme cr\u00e2nien. Elle avait \u00e9t\u00e9 transport\u00e9e \u00e0 l&rsquo;h\u00f4pital par h\u00e9licopt\u00e8re dans un \u00e9tat tr\u00e8s critique. Ce drame plonge les championnats du monde de cyclisme dans le deuil et rappelle \u00e0 quel point ce sport peut \u00eatre dangereux, avec la mort qui peut guetter \u00e0 la moindre chute.<\/p>\n<p style=\"text-align: justify;\">Toute l&rsquo;\u00e9quipe de Dicodusport adresse ses plus sinc\u00e8res condol\u00e9ances \u00e0 la famille ainsi qu&rsquo;aux proches de <strong>Muriel Furrer.<\/strong><\/p>\n<blockquote class=\"twitter-tweet\">\n<p dir=\"ltr\" lang=\"fr\">La jeune Suissesse Muriel Furrer est d\u00e9c\u00e9dee au lendemain de sa grave chute aux Mondiaux de Zurich \ud83d\ude22 <a href=\"https:\/\/t.co\/jbr5A7iJ6W\">pic.twitter.com\/jbr5A7iJ6W<\/a><\/p>\n<p>\u2014 Fanny Lechevestrier (@fannylechevestr) <a href=\"https:\/\/twitter.com\/fannylechevestr\/status\/1839648967753109786?ref_src=twsrc%5Etfw\">September 27, 2024<\/a><\/p><\/blockquote>\n<p><script async src=\"https:\/\/platform.twitter.com\/widgets.js\" charset=\"utf-8\"><\/script><\/p>\n<p style=\"text-align: justify;\">\n","protected":false},"excerpt":{"rendered":"<p>Muriel Furrer est d\u00e9c\u00e9d\u00e9e<\/p>\n","protected":false},"author":83,"featured_media":522993,"comment_status":"open","ping_status":"closed","sticky":false,"template":"","format":"standard","meta":{"_acf_changed":false,"_daextam_enable_autolinks":"1","footnotes":""},"categories":[12712,46994],"tags":[32415,16878,8716,574],"class_list":["post-522986","post","type-post","status-publish","format-standard","has-post-thumbnail","hentry","category-carnet-noir","category-cyclisme-sur-route","tag-actu","tag-breve","tag-carnet-noir","tag-cyclisme"],"acf":[],"yoast_head":"<!-- This site is optimized with the Yoast SEO Premium plugin v26.7 (Yoast SEO v26.7) - https:\/\/yoast.com\/wordpress\/plugins\/seo\/ -->\n<title>Cyclisme sur route Juniors : Muriel Furrer est d\u00e9c\u00e9d\u00e9e<\/title>\n<meta name=\"description\" content=\"CARNET NOIR CYCLISME - Victime d&#039;une lourde chute ce jeudi, Muriel Furrer est d\u00e9c\u00e9d\u00e9e ce vendredi a annonc\u00e9 l&#039;UCI.\" \/>\n<meta name=\"robots\" content=\"index, follow, max-snippet:-1, max-image-preview:large, max-video-preview:-1\" \/>\n<link rel=\"canonical\" href=\"https:\/\/dicodusport.fr\/blog\/cyclisme-sur-route-juniors-muriel-furrer-est-decedee\/\" \/>\n<meta property=\"og:locale\" content=\"fr_FR\" \/>\n<meta property=\"og:type\" content=\"article\" \/>\n<meta property=\"og:title\" content=\"Cyclisme sur route Juniors : Muriel Furrer est d\u00e9c\u00e9d\u00e9e\" \/>\n<meta property=\"og:description\" content=\"CARNET NOIR CYCLISME - Victime d&#039;une lourde chute ce jeudi, Muriel Furrer est d\u00e9c\u00e9d\u00e9e ce vendredi a annonc\u00e9 l&#039;UCI.\" \/>\n<meta property=\"og:url\" content=\"https:\/\/dicodusport.fr\/blog\/cyclisme-sur-route-juniors-muriel-furrer-est-decedee\/\" \/>\n<meta property=\"og:site_name\" content=\"Dicodusport\" \/>\n<meta property=\"article:publisher\" content=\"https:\/\/www.facebook.com\/dicodusport\" \/>\n<meta property=\"article:published_time\" content=\"2024-09-27T13:11:55+00:00\" \/>\n<meta property=\"article:modified_time\" content=\"2024-09-27T17:26:06+00:00\" \/>\n<meta property=\"og:image\" content=\"https:\/\/dicodusport.fr\/blog\/wp-content\/uploads\/2024\/09\/Cyclisme-sur-route-Juniors-Muriel-Furrer-est-decedee.png\" \/>\n\t<meta property=\"og:image:width\" content=\"1200\" \/>\n\t<meta property=\"og:image:height\" content=\"674\" \/>\n\t<meta property=\"og:image:type\" content=\"image\/png\" \/>\n<meta name=\"author\" content=\"Etienne Goursaud\" \/>\n<meta name=\"twitter:card\" content=\"summary_large_image\" \/>\n<meta name=\"twitter:title\" content=\"Cyclisme sur route Juniors : Muriel Furrer est d\u00e9c\u00e9d\u00e9e\" \/>\n<meta name=\"twitter:creator\" content=\"@dicodusport\" \/>\n<meta name=\"twitter:site\" content=\"@dicodusport\" \/>\n<script type=\"application\/ld+json\" class=\"yoast-schema-graph\">{\"@context\":\"https:\/\/schema.org\",\"@graph\":[{\"@type\":\"NewsArticle\",\"@id\":\"https:\/\/dicodusport.fr\/blog\/cyclisme-sur-route-juniors-muriel-furrer-est-decedee\/#article\",\"isPartOf\":{\"@id\":\"https:\/\/dicodusport.fr\/blog\/cyclisme-sur-route-juniors-muriel-furrer-est-decedee\/\"},\"author\":{\"name\":\"Etienne Goursaud\",\"@id\":\"https:\/\/dicodusport.fr\/blog\/#\/schema\/person\/d603dd7da31fb2b46c82b9835a77ec13\"},\"headline\":\"Cyclisme sur route Juniors : Muriel Furrer est d\u00e9c\u00e9d\u00e9e\",\"datePublished\":\"2024-09-27T13:11:55+00:00\",\"dateModified\":\"2024-09-27T17:26:06+00:00\",\"mainEntityOfPage\":{\"@id\":\"https:\/\/dicodusport.fr\/blog\/cyclisme-sur-route-juniors-muriel-furrer-est-decedee\/\"},\"wordCount\":303,\"commentCount\":0,\"publisher\":{\"@id\":\"https:\/\/dicodusport.fr\/blog\/#organization\"},\"image\":{\"@id\":\"https:\/\/dicodusport.fr\/blog\/cyclisme-sur-route-juniors-muriel-furrer-est-decedee\/#primaryimage\"},\"thumbnailUrl\":\"https:\/\/dicodusport.fr\/blog\/wp-content\/uploads\/2024\/09\/Cyclisme-sur-route-Juniors-Muriel-Furrer-est-decedee.png\",\"keywords\":[\"actu\",\"br\u00e8ve\",\"Carnet noir\",\"Cyclisme\"],\"articleSection\":[\"Carnet noir\",\"Cyclisme sur route\"],\"inLanguage\":\"fr-FR\",\"potentialAction\":[{\"@type\":\"CommentAction\",\"name\":\"Comment\",\"target\":[\"https:\/\/dicodusport.fr\/blog\/cyclisme-sur-route-juniors-muriel-furrer-est-decedee\/#respond\"]}],\"copyrightYear\":\"2024\",\"copyrightHolder\":{\"@id\":\"https:\/\/dicodusport.fr\/blog\/#organization\"}},{\"@type\":\"WebPage\",\"@id\":\"https:\/\/dicodusport.fr\/blog\/cyclisme-sur-route-juniors-muriel-furrer-est-decedee\/\",\"url\":\"https:\/\/dicodusport.fr\/blog\/cyclisme-sur-route-juniors-muriel-furrer-est-decedee\/\",\"name\":\"Cyclisme sur route Juniors : Muriel Furrer est d\u00e9c\u00e9d\u00e9e\",\"isPartOf\":{\"@id\":\"https:\/\/dicodusport.fr\/blog\/#website\"},\"primaryImageOfPage\":{\"@id\":\"https:\/\/dicodusport.fr\/blog\/cyclisme-sur-route-juniors-muriel-furrer-est-decedee\/#primaryimage\"},\"image\":{\"@id\":\"https:\/\/dicodusport.fr\/blog\/cyclisme-sur-route-juniors-muriel-furrer-est-decedee\/#primaryimage\"},\"thumbnailUrl\":\"https:\/\/dicodusport.fr\/blog\/wp-content\/uploads\/2024\/09\/Cyclisme-sur-route-Juniors-Muriel-Furrer-est-decedee.png\",\"datePublished\":\"2024-09-27T13:11:55+00:00\",\"dateModified\":\"2024-09-27T17:26:06+00:00\",\"description\":\"CARNET NOIR CYCLISME - Victime d'une lourde chute ce jeudi, Muriel Furrer est d\u00e9c\u00e9d\u00e9e ce vendredi a annonc\u00e9 l'UCI.\",\"breadcrumb\":{\"@id\":\"https:\/\/dicodusport.fr\/blog\/cyclisme-sur-route-juniors-muriel-furrer-est-decedee\/#breadcrumb\"},\"inLanguage\":\"fr-FR\",\"potentialAction\":[{\"@type\":\"ReadAction\",\"target\":[\"https:\/\/dicodusport.fr\/blog\/cyclisme-sur-route-juniors-muriel-furrer-est-decedee\/\"]}]},{\"@type\":\"ImageObject\",\"inLanguage\":\"fr-FR\",\"@id\":\"https:\/\/dicodusport.fr\/blog\/cyclisme-sur-route-juniors-muriel-furrer-est-decedee\/#primaryimage\",\"url\":\"https:\/\/dicodusport.fr\/blog\/wp-content\/uploads\/2024\/09\/Cyclisme-sur-route-Juniors-Muriel-Furrer-est-decedee.png\",\"contentUrl\":\"https:\/\/dicodusport.fr\/blog\/wp-content\/uploads\/2024\/09\/Cyclisme-sur-route-Juniors-Muriel-Furrer-est-decedee.png\",\"width\":1200,\"height\":674,\"caption\":\"Cyclisme sur route Juniors Muriel Furrer est d\u00e9c\u00e9d\u00e9e\"},{\"@type\":\"BreadcrumbList\",\"@id\":\"https:\/\/dicodusport.fr\/blog\/cyclisme-sur-route-juniors-muriel-furrer-est-decedee\/#breadcrumb\",\"itemListElement\":[{\"@type\":\"ListItem\",\"position\":1,\"name\":\"Accueil\",\"item\":\"https:\/\/dicodusport.fr\/blog\/\"},{\"@type\":\"ListItem\",\"position\":2,\"name\":\"Cyclisme sur route Juniors : Muriel Furrer est d\u00e9c\u00e9d\u00e9e\"}]},{\"@type\":\"WebSite\",\"@id\":\"https:\/\/dicodusport.fr\/blog\/#website\",\"url\":\"https:\/\/dicodusport.fr\/blog\/\",\"name\":\"Dicodusport\",\"description\":\"L&#039;encyclop\u00e9die de l&#039;actualit\u00e9 sportive\",\"publisher\":{\"@id\":\"https:\/\/dicodusport.fr\/blog\/#organization\"},\"potentialAction\":[{\"@type\":\"SearchAction\",\"target\":{\"@type\":\"EntryPoint\",\"urlTemplate\":\"https:\/\/dicodusport.fr\/blog\/?s={search_term_string}\"},\"query-input\":{\"@type\":\"PropertyValueSpecification\",\"valueRequired\":true,\"valueName\":\"search_term_string\"}}],\"inLanguage\":\"fr-FR\"},{\"@type\":\"NewsMediaOrganization\",\"@id\":\"https:\/\/dicodusport.fr\/blog\/#organization\",\"name\":\"Dicodusport\",\"url\":\"https:\/\/dicodusport.fr\/blog\/\",\"logo\":{\"@type\":\"ImageObject\",\"inLanguage\":\"fr-FR\",\"@id\":\"https:\/\/dicodusport.fr\/blog\/#\/schema\/logo\/image\/\",\"url\":\"https:\/\/dicodusport.fr\/blog\/wp-content\/uploads\/2020\/06\/cropped-LOGO-DICODUSPORT-2020-SANS-FOND-SANS-TEXTE.png\",\"contentUrl\":\"https:\/\/dicodusport.fr\/blog\/wp-content\/uploads\/2020\/06\/cropped-LOGO-DICODUSPORT-2020-SANS-FOND-SANS-TEXTE.png\",\"width\":512,\"height\":512,\"caption\":\"Dicodusport\"},\"image\":{\"@id\":\"https:\/\/dicodusport.fr\/blog\/#\/schema\/logo\/image\/\"},\"sameAs\":[\"https:\/\/www.facebook.com\/dicodusport\",\"https:\/\/x.com\/dicodusport\",\"https:\/\/www.instagram.com\/dicodusport\/\",\"https:\/\/www.youtube.com\/channel\/UC7V2KZ5sd3htJivAbA4ZG3w\"],\"description\":\"Dicodusport est l'encyclop\u00e9die de l'actualit\u00e9 sportive.\",\"email\":\"bonjour@dicodusport.fr\",\"legalName\":\"DICODUSPORT\",\"foundingDate\":\"2018-01-14\",\"vatID\":\"FR71834470973\",\"taxID\":\"83447097300043\",\"numberOfEmployees\":{\"@type\":\"QuantitativeValue\",\"minValue\":\"1\",\"maxValue\":\"10\"}},{\"@type\":\"Person\",\"@id\":\"https:\/\/dicodusport.fr\/blog\/#\/schema\/person\/d603dd7da31fb2b46c82b9835a77ec13\",\"name\":\"Etienne Goursaud\",\"image\":{\"@type\":\"ImageObject\",\"inLanguage\":\"fr-FR\",\"@id\":\"https:\/\/dicodusport.fr\/blog\/#\/schema\/person\/image\/\",\"url\":\"https:\/\/dicodusport.fr\/blog\/wp-content\/uploads\/2023\/12\/410122264_10231602061736049_5565839791558026645_n-150x150.jpg\",\"contentUrl\":\"https:\/\/dicodusport.fr\/blog\/wp-content\/uploads\/2023\/12\/410122264_10231602061736049_5565839791558026645_n-150x150.jpg\",\"caption\":\"Etienne Goursaud\"},\"description\":\"Journaliste et amoureux de sport. Ancien footballeur reconverti athl\u00e8te quand ses muscles le laissent tranquille. \u00c9lev\u00e9 \u00e0 la sauce des exploits de Thomas Voeckler en 2004, du dernier essai de l\u00e9gende de Eunice Barber \u00e0 la longueur lors des championnats du monde d'athl\u00e9tisme de 2003 mais aussi Zidane, Omeyer et Titou Lamaison.\",\"url\":\"https:\/\/dicodusport.fr\/blog\/author\/etienne-goursaud\/\"}]}<\/script>\n<!-- \/ Yoast SEO Premium plugin. -->","yoast_head_json":{"title":"Cyclisme sur route Juniors : Muriel Furrer est d\u00e9c\u00e9d\u00e9e","description":"CARNET NOIR CYCLISME - Victime d'une lourde chute ce jeudi, Muriel Furrer est d\u00e9c\u00e9d\u00e9e ce vendredi a annonc\u00e9 l'UCI.","robots":{"index":"index","follow":"follow","max-snippet":"max-snippet:-1","max-image-preview":"max-image-preview:large","max-video-preview":"max-video-preview:-1"},"canonical":"https:\/\/dicodusport.fr\/blog\/cyclisme-sur-route-juniors-muriel-furrer-est-decedee\/","og_locale":"fr_FR","og_type":"article","og_title":"Cyclisme sur route Juniors : Muriel Furrer est d\u00e9c\u00e9d\u00e9e","og_description":"CARNET NOIR CYCLISME - Victime d'une lourde chute ce jeudi, Muriel Furrer est d\u00e9c\u00e9d\u00e9e ce vendredi a annonc\u00e9 l'UCI.","og_url":"https:\/\/dicodusport.fr\/blog\/cyclisme-sur-route-juniors-muriel-furrer-est-decedee\/","og_site_name":"Dicodusport","article_publisher":"https:\/\/www.facebook.com\/dicodusport","article_published_time":"2024-09-27T13:11:55+00:00","article_modified_time":"2024-09-27T17:26:06+00:00","og_image":[{"width":1200,"height":674,"url":"https:\/\/dicodusport.fr\/blog\/wp-content\/uploads\/2024\/09\/Cyclisme-sur-route-Juniors-Muriel-Furrer-est-decedee.png","type":"image\/png"}],"author":"Etienne Goursaud","twitter_card":"summary_large_image","twitter_title":"Cyclisme sur route Juniors : Muriel Furrer est d\u00e9c\u00e9d\u00e9e","twitter_creator":"@dicodusport","twitter_site":"@dicodusport","schema":{"@context":"https:\/\/schema.org","@graph":[{"@type":"NewsArticle","@id":"https:\/\/dicodusport.fr\/blog\/cyclisme-sur-route-juniors-muriel-furrer-est-decedee\/#article","isPartOf":{"@id":"https:\/\/dicodusport.fr\/blog\/cyclisme-sur-route-juniors-muriel-furrer-est-decedee\/"},"author":{"name":"Etienne Goursaud","@id":"https:\/\/dicodusport.fr\/blog\/#\/schema\/person\/d603dd7da31fb2b46c82b9835a77ec13"},"headline":"Cyclisme sur route Juniors : Muriel Furrer est d\u00e9c\u00e9d\u00e9e","datePublished":"2024-09-27T13:11:55+00:00","dateModified":"2024-09-27T17:26:06+00:00","mainEntityOfPage":{"@id":"https:\/\/dicodusport.fr\/blog\/cyclisme-sur-route-juniors-muriel-furrer-est-decedee\/"},"wordCount":303,"commentCount":0,"publisher":{"@id":"https:\/\/dicodusport.fr\/blog\/#organization"},"image":{"@id":"https:\/\/dicodusport.fr\/blog\/cyclisme-sur-route-juniors-muriel-furrer-est-decedee\/#primaryimage"},"thumbnailUrl":"https:\/\/dicodusport.fr\/blog\/wp-content\/uploads\/2024\/09\/Cyclisme-sur-route-Juniors-Muriel-Furrer-est-decedee.png","keywords":["actu","br\u00e8ve","Carnet noir","Cyclisme"],"articleSection":["Carnet noir","Cyclisme sur route"],"inLanguage":"fr-FR","potentialAction":[{"@type":"CommentAction","name":"Comment","target":["https:\/\/dicodusport.fr\/blog\/cyclisme-sur-route-juniors-muriel-furrer-est-decedee\/#respond"]}],"copyrightYear":"2024","copyrightHolder":{"@id":"https:\/\/dicodusport.fr\/blog\/#organization"}},{"@type":"WebPage","@id":"https:\/\/dicodusport.fr\/blog\/cyclisme-sur-route-juniors-muriel-furrer-est-decedee\/","url":"https:\/\/dicodusport.fr\/blog\/cyclisme-sur-route-juniors-muriel-furrer-est-decedee\/","name":"Cyclisme sur route Juniors : Muriel Furrer est d\u00e9c\u00e9d\u00e9e","isPartOf":{"@id":"https:\/\/dicodusport.fr\/blog\/#website"},"primaryImageOfPage":{"@id":"https:\/\/dicodusport.fr\/blog\/cyclisme-sur-route-juniors-muriel-furrer-est-decedee\/#primaryimage"},"image":{"@id":"https:\/\/dicodusport.fr\/blog\/cyclisme-sur-route-juniors-muriel-furrer-est-decedee\/#primaryimage"},"thumbnailUrl":"https:\/\/dicodusport.fr\/blog\/wp-content\/uploads\/2024\/09\/Cyclisme-sur-route-Juniors-Muriel-Furrer-est-decedee.png","datePublished":"2024-09-27T13:11:55+00:00","dateModified":"2024-09-27T17:26:06+00:00","description":"CARNET NOIR CYCLISME - Victime d'une lourde chute ce jeudi, Muriel Furrer est d\u00e9c\u00e9d\u00e9e ce vendredi a annonc\u00e9 l'UCI.","breadcrumb":{"@id":"https:\/\/dicodusport.fr\/blog\/cyclisme-sur-route-juniors-muriel-furrer-est-decedee\/#breadcrumb"},"inLanguage":"fr-FR","potentialAction":[{"@type":"ReadAction","target":["https:\/\/dicodusport.fr\/blog\/cyclisme-sur-route-juniors-muriel-furrer-est-decedee\/"]}]},{"@type":"ImageObject","inLanguage":"fr-FR","@id":"https:\/\/dicodusport.fr\/blog\/cyclisme-sur-route-juniors-muriel-furrer-est-decedee\/#primaryimage","url":"https:\/\/dicodusport.fr\/blog\/wp-content\/uploads\/2024\/09\/Cyclisme-sur-route-Juniors-Muriel-Furrer-est-decedee.png","contentUrl":"https:\/\/dicodusport.fr\/blog\/wp-content\/uploads\/2024\/09\/Cyclisme-sur-route-Juniors-Muriel-Furrer-est-decedee.png","width":1200,"height":674,"caption":"Cyclisme sur route Juniors Muriel Furrer est d\u00e9c\u00e9d\u00e9e"},{"@type":"BreadcrumbList","@id":"https:\/\/dicodusport.fr\/blog\/cyclisme-sur-route-juniors-muriel-furrer-est-decedee\/#breadcrumb","itemListElement":[{"@type":"ListItem","position":1,"name":"Accueil","item":"https:\/\/dicodusport.fr\/blog\/"},{"@type":"ListItem","position":2,"name":"Cyclisme sur route Juniors : Muriel Furrer est d\u00e9c\u00e9d\u00e9e"}]},{"@type":"WebSite","@id":"https:\/\/dicodusport.fr\/blog\/#website","url":"https:\/\/dicodusport.fr\/blog\/","name":"Dicodusport","description":"L&#039;encyclop\u00e9die de l&#039;actualit\u00e9 sportive","publisher":{"@id":"https:\/\/dicodusport.fr\/blog\/#organization"},"potentialAction":[{"@type":"SearchAction","target":{"@type":"EntryPoint","urlTemplate":"https:\/\/dicodusport.fr\/blog\/?s={search_term_string}"},"query-input":{"@type":"PropertyValueSpecification","valueRequired":true,"valueName":"search_term_string"}}],"inLanguage":"fr-FR"},{"@type":"NewsMediaOrganization","@id":"https:\/\/dicodusport.fr\/blog\/#organization","name":"Dicodusport","url":"https:\/\/dicodusport.fr\/blog\/","logo":{"@type":"ImageObject","inLanguage":"fr-FR","@id":"https:\/\/dicodusport.fr\/blog\/#\/schema\/logo\/image\/","url":"https:\/\/dicodusport.fr\/blog\/wp-content\/uploads\/2020\/06\/cropped-LOGO-DICODUSPORT-2020-SANS-FOND-SANS-TEXTE.png","contentUrl":"https:\/\/dicodusport.fr\/blog\/wp-content\/uploads\/2020\/06\/cropped-LOGO-DICODUSPORT-2020-SANS-FOND-SANS-TEXTE.png","width":512,"height":512,"caption":"Dicodusport"},"image":{"@id":"https:\/\/dicodusport.fr\/blog\/#\/schema\/logo\/image\/"},"sameAs":["https:\/\/www.facebook.com\/dicodusport","https:\/\/x.com\/dicodusport","https:\/\/www.instagram.com\/dicodusport\/","https:\/\/www.youtube.com\/channel\/UC7V2KZ5sd3htJivAbA4ZG3w"],"description":"Dicodusport est l'encyclop\u00e9die de l'actualit\u00e9 sportive.","email":"bonjour@dicodusport.fr","legalName":"DICODUSPORT","foundingDate":"2018-01-14","vatID":"FR71834470973","taxID":"83447097300043","numberOfEmployees":{"@type":"QuantitativeValue","minValue":"1","maxValue":"10"}},{"@type":"Person","@id":"https:\/\/dicodusport.fr\/blog\/#\/schema\/person\/d603dd7da31fb2b46c82b9835a77ec13","name":"Etienne Goursaud","image":{"@type":"ImageObject","inLanguage":"fr-FR","@id":"https:\/\/dicodusport.fr\/blog\/#\/schema\/person\/image\/","url":"https:\/\/dicodusport.fr\/blog\/wp-content\/uploads\/2023\/12\/410122264_10231602061736049_5565839791558026645_n-150x150.jpg","contentUrl":"https:\/\/dicodusport.fr\/blog\/wp-content\/uploads\/2023\/12\/410122264_10231602061736049_5565839791558026645_n-150x150.jpg","caption":"Etienne Goursaud"},"description":"Journaliste et amoureux de sport. Ancien footballeur reconverti athl\u00e8te quand ses muscles le laissent tranquille. \u00c9lev\u00e9 \u00e0 la sauce des exploits de Thomas Voeckler en 2004, du dernier essai de l\u00e9gende de Eunice Barber \u00e0 la longueur lors des championnats du monde d'athl\u00e9tisme de 2003 mais aussi Zidane, Omeyer et Titou Lamaison.","url":"https:\/\/dicodusport.fr\/blog\/author\/etienne-goursaud\/"}]}},"_links":{"self":[{"href":"https:\/\/dicodusport.fr\/blog\/wp-json\/wp\/v2\/posts\/522986","targetHints":{"allow":["GET"]}}],"collection":[{"href":"https:\/\/dicodusport.fr\/blog\/wp-json\/wp\/v2\/posts"}],"about":[{"href":"https:\/\/dicodusport.fr\/blog\/wp-json\/wp\/v2\/types\/post"}],"author":[{"embeddable":true,"href":"https:\/\/dicodusport.fr\/blog\/wp-json\/wp\/v2\/users\/83"}],"replies":[{"embeddable":true,"href":"https:\/\/dicodusport.fr\/blog\/wp-json\/wp\/v2\/comments?post=522986"}],"version-history":[{"count":5,"href":"https:\/\/dicodusport.fr\/blog\/wp-json\/wp\/v2\/posts\/522986\/revisions"}],"predecessor-version":[{"id":523041,"href":"https:\/\/dicodusport.fr\/blog\/wp-json\/wp\/v2\/posts\/522986\/revisions\/523041"}],"wp:featuredmedia":[{"embeddable":true,"href":"https:\/\/dicodusport.fr\/blog\/wp-json\/wp\/v2\/media\/522993"}],"wp:attachment":[{"href":"https:\/\/dicodusport.fr\/blog\/wp-json\/wp\/v2\/media?parent=522986"}],"wp:term":[{"taxonomy":"category","embeddable":true,"href":"https:\/\/dicodusport.fr\/blog\/wp-json\/wp\/v2\/categories?post=522986"},{"taxonomy":"post_tag","embeddable":true,"href":"https:\/\/dicodusport.fr\/blog\/wp-json\/wp\/v2\/tags?post=522986"}],"curies":[{"name":"wp","href":"https:\/\/api.w.org\/{rel}","templated":true}]}}