{"id":523152,"date":"2024-09-28T12:49:02","date_gmt":"2024-09-28T10:49:02","guid":{"rendered":"https:\/\/dicodusport.fr\/blog\/?p=523152&#038;preview=true&#038;preview_id=523152"},"modified":"2024-09-28T13:21:02","modified_gmt":"2024-09-28T11:21:02","slug":"transferts-mauricio-reggiardo-va-quitter-provence-rugby","status":"publish","type":"post","link":"https:\/\/dicodusport.fr\/blog\/transferts-mauricio-reggiardo-va-quitter-provence-rugby\/","title":{"rendered":"Transferts : Mauricio Reggiardo va quitter Provence Rugby"},"content":{"rendered":"<h4 style=\"text-align: justify;\"><em>TRANSFERTS RUGBY &#8211; Selon La Provence, Mauricio Reggiardo va quitter son poste de manager de Provence Rugby au terme de la saison 2024-2025.<\/em><\/h4>\n<p style=\"text-align: justify;\">Favori \u00e0 la mont\u00e9e en <strong>Top<\/strong> <strong>14<\/strong> la saison pass\u00e9e, <strong>Provence<\/strong> <strong>Rugby<\/strong> a \u00e9chou\u00e9 en demi-finale face \u00e0 <strong>Grenoble<\/strong>. Le club aixois, cinqui\u00e8me au classement de Pro D2 apr\u00e8s cinq journ\u00e9es, est encore attendu cette saison apr\u00e8s un recrutement cons\u00e9quent et aimerait concr\u00e9tiser son r\u00eave d&rsquo;acc\u00e9der au plus haut niveau du rugby fran\u00e7ais.<\/p>\n<ul style=\"text-align: justify;\">\n<li style=\"text-align: justify;\"><strong>\u00c0 ce sujet &#8211; <a href=\"https:\/\/dicodusport.fr\/blog\/transferts-toulouse-pierre-louis-barassi-courtise-par-un-2eme-club-en-top-14\/\" target=\"_blank\" rel=\"noopener\">Transferts Toulouse : Pierre-Louis Barassi courtis\u00e9 par un 2\u00e8me club en Top 14<\/a><\/strong><\/li>\n<\/ul>\n<h2 style=\"text-align: justify;\">Mauricio Reggiardo part, PSA arrive<\/h2>\n<p style=\"text-align: justify;\">Mais si le club acc\u00e8de au Top 14, ce ne sera plus avec <strong>Mauricio<\/strong> <strong>Reggiardo<\/strong> comme manager. L&rsquo;Argentin a annonc\u00e9 \u00e0 ses joueurs vendredi qu&rsquo;il allait quitter le club en fin de saison. Arriv\u00e9 en 2021, il est en fin de contrat en juin 2025 et sa direction ne lui a rien propos\u00e9 pour la suite. L&rsquo;ancien pilier a donc pris la d\u00e9cision d&rsquo;annoncer son d\u00e9part.<\/p>\n<p style=\"text-align: justify;\">Si la direction de <strong>Provence<\/strong> <strong>Rugby<\/strong> ne lui a rien propos\u00e9, c&rsquo;est que <strong>Philippe Saint-Andr\u00e9<\/strong> arrive dans quelques mois en qualit\u00e9 de directeur sportif. La cohabitation entre les deux hommes semblait compliqu\u00e9e sur le papier, et c&rsquo;est donc <strong>Mauricio<\/strong> <strong>Reggiardo<\/strong> qui va plier bagages apr\u00e8s quatre saisons au club.<\/p>\n<blockquote class=\"twitter-tweet\">\n<p dir=\"ltr\" lang=\"fr\">INFO <a href=\"https:\/\/twitter.com\/laprovence?ref_src=twsrc%5Etfw\">@laprovence<\/a> (<a href=\"https:\/\/twitter.com\/hashtag\/Rugby?src=hash&amp;ref_src=twsrc%5Etfw\">#Rugby<\/a> &#8211; Pro D2) : Mauricio Reggiardo va quitter Provence Rugby \u00e0 la fin de la saison ! <a href=\"https:\/\/t.co\/03Js0gCsod\">https:\/\/t.co\/03Js0gCsod<\/a><\/p>\n<p>\u2014 Steven Imbert (@stevenimbert) <a href=\"https:\/\/twitter.com\/stevenimbert\/status\/1839957980059459708?ref_src=twsrc%5Etfw\">September 28, 2024<\/a><\/p><\/blockquote>\n<p style=\"text-align: justify;\"><script async src=\"https:\/\/platform.twitter.com\/widgets.js\" charset=\"utf-8\"><\/script><\/p>\n","protected":false},"excerpt":{"rendered":"<p>TRANSFERTS RUGBY &#8211; Selon La Provence, Mauricio Reggiardo va quitter son poste de manager de Provence Rugby au terme de la saison 2024-2025.<\/p>\n","protected":false},"author":1,"featured_media":523155,"comment_status":"open","ping_status":"closed","sticky":false,"template":"","format":"standard","meta":{"_acf_changed":false,"_daextam_enable_autolinks":"1","footnotes":""},"categories":[9129],"tags":[32415,16878,10237,29105],"class_list":["post-523152","post","type-post","status-publish","format-standard","has-post-thumbnail","hentry","category-rugby-a-xv","tag-actu","tag-breve","tag-provence-rugby","tag-transferts-rugby"],"acf":[],"yoast_head":"<!-- This site is optimized with the Yoast SEO Premium plugin v26.7 (Yoast SEO v26.7) - https:\/\/yoast.com\/wordpress\/plugins\/seo\/ -->\n<title>Transferts : Mauricio Reggiardo va quitter Provence Rugby<\/title>\n<meta name=\"description\" content=\"TRANSFERTS RUGBY - Selon La Provence, Mauricio Reggiardo va quitter son poste de manager de Provence Rugby au terme de la saison 2024-2025.\" \/>\n<meta name=\"robots\" content=\"index, follow, max-snippet:-1, max-image-preview:large, max-video-preview:-1\" \/>\n<link rel=\"canonical\" href=\"https:\/\/dicodusport.fr\/blog\/transferts-mauricio-reggiardo-va-quitter-provence-rugby\/\" \/>\n<meta property=\"og:locale\" content=\"fr_FR\" \/>\n<meta property=\"og:type\" content=\"article\" \/>\n<meta property=\"og:title\" content=\"Transferts : Mauricio Reggiardo va quitter Provence Rugby\" \/>\n<meta property=\"og:description\" content=\"TRANSFERTS RUGBY - Selon La Provence, Mauricio Reggiardo va quitter son poste de manager de Provence Rugby au terme de la saison 2024-2025.\" \/>\n<meta property=\"og:url\" content=\"https:\/\/dicodusport.fr\/blog\/transferts-mauricio-reggiardo-va-quitter-provence-rugby\/\" \/>\n<meta property=\"og:site_name\" content=\"Dicodusport\" \/>\n<meta property=\"article:publisher\" content=\"https:\/\/www.facebook.com\/dicodusport\" \/>\n<meta property=\"article:author\" content=\"https:\/\/www.facebook.com\/dicodusport\" \/>\n<meta property=\"article:published_time\" content=\"2024-09-28T10:49:02+00:00\" \/>\n<meta property=\"article:modified_time\" content=\"2024-09-28T11:21:02+00:00\" \/>\n<meta property=\"og:image\" content=\"https:\/\/dicodusport.fr\/blog\/wp-content\/uploads\/2024\/09\/Transferts-Mauricio-Reggiardo-va-quitter-Provence-Rugby.png\" \/>\n\t<meta property=\"og:image:width\" content=\"1200\" \/>\n\t<meta property=\"og:image:height\" content=\"674\" \/>\n\t<meta property=\"og:image:type\" content=\"image\/png\" \/>\n<meta name=\"author\" content=\"Nicolas Jacquemard\" \/>\n<meta name=\"twitter:card\" content=\"summary_large_image\" \/>\n<meta name=\"twitter:title\" content=\"Transferts : Mauricio Reggiardo va quitter Provence Rugby\" \/>\n<meta name=\"twitter:creator\" content=\"@https:\/\/twitter.com\/Nico_Jacquemard\" \/>\n<meta name=\"twitter:site\" content=\"@dicodusport\" \/>\n<script type=\"application\/ld+json\" class=\"yoast-schema-graph\">{\"@context\":\"https:\/\/schema.org\",\"@graph\":[{\"@type\":\"NewsArticle\",\"@id\":\"https:\/\/dicodusport.fr\/blog\/transferts-mauricio-reggiardo-va-quitter-provence-rugby\/#article\",\"isPartOf\":{\"@id\":\"https:\/\/dicodusport.fr\/blog\/transferts-mauricio-reggiardo-va-quitter-provence-rugby\/\"},\"author\":{\"name\":\"Nicolas Jacquemard\",\"@id\":\"https:\/\/dicodusport.fr\/blog\/#\/schema\/person\/55dcb50ad410894e431ed812bbb70191\"},\"headline\":\"Transferts : Mauricio Reggiardo va quitter Provence Rugby\",\"datePublished\":\"2024-09-28T10:49:02+00:00\",\"dateModified\":\"2024-09-28T11:21:02+00:00\",\"mainEntityOfPage\":{\"@id\":\"https:\/\/dicodusport.fr\/blog\/transferts-mauricio-reggiardo-va-quitter-provence-rugby\/\"},\"wordCount\":259,\"commentCount\":0,\"publisher\":{\"@id\":\"https:\/\/dicodusport.fr\/blog\/#organization\"},\"image\":{\"@id\":\"https:\/\/dicodusport.fr\/blog\/transferts-mauricio-reggiardo-va-quitter-provence-rugby\/#primaryimage\"},\"thumbnailUrl\":\"https:\/\/dicodusport.fr\/blog\/wp-content\/uploads\/2024\/09\/Transferts-Mauricio-Reggiardo-va-quitter-Provence-Rugby.png\",\"keywords\":[\"actu\",\"br\u00e8ve\",\"Provence Rugby\",\"Transferts rugby\"],\"articleSection\":[\"Rugby \u00e0 XV\"],\"inLanguage\":\"fr-FR\",\"potentialAction\":[{\"@type\":\"CommentAction\",\"name\":\"Comment\",\"target\":[\"https:\/\/dicodusport.fr\/blog\/transferts-mauricio-reggiardo-va-quitter-provence-rugby\/#respond\"]}],\"copyrightYear\":\"2024\",\"copyrightHolder\":{\"@id\":\"https:\/\/dicodusport.fr\/blog\/#organization\"}},{\"@type\":\"WebPage\",\"@id\":\"https:\/\/dicodusport.fr\/blog\/transferts-mauricio-reggiardo-va-quitter-provence-rugby\/\",\"url\":\"https:\/\/dicodusport.fr\/blog\/transferts-mauricio-reggiardo-va-quitter-provence-rugby\/\",\"name\":\"Transferts : Mauricio Reggiardo va quitter Provence Rugby\",\"isPartOf\":{\"@id\":\"https:\/\/dicodusport.fr\/blog\/#website\"},\"primaryImageOfPage\":{\"@id\":\"https:\/\/dicodusport.fr\/blog\/transferts-mauricio-reggiardo-va-quitter-provence-rugby\/#primaryimage\"},\"image\":{\"@id\":\"https:\/\/dicodusport.fr\/blog\/transferts-mauricio-reggiardo-va-quitter-provence-rugby\/#primaryimage\"},\"thumbnailUrl\":\"https:\/\/dicodusport.fr\/blog\/wp-content\/uploads\/2024\/09\/Transferts-Mauricio-Reggiardo-va-quitter-Provence-Rugby.png\",\"datePublished\":\"2024-09-28T10:49:02+00:00\",\"dateModified\":\"2024-09-28T11:21:02+00:00\",\"description\":\"TRANSFERTS RUGBY - Selon La Provence, Mauricio Reggiardo va quitter son poste de manager de Provence Rugby au terme de la saison 2024-2025.\",\"breadcrumb\":{\"@id\":\"https:\/\/dicodusport.fr\/blog\/transferts-mauricio-reggiardo-va-quitter-provence-rugby\/#breadcrumb\"},\"inLanguage\":\"fr-FR\",\"potentialAction\":[{\"@type\":\"ReadAction\",\"target\":[\"https:\/\/dicodusport.fr\/blog\/transferts-mauricio-reggiardo-va-quitter-provence-rugby\/\"]}]},{\"@type\":\"ImageObject\",\"inLanguage\":\"fr-FR\",\"@id\":\"https:\/\/dicodusport.fr\/blog\/transferts-mauricio-reggiardo-va-quitter-provence-rugby\/#primaryimage\",\"url\":\"https:\/\/dicodusport.fr\/blog\/wp-content\/uploads\/2024\/09\/Transferts-Mauricio-Reggiardo-va-quitter-Provence-Rugby.png\",\"contentUrl\":\"https:\/\/dicodusport.fr\/blog\/wp-content\/uploads\/2024\/09\/Transferts-Mauricio-Reggiardo-va-quitter-Provence-Rugby.png\",\"width\":1200,\"height\":674},{\"@type\":\"BreadcrumbList\",\"@id\":\"https:\/\/dicodusport.fr\/blog\/transferts-mauricio-reggiardo-va-quitter-provence-rugby\/#breadcrumb\",\"itemListElement\":[{\"@type\":\"ListItem\",\"position\":1,\"name\":\"Accueil\",\"item\":\"https:\/\/dicodusport.fr\/blog\/\"},{\"@type\":\"ListItem\",\"position\":2,\"name\":\"Transferts : Mauricio Reggiardo va quitter Provence Rugby\"}]},{\"@type\":\"WebSite\",\"@id\":\"https:\/\/dicodusport.fr\/blog\/#website\",\"url\":\"https:\/\/dicodusport.fr\/blog\/\",\"name\":\"Dicodusport\",\"description\":\"L&#039;encyclop\u00e9die de l&#039;actualit\u00e9 sportive\",\"publisher\":{\"@id\":\"https:\/\/dicodusport.fr\/blog\/#organization\"},\"potentialAction\":[{\"@type\":\"SearchAction\",\"target\":{\"@type\":\"EntryPoint\",\"urlTemplate\":\"https:\/\/dicodusport.fr\/blog\/?s={search_term_string}\"},\"query-input\":{\"@type\":\"PropertyValueSpecification\",\"valueRequired\":true,\"valueName\":\"search_term_string\"}}],\"inLanguage\":\"fr-FR\"},{\"@type\":\"NewsMediaOrganization\",\"@id\":\"https:\/\/dicodusport.fr\/blog\/#organization\",\"name\":\"Dicodusport\",\"url\":\"https:\/\/dicodusport.fr\/blog\/\",\"logo\":{\"@type\":\"ImageObject\",\"inLanguage\":\"fr-FR\",\"@id\":\"https:\/\/dicodusport.fr\/blog\/#\/schema\/logo\/image\/\",\"url\":\"https:\/\/dicodusport.fr\/blog\/wp-content\/uploads\/2020\/06\/cropped-LOGO-DICODUSPORT-2020-SANS-FOND-SANS-TEXTE.png\",\"contentUrl\":\"https:\/\/dicodusport.fr\/blog\/wp-content\/uploads\/2020\/06\/cropped-LOGO-DICODUSPORT-2020-SANS-FOND-SANS-TEXTE.png\",\"width\":512,\"height\":512,\"caption\":\"Dicodusport\"},\"image\":{\"@id\":\"https:\/\/dicodusport.fr\/blog\/#\/schema\/logo\/image\/\"},\"sameAs\":[\"https:\/\/www.facebook.com\/dicodusport\",\"https:\/\/x.com\/dicodusport\",\"https:\/\/www.instagram.com\/dicodusport\/\",\"https:\/\/www.youtube.com\/channel\/UC7V2KZ5sd3htJivAbA4ZG3w\"],\"description\":\"Dicodusport est l'encyclop\u00e9die de l'actualit\u00e9 sportive.\",\"email\":\"bonjour@dicodusport.fr\",\"legalName\":\"DICODUSPORT\",\"foundingDate\":\"2018-01-14\",\"vatID\":\"FR71834470973\",\"taxID\":\"83447097300043\",\"numberOfEmployees\":{\"@type\":\"QuantitativeValue\",\"minValue\":\"1\",\"maxValue\":\"10\"}},{\"@type\":\"Person\",\"@id\":\"https:\/\/dicodusport.fr\/blog\/#\/schema\/person\/55dcb50ad410894e431ed812bbb70191\",\"name\":\"Nicolas Jacquemard\",\"image\":{\"@type\":\"ImageObject\",\"inLanguage\":\"fr-FR\",\"@id\":\"https:\/\/dicodusport.fr\/blog\/#\/schema\/person\/image\/\",\"url\":\"https:\/\/dicodusport.fr\/blog\/wp-content\/uploads\/2021\/05\/Nicolas-Jacquemard-150x150.jpeg\",\"contentUrl\":\"https:\/\/dicodusport.fr\/blog\/wp-content\/uploads\/2021\/05\/Nicolas-Jacquemard-150x150.jpeg\",\"caption\":\"Nicolas Jacquemard\"},\"description\":\"Passionn\u00e9 de sport et entrepreneur depuis mes 18 ans, la cr\u00e9ation de Dicodusport m'a sembl\u00e9 \u00e9vidente pour participer \u00e0 la m\u00e9diatisation d'un plus grand nombre de sports. Le chemin est long mais avec une \u00e9quipe des plus motiv\u00e9es et les Jeux Olympiques de Paris 2024 en point de mire, nous y arriverons ! Journaliste dans le monde du sport depuis plus de 5 ans, je traite aussi bien de football, de rugby, de biathlon que de cyclisme.\",\"sameAs\":[\"https:\/\/www.facebook.com\/dicodusport\",\"https:\/\/x.com\/https:\/\/twitter.com\/Nico_Jacquemard\"],\"url\":\"https:\/\/dicodusport.fr\/blog\/author\/dicodusport\/\"}]}<\/script>\n<!-- \/ Yoast SEO Premium plugin. -->","yoast_head_json":{"title":"Transferts : Mauricio Reggiardo va quitter Provence Rugby","description":"TRANSFERTS RUGBY - Selon La Provence, Mauricio Reggiardo va quitter son poste de manager de Provence Rugby au terme de la saison 2024-2025.","robots":{"index":"index","follow":"follow","max-snippet":"max-snippet:-1","max-image-preview":"max-image-preview:large","max-video-preview":"max-video-preview:-1"},"canonical":"https:\/\/dicodusport.fr\/blog\/transferts-mauricio-reggiardo-va-quitter-provence-rugby\/","og_locale":"fr_FR","og_type":"article","og_title":"Transferts : Mauricio Reggiardo va quitter Provence Rugby","og_description":"TRANSFERTS RUGBY - Selon La Provence, Mauricio Reggiardo va quitter son poste de manager de Provence Rugby au terme de la saison 2024-2025.","og_url":"https:\/\/dicodusport.fr\/blog\/transferts-mauricio-reggiardo-va-quitter-provence-rugby\/","og_site_name":"Dicodusport","article_publisher":"https:\/\/www.facebook.com\/dicodusport","article_author":"https:\/\/www.facebook.com\/dicodusport","article_published_time":"2024-09-28T10:49:02+00:00","article_modified_time":"2024-09-28T11:21:02+00:00","og_image":[{"width":1200,"height":674,"url":"https:\/\/dicodusport.fr\/blog\/wp-content\/uploads\/2024\/09\/Transferts-Mauricio-Reggiardo-va-quitter-Provence-Rugby.png","type":"image\/png"}],"author":"Nicolas Jacquemard","twitter_card":"summary_large_image","twitter_title":"Transferts : Mauricio Reggiardo va quitter Provence Rugby","twitter_creator":"@https:\/\/twitter.com\/Nico_Jacquemard","twitter_site":"@dicodusport","schema":{"@context":"https:\/\/schema.org","@graph":[{"@type":"NewsArticle","@id":"https:\/\/dicodusport.fr\/blog\/transferts-mauricio-reggiardo-va-quitter-provence-rugby\/#article","isPartOf":{"@id":"https:\/\/dicodusport.fr\/blog\/transferts-mauricio-reggiardo-va-quitter-provence-rugby\/"},"author":{"name":"Nicolas Jacquemard","@id":"https:\/\/dicodusport.fr\/blog\/#\/schema\/person\/55dcb50ad410894e431ed812bbb70191"},"headline":"Transferts : Mauricio Reggiardo va quitter Provence Rugby","datePublished":"2024-09-28T10:49:02+00:00","dateModified":"2024-09-28T11:21:02+00:00","mainEntityOfPage":{"@id":"https:\/\/dicodusport.fr\/blog\/transferts-mauricio-reggiardo-va-quitter-provence-rugby\/"},"wordCount":259,"commentCount":0,"publisher":{"@id":"https:\/\/dicodusport.fr\/blog\/#organization"},"image":{"@id":"https:\/\/dicodusport.fr\/blog\/transferts-mauricio-reggiardo-va-quitter-provence-rugby\/#primaryimage"},"thumbnailUrl":"https:\/\/dicodusport.fr\/blog\/wp-content\/uploads\/2024\/09\/Transferts-Mauricio-Reggiardo-va-quitter-Provence-Rugby.png","keywords":["actu","br\u00e8ve","Provence Rugby","Transferts rugby"],"articleSection":["Rugby \u00e0 XV"],"inLanguage":"fr-FR","potentialAction":[{"@type":"CommentAction","name":"Comment","target":["https:\/\/dicodusport.fr\/blog\/transferts-mauricio-reggiardo-va-quitter-provence-rugby\/#respond"]}],"copyrightYear":"2024","copyrightHolder":{"@id":"https:\/\/dicodusport.fr\/blog\/#organization"}},{"@type":"WebPage","@id":"https:\/\/dicodusport.fr\/blog\/transferts-mauricio-reggiardo-va-quitter-provence-rugby\/","url":"https:\/\/dicodusport.fr\/blog\/transferts-mauricio-reggiardo-va-quitter-provence-rugby\/","name":"Transferts : Mauricio Reggiardo va quitter Provence Rugby","isPartOf":{"@id":"https:\/\/dicodusport.fr\/blog\/#website"},"primaryImageOfPage":{"@id":"https:\/\/dicodusport.fr\/blog\/transferts-mauricio-reggiardo-va-quitter-provence-rugby\/#primaryimage"},"image":{"@id":"https:\/\/dicodusport.fr\/blog\/transferts-mauricio-reggiardo-va-quitter-provence-rugby\/#primaryimage"},"thumbnailUrl":"https:\/\/dicodusport.fr\/blog\/wp-content\/uploads\/2024\/09\/Transferts-Mauricio-Reggiardo-va-quitter-Provence-Rugby.png","datePublished":"2024-09-28T10:49:02+00:00","dateModified":"2024-09-28T11:21:02+00:00","description":"TRANSFERTS RUGBY - Selon La Provence, Mauricio Reggiardo va quitter son poste de manager de Provence Rugby au terme de la saison 2024-2025.","breadcrumb":{"@id":"https:\/\/dicodusport.fr\/blog\/transferts-mauricio-reggiardo-va-quitter-provence-rugby\/#breadcrumb"},"inLanguage":"fr-FR","potentialAction":[{"@type":"ReadAction","target":["https:\/\/dicodusport.fr\/blog\/transferts-mauricio-reggiardo-va-quitter-provence-rugby\/"]}]},{"@type":"ImageObject","inLanguage":"fr-FR","@id":"https:\/\/dicodusport.fr\/blog\/transferts-mauricio-reggiardo-va-quitter-provence-rugby\/#primaryimage","url":"https:\/\/dicodusport.fr\/blog\/wp-content\/uploads\/2024\/09\/Transferts-Mauricio-Reggiardo-va-quitter-Provence-Rugby.png","contentUrl":"https:\/\/dicodusport.fr\/blog\/wp-content\/uploads\/2024\/09\/Transferts-Mauricio-Reggiardo-va-quitter-Provence-Rugby.png","width":1200,"height":674},{"@type":"BreadcrumbList","@id":"https:\/\/dicodusport.fr\/blog\/transferts-mauricio-reggiardo-va-quitter-provence-rugby\/#breadcrumb","itemListElement":[{"@type":"ListItem","position":1,"name":"Accueil","item":"https:\/\/dicodusport.fr\/blog\/"},{"@type":"ListItem","position":2,"name":"Transferts : Mauricio Reggiardo va quitter Provence Rugby"}]},{"@type":"WebSite","@id":"https:\/\/dicodusport.fr\/blog\/#website","url":"https:\/\/dicodusport.fr\/blog\/","name":"Dicodusport","description":"L&#039;encyclop\u00e9die de l&#039;actualit\u00e9 sportive","publisher":{"@id":"https:\/\/dicodusport.fr\/blog\/#organization"},"potentialAction":[{"@type":"SearchAction","target":{"@type":"EntryPoint","urlTemplate":"https:\/\/dicodusport.fr\/blog\/?s={search_term_string}"},"query-input":{"@type":"PropertyValueSpecification","valueRequired":true,"valueName":"search_term_string"}}],"inLanguage":"fr-FR"},{"@type":"NewsMediaOrganization","@id":"https:\/\/dicodusport.fr\/blog\/#organization","name":"Dicodusport","url":"https:\/\/dicodusport.fr\/blog\/","logo":{"@type":"ImageObject","inLanguage":"fr-FR","@id":"https:\/\/dicodusport.fr\/blog\/#\/schema\/logo\/image\/","url":"https:\/\/dicodusport.fr\/blog\/wp-content\/uploads\/2020\/06\/cropped-LOGO-DICODUSPORT-2020-SANS-FOND-SANS-TEXTE.png","contentUrl":"https:\/\/dicodusport.fr\/blog\/wp-content\/uploads\/2020\/06\/cropped-LOGO-DICODUSPORT-2020-SANS-FOND-SANS-TEXTE.png","width":512,"height":512,"caption":"Dicodusport"},"image":{"@id":"https:\/\/dicodusport.fr\/blog\/#\/schema\/logo\/image\/"},"sameAs":["https:\/\/www.facebook.com\/dicodusport","https:\/\/x.com\/dicodusport","https:\/\/www.instagram.com\/dicodusport\/","https:\/\/www.youtube.com\/channel\/UC7V2KZ5sd3htJivAbA4ZG3w"],"description":"Dicodusport est l'encyclop\u00e9die de l'actualit\u00e9 sportive.","email":"bonjour@dicodusport.fr","legalName":"DICODUSPORT","foundingDate":"2018-01-14","vatID":"FR71834470973","taxID":"83447097300043","numberOfEmployees":{"@type":"QuantitativeValue","minValue":"1","maxValue":"10"}},{"@type":"Person","@id":"https:\/\/dicodusport.fr\/blog\/#\/schema\/person\/55dcb50ad410894e431ed812bbb70191","name":"Nicolas Jacquemard","image":{"@type":"ImageObject","inLanguage":"fr-FR","@id":"https:\/\/dicodusport.fr\/blog\/#\/schema\/person\/image\/","url":"https:\/\/dicodusport.fr\/blog\/wp-content\/uploads\/2021\/05\/Nicolas-Jacquemard-150x150.jpeg","contentUrl":"https:\/\/dicodusport.fr\/blog\/wp-content\/uploads\/2021\/05\/Nicolas-Jacquemard-150x150.jpeg","caption":"Nicolas Jacquemard"},"description":"Passionn\u00e9 de sport et entrepreneur depuis mes 18 ans, la cr\u00e9ation de Dicodusport m'a sembl\u00e9 \u00e9vidente pour participer \u00e0 la m\u00e9diatisation d'un plus grand nombre de sports. Le chemin est long mais avec une \u00e9quipe des plus motiv\u00e9es et les Jeux Olympiques de Paris 2024 en point de mire, nous y arriverons ! Journaliste dans le monde du sport depuis plus de 5 ans, je traite aussi bien de football, de rugby, de biathlon que de cyclisme.","sameAs":["https:\/\/www.facebook.com\/dicodusport","https:\/\/x.com\/https:\/\/twitter.com\/Nico_Jacquemard"],"url":"https:\/\/dicodusport.fr\/blog\/author\/dicodusport\/"}]}},"_links":{"self":[{"href":"https:\/\/dicodusport.fr\/blog\/wp-json\/wp\/v2\/posts\/523152","targetHints":{"allow":["GET"]}}],"collection":[{"href":"https:\/\/dicodusport.fr\/blog\/wp-json\/wp\/v2\/posts"}],"about":[{"href":"https:\/\/dicodusport.fr\/blog\/wp-json\/wp\/v2\/types\/post"}],"author":[{"embeddable":true,"href":"https:\/\/dicodusport.fr\/blog\/wp-json\/wp\/v2\/users\/1"}],"replies":[{"embeddable":true,"href":"https:\/\/dicodusport.fr\/blog\/wp-json\/wp\/v2\/comments?post=523152"}],"version-history":[{"count":2,"href":"https:\/\/dicodusport.fr\/blog\/wp-json\/wp\/v2\/posts\/523152\/revisions"}],"predecessor-version":[{"id":523159,"href":"https:\/\/dicodusport.fr\/blog\/wp-json\/wp\/v2\/posts\/523152\/revisions\/523159"}],"wp:featuredmedia":[{"embeddable":true,"href":"https:\/\/dicodusport.fr\/blog\/wp-json\/wp\/v2\/media\/523155"}],"wp:attachment":[{"href":"https:\/\/dicodusport.fr\/blog\/wp-json\/wp\/v2\/media?parent=523152"}],"wp:term":[{"taxonomy":"category","embeddable":true,"href":"https:\/\/dicodusport.fr\/blog\/wp-json\/wp\/v2\/categories?post=523152"},{"taxonomy":"post_tag","embeddable":true,"href":"https:\/\/dicodusport.fr\/blog\/wp-json\/wp\/v2\/tags?post=523152"}],"curies":[{"name":"wp","href":"https:\/\/api.w.org\/{rel}","templated":true}]}}