{"id":523300,"date":"2024-09-28T21:24:01","date_gmt":"2024-09-28T19:24:01","guid":{"rendered":"https:\/\/dicodusport.fr\/blog\/?p=523300&#038;preview=true&#038;preview_id=523300"},"modified":"2024-09-29T00:39:21","modified_gmt":"2024-09-28T22:39:21","slug":"video-resume-renato-moicano-benoit-saint-denis-ufc-paris-3","status":"publish","type":"post","link":"https:\/\/dicodusport.fr\/blog\/video-resume-renato-moicano-benoit-saint-denis-ufc-paris-3\/","title":{"rendered":"[Vid\u00e9o] R\u00e9sum\u00e9 Renato Moicano vs Beno\u00eet Saint Denis, UFC Paris 3"},"content":{"rendered":"<p style=\"text-align: justify;\"><em><b>UFC PARIS 3 &#8211; Ce samedi, Renato Moicano affrontait Beno\u00eet Saint Denis lors de l&rsquo;UFC Paris 3. Voici le r\u00e9sum\u00e9 vid\u00e9o du combat.<\/b><\/em><\/p>\n<ul style=\"text-align: justify;\">\n<li style=\"text-align: justify;\"><strong>\u00c0 ce sujet &#8211; <a href=\"https:\/\/dicodusport.fr\/blog\/ufc-paris-3-les-resultats-en-direct\/\" target=\"_blank\" rel=\"noopener\">UFC Paris 3 : Les r\u00e9sultats en direct<\/a><br \/>\n<\/strong><\/li>\n<\/ul>\n<h2 style=\"text-align: justify;\">UFC Paris 3 : Le r\u00e9sum\u00e9 vid\u00e9o de Renato Moicano &#8211; Beno\u00eet Saint Denis<\/h2>\n<p><span class=\"vcFw7kmTypt8eUi\"><iframe loading=\"lazy\" title=\"R\u00e9sum\u00e9 UFC Paris : SAINT DENIS \ud83c\uddeb\ud83c\uddf7 vs Moicano, le premier main event de la nouvelle STAR du MMA\" width=\"740\" height=\"416\" src=\"https:\/\/www.youtube.com\/embed\/qLR8lZcIH1A?feature=oembed\" frameborder=\"0\" allow=\"accelerometer; autoplay; clipboard-write; encrypted-media; gyroscope; picture-in-picture; web-share\" referrerpolicy=\"strict-origin-when-cross-origin\" allowfullscreen><\/iframe><\/span><\/p>\n","protected":false},"excerpt":{"rendered":"<p>UFC PARIS 3 &#8211; Ce samedi, Renato Moicano affrontait Beno\u00eet Saint Denis lors de l&rsquo;UFC Paris 3. Voici le r\u00e9sum\u00e9 vid\u00e9o du combat.<\/p>\n","protected":false},"author":1,"featured_media":470937,"comment_status":"open","ping_status":"closed","sticky":false,"template":"","format":"standard","meta":{"_acf_changed":false,"_daextam_enable_autolinks":"1","footnotes":""},"categories":[10666],"tags":[32399,16878,1224,26177,4605],"class_list":["post-523300","post","type-post","status-publish","format-standard","has-post-thumbnail","hentry","category-mma","tag-benoit-saint-denis","tag-breve","tag-ufc","tag-ufc-paris","tag-video"],"acf":[],"yoast_head":"<!-- This site is optimized with the Yoast SEO Premium plugin v26.7 (Yoast SEO v26.7) - https:\/\/yoast.com\/wordpress\/plugins\/seo\/ -->\n<title>[Vid\u00e9o] R\u00e9sum\u00e9 Renato Moicano vs Beno\u00eet Saint Denis, UFC Paris 3<\/title>\n<meta name=\"description\" content=\"UFC PARIS 3 - Ce samedi, Renato Moicano affrontait Beno\u00eet Saint Denis lors de l&#039;UFC Paris 3. Voici le r\u00e9sum\u00e9 vid\u00e9o du combat.\" \/>\n<meta name=\"robots\" content=\"index, follow, max-snippet:-1, max-image-preview:large, max-video-preview:-1\" \/>\n<link rel=\"canonical\" href=\"https:\/\/dicodusport.fr\/blog\/video-resume-renato-moicano-benoit-saint-denis-ufc-paris-3\/\" \/>\n<meta property=\"og:locale\" content=\"fr_FR\" \/>\n<meta property=\"og:type\" content=\"article\" \/>\n<meta property=\"og:title\" content=\"[Vid\u00e9o] R\u00e9sum\u00e9 Renato Moicano vs Beno\u00eet Saint Denis, UFC Paris 3\" \/>\n<meta property=\"og:description\" content=\"UFC PARIS 3 - Ce samedi, Renato Moicano affrontait Beno\u00eet Saint Denis lors de l&#039;UFC Paris 3. Voici le r\u00e9sum\u00e9 vid\u00e9o du combat.\" \/>\n<meta property=\"og:url\" content=\"https:\/\/dicodusport.fr\/blog\/video-resume-renato-moicano-benoit-saint-denis-ufc-paris-3\/\" \/>\n<meta property=\"og:site_name\" content=\"Dicodusport\" \/>\n<meta property=\"article:publisher\" content=\"https:\/\/www.facebook.com\/dicodusport\" \/>\n<meta property=\"article:author\" content=\"https:\/\/www.facebook.com\/dicodusport\" \/>\n<meta property=\"article:published_time\" content=\"2024-09-28T19:24:01+00:00\" \/>\n<meta property=\"article:modified_time\" content=\"2024-09-28T22:39:21+00:00\" \/>\n<meta property=\"og:image\" content=\"https:\/\/dicodusport.fr\/blog\/wp-content\/uploads\/2024\/03\/UFC-299-Dustin-Poirier-eteint-les-reves-de-Benoit-Saint-Denis-tous-les-resultats-du-gala.png\" \/>\n\t<meta property=\"og:image:width\" content=\"1200\" \/>\n\t<meta property=\"og:image:height\" content=\"674\" \/>\n\t<meta property=\"og:image:type\" content=\"image\/png\" \/>\n<meta name=\"author\" content=\"Nicolas Jacquemard\" \/>\n<meta name=\"twitter:card\" content=\"summary_large_image\" \/>\n<meta name=\"twitter:title\" content=\"[Vid\u00e9o] R\u00e9sum\u00e9 Renato Moicano vs Beno\u00eet Saint Denis, UFC Paris 3\" \/>\n<meta name=\"twitter:creator\" content=\"@https:\/\/twitter.com\/Nico_Jacquemard\" \/>\n<meta name=\"twitter:site\" content=\"@dicodusport\" \/>\n<script type=\"application\/ld+json\" class=\"yoast-schema-graph\">{\"@context\":\"https:\/\/schema.org\",\"@graph\":[{\"@type\":\"NewsArticle\",\"@id\":\"https:\/\/dicodusport.fr\/blog\/video-resume-renato-moicano-benoit-saint-denis-ufc-paris-3\/#article\",\"isPartOf\":{\"@id\":\"https:\/\/dicodusport.fr\/blog\/video-resume-renato-moicano-benoit-saint-denis-ufc-paris-3\/\"},\"author\":{\"name\":\"Nicolas Jacquemard\",\"@id\":\"https:\/\/dicodusport.fr\/blog\/#\/schema\/person\/55dcb50ad410894e431ed812bbb70191\"},\"headline\":\"[Vid\u00e9o] R\u00e9sum\u00e9 Renato Moicano vs Beno\u00eet Saint Denis, UFC Paris 3\",\"datePublished\":\"2024-09-28T19:24:01+00:00\",\"dateModified\":\"2024-09-28T22:39:21+00:00\",\"mainEntityOfPage\":{\"@id\":\"https:\/\/dicodusport.fr\/blog\/video-resume-renato-moicano-benoit-saint-denis-ufc-paris-3\/\"},\"wordCount\":72,\"commentCount\":0,\"publisher\":{\"@id\":\"https:\/\/dicodusport.fr\/blog\/#organization\"},\"image\":{\"@id\":\"https:\/\/dicodusport.fr\/blog\/video-resume-renato-moicano-benoit-saint-denis-ufc-paris-3\/#primaryimage\"},\"thumbnailUrl\":\"https:\/\/dicodusport.fr\/blog\/wp-content\/uploads\/2024\/03\/UFC-299-Dustin-Poirier-eteint-les-reves-de-Benoit-Saint-Denis-tous-les-resultats-du-gala.png\",\"keywords\":[\"Beno\u00eet Saint-Denis\",\"br\u00e8ve\",\"UFC\",\"UFC Paris\",\"vid\u00e9o\"],\"articleSection\":[\"MMA\"],\"inLanguage\":\"fr-FR\",\"potentialAction\":[{\"@type\":\"CommentAction\",\"name\":\"Comment\",\"target\":[\"https:\/\/dicodusport.fr\/blog\/video-resume-renato-moicano-benoit-saint-denis-ufc-paris-3\/#respond\"]}],\"copyrightYear\":\"2024\",\"copyrightHolder\":{\"@id\":\"https:\/\/dicodusport.fr\/blog\/#organization\"}},{\"@type\":\"WebPage\",\"@id\":\"https:\/\/dicodusport.fr\/blog\/video-resume-renato-moicano-benoit-saint-denis-ufc-paris-3\/\",\"url\":\"https:\/\/dicodusport.fr\/blog\/video-resume-renato-moicano-benoit-saint-denis-ufc-paris-3\/\",\"name\":\"[Vid\u00e9o] R\u00e9sum\u00e9 Renato Moicano vs Beno\u00eet Saint Denis, UFC Paris 3\",\"isPartOf\":{\"@id\":\"https:\/\/dicodusport.fr\/blog\/#website\"},\"primaryImageOfPage\":{\"@id\":\"https:\/\/dicodusport.fr\/blog\/video-resume-renato-moicano-benoit-saint-denis-ufc-paris-3\/#primaryimage\"},\"image\":{\"@id\":\"https:\/\/dicodusport.fr\/blog\/video-resume-renato-moicano-benoit-saint-denis-ufc-paris-3\/#primaryimage\"},\"thumbnailUrl\":\"https:\/\/dicodusport.fr\/blog\/wp-content\/uploads\/2024\/03\/UFC-299-Dustin-Poirier-eteint-les-reves-de-Benoit-Saint-Denis-tous-les-resultats-du-gala.png\",\"datePublished\":\"2024-09-28T19:24:01+00:00\",\"dateModified\":\"2024-09-28T22:39:21+00:00\",\"description\":\"UFC PARIS 3 - Ce samedi, Renato Moicano affrontait Beno\u00eet Saint Denis lors de l'UFC Paris 3. Voici le r\u00e9sum\u00e9 vid\u00e9o du combat.\",\"breadcrumb\":{\"@id\":\"https:\/\/dicodusport.fr\/blog\/video-resume-renato-moicano-benoit-saint-denis-ufc-paris-3\/#breadcrumb\"},\"inLanguage\":\"fr-FR\",\"potentialAction\":[{\"@type\":\"ReadAction\",\"target\":[\"https:\/\/dicodusport.fr\/blog\/video-resume-renato-moicano-benoit-saint-denis-ufc-paris-3\/\"]}]},{\"@type\":\"ImageObject\",\"inLanguage\":\"fr-FR\",\"@id\":\"https:\/\/dicodusport.fr\/blog\/video-resume-renato-moicano-benoit-saint-denis-ufc-paris-3\/#primaryimage\",\"url\":\"https:\/\/dicodusport.fr\/blog\/wp-content\/uploads\/2024\/03\/UFC-299-Dustin-Poirier-eteint-les-reves-de-Benoit-Saint-Denis-tous-les-resultats-du-gala.png\",\"contentUrl\":\"https:\/\/dicodusport.fr\/blog\/wp-content\/uploads\/2024\/03\/UFC-299-Dustin-Poirier-eteint-les-reves-de-Benoit-Saint-Denis-tous-les-resultats-du-gala.png\",\"width\":1200,\"height\":674,\"caption\":\"UFC 299 Dustin Poirier \u00e9teint les r\u00eaves de Beno\u00eet Saint-Denis, tous les r\u00e9sultats du gala\"},{\"@type\":\"BreadcrumbList\",\"@id\":\"https:\/\/dicodusport.fr\/blog\/video-resume-renato-moicano-benoit-saint-denis-ufc-paris-3\/#breadcrumb\",\"itemListElement\":[{\"@type\":\"ListItem\",\"position\":1,\"name\":\"Accueil\",\"item\":\"https:\/\/dicodusport.fr\/blog\/\"},{\"@type\":\"ListItem\",\"position\":2,\"name\":\"[Vid\u00e9o] R\u00e9sum\u00e9 Renato Moicano vs Beno\u00eet Saint Denis, UFC Paris 3\"}]},{\"@type\":\"WebSite\",\"@id\":\"https:\/\/dicodusport.fr\/blog\/#website\",\"url\":\"https:\/\/dicodusport.fr\/blog\/\",\"name\":\"Dicodusport\",\"description\":\"L&#039;encyclop\u00e9die de l&#039;actualit\u00e9 sportive\",\"publisher\":{\"@id\":\"https:\/\/dicodusport.fr\/blog\/#organization\"},\"potentialAction\":[{\"@type\":\"SearchAction\",\"target\":{\"@type\":\"EntryPoint\",\"urlTemplate\":\"https:\/\/dicodusport.fr\/blog\/?s={search_term_string}\"},\"query-input\":{\"@type\":\"PropertyValueSpecification\",\"valueRequired\":true,\"valueName\":\"search_term_string\"}}],\"inLanguage\":\"fr-FR\"},{\"@type\":\"NewsMediaOrganization\",\"@id\":\"https:\/\/dicodusport.fr\/blog\/#organization\",\"name\":\"Dicodusport\",\"url\":\"https:\/\/dicodusport.fr\/blog\/\",\"logo\":{\"@type\":\"ImageObject\",\"inLanguage\":\"fr-FR\",\"@id\":\"https:\/\/dicodusport.fr\/blog\/#\/schema\/logo\/image\/\",\"url\":\"https:\/\/dicodusport.fr\/blog\/wp-content\/uploads\/2020\/06\/cropped-LOGO-DICODUSPORT-2020-SANS-FOND-SANS-TEXTE.png\",\"contentUrl\":\"https:\/\/dicodusport.fr\/blog\/wp-content\/uploads\/2020\/06\/cropped-LOGO-DICODUSPORT-2020-SANS-FOND-SANS-TEXTE.png\",\"width\":512,\"height\":512,\"caption\":\"Dicodusport\"},\"image\":{\"@id\":\"https:\/\/dicodusport.fr\/blog\/#\/schema\/logo\/image\/\"},\"sameAs\":[\"https:\/\/www.facebook.com\/dicodusport\",\"https:\/\/x.com\/dicodusport\",\"https:\/\/www.instagram.com\/dicodusport\/\",\"https:\/\/www.youtube.com\/channel\/UC7V2KZ5sd3htJivAbA4ZG3w\"],\"description\":\"Dicodusport est l'encyclop\u00e9die de l'actualit\u00e9 sportive.\",\"email\":\"bonjour@dicodusport.fr\",\"legalName\":\"DICODUSPORT\",\"foundingDate\":\"2018-01-14\",\"vatID\":\"FR71834470973\",\"taxID\":\"83447097300043\",\"numberOfEmployees\":{\"@type\":\"QuantitativeValue\",\"minValue\":\"1\",\"maxValue\":\"10\"}},{\"@type\":\"Person\",\"@id\":\"https:\/\/dicodusport.fr\/blog\/#\/schema\/person\/55dcb50ad410894e431ed812bbb70191\",\"name\":\"Nicolas Jacquemard\",\"image\":{\"@type\":\"ImageObject\",\"inLanguage\":\"fr-FR\",\"@id\":\"https:\/\/dicodusport.fr\/blog\/#\/schema\/person\/image\/\",\"url\":\"https:\/\/dicodusport.fr\/blog\/wp-content\/uploads\/2021\/05\/Nicolas-Jacquemard-150x150.jpeg\",\"contentUrl\":\"https:\/\/dicodusport.fr\/blog\/wp-content\/uploads\/2021\/05\/Nicolas-Jacquemard-150x150.jpeg\",\"caption\":\"Nicolas Jacquemard\"},\"description\":\"Passionn\u00e9 de sport et entrepreneur depuis mes 18 ans, la cr\u00e9ation de Dicodusport m'a sembl\u00e9 \u00e9vidente pour participer \u00e0 la m\u00e9diatisation d'un plus grand nombre de sports. Le chemin est long mais avec une \u00e9quipe des plus motiv\u00e9es et les Jeux Olympiques de Paris 2024 en point de mire, nous y arriverons ! Journaliste dans le monde du sport depuis plus de 5 ans, je traite aussi bien de football, de rugby, de biathlon que de cyclisme.\",\"sameAs\":[\"https:\/\/www.facebook.com\/dicodusport\",\"https:\/\/x.com\/https:\/\/twitter.com\/Nico_Jacquemard\"],\"url\":\"https:\/\/dicodusport.fr\/blog\/author\/dicodusport\/\"}]}<\/script>\n<!-- \/ Yoast SEO Premium plugin. -->","yoast_head_json":{"title":"[Vid\u00e9o] R\u00e9sum\u00e9 Renato Moicano vs Beno\u00eet Saint Denis, UFC Paris 3","description":"UFC PARIS 3 - Ce samedi, Renato Moicano affrontait Beno\u00eet Saint Denis lors de l'UFC Paris 3. Voici le r\u00e9sum\u00e9 vid\u00e9o du combat.","robots":{"index":"index","follow":"follow","max-snippet":"max-snippet:-1","max-image-preview":"max-image-preview:large","max-video-preview":"max-video-preview:-1"},"canonical":"https:\/\/dicodusport.fr\/blog\/video-resume-renato-moicano-benoit-saint-denis-ufc-paris-3\/","og_locale":"fr_FR","og_type":"article","og_title":"[Vid\u00e9o] R\u00e9sum\u00e9 Renato Moicano vs Beno\u00eet Saint Denis, UFC Paris 3","og_description":"UFC PARIS 3 - Ce samedi, Renato Moicano affrontait Beno\u00eet Saint Denis lors de l'UFC Paris 3. Voici le r\u00e9sum\u00e9 vid\u00e9o du combat.","og_url":"https:\/\/dicodusport.fr\/blog\/video-resume-renato-moicano-benoit-saint-denis-ufc-paris-3\/","og_site_name":"Dicodusport","article_publisher":"https:\/\/www.facebook.com\/dicodusport","article_author":"https:\/\/www.facebook.com\/dicodusport","article_published_time":"2024-09-28T19:24:01+00:00","article_modified_time":"2024-09-28T22:39:21+00:00","og_image":[{"width":1200,"height":674,"url":"https:\/\/dicodusport.fr\/blog\/wp-content\/uploads\/2024\/03\/UFC-299-Dustin-Poirier-eteint-les-reves-de-Benoit-Saint-Denis-tous-les-resultats-du-gala.png","type":"image\/png"}],"author":"Nicolas Jacquemard","twitter_card":"summary_large_image","twitter_title":"[Vid\u00e9o] R\u00e9sum\u00e9 Renato Moicano vs Beno\u00eet Saint Denis, UFC Paris 3","twitter_creator":"@https:\/\/twitter.com\/Nico_Jacquemard","twitter_site":"@dicodusport","schema":{"@context":"https:\/\/schema.org","@graph":[{"@type":"NewsArticle","@id":"https:\/\/dicodusport.fr\/blog\/video-resume-renato-moicano-benoit-saint-denis-ufc-paris-3\/#article","isPartOf":{"@id":"https:\/\/dicodusport.fr\/blog\/video-resume-renato-moicano-benoit-saint-denis-ufc-paris-3\/"},"author":{"name":"Nicolas Jacquemard","@id":"https:\/\/dicodusport.fr\/blog\/#\/schema\/person\/55dcb50ad410894e431ed812bbb70191"},"headline":"[Vid\u00e9o] R\u00e9sum\u00e9 Renato Moicano vs Beno\u00eet Saint Denis, UFC Paris 3","datePublished":"2024-09-28T19:24:01+00:00","dateModified":"2024-09-28T22:39:21+00:00","mainEntityOfPage":{"@id":"https:\/\/dicodusport.fr\/blog\/video-resume-renato-moicano-benoit-saint-denis-ufc-paris-3\/"},"wordCount":72,"commentCount":0,"publisher":{"@id":"https:\/\/dicodusport.fr\/blog\/#organization"},"image":{"@id":"https:\/\/dicodusport.fr\/blog\/video-resume-renato-moicano-benoit-saint-denis-ufc-paris-3\/#primaryimage"},"thumbnailUrl":"https:\/\/dicodusport.fr\/blog\/wp-content\/uploads\/2024\/03\/UFC-299-Dustin-Poirier-eteint-les-reves-de-Benoit-Saint-Denis-tous-les-resultats-du-gala.png","keywords":["Beno\u00eet Saint-Denis","br\u00e8ve","UFC","UFC Paris","vid\u00e9o"],"articleSection":["MMA"],"inLanguage":"fr-FR","potentialAction":[{"@type":"CommentAction","name":"Comment","target":["https:\/\/dicodusport.fr\/blog\/video-resume-renato-moicano-benoit-saint-denis-ufc-paris-3\/#respond"]}],"copyrightYear":"2024","copyrightHolder":{"@id":"https:\/\/dicodusport.fr\/blog\/#organization"}},{"@type":"WebPage","@id":"https:\/\/dicodusport.fr\/blog\/video-resume-renato-moicano-benoit-saint-denis-ufc-paris-3\/","url":"https:\/\/dicodusport.fr\/blog\/video-resume-renato-moicano-benoit-saint-denis-ufc-paris-3\/","name":"[Vid\u00e9o] R\u00e9sum\u00e9 Renato Moicano vs Beno\u00eet Saint Denis, UFC Paris 3","isPartOf":{"@id":"https:\/\/dicodusport.fr\/blog\/#website"},"primaryImageOfPage":{"@id":"https:\/\/dicodusport.fr\/blog\/video-resume-renato-moicano-benoit-saint-denis-ufc-paris-3\/#primaryimage"},"image":{"@id":"https:\/\/dicodusport.fr\/blog\/video-resume-renato-moicano-benoit-saint-denis-ufc-paris-3\/#primaryimage"},"thumbnailUrl":"https:\/\/dicodusport.fr\/blog\/wp-content\/uploads\/2024\/03\/UFC-299-Dustin-Poirier-eteint-les-reves-de-Benoit-Saint-Denis-tous-les-resultats-du-gala.png","datePublished":"2024-09-28T19:24:01+00:00","dateModified":"2024-09-28T22:39:21+00:00","description":"UFC PARIS 3 - Ce samedi, Renato Moicano affrontait Beno\u00eet Saint Denis lors de l'UFC Paris 3. Voici le r\u00e9sum\u00e9 vid\u00e9o du combat.","breadcrumb":{"@id":"https:\/\/dicodusport.fr\/blog\/video-resume-renato-moicano-benoit-saint-denis-ufc-paris-3\/#breadcrumb"},"inLanguage":"fr-FR","potentialAction":[{"@type":"ReadAction","target":["https:\/\/dicodusport.fr\/blog\/video-resume-renato-moicano-benoit-saint-denis-ufc-paris-3\/"]}]},{"@type":"ImageObject","inLanguage":"fr-FR","@id":"https:\/\/dicodusport.fr\/blog\/video-resume-renato-moicano-benoit-saint-denis-ufc-paris-3\/#primaryimage","url":"https:\/\/dicodusport.fr\/blog\/wp-content\/uploads\/2024\/03\/UFC-299-Dustin-Poirier-eteint-les-reves-de-Benoit-Saint-Denis-tous-les-resultats-du-gala.png","contentUrl":"https:\/\/dicodusport.fr\/blog\/wp-content\/uploads\/2024\/03\/UFC-299-Dustin-Poirier-eteint-les-reves-de-Benoit-Saint-Denis-tous-les-resultats-du-gala.png","width":1200,"height":674,"caption":"UFC 299 Dustin Poirier \u00e9teint les r\u00eaves de Beno\u00eet Saint-Denis, tous les r\u00e9sultats du gala"},{"@type":"BreadcrumbList","@id":"https:\/\/dicodusport.fr\/blog\/video-resume-renato-moicano-benoit-saint-denis-ufc-paris-3\/#breadcrumb","itemListElement":[{"@type":"ListItem","position":1,"name":"Accueil","item":"https:\/\/dicodusport.fr\/blog\/"},{"@type":"ListItem","position":2,"name":"[Vid\u00e9o] R\u00e9sum\u00e9 Renato Moicano vs Beno\u00eet Saint Denis, UFC Paris 3"}]},{"@type":"WebSite","@id":"https:\/\/dicodusport.fr\/blog\/#website","url":"https:\/\/dicodusport.fr\/blog\/","name":"Dicodusport","description":"L&#039;encyclop\u00e9die de l&#039;actualit\u00e9 sportive","publisher":{"@id":"https:\/\/dicodusport.fr\/blog\/#organization"},"potentialAction":[{"@type":"SearchAction","target":{"@type":"EntryPoint","urlTemplate":"https:\/\/dicodusport.fr\/blog\/?s={search_term_string}"},"query-input":{"@type":"PropertyValueSpecification","valueRequired":true,"valueName":"search_term_string"}}],"inLanguage":"fr-FR"},{"@type":"NewsMediaOrganization","@id":"https:\/\/dicodusport.fr\/blog\/#organization","name":"Dicodusport","url":"https:\/\/dicodusport.fr\/blog\/","logo":{"@type":"ImageObject","inLanguage":"fr-FR","@id":"https:\/\/dicodusport.fr\/blog\/#\/schema\/logo\/image\/","url":"https:\/\/dicodusport.fr\/blog\/wp-content\/uploads\/2020\/06\/cropped-LOGO-DICODUSPORT-2020-SANS-FOND-SANS-TEXTE.png","contentUrl":"https:\/\/dicodusport.fr\/blog\/wp-content\/uploads\/2020\/06\/cropped-LOGO-DICODUSPORT-2020-SANS-FOND-SANS-TEXTE.png","width":512,"height":512,"caption":"Dicodusport"},"image":{"@id":"https:\/\/dicodusport.fr\/blog\/#\/schema\/logo\/image\/"},"sameAs":["https:\/\/www.facebook.com\/dicodusport","https:\/\/x.com\/dicodusport","https:\/\/www.instagram.com\/dicodusport\/","https:\/\/www.youtube.com\/channel\/UC7V2KZ5sd3htJivAbA4ZG3w"],"description":"Dicodusport est l'encyclop\u00e9die de l'actualit\u00e9 sportive.","email":"bonjour@dicodusport.fr","legalName":"DICODUSPORT","foundingDate":"2018-01-14","vatID":"FR71834470973","taxID":"83447097300043","numberOfEmployees":{"@type":"QuantitativeValue","minValue":"1","maxValue":"10"}},{"@type":"Person","@id":"https:\/\/dicodusport.fr\/blog\/#\/schema\/person\/55dcb50ad410894e431ed812bbb70191","name":"Nicolas Jacquemard","image":{"@type":"ImageObject","inLanguage":"fr-FR","@id":"https:\/\/dicodusport.fr\/blog\/#\/schema\/person\/image\/","url":"https:\/\/dicodusport.fr\/blog\/wp-content\/uploads\/2021\/05\/Nicolas-Jacquemard-150x150.jpeg","contentUrl":"https:\/\/dicodusport.fr\/blog\/wp-content\/uploads\/2021\/05\/Nicolas-Jacquemard-150x150.jpeg","caption":"Nicolas Jacquemard"},"description":"Passionn\u00e9 de sport et entrepreneur depuis mes 18 ans, la cr\u00e9ation de Dicodusport m'a sembl\u00e9 \u00e9vidente pour participer \u00e0 la m\u00e9diatisation d'un plus grand nombre de sports. Le chemin est long mais avec une \u00e9quipe des plus motiv\u00e9es et les Jeux Olympiques de Paris 2024 en point de mire, nous y arriverons ! Journaliste dans le monde du sport depuis plus de 5 ans, je traite aussi bien de football, de rugby, de biathlon que de cyclisme.","sameAs":["https:\/\/www.facebook.com\/dicodusport","https:\/\/x.com\/https:\/\/twitter.com\/Nico_Jacquemard"],"url":"https:\/\/dicodusport.fr\/blog\/author\/dicodusport\/"}]}},"_links":{"self":[{"href":"https:\/\/dicodusport.fr\/blog\/wp-json\/wp\/v2\/posts\/523300","targetHints":{"allow":["GET"]}}],"collection":[{"href":"https:\/\/dicodusport.fr\/blog\/wp-json\/wp\/v2\/posts"}],"about":[{"href":"https:\/\/dicodusport.fr\/blog\/wp-json\/wp\/v2\/types\/post"}],"author":[{"embeddable":true,"href":"https:\/\/dicodusport.fr\/blog\/wp-json\/wp\/v2\/users\/1"}],"replies":[{"embeddable":true,"href":"https:\/\/dicodusport.fr\/blog\/wp-json\/wp\/v2\/comments?post=523300"}],"version-history":[{"count":3,"href":"https:\/\/dicodusport.fr\/blog\/wp-json\/wp\/v2\/posts\/523300\/revisions"}],"predecessor-version":[{"id":523386,"href":"https:\/\/dicodusport.fr\/blog\/wp-json\/wp\/v2\/posts\/523300\/revisions\/523386"}],"wp:featuredmedia":[{"embeddable":true,"href":"https:\/\/dicodusport.fr\/blog\/wp-json\/wp\/v2\/media\/470937"}],"wp:attachment":[{"href":"https:\/\/dicodusport.fr\/blog\/wp-json\/wp\/v2\/media?parent=523300"}],"wp:term":[{"taxonomy":"category","embeddable":true,"href":"https:\/\/dicodusport.fr\/blog\/wp-json\/wp\/v2\/categories?post=523300"},{"taxonomy":"post_tag","embeddable":true,"href":"https:\/\/dicodusport.fr\/blog\/wp-json\/wp\/v2\/tags?post=523300"}],"curies":[{"name":"wp","href":"https:\/\/api.w.org\/{rel}","templated":true}]}}