{"id":523424,"date":"2024-09-29T11:45:42","date_gmt":"2024-09-29T09:45:42","guid":{"rendered":"https:\/\/dicodusport.fr\/blog\/?p=523424&#038;preview=true&#038;preview_id=523424"},"modified":"2024-09-29T12:21:13","modified_gmt":"2024-09-29T10:21:13","slug":"mondiaux-para-cyclisme-2024-joseph-fritsch-et-loic-vergnaud-parachevent-le-festival-tricolore","status":"publish","type":"post","link":"https:\/\/dicodusport.fr\/blog\/mondiaux-para-cyclisme-2024-joseph-fritsch-et-loic-vergnaud-parachevent-le-festival-tricolore\/","title":{"rendered":"Mondiaux Para Cyclisme 2024 : Joseph Fritsch et Lo\u00efc Vergnaud parach\u00e8vent le festival tricolore"},"content":{"rendered":"<h4 style=\"text-align: justify;\"><em>PARA CYCLISME CHAMPIONNATS DU MONDE 2024 &#8211; C\u2019est une fin de Mondiaux ensoleill\u00e9e sur tous les points de vue pour l\u2019\u00e9quipe de France ! Lors de l\u2019ultime journ\u00e9e, Joseph Fritsch s\u2019est \u00e9chapp\u00e9 sur la course en ligne (cat. H4) pour s\u2019offrir le plus beau des m\u00e9taux. Dans la foul\u00e9e, Lo\u00efc Vergnaud s\u2019est par\u00e9 d\u2019argent derri\u00e8re l\u2019intouchable Mitch Valize, portant ainsi le compteur \u00e0 25 m\u00e9dailles. Record de Glasgow battu !<\/em><\/h4>\n<ul style=\"list-style-type: disc; text-align: justify;\">\n<li style=\"text-align: justify;\"><strong>\u00c0 ce sujet &#8211; <a href=\"https:\/\/dicodusport.fr\/blog\/?s=mieux+comprendre+para+cyclisme\">Mieux comprendre le para cyclisme<\/a>\u00a0<\/strong><\/li>\n<\/ul>\n<p style=\"text-align: justify;\">En ce dernier jour de comp\u00e9tition, il restait deux courses \u00e0 compl\u00e9ter pour l\u2019\u00e9quipe de France. Trop maigre pour supplanter les Pays-Bas, alors en t\u00eate au classement des m\u00e9dailles, mais suffisant pour battre le record de l\u2019ann\u00e9e derni\u00e8re (23), \u00e9gal\u00e9 la veille par <strong>Katell Alen\u00e7on<\/strong>.<\/p>\n<p style=\"text-align: justify;\">Et on a tr\u00e8s vite vu que la mission allait \u00eatre r\u00e9ussie. Car <strong>Joseph Fritsch<\/strong> n\u2019avait pas de temps \u00e0 perdre aujourd\u2019hui. La pluie ayant enfin disparu, le Fran\u00e7ais partait plein gaz pour une vir\u00e9e en solitaire. Repoussant toujours plus loin <strong>Thomas Fruhwirth<\/strong> et <strong>Fabian Recher<\/strong> qui l\u2019avaient devanc\u00e9 sur le podium du contre-la-montre, le double champion d\u2019Europe (2021-2022) de la discipline s\u2019offre un premier titre mondial en individuel. Avec une avance cons\u00e9quente qui plus est. L\u2019Autrichien termine second \u00e0 plus de quatre minutes. Comptez-en deux suppl\u00e9mentaires pour le Suisse, troisi\u00e8me.<\/p>\n<blockquote class=\"twitter-tweet\">\n<p dir=\"ltr\" lang=\"en\">Para-cycling Men H4 Road Race&rsquo;s full podium \ud83c\udfc6<\/p>\n<p>\ud83e\udd47 Joseph Fritsch \ud83c\uddeb\ud83c\uddf7<br \/>\n\ud83e\udd48 Thomas Fruhwirth \ud83c\udde6\ud83c\uddf9 +4&rsquo;31<br \/>\n\ud83e\udd49 Fabian Recher \ud83c\udde8\ud83c\udded 6&rsquo;27<a href=\"https:\/\/twitter.com\/hashtag\/Zurich2024?src=hash&amp;ref_src=twsrc%5Etfw\">#Zurich2024<\/a><\/p>\n<p>\u2014 UCI Para-Cycling (@UCI_paracycling) <a href=\"https:\/\/twitter.com\/UCI_paracycling\/status\/1840323517977391209?ref_src=twsrc%5Etfw\">September 29, 2024<\/a><\/p><\/blockquote>\n<p><script async src=\"https:\/\/platform.twitter.com\/widgets.js\" charset=\"utf-8\"><\/script><\/p>\n<h2 style=\"text-align: justify;\">Lo\u00efc Vergnaud pour la 25<sup>\u00e8me<\/sup><\/h2>\n<p style=\"text-align: justify;\">Le compteur grimpait donc \u00e0 24 m\u00e9dailles pour les Bleu(e)s alors que dans le m\u00eame temps, <strong>Lo\u00efc Vergnaud<\/strong> bataillait un temps aux commandes de la course H5. Mais lui n\u2019\u00e9tait pas tout seul. \u00c0 ses c\u00f4t\u00e9s notamment, <strong>Mitch Valize<\/strong> \u00e0 qui, <a href=\"https:\/\/dicodusport.fr\/blog\/mondiaux-para-cyclisme-2024-mathieu-bosredon-champion-du-monde-de-la-course-en-ligne-h3\/\">\u00e0 l\u2019instar de <strong>Mathieu Bosredon<\/strong> dans sa cat\u00e9gorie<\/a>, aucune course ne r\u00e9siste. Double champion paralympique en titre \u00e0 la fois du contre-la-montre et de la course en ligne, le N\u00e9erlandais r\u00e9cidive sur ces Mondiaux. Au contact avec<strong> Pavlo Bal<\/strong> jusque dans la derni\u00e8re ligne droite, le Fran\u00e7ais a, lui, sem\u00e9 l&rsquo;Ukrainien &#8211; qui se contentait volontiers du bronze &#8211; au sprint final.<\/p>\n<p style=\"text-align: justify;\">Le soleil \u00e9tait revenu pour cette derni\u00e8re journ\u00e9e de comp\u00e9tition, il fallait le voir comme un signe pour l\u2019\u00e9quipe de France qui, avec 25 m\u00e9dailles dont huit en or, bat son record de Glasgow et termine donc \u00e0 la deuxi\u00e8me place du classement g\u00e9n\u00e9ral.<\/p>\n","protected":false},"excerpt":{"rendered":"<p>PARA CYCLISME CHAMPIONNATS DU MONDE 2024 &#8211; C\u2019est une fin de Mondiaux ensoleill\u00e9e sur tous les points de vue pour l\u2019\u00e9quipe de France ! Lors de l\u2019ultime journ\u00e9e, Joseph Fritsch s\u2019est \u00e9chapp\u00e9 sur la course en ligne (cat. H4) pour s\u2019offrir le plus beau des m\u00e9taux. Dans la foul\u00e9e, Lo\u00efc Vergnaud s\u2019est par\u00e9 d\u2019argent derri\u00e8re l\u2019intouchable Mitch Valize, portant ainsi le compteur \u00e0 25 m\u00e9dailles. Record de Glasgow battu !<\/p>\n","protected":false},"author":18,"featured_media":523439,"comment_status":"open","ping_status":"closed","sticky":false,"template":"","format":"standard","meta":{"_acf_changed":false,"_daextam_enable_autolinks":"1","footnotes":""},"categories":[46994],"tags":[32415,16878,42009,24],"class_list":["post-523424","post","type-post","status-publish","format-standard","has-post-thumbnail","hentry","category-cyclisme-sur-route","tag-actu","tag-breve","tag-championnats-du-monde-de-para-cyclisme","tag-sport"],"acf":[],"yoast_head":"<!-- This site is optimized with the Yoast SEO Premium plugin v26.7 (Yoast SEO v26.7) - https:\/\/yoast.com\/wordpress\/plugins\/seo\/ -->\n<title>Mondiaux Para Cyclisme 2024 : Joseph Fritsch et Lo\u00efc Vergnaud parach\u00e8vent le festival tricolore<\/title>\n<meta name=\"description\" content=\"PARA CYCLISME CHAMPIONNATS DU MONDE 2024 - C\u2019est une fin de Mondiaux ensoleill\u00e9e sur tous les points de vue pour l\u2019\u00e9quipe de France !\" \/>\n<meta name=\"robots\" content=\"index, follow, max-snippet:-1, max-image-preview:large, max-video-preview:-1\" \/>\n<link rel=\"canonical\" href=\"https:\/\/dicodusport.fr\/blog\/mondiaux-para-cyclisme-2024-joseph-fritsch-et-loic-vergnaud-parachevent-le-festival-tricolore\/\" \/>\n<meta property=\"og:locale\" content=\"fr_FR\" \/>\n<meta property=\"og:type\" content=\"article\" \/>\n<meta property=\"og:title\" content=\"Mondiaux Para Cyclisme 2024 : Joseph Fritsch et Lo\u00efc Vergnaud parach\u00e8vent le festival tricolore\" \/>\n<meta property=\"og:description\" content=\"PARA CYCLISME CHAMPIONNATS DU MONDE 2024 - C\u2019est une fin de Mondiaux ensoleill\u00e9e sur tous les points de vue pour l\u2019\u00e9quipe de France !\" \/>\n<meta property=\"og:url\" content=\"https:\/\/dicodusport.fr\/blog\/mondiaux-para-cyclisme-2024-joseph-fritsch-et-loic-vergnaud-parachevent-le-festival-tricolore\/\" \/>\n<meta property=\"og:site_name\" content=\"Dicodusport\" \/>\n<meta property=\"article:publisher\" content=\"https:\/\/www.facebook.com\/dicodusport\" \/>\n<meta property=\"article:author\" content=\"https:\/\/www.facebook.com\/soocube\" \/>\n<meta property=\"article:published_time\" content=\"2024-09-29T09:45:42+00:00\" \/>\n<meta property=\"article:modified_time\" content=\"2024-09-29T10:21:13+00:00\" \/>\n<meta property=\"og:image\" content=\"https:\/\/dicodusport.fr\/blog\/wp-content\/uploads\/2024\/09\/Mondiaux-Para-Cyclisme-2024-Joseph-Fritsch-et-Loic-Vergnaud-parachevent-le-festival-tricolore.png\" \/>\n\t<meta property=\"og:image:width\" content=\"1200\" \/>\n\t<meta property=\"og:image:height\" content=\"674\" \/>\n\t<meta property=\"og:image:type\" content=\"image\/png\" \/>\n<meta name=\"author\" content=\"Sophie Clapier\" \/>\n<meta name=\"twitter:card\" content=\"summary_large_image\" \/>\n<meta name=\"twitter:title\" content=\"Mondiaux Para Cyclisme 2024 : Joseph Fritsch et Lo\u00efc Vergnaud parach\u00e8vent le festival tricolore\" \/>\n<meta name=\"twitter:creator\" content=\"@https:\/\/twitter.com\/soocube\" \/>\n<meta name=\"twitter:site\" content=\"@dicodusport\" \/>\n<script type=\"application\/ld+json\" class=\"yoast-schema-graph\">{\"@context\":\"https:\/\/schema.org\",\"@graph\":[{\"@type\":\"NewsArticle\",\"@id\":\"https:\/\/dicodusport.fr\/blog\/mondiaux-para-cyclisme-2024-joseph-fritsch-et-loic-vergnaud-parachevent-le-festival-tricolore\/#article\",\"isPartOf\":{\"@id\":\"https:\/\/dicodusport.fr\/blog\/mondiaux-para-cyclisme-2024-joseph-fritsch-et-loic-vergnaud-parachevent-le-festival-tricolore\/\"},\"author\":{\"name\":\"Sophie Clapier\",\"@id\":\"https:\/\/dicodusport.fr\/blog\/#\/schema\/person\/416c975648aca9da8839bdfe333a21c9\"},\"headline\":\"Mondiaux Para Cyclisme 2024 : Joseph Fritsch et Lo\u00efc Vergnaud parach\u00e8vent le festival tricolore\",\"datePublished\":\"2024-09-29T09:45:42+00:00\",\"dateModified\":\"2024-09-29T10:21:13+00:00\",\"mainEntityOfPage\":{\"@id\":\"https:\/\/dicodusport.fr\/blog\/mondiaux-para-cyclisme-2024-joseph-fritsch-et-loic-vergnaud-parachevent-le-festival-tricolore\/\"},\"wordCount\":445,\"commentCount\":0,\"publisher\":{\"@id\":\"https:\/\/dicodusport.fr\/blog\/#organization\"},\"image\":{\"@id\":\"https:\/\/dicodusport.fr\/blog\/mondiaux-para-cyclisme-2024-joseph-fritsch-et-loic-vergnaud-parachevent-le-festival-tricolore\/#primaryimage\"},\"thumbnailUrl\":\"https:\/\/dicodusport.fr\/blog\/wp-content\/uploads\/2024\/09\/Mondiaux-Para-Cyclisme-2024-Joseph-Fritsch-et-Loic-Vergnaud-parachevent-le-festival-tricolore.png\",\"keywords\":[\"actu\",\"br\u00e8ve\",\"Championnats du monde de para cyclisme\",\"sport\"],\"articleSection\":[\"Cyclisme sur route\"],\"inLanguage\":\"fr-FR\",\"potentialAction\":[{\"@type\":\"CommentAction\",\"name\":\"Comment\",\"target\":[\"https:\/\/dicodusport.fr\/blog\/mondiaux-para-cyclisme-2024-joseph-fritsch-et-loic-vergnaud-parachevent-le-festival-tricolore\/#respond\"]}],\"copyrightYear\":\"2024\",\"copyrightHolder\":{\"@id\":\"https:\/\/dicodusport.fr\/blog\/#organization\"}},{\"@type\":\"WebPage\",\"@id\":\"https:\/\/dicodusport.fr\/blog\/mondiaux-para-cyclisme-2024-joseph-fritsch-et-loic-vergnaud-parachevent-le-festival-tricolore\/\",\"url\":\"https:\/\/dicodusport.fr\/blog\/mondiaux-para-cyclisme-2024-joseph-fritsch-et-loic-vergnaud-parachevent-le-festival-tricolore\/\",\"name\":\"Mondiaux Para Cyclisme 2024 : Joseph Fritsch et Lo\u00efc Vergnaud parach\u00e8vent le festival tricolore\",\"isPartOf\":{\"@id\":\"https:\/\/dicodusport.fr\/blog\/#website\"},\"primaryImageOfPage\":{\"@id\":\"https:\/\/dicodusport.fr\/blog\/mondiaux-para-cyclisme-2024-joseph-fritsch-et-loic-vergnaud-parachevent-le-festival-tricolore\/#primaryimage\"},\"image\":{\"@id\":\"https:\/\/dicodusport.fr\/blog\/mondiaux-para-cyclisme-2024-joseph-fritsch-et-loic-vergnaud-parachevent-le-festival-tricolore\/#primaryimage\"},\"thumbnailUrl\":\"https:\/\/dicodusport.fr\/blog\/wp-content\/uploads\/2024\/09\/Mondiaux-Para-Cyclisme-2024-Joseph-Fritsch-et-Loic-Vergnaud-parachevent-le-festival-tricolore.png\",\"datePublished\":\"2024-09-29T09:45:42+00:00\",\"dateModified\":\"2024-09-29T10:21:13+00:00\",\"description\":\"PARA CYCLISME CHAMPIONNATS DU MONDE 2024 - C\u2019est une fin de Mondiaux ensoleill\u00e9e sur tous les points de vue pour l\u2019\u00e9quipe de France !\",\"breadcrumb\":{\"@id\":\"https:\/\/dicodusport.fr\/blog\/mondiaux-para-cyclisme-2024-joseph-fritsch-et-loic-vergnaud-parachevent-le-festival-tricolore\/#breadcrumb\"},\"inLanguage\":\"fr-FR\",\"potentialAction\":[{\"@type\":\"ReadAction\",\"target\":[\"https:\/\/dicodusport.fr\/blog\/mondiaux-para-cyclisme-2024-joseph-fritsch-et-loic-vergnaud-parachevent-le-festival-tricolore\/\"]}]},{\"@type\":\"ImageObject\",\"inLanguage\":\"fr-FR\",\"@id\":\"https:\/\/dicodusport.fr\/blog\/mondiaux-para-cyclisme-2024-joseph-fritsch-et-loic-vergnaud-parachevent-le-festival-tricolore\/#primaryimage\",\"url\":\"https:\/\/dicodusport.fr\/blog\/wp-content\/uploads\/2024\/09\/Mondiaux-Para-Cyclisme-2024-Joseph-Fritsch-et-Loic-Vergnaud-parachevent-le-festival-tricolore.png\",\"contentUrl\":\"https:\/\/dicodusport.fr\/blog\/wp-content\/uploads\/2024\/09\/Mondiaux-Para-Cyclisme-2024-Joseph-Fritsch-et-Loic-Vergnaud-parachevent-le-festival-tricolore.png\",\"width\":1200,\"height\":674,\"caption\":\"Mondiaux Para Cyclisme 2024 Joseph Fritsch et Lo\u00efc Vergnaud parach\u00e8vent le festival tricolore\"},{\"@type\":\"BreadcrumbList\",\"@id\":\"https:\/\/dicodusport.fr\/blog\/mondiaux-para-cyclisme-2024-joseph-fritsch-et-loic-vergnaud-parachevent-le-festival-tricolore\/#breadcrumb\",\"itemListElement\":[{\"@type\":\"ListItem\",\"position\":1,\"name\":\"Accueil\",\"item\":\"https:\/\/dicodusport.fr\/blog\/\"},{\"@type\":\"ListItem\",\"position\":2,\"name\":\"Mondiaux Para Cyclisme 2024 : Joseph Fritsch et Lo\u00efc Vergnaud parach\u00e8vent le festival tricolore\"}]},{\"@type\":\"WebSite\",\"@id\":\"https:\/\/dicodusport.fr\/blog\/#website\",\"url\":\"https:\/\/dicodusport.fr\/blog\/\",\"name\":\"Dicodusport\",\"description\":\"L&#039;encyclop\u00e9die de l&#039;actualit\u00e9 sportive\",\"publisher\":{\"@id\":\"https:\/\/dicodusport.fr\/blog\/#organization\"},\"potentialAction\":[{\"@type\":\"SearchAction\",\"target\":{\"@type\":\"EntryPoint\",\"urlTemplate\":\"https:\/\/dicodusport.fr\/blog\/?s={search_term_string}\"},\"query-input\":{\"@type\":\"PropertyValueSpecification\",\"valueRequired\":true,\"valueName\":\"search_term_string\"}}],\"inLanguage\":\"fr-FR\"},{\"@type\":\"NewsMediaOrganization\",\"@id\":\"https:\/\/dicodusport.fr\/blog\/#organization\",\"name\":\"Dicodusport\",\"url\":\"https:\/\/dicodusport.fr\/blog\/\",\"logo\":{\"@type\":\"ImageObject\",\"inLanguage\":\"fr-FR\",\"@id\":\"https:\/\/dicodusport.fr\/blog\/#\/schema\/logo\/image\/\",\"url\":\"https:\/\/dicodusport.fr\/blog\/wp-content\/uploads\/2020\/06\/cropped-LOGO-DICODUSPORT-2020-SANS-FOND-SANS-TEXTE.png\",\"contentUrl\":\"https:\/\/dicodusport.fr\/blog\/wp-content\/uploads\/2020\/06\/cropped-LOGO-DICODUSPORT-2020-SANS-FOND-SANS-TEXTE.png\",\"width\":512,\"height\":512,\"caption\":\"Dicodusport\"},\"image\":{\"@id\":\"https:\/\/dicodusport.fr\/blog\/#\/schema\/logo\/image\/\"},\"sameAs\":[\"https:\/\/www.facebook.com\/dicodusport\",\"https:\/\/x.com\/dicodusport\",\"https:\/\/www.instagram.com\/dicodusport\/\",\"https:\/\/www.youtube.com\/channel\/UC7V2KZ5sd3htJivAbA4ZG3w\"],\"description\":\"Dicodusport est l'encyclop\u00e9die de l'actualit\u00e9 sportive.\",\"email\":\"bonjour@dicodusport.fr\",\"legalName\":\"DICODUSPORT\",\"foundingDate\":\"2018-01-14\",\"vatID\":\"FR71834470973\",\"taxID\":\"83447097300043\",\"numberOfEmployees\":{\"@type\":\"QuantitativeValue\",\"minValue\":\"1\",\"maxValue\":\"10\"}},{\"@type\":\"Person\",\"@id\":\"https:\/\/dicodusport.fr\/blog\/#\/schema\/person\/416c975648aca9da8839bdfe333a21c9\",\"name\":\"Sophie Clapier\",\"image\":{\"@type\":\"ImageObject\",\"inLanguage\":\"fr-FR\",\"@id\":\"https:\/\/dicodusport.fr\/blog\/#\/schema\/person\/image\/\",\"url\":\"https:\/\/dicodusport.fr\/blog\/wp-content\/uploads\/2021\/05\/Sophie-Clapier-150x150.jpg\",\"contentUrl\":\"https:\/\/dicodusport.fr\/blog\/wp-content\/uploads\/2021\/05\/Sophie-Clapier-150x150.jpg\",\"caption\":\"Sophie Clapier\"},\"description\":\"Journaliste\/r\u00e9dactrice depuis janvier 2016 - Passionn\u00e9e de sport depuis toujours, j\u2019en ai pratiqu\u00e9 quelques-uns. Judo, football, handball ou encore tennis, je n\u2019ai jamais pu me mettre d\u2019accord sur un en particulier. Mais \u00e7a, c\u2019\u00e9tait avant de d\u00e9couvrir le basket, devenu mon sport de pr\u00e9dilection. Les actions NBA, le All-Star Week-end, la fureur des Game 7 pendant les playoffs ou mieux, lors des Finals, this is why we play. Team Spurs T.P, je m\u2019accroche encore \u00e0 Gregg Popovich (don\u2019t leave !). Team chef Curry, je souhaite qu\u2019il finisse aux Warriors (staaaay !). Non, il n\u2019y a pas qu\u2019eux, des petits nouveaux -et des petites nouvelles \u00e9videmment- arrivent chaque jour dans toutes les disciplines et cr\u00e9ent de nouveaux exploits. Alors pour les grands \u00e9v\u00e9nements et comp\u00e9titions internationales, vive les pulsations 240\/minutes et le d\u00e9fibrillateur pas loin, et allez les Bleu(e)s ! C\u2019est s\u00fbr, j\u2019aurai plus vu ma vie sur un terrain de sport, mais \u00e0 d\u00e9faut d\u2019en faire en haut niveau, je le partage avec vous.\",\"sameAs\":[\"https:\/\/www.facebook.com\/soocube\",\"https:\/\/x.com\/https:\/\/twitter.com\/soocube\",\"admin\"],\"url\":\"https:\/\/dicodusport.fr\/blog\/author\/sophie\/\"}]}<\/script>\n<!-- \/ Yoast SEO Premium plugin. -->","yoast_head_json":{"title":"Mondiaux Para Cyclisme 2024 : Joseph Fritsch et Lo\u00efc Vergnaud parach\u00e8vent le festival tricolore","description":"PARA CYCLISME CHAMPIONNATS DU MONDE 2024 - C\u2019est une fin de Mondiaux ensoleill\u00e9e sur tous les points de vue pour l\u2019\u00e9quipe de France !","robots":{"index":"index","follow":"follow","max-snippet":"max-snippet:-1","max-image-preview":"max-image-preview:large","max-video-preview":"max-video-preview:-1"},"canonical":"https:\/\/dicodusport.fr\/blog\/mondiaux-para-cyclisme-2024-joseph-fritsch-et-loic-vergnaud-parachevent-le-festival-tricolore\/","og_locale":"fr_FR","og_type":"article","og_title":"Mondiaux Para Cyclisme 2024 : Joseph Fritsch et Lo\u00efc Vergnaud parach\u00e8vent le festival tricolore","og_description":"PARA CYCLISME CHAMPIONNATS DU MONDE 2024 - C\u2019est une fin de Mondiaux ensoleill\u00e9e sur tous les points de vue pour l\u2019\u00e9quipe de France !","og_url":"https:\/\/dicodusport.fr\/blog\/mondiaux-para-cyclisme-2024-joseph-fritsch-et-loic-vergnaud-parachevent-le-festival-tricolore\/","og_site_name":"Dicodusport","article_publisher":"https:\/\/www.facebook.com\/dicodusport","article_author":"https:\/\/www.facebook.com\/soocube","article_published_time":"2024-09-29T09:45:42+00:00","article_modified_time":"2024-09-29T10:21:13+00:00","og_image":[{"width":1200,"height":674,"url":"https:\/\/dicodusport.fr\/blog\/wp-content\/uploads\/2024\/09\/Mondiaux-Para-Cyclisme-2024-Joseph-Fritsch-et-Loic-Vergnaud-parachevent-le-festival-tricolore.png","type":"image\/png"}],"author":"Sophie Clapier","twitter_card":"summary_large_image","twitter_title":"Mondiaux Para Cyclisme 2024 : Joseph Fritsch et Lo\u00efc Vergnaud parach\u00e8vent le festival tricolore","twitter_creator":"@https:\/\/twitter.com\/soocube","twitter_site":"@dicodusport","schema":{"@context":"https:\/\/schema.org","@graph":[{"@type":"NewsArticle","@id":"https:\/\/dicodusport.fr\/blog\/mondiaux-para-cyclisme-2024-joseph-fritsch-et-loic-vergnaud-parachevent-le-festival-tricolore\/#article","isPartOf":{"@id":"https:\/\/dicodusport.fr\/blog\/mondiaux-para-cyclisme-2024-joseph-fritsch-et-loic-vergnaud-parachevent-le-festival-tricolore\/"},"author":{"name":"Sophie Clapier","@id":"https:\/\/dicodusport.fr\/blog\/#\/schema\/person\/416c975648aca9da8839bdfe333a21c9"},"headline":"Mondiaux Para Cyclisme 2024 : Joseph Fritsch et Lo\u00efc Vergnaud parach\u00e8vent le festival tricolore","datePublished":"2024-09-29T09:45:42+00:00","dateModified":"2024-09-29T10:21:13+00:00","mainEntityOfPage":{"@id":"https:\/\/dicodusport.fr\/blog\/mondiaux-para-cyclisme-2024-joseph-fritsch-et-loic-vergnaud-parachevent-le-festival-tricolore\/"},"wordCount":445,"commentCount":0,"publisher":{"@id":"https:\/\/dicodusport.fr\/blog\/#organization"},"image":{"@id":"https:\/\/dicodusport.fr\/blog\/mondiaux-para-cyclisme-2024-joseph-fritsch-et-loic-vergnaud-parachevent-le-festival-tricolore\/#primaryimage"},"thumbnailUrl":"https:\/\/dicodusport.fr\/blog\/wp-content\/uploads\/2024\/09\/Mondiaux-Para-Cyclisme-2024-Joseph-Fritsch-et-Loic-Vergnaud-parachevent-le-festival-tricolore.png","keywords":["actu","br\u00e8ve","Championnats du monde de para cyclisme","sport"],"articleSection":["Cyclisme sur route"],"inLanguage":"fr-FR","potentialAction":[{"@type":"CommentAction","name":"Comment","target":["https:\/\/dicodusport.fr\/blog\/mondiaux-para-cyclisme-2024-joseph-fritsch-et-loic-vergnaud-parachevent-le-festival-tricolore\/#respond"]}],"copyrightYear":"2024","copyrightHolder":{"@id":"https:\/\/dicodusport.fr\/blog\/#organization"}},{"@type":"WebPage","@id":"https:\/\/dicodusport.fr\/blog\/mondiaux-para-cyclisme-2024-joseph-fritsch-et-loic-vergnaud-parachevent-le-festival-tricolore\/","url":"https:\/\/dicodusport.fr\/blog\/mondiaux-para-cyclisme-2024-joseph-fritsch-et-loic-vergnaud-parachevent-le-festival-tricolore\/","name":"Mondiaux Para Cyclisme 2024 : Joseph Fritsch et Lo\u00efc Vergnaud parach\u00e8vent le festival tricolore","isPartOf":{"@id":"https:\/\/dicodusport.fr\/blog\/#website"},"primaryImageOfPage":{"@id":"https:\/\/dicodusport.fr\/blog\/mondiaux-para-cyclisme-2024-joseph-fritsch-et-loic-vergnaud-parachevent-le-festival-tricolore\/#primaryimage"},"image":{"@id":"https:\/\/dicodusport.fr\/blog\/mondiaux-para-cyclisme-2024-joseph-fritsch-et-loic-vergnaud-parachevent-le-festival-tricolore\/#primaryimage"},"thumbnailUrl":"https:\/\/dicodusport.fr\/blog\/wp-content\/uploads\/2024\/09\/Mondiaux-Para-Cyclisme-2024-Joseph-Fritsch-et-Loic-Vergnaud-parachevent-le-festival-tricolore.png","datePublished":"2024-09-29T09:45:42+00:00","dateModified":"2024-09-29T10:21:13+00:00","description":"PARA CYCLISME CHAMPIONNATS DU MONDE 2024 - C\u2019est une fin de Mondiaux ensoleill\u00e9e sur tous les points de vue pour l\u2019\u00e9quipe de France !","breadcrumb":{"@id":"https:\/\/dicodusport.fr\/blog\/mondiaux-para-cyclisme-2024-joseph-fritsch-et-loic-vergnaud-parachevent-le-festival-tricolore\/#breadcrumb"},"inLanguage":"fr-FR","potentialAction":[{"@type":"ReadAction","target":["https:\/\/dicodusport.fr\/blog\/mondiaux-para-cyclisme-2024-joseph-fritsch-et-loic-vergnaud-parachevent-le-festival-tricolore\/"]}]},{"@type":"ImageObject","inLanguage":"fr-FR","@id":"https:\/\/dicodusport.fr\/blog\/mondiaux-para-cyclisme-2024-joseph-fritsch-et-loic-vergnaud-parachevent-le-festival-tricolore\/#primaryimage","url":"https:\/\/dicodusport.fr\/blog\/wp-content\/uploads\/2024\/09\/Mondiaux-Para-Cyclisme-2024-Joseph-Fritsch-et-Loic-Vergnaud-parachevent-le-festival-tricolore.png","contentUrl":"https:\/\/dicodusport.fr\/blog\/wp-content\/uploads\/2024\/09\/Mondiaux-Para-Cyclisme-2024-Joseph-Fritsch-et-Loic-Vergnaud-parachevent-le-festival-tricolore.png","width":1200,"height":674,"caption":"Mondiaux Para Cyclisme 2024 Joseph Fritsch et Lo\u00efc Vergnaud parach\u00e8vent le festival tricolore"},{"@type":"BreadcrumbList","@id":"https:\/\/dicodusport.fr\/blog\/mondiaux-para-cyclisme-2024-joseph-fritsch-et-loic-vergnaud-parachevent-le-festival-tricolore\/#breadcrumb","itemListElement":[{"@type":"ListItem","position":1,"name":"Accueil","item":"https:\/\/dicodusport.fr\/blog\/"},{"@type":"ListItem","position":2,"name":"Mondiaux Para Cyclisme 2024 : Joseph Fritsch et Lo\u00efc Vergnaud parach\u00e8vent le festival tricolore"}]},{"@type":"WebSite","@id":"https:\/\/dicodusport.fr\/blog\/#website","url":"https:\/\/dicodusport.fr\/blog\/","name":"Dicodusport","description":"L&#039;encyclop\u00e9die de l&#039;actualit\u00e9 sportive","publisher":{"@id":"https:\/\/dicodusport.fr\/blog\/#organization"},"potentialAction":[{"@type":"SearchAction","target":{"@type":"EntryPoint","urlTemplate":"https:\/\/dicodusport.fr\/blog\/?s={search_term_string}"},"query-input":{"@type":"PropertyValueSpecification","valueRequired":true,"valueName":"search_term_string"}}],"inLanguage":"fr-FR"},{"@type":"NewsMediaOrganization","@id":"https:\/\/dicodusport.fr\/blog\/#organization","name":"Dicodusport","url":"https:\/\/dicodusport.fr\/blog\/","logo":{"@type":"ImageObject","inLanguage":"fr-FR","@id":"https:\/\/dicodusport.fr\/blog\/#\/schema\/logo\/image\/","url":"https:\/\/dicodusport.fr\/blog\/wp-content\/uploads\/2020\/06\/cropped-LOGO-DICODUSPORT-2020-SANS-FOND-SANS-TEXTE.png","contentUrl":"https:\/\/dicodusport.fr\/blog\/wp-content\/uploads\/2020\/06\/cropped-LOGO-DICODUSPORT-2020-SANS-FOND-SANS-TEXTE.png","width":512,"height":512,"caption":"Dicodusport"},"image":{"@id":"https:\/\/dicodusport.fr\/blog\/#\/schema\/logo\/image\/"},"sameAs":["https:\/\/www.facebook.com\/dicodusport","https:\/\/x.com\/dicodusport","https:\/\/www.instagram.com\/dicodusport\/","https:\/\/www.youtube.com\/channel\/UC7V2KZ5sd3htJivAbA4ZG3w"],"description":"Dicodusport est l'encyclop\u00e9die de l'actualit\u00e9 sportive.","email":"bonjour@dicodusport.fr","legalName":"DICODUSPORT","foundingDate":"2018-01-14","vatID":"FR71834470973","taxID":"83447097300043","numberOfEmployees":{"@type":"QuantitativeValue","minValue":"1","maxValue":"10"}},{"@type":"Person","@id":"https:\/\/dicodusport.fr\/blog\/#\/schema\/person\/416c975648aca9da8839bdfe333a21c9","name":"Sophie Clapier","image":{"@type":"ImageObject","inLanguage":"fr-FR","@id":"https:\/\/dicodusport.fr\/blog\/#\/schema\/person\/image\/","url":"https:\/\/dicodusport.fr\/blog\/wp-content\/uploads\/2021\/05\/Sophie-Clapier-150x150.jpg","contentUrl":"https:\/\/dicodusport.fr\/blog\/wp-content\/uploads\/2021\/05\/Sophie-Clapier-150x150.jpg","caption":"Sophie Clapier"},"description":"Journaliste\/r\u00e9dactrice depuis janvier 2016 - Passionn\u00e9e de sport depuis toujours, j\u2019en ai pratiqu\u00e9 quelques-uns. Judo, football, handball ou encore tennis, je n\u2019ai jamais pu me mettre d\u2019accord sur un en particulier. Mais \u00e7a, c\u2019\u00e9tait avant de d\u00e9couvrir le basket, devenu mon sport de pr\u00e9dilection. Les actions NBA, le All-Star Week-end, la fureur des Game 7 pendant les playoffs ou mieux, lors des Finals, this is why we play. Team Spurs T.P, je m\u2019accroche encore \u00e0 Gregg Popovich (don\u2019t leave !). Team chef Curry, je souhaite qu\u2019il finisse aux Warriors (staaaay !). Non, il n\u2019y a pas qu\u2019eux, des petits nouveaux -et des petites nouvelles \u00e9videmment- arrivent chaque jour dans toutes les disciplines et cr\u00e9ent de nouveaux exploits. Alors pour les grands \u00e9v\u00e9nements et comp\u00e9titions internationales, vive les pulsations 240\/minutes et le d\u00e9fibrillateur pas loin, et allez les Bleu(e)s ! C\u2019est s\u00fbr, j\u2019aurai plus vu ma vie sur un terrain de sport, mais \u00e0 d\u00e9faut d\u2019en faire en haut niveau, je le partage avec vous.","sameAs":["https:\/\/www.facebook.com\/soocube","https:\/\/x.com\/https:\/\/twitter.com\/soocube","admin"],"url":"https:\/\/dicodusport.fr\/blog\/author\/sophie\/"}]}},"_links":{"self":[{"href":"https:\/\/dicodusport.fr\/blog\/wp-json\/wp\/v2\/posts\/523424","targetHints":{"allow":["GET"]}}],"collection":[{"href":"https:\/\/dicodusport.fr\/blog\/wp-json\/wp\/v2\/posts"}],"about":[{"href":"https:\/\/dicodusport.fr\/blog\/wp-json\/wp\/v2\/types\/post"}],"author":[{"embeddable":true,"href":"https:\/\/dicodusport.fr\/blog\/wp-json\/wp\/v2\/users\/18"}],"replies":[{"embeddable":true,"href":"https:\/\/dicodusport.fr\/blog\/wp-json\/wp\/v2\/comments?post=523424"}],"version-history":[{"count":5,"href":"https:\/\/dicodusport.fr\/blog\/wp-json\/wp\/v2\/posts\/523424\/revisions"}],"predecessor-version":[{"id":523456,"href":"https:\/\/dicodusport.fr\/blog\/wp-json\/wp\/v2\/posts\/523424\/revisions\/523456"}],"wp:featuredmedia":[{"embeddable":true,"href":"https:\/\/dicodusport.fr\/blog\/wp-json\/wp\/v2\/media\/523439"}],"wp:attachment":[{"href":"https:\/\/dicodusport.fr\/blog\/wp-json\/wp\/v2\/media?parent=523424"}],"wp:term":[{"taxonomy":"category","embeddable":true,"href":"https:\/\/dicodusport.fr\/blog\/wp-json\/wp\/v2\/categories?post=523424"},{"taxonomy":"post_tag","embeddable":true,"href":"https:\/\/dicodusport.fr\/blog\/wp-json\/wp\/v2\/tags?post=523424"}],"curies":[{"name":"wp","href":"https:\/\/api.w.org\/{rel}","templated":true}]}}