{"id":523509,"date":"2024-09-29T19:00:30","date_gmt":"2024-09-29T17:00:30","guid":{"rendered":"https:\/\/dicodusport.fr\/blog\/?p=523509&#038;preview=true&#038;preview_id=523509"},"modified":"2024-09-30T19:47:50","modified_gmt":"2024-09-30T17:47:50","slug":"vtt-xco-lake-placid-laura-stigger-victorieuse-loana-lecomte-encore-au-pied-du-podium","status":"publish","type":"post","link":"https:\/\/dicodusport.fr\/blog\/vtt-xco-lake-placid-laura-stigger-victorieuse-loana-lecomte-encore-au-pied-du-podium\/","title":{"rendered":"VTT XCO Lake Placid : Laura Stigger victorieuse, Loana Lecomte 3\u00e8me"},"content":{"rendered":"<h4 style=\"text-align: justify;\"><em>COUPE DU MONDE DE VTT 2024 &#8211; Il s\u2019en est fallu de peu pour que Loana Lecomte ne monte sur la plus haute marche du podium, mais elle termine finalement 3\u00e8me. La Fran\u00e7aise avait fait la diff\u00e9rence peu avant le dernier tour, mais a subi le retour et l\u2019acc\u00e9l\u00e9ration de Laura Stigger qui s&rsquo;impose pour cette derni\u00e8re aux \u00c9tats-Unis.<\/em><\/h4>\n<ul style=\"text-align: justify;\">\n<li style=\"text-align: justify;\"><strong>\u00c0 ce sujet \u2013 <a href=\"https:\/\/dicodusport.fr\/blog\/vtt-xco-lake-placid-classement-course-femmes\/\">VTT XCO Lake Placid : Classement Course femmes<\/a><\/strong><\/li>\n<\/ul>\n<p style=\"text-align: justify;\">C\u2019est <strong>Candice Lill<\/strong> qui est partie la plus vite dans cette course XCO de Lake Placid. Prise en chasse par <strong>Savilia Blunk<\/strong> et <strong>Loana Lecomte<\/strong>, la Sud-Africaine ne conservait pas longtemps les commandes seule. <strong>Laura Strigger<\/strong> rejoignait le trio de t\u00eate, tout comme <strong>Alessandra Keller<\/strong>. La Suissesse, leader de la Coupe du monde, n\u2019avait besoin que de quelques points pour acter d\u00e9finitivement sa premi\u00e8re place avant la derni\u00e8re \u00e9tape au Canada. Il faudra encore patienter un petit peu pour elle, car math\u00e9matiquement, rien n&rsquo;est encore fait. Six coureuses se tenaient sous les 10 secondes \u00e0 la fin du deuxi\u00e8me tour puis l\u2019\u00e9preuve se d\u00e9cantait peu \u00e0 peu. Si <strong>Loana Lecomte<\/strong> et <strong>Laura Strigger<\/strong> restaient au contact de Lill et Blunk malgr\u00e9 leurs attaques, l\u2019\u00e9cart fluctuait entre <strong>Sina Frei<\/strong>, <strong>Alessandra Keller<\/strong> et le quatuor \u00e0 la m\u00e8ne.<\/p>\n<h2>Loana Lecomte sur le podium<\/h2>\n<p style=\"text-align: justify;\">Quatuor qui a petit \u00e0 petit repris des allures de trio. Men\u00e9 par <strong>Laura Stigger,<\/strong> mise sous pression par <strong>Loana Lecomte<\/strong>, il comprenait \u00e9galement <strong>Candice Lill<\/strong>, \u00e9galement toujours dans le coup pour la gagne dans la 5<sup>\u00e8me<\/sup> boucle. Les trois leaders levaient un peu le pied, ce qui permettait \u00e0 Frei et Blunk de garder encore un peu d\u2019espoir avant que la Fran\u00e7aise ne remette du rythme. Le suspense battait n\u00e9anmoins toujours son plein alors que l\u2019Australienne <strong>Rebecca Henderson<\/strong> grignotait sans cesse son retard. L\u2019heure de course pass\u00e9e, Lecomte et Lill cumulaient dor\u00e9navant 16 secondes d\u2019avance sur le groupe de chasseuses.<\/p>\n<blockquote class=\"twitter-tweet\">\n<p dir=\"ltr\" lang=\"en\">Loan Lecomte, on a mission \ud83d\udc4a<\/p>\n<p>She attacks on Lap 6\ufe0f\u20e3\/7\ufe0f\u20e3 . Creates a small gap on Candice Lill but is definitely digging very deep!<a href=\"https:\/\/twitter.com\/hashtag\/MTBWorldCup?src=hash&amp;ref_src=twsrc%5Etfw\">#MTBWorldCup<\/a> <a href=\"https:\/\/t.co\/5PNN4oSLuz\">pic.twitter.com\/5PNN4oSLuz<\/a><\/p>\n<p>\u2014 UCI MTB (@UCI_MTB) <a href=\"https:\/\/twitter.com\/UCI_MTB\/status\/1840429858846900529?ref_src=twsrc%5Etfw\">September 29, 2024<\/a><\/p><\/blockquote>\n<p><script async src=\"https:\/\/platform.twitter.com\/widgets.js\" charset=\"utf-8\"><\/script><\/p>\n<p style=\"text-align: justify;\">Fran\u00e7aise et Sud-Africaine allaient \u00e0 coup s\u00fbr se batailler la victoire. Enfin ce qu\u2019on pensait. Avant d\u2019entamer l\u2019ultime tour, <strong>Loana Lecomte<\/strong> d\u00e9cidait d\u2019acc\u00e9l\u00e9rer, <strong>Candice Lill<\/strong> ne parvenait alors pas \u00e0 accrocher la roue. \u00c7a tenait p\u00e9niblement pour la v\u00e9t\u00e9tiste tricolore qui voyait soudainement dans le r\u00e9troviseur <strong>Sina Frei<\/strong> et <strong>Candice Lill<\/strong>, revenues aux avant-postes. Malheureusement au sprint, Stigger et Frei ont r\u00e9trograd\u00e9 la Fran\u00e7aise qui en termine troisi\u00e8me devant <strong>Candice Lill<\/strong> \u00e0 la photo finish.<strong> Rebecca Henderson<\/strong> prend la cinqui\u00e8me place.<\/p>\n<p style=\"text-align: justify;\">\n","protected":false},"excerpt":{"rendered":"<p>COUPE DU MONDE DE VTT 2024 &#8211; Il s\u2019en est fallu de peu pour que Loana Lecomte ne monte sur la plus haute marche du podium mais elle termine finalement 3\u00e8me. La Fran\u00e7aise avait fait la diff\u00e9rence peu avant le dernier tour mais a subi le retour et l\u2019acc\u00e9l\u00e9ration de Laura Stigger qui s&rsquo;impose pour cette derni\u00e8re aux \u00c9tats-Unis.<\/p>\n","protected":false},"author":18,"featured_media":523758,"comment_status":"open","ping_status":"closed","sticky":false,"template":"","format":"standard","meta":{"_acf_changed":false,"_daextam_enable_autolinks":"1","footnotes":""},"categories":[10279],"tags":[16878,10994,24673],"class_list":["post-523509","post","type-post","status-publish","format-standard","has-post-thumbnail","hentry","category-vtt","tag-breve","tag-loana-lecomte","tag-vtt-xcc"],"acf":[],"yoast_head":"<!-- This site is optimized with the Yoast SEO Premium plugin v26.7 (Yoast SEO v26.7) - https:\/\/yoast.com\/wordpress\/plugins\/seo\/ -->\n<title>VTT XCO Lake Placid : Laura Stigger victorieuse, Loana Lecomte 3\u00e8me<\/title>\n<meta name=\"description\" content=\"COUPE DU MONDE DE VTT 2024 - Loana Lecomte termine 3\u00e8me d&#039;une course remport\u00e9e au sprint par Laura Stigger.\" \/>\n<meta name=\"robots\" content=\"index, follow, max-snippet:-1, max-image-preview:large, max-video-preview:-1\" \/>\n<link rel=\"canonical\" href=\"https:\/\/dicodusport.fr\/blog\/vtt-xco-lake-placid-laura-stigger-victorieuse-loana-lecomte-encore-au-pied-du-podium\/\" \/>\n<meta property=\"og:locale\" content=\"fr_FR\" \/>\n<meta property=\"og:type\" content=\"article\" \/>\n<meta property=\"og:title\" content=\"VTT XCO Lake Placid : Laura Stigger victorieuse, Loana Lecomte 3\u00e8me\" \/>\n<meta property=\"og:description\" content=\"COUPE DU MONDE DE VTT 2024 - Loana Lecomte termine 3\u00e8me d&#039;une course remport\u00e9e au sprint par Laura Stigger.\" \/>\n<meta property=\"og:url\" content=\"https:\/\/dicodusport.fr\/blog\/vtt-xco-lake-placid-laura-stigger-victorieuse-loana-lecomte-encore-au-pied-du-podium\/\" \/>\n<meta property=\"og:site_name\" content=\"Dicodusport\" \/>\n<meta property=\"article:publisher\" content=\"https:\/\/www.facebook.com\/dicodusport\" \/>\n<meta property=\"article:author\" content=\"https:\/\/www.facebook.com\/soocube\" \/>\n<meta property=\"article:published_time\" content=\"2024-09-29T17:00:30+00:00\" \/>\n<meta property=\"article:modified_time\" content=\"2024-09-30T17:47:50+00:00\" \/>\n<meta property=\"og:image\" content=\"https:\/\/dicodusport.fr\/blog\/wp-content\/uploads\/2024\/09\/VTT-XCO-Lake-Placid-Laura-Stigger-victorieuse-Loana-Lecomte-3eme.png\" \/>\n\t<meta property=\"og:image:width\" content=\"1200\" \/>\n\t<meta property=\"og:image:height\" content=\"674\" \/>\n\t<meta property=\"og:image:type\" content=\"image\/png\" \/>\n<meta name=\"author\" content=\"Sophie Clapier\" \/>\n<meta name=\"twitter:card\" content=\"summary_large_image\" \/>\n<meta name=\"twitter:title\" content=\"VTT XCO Lake Placid : Laura Stigger victorieuse, Loana Lecomte 3\u00e8me\" \/>\n<meta name=\"twitter:creator\" content=\"@https:\/\/twitter.com\/soocube\" \/>\n<meta name=\"twitter:site\" content=\"@dicodusport\" \/>\n<script type=\"application\/ld+json\" class=\"yoast-schema-graph\">{\"@context\":\"https:\/\/schema.org\",\"@graph\":[{\"@type\":\"NewsArticle\",\"@id\":\"https:\/\/dicodusport.fr\/blog\/vtt-xco-lake-placid-laura-stigger-victorieuse-loana-lecomte-encore-au-pied-du-podium\/#article\",\"isPartOf\":{\"@id\":\"https:\/\/dicodusport.fr\/blog\/vtt-xco-lake-placid-laura-stigger-victorieuse-loana-lecomte-encore-au-pied-du-podium\/\"},\"author\":{\"name\":\"Sophie Clapier\",\"@id\":\"https:\/\/dicodusport.fr\/blog\/#\/schema\/person\/416c975648aca9da8839bdfe333a21c9\"},\"headline\":\"VTT XCO Lake Placid : Laura Stigger victorieuse, Loana Lecomte 3\u00e8me\",\"datePublished\":\"2024-09-29T17:00:30+00:00\",\"dateModified\":\"2024-09-30T17:47:50+00:00\",\"mainEntityOfPage\":{\"@id\":\"https:\/\/dicodusport.fr\/blog\/vtt-xco-lake-placid-laura-stigger-victorieuse-loana-lecomte-encore-au-pied-du-podium\/\"},\"wordCount\":469,\"commentCount\":0,\"publisher\":{\"@id\":\"https:\/\/dicodusport.fr\/blog\/#organization\"},\"image\":{\"@id\":\"https:\/\/dicodusport.fr\/blog\/vtt-xco-lake-placid-laura-stigger-victorieuse-loana-lecomte-encore-au-pied-du-podium\/#primaryimage\"},\"thumbnailUrl\":\"https:\/\/dicodusport.fr\/blog\/wp-content\/uploads\/2024\/09\/VTT-XCO-Lake-Placid-Laura-Stigger-victorieuse-Loana-Lecomte-3eme.png\",\"keywords\":[\"br\u00e8ve\",\"Loana Lecomte\",\"VTT XCC\"],\"articleSection\":[\"VTT\"],\"inLanguage\":\"fr-FR\",\"potentialAction\":[{\"@type\":\"CommentAction\",\"name\":\"Comment\",\"target\":[\"https:\/\/dicodusport.fr\/blog\/vtt-xco-lake-placid-laura-stigger-victorieuse-loana-lecomte-encore-au-pied-du-podium\/#respond\"]}],\"copyrightYear\":\"2024\",\"copyrightHolder\":{\"@id\":\"https:\/\/dicodusport.fr\/blog\/#organization\"}},{\"@type\":\"WebPage\",\"@id\":\"https:\/\/dicodusport.fr\/blog\/vtt-xco-lake-placid-laura-stigger-victorieuse-loana-lecomte-encore-au-pied-du-podium\/\",\"url\":\"https:\/\/dicodusport.fr\/blog\/vtt-xco-lake-placid-laura-stigger-victorieuse-loana-lecomte-encore-au-pied-du-podium\/\",\"name\":\"VTT XCO Lake Placid : Laura Stigger victorieuse, Loana Lecomte 3\u00e8me\",\"isPartOf\":{\"@id\":\"https:\/\/dicodusport.fr\/blog\/#website\"},\"primaryImageOfPage\":{\"@id\":\"https:\/\/dicodusport.fr\/blog\/vtt-xco-lake-placid-laura-stigger-victorieuse-loana-lecomte-encore-au-pied-du-podium\/#primaryimage\"},\"image\":{\"@id\":\"https:\/\/dicodusport.fr\/blog\/vtt-xco-lake-placid-laura-stigger-victorieuse-loana-lecomte-encore-au-pied-du-podium\/#primaryimage\"},\"thumbnailUrl\":\"https:\/\/dicodusport.fr\/blog\/wp-content\/uploads\/2024\/09\/VTT-XCO-Lake-Placid-Laura-Stigger-victorieuse-Loana-Lecomte-3eme.png\",\"datePublished\":\"2024-09-29T17:00:30+00:00\",\"dateModified\":\"2024-09-30T17:47:50+00:00\",\"description\":\"COUPE DU MONDE DE VTT 2024 - Loana Lecomte termine 3\u00e8me d'une course remport\u00e9e au sprint par Laura Stigger.\",\"breadcrumb\":{\"@id\":\"https:\/\/dicodusport.fr\/blog\/vtt-xco-lake-placid-laura-stigger-victorieuse-loana-lecomte-encore-au-pied-du-podium\/#breadcrumb\"},\"inLanguage\":\"fr-FR\",\"potentialAction\":[{\"@type\":\"ReadAction\",\"target\":[\"https:\/\/dicodusport.fr\/blog\/vtt-xco-lake-placid-laura-stigger-victorieuse-loana-lecomte-encore-au-pied-du-podium\/\"]}]},{\"@type\":\"ImageObject\",\"inLanguage\":\"fr-FR\",\"@id\":\"https:\/\/dicodusport.fr\/blog\/vtt-xco-lake-placid-laura-stigger-victorieuse-loana-lecomte-encore-au-pied-du-podium\/#primaryimage\",\"url\":\"https:\/\/dicodusport.fr\/blog\/wp-content\/uploads\/2024\/09\/VTT-XCO-Lake-Placid-Laura-Stigger-victorieuse-Loana-Lecomte-3eme.png\",\"contentUrl\":\"https:\/\/dicodusport.fr\/blog\/wp-content\/uploads\/2024\/09\/VTT-XCO-Lake-Placid-Laura-Stigger-victorieuse-Loana-Lecomte-3eme.png\",\"width\":1200,\"height\":674,\"caption\":\"VTT XCO Lake Placid Laura Stigger victorieuse, Loana Lecomte 3\u00e8me\"},{\"@type\":\"BreadcrumbList\",\"@id\":\"https:\/\/dicodusport.fr\/blog\/vtt-xco-lake-placid-laura-stigger-victorieuse-loana-lecomte-encore-au-pied-du-podium\/#breadcrumb\",\"itemListElement\":[{\"@type\":\"ListItem\",\"position\":1,\"name\":\"Accueil\",\"item\":\"https:\/\/dicodusport.fr\/blog\/\"},{\"@type\":\"ListItem\",\"position\":2,\"name\":\"VTT XCO Lake Placid : Laura Stigger victorieuse, Loana Lecomte 3\u00e8me\"}]},{\"@type\":\"WebSite\",\"@id\":\"https:\/\/dicodusport.fr\/blog\/#website\",\"url\":\"https:\/\/dicodusport.fr\/blog\/\",\"name\":\"Dicodusport\",\"description\":\"L&#039;encyclop\u00e9die de l&#039;actualit\u00e9 sportive\",\"publisher\":{\"@id\":\"https:\/\/dicodusport.fr\/blog\/#organization\"},\"potentialAction\":[{\"@type\":\"SearchAction\",\"target\":{\"@type\":\"EntryPoint\",\"urlTemplate\":\"https:\/\/dicodusport.fr\/blog\/?s={search_term_string}\"},\"query-input\":{\"@type\":\"PropertyValueSpecification\",\"valueRequired\":true,\"valueName\":\"search_term_string\"}}],\"inLanguage\":\"fr-FR\"},{\"@type\":\"NewsMediaOrganization\",\"@id\":\"https:\/\/dicodusport.fr\/blog\/#organization\",\"name\":\"Dicodusport\",\"url\":\"https:\/\/dicodusport.fr\/blog\/\",\"logo\":{\"@type\":\"ImageObject\",\"inLanguage\":\"fr-FR\",\"@id\":\"https:\/\/dicodusport.fr\/blog\/#\/schema\/logo\/image\/\",\"url\":\"https:\/\/dicodusport.fr\/blog\/wp-content\/uploads\/2020\/06\/cropped-LOGO-DICODUSPORT-2020-SANS-FOND-SANS-TEXTE.png\",\"contentUrl\":\"https:\/\/dicodusport.fr\/blog\/wp-content\/uploads\/2020\/06\/cropped-LOGO-DICODUSPORT-2020-SANS-FOND-SANS-TEXTE.png\",\"width\":512,\"height\":512,\"caption\":\"Dicodusport\"},\"image\":{\"@id\":\"https:\/\/dicodusport.fr\/blog\/#\/schema\/logo\/image\/\"},\"sameAs\":[\"https:\/\/www.facebook.com\/dicodusport\",\"https:\/\/x.com\/dicodusport\",\"https:\/\/www.instagram.com\/dicodusport\/\",\"https:\/\/www.youtube.com\/channel\/UC7V2KZ5sd3htJivAbA4ZG3w\"],\"description\":\"Dicodusport est l'encyclop\u00e9die de l'actualit\u00e9 sportive.\",\"email\":\"bonjour@dicodusport.fr\",\"legalName\":\"DICODUSPORT\",\"foundingDate\":\"2018-01-14\",\"vatID\":\"FR71834470973\",\"taxID\":\"83447097300043\",\"numberOfEmployees\":{\"@type\":\"QuantitativeValue\",\"minValue\":\"1\",\"maxValue\":\"10\"}},{\"@type\":\"Person\",\"@id\":\"https:\/\/dicodusport.fr\/blog\/#\/schema\/person\/416c975648aca9da8839bdfe333a21c9\",\"name\":\"Sophie Clapier\",\"image\":{\"@type\":\"ImageObject\",\"inLanguage\":\"fr-FR\",\"@id\":\"https:\/\/dicodusport.fr\/blog\/#\/schema\/person\/image\/\",\"url\":\"https:\/\/dicodusport.fr\/blog\/wp-content\/uploads\/2021\/05\/Sophie-Clapier-150x150.jpg\",\"contentUrl\":\"https:\/\/dicodusport.fr\/blog\/wp-content\/uploads\/2021\/05\/Sophie-Clapier-150x150.jpg\",\"caption\":\"Sophie Clapier\"},\"description\":\"Journaliste\/r\u00e9dactrice depuis janvier 2016 - Passionn\u00e9e de sport depuis toujours, j\u2019en ai pratiqu\u00e9 quelques-uns. Judo, football, handball ou encore tennis, je n\u2019ai jamais pu me mettre d\u2019accord sur un en particulier. Mais \u00e7a, c\u2019\u00e9tait avant de d\u00e9couvrir le basket, devenu mon sport de pr\u00e9dilection. Les actions NBA, le All-Star Week-end, la fureur des Game 7 pendant les playoffs ou mieux, lors des Finals, this is why we play. Team Spurs T.P, je m\u2019accroche encore \u00e0 Gregg Popovich (don\u2019t leave !). Team chef Curry, je souhaite qu\u2019il finisse aux Warriors (staaaay !). Non, il n\u2019y a pas qu\u2019eux, des petits nouveaux -et des petites nouvelles \u00e9videmment- arrivent chaque jour dans toutes les disciplines et cr\u00e9ent de nouveaux exploits. Alors pour les grands \u00e9v\u00e9nements et comp\u00e9titions internationales, vive les pulsations 240\/minutes et le d\u00e9fibrillateur pas loin, et allez les Bleu(e)s ! C\u2019est s\u00fbr, j\u2019aurai plus vu ma vie sur un terrain de sport, mais \u00e0 d\u00e9faut d\u2019en faire en haut niveau, je le partage avec vous.\",\"sameAs\":[\"https:\/\/www.facebook.com\/soocube\",\"https:\/\/x.com\/https:\/\/twitter.com\/soocube\",\"admin\"],\"url\":\"https:\/\/dicodusport.fr\/blog\/author\/sophie\/\"}]}<\/script>\n<!-- \/ Yoast SEO Premium plugin. -->","yoast_head_json":{"title":"VTT XCO Lake Placid : Laura Stigger victorieuse, Loana Lecomte 3\u00e8me","description":"COUPE DU MONDE DE VTT 2024 - Loana Lecomte termine 3\u00e8me d'une course remport\u00e9e au sprint par Laura Stigger.","robots":{"index":"index","follow":"follow","max-snippet":"max-snippet:-1","max-image-preview":"max-image-preview:large","max-video-preview":"max-video-preview:-1"},"canonical":"https:\/\/dicodusport.fr\/blog\/vtt-xco-lake-placid-laura-stigger-victorieuse-loana-lecomte-encore-au-pied-du-podium\/","og_locale":"fr_FR","og_type":"article","og_title":"VTT XCO Lake Placid : Laura Stigger victorieuse, Loana Lecomte 3\u00e8me","og_description":"COUPE DU MONDE DE VTT 2024 - Loana Lecomte termine 3\u00e8me d'une course remport\u00e9e au sprint par Laura Stigger.","og_url":"https:\/\/dicodusport.fr\/blog\/vtt-xco-lake-placid-laura-stigger-victorieuse-loana-lecomte-encore-au-pied-du-podium\/","og_site_name":"Dicodusport","article_publisher":"https:\/\/www.facebook.com\/dicodusport","article_author":"https:\/\/www.facebook.com\/soocube","article_published_time":"2024-09-29T17:00:30+00:00","article_modified_time":"2024-09-30T17:47:50+00:00","og_image":[{"width":1200,"height":674,"url":"https:\/\/dicodusport.fr\/blog\/wp-content\/uploads\/2024\/09\/VTT-XCO-Lake-Placid-Laura-Stigger-victorieuse-Loana-Lecomte-3eme.png","type":"image\/png"}],"author":"Sophie Clapier","twitter_card":"summary_large_image","twitter_title":"VTT XCO Lake Placid : Laura Stigger victorieuse, Loana Lecomte 3\u00e8me","twitter_creator":"@https:\/\/twitter.com\/soocube","twitter_site":"@dicodusport","schema":{"@context":"https:\/\/schema.org","@graph":[{"@type":"NewsArticle","@id":"https:\/\/dicodusport.fr\/blog\/vtt-xco-lake-placid-laura-stigger-victorieuse-loana-lecomte-encore-au-pied-du-podium\/#article","isPartOf":{"@id":"https:\/\/dicodusport.fr\/blog\/vtt-xco-lake-placid-laura-stigger-victorieuse-loana-lecomte-encore-au-pied-du-podium\/"},"author":{"name":"Sophie Clapier","@id":"https:\/\/dicodusport.fr\/blog\/#\/schema\/person\/416c975648aca9da8839bdfe333a21c9"},"headline":"VTT XCO Lake Placid : Laura Stigger victorieuse, Loana Lecomte 3\u00e8me","datePublished":"2024-09-29T17:00:30+00:00","dateModified":"2024-09-30T17:47:50+00:00","mainEntityOfPage":{"@id":"https:\/\/dicodusport.fr\/blog\/vtt-xco-lake-placid-laura-stigger-victorieuse-loana-lecomte-encore-au-pied-du-podium\/"},"wordCount":469,"commentCount":0,"publisher":{"@id":"https:\/\/dicodusport.fr\/blog\/#organization"},"image":{"@id":"https:\/\/dicodusport.fr\/blog\/vtt-xco-lake-placid-laura-stigger-victorieuse-loana-lecomte-encore-au-pied-du-podium\/#primaryimage"},"thumbnailUrl":"https:\/\/dicodusport.fr\/blog\/wp-content\/uploads\/2024\/09\/VTT-XCO-Lake-Placid-Laura-Stigger-victorieuse-Loana-Lecomte-3eme.png","keywords":["br\u00e8ve","Loana Lecomte","VTT XCC"],"articleSection":["VTT"],"inLanguage":"fr-FR","potentialAction":[{"@type":"CommentAction","name":"Comment","target":["https:\/\/dicodusport.fr\/blog\/vtt-xco-lake-placid-laura-stigger-victorieuse-loana-lecomte-encore-au-pied-du-podium\/#respond"]}],"copyrightYear":"2024","copyrightHolder":{"@id":"https:\/\/dicodusport.fr\/blog\/#organization"}},{"@type":"WebPage","@id":"https:\/\/dicodusport.fr\/blog\/vtt-xco-lake-placid-laura-stigger-victorieuse-loana-lecomte-encore-au-pied-du-podium\/","url":"https:\/\/dicodusport.fr\/blog\/vtt-xco-lake-placid-laura-stigger-victorieuse-loana-lecomte-encore-au-pied-du-podium\/","name":"VTT XCO Lake Placid : Laura Stigger victorieuse, Loana Lecomte 3\u00e8me","isPartOf":{"@id":"https:\/\/dicodusport.fr\/blog\/#website"},"primaryImageOfPage":{"@id":"https:\/\/dicodusport.fr\/blog\/vtt-xco-lake-placid-laura-stigger-victorieuse-loana-lecomte-encore-au-pied-du-podium\/#primaryimage"},"image":{"@id":"https:\/\/dicodusport.fr\/blog\/vtt-xco-lake-placid-laura-stigger-victorieuse-loana-lecomte-encore-au-pied-du-podium\/#primaryimage"},"thumbnailUrl":"https:\/\/dicodusport.fr\/blog\/wp-content\/uploads\/2024\/09\/VTT-XCO-Lake-Placid-Laura-Stigger-victorieuse-Loana-Lecomte-3eme.png","datePublished":"2024-09-29T17:00:30+00:00","dateModified":"2024-09-30T17:47:50+00:00","description":"COUPE DU MONDE DE VTT 2024 - Loana Lecomte termine 3\u00e8me d'une course remport\u00e9e au sprint par Laura Stigger.","breadcrumb":{"@id":"https:\/\/dicodusport.fr\/blog\/vtt-xco-lake-placid-laura-stigger-victorieuse-loana-lecomte-encore-au-pied-du-podium\/#breadcrumb"},"inLanguage":"fr-FR","potentialAction":[{"@type":"ReadAction","target":["https:\/\/dicodusport.fr\/blog\/vtt-xco-lake-placid-laura-stigger-victorieuse-loana-lecomte-encore-au-pied-du-podium\/"]}]},{"@type":"ImageObject","inLanguage":"fr-FR","@id":"https:\/\/dicodusport.fr\/blog\/vtt-xco-lake-placid-laura-stigger-victorieuse-loana-lecomte-encore-au-pied-du-podium\/#primaryimage","url":"https:\/\/dicodusport.fr\/blog\/wp-content\/uploads\/2024\/09\/VTT-XCO-Lake-Placid-Laura-Stigger-victorieuse-Loana-Lecomte-3eme.png","contentUrl":"https:\/\/dicodusport.fr\/blog\/wp-content\/uploads\/2024\/09\/VTT-XCO-Lake-Placid-Laura-Stigger-victorieuse-Loana-Lecomte-3eme.png","width":1200,"height":674,"caption":"VTT XCO Lake Placid Laura Stigger victorieuse, Loana Lecomte 3\u00e8me"},{"@type":"BreadcrumbList","@id":"https:\/\/dicodusport.fr\/blog\/vtt-xco-lake-placid-laura-stigger-victorieuse-loana-lecomte-encore-au-pied-du-podium\/#breadcrumb","itemListElement":[{"@type":"ListItem","position":1,"name":"Accueil","item":"https:\/\/dicodusport.fr\/blog\/"},{"@type":"ListItem","position":2,"name":"VTT XCO Lake Placid : Laura Stigger victorieuse, Loana Lecomte 3\u00e8me"}]},{"@type":"WebSite","@id":"https:\/\/dicodusport.fr\/blog\/#website","url":"https:\/\/dicodusport.fr\/blog\/","name":"Dicodusport","description":"L&#039;encyclop\u00e9die de l&#039;actualit\u00e9 sportive","publisher":{"@id":"https:\/\/dicodusport.fr\/blog\/#organization"},"potentialAction":[{"@type":"SearchAction","target":{"@type":"EntryPoint","urlTemplate":"https:\/\/dicodusport.fr\/blog\/?s={search_term_string}"},"query-input":{"@type":"PropertyValueSpecification","valueRequired":true,"valueName":"search_term_string"}}],"inLanguage":"fr-FR"},{"@type":"NewsMediaOrganization","@id":"https:\/\/dicodusport.fr\/blog\/#organization","name":"Dicodusport","url":"https:\/\/dicodusport.fr\/blog\/","logo":{"@type":"ImageObject","inLanguage":"fr-FR","@id":"https:\/\/dicodusport.fr\/blog\/#\/schema\/logo\/image\/","url":"https:\/\/dicodusport.fr\/blog\/wp-content\/uploads\/2020\/06\/cropped-LOGO-DICODUSPORT-2020-SANS-FOND-SANS-TEXTE.png","contentUrl":"https:\/\/dicodusport.fr\/blog\/wp-content\/uploads\/2020\/06\/cropped-LOGO-DICODUSPORT-2020-SANS-FOND-SANS-TEXTE.png","width":512,"height":512,"caption":"Dicodusport"},"image":{"@id":"https:\/\/dicodusport.fr\/blog\/#\/schema\/logo\/image\/"},"sameAs":["https:\/\/www.facebook.com\/dicodusport","https:\/\/x.com\/dicodusport","https:\/\/www.instagram.com\/dicodusport\/","https:\/\/www.youtube.com\/channel\/UC7V2KZ5sd3htJivAbA4ZG3w"],"description":"Dicodusport est l'encyclop\u00e9die de l'actualit\u00e9 sportive.","email":"bonjour@dicodusport.fr","legalName":"DICODUSPORT","foundingDate":"2018-01-14","vatID":"FR71834470973","taxID":"83447097300043","numberOfEmployees":{"@type":"QuantitativeValue","minValue":"1","maxValue":"10"}},{"@type":"Person","@id":"https:\/\/dicodusport.fr\/blog\/#\/schema\/person\/416c975648aca9da8839bdfe333a21c9","name":"Sophie Clapier","image":{"@type":"ImageObject","inLanguage":"fr-FR","@id":"https:\/\/dicodusport.fr\/blog\/#\/schema\/person\/image\/","url":"https:\/\/dicodusport.fr\/blog\/wp-content\/uploads\/2021\/05\/Sophie-Clapier-150x150.jpg","contentUrl":"https:\/\/dicodusport.fr\/blog\/wp-content\/uploads\/2021\/05\/Sophie-Clapier-150x150.jpg","caption":"Sophie Clapier"},"description":"Journaliste\/r\u00e9dactrice depuis janvier 2016 - Passionn\u00e9e de sport depuis toujours, j\u2019en ai pratiqu\u00e9 quelques-uns. Judo, football, handball ou encore tennis, je n\u2019ai jamais pu me mettre d\u2019accord sur un en particulier. Mais \u00e7a, c\u2019\u00e9tait avant de d\u00e9couvrir le basket, devenu mon sport de pr\u00e9dilection. Les actions NBA, le All-Star Week-end, la fureur des Game 7 pendant les playoffs ou mieux, lors des Finals, this is why we play. Team Spurs T.P, je m\u2019accroche encore \u00e0 Gregg Popovich (don\u2019t leave !). Team chef Curry, je souhaite qu\u2019il finisse aux Warriors (staaaay !). Non, il n\u2019y a pas qu\u2019eux, des petits nouveaux -et des petites nouvelles \u00e9videmment- arrivent chaque jour dans toutes les disciplines et cr\u00e9ent de nouveaux exploits. Alors pour les grands \u00e9v\u00e9nements et comp\u00e9titions internationales, vive les pulsations 240\/minutes et le d\u00e9fibrillateur pas loin, et allez les Bleu(e)s ! C\u2019est s\u00fbr, j\u2019aurai plus vu ma vie sur un terrain de sport, mais \u00e0 d\u00e9faut d\u2019en faire en haut niveau, je le partage avec vous.","sameAs":["https:\/\/www.facebook.com\/soocube","https:\/\/x.com\/https:\/\/twitter.com\/soocube","admin"],"url":"https:\/\/dicodusport.fr\/blog\/author\/sophie\/"}]}},"_links":{"self":[{"href":"https:\/\/dicodusport.fr\/blog\/wp-json\/wp\/v2\/posts\/523509","targetHints":{"allow":["GET"]}}],"collection":[{"href":"https:\/\/dicodusport.fr\/blog\/wp-json\/wp\/v2\/posts"}],"about":[{"href":"https:\/\/dicodusport.fr\/blog\/wp-json\/wp\/v2\/types\/post"}],"author":[{"embeddable":true,"href":"https:\/\/dicodusport.fr\/blog\/wp-json\/wp\/v2\/users\/18"}],"replies":[{"embeddable":true,"href":"https:\/\/dicodusport.fr\/blog\/wp-json\/wp\/v2\/comments?post=523509"}],"version-history":[{"count":6,"href":"https:\/\/dicodusport.fr\/blog\/wp-json\/wp\/v2\/posts\/523509\/revisions"}],"predecessor-version":[{"id":523759,"href":"https:\/\/dicodusport.fr\/blog\/wp-json\/wp\/v2\/posts\/523509\/revisions\/523759"}],"wp:featuredmedia":[{"embeddable":true,"href":"https:\/\/dicodusport.fr\/blog\/wp-json\/wp\/v2\/media\/523758"}],"wp:attachment":[{"href":"https:\/\/dicodusport.fr\/blog\/wp-json\/wp\/v2\/media?parent=523509"}],"wp:term":[{"taxonomy":"category","embeddable":true,"href":"https:\/\/dicodusport.fr\/blog\/wp-json\/wp\/v2\/categories?post=523509"},{"taxonomy":"post_tag","embeddable":true,"href":"https:\/\/dicodusport.fr\/blog\/wp-json\/wp\/v2\/tags?post=523509"}],"curies":[{"name":"wp","href":"https:\/\/api.w.org\/{rel}","templated":true}]}}