{"id":523813,"date":"2024-10-01T12:51:02","date_gmt":"2024-10-01T10:51:02","guid":{"rendered":"https:\/\/dicodusport.fr\/blog\/?p=523813&#038;preview=true&#038;preview_id=523813"},"modified":"2024-10-01T13:19:43","modified_gmt":"2024-10-01T11:19:43","slug":"vtt-loana-lecomte-va-changer-dequipe-en-2025","status":"publish","type":"post","link":"https:\/\/dicodusport.fr\/blog\/vtt-loana-lecomte-va-changer-dequipe-en-2025\/","title":{"rendered":"VTT : Loana Lecomte va changer d&rsquo;\u00e9quipe en 2025"},"content":{"rendered":"<h4 style=\"text-align: justify;\"><em>VTT &#8211; Apr\u00e8s trois saisons du c\u00f4t\u00e9 de Canyon CLLCTV XCO, Loana Lecomte va poursuivre sa carri\u00e8re au sein de la structure BMC \u00e0 partir de 2025.<\/em><\/h4>\n<ul>\n<li style=\"text-align: justify;\"><strong>\u00c0 ce sujet &#8211; <a href=\"https:\/\/dicodusport.fr\/blog\/coupe-du-monde-de-vtt-2024-classement-general-femmes\/\">Coupe du monde de VTT 2024 \u2013 Classement g\u00e9n\u00e9ral femmes<\/a><\/strong><\/li>\n<\/ul>\n<p style=\"text-align: justify;\">Le VTT f\u00e9minin fran\u00e7ais va drastiquement changer de visage l&rsquo;ann\u00e9e prochaine. La cheffe de file de la discipline, et championne olympique, <strong>Pauline Ferrand-Pr\u00e9vot<\/strong>, a ent\u00e9rin\u00e9 son retour sur route, et laisse donc le costume de num\u00e9ro un \u00e0 <strong>Loana Lecomte<\/strong>. Un costume que cette derni\u00e8re arborera avec un nouveau maillot.<\/p>\n<h2>BMC s&rsquo;attache les services de Loana Lecomte<\/h2>\n<p style=\"text-align: justify;\">En effet, selon les informations du <a href=\"https:\/\/www.ledauphine.com\/sport\/2024\/10\/01\/loana-lecomte-vers-bmc\"><em>Dauphin\u00e9<\/em><\/a>, la Fran\u00e7aise va s&rsquo;engager prochainement avec la formation <strong>BMC<\/strong>. Cela mettra ainsi un terme \u00e0 une collaboration de trois ans avec la formation <strong>Canyon<\/strong>, qu&rsquo;elle avait rejoint en 2021, en provenance du Team Massi. Avec sa nouvelle \u00e9quipe, Lecomte tentera de repartir \u00e0 la conqu\u00eate d&rsquo;une victoire au classement g\u00e9n\u00e9ral de la <strong>Coupe du monde<\/strong> de cross-country. Victoire qui lui \u00e9chappe depuis son titre en 2021. Au sein de la structure suisse, elle retrouvera un autre coureur fran\u00e7ais, puisque <strong>Jordan Sarrou<\/strong> y \u00e9volue depuis deux ans.<\/p>\n<p style=\"text-align: justify;\">Le week-end dernier, la Fran\u00e7aise a sign\u00e9 une belle <a href=\"https:\/\/dicodusport.fr\/blog\/vtt-xco-lake-placid-laura-stigger-victorieuse-loana-lecomte-encore-au-pied-du-podium\/\">3e place \u00e0 Lake Placid<\/a>, lors de la quatorzi\u00e8me manche d&rsquo;une Coupe du monde dont elle occupe au g\u00e9n\u00e9ral la 8e place.<\/p>\n<blockquote class=\"twitter-tweet\">\n<p dir=\"ltr\" lang=\"fr\">Mercato : Loana Lecomte devrait quitter Canyon pour BMC <a href=\"https:\/\/t.co\/Wsd033Rd5f\">https:\/\/t.co\/Wsd033Rd5f<\/a><\/p>\n<p>\u2014 Julien Trivero (@Julientrivero) <a href=\"https:\/\/twitter.com\/Julientrivero\/status\/1841058053744959902?ref_src=twsrc%5Etfw\">October 1, 2024<\/a><\/p><\/blockquote>\n<p><script async src=\"https:\/\/platform.twitter.com\/widgets.js\" charset=\"utf-8\"><\/script><\/p>\n","protected":false},"excerpt":{"rendered":"<p>VTT &#8211; Apr\u00e8s trois saisons du c\u00f4t\u00e9 de Canyon, Loana Lecomte va poursuivre sa carri\u00e8re au sein de la structure BMC \u00e0 partir de 2025.<\/p>\n","protected":false},"author":55,"featured_media":523816,"comment_status":"open","ping_status":"closed","sticky":false,"template":"","format":"standard","meta":{"_acf_changed":false,"_daextam_enable_autolinks":"1","footnotes":""},"categories":[10279],"tags":[32415,16878,10994,692],"class_list":["post-523813","post","type-post","status-publish","format-standard","has-post-thumbnail","hentry","category-vtt","tag-actu","tag-breve","tag-loana-lecomte","tag-vtt"],"acf":[],"yoast_head":"<!-- This site is optimized with the Yoast SEO Premium plugin v26.7 (Yoast SEO v26.7) - https:\/\/yoast.com\/wordpress\/plugins\/seo\/ -->\n<title>VTT : Loana Lecomte va changer d&#039;\u00e9quipe en 2025<\/title>\n<meta name=\"description\" content=\"VTT - Apr\u00e8s trois ans du c\u00f4t\u00e9 de Canyon, Loana Lecomte va changer d&#039;\u00e9quipe en 2025, et \u00e9voluera sous els couleurs de BMC.\" \/>\n<meta name=\"robots\" content=\"index, follow, max-snippet:-1, max-image-preview:large, max-video-preview:-1\" \/>\n<link rel=\"canonical\" href=\"https:\/\/dicodusport.fr\/blog\/vtt-loana-lecomte-va-changer-dequipe-en-2025\/\" \/>\n<meta property=\"og:locale\" content=\"fr_FR\" \/>\n<meta property=\"og:type\" content=\"article\" \/>\n<meta property=\"og:title\" content=\"VTT : Loana Lecomte va changer d&#039;\u00e9quipe en 2025\" \/>\n<meta property=\"og:description\" content=\"VTT - Apr\u00e8s trois ans du c\u00f4t\u00e9 de Canyon, Loana Lecomte va changer d&#039;\u00e9quipe en 2025, et \u00e9voluera sous els couleurs de BMC.\" \/>\n<meta property=\"og:url\" content=\"https:\/\/dicodusport.fr\/blog\/vtt-loana-lecomte-va-changer-dequipe-en-2025\/\" \/>\n<meta property=\"og:site_name\" content=\"Dicodusport\" \/>\n<meta property=\"article:publisher\" content=\"https:\/\/www.facebook.com\/dicodusport\" \/>\n<meta property=\"article:published_time\" content=\"2024-10-01T10:51:02+00:00\" \/>\n<meta property=\"article:modified_time\" content=\"2024-10-01T11:19:43+00:00\" \/>\n<meta property=\"og:image\" content=\"https:\/\/dicodusport.fr\/blog\/wp-content\/uploads\/2024\/10\/VTT-Loana-Lecomte-va-changer-dequipe-en-2025.png\" \/>\n\t<meta property=\"og:image:width\" content=\"1200\" \/>\n\t<meta property=\"og:image:height\" content=\"674\" \/>\n\t<meta property=\"og:image:type\" content=\"image\/png\" \/>\n<meta name=\"author\" content=\"Maxime Cazenave\" \/>\n<meta name=\"twitter:card\" content=\"summary_large_image\" \/>\n<meta name=\"twitter:title\" content=\"VTT : Loana Lecomte va changer d&#039;\u00e9quipe en 2025\" \/>\n<meta name=\"twitter:creator\" content=\"@https:\/\/twitter.com\/Maxime_Caze\" \/>\n<meta name=\"twitter:site\" content=\"@dicodusport\" \/>\n<script type=\"application\/ld+json\" class=\"yoast-schema-graph\">{\"@context\":\"https:\/\/schema.org\",\"@graph\":[{\"@type\":\"NewsArticle\",\"@id\":\"https:\/\/dicodusport.fr\/blog\/vtt-loana-lecomte-va-changer-dequipe-en-2025\/#article\",\"isPartOf\":{\"@id\":\"https:\/\/dicodusport.fr\/blog\/vtt-loana-lecomte-va-changer-dequipe-en-2025\/\"},\"author\":{\"name\":\"Maxime Cazenave\",\"@id\":\"https:\/\/dicodusport.fr\/blog\/#\/schema\/person\/37def232098a7a5cbab3974a3690abb0\"},\"headline\":\"VTT : Loana Lecomte va changer d&rsquo;\u00e9quipe en 2025\",\"datePublished\":\"2024-10-01T10:51:02+00:00\",\"dateModified\":\"2024-10-01T11:19:43+00:00\",\"mainEntityOfPage\":{\"@id\":\"https:\/\/dicodusport.fr\/blog\/vtt-loana-lecomte-va-changer-dequipe-en-2025\/\"},\"wordCount\":264,\"commentCount\":1,\"publisher\":{\"@id\":\"https:\/\/dicodusport.fr\/blog\/#organization\"},\"image\":{\"@id\":\"https:\/\/dicodusport.fr\/blog\/vtt-loana-lecomte-va-changer-dequipe-en-2025\/#primaryimage\"},\"thumbnailUrl\":\"https:\/\/dicodusport.fr\/blog\/wp-content\/uploads\/2024\/10\/VTT-Loana-Lecomte-va-changer-dequipe-en-2025.png\",\"keywords\":[\"actu\",\"br\u00e8ve\",\"Loana Lecomte\",\"VTT\"],\"articleSection\":[\"VTT\"],\"inLanguage\":\"fr-FR\",\"potentialAction\":[{\"@type\":\"CommentAction\",\"name\":\"Comment\",\"target\":[\"https:\/\/dicodusport.fr\/blog\/vtt-loana-lecomte-va-changer-dequipe-en-2025\/#respond\"]}],\"copyrightYear\":\"2024\",\"copyrightHolder\":{\"@id\":\"https:\/\/dicodusport.fr\/blog\/#organization\"}},{\"@type\":\"WebPage\",\"@id\":\"https:\/\/dicodusport.fr\/blog\/vtt-loana-lecomte-va-changer-dequipe-en-2025\/\",\"url\":\"https:\/\/dicodusport.fr\/blog\/vtt-loana-lecomte-va-changer-dequipe-en-2025\/\",\"name\":\"VTT : Loana Lecomte va changer d'\u00e9quipe en 2025\",\"isPartOf\":{\"@id\":\"https:\/\/dicodusport.fr\/blog\/#website\"},\"primaryImageOfPage\":{\"@id\":\"https:\/\/dicodusport.fr\/blog\/vtt-loana-lecomte-va-changer-dequipe-en-2025\/#primaryimage\"},\"image\":{\"@id\":\"https:\/\/dicodusport.fr\/blog\/vtt-loana-lecomte-va-changer-dequipe-en-2025\/#primaryimage\"},\"thumbnailUrl\":\"https:\/\/dicodusport.fr\/blog\/wp-content\/uploads\/2024\/10\/VTT-Loana-Lecomte-va-changer-dequipe-en-2025.png\",\"datePublished\":\"2024-10-01T10:51:02+00:00\",\"dateModified\":\"2024-10-01T11:19:43+00:00\",\"description\":\"VTT - Apr\u00e8s trois ans du c\u00f4t\u00e9 de Canyon, Loana Lecomte va changer d'\u00e9quipe en 2025, et \u00e9voluera sous els couleurs de BMC.\",\"breadcrumb\":{\"@id\":\"https:\/\/dicodusport.fr\/blog\/vtt-loana-lecomte-va-changer-dequipe-en-2025\/#breadcrumb\"},\"inLanguage\":\"fr-FR\",\"potentialAction\":[{\"@type\":\"ReadAction\",\"target\":[\"https:\/\/dicodusport.fr\/blog\/vtt-loana-lecomte-va-changer-dequipe-en-2025\/\"]}]},{\"@type\":\"ImageObject\",\"inLanguage\":\"fr-FR\",\"@id\":\"https:\/\/dicodusport.fr\/blog\/vtt-loana-lecomte-va-changer-dequipe-en-2025\/#primaryimage\",\"url\":\"https:\/\/dicodusport.fr\/blog\/wp-content\/uploads\/2024\/10\/VTT-Loana-Lecomte-va-changer-dequipe-en-2025.png\",\"contentUrl\":\"https:\/\/dicodusport.fr\/blog\/wp-content\/uploads\/2024\/10\/VTT-Loana-Lecomte-va-changer-dequipe-en-2025.png\",\"width\":1200,\"height\":674,\"caption\":\"VTT : Loana Lecomte va changer d'\u00e9quipe en 2025\"},{\"@type\":\"BreadcrumbList\",\"@id\":\"https:\/\/dicodusport.fr\/blog\/vtt-loana-lecomte-va-changer-dequipe-en-2025\/#breadcrumb\",\"itemListElement\":[{\"@type\":\"ListItem\",\"position\":1,\"name\":\"Accueil\",\"item\":\"https:\/\/dicodusport.fr\/blog\/\"},{\"@type\":\"ListItem\",\"position\":2,\"name\":\"VTT : Loana Lecomte va changer d&#8217;\u00e9quipe en 2025\"}]},{\"@type\":\"WebSite\",\"@id\":\"https:\/\/dicodusport.fr\/blog\/#website\",\"url\":\"https:\/\/dicodusport.fr\/blog\/\",\"name\":\"Dicodusport\",\"description\":\"L&#039;encyclop\u00e9die de l&#039;actualit\u00e9 sportive\",\"publisher\":{\"@id\":\"https:\/\/dicodusport.fr\/blog\/#organization\"},\"potentialAction\":[{\"@type\":\"SearchAction\",\"target\":{\"@type\":\"EntryPoint\",\"urlTemplate\":\"https:\/\/dicodusport.fr\/blog\/?s={search_term_string}\"},\"query-input\":{\"@type\":\"PropertyValueSpecification\",\"valueRequired\":true,\"valueName\":\"search_term_string\"}}],\"inLanguage\":\"fr-FR\"},{\"@type\":\"NewsMediaOrganization\",\"@id\":\"https:\/\/dicodusport.fr\/blog\/#organization\",\"name\":\"Dicodusport\",\"url\":\"https:\/\/dicodusport.fr\/blog\/\",\"logo\":{\"@type\":\"ImageObject\",\"inLanguage\":\"fr-FR\",\"@id\":\"https:\/\/dicodusport.fr\/blog\/#\/schema\/logo\/image\/\",\"url\":\"https:\/\/dicodusport.fr\/blog\/wp-content\/uploads\/2020\/06\/cropped-LOGO-DICODUSPORT-2020-SANS-FOND-SANS-TEXTE.png\",\"contentUrl\":\"https:\/\/dicodusport.fr\/blog\/wp-content\/uploads\/2020\/06\/cropped-LOGO-DICODUSPORT-2020-SANS-FOND-SANS-TEXTE.png\",\"width\":512,\"height\":512,\"caption\":\"Dicodusport\"},\"image\":{\"@id\":\"https:\/\/dicodusport.fr\/blog\/#\/schema\/logo\/image\/\"},\"sameAs\":[\"https:\/\/www.facebook.com\/dicodusport\",\"https:\/\/x.com\/dicodusport\",\"https:\/\/www.instagram.com\/dicodusport\/\",\"https:\/\/www.youtube.com\/channel\/UC7V2KZ5sd3htJivAbA4ZG3w\"],\"description\":\"Dicodusport est l'encyclop\u00e9die de l'actualit\u00e9 sportive.\",\"email\":\"bonjour@dicodusport.fr\",\"legalName\":\"DICODUSPORT\",\"foundingDate\":\"2018-01-14\",\"vatID\":\"FR71834470973\",\"taxID\":\"83447097300043\",\"numberOfEmployees\":{\"@type\":\"QuantitativeValue\",\"minValue\":\"1\",\"maxValue\":\"10\"}},{\"@type\":\"Person\",\"@id\":\"https:\/\/dicodusport.fr\/blog\/#\/schema\/person\/37def232098a7a5cbab3974a3690abb0\",\"name\":\"Maxime Cazenave\",\"image\":{\"@type\":\"ImageObject\",\"inLanguage\":\"fr-FR\",\"@id\":\"https:\/\/dicodusport.fr\/blog\/#\/schema\/person\/image\/\",\"url\":\"https:\/\/dicodusport.fr\/blog\/wp-content\/uploads\/2021\/05\/Maxime-Cazenave-150x150.jpg\",\"contentUrl\":\"https:\/\/dicodusport.fr\/blog\/wp-content\/uploads\/2021\/05\/Maxime-Cazenave-150x150.jpg\",\"caption\":\"Maxime Cazenave\"},\"description\":\"Journaliste\/R\u00e9dacteur depuis 2012 - Berc\u00e9 par l\u2019amour des Girondins de Bordeaux, les \u00e9checs de Christophe Moreau sur le Tour de France sous l'\u00e8re Lance Armstrong et le fade-away l\u00e9tal de Dirk Nowitzki, ma passion d\u00e9vorante pour le sport a toujours \u00e9t\u00e9 un pan incontournable de ma vie. Transmettre ma passion \u00e0 l\u2019\u00e9crit a \u00e9t\u00e9 une transition naturelle. Suiveur assidu de basket et de hockey sur glace, je garde toujours un peu de place pour suivre le cyclisme, le football et le maximum de performances fran\u00e7aises.\",\"sameAs\":[\"https:\/\/x.com\/https:\/\/twitter.com\/Maxime_Caze\"],\"url\":\"https:\/\/dicodusport.fr\/blog\/author\/maximec\/\"}]}<\/script>\n<!-- \/ Yoast SEO Premium plugin. -->","yoast_head_json":{"title":"VTT : Loana Lecomte va changer d'\u00e9quipe en 2025","description":"VTT - Apr\u00e8s trois ans du c\u00f4t\u00e9 de Canyon, Loana Lecomte va changer d'\u00e9quipe en 2025, et \u00e9voluera sous els couleurs de BMC.","robots":{"index":"index","follow":"follow","max-snippet":"max-snippet:-1","max-image-preview":"max-image-preview:large","max-video-preview":"max-video-preview:-1"},"canonical":"https:\/\/dicodusport.fr\/blog\/vtt-loana-lecomte-va-changer-dequipe-en-2025\/","og_locale":"fr_FR","og_type":"article","og_title":"VTT : Loana Lecomte va changer d'\u00e9quipe en 2025","og_description":"VTT - Apr\u00e8s trois ans du c\u00f4t\u00e9 de Canyon, Loana Lecomte va changer d'\u00e9quipe en 2025, et \u00e9voluera sous els couleurs de BMC.","og_url":"https:\/\/dicodusport.fr\/blog\/vtt-loana-lecomte-va-changer-dequipe-en-2025\/","og_site_name":"Dicodusport","article_publisher":"https:\/\/www.facebook.com\/dicodusport","article_published_time":"2024-10-01T10:51:02+00:00","article_modified_time":"2024-10-01T11:19:43+00:00","og_image":[{"width":1200,"height":674,"url":"https:\/\/dicodusport.fr\/blog\/wp-content\/uploads\/2024\/10\/VTT-Loana-Lecomte-va-changer-dequipe-en-2025.png","type":"image\/png"}],"author":"Maxime Cazenave","twitter_card":"summary_large_image","twitter_title":"VTT : Loana Lecomte va changer d'\u00e9quipe en 2025","twitter_creator":"@https:\/\/twitter.com\/Maxime_Caze","twitter_site":"@dicodusport","schema":{"@context":"https:\/\/schema.org","@graph":[{"@type":"NewsArticle","@id":"https:\/\/dicodusport.fr\/blog\/vtt-loana-lecomte-va-changer-dequipe-en-2025\/#article","isPartOf":{"@id":"https:\/\/dicodusport.fr\/blog\/vtt-loana-lecomte-va-changer-dequipe-en-2025\/"},"author":{"name":"Maxime Cazenave","@id":"https:\/\/dicodusport.fr\/blog\/#\/schema\/person\/37def232098a7a5cbab3974a3690abb0"},"headline":"VTT : Loana Lecomte va changer d&rsquo;\u00e9quipe en 2025","datePublished":"2024-10-01T10:51:02+00:00","dateModified":"2024-10-01T11:19:43+00:00","mainEntityOfPage":{"@id":"https:\/\/dicodusport.fr\/blog\/vtt-loana-lecomte-va-changer-dequipe-en-2025\/"},"wordCount":264,"commentCount":1,"publisher":{"@id":"https:\/\/dicodusport.fr\/blog\/#organization"},"image":{"@id":"https:\/\/dicodusport.fr\/blog\/vtt-loana-lecomte-va-changer-dequipe-en-2025\/#primaryimage"},"thumbnailUrl":"https:\/\/dicodusport.fr\/blog\/wp-content\/uploads\/2024\/10\/VTT-Loana-Lecomte-va-changer-dequipe-en-2025.png","keywords":["actu","br\u00e8ve","Loana Lecomte","VTT"],"articleSection":["VTT"],"inLanguage":"fr-FR","potentialAction":[{"@type":"CommentAction","name":"Comment","target":["https:\/\/dicodusport.fr\/blog\/vtt-loana-lecomte-va-changer-dequipe-en-2025\/#respond"]}],"copyrightYear":"2024","copyrightHolder":{"@id":"https:\/\/dicodusport.fr\/blog\/#organization"}},{"@type":"WebPage","@id":"https:\/\/dicodusport.fr\/blog\/vtt-loana-lecomte-va-changer-dequipe-en-2025\/","url":"https:\/\/dicodusport.fr\/blog\/vtt-loana-lecomte-va-changer-dequipe-en-2025\/","name":"VTT : Loana Lecomte va changer d'\u00e9quipe en 2025","isPartOf":{"@id":"https:\/\/dicodusport.fr\/blog\/#website"},"primaryImageOfPage":{"@id":"https:\/\/dicodusport.fr\/blog\/vtt-loana-lecomte-va-changer-dequipe-en-2025\/#primaryimage"},"image":{"@id":"https:\/\/dicodusport.fr\/blog\/vtt-loana-lecomte-va-changer-dequipe-en-2025\/#primaryimage"},"thumbnailUrl":"https:\/\/dicodusport.fr\/blog\/wp-content\/uploads\/2024\/10\/VTT-Loana-Lecomte-va-changer-dequipe-en-2025.png","datePublished":"2024-10-01T10:51:02+00:00","dateModified":"2024-10-01T11:19:43+00:00","description":"VTT - Apr\u00e8s trois ans du c\u00f4t\u00e9 de Canyon, Loana Lecomte va changer d'\u00e9quipe en 2025, et \u00e9voluera sous els couleurs de BMC.","breadcrumb":{"@id":"https:\/\/dicodusport.fr\/blog\/vtt-loana-lecomte-va-changer-dequipe-en-2025\/#breadcrumb"},"inLanguage":"fr-FR","potentialAction":[{"@type":"ReadAction","target":["https:\/\/dicodusport.fr\/blog\/vtt-loana-lecomte-va-changer-dequipe-en-2025\/"]}]},{"@type":"ImageObject","inLanguage":"fr-FR","@id":"https:\/\/dicodusport.fr\/blog\/vtt-loana-lecomte-va-changer-dequipe-en-2025\/#primaryimage","url":"https:\/\/dicodusport.fr\/blog\/wp-content\/uploads\/2024\/10\/VTT-Loana-Lecomte-va-changer-dequipe-en-2025.png","contentUrl":"https:\/\/dicodusport.fr\/blog\/wp-content\/uploads\/2024\/10\/VTT-Loana-Lecomte-va-changer-dequipe-en-2025.png","width":1200,"height":674,"caption":"VTT : Loana Lecomte va changer d'\u00e9quipe en 2025"},{"@type":"BreadcrumbList","@id":"https:\/\/dicodusport.fr\/blog\/vtt-loana-lecomte-va-changer-dequipe-en-2025\/#breadcrumb","itemListElement":[{"@type":"ListItem","position":1,"name":"Accueil","item":"https:\/\/dicodusport.fr\/blog\/"},{"@type":"ListItem","position":2,"name":"VTT : Loana Lecomte va changer d&#8217;\u00e9quipe en 2025"}]},{"@type":"WebSite","@id":"https:\/\/dicodusport.fr\/blog\/#website","url":"https:\/\/dicodusport.fr\/blog\/","name":"Dicodusport","description":"L&#039;encyclop\u00e9die de l&#039;actualit\u00e9 sportive","publisher":{"@id":"https:\/\/dicodusport.fr\/blog\/#organization"},"potentialAction":[{"@type":"SearchAction","target":{"@type":"EntryPoint","urlTemplate":"https:\/\/dicodusport.fr\/blog\/?s={search_term_string}"},"query-input":{"@type":"PropertyValueSpecification","valueRequired":true,"valueName":"search_term_string"}}],"inLanguage":"fr-FR"},{"@type":"NewsMediaOrganization","@id":"https:\/\/dicodusport.fr\/blog\/#organization","name":"Dicodusport","url":"https:\/\/dicodusport.fr\/blog\/","logo":{"@type":"ImageObject","inLanguage":"fr-FR","@id":"https:\/\/dicodusport.fr\/blog\/#\/schema\/logo\/image\/","url":"https:\/\/dicodusport.fr\/blog\/wp-content\/uploads\/2020\/06\/cropped-LOGO-DICODUSPORT-2020-SANS-FOND-SANS-TEXTE.png","contentUrl":"https:\/\/dicodusport.fr\/blog\/wp-content\/uploads\/2020\/06\/cropped-LOGO-DICODUSPORT-2020-SANS-FOND-SANS-TEXTE.png","width":512,"height":512,"caption":"Dicodusport"},"image":{"@id":"https:\/\/dicodusport.fr\/blog\/#\/schema\/logo\/image\/"},"sameAs":["https:\/\/www.facebook.com\/dicodusport","https:\/\/x.com\/dicodusport","https:\/\/www.instagram.com\/dicodusport\/","https:\/\/www.youtube.com\/channel\/UC7V2KZ5sd3htJivAbA4ZG3w"],"description":"Dicodusport est l'encyclop\u00e9die de l'actualit\u00e9 sportive.","email":"bonjour@dicodusport.fr","legalName":"DICODUSPORT","foundingDate":"2018-01-14","vatID":"FR71834470973","taxID":"83447097300043","numberOfEmployees":{"@type":"QuantitativeValue","minValue":"1","maxValue":"10"}},{"@type":"Person","@id":"https:\/\/dicodusport.fr\/blog\/#\/schema\/person\/37def232098a7a5cbab3974a3690abb0","name":"Maxime Cazenave","image":{"@type":"ImageObject","inLanguage":"fr-FR","@id":"https:\/\/dicodusport.fr\/blog\/#\/schema\/person\/image\/","url":"https:\/\/dicodusport.fr\/blog\/wp-content\/uploads\/2021\/05\/Maxime-Cazenave-150x150.jpg","contentUrl":"https:\/\/dicodusport.fr\/blog\/wp-content\/uploads\/2021\/05\/Maxime-Cazenave-150x150.jpg","caption":"Maxime Cazenave"},"description":"Journaliste\/R\u00e9dacteur depuis 2012 - Berc\u00e9 par l\u2019amour des Girondins de Bordeaux, les \u00e9checs de Christophe Moreau sur le Tour de France sous l'\u00e8re Lance Armstrong et le fade-away l\u00e9tal de Dirk Nowitzki, ma passion d\u00e9vorante pour le sport a toujours \u00e9t\u00e9 un pan incontournable de ma vie. Transmettre ma passion \u00e0 l\u2019\u00e9crit a \u00e9t\u00e9 une transition naturelle. Suiveur assidu de basket et de hockey sur glace, je garde toujours un peu de place pour suivre le cyclisme, le football et le maximum de performances fran\u00e7aises.","sameAs":["https:\/\/x.com\/https:\/\/twitter.com\/Maxime_Caze"],"url":"https:\/\/dicodusport.fr\/blog\/author\/maximec\/"}]}},"_links":{"self":[{"href":"https:\/\/dicodusport.fr\/blog\/wp-json\/wp\/v2\/posts\/523813","targetHints":{"allow":["GET"]}}],"collection":[{"href":"https:\/\/dicodusport.fr\/blog\/wp-json\/wp\/v2\/posts"}],"about":[{"href":"https:\/\/dicodusport.fr\/blog\/wp-json\/wp\/v2\/types\/post"}],"author":[{"embeddable":true,"href":"https:\/\/dicodusport.fr\/blog\/wp-json\/wp\/v2\/users\/55"}],"replies":[{"embeddable":true,"href":"https:\/\/dicodusport.fr\/blog\/wp-json\/wp\/v2\/comments?post=523813"}],"version-history":[{"count":4,"href":"https:\/\/dicodusport.fr\/blog\/wp-json\/wp\/v2\/posts\/523813\/revisions"}],"predecessor-version":[{"id":523830,"href":"https:\/\/dicodusport.fr\/blog\/wp-json\/wp\/v2\/posts\/523813\/revisions\/523830"}],"wp:featuredmedia":[{"embeddable":true,"href":"https:\/\/dicodusport.fr\/blog\/wp-json\/wp\/v2\/media\/523816"}],"wp:attachment":[{"href":"https:\/\/dicodusport.fr\/blog\/wp-json\/wp\/v2\/media?parent=523813"}],"wp:term":[{"taxonomy":"category","embeddable":true,"href":"https:\/\/dicodusport.fr\/blog\/wp-json\/wp\/v2\/categories?post=523813"},{"taxonomy":"post_tag","embeddable":true,"href":"https:\/\/dicodusport.fr\/blog\/wp-json\/wp\/v2\/tags?post=523813"}],"curies":[{"name":"wp","href":"https:\/\/api.w.org\/{rel}","templated":true}]}}