{"id":524238,"date":"2024-10-03T17:40:32","date_gmt":"2024-10-03T15:40:32","guid":{"rendered":"https:\/\/dicodusport.fr\/blog\/?p=524238&#038;preview=true&#038;preview_id=524238"},"modified":"2024-10-03T17:40:32","modified_gmt":"2024-10-03T15:40:32","slug":"coupe-du-monde-descalade-zelia-avezou-sur-le-podium-en-bloc-a-seoul","status":"publish","type":"post","link":"https:\/\/dicodusport.fr\/blog\/coupe-du-monde-descalade-zelia-avezou-sur-le-podium-en-bloc-a-seoul\/","title":{"rendered":"Coupe du monde d&rsquo;escalade : Z\u00e9lia Avezou sur le podium en bloc \u00e0 S\u00e9oul"},"content":{"rendered":"<p style=\"text-align: justify;\"><strong><em>COUPE DU MONDE D&rsquo;ESCALADE 2024 &#8211; La derni\u00e8re manche de la saison commence bien pour la d\u00e9l\u00e9gation fran\u00e7aise, avec la deuxi\u00e8me place de Z\u00e9lia Avezou en bloc, son premier podium.\u00a0<\/em><\/strong><\/p>\n<p style=\"text-align: justify;\"><strong>Z\u00e9lia Avezou<\/strong> avait soulev\u00e9 beaucoup d&rsquo;espoirs lors de l&rsquo;\u00e9dition 2023 des Jeux Europ\u00e9ens, raflant <a href=\"https:\/\/dicodusport.fr\/blog\/jeux-europeens-2023-camille-pouget-et-zelia-avezou-soffrent-un-double-en-escalade-difficulte\/\">l&rsquo;argent en difficult\u00e9<\/a> mais surtout <a href=\"https:\/\/dicodusport.fr\/blog\/jeux-europeens-2023-zelia-avezou-survole-la-finale-de-bloc-et-decroche-lor\/\">le titre en bloc.<\/a> Malheureusement, elle n&rsquo;avait jusqu&rsquo;ici pas enti\u00e8rement confirm\u00e9, ne parvenant pas \u00e0 se hisser en finale des Jeux Olympiques. D\u00e9j\u00e0 4e en Coupe du monde, elle attendait un premier podium, et c&rsquo;est arriv\u00e9 lors de la derni\u00e8re manche de la saison, \u00e0 S\u00e9oul.<\/p>\n<p style=\"text-align: justify;\">Une \u00e9preuve de premi\u00e8res, puisque <strong>Anastasia Sanders<\/strong>, ancienne championne du monde chez les jeunes &#8211; comme la Fran\u00e7aise &#8211; a rafl\u00e9 son premier succ\u00e8s en Coupe du monde \u00e0 cette occasion. <strong>Z\u00e9lia Avezou<\/strong> a \u00e9chou\u00e9 de peu &#8211; les deux grimpeuses ayant r\u00e9alis\u00e9 trois tops chacune &#8211; mais a \u00e9t\u00e9 assez solide pour aller chercher la deuxi\u00e8me place. Le tout en devan\u00e7ant des pointures comme la triple tenante de la Coupe du monde de bloc <strong>Natalia Grossman<\/strong> ou l&rsquo;ancienne vice-championne olympique <strong>Miho Nohaka<\/strong>. Une performance porteuse d&rsquo;espoirs pour la suite de la carri\u00e8re de <strong>Z\u00e9lia Avezou<\/strong>. L&rsquo;autre Fran\u00e7aise, <strong>Agathe Caillet<\/strong>, a pris la 6e place.<\/p>\n<blockquote class=\"twitter-tweet\">\n<p dir=\"ltr\" lang=\"en\">ANNIE SANDERS POCKETS HER FIRST CAREER WORLD CUP GOLD IN SEOUL!! Z\u00c9LIA AVEZOU AND ERIN MCNEICE ALSO PODIUMS FOR THEIR FIRST TIME AT A WORLD CUP EVENT!!<\/p>\n<p>\ud83e\udd47 Annie Sanders \ud83c\uddfa\ud83c\uddf8<br \/>\n\ud83e\udd48 Z\u00e9lia Avezou \ud83c\uddeb\ud83c\uddf7<br \/>\n\ud83e\udd49 Erin McNeice \ud83c\uddec\ud83c\udde7<a href=\"https:\/\/twitter.com\/hashtag\/WorldClimbing?src=hash&amp;ref_src=twsrc%5Etfw\">#WorldClimbing<\/a> <a href=\"https:\/\/twitter.com\/hashtag\/SeoulWC?src=hash&amp;ref_src=twsrc%5Etfw\">#SeoulWC<\/a> <a href=\"https:\/\/t.co\/Ny2ouiq62x\">pic.twitter.com\/Ny2ouiq62x<\/a><\/p>\n<p>\u2014 International Federation of Sport Climbing (@ifsclimbing) <a href=\"https:\/\/twitter.com\/ifsclimbing\/status\/1841858257188749822?ref_src=twsrc%5Etfw\">October 3, 2024<\/a><\/p><\/blockquote>\n<p style=\"text-align: justify;\"><script async src=\"https:\/\/platform.twitter.com\/widgets.js\" charset=\"utf-8\"><\/script><\/p>\n","protected":false},"excerpt":{"rendered":"<p>COUPE DU MONDE D&rsquo;ESCALADE 2024 &#8211; La derni\u00e8re manche de la saison commence bien pour la d\u00e9l\u00e9gation fran\u00e7aise, avec la deuxi\u00e8me place de Z\u00e9lia Avezou en bloc, son premier podium.\u00a0<\/p>\n","protected":false},"author":59,"featured_media":524288,"comment_status":"open","ping_status":"closed","sticky":false,"template":"","format":"standard","meta":{"_acf_changed":false,"_daextam_enable_autolinks":"1","footnotes":""},"categories":[10930],"tags":[16878,32324],"class_list":["post-524238","post","type-post","status-publish","format-standard","has-post-thumbnail","hentry","category-escalade","tag-breve","tag-zelia-avezou"],"acf":[],"yoast_head":"<!-- This site is optimized with the Yoast SEO Premium plugin v26.7 (Yoast SEO v26.7) - https:\/\/yoast.com\/wordpress\/plugins\/seo\/ -->\n<title>Coupe du monde d&#039;escalade : Z\u00e9lia Avezou sur le podium en bloc \u00e0 S\u00e9oul<\/title>\n<meta name=\"description\" content=\"COUPE DU MONDE D&#039;ESCALADE 2024 - La derni\u00e8re manche de la saison commence la deuxi\u00e8me place de Z\u00e9lia Avezou en bloc, son premier podium.\u00a0\" \/>\n<meta name=\"robots\" content=\"index, follow, max-snippet:-1, max-image-preview:large, max-video-preview:-1\" \/>\n<link rel=\"canonical\" href=\"https:\/\/dicodusport.fr\/blog\/coupe-du-monde-descalade-zelia-avezou-sur-le-podium-en-bloc-a-seoul\/\" \/>\n<meta property=\"og:locale\" content=\"fr_FR\" \/>\n<meta property=\"og:type\" content=\"article\" \/>\n<meta property=\"og:title\" content=\"Coupe du monde d&#039;escalade : Z\u00e9lia Avezou sur le podium en bloc \u00e0 S\u00e9oul\" \/>\n<meta property=\"og:description\" content=\"COUPE DU MONDE D&#039;ESCALADE 2024 - La derni\u00e8re manche de la saison commence la deuxi\u00e8me place de Z\u00e9lia Avezou en bloc, son premier podium.\u00a0\" \/>\n<meta property=\"og:url\" content=\"https:\/\/dicodusport.fr\/blog\/coupe-du-monde-descalade-zelia-avezou-sur-le-podium-en-bloc-a-seoul\/\" \/>\n<meta property=\"og:site_name\" content=\"Dicodusport\" \/>\n<meta property=\"article:publisher\" content=\"https:\/\/www.facebook.com\/dicodusport\" \/>\n<meta property=\"article:author\" content=\"https:\/\/www.facebook.com\/sebastien.gente\/\" \/>\n<meta property=\"article:published_time\" content=\"2024-10-03T15:40:32+00:00\" \/>\n<meta property=\"og:image\" content=\"https:\/\/dicodusport.fr\/blog\/wp-content\/uploads\/2024\/10\/Coupe-du-monde-descalade-Zelia-Avezou-sur-le-podium-en-bloc-a-Seoul.png\" \/>\n\t<meta property=\"og:image:width\" content=\"1200\" \/>\n\t<meta property=\"og:image:height\" content=\"674\" \/>\n\t<meta property=\"og:image:type\" content=\"image\/png\" \/>\n<meta name=\"author\" content=\"S\u00e9bastien Gente\" \/>\n<meta name=\"twitter:card\" content=\"summary_large_image\" \/>\n<meta name=\"twitter:title\" content=\"Coupe du monde d&#039;escalade : Z\u00e9lia Avezou sur le podium en bloc \u00e0 S\u00e9oul\" \/>\n<meta name=\"twitter:creator\" content=\"@https:\/\/twitter.com\/globulo24\" \/>\n<meta name=\"twitter:site\" content=\"@dicodusport\" \/>\n<script type=\"application\/ld+json\" class=\"yoast-schema-graph\">{\"@context\":\"https:\/\/schema.org\",\"@graph\":[{\"@type\":\"NewsArticle\",\"@id\":\"https:\/\/dicodusport.fr\/blog\/coupe-du-monde-descalade-zelia-avezou-sur-le-podium-en-bloc-a-seoul\/#article\",\"isPartOf\":{\"@id\":\"https:\/\/dicodusport.fr\/blog\/coupe-du-monde-descalade-zelia-avezou-sur-le-podium-en-bloc-a-seoul\/\"},\"author\":{\"name\":\"S\u00e9bastien Gente\",\"@id\":\"https:\/\/dicodusport.fr\/blog\/#\/schema\/person\/627966a6cde45dbd8c5e36ac85d783da\"},\"headline\":\"Coupe du monde d&rsquo;escalade : Z\u00e9lia Avezou sur le podium en bloc \u00e0 S\u00e9oul\",\"datePublished\":\"2024-10-03T15:40:32+00:00\",\"mainEntityOfPage\":{\"@id\":\"https:\/\/dicodusport.fr\/blog\/coupe-du-monde-descalade-zelia-avezou-sur-le-podium-en-bloc-a-seoul\/\"},\"wordCount\":292,\"commentCount\":0,\"publisher\":{\"@id\":\"https:\/\/dicodusport.fr\/blog\/#organization\"},\"image\":{\"@id\":\"https:\/\/dicodusport.fr\/blog\/coupe-du-monde-descalade-zelia-avezou-sur-le-podium-en-bloc-a-seoul\/#primaryimage\"},\"thumbnailUrl\":\"https:\/\/dicodusport.fr\/blog\/wp-content\/uploads\/2024\/10\/Coupe-du-monde-descalade-Zelia-Avezou-sur-le-podium-en-bloc-a-Seoul.png\",\"keywords\":[\"br\u00e8ve\",\"Z\u00e9lia Avezou\"],\"articleSection\":[\"Escalade\"],\"inLanguage\":\"fr-FR\",\"potentialAction\":[{\"@type\":\"CommentAction\",\"name\":\"Comment\",\"target\":[\"https:\/\/dicodusport.fr\/blog\/coupe-du-monde-descalade-zelia-avezou-sur-le-podium-en-bloc-a-seoul\/#respond\"]}],\"copyrightYear\":\"2024\",\"copyrightHolder\":{\"@id\":\"https:\/\/dicodusport.fr\/blog\/#organization\"}},{\"@type\":\"WebPage\",\"@id\":\"https:\/\/dicodusport.fr\/blog\/coupe-du-monde-descalade-zelia-avezou-sur-le-podium-en-bloc-a-seoul\/\",\"url\":\"https:\/\/dicodusport.fr\/blog\/coupe-du-monde-descalade-zelia-avezou-sur-le-podium-en-bloc-a-seoul\/\",\"name\":\"Coupe du monde d'escalade : Z\u00e9lia Avezou sur le podium en bloc \u00e0 S\u00e9oul\",\"isPartOf\":{\"@id\":\"https:\/\/dicodusport.fr\/blog\/#website\"},\"primaryImageOfPage\":{\"@id\":\"https:\/\/dicodusport.fr\/blog\/coupe-du-monde-descalade-zelia-avezou-sur-le-podium-en-bloc-a-seoul\/#primaryimage\"},\"image\":{\"@id\":\"https:\/\/dicodusport.fr\/blog\/coupe-du-monde-descalade-zelia-avezou-sur-le-podium-en-bloc-a-seoul\/#primaryimage\"},\"thumbnailUrl\":\"https:\/\/dicodusport.fr\/blog\/wp-content\/uploads\/2024\/10\/Coupe-du-monde-descalade-Zelia-Avezou-sur-le-podium-en-bloc-a-Seoul.png\",\"datePublished\":\"2024-10-03T15:40:32+00:00\",\"description\":\"COUPE DU MONDE D'ESCALADE 2024 - La derni\u00e8re manche de la saison commence la deuxi\u00e8me place de Z\u00e9lia Avezou en bloc, son premier podium.\u00a0\",\"breadcrumb\":{\"@id\":\"https:\/\/dicodusport.fr\/blog\/coupe-du-monde-descalade-zelia-avezou-sur-le-podium-en-bloc-a-seoul\/#breadcrumb\"},\"inLanguage\":\"fr-FR\",\"potentialAction\":[{\"@type\":\"ReadAction\",\"target\":[\"https:\/\/dicodusport.fr\/blog\/coupe-du-monde-descalade-zelia-avezou-sur-le-podium-en-bloc-a-seoul\/\"]}]},{\"@type\":\"ImageObject\",\"inLanguage\":\"fr-FR\",\"@id\":\"https:\/\/dicodusport.fr\/blog\/coupe-du-monde-descalade-zelia-avezou-sur-le-podium-en-bloc-a-seoul\/#primaryimage\",\"url\":\"https:\/\/dicodusport.fr\/blog\/wp-content\/uploads\/2024\/10\/Coupe-du-monde-descalade-Zelia-Avezou-sur-le-podium-en-bloc-a-Seoul.png\",\"contentUrl\":\"https:\/\/dicodusport.fr\/blog\/wp-content\/uploads\/2024\/10\/Coupe-du-monde-descalade-Zelia-Avezou-sur-le-podium-en-bloc-a-Seoul.png\",\"width\":1200,\"height\":674,\"caption\":\"Coupe du monde d'escalade Z\u00e9lia Avezou sur le podium en bloc \u00e0 S\u00e9oul\"},{\"@type\":\"BreadcrumbList\",\"@id\":\"https:\/\/dicodusport.fr\/blog\/coupe-du-monde-descalade-zelia-avezou-sur-le-podium-en-bloc-a-seoul\/#breadcrumb\",\"itemListElement\":[{\"@type\":\"ListItem\",\"position\":1,\"name\":\"Accueil\",\"item\":\"https:\/\/dicodusport.fr\/blog\/\"},{\"@type\":\"ListItem\",\"position\":2,\"name\":\"Coupe du monde d&#8217;escalade : Z\u00e9lia Avezou sur le podium en bloc \u00e0 S\u00e9oul\"}]},{\"@type\":\"WebSite\",\"@id\":\"https:\/\/dicodusport.fr\/blog\/#website\",\"url\":\"https:\/\/dicodusport.fr\/blog\/\",\"name\":\"Dicodusport\",\"description\":\"L&#039;encyclop\u00e9die de l&#039;actualit\u00e9 sportive\",\"publisher\":{\"@id\":\"https:\/\/dicodusport.fr\/blog\/#organization\"},\"potentialAction\":[{\"@type\":\"SearchAction\",\"target\":{\"@type\":\"EntryPoint\",\"urlTemplate\":\"https:\/\/dicodusport.fr\/blog\/?s={search_term_string}\"},\"query-input\":{\"@type\":\"PropertyValueSpecification\",\"valueRequired\":true,\"valueName\":\"search_term_string\"}}],\"inLanguage\":\"fr-FR\"},{\"@type\":\"NewsMediaOrganization\",\"@id\":\"https:\/\/dicodusport.fr\/blog\/#organization\",\"name\":\"Dicodusport\",\"url\":\"https:\/\/dicodusport.fr\/blog\/\",\"logo\":{\"@type\":\"ImageObject\",\"inLanguage\":\"fr-FR\",\"@id\":\"https:\/\/dicodusport.fr\/blog\/#\/schema\/logo\/image\/\",\"url\":\"https:\/\/dicodusport.fr\/blog\/wp-content\/uploads\/2020\/06\/cropped-LOGO-DICODUSPORT-2020-SANS-FOND-SANS-TEXTE.png\",\"contentUrl\":\"https:\/\/dicodusport.fr\/blog\/wp-content\/uploads\/2020\/06\/cropped-LOGO-DICODUSPORT-2020-SANS-FOND-SANS-TEXTE.png\",\"width\":512,\"height\":512,\"caption\":\"Dicodusport\"},\"image\":{\"@id\":\"https:\/\/dicodusport.fr\/blog\/#\/schema\/logo\/image\/\"},\"sameAs\":[\"https:\/\/www.facebook.com\/dicodusport\",\"https:\/\/x.com\/dicodusport\",\"https:\/\/www.instagram.com\/dicodusport\/\",\"https:\/\/www.youtube.com\/channel\/UC7V2KZ5sd3htJivAbA4ZG3w\"],\"description\":\"Dicodusport est l'encyclop\u00e9die de l'actualit\u00e9 sportive.\",\"email\":\"bonjour@dicodusport.fr\",\"legalName\":\"DICODUSPORT\",\"foundingDate\":\"2018-01-14\",\"vatID\":\"FR71834470973\",\"taxID\":\"83447097300043\",\"numberOfEmployees\":{\"@type\":\"QuantitativeValue\",\"minValue\":\"1\",\"maxValue\":\"10\"}},{\"@type\":\"Person\",\"@id\":\"https:\/\/dicodusport.fr\/blog\/#\/schema\/person\/627966a6cde45dbd8c5e36ac85d783da\",\"name\":\"S\u00e9bastien Gente\",\"image\":{\"@type\":\"ImageObject\",\"inLanguage\":\"fr-FR\",\"@id\":\"https:\/\/dicodusport.fr\/blog\/#\/schema\/person\/image\/\",\"url\":\"https:\/\/dicodusport.fr\/blog\/wp-content\/uploads\/2021\/09\/1510990_10205810251400683_4124423575079401707_n-150x150.jpg\",\"contentUrl\":\"https:\/\/dicodusport.fr\/blog\/wp-content\/uploads\/2021\/09\/1510990_10205810251400683_4124423575079401707_n-150x150.jpg\",\"caption\":\"S\u00e9bastien Gente\"},\"description\":\"John Stockton, Gianni Bugno, Zinedine Zidane, Steffi Graf, Frode Andresen, St\u00e9phane Stoecklin, Davis Kamoga, Primoz Peterka, Werner Schlager et Aur\u00e9lien Rougerie. Point commun entre ces sportifs? Ils m'ont fait r\u00eaver et ont berc\u00e9 mon adolescence. Je suis un fondu de sports et j'essaie de retranscrire ma passion \u00e0 travers mes articles. Originaire du P\u00e9rigord, ma passion pour les Girondins, les Jaunards et les Jazzmen transpire dans mes \u00e9crits. \u00c0 Dicodusport depuis 2021, je d\u00e9niche les sports m\u00e9connus dans lesquels la France brille, et il y en a !\",\"sameAs\":[\"https:\/\/www.facebook.com\/sebastien.gente\/\",\"https:\/\/www.instagram.com\/sebgente\/\",\"https:\/\/www.linkedin.com\/in\/sbastien-gente-a29583169\/\",\"https:\/\/x.com\/https:\/\/twitter.com\/globulo24\",\"SebastienGente\"],\"worksFor\":\"S\u00e9bastien GENTE\",\"url\":\"https:\/\/dicodusport.fr\/blog\/author\/sebastiengente\/\"}]}<\/script>\n<!-- \/ Yoast SEO Premium plugin. -->","yoast_head_json":{"title":"Coupe du monde d'escalade : Z\u00e9lia Avezou sur le podium en bloc \u00e0 S\u00e9oul","description":"COUPE DU MONDE D'ESCALADE 2024 - La derni\u00e8re manche de la saison commence la deuxi\u00e8me place de Z\u00e9lia Avezou en bloc, son premier podium.\u00a0","robots":{"index":"index","follow":"follow","max-snippet":"max-snippet:-1","max-image-preview":"max-image-preview:large","max-video-preview":"max-video-preview:-1"},"canonical":"https:\/\/dicodusport.fr\/blog\/coupe-du-monde-descalade-zelia-avezou-sur-le-podium-en-bloc-a-seoul\/","og_locale":"fr_FR","og_type":"article","og_title":"Coupe du monde d'escalade : Z\u00e9lia Avezou sur le podium en bloc \u00e0 S\u00e9oul","og_description":"COUPE DU MONDE D'ESCALADE 2024 - La derni\u00e8re manche de la saison commence la deuxi\u00e8me place de Z\u00e9lia Avezou en bloc, son premier podium.\u00a0","og_url":"https:\/\/dicodusport.fr\/blog\/coupe-du-monde-descalade-zelia-avezou-sur-le-podium-en-bloc-a-seoul\/","og_site_name":"Dicodusport","article_publisher":"https:\/\/www.facebook.com\/dicodusport","article_author":"https:\/\/www.facebook.com\/sebastien.gente\/","article_published_time":"2024-10-03T15:40:32+00:00","og_image":[{"width":1200,"height":674,"url":"https:\/\/dicodusport.fr\/blog\/wp-content\/uploads\/2024\/10\/Coupe-du-monde-descalade-Zelia-Avezou-sur-le-podium-en-bloc-a-Seoul.png","type":"image\/png"}],"author":"S\u00e9bastien Gente","twitter_card":"summary_large_image","twitter_title":"Coupe du monde d'escalade : Z\u00e9lia Avezou sur le podium en bloc \u00e0 S\u00e9oul","twitter_creator":"@https:\/\/twitter.com\/globulo24","twitter_site":"@dicodusport","schema":{"@context":"https:\/\/schema.org","@graph":[{"@type":"NewsArticle","@id":"https:\/\/dicodusport.fr\/blog\/coupe-du-monde-descalade-zelia-avezou-sur-le-podium-en-bloc-a-seoul\/#article","isPartOf":{"@id":"https:\/\/dicodusport.fr\/blog\/coupe-du-monde-descalade-zelia-avezou-sur-le-podium-en-bloc-a-seoul\/"},"author":{"name":"S\u00e9bastien Gente","@id":"https:\/\/dicodusport.fr\/blog\/#\/schema\/person\/627966a6cde45dbd8c5e36ac85d783da"},"headline":"Coupe du monde d&rsquo;escalade : Z\u00e9lia Avezou sur le podium en bloc \u00e0 S\u00e9oul","datePublished":"2024-10-03T15:40:32+00:00","mainEntityOfPage":{"@id":"https:\/\/dicodusport.fr\/blog\/coupe-du-monde-descalade-zelia-avezou-sur-le-podium-en-bloc-a-seoul\/"},"wordCount":292,"commentCount":0,"publisher":{"@id":"https:\/\/dicodusport.fr\/blog\/#organization"},"image":{"@id":"https:\/\/dicodusport.fr\/blog\/coupe-du-monde-descalade-zelia-avezou-sur-le-podium-en-bloc-a-seoul\/#primaryimage"},"thumbnailUrl":"https:\/\/dicodusport.fr\/blog\/wp-content\/uploads\/2024\/10\/Coupe-du-monde-descalade-Zelia-Avezou-sur-le-podium-en-bloc-a-Seoul.png","keywords":["br\u00e8ve","Z\u00e9lia Avezou"],"articleSection":["Escalade"],"inLanguage":"fr-FR","potentialAction":[{"@type":"CommentAction","name":"Comment","target":["https:\/\/dicodusport.fr\/blog\/coupe-du-monde-descalade-zelia-avezou-sur-le-podium-en-bloc-a-seoul\/#respond"]}],"copyrightYear":"2024","copyrightHolder":{"@id":"https:\/\/dicodusport.fr\/blog\/#organization"}},{"@type":"WebPage","@id":"https:\/\/dicodusport.fr\/blog\/coupe-du-monde-descalade-zelia-avezou-sur-le-podium-en-bloc-a-seoul\/","url":"https:\/\/dicodusport.fr\/blog\/coupe-du-monde-descalade-zelia-avezou-sur-le-podium-en-bloc-a-seoul\/","name":"Coupe du monde d'escalade : Z\u00e9lia Avezou sur le podium en bloc \u00e0 S\u00e9oul","isPartOf":{"@id":"https:\/\/dicodusport.fr\/blog\/#website"},"primaryImageOfPage":{"@id":"https:\/\/dicodusport.fr\/blog\/coupe-du-monde-descalade-zelia-avezou-sur-le-podium-en-bloc-a-seoul\/#primaryimage"},"image":{"@id":"https:\/\/dicodusport.fr\/blog\/coupe-du-monde-descalade-zelia-avezou-sur-le-podium-en-bloc-a-seoul\/#primaryimage"},"thumbnailUrl":"https:\/\/dicodusport.fr\/blog\/wp-content\/uploads\/2024\/10\/Coupe-du-monde-descalade-Zelia-Avezou-sur-le-podium-en-bloc-a-Seoul.png","datePublished":"2024-10-03T15:40:32+00:00","description":"COUPE DU MONDE D'ESCALADE 2024 - La derni\u00e8re manche de la saison commence la deuxi\u00e8me place de Z\u00e9lia Avezou en bloc, son premier podium.\u00a0","breadcrumb":{"@id":"https:\/\/dicodusport.fr\/blog\/coupe-du-monde-descalade-zelia-avezou-sur-le-podium-en-bloc-a-seoul\/#breadcrumb"},"inLanguage":"fr-FR","potentialAction":[{"@type":"ReadAction","target":["https:\/\/dicodusport.fr\/blog\/coupe-du-monde-descalade-zelia-avezou-sur-le-podium-en-bloc-a-seoul\/"]}]},{"@type":"ImageObject","inLanguage":"fr-FR","@id":"https:\/\/dicodusport.fr\/blog\/coupe-du-monde-descalade-zelia-avezou-sur-le-podium-en-bloc-a-seoul\/#primaryimage","url":"https:\/\/dicodusport.fr\/blog\/wp-content\/uploads\/2024\/10\/Coupe-du-monde-descalade-Zelia-Avezou-sur-le-podium-en-bloc-a-Seoul.png","contentUrl":"https:\/\/dicodusport.fr\/blog\/wp-content\/uploads\/2024\/10\/Coupe-du-monde-descalade-Zelia-Avezou-sur-le-podium-en-bloc-a-Seoul.png","width":1200,"height":674,"caption":"Coupe du monde d'escalade Z\u00e9lia Avezou sur le podium en bloc \u00e0 S\u00e9oul"},{"@type":"BreadcrumbList","@id":"https:\/\/dicodusport.fr\/blog\/coupe-du-monde-descalade-zelia-avezou-sur-le-podium-en-bloc-a-seoul\/#breadcrumb","itemListElement":[{"@type":"ListItem","position":1,"name":"Accueil","item":"https:\/\/dicodusport.fr\/blog\/"},{"@type":"ListItem","position":2,"name":"Coupe du monde d&#8217;escalade : Z\u00e9lia Avezou sur le podium en bloc \u00e0 S\u00e9oul"}]},{"@type":"WebSite","@id":"https:\/\/dicodusport.fr\/blog\/#website","url":"https:\/\/dicodusport.fr\/blog\/","name":"Dicodusport","description":"L&#039;encyclop\u00e9die de l&#039;actualit\u00e9 sportive","publisher":{"@id":"https:\/\/dicodusport.fr\/blog\/#organization"},"potentialAction":[{"@type":"SearchAction","target":{"@type":"EntryPoint","urlTemplate":"https:\/\/dicodusport.fr\/blog\/?s={search_term_string}"},"query-input":{"@type":"PropertyValueSpecification","valueRequired":true,"valueName":"search_term_string"}}],"inLanguage":"fr-FR"},{"@type":"NewsMediaOrganization","@id":"https:\/\/dicodusport.fr\/blog\/#organization","name":"Dicodusport","url":"https:\/\/dicodusport.fr\/blog\/","logo":{"@type":"ImageObject","inLanguage":"fr-FR","@id":"https:\/\/dicodusport.fr\/blog\/#\/schema\/logo\/image\/","url":"https:\/\/dicodusport.fr\/blog\/wp-content\/uploads\/2020\/06\/cropped-LOGO-DICODUSPORT-2020-SANS-FOND-SANS-TEXTE.png","contentUrl":"https:\/\/dicodusport.fr\/blog\/wp-content\/uploads\/2020\/06\/cropped-LOGO-DICODUSPORT-2020-SANS-FOND-SANS-TEXTE.png","width":512,"height":512,"caption":"Dicodusport"},"image":{"@id":"https:\/\/dicodusport.fr\/blog\/#\/schema\/logo\/image\/"},"sameAs":["https:\/\/www.facebook.com\/dicodusport","https:\/\/x.com\/dicodusport","https:\/\/www.instagram.com\/dicodusport\/","https:\/\/www.youtube.com\/channel\/UC7V2KZ5sd3htJivAbA4ZG3w"],"description":"Dicodusport est l'encyclop\u00e9die de l'actualit\u00e9 sportive.","email":"bonjour@dicodusport.fr","legalName":"DICODUSPORT","foundingDate":"2018-01-14","vatID":"FR71834470973","taxID":"83447097300043","numberOfEmployees":{"@type":"QuantitativeValue","minValue":"1","maxValue":"10"}},{"@type":"Person","@id":"https:\/\/dicodusport.fr\/blog\/#\/schema\/person\/627966a6cde45dbd8c5e36ac85d783da","name":"S\u00e9bastien Gente","image":{"@type":"ImageObject","inLanguage":"fr-FR","@id":"https:\/\/dicodusport.fr\/blog\/#\/schema\/person\/image\/","url":"https:\/\/dicodusport.fr\/blog\/wp-content\/uploads\/2021\/09\/1510990_10205810251400683_4124423575079401707_n-150x150.jpg","contentUrl":"https:\/\/dicodusport.fr\/blog\/wp-content\/uploads\/2021\/09\/1510990_10205810251400683_4124423575079401707_n-150x150.jpg","caption":"S\u00e9bastien Gente"},"description":"John Stockton, Gianni Bugno, Zinedine Zidane, Steffi Graf, Frode Andresen, St\u00e9phane Stoecklin, Davis Kamoga, Primoz Peterka, Werner Schlager et Aur\u00e9lien Rougerie. Point commun entre ces sportifs? Ils m'ont fait r\u00eaver et ont berc\u00e9 mon adolescence. Je suis un fondu de sports et j'essaie de retranscrire ma passion \u00e0 travers mes articles. Originaire du P\u00e9rigord, ma passion pour les Girondins, les Jaunards et les Jazzmen transpire dans mes \u00e9crits. \u00c0 Dicodusport depuis 2021, je d\u00e9niche les sports m\u00e9connus dans lesquels la France brille, et il y en a !","sameAs":["https:\/\/www.facebook.com\/sebastien.gente\/","https:\/\/www.instagram.com\/sebgente\/","https:\/\/www.linkedin.com\/in\/sbastien-gente-a29583169\/","https:\/\/x.com\/https:\/\/twitter.com\/globulo24","SebastienGente"],"worksFor":"S\u00e9bastien GENTE","url":"https:\/\/dicodusport.fr\/blog\/author\/sebastiengente\/"}]}},"_links":{"self":[{"href":"https:\/\/dicodusport.fr\/blog\/wp-json\/wp\/v2\/posts\/524238","targetHints":{"allow":["GET"]}}],"collection":[{"href":"https:\/\/dicodusport.fr\/blog\/wp-json\/wp\/v2\/posts"}],"about":[{"href":"https:\/\/dicodusport.fr\/blog\/wp-json\/wp\/v2\/types\/post"}],"author":[{"embeddable":true,"href":"https:\/\/dicodusport.fr\/blog\/wp-json\/wp\/v2\/users\/59"}],"replies":[{"embeddable":true,"href":"https:\/\/dicodusport.fr\/blog\/wp-json\/wp\/v2\/comments?post=524238"}],"version-history":[{"count":1,"href":"https:\/\/dicodusport.fr\/blog\/wp-json\/wp\/v2\/posts\/524238\/revisions"}],"predecessor-version":[{"id":524304,"href":"https:\/\/dicodusport.fr\/blog\/wp-json\/wp\/v2\/posts\/524238\/revisions\/524304"}],"wp:featuredmedia":[{"embeddable":true,"href":"https:\/\/dicodusport.fr\/blog\/wp-json\/wp\/v2\/media\/524288"}],"wp:attachment":[{"href":"https:\/\/dicodusport.fr\/blog\/wp-json\/wp\/v2\/media?parent=524238"}],"wp:term":[{"taxonomy":"category","embeddable":true,"href":"https:\/\/dicodusport.fr\/blog\/wp-json\/wp\/v2\/categories?post=524238"},{"taxonomy":"post_tag","embeddable":true,"href":"https:\/\/dicodusport.fr\/blog\/wp-json\/wp\/v2\/tags?post=524238"}],"curies":[{"name":"wp","href":"https:\/\/api.w.org\/{rel}","templated":true}]}}