{"id":524398,"date":"2024-10-04T09:06:10","date_gmt":"2024-10-04T07:06:10","guid":{"rendered":"https:\/\/dicodusport.fr\/blog\/?p=524398&#038;preview=true&#038;preview_id=524398"},"modified":"2024-10-04T09:40:10","modified_gmt":"2024-10-04T07:40:10","slug":"transferts-lyon-sebastien-taofifenua-signe-en-pro-d2","status":"publish","type":"post","link":"https:\/\/dicodusport.fr\/blog\/transferts-lyon-sebastien-taofifenua-signe-en-pro-d2\/","title":{"rendered":"Transferts Lyon : S\u00e9bastien Taofifenua signe en Pro D2"},"content":{"rendered":"<h4 style=\"text-align: justify;\"><em>TRANSFERTS TOP 14 &#8211; Selon le Midi Olympique, Provence Rugby a obtenu la signature du pilier international, S\u00e9bastien Taofifenua.\u00a0<\/em><\/h4>\n<p style=\"text-align: justify;\">En fin de contrat avec le <strong>LOU<\/strong>, <strong>S\u00e9bastien<\/strong> <strong>Taofifenua<\/strong> a annonc\u00e9 son d\u00e9part il y a d\u00e9j\u00e0 quelques semaines, sans annoncer tout de suite sa prochaine destination. Le pilier gauche international (32 ans), avait d\u00e9cid\u00e9 de se rapprocher de sa famille et \u00e9tait donc en qu\u00eate d&rsquo;un club dans le sud de la France.<\/p>\n<ul style=\"text-align: justify;\">\n<li style=\"text-align: justify;\"><strong>\u00c0 ce sujet &#8211; <a href=\"https:\/\/dicodusport.fr\/blog\/transferts-rugby-bastien-chalureau-santiago-arata-leo-carbonneau-setariki-tuicuvu-les-infos-du-3-octobre\/\" target=\"_blank\" rel=\"noopener\">Transferts Rugby : Bastien Chalureau, Santiago Arata, L\u00e9o Carbonneau, Setariki Tuicuvu, les infos du 3 octobre<\/a><br \/>\n<\/strong><\/li>\n<\/ul>\n<h2 style=\"text-align: justify;\">S\u00e9bastien Taofifenua \u00e0 Provence Rugby<\/h2>\n<p style=\"text-align: justify;\">Annonc\u00e9 du c\u00f4t\u00e9 de <strong>Perpignan<\/strong>, o\u00f9 il a d\u00e9j\u00e0 \u00e9volu\u00e9 entre 2011 et 2014, c&rsquo;est finalement une autre destination qu&rsquo;il a choisie. Selon le <a href=\"https:\/\/www.rugbyrama.fr\/2024\/10\/03\/transferts-top-14pro-d2-exclusif-midol-sebastien-taofifenua-lyon-en-route-pour-provence-rugby-12237870.php\"><em>Midi Olympique<\/em><\/a>, <strong>S\u00e9bastien<\/strong> <strong>Taofifenua<\/strong> a donn\u00e9 son accord aux dirigeants de <strong>Provence<\/strong> <strong>Rugby<\/strong>, un des favoris en Pro D2. Apr\u00e8s avoir manqu\u00e9 la mont\u00e9e la saison pass\u00e9e, les Aixois comptent bien retenter leur chance cette saison.<\/p>\n<p style=\"text-align: justify;\">Pour le moment, <strong>S\u00e9bastien<\/strong> <strong>Taofifenua<\/strong> a donc sign\u00e9 en <strong>Pro<\/strong> <strong>D2<\/strong>, mais avec une possibilit\u00e9 de rester en <strong>Top<\/strong> <strong>14<\/strong> si <strong>Provence<\/strong> <strong>Rugby<\/strong> valide sa mont\u00e9e. International fran\u00e7ais \u00e0 neuf reprises, il a encore \u00e9t\u00e9 r\u00e9cemment appel\u00e9 par <strong>Fabien<\/strong> <strong>Galthi\u00e9<\/strong>. C&rsquo;est une grosse prise pour le club proven\u00e7al qui continue d&rsquo;afficher ses ambitions \u00e0 travers son recrutement.<\/p>\n<blockquote class=\"twitter-tweet\">\n<p dir=\"ltr\" lang=\"zxx\"><a href=\"https:\/\/t.co\/voyedvDezl\">https:\/\/t.co\/voyedvDezl<\/a><\/p>\n<p>\u2014 Nicolas Jacquemard (@Nico_Jacquemard) <a href=\"https:\/\/twitter.com\/Nico_Jacquemard\/status\/1842098710676643928?ref_src=twsrc%5Etfw\">October 4, 2024<\/a><\/p><\/blockquote>\n<p style=\"text-align: justify;\"><script async src=\"https:\/\/platform.twitter.com\/widgets.js\" charset=\"utf-8\"><\/script><\/p>\n","protected":false},"excerpt":{"rendered":"<p>TRANSFERTS TOP 14 &#8211; Selon le Midi Olympique, Provence Rugby a obtenu la signature du pilier international, S\u00e9bastien Taofifenua.\u00a0<\/p>\n","protected":false},"author":1,"featured_media":524399,"comment_status":"open","ping_status":"closed","sticky":false,"template":"","format":"standard","meta":{"_acf_changed":false,"_daextam_enable_autolinks":"1","footnotes":""},"categories":[9129,47050],"tags":[32415,16878,28107,29105],"class_list":["post-524398","post","type-post","status-publish","format-standard","has-post-thumbnail","hentry","category-rugby-a-xv","category-top-14","tag-actu","tag-breve","tag-taofifenua","tag-transferts-rugby"],"acf":[],"yoast_head":"<!-- This site is optimized with the Yoast SEO Premium plugin v26.7 (Yoast SEO v26.7) - https:\/\/yoast.com\/wordpress\/plugins\/seo\/ -->\n<title>Transferts Lyon : S\u00e9bastien Taofifenua signe en Pro D2<\/title>\n<meta name=\"description\" content=\"TRANSFERTS TOP 14 - Selon le Midi Olympique, Provence Rugby a obtenu la signature du pilier international, S\u00e9bastien Taofifenua.\u00a0\" \/>\n<meta name=\"robots\" content=\"index, follow, max-snippet:-1, max-image-preview:large, max-video-preview:-1\" \/>\n<link rel=\"canonical\" href=\"https:\/\/dicodusport.fr\/blog\/transferts-lyon-sebastien-taofifenua-signe-en-pro-d2\/\" \/>\n<meta property=\"og:locale\" content=\"fr_FR\" \/>\n<meta property=\"og:type\" content=\"article\" \/>\n<meta property=\"og:title\" content=\"Transferts Lyon : S\u00e9bastien Taofifenua signe en Pro D2\" \/>\n<meta property=\"og:description\" content=\"TRANSFERTS TOP 14 - Selon le Midi Olympique, Provence Rugby a obtenu la signature du pilier international, S\u00e9bastien Taofifenua.\u00a0\" \/>\n<meta property=\"og:url\" content=\"https:\/\/dicodusport.fr\/blog\/transferts-lyon-sebastien-taofifenua-signe-en-pro-d2\/\" \/>\n<meta property=\"og:site_name\" content=\"Dicodusport\" \/>\n<meta property=\"article:publisher\" content=\"https:\/\/www.facebook.com\/dicodusport\" \/>\n<meta property=\"article:author\" content=\"https:\/\/www.facebook.com\/dicodusport\" \/>\n<meta property=\"article:published_time\" content=\"2024-10-04T07:06:10+00:00\" \/>\n<meta property=\"article:modified_time\" content=\"2024-10-04T07:40:10+00:00\" \/>\n<meta property=\"og:image\" content=\"https:\/\/dicodusport.fr\/blog\/wp-content\/uploads\/2024\/10\/Transferts-Lyon-Sebastien-Taofifenua-signe-en-Pro-D2.png\" \/>\n\t<meta property=\"og:image:width\" content=\"1200\" \/>\n\t<meta property=\"og:image:height\" content=\"674\" \/>\n\t<meta property=\"og:image:type\" content=\"image\/png\" \/>\n<meta name=\"author\" content=\"Nicolas Jacquemard\" \/>\n<meta name=\"twitter:card\" content=\"summary_large_image\" \/>\n<meta name=\"twitter:title\" content=\"Transferts Lyon : S\u00e9bastien Taofifenua signe en Pro D2\" \/>\n<meta name=\"twitter:creator\" content=\"@https:\/\/twitter.com\/Nico_Jacquemard\" \/>\n<meta name=\"twitter:site\" content=\"@dicodusport\" \/>\n<script type=\"application\/ld+json\" class=\"yoast-schema-graph\">{\"@context\":\"https:\/\/schema.org\",\"@graph\":[{\"@type\":\"NewsArticle\",\"@id\":\"https:\/\/dicodusport.fr\/blog\/transferts-lyon-sebastien-taofifenua-signe-en-pro-d2\/#article\",\"isPartOf\":{\"@id\":\"https:\/\/dicodusport.fr\/blog\/transferts-lyon-sebastien-taofifenua-signe-en-pro-d2\/\"},\"author\":{\"name\":\"Nicolas Jacquemard\",\"@id\":\"https:\/\/dicodusport.fr\/blog\/#\/schema\/person\/55dcb50ad410894e431ed812bbb70191\"},\"headline\":\"Transferts Lyon : S\u00e9bastien Taofifenua signe en Pro D2\",\"datePublished\":\"2024-10-04T07:06:10+00:00\",\"dateModified\":\"2024-10-04T07:40:10+00:00\",\"mainEntityOfPage\":{\"@id\":\"https:\/\/dicodusport.fr\/blog\/transferts-lyon-sebastien-taofifenua-signe-en-pro-d2\/\"},\"wordCount\":246,\"commentCount\":0,\"publisher\":{\"@id\":\"https:\/\/dicodusport.fr\/blog\/#organization\"},\"image\":{\"@id\":\"https:\/\/dicodusport.fr\/blog\/transferts-lyon-sebastien-taofifenua-signe-en-pro-d2\/#primaryimage\"},\"thumbnailUrl\":\"https:\/\/dicodusport.fr\/blog\/wp-content\/uploads\/2024\/10\/Transferts-Lyon-Sebastien-Taofifenua-signe-en-Pro-D2.png\",\"keywords\":[\"actu\",\"br\u00e8ve\",\"Taofifenua\",\"Transferts rugby\"],\"articleSection\":[\"Rugby \u00e0 XV\",\"Top 14\"],\"inLanguage\":\"fr-FR\",\"potentialAction\":[{\"@type\":\"CommentAction\",\"name\":\"Comment\",\"target\":[\"https:\/\/dicodusport.fr\/blog\/transferts-lyon-sebastien-taofifenua-signe-en-pro-d2\/#respond\"]}],\"copyrightYear\":\"2024\",\"copyrightHolder\":{\"@id\":\"https:\/\/dicodusport.fr\/blog\/#organization\"}},{\"@type\":\"WebPage\",\"@id\":\"https:\/\/dicodusport.fr\/blog\/transferts-lyon-sebastien-taofifenua-signe-en-pro-d2\/\",\"url\":\"https:\/\/dicodusport.fr\/blog\/transferts-lyon-sebastien-taofifenua-signe-en-pro-d2\/\",\"name\":\"Transferts Lyon : S\u00e9bastien Taofifenua signe en Pro D2\",\"isPartOf\":{\"@id\":\"https:\/\/dicodusport.fr\/blog\/#website\"},\"primaryImageOfPage\":{\"@id\":\"https:\/\/dicodusport.fr\/blog\/transferts-lyon-sebastien-taofifenua-signe-en-pro-d2\/#primaryimage\"},\"image\":{\"@id\":\"https:\/\/dicodusport.fr\/blog\/transferts-lyon-sebastien-taofifenua-signe-en-pro-d2\/#primaryimage\"},\"thumbnailUrl\":\"https:\/\/dicodusport.fr\/blog\/wp-content\/uploads\/2024\/10\/Transferts-Lyon-Sebastien-Taofifenua-signe-en-Pro-D2.png\",\"datePublished\":\"2024-10-04T07:06:10+00:00\",\"dateModified\":\"2024-10-04T07:40:10+00:00\",\"description\":\"TRANSFERTS TOP 14 - Selon le Midi Olympique, Provence Rugby a obtenu la signature du pilier international, S\u00e9bastien Taofifenua.\u00a0\",\"breadcrumb\":{\"@id\":\"https:\/\/dicodusport.fr\/blog\/transferts-lyon-sebastien-taofifenua-signe-en-pro-d2\/#breadcrumb\"},\"inLanguage\":\"fr-FR\",\"potentialAction\":[{\"@type\":\"ReadAction\",\"target\":[\"https:\/\/dicodusport.fr\/blog\/transferts-lyon-sebastien-taofifenua-signe-en-pro-d2\/\"]}]},{\"@type\":\"ImageObject\",\"inLanguage\":\"fr-FR\",\"@id\":\"https:\/\/dicodusport.fr\/blog\/transferts-lyon-sebastien-taofifenua-signe-en-pro-d2\/#primaryimage\",\"url\":\"https:\/\/dicodusport.fr\/blog\/wp-content\/uploads\/2024\/10\/Transferts-Lyon-Sebastien-Taofifenua-signe-en-Pro-D2.png\",\"contentUrl\":\"https:\/\/dicodusport.fr\/blog\/wp-content\/uploads\/2024\/10\/Transferts-Lyon-Sebastien-Taofifenua-signe-en-Pro-D2.png\",\"width\":1200,\"height\":674},{\"@type\":\"BreadcrumbList\",\"@id\":\"https:\/\/dicodusport.fr\/blog\/transferts-lyon-sebastien-taofifenua-signe-en-pro-d2\/#breadcrumb\",\"itemListElement\":[{\"@type\":\"ListItem\",\"position\":1,\"name\":\"Accueil\",\"item\":\"https:\/\/dicodusport.fr\/blog\/\"},{\"@type\":\"ListItem\",\"position\":2,\"name\":\"Transferts Lyon : S\u00e9bastien Taofifenua signe en Pro D2\"}]},{\"@type\":\"WebSite\",\"@id\":\"https:\/\/dicodusport.fr\/blog\/#website\",\"url\":\"https:\/\/dicodusport.fr\/blog\/\",\"name\":\"Dicodusport\",\"description\":\"L&#039;encyclop\u00e9die de l&#039;actualit\u00e9 sportive\",\"publisher\":{\"@id\":\"https:\/\/dicodusport.fr\/blog\/#organization\"},\"potentialAction\":[{\"@type\":\"SearchAction\",\"target\":{\"@type\":\"EntryPoint\",\"urlTemplate\":\"https:\/\/dicodusport.fr\/blog\/?s={search_term_string}\"},\"query-input\":{\"@type\":\"PropertyValueSpecification\",\"valueRequired\":true,\"valueName\":\"search_term_string\"}}],\"inLanguage\":\"fr-FR\"},{\"@type\":\"NewsMediaOrganization\",\"@id\":\"https:\/\/dicodusport.fr\/blog\/#organization\",\"name\":\"Dicodusport\",\"url\":\"https:\/\/dicodusport.fr\/blog\/\",\"logo\":{\"@type\":\"ImageObject\",\"inLanguage\":\"fr-FR\",\"@id\":\"https:\/\/dicodusport.fr\/blog\/#\/schema\/logo\/image\/\",\"url\":\"https:\/\/dicodusport.fr\/blog\/wp-content\/uploads\/2020\/06\/cropped-LOGO-DICODUSPORT-2020-SANS-FOND-SANS-TEXTE.png\",\"contentUrl\":\"https:\/\/dicodusport.fr\/blog\/wp-content\/uploads\/2020\/06\/cropped-LOGO-DICODUSPORT-2020-SANS-FOND-SANS-TEXTE.png\",\"width\":512,\"height\":512,\"caption\":\"Dicodusport\"},\"image\":{\"@id\":\"https:\/\/dicodusport.fr\/blog\/#\/schema\/logo\/image\/\"},\"sameAs\":[\"https:\/\/www.facebook.com\/dicodusport\",\"https:\/\/x.com\/dicodusport\",\"https:\/\/www.instagram.com\/dicodusport\/\",\"https:\/\/www.youtube.com\/channel\/UC7V2KZ5sd3htJivAbA4ZG3w\"],\"description\":\"Dicodusport est l'encyclop\u00e9die de l'actualit\u00e9 sportive.\",\"email\":\"bonjour@dicodusport.fr\",\"legalName\":\"DICODUSPORT\",\"foundingDate\":\"2018-01-14\",\"vatID\":\"FR71834470973\",\"taxID\":\"83447097300043\",\"numberOfEmployees\":{\"@type\":\"QuantitativeValue\",\"minValue\":\"1\",\"maxValue\":\"10\"}},{\"@type\":\"Person\",\"@id\":\"https:\/\/dicodusport.fr\/blog\/#\/schema\/person\/55dcb50ad410894e431ed812bbb70191\",\"name\":\"Nicolas Jacquemard\",\"image\":{\"@type\":\"ImageObject\",\"inLanguage\":\"fr-FR\",\"@id\":\"https:\/\/dicodusport.fr\/blog\/#\/schema\/person\/image\/\",\"url\":\"https:\/\/dicodusport.fr\/blog\/wp-content\/uploads\/2021\/05\/Nicolas-Jacquemard-150x150.jpeg\",\"contentUrl\":\"https:\/\/dicodusport.fr\/blog\/wp-content\/uploads\/2021\/05\/Nicolas-Jacquemard-150x150.jpeg\",\"caption\":\"Nicolas Jacquemard\"},\"description\":\"Passionn\u00e9 de sport et entrepreneur depuis mes 18 ans, la cr\u00e9ation de Dicodusport m'a sembl\u00e9 \u00e9vidente pour participer \u00e0 la m\u00e9diatisation d'un plus grand nombre de sports. Le chemin est long mais avec une \u00e9quipe des plus motiv\u00e9es et les Jeux Olympiques de Paris 2024 en point de mire, nous y arriverons ! Journaliste dans le monde du sport depuis plus de 5 ans, je traite aussi bien de football, de rugby, de biathlon que de cyclisme.\",\"sameAs\":[\"https:\/\/www.facebook.com\/dicodusport\",\"https:\/\/x.com\/https:\/\/twitter.com\/Nico_Jacquemard\"],\"url\":\"https:\/\/dicodusport.fr\/blog\/author\/dicodusport\/\"}]}<\/script>\n<!-- \/ Yoast SEO Premium plugin. -->","yoast_head_json":{"title":"Transferts Lyon : S\u00e9bastien Taofifenua signe en Pro D2","description":"TRANSFERTS TOP 14 - Selon le Midi Olympique, Provence Rugby a obtenu la signature du pilier international, S\u00e9bastien Taofifenua.\u00a0","robots":{"index":"index","follow":"follow","max-snippet":"max-snippet:-1","max-image-preview":"max-image-preview:large","max-video-preview":"max-video-preview:-1"},"canonical":"https:\/\/dicodusport.fr\/blog\/transferts-lyon-sebastien-taofifenua-signe-en-pro-d2\/","og_locale":"fr_FR","og_type":"article","og_title":"Transferts Lyon : S\u00e9bastien Taofifenua signe en Pro D2","og_description":"TRANSFERTS TOP 14 - Selon le Midi Olympique, Provence Rugby a obtenu la signature du pilier international, S\u00e9bastien Taofifenua.\u00a0","og_url":"https:\/\/dicodusport.fr\/blog\/transferts-lyon-sebastien-taofifenua-signe-en-pro-d2\/","og_site_name":"Dicodusport","article_publisher":"https:\/\/www.facebook.com\/dicodusport","article_author":"https:\/\/www.facebook.com\/dicodusport","article_published_time":"2024-10-04T07:06:10+00:00","article_modified_time":"2024-10-04T07:40:10+00:00","og_image":[{"width":1200,"height":674,"url":"https:\/\/dicodusport.fr\/blog\/wp-content\/uploads\/2024\/10\/Transferts-Lyon-Sebastien-Taofifenua-signe-en-Pro-D2.png","type":"image\/png"}],"author":"Nicolas Jacquemard","twitter_card":"summary_large_image","twitter_title":"Transferts Lyon : S\u00e9bastien Taofifenua signe en Pro D2","twitter_creator":"@https:\/\/twitter.com\/Nico_Jacquemard","twitter_site":"@dicodusport","schema":{"@context":"https:\/\/schema.org","@graph":[{"@type":"NewsArticle","@id":"https:\/\/dicodusport.fr\/blog\/transferts-lyon-sebastien-taofifenua-signe-en-pro-d2\/#article","isPartOf":{"@id":"https:\/\/dicodusport.fr\/blog\/transferts-lyon-sebastien-taofifenua-signe-en-pro-d2\/"},"author":{"name":"Nicolas Jacquemard","@id":"https:\/\/dicodusport.fr\/blog\/#\/schema\/person\/55dcb50ad410894e431ed812bbb70191"},"headline":"Transferts Lyon : S\u00e9bastien Taofifenua signe en Pro D2","datePublished":"2024-10-04T07:06:10+00:00","dateModified":"2024-10-04T07:40:10+00:00","mainEntityOfPage":{"@id":"https:\/\/dicodusport.fr\/blog\/transferts-lyon-sebastien-taofifenua-signe-en-pro-d2\/"},"wordCount":246,"commentCount":0,"publisher":{"@id":"https:\/\/dicodusport.fr\/blog\/#organization"},"image":{"@id":"https:\/\/dicodusport.fr\/blog\/transferts-lyon-sebastien-taofifenua-signe-en-pro-d2\/#primaryimage"},"thumbnailUrl":"https:\/\/dicodusport.fr\/blog\/wp-content\/uploads\/2024\/10\/Transferts-Lyon-Sebastien-Taofifenua-signe-en-Pro-D2.png","keywords":["actu","br\u00e8ve","Taofifenua","Transferts rugby"],"articleSection":["Rugby \u00e0 XV","Top 14"],"inLanguage":"fr-FR","potentialAction":[{"@type":"CommentAction","name":"Comment","target":["https:\/\/dicodusport.fr\/blog\/transferts-lyon-sebastien-taofifenua-signe-en-pro-d2\/#respond"]}],"copyrightYear":"2024","copyrightHolder":{"@id":"https:\/\/dicodusport.fr\/blog\/#organization"}},{"@type":"WebPage","@id":"https:\/\/dicodusport.fr\/blog\/transferts-lyon-sebastien-taofifenua-signe-en-pro-d2\/","url":"https:\/\/dicodusport.fr\/blog\/transferts-lyon-sebastien-taofifenua-signe-en-pro-d2\/","name":"Transferts Lyon : S\u00e9bastien Taofifenua signe en Pro D2","isPartOf":{"@id":"https:\/\/dicodusport.fr\/blog\/#website"},"primaryImageOfPage":{"@id":"https:\/\/dicodusport.fr\/blog\/transferts-lyon-sebastien-taofifenua-signe-en-pro-d2\/#primaryimage"},"image":{"@id":"https:\/\/dicodusport.fr\/blog\/transferts-lyon-sebastien-taofifenua-signe-en-pro-d2\/#primaryimage"},"thumbnailUrl":"https:\/\/dicodusport.fr\/blog\/wp-content\/uploads\/2024\/10\/Transferts-Lyon-Sebastien-Taofifenua-signe-en-Pro-D2.png","datePublished":"2024-10-04T07:06:10+00:00","dateModified":"2024-10-04T07:40:10+00:00","description":"TRANSFERTS TOP 14 - Selon le Midi Olympique, Provence Rugby a obtenu la signature du pilier international, S\u00e9bastien Taofifenua.\u00a0","breadcrumb":{"@id":"https:\/\/dicodusport.fr\/blog\/transferts-lyon-sebastien-taofifenua-signe-en-pro-d2\/#breadcrumb"},"inLanguage":"fr-FR","potentialAction":[{"@type":"ReadAction","target":["https:\/\/dicodusport.fr\/blog\/transferts-lyon-sebastien-taofifenua-signe-en-pro-d2\/"]}]},{"@type":"ImageObject","inLanguage":"fr-FR","@id":"https:\/\/dicodusport.fr\/blog\/transferts-lyon-sebastien-taofifenua-signe-en-pro-d2\/#primaryimage","url":"https:\/\/dicodusport.fr\/blog\/wp-content\/uploads\/2024\/10\/Transferts-Lyon-Sebastien-Taofifenua-signe-en-Pro-D2.png","contentUrl":"https:\/\/dicodusport.fr\/blog\/wp-content\/uploads\/2024\/10\/Transferts-Lyon-Sebastien-Taofifenua-signe-en-Pro-D2.png","width":1200,"height":674},{"@type":"BreadcrumbList","@id":"https:\/\/dicodusport.fr\/blog\/transferts-lyon-sebastien-taofifenua-signe-en-pro-d2\/#breadcrumb","itemListElement":[{"@type":"ListItem","position":1,"name":"Accueil","item":"https:\/\/dicodusport.fr\/blog\/"},{"@type":"ListItem","position":2,"name":"Transferts Lyon : S\u00e9bastien Taofifenua signe en Pro D2"}]},{"@type":"WebSite","@id":"https:\/\/dicodusport.fr\/blog\/#website","url":"https:\/\/dicodusport.fr\/blog\/","name":"Dicodusport","description":"L&#039;encyclop\u00e9die de l&#039;actualit\u00e9 sportive","publisher":{"@id":"https:\/\/dicodusport.fr\/blog\/#organization"},"potentialAction":[{"@type":"SearchAction","target":{"@type":"EntryPoint","urlTemplate":"https:\/\/dicodusport.fr\/blog\/?s={search_term_string}"},"query-input":{"@type":"PropertyValueSpecification","valueRequired":true,"valueName":"search_term_string"}}],"inLanguage":"fr-FR"},{"@type":"NewsMediaOrganization","@id":"https:\/\/dicodusport.fr\/blog\/#organization","name":"Dicodusport","url":"https:\/\/dicodusport.fr\/blog\/","logo":{"@type":"ImageObject","inLanguage":"fr-FR","@id":"https:\/\/dicodusport.fr\/blog\/#\/schema\/logo\/image\/","url":"https:\/\/dicodusport.fr\/blog\/wp-content\/uploads\/2020\/06\/cropped-LOGO-DICODUSPORT-2020-SANS-FOND-SANS-TEXTE.png","contentUrl":"https:\/\/dicodusport.fr\/blog\/wp-content\/uploads\/2020\/06\/cropped-LOGO-DICODUSPORT-2020-SANS-FOND-SANS-TEXTE.png","width":512,"height":512,"caption":"Dicodusport"},"image":{"@id":"https:\/\/dicodusport.fr\/blog\/#\/schema\/logo\/image\/"},"sameAs":["https:\/\/www.facebook.com\/dicodusport","https:\/\/x.com\/dicodusport","https:\/\/www.instagram.com\/dicodusport\/","https:\/\/www.youtube.com\/channel\/UC7V2KZ5sd3htJivAbA4ZG3w"],"description":"Dicodusport est l'encyclop\u00e9die de l'actualit\u00e9 sportive.","email":"bonjour@dicodusport.fr","legalName":"DICODUSPORT","foundingDate":"2018-01-14","vatID":"FR71834470973","taxID":"83447097300043","numberOfEmployees":{"@type":"QuantitativeValue","minValue":"1","maxValue":"10"}},{"@type":"Person","@id":"https:\/\/dicodusport.fr\/blog\/#\/schema\/person\/55dcb50ad410894e431ed812bbb70191","name":"Nicolas Jacquemard","image":{"@type":"ImageObject","inLanguage":"fr-FR","@id":"https:\/\/dicodusport.fr\/blog\/#\/schema\/person\/image\/","url":"https:\/\/dicodusport.fr\/blog\/wp-content\/uploads\/2021\/05\/Nicolas-Jacquemard-150x150.jpeg","contentUrl":"https:\/\/dicodusport.fr\/blog\/wp-content\/uploads\/2021\/05\/Nicolas-Jacquemard-150x150.jpeg","caption":"Nicolas Jacquemard"},"description":"Passionn\u00e9 de sport et entrepreneur depuis mes 18 ans, la cr\u00e9ation de Dicodusport m'a sembl\u00e9 \u00e9vidente pour participer \u00e0 la m\u00e9diatisation d'un plus grand nombre de sports. Le chemin est long mais avec une \u00e9quipe des plus motiv\u00e9es et les Jeux Olympiques de Paris 2024 en point de mire, nous y arriverons ! Journaliste dans le monde du sport depuis plus de 5 ans, je traite aussi bien de football, de rugby, de biathlon que de cyclisme.","sameAs":["https:\/\/www.facebook.com\/dicodusport","https:\/\/x.com\/https:\/\/twitter.com\/Nico_Jacquemard"],"url":"https:\/\/dicodusport.fr\/blog\/author\/dicodusport\/"}]}},"_links":{"self":[{"href":"https:\/\/dicodusport.fr\/blog\/wp-json\/wp\/v2\/posts\/524398","targetHints":{"allow":["GET"]}}],"collection":[{"href":"https:\/\/dicodusport.fr\/blog\/wp-json\/wp\/v2\/posts"}],"about":[{"href":"https:\/\/dicodusport.fr\/blog\/wp-json\/wp\/v2\/types\/post"}],"author":[{"embeddable":true,"href":"https:\/\/dicodusport.fr\/blog\/wp-json\/wp\/v2\/users\/1"}],"replies":[{"embeddable":true,"href":"https:\/\/dicodusport.fr\/blog\/wp-json\/wp\/v2\/comments?post=524398"}],"version-history":[{"count":3,"href":"https:\/\/dicodusport.fr\/blog\/wp-json\/wp\/v2\/posts\/524398\/revisions"}],"predecessor-version":[{"id":524411,"href":"https:\/\/dicodusport.fr\/blog\/wp-json\/wp\/v2\/posts\/524398\/revisions\/524411"}],"wp:featuredmedia":[{"embeddable":true,"href":"https:\/\/dicodusport.fr\/blog\/wp-json\/wp\/v2\/media\/524399"}],"wp:attachment":[{"href":"https:\/\/dicodusport.fr\/blog\/wp-json\/wp\/v2\/media?parent=524398"}],"wp:term":[{"taxonomy":"category","embeddable":true,"href":"https:\/\/dicodusport.fr\/blog\/wp-json\/wp\/v2\/categories?post=524398"},{"taxonomy":"post_tag","embeddable":true,"href":"https:\/\/dicodusport.fr\/blog\/wp-json\/wp\/v2\/tags?post=524398"}],"curies":[{"name":"wp","href":"https:\/\/api.w.org\/{rel}","templated":true}]}}