{"id":524459,"date":"2024-10-07T16:30:10","date_gmt":"2024-10-07T14:30:10","guid":{"rendered":"https:\/\/dicodusport.fr\/blog\/?p=524459&#038;preview=true&#038;preview_id=524459"},"modified":"2024-10-12T18:27:04","modified_gmt":"2024-10-12T16:27:04","slug":"edito-passion-pour-equipe-de-france-de-foot-cherche-nouveau-souffle","status":"publish","type":"post","link":"https:\/\/dicodusport.fr\/blog\/edito-passion-pour-equipe-de-france-de-foot-cherche-nouveau-souffle\/","title":{"rendered":"\u00c9dito : Passion pour l&rsquo;\u00e9quipe de France de foot cherche nouveau souffle"},"content":{"rendered":"<h4 style=\"text-align: justify;\"><em>\u00c9DITO &#8211; En pleine Ligue des Nations, l\u2019\u00e9quipe de France a soudainement chang\u00e9 de visage. Une nouvelle \u00e8re marqu\u00e9e notamment par le d\u00e9part brutal d\u2019Antoine Griezmann, et qui laisse quelques traces dans les t\u00eates de certains supporters dont je fais partie.<\/em><\/h4>\n<p style=\"text-align: justify;\">La nuit porte conseil, mais le r\u00e9veil mardi dernier n\u2019a fait que renforcer la question que je me posais. Une question survenue apr\u00e8s l\u2019annonce de la liste de <strong>Didier Deschamps<\/strong> pour les deux prochaines rencontres de Ligue des nations : <em>\u00ab Cette \u00e9quipe-l\u00e0 me fait-elle encore r\u00eaver ? Ma passion pour ces Bleus qui m\u2019ont apport\u00e9 tant d\u2019\u00e9motions s\u2019essouffle-t-elle ? \u00bb<\/em>. Car il est vrai que depuis quelque temps, mon c\u0153ur palpite un peu moins en voyant l\u2019\u00e9quipe de France sur un terrain. Pourquoi ?<\/p>\n<ul style=\"list-style-type: disc;\">\n<li style=\"text-align: justify;\"><strong>\u00c0 ce sujet &#8211; <a href=\"https:\/\/dicodusport.fr\/blog\/equipe-de-france-la-liste-des-bleus-pour-affronter-israel-et-la-belgique\/\">La liste des Bleus pour affronter Isra\u00ebl et la Belgique<\/a><\/strong><\/li>\n<\/ul>\n<h2 style=\"text-align: justify;\">De l\u2019ennui en regardant l\u2019\u00e9quipe de France\u00a0?<\/h2>\n<p style=\"text-align: justify;\">Bien avant le d\u00e9part de certains cadres, je regrettais le manque d\u2019action sur la pelouse. Et le r\u00e9cent Euro 2024 mettait un frein suppl\u00e9mentaire \u00e0 mon envie de suivre l\u2019\u00e9quipe. Apr\u00e8s un CSC de l\u2019Autriche puis un penalty de <strong>Kylian Mbapp\u00e9<\/strong> contre la Pologne, les Bleus acc\u00e9daient aux huiti\u00e8mes. \u00ab Ok \u00bb c\u2019est tout ce qui me passait par la t\u00eate. Je restais n\u00e9anmoins pour les rendez-vous suivants. Ils allumaient les cages belges et portugaises maintes et maintes fois, mais ne cadraient pas. Et les voil\u00e0 pourtant en demies, sans un but inscrit dans le jeu. <em>\u00ab C\u2019est moche \u00bb<\/em>.<\/p>\n<p style=\"text-align: justify;\">Lasse, j&rsquo;\u00e9tais \u00e9videmment devant l&rsquo;\u00e9cran pour la demie contre l&rsquo;Espagne. \u00ab Finalement un peu de justice. \u00bb Car oui, j\u2019ai pens\u00e9 que c\u2019\u00e9tait m\u00e9rit\u00e9. \u00c0 la fois pour la <em>Roja<\/em>, auteure d\u2019une meilleure performance globale, mais \u00e9galement pour les Bleus, loin du niveau attendu. Alors c\u2019est vrai, l\u2019\u00e9quipe de France n\u2019avait jamais \u00e9t\u00e9 beaucoup port\u00e9e sur l\u2019offensive depuis le commandement Deschamps. Mais l\u2019ennui est devenu de plus en plus pr\u00e9sent au fil des ann\u00e9es. Et avec l\u2019annonce de certaines retraites internationales, mon int\u00e9r\u00eat pour les Bleus en a encore pris un sacr\u00e9 coup.<\/p>\n<blockquote class=\"twitter-tweet\">\n<p dir=\"ltr\" lang=\"fr\">Ne pas pleurer, ne pas pleurer, ne pas pas pleurer. \ud83d\ude22<\/p>\n<p>La fin d\u2019une jolie page, \u00e9crite par ces \ud835\udfd2 \ud835\udc8d\ud835\udc86\u0301\ud835\udc88\ud835\udc86\ud835\udc8f\ud835\udc85\ud835\udc86\ud835\udc94. Merci les gars \ud83d\udc99<a href=\"https:\/\/twitter.com\/hashtag\/FiersdetreBleus?src=hash&amp;ref_src=twsrc%5Etfw\">#FiersdetreBleus<\/a> <a href=\"https:\/\/t.co\/wyFNWNMXJ5\">pic.twitter.com\/wyFNWNMXJ5<\/a><\/p>\n<p>\u2014 Equipe de France \u2b50\u2b50 (@equipedefrance) <a href=\"https:\/\/twitter.com\/equipedefrance\/status\/1841490577587593626?ref_src=twsrc%5Etfw\">October 2, 2024<\/a><\/p><\/blockquote>\n<p><script async src=\"https:\/\/platform.twitter.com\/widgets.js\" charset=\"utf-8\"><\/script><\/p>\n<h2 style=\"text-align: justify;\">La retraite de Griezmann, une d\u00e9cision qui ne passe pas<\/h2>\n<p style=\"text-align: justify;\">Les d\u00e9parts de <strong>Lloris<\/strong> et <strong>Giroud<\/strong> avaient fini par \u00eatre dig\u00e9r\u00e9s. Celui de <strong>Varane<\/strong> \u00e9tait compr\u00e9hensible aussi. Mais le choc du lundi matin la semaine pass\u00e9e\u2026 Un lundi matin ! Sans un dernier tour de piste, <a href=\"https:\/\/dicodusport.fr\/blog\/equipe-de-france-antoine-griezmann-annonce-sa-retraite-internationale\/\"><strong>Antoine Griezmann<\/strong> quitte les Bleus<\/a>, d\u00e9sormais orphelins de leur m\u00e9tronome. Oui, comme \u00e7a&#8230; Dans l\u2019attente de la conf\u00e9rence de presse o\u00f9 je n&rsquo;attendais pas forc\u00e9ment de r\u00e9ponse, une seule question me tourmentait : pourquoi ?<\/p>\n<p style=\"text-align: justify;\"><em>\u00ab\u00a0Une page qui se tourne\u00a0\u00bb<\/em>\u00a0: L\u00e0-dessus, je suis d\u2019accord avec les mots du s\u00e9lectionneur apr\u00e8s l\u2019annonce d\u2019<strong>Antoine Griezmann <\/strong>de mettre un terme \u00e0 carri\u00e8re en bleu. Difficile de trouver quelqu\u2019un \u00e0 la hauteur, la trace laiss\u00e9e par le M\u00e2connais reste ind\u00e9l\u00e9bile. Au-del\u00e0 des statistiques, il s\u2019est toujours donn\u00e9 \u00e0 200% pour ce maillot tricolore et reste un monument des Bleus, effrit\u00e9 cependant par les derniers choix de son architecte.<\/p>\n<blockquote class=\"twitter-tweet\">\n<p dir=\"ltr\" lang=\"fr\">\u00ab\u00a0Est-ce que l&rsquo;id\u00e9e d&rsquo;arr\u00eater l&rsquo;Equipe de France vous a travers\u00e9 l&rsquo;esprit ?\u00a0\u00bb<\/p>\n<p>D\u00e9but septembre, Antoine Griezmann parlait de son avenir en Bleu \u00e0 <a href=\"https:\/\/twitter.com\/SaberDesfa?ref_src=twsrc%5Etfw\">@SaberDesfa<\/a> <a href=\"https:\/\/t.co\/26LhM7lteL\">pic.twitter.com\/26LhM7lteL<\/a><\/p>\n<p>\u2014 T\u00e9l\u00e9foot (@telefoot_TF1) <a href=\"https:\/\/twitter.com\/telefoot_TF1\/status\/1840712024881279142?ref_src=twsrc%5Etfw\">September 30, 2024<\/a><\/p><\/blockquote>\n<p><script async src=\"https:\/\/platform.twitter.com\/widgets.js\" charset=\"utf-8\"><\/script><\/p>\n<p style=\"text-align: justify;\"><em>\u00a0\u00ab Ce n\u2019est pas une d\u00e9cision forc\u00e9e \u00bb<\/em> : L\u00e0, je tique un peu plus sur la d\u00e9claration de <strong>Didier Deschamps<\/strong>. Car il y a encore quelques semaines, le n\u00b07 fran\u00e7ais\u2026 enfin l\u2019ex n\u00b07 fran\u00e7ais, parlait encore d\u2019une participation \u00e0 la Coupe du monde 2026. Le brassard de capitaine pour <strong>Kylian Mbapp\u00e9 <\/strong>et les r\u00e9centes sorties de banc ne sont pas des donn\u00e9es contr\u00f4l\u00e9es par Griezmann. Et nul doute que \u00e7a a pr\u00e9cipit\u00e9 cette retraite pr\u00e9matur\u00e9e. \u00c0 moins que ce ne soient les \u00e9gos des uns qui fassent la bascule, on reste dans le th\u00e8me.<\/p>\n<p style=\"text-align: justify;\">Oui, il faut laisser une place \u00e0 la jeunesse montante, aux \u00ab p\u00e9pites \u00bb de l\u2019\u00e9quipe de France. Non, on ne met pas de c\u00f4t\u00e9 des joueurs qui se sont impliqu\u00e9s corps et \u00e2me pendant des ann\u00e9es \u00e0 la premi\u00e8re contrari\u00e9t\u00e9, la moindre performance jug\u00e9e mauvaise ou encore pour faire plaisir \u00e0 certains. Car voil\u00e0, qui reste-t-il maintenant ?<\/p>\n<div class=\"vlp-link-container vlp-layout-article\"><a href=\"https:\/\/dicodusport.fr\/blog\/antoine-griezmann-les-dates-marquantes-de-sa-carriere-en-equipe-de-france\/\" class=\"vlp-link\" title=\"Antoine Griezmann : Les dates marquantes de sa carri\u00e8re en \u00e9quipe de France\"><\/a><div class=\"vlp-layout-zone-side\"><div class=\"vlp-block-4 vlp-link-image\"><img loading=\"lazy\" decoding=\"async\" style=\"max-width: 792px;\" width=\"792\" height=\"445\" src=\"https:\/\/dicodusport.fr\/blog\/wp-content\/uploads\/2024\/09\/Antoine-Griezmann-Les-dates-marquantes-de-sa-carriere-en-equipe-de-France.png\" class=\"attachment-800x445 size-800x445\" alt=\"Antoine Griezmann Les dates marquantes de sa carri\u00e8re en \u00e9quipe de France\" srcset=\"https:\/\/dicodusport.fr\/blog\/wp-content\/uploads\/2024\/09\/Antoine-Griezmann-Les-dates-marquantes-de-sa-carriere-en-equipe-de-France.png 1200w, https:\/\/dicodusport.fr\/blog\/wp-content\/uploads\/2024\/09\/Antoine-Griezmann-Les-dates-marquantes-de-sa-carriere-en-equipe-de-France-300x169.png 300w, https:\/\/dicodusport.fr\/blog\/wp-content\/uploads\/2024\/09\/Antoine-Griezmann-Les-dates-marquantes-de-sa-carriere-en-equipe-de-France-1024x575.png 1024w, https:\/\/dicodusport.fr\/blog\/wp-content\/uploads\/2024\/09\/Antoine-Griezmann-Les-dates-marquantes-de-sa-carriere-en-equipe-de-France-768x431.png 768w\" sizes=\"auto, (max-width: 792px) 100vw, 792px\" \/><\/div><\/div><div class=\"vlp-layout-zone-main\"><div class=\"vlp-block-0 vlp-link-title\">Antoine Griezmann : Les dates marquantes de sa carri\u00e8re en \u00e9quipe de France<\/div><div class=\"vlp-block-1 vlp-link-summary\"> Les dates marquantes de sa carri\u00e8re en \u00e9quipe de France<\/div><div class=\"vlp-block-2 vlp-link-button\">Lire l'article<\/div><div class=\"vlp-block-3 vlp-link-url\">dicodusport.fr<\/div><\/div><\/div>\n<h2 style=\"text-align: justify;\">Quel futur pour les Bleus ?<\/h2>\n<p style=\"text-align: justify;\">Quand il n\u2019y a plus eu <strong>Zidane<\/strong>, il y avait encore <strong>Thierry Henry<\/strong> ou <strong>Franck Rib\u00e9ry<\/strong> pour mener jusqu\u2019\u00e0 l\u2019\u00e8re de <strong>Didier Deschamps<\/strong>. Il y a eu <strong>Matuidi<\/strong> puis <strong>Pogba<\/strong> pour rapporter la Coupe \u00e0 la maison une seconde fois, aux c\u00f4t\u00e9s de <strong>Lloris<\/strong>, <strong>Varane<\/strong>, <strong>Giroud<\/strong> et <strong>Griezmann<\/strong>, dor\u00e9navant tous partis. France 2018, c\u2019\u00e9tait \u00e9galement un \u00e9tat d\u2019esprit, un groupe. Tous les joueurs performaient dans des grands clubs europ\u00e9ens, mais une fois rassembl\u00e9s, la mayonnaise prenait \u00e9galement. Sur et en dehors du terrain.<\/p>\n<p style=\"text-align: justify;\">Aujourd\u2019hui, si <strong>Kylian Mbapp\u00e9<\/strong> (Real Madrid), <strong>Bradley Barcola<\/strong> (PSG) et <strong>Michael Olise<\/strong> (Bayern Munich) sont des titulaires indiscutables dans leur \u00e9quipe respective, les retrouvailles sur un terrain manquent parfois d\u2019envie, de COLLECTIF. Les g\u00e9n\u00e9rations d\u00e9filent et le football devient davantage un business qu&rsquo;un plaisir pour bien des joueurs. Pas tous heureusement. Simplement la jeunesse ou cette histoire d\u2019\u00e9go qui revient sans cesse sur le tapis ?<\/p>\n<blockquote class=\"twitter-tweet\">\n<p dir=\"ltr\" lang=\"fr\">\ud83d\udea8 Ousmane Demb\u00e9l\u00e9 est le Bleu \ud835\uddf9\ud835\uddf2 \ud835\uddfd\ud835\uddf9\ud835\ude02\ud835\ude00 \ud835\uddf0\ud835\uddee\ud835\uddfd\ud835\uddf2\u0301 du nouveau rassemblement des Bleus avec 51 s\u00e9lections. \ud83d\ude28\ud83d\ude28<\/p>\n<p>Il est aussi le meilleur buteur avec Kolo Muani (6 buts).<\/p>\n<p>(<a href=\"https:\/\/twitter.com\/lequipe?ref_src=twsrc%5Etfw\">@lequipe<\/a>) <a href=\"https:\/\/t.co\/tEh3ecziGT\">pic.twitter.com\/tEh3ecziGT<\/a><\/p>\n<p>\u2014 BeFootball (@_BeFootball) <a href=\"https:\/\/twitter.com\/_BeFootball\/status\/1842125951800328278?ref_src=twsrc%5Etfw\">October 4, 2024<\/a><\/p><\/blockquote>\n<p><script async src=\"https:\/\/platform.twitter.com\/widgets.js\" charset=\"utf-8\"><\/script><\/p>\n<p style=\"text-align: justify;\">Inqui\u00e8te quant \u00e0 l\u2019avenir de cette \u00e9quipe de France, qui conna\u00eetra forc\u00e9ment de nouvelles perturbations, je garde n\u00e9anmoins espoir qu\u2019elle redonne \u00e9clat \u00e0 cette flamme qui s\u2019\u00e9teint peu \u00e0 peu. Souvent d\u00e9\u00e7ue ces derniers temps avec elle, je ne cesse pourtant d\u2019y croire. Je m\u2019accroche \u00e0 la suivre, en profitant pour travailler ma patience, loin d\u2019\u00eatre ma plus grande qualit\u00e9. Et il va en falloir ! Mais attention, comme pour tout un chacun, celle-ci a ses limites.<\/p>\n","protected":false},"excerpt":{"rendered":"<p>Passion pour l&rsquo;\u00e9quipe de France de foot cherche nouveau souffle<\/p>\n","protected":false},"author":18,"featured_media":524463,"comment_status":"open","ping_status":"closed","sticky":false,"template":"","format":"standard","meta":{"_acf_changed":false,"_daextam_enable_autolinks":"1","footnotes":""},"categories":[4940,2301],"tags":[340,16878,5894,199,75,24],"class_list":["post-524459","post","type-post","status-publish","format-standard","has-post-thumbnail","hentry","category-edito","category-football","tag-antoine-griezmann","tag-breve","tag-edito","tag-equipe-de-france","tag-football","tag-sport"],"acf":[],"yoast_head":"<!-- This site is optimized with the Yoast SEO Premium plugin v26.7 (Yoast SEO v26.7) - https:\/\/yoast.com\/wordpress\/plugins\/seo\/ -->\n<title>\u00c9dito : Passion pour l&#039;\u00e9quipe de France de foot cherche nouveau souffle<\/title>\n<meta name=\"description\" content=\"\u00c9DITO - En pleine Ligue des Nations, l\u2019\u00e9quipe de France a soudainement chang\u00e9 de visage. Une nouvelle \u00e8re qui laisse quelques marques.\" \/>\n<meta name=\"robots\" content=\"index, follow, max-snippet:-1, max-image-preview:large, max-video-preview:-1\" \/>\n<link rel=\"canonical\" href=\"https:\/\/dicodusport.fr\/blog\/edito-passion-pour-equipe-de-france-de-foot-cherche-nouveau-souffle\/\" \/>\n<meta property=\"og:locale\" content=\"fr_FR\" \/>\n<meta property=\"og:type\" content=\"article\" \/>\n<meta property=\"og:title\" content=\"\u00c9dito : Passion pour l&#039;\u00e9quipe de France de foot cherche nouveau souffle\" \/>\n<meta property=\"og:description\" content=\"\u00c9DITO - En pleine Ligue des Nations, l\u2019\u00e9quipe de France a soudainement chang\u00e9 de visage. Une nouvelle \u00e8re qui laisse quelques marques.\" \/>\n<meta property=\"og:url\" content=\"https:\/\/dicodusport.fr\/blog\/edito-passion-pour-equipe-de-france-de-foot-cherche-nouveau-souffle\/\" \/>\n<meta property=\"og:site_name\" content=\"Dicodusport\" \/>\n<meta property=\"article:publisher\" content=\"https:\/\/www.facebook.com\/dicodusport\" \/>\n<meta property=\"article:author\" content=\"https:\/\/www.facebook.com\/soocube\" \/>\n<meta property=\"article:published_time\" content=\"2024-10-07T14:30:10+00:00\" \/>\n<meta property=\"article:modified_time\" content=\"2024-10-12T16:27:04+00:00\" \/>\n<meta property=\"og:image\" content=\"https:\/\/dicodusport.fr\/blog\/wp-content\/uploads\/2024\/10\/Edito-Passion-pour-lequipe-de-France-de-foot-cherche-nouveau-souffle.png\" \/>\n\t<meta property=\"og:image:width\" content=\"1200\" \/>\n\t<meta property=\"og:image:height\" content=\"674\" \/>\n\t<meta property=\"og:image:type\" content=\"image\/png\" \/>\n<meta name=\"author\" content=\"Sophie Clapier\" \/>\n<meta name=\"twitter:card\" content=\"summary_large_image\" \/>\n<meta name=\"twitter:title\" content=\"\u00c9dito : Passion pour l&#039;\u00e9quipe de France de foot cherche nouveau souffle\" \/>\n<meta name=\"twitter:creator\" content=\"@https:\/\/twitter.com\/soocube\" \/>\n<meta name=\"twitter:site\" content=\"@dicodusport\" \/>\n<script type=\"application\/ld+json\" class=\"yoast-schema-graph\">{\"@context\":\"https:\/\/schema.org\",\"@graph\":[{\"@type\":\"NewsArticle\",\"@id\":\"https:\/\/dicodusport.fr\/blog\/edito-passion-pour-equipe-de-france-de-foot-cherche-nouveau-souffle\/#article\",\"isPartOf\":{\"@id\":\"https:\/\/dicodusport.fr\/blog\/edito-passion-pour-equipe-de-france-de-foot-cherche-nouveau-souffle\/\"},\"author\":{\"name\":\"Sophie Clapier\",\"@id\":\"https:\/\/dicodusport.fr\/blog\/#\/schema\/person\/416c975648aca9da8839bdfe333a21c9\"},\"headline\":\"\u00c9dito : Passion pour l&rsquo;\u00e9quipe de France de foot cherche nouveau souffle\",\"datePublished\":\"2024-10-07T14:30:10+00:00\",\"dateModified\":\"2024-10-12T16:27:04+00:00\",\"mainEntityOfPage\":{\"@id\":\"https:\/\/dicodusport.fr\/blog\/edito-passion-pour-equipe-de-france-de-foot-cherche-nouveau-souffle\/\"},\"wordCount\":1143,\"commentCount\":0,\"publisher\":{\"@id\":\"https:\/\/dicodusport.fr\/blog\/#organization\"},\"image\":{\"@id\":\"https:\/\/dicodusport.fr\/blog\/edito-passion-pour-equipe-de-france-de-foot-cherche-nouveau-souffle\/#primaryimage\"},\"thumbnailUrl\":\"https:\/\/dicodusport.fr\/blog\/wp-content\/uploads\/2024\/10\/Edito-Passion-pour-lequipe-de-France-de-foot-cherche-nouveau-souffle.png\",\"keywords\":[\"Antoine Griezmann\",\"br\u00e8ve\",\"Edito\",\"\u00c9quipe de France\",\"Football\",\"sport\"],\"articleSection\":[\"Edito\",\"Football\"],\"inLanguage\":\"fr-FR\",\"potentialAction\":[{\"@type\":\"CommentAction\",\"name\":\"Comment\",\"target\":[\"https:\/\/dicodusport.fr\/blog\/edito-passion-pour-equipe-de-france-de-foot-cherche-nouveau-souffle\/#respond\"]}],\"copyrightYear\":\"2024\",\"copyrightHolder\":{\"@id\":\"https:\/\/dicodusport.fr\/blog\/#organization\"}},{\"@type\":\"WebPage\",\"@id\":\"https:\/\/dicodusport.fr\/blog\/edito-passion-pour-equipe-de-france-de-foot-cherche-nouveau-souffle\/\",\"url\":\"https:\/\/dicodusport.fr\/blog\/edito-passion-pour-equipe-de-france-de-foot-cherche-nouveau-souffle\/\",\"name\":\"\u00c9dito : Passion pour l'\u00e9quipe de France de foot cherche nouveau souffle\",\"isPartOf\":{\"@id\":\"https:\/\/dicodusport.fr\/blog\/#website\"},\"primaryImageOfPage\":{\"@id\":\"https:\/\/dicodusport.fr\/blog\/edito-passion-pour-equipe-de-france-de-foot-cherche-nouveau-souffle\/#primaryimage\"},\"image\":{\"@id\":\"https:\/\/dicodusport.fr\/blog\/edito-passion-pour-equipe-de-france-de-foot-cherche-nouveau-souffle\/#primaryimage\"},\"thumbnailUrl\":\"https:\/\/dicodusport.fr\/blog\/wp-content\/uploads\/2024\/10\/Edito-Passion-pour-lequipe-de-France-de-foot-cherche-nouveau-souffle.png\",\"datePublished\":\"2024-10-07T14:30:10+00:00\",\"dateModified\":\"2024-10-12T16:27:04+00:00\",\"description\":\"\u00c9DITO - En pleine Ligue des Nations, l\u2019\u00e9quipe de France a soudainement chang\u00e9 de visage. Une nouvelle \u00e8re qui laisse quelques marques.\",\"breadcrumb\":{\"@id\":\"https:\/\/dicodusport.fr\/blog\/edito-passion-pour-equipe-de-france-de-foot-cherche-nouveau-souffle\/#breadcrumb\"},\"inLanguage\":\"fr-FR\",\"potentialAction\":[{\"@type\":\"ReadAction\",\"target\":[\"https:\/\/dicodusport.fr\/blog\/edito-passion-pour-equipe-de-france-de-foot-cherche-nouveau-souffle\/\"]}]},{\"@type\":\"ImageObject\",\"inLanguage\":\"fr-FR\",\"@id\":\"https:\/\/dicodusport.fr\/blog\/edito-passion-pour-equipe-de-france-de-foot-cherche-nouveau-souffle\/#primaryimage\",\"url\":\"https:\/\/dicodusport.fr\/blog\/wp-content\/uploads\/2024\/10\/Edito-Passion-pour-lequipe-de-France-de-foot-cherche-nouveau-souffle.png\",\"contentUrl\":\"https:\/\/dicodusport.fr\/blog\/wp-content\/uploads\/2024\/10\/Edito-Passion-pour-lequipe-de-France-de-foot-cherche-nouveau-souffle.png\",\"width\":1200,\"height\":674,\"caption\":\"\u00c9dito Passion pour l'\u00e9quipe de France de foot cherche nouveau souffle\"},{\"@type\":\"BreadcrumbList\",\"@id\":\"https:\/\/dicodusport.fr\/blog\/edito-passion-pour-equipe-de-france-de-foot-cherche-nouveau-souffle\/#breadcrumb\",\"itemListElement\":[{\"@type\":\"ListItem\",\"position\":1,\"name\":\"Accueil\",\"item\":\"https:\/\/dicodusport.fr\/blog\/\"},{\"@type\":\"ListItem\",\"position\":2,\"name\":\"\u00c9dito : Passion pour l&#8217;\u00e9quipe de France de foot cherche nouveau souffle\"}]},{\"@type\":\"WebSite\",\"@id\":\"https:\/\/dicodusport.fr\/blog\/#website\",\"url\":\"https:\/\/dicodusport.fr\/blog\/\",\"name\":\"Dicodusport\",\"description\":\"L&#039;encyclop\u00e9die de l&#039;actualit\u00e9 sportive\",\"publisher\":{\"@id\":\"https:\/\/dicodusport.fr\/blog\/#organization\"},\"potentialAction\":[{\"@type\":\"SearchAction\",\"target\":{\"@type\":\"EntryPoint\",\"urlTemplate\":\"https:\/\/dicodusport.fr\/blog\/?s={search_term_string}\"},\"query-input\":{\"@type\":\"PropertyValueSpecification\",\"valueRequired\":true,\"valueName\":\"search_term_string\"}}],\"inLanguage\":\"fr-FR\"},{\"@type\":\"NewsMediaOrganization\",\"@id\":\"https:\/\/dicodusport.fr\/blog\/#organization\",\"name\":\"Dicodusport\",\"url\":\"https:\/\/dicodusport.fr\/blog\/\",\"logo\":{\"@type\":\"ImageObject\",\"inLanguage\":\"fr-FR\",\"@id\":\"https:\/\/dicodusport.fr\/blog\/#\/schema\/logo\/image\/\",\"url\":\"https:\/\/dicodusport.fr\/blog\/wp-content\/uploads\/2020\/06\/cropped-LOGO-DICODUSPORT-2020-SANS-FOND-SANS-TEXTE.png\",\"contentUrl\":\"https:\/\/dicodusport.fr\/blog\/wp-content\/uploads\/2020\/06\/cropped-LOGO-DICODUSPORT-2020-SANS-FOND-SANS-TEXTE.png\",\"width\":512,\"height\":512,\"caption\":\"Dicodusport\"},\"image\":{\"@id\":\"https:\/\/dicodusport.fr\/blog\/#\/schema\/logo\/image\/\"},\"sameAs\":[\"https:\/\/www.facebook.com\/dicodusport\",\"https:\/\/x.com\/dicodusport\",\"https:\/\/www.instagram.com\/dicodusport\/\",\"https:\/\/www.youtube.com\/channel\/UC7V2KZ5sd3htJivAbA4ZG3w\"],\"description\":\"Dicodusport est l'encyclop\u00e9die de l'actualit\u00e9 sportive.\",\"email\":\"bonjour@dicodusport.fr\",\"legalName\":\"DICODUSPORT\",\"foundingDate\":\"2018-01-14\",\"vatID\":\"FR71834470973\",\"taxID\":\"83447097300043\",\"numberOfEmployees\":{\"@type\":\"QuantitativeValue\",\"minValue\":\"1\",\"maxValue\":\"10\"}},{\"@type\":\"Person\",\"@id\":\"https:\/\/dicodusport.fr\/blog\/#\/schema\/person\/416c975648aca9da8839bdfe333a21c9\",\"name\":\"Sophie Clapier\",\"image\":{\"@type\":\"ImageObject\",\"inLanguage\":\"fr-FR\",\"@id\":\"https:\/\/dicodusport.fr\/blog\/#\/schema\/person\/image\/\",\"url\":\"https:\/\/dicodusport.fr\/blog\/wp-content\/uploads\/2021\/05\/Sophie-Clapier-150x150.jpg\",\"contentUrl\":\"https:\/\/dicodusport.fr\/blog\/wp-content\/uploads\/2021\/05\/Sophie-Clapier-150x150.jpg\",\"caption\":\"Sophie Clapier\"},\"description\":\"Journaliste\/r\u00e9dactrice depuis janvier 2016 - Passionn\u00e9e de sport depuis toujours, j\u2019en ai pratiqu\u00e9 quelques-uns. Judo, football, handball ou encore tennis, je n\u2019ai jamais pu me mettre d\u2019accord sur un en particulier. Mais \u00e7a, c\u2019\u00e9tait avant de d\u00e9couvrir le basket, devenu mon sport de pr\u00e9dilection. Les actions NBA, le All-Star Week-end, la fureur des Game 7 pendant les playoffs ou mieux, lors des Finals, this is why we play. Team Spurs T.P, je m\u2019accroche encore \u00e0 Gregg Popovich (don\u2019t leave !). Team chef Curry, je souhaite qu\u2019il finisse aux Warriors (staaaay !). Non, il n\u2019y a pas qu\u2019eux, des petits nouveaux -et des petites nouvelles \u00e9videmment- arrivent chaque jour dans toutes les disciplines et cr\u00e9ent de nouveaux exploits. Alors pour les grands \u00e9v\u00e9nements et comp\u00e9titions internationales, vive les pulsations 240\/minutes et le d\u00e9fibrillateur pas loin, et allez les Bleu(e)s ! C\u2019est s\u00fbr, j\u2019aurai plus vu ma vie sur un terrain de sport, mais \u00e0 d\u00e9faut d\u2019en faire en haut niveau, je le partage avec vous.\",\"sameAs\":[\"https:\/\/www.facebook.com\/soocube\",\"https:\/\/x.com\/https:\/\/twitter.com\/soocube\",\"admin\"],\"url\":\"https:\/\/dicodusport.fr\/blog\/author\/sophie\/\"}]}<\/script>\n<!-- \/ Yoast SEO Premium plugin. -->","yoast_head_json":{"title":"\u00c9dito : Passion pour l'\u00e9quipe de France de foot cherche nouveau souffle","description":"\u00c9DITO - En pleine Ligue des Nations, l\u2019\u00e9quipe de France a soudainement chang\u00e9 de visage. Une nouvelle \u00e8re qui laisse quelques marques.","robots":{"index":"index","follow":"follow","max-snippet":"max-snippet:-1","max-image-preview":"max-image-preview:large","max-video-preview":"max-video-preview:-1"},"canonical":"https:\/\/dicodusport.fr\/blog\/edito-passion-pour-equipe-de-france-de-foot-cherche-nouveau-souffle\/","og_locale":"fr_FR","og_type":"article","og_title":"\u00c9dito : Passion pour l'\u00e9quipe de France de foot cherche nouveau souffle","og_description":"\u00c9DITO - En pleine Ligue des Nations, l\u2019\u00e9quipe de France a soudainement chang\u00e9 de visage. Une nouvelle \u00e8re qui laisse quelques marques.","og_url":"https:\/\/dicodusport.fr\/blog\/edito-passion-pour-equipe-de-france-de-foot-cherche-nouveau-souffle\/","og_site_name":"Dicodusport","article_publisher":"https:\/\/www.facebook.com\/dicodusport","article_author":"https:\/\/www.facebook.com\/soocube","article_published_time":"2024-10-07T14:30:10+00:00","article_modified_time":"2024-10-12T16:27:04+00:00","og_image":[{"width":1200,"height":674,"url":"https:\/\/dicodusport.fr\/blog\/wp-content\/uploads\/2024\/10\/Edito-Passion-pour-lequipe-de-France-de-foot-cherche-nouveau-souffle.png","type":"image\/png"}],"author":"Sophie Clapier","twitter_card":"summary_large_image","twitter_title":"\u00c9dito : Passion pour l'\u00e9quipe de France de foot cherche nouveau souffle","twitter_creator":"@https:\/\/twitter.com\/soocube","twitter_site":"@dicodusport","schema":{"@context":"https:\/\/schema.org","@graph":[{"@type":"NewsArticle","@id":"https:\/\/dicodusport.fr\/blog\/edito-passion-pour-equipe-de-france-de-foot-cherche-nouveau-souffle\/#article","isPartOf":{"@id":"https:\/\/dicodusport.fr\/blog\/edito-passion-pour-equipe-de-france-de-foot-cherche-nouveau-souffle\/"},"author":{"name":"Sophie Clapier","@id":"https:\/\/dicodusport.fr\/blog\/#\/schema\/person\/416c975648aca9da8839bdfe333a21c9"},"headline":"\u00c9dito : Passion pour l&rsquo;\u00e9quipe de France de foot cherche nouveau souffle","datePublished":"2024-10-07T14:30:10+00:00","dateModified":"2024-10-12T16:27:04+00:00","mainEntityOfPage":{"@id":"https:\/\/dicodusport.fr\/blog\/edito-passion-pour-equipe-de-france-de-foot-cherche-nouveau-souffle\/"},"wordCount":1143,"commentCount":0,"publisher":{"@id":"https:\/\/dicodusport.fr\/blog\/#organization"},"image":{"@id":"https:\/\/dicodusport.fr\/blog\/edito-passion-pour-equipe-de-france-de-foot-cherche-nouveau-souffle\/#primaryimage"},"thumbnailUrl":"https:\/\/dicodusport.fr\/blog\/wp-content\/uploads\/2024\/10\/Edito-Passion-pour-lequipe-de-France-de-foot-cherche-nouveau-souffle.png","keywords":["Antoine Griezmann","br\u00e8ve","Edito","\u00c9quipe de France","Football","sport"],"articleSection":["Edito","Football"],"inLanguage":"fr-FR","potentialAction":[{"@type":"CommentAction","name":"Comment","target":["https:\/\/dicodusport.fr\/blog\/edito-passion-pour-equipe-de-france-de-foot-cherche-nouveau-souffle\/#respond"]}],"copyrightYear":"2024","copyrightHolder":{"@id":"https:\/\/dicodusport.fr\/blog\/#organization"}},{"@type":"WebPage","@id":"https:\/\/dicodusport.fr\/blog\/edito-passion-pour-equipe-de-france-de-foot-cherche-nouveau-souffle\/","url":"https:\/\/dicodusport.fr\/blog\/edito-passion-pour-equipe-de-france-de-foot-cherche-nouveau-souffle\/","name":"\u00c9dito : Passion pour l'\u00e9quipe de France de foot cherche nouveau souffle","isPartOf":{"@id":"https:\/\/dicodusport.fr\/blog\/#website"},"primaryImageOfPage":{"@id":"https:\/\/dicodusport.fr\/blog\/edito-passion-pour-equipe-de-france-de-foot-cherche-nouveau-souffle\/#primaryimage"},"image":{"@id":"https:\/\/dicodusport.fr\/blog\/edito-passion-pour-equipe-de-france-de-foot-cherche-nouveau-souffle\/#primaryimage"},"thumbnailUrl":"https:\/\/dicodusport.fr\/blog\/wp-content\/uploads\/2024\/10\/Edito-Passion-pour-lequipe-de-France-de-foot-cherche-nouveau-souffle.png","datePublished":"2024-10-07T14:30:10+00:00","dateModified":"2024-10-12T16:27:04+00:00","description":"\u00c9DITO - En pleine Ligue des Nations, l\u2019\u00e9quipe de France a soudainement chang\u00e9 de visage. Une nouvelle \u00e8re qui laisse quelques marques.","breadcrumb":{"@id":"https:\/\/dicodusport.fr\/blog\/edito-passion-pour-equipe-de-france-de-foot-cherche-nouveau-souffle\/#breadcrumb"},"inLanguage":"fr-FR","potentialAction":[{"@type":"ReadAction","target":["https:\/\/dicodusport.fr\/blog\/edito-passion-pour-equipe-de-france-de-foot-cherche-nouveau-souffle\/"]}]},{"@type":"ImageObject","inLanguage":"fr-FR","@id":"https:\/\/dicodusport.fr\/blog\/edito-passion-pour-equipe-de-france-de-foot-cherche-nouveau-souffle\/#primaryimage","url":"https:\/\/dicodusport.fr\/blog\/wp-content\/uploads\/2024\/10\/Edito-Passion-pour-lequipe-de-France-de-foot-cherche-nouveau-souffle.png","contentUrl":"https:\/\/dicodusport.fr\/blog\/wp-content\/uploads\/2024\/10\/Edito-Passion-pour-lequipe-de-France-de-foot-cherche-nouveau-souffle.png","width":1200,"height":674,"caption":"\u00c9dito Passion pour l'\u00e9quipe de France de foot cherche nouveau souffle"},{"@type":"BreadcrumbList","@id":"https:\/\/dicodusport.fr\/blog\/edito-passion-pour-equipe-de-france-de-foot-cherche-nouveau-souffle\/#breadcrumb","itemListElement":[{"@type":"ListItem","position":1,"name":"Accueil","item":"https:\/\/dicodusport.fr\/blog\/"},{"@type":"ListItem","position":2,"name":"\u00c9dito : Passion pour l&#8217;\u00e9quipe de France de foot cherche nouveau souffle"}]},{"@type":"WebSite","@id":"https:\/\/dicodusport.fr\/blog\/#website","url":"https:\/\/dicodusport.fr\/blog\/","name":"Dicodusport","description":"L&#039;encyclop\u00e9die de l&#039;actualit\u00e9 sportive","publisher":{"@id":"https:\/\/dicodusport.fr\/blog\/#organization"},"potentialAction":[{"@type":"SearchAction","target":{"@type":"EntryPoint","urlTemplate":"https:\/\/dicodusport.fr\/blog\/?s={search_term_string}"},"query-input":{"@type":"PropertyValueSpecification","valueRequired":true,"valueName":"search_term_string"}}],"inLanguage":"fr-FR"},{"@type":"NewsMediaOrganization","@id":"https:\/\/dicodusport.fr\/blog\/#organization","name":"Dicodusport","url":"https:\/\/dicodusport.fr\/blog\/","logo":{"@type":"ImageObject","inLanguage":"fr-FR","@id":"https:\/\/dicodusport.fr\/blog\/#\/schema\/logo\/image\/","url":"https:\/\/dicodusport.fr\/blog\/wp-content\/uploads\/2020\/06\/cropped-LOGO-DICODUSPORT-2020-SANS-FOND-SANS-TEXTE.png","contentUrl":"https:\/\/dicodusport.fr\/blog\/wp-content\/uploads\/2020\/06\/cropped-LOGO-DICODUSPORT-2020-SANS-FOND-SANS-TEXTE.png","width":512,"height":512,"caption":"Dicodusport"},"image":{"@id":"https:\/\/dicodusport.fr\/blog\/#\/schema\/logo\/image\/"},"sameAs":["https:\/\/www.facebook.com\/dicodusport","https:\/\/x.com\/dicodusport","https:\/\/www.instagram.com\/dicodusport\/","https:\/\/www.youtube.com\/channel\/UC7V2KZ5sd3htJivAbA4ZG3w"],"description":"Dicodusport est l'encyclop\u00e9die de l'actualit\u00e9 sportive.","email":"bonjour@dicodusport.fr","legalName":"DICODUSPORT","foundingDate":"2018-01-14","vatID":"FR71834470973","taxID":"83447097300043","numberOfEmployees":{"@type":"QuantitativeValue","minValue":"1","maxValue":"10"}},{"@type":"Person","@id":"https:\/\/dicodusport.fr\/blog\/#\/schema\/person\/416c975648aca9da8839bdfe333a21c9","name":"Sophie Clapier","image":{"@type":"ImageObject","inLanguage":"fr-FR","@id":"https:\/\/dicodusport.fr\/blog\/#\/schema\/person\/image\/","url":"https:\/\/dicodusport.fr\/blog\/wp-content\/uploads\/2021\/05\/Sophie-Clapier-150x150.jpg","contentUrl":"https:\/\/dicodusport.fr\/blog\/wp-content\/uploads\/2021\/05\/Sophie-Clapier-150x150.jpg","caption":"Sophie Clapier"},"description":"Journaliste\/r\u00e9dactrice depuis janvier 2016 - Passionn\u00e9e de sport depuis toujours, j\u2019en ai pratiqu\u00e9 quelques-uns. Judo, football, handball ou encore tennis, je n\u2019ai jamais pu me mettre d\u2019accord sur un en particulier. Mais \u00e7a, c\u2019\u00e9tait avant de d\u00e9couvrir le basket, devenu mon sport de pr\u00e9dilection. Les actions NBA, le All-Star Week-end, la fureur des Game 7 pendant les playoffs ou mieux, lors des Finals, this is why we play. Team Spurs T.P, je m\u2019accroche encore \u00e0 Gregg Popovich (don\u2019t leave !). Team chef Curry, je souhaite qu\u2019il finisse aux Warriors (staaaay !). Non, il n\u2019y a pas qu\u2019eux, des petits nouveaux -et des petites nouvelles \u00e9videmment- arrivent chaque jour dans toutes les disciplines et cr\u00e9ent de nouveaux exploits. Alors pour les grands \u00e9v\u00e9nements et comp\u00e9titions internationales, vive les pulsations 240\/minutes et le d\u00e9fibrillateur pas loin, et allez les Bleu(e)s ! C\u2019est s\u00fbr, j\u2019aurai plus vu ma vie sur un terrain de sport, mais \u00e0 d\u00e9faut d\u2019en faire en haut niveau, je le partage avec vous.","sameAs":["https:\/\/www.facebook.com\/soocube","https:\/\/x.com\/https:\/\/twitter.com\/soocube","admin"],"url":"https:\/\/dicodusport.fr\/blog\/author\/sophie\/"}]}},"_links":{"self":[{"href":"https:\/\/dicodusport.fr\/blog\/wp-json\/wp\/v2\/posts\/524459","targetHints":{"allow":["GET"]}}],"collection":[{"href":"https:\/\/dicodusport.fr\/blog\/wp-json\/wp\/v2\/posts"}],"about":[{"href":"https:\/\/dicodusport.fr\/blog\/wp-json\/wp\/v2\/types\/post"}],"author":[{"embeddable":true,"href":"https:\/\/dicodusport.fr\/blog\/wp-json\/wp\/v2\/users\/18"}],"replies":[{"embeddable":true,"href":"https:\/\/dicodusport.fr\/blog\/wp-json\/wp\/v2\/comments?post=524459"}],"version-history":[{"count":5,"href":"https:\/\/dicodusport.fr\/blog\/wp-json\/wp\/v2\/posts\/524459\/revisions"}],"predecessor-version":[{"id":526074,"href":"https:\/\/dicodusport.fr\/blog\/wp-json\/wp\/v2\/posts\/524459\/revisions\/526074"}],"wp:featuredmedia":[{"embeddable":true,"href":"https:\/\/dicodusport.fr\/blog\/wp-json\/wp\/v2\/media\/524463"}],"wp:attachment":[{"href":"https:\/\/dicodusport.fr\/blog\/wp-json\/wp\/v2\/media?parent=524459"}],"wp:term":[{"taxonomy":"category","embeddable":true,"href":"https:\/\/dicodusport.fr\/blog\/wp-json\/wp\/v2\/categories?post=524459"},{"taxonomy":"post_tag","embeddable":true,"href":"https:\/\/dicodusport.fr\/blog\/wp-json\/wp\/v2\/tags?post=524459"}],"curies":[{"name":"wp","href":"https:\/\/api.w.org\/{rel}","templated":true}]}}