{"id":524558,"date":"2024-10-04T22:56:49","date_gmt":"2024-10-04T20:56:49","guid":{"rendered":"https:\/\/dicodusport.fr\/blog\/?p=524558&#038;preview=true&#038;preview_id=524558"},"modified":"2024-10-04T23:07:55","modified_gmt":"2024-10-04T21:07:55","slug":"vtt-mont-sainte-anne-sina-frei-recidive-en-remportant-le-format-court-devant-loana-lecomte","status":"publish","type":"post","link":"https:\/\/dicodusport.fr\/blog\/vtt-mont-sainte-anne-sina-frei-recidive-en-remportant-le-format-court-devant-loana-lecomte\/","title":{"rendered":"VTT Mont-Sainte-Anne : Sina Frei r\u00e9cidive en remportant le format court devant Loana Lecomte"},"content":{"rendered":"<h4 style=\"text-align: justify;\"><em>VTT MONT-SAINTE-ANNE &#8211; Loana Lecomte n&rsquo;\u00e9tait pas loin d&rsquo;une 3e victoire en XCC. La Fran\u00e7aise a attaqu\u00e9 dans le dernier tour, mais se fait devancer par Sina Frei. La Suissesse gagne encore, apr\u00e8s Lake Placid.<\/em><\/h4>\n<ul>\n<li style=\"text-align: justify;\"><strong>\u00c0 ce sujet &#8211; <a href=\"https:\/\/dicodusport.fr\/blog\/vtt-xcc-mont-sainte-anne-classement-course-femmes\/\">VTT XCC Mont-Sainte-Anne \u2013 Classement Course femmes<\/a><\/strong><\/li>\n<\/ul>\n<p style=\"text-align: justify;\">C&rsquo;est le dernier week-end ! Apr\u00e8s une saison harassante avec la Coupe du monde, les Mondiaux et les Jeux Olympiques, les v\u00e9t\u00e9tistes terminent leur ann\u00e9e au Canada. Mont Sainte-Anne est l&rsquo;h\u00f4te de ces finales. Sous un grand soleil, le dernier XCC en 2024 revient \u00e0 <strong>Sina Frei.<\/strong> D\u00e9j\u00e0 victorieuse \u00e0 Lake Placid, la Suissesse r\u00e9cidive et empoche la 2e victoire de sa carri\u00e8re. <strong>Loana Lecomte<\/strong> \u00e9tait en jambes, mais est tomb\u00e9e sur l\u00e9g\u00e8rement plus forte. C&rsquo;est une 2e place pour la championne de France.<\/p>\n<h2>Loana Lecomte en grande forme, Frei domine<\/h2>\n<p style=\"text-align: justify;\">Un gros rythme est impos\u00e9 d\u00e8s les premiers m\u00e8tres. La plupart des dames se mettent en danseuse pour se positionner au mieux. <strong>Loana Lecomte<\/strong> a r\u00e9ussi \u00e0 se placer devant, avec le reste des favorites \u00e0 la victoire. Comme \u00e0 chaque format court, l&rsquo;Italienne <strong>Chiara Teocchi<\/strong> montre son maillot Orbea vert pomme. La cycliste de poche (1,55 m) reste aux avant-postes puis d\u00e9gringole finalement quand la course s&rsquo;acc\u00e9l\u00e8re. \u00c0 la moiti\u00e9 du XCC, elles sont une douzaine en file indienne, mais certaines frottent tout de m\u00eame pour garder leur position.<\/p>\n<ul>\n<li style=\"text-align: justify;\"><strong>\u00c0 ce sujet &#8211; <\/strong><a href=\"https:\/\/dicodusport.fr\/blog\/coupe-du-monde-de-vtt-2024-classement-general-femmes\/\"><strong>Coupe du monde de VTT 2024 \u2013 Classement g\u00e9n\u00e9ral femmes<\/strong><\/a><\/li>\n<\/ul>\n<p style=\"text-align: justify;\">Malgr\u00e9 la nervosit\u00e9, le sprint final se d\u00e9clenche r\u00e9ellement dans le dernier tour. <strong>Loana Lecomte<\/strong>, qui ne laisse rien para\u00eetre sur son visage, allume la m\u00e8che. L&rsquo;Ann\u00e9cienne attaque dans la premi\u00e8re mont\u00e9e. Seules <strong>Sina Frei<\/strong> et <strong>Evie Richards<\/strong> peuvent suivre. La Suissesse colle \u00e0 sa roue et vient en rajouter sur la fin pour s&rsquo;imposer avec quelques v\u00e9los d&rsquo;avance. <strong>Lecomte<\/strong> r\u00e9siste \u00e0 la championne du monde pour garder sa 2e place. Elle est sur une bonne dynamique apr\u00e8s ses 4e et 3e places \u00e0 Lake Placid. <strong>Alessandra Keller<\/strong> avait d\u00e9j\u00e0 s\u00e9curis\u00e9 le classement XCC et elle s&rsquo;assure maintenant le classement g\u00e9n\u00e9ral pour la 2e fois de sa carri\u00e8re.<\/p>\n<blockquote class=\"twitter-tweet\">\n<p dir=\"ltr\" lang=\"en\">Two in a row for Sina Frei \ud83c\udde8\ud83c\udded<\/p>\n<p>Women Elite XCC \ud83e\udd47 in Mont-Sainte-Anne<a href=\"https:\/\/twitter.com\/hashtag\/MTBWorldCup?src=hash&amp;ref_src=twsrc%5Etfw\">#MTBWorldCup<\/a> <a href=\"https:\/\/t.co\/deyuuEJThE\">pic.twitter.com\/deyuuEJThE<\/a><\/p>\n<p>\u2014 UCI MTB (@UCI_MTB) <a href=\"https:\/\/twitter.com\/UCI_MTB\/status\/1842307257612091448?ref_src=twsrc%5Etfw\">October 4, 2024<\/a><\/p><\/blockquote>\n<p><script async src=\"https:\/\/platform.twitter.com\/widgets.js\" charset=\"utf-8\"><\/script><\/p>\n","protected":false},"excerpt":{"rendered":"<p>Sina Frei r\u00e9cidive en remportant le format court devant Loana Lecomte<\/p>\n","protected":false},"author":61,"featured_media":524563,"comment_status":"open","ping_status":"closed","sticky":false,"template":"","format":"standard","meta":{"_acf_changed":false,"_daextam_enable_autolinks":"1","footnotes":""},"categories":[10279],"tags":[32415,16878,1530,10994,692,24673,25598],"class_list":["post-524558","post","type-post","status-publish","format-standard","has-post-thumbnail","hentry","category-vtt","tag-actu","tag-breve","tag-coupe-du-monde","tag-loana-lecomte","tag-vtt","tag-vtt-xcc","tag-vtt-xcc-mont-sainte-anne"],"acf":[],"yoast_head":"<!-- This site is optimized with the Yoast SEO Premium plugin v26.7 (Yoast SEO v26.7) - https:\/\/yoast.com\/wordpress\/plugins\/seo\/ -->\n<title>VTT Mont-Sainte-Anne : Sina Frei r\u00e9cidive en remportant le format court devant Loana Lecomte<\/title>\n<meta name=\"description\" content=\"Loana Lecomte n&#039;\u00e9tait pas loin d&#039;une 3e victoire en XCC. La Fran\u00e7aise a attaqu\u00e9 dans le dernier tour mais se fait devancer par Sina Frei.\" \/>\n<meta name=\"robots\" content=\"index, follow, max-snippet:-1, max-image-preview:large, max-video-preview:-1\" \/>\n<link rel=\"canonical\" href=\"https:\/\/dicodusport.fr\/blog\/vtt-mont-sainte-anne-sina-frei-recidive-en-remportant-le-format-court-devant-loana-lecomte\/\" \/>\n<meta property=\"og:locale\" content=\"fr_FR\" \/>\n<meta property=\"og:type\" content=\"article\" \/>\n<meta property=\"og:title\" content=\"VTT Mont-Sainte-Anne : Sina Frei r\u00e9cidive en remportant le format court devant Loana Lecomte\" \/>\n<meta property=\"og:description\" content=\"Loana Lecomte n&#039;\u00e9tait pas loin d&#039;une 3e victoire en XCC. La Fran\u00e7aise a attaqu\u00e9 dans le dernier tour mais se fait devancer par Sina Frei.\" \/>\n<meta property=\"og:url\" content=\"https:\/\/dicodusport.fr\/blog\/vtt-mont-sainte-anne-sina-frei-recidive-en-remportant-le-format-court-devant-loana-lecomte\/\" \/>\n<meta property=\"og:site_name\" content=\"Dicodusport\" \/>\n<meta property=\"article:publisher\" content=\"https:\/\/www.facebook.com\/dicodusport\" \/>\n<meta property=\"article:published_time\" content=\"2024-10-04T20:56:49+00:00\" \/>\n<meta property=\"article:modified_time\" content=\"2024-10-04T21:07:55+00:00\" \/>\n<meta property=\"og:image\" content=\"https:\/\/dicodusport.fr\/blog\/wp-content\/uploads\/2024\/10\/VTT-Mont-Sainte-Anne-Sina-Frei-recidive-en-remportant-le-format-court-devant-Loana-Lecomte.png\" \/>\n\t<meta property=\"og:image:width\" content=\"1200\" \/>\n\t<meta property=\"og:image:height\" content=\"674\" \/>\n\t<meta property=\"og:image:type\" content=\"image\/png\" \/>\n<meta name=\"author\" content=\"Pierre Gorce\" \/>\n<meta name=\"twitter:card\" content=\"summary_large_image\" \/>\n<meta name=\"twitter:title\" content=\"VTT Mont-Sainte-Anne : Sina Frei r\u00e9cidive en remportant le format court devant Loana Lecomte\" \/>\n<meta name=\"twitter:creator\" content=\"@https:\/\/twitter.com\/pierregorce12\" \/>\n<meta name=\"twitter:site\" content=\"@dicodusport\" \/>\n<script type=\"application\/ld+json\" class=\"yoast-schema-graph\">{\"@context\":\"https:\/\/schema.org\",\"@graph\":[{\"@type\":\"NewsArticle\",\"@id\":\"https:\/\/dicodusport.fr\/blog\/vtt-mont-sainte-anne-sina-frei-recidive-en-remportant-le-format-court-devant-loana-lecomte\/#article\",\"isPartOf\":{\"@id\":\"https:\/\/dicodusport.fr\/blog\/vtt-mont-sainte-anne-sina-frei-recidive-en-remportant-le-format-court-devant-loana-lecomte\/\"},\"author\":{\"name\":\"Pierre Gorce\",\"@id\":\"https:\/\/dicodusport.fr\/blog\/#\/schema\/person\/0eaf70b33d703a1a66b1155ac1bda018\"},\"headline\":\"VTT Mont-Sainte-Anne : Sina Frei r\u00e9cidive en remportant le format court devant Loana Lecomte\",\"datePublished\":\"2024-10-04T20:56:49+00:00\",\"dateModified\":\"2024-10-04T21:07:55+00:00\",\"mainEntityOfPage\":{\"@id\":\"https:\/\/dicodusport.fr\/blog\/vtt-mont-sainte-anne-sina-frei-recidive-en-remportant-le-format-court-devant-loana-lecomte\/\"},\"wordCount\":416,\"commentCount\":0,\"publisher\":{\"@id\":\"https:\/\/dicodusport.fr\/blog\/#organization\"},\"image\":{\"@id\":\"https:\/\/dicodusport.fr\/blog\/vtt-mont-sainte-anne-sina-frei-recidive-en-remportant-le-format-court-devant-loana-lecomte\/#primaryimage\"},\"thumbnailUrl\":\"https:\/\/dicodusport.fr\/blog\/wp-content\/uploads\/2024\/10\/VTT-Mont-Sainte-Anne-Sina-Frei-recidive-en-remportant-le-format-court-devant-Loana-Lecomte.png\",\"keywords\":[\"actu\",\"br\u00e8ve\",\"Coupe du monde\",\"Loana Lecomte\",\"VTT\",\"VTT XCC\",\"VTT XCC Mont-Sainte-Anne\"],\"articleSection\":[\"VTT\"],\"inLanguage\":\"fr-FR\",\"potentialAction\":[{\"@type\":\"CommentAction\",\"name\":\"Comment\",\"target\":[\"https:\/\/dicodusport.fr\/blog\/vtt-mont-sainte-anne-sina-frei-recidive-en-remportant-le-format-court-devant-loana-lecomte\/#respond\"]}],\"copyrightYear\":\"2024\",\"copyrightHolder\":{\"@id\":\"https:\/\/dicodusport.fr\/blog\/#organization\"}},{\"@type\":\"WebPage\",\"@id\":\"https:\/\/dicodusport.fr\/blog\/vtt-mont-sainte-anne-sina-frei-recidive-en-remportant-le-format-court-devant-loana-lecomte\/\",\"url\":\"https:\/\/dicodusport.fr\/blog\/vtt-mont-sainte-anne-sina-frei-recidive-en-remportant-le-format-court-devant-loana-lecomte\/\",\"name\":\"VTT Mont-Sainte-Anne : Sina Frei r\u00e9cidive en remportant le format court devant Loana Lecomte\",\"isPartOf\":{\"@id\":\"https:\/\/dicodusport.fr\/blog\/#website\"},\"primaryImageOfPage\":{\"@id\":\"https:\/\/dicodusport.fr\/blog\/vtt-mont-sainte-anne-sina-frei-recidive-en-remportant-le-format-court-devant-loana-lecomte\/#primaryimage\"},\"image\":{\"@id\":\"https:\/\/dicodusport.fr\/blog\/vtt-mont-sainte-anne-sina-frei-recidive-en-remportant-le-format-court-devant-loana-lecomte\/#primaryimage\"},\"thumbnailUrl\":\"https:\/\/dicodusport.fr\/blog\/wp-content\/uploads\/2024\/10\/VTT-Mont-Sainte-Anne-Sina-Frei-recidive-en-remportant-le-format-court-devant-Loana-Lecomte.png\",\"datePublished\":\"2024-10-04T20:56:49+00:00\",\"dateModified\":\"2024-10-04T21:07:55+00:00\",\"description\":\"Loana Lecomte n'\u00e9tait pas loin d'une 3e victoire en XCC. La Fran\u00e7aise a attaqu\u00e9 dans le dernier tour mais se fait devancer par Sina Frei.\",\"breadcrumb\":{\"@id\":\"https:\/\/dicodusport.fr\/blog\/vtt-mont-sainte-anne-sina-frei-recidive-en-remportant-le-format-court-devant-loana-lecomte\/#breadcrumb\"},\"inLanguage\":\"fr-FR\",\"potentialAction\":[{\"@type\":\"ReadAction\",\"target\":[\"https:\/\/dicodusport.fr\/blog\/vtt-mont-sainte-anne-sina-frei-recidive-en-remportant-le-format-court-devant-loana-lecomte\/\"]}]},{\"@type\":\"ImageObject\",\"inLanguage\":\"fr-FR\",\"@id\":\"https:\/\/dicodusport.fr\/blog\/vtt-mont-sainte-anne-sina-frei-recidive-en-remportant-le-format-court-devant-loana-lecomte\/#primaryimage\",\"url\":\"https:\/\/dicodusport.fr\/blog\/wp-content\/uploads\/2024\/10\/VTT-Mont-Sainte-Anne-Sina-Frei-recidive-en-remportant-le-format-court-devant-Loana-Lecomte.png\",\"contentUrl\":\"https:\/\/dicodusport.fr\/blog\/wp-content\/uploads\/2024\/10\/VTT-Mont-Sainte-Anne-Sina-Frei-recidive-en-remportant-le-format-court-devant-Loana-Lecomte.png\",\"width\":1200,\"height\":674,\"caption\":\"VTT XCO Mont-Sainte-Anne - Classement Course femmes\"},{\"@type\":\"BreadcrumbList\",\"@id\":\"https:\/\/dicodusport.fr\/blog\/vtt-mont-sainte-anne-sina-frei-recidive-en-remportant-le-format-court-devant-loana-lecomte\/#breadcrumb\",\"itemListElement\":[{\"@type\":\"ListItem\",\"position\":1,\"name\":\"Accueil\",\"item\":\"https:\/\/dicodusport.fr\/blog\/\"},{\"@type\":\"ListItem\",\"position\":2,\"name\":\"VTT Mont-Sainte-Anne : Sina Frei r\u00e9cidive en remportant le format court devant Loana Lecomte\"}]},{\"@type\":\"WebSite\",\"@id\":\"https:\/\/dicodusport.fr\/blog\/#website\",\"url\":\"https:\/\/dicodusport.fr\/blog\/\",\"name\":\"Dicodusport\",\"description\":\"L&#039;encyclop\u00e9die de l&#039;actualit\u00e9 sportive\",\"publisher\":{\"@id\":\"https:\/\/dicodusport.fr\/blog\/#organization\"},\"potentialAction\":[{\"@type\":\"SearchAction\",\"target\":{\"@type\":\"EntryPoint\",\"urlTemplate\":\"https:\/\/dicodusport.fr\/blog\/?s={search_term_string}\"},\"query-input\":{\"@type\":\"PropertyValueSpecification\",\"valueRequired\":true,\"valueName\":\"search_term_string\"}}],\"inLanguage\":\"fr-FR\"},{\"@type\":\"NewsMediaOrganization\",\"@id\":\"https:\/\/dicodusport.fr\/blog\/#organization\",\"name\":\"Dicodusport\",\"url\":\"https:\/\/dicodusport.fr\/blog\/\",\"logo\":{\"@type\":\"ImageObject\",\"inLanguage\":\"fr-FR\",\"@id\":\"https:\/\/dicodusport.fr\/blog\/#\/schema\/logo\/image\/\",\"url\":\"https:\/\/dicodusport.fr\/blog\/wp-content\/uploads\/2020\/06\/cropped-LOGO-DICODUSPORT-2020-SANS-FOND-SANS-TEXTE.png\",\"contentUrl\":\"https:\/\/dicodusport.fr\/blog\/wp-content\/uploads\/2020\/06\/cropped-LOGO-DICODUSPORT-2020-SANS-FOND-SANS-TEXTE.png\",\"width\":512,\"height\":512,\"caption\":\"Dicodusport\"},\"image\":{\"@id\":\"https:\/\/dicodusport.fr\/blog\/#\/schema\/logo\/image\/\"},\"sameAs\":[\"https:\/\/www.facebook.com\/dicodusport\",\"https:\/\/x.com\/dicodusport\",\"https:\/\/www.instagram.com\/dicodusport\/\",\"https:\/\/www.youtube.com\/channel\/UC7V2KZ5sd3htJivAbA4ZG3w\"],\"description\":\"Dicodusport est l'encyclop\u00e9die de l'actualit\u00e9 sportive.\",\"email\":\"bonjour@dicodusport.fr\",\"legalName\":\"DICODUSPORT\",\"foundingDate\":\"2018-01-14\",\"vatID\":\"FR71834470973\",\"taxID\":\"83447097300043\",\"numberOfEmployees\":{\"@type\":\"QuantitativeValue\",\"minValue\":\"1\",\"maxValue\":\"10\"}},{\"@type\":\"Person\",\"@id\":\"https:\/\/dicodusport.fr\/blog\/#\/schema\/person\/0eaf70b33d703a1a66b1155ac1bda018\",\"name\":\"Pierre Gorce\",\"image\":{\"@type\":\"ImageObject\",\"inLanguage\":\"fr-FR\",\"@id\":\"https:\/\/dicodusport.fr\/blog\/#\/schema\/person\/image\/\",\"url\":\"https:\/\/dicodusport.fr\/blog\/wp-content\/uploads\/2022\/03\/IMG_20211214_233053_722-150x150.jpg\",\"contentUrl\":\"https:\/\/dicodusport.fr\/blog\/wp-content\/uploads\/2022\/03\/IMG_20211214_233053_722-150x150.jpg\",\"caption\":\"Pierre Gorce\"},\"description\":\"Couteau suisse venant tout droit de Haute-Savoie. Habitu\u00e9 \u00e0 regarder du sport depuis petit, j'en ai maintenant fait mon m\u00e9tier. Des sports d'hiver au surf, en passant par le tennis, la F1, le handball et l'athl\u00e9tisme, j'essaie d'avoir mes yeux sur l'enti\u00e8ret\u00e9 de l'actualit\u00e9. Jeune homme berc\u00e9 par les exploits de Jean-Baptiste Grange, Sebastian Vettel et des Experts. Membre de la g\u00e9n\u00e9ration 1999 comme Luka Doncic, Sydney McLaughlin, Lando Norris et Loana Lecomte, mais avec beaucoup moins de talent qu'eux.\",\"sameAs\":[\"https:\/\/x.com\/https:\/\/twitter.com\/pierregorce12\"],\"birthDate\":\"1999-08-29\",\"url\":\"https:\/\/dicodusport.fr\/blog\/author\/pierreg\/\"}]}<\/script>\n<!-- \/ Yoast SEO Premium plugin. -->","yoast_head_json":{"title":"VTT Mont-Sainte-Anne : Sina Frei r\u00e9cidive en remportant le format court devant Loana Lecomte","description":"Loana Lecomte n'\u00e9tait pas loin d'une 3e victoire en XCC. La Fran\u00e7aise a attaqu\u00e9 dans le dernier tour mais se fait devancer par Sina Frei.","robots":{"index":"index","follow":"follow","max-snippet":"max-snippet:-1","max-image-preview":"max-image-preview:large","max-video-preview":"max-video-preview:-1"},"canonical":"https:\/\/dicodusport.fr\/blog\/vtt-mont-sainte-anne-sina-frei-recidive-en-remportant-le-format-court-devant-loana-lecomte\/","og_locale":"fr_FR","og_type":"article","og_title":"VTT Mont-Sainte-Anne : Sina Frei r\u00e9cidive en remportant le format court devant Loana Lecomte","og_description":"Loana Lecomte n'\u00e9tait pas loin d'une 3e victoire en XCC. La Fran\u00e7aise a attaqu\u00e9 dans le dernier tour mais se fait devancer par Sina Frei.","og_url":"https:\/\/dicodusport.fr\/blog\/vtt-mont-sainte-anne-sina-frei-recidive-en-remportant-le-format-court-devant-loana-lecomte\/","og_site_name":"Dicodusport","article_publisher":"https:\/\/www.facebook.com\/dicodusport","article_published_time":"2024-10-04T20:56:49+00:00","article_modified_time":"2024-10-04T21:07:55+00:00","og_image":[{"width":1200,"height":674,"url":"https:\/\/dicodusport.fr\/blog\/wp-content\/uploads\/2024\/10\/VTT-Mont-Sainte-Anne-Sina-Frei-recidive-en-remportant-le-format-court-devant-Loana-Lecomte.png","type":"image\/png"}],"author":"Pierre Gorce","twitter_card":"summary_large_image","twitter_title":"VTT Mont-Sainte-Anne : Sina Frei r\u00e9cidive en remportant le format court devant Loana Lecomte","twitter_creator":"@https:\/\/twitter.com\/pierregorce12","twitter_site":"@dicodusport","schema":{"@context":"https:\/\/schema.org","@graph":[{"@type":"NewsArticle","@id":"https:\/\/dicodusport.fr\/blog\/vtt-mont-sainte-anne-sina-frei-recidive-en-remportant-le-format-court-devant-loana-lecomte\/#article","isPartOf":{"@id":"https:\/\/dicodusport.fr\/blog\/vtt-mont-sainte-anne-sina-frei-recidive-en-remportant-le-format-court-devant-loana-lecomte\/"},"author":{"name":"Pierre Gorce","@id":"https:\/\/dicodusport.fr\/blog\/#\/schema\/person\/0eaf70b33d703a1a66b1155ac1bda018"},"headline":"VTT Mont-Sainte-Anne : Sina Frei r\u00e9cidive en remportant le format court devant Loana Lecomte","datePublished":"2024-10-04T20:56:49+00:00","dateModified":"2024-10-04T21:07:55+00:00","mainEntityOfPage":{"@id":"https:\/\/dicodusport.fr\/blog\/vtt-mont-sainte-anne-sina-frei-recidive-en-remportant-le-format-court-devant-loana-lecomte\/"},"wordCount":416,"commentCount":0,"publisher":{"@id":"https:\/\/dicodusport.fr\/blog\/#organization"},"image":{"@id":"https:\/\/dicodusport.fr\/blog\/vtt-mont-sainte-anne-sina-frei-recidive-en-remportant-le-format-court-devant-loana-lecomte\/#primaryimage"},"thumbnailUrl":"https:\/\/dicodusport.fr\/blog\/wp-content\/uploads\/2024\/10\/VTT-Mont-Sainte-Anne-Sina-Frei-recidive-en-remportant-le-format-court-devant-Loana-Lecomte.png","keywords":["actu","br\u00e8ve","Coupe du monde","Loana Lecomte","VTT","VTT XCC","VTT XCC Mont-Sainte-Anne"],"articleSection":["VTT"],"inLanguage":"fr-FR","potentialAction":[{"@type":"CommentAction","name":"Comment","target":["https:\/\/dicodusport.fr\/blog\/vtt-mont-sainte-anne-sina-frei-recidive-en-remportant-le-format-court-devant-loana-lecomte\/#respond"]}],"copyrightYear":"2024","copyrightHolder":{"@id":"https:\/\/dicodusport.fr\/blog\/#organization"}},{"@type":"WebPage","@id":"https:\/\/dicodusport.fr\/blog\/vtt-mont-sainte-anne-sina-frei-recidive-en-remportant-le-format-court-devant-loana-lecomte\/","url":"https:\/\/dicodusport.fr\/blog\/vtt-mont-sainte-anne-sina-frei-recidive-en-remportant-le-format-court-devant-loana-lecomte\/","name":"VTT Mont-Sainte-Anne : Sina Frei r\u00e9cidive en remportant le format court devant Loana Lecomte","isPartOf":{"@id":"https:\/\/dicodusport.fr\/blog\/#website"},"primaryImageOfPage":{"@id":"https:\/\/dicodusport.fr\/blog\/vtt-mont-sainte-anne-sina-frei-recidive-en-remportant-le-format-court-devant-loana-lecomte\/#primaryimage"},"image":{"@id":"https:\/\/dicodusport.fr\/blog\/vtt-mont-sainte-anne-sina-frei-recidive-en-remportant-le-format-court-devant-loana-lecomte\/#primaryimage"},"thumbnailUrl":"https:\/\/dicodusport.fr\/blog\/wp-content\/uploads\/2024\/10\/VTT-Mont-Sainte-Anne-Sina-Frei-recidive-en-remportant-le-format-court-devant-Loana-Lecomte.png","datePublished":"2024-10-04T20:56:49+00:00","dateModified":"2024-10-04T21:07:55+00:00","description":"Loana Lecomte n'\u00e9tait pas loin d'une 3e victoire en XCC. La Fran\u00e7aise a attaqu\u00e9 dans le dernier tour mais se fait devancer par Sina Frei.","breadcrumb":{"@id":"https:\/\/dicodusport.fr\/blog\/vtt-mont-sainte-anne-sina-frei-recidive-en-remportant-le-format-court-devant-loana-lecomte\/#breadcrumb"},"inLanguage":"fr-FR","potentialAction":[{"@type":"ReadAction","target":["https:\/\/dicodusport.fr\/blog\/vtt-mont-sainte-anne-sina-frei-recidive-en-remportant-le-format-court-devant-loana-lecomte\/"]}]},{"@type":"ImageObject","inLanguage":"fr-FR","@id":"https:\/\/dicodusport.fr\/blog\/vtt-mont-sainte-anne-sina-frei-recidive-en-remportant-le-format-court-devant-loana-lecomte\/#primaryimage","url":"https:\/\/dicodusport.fr\/blog\/wp-content\/uploads\/2024\/10\/VTT-Mont-Sainte-Anne-Sina-Frei-recidive-en-remportant-le-format-court-devant-Loana-Lecomte.png","contentUrl":"https:\/\/dicodusport.fr\/blog\/wp-content\/uploads\/2024\/10\/VTT-Mont-Sainte-Anne-Sina-Frei-recidive-en-remportant-le-format-court-devant-Loana-Lecomte.png","width":1200,"height":674,"caption":"VTT XCO Mont-Sainte-Anne - Classement Course femmes"},{"@type":"BreadcrumbList","@id":"https:\/\/dicodusport.fr\/blog\/vtt-mont-sainte-anne-sina-frei-recidive-en-remportant-le-format-court-devant-loana-lecomte\/#breadcrumb","itemListElement":[{"@type":"ListItem","position":1,"name":"Accueil","item":"https:\/\/dicodusport.fr\/blog\/"},{"@type":"ListItem","position":2,"name":"VTT Mont-Sainte-Anne : Sina Frei r\u00e9cidive en remportant le format court devant Loana Lecomte"}]},{"@type":"WebSite","@id":"https:\/\/dicodusport.fr\/blog\/#website","url":"https:\/\/dicodusport.fr\/blog\/","name":"Dicodusport","description":"L&#039;encyclop\u00e9die de l&#039;actualit\u00e9 sportive","publisher":{"@id":"https:\/\/dicodusport.fr\/blog\/#organization"},"potentialAction":[{"@type":"SearchAction","target":{"@type":"EntryPoint","urlTemplate":"https:\/\/dicodusport.fr\/blog\/?s={search_term_string}"},"query-input":{"@type":"PropertyValueSpecification","valueRequired":true,"valueName":"search_term_string"}}],"inLanguage":"fr-FR"},{"@type":"NewsMediaOrganization","@id":"https:\/\/dicodusport.fr\/blog\/#organization","name":"Dicodusport","url":"https:\/\/dicodusport.fr\/blog\/","logo":{"@type":"ImageObject","inLanguage":"fr-FR","@id":"https:\/\/dicodusport.fr\/blog\/#\/schema\/logo\/image\/","url":"https:\/\/dicodusport.fr\/blog\/wp-content\/uploads\/2020\/06\/cropped-LOGO-DICODUSPORT-2020-SANS-FOND-SANS-TEXTE.png","contentUrl":"https:\/\/dicodusport.fr\/blog\/wp-content\/uploads\/2020\/06\/cropped-LOGO-DICODUSPORT-2020-SANS-FOND-SANS-TEXTE.png","width":512,"height":512,"caption":"Dicodusport"},"image":{"@id":"https:\/\/dicodusport.fr\/blog\/#\/schema\/logo\/image\/"},"sameAs":["https:\/\/www.facebook.com\/dicodusport","https:\/\/x.com\/dicodusport","https:\/\/www.instagram.com\/dicodusport\/","https:\/\/www.youtube.com\/channel\/UC7V2KZ5sd3htJivAbA4ZG3w"],"description":"Dicodusport est l'encyclop\u00e9die de l'actualit\u00e9 sportive.","email":"bonjour@dicodusport.fr","legalName":"DICODUSPORT","foundingDate":"2018-01-14","vatID":"FR71834470973","taxID":"83447097300043","numberOfEmployees":{"@type":"QuantitativeValue","minValue":"1","maxValue":"10"}},{"@type":"Person","@id":"https:\/\/dicodusport.fr\/blog\/#\/schema\/person\/0eaf70b33d703a1a66b1155ac1bda018","name":"Pierre Gorce","image":{"@type":"ImageObject","inLanguage":"fr-FR","@id":"https:\/\/dicodusport.fr\/blog\/#\/schema\/person\/image\/","url":"https:\/\/dicodusport.fr\/blog\/wp-content\/uploads\/2022\/03\/IMG_20211214_233053_722-150x150.jpg","contentUrl":"https:\/\/dicodusport.fr\/blog\/wp-content\/uploads\/2022\/03\/IMG_20211214_233053_722-150x150.jpg","caption":"Pierre Gorce"},"description":"Couteau suisse venant tout droit de Haute-Savoie. Habitu\u00e9 \u00e0 regarder du sport depuis petit, j'en ai maintenant fait mon m\u00e9tier. Des sports d'hiver au surf, en passant par le tennis, la F1, le handball et l'athl\u00e9tisme, j'essaie d'avoir mes yeux sur l'enti\u00e8ret\u00e9 de l'actualit\u00e9. Jeune homme berc\u00e9 par les exploits de Jean-Baptiste Grange, Sebastian Vettel et des Experts. Membre de la g\u00e9n\u00e9ration 1999 comme Luka Doncic, Sydney McLaughlin, Lando Norris et Loana Lecomte, mais avec beaucoup moins de talent qu'eux.","sameAs":["https:\/\/x.com\/https:\/\/twitter.com\/pierregorce12"],"birthDate":"1999-08-29","url":"https:\/\/dicodusport.fr\/blog\/author\/pierreg\/"}]}},"_links":{"self":[{"href":"https:\/\/dicodusport.fr\/blog\/wp-json\/wp\/v2\/posts\/524558","targetHints":{"allow":["GET"]}}],"collection":[{"href":"https:\/\/dicodusport.fr\/blog\/wp-json\/wp\/v2\/posts"}],"about":[{"href":"https:\/\/dicodusport.fr\/blog\/wp-json\/wp\/v2\/types\/post"}],"author":[{"embeddable":true,"href":"https:\/\/dicodusport.fr\/blog\/wp-json\/wp\/v2\/users\/61"}],"replies":[{"embeddable":true,"href":"https:\/\/dicodusport.fr\/blog\/wp-json\/wp\/v2\/comments?post=524558"}],"version-history":[{"count":5,"href":"https:\/\/dicodusport.fr\/blog\/wp-json\/wp\/v2\/posts\/524558\/revisions"}],"predecessor-version":[{"id":524571,"href":"https:\/\/dicodusport.fr\/blog\/wp-json\/wp\/v2\/posts\/524558\/revisions\/524571"}],"wp:featuredmedia":[{"embeddable":true,"href":"https:\/\/dicodusport.fr\/blog\/wp-json\/wp\/v2\/media\/524563"}],"wp:attachment":[{"href":"https:\/\/dicodusport.fr\/blog\/wp-json\/wp\/v2\/media?parent=524558"}],"wp:term":[{"taxonomy":"category","embeddable":true,"href":"https:\/\/dicodusport.fr\/blog\/wp-json\/wp\/v2\/categories?post=524558"},{"taxonomy":"post_tag","embeddable":true,"href":"https:\/\/dicodusport.fr\/blog\/wp-json\/wp\/v2\/tags?post=524558"}],"curies":[{"name":"wp","href":"https:\/\/api.w.org\/{rel}","templated":true}]}}