{"id":524718,"date":"2024-10-05T16:41:21","date_gmt":"2024-10-05T14:41:21","guid":{"rendered":"https:\/\/dicodusport.fr\/blog\/?p=524718&#038;preview=true&#038;preview_id=524718"},"modified":"2024-10-05T17:27:23","modified_gmt":"2024-10-05T15:27:23","slug":"tour-demilie-2024-la-demonstration-de-tadej-pogacar","status":"publish","type":"post","link":"https:\/\/dicodusport.fr\/blog\/tour-demilie-2024-la-demonstration-de-tadej-pogacar\/","title":{"rendered":"Tour d&rsquo;\u00c9milie 2024 : La d\u00e9monstration de Tadej Pogacar"},"content":{"rendered":"<h4 style=\"text-align: justify;\"><em>TOUR D&rsquo;\u00c9MILIE 2024 &#8211; A<\/em><em>pr\u00e8s un num\u00e9ro en solitaire de 38 kilom\u00e8tres, l<\/em><em>e champion du monde Tadej Pogacar (UAE Team Emirates) a remport\u00e9 la 107\u1d49 \u00e9dition du Tour d&rsquo;\u00c9milie, \u00e0 Bologne, samedi.\u00a0<\/em><\/h4>\n<ul style=\"text-align: justify;\">\n<li style=\"text-align: justify;\"><strong>\u00c0 lire aussi \u2013\u00a0<a href=\"https:\/\/dicodusport.fr\/blog\/classement-tour-demilie-2024\/\">Classement Tour d&rsquo;\u00c9milie 2024<\/a><\/strong><\/li>\n<\/ul>\n<p style=\"text-align: justify;\">Tout d&rsquo;abord, six coureurs ont form\u00e9 l&rsquo;\u00e9chapp\u00e9e matinale d\u00e8s les premiers kilom\u00e8tres de course :\u00a0<strong>Benjamin Thomas\u00a0<\/strong>(Cofidis),\u00a0<strong>Jos\u00e9 Ramon Muniz\u00a0<\/strong>(Petrobike), <strong>Alessio Martinelli<\/strong> (VF Group Bardiani), <strong>Ander Gonzabal\u00a0<\/strong>(Euskatel Euskadi),\u00a0<strong>Roberto Carlos Gonzalez\u00a0<\/strong>(Team Corratec) et\u00a0<strong>Dimitri Peyskens\u00a0<\/strong>(Bingoal WB). Mais, ce dernier a \u00e9t\u00e9 rapidement distanc\u00e9 d\u00e8s les premiers reliefs alors que l&rsquo;\u00e9cart \u00e9tait mont\u00e9 \u00e0 6 minutes 40.<\/p>\n<p style=\"text-align: justify;\">Puis, de nombreuses \u00e9quipes se sont port\u00e9es \u00e0 l&rsquo;avant du peloton pour mener la poursuite. Devant, ils n&rsquo;\u00e9taient plus que trois, \u00e0 60 kilom\u00e8tres du terme. Par la suite, le trio de t\u00eate a \u00e9t\u00e9 aval\u00e9 par le peloton, une quinzaine de kilom\u00e8tres plus loin, avant m\u00eame de p\u00e9n\u00e9trer sur le circuit final dans Bologne. Les conditions m\u00e9t\u00e9orologiques ont rendu la course difficile avec une pluie intense.<\/p>\n<ul>\n<li style=\"text-align: justify;\"><strong>\u00c0 lire aussi \u2013\u00a0<a href=\"https:\/\/dicodusport.fr\/blog\/actualites\/cyclisme\/cyclisme-sur-route-2023\/\">L\u2019actualit\u00e9 du cyclisme sur route<\/a><\/strong><\/li>\n<\/ul>\n<h2 style=\"text-align: justify;\">Pogacar, plus soliste que jamais<\/h2>\n<p style=\"text-align: justify;\">Ensuite,\u00a0<strong>Tadej Pogacar\u00a0<\/strong>(UAE Team Emirates) a profit\u00e9 de la premi\u00e8re ascension de la terrible mont\u00e9e de San Luca pour se retrouver seul \u00e0 l&rsquo;avant de la course, \u00e0 38 kilom\u00e8tres de l&rsquo;arriv\u00e9e. Un homme est sorti en contre,\u00a0<strong>Florian Lipowitz\u00a0<\/strong>(Red Bull-Bora-Hansgrohe). Mais, le coureur allemand a pay\u00e9 ses efforts dans l&rsquo;ultime ascension de San Luca et a \u00e9t\u00e9 d\u00e9pass\u00e9 par un trio de poursuivants.<\/p>\n<blockquote class=\"twitter-tweet\">\n<p dir=\"ltr\" lang=\"fr\">\ud83e\udd2f L&rsquo;envol de Tadej Pogacar ! Le Slov\u00e8ne fausse compagnie au peloton \u00e0 37 kilom\u00e8tres de l&rsquo;arriv\u00e9e !<a href=\"https:\/\/twitter.com\/hashtag\/GirodellEmilia?src=hash&amp;ref_src=twsrc%5Etfw\">#GirodellEmilia<\/a> <a href=\"https:\/\/twitter.com\/hashtag\/LesRP?src=hash&amp;ref_src=twsrc%5Etfw\">#LesRP<\/a> <a href=\"https:\/\/t.co\/4bUnrBvPKC\">pic.twitter.com\/4bUnrBvPKC<\/a><\/p>\n<p>\u2014 Eurosport France (@Eurosport_FR) <a href=\"https:\/\/twitter.com\/Eurosport_FR\/status\/1842562077262524790?ref_src=twsrc%5Etfw\">October 5, 2024<\/a><\/p><\/blockquote>\n<p><script async src=\"https:\/\/platform.twitter.com\/widgets.js\" charset=\"utf-8\"><\/script><\/p>\n<p style=\"text-align: justify;\">Finalement, <strong>Tadej Pogacar<\/strong> (UAE Team Emirates) a sign\u00e9 sa 87e victoire professionnelle. Le Slov\u00e8ne a devanc\u00e9 de 1:55\u00a0<strong>Tom Pidcock\u00a0<\/strong>(INEOS Grenadiers), <strong>Davide Piganzoli<\/strong> (Team Polti Kometa) et <strong>Michael Woods<\/strong> (Israel Premier Tech).<\/p>\n","protected":false},"excerpt":{"rendered":"<p>La d\u00e9monstration de Tadej Pogacar<\/p>\n","protected":false},"author":48,"featured_media":524768,"comment_status":"open","ping_status":"closed","sticky":false,"template":"","format":"standard","meta":{"_acf_changed":false,"_daextam_enable_autolinks":"1","footnotes":""},"categories":[46994],"tags":[16878,24,8949],"class_list":["post-524718","post","type-post","status-publish","format-standard","has-post-thumbnail","hentry","category-cyclisme-sur-route","tag-breve","tag-sport","tag-tour-demilie"],"acf":[],"yoast_head":"<!-- This site is optimized with the Yoast SEO Premium plugin v26.7 (Yoast SEO v26.7) - https:\/\/yoast.com\/wordpress\/plugins\/seo\/ -->\n<title>Tour d&#039;\u00c9milie 2024 : La d\u00e9monstration de Tadej Pogacar<\/title>\n<meta name=\"description\" content=\"TOUR D&#039;\u00c9MILIE 2024 - Le champion du monde Tadej Pogacar (UAE Team Emirates) a remport\u00e9 la 107\u1d49 \u00e9dition du Tour d&#039;\u00c9milie, \u00e0 Bologne, samedi.\u00a0\" \/>\n<meta name=\"robots\" content=\"index, follow, max-snippet:-1, max-image-preview:large, max-video-preview:-1\" \/>\n<link rel=\"canonical\" href=\"https:\/\/dicodusport.fr\/blog\/tour-demilie-2024-la-demonstration-de-tadej-pogacar\/\" \/>\n<meta property=\"og:locale\" content=\"fr_FR\" \/>\n<meta property=\"og:type\" content=\"article\" \/>\n<meta property=\"og:title\" content=\"Tour d&#039;\u00c9milie 2024 : La d\u00e9monstration de Tadej Pogacar\" \/>\n<meta property=\"og:description\" content=\"TOUR D&#039;\u00c9MILIE 2024 - Le champion du monde Tadej Pogacar (UAE Team Emirates) a remport\u00e9 la 107\u1d49 \u00e9dition du Tour d&#039;\u00c9milie, \u00e0 Bologne, samedi.\u00a0\" \/>\n<meta property=\"og:url\" content=\"https:\/\/dicodusport.fr\/blog\/tour-demilie-2024-la-demonstration-de-tadej-pogacar\/\" \/>\n<meta property=\"og:site_name\" content=\"Dicodusport\" \/>\n<meta property=\"article:publisher\" content=\"https:\/\/www.facebook.com\/dicodusport\" \/>\n<meta property=\"article:author\" content=\"https:\/\/www.facebook.com\/groups\/LesRoisDuPeloton\" \/>\n<meta property=\"article:published_time\" content=\"2024-10-05T14:41:21+00:00\" \/>\n<meta property=\"article:modified_time\" content=\"2024-10-05T15:27:23+00:00\" \/>\n<meta property=\"og:image\" content=\"https:\/\/dicodusport.fr\/blog\/wp-content\/uploads\/2024\/10\/Tour-dEmilie-2024-La-demonstration-de-Tadej-Pogacar-1.png\" \/>\n\t<meta property=\"og:image:width\" content=\"1200\" \/>\n\t<meta property=\"og:image:height\" content=\"674\" \/>\n\t<meta property=\"og:image:type\" content=\"image\/png\" \/>\n<meta name=\"author\" content=\"Emilien Descampiaux\" \/>\n<meta name=\"twitter:card\" content=\"summary_large_image\" \/>\n<meta name=\"twitter:title\" content=\"Tour d&#039;\u00c9milie 2024 : La d\u00e9monstration de Tadej Pogacar\" \/>\n<meta name=\"twitter:creator\" content=\"@https:\/\/twitter.com\/LRoisDuPeloton\" \/>\n<meta name=\"twitter:site\" content=\"@dicodusport\" \/>\n<script type=\"application\/ld+json\" class=\"yoast-schema-graph\">{\"@context\":\"https:\/\/schema.org\",\"@graph\":[{\"@type\":\"NewsArticle\",\"@id\":\"https:\/\/dicodusport.fr\/blog\/tour-demilie-2024-la-demonstration-de-tadej-pogacar\/#article\",\"isPartOf\":{\"@id\":\"https:\/\/dicodusport.fr\/blog\/tour-demilie-2024-la-demonstration-de-tadej-pogacar\/\"},\"author\":{\"name\":\"Emilien Descampiaux\",\"@id\":\"https:\/\/dicodusport.fr\/blog\/#\/schema\/person\/6db4bae06b171592211be385b32876a7\"},\"headline\":\"Tour d&rsquo;\u00c9milie 2024 : La d\u00e9monstration de Tadej Pogacar\",\"datePublished\":\"2024-10-05T14:41:21+00:00\",\"dateModified\":\"2024-10-05T15:27:23+00:00\",\"mainEntityOfPage\":{\"@id\":\"https:\/\/dicodusport.fr\/blog\/tour-demilie-2024-la-demonstration-de-tadej-pogacar\/\"},\"wordCount\":335,\"commentCount\":0,\"publisher\":{\"@id\":\"https:\/\/dicodusport.fr\/blog\/#organization\"},\"image\":{\"@id\":\"https:\/\/dicodusport.fr\/blog\/tour-demilie-2024-la-demonstration-de-tadej-pogacar\/#primaryimage\"},\"thumbnailUrl\":\"https:\/\/dicodusport.fr\/blog\/wp-content\/uploads\/2024\/10\/Tour-dEmilie-2024-La-demonstration-de-Tadej-Pogacar-1.png\",\"keywords\":[\"br\u00e8ve\",\"sport\",\"Tour d'Emilie\"],\"articleSection\":[\"Cyclisme sur route\"],\"inLanguage\":\"fr-FR\",\"potentialAction\":[{\"@type\":\"CommentAction\",\"name\":\"Comment\",\"target\":[\"https:\/\/dicodusport.fr\/blog\/tour-demilie-2024-la-demonstration-de-tadej-pogacar\/#respond\"]}],\"copyrightYear\":\"2024\",\"copyrightHolder\":{\"@id\":\"https:\/\/dicodusport.fr\/blog\/#organization\"}},{\"@type\":\"WebPage\",\"@id\":\"https:\/\/dicodusport.fr\/blog\/tour-demilie-2024-la-demonstration-de-tadej-pogacar\/\",\"url\":\"https:\/\/dicodusport.fr\/blog\/tour-demilie-2024-la-demonstration-de-tadej-pogacar\/\",\"name\":\"Tour d'\u00c9milie 2024 : La d\u00e9monstration de Tadej Pogacar\",\"isPartOf\":{\"@id\":\"https:\/\/dicodusport.fr\/blog\/#website\"},\"primaryImageOfPage\":{\"@id\":\"https:\/\/dicodusport.fr\/blog\/tour-demilie-2024-la-demonstration-de-tadej-pogacar\/#primaryimage\"},\"image\":{\"@id\":\"https:\/\/dicodusport.fr\/blog\/tour-demilie-2024-la-demonstration-de-tadej-pogacar\/#primaryimage\"},\"thumbnailUrl\":\"https:\/\/dicodusport.fr\/blog\/wp-content\/uploads\/2024\/10\/Tour-dEmilie-2024-La-demonstration-de-Tadej-Pogacar-1.png\",\"datePublished\":\"2024-10-05T14:41:21+00:00\",\"dateModified\":\"2024-10-05T15:27:23+00:00\",\"description\":\"TOUR D'\u00c9MILIE 2024 - Le champion du monde Tadej Pogacar (UAE Team Emirates) a remport\u00e9 la 107\u1d49 \u00e9dition du Tour d'\u00c9milie, \u00e0 Bologne, samedi.\u00a0\",\"breadcrumb\":{\"@id\":\"https:\/\/dicodusport.fr\/blog\/tour-demilie-2024-la-demonstration-de-tadej-pogacar\/#breadcrumb\"},\"inLanguage\":\"fr-FR\",\"potentialAction\":[{\"@type\":\"ReadAction\",\"target\":[\"https:\/\/dicodusport.fr\/blog\/tour-demilie-2024-la-demonstration-de-tadej-pogacar\/\"]}]},{\"@type\":\"ImageObject\",\"inLanguage\":\"fr-FR\",\"@id\":\"https:\/\/dicodusport.fr\/blog\/tour-demilie-2024-la-demonstration-de-tadej-pogacar\/#primaryimage\",\"url\":\"https:\/\/dicodusport.fr\/blog\/wp-content\/uploads\/2024\/10\/Tour-dEmilie-2024-La-demonstration-de-Tadej-Pogacar-1.png\",\"contentUrl\":\"https:\/\/dicodusport.fr\/blog\/wp-content\/uploads\/2024\/10\/Tour-dEmilie-2024-La-demonstration-de-Tadej-Pogacar-1.png\",\"width\":1200,\"height\":674,\"caption\":\"Tour d'\u00c9milie 2024 La d\u00e9monstration de Tadej Pogacar (1)\"},{\"@type\":\"BreadcrumbList\",\"@id\":\"https:\/\/dicodusport.fr\/blog\/tour-demilie-2024-la-demonstration-de-tadej-pogacar\/#breadcrumb\",\"itemListElement\":[{\"@type\":\"ListItem\",\"position\":1,\"name\":\"Accueil\",\"item\":\"https:\/\/dicodusport.fr\/blog\/\"},{\"@type\":\"ListItem\",\"position\":2,\"name\":\"Tour d&#8217;\u00c9milie 2024 : La d\u00e9monstration de Tadej Pogacar\"}]},{\"@type\":\"WebSite\",\"@id\":\"https:\/\/dicodusport.fr\/blog\/#website\",\"url\":\"https:\/\/dicodusport.fr\/blog\/\",\"name\":\"Dicodusport\",\"description\":\"L&#039;encyclop\u00e9die de l&#039;actualit\u00e9 sportive\",\"publisher\":{\"@id\":\"https:\/\/dicodusport.fr\/blog\/#organization\"},\"potentialAction\":[{\"@type\":\"SearchAction\",\"target\":{\"@type\":\"EntryPoint\",\"urlTemplate\":\"https:\/\/dicodusport.fr\/blog\/?s={search_term_string}\"},\"query-input\":{\"@type\":\"PropertyValueSpecification\",\"valueRequired\":true,\"valueName\":\"search_term_string\"}}],\"inLanguage\":\"fr-FR\"},{\"@type\":\"NewsMediaOrganization\",\"@id\":\"https:\/\/dicodusport.fr\/blog\/#organization\",\"name\":\"Dicodusport\",\"url\":\"https:\/\/dicodusport.fr\/blog\/\",\"logo\":{\"@type\":\"ImageObject\",\"inLanguage\":\"fr-FR\",\"@id\":\"https:\/\/dicodusport.fr\/blog\/#\/schema\/logo\/image\/\",\"url\":\"https:\/\/dicodusport.fr\/blog\/wp-content\/uploads\/2020\/06\/cropped-LOGO-DICODUSPORT-2020-SANS-FOND-SANS-TEXTE.png\",\"contentUrl\":\"https:\/\/dicodusport.fr\/blog\/wp-content\/uploads\/2020\/06\/cropped-LOGO-DICODUSPORT-2020-SANS-FOND-SANS-TEXTE.png\",\"width\":512,\"height\":512,\"caption\":\"Dicodusport\"},\"image\":{\"@id\":\"https:\/\/dicodusport.fr\/blog\/#\/schema\/logo\/image\/\"},\"sameAs\":[\"https:\/\/www.facebook.com\/dicodusport\",\"https:\/\/x.com\/dicodusport\",\"https:\/\/www.instagram.com\/dicodusport\/\",\"https:\/\/www.youtube.com\/channel\/UC7V2KZ5sd3htJivAbA4ZG3w\"],\"description\":\"Dicodusport est l'encyclop\u00e9die de l'actualit\u00e9 sportive.\",\"email\":\"bonjour@dicodusport.fr\",\"legalName\":\"DICODUSPORT\",\"foundingDate\":\"2018-01-14\",\"vatID\":\"FR71834470973\",\"taxID\":\"83447097300043\",\"numberOfEmployees\":{\"@type\":\"QuantitativeValue\",\"minValue\":\"1\",\"maxValue\":\"10\"}},{\"@type\":\"Person\",\"@id\":\"https:\/\/dicodusport.fr\/blog\/#\/schema\/person\/6db4bae06b171592211be385b32876a7\",\"name\":\"Emilien Descampiaux\",\"image\":{\"@type\":\"ImageObject\",\"inLanguage\":\"fr-FR\",\"@id\":\"https:\/\/dicodusport.fr\/blog\/#\/schema\/person\/image\/\",\"url\":\"https:\/\/dicodusport.fr\/blog\/wp-content\/uploads\/2021\/05\/Emilien-Descampiaux-150x150.jpg\",\"contentUrl\":\"https:\/\/dicodusport.fr\/blog\/wp-content\/uploads\/2021\/05\/Emilien-Descampiaux-150x150.jpg\",\"caption\":\"Emilien Descampiaux\"},\"description\":\"Journaliste\/r\u00e9dacteur depuis 2014 - Fan de la classe de Frank Vandenbroucke, je vis cyclisme (et de ses paysages) depuis plus de 20 ans. Je suis tr\u00e8s impliqu\u00e9 sur mes diff\u00e9rents r\u00e9seaux sociaux pour partager ma passion sur le monde et l'Histoire de la bicyclette avec ma voix sur les images en noir et blanc du succ\u00e8s de Rik Van Steenbergen lors du Ronde sur le V\u00e9lodrome de Gand.\",\"sameAs\":[\"https:\/\/www.facebook.com\/groups\/LesRoisDuPeloton\",\"https:\/\/x.com\/https:\/\/twitter.com\/LRoisDuPeloton\"],\"url\":\"https:\/\/dicodusport.fr\/blog\/author\/emiliend\/\"}]}<\/script>\n<!-- \/ Yoast SEO Premium plugin. -->","yoast_head_json":{"title":"Tour d'\u00c9milie 2024 : La d\u00e9monstration de Tadej Pogacar","description":"TOUR D'\u00c9MILIE 2024 - Le champion du monde Tadej Pogacar (UAE Team Emirates) a remport\u00e9 la 107\u1d49 \u00e9dition du Tour d'\u00c9milie, \u00e0 Bologne, samedi.\u00a0","robots":{"index":"index","follow":"follow","max-snippet":"max-snippet:-1","max-image-preview":"max-image-preview:large","max-video-preview":"max-video-preview:-1"},"canonical":"https:\/\/dicodusport.fr\/blog\/tour-demilie-2024-la-demonstration-de-tadej-pogacar\/","og_locale":"fr_FR","og_type":"article","og_title":"Tour d'\u00c9milie 2024 : La d\u00e9monstration de Tadej Pogacar","og_description":"TOUR D'\u00c9MILIE 2024 - Le champion du monde Tadej Pogacar (UAE Team Emirates) a remport\u00e9 la 107\u1d49 \u00e9dition du Tour d'\u00c9milie, \u00e0 Bologne, samedi.\u00a0","og_url":"https:\/\/dicodusport.fr\/blog\/tour-demilie-2024-la-demonstration-de-tadej-pogacar\/","og_site_name":"Dicodusport","article_publisher":"https:\/\/www.facebook.com\/dicodusport","article_author":"https:\/\/www.facebook.com\/groups\/LesRoisDuPeloton","article_published_time":"2024-10-05T14:41:21+00:00","article_modified_time":"2024-10-05T15:27:23+00:00","og_image":[{"width":1200,"height":674,"url":"https:\/\/dicodusport.fr\/blog\/wp-content\/uploads\/2024\/10\/Tour-dEmilie-2024-La-demonstration-de-Tadej-Pogacar-1.png","type":"image\/png"}],"author":"Emilien Descampiaux","twitter_card":"summary_large_image","twitter_title":"Tour d'\u00c9milie 2024 : La d\u00e9monstration de Tadej Pogacar","twitter_creator":"@https:\/\/twitter.com\/LRoisDuPeloton","twitter_site":"@dicodusport","schema":{"@context":"https:\/\/schema.org","@graph":[{"@type":"NewsArticle","@id":"https:\/\/dicodusport.fr\/blog\/tour-demilie-2024-la-demonstration-de-tadej-pogacar\/#article","isPartOf":{"@id":"https:\/\/dicodusport.fr\/blog\/tour-demilie-2024-la-demonstration-de-tadej-pogacar\/"},"author":{"name":"Emilien Descampiaux","@id":"https:\/\/dicodusport.fr\/blog\/#\/schema\/person\/6db4bae06b171592211be385b32876a7"},"headline":"Tour d&rsquo;\u00c9milie 2024 : La d\u00e9monstration de Tadej Pogacar","datePublished":"2024-10-05T14:41:21+00:00","dateModified":"2024-10-05T15:27:23+00:00","mainEntityOfPage":{"@id":"https:\/\/dicodusport.fr\/blog\/tour-demilie-2024-la-demonstration-de-tadej-pogacar\/"},"wordCount":335,"commentCount":0,"publisher":{"@id":"https:\/\/dicodusport.fr\/blog\/#organization"},"image":{"@id":"https:\/\/dicodusport.fr\/blog\/tour-demilie-2024-la-demonstration-de-tadej-pogacar\/#primaryimage"},"thumbnailUrl":"https:\/\/dicodusport.fr\/blog\/wp-content\/uploads\/2024\/10\/Tour-dEmilie-2024-La-demonstration-de-Tadej-Pogacar-1.png","keywords":["br\u00e8ve","sport","Tour d'Emilie"],"articleSection":["Cyclisme sur route"],"inLanguage":"fr-FR","potentialAction":[{"@type":"CommentAction","name":"Comment","target":["https:\/\/dicodusport.fr\/blog\/tour-demilie-2024-la-demonstration-de-tadej-pogacar\/#respond"]}],"copyrightYear":"2024","copyrightHolder":{"@id":"https:\/\/dicodusport.fr\/blog\/#organization"}},{"@type":"WebPage","@id":"https:\/\/dicodusport.fr\/blog\/tour-demilie-2024-la-demonstration-de-tadej-pogacar\/","url":"https:\/\/dicodusport.fr\/blog\/tour-demilie-2024-la-demonstration-de-tadej-pogacar\/","name":"Tour d'\u00c9milie 2024 : La d\u00e9monstration de Tadej Pogacar","isPartOf":{"@id":"https:\/\/dicodusport.fr\/blog\/#website"},"primaryImageOfPage":{"@id":"https:\/\/dicodusport.fr\/blog\/tour-demilie-2024-la-demonstration-de-tadej-pogacar\/#primaryimage"},"image":{"@id":"https:\/\/dicodusport.fr\/blog\/tour-demilie-2024-la-demonstration-de-tadej-pogacar\/#primaryimage"},"thumbnailUrl":"https:\/\/dicodusport.fr\/blog\/wp-content\/uploads\/2024\/10\/Tour-dEmilie-2024-La-demonstration-de-Tadej-Pogacar-1.png","datePublished":"2024-10-05T14:41:21+00:00","dateModified":"2024-10-05T15:27:23+00:00","description":"TOUR D'\u00c9MILIE 2024 - Le champion du monde Tadej Pogacar (UAE Team Emirates) a remport\u00e9 la 107\u1d49 \u00e9dition du Tour d'\u00c9milie, \u00e0 Bologne, samedi.\u00a0","breadcrumb":{"@id":"https:\/\/dicodusport.fr\/blog\/tour-demilie-2024-la-demonstration-de-tadej-pogacar\/#breadcrumb"},"inLanguage":"fr-FR","potentialAction":[{"@type":"ReadAction","target":["https:\/\/dicodusport.fr\/blog\/tour-demilie-2024-la-demonstration-de-tadej-pogacar\/"]}]},{"@type":"ImageObject","inLanguage":"fr-FR","@id":"https:\/\/dicodusport.fr\/blog\/tour-demilie-2024-la-demonstration-de-tadej-pogacar\/#primaryimage","url":"https:\/\/dicodusport.fr\/blog\/wp-content\/uploads\/2024\/10\/Tour-dEmilie-2024-La-demonstration-de-Tadej-Pogacar-1.png","contentUrl":"https:\/\/dicodusport.fr\/blog\/wp-content\/uploads\/2024\/10\/Tour-dEmilie-2024-La-demonstration-de-Tadej-Pogacar-1.png","width":1200,"height":674,"caption":"Tour d'\u00c9milie 2024 La d\u00e9monstration de Tadej Pogacar (1)"},{"@type":"BreadcrumbList","@id":"https:\/\/dicodusport.fr\/blog\/tour-demilie-2024-la-demonstration-de-tadej-pogacar\/#breadcrumb","itemListElement":[{"@type":"ListItem","position":1,"name":"Accueil","item":"https:\/\/dicodusport.fr\/blog\/"},{"@type":"ListItem","position":2,"name":"Tour d&#8217;\u00c9milie 2024 : La d\u00e9monstration de Tadej Pogacar"}]},{"@type":"WebSite","@id":"https:\/\/dicodusport.fr\/blog\/#website","url":"https:\/\/dicodusport.fr\/blog\/","name":"Dicodusport","description":"L&#039;encyclop\u00e9die de l&#039;actualit\u00e9 sportive","publisher":{"@id":"https:\/\/dicodusport.fr\/blog\/#organization"},"potentialAction":[{"@type":"SearchAction","target":{"@type":"EntryPoint","urlTemplate":"https:\/\/dicodusport.fr\/blog\/?s={search_term_string}"},"query-input":{"@type":"PropertyValueSpecification","valueRequired":true,"valueName":"search_term_string"}}],"inLanguage":"fr-FR"},{"@type":"NewsMediaOrganization","@id":"https:\/\/dicodusport.fr\/blog\/#organization","name":"Dicodusport","url":"https:\/\/dicodusport.fr\/blog\/","logo":{"@type":"ImageObject","inLanguage":"fr-FR","@id":"https:\/\/dicodusport.fr\/blog\/#\/schema\/logo\/image\/","url":"https:\/\/dicodusport.fr\/blog\/wp-content\/uploads\/2020\/06\/cropped-LOGO-DICODUSPORT-2020-SANS-FOND-SANS-TEXTE.png","contentUrl":"https:\/\/dicodusport.fr\/blog\/wp-content\/uploads\/2020\/06\/cropped-LOGO-DICODUSPORT-2020-SANS-FOND-SANS-TEXTE.png","width":512,"height":512,"caption":"Dicodusport"},"image":{"@id":"https:\/\/dicodusport.fr\/blog\/#\/schema\/logo\/image\/"},"sameAs":["https:\/\/www.facebook.com\/dicodusport","https:\/\/x.com\/dicodusport","https:\/\/www.instagram.com\/dicodusport\/","https:\/\/www.youtube.com\/channel\/UC7V2KZ5sd3htJivAbA4ZG3w"],"description":"Dicodusport est l'encyclop\u00e9die de l'actualit\u00e9 sportive.","email":"bonjour@dicodusport.fr","legalName":"DICODUSPORT","foundingDate":"2018-01-14","vatID":"FR71834470973","taxID":"83447097300043","numberOfEmployees":{"@type":"QuantitativeValue","minValue":"1","maxValue":"10"}},{"@type":"Person","@id":"https:\/\/dicodusport.fr\/blog\/#\/schema\/person\/6db4bae06b171592211be385b32876a7","name":"Emilien Descampiaux","image":{"@type":"ImageObject","inLanguage":"fr-FR","@id":"https:\/\/dicodusport.fr\/blog\/#\/schema\/person\/image\/","url":"https:\/\/dicodusport.fr\/blog\/wp-content\/uploads\/2021\/05\/Emilien-Descampiaux-150x150.jpg","contentUrl":"https:\/\/dicodusport.fr\/blog\/wp-content\/uploads\/2021\/05\/Emilien-Descampiaux-150x150.jpg","caption":"Emilien Descampiaux"},"description":"Journaliste\/r\u00e9dacteur depuis 2014 - Fan de la classe de Frank Vandenbroucke, je vis cyclisme (et de ses paysages) depuis plus de 20 ans. Je suis tr\u00e8s impliqu\u00e9 sur mes diff\u00e9rents r\u00e9seaux sociaux pour partager ma passion sur le monde et l'Histoire de la bicyclette avec ma voix sur les images en noir et blanc du succ\u00e8s de Rik Van Steenbergen lors du Ronde sur le V\u00e9lodrome de Gand.","sameAs":["https:\/\/www.facebook.com\/groups\/LesRoisDuPeloton","https:\/\/x.com\/https:\/\/twitter.com\/LRoisDuPeloton"],"url":"https:\/\/dicodusport.fr\/blog\/author\/emiliend\/"}]}},"_links":{"self":[{"href":"https:\/\/dicodusport.fr\/blog\/wp-json\/wp\/v2\/posts\/524718","targetHints":{"allow":["GET"]}}],"collection":[{"href":"https:\/\/dicodusport.fr\/blog\/wp-json\/wp\/v2\/posts"}],"about":[{"href":"https:\/\/dicodusport.fr\/blog\/wp-json\/wp\/v2\/types\/post"}],"author":[{"embeddable":true,"href":"https:\/\/dicodusport.fr\/blog\/wp-json\/wp\/v2\/users\/48"}],"replies":[{"embeddable":true,"href":"https:\/\/dicodusport.fr\/blog\/wp-json\/wp\/v2\/comments?post=524718"}],"version-history":[{"count":5,"href":"https:\/\/dicodusport.fr\/blog\/wp-json\/wp\/v2\/posts\/524718\/revisions"}],"predecessor-version":[{"id":524774,"href":"https:\/\/dicodusport.fr\/blog\/wp-json\/wp\/v2\/posts\/524718\/revisions\/524774"}],"wp:featuredmedia":[{"embeddable":true,"href":"https:\/\/dicodusport.fr\/blog\/wp-json\/wp\/v2\/media\/524768"}],"wp:attachment":[{"href":"https:\/\/dicodusport.fr\/blog\/wp-json\/wp\/v2\/media?parent=524718"}],"wp:term":[{"taxonomy":"category","embeddable":true,"href":"https:\/\/dicodusport.fr\/blog\/wp-json\/wp\/v2\/categories?post=524718"},{"taxonomy":"post_tag","embeddable":true,"href":"https:\/\/dicodusport.fr\/blog\/wp-json\/wp\/v2\/tags?post=524718"}],"curies":[{"name":"wp","href":"https:\/\/api.w.org\/{rel}","templated":true}]}}