{"id":524891,"date":"2024-10-07T11:56:10","date_gmt":"2024-10-07T09:56:10","guid":{"rendered":"https:\/\/dicodusport.fr\/blog\/?p=524891&#038;preview=true&#038;preview_id=524891"},"modified":"2024-10-07T11:56:10","modified_gmt":"2024-10-07T09:56:10","slug":"gabriel-debru-quand-on-gagne-roland-a-16-ans-on-se-dit-que-ca-peut-aller-hyper-vite-mais-cest-difficile","status":"publish","type":"post","link":"https:\/\/dicodusport.fr\/blog\/gabriel-debru-quand-on-gagne-roland-a-16-ans-on-se-dit-que-ca-peut-aller-hyper-vite-mais-cest-difficile\/","title":{"rendered":"Gabriel Debru : \u00ab Quand on gagne Roland \u00e0 16 ans, on se dit que \u00e7a peut aller hyper vite, mais c&rsquo;est difficile \u00bb"},"content":{"rendered":"<h4 style=\"text-align: justify;\"><em>TENNIS &#8211; Vainqueur de Roland-Garros et ex-n\u00b01 mondial chez les Juniors, Gabriel Debru s&rsquo;est lanc\u00e9 chez les professionnels il y a maintenant deux ans. \u00c0 18 ans, il a d\u00e9j\u00e0 deux titres en Challenger et un meilleur classement actuel de n\u00b0265 mondial. Pr\u00e9sent \u00e0 l&rsquo;Open de Vend\u00e9e de Mouilleron-le-Captif (Challenger 100), la jeune p\u00e9pite du tennis fran\u00e7ais est revenue avec nous sur son d\u00e9but de carri\u00e8re, les changements techniques, tactiques et de coaching qu&rsquo;il a effectu\u00e9s, et enfin son futur.<br \/>\n<\/em><\/h4>\n<h3 style=\"text-align: justify;\">Gabriel, est-ce que tu peux d\u00e9j\u00e0 nous raconter le match d&rsquo;hier [d\u00e9faite 6\/3 6\/2 face \u00e0 <a href=\"https:\/\/dicodusport.fr\/blog\/atp-challenger-2024-nouveau-titre-pour-lucas-pouille-tout-proche-dun-retour-dans-le-top-100\/\">Lucas Pouille<\/a>] ? Et l&rsquo;\u00e9tat de forme dans lequel tu es arriv\u00e9 ici \u00e0 Mouilleron-le-Captif ?<\/h3>\n<p style=\"text-align: justify;\">Le match d&rsquo;hier est un peu compliqu\u00e9 \u00e0 vivre. Forc\u00e9ment, je joue un mec qui est sur dur depuis, avant l&rsquo;US Open. Moi, j&rsquo;ai deux semaines de pr\u00e9paration et pas de match, donc aucun rep\u00e8re. Lucas a tr\u00e8s bien jou\u00e9. En fait, il \u00e9tait au-dessus de moi, on peut le dire. 6\/3 6\/2, il n&rsquo;y a pas forc\u00e9ment eu de match. J&rsquo;ai essay\u00e9 de faire de mon mieux, mais je manque de rep\u00e8res. J&rsquo;ai mis du temps \u00e0 les trouver sur terre battue cette ann\u00e9e, donc je ne m&rsquo;attendais pas \u00e0 les retrouver en un match sur dur directement. Je sais que \u00e7a va prendre du temps. Il faut que je sois pr\u00eat \u00e0 encaisser, \u00e0 moins bien jouer au d\u00e9but, \u00e0 peut-\u00eatre repasser par une p\u00e9riode un peu plus compliqu\u00e9e en repassant sur dur.<\/p>\n<p style=\"text-align: justify;\">Apr\u00e8s, je ne doute pas. \u00c0 l&rsquo;entra\u00eenement, je suis capable de faire de tr\u00e8s bonnes choses, je me sens tr\u00e8s bien. Maintenant, il faut que j&rsquo;arrive \u00e0 trouver des rep\u00e8res de match. Ce n&rsquo;est pas du tout le m\u00eame sens tactique, ce n&rsquo;est pas du tout la m\u00eame fa\u00e7on de penser que sur terre battue. Sur terre, il y a beaucoup plus de possibilit\u00e9s, on peut varier beaucoup plus, faire des kicks, du d\u00e9calage coup droit, jouer trois fois bomb\u00e9 sur le revers&#8230; Sur dur, il y a moins de r\u00e9flexion. En fait, ce sont des zones tr\u00e8s pr\u00e9cises. Il faut servir et faire une premi\u00e8re frappe, ou retourner et faire une premi\u00e8re frappe, et prendre le lead le plus t\u00f4t possible. Encore plus sur une surface comme le parquet, o\u00f9 \u00e7a rebondit tr\u00e8s peu, la balle reste r\u00e9ellement basse. Et c&rsquo;est ce que Lucas a vraiment bien fait.<\/p>\n<h3 style=\"text-align: justify;\">Et comment abordes-tu le dur \u00e0 l&rsquo;avenir ? Parce que pour l&rsquo;instant, tous tes gros r\u00e9sultats sont sur terre battue. En plus tu t&rsquo;entra\u00eenes beaucoup sur dur \u00e0 l&rsquo;acad\u00e9mie Piatti non ?<\/h3>\n<p style=\"text-align: justify;\">Le dur, de toute fa\u00e7on, c&rsquo;est la surface sur laquelle il y a le plus de tournois dans l&rsquo;ann\u00e9e. M\u00eame si la terre commence \u00e0 en avoir beaucoup, \u00e7a reste moiti\u00e9-moiti\u00e9. Limite, c&rsquo;est quoi ? 45% et 45%, et 10% de gazon&#8230; Donc forc\u00e9ment, mon jeu doit s&rsquo;am\u00e9liorer sur dur. Apr\u00e8s, je ne m&rsquo;inqui\u00e8te pas parce qu&rsquo;\u00e0 l&rsquo;entra\u00eenement, je suis capable de tr\u00e8s bien jouer. J&rsquo;ai fait des sets d&rsquo;entra\u00eenement \u00e0 Monaco o\u00f9 j&rsquo;ai battu des joueurs qui \u00e9taient top 30. Mais forc\u00e9ment, j&rsquo;ai besoin de rep\u00e8res, de matchs, de confiance sur dur. La terre et le dur, ce n&rsquo;est pas pareil, ce n&rsquo;est pas le m\u00eame sens tactique, pas les m\u00eames intentions.<\/p>\n<p style=\"text-align: justify;\">Je sais d\u00e9j\u00e0 que j&rsquo;ai un plan de travail sur dur que j&rsquo;essaie de mettre en place, que j&rsquo;ai travaill\u00e9. Forc\u00e9ment \u00e7a passera par plus d&rsquo;agressivit\u00e9 d\u00e9j\u00e0. Je pense que tout le monde le sait, je dois faire un travail sur les services et premi\u00e8res frappes. J&rsquo;arrive tr\u00e8s bien \u00e0 le faire \u00e0 l&rsquo;entra\u00eenement, en \u00e9tant tr\u00e8s agressif, en prenant la balle t\u00f4t, en jouant \u00e0 plat, en montant en filet. Apr\u00e8s le match contre Lucas, je suis all\u00e9 retaper et j&rsquo;ai essay\u00e9 de faire du travail sur \u00e7a, et c&rsquo;\u00e9tait mieux d\u00e9j\u00e0. Maintenant, il faut que je continue jusqu&rsquo;au prochain match et au prochain tournoi.<\/p>\n<h3 style=\"text-align: justify;\">Tu sens que tu as progress\u00e9 quand m\u00eame depuis que tu as rejoint l&rsquo;acad\u00e9mie en janvier ? Sur le plan tennis, sur le plan mental&#8230;<\/h3>\n<p style=\"text-align: justify;\">Oui ! D\u00e9j\u00e0, je pense qu&rsquo;on a pu le voir sur terre battue, avec certains matchs o\u00f9 \u00e7a jouait tr\u00e8s bien. J&rsquo;ai fait beaucoup de tournois cette ann\u00e9e, par choix. J&rsquo;ai fait mes deux premiers tournois de l&rsquo;ann\u00e9e aux \u00c9tats-Unis. Apr\u00e8s, je suis revenu parce que je ne sentais rien, ce n&rsquo;\u00e9tait pas bon. Puis j&rsquo;ai fait un bloc de six semaines d&rsquo;entra\u00eenement en d\u00e9but d&rsquo;ann\u00e9e avec six heures par jour, ce n&rsquo;\u00e9tait pas marrant [rires]. Je suis revenu \u00e0 Murcia [Challenger sur terre battue en mars], en ayant compl\u00e8tement chang\u00e9 ma technique. Mon style de jeu aussi, parce que forc\u00e9ment, tu changes ta technique et ton positionnement sur le court, c&rsquo;est compl\u00e8tement diff\u00e9rent. Mon jeu \u00e9tait robotis\u00e9. On pouvait le sentir en me voyant. C&rsquo;\u00e9tait vraiment tr\u00e8s pr\u00e9cis, tr\u00e8s technique et moins tactique. J&rsquo;\u00e9tais r\u00e9ellement concentr\u00e9 sur la mani\u00e8re de finir mon coup de droit, parce que ce n&rsquo;\u00e9tait pas encore acquis. Et petit \u00e0 petit, c&rsquo;est revenu en ordre.<\/p>\n<ul style=\"text-align: justify;\">\n<li style=\"text-align: justify;\"><strong>\u00c0 lire aussi : <a href=\"https:\/\/dicodusport.fr\/blog\/gabriel-debru-qui-peine-a-confirmer-depuis-les-juniors-va-prendre-un-nouveau-virage\/\">Gabriel Debru, qui peine \u00e0 confirmer depuis les Juniors, va prendre un nouveau virage<\/a><\/strong><\/li>\n<\/ul>\n<h3 style=\"text-align: justify;\">Et concr\u00e8tement, \u00e7a se passe comment \u00e0 l&rsquo;acad\u00e9mie au quotidien ? C&rsquo;est Riccardo Piatti qui chapeaute ? Et apr\u00e8s, tu as des coachs particuliers, c&rsquo;est \u00e7a ?<\/h3>\n<p style=\"text-align: justify;\">Oui, c&rsquo;est le grand chef. Donc, tu as <strong>Riccardo Piatti<\/strong> qui chapeaute. C&rsquo;est l&rsquo;entra\u00eeneur principal. On est en contact, on parle tout le temps. Quand je suis \u00e0 l&rsquo;acad\u00e9mie, il est l\u00e0 avec moi. J&rsquo;ai aussi<strong> Luca Vanni<\/strong> et <strong>Gianluigi Quinzi<\/strong> qui alternent au coaching et m&rsquo;accompagnent en tournoi. Et <strong>Andrea Volpini,<\/strong> qui \u00e9tait l&rsquo;entra\u00eeneur de <strong>Jannik Sinner<\/strong>, et qui est le directeur sportif du centre. Et en pr\u00e9parateurs physiques, je suis avec <strong>Leandro Mosconi<\/strong> et <strong>Dalibor Sirola<\/strong>, qui est l&rsquo;entra\u00eeneur de <strong>Zverev<\/strong> et qui supervise aussi le travail.<\/p>\n<blockquote class=\"twitter-tweet\">\n<p dir=\"ltr\" lang=\"fr\">\ud83c\uddeb\ud83c\uddf7 D\u00e9cision forte, intelligente et courageuse!<br \/>\nGabriel Debru 18 ans, 323e, va travailler dor\u00e9navant avec Ricardo Piatti, qui a coach\u00e9 entre autres Ljubicic, Djokovic, Fognini, Raonic, Gasquet, Sharapova et surtout Sinner.<\/p>\n<p>\ud83d\udcf7 <a href=\"https:\/\/twitter.com\/gabriel_debru?ref_src=twsrc%5Etfw\">@gabriel_debru<\/a> <a href=\"https:\/\/t.co\/0arNAZi9dj\">pic.twitter.com\/0arNAZi9dj<\/a><\/p>\n<p>\u2014 Benoit Maylin (@BenoitMaylin) <a href=\"https:\/\/twitter.com\/BenoitMaylin\/status\/1751658845816995876?ref_src=twsrc%5Etfw\">January 28, 2024<\/a><\/p><\/blockquote>\n<p><script async src=\"https:\/\/platform.twitter.com\/widgets.js\" charset=\"utf-8\"><\/script><\/p>\n<h3 style=\"text-align: justify;\">Et est-ce qu&rsquo;ils ont un mode de fonctionnement, peut-\u00eatre une vision diff\u00e9rente de ce que tu as connu avant ?<\/h3>\n<p style=\"text-align: justify;\">Compl\u00e8tement. Ce n&rsquo;est pas du tout la m\u00eame vision. Comme on a pu le voir, j&rsquo;ai chang\u00e9 ma technique radicalement. Je ne fais plus de boucles ou tr\u00e8s peu. Ma raquette n&rsquo;est pas \u00e0 90 degr\u00e9s, mais elle regarde vraiment face \u00e0 la balle pour \u00eatre le moins en retard possible. Aussi, on ne rattrape pas la raquette, on finit. En fait, des petits d\u00e9tails qui font \u00e9norm\u00e9ment de choses. En termes de tactique aussi, ce n&rsquo;est pas du tout pareil, c&rsquo;est deux m\u00e9thodes diff\u00e9rentes. Je sais que travailler avec <strong>Boris Vallejo<\/strong> [son coach \u00e0 la FFT de 2022 \u00e0 fin 2023] m&rsquo;a beaucoup apport\u00e9 sur le service et mon jeu vers l&rsquo;avant. Boris a coach\u00e9 <strong>Pierre-Hugues Herbert<\/strong> et <strong>Nicolas Mahut, <\/strong>des joueurs qui ont un style de jeu agressif. Donc il m&rsquo;a beaucoup apport\u00e9, il m&rsquo;a appris \u00e0 aimer le double et \u00e0 aimer le jeu vers l&rsquo;avant. Ce qui est important pour la suite. Et c&rsquo;est pour \u00e7a que je me donne \u00e0 c\u0153ur joie d&rsquo;aller au filet la plupart du temps.<\/p>\n<ul style=\"text-align: justify;\">\n<li style=\"text-align: justify;\"><strong>\u00c0 lire aussi : <a href=\"https:\/\/dicodusport.fr\/blog\/arthur-fils-gabriel-debru-et-diane-parry-quittent-la-federation-francaise-de-tennis\/\" rel=\"\">Arthur Fils, Gabriel Debru et Diane Parry quittent la F\u00e9d\u00e9ration Fran\u00e7aise de Tennis<\/a><\/strong><\/li>\n<\/ul>\n<p style=\"text-align: justify;\">Mais c&rsquo;est vrai qu&rsquo;en fait, c&rsquo;est deux approches diff\u00e9rentes. Chacune a son importance, chacune a des bonnes choses \u00e0 prendre. Avec Piatti, ils appliquent la m\u00eame base de travail qu&rsquo;ils avaient fait avec Sinner \u00e0 l&rsquo;\u00e9poque [de 2014 \u00e0 2022]. Je travaille beaucoup le service depuis Roland avec <strong>Luca Vanni<\/strong>, qui \u00e9tait top 100 et servait tr\u00e8s bien. On travaille beaucoup plus la tactique, la technique. Avant, je pensais que le tennis \u00e9tait vraiment un jeu de sensations. En fait non, il faut \u00eatre tr\u00e8s pr\u00e9cis sur ce qu&rsquo;on veut faire. Quand on voit les meilleurs, c&rsquo;est tr\u00e8s pr\u00e9cis. Avec la vision que j&rsquo;ai actuellement, je vois qu&rsquo;ils ne jouent pas crois\u00e9-crois\u00e9 et d&rsquo;un coup, long de ligne. Chaque balle a son importance.<\/p>\n<h3 style=\"text-align: justify;\">Tu es aussi all\u00e9 chercher un gros nom du coaching quand m\u00eame, alors que tu \u00e9tais 350e mondial \u00e0 l&rsquo;\u00e9poque&#8230; \u00c7a prouve ton ambition ?<\/h3>\n<p style=\"text-align: justify;\">C&rsquo;est clair. De toute fa\u00e7on, c&rsquo;est ce qu&rsquo;on recherchait avec mon entourage, mon agent, ma famille. Quelqu&rsquo;un qui a connu les Grands Chelems, qui a coach\u00e9 des vainqueurs de Grands Chelems, des joueurs qui sont arriv\u00e9s top 10, top 5. On voulait quelqu&rsquo;un qui ait de l&rsquo;exp\u00e9rience, qui a vu plusieurs personnes jouer, et avec des styles de jeux diff\u00e9rents. \u00c7a, c&rsquo;est important aussi. Je pense qu&rsquo;il m&rsquo;a beaucoup aid\u00e9 sur mon style de jeu, m&rsquo;a beaucoup apport\u00e9 et pour l&rsquo;instant, je suis tr\u00e8s content du travail qu&rsquo;on fait. Donc tr\u00e8s content d&rsquo;avoir fait ce choix.<\/p>\n<h3 style=\"text-align: justify;\">Et o\u00f9 en es-tu dans tes objectifs de quand tu t&rsquo;es lanc\u00e9 chez les pros en 2022 ? T&rsquo;attendais-tu \u00e0 avoir besoin de deux ans pour comprendre la r\u00e9alit\u00e9 du circuit ?<\/h3>\n<p style=\"text-align: justify;\">Forc\u00e9ment, quand on gagne Roland [Juniors] \u00e0 16 ans, on se dit que \u00e7a peut aller hyper vite. Mais en fait, c&rsquo;est difficile. Petit \u00e0 petit, on se rend compte des difficult\u00e9s du circuit. \u00c7a ne m&rsquo;a pas surpris parce que je ne me suis pas emball\u00e9 quand j&rsquo;ai gagn\u00e9 Roland. Je savais tr\u00e8s bien que \u00e7a allait \u00eatre tr\u00e8s dur, qu&rsquo;une semaine n&rsquo;allait pas tout changer. Je le voyais m\u00eame avant Roland. Avant, j&rsquo;\u00e9tais en 15 000 [ITF M15] et je ne les gagnais pas. \u00c7a ne va pas venir tout de suite. Apr\u00e8s, j&rsquo;ai eu des matchs plus compliqu\u00e9s, qui auraient pu faire tourner certaines choses. Gubbio en 2022 [ITF M15] par exemple, je perds en demi-finale 7-6 au dernier set. Si je gagne ce match, je ne pense pas que je perds la finale apr\u00e8s. Donc, je gagne un Future, et qu&rsquo;est-ce qui se passe apr\u00e8s ? On ne sait pas.<\/p>\n<p style=\"text-align: justify;\">Maintenant, je ne regrette en rien tout le parcours que j&rsquo;ai fait. \u00c7a m&rsquo;apporte aussi beaucoup d&rsquo;exp\u00e9rience, des fois des erreurs ou des mauvais choix. En fait, \u00e7a fait partie du circuit. On grandit comme \u00e7a. J&rsquo;ai vu une interview d&rsquo;<strong>Ugo Humbert<\/strong>, qui a dit en d\u00e9but d&rsquo;ann\u00e9e qu&rsquo;il voulait se qualifier pour le Master de fin d&rsquo;ann\u00e9e, quand il a vu qu&rsquo;il jouait tr\u00e8s bien. Il s&rsquo;est mis de la pression directement. Il a dit : <em>\u00ab j&rsquo;ai 26 ans et j&rsquo;apprends encore de mes erreurs. \u00bb<\/em> En fait, c&rsquo;est comme \u00e7a. Je pense que tout le monde fait des erreurs. Le but, c&rsquo;est d&rsquo;en faire le moins possible et d&rsquo;arriver le plus rapidement possible en haut. Moi, \u00e7a prend peut-\u00eatre un peu plus de temps, mais je ne suis pas non plus dans le rush. Je ne me dis pas \u00ab\u00a0il faut que je fasse \u00e7a, \u00e7a, \u00e7a\u00a0\u00bb. Pour l&rsquo;instant, je suis heureux sur le terrain, j&rsquo;adore ce que je fais. Je pense que c&rsquo;est vraiment la chose la plus importante.<\/p>\n<h3 style=\"text-align: justify;\">Donc \u00e7a ne t&rsquo;a pas mis un coup de pression de voir les autres 2005 commencer \u00e0 performer ? Les Mensik ou Shang qui sont top 100&#8230;<\/h3>\n<p style=\"text-align: justify;\">Ce qui a fait que j&rsquo;ai mieux jou\u00e9, c&rsquo;est que j&rsquo;ai arr\u00eat\u00e9 de me concentrer sur les autres. Chacun son rythme, chacun sa carri\u00e8re, chacun son niveau. J&rsquo;ai probablement eu plus de r\u00e9sultats en Juniors qu&rsquo;eux, mais au final, ils ont tr\u00e8s bien travaill\u00e9 apr\u00e8s. Peut-\u00eatre que j&rsquo;ai eu une progression plus t\u00f4t et eux, un peu plus tardive. C&rsquo;est comme \u00e7a. Maintenant, je me concentre r\u00e9ellement sur moi-m\u00eame, sur ma progression. C&rsquo;est ce qui me pollue l&rsquo;esprit de se dire que d&rsquo;autres ont fait \u00e7a, qu&rsquo;ils sont l\u00e0&#8230; Je le prends plus comme un d\u00e9fi en me disant que c&rsquo;est mon objectif d&rsquo;y arriver aussi. \u00c7a va le faire. D\u00e9sormais, l&rsquo;objectif est de travailler et de se donner le plus possible pour arriver au sommet.<\/p>\n<h3 style=\"text-align: justify;\">Peux-tu revenir sur tes deux titres cet \u00e9t\u00e9 ? Aux Challengers de Troyes et de Como ?<\/h3>\n<p style=\"text-align: justify;\">Alors Troyes, c&rsquo;est assez marrant parce que la semaine d&rsquo;avant, je suis \u00e0 Milan sans entra\u00eeneur. J&rsquo;\u00e9tais avec un de mes meilleurs potes, <strong>Paul Inchausp\u00e9<\/strong>. Je ne me sentais pas d&rsquo;avoir quelqu&rsquo;un sur cette semaine, je ne voulais pas parler tennis. C&rsquo;\u00e9tait un mood o\u00f9 je voulais juste kiffer le moment, ne pas me prendre la t\u00eate, ne pas penser technique. Juste me lib\u00e9rer. J&rsquo;ai aussi des potes qui sont venus me voir, ils m&rsquo;ont fait la surprise en venant en voiture de Nice. Ils ont fait 3 heures de route le matin pour me voir jouer. Gros c\u0153ur sur eux. \u00catre juste avec mes amis pendant une semaine, se sentir tranquille, c&rsquo;est ce qu&rsquo;il me fallait&#8230;<\/p>\n<p style=\"text-align: justify;\">Je sors des qualifications et je perds en trois sets contre <strong>Varillas<\/strong> [n\u00b0162], mais je jouais tr\u00e8s bien. L\u00e0, j&rsquo;ai senti que je jouais au tennis, en prenant du plaisir. Apr\u00e8s, je suis all\u00e9 \u00e0 Biarritz pour me reposer le cerveau. Je jouais au golf, je faisais autre chose de mes journ\u00e9es que jouer au tennis, m\u00eame si je me tapais 1h30 d&rsquo;entra\u00eenement physique. Je voulais vraiment prendre du temps pour moi, c&rsquo;\u00e9tait important. Et au final, je suis arriv\u00e9 rel\u00e2ch\u00e9 \u00e0 Troyes, o\u00f9 j&rsquo;ai plut\u00f4t pas mal jou\u00e9. C&rsquo;\u00e9tait une semaine dure mentalement parce que j&rsquo;\u00e9tais tr\u00e8s frustr\u00e9 sur le terrain. Avant, on ne me voyait pas m&rsquo;\u00e9nerver sur les Challengers. J&rsquo;\u00e9tais tr\u00e8s peu nerveux. Et l\u00e0, je l&rsquo;\u00e9tais, il y a eu des moments o\u00f9 je criais. Et pareil pour Uriage la semaine d&rsquo;apr\u00e8s [ITF M25]. Et au final, c&rsquo;est deux semaines d&rsquo;affil\u00e9e que je gagne. Comme quoi, le fait d&rsquo;\u00eatre un peu plus nerveux ne va pas te p\u00e9naliser, \u00e7a peut te servir des fois.<\/p>\n<ul style=\"text-align: justify;\">\n<li style=\"text-align: justify;\"><strong>\u00c0 lire aussi : <a href=\"https:\/\/dicodusport.fr\/blog\/atp-challenger-2024-gabriel-debru-remporte-son-premier-challenger-a-18-ans\/\">Gabriel Debru remporte son premier Challenger \u00e0 18 ans !<\/a><\/strong><\/li>\n<\/ul>\n<blockquote class=\"twitter-tweet\">\n<p dir=\"ltr\" lang=\"fr\">OUIIIIIIII !<\/p>\n<p>GABRIEL DEBRU REMPORTE SON PREMIER CHALLENGER !<\/p>\n<p>Victoire \u00e0 Troyes, contre Skatov en finale !<\/p>\n<p>Match qui r\u00e9sume son tournoi, courageux, combattif.<\/p>\n<p>Mais \u00e7a \u00e9t\u00e9 compliqu\u00e9 notamment pour terminer..<br \/>\nmais c&rsquo;est vraiment bien apr\u00e8s les gal\u00e8res du d\u00e9but de saison\u2026 <a href=\"https:\/\/t.co\/sqKYYydloe\">pic.twitter.com\/sqKYYydloe<\/a><\/p>\n<p>\u2014 Romain \ud83c\udfbe\ud83c\uddeb\ud83c\uddf7 (@RomainNextGen) <a href=\"https:\/\/twitter.com\/RomainNextGen\/status\/1809990024500244705?ref_src=twsrc%5Etfw\">July 7, 2024<\/a><\/p><\/blockquote>\n<p><script async src=\"https:\/\/platform.twitter.com\/widgets.js\" charset=\"utf-8\"><\/script><\/p>\n<h3 style=\"text-align: justify;\">Et apr\u00e8s, Como ?<\/h3>\n<p style=\"text-align: justify;\">Avant Como, je fais deux semaines et demie de vacances, puis une semaine et demie d&rsquo;entra\u00eenement. Apr\u00e8s, je reprends en tournoi en Bulgarie o\u00f9 j&rsquo;ai eu des probl\u00e8mes d&rsquo;insomnie, que j&rsquo;ai toujours un peu. Je ne dormais que tr\u00e8s peu, quatre heures par jour. \u00c7a s&rsquo;accumule et avec la pression du match, j&rsquo;ai failli faire un malaise sur le terrain. Je perdais 6-2 2-0 et le m\u00e9decin est venu. Je faisais une petite crise de tachycardie, j&rsquo;\u00e9tais \u00e0 140 battements par minute. Au repos. Ce n&rsquo;est pas normal. Il y a une obligation, si le m\u00e9decin me dit que je ne peux plus jouer, ce n&rsquo;est pas mon choix, je dois m&rsquo;arr\u00eater. Mais je lui ai dit non, que c&rsquo;\u00e9tait ma responsabilit\u00e9. Donc s&rsquo;il m&rsquo;arrive un truc, c&rsquo;est ma faute.<\/p>\n<p style=\"text-align: justify;\">En fait, mon adversaire commen\u00e7ait \u00e0 faire des coups droits saut\u00e9s, donc \u00e0 rigoler sur moi. \u00c7a m&rsquo;a un peu \u00e9nerv\u00e9. Du coup, j&rsquo;ai dit : \u00ab\u00a0Je continue, je fais ce que je peux aujourd&rsquo;hui\u00a0\u00bb. Je ne m&rsquo;attendais pas \u00e0 grand-chose. Je perds 7-5 au dernier set, \u00e7a montre la combativit\u00e9 que j&rsquo;ai eue sur ce match. Et \u00e7a m&rsquo;a servi pour Como. Je suis arriv\u00e9 l\u00e0-bas et je me suis bien senti. Je gagne sur <strong>Hassan<\/strong> [n\u00b0196], qui joue quand m\u00eame pas mal. Apr\u00e8s, je gagne sur <strong>Jianu<\/strong> [n\u00b0233] qui joue bien sur terre. Apr\u00e8s, je ne joue pas <strong>Nishikori<\/strong> parce qu&rsquo;il est forfait. On \u00e9tait un peu d\u00e9faits avec Piatti. Parce que comme je l&rsquo;ai toujours dit, ce ne sont pas les Challengers sur lesquels on cherche \u00e0 gagner de l&rsquo;argent, mais plut\u00f4t de l&rsquo;exp\u00e9rience. En demi-finale, je joue <strong>Travaglia<\/strong> [n\u00b0214] qui a \u00e9t\u00e9 n\u00b060, qui joue quand m\u00eame plut\u00f4t bien, et je fais un bon match en deux sets. Et apr\u00e8s, je gagne <strong>Buse<\/strong> [n\u00b0270] en trois sets qui jouait aussi tr\u00e8s bien. Au troisi\u00e8me set, on jouait vraiment l&rsquo;acier pour le coup, ce n&rsquo;\u00e9tait que des rallyes. Franchement, tr\u00e8s content. C&rsquo;est beaucoup de travail depuis le d\u00e9but de l&rsquo;ann\u00e9e, donc de gagner des titres comme \u00e7a, c&rsquo;est symbolique.<\/p>\n<ul style=\"text-align: justify;\">\n<li style=\"text-align: justify;\"><strong>\u00c0 lire aussi : <a href=\"https:\/\/dicodusport.fr\/blog\/atp-challenger-2024-gabriel-debru-confirme-avec-un-deuxieme-titre-en-deux-mois\/\">Gabriel Debru confirme avec un deuxi\u00e8me titre en Challenger en deux mois !<\/a><\/strong><\/li>\n<\/ul>\n<h3 style=\"text-align: justify;\">Et quels sont tes objectifs maintenant ?<\/h3>\n<p style=\"text-align: justify;\">Je veux devenir num\u00e9ro 1 mondial, gagner Roland-Garros chez les grands. Au court-terme, je l&rsquo;ai toujours dit, je n&rsquo;ai pas d&rsquo;objectif de classement. En termes de progression, j&rsquo;ai des axes de travail \u00e0 produire sur mon coup droit, sur mon agressivit\u00e9 vers l&rsquo;avant. \u00c7a peut me faire monter tr\u00e8s vite si j&rsquo;arrive \u00e0 le mettre en place. Je le sais. Et sinon, \u00eatre heureux.<\/p>\n<h3 style=\"text-align: justify;\">Et l&rsquo;\u00e9quipe de France, tu y penses ?<\/h3>\n<p style=\"text-align: justify;\">Oui j&rsquo;y pense. Forc\u00e9ment, jouer pour son pays&#8230; Quand je l&rsquo;ai fait avec les Juniors, c&rsquo;\u00e9tait une fiert\u00e9 immense. Je n&rsquo;imagine m\u00eame pas quand on est en Coupe Davis. Une s\u00e9lection en \u00e9quipe de France, jouer pour son pays, pour son maillot, ce n&rsquo;est pas anodin. Maintenant, j&rsquo;ai du travail \u00e0 faire avant d&rsquo;y arriver. Pour l&rsquo;instant, je n&rsquo;y suis pas encore. Mais je pense que je peux me donner les moyens d&rsquo;y arriver. Il faut juste que je continue de bien travailler pour \u00e7a.<\/p>\n<h3 style=\"text-align: justify;\">Tu as des exemples dans le tennis ?<\/h3>\n<p style=\"text-align: justify;\">Je ne vais plus dire <strong>Karatsev<\/strong> c&rsquo;est bon [rires]. Un exemple, Federer, bien \u00e9videmment, le GOAT. Et apr\u00e8s, en inspiration de jeu, forc\u00e9ment, j&rsquo;aime beaucoup<strong> Sinner<\/strong>. J&rsquo;aime beaucoup comment il joue, comment il se d\u00e9place. Je pense que j&rsquo;ai un peu le m\u00eame physique : assez fin, grand, qui se d\u00e9place plut\u00f4t pas mal sur le terrain. Maintenant, on voit ce qu&rsquo;il met en place cette ann\u00e9e sur le terrain, dans l&rsquo;agressivit\u00e9 qu&rsquo;il a dans la frappe, d&rsquo;aller vers l&rsquo;avant et de finir vers l&rsquo;avant. Je pense que mon jeu doit se diriger sur \u00e7a, et que je peux aussi encore plus m&rsquo;appuyer sur mon service.<\/p>\n<h3 style=\"text-align: justify;\">Tu prends des conseils des joueurs ? Des Fran\u00e7ais peut-\u00eatre ?<\/h3>\n<p style=\"text-align: justify;\">Oui, on les prend et \u00e0 la fois, on ne va pas en demander. C&rsquo;est assez d\u00e9licat. Moi, je suis quand m\u00eame vachement \u00e0 l&rsquo;\u00e9coute. J&rsquo;ai une envie de progresser qui est malgr\u00e9 tout \u00e9norme. J&rsquo;ai vraiment envie de me donner \u00e0 100%, de rechercher la performance. Quand un joueur peut te donner quelques conseils, m\u00eame si ce sont des petits, c&rsquo;est toujours bon \u00e0 prendre. Oui, forc\u00e9ment, on essaye d&rsquo;en tenir compte.<\/p>\n<h3 style=\"text-align: justify;\">Et chez les Fran\u00e7ais, il y a une transmission entre les anciens et les jeunes ou pas trop ?<\/h3>\n<p style=\"text-align: justify;\">Oui, il y en a. Moi, je sais que je me suis entra\u00een\u00e9 quelques fois, <strong>Nicolas Mahut<\/strong>. Il me parlait un peu du jeu vers l&rsquo;avant. Je regarde beaucoup de doubles, plus que de simples. J&rsquo;aime le jeu vers l&rsquo;avant en fait, l&rsquo;agressivit\u00e9 qu&rsquo;ils ont. Du coup, j&rsquo;ai pris pas mal de conseils de Nico. J&rsquo;ai parl\u00e9 un peu avec <strong>Richard Gasquet<\/strong> aussi. C&rsquo;est int\u00e9ressant de parler avec eux. Pas forc\u00e9ment pour qu&rsquo;ils nous donnent des conseils, mais juste \u00e9couter ce qu&rsquo;ils disent, ce qu&rsquo;ils pensent du circuit, comment ils vivent la chose&#8230; Richard est en fin de carri\u00e8re donc forc\u00e9ment, c&rsquo;est hyper int\u00e9ressant, apr\u00e8s de longues ann\u00e9es sur le circuit, de savoir comment il ressent le tennis en ce moment. C&rsquo;est toujours bon \u00e0 prendre.<\/p>\n<blockquote class=\"twitter-tweet\">\n<p dir=\"ltr\" lang=\"fr\">Avant de rejoindre Arthur Fils au Kowe\u00eft pour sa pr\u00e9paration, Rafael Nadal s\u2019est entra\u00een\u00e9 avec le champion de Roland-Garros 2022 chez les juniors, Gabriel Debru. \ud83e\udd29\ud83c\uddeb\ud83c\uddf7<\/p>\n<p>Magnifique exp\u00e9rience pour le Fran\u00e7ais \u00e0 17 ans. \ud83d\udc4f<a href=\"https:\/\/t.co\/wHg3liHdVh\">pic.twitter.com\/wHg3liHdVh<\/a><\/p>\n<p>\u2014 Univers Tennis \ud83c\udfbe (@UniversTennis) <a href=\"https:\/\/twitter.com\/UniversTennis\/status\/1731677253342314947?ref_src=twsrc%5Etfw\">December 4, 2023<\/a><\/p><\/blockquote>\n<p><script async src=\"https:\/\/platform.twitter.com\/widgets.js\" charset=\"utf-8\"><\/script><\/p>\n","protected":false},"excerpt":{"rendered":"<p>\u00ab Quand on gagne Roland \u00e0 16 ans, on se dit que \u00e7a peut aller hyper vite, mais c&rsquo;est difficile \u00bb<\/p>\n","protected":false},"author":13,"featured_media":525174,"comment_status":"open","ping_status":"closed","sticky":false,"template":"","format":"standard","meta":{"_acf_changed":false,"_daextam_enable_autolinks":"1","footnotes":""},"categories":[2302],"tags":[16878,23548,23734,24],"class_list":["post-524891","post","type-post","status-publish","format-standard","has-post-thumbnail","hentry","category-tennis","tag-breve","tag-gabriel-debru","tag-jeune-francais-tennis","tag-sport"],"acf":[],"yoast_head":"<!-- This site is optimized with the Yoast SEO Premium plugin v26.7 (Yoast SEO v26.7) - https:\/\/yoast.com\/wordpress\/plugins\/seo\/ -->\n<title>Gabriel Debru : \u00ab Quand on gagne Roland \u00e0 16 ans, on se dit que \u00e7a peut aller hyper vite, mais c&#039;est difficile \u00bb<\/title>\n<meta name=\"description\" content=\"Interview avec Gabriel Debru, vainqueur de Roland-Garros et ex-n\u00b01 mondial chez les Juniors, qui s&#039;est lanc\u00e9 chez les pros il y a deux ans.\" \/>\n<meta name=\"robots\" content=\"index, follow, max-snippet:-1, max-image-preview:large, max-video-preview:-1\" \/>\n<link rel=\"canonical\" href=\"https:\/\/dicodusport.fr\/blog\/gabriel-debru-quand-on-gagne-roland-a-16-ans-on-se-dit-que-ca-peut-aller-hyper-vite-mais-cest-difficile\/\" \/>\n<meta property=\"og:locale\" content=\"fr_FR\" \/>\n<meta property=\"og:type\" content=\"article\" \/>\n<meta property=\"og:title\" content=\"Gabriel Debru : \u00ab Quand on gagne Roland \u00e0 16 ans, on se dit que \u00e7a peut aller hyper vite, mais c&#039;est difficile \u00bb\" \/>\n<meta property=\"og:description\" content=\"Interview avec Gabriel Debru, vainqueur de Roland-Garros et ex-n\u00b01 mondial chez les Juniors, qui s&#039;est lanc\u00e9 chez les pros il y a deux ans.\" \/>\n<meta property=\"og:url\" content=\"https:\/\/dicodusport.fr\/blog\/gabriel-debru-quand-on-gagne-roland-a-16-ans-on-se-dit-que-ca-peut-aller-hyper-vite-mais-cest-difficile\/\" \/>\n<meta property=\"og:site_name\" content=\"Dicodusport\" \/>\n<meta property=\"article:publisher\" content=\"https:\/\/www.facebook.com\/dicodusport\" \/>\n<meta property=\"article:published_time\" content=\"2024-10-07T09:56:10+00:00\" \/>\n<meta property=\"og:image\" content=\"https:\/\/dicodusport.fr\/blog\/wp-content\/uploads\/2024\/10\/gabriel-debru-quand-on-gagne-roland-a-16-ans-on-se-dit-que-ca-peut-aller-hyper-vite-mais-cest-difficile.png\" \/>\n\t<meta property=\"og:image:width\" content=\"1200\" \/>\n\t<meta property=\"og:image:height\" content=\"674\" \/>\n\t<meta property=\"og:image:type\" content=\"image\/png\" \/>\n<meta name=\"author\" content=\"Tom Compayrot\" \/>\n<meta name=\"twitter:card\" content=\"summary_large_image\" \/>\n<meta name=\"twitter:title\" content=\"Gabriel Debru : \u00ab Quand on gagne Roland \u00e0 16 ans, on se dit que \u00e7a peut aller hyper vite, mais c&#039;est difficile \u00bb\" \/>\n<meta name=\"twitter:creator\" content=\"@https:\/\/twitter.com\/Tom_Cprt\" \/>\n<meta name=\"twitter:site\" content=\"@dicodusport\" \/>\n<script type=\"application\/ld+json\" class=\"yoast-schema-graph\">{\"@context\":\"https:\/\/schema.org\",\"@graph\":[{\"@type\":\"NewsArticle\",\"@id\":\"https:\/\/dicodusport.fr\/blog\/gabriel-debru-quand-on-gagne-roland-a-16-ans-on-se-dit-que-ca-peut-aller-hyper-vite-mais-cest-difficile\/#article\",\"isPartOf\":{\"@id\":\"https:\/\/dicodusport.fr\/blog\/gabriel-debru-quand-on-gagne-roland-a-16-ans-on-se-dit-que-ca-peut-aller-hyper-vite-mais-cest-difficile\/\"},\"author\":{\"name\":\"Tom Compayrot\",\"@id\":\"https:\/\/dicodusport.fr\/blog\/#\/schema\/person\/bf1e4f404e108bd2be5b447b16bde9a7\"},\"headline\":\"Gabriel Debru : \u00ab Quand on gagne Roland \u00e0 16 ans, on se dit que \u00e7a peut aller hyper vite, mais c&rsquo;est difficile \u00bb\",\"datePublished\":\"2024-10-07T09:56:10+00:00\",\"mainEntityOfPage\":{\"@id\":\"https:\/\/dicodusport.fr\/blog\/gabriel-debru-quand-on-gagne-roland-a-16-ans-on-se-dit-que-ca-peut-aller-hyper-vite-mais-cest-difficile\/\"},\"wordCount\":3618,\"commentCount\":0,\"publisher\":{\"@id\":\"https:\/\/dicodusport.fr\/blog\/#organization\"},\"image\":{\"@id\":\"https:\/\/dicodusport.fr\/blog\/gabriel-debru-quand-on-gagne-roland-a-16-ans-on-se-dit-que-ca-peut-aller-hyper-vite-mais-cest-difficile\/#primaryimage\"},\"thumbnailUrl\":\"https:\/\/dicodusport.fr\/blog\/wp-content\/uploads\/2024\/10\/gabriel-debru-quand-on-gagne-roland-a-16-ans-on-se-dit-que-ca-peut-aller-hyper-vite-mais-cest-difficile.png\",\"keywords\":[\"br\u00e8ve\",\"Gabriel Debru\",\"jeune fran\u00e7ais tennis\",\"sport\"],\"articleSection\":[\"Tennis\"],\"inLanguage\":\"fr-FR\",\"potentialAction\":[{\"@type\":\"CommentAction\",\"name\":\"Comment\",\"target\":[\"https:\/\/dicodusport.fr\/blog\/gabriel-debru-quand-on-gagne-roland-a-16-ans-on-se-dit-que-ca-peut-aller-hyper-vite-mais-cest-difficile\/#respond\"]}],\"copyrightYear\":\"2024\",\"copyrightHolder\":{\"@id\":\"https:\/\/dicodusport.fr\/blog\/#organization\"}},{\"@type\":\"WebPage\",\"@id\":\"https:\/\/dicodusport.fr\/blog\/gabriel-debru-quand-on-gagne-roland-a-16-ans-on-se-dit-que-ca-peut-aller-hyper-vite-mais-cest-difficile\/\",\"url\":\"https:\/\/dicodusport.fr\/blog\/gabriel-debru-quand-on-gagne-roland-a-16-ans-on-se-dit-que-ca-peut-aller-hyper-vite-mais-cest-difficile\/\",\"name\":\"Gabriel Debru : \u00ab Quand on gagne Roland \u00e0 16 ans, on se dit que \u00e7a peut aller hyper vite, mais c'est difficile \u00bb\",\"isPartOf\":{\"@id\":\"https:\/\/dicodusport.fr\/blog\/#website\"},\"primaryImageOfPage\":{\"@id\":\"https:\/\/dicodusport.fr\/blog\/gabriel-debru-quand-on-gagne-roland-a-16-ans-on-se-dit-que-ca-peut-aller-hyper-vite-mais-cest-difficile\/#primaryimage\"},\"image\":{\"@id\":\"https:\/\/dicodusport.fr\/blog\/gabriel-debru-quand-on-gagne-roland-a-16-ans-on-se-dit-que-ca-peut-aller-hyper-vite-mais-cest-difficile\/#primaryimage\"},\"thumbnailUrl\":\"https:\/\/dicodusport.fr\/blog\/wp-content\/uploads\/2024\/10\/gabriel-debru-quand-on-gagne-roland-a-16-ans-on-se-dit-que-ca-peut-aller-hyper-vite-mais-cest-difficile.png\",\"datePublished\":\"2024-10-07T09:56:10+00:00\",\"description\":\"Interview avec Gabriel Debru, vainqueur de Roland-Garros et ex-n\u00b01 mondial chez les Juniors, qui s'est lanc\u00e9 chez les pros il y a deux ans.\",\"breadcrumb\":{\"@id\":\"https:\/\/dicodusport.fr\/blog\/gabriel-debru-quand-on-gagne-roland-a-16-ans-on-se-dit-que-ca-peut-aller-hyper-vite-mais-cest-difficile\/#breadcrumb\"},\"inLanguage\":\"fr-FR\",\"potentialAction\":[{\"@type\":\"ReadAction\",\"target\":[\"https:\/\/dicodusport.fr\/blog\/gabriel-debru-quand-on-gagne-roland-a-16-ans-on-se-dit-que-ca-peut-aller-hyper-vite-mais-cest-difficile\/\"]}]},{\"@type\":\"ImageObject\",\"inLanguage\":\"fr-FR\",\"@id\":\"https:\/\/dicodusport.fr\/blog\/gabriel-debru-quand-on-gagne-roland-a-16-ans-on-se-dit-que-ca-peut-aller-hyper-vite-mais-cest-difficile\/#primaryimage\",\"url\":\"https:\/\/dicodusport.fr\/blog\/wp-content\/uploads\/2024\/10\/gabriel-debru-quand-on-gagne-roland-a-16-ans-on-se-dit-que-ca-peut-aller-hyper-vite-mais-cest-difficile.png\",\"contentUrl\":\"https:\/\/dicodusport.fr\/blog\/wp-content\/uploads\/2024\/10\/gabriel-debru-quand-on-gagne-roland-a-16-ans-on-se-dit-que-ca-peut-aller-hyper-vite-mais-cest-difficile.png\",\"width\":1200,\"height\":674},{\"@type\":\"BreadcrumbList\",\"@id\":\"https:\/\/dicodusport.fr\/blog\/gabriel-debru-quand-on-gagne-roland-a-16-ans-on-se-dit-que-ca-peut-aller-hyper-vite-mais-cest-difficile\/#breadcrumb\",\"itemListElement\":[{\"@type\":\"ListItem\",\"position\":1,\"name\":\"Accueil\",\"item\":\"https:\/\/dicodusport.fr\/blog\/\"},{\"@type\":\"ListItem\",\"position\":2,\"name\":\"Gabriel Debru : \u00ab Quand on gagne Roland \u00e0 16 ans, on se dit que \u00e7a peut aller hyper vite, mais c&#8217;est difficile \u00bb\"}]},{\"@type\":\"WebSite\",\"@id\":\"https:\/\/dicodusport.fr\/blog\/#website\",\"url\":\"https:\/\/dicodusport.fr\/blog\/\",\"name\":\"Dicodusport\",\"description\":\"L&#039;encyclop\u00e9die de l&#039;actualit\u00e9 sportive\",\"publisher\":{\"@id\":\"https:\/\/dicodusport.fr\/blog\/#organization\"},\"potentialAction\":[{\"@type\":\"SearchAction\",\"target\":{\"@type\":\"EntryPoint\",\"urlTemplate\":\"https:\/\/dicodusport.fr\/blog\/?s={search_term_string}\"},\"query-input\":{\"@type\":\"PropertyValueSpecification\",\"valueRequired\":true,\"valueName\":\"search_term_string\"}}],\"inLanguage\":\"fr-FR\"},{\"@type\":\"NewsMediaOrganization\",\"@id\":\"https:\/\/dicodusport.fr\/blog\/#organization\",\"name\":\"Dicodusport\",\"url\":\"https:\/\/dicodusport.fr\/blog\/\",\"logo\":{\"@type\":\"ImageObject\",\"inLanguage\":\"fr-FR\",\"@id\":\"https:\/\/dicodusport.fr\/blog\/#\/schema\/logo\/image\/\",\"url\":\"https:\/\/dicodusport.fr\/blog\/wp-content\/uploads\/2020\/06\/cropped-LOGO-DICODUSPORT-2020-SANS-FOND-SANS-TEXTE.png\",\"contentUrl\":\"https:\/\/dicodusport.fr\/blog\/wp-content\/uploads\/2020\/06\/cropped-LOGO-DICODUSPORT-2020-SANS-FOND-SANS-TEXTE.png\",\"width\":512,\"height\":512,\"caption\":\"Dicodusport\"},\"image\":{\"@id\":\"https:\/\/dicodusport.fr\/blog\/#\/schema\/logo\/image\/\"},\"sameAs\":[\"https:\/\/www.facebook.com\/dicodusport\",\"https:\/\/x.com\/dicodusport\",\"https:\/\/www.instagram.com\/dicodusport\/\",\"https:\/\/www.youtube.com\/channel\/UC7V2KZ5sd3htJivAbA4ZG3w\"],\"description\":\"Dicodusport est l'encyclop\u00e9die de l'actualit\u00e9 sportive.\",\"email\":\"bonjour@dicodusport.fr\",\"legalName\":\"DICODUSPORT\",\"foundingDate\":\"2018-01-14\",\"vatID\":\"FR71834470973\",\"taxID\":\"83447097300043\",\"numberOfEmployees\":{\"@type\":\"QuantitativeValue\",\"minValue\":\"1\",\"maxValue\":\"10\"}},{\"@type\":\"Person\",\"@id\":\"https:\/\/dicodusport.fr\/blog\/#\/schema\/person\/bf1e4f404e108bd2be5b447b16bde9a7\",\"name\":\"Tom Compayrot\",\"image\":{\"@type\":\"ImageObject\",\"inLanguage\":\"fr-FR\",\"@id\":\"https:\/\/dicodusport.fr\/blog\/#\/schema\/person\/image\/\",\"url\":\"https:\/\/dicodusport.fr\/blog\/wp-content\/uploads\/2021\/05\/Tom-Compayrot-150x150.jpg\",\"contentUrl\":\"https:\/\/dicodusport.fr\/blog\/wp-content\/uploads\/2021\/05\/Tom-Compayrot-150x150.jpg\",\"caption\":\"Tom Compayrot\"},\"description\":\"Journaliste\/r\u00e9dacteur depuis mars 2017 - Amoureux de la petite balle jaune et du gros ballon orange qui tra\u00eene sa carcasse sur Dicodusport depuis 2017. Rafael Nadal et LeBron James sont les meilleurs joueurs de l'histoire.\",\"sameAs\":[\"https:\/\/x.com\/https:\/\/twitter.com\/Tom_Cprt\"],\"url\":\"https:\/\/dicodusport.fr\/blog\/author\/tom\/\"}]}<\/script>\n<!-- \/ Yoast SEO Premium plugin. -->","yoast_head_json":{"title":"Gabriel Debru : \u00ab Quand on gagne Roland \u00e0 16 ans, on se dit que \u00e7a peut aller hyper vite, mais c'est difficile \u00bb","description":"Interview avec Gabriel Debru, vainqueur de Roland-Garros et ex-n\u00b01 mondial chez les Juniors, qui s'est lanc\u00e9 chez les pros il y a deux ans.","robots":{"index":"index","follow":"follow","max-snippet":"max-snippet:-1","max-image-preview":"max-image-preview:large","max-video-preview":"max-video-preview:-1"},"canonical":"https:\/\/dicodusport.fr\/blog\/gabriel-debru-quand-on-gagne-roland-a-16-ans-on-se-dit-que-ca-peut-aller-hyper-vite-mais-cest-difficile\/","og_locale":"fr_FR","og_type":"article","og_title":"Gabriel Debru : \u00ab Quand on gagne Roland \u00e0 16 ans, on se dit que \u00e7a peut aller hyper vite, mais c'est difficile \u00bb","og_description":"Interview avec Gabriel Debru, vainqueur de Roland-Garros et ex-n\u00b01 mondial chez les Juniors, qui s'est lanc\u00e9 chez les pros il y a deux ans.","og_url":"https:\/\/dicodusport.fr\/blog\/gabriel-debru-quand-on-gagne-roland-a-16-ans-on-se-dit-que-ca-peut-aller-hyper-vite-mais-cest-difficile\/","og_site_name":"Dicodusport","article_publisher":"https:\/\/www.facebook.com\/dicodusport","article_published_time":"2024-10-07T09:56:10+00:00","og_image":[{"width":1200,"height":674,"url":"https:\/\/dicodusport.fr\/blog\/wp-content\/uploads\/2024\/10\/gabriel-debru-quand-on-gagne-roland-a-16-ans-on-se-dit-que-ca-peut-aller-hyper-vite-mais-cest-difficile.png","type":"image\/png"}],"author":"Tom Compayrot","twitter_card":"summary_large_image","twitter_title":"Gabriel Debru : \u00ab Quand on gagne Roland \u00e0 16 ans, on se dit que \u00e7a peut aller hyper vite, mais c'est difficile \u00bb","twitter_creator":"@https:\/\/twitter.com\/Tom_Cprt","twitter_site":"@dicodusport","schema":{"@context":"https:\/\/schema.org","@graph":[{"@type":"NewsArticle","@id":"https:\/\/dicodusport.fr\/blog\/gabriel-debru-quand-on-gagne-roland-a-16-ans-on-se-dit-que-ca-peut-aller-hyper-vite-mais-cest-difficile\/#article","isPartOf":{"@id":"https:\/\/dicodusport.fr\/blog\/gabriel-debru-quand-on-gagne-roland-a-16-ans-on-se-dit-que-ca-peut-aller-hyper-vite-mais-cest-difficile\/"},"author":{"name":"Tom Compayrot","@id":"https:\/\/dicodusport.fr\/blog\/#\/schema\/person\/bf1e4f404e108bd2be5b447b16bde9a7"},"headline":"Gabriel Debru : \u00ab Quand on gagne Roland \u00e0 16 ans, on se dit que \u00e7a peut aller hyper vite, mais c&rsquo;est difficile \u00bb","datePublished":"2024-10-07T09:56:10+00:00","mainEntityOfPage":{"@id":"https:\/\/dicodusport.fr\/blog\/gabriel-debru-quand-on-gagne-roland-a-16-ans-on-se-dit-que-ca-peut-aller-hyper-vite-mais-cest-difficile\/"},"wordCount":3618,"commentCount":0,"publisher":{"@id":"https:\/\/dicodusport.fr\/blog\/#organization"},"image":{"@id":"https:\/\/dicodusport.fr\/blog\/gabriel-debru-quand-on-gagne-roland-a-16-ans-on-se-dit-que-ca-peut-aller-hyper-vite-mais-cest-difficile\/#primaryimage"},"thumbnailUrl":"https:\/\/dicodusport.fr\/blog\/wp-content\/uploads\/2024\/10\/gabriel-debru-quand-on-gagne-roland-a-16-ans-on-se-dit-que-ca-peut-aller-hyper-vite-mais-cest-difficile.png","keywords":["br\u00e8ve","Gabriel Debru","jeune fran\u00e7ais tennis","sport"],"articleSection":["Tennis"],"inLanguage":"fr-FR","potentialAction":[{"@type":"CommentAction","name":"Comment","target":["https:\/\/dicodusport.fr\/blog\/gabriel-debru-quand-on-gagne-roland-a-16-ans-on-se-dit-que-ca-peut-aller-hyper-vite-mais-cest-difficile\/#respond"]}],"copyrightYear":"2024","copyrightHolder":{"@id":"https:\/\/dicodusport.fr\/blog\/#organization"}},{"@type":"WebPage","@id":"https:\/\/dicodusport.fr\/blog\/gabriel-debru-quand-on-gagne-roland-a-16-ans-on-se-dit-que-ca-peut-aller-hyper-vite-mais-cest-difficile\/","url":"https:\/\/dicodusport.fr\/blog\/gabriel-debru-quand-on-gagne-roland-a-16-ans-on-se-dit-que-ca-peut-aller-hyper-vite-mais-cest-difficile\/","name":"Gabriel Debru : \u00ab Quand on gagne Roland \u00e0 16 ans, on se dit que \u00e7a peut aller hyper vite, mais c'est difficile \u00bb","isPartOf":{"@id":"https:\/\/dicodusport.fr\/blog\/#website"},"primaryImageOfPage":{"@id":"https:\/\/dicodusport.fr\/blog\/gabriel-debru-quand-on-gagne-roland-a-16-ans-on-se-dit-que-ca-peut-aller-hyper-vite-mais-cest-difficile\/#primaryimage"},"image":{"@id":"https:\/\/dicodusport.fr\/blog\/gabriel-debru-quand-on-gagne-roland-a-16-ans-on-se-dit-que-ca-peut-aller-hyper-vite-mais-cest-difficile\/#primaryimage"},"thumbnailUrl":"https:\/\/dicodusport.fr\/blog\/wp-content\/uploads\/2024\/10\/gabriel-debru-quand-on-gagne-roland-a-16-ans-on-se-dit-que-ca-peut-aller-hyper-vite-mais-cest-difficile.png","datePublished":"2024-10-07T09:56:10+00:00","description":"Interview avec Gabriel Debru, vainqueur de Roland-Garros et ex-n\u00b01 mondial chez les Juniors, qui s'est lanc\u00e9 chez les pros il y a deux ans.","breadcrumb":{"@id":"https:\/\/dicodusport.fr\/blog\/gabriel-debru-quand-on-gagne-roland-a-16-ans-on-se-dit-que-ca-peut-aller-hyper-vite-mais-cest-difficile\/#breadcrumb"},"inLanguage":"fr-FR","potentialAction":[{"@type":"ReadAction","target":["https:\/\/dicodusport.fr\/blog\/gabriel-debru-quand-on-gagne-roland-a-16-ans-on-se-dit-que-ca-peut-aller-hyper-vite-mais-cest-difficile\/"]}]},{"@type":"ImageObject","inLanguage":"fr-FR","@id":"https:\/\/dicodusport.fr\/blog\/gabriel-debru-quand-on-gagne-roland-a-16-ans-on-se-dit-que-ca-peut-aller-hyper-vite-mais-cest-difficile\/#primaryimage","url":"https:\/\/dicodusport.fr\/blog\/wp-content\/uploads\/2024\/10\/gabriel-debru-quand-on-gagne-roland-a-16-ans-on-se-dit-que-ca-peut-aller-hyper-vite-mais-cest-difficile.png","contentUrl":"https:\/\/dicodusport.fr\/blog\/wp-content\/uploads\/2024\/10\/gabriel-debru-quand-on-gagne-roland-a-16-ans-on-se-dit-que-ca-peut-aller-hyper-vite-mais-cest-difficile.png","width":1200,"height":674},{"@type":"BreadcrumbList","@id":"https:\/\/dicodusport.fr\/blog\/gabriel-debru-quand-on-gagne-roland-a-16-ans-on-se-dit-que-ca-peut-aller-hyper-vite-mais-cest-difficile\/#breadcrumb","itemListElement":[{"@type":"ListItem","position":1,"name":"Accueil","item":"https:\/\/dicodusport.fr\/blog\/"},{"@type":"ListItem","position":2,"name":"Gabriel Debru : \u00ab Quand on gagne Roland \u00e0 16 ans, on se dit que \u00e7a peut aller hyper vite, mais c&#8217;est difficile \u00bb"}]},{"@type":"WebSite","@id":"https:\/\/dicodusport.fr\/blog\/#website","url":"https:\/\/dicodusport.fr\/blog\/","name":"Dicodusport","description":"L&#039;encyclop\u00e9die de l&#039;actualit\u00e9 sportive","publisher":{"@id":"https:\/\/dicodusport.fr\/blog\/#organization"},"potentialAction":[{"@type":"SearchAction","target":{"@type":"EntryPoint","urlTemplate":"https:\/\/dicodusport.fr\/blog\/?s={search_term_string}"},"query-input":{"@type":"PropertyValueSpecification","valueRequired":true,"valueName":"search_term_string"}}],"inLanguage":"fr-FR"},{"@type":"NewsMediaOrganization","@id":"https:\/\/dicodusport.fr\/blog\/#organization","name":"Dicodusport","url":"https:\/\/dicodusport.fr\/blog\/","logo":{"@type":"ImageObject","inLanguage":"fr-FR","@id":"https:\/\/dicodusport.fr\/blog\/#\/schema\/logo\/image\/","url":"https:\/\/dicodusport.fr\/blog\/wp-content\/uploads\/2020\/06\/cropped-LOGO-DICODUSPORT-2020-SANS-FOND-SANS-TEXTE.png","contentUrl":"https:\/\/dicodusport.fr\/blog\/wp-content\/uploads\/2020\/06\/cropped-LOGO-DICODUSPORT-2020-SANS-FOND-SANS-TEXTE.png","width":512,"height":512,"caption":"Dicodusport"},"image":{"@id":"https:\/\/dicodusport.fr\/blog\/#\/schema\/logo\/image\/"},"sameAs":["https:\/\/www.facebook.com\/dicodusport","https:\/\/x.com\/dicodusport","https:\/\/www.instagram.com\/dicodusport\/","https:\/\/www.youtube.com\/channel\/UC7V2KZ5sd3htJivAbA4ZG3w"],"description":"Dicodusport est l'encyclop\u00e9die de l'actualit\u00e9 sportive.","email":"bonjour@dicodusport.fr","legalName":"DICODUSPORT","foundingDate":"2018-01-14","vatID":"FR71834470973","taxID":"83447097300043","numberOfEmployees":{"@type":"QuantitativeValue","minValue":"1","maxValue":"10"}},{"@type":"Person","@id":"https:\/\/dicodusport.fr\/blog\/#\/schema\/person\/bf1e4f404e108bd2be5b447b16bde9a7","name":"Tom Compayrot","image":{"@type":"ImageObject","inLanguage":"fr-FR","@id":"https:\/\/dicodusport.fr\/blog\/#\/schema\/person\/image\/","url":"https:\/\/dicodusport.fr\/blog\/wp-content\/uploads\/2021\/05\/Tom-Compayrot-150x150.jpg","contentUrl":"https:\/\/dicodusport.fr\/blog\/wp-content\/uploads\/2021\/05\/Tom-Compayrot-150x150.jpg","caption":"Tom Compayrot"},"description":"Journaliste\/r\u00e9dacteur depuis mars 2017 - Amoureux de la petite balle jaune et du gros ballon orange qui tra\u00eene sa carcasse sur Dicodusport depuis 2017. Rafael Nadal et LeBron James sont les meilleurs joueurs de l'histoire.","sameAs":["https:\/\/x.com\/https:\/\/twitter.com\/Tom_Cprt"],"url":"https:\/\/dicodusport.fr\/blog\/author\/tom\/"}]}},"_links":{"self":[{"href":"https:\/\/dicodusport.fr\/blog\/wp-json\/wp\/v2\/posts\/524891","targetHints":{"allow":["GET"]}}],"collection":[{"href":"https:\/\/dicodusport.fr\/blog\/wp-json\/wp\/v2\/posts"}],"about":[{"href":"https:\/\/dicodusport.fr\/blog\/wp-json\/wp\/v2\/types\/post"}],"author":[{"embeddable":true,"href":"https:\/\/dicodusport.fr\/blog\/wp-json\/wp\/v2\/users\/13"}],"replies":[{"embeddable":true,"href":"https:\/\/dicodusport.fr\/blog\/wp-json\/wp\/v2\/comments?post=524891"}],"version-history":[{"count":5,"href":"https:\/\/dicodusport.fr\/blog\/wp-json\/wp\/v2\/posts\/524891\/revisions"}],"predecessor-version":[{"id":525202,"href":"https:\/\/dicodusport.fr\/blog\/wp-json\/wp\/v2\/posts\/524891\/revisions\/525202"}],"wp:featuredmedia":[{"embeddable":true,"href":"https:\/\/dicodusport.fr\/blog\/wp-json\/wp\/v2\/media\/525174"}],"wp:attachment":[{"href":"https:\/\/dicodusport.fr\/blog\/wp-json\/wp\/v2\/media?parent=524891"}],"wp:term":[{"taxonomy":"category","embeddable":true,"href":"https:\/\/dicodusport.fr\/blog\/wp-json\/wp\/v2\/categories?post=524891"},{"taxonomy":"post_tag","embeddable":true,"href":"https:\/\/dicodusport.fr\/blog\/wp-json\/wp\/v2\/tags?post=524891"}],"curies":[{"name":"wp","href":"https:\/\/api.w.org\/{rel}","templated":true}]}}