{"id":525100,"date":"2024-10-06T21:32:57","date_gmt":"2024-10-06T19:32:57","guid":{"rendered":"https:\/\/dicodusport.fr\/blog\/?p=525100&#038;preview=true&#038;preview_id=525100"},"modified":"2024-10-07T10:56:32","modified_gmt":"2024-10-07T08:56:32","slug":"vtt-mont-sainte-anne-alan-hatherly-triomphe-sur-la-derniere-course-de-la-saison-azzaro-et-koretzky-sur-le-podium","status":"publish","type":"post","link":"https:\/\/dicodusport.fr\/blog\/vtt-mont-sainte-anne-alan-hatherly-triomphe-sur-la-derniere-course-de-la-saison-azzaro-et-koretzky-sur-le-podium\/","title":{"rendered":"VTT Mont-Sainte-Anne : Alan Hatherly triomphe sur la derni\u00e8re course de la saison, Azzaro et Koretzky sur le podium"},"content":{"rendered":"<h4 style=\"text-align: justify;\"><em>VTT MONT-SAINTE-ANNE &#8211; Alan Hatherly a \u00e9t\u00e9 en t\u00eate tout du long et s&rsquo;impose sur cette derni\u00e8re course de la saison, au Canada. Mathis Azzaro aura tout tent\u00e9 mais \u00e9choue \u00e0 la 2e place, comme vendredi sur le XCC, juste devant Victor Koretzky.<\/em><\/h4>\n<p style=\"text-align: justify;\"><span style=\"font-weight: 400;\">Au jeu du chat et de la souris, la souris l\u2019a emport\u00e9. <\/span><b>Alan Hatherly <\/b><span style=\"font-weight: 400;\">est parti seul d\u00e8s les premiers instants de ce format olympique et n\u2019a (presque) pas \u00e9t\u00e9 revu. <\/span><b>Mathis Azzaro <\/b><span style=\"font-weight: 400;\">et <\/span><b>Victor Koretzky <\/b><span style=\"font-weight: 400;\">ont tent\u00e9 de le rattraper, le coureur de Decathlon-Ford y est bri\u00e8vement arriv\u00e9, sans tenir le rythme. C\u2019est de nouveau une 2e place pour lui, comme durant le XCC disput\u00e9 vendredi soir. La bataille pour la 3e position fut plus serr\u00e9e. <\/span><b>Charlie Aldridge <\/b><span style=\"font-weight: 400;\">allume une premi\u00e8re m\u00e8che mais face \u00e0 <\/span><b>Victor Koretzky<\/b><span style=\"font-weight: 400;\">, dans ce type de final, il est presque impossible de gagner. Le Fran\u00e7ais termine 3e, <\/span><b>Jordan Sarrou <\/b><span style=\"font-weight: 400;\">6e.\u00a0<strong>Hatherly\u00a0<\/strong>l&rsquo;avait \u00e0 90%, il l&rsquo;a maintenant \u00e0 100%. Le Sud-Africain remporte le classement g\u00e9n\u00e9ral de la Coupe du monde.<\/span><\/p>\n<blockquote class=\"twitter-tweet\">\n<p dir=\"ltr\" lang=\"en\">ON A MISSION \ud83d\udc4a<\/p>\n<p>Alan Hatherly \ud83c\uddff\ud83c\udde6 is doing some damage in Mont-Sainte-Anne, blowing the race apart.<\/p>\n<p>A gap of +0.28s as he looks to try and take his second Men Elite XCO <a href=\"https:\/\/twitter.com\/MTBworldseries?ref_src=twsrc%5Etfw\">@MTBWorldSeries<\/a> win of the season. A long way to go yet though as we conclude Lap 2\ufe0f\u20e3 \/ 8\ufe0f\u20e3 <a href=\"https:\/\/twitter.com\/hashtag\/MTBWorldCup?src=hash&amp;ref_src=twsrc%5Etfw\">#MTBWorldCup<\/a> <a href=\"https:\/\/t.co\/RcZTrg9gcP\">pic.twitter.com\/RcZTrg9gcP<\/a><\/p>\n<p>\u2014 UCI MTB (@UCI_MTB) <a href=\"https:\/\/twitter.com\/UCI_MTB\/status\/1842993753306607672?ref_src=twsrc%5Etfw\">October 6, 2024<\/a><\/p><\/blockquote>\n<p style=\"text-align: justify;\"><script async src=\"https:\/\/platform.twitter.com\/widgets.js\" charset=\"utf-8\"><\/script><\/p>\n<ul style=\"text-align: justify;\">\n<li><strong>\u00c0 ce sujet &#8211;\u00a0<a href=\"https:\/\/dicodusport.fr\/blog\/vtt-xco-mont-sainte-anne-classement-course-hommes\/\">Le classement du XCO hommes de Mont-Sainte-Anne<\/a><\/strong><\/li>\n<\/ul>\n<p style=\"text-align: justify;\"><span style=\"font-weight: 400;\">A l\u2019image du XCC de vendredi soir, tous les favoris se mettent en danseuse d\u00e8s le d\u00e9part pour prendre la position pr\u00e9f\u00e9rentielle. Beaucoup frottent dans le paquet, <\/span><b>Mathis Azzaro <\/b><span style=\"font-weight: 400;\">glisse sur une racine et se retrouve \u00e0 terre. Sans incidence sur sa sant\u00e9. Les \u00e9carts peuvent se faire facilement sur cette piste et <\/span><b>Alan Hatherly <\/b><span style=\"font-weight: 400;\">l\u2019a bien compris. Le Sud-Africain a attaqu\u00e9 d\u00e8s le <em>start loop<\/em> et a simplement pris le large. 28 secondes d\u2019avance pour lui sur un groupe o\u00f9 figure bien <\/span><b>Koretzky <\/b><span style=\"font-weight: 400;\">et <\/span><b>Azzaro<\/b><span style=\"font-weight: 400;\">.\u00a0<\/span><\/p>\n<h2 style=\"text-align: justify;\">Alan Hatherly imbattable au Canada<\/h2>\n<p style=\"text-align: justify;\"><span style=\"font-weight: 400;\">Les deux Tricolores sont oblig\u00e9s de se d\u00e9couvrir. Ils commencent la chasse derri\u00e8re le champion du monde en titre, pour essayer de r\u00e9duire l\u2019\u00e9cart. Les coureurs de Specialized et Decathlon-Ford butent et <\/span><b>Mathis Azzaro <\/b><span style=\"font-weight: 400;\">d\u00e9cide de partir seul, <\/span><b>Koretzky <\/b><span style=\"font-weight: 400;\">n\u2019arrivant plus \u00e0 suivre le rythme.<\/span> <span style=\"font-weight: 400;\">Le porteur du maillot arc-en-ciel XCC perd en cadence, visuellement la diff\u00e9rence est nette. Il reste en 3e position.\u00a0<\/span><\/p>\n<ul style=\"text-align: justify;\">\n<li><strong>\u00c0 ce sujet &#8211;\u00a0<a href=\"https:\/\/dicodusport.fr\/blog\/vtt-cross-country-calendrier-de-la-coupe-du-monde-2024\/\">Calendrier et r\u00e9sultats de la Coupe du monde de VTT 2024<\/a><\/strong><\/li>\n<\/ul>\n<p style=\"text-align: justify;\"><span style=\"font-weight: 400;\">Les efforts d\u2019<\/span><b>Azzaro <\/b><span style=\"font-weight: 400;\">paient, un temps. Dans le 6e des 8 tours, le jeune Fran\u00e7ais rentre dans la roue du leader. Mais cela ne va pas durer. <\/span><b>Alan Hatherly <\/b><span style=\"font-weight: 400;\">relance l\u00e9g\u00e8rement, suffisant pour l\u00e2cher de nouveau son principal adversaire d\u00e8s la boucle suivante. Ce sera le coup de gr\u00e2ce, le champion du monde remporte sa 3e victoire cette saison devant le v\u00e9t\u00e9tiste de Decathlon-Ford. Cette course de Mont-Sainte-Anne fut la derni\u00e8re en Coupe du monde de <\/span><b>Maxime Marotte<\/b><span style=\"font-weight: 400;\">. Figure embl\u00e9matique du VTT fran\u00e7ais, il s\u2019arr\u00eate avec 36 podiums au plus haut niveau sans jamais n\u2019avoir gagn\u00e9. Sa m\u00e9daille en chocolat aux Jeux de Rio aura aussi \u00e9t\u00e9 l\u2019un des moments marquants de sa carri\u00e8re.<\/span><\/p>\n<ul>\n<li style=\"text-align: justify;\"><strong>\u00c0 ce sujet \u2013\u00a0<\/strong><a href=\"https:\/\/dicodusport.fr\/blog\/coupe-du-monde-de-vtt-2024-classement-general-hommes\/\"><strong>Coupe du monde de VTT 2024 \u2013 Classement g\u00e9n\u00e9ral hommes<\/strong><\/a><\/li>\n<\/ul>\n","protected":false},"excerpt":{"rendered":"<p>VTT MONT-SAINTE-ANNE &#8211; Alan Hatherly a \u00e9t\u00e9 en t\u00eate tout du long et s&rsquo;impose sur cette derni\u00e8re course de la saison, au Canada. Mathis Azzaro aura tout tent\u00e9 mais \u00e9choue \u00e0 la 2e place, comme vendredi sur le XCC, juste devant Victor Koretzky.<\/p>\n","protected":false},"author":61,"featured_media":525188,"comment_status":"open","ping_status":"closed","sticky":false,"template":"","format":"standard","meta":{"_acf_changed":false,"_daextam_enable_autolinks":"1","footnotes":""},"categories":[10279],"tags":[16878,1530,692,14103,25635],"class_list":["post-525100","post","type-post","status-publish","format-standard","has-post-thumbnail","hentry","category-vtt","tag-breve","tag-coupe-du-monde","tag-vtt","tag-vtt-xco","tag-vtt-xco-mont-sainte-anne"],"acf":[],"yoast_head":"<!-- This site is optimized with the Yoast SEO Premium plugin v26.7 (Yoast SEO v26.7) - https:\/\/yoast.com\/wordpress\/plugins\/seo\/ -->\n<title>VTT Mont-Sainte-Anne : Alan Hatherly triomphe sur la derni\u00e8re course de la saison, Azzaro et Koretzky sur le podium<\/title>\n<meta name=\"description\" content=\"Alan Hatherly a \u00e9t\u00e9 en t\u00eate toute la course et s&#039;impose sur cette derni\u00e8re course de la saison, au Canada. Mathis Azzaro aura tout tent\u00e9 mais \u00e9choue \u00e0 la 2e place.\" \/>\n<meta name=\"robots\" content=\"index, follow, max-snippet:-1, max-image-preview:large, max-video-preview:-1\" \/>\n<link rel=\"canonical\" href=\"https:\/\/dicodusport.fr\/blog\/vtt-mont-sainte-anne-alan-hatherly-triomphe-sur-la-derniere-course-de-la-saison-azzaro-et-koretzky-sur-le-podium\/\" \/>\n<meta property=\"og:locale\" content=\"fr_FR\" \/>\n<meta property=\"og:type\" content=\"article\" \/>\n<meta property=\"og:title\" content=\"VTT Mont-Sainte-Anne : Alan Hatherly triomphe sur la derni\u00e8re course de la saison, Azzaro et Koretzky sur le podium\" \/>\n<meta property=\"og:description\" content=\"Alan Hatherly a \u00e9t\u00e9 en t\u00eate toute la course et s&#039;impose sur cette derni\u00e8re course de la saison, au Canada. Mathis Azzaro aura tout tent\u00e9 mais \u00e9choue \u00e0 la 2e place.\" \/>\n<meta property=\"og:url\" content=\"https:\/\/dicodusport.fr\/blog\/vtt-mont-sainte-anne-alan-hatherly-triomphe-sur-la-derniere-course-de-la-saison-azzaro-et-koretzky-sur-le-podium\/\" \/>\n<meta property=\"og:site_name\" content=\"Dicodusport\" \/>\n<meta property=\"article:publisher\" content=\"https:\/\/www.facebook.com\/dicodusport\" \/>\n<meta property=\"article:published_time\" content=\"2024-10-06T19:32:57+00:00\" \/>\n<meta property=\"article:modified_time\" content=\"2024-10-07T08:56:32+00:00\" \/>\n<meta property=\"og:image\" content=\"https:\/\/dicodusport.fr\/blog\/wp-content\/uploads\/2024\/10\/VTT-Mont-Sainte-Anne-Alan-Hatherly-triomphe-sur-la-derniere-course-de-la-saison-Azzaro-et-Koretzky-sur-le-podium.png\" \/>\n\t<meta property=\"og:image:width\" content=\"1200\" \/>\n\t<meta property=\"og:image:height\" content=\"674\" \/>\n\t<meta property=\"og:image:type\" content=\"image\/png\" \/>\n<meta name=\"author\" content=\"Pierre Gorce\" \/>\n<meta name=\"twitter:card\" content=\"summary_large_image\" \/>\n<meta name=\"twitter:title\" content=\"VTT Mont-Sainte-Anne : Alan Hatherly triomphe sur la derni\u00e8re course de la saison, Azzaro et Koretzky sur le podium\" \/>\n<meta name=\"twitter:creator\" content=\"@https:\/\/twitter.com\/pierregorce12\" \/>\n<meta name=\"twitter:site\" content=\"@dicodusport\" \/>\n<script type=\"application\/ld+json\" class=\"yoast-schema-graph\">{\"@context\":\"https:\/\/schema.org\",\"@graph\":[{\"@type\":\"NewsArticle\",\"@id\":\"https:\/\/dicodusport.fr\/blog\/vtt-mont-sainte-anne-alan-hatherly-triomphe-sur-la-derniere-course-de-la-saison-azzaro-et-koretzky-sur-le-podium\/#article\",\"isPartOf\":{\"@id\":\"https:\/\/dicodusport.fr\/blog\/vtt-mont-sainte-anne-alan-hatherly-triomphe-sur-la-derniere-course-de-la-saison-azzaro-et-koretzky-sur-le-podium\/\"},\"author\":{\"name\":\"Pierre Gorce\",\"@id\":\"https:\/\/dicodusport.fr\/blog\/#\/schema\/person\/0eaf70b33d703a1a66b1155ac1bda018\"},\"headline\":\"VTT Mont-Sainte-Anne : Alan Hatherly triomphe sur la derni\u00e8re course de la saison, Azzaro et Koretzky sur le podium\",\"datePublished\":\"2024-10-06T19:32:57+00:00\",\"dateModified\":\"2024-10-07T08:56:32+00:00\",\"mainEntityOfPage\":{\"@id\":\"https:\/\/dicodusport.fr\/blog\/vtt-mont-sainte-anne-alan-hatherly-triomphe-sur-la-derniere-course-de-la-saison-azzaro-et-koretzky-sur-le-podium\/\"},\"wordCount\":590,\"commentCount\":0,\"publisher\":{\"@id\":\"https:\/\/dicodusport.fr\/blog\/#organization\"},\"image\":{\"@id\":\"https:\/\/dicodusport.fr\/blog\/vtt-mont-sainte-anne-alan-hatherly-triomphe-sur-la-derniere-course-de-la-saison-azzaro-et-koretzky-sur-le-podium\/#primaryimage\"},\"thumbnailUrl\":\"https:\/\/dicodusport.fr\/blog\/wp-content\/uploads\/2024\/10\/VTT-Mont-Sainte-Anne-Alan-Hatherly-triomphe-sur-la-derniere-course-de-la-saison-Azzaro-et-Koretzky-sur-le-podium.png\",\"keywords\":[\"br\u00e8ve\",\"Coupe du monde\",\"VTT\",\"VTT XCO\",\"VTT XCO Mont-Sainte-Anne\"],\"articleSection\":[\"VTT\"],\"inLanguage\":\"fr-FR\",\"potentialAction\":[{\"@type\":\"CommentAction\",\"name\":\"Comment\",\"target\":[\"https:\/\/dicodusport.fr\/blog\/vtt-mont-sainte-anne-alan-hatherly-triomphe-sur-la-derniere-course-de-la-saison-azzaro-et-koretzky-sur-le-podium\/#respond\"]}],\"copyrightYear\":\"2024\",\"copyrightHolder\":{\"@id\":\"https:\/\/dicodusport.fr\/blog\/#organization\"}},{\"@type\":\"WebPage\",\"@id\":\"https:\/\/dicodusport.fr\/blog\/vtt-mont-sainte-anne-alan-hatherly-triomphe-sur-la-derniere-course-de-la-saison-azzaro-et-koretzky-sur-le-podium\/\",\"url\":\"https:\/\/dicodusport.fr\/blog\/vtt-mont-sainte-anne-alan-hatherly-triomphe-sur-la-derniere-course-de-la-saison-azzaro-et-koretzky-sur-le-podium\/\",\"name\":\"VTT Mont-Sainte-Anne : Alan Hatherly triomphe sur la derni\u00e8re course de la saison, Azzaro et Koretzky sur le podium\",\"isPartOf\":{\"@id\":\"https:\/\/dicodusport.fr\/blog\/#website\"},\"primaryImageOfPage\":{\"@id\":\"https:\/\/dicodusport.fr\/blog\/vtt-mont-sainte-anne-alan-hatherly-triomphe-sur-la-derniere-course-de-la-saison-azzaro-et-koretzky-sur-le-podium\/#primaryimage\"},\"image\":{\"@id\":\"https:\/\/dicodusport.fr\/blog\/vtt-mont-sainte-anne-alan-hatherly-triomphe-sur-la-derniere-course-de-la-saison-azzaro-et-koretzky-sur-le-podium\/#primaryimage\"},\"thumbnailUrl\":\"https:\/\/dicodusport.fr\/blog\/wp-content\/uploads\/2024\/10\/VTT-Mont-Sainte-Anne-Alan-Hatherly-triomphe-sur-la-derniere-course-de-la-saison-Azzaro-et-Koretzky-sur-le-podium.png\",\"datePublished\":\"2024-10-06T19:32:57+00:00\",\"dateModified\":\"2024-10-07T08:56:32+00:00\",\"description\":\"Alan Hatherly a \u00e9t\u00e9 en t\u00eate toute la course et s'impose sur cette derni\u00e8re course de la saison, au Canada. Mathis Azzaro aura tout tent\u00e9 mais \u00e9choue \u00e0 la 2e place.\",\"breadcrumb\":{\"@id\":\"https:\/\/dicodusport.fr\/blog\/vtt-mont-sainte-anne-alan-hatherly-triomphe-sur-la-derniere-course-de-la-saison-azzaro-et-koretzky-sur-le-podium\/#breadcrumb\"},\"inLanguage\":\"fr-FR\",\"potentialAction\":[{\"@type\":\"ReadAction\",\"target\":[\"https:\/\/dicodusport.fr\/blog\/vtt-mont-sainte-anne-alan-hatherly-triomphe-sur-la-derniere-course-de-la-saison-azzaro-et-koretzky-sur-le-podium\/\"]}]},{\"@type\":\"ImageObject\",\"inLanguage\":\"fr-FR\",\"@id\":\"https:\/\/dicodusport.fr\/blog\/vtt-mont-sainte-anne-alan-hatherly-triomphe-sur-la-derniere-course-de-la-saison-azzaro-et-koretzky-sur-le-podium\/#primaryimage\",\"url\":\"https:\/\/dicodusport.fr\/blog\/wp-content\/uploads\/2024\/10\/VTT-Mont-Sainte-Anne-Alan-Hatherly-triomphe-sur-la-derniere-course-de-la-saison-Azzaro-et-Koretzky-sur-le-podium.png\",\"contentUrl\":\"https:\/\/dicodusport.fr\/blog\/wp-content\/uploads\/2024\/10\/VTT-Mont-Sainte-Anne-Alan-Hatherly-triomphe-sur-la-derniere-course-de-la-saison-Azzaro-et-Koretzky-sur-le-podium.png\",\"width\":1200,\"height\":674,\"caption\":\"VTT Mont-Sainte-Anne Alan Hatherly triomphe sur la derni\u00e8re course de la saison, Azzaro et Koretzky sur le podium\"},{\"@type\":\"BreadcrumbList\",\"@id\":\"https:\/\/dicodusport.fr\/blog\/vtt-mont-sainte-anne-alan-hatherly-triomphe-sur-la-derniere-course-de-la-saison-azzaro-et-koretzky-sur-le-podium\/#breadcrumb\",\"itemListElement\":[{\"@type\":\"ListItem\",\"position\":1,\"name\":\"Accueil\",\"item\":\"https:\/\/dicodusport.fr\/blog\/\"},{\"@type\":\"ListItem\",\"position\":2,\"name\":\"VTT Mont-Sainte-Anne : Alan Hatherly triomphe sur la derni\u00e8re course de la saison, Azzaro et Koretzky sur le podium\"}]},{\"@type\":\"WebSite\",\"@id\":\"https:\/\/dicodusport.fr\/blog\/#website\",\"url\":\"https:\/\/dicodusport.fr\/blog\/\",\"name\":\"Dicodusport\",\"description\":\"L&#039;encyclop\u00e9die de l&#039;actualit\u00e9 sportive\",\"publisher\":{\"@id\":\"https:\/\/dicodusport.fr\/blog\/#organization\"},\"potentialAction\":[{\"@type\":\"SearchAction\",\"target\":{\"@type\":\"EntryPoint\",\"urlTemplate\":\"https:\/\/dicodusport.fr\/blog\/?s={search_term_string}\"},\"query-input\":{\"@type\":\"PropertyValueSpecification\",\"valueRequired\":true,\"valueName\":\"search_term_string\"}}],\"inLanguage\":\"fr-FR\"},{\"@type\":\"NewsMediaOrganization\",\"@id\":\"https:\/\/dicodusport.fr\/blog\/#organization\",\"name\":\"Dicodusport\",\"url\":\"https:\/\/dicodusport.fr\/blog\/\",\"logo\":{\"@type\":\"ImageObject\",\"inLanguage\":\"fr-FR\",\"@id\":\"https:\/\/dicodusport.fr\/blog\/#\/schema\/logo\/image\/\",\"url\":\"https:\/\/dicodusport.fr\/blog\/wp-content\/uploads\/2020\/06\/cropped-LOGO-DICODUSPORT-2020-SANS-FOND-SANS-TEXTE.png\",\"contentUrl\":\"https:\/\/dicodusport.fr\/blog\/wp-content\/uploads\/2020\/06\/cropped-LOGO-DICODUSPORT-2020-SANS-FOND-SANS-TEXTE.png\",\"width\":512,\"height\":512,\"caption\":\"Dicodusport\"},\"image\":{\"@id\":\"https:\/\/dicodusport.fr\/blog\/#\/schema\/logo\/image\/\"},\"sameAs\":[\"https:\/\/www.facebook.com\/dicodusport\",\"https:\/\/x.com\/dicodusport\",\"https:\/\/www.instagram.com\/dicodusport\/\",\"https:\/\/www.youtube.com\/channel\/UC7V2KZ5sd3htJivAbA4ZG3w\"],\"description\":\"Dicodusport est l'encyclop\u00e9die de l'actualit\u00e9 sportive.\",\"email\":\"bonjour@dicodusport.fr\",\"legalName\":\"DICODUSPORT\",\"foundingDate\":\"2018-01-14\",\"vatID\":\"FR71834470973\",\"taxID\":\"83447097300043\",\"numberOfEmployees\":{\"@type\":\"QuantitativeValue\",\"minValue\":\"1\",\"maxValue\":\"10\"}},{\"@type\":\"Person\",\"@id\":\"https:\/\/dicodusport.fr\/blog\/#\/schema\/person\/0eaf70b33d703a1a66b1155ac1bda018\",\"name\":\"Pierre Gorce\",\"image\":{\"@type\":\"ImageObject\",\"inLanguage\":\"fr-FR\",\"@id\":\"https:\/\/dicodusport.fr\/blog\/#\/schema\/person\/image\/\",\"url\":\"https:\/\/dicodusport.fr\/blog\/wp-content\/uploads\/2022\/03\/IMG_20211214_233053_722-150x150.jpg\",\"contentUrl\":\"https:\/\/dicodusport.fr\/blog\/wp-content\/uploads\/2022\/03\/IMG_20211214_233053_722-150x150.jpg\",\"caption\":\"Pierre Gorce\"},\"description\":\"Couteau suisse venant tout droit de Haute-Savoie. Habitu\u00e9 \u00e0 regarder du sport depuis petit, j'en ai maintenant fait mon m\u00e9tier. Des sports d'hiver au surf, en passant par le tennis, la F1, le handball et l'athl\u00e9tisme, j'essaie d'avoir mes yeux sur l'enti\u00e8ret\u00e9 de l'actualit\u00e9. Jeune homme berc\u00e9 par les exploits de Jean-Baptiste Grange, Sebastian Vettel et des Experts. Membre de la g\u00e9n\u00e9ration 1999 comme Luka Doncic, Sydney McLaughlin, Lando Norris et Loana Lecomte, mais avec beaucoup moins de talent qu'eux.\",\"sameAs\":[\"https:\/\/x.com\/https:\/\/twitter.com\/pierregorce12\"],\"birthDate\":\"1999-08-29\",\"url\":\"https:\/\/dicodusport.fr\/blog\/author\/pierreg\/\"}]}<\/script>\n<!-- \/ Yoast SEO Premium plugin. -->","yoast_head_json":{"title":"VTT Mont-Sainte-Anne : Alan Hatherly triomphe sur la derni\u00e8re course de la saison, Azzaro et Koretzky sur le podium","description":"Alan Hatherly a \u00e9t\u00e9 en t\u00eate toute la course et s'impose sur cette derni\u00e8re course de la saison, au Canada. Mathis Azzaro aura tout tent\u00e9 mais \u00e9choue \u00e0 la 2e place.","robots":{"index":"index","follow":"follow","max-snippet":"max-snippet:-1","max-image-preview":"max-image-preview:large","max-video-preview":"max-video-preview:-1"},"canonical":"https:\/\/dicodusport.fr\/blog\/vtt-mont-sainte-anne-alan-hatherly-triomphe-sur-la-derniere-course-de-la-saison-azzaro-et-koretzky-sur-le-podium\/","og_locale":"fr_FR","og_type":"article","og_title":"VTT Mont-Sainte-Anne : Alan Hatherly triomphe sur la derni\u00e8re course de la saison, Azzaro et Koretzky sur le podium","og_description":"Alan Hatherly a \u00e9t\u00e9 en t\u00eate toute la course et s'impose sur cette derni\u00e8re course de la saison, au Canada. Mathis Azzaro aura tout tent\u00e9 mais \u00e9choue \u00e0 la 2e place.","og_url":"https:\/\/dicodusport.fr\/blog\/vtt-mont-sainte-anne-alan-hatherly-triomphe-sur-la-derniere-course-de-la-saison-azzaro-et-koretzky-sur-le-podium\/","og_site_name":"Dicodusport","article_publisher":"https:\/\/www.facebook.com\/dicodusport","article_published_time":"2024-10-06T19:32:57+00:00","article_modified_time":"2024-10-07T08:56:32+00:00","og_image":[{"width":1200,"height":674,"url":"https:\/\/dicodusport.fr\/blog\/wp-content\/uploads\/2024\/10\/VTT-Mont-Sainte-Anne-Alan-Hatherly-triomphe-sur-la-derniere-course-de-la-saison-Azzaro-et-Koretzky-sur-le-podium.png","type":"image\/png"}],"author":"Pierre Gorce","twitter_card":"summary_large_image","twitter_title":"VTT Mont-Sainte-Anne : Alan Hatherly triomphe sur la derni\u00e8re course de la saison, Azzaro et Koretzky sur le podium","twitter_creator":"@https:\/\/twitter.com\/pierregorce12","twitter_site":"@dicodusport","schema":{"@context":"https:\/\/schema.org","@graph":[{"@type":"NewsArticle","@id":"https:\/\/dicodusport.fr\/blog\/vtt-mont-sainte-anne-alan-hatherly-triomphe-sur-la-derniere-course-de-la-saison-azzaro-et-koretzky-sur-le-podium\/#article","isPartOf":{"@id":"https:\/\/dicodusport.fr\/blog\/vtt-mont-sainte-anne-alan-hatherly-triomphe-sur-la-derniere-course-de-la-saison-azzaro-et-koretzky-sur-le-podium\/"},"author":{"name":"Pierre Gorce","@id":"https:\/\/dicodusport.fr\/blog\/#\/schema\/person\/0eaf70b33d703a1a66b1155ac1bda018"},"headline":"VTT Mont-Sainte-Anne : Alan Hatherly triomphe sur la derni\u00e8re course de la saison, Azzaro et Koretzky sur le podium","datePublished":"2024-10-06T19:32:57+00:00","dateModified":"2024-10-07T08:56:32+00:00","mainEntityOfPage":{"@id":"https:\/\/dicodusport.fr\/blog\/vtt-mont-sainte-anne-alan-hatherly-triomphe-sur-la-derniere-course-de-la-saison-azzaro-et-koretzky-sur-le-podium\/"},"wordCount":590,"commentCount":0,"publisher":{"@id":"https:\/\/dicodusport.fr\/blog\/#organization"},"image":{"@id":"https:\/\/dicodusport.fr\/blog\/vtt-mont-sainte-anne-alan-hatherly-triomphe-sur-la-derniere-course-de-la-saison-azzaro-et-koretzky-sur-le-podium\/#primaryimage"},"thumbnailUrl":"https:\/\/dicodusport.fr\/blog\/wp-content\/uploads\/2024\/10\/VTT-Mont-Sainte-Anne-Alan-Hatherly-triomphe-sur-la-derniere-course-de-la-saison-Azzaro-et-Koretzky-sur-le-podium.png","keywords":["br\u00e8ve","Coupe du monde","VTT","VTT XCO","VTT XCO Mont-Sainte-Anne"],"articleSection":["VTT"],"inLanguage":"fr-FR","potentialAction":[{"@type":"CommentAction","name":"Comment","target":["https:\/\/dicodusport.fr\/blog\/vtt-mont-sainte-anne-alan-hatherly-triomphe-sur-la-derniere-course-de-la-saison-azzaro-et-koretzky-sur-le-podium\/#respond"]}],"copyrightYear":"2024","copyrightHolder":{"@id":"https:\/\/dicodusport.fr\/blog\/#organization"}},{"@type":"WebPage","@id":"https:\/\/dicodusport.fr\/blog\/vtt-mont-sainte-anne-alan-hatherly-triomphe-sur-la-derniere-course-de-la-saison-azzaro-et-koretzky-sur-le-podium\/","url":"https:\/\/dicodusport.fr\/blog\/vtt-mont-sainte-anne-alan-hatherly-triomphe-sur-la-derniere-course-de-la-saison-azzaro-et-koretzky-sur-le-podium\/","name":"VTT Mont-Sainte-Anne : Alan Hatherly triomphe sur la derni\u00e8re course de la saison, Azzaro et Koretzky sur le podium","isPartOf":{"@id":"https:\/\/dicodusport.fr\/blog\/#website"},"primaryImageOfPage":{"@id":"https:\/\/dicodusport.fr\/blog\/vtt-mont-sainte-anne-alan-hatherly-triomphe-sur-la-derniere-course-de-la-saison-azzaro-et-koretzky-sur-le-podium\/#primaryimage"},"image":{"@id":"https:\/\/dicodusport.fr\/blog\/vtt-mont-sainte-anne-alan-hatherly-triomphe-sur-la-derniere-course-de-la-saison-azzaro-et-koretzky-sur-le-podium\/#primaryimage"},"thumbnailUrl":"https:\/\/dicodusport.fr\/blog\/wp-content\/uploads\/2024\/10\/VTT-Mont-Sainte-Anne-Alan-Hatherly-triomphe-sur-la-derniere-course-de-la-saison-Azzaro-et-Koretzky-sur-le-podium.png","datePublished":"2024-10-06T19:32:57+00:00","dateModified":"2024-10-07T08:56:32+00:00","description":"Alan Hatherly a \u00e9t\u00e9 en t\u00eate toute la course et s'impose sur cette derni\u00e8re course de la saison, au Canada. Mathis Azzaro aura tout tent\u00e9 mais \u00e9choue \u00e0 la 2e place.","breadcrumb":{"@id":"https:\/\/dicodusport.fr\/blog\/vtt-mont-sainte-anne-alan-hatherly-triomphe-sur-la-derniere-course-de-la-saison-azzaro-et-koretzky-sur-le-podium\/#breadcrumb"},"inLanguage":"fr-FR","potentialAction":[{"@type":"ReadAction","target":["https:\/\/dicodusport.fr\/blog\/vtt-mont-sainte-anne-alan-hatherly-triomphe-sur-la-derniere-course-de-la-saison-azzaro-et-koretzky-sur-le-podium\/"]}]},{"@type":"ImageObject","inLanguage":"fr-FR","@id":"https:\/\/dicodusport.fr\/blog\/vtt-mont-sainte-anne-alan-hatherly-triomphe-sur-la-derniere-course-de-la-saison-azzaro-et-koretzky-sur-le-podium\/#primaryimage","url":"https:\/\/dicodusport.fr\/blog\/wp-content\/uploads\/2024\/10\/VTT-Mont-Sainte-Anne-Alan-Hatherly-triomphe-sur-la-derniere-course-de-la-saison-Azzaro-et-Koretzky-sur-le-podium.png","contentUrl":"https:\/\/dicodusport.fr\/blog\/wp-content\/uploads\/2024\/10\/VTT-Mont-Sainte-Anne-Alan-Hatherly-triomphe-sur-la-derniere-course-de-la-saison-Azzaro-et-Koretzky-sur-le-podium.png","width":1200,"height":674,"caption":"VTT Mont-Sainte-Anne Alan Hatherly triomphe sur la derni\u00e8re course de la saison, Azzaro et Koretzky sur le podium"},{"@type":"BreadcrumbList","@id":"https:\/\/dicodusport.fr\/blog\/vtt-mont-sainte-anne-alan-hatherly-triomphe-sur-la-derniere-course-de-la-saison-azzaro-et-koretzky-sur-le-podium\/#breadcrumb","itemListElement":[{"@type":"ListItem","position":1,"name":"Accueil","item":"https:\/\/dicodusport.fr\/blog\/"},{"@type":"ListItem","position":2,"name":"VTT Mont-Sainte-Anne : Alan Hatherly triomphe sur la derni\u00e8re course de la saison, Azzaro et Koretzky sur le podium"}]},{"@type":"WebSite","@id":"https:\/\/dicodusport.fr\/blog\/#website","url":"https:\/\/dicodusport.fr\/blog\/","name":"Dicodusport","description":"L&#039;encyclop\u00e9die de l&#039;actualit\u00e9 sportive","publisher":{"@id":"https:\/\/dicodusport.fr\/blog\/#organization"},"potentialAction":[{"@type":"SearchAction","target":{"@type":"EntryPoint","urlTemplate":"https:\/\/dicodusport.fr\/blog\/?s={search_term_string}"},"query-input":{"@type":"PropertyValueSpecification","valueRequired":true,"valueName":"search_term_string"}}],"inLanguage":"fr-FR"},{"@type":"NewsMediaOrganization","@id":"https:\/\/dicodusport.fr\/blog\/#organization","name":"Dicodusport","url":"https:\/\/dicodusport.fr\/blog\/","logo":{"@type":"ImageObject","inLanguage":"fr-FR","@id":"https:\/\/dicodusport.fr\/blog\/#\/schema\/logo\/image\/","url":"https:\/\/dicodusport.fr\/blog\/wp-content\/uploads\/2020\/06\/cropped-LOGO-DICODUSPORT-2020-SANS-FOND-SANS-TEXTE.png","contentUrl":"https:\/\/dicodusport.fr\/blog\/wp-content\/uploads\/2020\/06\/cropped-LOGO-DICODUSPORT-2020-SANS-FOND-SANS-TEXTE.png","width":512,"height":512,"caption":"Dicodusport"},"image":{"@id":"https:\/\/dicodusport.fr\/blog\/#\/schema\/logo\/image\/"},"sameAs":["https:\/\/www.facebook.com\/dicodusport","https:\/\/x.com\/dicodusport","https:\/\/www.instagram.com\/dicodusport\/","https:\/\/www.youtube.com\/channel\/UC7V2KZ5sd3htJivAbA4ZG3w"],"description":"Dicodusport est l'encyclop\u00e9die de l'actualit\u00e9 sportive.","email":"bonjour@dicodusport.fr","legalName":"DICODUSPORT","foundingDate":"2018-01-14","vatID":"FR71834470973","taxID":"83447097300043","numberOfEmployees":{"@type":"QuantitativeValue","minValue":"1","maxValue":"10"}},{"@type":"Person","@id":"https:\/\/dicodusport.fr\/blog\/#\/schema\/person\/0eaf70b33d703a1a66b1155ac1bda018","name":"Pierre Gorce","image":{"@type":"ImageObject","inLanguage":"fr-FR","@id":"https:\/\/dicodusport.fr\/blog\/#\/schema\/person\/image\/","url":"https:\/\/dicodusport.fr\/blog\/wp-content\/uploads\/2022\/03\/IMG_20211214_233053_722-150x150.jpg","contentUrl":"https:\/\/dicodusport.fr\/blog\/wp-content\/uploads\/2022\/03\/IMG_20211214_233053_722-150x150.jpg","caption":"Pierre Gorce"},"description":"Couteau suisse venant tout droit de Haute-Savoie. Habitu\u00e9 \u00e0 regarder du sport depuis petit, j'en ai maintenant fait mon m\u00e9tier. Des sports d'hiver au surf, en passant par le tennis, la F1, le handball et l'athl\u00e9tisme, j'essaie d'avoir mes yeux sur l'enti\u00e8ret\u00e9 de l'actualit\u00e9. Jeune homme berc\u00e9 par les exploits de Jean-Baptiste Grange, Sebastian Vettel et des Experts. Membre de la g\u00e9n\u00e9ration 1999 comme Luka Doncic, Sydney McLaughlin, Lando Norris et Loana Lecomte, mais avec beaucoup moins de talent qu'eux.","sameAs":["https:\/\/x.com\/https:\/\/twitter.com\/pierregorce12"],"birthDate":"1999-08-29","url":"https:\/\/dicodusport.fr\/blog\/author\/pierreg\/"}]}},"_links":{"self":[{"href":"https:\/\/dicodusport.fr\/blog\/wp-json\/wp\/v2\/posts\/525100","targetHints":{"allow":["GET"]}}],"collection":[{"href":"https:\/\/dicodusport.fr\/blog\/wp-json\/wp\/v2\/posts"}],"about":[{"href":"https:\/\/dicodusport.fr\/blog\/wp-json\/wp\/v2\/types\/post"}],"author":[{"embeddable":true,"href":"https:\/\/dicodusport.fr\/blog\/wp-json\/wp\/v2\/users\/61"}],"replies":[{"embeddable":true,"href":"https:\/\/dicodusport.fr\/blog\/wp-json\/wp\/v2\/comments?post=525100"}],"version-history":[{"count":5,"href":"https:\/\/dicodusport.fr\/blog\/wp-json\/wp\/v2\/posts\/525100\/revisions"}],"predecessor-version":[{"id":525126,"href":"https:\/\/dicodusport.fr\/blog\/wp-json\/wp\/v2\/posts\/525100\/revisions\/525126"}],"wp:featuredmedia":[{"embeddable":true,"href":"https:\/\/dicodusport.fr\/blog\/wp-json\/wp\/v2\/media\/525188"}],"wp:attachment":[{"href":"https:\/\/dicodusport.fr\/blog\/wp-json\/wp\/v2\/media?parent=525100"}],"wp:term":[{"taxonomy":"category","embeddable":true,"href":"https:\/\/dicodusport.fr\/blog\/wp-json\/wp\/v2\/categories?post=525100"},{"taxonomy":"post_tag","embeddable":true,"href":"https:\/\/dicodusport.fr\/blog\/wp-json\/wp\/v2\/tags?post=525100"}],"curies":[{"name":"wp","href":"https:\/\/api.w.org\/{rel}","templated":true}]}}