{"id":525218,"date":"2024-10-07T16:26:47","date_gmt":"2024-10-07T14:26:47","guid":{"rendered":"https:\/\/dicodusport.fr\/blog\/?p=525218&#038;preview=true&#038;preview_id=525218"},"modified":"2024-10-07T17:58:02","modified_gmt":"2024-10-07T15:58:02","slug":"coppa-bernocchi-2024-victoire-de-stan-van-tricht","status":"publish","type":"post","link":"https:\/\/dicodusport.fr\/blog\/coppa-bernocchi-2024-victoire-de-stan-van-tricht\/","title":{"rendered":"Coppa Bernocchi 2024 : Victoire de Stan Van Tricht"},"content":{"rendered":"<h4 style=\"text-align: justify;\"><em>COPPA BERNOCCHI &#8211; Echapp\u00e9 matinal, le Belge Stan Van Tricht (Alpecin-Deceuninck) s&rsquo;adjuge son premier succ\u00e8s professionnel en devan\u00e7ant Alex Baudin (Decathlon &#8211; AG2R la Mondiale) dans un sprint en petit comit\u00e9.<\/em><\/h4>\n<ul>\n<li style=\"text-align: justify;\"><strong>\u00c0 ce sujet &#8211; <a href=\"https:\/\/dicodusport.fr\/blog\/classement-coppa-bernocchi-2024\/\">Classement de la Coppa Bernocchi 2024<\/a><\/strong><\/li>\n<\/ul>\n<p style=\"text-align: justify;\">D&rsquo;abord, d\u00e8s le d\u00e9but de la course, cinq hommes ont pris les devants. <strong>Bart Lemmen<\/strong> (Visma Lease a Bike), <strong>Alessandro Pinarello<\/strong> (Bardiani), <strong>Pierre Latour<\/strong> (TotalEnergies), <strong>Anthony Perez<\/strong> (Cofidis) et <strong>Stan Van Tricht<\/strong> (Alpecin &#8211; Deceuninck) ont tr\u00e8s vite compt\u00e9 jusqu&rsquo;\u00e0 cinq minutes d&rsquo;avance. Ensuite, on a vu une tentative de coup de force de <strong>Remco Evenepoel<\/strong> et <strong>Mauri Vansevenant<\/strong> (Soudal Quick-Step), rapidement avort\u00e9 par le travail de la Red Bull &#8211; BORA &#8211; Hansgrohe.<\/p>\n<h2 style=\"text-align: justify;\">Lemmen r\u00e9siste mais plie<\/h2>\n<p style=\"text-align: justify;\">Puis, des coureurs sont sortis en costaud apr\u00e8s de nombreuses attaques dans le peloton. <strong>Roger Adria<\/strong> a mis \u00e0 profit le travail de son \u00e9quipe. <strong>Pavel Sivakov<\/strong> (UAE Team Emirates), <strong>Neilson Powless<\/strong> (EF Education &#8211; EasyPost) et <strong>Alex Baudin<\/strong> (Decathlon &#8211; AG2R la Mondiale) \u00e9taient \u00e9galement de la partie. <strong>Bart Lemmen<\/strong> s&rsquo;est alors envol\u00e9 dans la derni\u00e8re ascension du Piccolo Stelvio. Le coureur de la Visma &#8211; Lease a Bike a l\u00e2ch\u00e9 ses deux derniers compagnons d&rsquo;\u00e9chapp\u00e9e, <strong>Pinarello<\/strong> et <strong>Van Tricht<\/strong>, alors rejoints par le groupe de contre. Le Hollandais faisait preuve d&rsquo;une \u00e9norme r\u00e9sistance dans les 15 derniers kilom\u00e8tres apr\u00e8s son attaque, mais voyait ses efforts mal r\u00e9compens\u00e9s, repris \u00e0 1 km du but. C&rsquo;est alors que <strong>Stan Van Tricht<\/strong> a surgi et a r\u00e9gl\u00e9 le sprint en costaud pour s&rsquo;offrir une superbe premi\u00e8re victoire professionnelle. Il devance finalement <strong>Alex Baudin<\/strong> et <strong>Roger Adria<\/strong>.<\/p>\n<blockquote class=\"twitter-tweet\">\n<p dir=\"ltr\" lang=\"fr\">Stan Van Tricht a remport\u00e9 la <a href=\"https:\/\/twitter.com\/hashtag\/CoppaBernocchi?src=hash&amp;ref_src=twsrc%5Etfw\">#CoppaBernocchi<\/a> devant Alex Baudin et Roger Adria. 5e, Bart Lemmen avait distanc\u00e9 ses compagnons de l&rsquo;\u00e9chapp\u00e9e matinale dont Van Tricht mais a \u00e9t\u00e9 repris \u00e0 1 km par ses poursuivants. <a href=\"https:\/\/t.co\/dSTGLwRLtP\">pic.twitter.com\/dSTGLwRLtP<\/a><\/p>\n<p>\u2014 \ud83d\udeb4 Les Rois du Peloton \ud83d\udeb2 (@LRoisDuPeloton) <a href=\"https:\/\/twitter.com\/LRoisDuPeloton\/status\/1843297232482889845?ref_src=twsrc%5Etfw\">October 7, 2024<\/a><\/p><\/blockquote>\n<p><script async src=\"https:\/\/platform.twitter.com\/widgets.js\" charset=\"utf-8\"><\/script><\/p>\n","protected":false},"excerpt":{"rendered":"<p>Victoire de Stan Van Tricht<\/p>\n","protected":false},"author":92,"featured_media":525250,"comment_status":"open","ping_status":"closed","sticky":false,"template":"","format":"standard","meta":{"_acf_changed":false,"_daextam_enable_autolinks":"1","footnotes":""},"categories":[46994],"tags":[32415,25370,23545,16878,19669],"class_list":["post-525218","post","type-post","status-publish","format-standard","has-post-thumbnail","hentry","category-cyclisme-sur-route","tag-actu","tag-alex-baudin","tag-alpecin-deceuninck","tag-breve","tag-coppa-bernocchi"],"acf":[],"yoast_head":"<!-- This site is optimized with the Yoast SEO Premium plugin v26.7 (Yoast SEO v26.7) - https:\/\/yoast.com\/wordpress\/plugins\/seo\/ -->\n<title>Coppa Bernocchi 2024 : Victoire de Stan Van Tricht<\/title>\n<meta name=\"description\" content=\"COPPA BERNOCCHI - Echapp\u00e9 matinal, le Belge Stan Van Tricht (Alpecin-Deceuninck) s&#039;adjuge son premier succ\u00e8s professionnel.\" \/>\n<meta name=\"robots\" content=\"index, follow, max-snippet:-1, max-image-preview:large, max-video-preview:-1\" \/>\n<link rel=\"canonical\" href=\"https:\/\/dicodusport.fr\/blog\/coppa-bernocchi-2024-victoire-de-stan-van-tricht\/\" \/>\n<meta property=\"og:locale\" content=\"fr_FR\" \/>\n<meta property=\"og:type\" content=\"article\" \/>\n<meta property=\"og:title\" content=\"Coppa Bernocchi 2024 : Victoire de Stan Van Tricht\" \/>\n<meta property=\"og:description\" content=\"COPPA BERNOCCHI - Echapp\u00e9 matinal, le Belge Stan Van Tricht (Alpecin-Deceuninck) s&#039;adjuge son premier succ\u00e8s professionnel.\" \/>\n<meta property=\"og:url\" content=\"https:\/\/dicodusport.fr\/blog\/coppa-bernocchi-2024-victoire-de-stan-van-tricht\/\" \/>\n<meta property=\"og:site_name\" content=\"Dicodusport\" \/>\n<meta property=\"article:publisher\" content=\"https:\/\/www.facebook.com\/dicodusport\" \/>\n<meta property=\"article:published_time\" content=\"2024-10-07T14:26:47+00:00\" \/>\n<meta property=\"article:modified_time\" content=\"2024-10-07T15:58:02+00:00\" \/>\n<meta property=\"og:image\" content=\"https:\/\/dicodusport.fr\/blog\/wp-content\/uploads\/2024\/10\/Coppa-Bernocchi-2024-Victoire-de-Stan-Van-Tricht-1.png\" \/>\n\t<meta property=\"og:image:width\" content=\"1200\" \/>\n\t<meta property=\"og:image:height\" content=\"674\" \/>\n\t<meta property=\"og:image:type\" content=\"image\/png\" \/>\n<meta name=\"author\" content=\"Olivier Dobiezynski\" \/>\n<meta name=\"twitter:card\" content=\"summary_large_image\" \/>\n<meta name=\"twitter:title\" content=\"Coppa Bernocchi 2024 : Victoire de Stan Van Tricht\" \/>\n<meta name=\"twitter:creator\" content=\"@https:\/\/x.com\/Olivier_Matros\" \/>\n<meta name=\"twitter:site\" content=\"@dicodusport\" \/>\n<script type=\"application\/ld+json\" class=\"yoast-schema-graph\">{\"@context\":\"https:\/\/schema.org\",\"@graph\":[{\"@type\":\"NewsArticle\",\"@id\":\"https:\/\/dicodusport.fr\/blog\/coppa-bernocchi-2024-victoire-de-stan-van-tricht\/#article\",\"isPartOf\":{\"@id\":\"https:\/\/dicodusport.fr\/blog\/coppa-bernocchi-2024-victoire-de-stan-van-tricht\/\"},\"author\":{\"name\":\"Olivier Dobiezynski\",\"@id\":\"https:\/\/dicodusport.fr\/blog\/#\/schema\/person\/fe500246414ca17ddf0c0312d7a792cc\"},\"headline\":\"Coppa Bernocchi 2024 : Victoire de Stan Van Tricht\",\"datePublished\":\"2024-10-07T14:26:47+00:00\",\"dateModified\":\"2024-10-07T15:58:02+00:00\",\"mainEntityOfPage\":{\"@id\":\"https:\/\/dicodusport.fr\/blog\/coppa-bernocchi-2024-victoire-de-stan-van-tricht\/\"},\"wordCount\":338,\"commentCount\":0,\"publisher\":{\"@id\":\"https:\/\/dicodusport.fr\/blog\/#organization\"},\"image\":{\"@id\":\"https:\/\/dicodusport.fr\/blog\/coppa-bernocchi-2024-victoire-de-stan-van-tricht\/#primaryimage\"},\"thumbnailUrl\":\"https:\/\/dicodusport.fr\/blog\/wp-content\/uploads\/2024\/10\/Coppa-Bernocchi-2024-Victoire-de-Stan-Van-Tricht-1.png\",\"keywords\":[\"actu\",\"Alex Baudin\",\"Alpecin-Deceuninck\",\"br\u00e8ve\",\"Coppa Bernocchi\"],\"articleSection\":[\"Cyclisme sur route\"],\"inLanguage\":\"fr-FR\",\"potentialAction\":[{\"@type\":\"CommentAction\",\"name\":\"Comment\",\"target\":[\"https:\/\/dicodusport.fr\/blog\/coppa-bernocchi-2024-victoire-de-stan-van-tricht\/#respond\"]}],\"copyrightYear\":\"2024\",\"copyrightHolder\":{\"@id\":\"https:\/\/dicodusport.fr\/blog\/#organization\"}},{\"@type\":\"WebPage\",\"@id\":\"https:\/\/dicodusport.fr\/blog\/coppa-bernocchi-2024-victoire-de-stan-van-tricht\/\",\"url\":\"https:\/\/dicodusport.fr\/blog\/coppa-bernocchi-2024-victoire-de-stan-van-tricht\/\",\"name\":\"Coppa Bernocchi 2024 : Victoire de Stan Van Tricht\",\"isPartOf\":{\"@id\":\"https:\/\/dicodusport.fr\/blog\/#website\"},\"primaryImageOfPage\":{\"@id\":\"https:\/\/dicodusport.fr\/blog\/coppa-bernocchi-2024-victoire-de-stan-van-tricht\/#primaryimage\"},\"image\":{\"@id\":\"https:\/\/dicodusport.fr\/blog\/coppa-bernocchi-2024-victoire-de-stan-van-tricht\/#primaryimage\"},\"thumbnailUrl\":\"https:\/\/dicodusport.fr\/blog\/wp-content\/uploads\/2024\/10\/Coppa-Bernocchi-2024-Victoire-de-Stan-Van-Tricht-1.png\",\"datePublished\":\"2024-10-07T14:26:47+00:00\",\"dateModified\":\"2024-10-07T15:58:02+00:00\",\"description\":\"COPPA BERNOCCHI - Echapp\u00e9 matinal, le Belge Stan Van Tricht (Alpecin-Deceuninck) s'adjuge son premier succ\u00e8s professionnel.\",\"breadcrumb\":{\"@id\":\"https:\/\/dicodusport.fr\/blog\/coppa-bernocchi-2024-victoire-de-stan-van-tricht\/#breadcrumb\"},\"inLanguage\":\"fr-FR\",\"potentialAction\":[{\"@type\":\"ReadAction\",\"target\":[\"https:\/\/dicodusport.fr\/blog\/coppa-bernocchi-2024-victoire-de-stan-van-tricht\/\"]}]},{\"@type\":\"ImageObject\",\"inLanguage\":\"fr-FR\",\"@id\":\"https:\/\/dicodusport.fr\/blog\/coppa-bernocchi-2024-victoire-de-stan-van-tricht\/#primaryimage\",\"url\":\"https:\/\/dicodusport.fr\/blog\/wp-content\/uploads\/2024\/10\/Coppa-Bernocchi-2024-Victoire-de-Stan-Van-Tricht-1.png\",\"contentUrl\":\"https:\/\/dicodusport.fr\/blog\/wp-content\/uploads\/2024\/10\/Coppa-Bernocchi-2024-Victoire-de-Stan-Van-Tricht-1.png\",\"width\":1200,\"height\":674,\"caption\":\"Coppa Bernocchi 2024 Victoire de Stan Van Tricht (1)\"},{\"@type\":\"BreadcrumbList\",\"@id\":\"https:\/\/dicodusport.fr\/blog\/coppa-bernocchi-2024-victoire-de-stan-van-tricht\/#breadcrumb\",\"itemListElement\":[{\"@type\":\"ListItem\",\"position\":1,\"name\":\"Accueil\",\"item\":\"https:\/\/dicodusport.fr\/blog\/\"},{\"@type\":\"ListItem\",\"position\":2,\"name\":\"Coppa Bernocchi 2024 : Victoire de Stan Van Tricht\"}]},{\"@type\":\"WebSite\",\"@id\":\"https:\/\/dicodusport.fr\/blog\/#website\",\"url\":\"https:\/\/dicodusport.fr\/blog\/\",\"name\":\"Dicodusport\",\"description\":\"L&#039;encyclop\u00e9die de l&#039;actualit\u00e9 sportive\",\"publisher\":{\"@id\":\"https:\/\/dicodusport.fr\/blog\/#organization\"},\"potentialAction\":[{\"@type\":\"SearchAction\",\"target\":{\"@type\":\"EntryPoint\",\"urlTemplate\":\"https:\/\/dicodusport.fr\/blog\/?s={search_term_string}\"},\"query-input\":{\"@type\":\"PropertyValueSpecification\",\"valueRequired\":true,\"valueName\":\"search_term_string\"}}],\"inLanguage\":\"fr-FR\"},{\"@type\":\"NewsMediaOrganization\",\"@id\":\"https:\/\/dicodusport.fr\/blog\/#organization\",\"name\":\"Dicodusport\",\"url\":\"https:\/\/dicodusport.fr\/blog\/\",\"logo\":{\"@type\":\"ImageObject\",\"inLanguage\":\"fr-FR\",\"@id\":\"https:\/\/dicodusport.fr\/blog\/#\/schema\/logo\/image\/\",\"url\":\"https:\/\/dicodusport.fr\/blog\/wp-content\/uploads\/2020\/06\/cropped-LOGO-DICODUSPORT-2020-SANS-FOND-SANS-TEXTE.png\",\"contentUrl\":\"https:\/\/dicodusport.fr\/blog\/wp-content\/uploads\/2020\/06\/cropped-LOGO-DICODUSPORT-2020-SANS-FOND-SANS-TEXTE.png\",\"width\":512,\"height\":512,\"caption\":\"Dicodusport\"},\"image\":{\"@id\":\"https:\/\/dicodusport.fr\/blog\/#\/schema\/logo\/image\/\"},\"sameAs\":[\"https:\/\/www.facebook.com\/dicodusport\",\"https:\/\/x.com\/dicodusport\",\"https:\/\/www.instagram.com\/dicodusport\/\",\"https:\/\/www.youtube.com\/channel\/UC7V2KZ5sd3htJivAbA4ZG3w\"],\"description\":\"Dicodusport est l'encyclop\u00e9die de l'actualit\u00e9 sportive.\",\"email\":\"bonjour@dicodusport.fr\",\"legalName\":\"DICODUSPORT\",\"foundingDate\":\"2018-01-14\",\"vatID\":\"FR71834470973\",\"taxID\":\"83447097300043\",\"numberOfEmployees\":{\"@type\":\"QuantitativeValue\",\"minValue\":\"1\",\"maxValue\":\"10\"}},{\"@type\":\"Person\",\"@id\":\"https:\/\/dicodusport.fr\/blog\/#\/schema\/person\/fe500246414ca17ddf0c0312d7a792cc\",\"name\":\"Olivier Dobiezynski\",\"image\":{\"@type\":\"ImageObject\",\"inLanguage\":\"fr-FR\",\"@id\":\"https:\/\/dicodusport.fr\/blog\/#\/schema\/person\/image\/\",\"url\":\"https:\/\/dicodusport.fr\/blog\/wp-content\/uploads\/2024\/09\/5be8fe8d-9962-4f1e-ad06-d6f9dee30e6d-150x150.jpg\",\"contentUrl\":\"https:\/\/dicodusport.fr\/blog\/wp-content\/uploads\/2024\/09\/5be8fe8d-9962-4f1e-ad06-d6f9dee30e6d-150x150.jpg\",\"caption\":\"Olivier Dobiezynski\"},\"description\":\"Depuis le milieu des ann\u00e9es 90, la passion du cyclisme m'anime. Mes h\u00e9ros s'appellent Luc Leblanc, Piotr Ugrumov, Paolo Savoldelli, Peter Sagan et bien \u00e9videmment Romain Bardet. R\u00e9dacteur depuis 2023, je suis ici pour partager cet amour de la Petite Reine. Vous pourrez me lire \u00e9galement sur du trail, du ski de fond et tout autre sujet susceptible d'\u00e9veiller ma curiosit\u00e9 sportive.\",\"sameAs\":[\"https:\/\/x.com\/https:\/\/x.com\/Olivier_Matros\"],\"url\":\"https:\/\/dicodusport.fr\/blog\/author\/olivier-gh\/\"}]}<\/script>\n<!-- \/ Yoast SEO Premium plugin. -->","yoast_head_json":{"title":"Coppa Bernocchi 2024 : Victoire de Stan Van Tricht","description":"COPPA BERNOCCHI - Echapp\u00e9 matinal, le Belge Stan Van Tricht (Alpecin-Deceuninck) s'adjuge son premier succ\u00e8s professionnel.","robots":{"index":"index","follow":"follow","max-snippet":"max-snippet:-1","max-image-preview":"max-image-preview:large","max-video-preview":"max-video-preview:-1"},"canonical":"https:\/\/dicodusport.fr\/blog\/coppa-bernocchi-2024-victoire-de-stan-van-tricht\/","og_locale":"fr_FR","og_type":"article","og_title":"Coppa Bernocchi 2024 : Victoire de Stan Van Tricht","og_description":"COPPA BERNOCCHI - Echapp\u00e9 matinal, le Belge Stan Van Tricht (Alpecin-Deceuninck) s'adjuge son premier succ\u00e8s professionnel.","og_url":"https:\/\/dicodusport.fr\/blog\/coppa-bernocchi-2024-victoire-de-stan-van-tricht\/","og_site_name":"Dicodusport","article_publisher":"https:\/\/www.facebook.com\/dicodusport","article_published_time":"2024-10-07T14:26:47+00:00","article_modified_time":"2024-10-07T15:58:02+00:00","og_image":[{"width":1200,"height":674,"url":"https:\/\/dicodusport.fr\/blog\/wp-content\/uploads\/2024\/10\/Coppa-Bernocchi-2024-Victoire-de-Stan-Van-Tricht-1.png","type":"image\/png"}],"author":"Olivier Dobiezynski","twitter_card":"summary_large_image","twitter_title":"Coppa Bernocchi 2024 : Victoire de Stan Van Tricht","twitter_creator":"@https:\/\/x.com\/Olivier_Matros","twitter_site":"@dicodusport","schema":{"@context":"https:\/\/schema.org","@graph":[{"@type":"NewsArticle","@id":"https:\/\/dicodusport.fr\/blog\/coppa-bernocchi-2024-victoire-de-stan-van-tricht\/#article","isPartOf":{"@id":"https:\/\/dicodusport.fr\/blog\/coppa-bernocchi-2024-victoire-de-stan-van-tricht\/"},"author":{"name":"Olivier Dobiezynski","@id":"https:\/\/dicodusport.fr\/blog\/#\/schema\/person\/fe500246414ca17ddf0c0312d7a792cc"},"headline":"Coppa Bernocchi 2024 : Victoire de Stan Van Tricht","datePublished":"2024-10-07T14:26:47+00:00","dateModified":"2024-10-07T15:58:02+00:00","mainEntityOfPage":{"@id":"https:\/\/dicodusport.fr\/blog\/coppa-bernocchi-2024-victoire-de-stan-van-tricht\/"},"wordCount":338,"commentCount":0,"publisher":{"@id":"https:\/\/dicodusport.fr\/blog\/#organization"},"image":{"@id":"https:\/\/dicodusport.fr\/blog\/coppa-bernocchi-2024-victoire-de-stan-van-tricht\/#primaryimage"},"thumbnailUrl":"https:\/\/dicodusport.fr\/blog\/wp-content\/uploads\/2024\/10\/Coppa-Bernocchi-2024-Victoire-de-Stan-Van-Tricht-1.png","keywords":["actu","Alex Baudin","Alpecin-Deceuninck","br\u00e8ve","Coppa Bernocchi"],"articleSection":["Cyclisme sur route"],"inLanguage":"fr-FR","potentialAction":[{"@type":"CommentAction","name":"Comment","target":["https:\/\/dicodusport.fr\/blog\/coppa-bernocchi-2024-victoire-de-stan-van-tricht\/#respond"]}],"copyrightYear":"2024","copyrightHolder":{"@id":"https:\/\/dicodusport.fr\/blog\/#organization"}},{"@type":"WebPage","@id":"https:\/\/dicodusport.fr\/blog\/coppa-bernocchi-2024-victoire-de-stan-van-tricht\/","url":"https:\/\/dicodusport.fr\/blog\/coppa-bernocchi-2024-victoire-de-stan-van-tricht\/","name":"Coppa Bernocchi 2024 : Victoire de Stan Van Tricht","isPartOf":{"@id":"https:\/\/dicodusport.fr\/blog\/#website"},"primaryImageOfPage":{"@id":"https:\/\/dicodusport.fr\/blog\/coppa-bernocchi-2024-victoire-de-stan-van-tricht\/#primaryimage"},"image":{"@id":"https:\/\/dicodusport.fr\/blog\/coppa-bernocchi-2024-victoire-de-stan-van-tricht\/#primaryimage"},"thumbnailUrl":"https:\/\/dicodusport.fr\/blog\/wp-content\/uploads\/2024\/10\/Coppa-Bernocchi-2024-Victoire-de-Stan-Van-Tricht-1.png","datePublished":"2024-10-07T14:26:47+00:00","dateModified":"2024-10-07T15:58:02+00:00","description":"COPPA BERNOCCHI - Echapp\u00e9 matinal, le Belge Stan Van Tricht (Alpecin-Deceuninck) s'adjuge son premier succ\u00e8s professionnel.","breadcrumb":{"@id":"https:\/\/dicodusport.fr\/blog\/coppa-bernocchi-2024-victoire-de-stan-van-tricht\/#breadcrumb"},"inLanguage":"fr-FR","potentialAction":[{"@type":"ReadAction","target":["https:\/\/dicodusport.fr\/blog\/coppa-bernocchi-2024-victoire-de-stan-van-tricht\/"]}]},{"@type":"ImageObject","inLanguage":"fr-FR","@id":"https:\/\/dicodusport.fr\/blog\/coppa-bernocchi-2024-victoire-de-stan-van-tricht\/#primaryimage","url":"https:\/\/dicodusport.fr\/blog\/wp-content\/uploads\/2024\/10\/Coppa-Bernocchi-2024-Victoire-de-Stan-Van-Tricht-1.png","contentUrl":"https:\/\/dicodusport.fr\/blog\/wp-content\/uploads\/2024\/10\/Coppa-Bernocchi-2024-Victoire-de-Stan-Van-Tricht-1.png","width":1200,"height":674,"caption":"Coppa Bernocchi 2024 Victoire de Stan Van Tricht (1)"},{"@type":"BreadcrumbList","@id":"https:\/\/dicodusport.fr\/blog\/coppa-bernocchi-2024-victoire-de-stan-van-tricht\/#breadcrumb","itemListElement":[{"@type":"ListItem","position":1,"name":"Accueil","item":"https:\/\/dicodusport.fr\/blog\/"},{"@type":"ListItem","position":2,"name":"Coppa Bernocchi 2024 : Victoire de Stan Van Tricht"}]},{"@type":"WebSite","@id":"https:\/\/dicodusport.fr\/blog\/#website","url":"https:\/\/dicodusport.fr\/blog\/","name":"Dicodusport","description":"L&#039;encyclop\u00e9die de l&#039;actualit\u00e9 sportive","publisher":{"@id":"https:\/\/dicodusport.fr\/blog\/#organization"},"potentialAction":[{"@type":"SearchAction","target":{"@type":"EntryPoint","urlTemplate":"https:\/\/dicodusport.fr\/blog\/?s={search_term_string}"},"query-input":{"@type":"PropertyValueSpecification","valueRequired":true,"valueName":"search_term_string"}}],"inLanguage":"fr-FR"},{"@type":"NewsMediaOrganization","@id":"https:\/\/dicodusport.fr\/blog\/#organization","name":"Dicodusport","url":"https:\/\/dicodusport.fr\/blog\/","logo":{"@type":"ImageObject","inLanguage":"fr-FR","@id":"https:\/\/dicodusport.fr\/blog\/#\/schema\/logo\/image\/","url":"https:\/\/dicodusport.fr\/blog\/wp-content\/uploads\/2020\/06\/cropped-LOGO-DICODUSPORT-2020-SANS-FOND-SANS-TEXTE.png","contentUrl":"https:\/\/dicodusport.fr\/blog\/wp-content\/uploads\/2020\/06\/cropped-LOGO-DICODUSPORT-2020-SANS-FOND-SANS-TEXTE.png","width":512,"height":512,"caption":"Dicodusport"},"image":{"@id":"https:\/\/dicodusport.fr\/blog\/#\/schema\/logo\/image\/"},"sameAs":["https:\/\/www.facebook.com\/dicodusport","https:\/\/x.com\/dicodusport","https:\/\/www.instagram.com\/dicodusport\/","https:\/\/www.youtube.com\/channel\/UC7V2KZ5sd3htJivAbA4ZG3w"],"description":"Dicodusport est l'encyclop\u00e9die de l'actualit\u00e9 sportive.","email":"bonjour@dicodusport.fr","legalName":"DICODUSPORT","foundingDate":"2018-01-14","vatID":"FR71834470973","taxID":"83447097300043","numberOfEmployees":{"@type":"QuantitativeValue","minValue":"1","maxValue":"10"}},{"@type":"Person","@id":"https:\/\/dicodusport.fr\/blog\/#\/schema\/person\/fe500246414ca17ddf0c0312d7a792cc","name":"Olivier Dobiezynski","image":{"@type":"ImageObject","inLanguage":"fr-FR","@id":"https:\/\/dicodusport.fr\/blog\/#\/schema\/person\/image\/","url":"https:\/\/dicodusport.fr\/blog\/wp-content\/uploads\/2024\/09\/5be8fe8d-9962-4f1e-ad06-d6f9dee30e6d-150x150.jpg","contentUrl":"https:\/\/dicodusport.fr\/blog\/wp-content\/uploads\/2024\/09\/5be8fe8d-9962-4f1e-ad06-d6f9dee30e6d-150x150.jpg","caption":"Olivier Dobiezynski"},"description":"Depuis le milieu des ann\u00e9es 90, la passion du cyclisme m'anime. Mes h\u00e9ros s'appellent Luc Leblanc, Piotr Ugrumov, Paolo Savoldelli, Peter Sagan et bien \u00e9videmment Romain Bardet. R\u00e9dacteur depuis 2023, je suis ici pour partager cet amour de la Petite Reine. Vous pourrez me lire \u00e9galement sur du trail, du ski de fond et tout autre sujet susceptible d'\u00e9veiller ma curiosit\u00e9 sportive.","sameAs":["https:\/\/x.com\/https:\/\/x.com\/Olivier_Matros"],"url":"https:\/\/dicodusport.fr\/blog\/author\/olivier-gh\/"}]}},"_links":{"self":[{"href":"https:\/\/dicodusport.fr\/blog\/wp-json\/wp\/v2\/posts\/525218","targetHints":{"allow":["GET"]}}],"collection":[{"href":"https:\/\/dicodusport.fr\/blog\/wp-json\/wp\/v2\/posts"}],"about":[{"href":"https:\/\/dicodusport.fr\/blog\/wp-json\/wp\/v2\/types\/post"}],"author":[{"embeddable":true,"href":"https:\/\/dicodusport.fr\/blog\/wp-json\/wp\/v2\/users\/92"}],"replies":[{"embeddable":true,"href":"https:\/\/dicodusport.fr\/blog\/wp-json\/wp\/v2\/comments?post=525218"}],"version-history":[{"count":5,"href":"https:\/\/dicodusport.fr\/blog\/wp-json\/wp\/v2\/posts\/525218\/revisions"}],"predecessor-version":[{"id":525236,"href":"https:\/\/dicodusport.fr\/blog\/wp-json\/wp\/v2\/posts\/525218\/revisions\/525236"}],"wp:featuredmedia":[{"embeddable":true,"href":"https:\/\/dicodusport.fr\/blog\/wp-json\/wp\/v2\/media\/525250"}],"wp:attachment":[{"href":"https:\/\/dicodusport.fr\/blog\/wp-json\/wp\/v2\/media?parent=525218"}],"wp:term":[{"taxonomy":"category","embeddable":true,"href":"https:\/\/dicodusport.fr\/blog\/wp-json\/wp\/v2\/categories?post=525218"},{"taxonomy":"post_tag","embeddable":true,"href":"https:\/\/dicodusport.fr\/blog\/wp-json\/wp\/v2\/tags?post=525218"}],"curies":[{"name":"wp","href":"https:\/\/api.w.org\/{rel}","templated":true}]}}