{"id":525362,"date":"2024-10-08T19:47:29","date_gmt":"2024-10-08T17:47:29","guid":{"rendered":"https:\/\/dicodusport.fr\/blog\/?p=525362&#038;preview=true&#038;preview_id=525362"},"modified":"2024-10-08T20:10:48","modified_gmt":"2024-10-08T18:10:48","slug":"transferts-cyclisme-remi-cavagna-vers-une-equipe-francaise","status":"publish","type":"post","link":"https:\/\/dicodusport.fr\/blog\/transferts-cyclisme-remi-cavagna-vers-une-equipe-francaise\/","title":{"rendered":"Transferts Cyclisme : R\u00e9mi Cavagna vers une \u00e9quipe fran\u00e7aise"},"content":{"rendered":"<h4 style=\"text-align: justify;\"><em>MERCATO CYCLISME &#8211; Un an et puis s&rsquo;en va. R\u00e9mi Cavagna va quitter la formation Movistar apr\u00e8s seulement une ann\u00e9e en Espagne, selon AS. Il devrait rejoindre la Groupama-FDJ, \u00e0 29 ans.<\/em><\/h4>\n<ul>\n<li style=\"text-align: justify;\"><strong>\u00c0 ce sujet &#8211; <a href=\"https:\/\/dicodusport.fr\/blog\/cyclisme-mercato-2024-2025-tableau-des-transferts\/\">Cyclisme Mercato 2024-2025 \u2013 Tableau des transferts<\/a><\/strong><\/li>\n<\/ul>\n<p style=\"text-align: justify;\">Une adaptation trop difficile, notamment <em>\u00ab au niveau de la langue \u00bb<\/em>, comme il l&rsquo;avait confi\u00e9 \u00e0 nos confr\u00e8res de <em>L&rsquo;\u00c9quipe<\/em> cet \u00e9t\u00e9. <strong>R\u00e9mi Cavagna<\/strong> et la <strong>Movistar<\/strong>, c&rsquo;est d\u00e9j\u00e0 fini. Le <em>TGV de Clermont-Ferrand<\/em> va, sauf retournement de situation, quitter d\u00e9j\u00e0 la formation espagnole, selon le journal <em><a href=\"https:\/\/as.com\/ciclismo\/mas_ciclismo\/cavagna-pese-a-tener-contrato-no-seguira-en-el-movistar-n\/?fbclid=IwZXh0bgNhZW0CMTEAAR0I0U6o3JYAMy2FAUnZQPNGiOs9KflnEvFBTcnWQswiM4_wIJgxbBiDBHE_aem_mxf5P5ZQf4LSS2IFCO5MTQ\">AS<\/a><\/em>. Pourtant, il avait sign\u00e9 un contrat de trois ans en octobre 2023. <strong>Groupama-FDJ<\/strong> est en pole position pour recruter le rouleur auvergnat.<\/p>\n<blockquote class=\"twitter-tweet\">\n<p dir=\"ltr\" lang=\"fr\">Sous contrat jusqu&rsquo;en 2026 avec Movistar, R\u00e9mi Cavagna devrait quitter l&rsquo;\u00e9quipe espagnole apr\u00e8s seulement une saison selon As. Le Fran\u00e7ais (29 ans) pourrait rebondir chez Groupama-FDJ selon le m\u00eame m\u00e9dia. <a href=\"https:\/\/twitter.com\/hashtag\/Mercato?src=hash&amp;ref_src=twsrc%5Etfw\">#Mercato<\/a><a href=\"https:\/\/t.co\/NIfHlYmyVj\">https:\/\/t.co\/NIfHlYmyVj<\/a><\/p>\n<p>\u2014 Le Gruppetto (@LeGruppetto) <a href=\"https:\/\/twitter.com\/LeGruppetto\/status\/1843704086061035949?ref_src=twsrc%5Etfw\">October 8, 2024<\/a><\/p><\/blockquote>\n<p><script async src=\"https:\/\/platform.twitter.com\/widgets.js\" charset=\"utf-8\"><\/script><\/p>\n<p style=\"text-align: justify;\"><strong>R\u00e9mi Cavagna<\/strong> sort d&rsquo;une saison compliqu\u00e9e. \u00c0 29 ans, sa meilleure performance reste <a href=\"https:\/\/dicodusport.fr\/blog\/cyclisme-championnats-de-france-2024-classement-contre-la-montre\/\">les championnats de France de contre-la-montre<\/a>. Conclu \u00e0 la 4e place, ce r\u00e9sultat \u00e9tait une d\u00e9ception pour le double <a href=\"https:\/\/dicodusport.fr\/blog\/cyclisme-championnats-de-france-remi-cavagna-sacre-sur-le-contre-la-montre\/\">champion de France de la discipline<\/a>. Align\u00e9 sur aucun Grand Tour cette saison, il avait pourtant tout fait pour s&rsquo;adapter \u00e0 Enric Mas et les siens. <em>\u00ab<\/em> <em>J&rsquo;ai am\u00e9lior\u00e9 mon espagnol, on m&rsquo;a donn\u00e9 des cours et je comprends presque tout, mais quand je veux m&rsquo;exprimer un peu ou m&rsquo;imposer, \u00e7a me coupe. Les Espagnols sont toujours ensemble, tout \u00e0 la radio est en espagnol et c&rsquo;est compliqu\u00e9 dans les moments difficiles de la course. Je suis venu dans l&rsquo;\u00e9quipe pour \u00e9voluer, pour faire un pas en avant dans les chronos et je me suis effondr\u00e9 en quelques mois \u00bb<\/em>, confiait-il \u00e0 <em>L&rsquo;\u00c9quipe<\/em>.<\/p>\n<h2>Une place pour Castrillo<\/h2>\n<p style=\"text-align: justify;\">Son d\u00e9part pourrait lib\u00e9rer une place pour <strong>Pablo Castrillo<\/strong>, selon <em>AS<\/em>. R\u00e9v\u00e9lation du dernier Tour d&rsquo;Espagne, le grimpeur a annonc\u00e9 son d\u00e9part de l&rsquo;\u00e9quipe <strong>Kern Pharma<\/strong> ce 8 octobre. Il pourrait \u00eatre annonc\u00e9 dans les prochains jours par Movistar.<\/p>\n","protected":false},"excerpt":{"rendered":"<p>R\u00e9mi Cavagna vers une \u00e9quipe fran\u00e7aise<\/p>\n","protected":false},"author":88,"featured_media":525368,"comment_status":"open","ping_status":"closed","sticky":false,"template":"","format":"standard","meta":{"_acf_changed":false,"_daextam_enable_autolinks":"1","footnotes":""},"categories":[46994],"tags":[32415,16878,3279,5354,16386],"class_list":["post-525362","post","type-post","status-publish","format-standard","has-post-thumbnail","hentry","category-cyclisme-sur-route","tag-actu","tag-breve","tag-groupama-fdj","tag-movistar","tag-remi-cavagna"],"acf":[],"yoast_head":"<!-- This site is optimized with the Yoast SEO Premium plugin v26.7 (Yoast SEO v26.7) - https:\/\/yoast.com\/wordpress\/plugins\/seo\/ -->\n<title>Transferts Cyclisme : R\u00e9mi Cavagna vers une \u00e9quipe fran\u00e7aise<\/title>\n<meta name=\"description\" content=\"MERCATO CYCLISME - Un an et puis s&#039;en va. R\u00e9mi Cavagna va quitter la formation Movistar apr\u00e8s seulement une ann\u00e9e en Espagne, selon AS.\" \/>\n<meta name=\"robots\" content=\"index, follow, max-snippet:-1, max-image-preview:large, max-video-preview:-1\" \/>\n<link rel=\"canonical\" href=\"https:\/\/dicodusport.fr\/blog\/transferts-cyclisme-remi-cavagna-vers-une-equipe-francaise\/\" \/>\n<meta property=\"og:locale\" content=\"fr_FR\" \/>\n<meta property=\"og:type\" content=\"article\" \/>\n<meta property=\"og:title\" content=\"Transferts Cyclisme : R\u00e9mi Cavagna vers une \u00e9quipe fran\u00e7aise\" \/>\n<meta property=\"og:description\" content=\"MERCATO CYCLISME - Un an et puis s&#039;en va. R\u00e9mi Cavagna va quitter la formation Movistar apr\u00e8s seulement une ann\u00e9e en Espagne, selon AS.\" \/>\n<meta property=\"og:url\" content=\"https:\/\/dicodusport.fr\/blog\/transferts-cyclisme-remi-cavagna-vers-une-equipe-francaise\/\" \/>\n<meta property=\"og:site_name\" content=\"Dicodusport\" \/>\n<meta property=\"article:publisher\" content=\"https:\/\/www.facebook.com\/dicodusport\" \/>\n<meta property=\"article:published_time\" content=\"2024-10-08T17:47:29+00:00\" \/>\n<meta property=\"article:modified_time\" content=\"2024-10-08T18:10:48+00:00\" \/>\n<meta property=\"og:image\" content=\"https:\/\/dicodusport.fr\/blog\/wp-content\/uploads\/2024\/10\/Transferts-Cyclisme-Remi-Cavagna-vers-une-equipe-francaise.png\" \/>\n\t<meta property=\"og:image:width\" content=\"1200\" \/>\n\t<meta property=\"og:image:height\" content=\"674\" \/>\n\t<meta property=\"og:image:type\" content=\"image\/png\" \/>\n<meta name=\"author\" content=\"Paul Lalevee\" \/>\n<meta name=\"twitter:card\" content=\"summary_large_image\" \/>\n<meta name=\"twitter:title\" content=\"Transferts Cyclisme : R\u00e9mi Cavagna vers une \u00e9quipe fran\u00e7aise\" \/>\n<meta name=\"twitter:creator\" content=\"@dicodusport\" \/>\n<meta name=\"twitter:site\" content=\"@dicodusport\" \/>\n<script type=\"application\/ld+json\" class=\"yoast-schema-graph\">{\"@context\":\"https:\/\/schema.org\",\"@graph\":[{\"@type\":\"NewsArticle\",\"@id\":\"https:\/\/dicodusport.fr\/blog\/transferts-cyclisme-remi-cavagna-vers-une-equipe-francaise\/#article\",\"isPartOf\":{\"@id\":\"https:\/\/dicodusport.fr\/blog\/transferts-cyclisme-remi-cavagna-vers-une-equipe-francaise\/\"},\"author\":{\"name\":\"Paul Lalevee\",\"@id\":\"https:\/\/dicodusport.fr\/blog\/#\/schema\/person\/1eaa63dfac40b5e5c47f03a71920c1cd\"},\"headline\":\"Transferts Cyclisme : R\u00e9mi Cavagna vers une \u00e9quipe fran\u00e7aise\",\"datePublished\":\"2024-10-08T17:47:29+00:00\",\"dateModified\":\"2024-10-08T18:10:48+00:00\",\"mainEntityOfPage\":{\"@id\":\"https:\/\/dicodusport.fr\/blog\/transferts-cyclisme-remi-cavagna-vers-une-equipe-francaise\/\"},\"wordCount\":361,\"commentCount\":0,\"publisher\":{\"@id\":\"https:\/\/dicodusport.fr\/blog\/#organization\"},\"image\":{\"@id\":\"https:\/\/dicodusport.fr\/blog\/transferts-cyclisme-remi-cavagna-vers-une-equipe-francaise\/#primaryimage\"},\"thumbnailUrl\":\"https:\/\/dicodusport.fr\/blog\/wp-content\/uploads\/2024\/10\/Transferts-Cyclisme-Remi-Cavagna-vers-une-equipe-francaise.png\",\"keywords\":[\"actu\",\"br\u00e8ve\",\"Groupama FDJ\",\"Movistar\",\"R\u00e9mi Cavagna\"],\"articleSection\":[\"Cyclisme sur route\"],\"inLanguage\":\"fr-FR\",\"potentialAction\":[{\"@type\":\"CommentAction\",\"name\":\"Comment\",\"target\":[\"https:\/\/dicodusport.fr\/blog\/transferts-cyclisme-remi-cavagna-vers-une-equipe-francaise\/#respond\"]}],\"copyrightYear\":\"2024\",\"copyrightHolder\":{\"@id\":\"https:\/\/dicodusport.fr\/blog\/#organization\"}},{\"@type\":\"WebPage\",\"@id\":\"https:\/\/dicodusport.fr\/blog\/transferts-cyclisme-remi-cavagna-vers-une-equipe-francaise\/\",\"url\":\"https:\/\/dicodusport.fr\/blog\/transferts-cyclisme-remi-cavagna-vers-une-equipe-francaise\/\",\"name\":\"Transferts Cyclisme : R\u00e9mi Cavagna vers une \u00e9quipe fran\u00e7aise\",\"isPartOf\":{\"@id\":\"https:\/\/dicodusport.fr\/blog\/#website\"},\"primaryImageOfPage\":{\"@id\":\"https:\/\/dicodusport.fr\/blog\/transferts-cyclisme-remi-cavagna-vers-une-equipe-francaise\/#primaryimage\"},\"image\":{\"@id\":\"https:\/\/dicodusport.fr\/blog\/transferts-cyclisme-remi-cavagna-vers-une-equipe-francaise\/#primaryimage\"},\"thumbnailUrl\":\"https:\/\/dicodusport.fr\/blog\/wp-content\/uploads\/2024\/10\/Transferts-Cyclisme-Remi-Cavagna-vers-une-equipe-francaise.png\",\"datePublished\":\"2024-10-08T17:47:29+00:00\",\"dateModified\":\"2024-10-08T18:10:48+00:00\",\"description\":\"MERCATO CYCLISME - Un an et puis s'en va. R\u00e9mi Cavagna va quitter la formation Movistar apr\u00e8s seulement une ann\u00e9e en Espagne, selon AS.\",\"breadcrumb\":{\"@id\":\"https:\/\/dicodusport.fr\/blog\/transferts-cyclisme-remi-cavagna-vers-une-equipe-francaise\/#breadcrumb\"},\"inLanguage\":\"fr-FR\",\"potentialAction\":[{\"@type\":\"ReadAction\",\"target\":[\"https:\/\/dicodusport.fr\/blog\/transferts-cyclisme-remi-cavagna-vers-une-equipe-francaise\/\"]}]},{\"@type\":\"ImageObject\",\"inLanguage\":\"fr-FR\",\"@id\":\"https:\/\/dicodusport.fr\/blog\/transferts-cyclisme-remi-cavagna-vers-une-equipe-francaise\/#primaryimage\",\"url\":\"https:\/\/dicodusport.fr\/blog\/wp-content\/uploads\/2024\/10\/Transferts-Cyclisme-Remi-Cavagna-vers-une-equipe-francaise.png\",\"contentUrl\":\"https:\/\/dicodusport.fr\/blog\/wp-content\/uploads\/2024\/10\/Transferts-Cyclisme-Remi-Cavagna-vers-une-equipe-francaise.png\",\"width\":1200,\"height\":674,\"caption\":\"Transferts Cyclisme R\u00e9mi Cavagna vers une \u00e9quipe fran\u00e7aise\"},{\"@type\":\"BreadcrumbList\",\"@id\":\"https:\/\/dicodusport.fr\/blog\/transferts-cyclisme-remi-cavagna-vers-une-equipe-francaise\/#breadcrumb\",\"itemListElement\":[{\"@type\":\"ListItem\",\"position\":1,\"name\":\"Accueil\",\"item\":\"https:\/\/dicodusport.fr\/blog\/\"},{\"@type\":\"ListItem\",\"position\":2,\"name\":\"Transferts Cyclisme : R\u00e9mi Cavagna vers une \u00e9quipe fran\u00e7aise\"}]},{\"@type\":\"WebSite\",\"@id\":\"https:\/\/dicodusport.fr\/blog\/#website\",\"url\":\"https:\/\/dicodusport.fr\/blog\/\",\"name\":\"Dicodusport\",\"description\":\"L&#039;encyclop\u00e9die de l&#039;actualit\u00e9 sportive\",\"publisher\":{\"@id\":\"https:\/\/dicodusport.fr\/blog\/#organization\"},\"potentialAction\":[{\"@type\":\"SearchAction\",\"target\":{\"@type\":\"EntryPoint\",\"urlTemplate\":\"https:\/\/dicodusport.fr\/blog\/?s={search_term_string}\"},\"query-input\":{\"@type\":\"PropertyValueSpecification\",\"valueRequired\":true,\"valueName\":\"search_term_string\"}}],\"inLanguage\":\"fr-FR\"},{\"@type\":\"NewsMediaOrganization\",\"@id\":\"https:\/\/dicodusport.fr\/blog\/#organization\",\"name\":\"Dicodusport\",\"url\":\"https:\/\/dicodusport.fr\/blog\/\",\"logo\":{\"@type\":\"ImageObject\",\"inLanguage\":\"fr-FR\",\"@id\":\"https:\/\/dicodusport.fr\/blog\/#\/schema\/logo\/image\/\",\"url\":\"https:\/\/dicodusport.fr\/blog\/wp-content\/uploads\/2020\/06\/cropped-LOGO-DICODUSPORT-2020-SANS-FOND-SANS-TEXTE.png\",\"contentUrl\":\"https:\/\/dicodusport.fr\/blog\/wp-content\/uploads\/2020\/06\/cropped-LOGO-DICODUSPORT-2020-SANS-FOND-SANS-TEXTE.png\",\"width\":512,\"height\":512,\"caption\":\"Dicodusport\"},\"image\":{\"@id\":\"https:\/\/dicodusport.fr\/blog\/#\/schema\/logo\/image\/\"},\"sameAs\":[\"https:\/\/www.facebook.com\/dicodusport\",\"https:\/\/x.com\/dicodusport\",\"https:\/\/www.instagram.com\/dicodusport\/\",\"https:\/\/www.youtube.com\/channel\/UC7V2KZ5sd3htJivAbA4ZG3w\"],\"description\":\"Dicodusport est l'encyclop\u00e9die de l'actualit\u00e9 sportive.\",\"email\":\"bonjour@dicodusport.fr\",\"legalName\":\"DICODUSPORT\",\"foundingDate\":\"2018-01-14\",\"vatID\":\"FR71834470973\",\"taxID\":\"83447097300043\",\"numberOfEmployees\":{\"@type\":\"QuantitativeValue\",\"minValue\":\"1\",\"maxValue\":\"10\"}},{\"@type\":\"Person\",\"@id\":\"https:\/\/dicodusport.fr\/blog\/#\/schema\/person\/1eaa63dfac40b5e5c47f03a71920c1cd\",\"name\":\"Paul Lalevee\",\"image\":{\"@type\":\"ImageObject\",\"inLanguage\":\"fr-FR\",\"@id\":\"https:\/\/dicodusport.fr\/blog\/#\/schema\/person\/image\/\",\"url\":\"https:\/\/dicodusport.fr\/blog\/wp-content\/uploads\/2023\/10\/291154246_1690604071293245_3118259335115946499_n-150x150.jpg\",\"contentUrl\":\"https:\/\/dicodusport.fr\/blog\/wp-content\/uploads\/2023\/10\/291154246_1690604071293245_3118259335115946499_n-150x150.jpg\",\"caption\":\"Paul Lalevee\"},\"description\":\"La bulle Disney pendant le Covid, le Tour 2019, la Coupe du monde 2018. Ces trois \u00e9v\u00e9nements majeurs sont ancr\u00e9s dans ma t\u00eate de fan de sport, n\u00e9gativement ou positivement. Passionn\u00e9 de sport depuis l'enfance, j'ai d\u00e9cid\u00e9 de mettre ma passion de l'\u00e9criture au service de cette premi\u00e8re passion.\",\"url\":\"https:\/\/dicodusport.fr\/blog\/author\/paul-lalevee\/\"}]}<\/script>\n<!-- \/ Yoast SEO Premium plugin. -->","yoast_head_json":{"title":"Transferts Cyclisme : R\u00e9mi Cavagna vers une \u00e9quipe fran\u00e7aise","description":"MERCATO CYCLISME - Un an et puis s'en va. R\u00e9mi Cavagna va quitter la formation Movistar apr\u00e8s seulement une ann\u00e9e en Espagne, selon AS.","robots":{"index":"index","follow":"follow","max-snippet":"max-snippet:-1","max-image-preview":"max-image-preview:large","max-video-preview":"max-video-preview:-1"},"canonical":"https:\/\/dicodusport.fr\/blog\/transferts-cyclisme-remi-cavagna-vers-une-equipe-francaise\/","og_locale":"fr_FR","og_type":"article","og_title":"Transferts Cyclisme : R\u00e9mi Cavagna vers une \u00e9quipe fran\u00e7aise","og_description":"MERCATO CYCLISME - Un an et puis s'en va. R\u00e9mi Cavagna va quitter la formation Movistar apr\u00e8s seulement une ann\u00e9e en Espagne, selon AS.","og_url":"https:\/\/dicodusport.fr\/blog\/transferts-cyclisme-remi-cavagna-vers-une-equipe-francaise\/","og_site_name":"Dicodusport","article_publisher":"https:\/\/www.facebook.com\/dicodusport","article_published_time":"2024-10-08T17:47:29+00:00","article_modified_time":"2024-10-08T18:10:48+00:00","og_image":[{"width":1200,"height":674,"url":"https:\/\/dicodusport.fr\/blog\/wp-content\/uploads\/2024\/10\/Transferts-Cyclisme-Remi-Cavagna-vers-une-equipe-francaise.png","type":"image\/png"}],"author":"Paul Lalevee","twitter_card":"summary_large_image","twitter_title":"Transferts Cyclisme : R\u00e9mi Cavagna vers une \u00e9quipe fran\u00e7aise","twitter_creator":"@dicodusport","twitter_site":"@dicodusport","schema":{"@context":"https:\/\/schema.org","@graph":[{"@type":"NewsArticle","@id":"https:\/\/dicodusport.fr\/blog\/transferts-cyclisme-remi-cavagna-vers-une-equipe-francaise\/#article","isPartOf":{"@id":"https:\/\/dicodusport.fr\/blog\/transferts-cyclisme-remi-cavagna-vers-une-equipe-francaise\/"},"author":{"name":"Paul Lalevee","@id":"https:\/\/dicodusport.fr\/blog\/#\/schema\/person\/1eaa63dfac40b5e5c47f03a71920c1cd"},"headline":"Transferts Cyclisme : R\u00e9mi Cavagna vers une \u00e9quipe fran\u00e7aise","datePublished":"2024-10-08T17:47:29+00:00","dateModified":"2024-10-08T18:10:48+00:00","mainEntityOfPage":{"@id":"https:\/\/dicodusport.fr\/blog\/transferts-cyclisme-remi-cavagna-vers-une-equipe-francaise\/"},"wordCount":361,"commentCount":0,"publisher":{"@id":"https:\/\/dicodusport.fr\/blog\/#organization"},"image":{"@id":"https:\/\/dicodusport.fr\/blog\/transferts-cyclisme-remi-cavagna-vers-une-equipe-francaise\/#primaryimage"},"thumbnailUrl":"https:\/\/dicodusport.fr\/blog\/wp-content\/uploads\/2024\/10\/Transferts-Cyclisme-Remi-Cavagna-vers-une-equipe-francaise.png","keywords":["actu","br\u00e8ve","Groupama FDJ","Movistar","R\u00e9mi Cavagna"],"articleSection":["Cyclisme sur route"],"inLanguage":"fr-FR","potentialAction":[{"@type":"CommentAction","name":"Comment","target":["https:\/\/dicodusport.fr\/blog\/transferts-cyclisme-remi-cavagna-vers-une-equipe-francaise\/#respond"]}],"copyrightYear":"2024","copyrightHolder":{"@id":"https:\/\/dicodusport.fr\/blog\/#organization"}},{"@type":"WebPage","@id":"https:\/\/dicodusport.fr\/blog\/transferts-cyclisme-remi-cavagna-vers-une-equipe-francaise\/","url":"https:\/\/dicodusport.fr\/blog\/transferts-cyclisme-remi-cavagna-vers-une-equipe-francaise\/","name":"Transferts Cyclisme : R\u00e9mi Cavagna vers une \u00e9quipe fran\u00e7aise","isPartOf":{"@id":"https:\/\/dicodusport.fr\/blog\/#website"},"primaryImageOfPage":{"@id":"https:\/\/dicodusport.fr\/blog\/transferts-cyclisme-remi-cavagna-vers-une-equipe-francaise\/#primaryimage"},"image":{"@id":"https:\/\/dicodusport.fr\/blog\/transferts-cyclisme-remi-cavagna-vers-une-equipe-francaise\/#primaryimage"},"thumbnailUrl":"https:\/\/dicodusport.fr\/blog\/wp-content\/uploads\/2024\/10\/Transferts-Cyclisme-Remi-Cavagna-vers-une-equipe-francaise.png","datePublished":"2024-10-08T17:47:29+00:00","dateModified":"2024-10-08T18:10:48+00:00","description":"MERCATO CYCLISME - Un an et puis s'en va. R\u00e9mi Cavagna va quitter la formation Movistar apr\u00e8s seulement une ann\u00e9e en Espagne, selon AS.","breadcrumb":{"@id":"https:\/\/dicodusport.fr\/blog\/transferts-cyclisme-remi-cavagna-vers-une-equipe-francaise\/#breadcrumb"},"inLanguage":"fr-FR","potentialAction":[{"@type":"ReadAction","target":["https:\/\/dicodusport.fr\/blog\/transferts-cyclisme-remi-cavagna-vers-une-equipe-francaise\/"]}]},{"@type":"ImageObject","inLanguage":"fr-FR","@id":"https:\/\/dicodusport.fr\/blog\/transferts-cyclisme-remi-cavagna-vers-une-equipe-francaise\/#primaryimage","url":"https:\/\/dicodusport.fr\/blog\/wp-content\/uploads\/2024\/10\/Transferts-Cyclisme-Remi-Cavagna-vers-une-equipe-francaise.png","contentUrl":"https:\/\/dicodusport.fr\/blog\/wp-content\/uploads\/2024\/10\/Transferts-Cyclisme-Remi-Cavagna-vers-une-equipe-francaise.png","width":1200,"height":674,"caption":"Transferts Cyclisme R\u00e9mi Cavagna vers une \u00e9quipe fran\u00e7aise"},{"@type":"BreadcrumbList","@id":"https:\/\/dicodusport.fr\/blog\/transferts-cyclisme-remi-cavagna-vers-une-equipe-francaise\/#breadcrumb","itemListElement":[{"@type":"ListItem","position":1,"name":"Accueil","item":"https:\/\/dicodusport.fr\/blog\/"},{"@type":"ListItem","position":2,"name":"Transferts Cyclisme : R\u00e9mi Cavagna vers une \u00e9quipe fran\u00e7aise"}]},{"@type":"WebSite","@id":"https:\/\/dicodusport.fr\/blog\/#website","url":"https:\/\/dicodusport.fr\/blog\/","name":"Dicodusport","description":"L&#039;encyclop\u00e9die de l&#039;actualit\u00e9 sportive","publisher":{"@id":"https:\/\/dicodusport.fr\/blog\/#organization"},"potentialAction":[{"@type":"SearchAction","target":{"@type":"EntryPoint","urlTemplate":"https:\/\/dicodusport.fr\/blog\/?s={search_term_string}"},"query-input":{"@type":"PropertyValueSpecification","valueRequired":true,"valueName":"search_term_string"}}],"inLanguage":"fr-FR"},{"@type":"NewsMediaOrganization","@id":"https:\/\/dicodusport.fr\/blog\/#organization","name":"Dicodusport","url":"https:\/\/dicodusport.fr\/blog\/","logo":{"@type":"ImageObject","inLanguage":"fr-FR","@id":"https:\/\/dicodusport.fr\/blog\/#\/schema\/logo\/image\/","url":"https:\/\/dicodusport.fr\/blog\/wp-content\/uploads\/2020\/06\/cropped-LOGO-DICODUSPORT-2020-SANS-FOND-SANS-TEXTE.png","contentUrl":"https:\/\/dicodusport.fr\/blog\/wp-content\/uploads\/2020\/06\/cropped-LOGO-DICODUSPORT-2020-SANS-FOND-SANS-TEXTE.png","width":512,"height":512,"caption":"Dicodusport"},"image":{"@id":"https:\/\/dicodusport.fr\/blog\/#\/schema\/logo\/image\/"},"sameAs":["https:\/\/www.facebook.com\/dicodusport","https:\/\/x.com\/dicodusport","https:\/\/www.instagram.com\/dicodusport\/","https:\/\/www.youtube.com\/channel\/UC7V2KZ5sd3htJivAbA4ZG3w"],"description":"Dicodusport est l'encyclop\u00e9die de l'actualit\u00e9 sportive.","email":"bonjour@dicodusport.fr","legalName":"DICODUSPORT","foundingDate":"2018-01-14","vatID":"FR71834470973","taxID":"83447097300043","numberOfEmployees":{"@type":"QuantitativeValue","minValue":"1","maxValue":"10"}},{"@type":"Person","@id":"https:\/\/dicodusport.fr\/blog\/#\/schema\/person\/1eaa63dfac40b5e5c47f03a71920c1cd","name":"Paul Lalevee","image":{"@type":"ImageObject","inLanguage":"fr-FR","@id":"https:\/\/dicodusport.fr\/blog\/#\/schema\/person\/image\/","url":"https:\/\/dicodusport.fr\/blog\/wp-content\/uploads\/2023\/10\/291154246_1690604071293245_3118259335115946499_n-150x150.jpg","contentUrl":"https:\/\/dicodusport.fr\/blog\/wp-content\/uploads\/2023\/10\/291154246_1690604071293245_3118259335115946499_n-150x150.jpg","caption":"Paul Lalevee"},"description":"La bulle Disney pendant le Covid, le Tour 2019, la Coupe du monde 2018. Ces trois \u00e9v\u00e9nements majeurs sont ancr\u00e9s dans ma t\u00eate de fan de sport, n\u00e9gativement ou positivement. Passionn\u00e9 de sport depuis l'enfance, j'ai d\u00e9cid\u00e9 de mettre ma passion de l'\u00e9criture au service de cette premi\u00e8re passion.","url":"https:\/\/dicodusport.fr\/blog\/author\/paul-lalevee\/"}]}},"_links":{"self":[{"href":"https:\/\/dicodusport.fr\/blog\/wp-json\/wp\/v2\/posts\/525362","targetHints":{"allow":["GET"]}}],"collection":[{"href":"https:\/\/dicodusport.fr\/blog\/wp-json\/wp\/v2\/posts"}],"about":[{"href":"https:\/\/dicodusport.fr\/blog\/wp-json\/wp\/v2\/types\/post"}],"author":[{"embeddable":true,"href":"https:\/\/dicodusport.fr\/blog\/wp-json\/wp\/v2\/users\/88"}],"replies":[{"embeddable":true,"href":"https:\/\/dicodusport.fr\/blog\/wp-json\/wp\/v2\/comments?post=525362"}],"version-history":[{"count":5,"href":"https:\/\/dicodusport.fr\/blog\/wp-json\/wp\/v2\/posts\/525362\/revisions"}],"predecessor-version":[{"id":525372,"href":"https:\/\/dicodusport.fr\/blog\/wp-json\/wp\/v2\/posts\/525362\/revisions\/525372"}],"wp:featuredmedia":[{"embeddable":true,"href":"https:\/\/dicodusport.fr\/blog\/wp-json\/wp\/v2\/media\/525368"}],"wp:attachment":[{"href":"https:\/\/dicodusport.fr\/blog\/wp-json\/wp\/v2\/media?parent=525362"}],"wp:term":[{"taxonomy":"category","embeddable":true,"href":"https:\/\/dicodusport.fr\/blog\/wp-json\/wp\/v2\/categories?post=525362"},{"taxonomy":"post_tag","embeddable":true,"href":"https:\/\/dicodusport.fr\/blog\/wp-json\/wp\/v2\/tags?post=525362"}],"curies":[{"name":"wp","href":"https:\/\/api.w.org\/{rel}","templated":true}]}}