{"id":525545,"date":"2024-10-10T08:02:22","date_gmt":"2024-10-10T06:02:22","guid":{"rendered":"https:\/\/dicodusport.fr\/blog\/?p=525545&#038;preview=true&#038;preview_id=525545"},"modified":"2024-10-10T08:02:22","modified_gmt":"2024-10-10T06:02:22","slug":"tennis-richard-gasquet-un-dernier-roland-et-puis-sen-va","status":"publish","type":"post","link":"https:\/\/dicodusport.fr\/blog\/tennis-richard-gasquet-un-dernier-roland-et-puis-sen-va\/","title":{"rendered":"Tennis : Richard Gasquet, un dernier Roland et puis s&rsquo;en va"},"content":{"rendered":"<h4 style=\"text-align: justify;\"><em>TENNIS &#8211; Dans les colonnes de <a href=\"https:\/\/www.lequipe.fr\/Tennis\/Article\/Richard-gasquet-annonce-sa-fin-de-carriere-j-ai-la-chance-de-pouvoir-choisir-le-moment-ou-je-dis-stop\/1512934\">L&rsquo;\u00c9quipe<\/a>, Richard Gasquet a annonc\u00e9 \u00e0 38 ans la fin de sa carri\u00e8re au terme de la prochaine \u00e9dition de Roland-Garros.<\/em><\/h4>\n<ul>\n<li style=\"text-align: justify;\"><strong>\u00c0 voir aussi : <a href=\"https:\/\/dicodusport.fr\/blog\/actualites\/tennis\/\">Toute l&rsquo;actualit\u00e9 du tennis<\/a><\/strong><\/li>\n<\/ul>\n<p style=\"text-align: justify;\">Au cr\u00e9puscule de sa carri\u00e8re, <strong>Richard Gasquet<\/strong> s&rsquo;est lanc\u00e9 dans un long jubil\u00e9 qui le conduira jusqu&rsquo;\u00e0 l&rsquo;\u00e9dition 2025 de Roland Garros au terme de laquelle il rangera d\u00e9finitivement sa raquette. Si on peut raisonnablement penser que la d\u00e9cision est m\u00fbrie depuis longtemps, on peut \u00e9galement supposer qu&rsquo;elle a lib\u00e9r\u00e9 le joueur, en atteste <a href=\"https:\/\/dicodusport.fr\/blog\/atp-challenger-2024-richard-gasquet-remporte-a-cassis-son-premier-titre-sur-le-circuit-depuis-7-ans\/\">sa victoire le mois dernier au Challenger de Cassis<\/a>, avant m\u00eame l&rsquo;annonce officielle. Cela faisait alors un an et neuf mois que <strong>Richie<\/strong> n&rsquo;avait pas lev\u00e9 les bras sur un tournoi. La derni\u00e8re fois, c&rsquo;\u00e9tait \u00e0 Auckland \u00e0 l&rsquo;aube de la saison 2023. Il s&rsquo;agissait l\u00e0 de son seizi\u00e8me tournoi ATP remport\u00e9, autant dans la cat\u00e9gorie des ATP 250.<\/p>\n<p style=\"text-align: justify;\">En plus de ce bilan, il faut ajouter dix titres en Challenger, trois finales de Masters 1000, deux en ATP 500, trois demi-finales en Grand chelem et deux participations au Masters. Le Fran\u00e7ais aura \u00e9galement cumul\u00e9 tout au long de sa carri\u00e8re 48 finales ! Dans cette longue tourn\u00e9e d&rsquo;adieu qui le m\u00e8nera jusqu&rsquo;\u00e0 la Porte d&rsquo;Auteuil, les occasions pour saluer sa carri\u00e8re seront nombreuses. Outre les distinctions \u00e9voqu\u00e9es plus t\u00f4t, on ne peut que rappeler <strong>sa victoire avec l&rsquo;\u00e9quipe de France en Coupe Davis<\/strong> en 2017, sa <strong>m\u00e9daille de bronze olympique<\/strong> \u00e0 Londres en double avec <strong>Julien Benneteau<\/strong> ou encore le titre partag\u00e9 avec <strong>Tatiana Golovin<\/strong> sur le <strong>double mixte de Roland-Garros<\/strong>&#8230; il y a 20 ans !<\/p>\n<blockquote>\n<p style=\"text-align: justify;\">Je vous annonce que j&rsquo;arr\u00eaterai \u00e0 Roland-Garros l&rsquo;an prochain. Je pense que c&rsquo;est le meilleur moment pour moi de le faire. C&rsquo;est le meilleur tournoi pour le faire. C&rsquo;est magnifique, on a de la chance en \u00e9tant fran\u00e7ais de pouvoir arr\u00eater dans ce genre d&rsquo;endroits incroyables. Une fin, c&rsquo;est toujours compliqu\u00e9, tous les anciens grands joueurs me l&rsquo;ont souvent dit, ce n&rsquo;est pas facile de l&rsquo;annoncer. On ne sait jamais quand, comment, o\u00f9&#8230; L\u00e0, en tout cas, \u00e7a coule de source. &#8211; <em>Richard Gasquet dans L&rsquo;\u00c9quipe<\/em><\/p>\n<\/blockquote>\n<h2>Une long\u00e9vit\u00e9 ph\u00e9nom\u00e9nale<\/h2>\n<p style=\"text-align: justify;\">Peu de joueurs peuvent se vanter d&rsquo;avoir une telle long\u00e9vit\u00e9. Celui qui s&rsquo;est distingu\u00e9 \u00e0 12 ans en remportant le tournoi des \u00ab Petits As \u00bb en 1999 en battant <strong>Rafael Nadal<\/strong> en finale a fait son entr\u00e9e dans le top 20 en 2005 d\u00e8s sa troisi\u00e8me saison professionnelle. Aujourd&rsquo;hui, il demeure aux portes du top 100, apr\u00e8s l&rsquo;avoir quitt\u00e9 pour la premi\u00e8re fois depuis 2005 au mois de janvier et avoir atteint la 7e place, son meilleur classement en carri\u00e8re. Une carri\u00e8re qui l&rsquo;aura vu &#8211; jusqu&rsquo;\u00e0 pr\u00e9sent &#8211; triompher \u00e0 36 reprises contre un membre du top 10, la premi\u00e8re fois en 2005 contre <strong>Roger Federer<\/strong>, n\u00b01 mondial alors que lui n&rsquo;\u00e9tait que 101e mondial (sa seule victoire contre un n\u00b01), et la derni\u00e8re, il y a un an contre <strong>Stefanos Tsitsipas<\/strong> alors n\u00b05.<\/p>\n<p style=\"text-align: justify;\">Preuve encore de sa long\u00e9vit\u00e9 exceptionnelle au plus haut niveau, <strong>Richard Gasquet<\/strong> a figur\u00e9 \u00e0 74 reprises dans le tableau principal d&rsquo;un Grand Chelem sur 90 \u00e9ditions depuis sa premi\u00e8re apparition \u00e0 Roland-Garros 2002. Il y a quelques mois, <a href=\"https:\/\/dicodusport.fr\/blog\/richard-gasquet-jai-beaucoup-de-fierte-par-rapport-a-ma-carriere-je-le-mesure-encore-plus-aujourdhui\/\">pour Dicodusport<\/a>, il expliquait qu&rsquo;il aimerait bien retrouver le top 100. Voil\u00e0 donc l&rsquo;un de ses ultimes objectifs en carri\u00e8re. Cela lui permettrait en outre de se qualifier directement pour un dernier Open d&rsquo;Australie avant de tirer sa r\u00e9v\u00e9rence sur l&rsquo;ocre parisien dans huit mois et demi !<\/p>\n<blockquote class=\"twitter-tweet\">\n<p dir=\"ltr\" lang=\"fr\">\ud83d\udea8 \ud835\uddd5\ud835\udde5\ud835\uddd8\ud835\uddd4\ud835\uddde\ud835\udddc\ud835\udde1\ud835\uddda ! VIA <a href=\"https:\/\/twitter.com\/lequipe?ref_src=twsrc%5Etfw\">@lequipe<\/a>, RICHARD GASQUET ANNONCE SA RETRAITE POUR ROLAND-GARROS 2025. \ud83d\udc4b\ud83c\uddeb\ud83c\uddf7<\/p>\n<p>En 2007, Le Fran\u00e7ais atteignait son meilleur classement \u00e0 la 7e position.<\/p>\n<p>\u00ab Ritchie \u00bb a remport\u00e9 16 titres ATP et pass\u00e9 956 semaines cons\u00e9cutives dans le TOP 100. \ud83e\udd79 <a href=\"https:\/\/t.co\/CRDS30WTTO\">pic.twitter.com\/CRDS30WTTO<\/a><\/p>\n<p>\u2014 Univers Tennis \ud83c\udfbe (@UniversTennis) <a href=\"https:\/\/twitter.com\/UniversTennis\/status\/1844146765043466507?ref_src=twsrc%5Etfw\">October 9, 2024<\/a><\/p><\/blockquote>\n<p><script async src=\"https:\/\/platform.twitter.com\/widgets.js\" charset=\"utf-8\"><\/script><\/p>\n","protected":false},"excerpt":{"rendered":"<p>Richard Gasquet, un dernier Roland et puis s&rsquo;en va<\/p>\n","protected":false},"author":91,"featured_media":525552,"comment_status":"open","ping_status":"closed","sticky":false,"template":"","format":"standard","meta":{"_acf_changed":false,"_daextam_enable_autolinks":"1","footnotes":""},"categories":[2302],"tags":[16878,2542,24,136],"class_list":["post-525545","post","type-post","status-publish","format-standard","has-post-thumbnail","hentry","category-tennis","tag-breve","tag-richard-gasquet","tag-sport","tag-tennis"],"acf":[],"yoast_head":"<!-- This site is optimized with the Yoast SEO Premium plugin v26.7 (Yoast SEO v26.7) - https:\/\/yoast.com\/wordpress\/plugins\/seo\/ -->\n<title>Tennis : Richard Gasquet, un dernier Roland et puis s&#039;en va<\/title>\n<meta name=\"description\" content=\"TENNIS - Dans les colonnes de L&#039;\u00c9quipe, Richard Gasquet a annonc\u00e9 \u00e0 38 ans la fin de sa carri\u00e8re au terme de la prochaine \u00e9dition de Roland-Garros.\" \/>\n<meta name=\"robots\" content=\"index, follow, max-snippet:-1, max-image-preview:large, max-video-preview:-1\" \/>\n<link rel=\"canonical\" href=\"https:\/\/dicodusport.fr\/blog\/tennis-richard-gasquet-un-dernier-roland-et-puis-sen-va\/\" \/>\n<meta property=\"og:locale\" content=\"fr_FR\" \/>\n<meta property=\"og:type\" content=\"article\" \/>\n<meta property=\"og:title\" content=\"Tennis : Richard Gasquet, un dernier Roland et puis s&#039;en va\" \/>\n<meta property=\"og:description\" content=\"TENNIS - Dans les colonnes de L&#039;\u00c9quipe, Richard Gasquet a annonc\u00e9 \u00e0 38 ans la fin de sa carri\u00e8re au terme de la prochaine \u00e9dition de Roland-Garros.\" \/>\n<meta property=\"og:url\" content=\"https:\/\/dicodusport.fr\/blog\/tennis-richard-gasquet-un-dernier-roland-et-puis-sen-va\/\" \/>\n<meta property=\"og:site_name\" content=\"Dicodusport\" \/>\n<meta property=\"article:publisher\" content=\"https:\/\/www.facebook.com\/dicodusport\" \/>\n<meta property=\"article:published_time\" content=\"2024-10-10T06:02:22+00:00\" \/>\n<meta property=\"og:image\" content=\"https:\/\/dicodusport.fr\/blog\/wp-content\/uploads\/2024\/10\/Tennis-Richard-Gasquet-un-dernier-Roland-et-puis-sen-va.png\" \/>\n\t<meta property=\"og:image:width\" content=\"1200\" \/>\n\t<meta property=\"og:image:height\" content=\"674\" \/>\n\t<meta property=\"og:image:type\" content=\"image\/png\" \/>\n<meta name=\"author\" content=\"Victor Clot-Amiot\" \/>\n<meta name=\"twitter:card\" content=\"summary_large_image\" \/>\n<meta name=\"twitter:title\" content=\"Tennis : Richard Gasquet, un dernier Roland et puis s&#039;en va\" \/>\n<meta name=\"twitter:creator\" content=\"@https:\/\/x.com\/VictorClotAmiot\" \/>\n<meta name=\"twitter:site\" content=\"@dicodusport\" \/>\n<script type=\"application\/ld+json\" class=\"yoast-schema-graph\">{\"@context\":\"https:\/\/schema.org\",\"@graph\":[{\"@type\":\"NewsArticle\",\"@id\":\"https:\/\/dicodusport.fr\/blog\/tennis-richard-gasquet-un-dernier-roland-et-puis-sen-va\/#article\",\"isPartOf\":{\"@id\":\"https:\/\/dicodusport.fr\/blog\/tennis-richard-gasquet-un-dernier-roland-et-puis-sen-va\/\"},\"author\":{\"name\":\"Victor Clot-Amiot\",\"@id\":\"https:\/\/dicodusport.fr\/blog\/#\/schema\/person\/b623199cba9ba90fe84a3d16e9282360\"},\"headline\":\"Tennis : Richard Gasquet, un dernier Roland et puis s&rsquo;en va\",\"datePublished\":\"2024-10-10T06:02:22+00:00\",\"mainEntityOfPage\":{\"@id\":\"https:\/\/dicodusport.fr\/blog\/tennis-richard-gasquet-un-dernier-roland-et-puis-sen-va\/\"},\"wordCount\":670,\"commentCount\":0,\"publisher\":{\"@id\":\"https:\/\/dicodusport.fr\/blog\/#organization\"},\"image\":{\"@id\":\"https:\/\/dicodusport.fr\/blog\/tennis-richard-gasquet-un-dernier-roland-et-puis-sen-va\/#primaryimage\"},\"thumbnailUrl\":\"https:\/\/dicodusport.fr\/blog\/wp-content\/uploads\/2024\/10\/Tennis-Richard-Gasquet-un-dernier-Roland-et-puis-sen-va.png\",\"keywords\":[\"br\u00e8ve\",\"Richard Gasquet\",\"sport\",\"Tennis\"],\"articleSection\":[\"Tennis\"],\"inLanguage\":\"fr-FR\",\"potentialAction\":[{\"@type\":\"CommentAction\",\"name\":\"Comment\",\"target\":[\"https:\/\/dicodusport.fr\/blog\/tennis-richard-gasquet-un-dernier-roland-et-puis-sen-va\/#respond\"]}],\"copyrightYear\":\"2024\",\"copyrightHolder\":{\"@id\":\"https:\/\/dicodusport.fr\/blog\/#organization\"}},{\"@type\":\"WebPage\",\"@id\":\"https:\/\/dicodusport.fr\/blog\/tennis-richard-gasquet-un-dernier-roland-et-puis-sen-va\/\",\"url\":\"https:\/\/dicodusport.fr\/blog\/tennis-richard-gasquet-un-dernier-roland-et-puis-sen-va\/\",\"name\":\"Tennis : Richard Gasquet, un dernier Roland et puis s'en va\",\"isPartOf\":{\"@id\":\"https:\/\/dicodusport.fr\/blog\/#website\"},\"primaryImageOfPage\":{\"@id\":\"https:\/\/dicodusport.fr\/blog\/tennis-richard-gasquet-un-dernier-roland-et-puis-sen-va\/#primaryimage\"},\"image\":{\"@id\":\"https:\/\/dicodusport.fr\/blog\/tennis-richard-gasquet-un-dernier-roland-et-puis-sen-va\/#primaryimage\"},\"thumbnailUrl\":\"https:\/\/dicodusport.fr\/blog\/wp-content\/uploads\/2024\/10\/Tennis-Richard-Gasquet-un-dernier-Roland-et-puis-sen-va.png\",\"datePublished\":\"2024-10-10T06:02:22+00:00\",\"description\":\"TENNIS - Dans les colonnes de L'\u00c9quipe, Richard Gasquet a annonc\u00e9 \u00e0 38 ans la fin de sa carri\u00e8re au terme de la prochaine \u00e9dition de Roland-Garros.\",\"breadcrumb\":{\"@id\":\"https:\/\/dicodusport.fr\/blog\/tennis-richard-gasquet-un-dernier-roland-et-puis-sen-va\/#breadcrumb\"},\"inLanguage\":\"fr-FR\",\"potentialAction\":[{\"@type\":\"ReadAction\",\"target\":[\"https:\/\/dicodusport.fr\/blog\/tennis-richard-gasquet-un-dernier-roland-et-puis-sen-va\/\"]}]},{\"@type\":\"ImageObject\",\"inLanguage\":\"fr-FR\",\"@id\":\"https:\/\/dicodusport.fr\/blog\/tennis-richard-gasquet-un-dernier-roland-et-puis-sen-va\/#primaryimage\",\"url\":\"https:\/\/dicodusport.fr\/blog\/wp-content\/uploads\/2024\/10\/Tennis-Richard-Gasquet-un-dernier-Roland-et-puis-sen-va.png\",\"contentUrl\":\"https:\/\/dicodusport.fr\/blog\/wp-content\/uploads\/2024\/10\/Tennis-Richard-Gasquet-un-dernier-Roland-et-puis-sen-va.png\",\"width\":1200,\"height\":674,\"caption\":\"Tennis Richard Gasquet, un dernier Roland et puis s'en va\"},{\"@type\":\"BreadcrumbList\",\"@id\":\"https:\/\/dicodusport.fr\/blog\/tennis-richard-gasquet-un-dernier-roland-et-puis-sen-va\/#breadcrumb\",\"itemListElement\":[{\"@type\":\"ListItem\",\"position\":1,\"name\":\"Accueil\",\"item\":\"https:\/\/dicodusport.fr\/blog\/\"},{\"@type\":\"ListItem\",\"position\":2,\"name\":\"Tennis : Richard Gasquet, un dernier Roland et puis s&#8217;en va\"}]},{\"@type\":\"WebSite\",\"@id\":\"https:\/\/dicodusport.fr\/blog\/#website\",\"url\":\"https:\/\/dicodusport.fr\/blog\/\",\"name\":\"Dicodusport\",\"description\":\"L&#039;encyclop\u00e9die de l&#039;actualit\u00e9 sportive\",\"publisher\":{\"@id\":\"https:\/\/dicodusport.fr\/blog\/#organization\"},\"potentialAction\":[{\"@type\":\"SearchAction\",\"target\":{\"@type\":\"EntryPoint\",\"urlTemplate\":\"https:\/\/dicodusport.fr\/blog\/?s={search_term_string}\"},\"query-input\":{\"@type\":\"PropertyValueSpecification\",\"valueRequired\":true,\"valueName\":\"search_term_string\"}}],\"inLanguage\":\"fr-FR\"},{\"@type\":\"NewsMediaOrganization\",\"@id\":\"https:\/\/dicodusport.fr\/blog\/#organization\",\"name\":\"Dicodusport\",\"url\":\"https:\/\/dicodusport.fr\/blog\/\",\"logo\":{\"@type\":\"ImageObject\",\"inLanguage\":\"fr-FR\",\"@id\":\"https:\/\/dicodusport.fr\/blog\/#\/schema\/logo\/image\/\",\"url\":\"https:\/\/dicodusport.fr\/blog\/wp-content\/uploads\/2020\/06\/cropped-LOGO-DICODUSPORT-2020-SANS-FOND-SANS-TEXTE.png\",\"contentUrl\":\"https:\/\/dicodusport.fr\/blog\/wp-content\/uploads\/2020\/06\/cropped-LOGO-DICODUSPORT-2020-SANS-FOND-SANS-TEXTE.png\",\"width\":512,\"height\":512,\"caption\":\"Dicodusport\"},\"image\":{\"@id\":\"https:\/\/dicodusport.fr\/blog\/#\/schema\/logo\/image\/\"},\"sameAs\":[\"https:\/\/www.facebook.com\/dicodusport\",\"https:\/\/x.com\/dicodusport\",\"https:\/\/www.instagram.com\/dicodusport\/\",\"https:\/\/www.youtube.com\/channel\/UC7V2KZ5sd3htJivAbA4ZG3w\"],\"description\":\"Dicodusport est l'encyclop\u00e9die de l'actualit\u00e9 sportive.\",\"email\":\"bonjour@dicodusport.fr\",\"legalName\":\"DICODUSPORT\",\"foundingDate\":\"2018-01-14\",\"vatID\":\"FR71834470973\",\"taxID\":\"83447097300043\",\"numberOfEmployees\":{\"@type\":\"QuantitativeValue\",\"minValue\":\"1\",\"maxValue\":\"10\"}},{\"@type\":\"Person\",\"@id\":\"https:\/\/dicodusport.fr\/blog\/#\/schema\/person\/b623199cba9ba90fe84a3d16e9282360\",\"name\":\"Victor Clot-Amiot\",\"image\":{\"@type\":\"ImageObject\",\"inLanguage\":\"fr-FR\",\"@id\":\"https:\/\/dicodusport.fr\/blog\/#\/schema\/person\/image\/\",\"url\":\"https:\/\/dicodusport.fr\/blog\/wp-content\/uploads\/2023\/09\/IMG_20190826_114722-150x150.jpg\",\"contentUrl\":\"https:\/\/dicodusport.fr\/blog\/wp-content\/uploads\/2023\/09\/IMG_20190826_114722-150x150.jpg\",\"caption\":\"Victor Clot-Amiot\"},\"description\":\"Passionn\u00e9 de sport depuis toujours, un jour \u00e0 l'adolescence mes parents m'ont dit : \\\"quitte \u00e0 passer ton temps \u00e0 regarder du sport, au moins va le voir en vrai\\\" ! Depuis, cette remarque ne m'a plus quitt\u00e9 et je passe une grande partie de mon temps libre \u00e0 assister \u00e0 des comp\u00e9titions de tous sports. Je m\u00eale d'ailleurs mes deux passions, le sport et les voyages afin de faire une pierre deux coups ! Outre l'US Open ou l'Euro 2021 par exemple, j'ai assist\u00e9 cet \u00e9t\u00e9 aux Mondiaux d'athl\u00e9tisme \u00e0 Budapest. Mon plus gros coup dur est et restera les JO 2020-2021 pour lesquels j'avais r\u00e9serv\u00e9 17 \u00e9preuves. La suite, vous la connaissez...\",\"sameAs\":[\"https:\/\/x.com\/https:\/\/x.com\/VictorClotAmiot\"],\"url\":\"https:\/\/dicodusport.fr\/blog\/author\/victor-clot-amiot\/\"}]}<\/script>\n<!-- \/ Yoast SEO Premium plugin. -->","yoast_head_json":{"title":"Tennis : Richard Gasquet, un dernier Roland et puis s'en va","description":"TENNIS - Dans les colonnes de L'\u00c9quipe, Richard Gasquet a annonc\u00e9 \u00e0 38 ans la fin de sa carri\u00e8re au terme de la prochaine \u00e9dition de Roland-Garros.","robots":{"index":"index","follow":"follow","max-snippet":"max-snippet:-1","max-image-preview":"max-image-preview:large","max-video-preview":"max-video-preview:-1"},"canonical":"https:\/\/dicodusport.fr\/blog\/tennis-richard-gasquet-un-dernier-roland-et-puis-sen-va\/","og_locale":"fr_FR","og_type":"article","og_title":"Tennis : Richard Gasquet, un dernier Roland et puis s'en va","og_description":"TENNIS - Dans les colonnes de L'\u00c9quipe, Richard Gasquet a annonc\u00e9 \u00e0 38 ans la fin de sa carri\u00e8re au terme de la prochaine \u00e9dition de Roland-Garros.","og_url":"https:\/\/dicodusport.fr\/blog\/tennis-richard-gasquet-un-dernier-roland-et-puis-sen-va\/","og_site_name":"Dicodusport","article_publisher":"https:\/\/www.facebook.com\/dicodusport","article_published_time":"2024-10-10T06:02:22+00:00","og_image":[{"width":1200,"height":674,"url":"https:\/\/dicodusport.fr\/blog\/wp-content\/uploads\/2024\/10\/Tennis-Richard-Gasquet-un-dernier-Roland-et-puis-sen-va.png","type":"image\/png"}],"author":"Victor Clot-Amiot","twitter_card":"summary_large_image","twitter_title":"Tennis : Richard Gasquet, un dernier Roland et puis s'en va","twitter_creator":"@https:\/\/x.com\/VictorClotAmiot","twitter_site":"@dicodusport","schema":{"@context":"https:\/\/schema.org","@graph":[{"@type":"NewsArticle","@id":"https:\/\/dicodusport.fr\/blog\/tennis-richard-gasquet-un-dernier-roland-et-puis-sen-va\/#article","isPartOf":{"@id":"https:\/\/dicodusport.fr\/blog\/tennis-richard-gasquet-un-dernier-roland-et-puis-sen-va\/"},"author":{"name":"Victor Clot-Amiot","@id":"https:\/\/dicodusport.fr\/blog\/#\/schema\/person\/b623199cba9ba90fe84a3d16e9282360"},"headline":"Tennis : Richard Gasquet, un dernier Roland et puis s&rsquo;en va","datePublished":"2024-10-10T06:02:22+00:00","mainEntityOfPage":{"@id":"https:\/\/dicodusport.fr\/blog\/tennis-richard-gasquet-un-dernier-roland-et-puis-sen-va\/"},"wordCount":670,"commentCount":0,"publisher":{"@id":"https:\/\/dicodusport.fr\/blog\/#organization"},"image":{"@id":"https:\/\/dicodusport.fr\/blog\/tennis-richard-gasquet-un-dernier-roland-et-puis-sen-va\/#primaryimage"},"thumbnailUrl":"https:\/\/dicodusport.fr\/blog\/wp-content\/uploads\/2024\/10\/Tennis-Richard-Gasquet-un-dernier-Roland-et-puis-sen-va.png","keywords":["br\u00e8ve","Richard Gasquet","sport","Tennis"],"articleSection":["Tennis"],"inLanguage":"fr-FR","potentialAction":[{"@type":"CommentAction","name":"Comment","target":["https:\/\/dicodusport.fr\/blog\/tennis-richard-gasquet-un-dernier-roland-et-puis-sen-va\/#respond"]}],"copyrightYear":"2024","copyrightHolder":{"@id":"https:\/\/dicodusport.fr\/blog\/#organization"}},{"@type":"WebPage","@id":"https:\/\/dicodusport.fr\/blog\/tennis-richard-gasquet-un-dernier-roland-et-puis-sen-va\/","url":"https:\/\/dicodusport.fr\/blog\/tennis-richard-gasquet-un-dernier-roland-et-puis-sen-va\/","name":"Tennis : Richard Gasquet, un dernier Roland et puis s'en va","isPartOf":{"@id":"https:\/\/dicodusport.fr\/blog\/#website"},"primaryImageOfPage":{"@id":"https:\/\/dicodusport.fr\/blog\/tennis-richard-gasquet-un-dernier-roland-et-puis-sen-va\/#primaryimage"},"image":{"@id":"https:\/\/dicodusport.fr\/blog\/tennis-richard-gasquet-un-dernier-roland-et-puis-sen-va\/#primaryimage"},"thumbnailUrl":"https:\/\/dicodusport.fr\/blog\/wp-content\/uploads\/2024\/10\/Tennis-Richard-Gasquet-un-dernier-Roland-et-puis-sen-va.png","datePublished":"2024-10-10T06:02:22+00:00","description":"TENNIS - Dans les colonnes de L'\u00c9quipe, Richard Gasquet a annonc\u00e9 \u00e0 38 ans la fin de sa carri\u00e8re au terme de la prochaine \u00e9dition de Roland-Garros.","breadcrumb":{"@id":"https:\/\/dicodusport.fr\/blog\/tennis-richard-gasquet-un-dernier-roland-et-puis-sen-va\/#breadcrumb"},"inLanguage":"fr-FR","potentialAction":[{"@type":"ReadAction","target":["https:\/\/dicodusport.fr\/blog\/tennis-richard-gasquet-un-dernier-roland-et-puis-sen-va\/"]}]},{"@type":"ImageObject","inLanguage":"fr-FR","@id":"https:\/\/dicodusport.fr\/blog\/tennis-richard-gasquet-un-dernier-roland-et-puis-sen-va\/#primaryimage","url":"https:\/\/dicodusport.fr\/blog\/wp-content\/uploads\/2024\/10\/Tennis-Richard-Gasquet-un-dernier-Roland-et-puis-sen-va.png","contentUrl":"https:\/\/dicodusport.fr\/blog\/wp-content\/uploads\/2024\/10\/Tennis-Richard-Gasquet-un-dernier-Roland-et-puis-sen-va.png","width":1200,"height":674,"caption":"Tennis Richard Gasquet, un dernier Roland et puis s'en va"},{"@type":"BreadcrumbList","@id":"https:\/\/dicodusport.fr\/blog\/tennis-richard-gasquet-un-dernier-roland-et-puis-sen-va\/#breadcrumb","itemListElement":[{"@type":"ListItem","position":1,"name":"Accueil","item":"https:\/\/dicodusport.fr\/blog\/"},{"@type":"ListItem","position":2,"name":"Tennis : Richard Gasquet, un dernier Roland et puis s&#8217;en va"}]},{"@type":"WebSite","@id":"https:\/\/dicodusport.fr\/blog\/#website","url":"https:\/\/dicodusport.fr\/blog\/","name":"Dicodusport","description":"L&#039;encyclop\u00e9die de l&#039;actualit\u00e9 sportive","publisher":{"@id":"https:\/\/dicodusport.fr\/blog\/#organization"},"potentialAction":[{"@type":"SearchAction","target":{"@type":"EntryPoint","urlTemplate":"https:\/\/dicodusport.fr\/blog\/?s={search_term_string}"},"query-input":{"@type":"PropertyValueSpecification","valueRequired":true,"valueName":"search_term_string"}}],"inLanguage":"fr-FR"},{"@type":"NewsMediaOrganization","@id":"https:\/\/dicodusport.fr\/blog\/#organization","name":"Dicodusport","url":"https:\/\/dicodusport.fr\/blog\/","logo":{"@type":"ImageObject","inLanguage":"fr-FR","@id":"https:\/\/dicodusport.fr\/blog\/#\/schema\/logo\/image\/","url":"https:\/\/dicodusport.fr\/blog\/wp-content\/uploads\/2020\/06\/cropped-LOGO-DICODUSPORT-2020-SANS-FOND-SANS-TEXTE.png","contentUrl":"https:\/\/dicodusport.fr\/blog\/wp-content\/uploads\/2020\/06\/cropped-LOGO-DICODUSPORT-2020-SANS-FOND-SANS-TEXTE.png","width":512,"height":512,"caption":"Dicodusport"},"image":{"@id":"https:\/\/dicodusport.fr\/blog\/#\/schema\/logo\/image\/"},"sameAs":["https:\/\/www.facebook.com\/dicodusport","https:\/\/x.com\/dicodusport","https:\/\/www.instagram.com\/dicodusport\/","https:\/\/www.youtube.com\/channel\/UC7V2KZ5sd3htJivAbA4ZG3w"],"description":"Dicodusport est l'encyclop\u00e9die de l'actualit\u00e9 sportive.","email":"bonjour@dicodusport.fr","legalName":"DICODUSPORT","foundingDate":"2018-01-14","vatID":"FR71834470973","taxID":"83447097300043","numberOfEmployees":{"@type":"QuantitativeValue","minValue":"1","maxValue":"10"}},{"@type":"Person","@id":"https:\/\/dicodusport.fr\/blog\/#\/schema\/person\/b623199cba9ba90fe84a3d16e9282360","name":"Victor Clot-Amiot","image":{"@type":"ImageObject","inLanguage":"fr-FR","@id":"https:\/\/dicodusport.fr\/blog\/#\/schema\/person\/image\/","url":"https:\/\/dicodusport.fr\/blog\/wp-content\/uploads\/2023\/09\/IMG_20190826_114722-150x150.jpg","contentUrl":"https:\/\/dicodusport.fr\/blog\/wp-content\/uploads\/2023\/09\/IMG_20190826_114722-150x150.jpg","caption":"Victor Clot-Amiot"},"description":"Passionn\u00e9 de sport depuis toujours, un jour \u00e0 l'adolescence mes parents m'ont dit : \"quitte \u00e0 passer ton temps \u00e0 regarder du sport, au moins va le voir en vrai\" ! Depuis, cette remarque ne m'a plus quitt\u00e9 et je passe une grande partie de mon temps libre \u00e0 assister \u00e0 des comp\u00e9titions de tous sports. Je m\u00eale d'ailleurs mes deux passions, le sport et les voyages afin de faire une pierre deux coups ! Outre l'US Open ou l'Euro 2021 par exemple, j'ai assist\u00e9 cet \u00e9t\u00e9 aux Mondiaux d'athl\u00e9tisme \u00e0 Budapest. Mon plus gros coup dur est et restera les JO 2020-2021 pour lesquels j'avais r\u00e9serv\u00e9 17 \u00e9preuves. La suite, vous la connaissez...","sameAs":["https:\/\/x.com\/https:\/\/x.com\/VictorClotAmiot"],"url":"https:\/\/dicodusport.fr\/blog\/author\/victor-clot-amiot\/"}]}},"_links":{"self":[{"href":"https:\/\/dicodusport.fr\/blog\/wp-json\/wp\/v2\/posts\/525545","targetHints":{"allow":["GET"]}}],"collection":[{"href":"https:\/\/dicodusport.fr\/blog\/wp-json\/wp\/v2\/posts"}],"about":[{"href":"https:\/\/dicodusport.fr\/blog\/wp-json\/wp\/v2\/types\/post"}],"author":[{"embeddable":true,"href":"https:\/\/dicodusport.fr\/blog\/wp-json\/wp\/v2\/users\/91"}],"replies":[{"embeddable":true,"href":"https:\/\/dicodusport.fr\/blog\/wp-json\/wp\/v2\/comments?post=525545"}],"version-history":[{"count":4,"href":"https:\/\/dicodusport.fr\/blog\/wp-json\/wp\/v2\/posts\/525545\/revisions"}],"predecessor-version":[{"id":525603,"href":"https:\/\/dicodusport.fr\/blog\/wp-json\/wp\/v2\/posts\/525545\/revisions\/525603"}],"wp:featuredmedia":[{"embeddable":true,"href":"https:\/\/dicodusport.fr\/blog\/wp-json\/wp\/v2\/media\/525552"}],"wp:attachment":[{"href":"https:\/\/dicodusport.fr\/blog\/wp-json\/wp\/v2\/media?parent=525545"}],"wp:term":[{"taxonomy":"category","embeddable":true,"href":"https:\/\/dicodusport.fr\/blog\/wp-json\/wp\/v2\/categories?post=525545"},{"taxonomy":"post_tag","embeddable":true,"href":"https:\/\/dicodusport.fr\/blog\/wp-json\/wp\/v2\/tags?post=525545"}],"curies":[{"name":"wp","href":"https:\/\/api.w.org\/{rel}","templated":true}]}}